{"id":1200,"date":"2020-02-05T00:00:00","date_gmt":"2020-02-05T00:00:00","guid":{"rendered":"https:\/\/ecodef-ihedn.fr\/representations-de-la-defense-et-son-budget-chez-les-jeunes\/"},"modified":"2020-05-27T14:32:18","modified_gmt":"2020-05-27T14:32:18","slug":"representations-de-la-defense-et-son-budget-chez-les-jeunes","status":"publish","type":"post","link":"https:\/\/ecodef-ihedn.fr\/en\/representations-de-la-defense-et-son-budget-chez-les-jeunes\/","title":{"rendered":"Young people's perceptions of defence and its budget"},"content":{"rendered":"\n<p class=\"has-text-align-center\"><strong>Elisa Darriet<\/strong>, Chercheuse \u00e0 la Chaire<\/p>\n\n\n\n<p class=\"has-text-align-center has-text-align-left has-small-font-size\"><em><br>Elisa Darriet a \u00e9t\u00e9 recrut\u00e9e au sein de la Chaire \u00c9conomie de d\u00e9fense de f\u00e9vrier 2018 \u00e0 aout 2019.<\/em> <em><br>Elle est depuis maitre de conf\u00e9rences au CNAM et rattach\u00e9e au laboratoire LIRSA.<\/em> <\/p>\n\n\n\n<h2 class=\"wp-block-heading\">Introduction<\/h2>\n\n\n\n<p>Cette \u00e9tude analyse la<strong>&nbsp;repr\u00e9sentation sociale de la d\u00e9fense<\/strong>&nbsp;et sa relation avec les allocations budg\u00e9taires des activit\u00e9s de d\u00e9fense chez les \u00e9tudiants. L\u2019auteure utilise un&nbsp;<strong>questionnaire<\/strong>&nbsp;afin de&nbsp;<strong>collecter les donn\u00e9es<\/strong>.<\/p>\n\n\n\n<p>Les r\u00e9sultats montrent\nque la repr\u00e9sentation sociale de la d\u00e9fense se structure autour des notions :\n\u00ab&nbsp;<strong>d\u2019arm\u00e9e<\/strong>&nbsp;\u00bb, de \u00ab&nbsp;<strong>protection<\/strong>&nbsp;\u00bb et\nde&nbsp;\u00ab&nbsp;<strong>s\u00e9curit\u00e9<\/strong>&nbsp;\u00bb. Ces notions font directement r\u00e9f\u00e9rence \u00e0\nla finalit\u00e9 des arm\u00e9es (cf. Ordonnance n\u00b059-147, janv. 1959). De plus, dans le\ncadre d\u2019une \u00e9ventuelle augmentation du budget de la d\u00e9fense, les \u00e9tudiants\nfavoriseraient, en priorit\u00e9, le poste budg\u00e9taire concernant l\u2019<strong>innovation de\nd\u00e9fense<\/strong>&nbsp;(ayant des retomb\u00e9es civiles) \u00e0 d\u00e9faut de celui des op\u00e9rations\next\u00e9rieures et de la dissuasion nucl\u00e9aire (qui sont, pourtant, au centre de la\nstrat\u00e9gie de d\u00e9fense de la France selon le&nbsp;<em>Livre blanc<\/em>&nbsp;de 2013\net la&nbsp;<em>Revue strat\u00e9gique<\/em>&nbsp;de 2017).<\/p>\n\n\n\n<p>Cette \u00e9tude apporte\ndes&nbsp;<strong>\u00e9l\u00e9ments nouveaux<\/strong>&nbsp;sur l\u2019analyse des&nbsp;<strong>relations\nentre opinions citoyennes<\/strong>&nbsp;(repr\u00e9sentations) de la d\u00e9fense et s<strong>outien\nbudg\u00e9taire<\/strong>. Opinions citoyennes qui pourraient s\u2019av\u00e9rer \u00eatre une force non\nn\u00e9gligeable de soutien dans la construction d\u2019une&nbsp;<strong>Europe de la d\u00e9fense<\/strong>.<\/p>\n\n\n\n<h2 class=\"wp-block-heading\">\u00c9tude<\/h2>\n\n\n\n<p>Cette \u00e9tude s\u2019inscrit, d\u2019une part, dans un <strong>contexte\npolitique<\/strong> de r\u00e9duction des d\u00e9ficits publics, et dans un <strong>contexte au\nniveau international<\/strong>, d\u2019une volont\u00e9 d\u2019augmenter la contribution du budget de\nd\u00e9fense des pays de l\u2019Organisation du Trait\u00e9 de l\u2019Atlantique Nord \u00e0 hauteur de\n2% du Produit Int\u00e9rieur Brut&nbsp;(PIB) ; d\u2019autre part dans un contexte social\nsingulier&nbsp;: les attaques terroristes de 2015 ont eu un impact majeur sur\nl&rsquo;opinion publique fran\u00e7aise. <\/p>\n\n\n\n<p>Dans\nces contextes socio-\u00e9conomiques sp\u00e9cifiques, il nous semble int\u00e9ressant\nd\u2019analyser la <strong>repr\u00e9sentation sociale de la d\u00e9fense<\/strong> et sa relation avec\nles activit\u00e9s de d\u00e9fense au travers des <strong>allocations budg\u00e9taires<\/strong> (<em>e.g.<\/em> op\u00e9rations ext\u00e9rieures &#8211; OPEX). Plus\npr\u00e9cis\u00e9ment, compte tenu de l\u2019importance des enjeux de recrutement des arm\u00e9es\naupr\u00e8s des jeunes, nous centrons notre analyse sur la repr\u00e9sentation de la d\u00e9fense\nchez les \u00e9tudiants. Cette recherche permet d\u2019ouvrir de <strong>nouvelles\nperspectives<\/strong> dans l\u2019analyse de <strong>l\u2019opinion publique<\/strong> de la d\u00e9fense.<\/p>\n\n\n\n<p><strong>El\u00e9ments th\u00e9oriques\net d\u00e9marche m\u00e9thodologique<\/strong><\/p>\n\n\n\n<p>Nous faisons r\u00e9f\u00e9rence, en termes m\u00e9thodologiques, \u00e0 la <strong>th\u00e9orie des repr\u00e9sentations sociales<\/strong>. En tant que savoir social, les repr\u00e9sentations sociales servent de base \u00e0 <strong>l\u2019interpr\u00e9tation de la r\u00e9alit\u00e9<\/strong> tout en servant de <strong>guide pour l\u2019action<\/strong>. Afin de saisir l&rsquo;organisation interne des \u00e9l\u00e9ments constitutifs de la repr\u00e9sentation sociale de la d\u00e9fense nous utilisons la m\u00e9thodologie de Verg\u00e8s (1994) bas\u00e9e sur <strong>l&rsquo;hypoth\u00e8se du noyau central <\/strong><a href=\"https:\/\/economie-defense.fr\/representations-de-la-defense-et-son-budget-chez-les-jeunes\/?preview_id=7445&amp;preview_nonce=e01cd2f4fe&amp;preview=true#_ftnref1\">[1]<\/a>. <\/p>\n\n\n\n<p>Le\ncontenu de la repr\u00e9sentation sociale de la d\u00e9fense a \u00e9t\u00e9 collect\u00e9 via une t\u00e2che\nd&rsquo;association libre. Les participants \u00e0 l\u2019\u00e9tude que nous avons men\u00e9e ont \u00e9t\u00e9\ninvit\u00e9s \u00e0 fournir cinq mots qui leur venaient spontan\u00e9ment \u00e0 l&rsquo;esprit\nlorsqu&rsquo;ils lisaient le mot cible \u00ab<em>&nbsp;d\u00e9fense<\/em>&nbsp;\u00bb.\nLa deuxi\u00e8me \u00e9tape est une phase de structuration hi\u00e9rarchique. Il est demand\u00e9 \u00e0\nchaque participant de classer ses propres r\u00e9ponses en fonction de l&rsquo;importance attach\u00e9e\n\u00e0 chaque terme (rang 1, rang le plus important&nbsp;; rang 5, rang le moins\nimportant). Cette t\u00e2che est compl\u00e9t\u00e9e par un questionnaire sur le budget de la\nd\u00e9fense et d\u2019un questionnaire socio-d\u00e9mographique. <\/p>\n\n\n\n<h2 class=\"wp-block-heading\">Analyses et r\u00e9sultats<\/h2>\n\n\n\n<p>Nous avons utilis\u00e9 un questionnaire d&rsquo;enqu\u00eate en ligne. Les donn\u00e9es ont \u00e9t\u00e9 collect\u00e9es entre mars et mai 2018 en France. 196 \u00e9tudiants ont r\u00e9pondu \u00e0 l\u2019\u00e9tude, nous retenons uniquement 108 r\u00e9ponses compl\u00e8tes <a href=\"#_ftnref2\">[2]<\/a>.<\/p>\n\n\n\n<p>Sur la base des mots collect\u00e9s, une analyse prototypique a \u00e9t\u00e9 r\u00e9alis\u00e9e afin de d\u00e9terminer le contenu et la structure de la repr\u00e9sentation sociale. Nous avons recoup\u00e9 la fr\u00e9quence d&rsquo;apparition avec le rang d&rsquo;importance moyen de chaque mot afin d&rsquo;obtenir l&rsquo;organisation de la repr\u00e9sentation en termes de noyau central et de zones p\u00e9riph\u00e9riques. Une distribution binomiale est utilis\u00e9e pour s\u00e9lectionner les mots produits par un nombre suffisant de participants pour \u00eatre statistiquement significatifs. Cela implique que ces termes dans la repr\u00e9sentation sociale ne peuvent pas \u00eatre associ\u00e9s au hasard <a href=\"#_ftn3\">[3]<\/a>. <\/p>\n\n\n\n<p>Pour\nfaciliter l&rsquo;illustration, un tableau \u00e0 quatre cases est cr\u00e9\u00e9. <br><\/p>\n\n\n\n<figure class=\"wp-block-image size-large\"><img decoding=\"async\" src=\"https:\/\/ecodef-ihedn.fr\/wp-content\/uploads\/2020\/04\/figure-1-1024x753.png\" alt=\"\" class=\"wp-image-7497\"\/><\/figure>\n\n\n\n<p style=\"font-size:11px\"><span style=\"color: #1e1e1e\"><strong>Figure 1 : <\/strong>Analyse prototypique r\u00e9alis\u00e9e autour du mot \u00ab D\u00e9fense \u00bb <br><em><strong>Note <\/strong><\/em>: Le premier quadrant comprend les \u00e9l\u00e9ments ayant une fr\u00e9quence \u00e9lev\u00e9e et un rang d&rsquo;apparence moyen faible : c&rsquo;est le noyau central. La deuxi\u00e8me case (rang \u00e9lev\u00e9 et haute fr\u00e9quence) contient la premi\u00e8re p\u00e9riph\u00e9rie. L&rsquo;encadr\u00e9 trois (rang \u00e9lev\u00e9 et basse fr\u00e9quence) est compos\u00e9 d&rsquo;\u00e9l\u00e9ments contrastants. Enfin, le quatri\u00e8me quadrant (basse fr\u00e9quence, bas rang) constitue la p\u00e9riph\u00e9rie \u00e9loign\u00e9e. <br><strong><em>Lecture du tableau<\/em> <\/strong>: mot cit\u00e9 (fr\u00e9quence ; rang moyen).<\/span><\/p>\n\n\n\n<div style=\"height:20px\" aria-hidden=\"true\" class=\"wp-block-spacer\"><\/div>\n\n\n\n<p>Le noyau central de <strong>la repr\u00e9sentation sociale<\/strong> des \u00e9tudiants de la d\u00e9fense est d\u00e9fini par les mots <strong><em>Arm\u00e9e<\/em>, <em>Protection<\/em> et <em>S\u00e9curit\u00e9<\/em><\/strong>. Cette d\u00e9finition renvoie directement \u00e0 la finalit\u00e9 des arm\u00e9es <a href=\"#_ftn1\">[4]<\/a>. La mission \u00ab&nbsp;protection&nbsp;\u00bb est une des cinq fonctions de la strat\u00e9gie de s\u00e9curit\u00e9 nationale \u00e9dict\u00e9e dans le <strong>Livre Blanc de 2008<\/strong><a href=\"#_ftn2\"> [5]<\/a>.<\/p>\n\n\n\n<p>Afin\nde conna\u00eetre<strong> l\u2019attitude des \u00e9tudiants concernant le budget allou\u00e9 \u00e0 la\nd\u00e9fense<\/strong> nous leur avons demand\u00e9 si <em>\u00ab&nbsp;le<\/em>\n<em>budget de la d\u00e9fense devrait \u00eatre&nbsp;:\nmaintenu&nbsp;; augment\u00e9&nbsp;; r\u00e9duit ou vous ne savez pas ?\u00bb.<\/em> Il en\nressort que, pour 39,8% des \u00e9tudiants interrog\u00e9s, les d\u00e9penses en termes de\nd\u00e9fense devraient augmenter si l\u2019on tient compte d\u2019un contexte de ma\u00eetrise des\nd\u00e9penses publiques.<\/p>\n\n\n\n<p>Enfin, afin d\u2019avoir une id\u00e9e plus pr\u00e9cise des cons\u00e9quences de cette augmentation \u00e9ventuelle dans l\u2019allocation du budget de la d\u00e9fense, nous avons demand\u00e9 aux \u00e9tudiants de nous indiquer les postes qui en b\u00e9n\u00e9ficieraient. Le poste de budget qui b\u00e9n\u00e9ficierait le plus de ce surplus d\u2019allocation est celui des innovations ayant des retomb\u00e9es civiles pour 75% des participants. Nous remarquons que <strong>deux des trois derniers postes qui b\u00e9n\u00e9ficieraient le moins<\/strong> de cette allocation suppl\u00e9mentaire sont&nbsp;ceux des <strong>OPEX <\/strong>et de la <strong>dissuasion nucl\u00e9aire<\/strong> (respectivement seulement 35% et 15% des participants sont en faveur d\u2019une augmentation budg\u00e9taire pour ces postes). Or, ces postes budg\u00e9taires sont au <strong>centre de la strat\u00e9gie de d\u00e9fense de la France<\/strong>. En effet, tant le <strong>Livre Blanc de 2013<\/strong> que la <strong>Revue Strat\u00e9gique<\/strong> mettent l\u2019accent sur la n\u00e9cessit\u00e9 de la poursuite des engagements en OPEX <a href=\"#_ftn3\">[6]<\/a> et de la dissuasion <a href=\"#_ftn4\">[7]<\/a>. <br><\/p>\n\n\n\n<figure class=\"wp-block-image size-large\"><img decoding=\"async\" src=\"https:\/\/ecodef-ihedn.fr\/wp-content\/uploads\/2020\/04\/figure2.png\" alt=\"\" class=\"wp-image-7449\"><figcaption><span style=\"color:#1e1e1e\"><strong>Figure 2<\/strong> : R\u00e9partition budg\u00e9taire selon les diff\u00e9rents postes (en %).<\/span><\/figcaption><\/figure>\n\n\n\n<h2 class=\"wp-block-heading\">\u00c9l\u00e9ments de discussion et de conclusion<\/h2>\n\n\n\n<p>La\n<strong>relation<\/strong> entre <strong>budget <\/strong>et <strong>opinion publique<\/strong> s\u2019av\u00e8re <strong>complexe<\/strong>.\nSoroka et Wlezien (2005) constatent une corr\u00e9lation n\u00e9gative entre les\nmodifications du budget de la d\u00e9fense et l\u2019opinion publique. Plus pr\u00e9cis\u00e9ment,\nils expliquent que si le niveau de d\u00e9penses publiques en mati\u00e8re de d\u00e9fense se\nsitue en dessous ou au-dessus du niveau souhait\u00e9 par la population alors\nl\u2019opinion publique r\u00e9agira en sens contraire. Ce ph\u00e9nom\u00e8ne caract\u00e9rise la\nr\u00e9action des citoyens aux changements budg\u00e9taires dans les domaines de la\nd\u00e9fense et de la politique int\u00e9rieure aux \u00c9tats-Unis et au Royaume-Uni\n(Eichenberg et Stoll, 2003; Soroka et Wlezien, 2005). <\/p>\n\n\n\n<p>Au terme de cette \u00e9tude, on constate la <strong>relation \u00e9troite<\/strong> qui existe entre <strong>perception de la d\u00e9fense<\/strong>, soutien en termes <strong>budg\u00e9taires<\/strong> et <strong>opinion publique<\/strong>. Conna\u00eetre les repr\u00e9sentations sociales attribu\u00e9es \u00e0 la d\u00e9fense et aux arm\u00e9es peut s\u2019av\u00e9rer crucial en termes de strat\u00e9gie de communication particuli\u00e8rement dans une <strong>Europe de la d\u00e9fense<\/strong> qui peine \u00e0 se construire et pour laquelle l\u2019opinion publique pourrait \u00eatre une <strong>force non n\u00e9gligeable<\/strong> de soutien. <\/p>\n\n\n\n<hr class=\"wp-block-separator\"\/>\n\n\n\n<h2 class=\"wp-block-heading\">\u00c9l\u00e9ments de bibliographie<\/h2>\n\n\n\n<p>D\u00e9l\u00e9gation \u00e0 l\u2019Information et \u00e0 la Communication de la D\u00e9fense, La D\u00e9fense dans l&rsquo;opinion des Fran\u00e7ais 2017, Septembre 2017.<\/p>\n\n\n\n<p>Eichenberg, R.C. et Stoll, R.J. (2015). The   Acceptability of War and Support for Defense Spending: Evidence from Fourteen   Democracies, 2004\u20132013<em>. Journal   of Conflict Resolution<\/em>,   61, 4, 788 \u2013 813.   <\/p>\n\n\n\n<p>Livre blanc sur la D\u00e9fense et la S\u00e9curit\u00e9 nationale, 2008.  <\/p>\n\n\n\n<p>Livre blanc sur la D\u00e9fense et la S\u00e9curit\u00e9 nationale, 2013. <\/p>\n\n\n\n<p>Revue strat\u00e9gique de D\u00e9fense et de S\u00e9curit\u00e9, octobre 2017. <\/p>\n\n\n\n<p>Soroka, S.N., et Wlezien. C. (2005). Opinion-policy Dynamics: Public Preferences and Public Expenditure in the United Kingdom, <em>British Journal of Political Science <\/em>35 (4): 665-89. <\/p>\n\n\n\n<p>Verg\u00e8s, P. (1994). Approche du noyau central : propri\u00e9t\u00e9s quantitatives et structurales. In C. Guimelli (Ed.), <em>Structure et transformations des repr\u00e9sentations sociales<\/em> (pp. 233\u2013253). Neuch\u00e2tel: Delachaux et Niestl\u00e9. <\/p>\n\n\n\n<p>Verg\u00e8s, P., Tyszka, T. et Verg\u00e8s, P. (1994). Noyau central, saillance et propri\u00e9t\u00e9s structurales. <em>Papers on Social Representations<\/em>, 3(1), 3\u201312. <\/p>\n\n\n\n<p><\/p>\n\n\n\n<hr class=\"wp-block-separator\"\/>\n\n\n\n<p style=\"font-size:12px\"><a href=\"#_ftnref1\">[1]<\/a> Le noyau central exprime le sens\ng\u00e9n\u00e9ral de la repr\u00e9sentation sociale, il est plut\u00f4t stable, partag\u00e9 par la\nplupart des individus. Les \u00e9l\u00e9ments p\u00e9riph\u00e9riques entourant le noyau central\nsont plus d\u00e9pendants de l&rsquo;environnement, sont mall\u00e9ables et facilitent\nl\u2019adaptation de la repr\u00e9sentation \u00e0 divers environnements sociaux.<\/p>\n\n\n\n<p style=\"font-size:12px\"><a href=\"#_ftnref2\">[2]<\/a> L\u2019\u00e2ge moyen des \u00e9tudiants\ninterrog\u00e9s est de 22 ans. 59 sont des hommes et 49 des femmes. 31 sont\nboursiers, 33 occupent un emploi dont 12 en Contrat \u00e0 Dur\u00e9e Ind\u00e9termin\u00e9e. 21\nd\u00e9clarent payer des imp\u00f4ts sur le revenu.<\/p>\n\n\n\n<p style=\"font-size:12px\"><a href=\"#_ftnref3\">[3]<\/a> Nous avons donc choisi un crit\u00e8re\nde 5% &#8211; identique \u00e0 celui de Verg\u00e8s, Tyszka &amp; Verg\u00e8s (1994) &#8211; et ne\nretenons que 20 termes. L&rsquo;organisation en fr\u00e9quence (haute fr\u00e9quence par\nrapport \u00e0 basse fr\u00e9quence) est bas\u00e9e sur la fr\u00e9quence moyenne d&rsquo;occurrence de\nces 20 termes restants&nbsp;: chaque terme mentionn\u00e9 par plus de 15,25% des\nparticipants est consid\u00e9r\u00e9 comme produit fr\u00e9quemment. La cat\u00e9gorisation moyenne\ndes rangs (rang moyen d&rsquo;apparition faible par rapport au rang moyen \u00e9lev\u00e9) est\nbas\u00e9e sur le rang moyen des 20 termes conserv\u00e9s, ce qui correspond \u00e0 2,48&nbsp;:\nchaque terme de rang moyen inf\u00e9rieur \u00e0 2,48 est con\u00e7u pour un rang inf\u00e9rieur.<\/p>\n\n\n\n<p style=\"font-size:12px\"><a href=\"#_ftnref1\">[4]<\/a> D\u00e9finie par l\u2019Ordonnance n\u00b0 59-147 du 7 janvier 1959 portant organisation g\u00e9n\u00e9rale de la d\u00e9fense &#8211; Article 1.<\/p>\n\n\n\n<p style=\"font-size:12px\"><a href=\"#_ftnref2\">[5]<\/a> La strat\u00e9gie de s\u00e9curit\u00e9 nationale se d\u00e9veloppe&nbsp; en&nbsp; cinq&nbsp; fonctions&nbsp;: conna\u00eetre&nbsp; et&nbsp; anticiper&nbsp;; pr\u00e9venir&nbsp;; dissuader&nbsp;; prot\u00e9ger&nbsp; la&nbsp; population&nbsp; et&nbsp; le&nbsp; territoire&nbsp;; projeter&nbsp; des&nbsp; forces (Livre Blanc, 2008). <\/p>\n\n\n\n<p style=\"font-size:12px\"><a href=\"#_ftnref3\">[6]<\/a> \u00ab<em>Les trois priorit\u00e9s de notre strat\u00e9gie de d\u00e9fense : la protection, la dissuasion, l\u2019intervention<\/em>&nbsp;\u00bb (Livre blanc, 2013, p.7)<\/p>\n\n\n\n<p style=\"font-size:12px\"><a href=\"#_ftnref4\">[7]<\/a> \u00ab&nbsp;[\u2026]<em> Maintien de notre strat\u00e9gie de dissuasion nucl\u00e9aire<\/em>&nbsp;\u00bb (Revue strat\u00e9gique, 2017, p.7)<\/p>\n","protected":false},"excerpt":{"rendered":"<p>Elisa Darriet, Chercheuse \u00e0 la Chaire Elisa Darriet a \u00e9t\u00e9 recrut\u00e9e au sein de la Chaire \u00c9conomie de d\u00e9fense de f\u00e9vrier 2018 \u00e0 aout 2019. Elle est depuis maitre de conf\u00e9rences au CNAM et rattach\u00e9e au laboratoire LIRSA. Introduction Cette \u00e9tude analyse la&nbsp;repr\u00e9sentation sociale de la d\u00e9fense&nbsp;et sa relation avec les allocations budg\u00e9taires des activit\u00e9s [&hellip;]<\/p>\n","protected":false},"author":1,"featured_media":1201,"comment_status":"open","ping_status":"open","sticky":false,"template":"","format":"standard","meta":{"footnotes":""},"categories":[359,350,352],"tags":[185,154,36,116,341,342,160,82],"class_list":{"0":"post-1200","1":"post","2":"type-post","3":"status-publish","4":"format-standard","5":"has-post-thumbnail","7":"category-newsletter","8":"category-publications","9":"category-thematique-2-determinants-et-impacts-de-la-depense-de-defense","10":"tag-armee","11":"tag-budget","12":"tag-defense","13":"tag-economie-de-la-defense","14":"tag-jeunes","15":"tag-protection","16":"tag-representations-sociales-de-la-defense","17":"tag-securite"},"yoast_head":"<!-- This site is optimized with the Yoast SEO plugin v27.4 - https:\/\/yoast.com\/product\/yoast-seo-wordpress\/ -->\n<title>Repr\u00e9sentations de la d\u00e9fense et son budget chez les jeunes - Chaire \u00c9conomie de d\u00e9fense - IHEDN<\/title>\n<meta name=\"robots\" content=\"index, follow, max-snippet:-1, max-image-preview:large, max-video-preview:-1\" \/>\n<link rel=\"canonical\" href=\"https:\/\/ecodef-ihedn.fr\/en\/representations-de-la-defense-et-son-budget-chez-les-jeunes\/\" \/>\n<meta property=\"og:locale\" content=\"en_GB\" \/>\n<meta property=\"og:type\" content=\"article\" \/>\n<meta property=\"og:title\" content=\"Repr\u00e9sentations de la d\u00e9fense et son budget chez les jeunes - Chaire \u00c9conomie de d\u00e9fense - IHEDN\" \/>\n<meta property=\"og:description\" content=\"Elisa Darriet, Chercheuse \u00e0 la Chaire Elisa Darriet a \u00e9t\u00e9 recrut\u00e9e au sein de la Chaire \u00c9conomie de d\u00e9fense de f\u00e9vrier 2018 \u00e0 aout 2019. Elle est depuis maitre de conf\u00e9rences au CNAM et rattach\u00e9e au laboratoire LIRSA. Introduction Cette \u00e9tude analyse la&nbsp;repr\u00e9sentation sociale de la d\u00e9fense&nbsp;et sa relation avec les allocations budg\u00e9taires des activit\u00e9s [&hellip;]\" \/>\n<meta property=\"og:url\" content=\"https:\/\/ecodef-ihedn.fr\/en\/representations-de-la-defense-et-son-budget-chez-les-jeunes\/\" \/>\n<meta property=\"og:site_name\" content=\"Chaire \u00c9conomie de d\u00e9fense - IHEDN\" \/>\n<meta property=\"article:published_time\" content=\"2020-02-05T00:00:00+00:00\" \/>\n<meta property=\"article:modified_time\" content=\"2020-05-27T14:32:18+00:00\" \/>\n<meta property=\"og:image\" content=\"https:\/\/ecodef-ihedn.fr\/wp-content\/uploads\/2020\/04\/figure-1.png\" \/>\n\t<meta property=\"og:image:width\" content=\"1718\" \/>\n\t<meta property=\"og:image:height\" content=\"1264\" \/>\n\t<meta property=\"og:image:type\" content=\"image\/png\" \/>\n<meta name=\"author\" content=\"dev\" \/>\n<meta name=\"twitter:card\" content=\"summary_large_image\" \/>\n<meta name=\"twitter:creator\" content=\"@Chaire_Ecodef\" \/>\n<meta name=\"twitter:site\" content=\"@Chaire_Ecodef\" \/>\n<meta name=\"twitter:label1\" content=\"Written by\" \/>\n\t<meta name=\"twitter:data1\" content=\"dev\" \/>\n\t<meta name=\"twitter:label2\" content=\"Estimated reading time\" \/>\n\t<meta name=\"twitter:data2\" content=\"9 minutes\" \/>\n<script type=\"application\/ld+json\" class=\"yoast-schema-graph\">{\"@context\":\"https:\\\/\\\/schema.org\",\"@graph\":[{\"@type\":\"Article\",\"@id\":\"https:\\\/\\\/ecodef-ihedn.fr\\\/representations-de-la-defense-et-son-budget-chez-les-jeunes\\\/#article\",\"isPartOf\":{\"@id\":\"https:\\\/\\\/ecodef-ihedn.fr\\\/representations-de-la-defense-et-son-budget-chez-les-jeunes\\\/\"},\"author\":{\"name\":\"dev\",\"@id\":\"https:\\\/\\\/ecodef-ihedn.fr\\\/#\\\/schema\\\/person\\\/7b3f1a2d8fd336e0be2f9ff63ff0ebbc\"},\"headline\":\"Repr\u00e9sentations de la d\u00e9fense et son budget chez les jeunes\",\"datePublished\":\"2020-02-05T00:00:00+00:00\",\"dateModified\":\"2020-05-27T14:32:18+00:00\",\"mainEntityOfPage\":{\"@id\":\"https:\\\/\\\/ecodef-ihedn.fr\\\/representations-de-la-defense-et-son-budget-chez-les-jeunes\\\/\"},\"wordCount\":1903,\"commentCount\":0,\"publisher\":{\"@id\":\"https:\\\/\\\/ecodef-ihedn.fr\\\/#organization\"},\"image\":{\"@id\":\"https:\\\/\\\/ecodef-ihedn.fr\\\/representations-de-la-defense-et-son-budget-chez-les-jeunes\\\/#primaryimage\"},\"thumbnailUrl\":\"https:\\\/\\\/ecodef-ihedn.fr\\\/wp-content\\\/uploads\\\/2020\\\/04\\\/figure-1.png\",\"keywords\":[\"arm\u00e9e\",\"Budget\",\"D\u00e9fense\",\"Economie de la D\u00e9fense\",\"jeunes\",\"protection\",\"Repr\u00e9sentations sociales de la d\u00e9fense\",\"s\u00e9curit\u00e9\"],\"articleSection\":[\"Newsletter\",\"Publications\",\"Th\u00e9matique 2 : d\u00e9terminants et impacts de la d\u00e9pense de d\u00e9fense\"],\"inLanguage\":\"en-GB\",\"potentialAction\":[{\"@type\":\"CommentAction\",\"name\":\"Comment\",\"target\":[\"https:\\\/\\\/ecodef-ihedn.fr\\\/representations-de-la-defense-et-son-budget-chez-les-jeunes\\\/#respond\"]}]},{\"@type\":\"WebPage\",\"@id\":\"https:\\\/\\\/ecodef-ihedn.fr\\\/representations-de-la-defense-et-son-budget-chez-les-jeunes\\\/\",\"url\":\"https:\\\/\\\/ecodef-ihedn.fr\\\/representations-de-la-defense-et-son-budget-chez-les-jeunes\\\/\",\"name\":\"Repr\u00e9sentations de la d\u00e9fense et son budget chez les jeunes - Chaire \u00c9conomie de d\u00e9fense - IHEDN\",\"isPartOf\":{\"@id\":\"https:\\\/\\\/ecodef-ihedn.fr\\\/#website\"},\"primaryImageOfPage\":{\"@id\":\"https:\\\/\\\/ecodef-ihedn.fr\\\/representations-de-la-defense-et-son-budget-chez-les-jeunes\\\/#primaryimage\"},\"image\":{\"@id\":\"https:\\\/\\\/ecodef-ihedn.fr\\\/representations-de-la-defense-et-son-budget-chez-les-jeunes\\\/#primaryimage\"},\"thumbnailUrl\":\"https:\\\/\\\/ecodef-ihedn.fr\\\/wp-content\\\/uploads\\\/2020\\\/04\\\/figure-1.png\",\"datePublished\":\"2020-02-05T00:00:00+00:00\",\"dateModified\":\"2020-05-27T14:32:18+00:00\",\"breadcrumb\":{\"@id\":\"https:\\\/\\\/ecodef-ihedn.fr\\\/representations-de-la-defense-et-son-budget-chez-les-jeunes\\\/#breadcrumb\"},\"inLanguage\":\"en-GB\",\"potentialAction\":[{\"@type\":\"ReadAction\",\"target\":[\"https:\\\/\\\/ecodef-ihedn.fr\\\/representations-de-la-defense-et-son-budget-chez-les-jeunes\\\/\"]}]},{\"@type\":\"ImageObject\",\"inLanguage\":\"en-GB\",\"@id\":\"https:\\\/\\\/ecodef-ihedn.fr\\\/representations-de-la-defense-et-son-budget-chez-les-jeunes\\\/#primaryimage\",\"url\":\"https:\\\/\\\/ecodef-ihedn.fr\\\/wp-content\\\/uploads\\\/2020\\\/04\\\/figure-1.png\",\"contentUrl\":\"https:\\\/\\\/ecodef-ihedn.fr\\\/wp-content\\\/uploads\\\/2020\\\/04\\\/figure-1.png\",\"width\":1718,\"height\":1264},{\"@type\":\"BreadcrumbList\",\"@id\":\"https:\\\/\\\/ecodef-ihedn.fr\\\/representations-de-la-defense-et-son-budget-chez-les-jeunes\\\/#breadcrumb\",\"itemListElement\":[{\"@type\":\"ListItem\",\"position\":1,\"name\":\"Accueil\",\"item\":\"https:\\\/\\\/ecodef-ihedn.fr\\\/\"},{\"@type\":\"ListItem\",\"position\":2,\"name\":\"Repr\u00e9sentations de la d\u00e9fense et son budget chez les jeunes\"}]},{\"@type\":\"WebSite\",\"@id\":\"https:\\\/\\\/ecodef-ihedn.fr\\\/#website\",\"url\":\"https:\\\/\\\/ecodef-ihedn.fr\\\/\",\"name\":\"Chaire \u00c9conomie de D\u00e9fense - IHEDN\",\"description\":\"Produire &amp; soutenir, f\u00e9d\u00e9rer &amp; diffuser, \u00eatre une interface\",\"publisher\":{\"@id\":\"https:\\\/\\\/ecodef-ihedn.fr\\\/#organization\"},\"potentialAction\":[{\"@type\":\"SearchAction\",\"target\":{\"@type\":\"EntryPoint\",\"urlTemplate\":\"https:\\\/\\\/ecodef-ihedn.fr\\\/?s={search_term_string}\"},\"query-input\":{\"@type\":\"PropertyValueSpecification\",\"valueRequired\":true,\"valueName\":\"search_term_string\"}}],\"inLanguage\":\"en-GB\"},{\"@type\":\"Organization\",\"@id\":\"https:\\\/\\\/ecodef-ihedn.fr\\\/#organization\",\"name\":\"Chaire \u00c9conomie de d\u00e9fense - IHEDN\",\"url\":\"https:\\\/\\\/ecodef-ihedn.fr\\\/\",\"logo\":{\"@type\":\"ImageObject\",\"inLanguage\":\"en-GB\",\"@id\":\"https:\\\/\\\/ecodef-ihedn.fr\\\/#\\\/schema\\\/logo\\\/image\\\/\",\"url\":\"https:\\\/\\\/ecodef-ihedn.fr\\\/wp-content\\\/uploads\\\/2020\\\/04\\\/logoEcodef9.jpg\",\"contentUrl\":\"https:\\\/\\\/ecodef-ihedn.fr\\\/wp-content\\\/uploads\\\/2020\\\/04\\\/logoEcodef9.jpg\",\"width\":410,\"height\":212,\"caption\":\"Chaire \u00c9conomie de d\u00e9fense - IHEDN\"},\"image\":{\"@id\":\"https:\\\/\\\/ecodef-ihedn.fr\\\/#\\\/schema\\\/logo\\\/image\\\/\"},\"sameAs\":[\"https:\\\/\\\/x.com\\\/Chaire_Ecodef\",\"https:\\\/\\\/www.linkedin.com\\\/company\\\/chaire-ecodef-ihedn\\\/\"]},{\"@type\":\"Person\",\"@id\":\"https:\\\/\\\/ecodef-ihedn.fr\\\/#\\\/schema\\\/person\\\/7b3f1a2d8fd336e0be2f9ff63ff0ebbc\",\"name\":\"dev\",\"image\":{\"@type\":\"ImageObject\",\"inLanguage\":\"en-GB\",\"@id\":\"https:\\\/\\\/secure.gravatar.com\\\/avatar\\\/f1ffcac9ca2fa95ad3ec33e9be3ade82f752acb0cabe541e56c5889225afa88a?s=96&d=mm&r=g\",\"url\":\"https:\\\/\\\/secure.gravatar.com\\\/avatar\\\/f1ffcac9ca2fa95ad3ec33e9be3ade82f752acb0cabe541e56c5889225afa88a?s=96&d=mm&r=g\",\"contentUrl\":\"https:\\\/\\\/secure.gravatar.com\\\/avatar\\\/f1ffcac9ca2fa95ad3ec33e9be3ade82f752acb0cabe541e56c5889225afa88a?s=96&d=mm&r=g\",\"caption\":\"dev\"},\"url\":\"https:\\\/\\\/ecodef-ihedn.fr\\\/en\\\/author\\\/dev\\\/\"}]}<\/script>\n<!-- \/ Yoast SEO plugin. -->","yoast_head_json":{"title":"Repr\u00e9sentations de la d\u00e9fense et son budget chez les jeunes - Chaire \u00c9conomie de d\u00e9fense - IHEDN","robots":{"index":"index","follow":"follow","max-snippet":"max-snippet:-1","max-image-preview":"max-image-preview:large","max-video-preview":"max-video-preview:-1"},"canonical":"https:\/\/ecodef-ihedn.fr\/en\/representations-de-la-defense-et-son-budget-chez-les-jeunes\/","og_locale":"en_GB","og_type":"article","og_title":"Repr\u00e9sentations de la d\u00e9fense et son budget chez les jeunes - Chaire \u00c9conomie de d\u00e9fense - IHEDN","og_description":"Elisa Darriet, Chercheuse \u00e0 la Chaire Elisa Darriet a \u00e9t\u00e9 recrut\u00e9e au sein de la Chaire \u00c9conomie de d\u00e9fense de f\u00e9vrier 2018 \u00e0 aout 2019. Elle est depuis maitre de conf\u00e9rences au CNAM et rattach\u00e9e au laboratoire LIRSA. Introduction Cette \u00e9tude analyse la&nbsp;repr\u00e9sentation sociale de la d\u00e9fense&nbsp;et sa relation avec les allocations budg\u00e9taires des activit\u00e9s [&hellip;]","og_url":"https:\/\/ecodef-ihedn.fr\/en\/representations-de-la-defense-et-son-budget-chez-les-jeunes\/","og_site_name":"Chaire \u00c9conomie de d\u00e9fense - IHEDN","article_published_time":"2020-02-05T00:00:00+00:00","article_modified_time":"2020-05-27T14:32:18+00:00","og_image":[{"width":1718,"height":1264,"url":"https:\/\/ecodef-ihedn.fr\/wp-content\/uploads\/2020\/04\/figure-1.png","type":"image\/png"}],"author":"dev","twitter_card":"summary_large_image","twitter_creator":"@Chaire_Ecodef","twitter_site":"@Chaire_Ecodef","twitter_misc":{"Written by":"dev","Estimated reading time":"9 minutes"},"schema":{"@context":"https:\/\/schema.org","@graph":[{"@type":"Article","@id":"https:\/\/ecodef-ihedn.fr\/representations-de-la-defense-et-son-budget-chez-les-jeunes\/#article","isPartOf":{"@id":"https:\/\/ecodef-ihedn.fr\/representations-de-la-defense-et-son-budget-chez-les-jeunes\/"},"author":{"name":"dev","@id":"https:\/\/ecodef-ihedn.fr\/#\/schema\/person\/7b3f1a2d8fd336e0be2f9ff63ff0ebbc"},"headline":"Repr\u00e9sentations de la d\u00e9fense et son budget chez les jeunes","datePublished":"2020-02-05T00:00:00+00:00","dateModified":"2020-05-27T14:32:18+00:00","mainEntityOfPage":{"@id":"https:\/\/ecodef-ihedn.fr\/representations-de-la-defense-et-son-budget-chez-les-jeunes\/"},"wordCount":1903,"commentCount":0,"publisher":{"@id":"https:\/\/ecodef-ihedn.fr\/#organization"},"image":{"@id":"https:\/\/ecodef-ihedn.fr\/representations-de-la-defense-et-son-budget-chez-les-jeunes\/#primaryimage"},"thumbnailUrl":"https:\/\/ecodef-ihedn.fr\/wp-content\/uploads\/2020\/04\/figure-1.png","keywords":["arm\u00e9e","Budget","D\u00e9fense","Economie de la D\u00e9fense","jeunes","protection","Repr\u00e9sentations sociales de la d\u00e9fense","s\u00e9curit\u00e9"],"articleSection":["Newsletter","Publications","Th\u00e9matique 2 : d\u00e9terminants et impacts de la d\u00e9pense de d\u00e9fense"],"inLanguage":"en-GB","potentialAction":[{"@type":"CommentAction","name":"Comment","target":["https:\/\/ecodef-ihedn.fr\/representations-de-la-defense-et-son-budget-chez-les-jeunes\/#respond"]}]},{"@type":"WebPage","@id":"https:\/\/ecodef-ihedn.fr\/representations-de-la-defense-et-son-budget-chez-les-jeunes\/","url":"https:\/\/ecodef-ihedn.fr\/representations-de-la-defense-et-son-budget-chez-les-jeunes\/","name":"Repr\u00e9sentations de la d\u00e9fense et son budget chez les jeunes - Chaire \u00c9conomie de d\u00e9fense - IHEDN","isPartOf":{"@id":"https:\/\/ecodef-ihedn.fr\/#website"},"primaryImageOfPage":{"@id":"https:\/\/ecodef-ihedn.fr\/representations-de-la-defense-et-son-budget-chez-les-jeunes\/#primaryimage"},"image":{"@id":"https:\/\/ecodef-ihedn.fr\/representations-de-la-defense-et-son-budget-chez-les-jeunes\/#primaryimage"},"thumbnailUrl":"https:\/\/ecodef-ihedn.fr\/wp-content\/uploads\/2020\/04\/figure-1.png","datePublished":"2020-02-05T00:00:00+00:00","dateModified":"2020-05-27T14:32:18+00:00","breadcrumb":{"@id":"https:\/\/ecodef-ihedn.fr\/representations-de-la-defense-et-son-budget-chez-les-jeunes\/#breadcrumb"},"inLanguage":"en-GB","potentialAction":[{"@type":"ReadAction","target":["https:\/\/ecodef-ihedn.fr\/representations-de-la-defense-et-son-budget-chez-les-jeunes\/"]}]},{"@type":"ImageObject","inLanguage":"en-GB","@id":"https:\/\/ecodef-ihedn.fr\/representations-de-la-defense-et-son-budget-chez-les-jeunes\/#primaryimage","url":"https:\/\/ecodef-ihedn.fr\/wp-content\/uploads\/2020\/04\/figure-1.png","contentUrl":"https:\/\/ecodef-ihedn.fr\/wp-content\/uploads\/2020\/04\/figure-1.png","width":1718,"height":1264},{"@type":"BreadcrumbList","@id":"https:\/\/ecodef-ihedn.fr\/representations-de-la-defense-et-son-budget-chez-les-jeunes\/#breadcrumb","itemListElement":[{"@type":"ListItem","position":1,"name":"Accueil","item":"https:\/\/ecodef-ihedn.fr\/"},{"@type":"ListItem","position":2,"name":"Repr\u00e9sentations de la d\u00e9fense et son budget chez les jeunes"}]},{"@type":"WebSite","@id":"https:\/\/ecodef-ihedn.fr\/#website","url":"https:\/\/ecodef-ihedn.fr\/","name":"Chair in Defence Economics - IHEDN","description":"Produce &amp; support, federate &amp; disseminate, act as an interface","publisher":{"@id":"https:\/\/ecodef-ihedn.fr\/#organization"},"potentialAction":[{"@type":"SearchAction","target":{"@type":"EntryPoint","urlTemplate":"https:\/\/ecodef-ihedn.fr\/?s={search_term_string}"},"query-input":{"@type":"PropertyValueSpecification","valueRequired":true,"valueName":"search_term_string"}}],"inLanguage":"en-GB"},{"@type":"Organization","@id":"https:\/\/ecodef-ihedn.fr\/#organization","name":"Chair in Defence Economics - IHEDN","url":"https:\/\/ecodef-ihedn.fr\/","logo":{"@type":"ImageObject","inLanguage":"en-GB","@id":"https:\/\/ecodef-ihedn.fr\/#\/schema\/logo\/image\/","url":"https:\/\/ecodef-ihedn.fr\/wp-content\/uploads\/2020\/04\/logoEcodef9.jpg","contentUrl":"https:\/\/ecodef-ihedn.fr\/wp-content\/uploads\/2020\/04\/logoEcodef9.jpg","width":410,"height":212,"caption":"Chaire \u00c9conomie de d\u00e9fense - IHEDN"},"image":{"@id":"https:\/\/ecodef-ihedn.fr\/#\/schema\/logo\/image\/"},"sameAs":["https:\/\/x.com\/Chaire_Ecodef","https:\/\/www.linkedin.com\/company\/chaire-ecodef-ihedn\/"]},{"@type":"Person","@id":"https:\/\/ecodef-ihedn.fr\/#\/schema\/person\/7b3f1a2d8fd336e0be2f9ff63ff0ebbc","name":"dev","image":{"@type":"ImageObject","inLanguage":"en-GB","@id":"https:\/\/secure.gravatar.com\/avatar\/f1ffcac9ca2fa95ad3ec33e9be3ade82f752acb0cabe541e56c5889225afa88a?s=96&d=mm&r=g","url":"https:\/\/secure.gravatar.com\/avatar\/f1ffcac9ca2fa95ad3ec33e9be3ade82f752acb0cabe541e56c5889225afa88a?s=96&d=mm&r=g","contentUrl":"https:\/\/secure.gravatar.com\/avatar\/f1ffcac9ca2fa95ad3ec33e9be3ade82f752acb0cabe541e56c5889225afa88a?s=96&d=mm&r=g","caption":"dev"},"url":"https:\/\/ecodef-ihedn.fr\/en\/author\/dev\/"}]}},"_links":{"self":[{"href":"https:\/\/ecodef-ihedn.fr\/en\/wp-json\/wp\/v2\/posts\/1200","targetHints":{"allow":["GET"]}}],"collection":[{"href":"https:\/\/ecodef-ihedn.fr\/en\/wp-json\/wp\/v2\/posts"}],"about":[{"href":"https:\/\/ecodef-ihedn.fr\/en\/wp-json\/wp\/v2\/types\/post"}],"author":[{"embeddable":true,"href":"https:\/\/ecodef-ihedn.fr\/en\/wp-json\/wp\/v2\/users\/1"}],"replies":[{"embeddable":true,"href":"https:\/\/ecodef-ihedn.fr\/en\/wp-json\/wp\/v2\/comments?post=1200"}],"version-history":[{"count":5,"href":"https:\/\/ecodef-ihedn.fr\/en\/wp-json\/wp\/v2\/posts\/1200\/revisions"}],"predecessor-version":[{"id":1899,"href":"https:\/\/ecodef-ihedn.fr\/en\/wp-json\/wp\/v2\/posts\/1200\/revisions\/1899"}],"wp:featuredmedia":[{"embeddable":true,"href":"https:\/\/ecodef-ihedn.fr\/en\/wp-json\/wp\/v2\/media\/1201"}],"wp:attachment":[{"href":"https:\/\/ecodef-ihedn.fr\/en\/wp-json\/wp\/v2\/media?parent=1200"}],"wp:term":[{"taxonomy":"category","embeddable":true,"href":"https:\/\/ecodef-ihedn.fr\/en\/wp-json\/wp\/v2\/categories?post=1200"},{"taxonomy":"post_tag","embeddable":true,"href":"https:\/\/ecodef-ihedn.fr\/en\/wp-json\/wp\/v2\/tags?post=1200"}],"curies":[{"name":"wp","href":"https:\/\/api.w.org\/{rel}","templated":true}]}}