{"id":1203,"date":"2020-02-11T00:00:00","date_gmt":"2020-02-11T00:00:00","guid":{"rendered":"https:\/\/ecodef-ihedn.fr\/intervention-de-josselin-droff-a-la-15eme-journee-des-sciences-navales-jsn-2020-ecole-navale\/"},"modified":"2020-04-09T10:59:26","modified_gmt":"2020-04-09T10:59:26","slug":"intervention-de-josselin-droff-a-la-15eme-journee-des-sciences-navales-jsn-2020-ecole-navale","status":"publish","type":"post","link":"https:\/\/ecodef-ihedn.fr\/en\/intervention-de-josselin-droff-a-la-15eme-journee-des-sciences-navales-jsn-2020-ecole-navale\/","title":{"rendered":"Speech by Josselin Droff at the 15th Naval Science Day (JSN 2020), \u00c9cole Navale"},"content":{"rendered":"<h3 class=\"wp-block-heading\">Naval Science Day 2020<\/h3>\n\n\n\n<p class=\"has-text-align-left\">La <strong>15th edition <\/strong>of the<strong><a href=\"https:\/\/www.ecole-navale.fr\/jsn\" target=\"_blank\" rel=\"noreferrer noopener\" aria-label=\" naval sciences day (opens in a new tab)\"> naval science day<\/a><\/strong> took place at the\u2019<strong>Naval Academy, Lanv\u00e9oc - Brest <\/strong>Thursday <strong>30 January 2020.<\/strong> Initially driven by the French Navy's desire to raise the profile of its teaching and to <strong>raise students' awareness of the challenges of research and innovation  <\/strong>for their future careers, the JSN has also become a place for the entire maritime and naval science and engineering community to meet, share and exchange ideas. Alongside students from the \u00c9cole navale, the event welcomes <strong>over 200 people every year<\/strong>.<\/p>\n\n\n\n<h3 class=\"wp-block-heading\">An introductory lecture by Josselin Droff and Beno\u00eet Rademacher<\/h3>\n\n\n\n<p><strong><a rel=\"noreferrer noopener\" aria-label=\"Josselin Droff (opens in a new tab)\" href=\"https:\/\/www.researchgate.net\/profile\/Josselin_Droff\" target=\"_blank\">Josselin Droff<\/a> <\/strong>(Researcher at the Chaire \u00c9conomie de D\u00e9fense) and the\u2019<strong>ICA <a rel=\"noreferrer noopener\" aria-label=\"Beno\u00eet Rademacher (opens in a new tab)\" href=\"https:\/\/www.irsem.fr\/equipe\/rademacher.html\" target=\"_blank\">Beno\u00eet Rademacher<\/a><\/strong> (Director of Armaments and Defence Economics at the\u2019<a rel=\"noreferrer noopener\" aria-label=\"IRSEM (opens in a new tab)\" href=\"https:\/\/www.irsem.fr\/institut\/presentation.html\" target=\"_blank\"><strong>IRSEM<\/strong><\/a>) have proposed a <strong>introductory lecture<\/strong> entitled: \u00ab\u00a0<strong>Operational readiness maintenance (ORM): economic challenges and prospects<\/strong>\u00ab\u00a0.<\/p>\n\n\n\n<div class=\"wp-block-image\"><figure class=\"aligncenter size-large is-resized\"><img loading=\"lazy\" decoding=\"async\" src=\"https:\/\/ecodef-ihedn.fr\/wp-content\/uploads\/2020\/04\/2020_menv_020_a_001_062-1024x681.jpg\" alt=\"\" class=\"wp-image-7468\" width=\"496\" height=\"329\" \/><figcaption>JSN 2020, at the \u00c9cole Navale (Lanv\u00e9oc) (credits: \u00c9cole Navale)<\/figcaption><\/figure><\/div>\n\n\n\n<p>The speakers presented to the audience <strong>current and future challenges in the MCO of defence equipment<\/strong> with particular emphasis on the technological revolution taking place in MCO. This<strong> technological revolution<\/strong> was the subject of a detailed analysis published in  <strong>IRSEM study no. 65<\/strong> (To download the study  <strong>MCO 4.0<\/strong> <a rel=\"noreferrer noopener\" aria-label=\"click here. (opens in a new tab)\" href=\"https:\/\/www.irsem.fr\/institut\/actualites\/etude-de-l-irsem-n-65-2019.html\" target=\"_blank\">click here<\/a>).<\/p>\n\n\n\n<div class=\"wp-block-image\"><figure class=\"aligncenter size-large is-resized\"><img loading=\"lazy\" decoding=\"async\" src=\"https:\/\/ecodef-ihedn.fr\/wp-content\/uploads\/2020\/04\/2020_menv_020_a_001_122-1024x681.jpg\" alt=\"\" class=\"wp-image-7474\" width=\"499\" height=\"331\" \/><figcaption> JSN 2020, at the \u00c9cole Navale (Lanv\u00e9oc) (credits: \u00c9cole Navale) <\/figcaption><\/figure><\/div>\n\n\n\n<h3 class=\"wp-block-heading\">Summary of the MCO 4.0 study<\/h3>\n\n\n\n<ul class=\"wp-block-list\"><li>Le <strong>maintenance in operational condition (MCO)<\/strong> of defence equipment is a major <strong><a rel=\"noreferrer noopener\" href=\"https:\/\/economie-defense.fr\/wp-content\/uploads\/2017\/04\/NL4-Chaire-Ecodef-Avril-2017.pdf\" target=\"_blank\">a major challenge for the Ministry of Defence<\/a><\/strong>, This is due in particular to its operational impact and the associated costs.<\/li><li>Many<strong> initiatives and experiments<\/strong> have been launched, or are in the process of being rolled out, with the aim of significantly improving, or even transforming, the way MCO tasks are carried out, both at the level of the <strong>state actors as well as industrial players<\/strong>. <\/li><li>In particular, they are banking on the potential offered by the technologies underpinning the <strong>digitisation of value chains<\/strong>, which cover a very broad spectrum from\u2019<strong>massive exploitation of data<\/strong> from defence equipment in service (big data) to the use of <strong>robots or drones<\/strong>  for inspection and maintenance tasks, not to mention the <strong>additive manufacturing<\/strong> (3D printing) or <strong>augmented reality<\/strong> (RA) or<strong> virtual<\/strong> (RV).<\/li><li>The purpose of this study is to <strong> characterise the impact of these technologies<\/strong> and underlying concepts for the organisation and implementation of defence equipment MCO, in order to <strong>all environments<\/strong> (aeronautical, naval and land equipment). To this end, the authors carried out a <strong>bibliographical study<\/strong> on  <strong>changes in practices<\/strong> and on<strong> technological developments<\/strong>s concerned and have led more than one <strong>twenty interviews <\/strong>with\u2019<strong>state and industry players<\/strong> in charge of MCO issues. <\/li><li>The <strong>results of fieldwork<\/strong> show that, on the whole, the technology clusters identified by the authors have a <strong>potential for improving MCO<\/strong> of equipment (improved MCO productivity and service quality, reduced costs, increased availability).  However, this potential <strong>is not perceived in the same way<\/strong> according to <strong>environments<\/strong>, the <strong>actors <\/strong>and the<strong> technologies<\/strong> identified. <\/li><\/ul>","protected":false},"excerpt":{"rendered":"<p>La Journ\u00e9e des sciences navales 2020 La 15\u00e8me \u00e9dition de la journ\u00e9e des sciences navales s&rsquo;est d\u00e9roul\u00e9e \u00e0 l\u2019\u00c9cole Navale, Lanv\u00e9oc &#8211; Brest le jeudi 30 janvier 2020. R\u00e9pondant au d\u00e9part \u00e0 la volont\u00e9 de la Marine nationale de valoriser son enseignement et de sensibiliser ses \u00e9l\u00e8ves aux enjeux de la recherche et de l\u2019innovation [&hellip;]<\/p>\n","protected":false},"author":1,"featured_media":1204,"comment_status":"open","ping_status":"open","sticky":false,"template":"","format":"standard","meta":{"footnotes":""},"categories":[356],"tags":[343,42,149,196,344,93,295],"class_list":{"0":"post-1203","1":"post","2":"type-post","3":"status-publish","4":"format-standard","5":"has-post-thumbnail","7":"category-activites-participation-de-la-chaire-a-un-evenement","8":"tag-ecole-navale","9":"tag-industrie","10":"tag-industrie-de-defense","11":"tag-irsem","12":"tag-journee-des-sciences-navales","13":"tag-mco","14":"tag-mco-4-0"},"yoast_head":"<!-- This site is optimized with the Yoast SEO plugin v27.4 - https:\/\/yoast.com\/product\/yoast-seo-wordpress\/ -->\n<title>Intervention de Josselin Droff \u00e0 la 15\u00e8me Journ\u00e9e des sciences navales (JSN 2020), \u00c9cole Navale - Chaire \u00c9conomie de d\u00e9fense - IHEDN<\/title>\n<meta name=\"robots\" content=\"index, follow, max-snippet:-1, max-image-preview:large, max-video-preview:-1\" \/>\n<link rel=\"canonical\" href=\"https:\/\/ecodef-ihedn.fr\/en\/intervention-de-josselin-droff-a-la-15eme-journee-des-sciences-navales-jsn-2020-ecole-navale\/\" \/>\n<meta property=\"og:locale\" content=\"en_GB\" \/>\n<meta property=\"og:type\" content=\"article\" \/>\n<meta property=\"og:title\" content=\"Intervention de Josselin Droff \u00e0 la 15\u00e8me Journ\u00e9e des sciences navales (JSN 2020), \u00c9cole Navale - Chaire \u00c9conomie de d\u00e9fense - IHEDN\" \/>\n<meta property=\"og:description\" content=\"La Journ\u00e9e des sciences navales 2020 La 15\u00e8me \u00e9dition de la journ\u00e9e des sciences navales s&rsquo;est d\u00e9roul\u00e9e \u00e0 l\u2019\u00c9cole Navale, Lanv\u00e9oc &#8211; Brest le jeudi 30 janvier 2020. R\u00e9pondant au d\u00e9part \u00e0 la volont\u00e9 de la Marine nationale de valoriser son enseignement et de sensibiliser ses \u00e9l\u00e8ves aux enjeux de la recherche et de l\u2019innovation [&hellip;]\" \/>\n<meta property=\"og:url\" content=\"https:\/\/ecodef-ihedn.fr\/en\/intervention-de-josselin-droff-a-la-15eme-journee-des-sciences-navales-jsn-2020-ecole-navale\/\" \/>\n<meta property=\"og:site_name\" content=\"Chaire \u00c9conomie de d\u00e9fense - IHEDN\" \/>\n<meta property=\"article:published_time\" content=\"2020-02-11T00:00:00+00:00\" \/>\n<meta property=\"article:modified_time\" content=\"2020-04-09T10:59:26+00:00\" \/>\n<meta property=\"og:image\" content=\"https:\/\/ecodef-ihedn.fr\/wp-content\/uploads\/2020\/04\/2020_menv_020_a_001_062.jpg\" \/>\n\t<meta property=\"og:image:width\" content=\"1772\" \/>\n\t<meta property=\"og:image:height\" content=\"1179\" \/>\n\t<meta property=\"og:image:type\" content=\"image\/jpeg\" \/>\n<meta name=\"author\" content=\"dev\" \/>\n<meta name=\"twitter:card\" content=\"summary_large_image\" \/>\n<meta name=\"twitter:creator\" content=\"@Chaire_Ecodef\" \/>\n<meta name=\"twitter:site\" content=\"@Chaire_Ecodef\" \/>\n<meta name=\"twitter:label1\" content=\"Written by\" \/>\n\t<meta name=\"twitter:data1\" content=\"dev\" \/>\n\t<meta name=\"twitter:label2\" content=\"Estimated reading time\" \/>\n\t<meta name=\"twitter:data2\" content=\"3 minutes\" \/>\n<script type=\"application\/ld+json\" class=\"yoast-schema-graph\">{\"@context\":\"https:\\\/\\\/schema.org\",\"@graph\":[{\"@type\":\"Article\",\"@id\":\"https:\\\/\\\/ecodef-ihedn.fr\\\/intervention-de-josselin-droff-a-la-15eme-journee-des-sciences-navales-jsn-2020-ecole-navale\\\/#article\",\"isPartOf\":{\"@id\":\"https:\\\/\\\/ecodef-ihedn.fr\\\/intervention-de-josselin-droff-a-la-15eme-journee-des-sciences-navales-jsn-2020-ecole-navale\\\/\"},\"author\":{\"name\":\"dev\",\"@id\":\"https:\\\/\\\/ecodef-ihedn.fr\\\/#\\\/schema\\\/person\\\/7b3f1a2d8fd336e0be2f9ff63ff0ebbc\"},\"headline\":\"Intervention de Josselin Droff \u00e0 la 15\u00e8me Journ\u00e9e des sciences navales (JSN 2020), \u00c9cole Navale\",\"datePublished\":\"2020-02-11T00:00:00+00:00\",\"dateModified\":\"2020-04-09T10:59:26+00:00\",\"mainEntityOfPage\":{\"@id\":\"https:\\\/\\\/ecodef-ihedn.fr\\\/intervention-de-josselin-droff-a-la-15eme-journee-des-sciences-navales-jsn-2020-ecole-navale\\\/\"},\"wordCount\":620,\"commentCount\":0,\"publisher\":{\"@id\":\"https:\\\/\\\/ecodef-ihedn.fr\\\/#organization\"},\"image\":{\"@id\":\"https:\\\/\\\/ecodef-ihedn.fr\\\/intervention-de-josselin-droff-a-la-15eme-journee-des-sciences-navales-jsn-2020-ecole-navale\\\/#primaryimage\"},\"thumbnailUrl\":\"https:\\\/\\\/ecodef-ihedn.fr\\\/wp-content\\\/uploads\\\/2020\\\/04\\\/2020_menv_020_a_001_062.jpg\",\"keywords\":[\"Ecole Navale\",\"industrie\",\"industrie de d\u00e9fense\",\"IRSEM\",\"Journ\u00e9e des Sciences Navales\",\"MCO\",\"MCO 4.0\"],\"articleSection\":[\"Activit\u00e9s : participation de la Chaire \u00e0 un \u00e9v\u00e9nement\"],\"inLanguage\":\"en-GB\",\"potentialAction\":[{\"@type\":\"CommentAction\",\"name\":\"Comment\",\"target\":[\"https:\\\/\\\/ecodef-ihedn.fr\\\/intervention-de-josselin-droff-a-la-15eme-journee-des-sciences-navales-jsn-2020-ecole-navale\\\/#respond\"]}]},{\"@type\":\"WebPage\",\"@id\":\"https:\\\/\\\/ecodef-ihedn.fr\\\/intervention-de-josselin-droff-a-la-15eme-journee-des-sciences-navales-jsn-2020-ecole-navale\\\/\",\"url\":\"https:\\\/\\\/ecodef-ihedn.fr\\\/intervention-de-josselin-droff-a-la-15eme-journee-des-sciences-navales-jsn-2020-ecole-navale\\\/\",\"name\":\"Intervention de Josselin Droff \u00e0 la 15\u00e8me Journ\u00e9e des sciences navales (JSN 2020), \u00c9cole Navale - Chaire \u00c9conomie de d\u00e9fense - IHEDN\",\"isPartOf\":{\"@id\":\"https:\\\/\\\/ecodef-ihedn.fr\\\/#website\"},\"primaryImageOfPage\":{\"@id\":\"https:\\\/\\\/ecodef-ihedn.fr\\\/intervention-de-josselin-droff-a-la-15eme-journee-des-sciences-navales-jsn-2020-ecole-navale\\\/#primaryimage\"},\"image\":{\"@id\":\"https:\\\/\\\/ecodef-ihedn.fr\\\/intervention-de-josselin-droff-a-la-15eme-journee-des-sciences-navales-jsn-2020-ecole-navale\\\/#primaryimage\"},\"thumbnailUrl\":\"https:\\\/\\\/ecodef-ihedn.fr\\\/wp-content\\\/uploads\\\/2020\\\/04\\\/2020_menv_020_a_001_062.jpg\",\"datePublished\":\"2020-02-11T00:00:00+00:00\",\"dateModified\":\"2020-04-09T10:59:26+00:00\",\"breadcrumb\":{\"@id\":\"https:\\\/\\\/ecodef-ihedn.fr\\\/intervention-de-josselin-droff-a-la-15eme-journee-des-sciences-navales-jsn-2020-ecole-navale\\\/#breadcrumb\"},\"inLanguage\":\"en-GB\",\"potentialAction\":[{\"@type\":\"ReadAction\",\"target\":[\"https:\\\/\\\/ecodef-ihedn.fr\\\/intervention-de-josselin-droff-a-la-15eme-journee-des-sciences-navales-jsn-2020-ecole-navale\\\/\"]}]},{\"@type\":\"ImageObject\",\"inLanguage\":\"en-GB\",\"@id\":\"https:\\\/\\\/ecodef-ihedn.fr\\\/intervention-de-josselin-droff-a-la-15eme-journee-des-sciences-navales-jsn-2020-ecole-navale\\\/#primaryimage\",\"url\":\"https:\\\/\\\/ecodef-ihedn.fr\\\/wp-content\\\/uploads\\\/2020\\\/04\\\/2020_menv_020_a_001_062.jpg\",\"contentUrl\":\"https:\\\/\\\/ecodef-ihedn.fr\\\/wp-content\\\/uploads\\\/2020\\\/04\\\/2020_menv_020_a_001_062.jpg\",\"width\":1772,\"height\":1179},{\"@type\":\"BreadcrumbList\",\"@id\":\"https:\\\/\\\/ecodef-ihedn.fr\\\/intervention-de-josselin-droff-a-la-15eme-journee-des-sciences-navales-jsn-2020-ecole-navale\\\/#breadcrumb\",\"itemListElement\":[{\"@type\":\"ListItem\",\"position\":1,\"name\":\"Accueil\",\"item\":\"https:\\\/\\\/ecodef-ihedn.fr\\\/\"},{\"@type\":\"ListItem\",\"position\":2,\"name\":\"Intervention de Josselin Droff \u00e0 la 15\u00e8me Journ\u00e9e des sciences navales (JSN 2020), \u00c9cole Navale\"}]},{\"@type\":\"WebSite\",\"@id\":\"https:\\\/\\\/ecodef-ihedn.fr\\\/#website\",\"url\":\"https:\\\/\\\/ecodef-ihedn.fr\\\/\",\"name\":\"Chaire \u00c9conomie de D\u00e9fense - IHEDN\",\"description\":\"Produire &amp; soutenir, f\u00e9d\u00e9rer &amp; diffuser, \u00eatre une interface\",\"publisher\":{\"@id\":\"https:\\\/\\\/ecodef-ihedn.fr\\\/#organization\"},\"potentialAction\":[{\"@type\":\"SearchAction\",\"target\":{\"@type\":\"EntryPoint\",\"urlTemplate\":\"https:\\\/\\\/ecodef-ihedn.fr\\\/?s={search_term_string}\"},\"query-input\":{\"@type\":\"PropertyValueSpecification\",\"valueRequired\":true,\"valueName\":\"search_term_string\"}}],\"inLanguage\":\"en-GB\"},{\"@type\":\"Organization\",\"@id\":\"https:\\\/\\\/ecodef-ihedn.fr\\\/#organization\",\"name\":\"Chaire \u00c9conomie de d\u00e9fense - IHEDN\",\"url\":\"https:\\\/\\\/ecodef-ihedn.fr\\\/\",\"logo\":{\"@type\":\"ImageObject\",\"inLanguage\":\"en-GB\",\"@id\":\"https:\\\/\\\/ecodef-ihedn.fr\\\/#\\\/schema\\\/logo\\\/image\\\/\",\"url\":\"https:\\\/\\\/ecodef-ihedn.fr\\\/wp-content\\\/uploads\\\/2020\\\/04\\\/logoEcodef9.jpg\",\"contentUrl\":\"https:\\\/\\\/ecodef-ihedn.fr\\\/wp-content\\\/uploads\\\/2020\\\/04\\\/logoEcodef9.jpg\",\"width\":410,\"height\":212,\"caption\":\"Chaire \u00c9conomie de d\u00e9fense - IHEDN\"},\"image\":{\"@id\":\"https:\\\/\\\/ecodef-ihedn.fr\\\/#\\\/schema\\\/logo\\\/image\\\/\"},\"sameAs\":[\"https:\\\/\\\/x.com\\\/Chaire_Ecodef\",\"https:\\\/\\\/www.linkedin.com\\\/company\\\/chaire-ecodef-ihedn\\\/\"]},{\"@type\":\"Person\",\"@id\":\"https:\\\/\\\/ecodef-ihedn.fr\\\/#\\\/schema\\\/person\\\/7b3f1a2d8fd336e0be2f9ff63ff0ebbc\",\"name\":\"dev\",\"image\":{\"@type\":\"ImageObject\",\"inLanguage\":\"en-GB\",\"@id\":\"https:\\\/\\\/secure.gravatar.com\\\/avatar\\\/f1ffcac9ca2fa95ad3ec33e9be3ade82f752acb0cabe541e56c5889225afa88a?s=96&d=mm&r=g\",\"url\":\"https:\\\/\\\/secure.gravatar.com\\\/avatar\\\/f1ffcac9ca2fa95ad3ec33e9be3ade82f752acb0cabe541e56c5889225afa88a?s=96&d=mm&r=g\",\"contentUrl\":\"https:\\\/\\\/secure.gravatar.com\\\/avatar\\\/f1ffcac9ca2fa95ad3ec33e9be3ade82f752acb0cabe541e56c5889225afa88a?s=96&d=mm&r=g\",\"caption\":\"dev\"},\"url\":\"https:\\\/\\\/ecodef-ihedn.fr\\\/en\\\/author\\\/dev\\\/\"}]}<\/script>\n<!-- \/ Yoast SEO plugin. -->","yoast_head_json":{"title":"Intervention de Josselin Droff \u00e0 la 15\u00e8me Journ\u00e9e des sciences navales (JSN 2020), \u00c9cole Navale - Chaire \u00c9conomie de d\u00e9fense - IHEDN","robots":{"index":"index","follow":"follow","max-snippet":"max-snippet:-1","max-image-preview":"max-image-preview:large","max-video-preview":"max-video-preview:-1"},"canonical":"https:\/\/ecodef-ihedn.fr\/en\/intervention-de-josselin-droff-a-la-15eme-journee-des-sciences-navales-jsn-2020-ecole-navale\/","og_locale":"en_GB","og_type":"article","og_title":"Intervention de Josselin Droff \u00e0 la 15\u00e8me Journ\u00e9e des sciences navales (JSN 2020), \u00c9cole Navale - Chaire \u00c9conomie de d\u00e9fense - IHEDN","og_description":"La Journ\u00e9e des sciences navales 2020 La 15\u00e8me \u00e9dition de la journ\u00e9e des sciences navales s&rsquo;est d\u00e9roul\u00e9e \u00e0 l\u2019\u00c9cole Navale, Lanv\u00e9oc &#8211; Brest le jeudi 30 janvier 2020. R\u00e9pondant au d\u00e9part \u00e0 la volont\u00e9 de la Marine nationale de valoriser son enseignement et de sensibiliser ses \u00e9l\u00e8ves aux enjeux de la recherche et de l\u2019innovation [&hellip;]","og_url":"https:\/\/ecodef-ihedn.fr\/en\/intervention-de-josselin-droff-a-la-15eme-journee-des-sciences-navales-jsn-2020-ecole-navale\/","og_site_name":"Chaire \u00c9conomie de d\u00e9fense - IHEDN","article_published_time":"2020-02-11T00:00:00+00:00","article_modified_time":"2020-04-09T10:59:26+00:00","og_image":[{"width":1772,"height":1179,"url":"https:\/\/ecodef-ihedn.fr\/wp-content\/uploads\/2020\/04\/2020_menv_020_a_001_062.jpg","type":"image\/jpeg"}],"author":"dev","twitter_card":"summary_large_image","twitter_creator":"@Chaire_Ecodef","twitter_site":"@Chaire_Ecodef","twitter_misc":{"Written by":"dev","Estimated reading time":"3 minutes"},"schema":{"@context":"https:\/\/schema.org","@graph":[{"@type":"Article","@id":"https:\/\/ecodef-ihedn.fr\/intervention-de-josselin-droff-a-la-15eme-journee-des-sciences-navales-jsn-2020-ecole-navale\/#article","isPartOf":{"@id":"https:\/\/ecodef-ihedn.fr\/intervention-de-josselin-droff-a-la-15eme-journee-des-sciences-navales-jsn-2020-ecole-navale\/"},"author":{"name":"dev","@id":"https:\/\/ecodef-ihedn.fr\/#\/schema\/person\/7b3f1a2d8fd336e0be2f9ff63ff0ebbc"},"headline":"Intervention de Josselin Droff \u00e0 la 15\u00e8me Journ\u00e9e des sciences navales (JSN 2020), \u00c9cole Navale","datePublished":"2020-02-11T00:00:00+00:00","dateModified":"2020-04-09T10:59:26+00:00","mainEntityOfPage":{"@id":"https:\/\/ecodef-ihedn.fr\/intervention-de-josselin-droff-a-la-15eme-journee-des-sciences-navales-jsn-2020-ecole-navale\/"},"wordCount":620,"commentCount":0,"publisher":{"@id":"https:\/\/ecodef-ihedn.fr\/#organization"},"image":{"@id":"https:\/\/ecodef-ihedn.fr\/intervention-de-josselin-droff-a-la-15eme-journee-des-sciences-navales-jsn-2020-ecole-navale\/#primaryimage"},"thumbnailUrl":"https:\/\/ecodef-ihedn.fr\/wp-content\/uploads\/2020\/04\/2020_menv_020_a_001_062.jpg","keywords":["Ecole Navale","industrie","industrie de d\u00e9fense","IRSEM","Journ\u00e9e des Sciences Navales","MCO","MCO 4.0"],"articleSection":["Activit\u00e9s : participation de la Chaire \u00e0 un \u00e9v\u00e9nement"],"inLanguage":"en-GB","potentialAction":[{"@type":"CommentAction","name":"Comment","target":["https:\/\/ecodef-ihedn.fr\/intervention-de-josselin-droff-a-la-15eme-journee-des-sciences-navales-jsn-2020-ecole-navale\/#respond"]}]},{"@type":"WebPage","@id":"https:\/\/ecodef-ihedn.fr\/intervention-de-josselin-droff-a-la-15eme-journee-des-sciences-navales-jsn-2020-ecole-navale\/","url":"https:\/\/ecodef-ihedn.fr\/intervention-de-josselin-droff-a-la-15eme-journee-des-sciences-navales-jsn-2020-ecole-navale\/","name":"Intervention de Josselin Droff \u00e0 la 15\u00e8me Journ\u00e9e des sciences navales (JSN 2020), \u00c9cole Navale - Chaire \u00c9conomie de d\u00e9fense - IHEDN","isPartOf":{"@id":"https:\/\/ecodef-ihedn.fr\/#website"},"primaryImageOfPage":{"@id":"https:\/\/ecodef-ihedn.fr\/intervention-de-josselin-droff-a-la-15eme-journee-des-sciences-navales-jsn-2020-ecole-navale\/#primaryimage"},"image":{"@id":"https:\/\/ecodef-ihedn.fr\/intervention-de-josselin-droff-a-la-15eme-journee-des-sciences-navales-jsn-2020-ecole-navale\/#primaryimage"},"thumbnailUrl":"https:\/\/ecodef-ihedn.fr\/wp-content\/uploads\/2020\/04\/2020_menv_020_a_001_062.jpg","datePublished":"2020-02-11T00:00:00+00:00","dateModified":"2020-04-09T10:59:26+00:00","breadcrumb":{"@id":"https:\/\/ecodef-ihedn.fr\/intervention-de-josselin-droff-a-la-15eme-journee-des-sciences-navales-jsn-2020-ecole-navale\/#breadcrumb"},"inLanguage":"en-GB","potentialAction":[{"@type":"ReadAction","target":["https:\/\/ecodef-ihedn.fr\/intervention-de-josselin-droff-a-la-15eme-journee-des-sciences-navales-jsn-2020-ecole-navale\/"]}]},{"@type":"ImageObject","inLanguage":"en-GB","@id":"https:\/\/ecodef-ihedn.fr\/intervention-de-josselin-droff-a-la-15eme-journee-des-sciences-navales-jsn-2020-ecole-navale\/#primaryimage","url":"https:\/\/ecodef-ihedn.fr\/wp-content\/uploads\/2020\/04\/2020_menv_020_a_001_062.jpg","contentUrl":"https:\/\/ecodef-ihedn.fr\/wp-content\/uploads\/2020\/04\/2020_menv_020_a_001_062.jpg","width":1772,"height":1179},{"@type":"BreadcrumbList","@id":"https:\/\/ecodef-ihedn.fr\/intervention-de-josselin-droff-a-la-15eme-journee-des-sciences-navales-jsn-2020-ecole-navale\/#breadcrumb","itemListElement":[{"@type":"ListItem","position":1,"name":"Accueil","item":"https:\/\/ecodef-ihedn.fr\/"},{"@type":"ListItem","position":2,"name":"Intervention de Josselin Droff \u00e0 la 15\u00e8me Journ\u00e9e des sciences navales (JSN 2020), \u00c9cole Navale"}]},{"@type":"WebSite","@id":"https:\/\/ecodef-ihedn.fr\/#website","url":"https:\/\/ecodef-ihedn.fr\/","name":"Chair in Defence Economics - IHEDN","description":"Produce &amp; support, federate &amp; disseminate, act as an interface","publisher":{"@id":"https:\/\/ecodef-ihedn.fr\/#organization"},"potentialAction":[{"@type":"SearchAction","target":{"@type":"EntryPoint","urlTemplate":"https:\/\/ecodef-ihedn.fr\/?s={search_term_string}"},"query-input":{"@type":"PropertyValueSpecification","valueRequired":true,"valueName":"search_term_string"}}],"inLanguage":"en-GB"},{"@type":"Organization","@id":"https:\/\/ecodef-ihedn.fr\/#organization","name":"Chair in Defence Economics - IHEDN","url":"https:\/\/ecodef-ihedn.fr\/","logo":{"@type":"ImageObject","inLanguage":"en-GB","@id":"https:\/\/ecodef-ihedn.fr\/#\/schema\/logo\/image\/","url":"https:\/\/ecodef-ihedn.fr\/wp-content\/uploads\/2020\/04\/logoEcodef9.jpg","contentUrl":"https:\/\/ecodef-ihedn.fr\/wp-content\/uploads\/2020\/04\/logoEcodef9.jpg","width":410,"height":212,"caption":"Chaire \u00c9conomie de d\u00e9fense - IHEDN"},"image":{"@id":"https:\/\/ecodef-ihedn.fr\/#\/schema\/logo\/image\/"},"sameAs":["https:\/\/x.com\/Chaire_Ecodef","https:\/\/www.linkedin.com\/company\/chaire-ecodef-ihedn\/"]},{"@type":"Person","@id":"https:\/\/ecodef-ihedn.fr\/#\/schema\/person\/7b3f1a2d8fd336e0be2f9ff63ff0ebbc","name":"dev","image":{"@type":"ImageObject","inLanguage":"en-GB","@id":"https:\/\/secure.gravatar.com\/avatar\/f1ffcac9ca2fa95ad3ec33e9be3ade82f752acb0cabe541e56c5889225afa88a?s=96&d=mm&r=g","url":"https:\/\/secure.gravatar.com\/avatar\/f1ffcac9ca2fa95ad3ec33e9be3ade82f752acb0cabe541e56c5889225afa88a?s=96&d=mm&r=g","contentUrl":"https:\/\/secure.gravatar.com\/avatar\/f1ffcac9ca2fa95ad3ec33e9be3ade82f752acb0cabe541e56c5889225afa88a?s=96&d=mm&r=g","caption":"dev"},"url":"https:\/\/ecodef-ihedn.fr\/en\/author\/dev\/"}]}},"_links":{"self":[{"href":"https:\/\/ecodef-ihedn.fr\/en\/wp-json\/wp\/v2\/posts\/1203","targetHints":{"allow":["GET"]}}],"collection":[{"href":"https:\/\/ecodef-ihedn.fr\/en\/wp-json\/wp\/v2\/posts"}],"about":[{"href":"https:\/\/ecodef-ihedn.fr\/en\/wp-json\/wp\/v2\/types\/post"}],"author":[{"embeddable":true,"href":"https:\/\/ecodef-ihedn.fr\/en\/wp-json\/wp\/v2\/users\/1"}],"replies":[{"embeddable":true,"href":"https:\/\/ecodef-ihedn.fr\/en\/wp-json\/wp\/v2\/comments?post=1203"}],"version-history":[{"count":2,"href":"https:\/\/ecodef-ihedn.fr\/en\/wp-json\/wp\/v2\/posts\/1203\/revisions"}],"predecessor-version":[{"id":1442,"href":"https:\/\/ecodef-ihedn.fr\/en\/wp-json\/wp\/v2\/posts\/1203\/revisions\/1442"}],"wp:featuredmedia":[{"embeddable":true,"href":"https:\/\/ecodef-ihedn.fr\/en\/wp-json\/wp\/v2\/media\/1204"}],"wp:attachment":[{"href":"https:\/\/ecodef-ihedn.fr\/en\/wp-json\/wp\/v2\/media?parent=1203"}],"wp:term":[{"taxonomy":"category","embeddable":true,"href":"https:\/\/ecodef-ihedn.fr\/en\/wp-json\/wp\/v2\/categories?post=1203"},{"taxonomy":"post_tag","embeddable":true,"href":"https:\/\/ecodef-ihedn.fr\/en\/wp-json\/wp\/v2\/tags?post=1203"}],"curies":[{"name":"wp","href":"https:\/\/api.w.org\/{rel}","templated":true}]}}