{"id":1206,"date":"2020-02-12T00:00:00","date_gmt":"2020-02-12T00:00:00","guid":{"rendered":"https:\/\/ecodef-ihedn.fr\/retour-sur-la-table-ronde-organisee-avec-le-cdem-le-23-janvier-2020\/"},"modified":"2020-04-09T10:59:04","modified_gmt":"2020-04-09T10:59:04","slug":"retour-sur-la-table-ronde-organisee-avec-le-cdem-le-23-janvier-2020","status":"publish","type":"post","link":"https:\/\/ecodef-ihedn.fr\/en\/retour-sur-la-table-ronde-organisee-avec-le-cdem-le-23-janvier-2020\/","title":{"rendered":"Review of the round table organised with CDEM on 23 January 2020"},"content":{"rendered":"<p>La <a href=\"https:\/\/www.linkedin.com\/company\/28502662\/\" target=\"_blank\" rel=\"noreferrer noopener\" aria-label=\"Chair in Defence Economics - IHEDN (opens in a new tab)\">Chair in Defence Economics - IHEDN<\/a> and the <a rel=\"noreferrer noopener\" aria-label=\"Centre de documentation de l&#039;\u00c9cole militaire (CDEM) (opens in a new tab)\" href=\"https:\/\/www.dems.defense.gouv.fr\/cdem\/\" target=\"_blank\">Military School Documentation Centre (CDEM)<\/a> co-organised a conference on 23 January to present the <a rel=\"noreferrer noopener\" aria-label=\"special issue of Defence and Peace Economics (opens in a new tab)\" href=\"https:\/\/www.tandfonline.com\/toc\/gdpe20\/30\/2?nav=tocList\" target=\"_blank\">special issue of Defence and Peace Economics<\/a> devoted to French issues and coordinated by <a rel=\"noreferrer noopener\" aria-label=\" (opens in a new tab)\" href=\"https:\/\/www.linkedin.com\/in\/julienmalizard\/\" target=\"_blank\">Julien Malizard<\/a>. This event is part of the CDEM's 10th anniversary celebrations. <\/p>\n\n\n\n<figure class=\"wp-block-image size-large\"><img decoding=\"async\" src=\"https:\/\/ecodef-ihedn.fr\/wp-content\/uploads\/2020\/02\/sans-titre.png\" alt=\"Une image contenant int\u00e9rieur, personne, table, assisDescription g\u00e9n\u00e9r\u00e9e automatiquement\" class=\"wp-image-7525\" \/><figcaption><strong>Julien Malizard \u00a9DEMS <\/strong><\/figcaption><\/figure>\n\n\n\n<p>This event enabled\nauthors to present their articles: <\/p>\n\n\n\n<ul class=\"wp-block-list\"><li><a href=\"https:\/\/www.linkedin.com\/in\/julienmalizard\/\" target=\"_blank\" rel=\"noreferrer noopener\" aria-label=\"Julien Malizard (opens in a new tab)\">Julien Malizard<\/a> pointed out that the field of defence economics remains under-represented, both among the other disciplines that make up strategic studies (law, political science, history, geography, etc.) and within economics. Nevertheless, recent initiatives have helped to revitalise the field. The aim of this special issue is to highlight the importance of economic issues for defence policy, as well as the potential relevance of this work for economics. <\/li><li>Jacques Aben discussed the relevance of military spending as a measure of a nation's power. Defence, as a sovereign activity, is obviously a relevant indicator of power, even if its budgetary contours are difficult to grasp. Moreover, the concept of defence is also fundamentally incomplete and by adding a set of budgetary elements, it is possible to show that the share of public spending linked to power is close to 3.5% of GDP.<\/li><\/ul>\n\n\n\n<figure class=\"wp-block-image size-large\"><img decoding=\"async\" src=\"https:\/\/ecodef-ihedn.fr\/wp-content\/uploads\/2020\/04\/sans-titre2.png\" alt=\"\" class=\"wp-image-7526\" \/><figcaption><strong>Jacques Aben \u00a9DEMS <\/strong><\/figcaption><\/figure>\n\n\n\n<ul class=\"wp-block-list\"><li><a href=\"https:\/\/www.linkedin.com\/in\/josselin-droff-43ab8a93\/\" target=\"_blank\" rel=\"noreferrer noopener\" aria-label=\" (opens in a new tab)\">Josselin Droff<\/a> analysed recent trends in the geographical organisation of maintenance in operational condition (MCO). Based on a small model, the location choices are examined: either all MCO activities are concentrated in a single location, thereby achieving economies of scale, or activities are decentralised to two locations, thereby minimising transport costs and the \u00aboperational social cost\u00bb. The choices made over the last fifteen years are moving in the direction of greater economic rationality, but historical forces are also at work. <\/li><li>Marianne Guille has studied recent developments in the funding of defence R&amp;D. The defence sector's share of funding has fallen sharply since 1980, and the share of direct funding received from the Ministry of Defence is declining, with indirect funding (notably research tax credits) now the preferred method. This change in funding structure has not called into question the central role played by defence companies in the national innovation system, thanks to their investment in fundamental research. <\/li><li>Antoine Pietri presented an empirical study linking the intensity of civil conflicts and arms exports over the period 1992-2014. In the economic literature, there are two opposing viewpoints: for some, exports are likely to stabilise the parties to a conflict, while for others the opposite effect is expected. An econometric model designed to estimate the determining variables in the explanation of conflicts indicates that French arms exports tend to reduce the intensity of conflicts (unlike other arms exports). Two explanations are put forward: France chooses its trading partners cautiously and the weapons sold are more defence-related than those sold by the rest of the world. <\/li><\/ul>","protected":false},"excerpt":{"rendered":"<p>Review of the round table organised with CDEM on 23 January 2020<\/p>","protected":false},"author":1,"featured_media":1208,"comment_status":"open","ping_status":"open","sticky":false,"template":"","format":"standard","meta":{"footnotes":""},"categories":[355],"tags":[345,337,41,191,198,202,86,346],"class_list":{"0":"post-1206","1":"post","2":"type-post","3":"status-publish","4":"format-standard","5":"has-post-thumbnail","7":"category-activites-evenements-portes-par-la-chaire","8":"tag-antoine-pietri","9":"tag-cdem","10":"tag-conference","11":"tag-defence-and-peace-economics","12":"tag-jacques-aben","13":"tag-josselin-droff","14":"tag-julien-malizard","15":"tag-marianne-guille"},"yoast_head":"<!-- This site is optimized with the Yoast SEO plugin v27.4 - https:\/\/yoast.com\/product\/yoast-seo-wordpress\/ -->\n<title>Retour sur la table ronde organis\u00e9e avec le CDEM le 23 janvier 2020 - Chaire \u00c9conomie de d\u00e9fense - IHEDN<\/title>\n<meta name=\"robots\" content=\"index, follow, max-snippet:-1, max-image-preview:large, max-video-preview:-1\" \/>\n<link rel=\"canonical\" href=\"https:\/\/ecodef-ihedn.fr\/en\/retour-sur-la-table-ronde-organisee-avec-le-cdem-le-23-janvier-2020\/\" \/>\n<meta property=\"og:locale\" content=\"en_GB\" \/>\n<meta property=\"og:type\" content=\"article\" \/>\n<meta property=\"og:title\" content=\"Retour sur la table ronde organis\u00e9e avec le CDEM le 23 janvier 2020 - Chaire \u00c9conomie de d\u00e9fense - IHEDN\" \/>\n<meta property=\"og:description\" content=\"Retour sur la table ronde organis\u00e9e avec le CDEM le 23 janvier 2020\" \/>\n<meta property=\"og:url\" content=\"https:\/\/ecodef-ihedn.fr\/en\/retour-sur-la-table-ronde-organisee-avec-le-cdem-le-23-janvier-2020\/\" \/>\n<meta property=\"og:site_name\" content=\"Chaire \u00c9conomie de d\u00e9fense - IHEDN\" \/>\n<meta property=\"article:published_time\" content=\"2020-02-12T00:00:00+00:00\" \/>\n<meta property=\"article:modified_time\" content=\"2020-04-09T10:59:04+00:00\" \/>\n<meta property=\"og:image\" content=\"https:\/\/ecodef-ihedn.fr\/wp-content\/uploads\/2020\/04\/img_20200123_175055.jpg\" \/>\n\t<meta property=\"og:image:width\" content=\"2048\" \/>\n\t<meta property=\"og:image:height\" content=\"1536\" \/>\n\t<meta property=\"og:image:type\" content=\"image\/jpeg\" \/>\n<meta name=\"author\" content=\"dev\" \/>\n<meta name=\"twitter:card\" content=\"summary_large_image\" \/>\n<meta name=\"twitter:creator\" content=\"@Chaire_Ecodef\" \/>\n<meta name=\"twitter:site\" content=\"@Chaire_Ecodef\" \/>\n<meta name=\"twitter:label1\" content=\"Written by\" \/>\n\t<meta name=\"twitter:data1\" content=\"dev\" \/>\n\t<meta name=\"twitter:label2\" content=\"Estimated reading time\" \/>\n\t<meta name=\"twitter:data2\" content=\"3 minutes\" \/>\n<script type=\"application\/ld+json\" class=\"yoast-schema-graph\">{\"@context\":\"https:\\\/\\\/schema.org\",\"@graph\":[{\"@type\":\"Article\",\"@id\":\"https:\\\/\\\/ecodef-ihedn.fr\\\/retour-sur-la-table-ronde-organisee-avec-le-cdem-le-23-janvier-2020\\\/#article\",\"isPartOf\":{\"@id\":\"https:\\\/\\\/ecodef-ihedn.fr\\\/retour-sur-la-table-ronde-organisee-avec-le-cdem-le-23-janvier-2020\\\/\"},\"author\":{\"name\":\"dev\",\"@id\":\"https:\\\/\\\/ecodef-ihedn.fr\\\/#\\\/schema\\\/person\\\/7b3f1a2d8fd336e0be2f9ff63ff0ebbc\"},\"headline\":\"Retour sur la table ronde organis\u00e9e avec le CDEM le 23 janvier 2020\",\"datePublished\":\"2020-02-12T00:00:00+00:00\",\"dateModified\":\"2020-04-09T10:59:04+00:00\",\"mainEntityOfPage\":{\"@id\":\"https:\\\/\\\/ecodef-ihedn.fr\\\/retour-sur-la-table-ronde-organisee-avec-le-cdem-le-23-janvier-2020\\\/\"},\"wordCount\":631,\"commentCount\":3,\"publisher\":{\"@id\":\"https:\\\/\\\/ecodef-ihedn.fr\\\/#organization\"},\"image\":{\"@id\":\"https:\\\/\\\/ecodef-ihedn.fr\\\/retour-sur-la-table-ronde-organisee-avec-le-cdem-le-23-janvier-2020\\\/#primaryimage\"},\"thumbnailUrl\":\"https:\\\/\\\/ecodef-ihedn.fr\\\/wp-content\\\/uploads\\\/2020\\\/04\\\/img_20200123_175055.jpg\",\"keywords\":[\"Antoine Pietri\",\"CDEM\",\"conf\u00e9rence\",\"Defence and Peace Economics\",\"jacques Aben\",\"Josselin Droff\",\"Julien Malizard\",\"Marianne Guille\"],\"articleSection\":[\"Activit\u00e9s : \u00e9v\u00e9nements port\u00e9s par la Chaire\"],\"inLanguage\":\"en-GB\",\"potentialAction\":[{\"@type\":\"CommentAction\",\"name\":\"Comment\",\"target\":[\"https:\\\/\\\/ecodef-ihedn.fr\\\/retour-sur-la-table-ronde-organisee-avec-le-cdem-le-23-janvier-2020\\\/#respond\"]}]},{\"@type\":\"WebPage\",\"@id\":\"https:\\\/\\\/ecodef-ihedn.fr\\\/retour-sur-la-table-ronde-organisee-avec-le-cdem-le-23-janvier-2020\\\/\",\"url\":\"https:\\\/\\\/ecodef-ihedn.fr\\\/retour-sur-la-table-ronde-organisee-avec-le-cdem-le-23-janvier-2020\\\/\",\"name\":\"Retour sur la table ronde organis\u00e9e avec le CDEM le 23 janvier 2020 - Chaire \u00c9conomie de d\u00e9fense - IHEDN\",\"isPartOf\":{\"@id\":\"https:\\\/\\\/ecodef-ihedn.fr\\\/#website\"},\"primaryImageOfPage\":{\"@id\":\"https:\\\/\\\/ecodef-ihedn.fr\\\/retour-sur-la-table-ronde-organisee-avec-le-cdem-le-23-janvier-2020\\\/#primaryimage\"},\"image\":{\"@id\":\"https:\\\/\\\/ecodef-ihedn.fr\\\/retour-sur-la-table-ronde-organisee-avec-le-cdem-le-23-janvier-2020\\\/#primaryimage\"},\"thumbnailUrl\":\"https:\\\/\\\/ecodef-ihedn.fr\\\/wp-content\\\/uploads\\\/2020\\\/04\\\/img_20200123_175055.jpg\",\"datePublished\":\"2020-02-12T00:00:00+00:00\",\"dateModified\":\"2020-04-09T10:59:04+00:00\",\"breadcrumb\":{\"@id\":\"https:\\\/\\\/ecodef-ihedn.fr\\\/retour-sur-la-table-ronde-organisee-avec-le-cdem-le-23-janvier-2020\\\/#breadcrumb\"},\"inLanguage\":\"en-GB\",\"potentialAction\":[{\"@type\":\"ReadAction\",\"target\":[\"https:\\\/\\\/ecodef-ihedn.fr\\\/retour-sur-la-table-ronde-organisee-avec-le-cdem-le-23-janvier-2020\\\/\"]}]},{\"@type\":\"ImageObject\",\"inLanguage\":\"en-GB\",\"@id\":\"https:\\\/\\\/ecodef-ihedn.fr\\\/retour-sur-la-table-ronde-organisee-avec-le-cdem-le-23-janvier-2020\\\/#primaryimage\",\"url\":\"https:\\\/\\\/ecodef-ihedn.fr\\\/wp-content\\\/uploads\\\/2020\\\/04\\\/img_20200123_175055.jpg\",\"contentUrl\":\"https:\\\/\\\/ecodef-ihedn.fr\\\/wp-content\\\/uploads\\\/2020\\\/04\\\/img_20200123_175055.jpg\",\"width\":2048,\"height\":1536},{\"@type\":\"BreadcrumbList\",\"@id\":\"https:\\\/\\\/ecodef-ihedn.fr\\\/retour-sur-la-table-ronde-organisee-avec-le-cdem-le-23-janvier-2020\\\/#breadcrumb\",\"itemListElement\":[{\"@type\":\"ListItem\",\"position\":1,\"name\":\"Accueil\",\"item\":\"https:\\\/\\\/ecodef-ihedn.fr\\\/\"},{\"@type\":\"ListItem\",\"position\":2,\"name\":\"Retour sur la table ronde organis\u00e9e avec le CDEM le 23 janvier 2020\"}]},{\"@type\":\"WebSite\",\"@id\":\"https:\\\/\\\/ecodef-ihedn.fr\\\/#website\",\"url\":\"https:\\\/\\\/ecodef-ihedn.fr\\\/\",\"name\":\"Chaire \u00c9conomie de D\u00e9fense - IHEDN\",\"description\":\"Produire &amp; soutenir, f\u00e9d\u00e9rer &amp; diffuser, \u00eatre une interface\",\"publisher\":{\"@id\":\"https:\\\/\\\/ecodef-ihedn.fr\\\/#organization\"},\"potentialAction\":[{\"@type\":\"SearchAction\",\"target\":{\"@type\":\"EntryPoint\",\"urlTemplate\":\"https:\\\/\\\/ecodef-ihedn.fr\\\/?s={search_term_string}\"},\"query-input\":{\"@type\":\"PropertyValueSpecification\",\"valueRequired\":true,\"valueName\":\"search_term_string\"}}],\"inLanguage\":\"en-GB\"},{\"@type\":\"Organization\",\"@id\":\"https:\\\/\\\/ecodef-ihedn.fr\\\/#organization\",\"name\":\"Chaire \u00c9conomie de d\u00e9fense - IHEDN\",\"url\":\"https:\\\/\\\/ecodef-ihedn.fr\\\/\",\"logo\":{\"@type\":\"ImageObject\",\"inLanguage\":\"en-GB\",\"@id\":\"https:\\\/\\\/ecodef-ihedn.fr\\\/#\\\/schema\\\/logo\\\/image\\\/\",\"url\":\"https:\\\/\\\/ecodef-ihedn.fr\\\/wp-content\\\/uploads\\\/2020\\\/04\\\/logoEcodef9.jpg\",\"contentUrl\":\"https:\\\/\\\/ecodef-ihedn.fr\\\/wp-content\\\/uploads\\\/2020\\\/04\\\/logoEcodef9.jpg\",\"width\":410,\"height\":212,\"caption\":\"Chaire \u00c9conomie de d\u00e9fense - IHEDN\"},\"image\":{\"@id\":\"https:\\\/\\\/ecodef-ihedn.fr\\\/#\\\/schema\\\/logo\\\/image\\\/\"},\"sameAs\":[\"https:\\\/\\\/x.com\\\/Chaire_Ecodef\",\"https:\\\/\\\/www.linkedin.com\\\/company\\\/chaire-ecodef-ihedn\\\/\"]},{\"@type\":\"Person\",\"@id\":\"https:\\\/\\\/ecodef-ihedn.fr\\\/#\\\/schema\\\/person\\\/7b3f1a2d8fd336e0be2f9ff63ff0ebbc\",\"name\":\"dev\",\"image\":{\"@type\":\"ImageObject\",\"inLanguage\":\"en-GB\",\"@id\":\"https:\\\/\\\/secure.gravatar.com\\\/avatar\\\/f1ffcac9ca2fa95ad3ec33e9be3ade82f752acb0cabe541e56c5889225afa88a?s=96&d=mm&r=g\",\"url\":\"https:\\\/\\\/secure.gravatar.com\\\/avatar\\\/f1ffcac9ca2fa95ad3ec33e9be3ade82f752acb0cabe541e56c5889225afa88a?s=96&d=mm&r=g\",\"contentUrl\":\"https:\\\/\\\/secure.gravatar.com\\\/avatar\\\/f1ffcac9ca2fa95ad3ec33e9be3ade82f752acb0cabe541e56c5889225afa88a?s=96&d=mm&r=g\",\"caption\":\"dev\"},\"url\":\"https:\\\/\\\/ecodef-ihedn.fr\\\/en\\\/author\\\/dev\\\/\"}]}<\/script>\n<!-- \/ Yoast SEO plugin. -->","yoast_head_json":{"title":"Retour sur la table ronde organis\u00e9e avec le CDEM le 23 janvier 2020 - Chaire \u00c9conomie de d\u00e9fense - IHEDN","robots":{"index":"index","follow":"follow","max-snippet":"max-snippet:-1","max-image-preview":"max-image-preview:large","max-video-preview":"max-video-preview:-1"},"canonical":"https:\/\/ecodef-ihedn.fr\/en\/retour-sur-la-table-ronde-organisee-avec-le-cdem-le-23-janvier-2020\/","og_locale":"en_GB","og_type":"article","og_title":"Retour sur la table ronde organis\u00e9e avec le CDEM le 23 janvier 2020 - Chaire \u00c9conomie de d\u00e9fense - IHEDN","og_description":"Retour sur la table ronde organis\u00e9e avec le CDEM le 23 janvier 2020","og_url":"https:\/\/ecodef-ihedn.fr\/en\/retour-sur-la-table-ronde-organisee-avec-le-cdem-le-23-janvier-2020\/","og_site_name":"Chaire \u00c9conomie de d\u00e9fense - IHEDN","article_published_time":"2020-02-12T00:00:00+00:00","article_modified_time":"2020-04-09T10:59:04+00:00","og_image":[{"width":2048,"height":1536,"url":"https:\/\/ecodef-ihedn.fr\/wp-content\/uploads\/2020\/04\/img_20200123_175055.jpg","type":"image\/jpeg"}],"author":"dev","twitter_card":"summary_large_image","twitter_creator":"@Chaire_Ecodef","twitter_site":"@Chaire_Ecodef","twitter_misc":{"Written by":"dev","Estimated reading time":"3 minutes"},"schema":{"@context":"https:\/\/schema.org","@graph":[{"@type":"Article","@id":"https:\/\/ecodef-ihedn.fr\/retour-sur-la-table-ronde-organisee-avec-le-cdem-le-23-janvier-2020\/#article","isPartOf":{"@id":"https:\/\/ecodef-ihedn.fr\/retour-sur-la-table-ronde-organisee-avec-le-cdem-le-23-janvier-2020\/"},"author":{"name":"dev","@id":"https:\/\/ecodef-ihedn.fr\/#\/schema\/person\/7b3f1a2d8fd336e0be2f9ff63ff0ebbc"},"headline":"Retour sur la table ronde organis\u00e9e avec le CDEM le 23 janvier 2020","datePublished":"2020-02-12T00:00:00+00:00","dateModified":"2020-04-09T10:59:04+00:00","mainEntityOfPage":{"@id":"https:\/\/ecodef-ihedn.fr\/retour-sur-la-table-ronde-organisee-avec-le-cdem-le-23-janvier-2020\/"},"wordCount":631,"commentCount":3,"publisher":{"@id":"https:\/\/ecodef-ihedn.fr\/#organization"},"image":{"@id":"https:\/\/ecodef-ihedn.fr\/retour-sur-la-table-ronde-organisee-avec-le-cdem-le-23-janvier-2020\/#primaryimage"},"thumbnailUrl":"https:\/\/ecodef-ihedn.fr\/wp-content\/uploads\/2020\/04\/img_20200123_175055.jpg","keywords":["Antoine Pietri","CDEM","conf\u00e9rence","Defence and Peace Economics","jacques Aben","Josselin Droff","Julien Malizard","Marianne Guille"],"articleSection":["Activit\u00e9s : \u00e9v\u00e9nements port\u00e9s par la Chaire"],"inLanguage":"en-GB","potentialAction":[{"@type":"CommentAction","name":"Comment","target":["https:\/\/ecodef-ihedn.fr\/retour-sur-la-table-ronde-organisee-avec-le-cdem-le-23-janvier-2020\/#respond"]}]},{"@type":"WebPage","@id":"https:\/\/ecodef-ihedn.fr\/retour-sur-la-table-ronde-organisee-avec-le-cdem-le-23-janvier-2020\/","url":"https:\/\/ecodef-ihedn.fr\/retour-sur-la-table-ronde-organisee-avec-le-cdem-le-23-janvier-2020\/","name":"Retour sur la table ronde organis\u00e9e avec le CDEM le 23 janvier 2020 - Chaire \u00c9conomie de d\u00e9fense - IHEDN","isPartOf":{"@id":"https:\/\/ecodef-ihedn.fr\/#website"},"primaryImageOfPage":{"@id":"https:\/\/ecodef-ihedn.fr\/retour-sur-la-table-ronde-organisee-avec-le-cdem-le-23-janvier-2020\/#primaryimage"},"image":{"@id":"https:\/\/ecodef-ihedn.fr\/retour-sur-la-table-ronde-organisee-avec-le-cdem-le-23-janvier-2020\/#primaryimage"},"thumbnailUrl":"https:\/\/ecodef-ihedn.fr\/wp-content\/uploads\/2020\/04\/img_20200123_175055.jpg","datePublished":"2020-02-12T00:00:00+00:00","dateModified":"2020-04-09T10:59:04+00:00","breadcrumb":{"@id":"https:\/\/ecodef-ihedn.fr\/retour-sur-la-table-ronde-organisee-avec-le-cdem-le-23-janvier-2020\/#breadcrumb"},"inLanguage":"en-GB","potentialAction":[{"@type":"ReadAction","target":["https:\/\/ecodef-ihedn.fr\/retour-sur-la-table-ronde-organisee-avec-le-cdem-le-23-janvier-2020\/"]}]},{"@type":"ImageObject","inLanguage":"en-GB","@id":"https:\/\/ecodef-ihedn.fr\/retour-sur-la-table-ronde-organisee-avec-le-cdem-le-23-janvier-2020\/#primaryimage","url":"https:\/\/ecodef-ihedn.fr\/wp-content\/uploads\/2020\/04\/img_20200123_175055.jpg","contentUrl":"https:\/\/ecodef-ihedn.fr\/wp-content\/uploads\/2020\/04\/img_20200123_175055.jpg","width":2048,"height":1536},{"@type":"BreadcrumbList","@id":"https:\/\/ecodef-ihedn.fr\/retour-sur-la-table-ronde-organisee-avec-le-cdem-le-23-janvier-2020\/#breadcrumb","itemListElement":[{"@type":"ListItem","position":1,"name":"Accueil","item":"https:\/\/ecodef-ihedn.fr\/"},{"@type":"ListItem","position":2,"name":"Retour sur la table ronde organis\u00e9e avec le CDEM le 23 janvier 2020"}]},{"@type":"WebSite","@id":"https:\/\/ecodef-ihedn.fr\/#website","url":"https:\/\/ecodef-ihedn.fr\/","name":"Chair in Defence Economics - IHEDN","description":"Produce &amp; support, federate &amp; disseminate, act as an interface","publisher":{"@id":"https:\/\/ecodef-ihedn.fr\/#organization"},"potentialAction":[{"@type":"SearchAction","target":{"@type":"EntryPoint","urlTemplate":"https:\/\/ecodef-ihedn.fr\/?s={search_term_string}"},"query-input":{"@type":"PropertyValueSpecification","valueRequired":true,"valueName":"search_term_string"}}],"inLanguage":"en-GB"},{"@type":"Organization","@id":"https:\/\/ecodef-ihedn.fr\/#organization","name":"Chair in Defence Economics - IHEDN","url":"https:\/\/ecodef-ihedn.fr\/","logo":{"@type":"ImageObject","inLanguage":"en-GB","@id":"https:\/\/ecodef-ihedn.fr\/#\/schema\/logo\/image\/","url":"https:\/\/ecodef-ihedn.fr\/wp-content\/uploads\/2020\/04\/logoEcodef9.jpg","contentUrl":"https:\/\/ecodef-ihedn.fr\/wp-content\/uploads\/2020\/04\/logoEcodef9.jpg","width":410,"height":212,"caption":"Chaire \u00c9conomie de d\u00e9fense - IHEDN"},"image":{"@id":"https:\/\/ecodef-ihedn.fr\/#\/schema\/logo\/image\/"},"sameAs":["https:\/\/x.com\/Chaire_Ecodef","https:\/\/www.linkedin.com\/company\/chaire-ecodef-ihedn\/"]},{"@type":"Person","@id":"https:\/\/ecodef-ihedn.fr\/#\/schema\/person\/7b3f1a2d8fd336e0be2f9ff63ff0ebbc","name":"dev","image":{"@type":"ImageObject","inLanguage":"en-GB","@id":"https:\/\/secure.gravatar.com\/avatar\/f1ffcac9ca2fa95ad3ec33e9be3ade82f752acb0cabe541e56c5889225afa88a?s=96&d=mm&r=g","url":"https:\/\/secure.gravatar.com\/avatar\/f1ffcac9ca2fa95ad3ec33e9be3ade82f752acb0cabe541e56c5889225afa88a?s=96&d=mm&r=g","contentUrl":"https:\/\/secure.gravatar.com\/avatar\/f1ffcac9ca2fa95ad3ec33e9be3ade82f752acb0cabe541e56c5889225afa88a?s=96&d=mm&r=g","caption":"dev"},"url":"https:\/\/ecodef-ihedn.fr\/en\/author\/dev\/"}]}},"_links":{"self":[{"href":"https:\/\/ecodef-ihedn.fr\/en\/wp-json\/wp\/v2\/posts\/1206","targetHints":{"allow":["GET"]}}],"collection":[{"href":"https:\/\/ecodef-ihedn.fr\/en\/wp-json\/wp\/v2\/posts"}],"about":[{"href":"https:\/\/ecodef-ihedn.fr\/en\/wp-json\/wp\/v2\/types\/post"}],"author":[{"embeddable":true,"href":"https:\/\/ecodef-ihedn.fr\/en\/wp-json\/wp\/v2\/users\/1"}],"replies":[{"embeddable":true,"href":"https:\/\/ecodef-ihedn.fr\/en\/wp-json\/wp\/v2\/comments?post=1206"}],"version-history":[{"count":2,"href":"https:\/\/ecodef-ihedn.fr\/en\/wp-json\/wp\/v2\/posts\/1206\/revisions"}],"predecessor-version":[{"id":1441,"href":"https:\/\/ecodef-ihedn.fr\/en\/wp-json\/wp\/v2\/posts\/1206\/revisions\/1441"}],"wp:featuredmedia":[{"embeddable":true,"href":"https:\/\/ecodef-ihedn.fr\/en\/wp-json\/wp\/v2\/media\/1208"}],"wp:attachment":[{"href":"https:\/\/ecodef-ihedn.fr\/en\/wp-json\/wp\/v2\/media?parent=1206"}],"wp:term":[{"taxonomy":"category","embeddable":true,"href":"https:\/\/ecodef-ihedn.fr\/en\/wp-json\/wp\/v2\/categories?post=1206"},{"taxonomy":"post_tag","embeddable":true,"href":"https:\/\/ecodef-ihedn.fr\/en\/wp-json\/wp\/v2\/tags?post=1206"}],"curies":[{"name":"wp","href":"https:\/\/api.w.org\/{rel}","templated":true}]}}