{"id":1418,"date":"2020-04-08T12:34:24","date_gmt":"2020-04-08T12:34:24","guid":{"rendered":"https:\/\/ecodef-ihedn.fr\/?p=1418"},"modified":"2020-05-27T15:04:01","modified_gmt":"2020-05-27T15:04:01","slug":"jean-belin-renouvele-au-cgarm","status":"publish","type":"post","link":"https:\/\/ecodef-ihedn.fr\/en\/jean-belin-renouvele-au-cgarm\/","title":{"rendered":"Jean Belin reappointed to CGARM"},"content":{"rendered":"<div class=\"wp-block-image\"><figure class=\"aligncenter size-large is-resized\"><img loading=\"lazy\" decoding=\"async\" src=\"https:\/\/ecodef-ihedn.fr\/wp-content\/uploads\/2020\/04\/JB-CGARM.png\" alt=\"\" class=\"wp-image-1419\" width=\"548\" height=\"295\" srcset=\"https:\/\/ecodef-ihedn.fr\/wp-content\/uploads\/2020\/04\/JB-CGARM.png 668w, https:\/\/ecodef-ihedn.fr\/wp-content\/uploads\/2020\/04\/JB-CGARM-300x162.png 300w\" sizes=\"auto, (max-width: 548px) 100vw, 548px\" \/><\/figure><\/div>\n\n\n\n<p style=\"font-size:20px\"><strong>Jean Belin, holder of the Chair in Defence Economics - IHEDN, has been reappointed for a further 3 years as a full member of the Board. <a rel=\"noreferrer noopener\" href=\"https:\/\/www.defense.gouv.fr\/english\/portail-defense\/ministry\/organisation\/organisation-du-ministere-des-armees\/organismes-dependant-du-ministre\/le-conseil-general-de-l-armement\/historique\" target=\"_blank\">CGARM<\/a><\/strong><a rel=\"noreferrer noopener\" href=\"https:\/\/www.defense.gouv.fr\/english\/portail-defense\/ministry\/organisation\/organisation-du-ministere-des-armees\/organismes-dependant-du-ministre\/le-conseil-general-de-l-armement\/historique\" target=\"_blank\"> - General Armaments Council<\/a> as a qualified person (<a rel=\"noreferrer noopener\" href=\"https:\/\/www.legifrance.gouv.fr\/affichTexte.do;jsessionid=E1DE2BFAE5D969AAAB6028911C1714D0.tplgfr22s_1?cidTexte=JORFTEXT000041786163&amp;dateTexte=&amp;oldAction=rechJO&amp;categorieLien=id&amp;idJO=JORFCONT000041785992\" target=\"_blank\">Order of the Minister for the Armed Forces dated 3 March 2020<\/a>).<\/p>\n\n\n\n<p><strong>CGARM :<\/strong><br>Created in 1988 by Andr\u00e9 Giraud, then Minister of Defence, the missions and organisation of the Conseil G\u00e9n\u00e9ral de l'Armement (CGARM) were redefined in 1999. Decree 99-937 of 4 November 1999 set up a Conseil G\u00e9n\u00e9ral de l'Armement (General Armaments Council), reporting to the Minister of Defence, with responsibility for issuing opinions on armaments-related issues. It broadens the Council's remit and creates a permanent structure under the authority of a Vice-President. The organisation, operation and membership of the Council are defined by ministerial decree. Full members are appointed by the Minister for the Armed Forces for a renewable term of 3 years.<\/p>\n\n\n\n<p><strong>Website :<\/strong><br><a rel=\"noreferrer noopener\" href=\"https:\/\/www.defense.gouv.fr\/english\/portail-defense\/ministry\/organisation\/organisation-du-ministere-des-armees\/organismes-dependant-du-ministre\/le-conseil-general-de-l-armement\/historique\" target=\"_blank\">http:\/\/www.defense.gouv.fr\/portail-defense\/ministere\/organisation\/organisation-du-ministere-de-la-defense\/organismes-dependant-du-ministre\/le-conseil-general-de-l-armement\/organisation<\/a><\/p>","protected":false},"excerpt":{"rendered":"<p>Jean Belin, titulaire de la Chaire \u00c9conomie de d\u00e9fense &#8211; IHEDN, est renouvel\u00e9 pour 3 ans comme membre titulaire du CGARM &#8211; Conseil g\u00e9n\u00e9ral de l&rsquo;armement en qualit\u00e9 de personnalit\u00e9 qualifi\u00e9e (arr\u00eat\u00e9 de la ministre des Arm\u00e9es en date du 3 mars 2020). Le CGARM :Cr\u00e9\u00e9 en 1988, par Andr\u00e9 Giraud, alors ministre de la [&hellip;]<\/p>\n","protected":false},"author":2,"featured_media":1421,"comment_status":"open","ping_status":"open","sticky":false,"template":"","format":"standard","meta":{"footnotes":""},"categories":[34,360],"tags":[348,287,349],"class_list":{"0":"post-1418","1":"post","2":"type-post","3":"status-publish","4":"format-standard","5":"has-post-thumbnail","7":"category-activites","8":"category-actualites-du-reseau","9":"tag-cgarm","10":"tag-jean-belin","11":"tag-nomination"},"yoast_head":"<!-- This site is optimized with the Yoast SEO plugin v27.4 - https:\/\/yoast.com\/product\/yoast-seo-wordpress\/ -->\n<title>Jean Belin renouvel\u00e9 au CGARM - Chaire \u00c9conomie de d\u00e9fense - IHEDN<\/title>\n<meta name=\"robots\" content=\"index, follow, max-snippet:-1, max-image-preview:large, max-video-preview:-1\" \/>\n<link rel=\"canonical\" href=\"https:\/\/ecodef-ihedn.fr\/en\/jean-belin-renouvele-au-cgarm\/\" \/>\n<meta property=\"og:locale\" content=\"en_GB\" \/>\n<meta property=\"og:type\" content=\"article\" \/>\n<meta property=\"og:title\" content=\"Jean Belin renouvel\u00e9 au CGARM - Chaire \u00c9conomie de d\u00e9fense - IHEDN\" \/>\n<meta property=\"og:description\" content=\"Jean Belin, titulaire de la Chaire \u00c9conomie de d\u00e9fense &#8211; IHEDN, est renouvel\u00e9 pour 3 ans comme membre titulaire du CGARM &#8211; Conseil g\u00e9n\u00e9ral de l&rsquo;armement en qualit\u00e9 de personnalit\u00e9 qualifi\u00e9e (arr\u00eat\u00e9 de la ministre des Arm\u00e9es en date du 3 mars 2020). Le CGARM :Cr\u00e9\u00e9 en 1988, par Andr\u00e9 Giraud, alors ministre de la [&hellip;]\" \/>\n<meta property=\"og:url\" content=\"https:\/\/ecodef-ihedn.fr\/en\/jean-belin-renouvele-au-cgarm\/\" \/>\n<meta property=\"og:site_name\" content=\"Chaire \u00c9conomie de d\u00e9fense - IHEDN\" \/>\n<meta property=\"article:published_time\" content=\"2020-04-08T12:34:24+00:00\" \/>\n<meta property=\"article:modified_time\" content=\"2020-05-27T15:04:01+00:00\" \/>\n<meta property=\"og:image\" content=\"https:\/\/ecodef-ihedn.fr\/wp-content\/uploads\/2020\/04\/JB-CGARM-1.png\" \/>\n\t<meta property=\"og:image:width\" content=\"668\" \/>\n\t<meta property=\"og:image:height\" content=\"360\" \/>\n\t<meta property=\"og:image:type\" content=\"image\/png\" \/>\n<meta name=\"author\" content=\"Bertrand Demandre\" \/>\n<meta name=\"twitter:card\" content=\"summary_large_image\" \/>\n<meta name=\"twitter:creator\" content=\"@Chaire_Ecodef\" \/>\n<meta name=\"twitter:site\" content=\"@Chaire_Ecodef\" \/>\n<meta name=\"twitter:label1\" content=\"Written by\" \/>\n\t<meta name=\"twitter:data1\" content=\"Bertrand Demandre\" \/>\n\t<meta name=\"twitter:label2\" content=\"Estimated reading time\" \/>\n\t<meta name=\"twitter:data2\" content=\"1 minute\" \/>\n<script type=\"application\/ld+json\" class=\"yoast-schema-graph\">{\"@context\":\"https:\\\/\\\/schema.org\",\"@graph\":[{\"@type\":\"Article\",\"@id\":\"https:\\\/\\\/ecodef-ihedn.fr\\\/jean-belin-renouvele-au-cgarm\\\/#article\",\"isPartOf\":{\"@id\":\"https:\\\/\\\/ecodef-ihedn.fr\\\/jean-belin-renouvele-au-cgarm\\\/\"},\"author\":{\"name\":\"Bertrand Demandre\",\"@id\":\"https:\\\/\\\/ecodef-ihedn.fr\\\/#\\\/schema\\\/person\\\/1cdf22d028cebe278126a6e07a884d30\"},\"headline\":\"Jean Belin renouvel\u00e9 au CGARM\",\"datePublished\":\"2020-04-08T12:34:24+00:00\",\"dateModified\":\"2020-05-27T15:04:01+00:00\",\"mainEntityOfPage\":{\"@id\":\"https:\\\/\\\/ecodef-ihedn.fr\\\/jean-belin-renouvele-au-cgarm\\\/\"},\"wordCount\":196,\"commentCount\":0,\"publisher\":{\"@id\":\"https:\\\/\\\/ecodef-ihedn.fr\\\/#organization\"},\"image\":{\"@id\":\"https:\\\/\\\/ecodef-ihedn.fr\\\/jean-belin-renouvele-au-cgarm\\\/#primaryimage\"},\"thumbnailUrl\":\"https:\\\/\\\/ecodef-ihedn.fr\\\/wp-content\\\/uploads\\\/2020\\\/04\\\/JB-CGARM-1.png\",\"keywords\":[\"CGARM\",\"Jean Belin\",\"nomination\"],\"articleSection\":[\"Activit\u00e9s\",\"Actualit\u00e9s du r\u00e9seau\"],\"inLanguage\":\"en-GB\",\"potentialAction\":[{\"@type\":\"CommentAction\",\"name\":\"Comment\",\"target\":[\"https:\\\/\\\/ecodef-ihedn.fr\\\/jean-belin-renouvele-au-cgarm\\\/#respond\"]}]},{\"@type\":\"WebPage\",\"@id\":\"https:\\\/\\\/ecodef-ihedn.fr\\\/jean-belin-renouvele-au-cgarm\\\/\",\"url\":\"https:\\\/\\\/ecodef-ihedn.fr\\\/jean-belin-renouvele-au-cgarm\\\/\",\"name\":\"Jean Belin renouvel\u00e9 au CGARM - Chaire \u00c9conomie de d\u00e9fense - IHEDN\",\"isPartOf\":{\"@id\":\"https:\\\/\\\/ecodef-ihedn.fr\\\/#website\"},\"primaryImageOfPage\":{\"@id\":\"https:\\\/\\\/ecodef-ihedn.fr\\\/jean-belin-renouvele-au-cgarm\\\/#primaryimage\"},\"image\":{\"@id\":\"https:\\\/\\\/ecodef-ihedn.fr\\\/jean-belin-renouvele-au-cgarm\\\/#primaryimage\"},\"thumbnailUrl\":\"https:\\\/\\\/ecodef-ihedn.fr\\\/wp-content\\\/uploads\\\/2020\\\/04\\\/JB-CGARM-1.png\",\"datePublished\":\"2020-04-08T12:34:24+00:00\",\"dateModified\":\"2020-05-27T15:04:01+00:00\",\"breadcrumb\":{\"@id\":\"https:\\\/\\\/ecodef-ihedn.fr\\\/jean-belin-renouvele-au-cgarm\\\/#breadcrumb\"},\"inLanguage\":\"en-GB\",\"potentialAction\":[{\"@type\":\"ReadAction\",\"target\":[\"https:\\\/\\\/ecodef-ihedn.fr\\\/jean-belin-renouvele-au-cgarm\\\/\"]}]},{\"@type\":\"ImageObject\",\"inLanguage\":\"en-GB\",\"@id\":\"https:\\\/\\\/ecodef-ihedn.fr\\\/jean-belin-renouvele-au-cgarm\\\/#primaryimage\",\"url\":\"https:\\\/\\\/ecodef-ihedn.fr\\\/wp-content\\\/uploads\\\/2020\\\/04\\\/JB-CGARM-1.png\",\"contentUrl\":\"https:\\\/\\\/ecodef-ihedn.fr\\\/wp-content\\\/uploads\\\/2020\\\/04\\\/JB-CGARM-1.png\",\"width\":668,\"height\":360},{\"@type\":\"BreadcrumbList\",\"@id\":\"https:\\\/\\\/ecodef-ihedn.fr\\\/jean-belin-renouvele-au-cgarm\\\/#breadcrumb\",\"itemListElement\":[{\"@type\":\"ListItem\",\"position\":1,\"name\":\"Accueil\",\"item\":\"https:\\\/\\\/ecodef-ihedn.fr\\\/\"},{\"@type\":\"ListItem\",\"position\":2,\"name\":\"Jean Belin renouvel\u00e9 au CGARM\"}]},{\"@type\":\"WebSite\",\"@id\":\"https:\\\/\\\/ecodef-ihedn.fr\\\/#website\",\"url\":\"https:\\\/\\\/ecodef-ihedn.fr\\\/\",\"name\":\"Chaire \u00c9conomie de D\u00e9fense - IHEDN\",\"description\":\"Produire &amp; soutenir, f\u00e9d\u00e9rer &amp; diffuser, \u00eatre une interface\",\"publisher\":{\"@id\":\"https:\\\/\\\/ecodef-ihedn.fr\\\/#organization\"},\"potentialAction\":[{\"@type\":\"SearchAction\",\"target\":{\"@type\":\"EntryPoint\",\"urlTemplate\":\"https:\\\/\\\/ecodef-ihedn.fr\\\/?s={search_term_string}\"},\"query-input\":{\"@type\":\"PropertyValueSpecification\",\"valueRequired\":true,\"valueName\":\"search_term_string\"}}],\"inLanguage\":\"en-GB\"},{\"@type\":\"Organization\",\"@id\":\"https:\\\/\\\/ecodef-ihedn.fr\\\/#organization\",\"name\":\"Chaire \u00c9conomie de d\u00e9fense - IHEDN\",\"url\":\"https:\\\/\\\/ecodef-ihedn.fr\\\/\",\"logo\":{\"@type\":\"ImageObject\",\"inLanguage\":\"en-GB\",\"@id\":\"https:\\\/\\\/ecodef-ihedn.fr\\\/#\\\/schema\\\/logo\\\/image\\\/\",\"url\":\"https:\\\/\\\/ecodef-ihedn.fr\\\/wp-content\\\/uploads\\\/2020\\\/04\\\/logoEcodef9.jpg\",\"contentUrl\":\"https:\\\/\\\/ecodef-ihedn.fr\\\/wp-content\\\/uploads\\\/2020\\\/04\\\/logoEcodef9.jpg\",\"width\":410,\"height\":212,\"caption\":\"Chaire \u00c9conomie de d\u00e9fense - IHEDN\"},\"image\":{\"@id\":\"https:\\\/\\\/ecodef-ihedn.fr\\\/#\\\/schema\\\/logo\\\/image\\\/\"},\"sameAs\":[\"https:\\\/\\\/x.com\\\/Chaire_Ecodef\",\"https:\\\/\\\/www.linkedin.com\\\/company\\\/chaire-ecodef-ihedn\\\/\"]},{\"@type\":\"Person\",\"@id\":\"https:\\\/\\\/ecodef-ihedn.fr\\\/#\\\/schema\\\/person\\\/1cdf22d028cebe278126a6e07a884d30\",\"name\":\"Bertrand Demandre\",\"image\":{\"@type\":\"ImageObject\",\"inLanguage\":\"en-GB\",\"@id\":\"https:\\\/\\\/secure.gravatar.com\\\/avatar\\\/d9c9746d6c900ab5b9c0f9b1fa3932e369da923da247d624b8f7ab4ba8a3c093?s=96&d=mm&r=g\",\"url\":\"https:\\\/\\\/secure.gravatar.com\\\/avatar\\\/d9c9746d6c900ab5b9c0f9b1fa3932e369da923da247d624b8f7ab4ba8a3c093?s=96&d=mm&r=g\",\"contentUrl\":\"https:\\\/\\\/secure.gravatar.com\\\/avatar\\\/d9c9746d6c900ab5b9c0f9b1fa3932e369da923da247d624b8f7ab4ba8a3c093?s=96&d=mm&r=g\",\"caption\":\"Bertrand Demandre\"},\"url\":\"https:\\\/\\\/ecodef-ihedn.fr\\\/en\\\/author\\\/bertrand\\\/\"}]}<\/script>\n<!-- \/ Yoast SEO plugin. -->","yoast_head_json":{"title":"Jean Belin renouvel\u00e9 au CGARM - Chaire \u00c9conomie de d\u00e9fense - IHEDN","robots":{"index":"index","follow":"follow","max-snippet":"max-snippet:-1","max-image-preview":"max-image-preview:large","max-video-preview":"max-video-preview:-1"},"canonical":"https:\/\/ecodef-ihedn.fr\/en\/jean-belin-renouvele-au-cgarm\/","og_locale":"en_GB","og_type":"article","og_title":"Jean Belin renouvel\u00e9 au CGARM - Chaire \u00c9conomie de d\u00e9fense - IHEDN","og_description":"Jean Belin, titulaire de la Chaire \u00c9conomie de d\u00e9fense &#8211; IHEDN, est renouvel\u00e9 pour 3 ans comme membre titulaire du CGARM &#8211; Conseil g\u00e9n\u00e9ral de l&rsquo;armement en qualit\u00e9 de personnalit\u00e9 qualifi\u00e9e (arr\u00eat\u00e9 de la ministre des Arm\u00e9es en date du 3 mars 2020). Le CGARM :Cr\u00e9\u00e9 en 1988, par Andr\u00e9 Giraud, alors ministre de la [&hellip;]","og_url":"https:\/\/ecodef-ihedn.fr\/en\/jean-belin-renouvele-au-cgarm\/","og_site_name":"Chaire \u00c9conomie de d\u00e9fense - IHEDN","article_published_time":"2020-04-08T12:34:24+00:00","article_modified_time":"2020-05-27T15:04:01+00:00","og_image":[{"width":668,"height":360,"url":"https:\/\/ecodef-ihedn.fr\/wp-content\/uploads\/2020\/04\/JB-CGARM-1.png","type":"image\/png"}],"author":"Bertrand Demandre","twitter_card":"summary_large_image","twitter_creator":"@Chaire_Ecodef","twitter_site":"@Chaire_Ecodef","twitter_misc":{"Written by":"Bertrand Demandre","Estimated reading time":"1 minute"},"schema":{"@context":"https:\/\/schema.org","@graph":[{"@type":"Article","@id":"https:\/\/ecodef-ihedn.fr\/jean-belin-renouvele-au-cgarm\/#article","isPartOf":{"@id":"https:\/\/ecodef-ihedn.fr\/jean-belin-renouvele-au-cgarm\/"},"author":{"name":"Bertrand Demandre","@id":"https:\/\/ecodef-ihedn.fr\/#\/schema\/person\/1cdf22d028cebe278126a6e07a884d30"},"headline":"Jean Belin renouvel\u00e9 au CGARM","datePublished":"2020-04-08T12:34:24+00:00","dateModified":"2020-05-27T15:04:01+00:00","mainEntityOfPage":{"@id":"https:\/\/ecodef-ihedn.fr\/jean-belin-renouvele-au-cgarm\/"},"wordCount":196,"commentCount":0,"publisher":{"@id":"https:\/\/ecodef-ihedn.fr\/#organization"},"image":{"@id":"https:\/\/ecodef-ihedn.fr\/jean-belin-renouvele-au-cgarm\/#primaryimage"},"thumbnailUrl":"https:\/\/ecodef-ihedn.fr\/wp-content\/uploads\/2020\/04\/JB-CGARM-1.png","keywords":["CGARM","Jean Belin","nomination"],"articleSection":["Activit\u00e9s","Actualit\u00e9s du r\u00e9seau"],"inLanguage":"en-GB","potentialAction":[{"@type":"CommentAction","name":"Comment","target":["https:\/\/ecodef-ihedn.fr\/jean-belin-renouvele-au-cgarm\/#respond"]}]},{"@type":"WebPage","@id":"https:\/\/ecodef-ihedn.fr\/jean-belin-renouvele-au-cgarm\/","url":"https:\/\/ecodef-ihedn.fr\/jean-belin-renouvele-au-cgarm\/","name":"Jean Belin renouvel\u00e9 au CGARM - Chaire \u00c9conomie de d\u00e9fense - IHEDN","isPartOf":{"@id":"https:\/\/ecodef-ihedn.fr\/#website"},"primaryImageOfPage":{"@id":"https:\/\/ecodef-ihedn.fr\/jean-belin-renouvele-au-cgarm\/#primaryimage"},"image":{"@id":"https:\/\/ecodef-ihedn.fr\/jean-belin-renouvele-au-cgarm\/#primaryimage"},"thumbnailUrl":"https:\/\/ecodef-ihedn.fr\/wp-content\/uploads\/2020\/04\/JB-CGARM-1.png","datePublished":"2020-04-08T12:34:24+00:00","dateModified":"2020-05-27T15:04:01+00:00","breadcrumb":{"@id":"https:\/\/ecodef-ihedn.fr\/jean-belin-renouvele-au-cgarm\/#breadcrumb"},"inLanguage":"en-GB","potentialAction":[{"@type":"ReadAction","target":["https:\/\/ecodef-ihedn.fr\/jean-belin-renouvele-au-cgarm\/"]}]},{"@type":"ImageObject","inLanguage":"en-GB","@id":"https:\/\/ecodef-ihedn.fr\/jean-belin-renouvele-au-cgarm\/#primaryimage","url":"https:\/\/ecodef-ihedn.fr\/wp-content\/uploads\/2020\/04\/JB-CGARM-1.png","contentUrl":"https:\/\/ecodef-ihedn.fr\/wp-content\/uploads\/2020\/04\/JB-CGARM-1.png","width":668,"height":360},{"@type":"BreadcrumbList","@id":"https:\/\/ecodef-ihedn.fr\/jean-belin-renouvele-au-cgarm\/#breadcrumb","itemListElement":[{"@type":"ListItem","position":1,"name":"Accueil","item":"https:\/\/ecodef-ihedn.fr\/"},{"@type":"ListItem","position":2,"name":"Jean Belin renouvel\u00e9 au CGARM"}]},{"@type":"WebSite","@id":"https:\/\/ecodef-ihedn.fr\/#website","url":"https:\/\/ecodef-ihedn.fr\/","name":"Chair in Defence Economics - IHEDN","description":"Produce &amp; support, federate &amp; disseminate, act as an interface","publisher":{"@id":"https:\/\/ecodef-ihedn.fr\/#organization"},"potentialAction":[{"@type":"SearchAction","target":{"@type":"EntryPoint","urlTemplate":"https:\/\/ecodef-ihedn.fr\/?s={search_term_string}"},"query-input":{"@type":"PropertyValueSpecification","valueRequired":true,"valueName":"search_term_string"}}],"inLanguage":"en-GB"},{"@type":"Organization","@id":"https:\/\/ecodef-ihedn.fr\/#organization","name":"Chair in Defence Economics - IHEDN","url":"https:\/\/ecodef-ihedn.fr\/","logo":{"@type":"ImageObject","inLanguage":"en-GB","@id":"https:\/\/ecodef-ihedn.fr\/#\/schema\/logo\/image\/","url":"https:\/\/ecodef-ihedn.fr\/wp-content\/uploads\/2020\/04\/logoEcodef9.jpg","contentUrl":"https:\/\/ecodef-ihedn.fr\/wp-content\/uploads\/2020\/04\/logoEcodef9.jpg","width":410,"height":212,"caption":"Chaire \u00c9conomie de d\u00e9fense - IHEDN"},"image":{"@id":"https:\/\/ecodef-ihedn.fr\/#\/schema\/logo\/image\/"},"sameAs":["https:\/\/x.com\/Chaire_Ecodef","https:\/\/www.linkedin.com\/company\/chaire-ecodef-ihedn\/"]},{"@type":"Person","@id":"https:\/\/ecodef-ihedn.fr\/#\/schema\/person\/1cdf22d028cebe278126a6e07a884d30","name":"Bertrand Demandre","image":{"@type":"ImageObject","inLanguage":"en-GB","@id":"https:\/\/secure.gravatar.com\/avatar\/d9c9746d6c900ab5b9c0f9b1fa3932e369da923da247d624b8f7ab4ba8a3c093?s=96&d=mm&r=g","url":"https:\/\/secure.gravatar.com\/avatar\/d9c9746d6c900ab5b9c0f9b1fa3932e369da923da247d624b8f7ab4ba8a3c093?s=96&d=mm&r=g","contentUrl":"https:\/\/secure.gravatar.com\/avatar\/d9c9746d6c900ab5b9c0f9b1fa3932e369da923da247d624b8f7ab4ba8a3c093?s=96&d=mm&r=g","caption":"Bertrand Demandre"},"url":"https:\/\/ecodef-ihedn.fr\/en\/author\/bertrand\/"}]}},"_links":{"self":[{"href":"https:\/\/ecodef-ihedn.fr\/en\/wp-json\/wp\/v2\/posts\/1418","targetHints":{"allow":["GET"]}}],"collection":[{"href":"https:\/\/ecodef-ihedn.fr\/en\/wp-json\/wp\/v2\/posts"}],"about":[{"href":"https:\/\/ecodef-ihedn.fr\/en\/wp-json\/wp\/v2\/types\/post"}],"author":[{"embeddable":true,"href":"https:\/\/ecodef-ihedn.fr\/en\/wp-json\/wp\/v2\/users\/2"}],"replies":[{"embeddable":true,"href":"https:\/\/ecodef-ihedn.fr\/en\/wp-json\/wp\/v2\/comments?post=1418"}],"version-history":[{"count":4,"href":"https:\/\/ecodef-ihedn.fr\/en\/wp-json\/wp\/v2\/posts\/1418\/revisions"}],"predecessor-version":[{"id":1837,"href":"https:\/\/ecodef-ihedn.fr\/en\/wp-json\/wp\/v2\/posts\/1418\/revisions\/1837"}],"wp:featuredmedia":[{"embeddable":true,"href":"https:\/\/ecodef-ihedn.fr\/en\/wp-json\/wp\/v2\/media\/1421"}],"wp:attachment":[{"href":"https:\/\/ecodef-ihedn.fr\/en\/wp-json\/wp\/v2\/media?parent=1418"}],"wp:term":[{"taxonomy":"category","embeddable":true,"href":"https:\/\/ecodef-ihedn.fr\/en\/wp-json\/wp\/v2\/categories?post=1418"},{"taxonomy":"post_tag","embeddable":true,"href":"https:\/\/ecodef-ihedn.fr\/en\/wp-json\/wp\/v2\/tags?post=1418"}],"curies":[{"name":"wp","href":"https:\/\/api.w.org\/{rel}","templated":true}]}}