{"id":1617,"date":"2020-04-22T12:18:57","date_gmt":"2020-04-22T12:18:57","guid":{"rendered":"https:\/\/ecodef-ihedn.fr\/?p=1617"},"modified":"2024-05-16T13:05:28","modified_gmt":"2024-05-16T13:05:28","slug":"la-guerre-au-covid-19-podcast-de-lirsem-avec-la-participation-de-julien-malizard","status":"publish","type":"post","link":"https:\/\/ecodef-ihedn.fr\/en\/la-guerre-au-covid-19-podcast-de-lirsem-avec-la-participation-de-julien-malizard\/","title":{"rendered":"\u00abThe \u00abwar\u00bb at COVID-19\u00bb: IRSEM podcast with the participation of Julien Malizard"},"content":{"rendered":"<p style=\"font-size: 20px;\">Julien Malizard in <a href=\"https:\/\/soundcloud.com\/le-collimateur\/la-guerre-au-covid-19\" target=\"_blank\" rel=\"noreferrer noopener\">the IRSEM podcast episode on the COVID-19 epidemic<\/a>, presented by Alexandre Jubelin.<\/p>\r\n\r\n\r\n\r\n<p><a href=\"https:\/\/ecodef-ihedn.fr\/wp-content\/uploads\/2020\/04\/logo-collimateur-IRSEM-1.png\"><img loading=\"lazy\" decoding=\"async\" class=\"aligncenter wp-image-8447 size-medium\" src=\"https:\/\/ecodef-ihedn.fr\/wp-content\/uploads\/2020\/04\/logo-collimateur-IRSEM-1-300x193.png\" alt=\"\" width=\"300\" height=\"193\" srcset=\"https:\/\/ecodef-ihedn.fr\/wp-content\/uploads\/2020\/04\/logo-collimateur-IRSEM-1-300x193.png 300w, https:\/\/ecodef-ihedn.fr\/wp-content\/uploads\/2020\/04\/logo-collimateur-IRSEM-1-654x420.png 654w, https:\/\/ecodef-ihedn.fr\/wp-content\/uploads\/2020\/04\/logo-collimateur-IRSEM-1-696x447.png 696w, https:\/\/ecodef-ihedn.fr\/wp-content\/uploads\/2020\/04\/logo-collimateur-IRSEM-1.png 750w\" sizes=\"auto, (max-width: 300px) 100vw, 300px\" \/><\/a><\/p>\r\n<p>With B\u00e9n\u00e9dicte Ch\u00e9ron, Damien Simonneau, Julien Malizard, David Bell.<\/p>\r\n\r\n\r\n\r\n<div class=\"wp-block-group\">\r\n<div class=\"wp-block-group__inner-container is-layout-flow wp-block-group-is-layout-flow\">\r\n<div class=\"wp-block-group\">\r\n<div class=\"wp-block-group__inner-container is-layout-flow wp-block-group-is-layout-flow\">\r\n<p>For this <a href=\"https:\/\/soundcloud.com\/le-collimateur\/la-guerre-au-covid-19\" target=\"_blank\" rel=\"noreferrer noopener\">episode devoted to the COVID-19 epidemic, and the use of the war metaphor applied to it<\/a>, Alexandre Jubelin welcomes four guests to offer different angles of analysis of this issue:<\/p>\r\n\r\n\r\n\r\n<ul class=\"wp-block-list\">\r\n<li>The historian B\u00e9n\u00e9dicte Ch\u00e9ron, a specialist in army-nation relations, on the role of the army in managing the crisis (9:00)<\/li>\r\n<li>Political scientist Damien Simonneau, a specialist in critical security studies, to analyse the rhetoric of \u00absecuritisation\u00bb of the virus issue (19:15)<\/li>\r\n<li>The economist<a href=\"https:\/\/www.linkedin.com\/in\/julienmalizard\" target=\"_blank\" rel=\"noreferrer noopener\"> Julien Malizard<\/a>, a specialist in defence economics, on the idea of a \u00abwar economy\u00bb in times of epidemics (33:30)<\/li>\r\n<li>The historian David Bell, on the past of the metaphor of war to designate a total mobilisation of society, as well as on the evolving role of the State in the face of the erasing of the memory of war; and the perspectives that this implies (48:30)<\/li>\r\n<\/ul>\r\n\r\n\r\n\r\n<p>Audio extract: Emmanuel Macron's 16 March speech<\/p>\r\n<\/div>\r\n<\/div>\r\n<\/div>\r\n<\/div>\r\n\r\n\r\n\r\n<p>&nbsp;<\/p>","protected":false},"excerpt":{"rendered":"<p>Retrouvez Julien Malizard dans l&rsquo;\u00e9pisode du podcast de l&rsquo;IRSEM consacr\u00e9 \u00e0 l&rsquo;\u00e9pid\u00e9mie de COVID-19, pr\u00e9sent\u00e9 par Alexandre Jubelin. Avec B\u00e9n\u00e9dicte Ch\u00e9ron, Damien Simonneau, Julien Malizard, David Bell. Pour cet \u00e9pisode consacr\u00e9 \u00e0 l&rsquo;\u00e9pid\u00e9mie de COVID-19, et sur l&rsquo;usage de la m\u00e9taphore guerri\u00e8re qui lui est appliqu\u00e9e, Alexandre Jubelin re\u00e7oit quatre invit\u00e9s pour proposer diff\u00e9rents angles [&hellip;]<\/p>\n","protected":false},"author":2,"featured_media":8447,"comment_status":"open","ping_status":"open","sticky":false,"template":"","format":"standard","meta":{"footnotes":""},"categories":[358],"tags":[365,364,36,196,86,361],"class_list":{"0":"post-1617","1":"post","2":"type-post","3":"status-publish","4":"format-standard","5":"has-post-thumbnail","7":"category-medias","8":"tag-coronavirus","9":"tag-covid-19","10":"tag-defense","11":"tag-irsem","12":"tag-julien-malizard","13":"tag-podcast"},"yoast_head":"<!-- This site is optimized with the Yoast SEO plugin v27.4 - https:\/\/yoast.com\/product\/yoast-seo-wordpress\/ -->\n<title>\u00ab La &quot;guerre&quot; au COVID-19 \u00bb : podcast de l&#039;IRSEM avec la participation de Julien Malizard - Chaire \u00c9conomie de d\u00e9fense - IHEDN<\/title>\n<meta name=\"robots\" content=\"index, follow, max-snippet:-1, max-image-preview:large, max-video-preview:-1\" \/>\n<link rel=\"canonical\" href=\"https:\/\/ecodef-ihedn.fr\/en\/la-guerre-au-covid-19-podcast-de-lirsem-avec-la-participation-de-julien-malizard\/\" \/>\n<meta property=\"og:locale\" content=\"en_GB\" \/>\n<meta property=\"og:type\" content=\"article\" \/>\n<meta property=\"og:title\" content=\"\u00ab La &quot;guerre&quot; au COVID-19 \u00bb : podcast de l&#039;IRSEM avec la participation de Julien Malizard - Chaire \u00c9conomie de d\u00e9fense - IHEDN\" \/>\n<meta property=\"og:description\" content=\"Retrouvez Julien Malizard dans l&rsquo;\u00e9pisode du podcast de l&rsquo;IRSEM consacr\u00e9 \u00e0 l&rsquo;\u00e9pid\u00e9mie de COVID-19, pr\u00e9sent\u00e9 par Alexandre Jubelin. Avec B\u00e9n\u00e9dicte Ch\u00e9ron, Damien Simonneau, Julien Malizard, David Bell. Pour cet \u00e9pisode consacr\u00e9 \u00e0 l&rsquo;\u00e9pid\u00e9mie de COVID-19, et sur l&rsquo;usage de la m\u00e9taphore guerri\u00e8re qui lui est appliqu\u00e9e, Alexandre Jubelin re\u00e7oit quatre invit\u00e9s pour proposer diff\u00e9rents angles [&hellip;]\" \/>\n<meta property=\"og:url\" content=\"https:\/\/ecodef-ihedn.fr\/en\/la-guerre-au-covid-19-podcast-de-lirsem-avec-la-participation-de-julien-malizard\/\" \/>\n<meta property=\"og:site_name\" content=\"Chaire \u00c9conomie de d\u00e9fense - IHEDN\" \/>\n<meta property=\"article:published_time\" content=\"2020-04-22T12:18:57+00:00\" \/>\n<meta property=\"article:modified_time\" content=\"2024-05-16T13:05:28+00:00\" \/>\n<meta property=\"og:image\" content=\"https:\/\/ecodef-ihedn.fr\/wp-content\/uploads\/2020\/04\/logo-collimateur-IRSEM-1.png\" \/>\n\t<meta property=\"og:image:width\" content=\"750\" \/>\n\t<meta property=\"og:image:height\" content=\"482\" \/>\n\t<meta property=\"og:image:type\" content=\"image\/png\" \/>\n<meta name=\"author\" content=\"Bertrand Demandre\" \/>\n<meta name=\"twitter:card\" content=\"summary_large_image\" \/>\n<meta name=\"twitter:creator\" content=\"@Chaire_Ecodef\" \/>\n<meta name=\"twitter:site\" content=\"@Chaire_Ecodef\" \/>\n<meta name=\"twitter:label1\" content=\"Written by\" \/>\n\t<meta name=\"twitter:data1\" content=\"Bertrand Demandre\" \/>\n\t<meta name=\"twitter:label2\" content=\"Estimated reading time\" \/>\n\t<meta name=\"twitter:data2\" content=\"2 minutes\" \/>\n<script type=\"application\/ld+json\" class=\"yoast-schema-graph\">{\"@context\":\"https:\\\/\\\/schema.org\",\"@graph\":[{\"@type\":\"Article\",\"@id\":\"https:\\\/\\\/ecodef-ihedn.fr\\\/la-guerre-au-covid-19-podcast-de-lirsem-avec-la-participation-de-julien-malizard\\\/#article\",\"isPartOf\":{\"@id\":\"https:\\\/\\\/ecodef-ihedn.fr\\\/la-guerre-au-covid-19-podcast-de-lirsem-avec-la-participation-de-julien-malizard\\\/\"},\"author\":{\"name\":\"Bertrand Demandre\",\"@id\":\"https:\\\/\\\/ecodef-ihedn.fr\\\/#\\\/schema\\\/person\\\/1cdf22d028cebe278126a6e07a884d30\"},\"headline\":\"\u00ab La \u00ab\u00a0guerre\u00a0\u00bb au COVID-19 \u00bb : podcast de l&rsquo;IRSEM avec la participation de Julien Malizard\",\"datePublished\":\"2020-04-22T12:18:57+00:00\",\"dateModified\":\"2024-05-16T13:05:28+00:00\",\"mainEntityOfPage\":{\"@id\":\"https:\\\/\\\/ecodef-ihedn.fr\\\/la-guerre-au-covid-19-podcast-de-lirsem-avec-la-participation-de-julien-malizard\\\/\"},\"wordCount\":228,\"commentCount\":0,\"publisher\":{\"@id\":\"https:\\\/\\\/ecodef-ihedn.fr\\\/#organization\"},\"image\":{\"@id\":\"https:\\\/\\\/ecodef-ihedn.fr\\\/la-guerre-au-covid-19-podcast-de-lirsem-avec-la-participation-de-julien-malizard\\\/#primaryimage\"},\"thumbnailUrl\":\"https:\\\/\\\/ecodef-ihedn.fr\\\/wp-content\\\/uploads\\\/2020\\\/04\\\/logo-collimateur-IRSEM-1.png\",\"keywords\":[\"coronavirus\",\"COVID-19\",\"D\u00e9fense\",\"IRSEM\",\"Julien Malizard\",\"podcast\"],\"articleSection\":[\"M\u00e9dias\"],\"inLanguage\":\"en-GB\",\"potentialAction\":[{\"@type\":\"CommentAction\",\"name\":\"Comment\",\"target\":[\"https:\\\/\\\/ecodef-ihedn.fr\\\/la-guerre-au-covid-19-podcast-de-lirsem-avec-la-participation-de-julien-malizard\\\/#respond\"]}]},{\"@type\":\"WebPage\",\"@id\":\"https:\\\/\\\/ecodef-ihedn.fr\\\/la-guerre-au-covid-19-podcast-de-lirsem-avec-la-participation-de-julien-malizard\\\/\",\"url\":\"https:\\\/\\\/ecodef-ihedn.fr\\\/la-guerre-au-covid-19-podcast-de-lirsem-avec-la-participation-de-julien-malizard\\\/\",\"name\":\"\u00ab La \\\"guerre\\\" au COVID-19 \u00bb : podcast de l'IRSEM avec la participation de Julien Malizard - Chaire \u00c9conomie de d\u00e9fense - IHEDN\",\"isPartOf\":{\"@id\":\"https:\\\/\\\/ecodef-ihedn.fr\\\/#website\"},\"primaryImageOfPage\":{\"@id\":\"https:\\\/\\\/ecodef-ihedn.fr\\\/la-guerre-au-covid-19-podcast-de-lirsem-avec-la-participation-de-julien-malizard\\\/#primaryimage\"},\"image\":{\"@id\":\"https:\\\/\\\/ecodef-ihedn.fr\\\/la-guerre-au-covid-19-podcast-de-lirsem-avec-la-participation-de-julien-malizard\\\/#primaryimage\"},\"thumbnailUrl\":\"https:\\\/\\\/ecodef-ihedn.fr\\\/wp-content\\\/uploads\\\/2020\\\/04\\\/logo-collimateur-IRSEM-1.png\",\"datePublished\":\"2020-04-22T12:18:57+00:00\",\"dateModified\":\"2024-05-16T13:05:28+00:00\",\"breadcrumb\":{\"@id\":\"https:\\\/\\\/ecodef-ihedn.fr\\\/la-guerre-au-covid-19-podcast-de-lirsem-avec-la-participation-de-julien-malizard\\\/#breadcrumb\"},\"inLanguage\":\"en-GB\",\"potentialAction\":[{\"@type\":\"ReadAction\",\"target\":[\"https:\\\/\\\/ecodef-ihedn.fr\\\/la-guerre-au-covid-19-podcast-de-lirsem-avec-la-participation-de-julien-malizard\\\/\"]}]},{\"@type\":\"ImageObject\",\"inLanguage\":\"en-GB\",\"@id\":\"https:\\\/\\\/ecodef-ihedn.fr\\\/la-guerre-au-covid-19-podcast-de-lirsem-avec-la-participation-de-julien-malizard\\\/#primaryimage\",\"url\":\"https:\\\/\\\/ecodef-ihedn.fr\\\/wp-content\\\/uploads\\\/2020\\\/04\\\/logo-collimateur-IRSEM-1.png\",\"contentUrl\":\"https:\\\/\\\/ecodef-ihedn.fr\\\/wp-content\\\/uploads\\\/2020\\\/04\\\/logo-collimateur-IRSEM-1.png\",\"width\":750,\"height\":482},{\"@type\":\"BreadcrumbList\",\"@id\":\"https:\\\/\\\/ecodef-ihedn.fr\\\/la-guerre-au-covid-19-podcast-de-lirsem-avec-la-participation-de-julien-malizard\\\/#breadcrumb\",\"itemListElement\":[{\"@type\":\"ListItem\",\"position\":1,\"name\":\"Accueil\",\"item\":\"https:\\\/\\\/ecodef-ihedn.fr\\\/\"},{\"@type\":\"ListItem\",\"position\":2,\"name\":\"\u00ab La &#8220;guerre&#8221; au COVID-19 \u00bb : podcast de l&#8217;IRSEM avec la participation de Julien Malizard\"}]},{\"@type\":\"WebSite\",\"@id\":\"https:\\\/\\\/ecodef-ihedn.fr\\\/#website\",\"url\":\"https:\\\/\\\/ecodef-ihedn.fr\\\/\",\"name\":\"Chaire \u00c9conomie de D\u00e9fense - IHEDN\",\"description\":\"Produire &amp; soutenir, f\u00e9d\u00e9rer &amp; diffuser, \u00eatre une interface\",\"publisher\":{\"@id\":\"https:\\\/\\\/ecodef-ihedn.fr\\\/#organization\"},\"potentialAction\":[{\"@type\":\"SearchAction\",\"target\":{\"@type\":\"EntryPoint\",\"urlTemplate\":\"https:\\\/\\\/ecodef-ihedn.fr\\\/?s={search_term_string}\"},\"query-input\":{\"@type\":\"PropertyValueSpecification\",\"valueRequired\":true,\"valueName\":\"search_term_string\"}}],\"inLanguage\":\"en-GB\"},{\"@type\":\"Organization\",\"@id\":\"https:\\\/\\\/ecodef-ihedn.fr\\\/#organization\",\"name\":\"Chaire \u00c9conomie de d\u00e9fense - IHEDN\",\"url\":\"https:\\\/\\\/ecodef-ihedn.fr\\\/\",\"logo\":{\"@type\":\"ImageObject\",\"inLanguage\":\"en-GB\",\"@id\":\"https:\\\/\\\/ecodef-ihedn.fr\\\/#\\\/schema\\\/logo\\\/image\\\/\",\"url\":\"https:\\\/\\\/ecodef-ihedn.fr\\\/wp-content\\\/uploads\\\/2020\\\/04\\\/logoEcodef9.jpg\",\"contentUrl\":\"https:\\\/\\\/ecodef-ihedn.fr\\\/wp-content\\\/uploads\\\/2020\\\/04\\\/logoEcodef9.jpg\",\"width\":410,\"height\":212,\"caption\":\"Chaire \u00c9conomie de d\u00e9fense - IHEDN\"},\"image\":{\"@id\":\"https:\\\/\\\/ecodef-ihedn.fr\\\/#\\\/schema\\\/logo\\\/image\\\/\"},\"sameAs\":[\"https:\\\/\\\/x.com\\\/Chaire_Ecodef\",\"https:\\\/\\\/www.linkedin.com\\\/company\\\/chaire-ecodef-ihedn\\\/\"]},{\"@type\":\"Person\",\"@id\":\"https:\\\/\\\/ecodef-ihedn.fr\\\/#\\\/schema\\\/person\\\/1cdf22d028cebe278126a6e07a884d30\",\"name\":\"Bertrand Demandre\",\"image\":{\"@type\":\"ImageObject\",\"inLanguage\":\"en-GB\",\"@id\":\"https:\\\/\\\/secure.gravatar.com\\\/avatar\\\/d9c9746d6c900ab5b9c0f9b1fa3932e369da923da247d624b8f7ab4ba8a3c093?s=96&d=mm&r=g\",\"url\":\"https:\\\/\\\/secure.gravatar.com\\\/avatar\\\/d9c9746d6c900ab5b9c0f9b1fa3932e369da923da247d624b8f7ab4ba8a3c093?s=96&d=mm&r=g\",\"contentUrl\":\"https:\\\/\\\/secure.gravatar.com\\\/avatar\\\/d9c9746d6c900ab5b9c0f9b1fa3932e369da923da247d624b8f7ab4ba8a3c093?s=96&d=mm&r=g\",\"caption\":\"Bertrand Demandre\"},\"url\":\"https:\\\/\\\/ecodef-ihedn.fr\\\/en\\\/author\\\/bertrand\\\/\"}]}<\/script>\n<!-- \/ Yoast SEO plugin. -->","yoast_head_json":{"title":"\u00ab La \"guerre\" au COVID-19 \u00bb : podcast de l'IRSEM avec la participation de Julien Malizard - Chaire \u00c9conomie de d\u00e9fense - IHEDN","robots":{"index":"index","follow":"follow","max-snippet":"max-snippet:-1","max-image-preview":"max-image-preview:large","max-video-preview":"max-video-preview:-1"},"canonical":"https:\/\/ecodef-ihedn.fr\/en\/la-guerre-au-covid-19-podcast-de-lirsem-avec-la-participation-de-julien-malizard\/","og_locale":"en_GB","og_type":"article","og_title":"\u00ab La \"guerre\" au COVID-19 \u00bb : podcast de l'IRSEM avec la participation de Julien Malizard - Chaire \u00c9conomie de d\u00e9fense - IHEDN","og_description":"Retrouvez Julien Malizard dans l&rsquo;\u00e9pisode du podcast de l&rsquo;IRSEM consacr\u00e9 \u00e0 l&rsquo;\u00e9pid\u00e9mie de COVID-19, pr\u00e9sent\u00e9 par Alexandre Jubelin. Avec B\u00e9n\u00e9dicte Ch\u00e9ron, Damien Simonneau, Julien Malizard, David Bell. Pour cet \u00e9pisode consacr\u00e9 \u00e0 l&rsquo;\u00e9pid\u00e9mie de COVID-19, et sur l&rsquo;usage de la m\u00e9taphore guerri\u00e8re qui lui est appliqu\u00e9e, Alexandre Jubelin re\u00e7oit quatre invit\u00e9s pour proposer diff\u00e9rents angles [&hellip;]","og_url":"https:\/\/ecodef-ihedn.fr\/en\/la-guerre-au-covid-19-podcast-de-lirsem-avec-la-participation-de-julien-malizard\/","og_site_name":"Chaire \u00c9conomie de d\u00e9fense - IHEDN","article_published_time":"2020-04-22T12:18:57+00:00","article_modified_time":"2024-05-16T13:05:28+00:00","og_image":[{"width":750,"height":482,"url":"https:\/\/ecodef-ihedn.fr\/wp-content\/uploads\/2020\/04\/logo-collimateur-IRSEM-1.png","type":"image\/png"}],"author":"Bertrand Demandre","twitter_card":"summary_large_image","twitter_creator":"@Chaire_Ecodef","twitter_site":"@Chaire_Ecodef","twitter_misc":{"Written by":"Bertrand Demandre","Estimated reading time":"2 minutes"},"schema":{"@context":"https:\/\/schema.org","@graph":[{"@type":"Article","@id":"https:\/\/ecodef-ihedn.fr\/la-guerre-au-covid-19-podcast-de-lirsem-avec-la-participation-de-julien-malizard\/#article","isPartOf":{"@id":"https:\/\/ecodef-ihedn.fr\/la-guerre-au-covid-19-podcast-de-lirsem-avec-la-participation-de-julien-malizard\/"},"author":{"name":"Bertrand Demandre","@id":"https:\/\/ecodef-ihedn.fr\/#\/schema\/person\/1cdf22d028cebe278126a6e07a884d30"},"headline":"\u00ab La \u00ab\u00a0guerre\u00a0\u00bb au COVID-19 \u00bb : podcast de l&rsquo;IRSEM avec la participation de Julien Malizard","datePublished":"2020-04-22T12:18:57+00:00","dateModified":"2024-05-16T13:05:28+00:00","mainEntityOfPage":{"@id":"https:\/\/ecodef-ihedn.fr\/la-guerre-au-covid-19-podcast-de-lirsem-avec-la-participation-de-julien-malizard\/"},"wordCount":228,"commentCount":0,"publisher":{"@id":"https:\/\/ecodef-ihedn.fr\/#organization"},"image":{"@id":"https:\/\/ecodef-ihedn.fr\/la-guerre-au-covid-19-podcast-de-lirsem-avec-la-participation-de-julien-malizard\/#primaryimage"},"thumbnailUrl":"https:\/\/ecodef-ihedn.fr\/wp-content\/uploads\/2020\/04\/logo-collimateur-IRSEM-1.png","keywords":["coronavirus","COVID-19","D\u00e9fense","IRSEM","Julien Malizard","podcast"],"articleSection":["M\u00e9dias"],"inLanguage":"en-GB","potentialAction":[{"@type":"CommentAction","name":"Comment","target":["https:\/\/ecodef-ihedn.fr\/la-guerre-au-covid-19-podcast-de-lirsem-avec-la-participation-de-julien-malizard\/#respond"]}]},{"@type":"WebPage","@id":"https:\/\/ecodef-ihedn.fr\/la-guerre-au-covid-19-podcast-de-lirsem-avec-la-participation-de-julien-malizard\/","url":"https:\/\/ecodef-ihedn.fr\/la-guerre-au-covid-19-podcast-de-lirsem-avec-la-participation-de-julien-malizard\/","name":"\u00ab La \"guerre\" au COVID-19 \u00bb : podcast de l'IRSEM avec la participation de Julien Malizard - Chaire \u00c9conomie de d\u00e9fense - IHEDN","isPartOf":{"@id":"https:\/\/ecodef-ihedn.fr\/#website"},"primaryImageOfPage":{"@id":"https:\/\/ecodef-ihedn.fr\/la-guerre-au-covid-19-podcast-de-lirsem-avec-la-participation-de-julien-malizard\/#primaryimage"},"image":{"@id":"https:\/\/ecodef-ihedn.fr\/la-guerre-au-covid-19-podcast-de-lirsem-avec-la-participation-de-julien-malizard\/#primaryimage"},"thumbnailUrl":"https:\/\/ecodef-ihedn.fr\/wp-content\/uploads\/2020\/04\/logo-collimateur-IRSEM-1.png","datePublished":"2020-04-22T12:18:57+00:00","dateModified":"2024-05-16T13:05:28+00:00","breadcrumb":{"@id":"https:\/\/ecodef-ihedn.fr\/la-guerre-au-covid-19-podcast-de-lirsem-avec-la-participation-de-julien-malizard\/#breadcrumb"},"inLanguage":"en-GB","potentialAction":[{"@type":"ReadAction","target":["https:\/\/ecodef-ihedn.fr\/la-guerre-au-covid-19-podcast-de-lirsem-avec-la-participation-de-julien-malizard\/"]}]},{"@type":"ImageObject","inLanguage":"en-GB","@id":"https:\/\/ecodef-ihedn.fr\/la-guerre-au-covid-19-podcast-de-lirsem-avec-la-participation-de-julien-malizard\/#primaryimage","url":"https:\/\/ecodef-ihedn.fr\/wp-content\/uploads\/2020\/04\/logo-collimateur-IRSEM-1.png","contentUrl":"https:\/\/ecodef-ihedn.fr\/wp-content\/uploads\/2020\/04\/logo-collimateur-IRSEM-1.png","width":750,"height":482},{"@type":"BreadcrumbList","@id":"https:\/\/ecodef-ihedn.fr\/la-guerre-au-covid-19-podcast-de-lirsem-avec-la-participation-de-julien-malizard\/#breadcrumb","itemListElement":[{"@type":"ListItem","position":1,"name":"Accueil","item":"https:\/\/ecodef-ihedn.fr\/"},{"@type":"ListItem","position":2,"name":"\u00ab La &#8220;guerre&#8221; au COVID-19 \u00bb : podcast de l&#8217;IRSEM avec la participation de Julien Malizard"}]},{"@type":"WebSite","@id":"https:\/\/ecodef-ihedn.fr\/#website","url":"https:\/\/ecodef-ihedn.fr\/","name":"Chair in Defence Economics - IHEDN","description":"Produce &amp; support, federate &amp; disseminate, act as an interface","publisher":{"@id":"https:\/\/ecodef-ihedn.fr\/#organization"},"potentialAction":[{"@type":"SearchAction","target":{"@type":"EntryPoint","urlTemplate":"https:\/\/ecodef-ihedn.fr\/?s={search_term_string}"},"query-input":{"@type":"PropertyValueSpecification","valueRequired":true,"valueName":"search_term_string"}}],"inLanguage":"en-GB"},{"@type":"Organization","@id":"https:\/\/ecodef-ihedn.fr\/#organization","name":"Chair in Defence Economics - IHEDN","url":"https:\/\/ecodef-ihedn.fr\/","logo":{"@type":"ImageObject","inLanguage":"en-GB","@id":"https:\/\/ecodef-ihedn.fr\/#\/schema\/logo\/image\/","url":"https:\/\/ecodef-ihedn.fr\/wp-content\/uploads\/2020\/04\/logoEcodef9.jpg","contentUrl":"https:\/\/ecodef-ihedn.fr\/wp-content\/uploads\/2020\/04\/logoEcodef9.jpg","width":410,"height":212,"caption":"Chaire \u00c9conomie de d\u00e9fense - IHEDN"},"image":{"@id":"https:\/\/ecodef-ihedn.fr\/#\/schema\/logo\/image\/"},"sameAs":["https:\/\/x.com\/Chaire_Ecodef","https:\/\/www.linkedin.com\/company\/chaire-ecodef-ihedn\/"]},{"@type":"Person","@id":"https:\/\/ecodef-ihedn.fr\/#\/schema\/person\/1cdf22d028cebe278126a6e07a884d30","name":"Bertrand Demandre","image":{"@type":"ImageObject","inLanguage":"en-GB","@id":"https:\/\/secure.gravatar.com\/avatar\/d9c9746d6c900ab5b9c0f9b1fa3932e369da923da247d624b8f7ab4ba8a3c093?s=96&d=mm&r=g","url":"https:\/\/secure.gravatar.com\/avatar\/d9c9746d6c900ab5b9c0f9b1fa3932e369da923da247d624b8f7ab4ba8a3c093?s=96&d=mm&r=g","contentUrl":"https:\/\/secure.gravatar.com\/avatar\/d9c9746d6c900ab5b9c0f9b1fa3932e369da923da247d624b8f7ab4ba8a3c093?s=96&d=mm&r=g","caption":"Bertrand Demandre"},"url":"https:\/\/ecodef-ihedn.fr\/en\/author\/bertrand\/"}]}},"_links":{"self":[{"href":"https:\/\/ecodef-ihedn.fr\/en\/wp-json\/wp\/v2\/posts\/1617","targetHints":{"allow":["GET"]}}],"collection":[{"href":"https:\/\/ecodef-ihedn.fr\/en\/wp-json\/wp\/v2\/posts"}],"about":[{"href":"https:\/\/ecodef-ihedn.fr\/en\/wp-json\/wp\/v2\/types\/post"}],"author":[{"embeddable":true,"href":"https:\/\/ecodef-ihedn.fr\/en\/wp-json\/wp\/v2\/users\/2"}],"replies":[{"embeddable":true,"href":"https:\/\/ecodef-ihedn.fr\/en\/wp-json\/wp\/v2\/comments?post=1617"}],"version-history":[{"count":8,"href":"https:\/\/ecodef-ihedn.fr\/en\/wp-json\/wp\/v2\/posts\/1617\/revisions"}],"predecessor-version":[{"id":8449,"href":"https:\/\/ecodef-ihedn.fr\/en\/wp-json\/wp\/v2\/posts\/1617\/revisions\/8449"}],"wp:featuredmedia":[{"embeddable":true,"href":"https:\/\/ecodef-ihedn.fr\/en\/wp-json\/wp\/v2\/media\/8447"}],"wp:attachment":[{"href":"https:\/\/ecodef-ihedn.fr\/en\/wp-json\/wp\/v2\/media?parent=1617"}],"wp:term":[{"taxonomy":"category","embeddable":true,"href":"https:\/\/ecodef-ihedn.fr\/en\/wp-json\/wp\/v2\/categories?post=1617"},{"taxonomy":"post_tag","embeddable":true,"href":"https:\/\/ecodef-ihedn.fr\/en\/wp-json\/wp\/v2\/tags?post=1617"}],"curies":[{"name":"wp","href":"https:\/\/api.w.org\/{rel}","templated":true}]}}