{"id":1634,"date":"2020-04-29T09:37:42","date_gmt":"2020-04-29T09:37:42","guid":{"rendered":"https:\/\/ecodef-ihedn.fr\/?p=1634"},"modified":"2023-09-15T08:38:39","modified_gmt":"2023-09-15T08:38:39","slug":"lignes-de-defense-le-podcast-de-rfi-sur-le-theme-france-lindustrie-de-defense-face-a-la-crise-du-covid-19-avec-julien-malizard","status":"publish","type":"post","link":"https:\/\/ecodef-ihedn.fr\/en\/lignes-de-defense-le-podcast-de-rfi-sur-le-theme-france-lindustrie-de-defense-face-a-la-crise-du-covid-19-avec-julien-malizard\/","title":{"rendered":"\u00abRFI's \u00bbLignes de d\u00e9fense\u00ab podcast on \u00bbFrance: the defence industry and the Covid-19 crisis\" with Julien Malizard"},"content":{"rendered":"<\/p>\r\n<p><img loading=\"lazy\" decoding=\"async\" class=\"aligncenter wp-image-8086 size-medium\" src=\"https:\/\/ecodef-ihedn.fr\/wp-content\/uploads\/2020\/04\/600x600bb-300x300.jpg\" alt=\"\" width=\"300\" height=\"300\" srcset=\"https:\/\/ecodef-ihedn.fr\/wp-content\/uploads\/2020\/04\/600x600bb-300x300.jpg 300w, https:\/\/ecodef-ihedn.fr\/wp-content\/uploads\/2020\/04\/600x600bb-150x150.jpg 150w, https:\/\/ecodef-ihedn.fr\/wp-content\/uploads\/2020\/04\/600x600bb-420x420.jpg 420w, https:\/\/ecodef-ihedn.fr\/wp-content\/uploads\/2020\/04\/600x600bb.jpg 600w\" sizes=\"auto, (max-width: 300px) 100vw, 300px\" \/><\/p>\r\n<p style=\"font-size: 20px;\">Visit <a href=\"https:\/\/ecodef-ihedn.fr\/en\/equipe\/\" target=\"_blank\" rel=\"noreferrer noopener\">Julien Malizard<\/a> in \u00abLignes de d\u00e9fense\u00bb, RFI's podcast, on the theme : <a href=\"http:\/\/www.rfi.fr\/fr\/podcasts\/20200426-france-industrie-d%C3%A9fense-face-crise-covid-19\" target=\"_blank\" rel=\"noreferrer noopener\">\u00abFrance: the defence industry faces the Covid-19 crisis\u00bb<\/a>, presented by <a href=\"http:\/\/www.rfi.fr\/fr\/franck-alexandre\">Franck Alexandre<\/a> !<\/p>\r\n<p>\r\n\r\n<\/p>\r\n<blockquote class=\"wp-block-quote td_quote is-layout-flow wp-block-quote-is-layout-flow\">\r\n<p><a href=\"http:\/\/www.rfi.fr\/fr\/podcasts\/20200426-france-industrie-d%C3%A9fense-face-crise-covid-19\" target=\"_blank\" rel=\"noreferrer noopener\">In France, faced with the coronavirus epidemic that is paralysing their production sites, defence manufacturers consider a recovery plan for their activities to be \u00abfundamental\u00bb. Faced with fierce international competition, the major companies in the sector are highlighting the jobs at stake in France.<\/a><\/p>\r\n<cite>RFI.fr on 26\/04\/2020<\/cite><\/blockquote>\r\n<p>\r\n\r\n<\/p>\r\n<p>&nbsp;<\/p>\r\n<p><\/p>","protected":false},"excerpt":{"rendered":"<p>Retrouvez Julien Malizard dans \u00ab\u00a0Lignes de d\u00e9fense\u00a0\u00bb, le podcast de RFI, sur le th\u00e8me : \u00ab\u00a0France : l&rsquo;industrie de d\u00e9fense face \u00e0 la crise du Covid-19\u00a0\u00bb, pr\u00e9sent\u00e9 par Franck Alexandre ! En France, face \u00e0 l&rsquo;\u00e9pid\u00e9mie de coronavirus qui paralyse leurs sites de productions, les industriels de la d\u00e9fense jugent \u00ab fondamental \u00bb un plan [&hellip;]<\/p>\n","protected":false},"author":2,"featured_media":8084,"comment_status":"open","ping_status":"open","sticky":false,"template":"","format":"standard","meta":{"footnotes":""},"categories":[358],"tags":[365,364,36,366,149,368,361,367],"class_list":{"0":"post-1634","1":"post","2":"type-post","3":"status-publish","4":"format-standard","5":"has-post-thumbnail","7":"category-medias","8":"tag-coronavirus","9":"tag-covid-19","10":"tag-defense","11":"tag-france","12":"tag-industrie-de-defense","13":"tag-plan-de-relance","14":"tag-podcast","15":"tag-rfi"},"yoast_head":"<!-- This site is optimized with the Yoast SEO plugin v27.4 - https:\/\/yoast.com\/product\/yoast-seo-wordpress\/ -->\n<title>&quot;Lignes de d\u00e9fense&quot;, le podcast de RFI, sur le th\u00e8me : &quot;France : l&#039;industrie de d\u00e9fense face \u00e0 la crise du Covid-19&quot; avec Julien Malizard - Chaire \u00c9conomie de d\u00e9fense - IHEDN<\/title>\n<meta name=\"robots\" content=\"index, follow, max-snippet:-1, max-image-preview:large, max-video-preview:-1\" \/>\n<link rel=\"canonical\" href=\"https:\/\/ecodef-ihedn.fr\/en\/lignes-de-defense-le-podcast-de-rfi-sur-le-theme-france-lindustrie-de-defense-face-a-la-crise-du-covid-19-avec-julien-malizard\/\" \/>\n<meta property=\"og:locale\" content=\"en_GB\" \/>\n<meta property=\"og:type\" content=\"article\" \/>\n<meta property=\"og:title\" content=\"&quot;Lignes de d\u00e9fense&quot;, le podcast de RFI, sur le th\u00e8me : &quot;France : l&#039;industrie de d\u00e9fense face \u00e0 la crise du Covid-19&quot; avec Julien Malizard - Chaire \u00c9conomie de d\u00e9fense - IHEDN\" \/>\n<meta property=\"og:description\" content=\"Retrouvez Julien Malizard dans \u00ab\u00a0Lignes de d\u00e9fense\u00a0\u00bb, le podcast de RFI, sur le th\u00e8me : \u00ab\u00a0France : l&rsquo;industrie de d\u00e9fense face \u00e0 la crise du Covid-19\u00a0\u00bb, pr\u00e9sent\u00e9 par Franck Alexandre ! En France, face \u00e0 l&rsquo;\u00e9pid\u00e9mie de coronavirus qui paralyse leurs sites de productions, les industriels de la d\u00e9fense jugent \u00ab fondamental \u00bb un plan [&hellip;]\" \/>\n<meta property=\"og:url\" content=\"https:\/\/ecodef-ihedn.fr\/en\/lignes-de-defense-le-podcast-de-rfi-sur-le-theme-france-lindustrie-de-defense-face-a-la-crise-du-covid-19-avec-julien-malizard\/\" \/>\n<meta property=\"og:site_name\" content=\"Chaire \u00c9conomie de d\u00e9fense - IHEDN\" \/>\n<meta property=\"article:published_time\" content=\"2020-04-29T09:37:42+00:00\" \/>\n<meta property=\"article:modified_time\" content=\"2023-09-15T08:38:39+00:00\" \/>\n<meta property=\"og:image\" content=\"https:\/\/ecodef-ihedn.fr\/wp-content\/uploads\/2020\/04\/ligne-de-defense-RFI-7-5.png\" \/>\n\t<meta property=\"og:image:width\" content=\"700\" \/>\n\t<meta property=\"og:image:height\" content=\"500\" \/>\n\t<meta property=\"og:image:type\" content=\"image\/png\" \/>\n<meta name=\"author\" content=\"Bertrand Demandre\" \/>\n<meta name=\"twitter:card\" content=\"summary_large_image\" \/>\n<meta name=\"twitter:creator\" content=\"@Chaire_Ecodef\" \/>\n<meta name=\"twitter:site\" content=\"@Chaire_Ecodef\" \/>\n<meta name=\"twitter:label1\" content=\"Written by\" \/>\n\t<meta name=\"twitter:data1\" content=\"Bertrand Demandre\" \/>\n\t<meta name=\"twitter:label2\" content=\"Estimated reading time\" \/>\n\t<meta name=\"twitter:data2\" content=\"1 minute\" \/>\n<script type=\"application\/ld+json\" class=\"yoast-schema-graph\">{\"@context\":\"https:\\\/\\\/schema.org\",\"@graph\":[{\"@type\":\"Article\",\"@id\":\"https:\\\/\\\/ecodef-ihedn.fr\\\/lignes-de-defense-le-podcast-de-rfi-sur-le-theme-france-lindustrie-de-defense-face-a-la-crise-du-covid-19-avec-julien-malizard\\\/#article\",\"isPartOf\":{\"@id\":\"https:\\\/\\\/ecodef-ihedn.fr\\\/lignes-de-defense-le-podcast-de-rfi-sur-le-theme-france-lindustrie-de-defense-face-a-la-crise-du-covid-19-avec-julien-malizard\\\/\"},\"author\":{\"name\":\"Bertrand Demandre\",\"@id\":\"https:\\\/\\\/ecodef-ihedn.fr\\\/#\\\/schema\\\/person\\\/1cdf22d028cebe278126a6e07a884d30\"},\"headline\":\"\u00ab\u00a0Lignes de d\u00e9fense\u00a0\u00bb, le podcast de RFI, sur le th\u00e8me : \u00ab\u00a0France : l&rsquo;industrie de d\u00e9fense face \u00e0 la crise du Covid-19\u00a0\u00bb avec Julien Malizard\",\"datePublished\":\"2020-04-29T09:37:42+00:00\",\"dateModified\":\"2023-09-15T08:38:39+00:00\",\"mainEntityOfPage\":{\"@id\":\"https:\\\/\\\/ecodef-ihedn.fr\\\/lignes-de-defense-le-podcast-de-rfi-sur-le-theme-france-lindustrie-de-defense-face-a-la-crise-du-covid-19-avec-julien-malizard\\\/\"},\"wordCount\":112,\"commentCount\":0,\"publisher\":{\"@id\":\"https:\\\/\\\/ecodef-ihedn.fr\\\/#organization\"},\"image\":{\"@id\":\"https:\\\/\\\/ecodef-ihedn.fr\\\/lignes-de-defense-le-podcast-de-rfi-sur-le-theme-france-lindustrie-de-defense-face-a-la-crise-du-covid-19-avec-julien-malizard\\\/#primaryimage\"},\"thumbnailUrl\":\"https:\\\/\\\/ecodef-ihedn.fr\\\/wp-content\\\/uploads\\\/2020\\\/04\\\/ligne-de-defense-RFI-7-5.png\",\"keywords\":[\"coronavirus\",\"COVID-19\",\"D\u00e9fense\",\"France\",\"industrie de d\u00e9fense\",\"plan de relance\",\"podcast\",\"RFI\"],\"articleSection\":[\"M\u00e9dias\"],\"inLanguage\":\"en-GB\",\"potentialAction\":[{\"@type\":\"CommentAction\",\"name\":\"Comment\",\"target\":[\"https:\\\/\\\/ecodef-ihedn.fr\\\/lignes-de-defense-le-podcast-de-rfi-sur-le-theme-france-lindustrie-de-defense-face-a-la-crise-du-covid-19-avec-julien-malizard\\\/#respond\"]}]},{\"@type\":\"WebPage\",\"@id\":\"https:\\\/\\\/ecodef-ihedn.fr\\\/lignes-de-defense-le-podcast-de-rfi-sur-le-theme-france-lindustrie-de-defense-face-a-la-crise-du-covid-19-avec-julien-malizard\\\/\",\"url\":\"https:\\\/\\\/ecodef-ihedn.fr\\\/lignes-de-defense-le-podcast-de-rfi-sur-le-theme-france-lindustrie-de-defense-face-a-la-crise-du-covid-19-avec-julien-malizard\\\/\",\"name\":\"\\\"Lignes de d\u00e9fense\\\", le podcast de RFI, sur le th\u00e8me : \\\"France : l'industrie de d\u00e9fense face \u00e0 la crise du Covid-19\\\" avec Julien Malizard - Chaire \u00c9conomie de d\u00e9fense - IHEDN\",\"isPartOf\":{\"@id\":\"https:\\\/\\\/ecodef-ihedn.fr\\\/#website\"},\"primaryImageOfPage\":{\"@id\":\"https:\\\/\\\/ecodef-ihedn.fr\\\/lignes-de-defense-le-podcast-de-rfi-sur-le-theme-france-lindustrie-de-defense-face-a-la-crise-du-covid-19-avec-julien-malizard\\\/#primaryimage\"},\"image\":{\"@id\":\"https:\\\/\\\/ecodef-ihedn.fr\\\/lignes-de-defense-le-podcast-de-rfi-sur-le-theme-france-lindustrie-de-defense-face-a-la-crise-du-covid-19-avec-julien-malizard\\\/#primaryimage\"},\"thumbnailUrl\":\"https:\\\/\\\/ecodef-ihedn.fr\\\/wp-content\\\/uploads\\\/2020\\\/04\\\/ligne-de-defense-RFI-7-5.png\",\"datePublished\":\"2020-04-29T09:37:42+00:00\",\"dateModified\":\"2023-09-15T08:38:39+00:00\",\"breadcrumb\":{\"@id\":\"https:\\\/\\\/ecodef-ihedn.fr\\\/lignes-de-defense-le-podcast-de-rfi-sur-le-theme-france-lindustrie-de-defense-face-a-la-crise-du-covid-19-avec-julien-malizard\\\/#breadcrumb\"},\"inLanguage\":\"en-GB\",\"potentialAction\":[{\"@type\":\"ReadAction\",\"target\":[\"https:\\\/\\\/ecodef-ihedn.fr\\\/lignes-de-defense-le-podcast-de-rfi-sur-le-theme-france-lindustrie-de-defense-face-a-la-crise-du-covid-19-avec-julien-malizard\\\/\"]}]},{\"@type\":\"ImageObject\",\"inLanguage\":\"en-GB\",\"@id\":\"https:\\\/\\\/ecodef-ihedn.fr\\\/lignes-de-defense-le-podcast-de-rfi-sur-le-theme-france-lindustrie-de-defense-face-a-la-crise-du-covid-19-avec-julien-malizard\\\/#primaryimage\",\"url\":\"https:\\\/\\\/ecodef-ihedn.fr\\\/wp-content\\\/uploads\\\/2020\\\/04\\\/ligne-de-defense-RFI-7-5.png\",\"contentUrl\":\"https:\\\/\\\/ecodef-ihedn.fr\\\/wp-content\\\/uploads\\\/2020\\\/04\\\/ligne-de-defense-RFI-7-5.png\",\"width\":700,\"height\":500},{\"@type\":\"BreadcrumbList\",\"@id\":\"https:\\\/\\\/ecodef-ihedn.fr\\\/lignes-de-defense-le-podcast-de-rfi-sur-le-theme-france-lindustrie-de-defense-face-a-la-crise-du-covid-19-avec-julien-malizard\\\/#breadcrumb\",\"itemListElement\":[{\"@type\":\"ListItem\",\"position\":1,\"name\":\"Accueil\",\"item\":\"https:\\\/\\\/ecodef-ihedn.fr\\\/\"},{\"@type\":\"ListItem\",\"position\":2,\"name\":\"&#8220;Lignes de d\u00e9fense&#8221;, le podcast de RFI, sur le th\u00e8me : &#8220;France : l&#8217;industrie de d\u00e9fense face \u00e0 la crise du Covid-19&#8221; avec Julien Malizard\"}]},{\"@type\":\"WebSite\",\"@id\":\"https:\\\/\\\/ecodef-ihedn.fr\\\/#website\",\"url\":\"https:\\\/\\\/ecodef-ihedn.fr\\\/\",\"name\":\"Chaire \u00c9conomie de D\u00e9fense - IHEDN\",\"description\":\"Produire &amp; soutenir, f\u00e9d\u00e9rer &amp; diffuser, \u00eatre une interface\",\"publisher\":{\"@id\":\"https:\\\/\\\/ecodef-ihedn.fr\\\/#organization\"},\"potentialAction\":[{\"@type\":\"SearchAction\",\"target\":{\"@type\":\"EntryPoint\",\"urlTemplate\":\"https:\\\/\\\/ecodef-ihedn.fr\\\/?s={search_term_string}\"},\"query-input\":{\"@type\":\"PropertyValueSpecification\",\"valueRequired\":true,\"valueName\":\"search_term_string\"}}],\"inLanguage\":\"en-GB\"},{\"@type\":\"Organization\",\"@id\":\"https:\\\/\\\/ecodef-ihedn.fr\\\/#organization\",\"name\":\"Chaire \u00c9conomie de d\u00e9fense - IHEDN\",\"url\":\"https:\\\/\\\/ecodef-ihedn.fr\\\/\",\"logo\":{\"@type\":\"ImageObject\",\"inLanguage\":\"en-GB\",\"@id\":\"https:\\\/\\\/ecodef-ihedn.fr\\\/#\\\/schema\\\/logo\\\/image\\\/\",\"url\":\"https:\\\/\\\/ecodef-ihedn.fr\\\/wp-content\\\/uploads\\\/2020\\\/04\\\/logoEcodef9.jpg\",\"contentUrl\":\"https:\\\/\\\/ecodef-ihedn.fr\\\/wp-content\\\/uploads\\\/2020\\\/04\\\/logoEcodef9.jpg\",\"width\":410,\"height\":212,\"caption\":\"Chaire \u00c9conomie de d\u00e9fense - IHEDN\"},\"image\":{\"@id\":\"https:\\\/\\\/ecodef-ihedn.fr\\\/#\\\/schema\\\/logo\\\/image\\\/\"},\"sameAs\":[\"https:\\\/\\\/x.com\\\/Chaire_Ecodef\",\"https:\\\/\\\/www.linkedin.com\\\/company\\\/chaire-ecodef-ihedn\\\/\"]},{\"@type\":\"Person\",\"@id\":\"https:\\\/\\\/ecodef-ihedn.fr\\\/#\\\/schema\\\/person\\\/1cdf22d028cebe278126a6e07a884d30\",\"name\":\"Bertrand Demandre\",\"image\":{\"@type\":\"ImageObject\",\"inLanguage\":\"en-GB\",\"@id\":\"https:\\\/\\\/secure.gravatar.com\\\/avatar\\\/d9c9746d6c900ab5b9c0f9b1fa3932e369da923da247d624b8f7ab4ba8a3c093?s=96&d=mm&r=g\",\"url\":\"https:\\\/\\\/secure.gravatar.com\\\/avatar\\\/d9c9746d6c900ab5b9c0f9b1fa3932e369da923da247d624b8f7ab4ba8a3c093?s=96&d=mm&r=g\",\"contentUrl\":\"https:\\\/\\\/secure.gravatar.com\\\/avatar\\\/d9c9746d6c900ab5b9c0f9b1fa3932e369da923da247d624b8f7ab4ba8a3c093?s=96&d=mm&r=g\",\"caption\":\"Bertrand Demandre\"},\"url\":\"https:\\\/\\\/ecodef-ihedn.fr\\\/en\\\/author\\\/bertrand\\\/\"}]}<\/script>\n<!-- \/ Yoast SEO plugin. -->","yoast_head_json":{"title":"\"Lignes de d\u00e9fense\", le podcast de RFI, sur le th\u00e8me : \"France : l'industrie de d\u00e9fense face \u00e0 la crise du Covid-19\" avec Julien Malizard - Chaire \u00c9conomie de d\u00e9fense - IHEDN","robots":{"index":"index","follow":"follow","max-snippet":"max-snippet:-1","max-image-preview":"max-image-preview:large","max-video-preview":"max-video-preview:-1"},"canonical":"https:\/\/ecodef-ihedn.fr\/en\/lignes-de-defense-le-podcast-de-rfi-sur-le-theme-france-lindustrie-de-defense-face-a-la-crise-du-covid-19-avec-julien-malizard\/","og_locale":"en_GB","og_type":"article","og_title":"\"Lignes de d\u00e9fense\", le podcast de RFI, sur le th\u00e8me : \"France : l'industrie de d\u00e9fense face \u00e0 la crise du Covid-19\" avec Julien Malizard - Chaire \u00c9conomie de d\u00e9fense - IHEDN","og_description":"Retrouvez Julien Malizard dans \u00ab\u00a0Lignes de d\u00e9fense\u00a0\u00bb, le podcast de RFI, sur le th\u00e8me : \u00ab\u00a0France : l&rsquo;industrie de d\u00e9fense face \u00e0 la crise du Covid-19\u00a0\u00bb, pr\u00e9sent\u00e9 par Franck Alexandre ! En France, face \u00e0 l&rsquo;\u00e9pid\u00e9mie de coronavirus qui paralyse leurs sites de productions, les industriels de la d\u00e9fense jugent \u00ab fondamental \u00bb un plan [&hellip;]","og_url":"https:\/\/ecodef-ihedn.fr\/en\/lignes-de-defense-le-podcast-de-rfi-sur-le-theme-france-lindustrie-de-defense-face-a-la-crise-du-covid-19-avec-julien-malizard\/","og_site_name":"Chaire \u00c9conomie de d\u00e9fense - IHEDN","article_published_time":"2020-04-29T09:37:42+00:00","article_modified_time":"2023-09-15T08:38:39+00:00","og_image":[{"width":700,"height":500,"url":"https:\/\/ecodef-ihedn.fr\/wp-content\/uploads\/2020\/04\/ligne-de-defense-RFI-7-5.png","type":"image\/png"}],"author":"Bertrand Demandre","twitter_card":"summary_large_image","twitter_creator":"@Chaire_Ecodef","twitter_site":"@Chaire_Ecodef","twitter_misc":{"Written by":"Bertrand Demandre","Estimated reading time":"1 minute"},"schema":{"@context":"https:\/\/schema.org","@graph":[{"@type":"Article","@id":"https:\/\/ecodef-ihedn.fr\/lignes-de-defense-le-podcast-de-rfi-sur-le-theme-france-lindustrie-de-defense-face-a-la-crise-du-covid-19-avec-julien-malizard\/#article","isPartOf":{"@id":"https:\/\/ecodef-ihedn.fr\/lignes-de-defense-le-podcast-de-rfi-sur-le-theme-france-lindustrie-de-defense-face-a-la-crise-du-covid-19-avec-julien-malizard\/"},"author":{"name":"Bertrand Demandre","@id":"https:\/\/ecodef-ihedn.fr\/#\/schema\/person\/1cdf22d028cebe278126a6e07a884d30"},"headline":"\u00ab\u00a0Lignes de d\u00e9fense\u00a0\u00bb, le podcast de RFI, sur le th\u00e8me : \u00ab\u00a0France : l&rsquo;industrie de d\u00e9fense face \u00e0 la crise du Covid-19\u00a0\u00bb avec Julien Malizard","datePublished":"2020-04-29T09:37:42+00:00","dateModified":"2023-09-15T08:38:39+00:00","mainEntityOfPage":{"@id":"https:\/\/ecodef-ihedn.fr\/lignes-de-defense-le-podcast-de-rfi-sur-le-theme-france-lindustrie-de-defense-face-a-la-crise-du-covid-19-avec-julien-malizard\/"},"wordCount":112,"commentCount":0,"publisher":{"@id":"https:\/\/ecodef-ihedn.fr\/#organization"},"image":{"@id":"https:\/\/ecodef-ihedn.fr\/lignes-de-defense-le-podcast-de-rfi-sur-le-theme-france-lindustrie-de-defense-face-a-la-crise-du-covid-19-avec-julien-malizard\/#primaryimage"},"thumbnailUrl":"https:\/\/ecodef-ihedn.fr\/wp-content\/uploads\/2020\/04\/ligne-de-defense-RFI-7-5.png","keywords":["coronavirus","COVID-19","D\u00e9fense","France","industrie de d\u00e9fense","plan de relance","podcast","RFI"],"articleSection":["M\u00e9dias"],"inLanguage":"en-GB","potentialAction":[{"@type":"CommentAction","name":"Comment","target":["https:\/\/ecodef-ihedn.fr\/lignes-de-defense-le-podcast-de-rfi-sur-le-theme-france-lindustrie-de-defense-face-a-la-crise-du-covid-19-avec-julien-malizard\/#respond"]}]},{"@type":"WebPage","@id":"https:\/\/ecodef-ihedn.fr\/lignes-de-defense-le-podcast-de-rfi-sur-le-theme-france-lindustrie-de-defense-face-a-la-crise-du-covid-19-avec-julien-malizard\/","url":"https:\/\/ecodef-ihedn.fr\/lignes-de-defense-le-podcast-de-rfi-sur-le-theme-france-lindustrie-de-defense-face-a-la-crise-du-covid-19-avec-julien-malizard\/","name":"\"Lignes de d\u00e9fense\", le podcast de RFI, sur le th\u00e8me : \"France : l'industrie de d\u00e9fense face \u00e0 la crise du Covid-19\" avec Julien Malizard - Chaire \u00c9conomie de d\u00e9fense - IHEDN","isPartOf":{"@id":"https:\/\/ecodef-ihedn.fr\/#website"},"primaryImageOfPage":{"@id":"https:\/\/ecodef-ihedn.fr\/lignes-de-defense-le-podcast-de-rfi-sur-le-theme-france-lindustrie-de-defense-face-a-la-crise-du-covid-19-avec-julien-malizard\/#primaryimage"},"image":{"@id":"https:\/\/ecodef-ihedn.fr\/lignes-de-defense-le-podcast-de-rfi-sur-le-theme-france-lindustrie-de-defense-face-a-la-crise-du-covid-19-avec-julien-malizard\/#primaryimage"},"thumbnailUrl":"https:\/\/ecodef-ihedn.fr\/wp-content\/uploads\/2020\/04\/ligne-de-defense-RFI-7-5.png","datePublished":"2020-04-29T09:37:42+00:00","dateModified":"2023-09-15T08:38:39+00:00","breadcrumb":{"@id":"https:\/\/ecodef-ihedn.fr\/lignes-de-defense-le-podcast-de-rfi-sur-le-theme-france-lindustrie-de-defense-face-a-la-crise-du-covid-19-avec-julien-malizard\/#breadcrumb"},"inLanguage":"en-GB","potentialAction":[{"@type":"ReadAction","target":["https:\/\/ecodef-ihedn.fr\/lignes-de-defense-le-podcast-de-rfi-sur-le-theme-france-lindustrie-de-defense-face-a-la-crise-du-covid-19-avec-julien-malizard\/"]}]},{"@type":"ImageObject","inLanguage":"en-GB","@id":"https:\/\/ecodef-ihedn.fr\/lignes-de-defense-le-podcast-de-rfi-sur-le-theme-france-lindustrie-de-defense-face-a-la-crise-du-covid-19-avec-julien-malizard\/#primaryimage","url":"https:\/\/ecodef-ihedn.fr\/wp-content\/uploads\/2020\/04\/ligne-de-defense-RFI-7-5.png","contentUrl":"https:\/\/ecodef-ihedn.fr\/wp-content\/uploads\/2020\/04\/ligne-de-defense-RFI-7-5.png","width":700,"height":500},{"@type":"BreadcrumbList","@id":"https:\/\/ecodef-ihedn.fr\/lignes-de-defense-le-podcast-de-rfi-sur-le-theme-france-lindustrie-de-defense-face-a-la-crise-du-covid-19-avec-julien-malizard\/#breadcrumb","itemListElement":[{"@type":"ListItem","position":1,"name":"Accueil","item":"https:\/\/ecodef-ihedn.fr\/"},{"@type":"ListItem","position":2,"name":"&#8220;Lignes de d\u00e9fense&#8221;, le podcast de RFI, sur le th\u00e8me : &#8220;France : l&#8217;industrie de d\u00e9fense face \u00e0 la crise du Covid-19&#8221; avec Julien Malizard"}]},{"@type":"WebSite","@id":"https:\/\/ecodef-ihedn.fr\/#website","url":"https:\/\/ecodef-ihedn.fr\/","name":"Chair in Defence Economics - IHEDN","description":"Produce &amp; support, federate &amp; disseminate, act as an interface","publisher":{"@id":"https:\/\/ecodef-ihedn.fr\/#organization"},"potentialAction":[{"@type":"SearchAction","target":{"@type":"EntryPoint","urlTemplate":"https:\/\/ecodef-ihedn.fr\/?s={search_term_string}"},"query-input":{"@type":"PropertyValueSpecification","valueRequired":true,"valueName":"search_term_string"}}],"inLanguage":"en-GB"},{"@type":"Organization","@id":"https:\/\/ecodef-ihedn.fr\/#organization","name":"Chair in Defence Economics - IHEDN","url":"https:\/\/ecodef-ihedn.fr\/","logo":{"@type":"ImageObject","inLanguage":"en-GB","@id":"https:\/\/ecodef-ihedn.fr\/#\/schema\/logo\/image\/","url":"https:\/\/ecodef-ihedn.fr\/wp-content\/uploads\/2020\/04\/logoEcodef9.jpg","contentUrl":"https:\/\/ecodef-ihedn.fr\/wp-content\/uploads\/2020\/04\/logoEcodef9.jpg","width":410,"height":212,"caption":"Chaire \u00c9conomie de d\u00e9fense - IHEDN"},"image":{"@id":"https:\/\/ecodef-ihedn.fr\/#\/schema\/logo\/image\/"},"sameAs":["https:\/\/x.com\/Chaire_Ecodef","https:\/\/www.linkedin.com\/company\/chaire-ecodef-ihedn\/"]},{"@type":"Person","@id":"https:\/\/ecodef-ihedn.fr\/#\/schema\/person\/1cdf22d028cebe278126a6e07a884d30","name":"Bertrand Demandre","image":{"@type":"ImageObject","inLanguage":"en-GB","@id":"https:\/\/secure.gravatar.com\/avatar\/d9c9746d6c900ab5b9c0f9b1fa3932e369da923da247d624b8f7ab4ba8a3c093?s=96&d=mm&r=g","url":"https:\/\/secure.gravatar.com\/avatar\/d9c9746d6c900ab5b9c0f9b1fa3932e369da923da247d624b8f7ab4ba8a3c093?s=96&d=mm&r=g","contentUrl":"https:\/\/secure.gravatar.com\/avatar\/d9c9746d6c900ab5b9c0f9b1fa3932e369da923da247d624b8f7ab4ba8a3c093?s=96&d=mm&r=g","caption":"Bertrand Demandre"},"url":"https:\/\/ecodef-ihedn.fr\/en\/author\/bertrand\/"}]}},"_links":{"self":[{"href":"https:\/\/ecodef-ihedn.fr\/en\/wp-json\/wp\/v2\/posts\/1634","targetHints":{"allow":["GET"]}}],"collection":[{"href":"https:\/\/ecodef-ihedn.fr\/en\/wp-json\/wp\/v2\/posts"}],"about":[{"href":"https:\/\/ecodef-ihedn.fr\/en\/wp-json\/wp\/v2\/types\/post"}],"author":[{"embeddable":true,"href":"https:\/\/ecodef-ihedn.fr\/en\/wp-json\/wp\/v2\/users\/2"}],"replies":[{"embeddable":true,"href":"https:\/\/ecodef-ihedn.fr\/en\/wp-json\/wp\/v2\/comments?post=1634"}],"version-history":[{"count":10,"href":"https:\/\/ecodef-ihedn.fr\/en\/wp-json\/wp\/v2\/posts\/1634\/revisions"}],"predecessor-version":[{"id":8090,"href":"https:\/\/ecodef-ihedn.fr\/en\/wp-json\/wp\/v2\/posts\/1634\/revisions\/8090"}],"wp:featuredmedia":[{"embeddable":true,"href":"https:\/\/ecodef-ihedn.fr\/en\/wp-json\/wp\/v2\/media\/8084"}],"wp:attachment":[{"href":"https:\/\/ecodef-ihedn.fr\/en\/wp-json\/wp\/v2\/media?parent=1634"}],"wp:term":[{"taxonomy":"category","embeddable":true,"href":"https:\/\/ecodef-ihedn.fr\/en\/wp-json\/wp\/v2\/categories?post=1634"},{"taxonomy":"post_tag","embeddable":true,"href":"https:\/\/ecodef-ihedn.fr\/en\/wp-json\/wp\/v2\/tags?post=1634"}],"curies":[{"name":"wp","href":"https:\/\/api.w.org\/{rel}","templated":true}]}}