{"id":1786,"date":"2020-05-14T16:02:21","date_gmt":"2020-05-14T16:02:21","guid":{"rendered":"https:\/\/ecodef-ihedn.fr\/?p=1786"},"modified":"2020-05-26T13:18:34","modified_gmt":"2020-05-26T13:18:34","slug":"frs-web-conference-defense-industries-2-le-financement-des-pme-de-defense-une-course-dobstacles-avec-jean-belin-20-05-2020-17h-18h","status":"publish","type":"post","link":"https:\/\/ecodef-ihedn.fr\/en\/frs-web-conference-defense-industries-2-le-financement-des-pme-de-defense-une-course-dobstacles-avec-jean-belin-20-05-2020-17h-18h\/","title":{"rendered":"FRS : WEB Conference Defence &amp; Industries #2 - \u00abFinancing defence SMEs: an obstacle course\u00bb, with Jean Belin (20\/05\/2020, 17h-18h)"},"content":{"rendered":"<div class=\"wp-block-image\"><figure class=\"aligncenter size-large is-resized\"><img loading=\"lazy\" decoding=\"async\" src=\"https:\/\/ecodef-ihedn.fr\/wp-content\/uploads\/2020\/05\/20-05-2020.jpg\" alt=\"\" class=\"wp-image-1787\" width=\"411\" height=\"251\" srcset=\"https:\/\/ecodef-ihedn.fr\/wp-content\/uploads\/2020\/05\/20-05-2020.jpg 600w, https:\/\/ecodef-ihedn.fr\/wp-content\/uploads\/2020\/05\/20-05-2020-300x184.jpg 300w\" sizes=\"auto, (max-width: 411px) 100vw, 411px\" \/><figcaption><br><br>The <strong class=\"\"><em class=\"\">WEB<\/em> Conferences <em class=\"\">Defence &amp; Industry<\/em><\/strong> are available on video <em class=\"\">replay<\/em> on the FRS website (\u00abEvents\u00bb and \u00abSkills\/Arma Policy and Economics\u00bb sections).<\/figcaption><\/figure><\/div>\n\n\n\n<p>La <a rel=\"noreferrer noopener\" href=\"http:\/\/www.frstrategie.org\" target=\"_blank\">Foundation for Strategic Research (FRS)<\/a> is organising a <strong class=\"\"><em class=\"\">WEB<\/em> <em class=\"\">Conference<\/em> <\/strong><em class=\"\"><strong class=\"\">Defence &amp; Industry<\/strong><\/em> on the theme \u00abFinancing defence SMEs: an obstacle course? <strong class=\"\">Wednesday 20 May 2020<\/strong>, of <strong class=\"\">17h00<\/strong> \u00e0 <strong class=\"\">18h00<\/strong>.<\/p>\n\n\n\n<p><a rel=\"noreferrer noopener\" href=\"https:\/\/ecodef-ihedn.fr\/en\/equipe\/\" target=\"_blank\"><strong class=\"\">Jean Belin<\/strong>, holder of the Chair<\/a>, will be speaking alongside <strong class=\"\">Thierry Ga\u00efffe<\/strong>, Chairman of the Elno Group, Chairman of the Defence Commission of the Comit\u00e9 Richelieu, and of <strong class=\"\">Pascal Lagarde<\/strong>, Executive Director, International, Strategy, Research and Development, BPI France. H\u00e9l\u00e8ne Masson, Senior Research Fellow at the FRS, will moderate this round-table discussion.<\/p>\n\n\n\n<p class=\"has-text-align-center\"> &gt;&gt; <a rel=\"noreferrer noopener\" href=\"https:\/\/www.frstrategie.org\/evenements\/20-05-2020-web-conference-2-financement-pme-defense-une-course-obstacles\" target=\"_blank\"><strong>REGISTER<\/strong><\/a> &lt;&lt;<\/p>\n\n\n\n<p><\/p>","protected":false},"excerpt":{"rendered":"<p>La Fondation pour la recherche strat\u00e9gique (FRS) organise une WEB Conf\u00e9rence D\u00e9fense &amp; Industries sur le th\u00e8me \u00ab Le financement des PME de d\u00e9fense : une course d&rsquo;obstacles ? \u00bb, le mercredi 20 mai 2020, de 17h00 \u00e0 18h00. Jean Belin, titulaire de la Chaire, s&rsquo;exprimera aux c\u00f4t\u00e9s de Thierry Ga\u00efffe, Pr\u00e9sident du Groupe Elno, [&hellip;]<\/p>\n","protected":false},"author":2,"featured_media":1787,"comment_status":"open","ping_status":"open","sticky":false,"template":"","format":"standard","meta":{"footnotes":""},"categories":[356],"tags":[369,74,113,149,370,307],"class_list":{"0":"post-1786","1":"post","2":"type-post","3":"status-publish","4":"format-standard","5":"has-post-thumbnail","7":"category-activites-participation-de-la-chaire-a-un-evenement","8":"tag-defense-et-industrie","9":"tag-financement","10":"tag-frs","11":"tag-industrie-de-defense","12":"tag-pme","13":"tag-rencontres-defense-et-industries"},"yoast_head":"<!-- This site is optimized with the Yoast SEO plugin v27.4 - https:\/\/yoast.com\/product\/yoast-seo-wordpress\/ -->\n<title>FRS : WEB Conf\u00e9rence D\u00e9fense &amp; Industries #2 - \u00ab Le financement des PME de d\u00e9fense : une course d&#039;obstacles ? \u00bb, avec Jean Belin (20\/05\/2020, 17h-18h) - Chaire \u00c9conomie de d\u00e9fense - IHEDN<\/title>\n<meta name=\"robots\" content=\"index, follow, max-snippet:-1, max-image-preview:large, max-video-preview:-1\" \/>\n<link rel=\"canonical\" href=\"https:\/\/ecodef-ihedn.fr\/en\/frs-web-conference-defense-industries-2-le-financement-des-pme-de-defense-une-course-dobstacles-avec-jean-belin-20-05-2020-17h-18h\/\" \/>\n<meta property=\"og:locale\" content=\"en_GB\" \/>\n<meta property=\"og:type\" content=\"article\" \/>\n<meta property=\"og:title\" content=\"FRS : WEB Conf\u00e9rence D\u00e9fense &amp; Industries #2 - \u00ab Le financement des PME de d\u00e9fense : une course d&#039;obstacles ? \u00bb, avec Jean Belin (20\/05\/2020, 17h-18h) - Chaire \u00c9conomie de d\u00e9fense - IHEDN\" \/>\n<meta property=\"og:description\" content=\"La Fondation pour la recherche strat\u00e9gique (FRS) organise une WEB Conf\u00e9rence D\u00e9fense &amp; Industries sur le th\u00e8me \u00ab Le financement des PME de d\u00e9fense : une course d&rsquo;obstacles ? \u00bb, le mercredi 20 mai 2020, de 17h00 \u00e0 18h00. Jean Belin, titulaire de la Chaire, s&rsquo;exprimera aux c\u00f4t\u00e9s de Thierry Ga\u00efffe, Pr\u00e9sident du Groupe Elno, [&hellip;]\" \/>\n<meta property=\"og:url\" content=\"https:\/\/ecodef-ihedn.fr\/en\/frs-web-conference-defense-industries-2-le-financement-des-pme-de-defense-une-course-dobstacles-avec-jean-belin-20-05-2020-17h-18h\/\" \/>\n<meta property=\"og:site_name\" content=\"Chaire \u00c9conomie de d\u00e9fense - IHEDN\" \/>\n<meta property=\"article:published_time\" content=\"2020-05-14T16:02:21+00:00\" \/>\n<meta property=\"article:modified_time\" content=\"2020-05-26T13:18:34+00:00\" \/>\n<meta property=\"og:image\" content=\"https:\/\/ecodef-ihedn.fr\/wp-content\/uploads\/2020\/05\/20-05-2020.jpg\" \/>\n\t<meta property=\"og:image:width\" content=\"600\" \/>\n\t<meta property=\"og:image:height\" content=\"367\" \/>\n\t<meta property=\"og:image:type\" content=\"image\/jpeg\" \/>\n<meta name=\"author\" content=\"Bertrand Demandre\" \/>\n<meta name=\"twitter:card\" content=\"summary_large_image\" \/>\n<meta name=\"twitter:creator\" content=\"@Chaire_Ecodef\" \/>\n<meta name=\"twitter:site\" content=\"@Chaire_Ecodef\" \/>\n<meta name=\"twitter:label1\" content=\"Written by\" \/>\n\t<meta name=\"twitter:data1\" content=\"Bertrand Demandre\" \/>\n\t<meta name=\"twitter:label2\" content=\"Estimated reading time\" \/>\n\t<meta name=\"twitter:data2\" content=\"1 minute\" \/>\n<script type=\"application\/ld+json\" class=\"yoast-schema-graph\">{\"@context\":\"https:\\\/\\\/schema.org\",\"@graph\":[{\"@type\":\"Article\",\"@id\":\"https:\\\/\\\/ecodef-ihedn.fr\\\/frs-web-conference-defense-industries-2-le-financement-des-pme-de-defense-une-course-dobstacles-avec-jean-belin-20-05-2020-17h-18h\\\/#article\",\"isPartOf\":{\"@id\":\"https:\\\/\\\/ecodef-ihedn.fr\\\/frs-web-conference-defense-industries-2-le-financement-des-pme-de-defense-une-course-dobstacles-avec-jean-belin-20-05-2020-17h-18h\\\/\"},\"author\":{\"name\":\"Bertrand Demandre\",\"@id\":\"https:\\\/\\\/ecodef-ihedn.fr\\\/#\\\/schema\\\/person\\\/1cdf22d028cebe278126a6e07a884d30\"},\"headline\":\"FRS : WEB Conf\u00e9rence D\u00e9fense &#038; Industries #2 &#8211; \u00ab Le financement des PME de d\u00e9fense : une course d&rsquo;obstacles ? \u00bb, avec Jean Belin (20\\\/05\\\/2020, 17h-18h)\",\"datePublished\":\"2020-05-14T16:02:21+00:00\",\"dateModified\":\"2020-05-26T13:18:34+00:00\",\"mainEntityOfPage\":{\"@id\":\"https:\\\/\\\/ecodef-ihedn.fr\\\/frs-web-conference-defense-industries-2-le-financement-des-pme-de-defense-une-course-dobstacles-avec-jean-belin-20-05-2020-17h-18h\\\/\"},\"wordCount\":173,\"commentCount\":0,\"publisher\":{\"@id\":\"https:\\\/\\\/ecodef-ihedn.fr\\\/#organization\"},\"image\":{\"@id\":\"https:\\\/\\\/ecodef-ihedn.fr\\\/frs-web-conference-defense-industries-2-le-financement-des-pme-de-defense-une-course-dobstacles-avec-jean-belin-20-05-2020-17h-18h\\\/#primaryimage\"},\"thumbnailUrl\":\"https:\\\/\\\/ecodef-ihedn.fr\\\/wp-content\\\/uploads\\\/2020\\\/05\\\/20-05-2020.jpg\",\"keywords\":[\"D\u00e9fense et industrie\",\"financement\",\"FRS\",\"industrie de d\u00e9fense\",\"PME\",\"Rencontres d\u00e9fense et industries\"],\"articleSection\":[\"Activit\u00e9s : participation de la Chaire \u00e0 un \u00e9v\u00e9nement\"],\"inLanguage\":\"en-GB\",\"potentialAction\":[{\"@type\":\"CommentAction\",\"name\":\"Comment\",\"target\":[\"https:\\\/\\\/ecodef-ihedn.fr\\\/frs-web-conference-defense-industries-2-le-financement-des-pme-de-defense-une-course-dobstacles-avec-jean-belin-20-05-2020-17h-18h\\\/#respond\"]}]},{\"@type\":\"WebPage\",\"@id\":\"https:\\\/\\\/ecodef-ihedn.fr\\\/frs-web-conference-defense-industries-2-le-financement-des-pme-de-defense-une-course-dobstacles-avec-jean-belin-20-05-2020-17h-18h\\\/\",\"url\":\"https:\\\/\\\/ecodef-ihedn.fr\\\/frs-web-conference-defense-industries-2-le-financement-des-pme-de-defense-une-course-dobstacles-avec-jean-belin-20-05-2020-17h-18h\\\/\",\"name\":\"FRS : WEB Conf\u00e9rence D\u00e9fense & Industries #2 - \u00ab Le financement des PME de d\u00e9fense : une course d'obstacles ? \u00bb, avec Jean Belin (20\\\/05\\\/2020, 17h-18h) - Chaire \u00c9conomie de d\u00e9fense - IHEDN\",\"isPartOf\":{\"@id\":\"https:\\\/\\\/ecodef-ihedn.fr\\\/#website\"},\"primaryImageOfPage\":{\"@id\":\"https:\\\/\\\/ecodef-ihedn.fr\\\/frs-web-conference-defense-industries-2-le-financement-des-pme-de-defense-une-course-dobstacles-avec-jean-belin-20-05-2020-17h-18h\\\/#primaryimage\"},\"image\":{\"@id\":\"https:\\\/\\\/ecodef-ihedn.fr\\\/frs-web-conference-defense-industries-2-le-financement-des-pme-de-defense-une-course-dobstacles-avec-jean-belin-20-05-2020-17h-18h\\\/#primaryimage\"},\"thumbnailUrl\":\"https:\\\/\\\/ecodef-ihedn.fr\\\/wp-content\\\/uploads\\\/2020\\\/05\\\/20-05-2020.jpg\",\"datePublished\":\"2020-05-14T16:02:21+00:00\",\"dateModified\":\"2020-05-26T13:18:34+00:00\",\"breadcrumb\":{\"@id\":\"https:\\\/\\\/ecodef-ihedn.fr\\\/frs-web-conference-defense-industries-2-le-financement-des-pme-de-defense-une-course-dobstacles-avec-jean-belin-20-05-2020-17h-18h\\\/#breadcrumb\"},\"inLanguage\":\"en-GB\",\"potentialAction\":[{\"@type\":\"ReadAction\",\"target\":[\"https:\\\/\\\/ecodef-ihedn.fr\\\/frs-web-conference-defense-industries-2-le-financement-des-pme-de-defense-une-course-dobstacles-avec-jean-belin-20-05-2020-17h-18h\\\/\"]}]},{\"@type\":\"ImageObject\",\"inLanguage\":\"en-GB\",\"@id\":\"https:\\\/\\\/ecodef-ihedn.fr\\\/frs-web-conference-defense-industries-2-le-financement-des-pme-de-defense-une-course-dobstacles-avec-jean-belin-20-05-2020-17h-18h\\\/#primaryimage\",\"url\":\"https:\\\/\\\/ecodef-ihedn.fr\\\/wp-content\\\/uploads\\\/2020\\\/05\\\/20-05-2020.jpg\",\"contentUrl\":\"https:\\\/\\\/ecodef-ihedn.fr\\\/wp-content\\\/uploads\\\/2020\\\/05\\\/20-05-2020.jpg\",\"width\":600,\"height\":367},{\"@type\":\"BreadcrumbList\",\"@id\":\"https:\\\/\\\/ecodef-ihedn.fr\\\/frs-web-conference-defense-industries-2-le-financement-des-pme-de-defense-une-course-dobstacles-avec-jean-belin-20-05-2020-17h-18h\\\/#breadcrumb\",\"itemListElement\":[{\"@type\":\"ListItem\",\"position\":1,\"name\":\"Accueil\",\"item\":\"https:\\\/\\\/ecodef-ihedn.fr\\\/\"},{\"@type\":\"ListItem\",\"position\":2,\"name\":\"FRS : WEB Conf\u00e9rence D\u00e9fense &#038; Industries #2 &#8211; \u00ab Le financement des PME de d\u00e9fense : une course d&#8217;obstacles ? \u00bb, avec Jean Belin (20\\\/05\\\/2020, 17h-18h)\"}]},{\"@type\":\"WebSite\",\"@id\":\"https:\\\/\\\/ecodef-ihedn.fr\\\/#website\",\"url\":\"https:\\\/\\\/ecodef-ihedn.fr\\\/\",\"name\":\"Chaire \u00c9conomie de D\u00e9fense - IHEDN\",\"description\":\"Produire &amp; soutenir, f\u00e9d\u00e9rer &amp; diffuser, \u00eatre une interface\",\"publisher\":{\"@id\":\"https:\\\/\\\/ecodef-ihedn.fr\\\/#organization\"},\"potentialAction\":[{\"@type\":\"SearchAction\",\"target\":{\"@type\":\"EntryPoint\",\"urlTemplate\":\"https:\\\/\\\/ecodef-ihedn.fr\\\/?s={search_term_string}\"},\"query-input\":{\"@type\":\"PropertyValueSpecification\",\"valueRequired\":true,\"valueName\":\"search_term_string\"}}],\"inLanguage\":\"en-GB\"},{\"@type\":\"Organization\",\"@id\":\"https:\\\/\\\/ecodef-ihedn.fr\\\/#organization\",\"name\":\"Chaire \u00c9conomie de d\u00e9fense - IHEDN\",\"url\":\"https:\\\/\\\/ecodef-ihedn.fr\\\/\",\"logo\":{\"@type\":\"ImageObject\",\"inLanguage\":\"en-GB\",\"@id\":\"https:\\\/\\\/ecodef-ihedn.fr\\\/#\\\/schema\\\/logo\\\/image\\\/\",\"url\":\"https:\\\/\\\/ecodef-ihedn.fr\\\/wp-content\\\/uploads\\\/2020\\\/04\\\/logoEcodef9.jpg\",\"contentUrl\":\"https:\\\/\\\/ecodef-ihedn.fr\\\/wp-content\\\/uploads\\\/2020\\\/04\\\/logoEcodef9.jpg\",\"width\":410,\"height\":212,\"caption\":\"Chaire \u00c9conomie de d\u00e9fense - IHEDN\"},\"image\":{\"@id\":\"https:\\\/\\\/ecodef-ihedn.fr\\\/#\\\/schema\\\/logo\\\/image\\\/\"},\"sameAs\":[\"https:\\\/\\\/x.com\\\/Chaire_Ecodef\",\"https:\\\/\\\/www.linkedin.com\\\/company\\\/chaire-ecodef-ihedn\\\/\"]},{\"@type\":\"Person\",\"@id\":\"https:\\\/\\\/ecodef-ihedn.fr\\\/#\\\/schema\\\/person\\\/1cdf22d028cebe278126a6e07a884d30\",\"name\":\"Bertrand Demandre\",\"image\":{\"@type\":\"ImageObject\",\"inLanguage\":\"en-GB\",\"@id\":\"https:\\\/\\\/secure.gravatar.com\\\/avatar\\\/d9c9746d6c900ab5b9c0f9b1fa3932e369da923da247d624b8f7ab4ba8a3c093?s=96&d=mm&r=g\",\"url\":\"https:\\\/\\\/secure.gravatar.com\\\/avatar\\\/d9c9746d6c900ab5b9c0f9b1fa3932e369da923da247d624b8f7ab4ba8a3c093?s=96&d=mm&r=g\",\"contentUrl\":\"https:\\\/\\\/secure.gravatar.com\\\/avatar\\\/d9c9746d6c900ab5b9c0f9b1fa3932e369da923da247d624b8f7ab4ba8a3c093?s=96&d=mm&r=g\",\"caption\":\"Bertrand Demandre\"},\"url\":\"https:\\\/\\\/ecodef-ihedn.fr\\\/en\\\/author\\\/bertrand\\\/\"}]}<\/script>\n<!-- \/ Yoast SEO plugin. -->","yoast_head_json":{"title":"FRS : WEB Conf\u00e9rence D\u00e9fense & Industries #2 - \u00ab Le financement des PME de d\u00e9fense : une course d'obstacles ? \u00bb, avec Jean Belin (20\/05\/2020, 17h-18h) - Chaire \u00c9conomie de d\u00e9fense - IHEDN","robots":{"index":"index","follow":"follow","max-snippet":"max-snippet:-1","max-image-preview":"max-image-preview:large","max-video-preview":"max-video-preview:-1"},"canonical":"https:\/\/ecodef-ihedn.fr\/en\/frs-web-conference-defense-industries-2-le-financement-des-pme-de-defense-une-course-dobstacles-avec-jean-belin-20-05-2020-17h-18h\/","og_locale":"en_GB","og_type":"article","og_title":"FRS : WEB Conf\u00e9rence D\u00e9fense & Industries #2 - \u00ab Le financement des PME de d\u00e9fense : une course d'obstacles ? \u00bb, avec Jean Belin (20\/05\/2020, 17h-18h) - Chaire \u00c9conomie de d\u00e9fense - IHEDN","og_description":"La Fondation pour la recherche strat\u00e9gique (FRS) organise une WEB Conf\u00e9rence D\u00e9fense &amp; Industries sur le th\u00e8me \u00ab Le financement des PME de d\u00e9fense : une course d&rsquo;obstacles ? \u00bb, le mercredi 20 mai 2020, de 17h00 \u00e0 18h00. Jean Belin, titulaire de la Chaire, s&rsquo;exprimera aux c\u00f4t\u00e9s de Thierry Ga\u00efffe, Pr\u00e9sident du Groupe Elno, [&hellip;]","og_url":"https:\/\/ecodef-ihedn.fr\/en\/frs-web-conference-defense-industries-2-le-financement-des-pme-de-defense-une-course-dobstacles-avec-jean-belin-20-05-2020-17h-18h\/","og_site_name":"Chaire \u00c9conomie de d\u00e9fense - IHEDN","article_published_time":"2020-05-14T16:02:21+00:00","article_modified_time":"2020-05-26T13:18:34+00:00","og_image":[{"width":600,"height":367,"url":"https:\/\/ecodef-ihedn.fr\/wp-content\/uploads\/2020\/05\/20-05-2020.jpg","type":"image\/jpeg"}],"author":"Bertrand Demandre","twitter_card":"summary_large_image","twitter_creator":"@Chaire_Ecodef","twitter_site":"@Chaire_Ecodef","twitter_misc":{"Written by":"Bertrand Demandre","Estimated reading time":"1 minute"},"schema":{"@context":"https:\/\/schema.org","@graph":[{"@type":"Article","@id":"https:\/\/ecodef-ihedn.fr\/frs-web-conference-defense-industries-2-le-financement-des-pme-de-defense-une-course-dobstacles-avec-jean-belin-20-05-2020-17h-18h\/#article","isPartOf":{"@id":"https:\/\/ecodef-ihedn.fr\/frs-web-conference-defense-industries-2-le-financement-des-pme-de-defense-une-course-dobstacles-avec-jean-belin-20-05-2020-17h-18h\/"},"author":{"name":"Bertrand Demandre","@id":"https:\/\/ecodef-ihedn.fr\/#\/schema\/person\/1cdf22d028cebe278126a6e07a884d30"},"headline":"FRS : WEB Conf\u00e9rence D\u00e9fense &#038; Industries #2 &#8211; \u00ab Le financement des PME de d\u00e9fense : une course d&rsquo;obstacles ? \u00bb, avec Jean Belin (20\/05\/2020, 17h-18h)","datePublished":"2020-05-14T16:02:21+00:00","dateModified":"2020-05-26T13:18:34+00:00","mainEntityOfPage":{"@id":"https:\/\/ecodef-ihedn.fr\/frs-web-conference-defense-industries-2-le-financement-des-pme-de-defense-une-course-dobstacles-avec-jean-belin-20-05-2020-17h-18h\/"},"wordCount":173,"commentCount":0,"publisher":{"@id":"https:\/\/ecodef-ihedn.fr\/#organization"},"image":{"@id":"https:\/\/ecodef-ihedn.fr\/frs-web-conference-defense-industries-2-le-financement-des-pme-de-defense-une-course-dobstacles-avec-jean-belin-20-05-2020-17h-18h\/#primaryimage"},"thumbnailUrl":"https:\/\/ecodef-ihedn.fr\/wp-content\/uploads\/2020\/05\/20-05-2020.jpg","keywords":["D\u00e9fense et industrie","financement","FRS","industrie de d\u00e9fense","PME","Rencontres d\u00e9fense et industries"],"articleSection":["Activit\u00e9s : participation de la Chaire \u00e0 un \u00e9v\u00e9nement"],"inLanguage":"en-GB","potentialAction":[{"@type":"CommentAction","name":"Comment","target":["https:\/\/ecodef-ihedn.fr\/frs-web-conference-defense-industries-2-le-financement-des-pme-de-defense-une-course-dobstacles-avec-jean-belin-20-05-2020-17h-18h\/#respond"]}]},{"@type":"WebPage","@id":"https:\/\/ecodef-ihedn.fr\/frs-web-conference-defense-industries-2-le-financement-des-pme-de-defense-une-course-dobstacles-avec-jean-belin-20-05-2020-17h-18h\/","url":"https:\/\/ecodef-ihedn.fr\/frs-web-conference-defense-industries-2-le-financement-des-pme-de-defense-une-course-dobstacles-avec-jean-belin-20-05-2020-17h-18h\/","name":"FRS : WEB Conf\u00e9rence D\u00e9fense & Industries #2 - \u00ab Le financement des PME de d\u00e9fense : une course d'obstacles ? \u00bb, avec Jean Belin (20\/05\/2020, 17h-18h) - Chaire \u00c9conomie de d\u00e9fense - IHEDN","isPartOf":{"@id":"https:\/\/ecodef-ihedn.fr\/#website"},"primaryImageOfPage":{"@id":"https:\/\/ecodef-ihedn.fr\/frs-web-conference-defense-industries-2-le-financement-des-pme-de-defense-une-course-dobstacles-avec-jean-belin-20-05-2020-17h-18h\/#primaryimage"},"image":{"@id":"https:\/\/ecodef-ihedn.fr\/frs-web-conference-defense-industries-2-le-financement-des-pme-de-defense-une-course-dobstacles-avec-jean-belin-20-05-2020-17h-18h\/#primaryimage"},"thumbnailUrl":"https:\/\/ecodef-ihedn.fr\/wp-content\/uploads\/2020\/05\/20-05-2020.jpg","datePublished":"2020-05-14T16:02:21+00:00","dateModified":"2020-05-26T13:18:34+00:00","breadcrumb":{"@id":"https:\/\/ecodef-ihedn.fr\/frs-web-conference-defense-industries-2-le-financement-des-pme-de-defense-une-course-dobstacles-avec-jean-belin-20-05-2020-17h-18h\/#breadcrumb"},"inLanguage":"en-GB","potentialAction":[{"@type":"ReadAction","target":["https:\/\/ecodef-ihedn.fr\/frs-web-conference-defense-industries-2-le-financement-des-pme-de-defense-une-course-dobstacles-avec-jean-belin-20-05-2020-17h-18h\/"]}]},{"@type":"ImageObject","inLanguage":"en-GB","@id":"https:\/\/ecodef-ihedn.fr\/frs-web-conference-defense-industries-2-le-financement-des-pme-de-defense-une-course-dobstacles-avec-jean-belin-20-05-2020-17h-18h\/#primaryimage","url":"https:\/\/ecodef-ihedn.fr\/wp-content\/uploads\/2020\/05\/20-05-2020.jpg","contentUrl":"https:\/\/ecodef-ihedn.fr\/wp-content\/uploads\/2020\/05\/20-05-2020.jpg","width":600,"height":367},{"@type":"BreadcrumbList","@id":"https:\/\/ecodef-ihedn.fr\/frs-web-conference-defense-industries-2-le-financement-des-pme-de-defense-une-course-dobstacles-avec-jean-belin-20-05-2020-17h-18h\/#breadcrumb","itemListElement":[{"@type":"ListItem","position":1,"name":"Accueil","item":"https:\/\/ecodef-ihedn.fr\/"},{"@type":"ListItem","position":2,"name":"FRS : WEB Conf\u00e9rence D\u00e9fense &#038; Industries #2 &#8211; \u00ab Le financement des PME de d\u00e9fense : une course d&#8217;obstacles ? \u00bb, avec Jean Belin (20\/05\/2020, 17h-18h)"}]},{"@type":"WebSite","@id":"https:\/\/ecodef-ihedn.fr\/#website","url":"https:\/\/ecodef-ihedn.fr\/","name":"Chair in Defence Economics - IHEDN","description":"Produce &amp; support, federate &amp; disseminate, act as an interface","publisher":{"@id":"https:\/\/ecodef-ihedn.fr\/#organization"},"potentialAction":[{"@type":"SearchAction","target":{"@type":"EntryPoint","urlTemplate":"https:\/\/ecodef-ihedn.fr\/?s={search_term_string}"},"query-input":{"@type":"PropertyValueSpecification","valueRequired":true,"valueName":"search_term_string"}}],"inLanguage":"en-GB"},{"@type":"Organization","@id":"https:\/\/ecodef-ihedn.fr\/#organization","name":"Chair in Defence Economics - IHEDN","url":"https:\/\/ecodef-ihedn.fr\/","logo":{"@type":"ImageObject","inLanguage":"en-GB","@id":"https:\/\/ecodef-ihedn.fr\/#\/schema\/logo\/image\/","url":"https:\/\/ecodef-ihedn.fr\/wp-content\/uploads\/2020\/04\/logoEcodef9.jpg","contentUrl":"https:\/\/ecodef-ihedn.fr\/wp-content\/uploads\/2020\/04\/logoEcodef9.jpg","width":410,"height":212,"caption":"Chaire \u00c9conomie de d\u00e9fense - IHEDN"},"image":{"@id":"https:\/\/ecodef-ihedn.fr\/#\/schema\/logo\/image\/"},"sameAs":["https:\/\/x.com\/Chaire_Ecodef","https:\/\/www.linkedin.com\/company\/chaire-ecodef-ihedn\/"]},{"@type":"Person","@id":"https:\/\/ecodef-ihedn.fr\/#\/schema\/person\/1cdf22d028cebe278126a6e07a884d30","name":"Bertrand Demandre","image":{"@type":"ImageObject","inLanguage":"en-GB","@id":"https:\/\/secure.gravatar.com\/avatar\/d9c9746d6c900ab5b9c0f9b1fa3932e369da923da247d624b8f7ab4ba8a3c093?s=96&d=mm&r=g","url":"https:\/\/secure.gravatar.com\/avatar\/d9c9746d6c900ab5b9c0f9b1fa3932e369da923da247d624b8f7ab4ba8a3c093?s=96&d=mm&r=g","contentUrl":"https:\/\/secure.gravatar.com\/avatar\/d9c9746d6c900ab5b9c0f9b1fa3932e369da923da247d624b8f7ab4ba8a3c093?s=96&d=mm&r=g","caption":"Bertrand Demandre"},"url":"https:\/\/ecodef-ihedn.fr\/en\/author\/bertrand\/"}]}},"_links":{"self":[{"href":"https:\/\/ecodef-ihedn.fr\/en\/wp-json\/wp\/v2\/posts\/1786","targetHints":{"allow":["GET"]}}],"collection":[{"href":"https:\/\/ecodef-ihedn.fr\/en\/wp-json\/wp\/v2\/posts"}],"about":[{"href":"https:\/\/ecodef-ihedn.fr\/en\/wp-json\/wp\/v2\/types\/post"}],"author":[{"embeddable":true,"href":"https:\/\/ecodef-ihedn.fr\/en\/wp-json\/wp\/v2\/users\/2"}],"replies":[{"embeddable":true,"href":"https:\/\/ecodef-ihedn.fr\/en\/wp-json\/wp\/v2\/comments?post=1786"}],"version-history":[{"count":5,"href":"https:\/\/ecodef-ihedn.fr\/en\/wp-json\/wp\/v2\/posts\/1786\/revisions"}],"predecessor-version":[{"id":1858,"href":"https:\/\/ecodef-ihedn.fr\/en\/wp-json\/wp\/v2\/posts\/1786\/revisions\/1858"}],"wp:featuredmedia":[{"embeddable":true,"href":"https:\/\/ecodef-ihedn.fr\/en\/wp-json\/wp\/v2\/media\/1787"}],"wp:attachment":[{"href":"https:\/\/ecodef-ihedn.fr\/en\/wp-json\/wp\/v2\/media?parent=1786"}],"wp:term":[{"taxonomy":"category","embeddable":true,"href":"https:\/\/ecodef-ihedn.fr\/en\/wp-json\/wp\/v2\/categories?post=1786"},{"taxonomy":"post_tag","embeddable":true,"href":"https:\/\/ecodef-ihedn.fr\/en\/wp-json\/wp\/v2\/tags?post=1786"}],"curies":[{"name":"wp","href":"https:\/\/api.w.org\/{rel}","templated":true}]}}