{"id":1804,"date":"2020-03-16T16:14:00","date_gmt":"2020-03-16T16:14:00","guid":{"rendered":"https:\/\/ecodef-ihedn.fr\/?p=1804"},"modified":"2020-05-20T18:41:45","modified_gmt":"2020-05-20T18:41:45","slug":"josselin-droff-et-julien-malizard-publient-un-article-dans-la-revue-defense-nationale-rdn","status":"publish","type":"post","link":"https:\/\/ecodef-ihedn.fr\/en\/josselin-droff-et-julien-malizard-publient-un-article-dans-la-revue-defense-nationale-rdn\/","title":{"rendered":"Josselin Droff and Julien Malizard publish an article in the Revue D\u00e9fense Nationale (RDN)"},"content":{"rendered":"<p>Josselin Droff and Julien Malizard have published a <a rel=\"noreferrer noopener\" href=\"https:\/\/www.defnat.com\/e-RDN\/vue-article.php?carticle=22307\" target=\"_blank\">article<\/a> in the March issue of <a rel=\"noreferrer noopener\" href=\"https:\/\/www.defnat.com\/la-RDN\/presentation.php\" target=\"_blank\">RDN<\/a>.<\/p>\n\n\n\n<p>Entitled \u00abThreats, public goods and the demand for European defence\u00bb, it discusses the new forms of threat affecting the European Union and generating common needs that can be met collectively. There is a risk that some member states will not contribute enough.<\/p>\n\n\n\n<p>The authors stress the risk that the European Union will be divided between countries that have agreed on the triptych of threats\/needs\/responses and those that would prefer to favour national solutions.<\/p>\n\n\n\n<p style=\"font-size:20px\" class=\"has-text-align-center\">>> <a href=\"https:\/\/www.defnat.com\/e-RDN\/vue-article.php?carticle=22307\" target=\"_blank\" rel=\"noreferrer noopener\">To obtain the article<\/a> &lt;&lt;<\/p>\n\n\n\n<p style=\"font-size:20px\" class=\"has-text-align-center\">>> <a href=\"https:\/\/www.defnat.com\/la-RDN\/presentation.php\" target=\"_blank\" rel=\"noreferrer noopener\">More information on RDN<\/a> &lt;&lt;<\/p>\n\n\n\n<div class=\"wp-block-image\"><figure class=\"aligncenter size-large is-resized\"><img loading=\"lazy\" decoding=\"async\" src=\"https:\/\/ecodef-ihedn.fr\/wp-content\/uploads\/2020\/05\/RDN-mars-2020-avenir-de-la-guerre-712x1024.png\" alt=\"\" class=\"wp-image-1806\" width=\"535\" height=\"769\" srcset=\"https:\/\/ecodef-ihedn.fr\/wp-content\/uploads\/2020\/05\/RDN-mars-2020-avenir-de-la-guerre-712x1024.png 712w, https:\/\/ecodef-ihedn.fr\/wp-content\/uploads\/2020\/05\/RDN-mars-2020-avenir-de-la-guerre-209x300.png 209w, https:\/\/ecodef-ihedn.fr\/wp-content\/uploads\/2020\/05\/RDN-mars-2020-avenir-de-la-guerre-768x1105.png 768w, https:\/\/ecodef-ihedn.fr\/wp-content\/uploads\/2020\/05\/RDN-mars-2020-avenir-de-la-guerre-1068x1537.png 1068w, https:\/\/ecodef-ihedn.fr\/wp-content\/uploads\/2020\/05\/RDN-mars-2020-avenir-de-la-guerre-696x1001.png 696w, https:\/\/ecodef-ihedn.fr\/wp-content\/uploads\/2020\/05\/RDN-mars-2020-avenir-de-la-guerre-292x420.png 292w, https:\/\/ecodef-ihedn.fr\/wp-content\/uploads\/2020\/05\/RDN-mars-2020-avenir-de-la-guerre-584x840.png 584w, https:\/\/ecodef-ihedn.fr\/wp-content\/uploads\/2020\/05\/RDN-mars-2020-avenir-de-la-guerre.png 1160w\" sizes=\"auto, (max-width: 535px) 100vw, 535px\" \/><\/figure><\/div>","protected":false},"excerpt":{"rendered":"<p>Josselin Droff et Julien Malizard ont publi\u00e9 un article dans le num\u00e9ro du mois de mars de la RDN. Intitul\u00e9 \u00ab&nbsp;Menaces, biens publics et demande de d\u00e9fense europ\u00e9enne&nbsp;\u00bb, il discute des nouvelles formes de menaces qui frappent l\u2019Union europ\u00e9enne et g\u00e9n\u00e8rent des besoins communs pouvant \u00eatre assum\u00e9s collectivement. Le risque est alors que certains pays [&hellip;]<\/p>\n","protected":false},"author":2,"featured_media":1806,"comment_status":"open","ping_status":"open","sticky":false,"template":"","format":"standard","meta":{"footnotes":""},"categories":[350,352],"tags":[374,375,156,202,86,372,373],"class_list":{"0":"post-1804","1":"post","2":"type-post","3":"status-publish","4":"format-standard","5":"has-post-thumbnail","7":"category-publications","8":"category-thematique-2-determinants-et-impacts-de-la-depense-de-defense","9":"tag-article","10":"tag-defense-europeenne","11":"tag-europe-de-la-defense","12":"tag-josselin-droff","13":"tag-julien-malizard","14":"tag-rdn","15":"tag-revue-defense-nationale"},"yoast_head":"<!-- This site is optimized with the Yoast SEO plugin v27.4 - https:\/\/yoast.com\/product\/yoast-seo-wordpress\/ -->\n<title>Josselin Droff et Julien Malizard publient un article dans la Revue D\u00e9fense Nationale (RDN) - Chaire \u00c9conomie de d\u00e9fense - IHEDN<\/title>\n<meta name=\"robots\" content=\"index, follow, max-snippet:-1, max-image-preview:large, max-video-preview:-1\" \/>\n<link rel=\"canonical\" href=\"https:\/\/ecodef-ihedn.fr\/en\/josselin-droff-et-julien-malizard-publient-un-article-dans-la-revue-defense-nationale-rdn\/\" \/>\n<meta property=\"og:locale\" content=\"en_GB\" \/>\n<meta property=\"og:type\" content=\"article\" \/>\n<meta property=\"og:title\" content=\"Josselin Droff et Julien Malizard publient un article dans la Revue D\u00e9fense Nationale (RDN) - Chaire \u00c9conomie de d\u00e9fense - IHEDN\" \/>\n<meta property=\"og:description\" content=\"Josselin Droff et Julien Malizard ont publi\u00e9 un article dans le num\u00e9ro du mois de mars de la RDN. Intitul\u00e9 \u00ab&nbsp;Menaces, biens publics et demande de d\u00e9fense europ\u00e9enne&nbsp;\u00bb, il discute des nouvelles formes de menaces qui frappent l\u2019Union europ\u00e9enne et g\u00e9n\u00e8rent des besoins communs pouvant \u00eatre assum\u00e9s collectivement. Le risque est alors que certains pays [&hellip;]\" \/>\n<meta property=\"og:url\" content=\"https:\/\/ecodef-ihedn.fr\/en\/josselin-droff-et-julien-malizard-publient-un-article-dans-la-revue-defense-nationale-rdn\/\" \/>\n<meta property=\"og:site_name\" content=\"Chaire \u00c9conomie de d\u00e9fense - IHEDN\" \/>\n<meta property=\"article:published_time\" content=\"2020-03-16T16:14:00+00:00\" \/>\n<meta property=\"article:modified_time\" content=\"2020-05-20T18:41:45+00:00\" \/>\n<meta property=\"og:image\" content=\"https:\/\/ecodef-ihedn.fr\/wp-content\/uploads\/2020\/05\/RDN-mars-2020-avenir-de-la-guerre.png\" \/>\n\t<meta property=\"og:image:width\" content=\"1160\" \/>\n\t<meta property=\"og:image:height\" content=\"1669\" \/>\n\t<meta property=\"og:image:type\" content=\"image\/png\" \/>\n<meta name=\"author\" content=\"Bertrand Demandre\" \/>\n<meta name=\"twitter:card\" content=\"summary_large_image\" \/>\n<meta name=\"twitter:creator\" content=\"@Chaire_Ecodef\" \/>\n<meta name=\"twitter:site\" content=\"@Chaire_Ecodef\" \/>\n<meta name=\"twitter:label1\" content=\"Written by\" \/>\n\t<meta name=\"twitter:data1\" content=\"Bertrand Demandre\" \/>\n\t<meta name=\"twitter:label2\" content=\"Estimated reading time\" \/>\n\t<meta name=\"twitter:data2\" content=\"1 minute\" \/>\n<script type=\"application\/ld+json\" class=\"yoast-schema-graph\">{\"@context\":\"https:\\\/\\\/schema.org\",\"@graph\":[{\"@type\":\"Article\",\"@id\":\"https:\\\/\\\/ecodef-ihedn.fr\\\/josselin-droff-et-julien-malizard-publient-un-article-dans-la-revue-defense-nationale-rdn\\\/#article\",\"isPartOf\":{\"@id\":\"https:\\\/\\\/ecodef-ihedn.fr\\\/josselin-droff-et-julien-malizard-publient-un-article-dans-la-revue-defense-nationale-rdn\\\/\"},\"author\":{\"name\":\"Bertrand Demandre\",\"@id\":\"https:\\\/\\\/ecodef-ihedn.fr\\\/#\\\/schema\\\/person\\\/1cdf22d028cebe278126a6e07a884d30\"},\"headline\":\"Josselin Droff et Julien Malizard publient un article dans la Revue D\u00e9fense Nationale (RDN)\",\"datePublished\":\"2020-03-16T16:14:00+00:00\",\"dateModified\":\"2020-05-20T18:41:45+00:00\",\"mainEntityOfPage\":{\"@id\":\"https:\\\/\\\/ecodef-ihedn.fr\\\/josselin-droff-et-julien-malizard-publient-un-article-dans-la-revue-defense-nationale-rdn\\\/\"},\"wordCount\":138,\"commentCount\":0,\"publisher\":{\"@id\":\"https:\\\/\\\/ecodef-ihedn.fr\\\/#organization\"},\"image\":{\"@id\":\"https:\\\/\\\/ecodef-ihedn.fr\\\/josselin-droff-et-julien-malizard-publient-un-article-dans-la-revue-defense-nationale-rdn\\\/#primaryimage\"},\"thumbnailUrl\":\"https:\\\/\\\/ecodef-ihedn.fr\\\/wp-content\\\/uploads\\\/2020\\\/05\\\/RDN-mars-2020-avenir-de-la-guerre.png\",\"keywords\":[\"article\",\"d\u00e9fense europ\u00e9enne\",\"Europe de la D\u00e9fense\",\"Josselin Droff\",\"Julien Malizard\",\"RDN\",\"Revue D\u00e9fense Nationale\"],\"articleSection\":[\"Publications\",\"Th\u00e9matique 2 : d\u00e9terminants et impacts de la d\u00e9pense de d\u00e9fense\"],\"inLanguage\":\"en-GB\",\"potentialAction\":[{\"@type\":\"CommentAction\",\"name\":\"Comment\",\"target\":[\"https:\\\/\\\/ecodef-ihedn.fr\\\/josselin-droff-et-julien-malizard-publient-un-article-dans-la-revue-defense-nationale-rdn\\\/#respond\"]}]},{\"@type\":\"WebPage\",\"@id\":\"https:\\\/\\\/ecodef-ihedn.fr\\\/josselin-droff-et-julien-malizard-publient-un-article-dans-la-revue-defense-nationale-rdn\\\/\",\"url\":\"https:\\\/\\\/ecodef-ihedn.fr\\\/josselin-droff-et-julien-malizard-publient-un-article-dans-la-revue-defense-nationale-rdn\\\/\",\"name\":\"Josselin Droff et Julien Malizard publient un article dans la Revue D\u00e9fense Nationale (RDN) - Chaire \u00c9conomie de d\u00e9fense - IHEDN\",\"isPartOf\":{\"@id\":\"https:\\\/\\\/ecodef-ihedn.fr\\\/#website\"},\"primaryImageOfPage\":{\"@id\":\"https:\\\/\\\/ecodef-ihedn.fr\\\/josselin-droff-et-julien-malizard-publient-un-article-dans-la-revue-defense-nationale-rdn\\\/#primaryimage\"},\"image\":{\"@id\":\"https:\\\/\\\/ecodef-ihedn.fr\\\/josselin-droff-et-julien-malizard-publient-un-article-dans-la-revue-defense-nationale-rdn\\\/#primaryimage\"},\"thumbnailUrl\":\"https:\\\/\\\/ecodef-ihedn.fr\\\/wp-content\\\/uploads\\\/2020\\\/05\\\/RDN-mars-2020-avenir-de-la-guerre.png\",\"datePublished\":\"2020-03-16T16:14:00+00:00\",\"dateModified\":\"2020-05-20T18:41:45+00:00\",\"breadcrumb\":{\"@id\":\"https:\\\/\\\/ecodef-ihedn.fr\\\/josselin-droff-et-julien-malizard-publient-un-article-dans-la-revue-defense-nationale-rdn\\\/#breadcrumb\"},\"inLanguage\":\"en-GB\",\"potentialAction\":[{\"@type\":\"ReadAction\",\"target\":[\"https:\\\/\\\/ecodef-ihedn.fr\\\/josselin-droff-et-julien-malizard-publient-un-article-dans-la-revue-defense-nationale-rdn\\\/\"]}]},{\"@type\":\"ImageObject\",\"inLanguage\":\"en-GB\",\"@id\":\"https:\\\/\\\/ecodef-ihedn.fr\\\/josselin-droff-et-julien-malizard-publient-un-article-dans-la-revue-defense-nationale-rdn\\\/#primaryimage\",\"url\":\"https:\\\/\\\/ecodef-ihedn.fr\\\/wp-content\\\/uploads\\\/2020\\\/05\\\/RDN-mars-2020-avenir-de-la-guerre.png\",\"contentUrl\":\"https:\\\/\\\/ecodef-ihedn.fr\\\/wp-content\\\/uploads\\\/2020\\\/05\\\/RDN-mars-2020-avenir-de-la-guerre.png\",\"width\":1160,\"height\":1669},{\"@type\":\"BreadcrumbList\",\"@id\":\"https:\\\/\\\/ecodef-ihedn.fr\\\/josselin-droff-et-julien-malizard-publient-un-article-dans-la-revue-defense-nationale-rdn\\\/#breadcrumb\",\"itemListElement\":[{\"@type\":\"ListItem\",\"position\":1,\"name\":\"Accueil\",\"item\":\"https:\\\/\\\/ecodef-ihedn.fr\\\/\"},{\"@type\":\"ListItem\",\"position\":2,\"name\":\"Josselin Droff et Julien Malizard publient un article dans la Revue D\u00e9fense Nationale (RDN)\"}]},{\"@type\":\"WebSite\",\"@id\":\"https:\\\/\\\/ecodef-ihedn.fr\\\/#website\",\"url\":\"https:\\\/\\\/ecodef-ihedn.fr\\\/\",\"name\":\"Chaire \u00c9conomie de D\u00e9fense - IHEDN\",\"description\":\"Produire &amp; soutenir, f\u00e9d\u00e9rer &amp; diffuser, \u00eatre une interface\",\"publisher\":{\"@id\":\"https:\\\/\\\/ecodef-ihedn.fr\\\/#organization\"},\"potentialAction\":[{\"@type\":\"SearchAction\",\"target\":{\"@type\":\"EntryPoint\",\"urlTemplate\":\"https:\\\/\\\/ecodef-ihedn.fr\\\/?s={search_term_string}\"},\"query-input\":{\"@type\":\"PropertyValueSpecification\",\"valueRequired\":true,\"valueName\":\"search_term_string\"}}],\"inLanguage\":\"en-GB\"},{\"@type\":\"Organization\",\"@id\":\"https:\\\/\\\/ecodef-ihedn.fr\\\/#organization\",\"name\":\"Chaire \u00c9conomie de d\u00e9fense - IHEDN\",\"url\":\"https:\\\/\\\/ecodef-ihedn.fr\\\/\",\"logo\":{\"@type\":\"ImageObject\",\"inLanguage\":\"en-GB\",\"@id\":\"https:\\\/\\\/ecodef-ihedn.fr\\\/#\\\/schema\\\/logo\\\/image\\\/\",\"url\":\"https:\\\/\\\/ecodef-ihedn.fr\\\/wp-content\\\/uploads\\\/2020\\\/04\\\/logoEcodef9.jpg\",\"contentUrl\":\"https:\\\/\\\/ecodef-ihedn.fr\\\/wp-content\\\/uploads\\\/2020\\\/04\\\/logoEcodef9.jpg\",\"width\":410,\"height\":212,\"caption\":\"Chaire \u00c9conomie de d\u00e9fense - IHEDN\"},\"image\":{\"@id\":\"https:\\\/\\\/ecodef-ihedn.fr\\\/#\\\/schema\\\/logo\\\/image\\\/\"},\"sameAs\":[\"https:\\\/\\\/x.com\\\/Chaire_Ecodef\",\"https:\\\/\\\/www.linkedin.com\\\/company\\\/chaire-ecodef-ihedn\\\/\"]},{\"@type\":\"Person\",\"@id\":\"https:\\\/\\\/ecodef-ihedn.fr\\\/#\\\/schema\\\/person\\\/1cdf22d028cebe278126a6e07a884d30\",\"name\":\"Bertrand Demandre\",\"image\":{\"@type\":\"ImageObject\",\"inLanguage\":\"en-GB\",\"@id\":\"https:\\\/\\\/secure.gravatar.com\\\/avatar\\\/d9c9746d6c900ab5b9c0f9b1fa3932e369da923da247d624b8f7ab4ba8a3c093?s=96&d=mm&r=g\",\"url\":\"https:\\\/\\\/secure.gravatar.com\\\/avatar\\\/d9c9746d6c900ab5b9c0f9b1fa3932e369da923da247d624b8f7ab4ba8a3c093?s=96&d=mm&r=g\",\"contentUrl\":\"https:\\\/\\\/secure.gravatar.com\\\/avatar\\\/d9c9746d6c900ab5b9c0f9b1fa3932e369da923da247d624b8f7ab4ba8a3c093?s=96&d=mm&r=g\",\"caption\":\"Bertrand Demandre\"},\"url\":\"https:\\\/\\\/ecodef-ihedn.fr\\\/en\\\/author\\\/bertrand\\\/\"}]}<\/script>\n<!-- \/ Yoast SEO plugin. -->","yoast_head_json":{"title":"Josselin Droff et Julien Malizard publient un article dans la Revue D\u00e9fense Nationale (RDN) - Chaire \u00c9conomie de d\u00e9fense - IHEDN","robots":{"index":"index","follow":"follow","max-snippet":"max-snippet:-1","max-image-preview":"max-image-preview:large","max-video-preview":"max-video-preview:-1"},"canonical":"https:\/\/ecodef-ihedn.fr\/en\/josselin-droff-et-julien-malizard-publient-un-article-dans-la-revue-defense-nationale-rdn\/","og_locale":"en_GB","og_type":"article","og_title":"Josselin Droff et Julien Malizard publient un article dans la Revue D\u00e9fense Nationale (RDN) - Chaire \u00c9conomie de d\u00e9fense - IHEDN","og_description":"Josselin Droff et Julien Malizard ont publi\u00e9 un article dans le num\u00e9ro du mois de mars de la RDN. Intitul\u00e9 \u00ab&nbsp;Menaces, biens publics et demande de d\u00e9fense europ\u00e9enne&nbsp;\u00bb, il discute des nouvelles formes de menaces qui frappent l\u2019Union europ\u00e9enne et g\u00e9n\u00e8rent des besoins communs pouvant \u00eatre assum\u00e9s collectivement. Le risque est alors que certains pays [&hellip;]","og_url":"https:\/\/ecodef-ihedn.fr\/en\/josselin-droff-et-julien-malizard-publient-un-article-dans-la-revue-defense-nationale-rdn\/","og_site_name":"Chaire \u00c9conomie de d\u00e9fense - IHEDN","article_published_time":"2020-03-16T16:14:00+00:00","article_modified_time":"2020-05-20T18:41:45+00:00","og_image":[{"width":1160,"height":1669,"url":"https:\/\/ecodef-ihedn.fr\/wp-content\/uploads\/2020\/05\/RDN-mars-2020-avenir-de-la-guerre.png","type":"image\/png"}],"author":"Bertrand Demandre","twitter_card":"summary_large_image","twitter_creator":"@Chaire_Ecodef","twitter_site":"@Chaire_Ecodef","twitter_misc":{"Written by":"Bertrand Demandre","Estimated reading time":"1 minute"},"schema":{"@context":"https:\/\/schema.org","@graph":[{"@type":"Article","@id":"https:\/\/ecodef-ihedn.fr\/josselin-droff-et-julien-malizard-publient-un-article-dans-la-revue-defense-nationale-rdn\/#article","isPartOf":{"@id":"https:\/\/ecodef-ihedn.fr\/josselin-droff-et-julien-malizard-publient-un-article-dans-la-revue-defense-nationale-rdn\/"},"author":{"name":"Bertrand Demandre","@id":"https:\/\/ecodef-ihedn.fr\/#\/schema\/person\/1cdf22d028cebe278126a6e07a884d30"},"headline":"Josselin Droff et Julien Malizard publient un article dans la Revue D\u00e9fense Nationale (RDN)","datePublished":"2020-03-16T16:14:00+00:00","dateModified":"2020-05-20T18:41:45+00:00","mainEntityOfPage":{"@id":"https:\/\/ecodef-ihedn.fr\/josselin-droff-et-julien-malizard-publient-un-article-dans-la-revue-defense-nationale-rdn\/"},"wordCount":138,"commentCount":0,"publisher":{"@id":"https:\/\/ecodef-ihedn.fr\/#organization"},"image":{"@id":"https:\/\/ecodef-ihedn.fr\/josselin-droff-et-julien-malizard-publient-un-article-dans-la-revue-defense-nationale-rdn\/#primaryimage"},"thumbnailUrl":"https:\/\/ecodef-ihedn.fr\/wp-content\/uploads\/2020\/05\/RDN-mars-2020-avenir-de-la-guerre.png","keywords":["article","d\u00e9fense europ\u00e9enne","Europe de la D\u00e9fense","Josselin Droff","Julien Malizard","RDN","Revue D\u00e9fense Nationale"],"articleSection":["Publications","Th\u00e9matique 2 : d\u00e9terminants et impacts de la d\u00e9pense de d\u00e9fense"],"inLanguage":"en-GB","potentialAction":[{"@type":"CommentAction","name":"Comment","target":["https:\/\/ecodef-ihedn.fr\/josselin-droff-et-julien-malizard-publient-un-article-dans-la-revue-defense-nationale-rdn\/#respond"]}]},{"@type":"WebPage","@id":"https:\/\/ecodef-ihedn.fr\/josselin-droff-et-julien-malizard-publient-un-article-dans-la-revue-defense-nationale-rdn\/","url":"https:\/\/ecodef-ihedn.fr\/josselin-droff-et-julien-malizard-publient-un-article-dans-la-revue-defense-nationale-rdn\/","name":"Josselin Droff et Julien Malizard publient un article dans la Revue D\u00e9fense Nationale (RDN) - Chaire \u00c9conomie de d\u00e9fense - IHEDN","isPartOf":{"@id":"https:\/\/ecodef-ihedn.fr\/#website"},"primaryImageOfPage":{"@id":"https:\/\/ecodef-ihedn.fr\/josselin-droff-et-julien-malizard-publient-un-article-dans-la-revue-defense-nationale-rdn\/#primaryimage"},"image":{"@id":"https:\/\/ecodef-ihedn.fr\/josselin-droff-et-julien-malizard-publient-un-article-dans-la-revue-defense-nationale-rdn\/#primaryimage"},"thumbnailUrl":"https:\/\/ecodef-ihedn.fr\/wp-content\/uploads\/2020\/05\/RDN-mars-2020-avenir-de-la-guerre.png","datePublished":"2020-03-16T16:14:00+00:00","dateModified":"2020-05-20T18:41:45+00:00","breadcrumb":{"@id":"https:\/\/ecodef-ihedn.fr\/josselin-droff-et-julien-malizard-publient-un-article-dans-la-revue-defense-nationale-rdn\/#breadcrumb"},"inLanguage":"en-GB","potentialAction":[{"@type":"ReadAction","target":["https:\/\/ecodef-ihedn.fr\/josselin-droff-et-julien-malizard-publient-un-article-dans-la-revue-defense-nationale-rdn\/"]}]},{"@type":"ImageObject","inLanguage":"en-GB","@id":"https:\/\/ecodef-ihedn.fr\/josselin-droff-et-julien-malizard-publient-un-article-dans-la-revue-defense-nationale-rdn\/#primaryimage","url":"https:\/\/ecodef-ihedn.fr\/wp-content\/uploads\/2020\/05\/RDN-mars-2020-avenir-de-la-guerre.png","contentUrl":"https:\/\/ecodef-ihedn.fr\/wp-content\/uploads\/2020\/05\/RDN-mars-2020-avenir-de-la-guerre.png","width":1160,"height":1669},{"@type":"BreadcrumbList","@id":"https:\/\/ecodef-ihedn.fr\/josselin-droff-et-julien-malizard-publient-un-article-dans-la-revue-defense-nationale-rdn\/#breadcrumb","itemListElement":[{"@type":"ListItem","position":1,"name":"Accueil","item":"https:\/\/ecodef-ihedn.fr\/"},{"@type":"ListItem","position":2,"name":"Josselin Droff et Julien Malizard publient un article dans la Revue D\u00e9fense Nationale (RDN)"}]},{"@type":"WebSite","@id":"https:\/\/ecodef-ihedn.fr\/#website","url":"https:\/\/ecodef-ihedn.fr\/","name":"Chair in Defence Economics - IHEDN","description":"Produce &amp; support, federate &amp; disseminate, act as an interface","publisher":{"@id":"https:\/\/ecodef-ihedn.fr\/#organization"},"potentialAction":[{"@type":"SearchAction","target":{"@type":"EntryPoint","urlTemplate":"https:\/\/ecodef-ihedn.fr\/?s={search_term_string}"},"query-input":{"@type":"PropertyValueSpecification","valueRequired":true,"valueName":"search_term_string"}}],"inLanguage":"en-GB"},{"@type":"Organization","@id":"https:\/\/ecodef-ihedn.fr\/#organization","name":"Chair in Defence Economics - IHEDN","url":"https:\/\/ecodef-ihedn.fr\/","logo":{"@type":"ImageObject","inLanguage":"en-GB","@id":"https:\/\/ecodef-ihedn.fr\/#\/schema\/logo\/image\/","url":"https:\/\/ecodef-ihedn.fr\/wp-content\/uploads\/2020\/04\/logoEcodef9.jpg","contentUrl":"https:\/\/ecodef-ihedn.fr\/wp-content\/uploads\/2020\/04\/logoEcodef9.jpg","width":410,"height":212,"caption":"Chaire \u00c9conomie de d\u00e9fense - IHEDN"},"image":{"@id":"https:\/\/ecodef-ihedn.fr\/#\/schema\/logo\/image\/"},"sameAs":["https:\/\/x.com\/Chaire_Ecodef","https:\/\/www.linkedin.com\/company\/chaire-ecodef-ihedn\/"]},{"@type":"Person","@id":"https:\/\/ecodef-ihedn.fr\/#\/schema\/person\/1cdf22d028cebe278126a6e07a884d30","name":"Bertrand Demandre","image":{"@type":"ImageObject","inLanguage":"en-GB","@id":"https:\/\/secure.gravatar.com\/avatar\/d9c9746d6c900ab5b9c0f9b1fa3932e369da923da247d624b8f7ab4ba8a3c093?s=96&d=mm&r=g","url":"https:\/\/secure.gravatar.com\/avatar\/d9c9746d6c900ab5b9c0f9b1fa3932e369da923da247d624b8f7ab4ba8a3c093?s=96&d=mm&r=g","contentUrl":"https:\/\/secure.gravatar.com\/avatar\/d9c9746d6c900ab5b9c0f9b1fa3932e369da923da247d624b8f7ab4ba8a3c093?s=96&d=mm&r=g","caption":"Bertrand Demandre"},"url":"https:\/\/ecodef-ihedn.fr\/en\/author\/bertrand\/"}]}},"_links":{"self":[{"href":"https:\/\/ecodef-ihedn.fr\/en\/wp-json\/wp\/v2\/posts\/1804","targetHints":{"allow":["GET"]}}],"collection":[{"href":"https:\/\/ecodef-ihedn.fr\/en\/wp-json\/wp\/v2\/posts"}],"about":[{"href":"https:\/\/ecodef-ihedn.fr\/en\/wp-json\/wp\/v2\/types\/post"}],"author":[{"embeddable":true,"href":"https:\/\/ecodef-ihedn.fr\/en\/wp-json\/wp\/v2\/users\/2"}],"replies":[{"embeddable":true,"href":"https:\/\/ecodef-ihedn.fr\/en\/wp-json\/wp\/v2\/comments?post=1804"}],"version-history":[{"count":5,"href":"https:\/\/ecodef-ihedn.fr\/en\/wp-json\/wp\/v2\/posts\/1804\/revisions"}],"predecessor-version":[{"id":1838,"href":"https:\/\/ecodef-ihedn.fr\/en\/wp-json\/wp\/v2\/posts\/1804\/revisions\/1838"}],"wp:featuredmedia":[{"embeddable":true,"href":"https:\/\/ecodef-ihedn.fr\/en\/wp-json\/wp\/v2\/media\/1806"}],"wp:attachment":[{"href":"https:\/\/ecodef-ihedn.fr\/en\/wp-json\/wp\/v2\/media?parent=1804"}],"wp:term":[{"taxonomy":"category","embeddable":true,"href":"https:\/\/ecodef-ihedn.fr\/en\/wp-json\/wp\/v2\/categories?post=1804"},{"taxonomy":"post_tag","embeddable":true,"href":"https:\/\/ecodef-ihedn.fr\/en\/wp-json\/wp\/v2\/tags?post=1804"}],"curies":[{"name":"wp","href":"https:\/\/api.w.org\/{rel}","templated":true}]}}