{"id":1948,"date":"2020-06-15T11:33:35","date_gmt":"2020-06-15T11:33:35","guid":{"rendered":"https:\/\/ecodef-ihedn.fr\/?p=1948"},"modified":"2020-06-15T11:33:37","modified_gmt":"2020-06-15T11:33:37","slug":"josselin-droff-et-julien-malizard-publient-un-article-dans-la-revue-francaise-deconomie","status":"publish","type":"post","link":"https:\/\/ecodef-ihedn.fr\/en\/josselin-droff-et-julien-malizard-publient-un-article-dans-la-revue-francaise-deconomie\/","title":{"rendered":"Josselin Droff and Julien Malizard publish an article in the Revue Fran\u00e7aise d'\u00c9conomie"},"content":{"rendered":"<div class=\"wp-block-image\"><figure class=\"aligncenter size-large is-resized\"><img loading=\"lazy\" decoding=\"async\" src=\"https:\/\/ecodef-ihedn.fr\/wp-content\/uploads\/2020\/06\/RFE-3-754x1024.png\" alt=\"\" class=\"wp-image-1949\" width=\"377\" height=\"512\" srcset=\"https:\/\/ecodef-ihedn.fr\/wp-content\/uploads\/2020\/06\/RFE-3-754x1024.png 754w, https:\/\/ecodef-ihedn.fr\/wp-content\/uploads\/2020\/06\/RFE-3-221x300.png 221w, https:\/\/ecodef-ihedn.fr\/wp-content\/uploads\/2020\/06\/RFE-3-768x1043.png 768w, https:\/\/ecodef-ihedn.fr\/wp-content\/uploads\/2020\/06\/RFE-3-696x945.png 696w, https:\/\/ecodef-ihedn.fr\/wp-content\/uploads\/2020\/06\/RFE-3-1068x1451.png 1068w, https:\/\/ecodef-ihedn.fr\/wp-content\/uploads\/2020\/06\/RFE-3-309x420.png 309w, https:\/\/ecodef-ihedn.fr\/wp-content\/uploads\/2020\/06\/RFE-3-618x840.png 618w, https:\/\/ecodef-ihedn.fr\/wp-content\/uploads\/2020\/06\/RFE-3.png 1108w\" sizes=\"auto, (max-width: 377px) 100vw, 377px\" \/><\/figure><\/div>\n\n\n\n<p><strong>Josselin Droff<\/strong> and <strong>Julien Malizard<\/strong> have just published a <a href=\"https:\/\/www.cairn.info\/revue-francaise-d-economie-2019-3-page-83.htm\" target=\"_blank\" rel=\"noreferrer noopener\"><strong>article<\/strong><\/a> in the <strong><a rel=\"noreferrer noopener\" href=\"http:\/\/www.revuefrancaisedeconomie.fr\/\" target=\"_blank\">Revue Fran\u00e7aise d'\u00c9conomie<\/a><\/strong>.<\/p>\n\n\n\n<p>The article is entitled <strong>\u00abWho bears the burden? The costs of defence production in Europe\u00bb.\u00bb<\/strong>. It discusses the <strong>Breakdown of the cost of security in the European Union<\/strong>. The aim is to propose a method for <strong>accurately measure the distribution of the burden of collective defence<\/strong> by comparing <strong>different sizes<\/strong>\u00a0These include total defence budgets, as well as spending on equipment, R&amp;D and the number of troops deployed. In addition to the static aspect, i.e. the relative contribution of countries at a given point in time (the photograph), the proposed method also makes it possible to analyse the dynamics of countries' contributions over time (the film). The analysis shows the <strong>little European coordination<\/strong> in terms of the distribution of defence production costs, with a <strong>very strong heterogeneity<\/strong> in terms of managing the \u00abburden\u00bb.<\/p>\n\n\n\n<p>The article can be found in a <strong><a href=\"https:\/\/www.cairn.info\/revue-francaise-d-economie-2019-3-page-3.html\" target=\"_blank\" rel=\"noreferrer noopener\">special issue<\/a><\/strong> devoted to the economics of conflict.<\/p>\n\n\n\n<p class=\"has-text-align-center\">>> <a href=\"https:\/\/www.cairn.info\/revue-francaise-d-economie-2019-3-page-83.htm\" target=\"_blank\" rel=\"noreferrer noopener\"><strong>Read the article<\/strong><\/a> &lt;&lt;<\/p>","protected":false},"excerpt":{"rendered":"<p>Josselin Droff et Julien Malizard viennent de publier un article dans la Revue Fran\u00e7aise d\u2019\u00c9conomie. L\u2019article s\u2019intitule \u00ab\u00a0Qui porte le fardeau\u00a0? Les co\u00fbts de la production de d\u00e9fense en Europe\u00a0\u00bb. Il discute de la r\u00e9partition du co\u00fbt de la s\u00e9curit\u00e9 au sein de l\u2019Union europ\u00e9enne. L\u2019objectif est de proposer une m\u00e9thode pour mesurer pr\u00e9cis\u00e9ment la [&hellip;]<\/p>\n","protected":false},"author":2,"featured_media":1949,"comment_status":"open","ping_status":"open","sticky":false,"template":"","format":"standard","meta":{"footnotes":""},"categories":[350,352],"tags":[374,375,387,202,86,385,388],"class_list":{"0":"post-1948","1":"post","2":"type-post","3":"status-publish","4":"format-standard","5":"has-post-thumbnail","7":"category-publications","8":"category-thematique-2-determinants-et-impacts-de-la-depense-de-defense","9":"tag-article","10":"tag-defense-europeenne","11":"tag-fardeau","12":"tag-josselin-droff","13":"tag-julien-malizard","14":"tag-rfe","15":"tag-union-europeenne"},"yoast_head":"<!-- This site is optimized with the Yoast SEO plugin v27.4 - https:\/\/yoast.com\/product\/yoast-seo-wordpress\/ -->\n<title>Josselin Droff et Julien Malizard publient un article dans la Revue Fran\u00e7aise d\u2019\u00c9conomie - Chaire \u00c9conomie de d\u00e9fense - IHEDN<\/title>\n<meta name=\"robots\" content=\"index, follow, max-snippet:-1, max-image-preview:large, max-video-preview:-1\" \/>\n<link rel=\"canonical\" href=\"https:\/\/ecodef-ihedn.fr\/en\/josselin-droff-et-julien-malizard-publient-un-article-dans-la-revue-francaise-deconomie\/\" \/>\n<meta property=\"og:locale\" content=\"en_GB\" \/>\n<meta property=\"og:type\" content=\"article\" \/>\n<meta property=\"og:title\" content=\"Josselin Droff et Julien Malizard publient un article dans la Revue Fran\u00e7aise d\u2019\u00c9conomie - Chaire \u00c9conomie de d\u00e9fense - IHEDN\" \/>\n<meta property=\"og:description\" content=\"Josselin Droff et Julien Malizard viennent de publier un article dans la Revue Fran\u00e7aise d\u2019\u00c9conomie. L\u2019article s\u2019intitule \u00ab\u00a0Qui porte le fardeau\u00a0? Les co\u00fbts de la production de d\u00e9fense en Europe\u00a0\u00bb. Il discute de la r\u00e9partition du co\u00fbt de la s\u00e9curit\u00e9 au sein de l\u2019Union europ\u00e9enne. L\u2019objectif est de proposer une m\u00e9thode pour mesurer pr\u00e9cis\u00e9ment la [&hellip;]\" \/>\n<meta property=\"og:url\" content=\"https:\/\/ecodef-ihedn.fr\/en\/josselin-droff-et-julien-malizard-publient-un-article-dans-la-revue-francaise-deconomie\/\" \/>\n<meta property=\"og:site_name\" content=\"Chaire \u00c9conomie de d\u00e9fense - IHEDN\" \/>\n<meta property=\"article:published_time\" content=\"2020-06-15T11:33:35+00:00\" \/>\n<meta property=\"article:modified_time\" content=\"2020-06-15T11:33:37+00:00\" \/>\n<meta property=\"og:image\" content=\"https:\/\/ecodef-ihedn.fr\/wp-content\/uploads\/2020\/06\/RFE-3.png\" \/>\n\t<meta property=\"og:image:width\" content=\"1108\" \/>\n\t<meta property=\"og:image:height\" content=\"1505\" \/>\n\t<meta property=\"og:image:type\" content=\"image\/png\" \/>\n<meta name=\"author\" content=\"Bertrand Demandre\" \/>\n<meta name=\"twitter:card\" content=\"summary_large_image\" \/>\n<meta name=\"twitter:creator\" content=\"@Chaire_Ecodef\" \/>\n<meta name=\"twitter:site\" content=\"@Chaire_Ecodef\" \/>\n<meta name=\"twitter:label1\" content=\"Written by\" \/>\n\t<meta name=\"twitter:data1\" content=\"Bertrand Demandre\" \/>\n\t<meta name=\"twitter:label2\" content=\"Estimated reading time\" \/>\n\t<meta name=\"twitter:data2\" content=\"1 minute\" \/>\n<script type=\"application\/ld+json\" class=\"yoast-schema-graph\">{\"@context\":\"https:\\\/\\\/schema.org\",\"@graph\":[{\"@type\":\"Article\",\"@id\":\"https:\\\/\\\/ecodef-ihedn.fr\\\/josselin-droff-et-julien-malizard-publient-un-article-dans-la-revue-francaise-deconomie\\\/#article\",\"isPartOf\":{\"@id\":\"https:\\\/\\\/ecodef-ihedn.fr\\\/josselin-droff-et-julien-malizard-publient-un-article-dans-la-revue-francaise-deconomie\\\/\"},\"author\":{\"name\":\"Bertrand Demandre\",\"@id\":\"https:\\\/\\\/ecodef-ihedn.fr\\\/#\\\/schema\\\/person\\\/1cdf22d028cebe278126a6e07a884d30\"},\"headline\":\"Josselin Droff et Julien Malizard publient un article dans la Revue Fran\u00e7aise d\u2019\u00c9conomie\",\"datePublished\":\"2020-06-15T11:33:35+00:00\",\"dateModified\":\"2020-06-15T11:33:37+00:00\",\"mainEntityOfPage\":{\"@id\":\"https:\\\/\\\/ecodef-ihedn.fr\\\/josselin-droff-et-julien-malizard-publient-un-article-dans-la-revue-francaise-deconomie\\\/\"},\"wordCount\":226,\"commentCount\":0,\"publisher\":{\"@id\":\"https:\\\/\\\/ecodef-ihedn.fr\\\/#organization\"},\"image\":{\"@id\":\"https:\\\/\\\/ecodef-ihedn.fr\\\/josselin-droff-et-julien-malizard-publient-un-article-dans-la-revue-francaise-deconomie\\\/#primaryimage\"},\"thumbnailUrl\":\"https:\\\/\\\/ecodef-ihedn.fr\\\/wp-content\\\/uploads\\\/2020\\\/06\\\/RFE-3.png\",\"keywords\":[\"article\",\"d\u00e9fense europ\u00e9enne\",\"fardeau\",\"Josselin Droff\",\"Julien Malizard\",\"RFE\",\"Union europ\u00e9enne\"],\"articleSection\":[\"Publications\",\"Th\u00e9matique 2 : d\u00e9terminants et impacts de la d\u00e9pense de d\u00e9fense\"],\"inLanguage\":\"en-GB\",\"potentialAction\":[{\"@type\":\"CommentAction\",\"name\":\"Comment\",\"target\":[\"https:\\\/\\\/ecodef-ihedn.fr\\\/josselin-droff-et-julien-malizard-publient-un-article-dans-la-revue-francaise-deconomie\\\/#respond\"]}]},{\"@type\":\"WebPage\",\"@id\":\"https:\\\/\\\/ecodef-ihedn.fr\\\/josselin-droff-et-julien-malizard-publient-un-article-dans-la-revue-francaise-deconomie\\\/\",\"url\":\"https:\\\/\\\/ecodef-ihedn.fr\\\/josselin-droff-et-julien-malizard-publient-un-article-dans-la-revue-francaise-deconomie\\\/\",\"name\":\"Josselin Droff et Julien Malizard publient un article dans la Revue Fran\u00e7aise d\u2019\u00c9conomie - Chaire \u00c9conomie de d\u00e9fense - IHEDN\",\"isPartOf\":{\"@id\":\"https:\\\/\\\/ecodef-ihedn.fr\\\/#website\"},\"primaryImageOfPage\":{\"@id\":\"https:\\\/\\\/ecodef-ihedn.fr\\\/josselin-droff-et-julien-malizard-publient-un-article-dans-la-revue-francaise-deconomie\\\/#primaryimage\"},\"image\":{\"@id\":\"https:\\\/\\\/ecodef-ihedn.fr\\\/josselin-droff-et-julien-malizard-publient-un-article-dans-la-revue-francaise-deconomie\\\/#primaryimage\"},\"thumbnailUrl\":\"https:\\\/\\\/ecodef-ihedn.fr\\\/wp-content\\\/uploads\\\/2020\\\/06\\\/RFE-3.png\",\"datePublished\":\"2020-06-15T11:33:35+00:00\",\"dateModified\":\"2020-06-15T11:33:37+00:00\",\"breadcrumb\":{\"@id\":\"https:\\\/\\\/ecodef-ihedn.fr\\\/josselin-droff-et-julien-malizard-publient-un-article-dans-la-revue-francaise-deconomie\\\/#breadcrumb\"},\"inLanguage\":\"en-GB\",\"potentialAction\":[{\"@type\":\"ReadAction\",\"target\":[\"https:\\\/\\\/ecodef-ihedn.fr\\\/josselin-droff-et-julien-malizard-publient-un-article-dans-la-revue-francaise-deconomie\\\/\"]}]},{\"@type\":\"ImageObject\",\"inLanguage\":\"en-GB\",\"@id\":\"https:\\\/\\\/ecodef-ihedn.fr\\\/josselin-droff-et-julien-malizard-publient-un-article-dans-la-revue-francaise-deconomie\\\/#primaryimage\",\"url\":\"https:\\\/\\\/ecodef-ihedn.fr\\\/wp-content\\\/uploads\\\/2020\\\/06\\\/RFE-3.png\",\"contentUrl\":\"https:\\\/\\\/ecodef-ihedn.fr\\\/wp-content\\\/uploads\\\/2020\\\/06\\\/RFE-3.png\",\"width\":1108,\"height\":1505},{\"@type\":\"BreadcrumbList\",\"@id\":\"https:\\\/\\\/ecodef-ihedn.fr\\\/josselin-droff-et-julien-malizard-publient-un-article-dans-la-revue-francaise-deconomie\\\/#breadcrumb\",\"itemListElement\":[{\"@type\":\"ListItem\",\"position\":1,\"name\":\"Accueil\",\"item\":\"https:\\\/\\\/ecodef-ihedn.fr\\\/\"},{\"@type\":\"ListItem\",\"position\":2,\"name\":\"Josselin Droff et Julien Malizard publient un article dans la Revue Fran\u00e7aise d\u2019\u00c9conomie\"}]},{\"@type\":\"WebSite\",\"@id\":\"https:\\\/\\\/ecodef-ihedn.fr\\\/#website\",\"url\":\"https:\\\/\\\/ecodef-ihedn.fr\\\/\",\"name\":\"Chaire \u00c9conomie de D\u00e9fense - IHEDN\",\"description\":\"Produire &amp; soutenir, f\u00e9d\u00e9rer &amp; diffuser, \u00eatre une interface\",\"publisher\":{\"@id\":\"https:\\\/\\\/ecodef-ihedn.fr\\\/#organization\"},\"potentialAction\":[{\"@type\":\"SearchAction\",\"target\":{\"@type\":\"EntryPoint\",\"urlTemplate\":\"https:\\\/\\\/ecodef-ihedn.fr\\\/?s={search_term_string}\"},\"query-input\":{\"@type\":\"PropertyValueSpecification\",\"valueRequired\":true,\"valueName\":\"search_term_string\"}}],\"inLanguage\":\"en-GB\"},{\"@type\":\"Organization\",\"@id\":\"https:\\\/\\\/ecodef-ihedn.fr\\\/#organization\",\"name\":\"Chaire \u00c9conomie de d\u00e9fense - IHEDN\",\"url\":\"https:\\\/\\\/ecodef-ihedn.fr\\\/\",\"logo\":{\"@type\":\"ImageObject\",\"inLanguage\":\"en-GB\",\"@id\":\"https:\\\/\\\/ecodef-ihedn.fr\\\/#\\\/schema\\\/logo\\\/image\\\/\",\"url\":\"https:\\\/\\\/ecodef-ihedn.fr\\\/wp-content\\\/uploads\\\/2020\\\/04\\\/logoEcodef9.jpg\",\"contentUrl\":\"https:\\\/\\\/ecodef-ihedn.fr\\\/wp-content\\\/uploads\\\/2020\\\/04\\\/logoEcodef9.jpg\",\"width\":410,\"height\":212,\"caption\":\"Chaire \u00c9conomie de d\u00e9fense - IHEDN\"},\"image\":{\"@id\":\"https:\\\/\\\/ecodef-ihedn.fr\\\/#\\\/schema\\\/logo\\\/image\\\/\"},\"sameAs\":[\"https:\\\/\\\/x.com\\\/Chaire_Ecodef\",\"https:\\\/\\\/www.linkedin.com\\\/company\\\/chaire-ecodef-ihedn\\\/\"]},{\"@type\":\"Person\",\"@id\":\"https:\\\/\\\/ecodef-ihedn.fr\\\/#\\\/schema\\\/person\\\/1cdf22d028cebe278126a6e07a884d30\",\"name\":\"Bertrand Demandre\",\"image\":{\"@type\":\"ImageObject\",\"inLanguage\":\"en-GB\",\"@id\":\"https:\\\/\\\/secure.gravatar.com\\\/avatar\\\/d9c9746d6c900ab5b9c0f9b1fa3932e369da923da247d624b8f7ab4ba8a3c093?s=96&d=mm&r=g\",\"url\":\"https:\\\/\\\/secure.gravatar.com\\\/avatar\\\/d9c9746d6c900ab5b9c0f9b1fa3932e369da923da247d624b8f7ab4ba8a3c093?s=96&d=mm&r=g\",\"contentUrl\":\"https:\\\/\\\/secure.gravatar.com\\\/avatar\\\/d9c9746d6c900ab5b9c0f9b1fa3932e369da923da247d624b8f7ab4ba8a3c093?s=96&d=mm&r=g\",\"caption\":\"Bertrand Demandre\"},\"url\":\"https:\\\/\\\/ecodef-ihedn.fr\\\/en\\\/author\\\/bertrand\\\/\"}]}<\/script>\n<!-- \/ Yoast SEO plugin. -->","yoast_head_json":{"title":"Josselin Droff et Julien Malizard publient un article dans la Revue Fran\u00e7aise d\u2019\u00c9conomie - Chaire \u00c9conomie de d\u00e9fense - IHEDN","robots":{"index":"index","follow":"follow","max-snippet":"max-snippet:-1","max-image-preview":"max-image-preview:large","max-video-preview":"max-video-preview:-1"},"canonical":"https:\/\/ecodef-ihedn.fr\/en\/josselin-droff-et-julien-malizard-publient-un-article-dans-la-revue-francaise-deconomie\/","og_locale":"en_GB","og_type":"article","og_title":"Josselin Droff et Julien Malizard publient un article dans la Revue Fran\u00e7aise d\u2019\u00c9conomie - Chaire \u00c9conomie de d\u00e9fense - IHEDN","og_description":"Josselin Droff et Julien Malizard viennent de publier un article dans la Revue Fran\u00e7aise d\u2019\u00c9conomie. L\u2019article s\u2019intitule \u00ab\u00a0Qui porte le fardeau\u00a0? Les co\u00fbts de la production de d\u00e9fense en Europe\u00a0\u00bb. Il discute de la r\u00e9partition du co\u00fbt de la s\u00e9curit\u00e9 au sein de l\u2019Union europ\u00e9enne. L\u2019objectif est de proposer une m\u00e9thode pour mesurer pr\u00e9cis\u00e9ment la [&hellip;]","og_url":"https:\/\/ecodef-ihedn.fr\/en\/josselin-droff-et-julien-malizard-publient-un-article-dans-la-revue-francaise-deconomie\/","og_site_name":"Chaire \u00c9conomie de d\u00e9fense - IHEDN","article_published_time":"2020-06-15T11:33:35+00:00","article_modified_time":"2020-06-15T11:33:37+00:00","og_image":[{"width":1108,"height":1505,"url":"https:\/\/ecodef-ihedn.fr\/wp-content\/uploads\/2020\/06\/RFE-3.png","type":"image\/png"}],"author":"Bertrand Demandre","twitter_card":"summary_large_image","twitter_creator":"@Chaire_Ecodef","twitter_site":"@Chaire_Ecodef","twitter_misc":{"Written by":"Bertrand Demandre","Estimated reading time":"1 minute"},"schema":{"@context":"https:\/\/schema.org","@graph":[{"@type":"Article","@id":"https:\/\/ecodef-ihedn.fr\/josselin-droff-et-julien-malizard-publient-un-article-dans-la-revue-francaise-deconomie\/#article","isPartOf":{"@id":"https:\/\/ecodef-ihedn.fr\/josselin-droff-et-julien-malizard-publient-un-article-dans-la-revue-francaise-deconomie\/"},"author":{"name":"Bertrand Demandre","@id":"https:\/\/ecodef-ihedn.fr\/#\/schema\/person\/1cdf22d028cebe278126a6e07a884d30"},"headline":"Josselin Droff et Julien Malizard publient un article dans la Revue Fran\u00e7aise d\u2019\u00c9conomie","datePublished":"2020-06-15T11:33:35+00:00","dateModified":"2020-06-15T11:33:37+00:00","mainEntityOfPage":{"@id":"https:\/\/ecodef-ihedn.fr\/josselin-droff-et-julien-malizard-publient-un-article-dans-la-revue-francaise-deconomie\/"},"wordCount":226,"commentCount":0,"publisher":{"@id":"https:\/\/ecodef-ihedn.fr\/#organization"},"image":{"@id":"https:\/\/ecodef-ihedn.fr\/josselin-droff-et-julien-malizard-publient-un-article-dans-la-revue-francaise-deconomie\/#primaryimage"},"thumbnailUrl":"https:\/\/ecodef-ihedn.fr\/wp-content\/uploads\/2020\/06\/RFE-3.png","keywords":["article","d\u00e9fense europ\u00e9enne","fardeau","Josselin Droff","Julien Malizard","RFE","Union europ\u00e9enne"],"articleSection":["Publications","Th\u00e9matique 2 : d\u00e9terminants et impacts de la d\u00e9pense de d\u00e9fense"],"inLanguage":"en-GB","potentialAction":[{"@type":"CommentAction","name":"Comment","target":["https:\/\/ecodef-ihedn.fr\/josselin-droff-et-julien-malizard-publient-un-article-dans-la-revue-francaise-deconomie\/#respond"]}]},{"@type":"WebPage","@id":"https:\/\/ecodef-ihedn.fr\/josselin-droff-et-julien-malizard-publient-un-article-dans-la-revue-francaise-deconomie\/","url":"https:\/\/ecodef-ihedn.fr\/josselin-droff-et-julien-malizard-publient-un-article-dans-la-revue-francaise-deconomie\/","name":"Josselin Droff et Julien Malizard publient un article dans la Revue Fran\u00e7aise d\u2019\u00c9conomie - Chaire \u00c9conomie de d\u00e9fense - IHEDN","isPartOf":{"@id":"https:\/\/ecodef-ihedn.fr\/#website"},"primaryImageOfPage":{"@id":"https:\/\/ecodef-ihedn.fr\/josselin-droff-et-julien-malizard-publient-un-article-dans-la-revue-francaise-deconomie\/#primaryimage"},"image":{"@id":"https:\/\/ecodef-ihedn.fr\/josselin-droff-et-julien-malizard-publient-un-article-dans-la-revue-francaise-deconomie\/#primaryimage"},"thumbnailUrl":"https:\/\/ecodef-ihedn.fr\/wp-content\/uploads\/2020\/06\/RFE-3.png","datePublished":"2020-06-15T11:33:35+00:00","dateModified":"2020-06-15T11:33:37+00:00","breadcrumb":{"@id":"https:\/\/ecodef-ihedn.fr\/josselin-droff-et-julien-malizard-publient-un-article-dans-la-revue-francaise-deconomie\/#breadcrumb"},"inLanguage":"en-GB","potentialAction":[{"@type":"ReadAction","target":["https:\/\/ecodef-ihedn.fr\/josselin-droff-et-julien-malizard-publient-un-article-dans-la-revue-francaise-deconomie\/"]}]},{"@type":"ImageObject","inLanguage":"en-GB","@id":"https:\/\/ecodef-ihedn.fr\/josselin-droff-et-julien-malizard-publient-un-article-dans-la-revue-francaise-deconomie\/#primaryimage","url":"https:\/\/ecodef-ihedn.fr\/wp-content\/uploads\/2020\/06\/RFE-3.png","contentUrl":"https:\/\/ecodef-ihedn.fr\/wp-content\/uploads\/2020\/06\/RFE-3.png","width":1108,"height":1505},{"@type":"BreadcrumbList","@id":"https:\/\/ecodef-ihedn.fr\/josselin-droff-et-julien-malizard-publient-un-article-dans-la-revue-francaise-deconomie\/#breadcrumb","itemListElement":[{"@type":"ListItem","position":1,"name":"Accueil","item":"https:\/\/ecodef-ihedn.fr\/"},{"@type":"ListItem","position":2,"name":"Josselin Droff et Julien Malizard publient un article dans la Revue Fran\u00e7aise d\u2019\u00c9conomie"}]},{"@type":"WebSite","@id":"https:\/\/ecodef-ihedn.fr\/#website","url":"https:\/\/ecodef-ihedn.fr\/","name":"Chair in Defence Economics - IHEDN","description":"Produce &amp; support, federate &amp; disseminate, act as an interface","publisher":{"@id":"https:\/\/ecodef-ihedn.fr\/#organization"},"potentialAction":[{"@type":"SearchAction","target":{"@type":"EntryPoint","urlTemplate":"https:\/\/ecodef-ihedn.fr\/?s={search_term_string}"},"query-input":{"@type":"PropertyValueSpecification","valueRequired":true,"valueName":"search_term_string"}}],"inLanguage":"en-GB"},{"@type":"Organization","@id":"https:\/\/ecodef-ihedn.fr\/#organization","name":"Chair in Defence Economics - IHEDN","url":"https:\/\/ecodef-ihedn.fr\/","logo":{"@type":"ImageObject","inLanguage":"en-GB","@id":"https:\/\/ecodef-ihedn.fr\/#\/schema\/logo\/image\/","url":"https:\/\/ecodef-ihedn.fr\/wp-content\/uploads\/2020\/04\/logoEcodef9.jpg","contentUrl":"https:\/\/ecodef-ihedn.fr\/wp-content\/uploads\/2020\/04\/logoEcodef9.jpg","width":410,"height":212,"caption":"Chaire \u00c9conomie de d\u00e9fense - IHEDN"},"image":{"@id":"https:\/\/ecodef-ihedn.fr\/#\/schema\/logo\/image\/"},"sameAs":["https:\/\/x.com\/Chaire_Ecodef","https:\/\/www.linkedin.com\/company\/chaire-ecodef-ihedn\/"]},{"@type":"Person","@id":"https:\/\/ecodef-ihedn.fr\/#\/schema\/person\/1cdf22d028cebe278126a6e07a884d30","name":"Bertrand Demandre","image":{"@type":"ImageObject","inLanguage":"en-GB","@id":"https:\/\/secure.gravatar.com\/avatar\/d9c9746d6c900ab5b9c0f9b1fa3932e369da923da247d624b8f7ab4ba8a3c093?s=96&d=mm&r=g","url":"https:\/\/secure.gravatar.com\/avatar\/d9c9746d6c900ab5b9c0f9b1fa3932e369da923da247d624b8f7ab4ba8a3c093?s=96&d=mm&r=g","contentUrl":"https:\/\/secure.gravatar.com\/avatar\/d9c9746d6c900ab5b9c0f9b1fa3932e369da923da247d624b8f7ab4ba8a3c093?s=96&d=mm&r=g","caption":"Bertrand Demandre"},"url":"https:\/\/ecodef-ihedn.fr\/en\/author\/bertrand\/"}]}},"_links":{"self":[{"href":"https:\/\/ecodef-ihedn.fr\/en\/wp-json\/wp\/v2\/posts\/1948","targetHints":{"allow":["GET"]}}],"collection":[{"href":"https:\/\/ecodef-ihedn.fr\/en\/wp-json\/wp\/v2\/posts"}],"about":[{"href":"https:\/\/ecodef-ihedn.fr\/en\/wp-json\/wp\/v2\/types\/post"}],"author":[{"embeddable":true,"href":"https:\/\/ecodef-ihedn.fr\/en\/wp-json\/wp\/v2\/users\/2"}],"replies":[{"embeddable":true,"href":"https:\/\/ecodef-ihedn.fr\/en\/wp-json\/wp\/v2\/comments?post=1948"}],"version-history":[{"count":3,"href":"https:\/\/ecodef-ihedn.fr\/en\/wp-json\/wp\/v2\/posts\/1948\/revisions"}],"predecessor-version":[{"id":1952,"href":"https:\/\/ecodef-ihedn.fr\/en\/wp-json\/wp\/v2\/posts\/1948\/revisions\/1952"}],"wp:featuredmedia":[{"embeddable":true,"href":"https:\/\/ecodef-ihedn.fr\/en\/wp-json\/wp\/v2\/media\/1949"}],"wp:attachment":[{"href":"https:\/\/ecodef-ihedn.fr\/en\/wp-json\/wp\/v2\/media?parent=1948"}],"wp:term":[{"taxonomy":"category","embeddable":true,"href":"https:\/\/ecodef-ihedn.fr\/en\/wp-json\/wp\/v2\/categories?post=1948"},{"taxonomy":"post_tag","embeddable":true,"href":"https:\/\/ecodef-ihedn.fr\/en\/wp-json\/wp\/v2\/tags?post=1948"}],"curies":[{"name":"wp","href":"https:\/\/api.w.org\/{rel}","templated":true}]}}