{"id":1974,"date":"2020-06-26T12:45:00","date_gmt":"2020-06-26T12:45:00","guid":{"rendered":"https:\/\/ecodef-ihedn.fr\/?p=1974"},"modified":"2020-06-30T13:19:13","modified_gmt":"2020-06-30T13:19:13","slug":"leconomie-de-guerre-a-la-lumiere-de-lhistoire-interview-de-julien-malizard-dans-actuariel","status":"publish","type":"post","link":"https:\/\/ecodef-ihedn.fr\/en\/leconomie-de-guerre-a-la-lumiere-de-lhistoire-interview-de-julien-malizard-dans-actuariel\/","title":{"rendered":"\u00abThe war economy: in the light of history\u00bb: interview with Julien Malizard in Actuariel"},"content":{"rendered":"<div class=\"wp-block-image\"><figure class=\"aligncenter size-large\"><img loading=\"lazy\" decoding=\"async\" width=\"674\" height=\"506\" src=\"https:\/\/ecodef-ihedn.fr\/wp-content\/uploads\/2020\/06\/80_820t506_79851668727_3284653713_2020151424-1592831211-dossier1.jpeg\" alt=\"\" class=\"wp-image-1975\" srcset=\"https:\/\/ecodef-ihedn.fr\/wp-content\/uploads\/2020\/06\/80_820t506_79851668727_3284653713_2020151424-1592831211-dossier1.jpeg 674w, https:\/\/ecodef-ihedn.fr\/wp-content\/uploads\/2020\/06\/80_820t506_79851668727_3284653713_2020151424-1592831211-dossier1-300x225.jpeg 300w, https:\/\/ecodef-ihedn.fr\/wp-content\/uploads\/2020\/06\/80_820t506_79851668727_3284653713_2020151424-1592831211-dossier1-559x420.jpeg 559w, https:\/\/ecodef-ihedn.fr\/wp-content\/uploads\/2020\/06\/80_820t506_79851668727_3284653713_2020151424-1592831211-dossier1-80x60.jpeg 80w, https:\/\/ecodef-ihedn.fr\/wp-content\/uploads\/2020\/06\/80_820t506_79851668727_3284653713_2020151424-1592831211-dossier1-160x120.jpeg 160w, https:\/\/ecodef-ihedn.fr\/wp-content\/uploads\/2020\/06\/80_820t506_79851668727_3284653713_2020151424-1592831211-dossier1-265x198.jpeg 265w\" sizes=\"auto, (max-width: 674px) 100vw, 674px\" \/><figcaption>\u00ab<em> contemporary research focuses very little on the war economy<\/em> \u00bbJulien Malizard<\/figcaption><\/figure><\/div>\n\n\n\n<p>Find out more about\u2019<a href=\"https:\/\/www.institutdesactuaires.com\/magazine\/article\/l-economie-de-guerre-a-la-lumiere-de-l-histoire\/2607\" target=\"_blank\" aria-label=\"undefined (opens in a new tab)\" rel=\"noreferrer noopener\">interview with Julien Malizard in the article \u00abThe war economy: in the light of history\u00bb.\u00bb<\/a>, published in the May issue of Actuariel, the magazine of the Institute of Actuaries.<\/p>\n\n\n\n<p class=\"has-text-align-center\">>><strong> <a href=\"https:\/\/www.institutdesactuaires.com\/magazine\/article\/l-economie-de-guerre-a-la-lumiere-de-l-histoire\/2607\" target=\"_blank\" aria-label=\"undefined (opens in a new tab)\" rel=\"noreferrer noopener\">read the article<\/a><\/strong> &lt;&lt;<\/p>","protected":false},"excerpt":{"rendered":"<p>Contemporary research focuses very little on the war economy.<\/p>","protected":false},"author":2,"featured_media":1975,"comment_status":"open","ping_status":"open","sticky":false,"template":"","format":"standard","meta":{"footnotes":""},"categories":[358],"tags":[404,405,205,206,403,86],"class_list":{"0":"post-1974","1":"post","2":"type-post","3":"status-publish","4":"format-standard","5":"has-post-thumbnail","7":"category-medias","8":"tag-actuariel","9":"tag-economie-de-guerre","10":"tag-histoire","11":"tag-histoire-militaire","12":"tag-interview","13":"tag-julien-malizard"},"yoast_head":"<!-- This site is optimized with the Yoast SEO plugin v27.4 - https:\/\/yoast.com\/product\/yoast-seo-wordpress\/ -->\n<title>&quot;L\u2019\u00e9conomie de guerre : \u00e0 la lumi\u00e8re de l&#039;histoire&quot; : interview de Julien Malizard dans Actuariel - Chaire \u00c9conomie de d\u00e9fense - IHEDN<\/title>\n<meta name=\"robots\" content=\"index, follow, max-snippet:-1, max-image-preview:large, max-video-preview:-1\" \/>\n<link rel=\"canonical\" href=\"https:\/\/ecodef-ihedn.fr\/en\/leconomie-de-guerre-a-la-lumiere-de-lhistoire-interview-de-julien-malizard-dans-actuariel\/\" \/>\n<meta property=\"og:locale\" content=\"en_GB\" \/>\n<meta property=\"og:type\" content=\"article\" \/>\n<meta property=\"og:title\" content=\"&quot;L\u2019\u00e9conomie de guerre : \u00e0 la lumi\u00e8re de l&#039;histoire&quot; : interview de Julien Malizard dans Actuariel - Chaire \u00c9conomie de d\u00e9fense - IHEDN\" \/>\n<meta property=\"og:description\" content=\"Les travaux de recherche contemporains portent tr\u00e8s peu sur l\u2019\u00e9conomie de guerre.\" \/>\n<meta property=\"og:url\" content=\"https:\/\/ecodef-ihedn.fr\/en\/leconomie-de-guerre-a-la-lumiere-de-lhistoire-interview-de-julien-malizard-dans-actuariel\/\" \/>\n<meta property=\"og:site_name\" content=\"Chaire \u00c9conomie de d\u00e9fense - IHEDN\" \/>\n<meta property=\"article:published_time\" content=\"2020-06-26T12:45:00+00:00\" \/>\n<meta property=\"article:modified_time\" content=\"2020-06-30T13:19:13+00:00\" \/>\n<meta property=\"og:image\" content=\"https:\/\/ecodef-ihedn.fr\/wp-content\/uploads\/2020\/06\/80_820t506_79851668727_3284653713_2020151424-1592831211-dossier1.jpeg\" \/>\n\t<meta property=\"og:image:width\" content=\"674\" \/>\n\t<meta property=\"og:image:height\" content=\"506\" \/>\n\t<meta property=\"og:image:type\" content=\"image\/jpeg\" \/>\n<meta name=\"author\" content=\"Bertrand Demandre\" \/>\n<meta name=\"twitter:card\" content=\"summary_large_image\" \/>\n<meta name=\"twitter:creator\" content=\"@Chaire_Ecodef\" \/>\n<meta name=\"twitter:site\" content=\"@Chaire_Ecodef\" \/>\n<meta name=\"twitter:label1\" content=\"Written by\" \/>\n\t<meta name=\"twitter:data1\" content=\"Bertrand Demandre\" \/>\n<script type=\"application\/ld+json\" class=\"yoast-schema-graph\">{\"@context\":\"https:\\\/\\\/schema.org\",\"@graph\":[{\"@type\":\"Article\",\"@id\":\"https:\\\/\\\/ecodef-ihedn.fr\\\/leconomie-de-guerre-a-la-lumiere-de-lhistoire-interview-de-julien-malizard-dans-actuariel\\\/#article\",\"isPartOf\":{\"@id\":\"https:\\\/\\\/ecodef-ihedn.fr\\\/leconomie-de-guerre-a-la-lumiere-de-lhistoire-interview-de-julien-malizard-dans-actuariel\\\/\"},\"author\":{\"name\":\"Bertrand Demandre\",\"@id\":\"https:\\\/\\\/ecodef-ihedn.fr\\\/#\\\/schema\\\/person\\\/1cdf22d028cebe278126a6e07a884d30\"},\"headline\":\"\u00ab\u00a0L\u2019\u00e9conomie de guerre : \u00e0 la lumi\u00e8re de l&rsquo;histoire\u00a0\u00bb : interview de Julien Malizard dans Actuariel\",\"datePublished\":\"2020-06-26T12:45:00+00:00\",\"dateModified\":\"2020-06-30T13:19:13+00:00\",\"mainEntityOfPage\":{\"@id\":\"https:\\\/\\\/ecodef-ihedn.fr\\\/leconomie-de-guerre-a-la-lumiere-de-lhistoire-interview-de-julien-malizard-dans-actuariel\\\/\"},\"wordCount\":72,\"commentCount\":0,\"publisher\":{\"@id\":\"https:\\\/\\\/ecodef-ihedn.fr\\\/#organization\"},\"image\":{\"@id\":\"https:\\\/\\\/ecodef-ihedn.fr\\\/leconomie-de-guerre-a-la-lumiere-de-lhistoire-interview-de-julien-malizard-dans-actuariel\\\/#primaryimage\"},\"thumbnailUrl\":\"https:\\\/\\\/ecodef-ihedn.fr\\\/wp-content\\\/uploads\\\/2020\\\/06\\\/80_820t506_79851668727_3284653713_2020151424-1592831211-dossier1.jpeg\",\"keywords\":[\"Actuariel\",\"\u00e9conomie de guerre\",\"Histoire\",\"Histoire militaire\",\"interview\",\"Julien Malizard\"],\"articleSection\":[\"M\u00e9dias\"],\"inLanguage\":\"en-GB\",\"potentialAction\":[{\"@type\":\"CommentAction\",\"name\":\"Comment\",\"target\":[\"https:\\\/\\\/ecodef-ihedn.fr\\\/leconomie-de-guerre-a-la-lumiere-de-lhistoire-interview-de-julien-malizard-dans-actuariel\\\/#respond\"]}]},{\"@type\":\"WebPage\",\"@id\":\"https:\\\/\\\/ecodef-ihedn.fr\\\/leconomie-de-guerre-a-la-lumiere-de-lhistoire-interview-de-julien-malizard-dans-actuariel\\\/\",\"url\":\"https:\\\/\\\/ecodef-ihedn.fr\\\/leconomie-de-guerre-a-la-lumiere-de-lhistoire-interview-de-julien-malizard-dans-actuariel\\\/\",\"name\":\"\\\"L\u2019\u00e9conomie de guerre : \u00e0 la lumi\u00e8re de l'histoire\\\" : interview de Julien Malizard dans Actuariel - Chaire \u00c9conomie de d\u00e9fense - IHEDN\",\"isPartOf\":{\"@id\":\"https:\\\/\\\/ecodef-ihedn.fr\\\/#website\"},\"primaryImageOfPage\":{\"@id\":\"https:\\\/\\\/ecodef-ihedn.fr\\\/leconomie-de-guerre-a-la-lumiere-de-lhistoire-interview-de-julien-malizard-dans-actuariel\\\/#primaryimage\"},\"image\":{\"@id\":\"https:\\\/\\\/ecodef-ihedn.fr\\\/leconomie-de-guerre-a-la-lumiere-de-lhistoire-interview-de-julien-malizard-dans-actuariel\\\/#primaryimage\"},\"thumbnailUrl\":\"https:\\\/\\\/ecodef-ihedn.fr\\\/wp-content\\\/uploads\\\/2020\\\/06\\\/80_820t506_79851668727_3284653713_2020151424-1592831211-dossier1.jpeg\",\"datePublished\":\"2020-06-26T12:45:00+00:00\",\"dateModified\":\"2020-06-30T13:19:13+00:00\",\"breadcrumb\":{\"@id\":\"https:\\\/\\\/ecodef-ihedn.fr\\\/leconomie-de-guerre-a-la-lumiere-de-lhistoire-interview-de-julien-malizard-dans-actuariel\\\/#breadcrumb\"},\"inLanguage\":\"en-GB\",\"potentialAction\":[{\"@type\":\"ReadAction\",\"target\":[\"https:\\\/\\\/ecodef-ihedn.fr\\\/leconomie-de-guerre-a-la-lumiere-de-lhistoire-interview-de-julien-malizard-dans-actuariel\\\/\"]}]},{\"@type\":\"ImageObject\",\"inLanguage\":\"en-GB\",\"@id\":\"https:\\\/\\\/ecodef-ihedn.fr\\\/leconomie-de-guerre-a-la-lumiere-de-lhistoire-interview-de-julien-malizard-dans-actuariel\\\/#primaryimage\",\"url\":\"https:\\\/\\\/ecodef-ihedn.fr\\\/wp-content\\\/uploads\\\/2020\\\/06\\\/80_820t506_79851668727_3284653713_2020151424-1592831211-dossier1.jpeg\",\"contentUrl\":\"https:\\\/\\\/ecodef-ihedn.fr\\\/wp-content\\\/uploads\\\/2020\\\/06\\\/80_820t506_79851668727_3284653713_2020151424-1592831211-dossier1.jpeg\",\"width\":674,\"height\":506},{\"@type\":\"BreadcrumbList\",\"@id\":\"https:\\\/\\\/ecodef-ihedn.fr\\\/leconomie-de-guerre-a-la-lumiere-de-lhistoire-interview-de-julien-malizard-dans-actuariel\\\/#breadcrumb\",\"itemListElement\":[{\"@type\":\"ListItem\",\"position\":1,\"name\":\"Accueil\",\"item\":\"https:\\\/\\\/ecodef-ihedn.fr\\\/\"},{\"@type\":\"ListItem\",\"position\":2,\"name\":\"&#8220;L\u2019\u00e9conomie de guerre : \u00e0 la lumi\u00e8re de l&#8217;histoire&#8221; : interview de Julien Malizard dans Actuariel\"}]},{\"@type\":\"WebSite\",\"@id\":\"https:\\\/\\\/ecodef-ihedn.fr\\\/#website\",\"url\":\"https:\\\/\\\/ecodef-ihedn.fr\\\/\",\"name\":\"Chaire \u00c9conomie de D\u00e9fense - IHEDN\",\"description\":\"Produire &amp; soutenir, f\u00e9d\u00e9rer &amp; diffuser, \u00eatre une interface\",\"publisher\":{\"@id\":\"https:\\\/\\\/ecodef-ihedn.fr\\\/#organization\"},\"potentialAction\":[{\"@type\":\"SearchAction\",\"target\":{\"@type\":\"EntryPoint\",\"urlTemplate\":\"https:\\\/\\\/ecodef-ihedn.fr\\\/?s={search_term_string}\"},\"query-input\":{\"@type\":\"PropertyValueSpecification\",\"valueRequired\":true,\"valueName\":\"search_term_string\"}}],\"inLanguage\":\"en-GB\"},{\"@type\":\"Organization\",\"@id\":\"https:\\\/\\\/ecodef-ihedn.fr\\\/#organization\",\"name\":\"Chaire \u00c9conomie de d\u00e9fense - IHEDN\",\"url\":\"https:\\\/\\\/ecodef-ihedn.fr\\\/\",\"logo\":{\"@type\":\"ImageObject\",\"inLanguage\":\"en-GB\",\"@id\":\"https:\\\/\\\/ecodef-ihedn.fr\\\/#\\\/schema\\\/logo\\\/image\\\/\",\"url\":\"https:\\\/\\\/ecodef-ihedn.fr\\\/wp-content\\\/uploads\\\/2020\\\/04\\\/logoEcodef9.jpg\",\"contentUrl\":\"https:\\\/\\\/ecodef-ihedn.fr\\\/wp-content\\\/uploads\\\/2020\\\/04\\\/logoEcodef9.jpg\",\"width\":410,\"height\":212,\"caption\":\"Chaire \u00c9conomie de d\u00e9fense - IHEDN\"},\"image\":{\"@id\":\"https:\\\/\\\/ecodef-ihedn.fr\\\/#\\\/schema\\\/logo\\\/image\\\/\"},\"sameAs\":[\"https:\\\/\\\/x.com\\\/Chaire_Ecodef\",\"https:\\\/\\\/www.linkedin.com\\\/company\\\/chaire-ecodef-ihedn\\\/\"]},{\"@type\":\"Person\",\"@id\":\"https:\\\/\\\/ecodef-ihedn.fr\\\/#\\\/schema\\\/person\\\/1cdf22d028cebe278126a6e07a884d30\",\"name\":\"Bertrand Demandre\",\"image\":{\"@type\":\"ImageObject\",\"inLanguage\":\"en-GB\",\"@id\":\"https:\\\/\\\/secure.gravatar.com\\\/avatar\\\/d9c9746d6c900ab5b9c0f9b1fa3932e369da923da247d624b8f7ab4ba8a3c093?s=96&d=mm&r=g\",\"url\":\"https:\\\/\\\/secure.gravatar.com\\\/avatar\\\/d9c9746d6c900ab5b9c0f9b1fa3932e369da923da247d624b8f7ab4ba8a3c093?s=96&d=mm&r=g\",\"contentUrl\":\"https:\\\/\\\/secure.gravatar.com\\\/avatar\\\/d9c9746d6c900ab5b9c0f9b1fa3932e369da923da247d624b8f7ab4ba8a3c093?s=96&d=mm&r=g\",\"caption\":\"Bertrand Demandre\"},\"url\":\"https:\\\/\\\/ecodef-ihedn.fr\\\/en\\\/author\\\/bertrand\\\/\"}]}<\/script>\n<!-- \/ Yoast SEO plugin. -->","yoast_head_json":{"title":"\"L\u2019\u00e9conomie de guerre : \u00e0 la lumi\u00e8re de l'histoire\" : interview de Julien Malizard dans Actuariel - Chaire \u00c9conomie de d\u00e9fense - IHEDN","robots":{"index":"index","follow":"follow","max-snippet":"max-snippet:-1","max-image-preview":"max-image-preview:large","max-video-preview":"max-video-preview:-1"},"canonical":"https:\/\/ecodef-ihedn.fr\/en\/leconomie-de-guerre-a-la-lumiere-de-lhistoire-interview-de-julien-malizard-dans-actuariel\/","og_locale":"en_GB","og_type":"article","og_title":"\"L\u2019\u00e9conomie de guerre : \u00e0 la lumi\u00e8re de l'histoire\" : interview de Julien Malizard dans Actuariel - Chaire \u00c9conomie de d\u00e9fense - IHEDN","og_description":"Les travaux de recherche contemporains portent tr\u00e8s peu sur l\u2019\u00e9conomie de guerre.","og_url":"https:\/\/ecodef-ihedn.fr\/en\/leconomie-de-guerre-a-la-lumiere-de-lhistoire-interview-de-julien-malizard-dans-actuariel\/","og_site_name":"Chaire \u00c9conomie de d\u00e9fense - IHEDN","article_published_time":"2020-06-26T12:45:00+00:00","article_modified_time":"2020-06-30T13:19:13+00:00","og_image":[{"width":674,"height":506,"url":"https:\/\/ecodef-ihedn.fr\/wp-content\/uploads\/2020\/06\/80_820t506_79851668727_3284653713_2020151424-1592831211-dossier1.jpeg","type":"image\/jpeg"}],"author":"Bertrand Demandre","twitter_card":"summary_large_image","twitter_creator":"@Chaire_Ecodef","twitter_site":"@Chaire_Ecodef","twitter_misc":{"Written by":"Bertrand Demandre"},"schema":{"@context":"https:\/\/schema.org","@graph":[{"@type":"Article","@id":"https:\/\/ecodef-ihedn.fr\/leconomie-de-guerre-a-la-lumiere-de-lhistoire-interview-de-julien-malizard-dans-actuariel\/#article","isPartOf":{"@id":"https:\/\/ecodef-ihedn.fr\/leconomie-de-guerre-a-la-lumiere-de-lhistoire-interview-de-julien-malizard-dans-actuariel\/"},"author":{"name":"Bertrand Demandre","@id":"https:\/\/ecodef-ihedn.fr\/#\/schema\/person\/1cdf22d028cebe278126a6e07a884d30"},"headline":"\u00ab\u00a0L\u2019\u00e9conomie de guerre : \u00e0 la lumi\u00e8re de l&rsquo;histoire\u00a0\u00bb : interview de Julien Malizard dans Actuariel","datePublished":"2020-06-26T12:45:00+00:00","dateModified":"2020-06-30T13:19:13+00:00","mainEntityOfPage":{"@id":"https:\/\/ecodef-ihedn.fr\/leconomie-de-guerre-a-la-lumiere-de-lhistoire-interview-de-julien-malizard-dans-actuariel\/"},"wordCount":72,"commentCount":0,"publisher":{"@id":"https:\/\/ecodef-ihedn.fr\/#organization"},"image":{"@id":"https:\/\/ecodef-ihedn.fr\/leconomie-de-guerre-a-la-lumiere-de-lhistoire-interview-de-julien-malizard-dans-actuariel\/#primaryimage"},"thumbnailUrl":"https:\/\/ecodef-ihedn.fr\/wp-content\/uploads\/2020\/06\/80_820t506_79851668727_3284653713_2020151424-1592831211-dossier1.jpeg","keywords":["Actuariel","\u00e9conomie de guerre","Histoire","Histoire militaire","interview","Julien Malizard"],"articleSection":["M\u00e9dias"],"inLanguage":"en-GB","potentialAction":[{"@type":"CommentAction","name":"Comment","target":["https:\/\/ecodef-ihedn.fr\/leconomie-de-guerre-a-la-lumiere-de-lhistoire-interview-de-julien-malizard-dans-actuariel\/#respond"]}]},{"@type":"WebPage","@id":"https:\/\/ecodef-ihedn.fr\/leconomie-de-guerre-a-la-lumiere-de-lhistoire-interview-de-julien-malizard-dans-actuariel\/","url":"https:\/\/ecodef-ihedn.fr\/leconomie-de-guerre-a-la-lumiere-de-lhistoire-interview-de-julien-malizard-dans-actuariel\/","name":"\"L\u2019\u00e9conomie de guerre : \u00e0 la lumi\u00e8re de l'histoire\" : interview de Julien Malizard dans Actuariel - Chaire \u00c9conomie de d\u00e9fense - IHEDN","isPartOf":{"@id":"https:\/\/ecodef-ihedn.fr\/#website"},"primaryImageOfPage":{"@id":"https:\/\/ecodef-ihedn.fr\/leconomie-de-guerre-a-la-lumiere-de-lhistoire-interview-de-julien-malizard-dans-actuariel\/#primaryimage"},"image":{"@id":"https:\/\/ecodef-ihedn.fr\/leconomie-de-guerre-a-la-lumiere-de-lhistoire-interview-de-julien-malizard-dans-actuariel\/#primaryimage"},"thumbnailUrl":"https:\/\/ecodef-ihedn.fr\/wp-content\/uploads\/2020\/06\/80_820t506_79851668727_3284653713_2020151424-1592831211-dossier1.jpeg","datePublished":"2020-06-26T12:45:00+00:00","dateModified":"2020-06-30T13:19:13+00:00","breadcrumb":{"@id":"https:\/\/ecodef-ihedn.fr\/leconomie-de-guerre-a-la-lumiere-de-lhistoire-interview-de-julien-malizard-dans-actuariel\/#breadcrumb"},"inLanguage":"en-GB","potentialAction":[{"@type":"ReadAction","target":["https:\/\/ecodef-ihedn.fr\/leconomie-de-guerre-a-la-lumiere-de-lhistoire-interview-de-julien-malizard-dans-actuariel\/"]}]},{"@type":"ImageObject","inLanguage":"en-GB","@id":"https:\/\/ecodef-ihedn.fr\/leconomie-de-guerre-a-la-lumiere-de-lhistoire-interview-de-julien-malizard-dans-actuariel\/#primaryimage","url":"https:\/\/ecodef-ihedn.fr\/wp-content\/uploads\/2020\/06\/80_820t506_79851668727_3284653713_2020151424-1592831211-dossier1.jpeg","contentUrl":"https:\/\/ecodef-ihedn.fr\/wp-content\/uploads\/2020\/06\/80_820t506_79851668727_3284653713_2020151424-1592831211-dossier1.jpeg","width":674,"height":506},{"@type":"BreadcrumbList","@id":"https:\/\/ecodef-ihedn.fr\/leconomie-de-guerre-a-la-lumiere-de-lhistoire-interview-de-julien-malizard-dans-actuariel\/#breadcrumb","itemListElement":[{"@type":"ListItem","position":1,"name":"Accueil","item":"https:\/\/ecodef-ihedn.fr\/"},{"@type":"ListItem","position":2,"name":"&#8220;L\u2019\u00e9conomie de guerre : \u00e0 la lumi\u00e8re de l&#8217;histoire&#8221; : interview de Julien Malizard dans Actuariel"}]},{"@type":"WebSite","@id":"https:\/\/ecodef-ihedn.fr\/#website","url":"https:\/\/ecodef-ihedn.fr\/","name":"Chair in Defence Economics - IHEDN","description":"Produce &amp; support, federate &amp; disseminate, act as an interface","publisher":{"@id":"https:\/\/ecodef-ihedn.fr\/#organization"},"potentialAction":[{"@type":"SearchAction","target":{"@type":"EntryPoint","urlTemplate":"https:\/\/ecodef-ihedn.fr\/?s={search_term_string}"},"query-input":{"@type":"PropertyValueSpecification","valueRequired":true,"valueName":"search_term_string"}}],"inLanguage":"en-GB"},{"@type":"Organization","@id":"https:\/\/ecodef-ihedn.fr\/#organization","name":"Chair in Defence Economics - IHEDN","url":"https:\/\/ecodef-ihedn.fr\/","logo":{"@type":"ImageObject","inLanguage":"en-GB","@id":"https:\/\/ecodef-ihedn.fr\/#\/schema\/logo\/image\/","url":"https:\/\/ecodef-ihedn.fr\/wp-content\/uploads\/2020\/04\/logoEcodef9.jpg","contentUrl":"https:\/\/ecodef-ihedn.fr\/wp-content\/uploads\/2020\/04\/logoEcodef9.jpg","width":410,"height":212,"caption":"Chaire \u00c9conomie de d\u00e9fense - IHEDN"},"image":{"@id":"https:\/\/ecodef-ihedn.fr\/#\/schema\/logo\/image\/"},"sameAs":["https:\/\/x.com\/Chaire_Ecodef","https:\/\/www.linkedin.com\/company\/chaire-ecodef-ihedn\/"]},{"@type":"Person","@id":"https:\/\/ecodef-ihedn.fr\/#\/schema\/person\/1cdf22d028cebe278126a6e07a884d30","name":"Bertrand Demandre","image":{"@type":"ImageObject","inLanguage":"en-GB","@id":"https:\/\/secure.gravatar.com\/avatar\/d9c9746d6c900ab5b9c0f9b1fa3932e369da923da247d624b8f7ab4ba8a3c093?s=96&d=mm&r=g","url":"https:\/\/secure.gravatar.com\/avatar\/d9c9746d6c900ab5b9c0f9b1fa3932e369da923da247d624b8f7ab4ba8a3c093?s=96&d=mm&r=g","contentUrl":"https:\/\/secure.gravatar.com\/avatar\/d9c9746d6c900ab5b9c0f9b1fa3932e369da923da247d624b8f7ab4ba8a3c093?s=96&d=mm&r=g","caption":"Bertrand Demandre"},"url":"https:\/\/ecodef-ihedn.fr\/en\/author\/bertrand\/"}]}},"_links":{"self":[{"href":"https:\/\/ecodef-ihedn.fr\/en\/wp-json\/wp\/v2\/posts\/1974","targetHints":{"allow":["GET"]}}],"collection":[{"href":"https:\/\/ecodef-ihedn.fr\/en\/wp-json\/wp\/v2\/posts"}],"about":[{"href":"https:\/\/ecodef-ihedn.fr\/en\/wp-json\/wp\/v2\/types\/post"}],"author":[{"embeddable":true,"href":"https:\/\/ecodef-ihedn.fr\/en\/wp-json\/wp\/v2\/users\/2"}],"replies":[{"embeddable":true,"href":"https:\/\/ecodef-ihedn.fr\/en\/wp-json\/wp\/v2\/comments?post=1974"}],"version-history":[{"count":4,"href":"https:\/\/ecodef-ihedn.fr\/en\/wp-json\/wp\/v2\/posts\/1974\/revisions"}],"predecessor-version":[{"id":1980,"href":"https:\/\/ecodef-ihedn.fr\/en\/wp-json\/wp\/v2\/posts\/1974\/revisions\/1980"}],"wp:featuredmedia":[{"embeddable":true,"href":"https:\/\/ecodef-ihedn.fr\/en\/wp-json\/wp\/v2\/media\/1975"}],"wp:attachment":[{"href":"https:\/\/ecodef-ihedn.fr\/en\/wp-json\/wp\/v2\/media?parent=1974"}],"wp:term":[{"taxonomy":"category","embeddable":true,"href":"https:\/\/ecodef-ihedn.fr\/en\/wp-json\/wp\/v2\/categories?post=1974"},{"taxonomy":"post_tag","embeddable":true,"href":"https:\/\/ecodef-ihedn.fr\/en\/wp-json\/wp\/v2\/tags?post=1974"}],"curies":[{"name":"wp","href":"https:\/\/api.w.org\/{rel}","templated":true}]}}