{"id":1981,"date":"2020-07-02T09:09:32","date_gmt":"2020-07-02T09:09:32","guid":{"rendered":"https:\/\/ecodef-ihedn.fr\/?p=1981"},"modified":"2020-07-02T11:17:06","modified_gmt":"2020-07-02T11:17:06","slug":"economie-de-defense-problematiques-contemporaines-la-chaire-au-centre-du-numero-dete-de-la-rdn","status":"publish","type":"post","link":"https:\/\/ecodef-ihedn.fr\/en\/economie-de-defense-problematiques-contemporaines-la-chaire-au-centre-du-numero-dete-de-la-rdn\/","title":{"rendered":"\u00abDefence economics: contemporary issues\u00bb: the Chair at the centre of the summer issue of RDN"},"content":{"rendered":"<p>Le <a aria-label=\"undefined (opens in a new tab)\" href=\"https:\/\/www.defnat.com\/e-RDN\/affiche_breve.php?cid=188\" target=\"_blank\" rel=\"noreferrer noopener\">Summer issue of RDN<\/a>, under the direction of Julien Malizard, Deputy Chairholder, and Beno\u00eet Rademacher, Director of the Armaments and Defence Economics Department at the European Defence Agency.\u2019<a aria-label=\"undefined (opens in a new tab)\" href=\"https:\/\/www.irsem.fr\/\" target=\"_blank\" rel=\"noreferrer noopener\">IRSEM<\/a>, is now available in <a href=\"https:\/\/www.defnat.com\/sommaires\/sommaire.php?cidrevue=832\" target=\"_blank\" aria-label=\"undefined (opens in a new tab)\" rel=\"noreferrer noopener\">pre-order<\/a>.<\/p>\n\n\n\n<div class=\"wp-block-image\"><figure class=\"aligncenter size-large is-resized\"><img loading=\"lazy\" decoding=\"async\" src=\"https:\/\/ecodef-ihedn.fr\/wp-content\/uploads\/2020\/06\/RDN-Couv-832-710x1024.jpg\" alt=\"\" class=\"wp-image-1983\" width=\"533\" height=\"768\" srcset=\"https:\/\/ecodef-ihedn.fr\/wp-content\/uploads\/2020\/06\/RDN-Couv-832-710x1024.jpg 710w, https:\/\/ecodef-ihedn.fr\/wp-content\/uploads\/2020\/06\/RDN-Couv-832-208x300.jpg 208w, https:\/\/ecodef-ihedn.fr\/wp-content\/uploads\/2020\/06\/RDN-Couv-832-768x1107.jpg 768w, https:\/\/ecodef-ihedn.fr\/wp-content\/uploads\/2020\/06\/RDN-Couv-832-1066x1536.jpg 1066w, https:\/\/ecodef-ihedn.fr\/wp-content\/uploads\/2020\/06\/RDN-Couv-832-1421x2048.jpg 1421w, https:\/\/ecodef-ihedn.fr\/wp-content\/uploads\/2020\/06\/RDN-Couv-832-696x1003.jpg 696w, https:\/\/ecodef-ihedn.fr\/wp-content\/uploads\/2020\/06\/RDN-Couv-832-1392x2007.jpg 1392w, https:\/\/ecodef-ihedn.fr\/wp-content\/uploads\/2020\/06\/RDN-Couv-832-1068x1539.jpg 1068w, https:\/\/ecodef-ihedn.fr\/wp-content\/uploads\/2020\/06\/RDN-Couv-832-1920x2768.jpg 1920w, https:\/\/ecodef-ihedn.fr\/wp-content\/uploads\/2020\/06\/RDN-Couv-832-291x420.jpg 291w, https:\/\/ecodef-ihedn.fr\/wp-content\/uploads\/2020\/06\/RDN-Couv-832-583x840.jpg 583w, https:\/\/ecodef-ihedn.fr\/wp-content\/uploads\/2020\/06\/RDN-Couv-832-scaled.jpg 1776w\" sizes=\"auto, (max-width: 533px) 100vw, 533px\" \/><\/figure><\/div>\n\n\n\n<p>\u00abThe health crisis linked to the Covid-19 epidemic was not on the agenda when we were preparing this issue of the magazine. <em>RDN<\/em>. However, it also reveals the contemporary issues in defence economics research.<br><br>In fact, the economic crisis that has followed this health crisis will undoubtedly involve some difficult budgetary choices. It is also bringing back into focus the notion of industrial sovereignty, the question of cooperation at European level, and the question of the effect of defence spending on the economy, as a possible tool for recovery. It also reveals the very strong interplay between technologies for civil and military use, which shapes <em>de facto<\/em> the defence industrial landscape, and represents both an opportunity and a threat for the players involved.<br><br>In this unprecedented context, defence economics research is more necessary than ever to inform public decision-making, which has to take account of a complexity that is increasing over time.&nbsp;<br><br>The ambition of this issue is not to prejudge the economic consequences of this crisis, but to enlighten the reader on the contemporary issues of the defence economy, by providing useful insights into the challenges facing defence in the future.\u00bb<\/p>\n\n\n\n<p class=\"has-text-align-center\">&gt;&gt; <strong><a href=\"https:\/\/fr.calameo.com\/read\/00055811517bdaf8b5575?authid=DGQRLRCthjmY\" target=\"_blank\" aria-label=\"undefined (opens in a new tab)\" rel=\"noreferrer noopener\">discover the table of contents<\/a><\/strong> &lt;&lt;<\/p>","protected":false},"excerpt":{"rendered":"<p>Le num\u00e9ro d&rsquo;\u00e9t\u00e9 de la RDN, plac\u00e9 sous la direction de Julien Malizard, titulaire adjoint de la Chaire, et Beno\u00eet Rademacher, directeur du domaine armement et \u00e9conomie de d\u00e9fense de l&rsquo;IRSEM, est disponible d\u00e8s \u00e0 pr\u00e9sent en pr\u00e9commande. \u00ab\u00a0La crise sanitaire li\u00e9e \u00e0 l\u2019\u00e9pid\u00e9mie de Covid-19 n\u2019avait pas \u00e9t\u00e9 envisag\u00e9e au programme lors de la [&hellip;]<\/p>\n","protected":false},"author":2,"featured_media":1984,"comment_status":"open","ping_status":"open","sticky":false,"template":"","format":"standard","meta":{"footnotes":""},"categories":[352,353,354],"tags":[47,406,407,196,202,86,408,372],"class_list":{"0":"post-1981","1":"post","2":"type-post","3":"status-publish","4":"format-standard","5":"has-post-thumbnail","7":"category-thematique-2-determinants-et-impacts-de-la-depense-de-defense","8":"category-thematique-3-rd-et-innovation-dans-le-domaine-de-la-defense","9":"category-thematique-4-mco","10":"tag-economie-de-defense","11":"tag-francois-xavier-meunier","12":"tag-friederike-richter","13":"tag-irsem","14":"tag-josselin-droff","15":"tag-julien-malizard","16":"tag-problematiques-contemporaines","17":"tag-rdn"},"yoast_head":"<!-- This site is optimized with the Yoast SEO plugin v27.4 - https:\/\/yoast.com\/product\/yoast-seo-wordpress\/ -->\n<title>&quot;\u00c9conomie de d\u00e9fense : probl\u00e9matiques contemporaines&quot; : la Chaire au centre du num\u00e9ro d&#039;\u00e9t\u00e9 de la RDN - Chaire \u00c9conomie de d\u00e9fense - IHEDN<\/title>\n<meta name=\"robots\" content=\"index, follow, max-snippet:-1, max-image-preview:large, max-video-preview:-1\" \/>\n<link rel=\"canonical\" href=\"https:\/\/ecodef-ihedn.fr\/en\/economie-de-defense-problematiques-contemporaines-la-chaire-au-centre-du-numero-dete-de-la-rdn\/\" \/>\n<meta property=\"og:locale\" content=\"en_GB\" \/>\n<meta property=\"og:type\" content=\"article\" \/>\n<meta property=\"og:title\" content=\"&quot;\u00c9conomie de d\u00e9fense : probl\u00e9matiques contemporaines&quot; : la Chaire au centre du num\u00e9ro d&#039;\u00e9t\u00e9 de la RDN - Chaire \u00c9conomie de d\u00e9fense - IHEDN\" \/>\n<meta property=\"og:description\" content=\"Le num\u00e9ro d&rsquo;\u00e9t\u00e9 de la RDN, plac\u00e9 sous la direction de Julien Malizard, titulaire adjoint de la Chaire, et Beno\u00eet Rademacher, directeur du domaine armement et \u00e9conomie de d\u00e9fense de l&rsquo;IRSEM, est disponible d\u00e8s \u00e0 pr\u00e9sent en pr\u00e9commande. \u00ab\u00a0La crise sanitaire li\u00e9e \u00e0 l\u2019\u00e9pid\u00e9mie de Covid-19 n\u2019avait pas \u00e9t\u00e9 envisag\u00e9e au programme lors de la [&hellip;]\" \/>\n<meta property=\"og:url\" content=\"https:\/\/ecodef-ihedn.fr\/en\/economie-de-defense-problematiques-contemporaines-la-chaire-au-centre-du-numero-dete-de-la-rdn\/\" \/>\n<meta property=\"og:site_name\" content=\"Chaire \u00c9conomie de d\u00e9fense - IHEDN\" \/>\n<meta property=\"article:published_time\" content=\"2020-07-02T09:09:32+00:00\" \/>\n<meta property=\"article:modified_time\" content=\"2020-07-02T11:17:06+00:00\" \/>\n<meta property=\"og:image\" content=\"https:\/\/ecodef-ihedn.fr\/wp-content\/uploads\/2020\/06\/RDN-Couv-832-2.jpg\" \/>\n\t<meta property=\"og:image:width\" content=\"1800\" \/>\n\t<meta property=\"og:image:height\" content=\"1349\" \/>\n\t<meta property=\"og:image:type\" content=\"image\/jpeg\" \/>\n<meta name=\"author\" content=\"Bertrand Demandre\" \/>\n<meta name=\"twitter:card\" content=\"summary_large_image\" \/>\n<meta name=\"twitter:creator\" content=\"@Chaire_Ecodef\" \/>\n<meta name=\"twitter:site\" content=\"@Chaire_Ecodef\" \/>\n<meta name=\"twitter:label1\" content=\"Written by\" \/>\n\t<meta name=\"twitter:data1\" content=\"Bertrand Demandre\" \/>\n\t<meta name=\"twitter:label2\" content=\"Estimated reading time\" \/>\n\t<meta name=\"twitter:data2\" content=\"1 minute\" \/>\n<script type=\"application\/ld+json\" class=\"yoast-schema-graph\">{\"@context\":\"https:\\\/\\\/schema.org\",\"@graph\":[{\"@type\":\"Article\",\"@id\":\"https:\\\/\\\/ecodef-ihedn.fr\\\/economie-de-defense-problematiques-contemporaines-la-chaire-au-centre-du-numero-dete-de-la-rdn\\\/#article\",\"isPartOf\":{\"@id\":\"https:\\\/\\\/ecodef-ihedn.fr\\\/economie-de-defense-problematiques-contemporaines-la-chaire-au-centre-du-numero-dete-de-la-rdn\\\/\"},\"author\":{\"name\":\"Bertrand Demandre\",\"@id\":\"https:\\\/\\\/ecodef-ihedn.fr\\\/#\\\/schema\\\/person\\\/1cdf22d028cebe278126a6e07a884d30\"},\"headline\":\"\u00ab\u00a0\u00c9conomie de d\u00e9fense : probl\u00e9matiques contemporaines\u00a0\u00bb : la Chaire au centre du num\u00e9ro d&rsquo;\u00e9t\u00e9 de la RDN\",\"datePublished\":\"2020-07-02T09:09:32+00:00\",\"dateModified\":\"2020-07-02T11:17:06+00:00\",\"mainEntityOfPage\":{\"@id\":\"https:\\\/\\\/ecodef-ihedn.fr\\\/economie-de-defense-problematiques-contemporaines-la-chaire-au-centre-du-numero-dete-de-la-rdn\\\/\"},\"wordCount\":318,\"commentCount\":3,\"publisher\":{\"@id\":\"https:\\\/\\\/ecodef-ihedn.fr\\\/#organization\"},\"image\":{\"@id\":\"https:\\\/\\\/ecodef-ihedn.fr\\\/economie-de-defense-problematiques-contemporaines-la-chaire-au-centre-du-numero-dete-de-la-rdn\\\/#primaryimage\"},\"thumbnailUrl\":\"https:\\\/\\\/ecodef-ihedn.fr\\\/wp-content\\\/uploads\\\/2020\\\/06\\\/RDN-Couv-832-2.jpg\",\"keywords\":[\"\u00e9conomie de d\u00e9fense\",\"Fran\u00e7ois-Xavier Meunier\",\"Friederike Richter\",\"IRSEM\",\"Josselin Droff\",\"Julien Malizard\",\"probl\u00e9matiques contemporaines\",\"RDN\"],\"articleSection\":[\"Th\u00e9matique 2 : d\u00e9terminants et impacts de la d\u00e9pense de d\u00e9fense\",\"Th\u00e9matique 3 : R&amp;D et innovation dans le domaine de la d\u00e9fense\",\"Th\u00e9matique 4 : MCO\"],\"inLanguage\":\"en-GB\",\"potentialAction\":[{\"@type\":\"CommentAction\",\"name\":\"Comment\",\"target\":[\"https:\\\/\\\/ecodef-ihedn.fr\\\/economie-de-defense-problematiques-contemporaines-la-chaire-au-centre-du-numero-dete-de-la-rdn\\\/#respond\"]}]},{\"@type\":\"WebPage\",\"@id\":\"https:\\\/\\\/ecodef-ihedn.fr\\\/economie-de-defense-problematiques-contemporaines-la-chaire-au-centre-du-numero-dete-de-la-rdn\\\/\",\"url\":\"https:\\\/\\\/ecodef-ihedn.fr\\\/economie-de-defense-problematiques-contemporaines-la-chaire-au-centre-du-numero-dete-de-la-rdn\\\/\",\"name\":\"\\\"\u00c9conomie de d\u00e9fense : probl\u00e9matiques contemporaines\\\" : la Chaire au centre du num\u00e9ro d'\u00e9t\u00e9 de la RDN - Chaire \u00c9conomie de d\u00e9fense - IHEDN\",\"isPartOf\":{\"@id\":\"https:\\\/\\\/ecodef-ihedn.fr\\\/#website\"},\"primaryImageOfPage\":{\"@id\":\"https:\\\/\\\/ecodef-ihedn.fr\\\/economie-de-defense-problematiques-contemporaines-la-chaire-au-centre-du-numero-dete-de-la-rdn\\\/#primaryimage\"},\"image\":{\"@id\":\"https:\\\/\\\/ecodef-ihedn.fr\\\/economie-de-defense-problematiques-contemporaines-la-chaire-au-centre-du-numero-dete-de-la-rdn\\\/#primaryimage\"},\"thumbnailUrl\":\"https:\\\/\\\/ecodef-ihedn.fr\\\/wp-content\\\/uploads\\\/2020\\\/06\\\/RDN-Couv-832-2.jpg\",\"datePublished\":\"2020-07-02T09:09:32+00:00\",\"dateModified\":\"2020-07-02T11:17:06+00:00\",\"breadcrumb\":{\"@id\":\"https:\\\/\\\/ecodef-ihedn.fr\\\/economie-de-defense-problematiques-contemporaines-la-chaire-au-centre-du-numero-dete-de-la-rdn\\\/#breadcrumb\"},\"inLanguage\":\"en-GB\",\"potentialAction\":[{\"@type\":\"ReadAction\",\"target\":[\"https:\\\/\\\/ecodef-ihedn.fr\\\/economie-de-defense-problematiques-contemporaines-la-chaire-au-centre-du-numero-dete-de-la-rdn\\\/\"]}]},{\"@type\":\"ImageObject\",\"inLanguage\":\"en-GB\",\"@id\":\"https:\\\/\\\/ecodef-ihedn.fr\\\/economie-de-defense-problematiques-contemporaines-la-chaire-au-centre-du-numero-dete-de-la-rdn\\\/#primaryimage\",\"url\":\"https:\\\/\\\/ecodef-ihedn.fr\\\/wp-content\\\/uploads\\\/2020\\\/06\\\/RDN-Couv-832-2.jpg\",\"contentUrl\":\"https:\\\/\\\/ecodef-ihedn.fr\\\/wp-content\\\/uploads\\\/2020\\\/06\\\/RDN-Couv-832-2.jpg\",\"width\":1800,\"height\":1349},{\"@type\":\"BreadcrumbList\",\"@id\":\"https:\\\/\\\/ecodef-ihedn.fr\\\/economie-de-defense-problematiques-contemporaines-la-chaire-au-centre-du-numero-dete-de-la-rdn\\\/#breadcrumb\",\"itemListElement\":[{\"@type\":\"ListItem\",\"position\":1,\"name\":\"Accueil\",\"item\":\"https:\\\/\\\/ecodef-ihedn.fr\\\/\"},{\"@type\":\"ListItem\",\"position\":2,\"name\":\"&#8220;\u00c9conomie de d\u00e9fense : probl\u00e9matiques contemporaines&#8221; : la Chaire au centre du num\u00e9ro d&#8217;\u00e9t\u00e9 de la RDN\"}]},{\"@type\":\"WebSite\",\"@id\":\"https:\\\/\\\/ecodef-ihedn.fr\\\/#website\",\"url\":\"https:\\\/\\\/ecodef-ihedn.fr\\\/\",\"name\":\"Chaire \u00c9conomie de D\u00e9fense - IHEDN\",\"description\":\"Produire &amp; soutenir, f\u00e9d\u00e9rer &amp; diffuser, \u00eatre une interface\",\"publisher\":{\"@id\":\"https:\\\/\\\/ecodef-ihedn.fr\\\/#organization\"},\"potentialAction\":[{\"@type\":\"SearchAction\",\"target\":{\"@type\":\"EntryPoint\",\"urlTemplate\":\"https:\\\/\\\/ecodef-ihedn.fr\\\/?s={search_term_string}\"},\"query-input\":{\"@type\":\"PropertyValueSpecification\",\"valueRequired\":true,\"valueName\":\"search_term_string\"}}],\"inLanguage\":\"en-GB\"},{\"@type\":\"Organization\",\"@id\":\"https:\\\/\\\/ecodef-ihedn.fr\\\/#organization\",\"name\":\"Chaire \u00c9conomie de d\u00e9fense - IHEDN\",\"url\":\"https:\\\/\\\/ecodef-ihedn.fr\\\/\",\"logo\":{\"@type\":\"ImageObject\",\"inLanguage\":\"en-GB\",\"@id\":\"https:\\\/\\\/ecodef-ihedn.fr\\\/#\\\/schema\\\/logo\\\/image\\\/\",\"url\":\"https:\\\/\\\/ecodef-ihedn.fr\\\/wp-content\\\/uploads\\\/2020\\\/04\\\/logoEcodef9.jpg\",\"contentUrl\":\"https:\\\/\\\/ecodef-ihedn.fr\\\/wp-content\\\/uploads\\\/2020\\\/04\\\/logoEcodef9.jpg\",\"width\":410,\"height\":212,\"caption\":\"Chaire \u00c9conomie de d\u00e9fense - IHEDN\"},\"image\":{\"@id\":\"https:\\\/\\\/ecodef-ihedn.fr\\\/#\\\/schema\\\/logo\\\/image\\\/\"},\"sameAs\":[\"https:\\\/\\\/x.com\\\/Chaire_Ecodef\",\"https:\\\/\\\/www.linkedin.com\\\/company\\\/chaire-ecodef-ihedn\\\/\"]},{\"@type\":\"Person\",\"@id\":\"https:\\\/\\\/ecodef-ihedn.fr\\\/#\\\/schema\\\/person\\\/1cdf22d028cebe278126a6e07a884d30\",\"name\":\"Bertrand Demandre\",\"image\":{\"@type\":\"ImageObject\",\"inLanguage\":\"en-GB\",\"@id\":\"https:\\\/\\\/secure.gravatar.com\\\/avatar\\\/d9c9746d6c900ab5b9c0f9b1fa3932e369da923da247d624b8f7ab4ba8a3c093?s=96&d=mm&r=g\",\"url\":\"https:\\\/\\\/secure.gravatar.com\\\/avatar\\\/d9c9746d6c900ab5b9c0f9b1fa3932e369da923da247d624b8f7ab4ba8a3c093?s=96&d=mm&r=g\",\"contentUrl\":\"https:\\\/\\\/secure.gravatar.com\\\/avatar\\\/d9c9746d6c900ab5b9c0f9b1fa3932e369da923da247d624b8f7ab4ba8a3c093?s=96&d=mm&r=g\",\"caption\":\"Bertrand Demandre\"},\"url\":\"https:\\\/\\\/ecodef-ihedn.fr\\\/en\\\/author\\\/bertrand\\\/\"}]}<\/script>\n<!-- \/ Yoast SEO plugin. -->","yoast_head_json":{"title":"\"\u00c9conomie de d\u00e9fense : probl\u00e9matiques contemporaines\" : la Chaire au centre du num\u00e9ro d'\u00e9t\u00e9 de la RDN - Chaire \u00c9conomie de d\u00e9fense - IHEDN","robots":{"index":"index","follow":"follow","max-snippet":"max-snippet:-1","max-image-preview":"max-image-preview:large","max-video-preview":"max-video-preview:-1"},"canonical":"https:\/\/ecodef-ihedn.fr\/en\/economie-de-defense-problematiques-contemporaines-la-chaire-au-centre-du-numero-dete-de-la-rdn\/","og_locale":"en_GB","og_type":"article","og_title":"\"\u00c9conomie de d\u00e9fense : probl\u00e9matiques contemporaines\" : la Chaire au centre du num\u00e9ro d'\u00e9t\u00e9 de la RDN - Chaire \u00c9conomie de d\u00e9fense - IHEDN","og_description":"Le num\u00e9ro d&rsquo;\u00e9t\u00e9 de la RDN, plac\u00e9 sous la direction de Julien Malizard, titulaire adjoint de la Chaire, et Beno\u00eet Rademacher, directeur du domaine armement et \u00e9conomie de d\u00e9fense de l&rsquo;IRSEM, est disponible d\u00e8s \u00e0 pr\u00e9sent en pr\u00e9commande. \u00ab\u00a0La crise sanitaire li\u00e9e \u00e0 l\u2019\u00e9pid\u00e9mie de Covid-19 n\u2019avait pas \u00e9t\u00e9 envisag\u00e9e au programme lors de la [&hellip;]","og_url":"https:\/\/ecodef-ihedn.fr\/en\/economie-de-defense-problematiques-contemporaines-la-chaire-au-centre-du-numero-dete-de-la-rdn\/","og_site_name":"Chaire \u00c9conomie de d\u00e9fense - IHEDN","article_published_time":"2020-07-02T09:09:32+00:00","article_modified_time":"2020-07-02T11:17:06+00:00","og_image":[{"width":1800,"height":1349,"url":"https:\/\/ecodef-ihedn.fr\/wp-content\/uploads\/2020\/06\/RDN-Couv-832-2.jpg","type":"image\/jpeg"}],"author":"Bertrand Demandre","twitter_card":"summary_large_image","twitter_creator":"@Chaire_Ecodef","twitter_site":"@Chaire_Ecodef","twitter_misc":{"Written by":"Bertrand Demandre","Estimated reading time":"1 minute"},"schema":{"@context":"https:\/\/schema.org","@graph":[{"@type":"Article","@id":"https:\/\/ecodef-ihedn.fr\/economie-de-defense-problematiques-contemporaines-la-chaire-au-centre-du-numero-dete-de-la-rdn\/#article","isPartOf":{"@id":"https:\/\/ecodef-ihedn.fr\/economie-de-defense-problematiques-contemporaines-la-chaire-au-centre-du-numero-dete-de-la-rdn\/"},"author":{"name":"Bertrand Demandre","@id":"https:\/\/ecodef-ihedn.fr\/#\/schema\/person\/1cdf22d028cebe278126a6e07a884d30"},"headline":"\u00ab\u00a0\u00c9conomie de d\u00e9fense : probl\u00e9matiques contemporaines\u00a0\u00bb : la Chaire au centre du num\u00e9ro d&rsquo;\u00e9t\u00e9 de la RDN","datePublished":"2020-07-02T09:09:32+00:00","dateModified":"2020-07-02T11:17:06+00:00","mainEntityOfPage":{"@id":"https:\/\/ecodef-ihedn.fr\/economie-de-defense-problematiques-contemporaines-la-chaire-au-centre-du-numero-dete-de-la-rdn\/"},"wordCount":318,"commentCount":3,"publisher":{"@id":"https:\/\/ecodef-ihedn.fr\/#organization"},"image":{"@id":"https:\/\/ecodef-ihedn.fr\/economie-de-defense-problematiques-contemporaines-la-chaire-au-centre-du-numero-dete-de-la-rdn\/#primaryimage"},"thumbnailUrl":"https:\/\/ecodef-ihedn.fr\/wp-content\/uploads\/2020\/06\/RDN-Couv-832-2.jpg","keywords":["\u00e9conomie de d\u00e9fense","Fran\u00e7ois-Xavier Meunier","Friederike Richter","IRSEM","Josselin Droff","Julien Malizard","probl\u00e9matiques contemporaines","RDN"],"articleSection":["Th\u00e9matique 2 : d\u00e9terminants et impacts de la d\u00e9pense de d\u00e9fense","Th\u00e9matique 3 : R&amp;D et innovation dans le domaine de la d\u00e9fense","Th\u00e9matique 4 : MCO"],"inLanguage":"en-GB","potentialAction":[{"@type":"CommentAction","name":"Comment","target":["https:\/\/ecodef-ihedn.fr\/economie-de-defense-problematiques-contemporaines-la-chaire-au-centre-du-numero-dete-de-la-rdn\/#respond"]}]},{"@type":"WebPage","@id":"https:\/\/ecodef-ihedn.fr\/economie-de-defense-problematiques-contemporaines-la-chaire-au-centre-du-numero-dete-de-la-rdn\/","url":"https:\/\/ecodef-ihedn.fr\/economie-de-defense-problematiques-contemporaines-la-chaire-au-centre-du-numero-dete-de-la-rdn\/","name":"\"\u00c9conomie de d\u00e9fense : probl\u00e9matiques contemporaines\" : la Chaire au centre du num\u00e9ro d'\u00e9t\u00e9 de la RDN - Chaire \u00c9conomie de d\u00e9fense - IHEDN","isPartOf":{"@id":"https:\/\/ecodef-ihedn.fr\/#website"},"primaryImageOfPage":{"@id":"https:\/\/ecodef-ihedn.fr\/economie-de-defense-problematiques-contemporaines-la-chaire-au-centre-du-numero-dete-de-la-rdn\/#primaryimage"},"image":{"@id":"https:\/\/ecodef-ihedn.fr\/economie-de-defense-problematiques-contemporaines-la-chaire-au-centre-du-numero-dete-de-la-rdn\/#primaryimage"},"thumbnailUrl":"https:\/\/ecodef-ihedn.fr\/wp-content\/uploads\/2020\/06\/RDN-Couv-832-2.jpg","datePublished":"2020-07-02T09:09:32+00:00","dateModified":"2020-07-02T11:17:06+00:00","breadcrumb":{"@id":"https:\/\/ecodef-ihedn.fr\/economie-de-defense-problematiques-contemporaines-la-chaire-au-centre-du-numero-dete-de-la-rdn\/#breadcrumb"},"inLanguage":"en-GB","potentialAction":[{"@type":"ReadAction","target":["https:\/\/ecodef-ihedn.fr\/economie-de-defense-problematiques-contemporaines-la-chaire-au-centre-du-numero-dete-de-la-rdn\/"]}]},{"@type":"ImageObject","inLanguage":"en-GB","@id":"https:\/\/ecodef-ihedn.fr\/economie-de-defense-problematiques-contemporaines-la-chaire-au-centre-du-numero-dete-de-la-rdn\/#primaryimage","url":"https:\/\/ecodef-ihedn.fr\/wp-content\/uploads\/2020\/06\/RDN-Couv-832-2.jpg","contentUrl":"https:\/\/ecodef-ihedn.fr\/wp-content\/uploads\/2020\/06\/RDN-Couv-832-2.jpg","width":1800,"height":1349},{"@type":"BreadcrumbList","@id":"https:\/\/ecodef-ihedn.fr\/economie-de-defense-problematiques-contemporaines-la-chaire-au-centre-du-numero-dete-de-la-rdn\/#breadcrumb","itemListElement":[{"@type":"ListItem","position":1,"name":"Accueil","item":"https:\/\/ecodef-ihedn.fr\/"},{"@type":"ListItem","position":2,"name":"&#8220;\u00c9conomie de d\u00e9fense : probl\u00e9matiques contemporaines&#8221; : la Chaire au centre du num\u00e9ro d&#8217;\u00e9t\u00e9 de la RDN"}]},{"@type":"WebSite","@id":"https:\/\/ecodef-ihedn.fr\/#website","url":"https:\/\/ecodef-ihedn.fr\/","name":"Chair in Defence Economics - IHEDN","description":"Produce &amp; support, federate &amp; disseminate, act as an interface","publisher":{"@id":"https:\/\/ecodef-ihedn.fr\/#organization"},"potentialAction":[{"@type":"SearchAction","target":{"@type":"EntryPoint","urlTemplate":"https:\/\/ecodef-ihedn.fr\/?s={search_term_string}"},"query-input":{"@type":"PropertyValueSpecification","valueRequired":true,"valueName":"search_term_string"}}],"inLanguage":"en-GB"},{"@type":"Organization","@id":"https:\/\/ecodef-ihedn.fr\/#organization","name":"Chair in Defence Economics - IHEDN","url":"https:\/\/ecodef-ihedn.fr\/","logo":{"@type":"ImageObject","inLanguage":"en-GB","@id":"https:\/\/ecodef-ihedn.fr\/#\/schema\/logo\/image\/","url":"https:\/\/ecodef-ihedn.fr\/wp-content\/uploads\/2020\/04\/logoEcodef9.jpg","contentUrl":"https:\/\/ecodef-ihedn.fr\/wp-content\/uploads\/2020\/04\/logoEcodef9.jpg","width":410,"height":212,"caption":"Chaire \u00c9conomie de d\u00e9fense - IHEDN"},"image":{"@id":"https:\/\/ecodef-ihedn.fr\/#\/schema\/logo\/image\/"},"sameAs":["https:\/\/x.com\/Chaire_Ecodef","https:\/\/www.linkedin.com\/company\/chaire-ecodef-ihedn\/"]},{"@type":"Person","@id":"https:\/\/ecodef-ihedn.fr\/#\/schema\/person\/1cdf22d028cebe278126a6e07a884d30","name":"Bertrand Demandre","image":{"@type":"ImageObject","inLanguage":"en-GB","@id":"https:\/\/secure.gravatar.com\/avatar\/d9c9746d6c900ab5b9c0f9b1fa3932e369da923da247d624b8f7ab4ba8a3c093?s=96&d=mm&r=g","url":"https:\/\/secure.gravatar.com\/avatar\/d9c9746d6c900ab5b9c0f9b1fa3932e369da923da247d624b8f7ab4ba8a3c093?s=96&d=mm&r=g","contentUrl":"https:\/\/secure.gravatar.com\/avatar\/d9c9746d6c900ab5b9c0f9b1fa3932e369da923da247d624b8f7ab4ba8a3c093?s=96&d=mm&r=g","caption":"Bertrand Demandre"},"url":"https:\/\/ecodef-ihedn.fr\/en\/author\/bertrand\/"}]}},"_links":{"self":[{"href":"https:\/\/ecodef-ihedn.fr\/en\/wp-json\/wp\/v2\/posts\/1981","targetHints":{"allow":["GET"]}}],"collection":[{"href":"https:\/\/ecodef-ihedn.fr\/en\/wp-json\/wp\/v2\/posts"}],"about":[{"href":"https:\/\/ecodef-ihedn.fr\/en\/wp-json\/wp\/v2\/types\/post"}],"author":[{"embeddable":true,"href":"https:\/\/ecodef-ihedn.fr\/en\/wp-json\/wp\/v2\/users\/2"}],"replies":[{"embeddable":true,"href":"https:\/\/ecodef-ihedn.fr\/en\/wp-json\/wp\/v2\/comments?post=1981"}],"version-history":[{"count":5,"href":"https:\/\/ecodef-ihedn.fr\/en\/wp-json\/wp\/v2\/posts\/1981\/revisions"}],"predecessor-version":[{"id":2163,"href":"https:\/\/ecodef-ihedn.fr\/en\/wp-json\/wp\/v2\/posts\/1981\/revisions\/2163"}],"wp:featuredmedia":[{"embeddable":true,"href":"https:\/\/ecodef-ihedn.fr\/en\/wp-json\/wp\/v2\/media\/1984"}],"wp:attachment":[{"href":"https:\/\/ecodef-ihedn.fr\/en\/wp-json\/wp\/v2\/media?parent=1981"}],"wp:term":[{"taxonomy":"category","embeddable":true,"href":"https:\/\/ecodef-ihedn.fr\/en\/wp-json\/wp\/v2\/categories?post=1981"},{"taxonomy":"post_tag","embeddable":true,"href":"https:\/\/ecodef-ihedn.fr\/en\/wp-json\/wp\/v2\/tags?post=1981"}],"curies":[{"name":"wp","href":"https:\/\/api.w.org\/{rel}","templated":true}]}}