{"id":2001,"date":"2020-07-09T14:26:55","date_gmt":"2020-07-09T14:26:55","guid":{"rendered":"https:\/\/ecodef-ihedn.fr\/?p=2001"},"modified":"2020-07-10T14:03:36","modified_gmt":"2020-07-10T14:03:36","slug":"autonomie-strategique-comment-apprehender-la-dimension-technologique","status":"publish","type":"post","link":"https:\/\/ecodef-ihedn.fr\/en\/autonomie-strategique-comment-apprehender-la-dimension-technologique\/","title":{"rendered":"Strategic autonomy: how do we deal with the technological dimension?"},"content":{"rendered":"<div class=\"wp-block-image\"><figure class=\"aligncenter size-large is-resized\"><img loading=\"lazy\" decoding=\"async\" src=\"https:\/\/ecodef-ihedn.fr\/wp-content\/uploads\/2020\/02\/saf2016_0203747-1-1024x682-1.jpg\" alt=\"\" class=\"wp-image-634\" width=\"721\" height=\"480\" srcset=\"https:\/\/ecodef-ihedn.fr\/wp-content\/uploads\/2020\/02\/saf2016_0203747-1-1024x682-1.jpg 1024w, https:\/\/ecodef-ihedn.fr\/wp-content\/uploads\/2020\/02\/saf2016_0203747-1-1024x682-1-300x200.jpg 300w, https:\/\/ecodef-ihedn.fr\/wp-content\/uploads\/2020\/02\/saf2016_0203747-1-1024x682-1-768x512.jpg 768w, https:\/\/ecodef-ihedn.fr\/wp-content\/uploads\/2020\/02\/saf2016_0203747-1-1024x682-1-696x464.jpg 696w\" sizes=\"auto, (max-width: 721px) 100vw, 721px\" \/><figcaption>Copyright Philippe Stroppa \/ Safran<\/figcaption><\/figure><\/div>\n\n\n\n<p>By <strong>Fran\u00e7ois-Xavier Meunier<\/strong>, researcher at the Economics of Defence Chair - IHEDN<\/p>\n\n\n\n<p>The Covid-19 crisis highlights the lack of national autonomy in the production of certain essential medical goods, as we have seen in the very short term with a shortage of masks, respirators and certain medicines. The same challenge exists for the production of new knowledge, which can, in the longer term, represent both a risk and an opportunity for a country's capacity for technological innovation. <strong>During the innovation process, dependencies and interdependencies develop between countries, and these are difficult to measure. They take the form of knowledge flows that build networks, the complexity of which depends in particular on the diversity of the players operating within them: universities, research centres, businesses, public authorities, etc. Understanding how knowledge is disseminated within these networks is essential if we are to understand a country's capacity for technological innovation.<\/strong><\/p>\n\n\n\n<p>In the defence sector, particular attention is paid to a country's relative position within innovation networks. In France, the strategic autonomy advocated by the State is partly based on this attention. A State's technological power is a central element of this strategic autonomy (Versailles et al., 2003). It consists not only of its ability to act alone, but also, in a perspective close to the work of Aron (1962), of its ability to impose its technological orientations on others by taking a central position within the innovation network. In other words, in terms of technology, a country's strategic autonomy depends on its ability to innovate alone and its ability to influence the innovation process in order to steer developments outside the country in a direction that suits it.<\/p>\n\n\n\n<p>The aim here is to present an initial approach to understanding the technological dimension of strategic autonomy. <strong>This initial study is being conducted using <a aria-label=\"undefined (opens in a new tab)\" href=\"http:\/\/www.graphmytech.com\" target=\"_blank\" rel=\"noreferrer noopener\">GraphMyTech<\/a> from patent data.<\/strong> <strong>Although unpatented innovation is common in this field, defence companies are filing more and more patents, especially the largest ones, which are the ones taken into account in this study. However, this can only be a first step, which will be enriched by other public data such as scientific publications, or more heterogeneous and confidential data from company databases or public authorities (e.g. DGA).<\/strong><\/p>\n\n\n\n<p><strong>Using the same method as that presented by Lebert and Meunier (2017), it is possible to measure, on a national scale, this balance between autarky and interdependence in defence innovation.<\/strong> From a technological point of view, these measures provide a means of classifying countries according to their level of strategic autonomy.<\/p>\n\n\n\n<p>The method we have chosen for this is based on a matrix analysis of technological knowledge flows based on patent citation data linking prior knowledge (cited patent) to subsequent knowledge (citing patent). Three indicators are applied to these matrices, each revealing scores enabling classification:<\/p>\n\n\n\n<ol class=\"wp-block-list\" type=\"1\"><li>Scores <strong>introversion\u2019<\/strong> <strong>reveal<\/strong> <strong>the strength of the interdependence between the territories that make up a country <\/strong>in technological innovation processes. They can be interpreted as a measure of <strong>the country's technological autarky.<\/strong><\/li><li>Scores <strong>extraversion<\/strong>&nbsp;<strong>\u00bbIn addition, the \"interdependence\" section provides information on the level of interdependence between the country's territories and the rest of the world.<\/strong> This indicator is a good measure of the country's integration into the international innovation network. <strong>A country with a high extraversion score is in a position to influence defence technology developments on a global scale.<\/strong> because other countries need its technological output to innovate, and vice versa.<\/li><li>The scores of <strong>\u00abcohesion\u00bb<\/strong> combines the two previous scores; it constitutes <strong>a synthetic indicator of strategic autonomy in terms of technologies.<\/strong><\/li><\/ol>\n\n\n\n<p>The construction of technology flow matrices is based on the use of four databases:<\/p>\n\n\n\n<ul class=\"wp-block-list\"><li>PATSTAT (EPO, February 2018 version): contains information on patent citations and groups patents by \u00abfamilies\u00bb, <em>i.e.<\/em> by unique inventions.<\/li><li>REGPAT (OECD, February 2016 version): contains the address of the patent applicant and assigns them to NUTS (Nomenclature of Territorial Units for Statistics) and TL (<em>Territorial Level<\/em>).<\/li><li>COR&amp;DIP (OECD and EC, 2015 version): contains the patent portfolios of the world's 2,000 most innovative groups (90% of global R&amp;D expenditure).<\/li><li>SIPRI <em>Arms Industry Database<\/em> (Version 2013): There are 61 \u00abdefence\u00bb groups that belong to both the COR&amp;DIP and SIPRI databases. These 61 groups and their patent portfolios are used for the empirical analysis.<\/li><\/ul>\n\n\n\n<p>Although our sample of companies is not exhaustive by country, on a global scale they account for the majority of sales and R&amp;D in the defence sector. Their study is therefore an interesting first step. Table 1 shows the main results obtained for the years 2010 to 2012 on the network of knowledge flows between territories within the European Patent Office. For the three indicators, the scores reveal the following hierarchies.<\/p>\n\n\n\n<p><strong>Table :<\/strong> Indicator results for the top ten countries<\/p>\n\n\n\n<figure class=\"wp-block-table aligncenter is-style-stripes\"><table class=\"has-subtle-pale-blue-background-color has-background\"><tbody><tr><td><a>&nbsp;<\/a><\/td><td><strong>Introversion<\/strong><\/td><td><strong>Extraversion<\/strong><\/td><td><strong>Cohesion<\/strong><\/td><\/tr><tr><td><strong>Rank<\/strong><\/td><td><strong>Country<\/strong><\/td><td><strong>Country<\/strong><\/td><td><strong>Country<\/strong><\/td><\/tr><tr><td><strong>1<\/strong><strong><\/strong><\/td><td>United States<\/td><td>United States<\/td><td>United States<\/td><\/tr><tr><td><strong>2<\/strong><strong><\/strong><\/td><td>Germany<\/td><td>Luxembourg<\/td><td>Germany<\/td><\/tr><tr><td><strong>3<\/strong><strong><\/strong><\/td><td>United Kingdom<\/td><td>Germany<\/td><td>United Kingdom<\/td><\/tr><tr><td><strong>4<\/strong><strong><\/strong><\/td><td>Denmark<\/td><td>United Kingdom<\/td><td>France<\/td><\/tr><tr><td><strong>5<\/strong><strong><\/strong><\/td><td>Belgium<\/td><td>France<\/td><td>Belgium<\/td><\/tr><tr><td><strong>6<\/strong><strong><\/strong><\/td><td>France<\/td><td>Belgium<\/td><td>Denmark<\/td><\/tr><tr><td><strong>7<\/strong><strong><\/strong><\/td><td>Italy<\/td><td>Italy<\/td><td>Luxembourg<\/td><\/tr><tr><td><strong>8<\/strong><strong><\/strong><\/td><td>Austria<\/td><td>Finland<\/td><td>Italy<\/td><\/tr><tr><td><strong>9<\/strong><strong><\/strong><\/td><td>Sweden<\/td><td>Denmark<\/td><td>Finland<\/td><\/tr><tr><td><strong>10<\/strong><strong><\/strong><\/td><td>China<\/td><td>Japan<\/td><td>Austria<\/td><\/tr><\/tbody><\/table><\/figure>\n\n\n\n<p>Cohesion summarises the two dimensions of strategic autonomy. It shows a leading quartet made up of the United States, Germany, the United Kingdom and France. At first glance, Germany's position in this hierarchy of powers is the most surprising. This position can be explained by its industrial capacity, which is generally higher than that of the other European countries, as well as its R&amp;D spending compared with the other major industrialised countries (with the exception of Japan, whose effort is comparable), and by the nature of the sample studied. Indeed, this study focuses on the largest innovative companies in terms of R&amp;D budget, which for Germany includes four companies, i.e. as many as for France. Although the R&amp;D activities of these groups are not carried out exclusively in Germany, this gives the study a strong German bias. <em>a priori<\/em> a weighting similar to that of France. This initial analysis does not take into account the entire defence technological and industrial base (DTIB) of the countries studied, which would certainly change Germany's position.<\/p>\n\n\n\n<p>This exploratory work on technology-based strategic autonomy is based on an original method for measuring interdependence between territories in defence innovation within the country and internationally. <strong>This method makes it possible to assess the two components of this strategic autonomy: the ability to innovate alone and the ability to influence technological trajectories on a global scale.<\/strong> <strong>Integrating other data, in particular that held by public authorities, would enrich the analysis and possibly enable the technological component of a country's strategic autonomy to be monitored. In addition,<\/strong> <strong>This type of analysis can be transposed to other fields and thus go well beyond the defence issue alone, becoming a tool for assessing the technological sovereignty of France or, more broadly, Europe. By providing details by technical field, by player or even by territory, this assessment can then be used as a basis for drawing up and auditing a public R&amp;D policy.<\/strong><\/p>\n\n\n\n<p>Aron R. (1962), <em>War and peace between nations<\/em>, Calmann-Levy, Paris.<\/p>\n\n\n\n<p>Lebert D., Meunier F.-X. (2017), Introverted or extroverted? Profiles of regional technological interconnectedness in Europe, <em>92nd Annual Conference of the Western Economic Association International<\/em>, June, San Diego (CA).<\/p>\n\n\n\n<p>Versailles D.W., M\u00e9rindol V., Cardot P. (2003), <em>Research and technology, the key to power<\/em>, Economica, Paris.<\/p>","protected":false},"excerpt":{"rendered":"<p>Par Fran\u00e7ois-Xavier Meunier, chercheur \u00e0 la Chaire \u00c9conomie de D\u00e9fense \u2013 IHEDN La crise du Covid-19 met en \u00e9vidence le manque d\u2019autonomie des \u00c9tats dans la production de certains biens essentiels du domaine m\u00e9dical, et nous l\u2019avons mesur\u00e9 \u00e0 tr\u00e8s court terme avec une p\u00e9nurie de masques, de respirateurs et de certains m\u00e9dicaments. Ce m\u00eame [&hellip;]<\/p>\n","protected":false},"author":2,"featured_media":634,"comment_status":"open","ping_status":"open","sticky":false,"template":"","format":"standard","meta":{"footnotes":""},"categories":[350,353],"tags":[409,406,60,251],"class_list":{"0":"post-2001","1":"post","2":"type-post","3":"status-publish","4":"format-standard","5":"has-post-thumbnail","7":"category-publications","8":"category-thematique-3-rd-et-innovation-dans-le-domaine-de-la-defense","9":"tag-autonomie-strategique","10":"tag-francois-xavier-meunier","11":"tag-innovation","12":"tag-technologies-de-souverainete"},"yoast_head":"<!-- This site is optimized with the Yoast SEO plugin v27.4 - https:\/\/yoast.com\/product\/yoast-seo-wordpress\/ -->\n<title>Autonomie strat\u00e9gique : Comment appr\u00e9hender la dimension technologique ? - Chaire \u00c9conomie de d\u00e9fense - IHEDN<\/title>\n<meta name=\"robots\" content=\"index, follow, max-snippet:-1, max-image-preview:large, max-video-preview:-1\" \/>\n<link rel=\"canonical\" href=\"https:\/\/ecodef-ihedn.fr\/en\/autonomie-strategique-comment-apprehender-la-dimension-technologique\/\" \/>\n<meta property=\"og:locale\" content=\"en_GB\" \/>\n<meta property=\"og:type\" content=\"article\" \/>\n<meta property=\"og:title\" content=\"Autonomie strat\u00e9gique : Comment appr\u00e9hender la dimension technologique ? - Chaire \u00c9conomie de d\u00e9fense - IHEDN\" \/>\n<meta property=\"og:description\" content=\"Par Fran\u00e7ois-Xavier Meunier, chercheur \u00e0 la Chaire \u00c9conomie de D\u00e9fense \u2013 IHEDN La crise du Covid-19 met en \u00e9vidence le manque d\u2019autonomie des \u00c9tats dans la production de certains biens essentiels du domaine m\u00e9dical, et nous l\u2019avons mesur\u00e9 \u00e0 tr\u00e8s court terme avec une p\u00e9nurie de masques, de respirateurs et de certains m\u00e9dicaments. Ce m\u00eame [&hellip;]\" \/>\n<meta property=\"og:url\" content=\"https:\/\/ecodef-ihedn.fr\/en\/autonomie-strategique-comment-apprehender-la-dimension-technologique\/\" \/>\n<meta property=\"og:site_name\" content=\"Chaire \u00c9conomie de d\u00e9fense - IHEDN\" \/>\n<meta property=\"article:published_time\" content=\"2020-07-09T14:26:55+00:00\" \/>\n<meta property=\"article:modified_time\" content=\"2020-07-10T14:03:36+00:00\" \/>\n<meta property=\"og:image\" content=\"https:\/\/ecodef-ihedn.fr\/wp-content\/uploads\/2020\/02\/saf2016_0203747-1-1024x682-1.jpg\" \/>\n\t<meta property=\"og:image:width\" content=\"1024\" \/>\n\t<meta property=\"og:image:height\" content=\"682\" \/>\n\t<meta property=\"og:image:type\" content=\"image\/jpeg\" \/>\n<meta name=\"author\" content=\"Bertrand Demandre\" \/>\n<meta name=\"twitter:card\" content=\"summary_large_image\" \/>\n<meta name=\"twitter:creator\" content=\"@Chaire_Ecodef\" \/>\n<meta name=\"twitter:site\" content=\"@Chaire_Ecodef\" \/>\n<meta name=\"twitter:label1\" content=\"Written by\" \/>\n\t<meta name=\"twitter:data1\" content=\"Bertrand Demandre\" \/>\n\t<meta name=\"twitter:label2\" content=\"Estimated reading time\" \/>\n\t<meta name=\"twitter:data2\" content=\"7 minutes\" \/>\n<script type=\"application\/ld+json\" class=\"yoast-schema-graph\">{\"@context\":\"https:\\\/\\\/schema.org\",\"@graph\":[{\"@type\":\"Article\",\"@id\":\"https:\\\/\\\/ecodef-ihedn.fr\\\/autonomie-strategique-comment-apprehender-la-dimension-technologique\\\/#article\",\"isPartOf\":{\"@id\":\"https:\\\/\\\/ecodef-ihedn.fr\\\/autonomie-strategique-comment-apprehender-la-dimension-technologique\\\/\"},\"author\":{\"name\":\"Bertrand Demandre\",\"@id\":\"https:\\\/\\\/ecodef-ihedn.fr\\\/#\\\/schema\\\/person\\\/1cdf22d028cebe278126a6e07a884d30\"},\"headline\":\"Autonomie strat\u00e9gique : Comment appr\u00e9hender la dimension technologique ?\",\"datePublished\":\"2020-07-09T14:26:55+00:00\",\"dateModified\":\"2020-07-10T14:03:36+00:00\",\"mainEntityOfPage\":{\"@id\":\"https:\\\/\\\/ecodef-ihedn.fr\\\/autonomie-strategique-comment-apprehender-la-dimension-technologique\\\/\"},\"wordCount\":1477,\"commentCount\":0,\"publisher\":{\"@id\":\"https:\\\/\\\/ecodef-ihedn.fr\\\/#organization\"},\"image\":{\"@id\":\"https:\\\/\\\/ecodef-ihedn.fr\\\/autonomie-strategique-comment-apprehender-la-dimension-technologique\\\/#primaryimage\"},\"thumbnailUrl\":\"https:\\\/\\\/ecodef-ihedn.fr\\\/wp-content\\\/uploads\\\/2020\\\/02\\\/saf2016_0203747-1-1024x682-1.jpg\",\"keywords\":[\"autonomie strat\u00e9gique\",\"Fran\u00e7ois-Xavier Meunier\",\"innovation\",\"Technologies de souverainet\u00e9\"],\"articleSection\":[\"Publications\",\"Th\u00e9matique 3 : R&amp;D et innovation dans le domaine de la d\u00e9fense\"],\"inLanguage\":\"en-GB\",\"potentialAction\":[{\"@type\":\"CommentAction\",\"name\":\"Comment\",\"target\":[\"https:\\\/\\\/ecodef-ihedn.fr\\\/autonomie-strategique-comment-apprehender-la-dimension-technologique\\\/#respond\"]}]},{\"@type\":\"WebPage\",\"@id\":\"https:\\\/\\\/ecodef-ihedn.fr\\\/autonomie-strategique-comment-apprehender-la-dimension-technologique\\\/\",\"url\":\"https:\\\/\\\/ecodef-ihedn.fr\\\/autonomie-strategique-comment-apprehender-la-dimension-technologique\\\/\",\"name\":\"Autonomie strat\u00e9gique : Comment appr\u00e9hender la dimension technologique ? - Chaire \u00c9conomie de d\u00e9fense - IHEDN\",\"isPartOf\":{\"@id\":\"https:\\\/\\\/ecodef-ihedn.fr\\\/#website\"},\"primaryImageOfPage\":{\"@id\":\"https:\\\/\\\/ecodef-ihedn.fr\\\/autonomie-strategique-comment-apprehender-la-dimension-technologique\\\/#primaryimage\"},\"image\":{\"@id\":\"https:\\\/\\\/ecodef-ihedn.fr\\\/autonomie-strategique-comment-apprehender-la-dimension-technologique\\\/#primaryimage\"},\"thumbnailUrl\":\"https:\\\/\\\/ecodef-ihedn.fr\\\/wp-content\\\/uploads\\\/2020\\\/02\\\/saf2016_0203747-1-1024x682-1.jpg\",\"datePublished\":\"2020-07-09T14:26:55+00:00\",\"dateModified\":\"2020-07-10T14:03:36+00:00\",\"breadcrumb\":{\"@id\":\"https:\\\/\\\/ecodef-ihedn.fr\\\/autonomie-strategique-comment-apprehender-la-dimension-technologique\\\/#breadcrumb\"},\"inLanguage\":\"en-GB\",\"potentialAction\":[{\"@type\":\"ReadAction\",\"target\":[\"https:\\\/\\\/ecodef-ihedn.fr\\\/autonomie-strategique-comment-apprehender-la-dimension-technologique\\\/\"]}]},{\"@type\":\"ImageObject\",\"inLanguage\":\"en-GB\",\"@id\":\"https:\\\/\\\/ecodef-ihedn.fr\\\/autonomie-strategique-comment-apprehender-la-dimension-technologique\\\/#primaryimage\",\"url\":\"https:\\\/\\\/ecodef-ihedn.fr\\\/wp-content\\\/uploads\\\/2020\\\/02\\\/saf2016_0203747-1-1024x682-1.jpg\",\"contentUrl\":\"https:\\\/\\\/ecodef-ihedn.fr\\\/wp-content\\\/uploads\\\/2020\\\/02\\\/saf2016_0203747-1-1024x682-1.jpg\",\"width\":1024,\"height\":682},{\"@type\":\"BreadcrumbList\",\"@id\":\"https:\\\/\\\/ecodef-ihedn.fr\\\/autonomie-strategique-comment-apprehender-la-dimension-technologique\\\/#breadcrumb\",\"itemListElement\":[{\"@type\":\"ListItem\",\"position\":1,\"name\":\"Accueil\",\"item\":\"https:\\\/\\\/ecodef-ihedn.fr\\\/\"},{\"@type\":\"ListItem\",\"position\":2,\"name\":\"Autonomie strat\u00e9gique : Comment appr\u00e9hender la dimension technologique ?\"}]},{\"@type\":\"WebSite\",\"@id\":\"https:\\\/\\\/ecodef-ihedn.fr\\\/#website\",\"url\":\"https:\\\/\\\/ecodef-ihedn.fr\\\/\",\"name\":\"Chaire \u00c9conomie de D\u00e9fense - IHEDN\",\"description\":\"Produire &amp; soutenir, f\u00e9d\u00e9rer &amp; diffuser, \u00eatre une interface\",\"publisher\":{\"@id\":\"https:\\\/\\\/ecodef-ihedn.fr\\\/#organization\"},\"potentialAction\":[{\"@type\":\"SearchAction\",\"target\":{\"@type\":\"EntryPoint\",\"urlTemplate\":\"https:\\\/\\\/ecodef-ihedn.fr\\\/?s={search_term_string}\"},\"query-input\":{\"@type\":\"PropertyValueSpecification\",\"valueRequired\":true,\"valueName\":\"search_term_string\"}}],\"inLanguage\":\"en-GB\"},{\"@type\":\"Organization\",\"@id\":\"https:\\\/\\\/ecodef-ihedn.fr\\\/#organization\",\"name\":\"Chaire \u00c9conomie de d\u00e9fense - IHEDN\",\"url\":\"https:\\\/\\\/ecodef-ihedn.fr\\\/\",\"logo\":{\"@type\":\"ImageObject\",\"inLanguage\":\"en-GB\",\"@id\":\"https:\\\/\\\/ecodef-ihedn.fr\\\/#\\\/schema\\\/logo\\\/image\\\/\",\"url\":\"https:\\\/\\\/ecodef-ihedn.fr\\\/wp-content\\\/uploads\\\/2020\\\/04\\\/logoEcodef9.jpg\",\"contentUrl\":\"https:\\\/\\\/ecodef-ihedn.fr\\\/wp-content\\\/uploads\\\/2020\\\/04\\\/logoEcodef9.jpg\",\"width\":410,\"height\":212,\"caption\":\"Chaire \u00c9conomie de d\u00e9fense - IHEDN\"},\"image\":{\"@id\":\"https:\\\/\\\/ecodef-ihedn.fr\\\/#\\\/schema\\\/logo\\\/image\\\/\"},\"sameAs\":[\"https:\\\/\\\/x.com\\\/Chaire_Ecodef\",\"https:\\\/\\\/www.linkedin.com\\\/company\\\/chaire-ecodef-ihedn\\\/\"]},{\"@type\":\"Person\",\"@id\":\"https:\\\/\\\/ecodef-ihedn.fr\\\/#\\\/schema\\\/person\\\/1cdf22d028cebe278126a6e07a884d30\",\"name\":\"Bertrand Demandre\",\"image\":{\"@type\":\"ImageObject\",\"inLanguage\":\"en-GB\",\"@id\":\"https:\\\/\\\/secure.gravatar.com\\\/avatar\\\/d9c9746d6c900ab5b9c0f9b1fa3932e369da923da247d624b8f7ab4ba8a3c093?s=96&d=mm&r=g\",\"url\":\"https:\\\/\\\/secure.gravatar.com\\\/avatar\\\/d9c9746d6c900ab5b9c0f9b1fa3932e369da923da247d624b8f7ab4ba8a3c093?s=96&d=mm&r=g\",\"contentUrl\":\"https:\\\/\\\/secure.gravatar.com\\\/avatar\\\/d9c9746d6c900ab5b9c0f9b1fa3932e369da923da247d624b8f7ab4ba8a3c093?s=96&d=mm&r=g\",\"caption\":\"Bertrand Demandre\"},\"url\":\"https:\\\/\\\/ecodef-ihedn.fr\\\/en\\\/author\\\/bertrand\\\/\"}]}<\/script>\n<!-- \/ Yoast SEO plugin. -->","yoast_head_json":{"title":"Autonomie strat\u00e9gique : Comment appr\u00e9hender la dimension technologique ? - Chaire \u00c9conomie de d\u00e9fense - IHEDN","robots":{"index":"index","follow":"follow","max-snippet":"max-snippet:-1","max-image-preview":"max-image-preview:large","max-video-preview":"max-video-preview:-1"},"canonical":"https:\/\/ecodef-ihedn.fr\/en\/autonomie-strategique-comment-apprehender-la-dimension-technologique\/","og_locale":"en_GB","og_type":"article","og_title":"Autonomie strat\u00e9gique : Comment appr\u00e9hender la dimension technologique ? - Chaire \u00c9conomie de d\u00e9fense - IHEDN","og_description":"Par Fran\u00e7ois-Xavier Meunier, chercheur \u00e0 la Chaire \u00c9conomie de D\u00e9fense \u2013 IHEDN La crise du Covid-19 met en \u00e9vidence le manque d\u2019autonomie des \u00c9tats dans la production de certains biens essentiels du domaine m\u00e9dical, et nous l\u2019avons mesur\u00e9 \u00e0 tr\u00e8s court terme avec une p\u00e9nurie de masques, de respirateurs et de certains m\u00e9dicaments. Ce m\u00eame [&hellip;]","og_url":"https:\/\/ecodef-ihedn.fr\/en\/autonomie-strategique-comment-apprehender-la-dimension-technologique\/","og_site_name":"Chaire \u00c9conomie de d\u00e9fense - IHEDN","article_published_time":"2020-07-09T14:26:55+00:00","article_modified_time":"2020-07-10T14:03:36+00:00","og_image":[{"width":1024,"height":682,"url":"https:\/\/ecodef-ihedn.fr\/wp-content\/uploads\/2020\/02\/saf2016_0203747-1-1024x682-1.jpg","type":"image\/jpeg"}],"author":"Bertrand Demandre","twitter_card":"summary_large_image","twitter_creator":"@Chaire_Ecodef","twitter_site":"@Chaire_Ecodef","twitter_misc":{"Written by":"Bertrand Demandre","Estimated reading time":"7 minutes"},"schema":{"@context":"https:\/\/schema.org","@graph":[{"@type":"Article","@id":"https:\/\/ecodef-ihedn.fr\/autonomie-strategique-comment-apprehender-la-dimension-technologique\/#article","isPartOf":{"@id":"https:\/\/ecodef-ihedn.fr\/autonomie-strategique-comment-apprehender-la-dimension-technologique\/"},"author":{"name":"Bertrand Demandre","@id":"https:\/\/ecodef-ihedn.fr\/#\/schema\/person\/1cdf22d028cebe278126a6e07a884d30"},"headline":"Autonomie strat\u00e9gique : Comment appr\u00e9hender la dimension technologique ?","datePublished":"2020-07-09T14:26:55+00:00","dateModified":"2020-07-10T14:03:36+00:00","mainEntityOfPage":{"@id":"https:\/\/ecodef-ihedn.fr\/autonomie-strategique-comment-apprehender-la-dimension-technologique\/"},"wordCount":1477,"commentCount":0,"publisher":{"@id":"https:\/\/ecodef-ihedn.fr\/#organization"},"image":{"@id":"https:\/\/ecodef-ihedn.fr\/autonomie-strategique-comment-apprehender-la-dimension-technologique\/#primaryimage"},"thumbnailUrl":"https:\/\/ecodef-ihedn.fr\/wp-content\/uploads\/2020\/02\/saf2016_0203747-1-1024x682-1.jpg","keywords":["autonomie strat\u00e9gique","Fran\u00e7ois-Xavier Meunier","innovation","Technologies de souverainet\u00e9"],"articleSection":["Publications","Th\u00e9matique 3 : R&amp;D et innovation dans le domaine de la d\u00e9fense"],"inLanguage":"en-GB","potentialAction":[{"@type":"CommentAction","name":"Comment","target":["https:\/\/ecodef-ihedn.fr\/autonomie-strategique-comment-apprehender-la-dimension-technologique\/#respond"]}]},{"@type":"WebPage","@id":"https:\/\/ecodef-ihedn.fr\/autonomie-strategique-comment-apprehender-la-dimension-technologique\/","url":"https:\/\/ecodef-ihedn.fr\/autonomie-strategique-comment-apprehender-la-dimension-technologique\/","name":"Autonomie strat\u00e9gique : Comment appr\u00e9hender la dimension technologique ? - Chaire \u00c9conomie de d\u00e9fense - IHEDN","isPartOf":{"@id":"https:\/\/ecodef-ihedn.fr\/#website"},"primaryImageOfPage":{"@id":"https:\/\/ecodef-ihedn.fr\/autonomie-strategique-comment-apprehender-la-dimension-technologique\/#primaryimage"},"image":{"@id":"https:\/\/ecodef-ihedn.fr\/autonomie-strategique-comment-apprehender-la-dimension-technologique\/#primaryimage"},"thumbnailUrl":"https:\/\/ecodef-ihedn.fr\/wp-content\/uploads\/2020\/02\/saf2016_0203747-1-1024x682-1.jpg","datePublished":"2020-07-09T14:26:55+00:00","dateModified":"2020-07-10T14:03:36+00:00","breadcrumb":{"@id":"https:\/\/ecodef-ihedn.fr\/autonomie-strategique-comment-apprehender-la-dimension-technologique\/#breadcrumb"},"inLanguage":"en-GB","potentialAction":[{"@type":"ReadAction","target":["https:\/\/ecodef-ihedn.fr\/autonomie-strategique-comment-apprehender-la-dimension-technologique\/"]}]},{"@type":"ImageObject","inLanguage":"en-GB","@id":"https:\/\/ecodef-ihedn.fr\/autonomie-strategique-comment-apprehender-la-dimension-technologique\/#primaryimage","url":"https:\/\/ecodef-ihedn.fr\/wp-content\/uploads\/2020\/02\/saf2016_0203747-1-1024x682-1.jpg","contentUrl":"https:\/\/ecodef-ihedn.fr\/wp-content\/uploads\/2020\/02\/saf2016_0203747-1-1024x682-1.jpg","width":1024,"height":682},{"@type":"BreadcrumbList","@id":"https:\/\/ecodef-ihedn.fr\/autonomie-strategique-comment-apprehender-la-dimension-technologique\/#breadcrumb","itemListElement":[{"@type":"ListItem","position":1,"name":"Accueil","item":"https:\/\/ecodef-ihedn.fr\/"},{"@type":"ListItem","position":2,"name":"Autonomie strat\u00e9gique : Comment appr\u00e9hender la dimension technologique ?"}]},{"@type":"WebSite","@id":"https:\/\/ecodef-ihedn.fr\/#website","url":"https:\/\/ecodef-ihedn.fr\/","name":"Chair in Defence Economics - IHEDN","description":"Produce &amp; support, federate &amp; disseminate, act as an interface","publisher":{"@id":"https:\/\/ecodef-ihedn.fr\/#organization"},"potentialAction":[{"@type":"SearchAction","target":{"@type":"EntryPoint","urlTemplate":"https:\/\/ecodef-ihedn.fr\/?s={search_term_string}"},"query-input":{"@type":"PropertyValueSpecification","valueRequired":true,"valueName":"search_term_string"}}],"inLanguage":"en-GB"},{"@type":"Organization","@id":"https:\/\/ecodef-ihedn.fr\/#organization","name":"Chair in Defence Economics - IHEDN","url":"https:\/\/ecodef-ihedn.fr\/","logo":{"@type":"ImageObject","inLanguage":"en-GB","@id":"https:\/\/ecodef-ihedn.fr\/#\/schema\/logo\/image\/","url":"https:\/\/ecodef-ihedn.fr\/wp-content\/uploads\/2020\/04\/logoEcodef9.jpg","contentUrl":"https:\/\/ecodef-ihedn.fr\/wp-content\/uploads\/2020\/04\/logoEcodef9.jpg","width":410,"height":212,"caption":"Chaire \u00c9conomie de d\u00e9fense - IHEDN"},"image":{"@id":"https:\/\/ecodef-ihedn.fr\/#\/schema\/logo\/image\/"},"sameAs":["https:\/\/x.com\/Chaire_Ecodef","https:\/\/www.linkedin.com\/company\/chaire-ecodef-ihedn\/"]},{"@type":"Person","@id":"https:\/\/ecodef-ihedn.fr\/#\/schema\/person\/1cdf22d028cebe278126a6e07a884d30","name":"Bertrand Demandre","image":{"@type":"ImageObject","inLanguage":"en-GB","@id":"https:\/\/secure.gravatar.com\/avatar\/d9c9746d6c900ab5b9c0f9b1fa3932e369da923da247d624b8f7ab4ba8a3c093?s=96&d=mm&r=g","url":"https:\/\/secure.gravatar.com\/avatar\/d9c9746d6c900ab5b9c0f9b1fa3932e369da923da247d624b8f7ab4ba8a3c093?s=96&d=mm&r=g","contentUrl":"https:\/\/secure.gravatar.com\/avatar\/d9c9746d6c900ab5b9c0f9b1fa3932e369da923da247d624b8f7ab4ba8a3c093?s=96&d=mm&r=g","caption":"Bertrand Demandre"},"url":"https:\/\/ecodef-ihedn.fr\/en\/author\/bertrand\/"}]}},"_links":{"self":[{"href":"https:\/\/ecodef-ihedn.fr\/en\/wp-json\/wp\/v2\/posts\/2001","targetHints":{"allow":["GET"]}}],"collection":[{"href":"https:\/\/ecodef-ihedn.fr\/en\/wp-json\/wp\/v2\/posts"}],"about":[{"href":"https:\/\/ecodef-ihedn.fr\/en\/wp-json\/wp\/v2\/types\/post"}],"author":[{"embeddable":true,"href":"https:\/\/ecodef-ihedn.fr\/en\/wp-json\/wp\/v2\/users\/2"}],"replies":[{"embeddable":true,"href":"https:\/\/ecodef-ihedn.fr\/en\/wp-json\/wp\/v2\/comments?post=2001"}],"version-history":[{"count":5,"href":"https:\/\/ecodef-ihedn.fr\/en\/wp-json\/wp\/v2\/posts\/2001\/revisions"}],"predecessor-version":[{"id":2025,"href":"https:\/\/ecodef-ihedn.fr\/en\/wp-json\/wp\/v2\/posts\/2001\/revisions\/2025"}],"wp:featuredmedia":[{"embeddable":true,"href":"https:\/\/ecodef-ihedn.fr\/en\/wp-json\/wp\/v2\/media\/634"}],"wp:attachment":[{"href":"https:\/\/ecodef-ihedn.fr\/en\/wp-json\/wp\/v2\/media?parent=2001"}],"wp:term":[{"taxonomy":"category","embeddable":true,"href":"https:\/\/ecodef-ihedn.fr\/en\/wp-json\/wp\/v2\/categories?post=2001"},{"taxonomy":"post_tag","embeddable":true,"href":"https:\/\/ecodef-ihedn.fr\/en\/wp-json\/wp\/v2\/tags?post=2001"}],"curies":[{"name":"wp","href":"https:\/\/api.w.org\/{rel}","templated":true}]}}