{"id":2104,"date":"2020-09-07T08:46:13","date_gmt":"2020-09-07T08:46:13","guid":{"rendered":"https:\/\/ecodef-ihedn.fr\/?p=2104"},"modified":"2020-10-01T15:01:34","modified_gmt":"2020-10-01T15:01:34","slug":"julien-malizard-dans-signal-sur-bruit-nouveau-podcast-du-cdem-french-perspectives-1-leconomie-de-defense-en-france","status":"publish","type":"post","link":"https:\/\/ecodef-ihedn.fr\/en\/julien-malizard-dans-signal-sur-bruit-nouveau-podcast-du-cdem-french-perspectives-1-leconomie-de-defense-en-france\/","title":{"rendered":"Julien Malizard in \u00abSignal sur Bruit\u00bb, CDEM's new podcast: \u00abFrench perspectives 1: the defence economy in France\u00bb.\u00bb"},"content":{"rendered":"<div class=\"wp-block-image\"><figure class=\"aligncenter size-medium\"><img loading=\"lazy\" decoding=\"async\" width=\"300\" height=\"300\" src=\"https:\/\/ecodef-ihedn.fr\/wp-content\/uploads\/2020\/09\/20200903_Ilustration_Podcast-300x300.png\" alt=\"\" class=\"wp-image-2105\"\/><\/figure><\/div>\n\n\n\n<p>Watch the speech by Julien Malizard, Deputy Chair of Defence Economics - IHEDN, at the launch of <a href=\"https:\/\/audioblog.arteradio.com\/blog\/153024\/signal-sur-bruit\" target=\"_blank\" rel=\"noreferrer noopener\">Signal to Noise<\/a><a href=\"https:\/\/www.dems.defense.gouv.fr\/cdem\/\" target=\"_blank\" rel=\"noreferrer noopener\"> <\/a>podcast from <a href=\"https:\/\/www.dems.defense.gouv.fr\/cdem\/\" target=\"_blank\" rel=\"noreferrer noopener\">Military School Documentation Centre (CDEM)<\/a>. <\/p>\n\n\n\n<p>Presented by Ana\u00efs Meunier, this first episode looks at <a href=\"https:\/\/ecodef-ihedn.fr\/en\/retour-sur-la-table-ronde-organisee-avec-le-cdem-le-23-janvier-2020\/\" target=\"_blank\" rel=\"noreferrer noopener\">the conference on 23 January 2020<\/a>, dedicated to the presentation of <a href=\"https:\/\/ecodef-ihedn.fr\/en\/numero-special-de-defence-and-peace-economics-coordonne-par-julien-malizard\/\" target=\"_blank\" rel=\"noreferrer noopener\">special issue of <em>Defence and Peace Economics<\/em><\/a> coordinated by Julien Malizard.<\/p>\n\n\n\n<p class=\"has-text-align-center\"> &gt;&gt; <strong><a href=\"https:\/\/audioblog.arteradio.com\/blog\/153024\/podcast\/153031\/french-perspectives-i-l-economie-de-defense-en-france\" target=\"_blank\" rel=\"noreferrer noopener\">Listen to the podcast<\/a> <\/strong>&lt;&lt;<\/p>","protected":false},"excerpt":{"rendered":"<p>Retrouvez l&rsquo;intervention de Julien Malizard, titulaire adjoint de la Chaire \u00c9conomie de D\u00e9fense &#8211; IHEDN, \u00e0 l&rsquo;occasion du lancement de Signal sur Bruit podcast du Centre de documentation de l&rsquo;\u00c9cole militaire (CDEM). Pr\u00e9sent\u00e9 par Ana\u00efs Meunier, ce premier \u00e9pisode revient sur la conf\u00e9rence du 23 janvier 2020, consacr\u00e9e \u00e0 la pr\u00e9sentation du num\u00e9ro sp\u00e9cial de [&hellip;]<\/p>\n","protected":false},"author":2,"featured_media":2105,"comment_status":"open","ping_status":"open","sticky":false,"template":"","format":"standard","meta":{"footnotes":""},"categories":[358],"tags":[337,116,366,86,361],"class_list":{"0":"post-2104","1":"post","2":"type-post","3":"status-publish","4":"format-standard","5":"has-post-thumbnail","7":"category-medias","8":"tag-cdem","9":"tag-economie-de-la-defense","10":"tag-france","11":"tag-julien-malizard","12":"tag-podcast"},"yoast_head":"<!-- This site is optimized with the Yoast SEO plugin v27.4 - https:\/\/yoast.com\/product\/yoast-seo-wordpress\/ -->\n<title>Julien Malizard dans &quot;Signal sur Bruit&quot;, nouveau podcast du CDEM : &quot;French perspectives 1 : l&#039;\u00e9conomie de d\u00e9fense en France&quot; - Chaire \u00c9conomie de d\u00e9fense - IHEDN<\/title>\n<meta name=\"robots\" content=\"index, follow, max-snippet:-1, max-image-preview:large, max-video-preview:-1\" \/>\n<link rel=\"canonical\" href=\"https:\/\/ecodef-ihedn.fr\/en\/julien-malizard-dans-signal-sur-bruit-nouveau-podcast-du-cdem-french-perspectives-1-leconomie-de-defense-en-france\/\" \/>\n<meta property=\"og:locale\" content=\"en_GB\" \/>\n<meta property=\"og:type\" content=\"article\" \/>\n<meta property=\"og:title\" content=\"Julien Malizard dans &quot;Signal sur Bruit&quot;, nouveau podcast du CDEM : &quot;French perspectives 1 : l&#039;\u00e9conomie de d\u00e9fense en France&quot; - Chaire \u00c9conomie de d\u00e9fense - IHEDN\" \/>\n<meta property=\"og:description\" content=\"Retrouvez l&rsquo;intervention de Julien Malizard, titulaire adjoint de la Chaire \u00c9conomie de D\u00e9fense &#8211; IHEDN, \u00e0 l&rsquo;occasion du lancement de Signal sur Bruit podcast du Centre de documentation de l&rsquo;\u00c9cole militaire (CDEM). Pr\u00e9sent\u00e9 par Ana\u00efs Meunier, ce premier \u00e9pisode revient sur la conf\u00e9rence du 23 janvier 2020, consacr\u00e9e \u00e0 la pr\u00e9sentation du num\u00e9ro sp\u00e9cial de [&hellip;]\" \/>\n<meta property=\"og:url\" content=\"https:\/\/ecodef-ihedn.fr\/en\/julien-malizard-dans-signal-sur-bruit-nouveau-podcast-du-cdem-french-perspectives-1-leconomie-de-defense-en-france\/\" \/>\n<meta property=\"og:site_name\" content=\"Chaire \u00c9conomie de d\u00e9fense - IHEDN\" \/>\n<meta property=\"article:published_time\" content=\"2020-09-07T08:46:13+00:00\" \/>\n<meta property=\"article:modified_time\" content=\"2020-10-01T15:01:34+00:00\" \/>\n<meta property=\"og:image\" content=\"https:\/\/ecodef-ihedn.fr\/wp-content\/uploads\/2020\/09\/20200903_Ilustration_Podcast-e1601564318274.png\" \/>\n\t<meta property=\"og:image:width\" content=\"300\" \/>\n\t<meta property=\"og:image:height\" content=\"300\" \/>\n\t<meta property=\"og:image:type\" content=\"image\/png\" \/>\n<meta name=\"author\" content=\"Bertrand Demandre\" \/>\n<meta name=\"twitter:card\" content=\"summary_large_image\" \/>\n<meta name=\"twitter:creator\" content=\"@Chaire_Ecodef\" \/>\n<meta name=\"twitter:site\" content=\"@Chaire_Ecodef\" \/>\n<meta name=\"twitter:label1\" content=\"Written by\" \/>\n\t<meta name=\"twitter:data1\" content=\"Bertrand Demandre\" \/>\n<script type=\"application\/ld+json\" class=\"yoast-schema-graph\">{\"@context\":\"https:\\\/\\\/schema.org\",\"@graph\":[{\"@type\":\"Article\",\"@id\":\"https:\\\/\\\/ecodef-ihedn.fr\\\/julien-malizard-dans-signal-sur-bruit-nouveau-podcast-du-cdem-french-perspectives-1-leconomie-de-defense-en-france\\\/#article\",\"isPartOf\":{\"@id\":\"https:\\\/\\\/ecodef-ihedn.fr\\\/julien-malizard-dans-signal-sur-bruit-nouveau-podcast-du-cdem-french-perspectives-1-leconomie-de-defense-en-france\\\/\"},\"author\":{\"name\":\"Bertrand Demandre\",\"@id\":\"https:\\\/\\\/ecodef-ihedn.fr\\\/#\\\/schema\\\/person\\\/1cdf22d028cebe278126a6e07a884d30\"},\"headline\":\"Julien Malizard dans \u00ab\u00a0Signal sur Bruit\u00a0\u00bb, nouveau podcast du CDEM : \u00ab\u00a0French perspectives 1 : l&rsquo;\u00e9conomie de d\u00e9fense en France\u00a0\u00bb\",\"datePublished\":\"2020-09-07T08:46:13+00:00\",\"dateModified\":\"2020-10-01T15:01:34+00:00\",\"mainEntityOfPage\":{\"@id\":\"https:\\\/\\\/ecodef-ihedn.fr\\\/julien-malizard-dans-signal-sur-bruit-nouveau-podcast-du-cdem-french-perspectives-1-leconomie-de-defense-en-france\\\/\"},\"wordCount\":98,\"commentCount\":0,\"publisher\":{\"@id\":\"https:\\\/\\\/ecodef-ihedn.fr\\\/#organization\"},\"image\":{\"@id\":\"https:\\\/\\\/ecodef-ihedn.fr\\\/julien-malizard-dans-signal-sur-bruit-nouveau-podcast-du-cdem-french-perspectives-1-leconomie-de-defense-en-france\\\/#primaryimage\"},\"thumbnailUrl\":\"https:\\\/\\\/ecodef-ihedn.fr\\\/wp-content\\\/uploads\\\/2020\\\/09\\\/20200903_Ilustration_Podcast-e1601564318274.png\",\"keywords\":[\"CDEM\",\"Economie de la D\u00e9fense\",\"France\",\"Julien Malizard\",\"podcast\"],\"articleSection\":[\"M\u00e9dias\"],\"inLanguage\":\"en-GB\",\"potentialAction\":[{\"@type\":\"CommentAction\",\"name\":\"Comment\",\"target\":[\"https:\\\/\\\/ecodef-ihedn.fr\\\/julien-malizard-dans-signal-sur-bruit-nouveau-podcast-du-cdem-french-perspectives-1-leconomie-de-defense-en-france\\\/#respond\"]}]},{\"@type\":\"WebPage\",\"@id\":\"https:\\\/\\\/ecodef-ihedn.fr\\\/julien-malizard-dans-signal-sur-bruit-nouveau-podcast-du-cdem-french-perspectives-1-leconomie-de-defense-en-france\\\/\",\"url\":\"https:\\\/\\\/ecodef-ihedn.fr\\\/julien-malizard-dans-signal-sur-bruit-nouveau-podcast-du-cdem-french-perspectives-1-leconomie-de-defense-en-france\\\/\",\"name\":\"Julien Malizard dans \\\"Signal sur Bruit\\\", nouveau podcast du CDEM : \\\"French perspectives 1 : l'\u00e9conomie de d\u00e9fense en France\\\" - Chaire \u00c9conomie de d\u00e9fense - IHEDN\",\"isPartOf\":{\"@id\":\"https:\\\/\\\/ecodef-ihedn.fr\\\/#website\"},\"primaryImageOfPage\":{\"@id\":\"https:\\\/\\\/ecodef-ihedn.fr\\\/julien-malizard-dans-signal-sur-bruit-nouveau-podcast-du-cdem-french-perspectives-1-leconomie-de-defense-en-france\\\/#primaryimage\"},\"image\":{\"@id\":\"https:\\\/\\\/ecodef-ihedn.fr\\\/julien-malizard-dans-signal-sur-bruit-nouveau-podcast-du-cdem-french-perspectives-1-leconomie-de-defense-en-france\\\/#primaryimage\"},\"thumbnailUrl\":\"https:\\\/\\\/ecodef-ihedn.fr\\\/wp-content\\\/uploads\\\/2020\\\/09\\\/20200903_Ilustration_Podcast-e1601564318274.png\",\"datePublished\":\"2020-09-07T08:46:13+00:00\",\"dateModified\":\"2020-10-01T15:01:34+00:00\",\"breadcrumb\":{\"@id\":\"https:\\\/\\\/ecodef-ihedn.fr\\\/julien-malizard-dans-signal-sur-bruit-nouveau-podcast-du-cdem-french-perspectives-1-leconomie-de-defense-en-france\\\/#breadcrumb\"},\"inLanguage\":\"en-GB\",\"potentialAction\":[{\"@type\":\"ReadAction\",\"target\":[\"https:\\\/\\\/ecodef-ihedn.fr\\\/julien-malizard-dans-signal-sur-bruit-nouveau-podcast-du-cdem-french-perspectives-1-leconomie-de-defense-en-france\\\/\"]}]},{\"@type\":\"ImageObject\",\"inLanguage\":\"en-GB\",\"@id\":\"https:\\\/\\\/ecodef-ihedn.fr\\\/julien-malizard-dans-signal-sur-bruit-nouveau-podcast-du-cdem-french-perspectives-1-leconomie-de-defense-en-france\\\/#primaryimage\",\"url\":\"https:\\\/\\\/ecodef-ihedn.fr\\\/wp-content\\\/uploads\\\/2020\\\/09\\\/20200903_Ilustration_Podcast-e1601564318274.png\",\"contentUrl\":\"https:\\\/\\\/ecodef-ihedn.fr\\\/wp-content\\\/uploads\\\/2020\\\/09\\\/20200903_Ilustration_Podcast-e1601564318274.png\",\"width\":300,\"height\":300},{\"@type\":\"BreadcrumbList\",\"@id\":\"https:\\\/\\\/ecodef-ihedn.fr\\\/julien-malizard-dans-signal-sur-bruit-nouveau-podcast-du-cdem-french-perspectives-1-leconomie-de-defense-en-france\\\/#breadcrumb\",\"itemListElement\":[{\"@type\":\"ListItem\",\"position\":1,\"name\":\"Accueil\",\"item\":\"https:\\\/\\\/ecodef-ihedn.fr\\\/\"},{\"@type\":\"ListItem\",\"position\":2,\"name\":\"Julien Malizard dans &#8220;Signal sur Bruit&#8221;, nouveau podcast du CDEM : &#8220;French perspectives 1 : l&#8217;\u00e9conomie de d\u00e9fense en France&#8221;\"}]},{\"@type\":\"WebSite\",\"@id\":\"https:\\\/\\\/ecodef-ihedn.fr\\\/#website\",\"url\":\"https:\\\/\\\/ecodef-ihedn.fr\\\/\",\"name\":\"Chaire \u00c9conomie de D\u00e9fense - IHEDN\",\"description\":\"Produire &amp; soutenir, f\u00e9d\u00e9rer &amp; diffuser, \u00eatre une interface\",\"publisher\":{\"@id\":\"https:\\\/\\\/ecodef-ihedn.fr\\\/#organization\"},\"potentialAction\":[{\"@type\":\"SearchAction\",\"target\":{\"@type\":\"EntryPoint\",\"urlTemplate\":\"https:\\\/\\\/ecodef-ihedn.fr\\\/?s={search_term_string}\"},\"query-input\":{\"@type\":\"PropertyValueSpecification\",\"valueRequired\":true,\"valueName\":\"search_term_string\"}}],\"inLanguage\":\"en-GB\"},{\"@type\":\"Organization\",\"@id\":\"https:\\\/\\\/ecodef-ihedn.fr\\\/#organization\",\"name\":\"Chaire \u00c9conomie de d\u00e9fense - IHEDN\",\"url\":\"https:\\\/\\\/ecodef-ihedn.fr\\\/\",\"logo\":{\"@type\":\"ImageObject\",\"inLanguage\":\"en-GB\",\"@id\":\"https:\\\/\\\/ecodef-ihedn.fr\\\/#\\\/schema\\\/logo\\\/image\\\/\",\"url\":\"https:\\\/\\\/ecodef-ihedn.fr\\\/wp-content\\\/uploads\\\/2020\\\/04\\\/logoEcodef9.jpg\",\"contentUrl\":\"https:\\\/\\\/ecodef-ihedn.fr\\\/wp-content\\\/uploads\\\/2020\\\/04\\\/logoEcodef9.jpg\",\"width\":410,\"height\":212,\"caption\":\"Chaire \u00c9conomie de d\u00e9fense - IHEDN\"},\"image\":{\"@id\":\"https:\\\/\\\/ecodef-ihedn.fr\\\/#\\\/schema\\\/logo\\\/image\\\/\"},\"sameAs\":[\"https:\\\/\\\/x.com\\\/Chaire_Ecodef\",\"https:\\\/\\\/www.linkedin.com\\\/company\\\/chaire-ecodef-ihedn\\\/\"]},{\"@type\":\"Person\",\"@id\":\"https:\\\/\\\/ecodef-ihedn.fr\\\/#\\\/schema\\\/person\\\/1cdf22d028cebe278126a6e07a884d30\",\"name\":\"Bertrand Demandre\",\"image\":{\"@type\":\"ImageObject\",\"inLanguage\":\"en-GB\",\"@id\":\"https:\\\/\\\/secure.gravatar.com\\\/avatar\\\/d9c9746d6c900ab5b9c0f9b1fa3932e369da923da247d624b8f7ab4ba8a3c093?s=96&d=mm&r=g\",\"url\":\"https:\\\/\\\/secure.gravatar.com\\\/avatar\\\/d9c9746d6c900ab5b9c0f9b1fa3932e369da923da247d624b8f7ab4ba8a3c093?s=96&d=mm&r=g\",\"contentUrl\":\"https:\\\/\\\/secure.gravatar.com\\\/avatar\\\/d9c9746d6c900ab5b9c0f9b1fa3932e369da923da247d624b8f7ab4ba8a3c093?s=96&d=mm&r=g\",\"caption\":\"Bertrand Demandre\"},\"url\":\"https:\\\/\\\/ecodef-ihedn.fr\\\/en\\\/author\\\/bertrand\\\/\"}]}<\/script>\n<!-- \/ Yoast SEO plugin. -->","yoast_head_json":{"title":"Julien Malizard dans \"Signal sur Bruit\", nouveau podcast du CDEM : \"French perspectives 1 : l'\u00e9conomie de d\u00e9fense en France\" - Chaire \u00c9conomie de d\u00e9fense - IHEDN","robots":{"index":"index","follow":"follow","max-snippet":"max-snippet:-1","max-image-preview":"max-image-preview:large","max-video-preview":"max-video-preview:-1"},"canonical":"https:\/\/ecodef-ihedn.fr\/en\/julien-malizard-dans-signal-sur-bruit-nouveau-podcast-du-cdem-french-perspectives-1-leconomie-de-defense-en-france\/","og_locale":"en_GB","og_type":"article","og_title":"Julien Malizard dans \"Signal sur Bruit\", nouveau podcast du CDEM : \"French perspectives 1 : l'\u00e9conomie de d\u00e9fense en France\" - Chaire \u00c9conomie de d\u00e9fense - IHEDN","og_description":"Retrouvez l&rsquo;intervention de Julien Malizard, titulaire adjoint de la Chaire \u00c9conomie de D\u00e9fense &#8211; IHEDN, \u00e0 l&rsquo;occasion du lancement de Signal sur Bruit podcast du Centre de documentation de l&rsquo;\u00c9cole militaire (CDEM). Pr\u00e9sent\u00e9 par Ana\u00efs Meunier, ce premier \u00e9pisode revient sur la conf\u00e9rence du 23 janvier 2020, consacr\u00e9e \u00e0 la pr\u00e9sentation du num\u00e9ro sp\u00e9cial de [&hellip;]","og_url":"https:\/\/ecodef-ihedn.fr\/en\/julien-malizard-dans-signal-sur-bruit-nouveau-podcast-du-cdem-french-perspectives-1-leconomie-de-defense-en-france\/","og_site_name":"Chaire \u00c9conomie de d\u00e9fense - IHEDN","article_published_time":"2020-09-07T08:46:13+00:00","article_modified_time":"2020-10-01T15:01:34+00:00","og_image":[{"width":300,"height":300,"url":"https:\/\/ecodef-ihedn.fr\/wp-content\/uploads\/2020\/09\/20200903_Ilustration_Podcast-e1601564318274.png","type":"image\/png"}],"author":"Bertrand Demandre","twitter_card":"summary_large_image","twitter_creator":"@Chaire_Ecodef","twitter_site":"@Chaire_Ecodef","twitter_misc":{"Written by":"Bertrand Demandre"},"schema":{"@context":"https:\/\/schema.org","@graph":[{"@type":"Article","@id":"https:\/\/ecodef-ihedn.fr\/julien-malizard-dans-signal-sur-bruit-nouveau-podcast-du-cdem-french-perspectives-1-leconomie-de-defense-en-france\/#article","isPartOf":{"@id":"https:\/\/ecodef-ihedn.fr\/julien-malizard-dans-signal-sur-bruit-nouveau-podcast-du-cdem-french-perspectives-1-leconomie-de-defense-en-france\/"},"author":{"name":"Bertrand Demandre","@id":"https:\/\/ecodef-ihedn.fr\/#\/schema\/person\/1cdf22d028cebe278126a6e07a884d30"},"headline":"Julien Malizard dans \u00ab\u00a0Signal sur Bruit\u00a0\u00bb, nouveau podcast du CDEM : \u00ab\u00a0French perspectives 1 : l&rsquo;\u00e9conomie de d\u00e9fense en France\u00a0\u00bb","datePublished":"2020-09-07T08:46:13+00:00","dateModified":"2020-10-01T15:01:34+00:00","mainEntityOfPage":{"@id":"https:\/\/ecodef-ihedn.fr\/julien-malizard-dans-signal-sur-bruit-nouveau-podcast-du-cdem-french-perspectives-1-leconomie-de-defense-en-france\/"},"wordCount":98,"commentCount":0,"publisher":{"@id":"https:\/\/ecodef-ihedn.fr\/#organization"},"image":{"@id":"https:\/\/ecodef-ihedn.fr\/julien-malizard-dans-signal-sur-bruit-nouveau-podcast-du-cdem-french-perspectives-1-leconomie-de-defense-en-france\/#primaryimage"},"thumbnailUrl":"https:\/\/ecodef-ihedn.fr\/wp-content\/uploads\/2020\/09\/20200903_Ilustration_Podcast-e1601564318274.png","keywords":["CDEM","Economie de la D\u00e9fense","France","Julien Malizard","podcast"],"articleSection":["M\u00e9dias"],"inLanguage":"en-GB","potentialAction":[{"@type":"CommentAction","name":"Comment","target":["https:\/\/ecodef-ihedn.fr\/julien-malizard-dans-signal-sur-bruit-nouveau-podcast-du-cdem-french-perspectives-1-leconomie-de-defense-en-france\/#respond"]}]},{"@type":"WebPage","@id":"https:\/\/ecodef-ihedn.fr\/julien-malizard-dans-signal-sur-bruit-nouveau-podcast-du-cdem-french-perspectives-1-leconomie-de-defense-en-france\/","url":"https:\/\/ecodef-ihedn.fr\/julien-malizard-dans-signal-sur-bruit-nouveau-podcast-du-cdem-french-perspectives-1-leconomie-de-defense-en-france\/","name":"Julien Malizard dans \"Signal sur Bruit\", nouveau podcast du CDEM : \"French perspectives 1 : l'\u00e9conomie de d\u00e9fense en France\" - Chaire \u00c9conomie de d\u00e9fense - IHEDN","isPartOf":{"@id":"https:\/\/ecodef-ihedn.fr\/#website"},"primaryImageOfPage":{"@id":"https:\/\/ecodef-ihedn.fr\/julien-malizard-dans-signal-sur-bruit-nouveau-podcast-du-cdem-french-perspectives-1-leconomie-de-defense-en-france\/#primaryimage"},"image":{"@id":"https:\/\/ecodef-ihedn.fr\/julien-malizard-dans-signal-sur-bruit-nouveau-podcast-du-cdem-french-perspectives-1-leconomie-de-defense-en-france\/#primaryimage"},"thumbnailUrl":"https:\/\/ecodef-ihedn.fr\/wp-content\/uploads\/2020\/09\/20200903_Ilustration_Podcast-e1601564318274.png","datePublished":"2020-09-07T08:46:13+00:00","dateModified":"2020-10-01T15:01:34+00:00","breadcrumb":{"@id":"https:\/\/ecodef-ihedn.fr\/julien-malizard-dans-signal-sur-bruit-nouveau-podcast-du-cdem-french-perspectives-1-leconomie-de-defense-en-france\/#breadcrumb"},"inLanguage":"en-GB","potentialAction":[{"@type":"ReadAction","target":["https:\/\/ecodef-ihedn.fr\/julien-malizard-dans-signal-sur-bruit-nouveau-podcast-du-cdem-french-perspectives-1-leconomie-de-defense-en-france\/"]}]},{"@type":"ImageObject","inLanguage":"en-GB","@id":"https:\/\/ecodef-ihedn.fr\/julien-malizard-dans-signal-sur-bruit-nouveau-podcast-du-cdem-french-perspectives-1-leconomie-de-defense-en-france\/#primaryimage","url":"https:\/\/ecodef-ihedn.fr\/wp-content\/uploads\/2020\/09\/20200903_Ilustration_Podcast-e1601564318274.png","contentUrl":"https:\/\/ecodef-ihedn.fr\/wp-content\/uploads\/2020\/09\/20200903_Ilustration_Podcast-e1601564318274.png","width":300,"height":300},{"@type":"BreadcrumbList","@id":"https:\/\/ecodef-ihedn.fr\/julien-malizard-dans-signal-sur-bruit-nouveau-podcast-du-cdem-french-perspectives-1-leconomie-de-defense-en-france\/#breadcrumb","itemListElement":[{"@type":"ListItem","position":1,"name":"Accueil","item":"https:\/\/ecodef-ihedn.fr\/"},{"@type":"ListItem","position":2,"name":"Julien Malizard dans &#8220;Signal sur Bruit&#8221;, nouveau podcast du CDEM : &#8220;French perspectives 1 : l&#8217;\u00e9conomie de d\u00e9fense en France&#8221;"}]},{"@type":"WebSite","@id":"https:\/\/ecodef-ihedn.fr\/#website","url":"https:\/\/ecodef-ihedn.fr\/","name":"Chair in Defence Economics - IHEDN","description":"Produce &amp; support, federate &amp; disseminate, act as an interface","publisher":{"@id":"https:\/\/ecodef-ihedn.fr\/#organization"},"potentialAction":[{"@type":"SearchAction","target":{"@type":"EntryPoint","urlTemplate":"https:\/\/ecodef-ihedn.fr\/?s={search_term_string}"},"query-input":{"@type":"PropertyValueSpecification","valueRequired":true,"valueName":"search_term_string"}}],"inLanguage":"en-GB"},{"@type":"Organization","@id":"https:\/\/ecodef-ihedn.fr\/#organization","name":"Chair in Defence Economics - IHEDN","url":"https:\/\/ecodef-ihedn.fr\/","logo":{"@type":"ImageObject","inLanguage":"en-GB","@id":"https:\/\/ecodef-ihedn.fr\/#\/schema\/logo\/image\/","url":"https:\/\/ecodef-ihedn.fr\/wp-content\/uploads\/2020\/04\/logoEcodef9.jpg","contentUrl":"https:\/\/ecodef-ihedn.fr\/wp-content\/uploads\/2020\/04\/logoEcodef9.jpg","width":410,"height":212,"caption":"Chaire \u00c9conomie de d\u00e9fense - IHEDN"},"image":{"@id":"https:\/\/ecodef-ihedn.fr\/#\/schema\/logo\/image\/"},"sameAs":["https:\/\/x.com\/Chaire_Ecodef","https:\/\/www.linkedin.com\/company\/chaire-ecodef-ihedn\/"]},{"@type":"Person","@id":"https:\/\/ecodef-ihedn.fr\/#\/schema\/person\/1cdf22d028cebe278126a6e07a884d30","name":"Bertrand Demandre","image":{"@type":"ImageObject","inLanguage":"en-GB","@id":"https:\/\/secure.gravatar.com\/avatar\/d9c9746d6c900ab5b9c0f9b1fa3932e369da923da247d624b8f7ab4ba8a3c093?s=96&d=mm&r=g","url":"https:\/\/secure.gravatar.com\/avatar\/d9c9746d6c900ab5b9c0f9b1fa3932e369da923da247d624b8f7ab4ba8a3c093?s=96&d=mm&r=g","contentUrl":"https:\/\/secure.gravatar.com\/avatar\/d9c9746d6c900ab5b9c0f9b1fa3932e369da923da247d624b8f7ab4ba8a3c093?s=96&d=mm&r=g","caption":"Bertrand Demandre"},"url":"https:\/\/ecodef-ihedn.fr\/en\/author\/bertrand\/"}]}},"_links":{"self":[{"href":"https:\/\/ecodef-ihedn.fr\/en\/wp-json\/wp\/v2\/posts\/2104","targetHints":{"allow":["GET"]}}],"collection":[{"href":"https:\/\/ecodef-ihedn.fr\/en\/wp-json\/wp\/v2\/posts"}],"about":[{"href":"https:\/\/ecodef-ihedn.fr\/en\/wp-json\/wp\/v2\/types\/post"}],"author":[{"embeddable":true,"href":"https:\/\/ecodef-ihedn.fr\/en\/wp-json\/wp\/v2\/users\/2"}],"replies":[{"embeddable":true,"href":"https:\/\/ecodef-ihedn.fr\/en\/wp-json\/wp\/v2\/comments?post=2104"}],"version-history":[{"count":5,"href":"https:\/\/ecodef-ihedn.fr\/en\/wp-json\/wp\/v2\/posts\/2104\/revisions"}],"predecessor-version":[{"id":2298,"href":"https:\/\/ecodef-ihedn.fr\/en\/wp-json\/wp\/v2\/posts\/2104\/revisions\/2298"}],"wp:featuredmedia":[{"embeddable":true,"href":"https:\/\/ecodef-ihedn.fr\/en\/wp-json\/wp\/v2\/media\/2105"}],"wp:attachment":[{"href":"https:\/\/ecodef-ihedn.fr\/en\/wp-json\/wp\/v2\/media?parent=2104"}],"wp:term":[{"taxonomy":"category","embeddable":true,"href":"https:\/\/ecodef-ihedn.fr\/en\/wp-json\/wp\/v2\/categories?post=2104"},{"taxonomy":"post_tag","embeddable":true,"href":"https:\/\/ecodef-ihedn.fr\/en\/wp-json\/wp\/v2\/tags?post=2104"}],"curies":[{"name":"wp","href":"https:\/\/api.w.org\/{rel}","templated":true}]}}