{"id":2175,"date":"2020-09-24T09:48:46","date_gmt":"2020-09-24T09:48:46","guid":{"rendered":"https:\/\/ecodef-ihedn.fr\/?p=2175"},"modified":"2021-01-08T09:08:12","modified_gmt":"2021-01-08T09:08:12","slug":"les-cooperations-de-defense-en-europe-vers-plus-defficacite","status":"publish","type":"post","link":"https:\/\/ecodef-ihedn.fr\/en\/les-cooperations-de-defense-en-europe-vers-plus-defficacite\/","title":{"rendered":"Defence cooperation in Europe: towards greater efficiency?"},"content":{"rendered":"\n<div class=\"wp-block-image\"><figure class=\"aligncenter size-large\"><img loading=\"lazy\" decoding=\"async\" width=\"1024\" height=\"654\" src=\"https:\/\/ecodef-ihedn.fr\/wp-content\/uploads\/2020\/09\/20180716PHT08009-cl-1024x654.jpg\" alt=\"\" class=\"wp-image-2191\" srcset=\"https:\/\/ecodef-ihedn.fr\/wp-content\/uploads\/2020\/09\/20180716PHT08009-cl-1024x654.jpg 1024w, https:\/\/ecodef-ihedn.fr\/wp-content\/uploads\/2020\/09\/20180716PHT08009-cl-300x192.jpg 300w, https:\/\/ecodef-ihedn.fr\/wp-content\/uploads\/2020\/09\/20180716PHT08009-cl-768x490.jpg 768w, https:\/\/ecodef-ihedn.fr\/wp-content\/uploads\/2020\/09\/20180716PHT08009-cl-696x444.jpg 696w, https:\/\/ecodef-ihedn.fr\/wp-content\/uploads\/2020\/09\/20180716PHT08009-cl-1068x682.jpg 1068w, https:\/\/ecodef-ihedn.fr\/wp-content\/uploads\/2020\/09\/20180716PHT08009-cl-658x420.jpg 658w, https:\/\/ecodef-ihedn.fr\/wp-content\/uploads\/2020\/09\/20180716PHT08009-cl.jpg 1156w\" sizes=\"auto, (max-width: 1024px) 100vw, 1024px\" \/><figcaption>Cr\u00e9dit : Union europ\u00e9enne<\/figcaption><\/figure><\/div>\n\n\n\n<p>Par <a href=\"https:\/\/ecodef-ihedn.fr\/equipe\/\" target=\"_blank\" rel=\"noreferrer noopener\"><strong>Friederike Richter<\/strong>, chercheuse \u00e0 la Chaire<\/a><\/p>\n\n\n\n<p><strong>La diversification des coop\u00e9rations de d\u00e9fense depuis 1991<\/strong><\/p>\n\n\n\n<p class=\"has-text-align-left\">Depuis la fin de la Guerre froide, de plus en plus d\u2019accords de coop\u00e9ration de d\u00e9fense en Europe apparaissent en dehors du cadre multilat\u00e9ral. Ces partenariats prennent des formes vari\u00e9es. Ils peuvent \u00eatre temporaires ou permanents, institutionnalis\u00e9s ou non, men\u00e9s \u00e0 deux ou en petit groupe. Dans la litt\u00e9rature, diff\u00e9rents termes sont par ailleurs utilis\u00e9s pour les d\u00e9signer&nbsp;: on parle d\u2019accords, d\u2019amiti\u00e9s, de couples, d\u2019ententes, de partenariats (strat\u00e9giques), de relations privil\u00e9gi\u00e9es, etc. L\u2019emploi de ces termes refl\u00e8te souvent les conditions diplomatiques dans lesquelles ces accords ont vu le jour ainsi qu\u2019une terminologie typique de l\u2019\u00e9poque <sup><a href=\"#_ftn1\"><\/a>[1]<\/sup>. La diversification des modes de coop\u00e9ration observ\u00e9e en Europe depuis 1991 s\u2019explique en partie par les diff\u00e9rents objectifs que ces partenariats essaient d\u2019atteindre&nbsp;: s\u2019il s\u2019agit de gagner en l\u00e9gitimit\u00e9, le processus de coop\u00e9ration doit \u00eatre ouvert \u00e0 un grand nombre de partenaires europ\u00e9ens et conforme aux normes internationales&nbsp;; <strong>s\u2019il s\u2019agit de gagner en efficacit\u00e9, l\u2019attention est mise sur la r\u00e9alisation des objectifs fix\u00e9s par le groupe restreint des coop\u00e9rants<\/strong>.<\/p>\n\n\n\n<p>Dans la litt\u00e9rature, notamment en sciences sociales, il existe un int\u00e9r\u00eat r\u00e9cent pour l\u2019articulation de ces diff\u00e9rents types et formats de coop\u00e9ration. <strong>Camille Morel et Friederike Richter proposent ainsi une typologie des coop\u00e9rations de d\u00e9fense au XXI<sup>e<\/sup> si\u00e8cle<\/strong>, classant les accords en fonction de leur niveau de coop\u00e9ration (bi-, mini- ou&nbsp;multilat\u00e9ral), de leurs objectifs (particulier ou g\u00e9n\u00e9ral), de leur dur\u00e9e (temporaire ou permanent), de leur domaine (fonctionnement ou investissement) et de leur cadre (institutionnalis\u00e9 ou non) <sup>[2]<\/sup>. Elles montrent les nuances qui existent entre ces diff\u00e9rents mod\u00e8les de coop\u00e9ration et insistent sur le fait qu\u2019un \u00c9tat n\u2019optera pas pour un seul format de mani\u00e8re ferme et d\u00e9finitive, mais articulera au contraire ces diff\u00e9rents types de coop\u00e9ration en fonction de ses int\u00e9r\u00eats sur la sc\u00e8ne internationale. Un argument similaire est avanc\u00e9 par Samuel B. H. Faure qui examine la politique fran\u00e7aise d\u2019armement. <strong>La France mobilise en effet \u00ab&nbsp;diff\u00e9rents types de coop\u00e9ration internationale pour r\u00e9pondre \u00e0 un probl\u00e8me public&nbsp;\u00bb <sup>[3]<\/sup>, une approche qu\u2019il nomme \u00ab&nbsp;flexilat\u00e9ralisme&nbsp;\u00bb et qui vise avant tout \u00e0 gagner en efficacit\u00e9 en utilisant, de mani\u00e8re simultan\u00e9e, diff\u00e9rents modes de coop\u00e9ration<\/strong>.<\/p>\n\n\n\n<p><strong>Diff\u00e9rents types de coop\u00e9ration, diff\u00e9rents b\u00e9n\u00e9fices<\/strong><\/p>\n\n\n\n<p>Chaque type de coop\u00e9ration a ses propres co\u00fbts et b\u00e9n\u00e9fices. Les avantages et d\u00e9savantages des diff\u00e9rents formats de coop\u00e9ration sont relativement bien connus, notamment en ce qui concerne les coop\u00e9rations bilat\u00e9rales et multilat\u00e9rales qui ont \u00e9t\u00e9 les deux modes de coop\u00e9ration privil\u00e9gi\u00e9s au XXe si\u00e8cle.<\/p>\n\n\n\n<p>Le multilat\u00e9ralisme, dans son acceptation actuelle, remonte au milieu du XIXe si\u00e8cle et s\u2019est principalement d\u00e9velopp\u00e9 pendant l\u2019entre-deux-guerres, avec une prolif\u00e9ration d\u2019organisations internationales depuis 1945. Il s\u2019agit d\u2019un processus de coop\u00e9ration entre plus de deux \u00c9tats, impliquant une certaine forme d\u2019institutionnalisation. Gr\u00e2ce \u00e0 ses principes sous-jacents \u2013 non-discrimination, indivisibilit\u00e9 et r\u00e9ciprocit\u00e9 <sup>[4]<\/sup> \u2013 le multilat\u00e9ralisme est consid\u00e9r\u00e9 comme un mode de coop\u00e9ration adapt\u00e9 \u00e0 la gestion de certains d\u00e9fis s\u00e9curitaires communs, tout en ayant le soutien de la communaut\u00e9 internationale. Plusieurs avantages \u2013 de nature diff\u00e9rente \u2013 ont ainsi \u00e9t\u00e9 identifi\u00e9s dans la litt\u00e9rature&nbsp;: des avantages politiques, car le multilat\u00e9ralisme permet entre autres de l\u00e9gitimer une action militaire&nbsp;; strat\u00e9gique, puisque la coop\u00e9ration \u00e0 l\u2019\u00e9chelle internationale est susceptible d\u2019augmenter le niveau de s\u00e9curit\u00e9 au niveau mondial&nbsp;; op\u00e9rationnels, parce que le multilat\u00e9ralisme a vocation \u00e0 renforcer l\u2019interop\u00e9rabilit\u00e9 des forces arm\u00e9es et de leurs \u00e9quipements&nbsp;dans le moyen et long terme ; et enfin \u00e9conomiques, car ce mode de coop\u00e9ration permet de faire des \u00e9conomies d\u2019\u00e9chelle et donc de partager le fardeau.<\/p>\n\n\n\n<p>Malgr\u00e9 ses diff\u00e9rents atouts, <strong>le multilat\u00e9ralisme semble traverser une p\u00e9riode critique <sup>[5]<\/sup>, comme le montre actuellement le manque d\u2019unit\u00e9 dans la lutte contre la pand\u00e9mie du Covid-19<\/strong>. Les raisons de cette fatigue sont nombreuses&nbsp;et incluent notamment une lenteur institutionnelle, entra\u00eenant des co\u00fbts de d\u00e9cision et de coordination \u00e9lev\u00e9s&nbsp;; une uniformit\u00e9 d\u00e9cisionnelle en cas de pr\u00e9f\u00e9rences et de besoins souvent h\u00e9t\u00e9rog\u00e8nes&nbsp;; et une dilution des responsabilit\u00e9s entre partenaires qui peut provoquer de l\u2019opportunisme et du <em>free-riding<\/em>. Les coop\u00e9rations multilat\u00e9rales peuvent donc s\u2019av\u00e9rer contre-productives. C\u2019est pourquoi, depuis la fin de la Guerre froide, nous constatons <strong>la formation de partenariats plus souples et moins institutionalis\u00e9s, parfois dans un format restreint <sup>[6]<\/sup>.&nbsp;Ceux-ci semblent plus efficaces et apparaissent comme \u00e9tant plus adapt\u00e9s pour faire face aux d\u00e9fis s\u00e9curitaires actuels <sup>[7]<\/sup>.<\/strong><\/p>\n\n\n\n<p>\u00c9tablis dans le cadre de partenariats d\u00e9j\u00e0 existants ou mis en place en dehors de tout accord multilat\u00e9ral, <strong>ces \u2018nouveaux\u2019 modes de coop\u00e9ration visent davantage d\u2019efficacit\u00e9 dans le processus d\u00e9cisionnel, et, par cons\u00e9quent, aussi dans le r\u00e9sultat final.<\/strong> Contrairement au bilat\u00e9ralisme, qui est le mode de coop\u00e9ration restreint par excellence, ces partenariats ne sont pas n\u00e9cessairement institutionnalis\u00e9s et donc particuli\u00e8rement souples. Ils permettent l\u2019adaptation au cas par cas, que ce soit dans le choix des partenaires ou encore dans l\u2019objectif et la dur\u00e9e du partenariat.<strong> L\u2019efficacit\u00e9 de ce type de coop\u00e9ration r\u00e9sulte avant tout d\u2019une plus grande libert\u00e9 d\u2019action ainsi que d\u2019une r\u00e9duction non-n\u00e9gligeable des co\u00fbts de d\u00e9cision et de coordination<\/strong>, notamment par rapport aux coop\u00e9rations multilat\u00e9rales <sup>[8]<\/sup>.<\/p>\n\n\n\n<p>Cette tendance \u00e0 la diversification des modes de coop\u00e9ration \u2013 qui s\u2019accompagne d\u2019une augmentation du nombre d\u2019accords plus informels et au format restreint \u2013 n\u2019est toutefois pas sans d\u00e9faut. Premi\u00e8rement, ces coop\u00e9rations peuvent sembler moins l\u00e9gitimes car <strong>elles n\u2019ont pas l\u2019aval de la communaut\u00e9 internationale<\/strong>. Deuxi\u00e8mement, elles rendent les relations internationales moins pr\u00e9visibles, notamment parce qu\u2019il y a <strong>une certaine incertitude<\/strong> concernant leur inscription dans la dur\u00e9e.<\/p>\n\n\n\n<p>Chaque \u00c9tat coop\u00e9rant doit trouver un int\u00e9r\u00eat et un sens \u00e0 la coop\u00e9ration, non seulement dans le court mais aussi dans le long terme&nbsp;: en choisissant le format de partenariat, il s\u2019agit donc principalement pour lui de trouver \u2013 et de maintenir \u2013 le juste \u00e9quilibre entre son autonomie strat\u00e9gique, la l\u00e9gitimit\u00e9 de son action collaborative et l\u2019efficacit\u00e9 de la politique de d\u00e9fense qu\u2019il met en place <sup>[9]<\/sup>.<\/p>\n\n\n\n<p><strong>La France et ses partenaires europ\u00e9ens&nbsp;: coop\u00e9rer, mais avec qui et comment ?<\/strong><\/p>\n\n\n\n<p>Depuis la fin de la Guerre froide, la coop\u00e9ration est devenue une r\u00e9alit\u00e9 pour les arm\u00e9es fran\u00e7aises. La France a ainsi commenc\u00e9 \u00e0 d\u00e9velopper<strong> une approche \u00ab&nbsp;flexilat\u00e9rale&nbsp;\u00bb \u00e0 sa politique de d\u00e9fense, contribuant \u00e0 de nombreux dispositifs avec un ou plusieurs partenaires<\/strong>. Certains reposent sur des institutions d\u00e9di\u00e9es \u2013 au sein ou en dehors d\u2019un cadre multilat\u00e9ral \u2013 alors que d\u2019autres sont plus informels, voire plus ponctuels. Dans le cas de la France, ceci est particuli\u00e8rement vrai depuis une dizaine d\u2019ann\u00e9es.<\/p>\n\n\n\n<p>Paris est co-fondateur de plusieurs organisations et alliances multilat\u00e9rales dont l\u2019Organisation des Nations unies (ONU), l\u2019Organisation du trait\u00e9 de l\u2019Atlantique nord (OTAN) et l\u2019Union europ\u00e9enne (UE). Alors que le multilat\u00e9ralisme est le format privil\u00e9gi\u00e9 de la France pour ses coop\u00e9rations de d\u00e9fense jusque dans les ann\u00e9es 2000, notamment pour les op\u00e9rations ext\u00e9rieures,<strong> cette approche commence \u00e0 changer avec le livre blanc sur la politique \u00e9trang\u00e8re de 2008<\/strong>. Ce dernier affirme que le pays doit opter pour des partenariats plus pragmatiques et plus flexibles <sup>[10]<\/sup>. Cela vaut \u00e9galement au sein de l\u2019UE, qui est pourtant le vecteur principal d\u2019influence de la France dans le domaine de la politique \u00e9trang\u00e8re.<\/p>\n\n\n\n<p>Bien que les livres blancs sur la d\u00e9fense et la s\u00e9curit\u00e9 nationale de 2008 et de 2013 aient soulign\u00e9 \u00e0 nouveau qu\u2019un livre blanc europ\u00e9en en mati\u00e8re de d\u00e9fense semblait, \u00e0 terme, naturel <sup>[11]<\/sup>, <strong>un nombre croissant de coop\u00e9rations bi- et minilat\u00e9rales ont vu le jour ces derni\u00e8res cinq ann\u00e9es<\/strong>. \u00c0 titre d\u2019exemple, l\u2019Initiative europ\u00e9enne d\u2019intervention (IEI) vise \u00e0 cr\u00e9er un noyau dur d\u2019\u00c9tats pour pr\u00e9parer et coordonner des op\u00e9rations conjointes. La Revue strat\u00e9gique de 2017 met ainsi en avant que la France \u00ab&nbsp;soutient la combinaison optimale des diff\u00e9rents formats de coop\u00e9ration&nbsp;\u00bb <sup>[12]<\/sup> au niveau europ\u00e9en, donnant d\u00e9sormais la priorit\u00e9 aux partenaires ayant la volont\u00e9 politique et la capacit\u00e9 militaire d\u2019assumer leurs responsabilit\u00e9s sur la sc\u00e8ne internationale. Cela se traduit par le maintien des relations bilat\u00e9rales privil\u00e9gi\u00e9es d\u2019une part, et la mise en place de coop\u00e9rations minilat\u00e9rales d\u2019autre part.<\/p>\n\n\n\n<p>Au niveau bilat\u00e9ral, la France coop\u00e8re \u00e9troitement avec l\u2019Allemagne et le Royaume-Uni dans les domaines op\u00e9rationnel, capacitaire et industriel. La coop\u00e9ration franco-britannique a fortement augment\u00e9 apr\u00e8s la Guerre froide <sup>[13]<\/sup>, entre autres en raison de l\u2019exp\u00e9rience commune en Bosnie. Elle a conduit \u00e0 la signature des trait\u00e9s de Lancaster House en 2010, sous Nicolas Sarkozy, qui a alors donn\u00e9 plus de priorit\u00e9 au couple franco-britannique qu\u2019au couple franco-allemand lors de son mandat <sup>[14]<\/sup>. La relation privil\u00e9gi\u00e9e entre la France et l\u2019Allemagne est devenue, \u00e0 son tour, un moteur cl\u00e9 de la coop\u00e9ration de d\u00e9fense en Europe ces derni\u00e8res ann\u00e9es, en particulier depuis la d\u00e9cision du Royaume-Uni de quitter l\u2019UE et la signature du Trait\u00e9 d\u2019Aix-la-Chapelle <sup>[15]<\/sup>.&nbsp;La France entretient \u00e9galement des relations \u00e9troites avec la Belgique, l\u2019Espagne, l\u2019Italie, les Pays-Bas et la Su\u00e8de, y compris sur les questions industrielles. Ces accords bilat\u00e9raux sont destin\u00e9s \u00e0 s\u2019ouvrir \u00e0 d\u2019autres membres de l\u2019UE \u2013 par exemple dans le cadre de la Coop\u00e9ration structur\u00e9e permanente (CSP), m\u00e9canisme qui vise \u00e0 d\u00e9velopper la collaboration des \u00c9tats membres \u2013, tout en mettant l\u2019accent sur le cod\u00e9veloppement des capacit\u00e9s militaires <sup>[16]<\/sup>.<\/p>\n\n\n\n<p>En effet, la France compl\u00e8te ses relations bilat\u00e9rales au niveau europ\u00e9en \u00e0 l\u2019aide de <strong>coop\u00e9rations en petit groupe, qui sont soit informelles<\/strong> (comme le Triangle de Weimar ou le Format Normandie) <strong>soit formelles<\/strong> (comme le d\u00e9veloppement de l\u2019h\u00e9licopt\u00e8re <em>NH-90<\/em>, le projet des drones MALE ou encore le syst\u00e8me de combat a\u00e9rien du futur (SCAF)). Conform\u00e9ment \u00e0 la strat\u00e9gie europ\u00e9enne de s\u00e9curit\u00e9 de 2003, la France a donc commenc\u00e9 \u00e0 viser une action multilat\u00e9rale efficace, en r\u00e9duisant notamment le nombre de coop\u00e9rants <sup>[17]<\/sup>. <strong>Elle est pass\u00e9e d\u2019un multilat\u00e9ralisme \u00ab&nbsp;global&nbsp;\u00bb \u00e0 un multilat\u00e9ralisme davantage europ\u00e9en, voire \u00e0 un minilat\u00e9ralisme au sein de l\u2019UE.<\/strong><\/p>\n\n\n\n<p><strong>Conclusion<\/strong><\/p>\n\n\n\n<p>Depuis la fin de la Guerre froide, la coop\u00e9ration en mati\u00e8re de d\u00e9fense,&nbsp;qui est devenue une r\u00e9alit\u00e9 pour les arm\u00e9es fran\u00e7aises (la France participe \u00e0 2\/3 des projets de la CSP, par exemple), s\u2019est largement diversifi\u00e9e. Si la France a continu\u00e9 \u00e0 coop\u00e9rer au niveau multilat\u00e9ral \u2013 notamment via l\u2019ONU, l\u2019OTAN et l\u2019UE \u2013, elle a maintenu et renforc\u00e9 ses relations privil\u00e9gi\u00e9es au niveau bilat\u00e9ral, entre autres avec l\u2019Allemagne et le Royaume-Uni. Elle a \u00e9galement fait le choix d\u2019opter pour des accords plus pragmatiques, donnant la priorit\u00e9 \u00e0 des partenaires europ\u00e9ens ayant la volont\u00e9 politique et la capacit\u00e9 militaire pour assumer leur r\u00f4le sur la sc\u00e8ne internationale. La France s\u2019est par ailleurs davantage investie dans des coop\u00e9rations industrielles, souvent au niveau minilat\u00e9ral. Elle envisage ainsi la combinaison optimale de diff\u00e9rents formats de coop\u00e9ration au niveau europ\u00e9en, prenant en compte les atouts et inconv\u00e9nients de chaque type de coop\u00e9ration.<\/p>\n\n\n\n<p>Depuis 2016, les initiatives lanc\u00e9es au niveau europ\u00e9en pour maximiser les b\u00e9n\u00e9fices \u2013 notamment \u00e9conomiques \u2013 de la coop\u00e9ration en mati\u00e8re de d\u00e9fense se multiplient&nbsp;: ont notamment vu le jour une Strat\u00e9gie globale qui cherche \u00e0 am\u00e9liorer l\u2019efficacit\u00e9 de la d\u00e9fense des \u00c9tats membres de l\u2019UE, une capacit\u00e9 militaire de planification et de conduite (MPCC) pour les op\u00e9rations \u00e0 mandat non ex\u00e9cutif, la CSP, l\u2019IEI ou encore un Fonds europ\u00e9en de d\u00e9fense afin d\u2019am\u00e9liorer la comp\u00e9titivit\u00e9 et l\u2019autonomie (industrielle) strat\u00e9gique de l\u2019UE&#8230; Le r\u00f4le de la France dans la mise en place de ces initiatives n\u2019est pas n\u00e9gligeable. Cependant, aucune de ces coop\u00e9rations ne peut \u00eatre d\u00e9tach\u00e9e du contexte politique et \u00e9conomique \u00e0 l\u2019int\u00e9rieur duquel elle s\u2019inscrit. M\u00eame si la coop\u00e9ration de d\u00e9fense est \u00e0 nouveau devenue un enjeu politique important depuis 2016, au niveau national comme \u00e0 l\u2019\u00e9chelle europ\u00e9enne, la pand\u00e9mie du Covid-19 \u2013 et la crise \u00e9conomique que celle-ci a d\u00e9clench\u00e9e \u2013 risquent de mettre fin \u00e0 cet \u00e9lan, en faisant de la d\u00e9fense une v\u00e9ritable variable d\u2019ajustement au sein des \u00c9tats membres de l\u2019UE, et en freinant ainsi les initiatives r\u00e9cemment lanc\u00e9es.<\/p>\n\n\n\n<hr class=\"wp-block-separator\"\/>\n\n\n\n<p>[1] Olivier Schmitt, \u00ab&nbsp;Alliances (coalitions)&nbsp;\u00bb dans Beno\u00eet Durieux, Jean-Baptiste Jeang\u00e8ne Vilmer et Fr\u00e9d\u00e9ric Ramel (dir.), <em>Dictionnaire de la guerre et de la paix<\/em>, Paris, PUF, 2017, p. 56-64.<\/p>\n\n\n\n<p>[2] Camille Morel et Friederike Richter, \u00ab&nbsp;L\u00e9gitime ou efficace&nbsp;? Le dilemme de toute coop\u00e9ration de d\u00e9fense au XXIe si\u00e8cle&nbsp;?&nbsp;\u00bb, <em>Les Champs de Mars<\/em>, n\u00b032, 2019, p. 7-28.<\/p>\n\n\n\n<p>[3] Samuel B. H. Faure, \u00ab La politique du \u00ab&nbsp;flexilat\u00e9ralisme&nbsp;\u00bb&nbsp;: le cas de la politique fran\u00e7aise d\u2019armement dans le contexte du Brexit \u00bb, <em>Les Champs de Mars<\/em>, n\u00b030, 2018, p. 73-101, p. 75.<\/p>\n\n\n\n<p>[4] John Gerard Ruggie, <em>Multilateralism Matters: The Theory and Praxis of an Institutional Form<\/em>, New York, Columbia University Press, 1993, p. 11.<\/p>\n\n\n\n<p>[5] Manuel Lafont Rapnouil, \u00ab La chute de l\u2019ordre international lib\u00e9ral ? \u00bb, <em>Esprit<\/em>, n\u00b06, 2017, p. 98-112&nbsp;; Jean-Marie Gu\u00e9henno, \u00ab La crise du multilat\u00e9ralisme \u00bb, <em>Esprit<\/em>, n\u00b08, 2014, p. 49-57&nbsp;; Edward Newman. <em>A Crisis of Global Institutions?<\/em> <em>Multilateralism and International Security<\/em>, Londres, Routledge, 2007 ; Philippe Moreau Desfarges, \u00ab&nbsp;Le multilat\u00e9ralisme et la fin de l\u2019Histoire&nbsp;\u00bb, <em>Politique \u00e9trang\u00e8re<\/em>, n\u00b069, 2004, p. 575-586.<\/p>\n\n\n\n<p>[6] Luk Van Langenhove, \u00ab The Transformation of Multilateralism Mode 1.0 to Mode 2.0. \u00bb, <em>Global Policy<\/em>, n\u00b03, 1, 2010, p. 263-270.<\/p>\n\n\n\n<p>[7] Erica Morel, \u00ab&nbsp;Effective minilateralism for the EU. What, When and How \u00bb. <em>Brief Issue<\/em>, European Union Institute for Security Studies, n\u00b017, 2016.<\/p>\n\n\n\n<p>[8] David M. Malone et Yuen F. Khong, <em>Unilateralism and U.S. foreign policy: International perspectives<\/em>, Boulder, Co, Lynne Rienner, 2003.<\/p>\n\n\n\n<p>[9] Camille Morel et Friederike Richter, \u00ab&nbsp;L\u00e9gitime ou efficace&nbsp;? Le dilemme de toute coop\u00e9ration de d\u00e9fense au XXIe si\u00e8cle&nbsp;?&nbsp;\u00bb, <em>Les Champs de Mars<\/em>, n\u00b032, 2019, p. 7-28.<\/p>\n\n\n\n<p>[10] Minist\u00e8re de l\u2019Europe et des Affaires \u00e9trang\u00e8res, \u00ab&nbsp;La France et l\u2019Europe dans le monde : Livre blanc sur la politique \u00e9trang\u00e8re et europ\u00e9enne de la France (2008-2020)&nbsp;\u00bb, Paris, La Documentation fran\u00e7aise, 2008.<\/p>\n\n\n\n<p>[11] Minist\u00e8re des Arm\u00e9es, \u00ab&nbsp;Livre blanc sur la d\u00e9fense et la s\u00e9curit\u00e9 nationale&nbsp;\u00bb, Paris, Direction de l\u2019information l\u00e9gale et administrative, 2013&nbsp;; Minist\u00e8re des Arm\u00e9es, \u00ab&nbsp;Livre blanc sur la d\u00e9fense et la s\u00e9curit\u00e9 nationale&nbsp;\u00bb, Paris, La Documentation fran\u00e7aise, 2008.<\/p>\n\n\n\n<p>[12] Minist\u00e8re des Arm\u00e9es, \u00ab&nbsp;Revue strat\u00e9gique de d\u00e9fense et de s\u00e9curit\u00e9 nationale&nbsp;\u00bb, Paris, D\u00e9l\u00e9gation \u00e0 l\u2019information et \u00e0 la communication de la d\u00e9fense, 2017, p. 63.<\/p>\n\n\n\n<p>[13] Alice Pannier, <em>Rivals in Arms: The Rise of UK-France Defence Relations in the Twenty-First Century<\/em>, Montreal, McGill-Queens University Press, 2020.<\/p>\n\n\n\n<p>[14] Maxime Lefebvre, <em>La politique \u00e9trang\u00e8re de la France<\/em>, Paris, Presses Universitaires de France, 2019.<\/p>\n\n\n\n<p>[15] Delphine Deschaux-Dutard, \u00ab&nbsp;La coop\u00e9ration militaire franco-allemande et la d\u00e9fense europ\u00e9enne apr\u00e8s le Brexit&nbsp;\u00bb, <em>Les Champs de Mars<\/em>, n\u00b032, 2019, p. 52-76.<\/p>\n\n\n\n<p>[16] Minist\u00e8re des Arm\u00e9es, \u00ab&nbsp;Revue strat\u00e9gique de d\u00e9fense et de s\u00e9curit\u00e9 nationale. Paris, D\u00e9l\u00e9gation \u00e0 l&rsquo;information et \u00e0 la communication de la d\u00e9fense&nbsp;\u00bb, 2017&nbsp;; Minist\u00e8re des Arm\u00e9es, \u00ab&nbsp;Livre blanc sur la d\u00e9fense et la s\u00e9curit\u00e9 nationale&nbsp;\u00bb, Paris, Direction de l\u2019information l\u00e9gale et administrative, 2013.<\/p>\n\n\n\n<p>[17] Josselin Droff et Julien Malizard, \u00ab&nbsp;Menaces, biens publics et demande de d\u00e9fense europ\u00e9enne&nbsp;\u00bb, <em>Revue D\u00e9fense Nationale<\/em>, n\u00b03, 2020, p. 95-100.<\/p>\n\n\n\n<hr class=\"wp-block-separator\"\/>\n\n\n\n<p><\/p>\n","protected":false},"excerpt":{"rendered":"<p>Par Friederike Richter, chercheuse \u00e0 la Chaire La diversification des coop\u00e9rations de d\u00e9fense depuis 1991 Depuis la fin de la Guerre froide, de plus en plus d\u2019accords de coop\u00e9ration de d\u00e9fense en Europe apparaissent en dehors du cadre multilat\u00e9ral. Ces partenariats prennent des formes vari\u00e9es. Ils peuvent \u00eatre temporaires ou permanents, institutionnalis\u00e9s ou non, men\u00e9s [&hellip;]<\/p>\n","protected":false},"author":2,"featured_media":2191,"comment_status":"open","ping_status":"open","sticky":false,"template":"","format":"standard","meta":{"footnotes":""},"categories":[350,415],"tags":[411,410,375,412,178,156,183,388],"class_list":{"0":"post-2175","1":"post","2":"type-post","3":"status-publish","4":"format-standard","5":"has-post-thumbnail","7":"category-publications","8":"category-thematique-5-integration-et-cooperation-de-defense-en-europe","9":"tag-cooperation-de-defense","10":"tag-cooperation-europeenne","11":"tag-defense-europeenne","12":"tag-efficacite","13":"tag-europe","14":"tag-europe-de-la-defense","15":"tag-politique-de-defense","16":"tag-union-europeenne"},"yoast_head":"<!-- This site is optimized with the Yoast SEO plugin v27.4 - https:\/\/yoast.com\/product\/yoast-seo-wordpress\/ -->\n<title>Les coop\u00e9rations de d\u00e9fense en Europe : vers plus d\u2019efficacit\u00e9 ? - Chaire \u00c9conomie de d\u00e9fense - IHEDN<\/title>\n<meta name=\"robots\" content=\"index, follow, max-snippet:-1, max-image-preview:large, max-video-preview:-1\" \/>\n<link rel=\"canonical\" href=\"https:\/\/ecodef-ihedn.fr\/en\/les-cooperations-de-defense-en-europe-vers-plus-defficacite\/\" \/>\n<meta property=\"og:locale\" content=\"en_GB\" \/>\n<meta property=\"og:type\" content=\"article\" \/>\n<meta property=\"og:title\" content=\"Les coop\u00e9rations de d\u00e9fense en Europe : vers plus d\u2019efficacit\u00e9 ? - Chaire \u00c9conomie de d\u00e9fense - IHEDN\" \/>\n<meta property=\"og:description\" content=\"Par Friederike Richter, chercheuse \u00e0 la Chaire La diversification des coop\u00e9rations de d\u00e9fense depuis 1991 Depuis la fin de la Guerre froide, de plus en plus d\u2019accords de coop\u00e9ration de d\u00e9fense en Europe apparaissent en dehors du cadre multilat\u00e9ral. Ces partenariats prennent des formes vari\u00e9es. Ils peuvent \u00eatre temporaires ou permanents, institutionnalis\u00e9s ou non, men\u00e9s [&hellip;]\" \/>\n<meta property=\"og:url\" content=\"https:\/\/ecodef-ihedn.fr\/en\/les-cooperations-de-defense-en-europe-vers-plus-defficacite\/\" \/>\n<meta property=\"og:site_name\" content=\"Chaire \u00c9conomie de d\u00e9fense - IHEDN\" \/>\n<meta property=\"article:published_time\" content=\"2020-09-24T09:48:46+00:00\" \/>\n<meta property=\"article:modified_time\" content=\"2021-01-08T09:08:12+00:00\" \/>\n<meta property=\"og:image\" content=\"https:\/\/ecodef-ihedn.fr\/wp-content\/uploads\/2020\/09\/20180716PHT08009-cl.jpg\" \/>\n\t<meta property=\"og:image:width\" content=\"1156\" \/>\n\t<meta property=\"og:image:height\" content=\"738\" \/>\n\t<meta property=\"og:image:type\" content=\"image\/jpeg\" \/>\n<meta name=\"author\" content=\"Bertrand Demandre\" \/>\n<meta name=\"twitter:card\" content=\"summary_large_image\" \/>\n<meta name=\"twitter:creator\" content=\"@Chaire_Ecodef\" \/>\n<meta name=\"twitter:site\" content=\"@Chaire_Ecodef\" \/>\n<meta name=\"twitter:label1\" content=\"Written by\" \/>\n\t<meta name=\"twitter:data1\" content=\"Bertrand Demandre\" \/>\n\t<meta name=\"twitter:label2\" content=\"Estimated reading time\" \/>\n\t<meta name=\"twitter:data2\" content=\"14 minutes\" \/>\n<script type=\"application\/ld+json\" class=\"yoast-schema-graph\">{\"@context\":\"https:\\\/\\\/schema.org\",\"@graph\":[{\"@type\":\"Article\",\"@id\":\"https:\\\/\\\/ecodef-ihedn.fr\\\/les-cooperations-de-defense-en-europe-vers-plus-defficacite\\\/#article\",\"isPartOf\":{\"@id\":\"https:\\\/\\\/ecodef-ihedn.fr\\\/les-cooperations-de-defense-en-europe-vers-plus-defficacite\\\/\"},\"author\":{\"name\":\"Bertrand Demandre\",\"@id\":\"https:\\\/\\\/ecodef-ihedn.fr\\\/#\\\/schema\\\/person\\\/1cdf22d028cebe278126a6e07a884d30\"},\"headline\":\"Les coop\u00e9rations de d\u00e9fense en Europe : vers plus d\u2019efficacit\u00e9 ?\",\"datePublished\":\"2020-09-24T09:48:46+00:00\",\"dateModified\":\"2021-01-08T09:08:12+00:00\",\"mainEntityOfPage\":{\"@id\":\"https:\\\/\\\/ecodef-ihedn.fr\\\/les-cooperations-de-defense-en-europe-vers-plus-defficacite\\\/\"},\"wordCount\":2825,\"commentCount\":1,\"publisher\":{\"@id\":\"https:\\\/\\\/ecodef-ihedn.fr\\\/#organization\"},\"image\":{\"@id\":\"https:\\\/\\\/ecodef-ihedn.fr\\\/les-cooperations-de-defense-en-europe-vers-plus-defficacite\\\/#primaryimage\"},\"thumbnailUrl\":\"https:\\\/\\\/ecodef-ihedn.fr\\\/wp-content\\\/uploads\\\/2020\\\/09\\\/20180716PHT08009-cl.jpg\",\"keywords\":[\"coop\u00e9ration de d\u00e9fense\",\"coop\u00e9ration europ\u00e9enne\",\"d\u00e9fense europ\u00e9enne\",\"efficacit\u00e9\",\"Europe\",\"Europe de la D\u00e9fense\",\"politique de d\u00e9fense\",\"Union europ\u00e9enne\"],\"articleSection\":[\"Publications\",\"Th\u00e9matique 5 : int\u00e9gration et coop\u00e9ration de d\u00e9fense en Europe\"],\"inLanguage\":\"en-GB\",\"potentialAction\":[{\"@type\":\"CommentAction\",\"name\":\"Comment\",\"target\":[\"https:\\\/\\\/ecodef-ihedn.fr\\\/les-cooperations-de-defense-en-europe-vers-plus-defficacite\\\/#respond\"]}]},{\"@type\":\"WebPage\",\"@id\":\"https:\\\/\\\/ecodef-ihedn.fr\\\/les-cooperations-de-defense-en-europe-vers-plus-defficacite\\\/\",\"url\":\"https:\\\/\\\/ecodef-ihedn.fr\\\/les-cooperations-de-defense-en-europe-vers-plus-defficacite\\\/\",\"name\":\"Les coop\u00e9rations de d\u00e9fense en Europe : vers plus d\u2019efficacit\u00e9 ? - Chaire \u00c9conomie de d\u00e9fense - IHEDN\",\"isPartOf\":{\"@id\":\"https:\\\/\\\/ecodef-ihedn.fr\\\/#website\"},\"primaryImageOfPage\":{\"@id\":\"https:\\\/\\\/ecodef-ihedn.fr\\\/les-cooperations-de-defense-en-europe-vers-plus-defficacite\\\/#primaryimage\"},\"image\":{\"@id\":\"https:\\\/\\\/ecodef-ihedn.fr\\\/les-cooperations-de-defense-en-europe-vers-plus-defficacite\\\/#primaryimage\"},\"thumbnailUrl\":\"https:\\\/\\\/ecodef-ihedn.fr\\\/wp-content\\\/uploads\\\/2020\\\/09\\\/20180716PHT08009-cl.jpg\",\"datePublished\":\"2020-09-24T09:48:46+00:00\",\"dateModified\":\"2021-01-08T09:08:12+00:00\",\"breadcrumb\":{\"@id\":\"https:\\\/\\\/ecodef-ihedn.fr\\\/les-cooperations-de-defense-en-europe-vers-plus-defficacite\\\/#breadcrumb\"},\"inLanguage\":\"en-GB\",\"potentialAction\":[{\"@type\":\"ReadAction\",\"target\":[\"https:\\\/\\\/ecodef-ihedn.fr\\\/les-cooperations-de-defense-en-europe-vers-plus-defficacite\\\/\"]}]},{\"@type\":\"ImageObject\",\"inLanguage\":\"en-GB\",\"@id\":\"https:\\\/\\\/ecodef-ihedn.fr\\\/les-cooperations-de-defense-en-europe-vers-plus-defficacite\\\/#primaryimage\",\"url\":\"https:\\\/\\\/ecodef-ihedn.fr\\\/wp-content\\\/uploads\\\/2020\\\/09\\\/20180716PHT08009-cl.jpg\",\"contentUrl\":\"https:\\\/\\\/ecodef-ihedn.fr\\\/wp-content\\\/uploads\\\/2020\\\/09\\\/20180716PHT08009-cl.jpg\",\"width\":1156,\"height\":738},{\"@type\":\"BreadcrumbList\",\"@id\":\"https:\\\/\\\/ecodef-ihedn.fr\\\/les-cooperations-de-defense-en-europe-vers-plus-defficacite\\\/#breadcrumb\",\"itemListElement\":[{\"@type\":\"ListItem\",\"position\":1,\"name\":\"Accueil\",\"item\":\"https:\\\/\\\/ecodef-ihedn.fr\\\/\"},{\"@type\":\"ListItem\",\"position\":2,\"name\":\"Les coop\u00e9rations de d\u00e9fense en Europe : vers plus d\u2019efficacit\u00e9 ?\"}]},{\"@type\":\"WebSite\",\"@id\":\"https:\\\/\\\/ecodef-ihedn.fr\\\/#website\",\"url\":\"https:\\\/\\\/ecodef-ihedn.fr\\\/\",\"name\":\"Chaire \u00c9conomie de D\u00e9fense - IHEDN\",\"description\":\"Produire &amp; soutenir, f\u00e9d\u00e9rer &amp; diffuser, \u00eatre une interface\",\"publisher\":{\"@id\":\"https:\\\/\\\/ecodef-ihedn.fr\\\/#organization\"},\"potentialAction\":[{\"@type\":\"SearchAction\",\"target\":{\"@type\":\"EntryPoint\",\"urlTemplate\":\"https:\\\/\\\/ecodef-ihedn.fr\\\/?s={search_term_string}\"},\"query-input\":{\"@type\":\"PropertyValueSpecification\",\"valueRequired\":true,\"valueName\":\"search_term_string\"}}],\"inLanguage\":\"en-GB\"},{\"@type\":\"Organization\",\"@id\":\"https:\\\/\\\/ecodef-ihedn.fr\\\/#organization\",\"name\":\"Chaire \u00c9conomie de d\u00e9fense - IHEDN\",\"url\":\"https:\\\/\\\/ecodef-ihedn.fr\\\/\",\"logo\":{\"@type\":\"ImageObject\",\"inLanguage\":\"en-GB\",\"@id\":\"https:\\\/\\\/ecodef-ihedn.fr\\\/#\\\/schema\\\/logo\\\/image\\\/\",\"url\":\"https:\\\/\\\/ecodef-ihedn.fr\\\/wp-content\\\/uploads\\\/2020\\\/04\\\/logoEcodef9.jpg\",\"contentUrl\":\"https:\\\/\\\/ecodef-ihedn.fr\\\/wp-content\\\/uploads\\\/2020\\\/04\\\/logoEcodef9.jpg\",\"width\":410,\"height\":212,\"caption\":\"Chaire \u00c9conomie de d\u00e9fense - IHEDN\"},\"image\":{\"@id\":\"https:\\\/\\\/ecodef-ihedn.fr\\\/#\\\/schema\\\/logo\\\/image\\\/\"},\"sameAs\":[\"https:\\\/\\\/x.com\\\/Chaire_Ecodef\",\"https:\\\/\\\/www.linkedin.com\\\/company\\\/chaire-ecodef-ihedn\\\/\"]},{\"@type\":\"Person\",\"@id\":\"https:\\\/\\\/ecodef-ihedn.fr\\\/#\\\/schema\\\/person\\\/1cdf22d028cebe278126a6e07a884d30\",\"name\":\"Bertrand Demandre\",\"image\":{\"@type\":\"ImageObject\",\"inLanguage\":\"en-GB\",\"@id\":\"https:\\\/\\\/secure.gravatar.com\\\/avatar\\\/d9c9746d6c900ab5b9c0f9b1fa3932e369da923da247d624b8f7ab4ba8a3c093?s=96&d=mm&r=g\",\"url\":\"https:\\\/\\\/secure.gravatar.com\\\/avatar\\\/d9c9746d6c900ab5b9c0f9b1fa3932e369da923da247d624b8f7ab4ba8a3c093?s=96&d=mm&r=g\",\"contentUrl\":\"https:\\\/\\\/secure.gravatar.com\\\/avatar\\\/d9c9746d6c900ab5b9c0f9b1fa3932e369da923da247d624b8f7ab4ba8a3c093?s=96&d=mm&r=g\",\"caption\":\"Bertrand Demandre\"},\"url\":\"https:\\\/\\\/ecodef-ihedn.fr\\\/en\\\/author\\\/bertrand\\\/\"}]}<\/script>\n<!-- \/ Yoast SEO plugin. -->","yoast_head_json":{"title":"Les coop\u00e9rations de d\u00e9fense en Europe : vers plus d\u2019efficacit\u00e9 ? - Chaire \u00c9conomie de d\u00e9fense - IHEDN","robots":{"index":"index","follow":"follow","max-snippet":"max-snippet:-1","max-image-preview":"max-image-preview:large","max-video-preview":"max-video-preview:-1"},"canonical":"https:\/\/ecodef-ihedn.fr\/en\/les-cooperations-de-defense-en-europe-vers-plus-defficacite\/","og_locale":"en_GB","og_type":"article","og_title":"Les coop\u00e9rations de d\u00e9fense en Europe : vers plus d\u2019efficacit\u00e9 ? - Chaire \u00c9conomie de d\u00e9fense - IHEDN","og_description":"Par Friederike Richter, chercheuse \u00e0 la Chaire La diversification des coop\u00e9rations de d\u00e9fense depuis 1991 Depuis la fin de la Guerre froide, de plus en plus d\u2019accords de coop\u00e9ration de d\u00e9fense en Europe apparaissent en dehors du cadre multilat\u00e9ral. Ces partenariats prennent des formes vari\u00e9es. Ils peuvent \u00eatre temporaires ou permanents, institutionnalis\u00e9s ou non, men\u00e9s [&hellip;]","og_url":"https:\/\/ecodef-ihedn.fr\/en\/les-cooperations-de-defense-en-europe-vers-plus-defficacite\/","og_site_name":"Chaire \u00c9conomie de d\u00e9fense - IHEDN","article_published_time":"2020-09-24T09:48:46+00:00","article_modified_time":"2021-01-08T09:08:12+00:00","og_image":[{"width":1156,"height":738,"url":"https:\/\/ecodef-ihedn.fr\/wp-content\/uploads\/2020\/09\/20180716PHT08009-cl.jpg","type":"image\/jpeg"}],"author":"Bertrand Demandre","twitter_card":"summary_large_image","twitter_creator":"@Chaire_Ecodef","twitter_site":"@Chaire_Ecodef","twitter_misc":{"Written by":"Bertrand Demandre","Estimated reading time":"14 minutes"},"schema":{"@context":"https:\/\/schema.org","@graph":[{"@type":"Article","@id":"https:\/\/ecodef-ihedn.fr\/les-cooperations-de-defense-en-europe-vers-plus-defficacite\/#article","isPartOf":{"@id":"https:\/\/ecodef-ihedn.fr\/les-cooperations-de-defense-en-europe-vers-plus-defficacite\/"},"author":{"name":"Bertrand Demandre","@id":"https:\/\/ecodef-ihedn.fr\/#\/schema\/person\/1cdf22d028cebe278126a6e07a884d30"},"headline":"Les coop\u00e9rations de d\u00e9fense en Europe : vers plus d\u2019efficacit\u00e9 ?","datePublished":"2020-09-24T09:48:46+00:00","dateModified":"2021-01-08T09:08:12+00:00","mainEntityOfPage":{"@id":"https:\/\/ecodef-ihedn.fr\/les-cooperations-de-defense-en-europe-vers-plus-defficacite\/"},"wordCount":2825,"commentCount":1,"publisher":{"@id":"https:\/\/ecodef-ihedn.fr\/#organization"},"image":{"@id":"https:\/\/ecodef-ihedn.fr\/les-cooperations-de-defense-en-europe-vers-plus-defficacite\/#primaryimage"},"thumbnailUrl":"https:\/\/ecodef-ihedn.fr\/wp-content\/uploads\/2020\/09\/20180716PHT08009-cl.jpg","keywords":["coop\u00e9ration de d\u00e9fense","coop\u00e9ration europ\u00e9enne","d\u00e9fense europ\u00e9enne","efficacit\u00e9","Europe","Europe de la D\u00e9fense","politique de d\u00e9fense","Union europ\u00e9enne"],"articleSection":["Publications","Th\u00e9matique 5 : int\u00e9gration et coop\u00e9ration de d\u00e9fense en Europe"],"inLanguage":"en-GB","potentialAction":[{"@type":"CommentAction","name":"Comment","target":["https:\/\/ecodef-ihedn.fr\/les-cooperations-de-defense-en-europe-vers-plus-defficacite\/#respond"]}]},{"@type":"WebPage","@id":"https:\/\/ecodef-ihedn.fr\/les-cooperations-de-defense-en-europe-vers-plus-defficacite\/","url":"https:\/\/ecodef-ihedn.fr\/les-cooperations-de-defense-en-europe-vers-plus-defficacite\/","name":"Les coop\u00e9rations de d\u00e9fense en Europe : vers plus d\u2019efficacit\u00e9 ? - Chaire \u00c9conomie de d\u00e9fense - IHEDN","isPartOf":{"@id":"https:\/\/ecodef-ihedn.fr\/#website"},"primaryImageOfPage":{"@id":"https:\/\/ecodef-ihedn.fr\/les-cooperations-de-defense-en-europe-vers-plus-defficacite\/#primaryimage"},"image":{"@id":"https:\/\/ecodef-ihedn.fr\/les-cooperations-de-defense-en-europe-vers-plus-defficacite\/#primaryimage"},"thumbnailUrl":"https:\/\/ecodef-ihedn.fr\/wp-content\/uploads\/2020\/09\/20180716PHT08009-cl.jpg","datePublished":"2020-09-24T09:48:46+00:00","dateModified":"2021-01-08T09:08:12+00:00","breadcrumb":{"@id":"https:\/\/ecodef-ihedn.fr\/les-cooperations-de-defense-en-europe-vers-plus-defficacite\/#breadcrumb"},"inLanguage":"en-GB","potentialAction":[{"@type":"ReadAction","target":["https:\/\/ecodef-ihedn.fr\/les-cooperations-de-defense-en-europe-vers-plus-defficacite\/"]}]},{"@type":"ImageObject","inLanguage":"en-GB","@id":"https:\/\/ecodef-ihedn.fr\/les-cooperations-de-defense-en-europe-vers-plus-defficacite\/#primaryimage","url":"https:\/\/ecodef-ihedn.fr\/wp-content\/uploads\/2020\/09\/20180716PHT08009-cl.jpg","contentUrl":"https:\/\/ecodef-ihedn.fr\/wp-content\/uploads\/2020\/09\/20180716PHT08009-cl.jpg","width":1156,"height":738},{"@type":"BreadcrumbList","@id":"https:\/\/ecodef-ihedn.fr\/les-cooperations-de-defense-en-europe-vers-plus-defficacite\/#breadcrumb","itemListElement":[{"@type":"ListItem","position":1,"name":"Accueil","item":"https:\/\/ecodef-ihedn.fr\/"},{"@type":"ListItem","position":2,"name":"Les coop\u00e9rations de d\u00e9fense en Europe : vers plus d\u2019efficacit\u00e9 ?"}]},{"@type":"WebSite","@id":"https:\/\/ecodef-ihedn.fr\/#website","url":"https:\/\/ecodef-ihedn.fr\/","name":"Chair in Defence Economics - IHEDN","description":"Produce &amp; support, federate &amp; disseminate, act as an interface","publisher":{"@id":"https:\/\/ecodef-ihedn.fr\/#organization"},"potentialAction":[{"@type":"SearchAction","target":{"@type":"EntryPoint","urlTemplate":"https:\/\/ecodef-ihedn.fr\/?s={search_term_string}"},"query-input":{"@type":"PropertyValueSpecification","valueRequired":true,"valueName":"search_term_string"}}],"inLanguage":"en-GB"},{"@type":"Organization","@id":"https:\/\/ecodef-ihedn.fr\/#organization","name":"Chair in Defence Economics - IHEDN","url":"https:\/\/ecodef-ihedn.fr\/","logo":{"@type":"ImageObject","inLanguage":"en-GB","@id":"https:\/\/ecodef-ihedn.fr\/#\/schema\/logo\/image\/","url":"https:\/\/ecodef-ihedn.fr\/wp-content\/uploads\/2020\/04\/logoEcodef9.jpg","contentUrl":"https:\/\/ecodef-ihedn.fr\/wp-content\/uploads\/2020\/04\/logoEcodef9.jpg","width":410,"height":212,"caption":"Chaire \u00c9conomie de d\u00e9fense - IHEDN"},"image":{"@id":"https:\/\/ecodef-ihedn.fr\/#\/schema\/logo\/image\/"},"sameAs":["https:\/\/x.com\/Chaire_Ecodef","https:\/\/www.linkedin.com\/company\/chaire-ecodef-ihedn\/"]},{"@type":"Person","@id":"https:\/\/ecodef-ihedn.fr\/#\/schema\/person\/1cdf22d028cebe278126a6e07a884d30","name":"Bertrand Demandre","image":{"@type":"ImageObject","inLanguage":"en-GB","@id":"https:\/\/secure.gravatar.com\/avatar\/d9c9746d6c900ab5b9c0f9b1fa3932e369da923da247d624b8f7ab4ba8a3c093?s=96&d=mm&r=g","url":"https:\/\/secure.gravatar.com\/avatar\/d9c9746d6c900ab5b9c0f9b1fa3932e369da923da247d624b8f7ab4ba8a3c093?s=96&d=mm&r=g","contentUrl":"https:\/\/secure.gravatar.com\/avatar\/d9c9746d6c900ab5b9c0f9b1fa3932e369da923da247d624b8f7ab4ba8a3c093?s=96&d=mm&r=g","caption":"Bertrand Demandre"},"url":"https:\/\/ecodef-ihedn.fr\/en\/author\/bertrand\/"}]}},"_links":{"self":[{"href":"https:\/\/ecodef-ihedn.fr\/en\/wp-json\/wp\/v2\/posts\/2175","targetHints":{"allow":["GET"]}}],"collection":[{"href":"https:\/\/ecodef-ihedn.fr\/en\/wp-json\/wp\/v2\/posts"}],"about":[{"href":"https:\/\/ecodef-ihedn.fr\/en\/wp-json\/wp\/v2\/types\/post"}],"author":[{"embeddable":true,"href":"https:\/\/ecodef-ihedn.fr\/en\/wp-json\/wp\/v2\/users\/2"}],"replies":[{"embeddable":true,"href":"https:\/\/ecodef-ihedn.fr\/en\/wp-json\/wp\/v2\/comments?post=2175"}],"version-history":[{"count":5,"href":"https:\/\/ecodef-ihedn.fr\/en\/wp-json\/wp\/v2\/posts\/2175\/revisions"}],"predecessor-version":[{"id":2805,"href":"https:\/\/ecodef-ihedn.fr\/en\/wp-json\/wp\/v2\/posts\/2175\/revisions\/2805"}],"wp:featuredmedia":[{"embeddable":true,"href":"https:\/\/ecodef-ihedn.fr\/en\/wp-json\/wp\/v2\/media\/2191"}],"wp:attachment":[{"href":"https:\/\/ecodef-ihedn.fr\/en\/wp-json\/wp\/v2\/media?parent=2175"}],"wp:term":[{"taxonomy":"category","embeddable":true,"href":"https:\/\/ecodef-ihedn.fr\/en\/wp-json\/wp\/v2\/categories?post=2175"},{"taxonomy":"post_tag","embeddable":true,"href":"https:\/\/ecodef-ihedn.fr\/en\/wp-json\/wp\/v2\/tags?post=2175"}],"curies":[{"name":"wp","href":"https:\/\/api.w.org\/{rel}","templated":true}]}}