{"id":2234,"date":"2020-10-01T14:59:06","date_gmt":"2020-10-01T14:59:06","guid":{"rendered":"https:\/\/ecodef-ihedn.fr\/?p=2234"},"modified":"2020-10-01T15:09:04","modified_gmt":"2020-10-01T15:09:04","slug":"mco-josselin-droff-dans-signal-sur-bruit-podcast-du-cdem","status":"publish","type":"post","link":"https:\/\/ecodef-ihedn.fr\/en\/mco-josselin-droff-dans-signal-sur-bruit-podcast-du-cdem\/","title":{"rendered":"MCO: Josselin Droff in \u00abSignal sur bruit\u00bb, CDEM podcast"},"content":{"rendered":"<div class=\"wp-block-image\"><figure class=\"aligncenter size-large is-resized\"><img loading=\"lazy\" decoding=\"async\" src=\"https:\/\/ecodef-ihedn.fr\/wp-content\/uploads\/2020\/10\/mco.jpg\" alt=\"MCO\" class=\"wp-image-2287\" width=\"263\" height=\"300\"\/><\/figure><\/div>\n\n\n\n<p><strong><a rel=\"noreferrer noopener\" href=\"https:\/\/ecodef-ihedn.fr\/en\/equipe\/\" target=\"_blank\">Josselin Droff<\/a><\/strong>, a researcher at the Chair, will be taking part in <em>Signal over Noise, <\/em>podcast from the Centre de documentation de l'\u00c9cole militaire (CDEM). In it, he presents his <a rel=\"noreferrer noopener\" href=\"https:\/\/www.tandfonline.com\/doi\/full\/10.1080\/10242694.2018.1461791\" target=\"_blank\">article<\/a> on <strong>the geographical reorganisation of the Maintenance in Operational Condition (MCO) function<\/strong> of defence materials. Entitled \u00abThe organization of the Defense support system: an economic geography perspective\u00bb, it is the result of collaboration with <strong>Catherine Baumont<\/strong> and <strong>Amaury Barra<\/strong> (University of Burgundy).<\/p>\n\n\n\n<p>Against a backdrop of tight budget constraints and the rising cost of defence equipment MCO, the article proposes to<strong> a formalised analysis framework<\/strong> in which a public planner organises the maintenance of defence equipment. The discussion is based on <strong>a balance of forces between agglomeration and spatial dispersion<\/strong>. On the one hand, economies of scale reduce support costs and encourage the concentration of MCO activities. But on the other hand, taking account of the space constraint leads to <strong>dispersion linked to transport costs and social operating costs (SOC)<\/strong>.<\/p>\n\n\n\n<p>This trade-off between economies of scale and distance-related costs, which underpins spatial economics, finds an original field of application in the literature on defence economics through the case of defence equipment MCO.<\/p>\n\n\n\n<p>Presented by <strong>Ana\u00efs Meunier<\/strong>, this episode looks back at the <a href=\"https:\/\/ecodef-ihedn.fr\/en\/retour-sur-la-table-ronde-organisee-avec-le-cdem-le-23-janvier-2020\/\" target=\"_blank\" rel=\"noreferrer noopener\">conference devoted to the special issue of <em>Defence and Peace Economics<\/em><\/a>.  <\/p>\n\n\n\n<p>For more details on this subject, please consult the <a rel=\"noreferrer noopener\" href=\"https:\/\/ecodef-ihedn.fr\/en\/newsletter\/\" target=\"_blank\">Newsletter N\u00b04<\/a> the Chair in Defence Economics or the <a rel=\"noreferrer noopener\" href=\"https:\/\/tel.archives-ouvertes.fr\/tel-01089240\/file\/These-2013-EDSM-Sciences_economiques-DROFF_Josselin.pdf\" target=\"_blank\">doctoral thesis<\/a> in economics from Josselin Droff.<\/p>\n\n\n\n<p class=\"has-text-align-center\"><strong>&gt;&gt;<a href=\"https:\/\/audioblog.arteradio.com\/blog\/153024\/podcast\/153813\/french-perspectives-iv-une-approche-d-economie-geographique-du-maintien-en-condition-operationnelle\" target=\"_blank\" rel=\"noreferrer noopener\"> listen to the podcast<\/a> &lt;&lt;<\/strong><\/p>\n\n\n\n<p><\/p>","protected":false},"excerpt":{"rendered":"<p>Josselin Droff, chercheur \u00e0 la Chaire, intervient dans Signal sur Bruit, podcast du Centre de documentation de l\u2019\u00c9cole militaire (CDEM). Il y pr\u00e9sente son article sur la r\u00e9organisation g\u00e9ographique du Maintien en condition op\u00e9rationnelle (MCO) des mat\u00e9riels de d\u00e9fense. Intitul\u00e9 \u00ab\u00a0The organization of the Defense support system: an economic geography perspective\u00a0\u00bb, il est issu d\u2019une [&hellip;]<\/p>\n","protected":false},"author":2,"featured_media":2105,"comment_status":"open","ping_status":"open","sticky":false,"template":"","format":"standard","meta":{"footnotes":""},"categories":[34,358],"tags":[154,337,162,47,91,202,93,361,413],"class_list":{"0":"post-2234","1":"post","2":"type-post","3":"status-publish","4":"format-standard","5":"has-post-thumbnail","7":"category-activites","8":"category-medias","9":"tag-budget","10":"tag-cdem","11":"tag-chaire-economie-de-defense","12":"tag-economie-de-defense","13":"tag-economie-geographique","14":"tag-josselin-droff","15":"tag-mco","16":"tag-podcast","17":"tag-reorganisation-territoriale"},"yoast_head":"<!-- This site is optimized with the Yoast SEO plugin v27.4 - https:\/\/yoast.com\/product\/yoast-seo-wordpress\/ -->\n<title>MCO : Josselin Droff dans &quot;Signal sur bruit&quot;, podcast du CDEM - Chaire \u00c9conomie de d\u00e9fense - IHEDN<\/title>\n<meta name=\"description\" content=\"Josselin Droff, Chercheur \u00e0 la Chaire, intervient pour Signal sur Bruit, podcast du CDEM, pour pr\u00e9senter son article d\u00e9di\u00e9 \u00e0 la r\u00e9organisation g\u00e9ographique du MCO des mat\u00e9riels de d\u00e9fense.\" \/>\n<meta name=\"robots\" content=\"index, follow, max-snippet:-1, max-image-preview:large, max-video-preview:-1\" \/>\n<link rel=\"canonical\" href=\"https:\/\/ecodef-ihedn.fr\/en\/mco-josselin-droff-dans-signal-sur-bruit-podcast-du-cdem\/\" \/>\n<meta property=\"og:locale\" content=\"en_GB\" \/>\n<meta property=\"og:type\" content=\"article\" \/>\n<meta property=\"og:title\" content=\"MCO : Josselin Droff dans &quot;Signal sur bruit&quot;, podcast du CDEM - Chaire \u00c9conomie de d\u00e9fense - IHEDN\" \/>\n<meta property=\"og:description\" content=\"Josselin Droff, Chercheur \u00e0 la Chaire, intervient pour Signal sur Bruit, podcast du CDEM, pour pr\u00e9senter son article d\u00e9di\u00e9 \u00e0 la r\u00e9organisation g\u00e9ographique du MCO des mat\u00e9riels de d\u00e9fense.\" \/>\n<meta property=\"og:url\" content=\"https:\/\/ecodef-ihedn.fr\/en\/mco-josselin-droff-dans-signal-sur-bruit-podcast-du-cdem\/\" \/>\n<meta property=\"og:site_name\" content=\"Chaire \u00c9conomie de d\u00e9fense - IHEDN\" \/>\n<meta property=\"article:published_time\" content=\"2020-10-01T14:59:06+00:00\" \/>\n<meta property=\"article:modified_time\" content=\"2020-10-01T15:09:04+00:00\" \/>\n<meta property=\"og:image\" content=\"https:\/\/ecodef-ihedn.fr\/wp-content\/uploads\/2020\/09\/20200903_Ilustration_Podcast-e1601564318274.png\" \/>\n\t<meta property=\"og:image:width\" content=\"300\" \/>\n\t<meta property=\"og:image:height\" content=\"300\" \/>\n\t<meta property=\"og:image:type\" content=\"image\/png\" \/>\n<meta name=\"author\" content=\"Bertrand Demandre\" \/>\n<meta name=\"twitter:card\" content=\"summary_large_image\" \/>\n<meta name=\"twitter:creator\" content=\"@Chaire_Ecodef\" \/>\n<meta name=\"twitter:site\" content=\"@Chaire_Ecodef\" \/>\n<meta name=\"twitter:label1\" content=\"Written by\" \/>\n\t<meta name=\"twitter:data1\" content=\"Bertrand Demandre\" \/>\n\t<meta name=\"twitter:label2\" content=\"Estimated reading time\" \/>\n\t<meta name=\"twitter:data2\" content=\"2 minutes\" \/>\n<script type=\"application\/ld+json\" class=\"yoast-schema-graph\">{\"@context\":\"https:\\\/\\\/schema.org\",\"@graph\":[{\"@type\":\"Article\",\"@id\":\"https:\\\/\\\/ecodef-ihedn.fr\\\/mco-josselin-droff-dans-signal-sur-bruit-podcast-du-cdem\\\/#article\",\"isPartOf\":{\"@id\":\"https:\\\/\\\/ecodef-ihedn.fr\\\/mco-josselin-droff-dans-signal-sur-bruit-podcast-du-cdem\\\/\"},\"author\":{\"name\":\"Bertrand Demandre\",\"@id\":\"https:\\\/\\\/ecodef-ihedn.fr\\\/#\\\/schema\\\/person\\\/1cdf22d028cebe278126a6e07a884d30\"},\"headline\":\"MCO : Josselin Droff dans \u00ab\u00a0Signal sur bruit\u00a0\u00bb, podcast du CDEM\",\"datePublished\":\"2020-10-01T14:59:06+00:00\",\"dateModified\":\"2020-10-01T15:09:04+00:00\",\"mainEntityOfPage\":{\"@id\":\"https:\\\/\\\/ecodef-ihedn.fr\\\/mco-josselin-droff-dans-signal-sur-bruit-podcast-du-cdem\\\/\"},\"wordCount\":313,\"commentCount\":0,\"publisher\":{\"@id\":\"https:\\\/\\\/ecodef-ihedn.fr\\\/#organization\"},\"image\":{\"@id\":\"https:\\\/\\\/ecodef-ihedn.fr\\\/mco-josselin-droff-dans-signal-sur-bruit-podcast-du-cdem\\\/#primaryimage\"},\"thumbnailUrl\":\"https:\\\/\\\/ecodef-ihedn.fr\\\/wp-content\\\/uploads\\\/2020\\\/09\\\/20200903_Ilustration_Podcast-e1601564318274.png\",\"keywords\":[\"Budget\",\"CDEM\",\"chaire \u00e9conomie de d\u00e9fense\",\"\u00e9conomie de d\u00e9fense\",\"Economie G\u00e9ographique\",\"Josselin Droff\",\"MCO\",\"podcast\",\"r\u00e9organisation territoriale\"],\"articleSection\":[\"Activit\u00e9s\",\"M\u00e9dias\"],\"inLanguage\":\"en-GB\",\"potentialAction\":[{\"@type\":\"CommentAction\",\"name\":\"Comment\",\"target\":[\"https:\\\/\\\/ecodef-ihedn.fr\\\/mco-josselin-droff-dans-signal-sur-bruit-podcast-du-cdem\\\/#respond\"]}]},{\"@type\":\"WebPage\",\"@id\":\"https:\\\/\\\/ecodef-ihedn.fr\\\/mco-josselin-droff-dans-signal-sur-bruit-podcast-du-cdem\\\/\",\"url\":\"https:\\\/\\\/ecodef-ihedn.fr\\\/mco-josselin-droff-dans-signal-sur-bruit-podcast-du-cdem\\\/\",\"name\":\"MCO : Josselin Droff dans \\\"Signal sur bruit\\\", podcast du CDEM - Chaire \u00c9conomie de d\u00e9fense - IHEDN\",\"isPartOf\":{\"@id\":\"https:\\\/\\\/ecodef-ihedn.fr\\\/#website\"},\"primaryImageOfPage\":{\"@id\":\"https:\\\/\\\/ecodef-ihedn.fr\\\/mco-josselin-droff-dans-signal-sur-bruit-podcast-du-cdem\\\/#primaryimage\"},\"image\":{\"@id\":\"https:\\\/\\\/ecodef-ihedn.fr\\\/mco-josselin-droff-dans-signal-sur-bruit-podcast-du-cdem\\\/#primaryimage\"},\"thumbnailUrl\":\"https:\\\/\\\/ecodef-ihedn.fr\\\/wp-content\\\/uploads\\\/2020\\\/09\\\/20200903_Ilustration_Podcast-e1601564318274.png\",\"datePublished\":\"2020-10-01T14:59:06+00:00\",\"dateModified\":\"2020-10-01T15:09:04+00:00\",\"description\":\"Josselin Droff, Chercheur \u00e0 la Chaire, intervient pour Signal sur Bruit, podcast du CDEM, pour pr\u00e9senter son article d\u00e9di\u00e9 \u00e0 la r\u00e9organisation g\u00e9ographique du MCO des mat\u00e9riels de d\u00e9fense.\",\"breadcrumb\":{\"@id\":\"https:\\\/\\\/ecodef-ihedn.fr\\\/mco-josselin-droff-dans-signal-sur-bruit-podcast-du-cdem\\\/#breadcrumb\"},\"inLanguage\":\"en-GB\",\"potentialAction\":[{\"@type\":\"ReadAction\",\"target\":[\"https:\\\/\\\/ecodef-ihedn.fr\\\/mco-josselin-droff-dans-signal-sur-bruit-podcast-du-cdem\\\/\"]}]},{\"@type\":\"ImageObject\",\"inLanguage\":\"en-GB\",\"@id\":\"https:\\\/\\\/ecodef-ihedn.fr\\\/mco-josselin-droff-dans-signal-sur-bruit-podcast-du-cdem\\\/#primaryimage\",\"url\":\"https:\\\/\\\/ecodef-ihedn.fr\\\/wp-content\\\/uploads\\\/2020\\\/09\\\/20200903_Ilustration_Podcast-e1601564318274.png\",\"contentUrl\":\"https:\\\/\\\/ecodef-ihedn.fr\\\/wp-content\\\/uploads\\\/2020\\\/09\\\/20200903_Ilustration_Podcast-e1601564318274.png\",\"width\":300,\"height\":300},{\"@type\":\"BreadcrumbList\",\"@id\":\"https:\\\/\\\/ecodef-ihedn.fr\\\/mco-josselin-droff-dans-signal-sur-bruit-podcast-du-cdem\\\/#breadcrumb\",\"itemListElement\":[{\"@type\":\"ListItem\",\"position\":1,\"name\":\"Accueil\",\"item\":\"https:\\\/\\\/ecodef-ihedn.fr\\\/\"},{\"@type\":\"ListItem\",\"position\":2,\"name\":\"MCO : Josselin Droff dans &#8220;Signal sur bruit&#8221;, podcast du CDEM\"}]},{\"@type\":\"WebSite\",\"@id\":\"https:\\\/\\\/ecodef-ihedn.fr\\\/#website\",\"url\":\"https:\\\/\\\/ecodef-ihedn.fr\\\/\",\"name\":\"Chaire \u00c9conomie de D\u00e9fense - IHEDN\",\"description\":\"Produire &amp; soutenir, f\u00e9d\u00e9rer &amp; diffuser, \u00eatre une interface\",\"publisher\":{\"@id\":\"https:\\\/\\\/ecodef-ihedn.fr\\\/#organization\"},\"potentialAction\":[{\"@type\":\"SearchAction\",\"target\":{\"@type\":\"EntryPoint\",\"urlTemplate\":\"https:\\\/\\\/ecodef-ihedn.fr\\\/?s={search_term_string}\"},\"query-input\":{\"@type\":\"PropertyValueSpecification\",\"valueRequired\":true,\"valueName\":\"search_term_string\"}}],\"inLanguage\":\"en-GB\"},{\"@type\":\"Organization\",\"@id\":\"https:\\\/\\\/ecodef-ihedn.fr\\\/#organization\",\"name\":\"Chaire \u00c9conomie de d\u00e9fense - IHEDN\",\"url\":\"https:\\\/\\\/ecodef-ihedn.fr\\\/\",\"logo\":{\"@type\":\"ImageObject\",\"inLanguage\":\"en-GB\",\"@id\":\"https:\\\/\\\/ecodef-ihedn.fr\\\/#\\\/schema\\\/logo\\\/image\\\/\",\"url\":\"https:\\\/\\\/ecodef-ihedn.fr\\\/wp-content\\\/uploads\\\/2020\\\/04\\\/logoEcodef9.jpg\",\"contentUrl\":\"https:\\\/\\\/ecodef-ihedn.fr\\\/wp-content\\\/uploads\\\/2020\\\/04\\\/logoEcodef9.jpg\",\"width\":410,\"height\":212,\"caption\":\"Chaire \u00c9conomie de d\u00e9fense - IHEDN\"},\"image\":{\"@id\":\"https:\\\/\\\/ecodef-ihedn.fr\\\/#\\\/schema\\\/logo\\\/image\\\/\"},\"sameAs\":[\"https:\\\/\\\/x.com\\\/Chaire_Ecodef\",\"https:\\\/\\\/www.linkedin.com\\\/company\\\/chaire-ecodef-ihedn\\\/\"]},{\"@type\":\"Person\",\"@id\":\"https:\\\/\\\/ecodef-ihedn.fr\\\/#\\\/schema\\\/person\\\/1cdf22d028cebe278126a6e07a884d30\",\"name\":\"Bertrand Demandre\",\"image\":{\"@type\":\"ImageObject\",\"inLanguage\":\"en-GB\",\"@id\":\"https:\\\/\\\/secure.gravatar.com\\\/avatar\\\/d9c9746d6c900ab5b9c0f9b1fa3932e369da923da247d624b8f7ab4ba8a3c093?s=96&d=mm&r=g\",\"url\":\"https:\\\/\\\/secure.gravatar.com\\\/avatar\\\/d9c9746d6c900ab5b9c0f9b1fa3932e369da923da247d624b8f7ab4ba8a3c093?s=96&d=mm&r=g\",\"contentUrl\":\"https:\\\/\\\/secure.gravatar.com\\\/avatar\\\/d9c9746d6c900ab5b9c0f9b1fa3932e369da923da247d624b8f7ab4ba8a3c093?s=96&d=mm&r=g\",\"caption\":\"Bertrand Demandre\"},\"url\":\"https:\\\/\\\/ecodef-ihedn.fr\\\/en\\\/author\\\/bertrand\\\/\"}]}<\/script>\n<!-- \/ Yoast SEO plugin. -->","yoast_head_json":{"title":"MCO : Josselin Droff dans \"Signal sur bruit\", podcast du CDEM - Chaire \u00c9conomie de d\u00e9fense - IHEDN","description":"Josselin Droff, Chercheur \u00e0 la Chaire, intervient pour Signal sur Bruit, podcast du CDEM, pour pr\u00e9senter son article d\u00e9di\u00e9 \u00e0 la r\u00e9organisation g\u00e9ographique du MCO des mat\u00e9riels de d\u00e9fense.","robots":{"index":"index","follow":"follow","max-snippet":"max-snippet:-1","max-image-preview":"max-image-preview:large","max-video-preview":"max-video-preview:-1"},"canonical":"https:\/\/ecodef-ihedn.fr\/en\/mco-josselin-droff-dans-signal-sur-bruit-podcast-du-cdem\/","og_locale":"en_GB","og_type":"article","og_title":"MCO : Josselin Droff dans \"Signal sur bruit\", podcast du CDEM - Chaire \u00c9conomie de d\u00e9fense - IHEDN","og_description":"Josselin Droff, Chercheur \u00e0 la Chaire, intervient pour Signal sur Bruit, podcast du CDEM, pour pr\u00e9senter son article d\u00e9di\u00e9 \u00e0 la r\u00e9organisation g\u00e9ographique du MCO des mat\u00e9riels de d\u00e9fense.","og_url":"https:\/\/ecodef-ihedn.fr\/en\/mco-josselin-droff-dans-signal-sur-bruit-podcast-du-cdem\/","og_site_name":"Chaire \u00c9conomie de d\u00e9fense - IHEDN","article_published_time":"2020-10-01T14:59:06+00:00","article_modified_time":"2020-10-01T15:09:04+00:00","og_image":[{"width":300,"height":300,"url":"https:\/\/ecodef-ihedn.fr\/wp-content\/uploads\/2020\/09\/20200903_Ilustration_Podcast-e1601564318274.png","type":"image\/png"}],"author":"Bertrand Demandre","twitter_card":"summary_large_image","twitter_creator":"@Chaire_Ecodef","twitter_site":"@Chaire_Ecodef","twitter_misc":{"Written by":"Bertrand Demandre","Estimated reading time":"2 minutes"},"schema":{"@context":"https:\/\/schema.org","@graph":[{"@type":"Article","@id":"https:\/\/ecodef-ihedn.fr\/mco-josselin-droff-dans-signal-sur-bruit-podcast-du-cdem\/#article","isPartOf":{"@id":"https:\/\/ecodef-ihedn.fr\/mco-josselin-droff-dans-signal-sur-bruit-podcast-du-cdem\/"},"author":{"name":"Bertrand Demandre","@id":"https:\/\/ecodef-ihedn.fr\/#\/schema\/person\/1cdf22d028cebe278126a6e07a884d30"},"headline":"MCO : Josselin Droff dans \u00ab\u00a0Signal sur bruit\u00a0\u00bb, podcast du CDEM","datePublished":"2020-10-01T14:59:06+00:00","dateModified":"2020-10-01T15:09:04+00:00","mainEntityOfPage":{"@id":"https:\/\/ecodef-ihedn.fr\/mco-josselin-droff-dans-signal-sur-bruit-podcast-du-cdem\/"},"wordCount":313,"commentCount":0,"publisher":{"@id":"https:\/\/ecodef-ihedn.fr\/#organization"},"image":{"@id":"https:\/\/ecodef-ihedn.fr\/mco-josselin-droff-dans-signal-sur-bruit-podcast-du-cdem\/#primaryimage"},"thumbnailUrl":"https:\/\/ecodef-ihedn.fr\/wp-content\/uploads\/2020\/09\/20200903_Ilustration_Podcast-e1601564318274.png","keywords":["Budget","CDEM","chaire \u00e9conomie de d\u00e9fense","\u00e9conomie de d\u00e9fense","Economie G\u00e9ographique","Josselin Droff","MCO","podcast","r\u00e9organisation territoriale"],"articleSection":["Activit\u00e9s","M\u00e9dias"],"inLanguage":"en-GB","potentialAction":[{"@type":"CommentAction","name":"Comment","target":["https:\/\/ecodef-ihedn.fr\/mco-josselin-droff-dans-signal-sur-bruit-podcast-du-cdem\/#respond"]}]},{"@type":"WebPage","@id":"https:\/\/ecodef-ihedn.fr\/mco-josselin-droff-dans-signal-sur-bruit-podcast-du-cdem\/","url":"https:\/\/ecodef-ihedn.fr\/mco-josselin-droff-dans-signal-sur-bruit-podcast-du-cdem\/","name":"MCO : Josselin Droff dans \"Signal sur bruit\", podcast du CDEM - Chaire \u00c9conomie de d\u00e9fense - IHEDN","isPartOf":{"@id":"https:\/\/ecodef-ihedn.fr\/#website"},"primaryImageOfPage":{"@id":"https:\/\/ecodef-ihedn.fr\/mco-josselin-droff-dans-signal-sur-bruit-podcast-du-cdem\/#primaryimage"},"image":{"@id":"https:\/\/ecodef-ihedn.fr\/mco-josselin-droff-dans-signal-sur-bruit-podcast-du-cdem\/#primaryimage"},"thumbnailUrl":"https:\/\/ecodef-ihedn.fr\/wp-content\/uploads\/2020\/09\/20200903_Ilustration_Podcast-e1601564318274.png","datePublished":"2020-10-01T14:59:06+00:00","dateModified":"2020-10-01T15:09:04+00:00","description":"Josselin Droff, Chercheur \u00e0 la Chaire, intervient pour Signal sur Bruit, podcast du CDEM, pour pr\u00e9senter son article d\u00e9di\u00e9 \u00e0 la r\u00e9organisation g\u00e9ographique du MCO des mat\u00e9riels de d\u00e9fense.","breadcrumb":{"@id":"https:\/\/ecodef-ihedn.fr\/mco-josselin-droff-dans-signal-sur-bruit-podcast-du-cdem\/#breadcrumb"},"inLanguage":"en-GB","potentialAction":[{"@type":"ReadAction","target":["https:\/\/ecodef-ihedn.fr\/mco-josselin-droff-dans-signal-sur-bruit-podcast-du-cdem\/"]}]},{"@type":"ImageObject","inLanguage":"en-GB","@id":"https:\/\/ecodef-ihedn.fr\/mco-josselin-droff-dans-signal-sur-bruit-podcast-du-cdem\/#primaryimage","url":"https:\/\/ecodef-ihedn.fr\/wp-content\/uploads\/2020\/09\/20200903_Ilustration_Podcast-e1601564318274.png","contentUrl":"https:\/\/ecodef-ihedn.fr\/wp-content\/uploads\/2020\/09\/20200903_Ilustration_Podcast-e1601564318274.png","width":300,"height":300},{"@type":"BreadcrumbList","@id":"https:\/\/ecodef-ihedn.fr\/mco-josselin-droff-dans-signal-sur-bruit-podcast-du-cdem\/#breadcrumb","itemListElement":[{"@type":"ListItem","position":1,"name":"Accueil","item":"https:\/\/ecodef-ihedn.fr\/"},{"@type":"ListItem","position":2,"name":"MCO : Josselin Droff dans &#8220;Signal sur bruit&#8221;, podcast du CDEM"}]},{"@type":"WebSite","@id":"https:\/\/ecodef-ihedn.fr\/#website","url":"https:\/\/ecodef-ihedn.fr\/","name":"Chair in Defence Economics - IHEDN","description":"Produce &amp; support, federate &amp; disseminate, act as an interface","publisher":{"@id":"https:\/\/ecodef-ihedn.fr\/#organization"},"potentialAction":[{"@type":"SearchAction","target":{"@type":"EntryPoint","urlTemplate":"https:\/\/ecodef-ihedn.fr\/?s={search_term_string}"},"query-input":{"@type":"PropertyValueSpecification","valueRequired":true,"valueName":"search_term_string"}}],"inLanguage":"en-GB"},{"@type":"Organization","@id":"https:\/\/ecodef-ihedn.fr\/#organization","name":"Chair in Defence Economics - IHEDN","url":"https:\/\/ecodef-ihedn.fr\/","logo":{"@type":"ImageObject","inLanguage":"en-GB","@id":"https:\/\/ecodef-ihedn.fr\/#\/schema\/logo\/image\/","url":"https:\/\/ecodef-ihedn.fr\/wp-content\/uploads\/2020\/04\/logoEcodef9.jpg","contentUrl":"https:\/\/ecodef-ihedn.fr\/wp-content\/uploads\/2020\/04\/logoEcodef9.jpg","width":410,"height":212,"caption":"Chaire \u00c9conomie de d\u00e9fense - IHEDN"},"image":{"@id":"https:\/\/ecodef-ihedn.fr\/#\/schema\/logo\/image\/"},"sameAs":["https:\/\/x.com\/Chaire_Ecodef","https:\/\/www.linkedin.com\/company\/chaire-ecodef-ihedn\/"]},{"@type":"Person","@id":"https:\/\/ecodef-ihedn.fr\/#\/schema\/person\/1cdf22d028cebe278126a6e07a884d30","name":"Bertrand Demandre","image":{"@type":"ImageObject","inLanguage":"en-GB","@id":"https:\/\/secure.gravatar.com\/avatar\/d9c9746d6c900ab5b9c0f9b1fa3932e369da923da247d624b8f7ab4ba8a3c093?s=96&d=mm&r=g","url":"https:\/\/secure.gravatar.com\/avatar\/d9c9746d6c900ab5b9c0f9b1fa3932e369da923da247d624b8f7ab4ba8a3c093?s=96&d=mm&r=g","contentUrl":"https:\/\/secure.gravatar.com\/avatar\/d9c9746d6c900ab5b9c0f9b1fa3932e369da923da247d624b8f7ab4ba8a3c093?s=96&d=mm&r=g","caption":"Bertrand Demandre"},"url":"https:\/\/ecodef-ihedn.fr\/en\/author\/bertrand\/"}]}},"_links":{"self":[{"href":"https:\/\/ecodef-ihedn.fr\/en\/wp-json\/wp\/v2\/posts\/2234","targetHints":{"allow":["GET"]}}],"collection":[{"href":"https:\/\/ecodef-ihedn.fr\/en\/wp-json\/wp\/v2\/posts"}],"about":[{"href":"https:\/\/ecodef-ihedn.fr\/en\/wp-json\/wp\/v2\/types\/post"}],"author":[{"embeddable":true,"href":"https:\/\/ecodef-ihedn.fr\/en\/wp-json\/wp\/v2\/users\/2"}],"replies":[{"embeddable":true,"href":"https:\/\/ecodef-ihedn.fr\/en\/wp-json\/wp\/v2\/comments?post=2234"}],"version-history":[{"count":5,"href":"https:\/\/ecodef-ihedn.fr\/en\/wp-json\/wp\/v2\/posts\/2234\/revisions"}],"predecessor-version":[{"id":2300,"href":"https:\/\/ecodef-ihedn.fr\/en\/wp-json\/wp\/v2\/posts\/2234\/revisions\/2300"}],"wp:featuredmedia":[{"embeddable":true,"href":"https:\/\/ecodef-ihedn.fr\/en\/wp-json\/wp\/v2\/media\/2105"}],"wp:attachment":[{"href":"https:\/\/ecodef-ihedn.fr\/en\/wp-json\/wp\/v2\/media?parent=2234"}],"wp:term":[{"taxonomy":"category","embeddable":true,"href":"https:\/\/ecodef-ihedn.fr\/en\/wp-json\/wp\/v2\/categories?post=2234"},{"taxonomy":"post_tag","embeddable":true,"href":"https:\/\/ecodef-ihedn.fr\/en\/wp-json\/wp\/v2\/tags?post=2234"}],"curies":[{"name":"wp","href":"https:\/\/api.w.org\/{rel}","templated":true}]}}