{"id":2335,"date":"2020-10-20T07:43:55","date_gmt":"2020-10-20T07:43:55","guid":{"rendered":"https:\/\/ecodef-ihedn.fr\/?p=2335"},"modified":"2020-10-23T14:36:27","modified_gmt":"2020-10-23T14:36:27","slug":"julien-malizard-annuaire-droit-de-la-securite-et-de-la-defense","status":"publish","type":"post","link":"https:\/\/ecodef-ihedn.fr\/en\/julien-malizard-annuaire-droit-de-la-securite-et-de-la-defense\/","title":{"rendered":"Julien Malizard publishes a chapter in the 2020 Yearbook of Security and Defence Law"},"content":{"rendered":"<p><strong>Julien Malizard<\/strong>, Deputy Chair, publishes a chapter in <a rel=\"noreferrer noopener\" href=\"http:\/\/www.mareetmartin.com\/livre\/annuaire-2020-du-droit-de-la-securite-et-de-la-defense\" target=\"_blank\">l\u2019<em>2020 Directory of Security and Defence Law<\/em><\/a>, published this month by Mare et Martin. <\/p>\n\n\n\n<div class=\"wp-block-image\"><figure class=\"aligncenter size-large\"><img loading=\"lazy\" decoding=\"async\" width=\"495\" height=\"768\" src=\"https:\/\/ecodef-ihedn.fr\/wp-content\/uploads\/2020\/10\/Annuaire-2020-droit.png\" alt=\"Annuaire 2020 du droit de la s\u00e9curit\u00e9 et de la d\u00e9fense\" class=\"wp-image-2337\" srcset=\"https:\/\/ecodef-ihedn.fr\/wp-content\/uploads\/2020\/10\/Annuaire-2020-droit.png 495w, https:\/\/ecodef-ihedn.fr\/wp-content\/uploads\/2020\/10\/Annuaire-2020-droit-193x300.png 193w, https:\/\/ecodef-ihedn.fr\/wp-content\/uploads\/2020\/10\/Annuaire-2020-droit-271x420.png 271w\" sizes=\"auto, (max-width: 495px) 100vw, 495px\" \/><\/figure><\/div>\n\n\n\n<p>The chapter is entitled \u00abEconomic methods applied to defence research: the example of economic impact\u00bb. It discusses the <strong>theoretical and empirical issues in defence economics<\/strong> and illustrates this with an analysis of the issues involved.<strong>\u2018he economic impact of defence<\/strong>.<\/p>\n\n\n\n<p>This publication is a follow-up to a <a rel=\"noreferrer noopener\" href=\"https:\/\/ecodef-ihedn.fr\/en\/intervention-de-julien-malizard-au-7eme-colloque-de-lafdsd-a-grenoble\/\" target=\"_blank\">conference in September 2019<\/a> by the Association fran\u00e7aise de droit de la s\u00e9curit\u00e9 et de la d\u00e9fense, as part of a panel on <a rel=\"noreferrer noopener\" href=\"https:\/\/ecodef-ihedn.fr\/en\/julien-malizard-auteur-dun-chapitre-de-louvrage-research-methods-in-defence-studies-a-multidisciplinary-overview\/\" target=\"_blank\">methodological issues in the social sciences<\/a>. <\/p>\n\n\n\n<h4 class=\"wp-block-heading\"><span style=\"color:#0276b8\" class=\"has-inline-color\">About the book<\/span><\/h4>\n\n\n\n<p>Coordinated by <strong>Delphine Deschaux-Dutard<\/strong> and <strong>Jean-Christophe Videlin<\/strong>, The book focuses on a wide range of controversial issues (police violence, external operations, defence economics, cybersecurity, drones and artificial intelligence), addressed by leading specialists in the field. The aim of this multidisciplinary work is to provide solid answers to the many questions that have shaped defence and security law in 2019. It is aimed at academics and professionals as well as members of the public wishing to keep abreast of the latest developments.<\/p>\n\n\n\n<p class=\"has-text-align-center\">&gt;&gt; <a href=\"http:\/\/www.mareetmartin.com\/livre\/annuaire-2020-du-droit-de-la-securite-et-de-la-defense\" target=\"_blank\" rel=\"noreferrer noopener\">To obtain the book<\/a> &lt;&lt;<\/p>\n\n\n\n<p><\/p>","protected":false},"excerpt":{"rendered":"<p>Julien Malizard, titulaire adjoint de la Chaire, publie un chapitre dans l&rsquo;Annuaire 2020 du droit de la s\u00e9curit\u00e9 et de la d\u00e9fense, paru ce mois-ci aux \u00e9ditions Mare et Martin. Le chapitre s&rsquo;intitule \u00ab\u00a0Les m\u00e9thodes de l&rsquo;\u00e9conomie appliqu\u00e9es \u00e0 la recherche sur les questions&nbsp;de d\u00e9fense : l&rsquo;exemple de l&rsquo;impact \u00e9conomique\u00a0\u00bb. Il discute des enjeux th\u00e9oriques [&hellip;]<\/p>\n","protected":false},"author":2,"featured_media":2343,"comment_status":"open","ping_status":"open","sticky":false,"template":"","format":"standard","meta":{"footnotes":""},"categories":[350,352],"tags":[36,335,86,328,110,94,82],"class_list":{"0":"post-2335","1":"post","2":"type-post","3":"status-publish","4":"format-standard","5":"has-post-thumbnail","7":"category-publications","8":"category-thematique-2-determinants-et-impacts-de-la-depense-de-defense","9":"tag-defense","10":"tag-impact-economique","11":"tag-julien-malizard","12":"tag-methode","13":"tag-publications","14":"tag-publications-chaire-economie-de-defense","15":"tag-securite"},"yoast_head":"<!-- This site is optimized with the Yoast SEO plugin v27.4 - https:\/\/yoast.com\/product\/yoast-seo-wordpress\/ -->\n<title>Julien Malizard publie un chapitre dans l&#039;Annuaire 2020 du droit de la s\u00e9curit\u00e9 et de la d\u00e9fense - Chaire \u00c9conomie de d\u00e9fense - IHEDN<\/title>\n<meta name=\"description\" content=\"Julien Malizard, titulaire adjoint de la Chaire, publie un chapitre dans l&#039;Annuaire 2020 du droit de la s\u00e9curit\u00e9 et de la d\u00e9fense.\" \/>\n<meta name=\"robots\" content=\"index, follow, max-snippet:-1, max-image-preview:large, max-video-preview:-1\" \/>\n<link rel=\"canonical\" href=\"https:\/\/ecodef-ihedn.fr\/en\/julien-malizard-annuaire-droit-de-la-securite-et-de-la-defense\/\" \/>\n<meta property=\"og:locale\" content=\"en_GB\" \/>\n<meta property=\"og:type\" content=\"article\" \/>\n<meta property=\"og:title\" content=\"Julien Malizard publie un chapitre dans l&#039;Annuaire 2020 du droit de la s\u00e9curit\u00e9 et de la d\u00e9fense - Chaire \u00c9conomie de d\u00e9fense - IHEDN\" \/>\n<meta property=\"og:description\" content=\"Julien Malizard, titulaire adjoint de la Chaire, publie un chapitre dans l&#039;Annuaire 2020 du droit de la s\u00e9curit\u00e9 et de la d\u00e9fense.\" \/>\n<meta property=\"og:url\" content=\"https:\/\/ecodef-ihedn.fr\/en\/julien-malizard-annuaire-droit-de-la-securite-et-de-la-defense\/\" \/>\n<meta property=\"og:site_name\" content=\"Chaire \u00c9conomie de d\u00e9fense - IHEDN\" \/>\n<meta property=\"article:published_time\" content=\"2020-10-20T07:43:55+00:00\" \/>\n<meta property=\"article:modified_time\" content=\"2020-10-23T14:36:27+00:00\" \/>\n<meta property=\"og:image\" content=\"https:\/\/ecodef-ihedn.fr\/wp-content\/uploads\/2020\/10\/Annuaire-2020-droit-1-e1602581690742.png\" \/>\n\t<meta property=\"og:image:width\" content=\"495\" \/>\n\t<meta property=\"og:image:height\" content=\"343\" \/>\n\t<meta property=\"og:image:type\" content=\"image\/png\" \/>\n<meta name=\"author\" content=\"Bertrand Demandre\" \/>\n<meta name=\"twitter:card\" content=\"summary_large_image\" \/>\n<meta name=\"twitter:creator\" content=\"@Chaire_Ecodef\" \/>\n<meta name=\"twitter:site\" content=\"@Chaire_Ecodef\" \/>\n<meta name=\"twitter:label1\" content=\"Written by\" \/>\n\t<meta name=\"twitter:data1\" content=\"Bertrand Demandre\" \/>\n\t<meta name=\"twitter:label2\" content=\"Estimated reading time\" \/>\n\t<meta name=\"twitter:data2\" content=\"1 minute\" \/>\n<script type=\"application\/ld+json\" class=\"yoast-schema-graph\">{\"@context\":\"https:\\\/\\\/schema.org\",\"@graph\":[{\"@type\":\"Article\",\"@id\":\"https:\\\/\\\/ecodef-ihedn.fr\\\/julien-malizard-annuaire-droit-de-la-securite-et-de-la-defense\\\/#article\",\"isPartOf\":{\"@id\":\"https:\\\/\\\/ecodef-ihedn.fr\\\/julien-malizard-annuaire-droit-de-la-securite-et-de-la-defense\\\/\"},\"author\":{\"name\":\"Bertrand Demandre\",\"@id\":\"https:\\\/\\\/ecodef-ihedn.fr\\\/#\\\/schema\\\/person\\\/1cdf22d028cebe278126a6e07a884d30\"},\"headline\":\"Julien Malizard publie un chapitre dans l&rsquo;Annuaire 2020 du droit de la s\u00e9curit\u00e9 et de la d\u00e9fense\",\"datePublished\":\"2020-10-20T07:43:55+00:00\",\"dateModified\":\"2020-10-23T14:36:27+00:00\",\"mainEntityOfPage\":{\"@id\":\"https:\\\/\\\/ecodef-ihedn.fr\\\/julien-malizard-annuaire-droit-de-la-securite-et-de-la-defense\\\/\"},\"wordCount\":260,\"commentCount\":1,\"publisher\":{\"@id\":\"https:\\\/\\\/ecodef-ihedn.fr\\\/#organization\"},\"image\":{\"@id\":\"https:\\\/\\\/ecodef-ihedn.fr\\\/julien-malizard-annuaire-droit-de-la-securite-et-de-la-defense\\\/#primaryimage\"},\"thumbnailUrl\":\"https:\\\/\\\/ecodef-ihedn.fr\\\/wp-content\\\/uploads\\\/2020\\\/10\\\/Annuaire-2020-droit-1-e1602581690742.png\",\"keywords\":[\"D\u00e9fense\",\"Impact \u00e9conomique\",\"Julien Malizard\",\"M\u00e9thode\",\"Publications\",\"Publications Chaire Economie de D\u00e9fense\",\"s\u00e9curit\u00e9\"],\"articleSection\":[\"Publications\",\"Th\u00e9matique 2 : d\u00e9terminants et impacts de la d\u00e9pense de d\u00e9fense\"],\"inLanguage\":\"en-GB\",\"potentialAction\":[{\"@type\":\"CommentAction\",\"name\":\"Comment\",\"target\":[\"https:\\\/\\\/ecodef-ihedn.fr\\\/julien-malizard-annuaire-droit-de-la-securite-et-de-la-defense\\\/#respond\"]}]},{\"@type\":\"WebPage\",\"@id\":\"https:\\\/\\\/ecodef-ihedn.fr\\\/julien-malizard-annuaire-droit-de-la-securite-et-de-la-defense\\\/\",\"url\":\"https:\\\/\\\/ecodef-ihedn.fr\\\/julien-malizard-annuaire-droit-de-la-securite-et-de-la-defense\\\/\",\"name\":\"Julien Malizard publie un chapitre dans l'Annuaire 2020 du droit de la s\u00e9curit\u00e9 et de la d\u00e9fense - Chaire \u00c9conomie de d\u00e9fense - IHEDN\",\"isPartOf\":{\"@id\":\"https:\\\/\\\/ecodef-ihedn.fr\\\/#website\"},\"primaryImageOfPage\":{\"@id\":\"https:\\\/\\\/ecodef-ihedn.fr\\\/julien-malizard-annuaire-droit-de-la-securite-et-de-la-defense\\\/#primaryimage\"},\"image\":{\"@id\":\"https:\\\/\\\/ecodef-ihedn.fr\\\/julien-malizard-annuaire-droit-de-la-securite-et-de-la-defense\\\/#primaryimage\"},\"thumbnailUrl\":\"https:\\\/\\\/ecodef-ihedn.fr\\\/wp-content\\\/uploads\\\/2020\\\/10\\\/Annuaire-2020-droit-1-e1602581690742.png\",\"datePublished\":\"2020-10-20T07:43:55+00:00\",\"dateModified\":\"2020-10-23T14:36:27+00:00\",\"description\":\"Julien Malizard, titulaire adjoint de la Chaire, publie un chapitre dans l'Annuaire 2020 du droit de la s\u00e9curit\u00e9 et de la d\u00e9fense.\",\"breadcrumb\":{\"@id\":\"https:\\\/\\\/ecodef-ihedn.fr\\\/julien-malizard-annuaire-droit-de-la-securite-et-de-la-defense\\\/#breadcrumb\"},\"inLanguage\":\"en-GB\",\"potentialAction\":[{\"@type\":\"ReadAction\",\"target\":[\"https:\\\/\\\/ecodef-ihedn.fr\\\/julien-malizard-annuaire-droit-de-la-securite-et-de-la-defense\\\/\"]}]},{\"@type\":\"ImageObject\",\"inLanguage\":\"en-GB\",\"@id\":\"https:\\\/\\\/ecodef-ihedn.fr\\\/julien-malizard-annuaire-droit-de-la-securite-et-de-la-defense\\\/#primaryimage\",\"url\":\"https:\\\/\\\/ecodef-ihedn.fr\\\/wp-content\\\/uploads\\\/2020\\\/10\\\/Annuaire-2020-droit-1-e1602581690742.png\",\"contentUrl\":\"https:\\\/\\\/ecodef-ihedn.fr\\\/wp-content\\\/uploads\\\/2020\\\/10\\\/Annuaire-2020-droit-1-e1602581690742.png\",\"width\":495,\"height\":343},{\"@type\":\"BreadcrumbList\",\"@id\":\"https:\\\/\\\/ecodef-ihedn.fr\\\/julien-malizard-annuaire-droit-de-la-securite-et-de-la-defense\\\/#breadcrumb\",\"itemListElement\":[{\"@type\":\"ListItem\",\"position\":1,\"name\":\"Accueil\",\"item\":\"https:\\\/\\\/ecodef-ihedn.fr\\\/\"},{\"@type\":\"ListItem\",\"position\":2,\"name\":\"Julien Malizard publie un chapitre dans l&#8217;Annuaire 2020 du droit de la s\u00e9curit\u00e9 et de la d\u00e9fense\"}]},{\"@type\":\"WebSite\",\"@id\":\"https:\\\/\\\/ecodef-ihedn.fr\\\/#website\",\"url\":\"https:\\\/\\\/ecodef-ihedn.fr\\\/\",\"name\":\"Chaire \u00c9conomie de D\u00e9fense - IHEDN\",\"description\":\"Produire &amp; soutenir, f\u00e9d\u00e9rer &amp; diffuser, \u00eatre une interface\",\"publisher\":{\"@id\":\"https:\\\/\\\/ecodef-ihedn.fr\\\/#organization\"},\"potentialAction\":[{\"@type\":\"SearchAction\",\"target\":{\"@type\":\"EntryPoint\",\"urlTemplate\":\"https:\\\/\\\/ecodef-ihedn.fr\\\/?s={search_term_string}\"},\"query-input\":{\"@type\":\"PropertyValueSpecification\",\"valueRequired\":true,\"valueName\":\"search_term_string\"}}],\"inLanguage\":\"en-GB\"},{\"@type\":\"Organization\",\"@id\":\"https:\\\/\\\/ecodef-ihedn.fr\\\/#organization\",\"name\":\"Chaire \u00c9conomie de d\u00e9fense - IHEDN\",\"url\":\"https:\\\/\\\/ecodef-ihedn.fr\\\/\",\"logo\":{\"@type\":\"ImageObject\",\"inLanguage\":\"en-GB\",\"@id\":\"https:\\\/\\\/ecodef-ihedn.fr\\\/#\\\/schema\\\/logo\\\/image\\\/\",\"url\":\"https:\\\/\\\/ecodef-ihedn.fr\\\/wp-content\\\/uploads\\\/2020\\\/04\\\/logoEcodef9.jpg\",\"contentUrl\":\"https:\\\/\\\/ecodef-ihedn.fr\\\/wp-content\\\/uploads\\\/2020\\\/04\\\/logoEcodef9.jpg\",\"width\":410,\"height\":212,\"caption\":\"Chaire \u00c9conomie de d\u00e9fense - IHEDN\"},\"image\":{\"@id\":\"https:\\\/\\\/ecodef-ihedn.fr\\\/#\\\/schema\\\/logo\\\/image\\\/\"},\"sameAs\":[\"https:\\\/\\\/x.com\\\/Chaire_Ecodef\",\"https:\\\/\\\/www.linkedin.com\\\/company\\\/chaire-ecodef-ihedn\\\/\"]},{\"@type\":\"Person\",\"@id\":\"https:\\\/\\\/ecodef-ihedn.fr\\\/#\\\/schema\\\/person\\\/1cdf22d028cebe278126a6e07a884d30\",\"name\":\"Bertrand Demandre\",\"image\":{\"@type\":\"ImageObject\",\"inLanguage\":\"en-GB\",\"@id\":\"https:\\\/\\\/secure.gravatar.com\\\/avatar\\\/d9c9746d6c900ab5b9c0f9b1fa3932e369da923da247d624b8f7ab4ba8a3c093?s=96&d=mm&r=g\",\"url\":\"https:\\\/\\\/secure.gravatar.com\\\/avatar\\\/d9c9746d6c900ab5b9c0f9b1fa3932e369da923da247d624b8f7ab4ba8a3c093?s=96&d=mm&r=g\",\"contentUrl\":\"https:\\\/\\\/secure.gravatar.com\\\/avatar\\\/d9c9746d6c900ab5b9c0f9b1fa3932e369da923da247d624b8f7ab4ba8a3c093?s=96&d=mm&r=g\",\"caption\":\"Bertrand Demandre\"},\"url\":\"https:\\\/\\\/ecodef-ihedn.fr\\\/en\\\/author\\\/bertrand\\\/\"}]}<\/script>\n<!-- \/ Yoast SEO plugin. -->","yoast_head_json":{"title":"Julien Malizard publie un chapitre dans l'Annuaire 2020 du droit de la s\u00e9curit\u00e9 et de la d\u00e9fense - Chaire \u00c9conomie de d\u00e9fense - IHEDN","description":"Julien Malizard, titulaire adjoint de la Chaire, publie un chapitre dans l'Annuaire 2020 du droit de la s\u00e9curit\u00e9 et de la d\u00e9fense.","robots":{"index":"index","follow":"follow","max-snippet":"max-snippet:-1","max-image-preview":"max-image-preview:large","max-video-preview":"max-video-preview:-1"},"canonical":"https:\/\/ecodef-ihedn.fr\/en\/julien-malizard-annuaire-droit-de-la-securite-et-de-la-defense\/","og_locale":"en_GB","og_type":"article","og_title":"Julien Malizard publie un chapitre dans l'Annuaire 2020 du droit de la s\u00e9curit\u00e9 et de la d\u00e9fense - Chaire \u00c9conomie de d\u00e9fense - IHEDN","og_description":"Julien Malizard, titulaire adjoint de la Chaire, publie un chapitre dans l'Annuaire 2020 du droit de la s\u00e9curit\u00e9 et de la d\u00e9fense.","og_url":"https:\/\/ecodef-ihedn.fr\/en\/julien-malizard-annuaire-droit-de-la-securite-et-de-la-defense\/","og_site_name":"Chaire \u00c9conomie de d\u00e9fense - IHEDN","article_published_time":"2020-10-20T07:43:55+00:00","article_modified_time":"2020-10-23T14:36:27+00:00","og_image":[{"width":495,"height":343,"url":"https:\/\/ecodef-ihedn.fr\/wp-content\/uploads\/2020\/10\/Annuaire-2020-droit-1-e1602581690742.png","type":"image\/png"}],"author":"Bertrand Demandre","twitter_card":"summary_large_image","twitter_creator":"@Chaire_Ecodef","twitter_site":"@Chaire_Ecodef","twitter_misc":{"Written by":"Bertrand Demandre","Estimated reading time":"1 minute"},"schema":{"@context":"https:\/\/schema.org","@graph":[{"@type":"Article","@id":"https:\/\/ecodef-ihedn.fr\/julien-malizard-annuaire-droit-de-la-securite-et-de-la-defense\/#article","isPartOf":{"@id":"https:\/\/ecodef-ihedn.fr\/julien-malizard-annuaire-droit-de-la-securite-et-de-la-defense\/"},"author":{"name":"Bertrand Demandre","@id":"https:\/\/ecodef-ihedn.fr\/#\/schema\/person\/1cdf22d028cebe278126a6e07a884d30"},"headline":"Julien Malizard publie un chapitre dans l&rsquo;Annuaire 2020 du droit de la s\u00e9curit\u00e9 et de la d\u00e9fense","datePublished":"2020-10-20T07:43:55+00:00","dateModified":"2020-10-23T14:36:27+00:00","mainEntityOfPage":{"@id":"https:\/\/ecodef-ihedn.fr\/julien-malizard-annuaire-droit-de-la-securite-et-de-la-defense\/"},"wordCount":260,"commentCount":1,"publisher":{"@id":"https:\/\/ecodef-ihedn.fr\/#organization"},"image":{"@id":"https:\/\/ecodef-ihedn.fr\/julien-malizard-annuaire-droit-de-la-securite-et-de-la-defense\/#primaryimage"},"thumbnailUrl":"https:\/\/ecodef-ihedn.fr\/wp-content\/uploads\/2020\/10\/Annuaire-2020-droit-1-e1602581690742.png","keywords":["D\u00e9fense","Impact \u00e9conomique","Julien Malizard","M\u00e9thode","Publications","Publications Chaire Economie de D\u00e9fense","s\u00e9curit\u00e9"],"articleSection":["Publications","Th\u00e9matique 2 : d\u00e9terminants et impacts de la d\u00e9pense de d\u00e9fense"],"inLanguage":"en-GB","potentialAction":[{"@type":"CommentAction","name":"Comment","target":["https:\/\/ecodef-ihedn.fr\/julien-malizard-annuaire-droit-de-la-securite-et-de-la-defense\/#respond"]}]},{"@type":"WebPage","@id":"https:\/\/ecodef-ihedn.fr\/julien-malizard-annuaire-droit-de-la-securite-et-de-la-defense\/","url":"https:\/\/ecodef-ihedn.fr\/julien-malizard-annuaire-droit-de-la-securite-et-de-la-defense\/","name":"Julien Malizard publie un chapitre dans l'Annuaire 2020 du droit de la s\u00e9curit\u00e9 et de la d\u00e9fense - Chaire \u00c9conomie de d\u00e9fense - IHEDN","isPartOf":{"@id":"https:\/\/ecodef-ihedn.fr\/#website"},"primaryImageOfPage":{"@id":"https:\/\/ecodef-ihedn.fr\/julien-malizard-annuaire-droit-de-la-securite-et-de-la-defense\/#primaryimage"},"image":{"@id":"https:\/\/ecodef-ihedn.fr\/julien-malizard-annuaire-droit-de-la-securite-et-de-la-defense\/#primaryimage"},"thumbnailUrl":"https:\/\/ecodef-ihedn.fr\/wp-content\/uploads\/2020\/10\/Annuaire-2020-droit-1-e1602581690742.png","datePublished":"2020-10-20T07:43:55+00:00","dateModified":"2020-10-23T14:36:27+00:00","description":"Julien Malizard, titulaire adjoint de la Chaire, publie un chapitre dans l'Annuaire 2020 du droit de la s\u00e9curit\u00e9 et de la d\u00e9fense.","breadcrumb":{"@id":"https:\/\/ecodef-ihedn.fr\/julien-malizard-annuaire-droit-de-la-securite-et-de-la-defense\/#breadcrumb"},"inLanguage":"en-GB","potentialAction":[{"@type":"ReadAction","target":["https:\/\/ecodef-ihedn.fr\/julien-malizard-annuaire-droit-de-la-securite-et-de-la-defense\/"]}]},{"@type":"ImageObject","inLanguage":"en-GB","@id":"https:\/\/ecodef-ihedn.fr\/julien-malizard-annuaire-droit-de-la-securite-et-de-la-defense\/#primaryimage","url":"https:\/\/ecodef-ihedn.fr\/wp-content\/uploads\/2020\/10\/Annuaire-2020-droit-1-e1602581690742.png","contentUrl":"https:\/\/ecodef-ihedn.fr\/wp-content\/uploads\/2020\/10\/Annuaire-2020-droit-1-e1602581690742.png","width":495,"height":343},{"@type":"BreadcrumbList","@id":"https:\/\/ecodef-ihedn.fr\/julien-malizard-annuaire-droit-de-la-securite-et-de-la-defense\/#breadcrumb","itemListElement":[{"@type":"ListItem","position":1,"name":"Accueil","item":"https:\/\/ecodef-ihedn.fr\/"},{"@type":"ListItem","position":2,"name":"Julien Malizard publie un chapitre dans l&#8217;Annuaire 2020 du droit de la s\u00e9curit\u00e9 et de la d\u00e9fense"}]},{"@type":"WebSite","@id":"https:\/\/ecodef-ihedn.fr\/#website","url":"https:\/\/ecodef-ihedn.fr\/","name":"Chair in Defence Economics - IHEDN","description":"Produce &amp; support, federate &amp; disseminate, act as an interface","publisher":{"@id":"https:\/\/ecodef-ihedn.fr\/#organization"},"potentialAction":[{"@type":"SearchAction","target":{"@type":"EntryPoint","urlTemplate":"https:\/\/ecodef-ihedn.fr\/?s={search_term_string}"},"query-input":{"@type":"PropertyValueSpecification","valueRequired":true,"valueName":"search_term_string"}}],"inLanguage":"en-GB"},{"@type":"Organization","@id":"https:\/\/ecodef-ihedn.fr\/#organization","name":"Chair in Defence Economics - IHEDN","url":"https:\/\/ecodef-ihedn.fr\/","logo":{"@type":"ImageObject","inLanguage":"en-GB","@id":"https:\/\/ecodef-ihedn.fr\/#\/schema\/logo\/image\/","url":"https:\/\/ecodef-ihedn.fr\/wp-content\/uploads\/2020\/04\/logoEcodef9.jpg","contentUrl":"https:\/\/ecodef-ihedn.fr\/wp-content\/uploads\/2020\/04\/logoEcodef9.jpg","width":410,"height":212,"caption":"Chaire \u00c9conomie de d\u00e9fense - IHEDN"},"image":{"@id":"https:\/\/ecodef-ihedn.fr\/#\/schema\/logo\/image\/"},"sameAs":["https:\/\/x.com\/Chaire_Ecodef","https:\/\/www.linkedin.com\/company\/chaire-ecodef-ihedn\/"]},{"@type":"Person","@id":"https:\/\/ecodef-ihedn.fr\/#\/schema\/person\/1cdf22d028cebe278126a6e07a884d30","name":"Bertrand Demandre","image":{"@type":"ImageObject","inLanguage":"en-GB","@id":"https:\/\/secure.gravatar.com\/avatar\/d9c9746d6c900ab5b9c0f9b1fa3932e369da923da247d624b8f7ab4ba8a3c093?s=96&d=mm&r=g","url":"https:\/\/secure.gravatar.com\/avatar\/d9c9746d6c900ab5b9c0f9b1fa3932e369da923da247d624b8f7ab4ba8a3c093?s=96&d=mm&r=g","contentUrl":"https:\/\/secure.gravatar.com\/avatar\/d9c9746d6c900ab5b9c0f9b1fa3932e369da923da247d624b8f7ab4ba8a3c093?s=96&d=mm&r=g","caption":"Bertrand Demandre"},"url":"https:\/\/ecodef-ihedn.fr\/en\/author\/bertrand\/"}]}},"_links":{"self":[{"href":"https:\/\/ecodef-ihedn.fr\/en\/wp-json\/wp\/v2\/posts\/2335","targetHints":{"allow":["GET"]}}],"collection":[{"href":"https:\/\/ecodef-ihedn.fr\/en\/wp-json\/wp\/v2\/posts"}],"about":[{"href":"https:\/\/ecodef-ihedn.fr\/en\/wp-json\/wp\/v2\/types\/post"}],"author":[{"embeddable":true,"href":"https:\/\/ecodef-ihedn.fr\/en\/wp-json\/wp\/v2\/users\/2"}],"replies":[{"embeddable":true,"href":"https:\/\/ecodef-ihedn.fr\/en\/wp-json\/wp\/v2\/comments?post=2335"}],"version-history":[{"count":5,"href":"https:\/\/ecodef-ihedn.fr\/en\/wp-json\/wp\/v2\/posts\/2335\/revisions"}],"predecessor-version":[{"id":2368,"href":"https:\/\/ecodef-ihedn.fr\/en\/wp-json\/wp\/v2\/posts\/2335\/revisions\/2368"}],"wp:featuredmedia":[{"embeddable":true,"href":"https:\/\/ecodef-ihedn.fr\/en\/wp-json\/wp\/v2\/media\/2343"}],"wp:attachment":[{"href":"https:\/\/ecodef-ihedn.fr\/en\/wp-json\/wp\/v2\/media?parent=2335"}],"wp:term":[{"taxonomy":"category","embeddable":true,"href":"https:\/\/ecodef-ihedn.fr\/en\/wp-json\/wp\/v2\/categories?post=2335"},{"taxonomy":"post_tag","embeddable":true,"href":"https:\/\/ecodef-ihedn.fr\/en\/wp-json\/wp\/v2\/tags?post=2335"}],"curies":[{"name":"wp","href":"https:\/\/api.w.org\/{rel}","templated":true}]}}