{"id":2373,"date":"2020-11-10T12:52:50","date_gmt":"2020-11-10T12:52:50","guid":{"rendered":"https:\/\/ecodef-ihedn.fr\/?p=2373"},"modified":"2020-12-11T15:49:35","modified_gmt":"2020-12-11T15:49:35","slug":"conference-annuelle-chaire-economie-defense","status":"publish","type":"post","link":"https:\/\/ecodef-ihedn.fr\/en\/conference-annuelle-chaire-economie-defense\/","title":{"rendered":"2 December 2020: Annual conference of the Economics of Defence Chair - IHEDN"},"content":{"rendered":"<p class=\"has-text-align-center\" style=\"font-size:20px\"><strong>Wednesday 2 December 2020 from 2 pm<br><br>\u00c9cole militaire (Paris 7e) - Foch amphitheatre<\/strong><br>(webinar)<\/p>\n\n\n\n<div class=\"wp-block-buttons aligncenter is-layout-flex wp-block-buttons-is-layout-flex\">\n<div class=\"wp-block-button is-style-round\"><a class=\"wp-block-button__link\">REGISTRATIONS CLOSED<\/a><\/div>\n<\/div>\n\n\n\n<p>La <strong>Chair in Defence Economics - IHEDN <\/strong>organises the <strong>2 December 2020<\/strong> afternoon at the\u2019<strong>Military school<\/strong>, a conference (webinar) with the participation of <strong>Mrs Florence Parly, Minister for the Armed Forces<\/strong>, on the theme :<\/p>\n\n\n\n<p class=\"has-text-align-center\" style=\"font-size:20px\"><strong><em>What kind of European defence industrial policy to meet the challenges ahead?<\/em><\/strong><\/p>\n\n\n\n<p><strong>Provisional programme :<\/strong><\/p>\n\n\n\n<p>Introduction by Christian de Boissieu, Chairman of the Chair's Scientific Council, and Lieutenant General Patrick Destremau, Director of IHEDN<\/p>\n\n\n\n<p>Round Table 1: <strong>Why implement a European defence industrial policy?<\/strong><br>With H\u00e9l\u00e8ne Conway-Mouret (Senate), Thomas Gomart (IFRI), Camille Grand (NATO), Antoine Bouvier (AIRBUS)<\/p>\n\n\n\n<p>Speech by Timo Pesonen, Director General for Defence Industry and Space (DEFIS) (European Commission)<\/p>\n\n\n\n<p>Round Table 2: <strong>What kind of European defence industrial policy is desirable and feasible?<\/strong><br>With Fran\u00e7ois Mestre (DGA), St\u00e9phane Mayer (CIDEF), Philippe Duhamel (THALES), Herv\u00e9 Guillou (GICAN), Kuldar V\u00e4\u00e4rsi (MILREM) <\/p>\n\n\n\n<p>Conclusion by Florence Parly, Minister for the Armed Forces<\/p>\n\n\n\n<p class=\"has-text-align-center\"><em><strong><u>IMPORTANT:<\/u><\/strong><\/em><br><em>Due to restrictions linked to the health situation, the conference will only be accessible remotely (webinar).<\/em><\/p>\n\n\n\n<div class=\"wp-block-buttons aligncenter is-layout-flex wp-block-buttons-is-layout-flex\">\n<div class=\"wp-block-button is-style-round\"><a class=\"wp-block-button__link\">REGISTRATIONS CLOSED<\/a><\/div>\n<\/div>\n\n\n\n<p class=\"has-text-align-center\"><em>The detailed programme and practical details will be sent to those whose registration has been confirmed by the organiser.<\/em><\/p>","protected":false},"excerpt":{"rendered":"<p>Mercredi 2 d\u00e9cembre 2020 \u00e0 partir de 14 h \u00c9cole militaire (Paris 7e) \u2013 amphith\u00e9\u00e2tre Foch(webinaire) La Chaire \u00c9conomie de D\u00e9fense &#8211; IHEDN organise le 2 d\u00e9cembre 2020 apr\u00e8s-midi \u00e0 l&rsquo;\u00c9cole militaire, une conf\u00e9rence (webinaire) avec la participation de Madame Florence Parly, Ministre des Arm\u00e9es, sur le th\u00e8me : Quelle politique industrielle europ\u00e9enne de d\u00e9fense [&hellip;]<\/p>\n","protected":false},"author":2,"featured_media":1407,"comment_status":"open","ping_status":"open","sticky":false,"template":"","format":"standard","meta":{"footnotes":""},"categories":[34,355],"tags":[211,162,41,163,103,178,156,133,38,95,288,347],"class_list":{"0":"post-2373","1":"post","2":"type-post","3":"status-publish","4":"format-standard","5":"has-post-thumbnail","7":"category-activites","8":"category-activites-evenements-portes-par-la-chaire","9":"tag-bitd","10":"tag-chaire-economie-de-defense","11":"tag-conference","12":"tag-conference-annuelle","13":"tag-ecole-militaire","14":"tag-europe","15":"tag-europe-de-la-defense","16":"tag-florence-parly","17":"tag-ihedn","18":"tag-ministere-des-armees","19":"tag-ministre-des-armees","20":"tag-politique-industrielle"},"yoast_head":"<!-- This site is optimized with the Yoast SEO plugin v27.4 - https:\/\/yoast.com\/product\/yoast-seo-wordpress\/ -->\n<title>2 d\u00e9cembre 2020 : Conf\u00e9rence annuelle de la Chaire \u00c9conomie de D\u00e9fense - IHEDN - Chaire \u00c9conomie de d\u00e9fense - IHEDN<\/title>\n<meta name=\"description\" content=\"La Chaire Economie de d\u00e9fense - IHEDN organise sa conf\u00e9rence annuelle le 2 d\u00e9cembre 2020, en pr\u00e9sence de Florence Parly, ministre des Arm\u00e9es.\" \/>\n<meta name=\"robots\" content=\"index, follow, max-snippet:-1, max-image-preview:large, max-video-preview:-1\" \/>\n<link rel=\"canonical\" href=\"https:\/\/ecodef-ihedn.fr\/en\/conference-annuelle-chaire-economie-defense\/\" \/>\n<meta property=\"og:locale\" content=\"en_GB\" \/>\n<meta property=\"og:type\" content=\"article\" \/>\n<meta property=\"og:title\" content=\"2 d\u00e9cembre 2020 : Conf\u00e9rence annuelle de la Chaire \u00c9conomie de D\u00e9fense - IHEDN - Chaire \u00c9conomie de d\u00e9fense - IHEDN\" \/>\n<meta property=\"og:description\" content=\"La Chaire Economie de d\u00e9fense - IHEDN organise sa conf\u00e9rence annuelle le 2 d\u00e9cembre 2020, en pr\u00e9sence de Florence Parly, ministre des Arm\u00e9es.\" \/>\n<meta property=\"og:url\" content=\"https:\/\/ecodef-ihedn.fr\/en\/conference-annuelle-chaire-economie-defense\/\" \/>\n<meta property=\"og:site_name\" content=\"Chaire \u00c9conomie de d\u00e9fense - IHEDN\" \/>\n<meta property=\"article:published_time\" content=\"2020-11-10T12:52:50+00:00\" \/>\n<meta property=\"article:modified_time\" content=\"2020-12-11T15:49:35+00:00\" \/>\n<meta property=\"og:image\" content=\"https:\/\/ecodef-ihedn.fr\/wp-content\/uploads\/2020\/04\/2019_sga023_r_9-2.jpg\" \/>\n\t<meta property=\"og:image:width\" content=\"2048\" \/>\n\t<meta property=\"og:image:height\" content=\"1365\" \/>\n\t<meta property=\"og:image:type\" content=\"image\/jpeg\" \/>\n<meta name=\"author\" content=\"Bertrand Demandre\" \/>\n<meta name=\"twitter:card\" content=\"summary_large_image\" \/>\n<meta name=\"twitter:creator\" content=\"@Chaire_Ecodef\" \/>\n<meta name=\"twitter:site\" content=\"@Chaire_Ecodef\" \/>\n<meta name=\"twitter:label1\" content=\"Written by\" \/>\n\t<meta name=\"twitter:data1\" content=\"Bertrand Demandre\" \/>\n\t<meta name=\"twitter:label2\" content=\"Estimated reading time\" \/>\n\t<meta name=\"twitter:data2\" content=\"1 minute\" \/>\n<script type=\"application\/ld+json\" class=\"yoast-schema-graph\">{\"@context\":\"https:\\\/\\\/schema.org\",\"@graph\":[{\"@type\":\"Article\",\"@id\":\"https:\\\/\\\/ecodef-ihedn.fr\\\/conference-annuelle-chaire-economie-defense\\\/#article\",\"isPartOf\":{\"@id\":\"https:\\\/\\\/ecodef-ihedn.fr\\\/conference-annuelle-chaire-economie-defense\\\/\"},\"author\":{\"name\":\"Bertrand Demandre\",\"@id\":\"https:\\\/\\\/ecodef-ihedn.fr\\\/#\\\/schema\\\/person\\\/1cdf22d028cebe278126a6e07a884d30\"},\"headline\":\"2 d\u00e9cembre 2020 : Conf\u00e9rence annuelle de la Chaire \u00c9conomie de D\u00e9fense &#8211; IHEDN\",\"datePublished\":\"2020-11-10T12:52:50+00:00\",\"dateModified\":\"2020-12-11T15:49:35+00:00\",\"mainEntityOfPage\":{\"@id\":\"https:\\\/\\\/ecodef-ihedn.fr\\\/conference-annuelle-chaire-economie-defense\\\/\"},\"wordCount\":249,\"commentCount\":4,\"publisher\":{\"@id\":\"https:\\\/\\\/ecodef-ihedn.fr\\\/#organization\"},\"image\":{\"@id\":\"https:\\\/\\\/ecodef-ihedn.fr\\\/conference-annuelle-chaire-economie-defense\\\/#primaryimage\"},\"thumbnailUrl\":\"https:\\\/\\\/ecodef-ihedn.fr\\\/wp-content\\\/uploads\\\/2020\\\/04\\\/2019_sga023_r_9-2.jpg\",\"keywords\":[\"BITD\",\"chaire \u00e9conomie de d\u00e9fense\",\"conf\u00e9rence\",\"conf\u00e9rence annuelle\",\"Ecole Militaire\",\"Europe\",\"Europe de la D\u00e9fense\",\"Florence Parly\",\"IHEDN\",\"Minist\u00e8re des Arm\u00e9es\",\"Ministre des Arm\u00e9es\",\"politique industrielle\"],\"articleSection\":[\"Activit\u00e9s\",\"Activit\u00e9s : \u00e9v\u00e9nements port\u00e9s par la Chaire\"],\"inLanguage\":\"en-GB\",\"potentialAction\":[{\"@type\":\"CommentAction\",\"name\":\"Comment\",\"target\":[\"https:\\\/\\\/ecodef-ihedn.fr\\\/conference-annuelle-chaire-economie-defense\\\/#respond\"]}]},{\"@type\":\"WebPage\",\"@id\":\"https:\\\/\\\/ecodef-ihedn.fr\\\/conference-annuelle-chaire-economie-defense\\\/\",\"url\":\"https:\\\/\\\/ecodef-ihedn.fr\\\/conference-annuelle-chaire-economie-defense\\\/\",\"name\":\"2 d\u00e9cembre 2020 : Conf\u00e9rence annuelle de la Chaire \u00c9conomie de D\u00e9fense - IHEDN - Chaire \u00c9conomie de d\u00e9fense - IHEDN\",\"isPartOf\":{\"@id\":\"https:\\\/\\\/ecodef-ihedn.fr\\\/#website\"},\"primaryImageOfPage\":{\"@id\":\"https:\\\/\\\/ecodef-ihedn.fr\\\/conference-annuelle-chaire-economie-defense\\\/#primaryimage\"},\"image\":{\"@id\":\"https:\\\/\\\/ecodef-ihedn.fr\\\/conference-annuelle-chaire-economie-defense\\\/#primaryimage\"},\"thumbnailUrl\":\"https:\\\/\\\/ecodef-ihedn.fr\\\/wp-content\\\/uploads\\\/2020\\\/04\\\/2019_sga023_r_9-2.jpg\",\"datePublished\":\"2020-11-10T12:52:50+00:00\",\"dateModified\":\"2020-12-11T15:49:35+00:00\",\"description\":\"La Chaire Economie de d\u00e9fense - IHEDN organise sa conf\u00e9rence annuelle le 2 d\u00e9cembre 2020, en pr\u00e9sence de Florence Parly, ministre des Arm\u00e9es.\",\"breadcrumb\":{\"@id\":\"https:\\\/\\\/ecodef-ihedn.fr\\\/conference-annuelle-chaire-economie-defense\\\/#breadcrumb\"},\"inLanguage\":\"en-GB\",\"potentialAction\":[{\"@type\":\"ReadAction\",\"target\":[\"https:\\\/\\\/ecodef-ihedn.fr\\\/conference-annuelle-chaire-economie-defense\\\/\"]}]},{\"@type\":\"ImageObject\",\"inLanguage\":\"en-GB\",\"@id\":\"https:\\\/\\\/ecodef-ihedn.fr\\\/conference-annuelle-chaire-economie-defense\\\/#primaryimage\",\"url\":\"https:\\\/\\\/ecodef-ihedn.fr\\\/wp-content\\\/uploads\\\/2020\\\/04\\\/2019_sga023_r_9-2.jpg\",\"contentUrl\":\"https:\\\/\\\/ecodef-ihedn.fr\\\/wp-content\\\/uploads\\\/2020\\\/04\\\/2019_sga023_r_9-2.jpg\",\"width\":2048,\"height\":1365,\"caption\":\"Conf\u00e9rence annuelle de la Chaire \u00c9conomie de d\u00e9fense-IHEDN pr\u00e9vue pour le 2 d\u00e9cembre 2020, en pr\u00e9sence de Florence Parly, ministre des Arm\u00e9es.\"},{\"@type\":\"BreadcrumbList\",\"@id\":\"https:\\\/\\\/ecodef-ihedn.fr\\\/conference-annuelle-chaire-economie-defense\\\/#breadcrumb\",\"itemListElement\":[{\"@type\":\"ListItem\",\"position\":1,\"name\":\"Accueil\",\"item\":\"https:\\\/\\\/ecodef-ihedn.fr\\\/\"},{\"@type\":\"ListItem\",\"position\":2,\"name\":\"2 d\u00e9cembre 2020 : Conf\u00e9rence annuelle de la Chaire \u00c9conomie de D\u00e9fense &#8211; IHEDN\"}]},{\"@type\":\"WebSite\",\"@id\":\"https:\\\/\\\/ecodef-ihedn.fr\\\/#website\",\"url\":\"https:\\\/\\\/ecodef-ihedn.fr\\\/\",\"name\":\"Chaire \u00c9conomie de D\u00e9fense - IHEDN\",\"description\":\"Produire &amp; soutenir, f\u00e9d\u00e9rer &amp; diffuser, \u00eatre une interface\",\"publisher\":{\"@id\":\"https:\\\/\\\/ecodef-ihedn.fr\\\/#organization\"},\"potentialAction\":[{\"@type\":\"SearchAction\",\"target\":{\"@type\":\"EntryPoint\",\"urlTemplate\":\"https:\\\/\\\/ecodef-ihedn.fr\\\/?s={search_term_string}\"},\"query-input\":{\"@type\":\"PropertyValueSpecification\",\"valueRequired\":true,\"valueName\":\"search_term_string\"}}],\"inLanguage\":\"en-GB\"},{\"@type\":\"Organization\",\"@id\":\"https:\\\/\\\/ecodef-ihedn.fr\\\/#organization\",\"name\":\"Chaire \u00c9conomie de d\u00e9fense - IHEDN\",\"url\":\"https:\\\/\\\/ecodef-ihedn.fr\\\/\",\"logo\":{\"@type\":\"ImageObject\",\"inLanguage\":\"en-GB\",\"@id\":\"https:\\\/\\\/ecodef-ihedn.fr\\\/#\\\/schema\\\/logo\\\/image\\\/\",\"url\":\"https:\\\/\\\/ecodef-ihedn.fr\\\/wp-content\\\/uploads\\\/2020\\\/04\\\/logoEcodef9.jpg\",\"contentUrl\":\"https:\\\/\\\/ecodef-ihedn.fr\\\/wp-content\\\/uploads\\\/2020\\\/04\\\/logoEcodef9.jpg\",\"width\":410,\"height\":212,\"caption\":\"Chaire \u00c9conomie de d\u00e9fense - IHEDN\"},\"image\":{\"@id\":\"https:\\\/\\\/ecodef-ihedn.fr\\\/#\\\/schema\\\/logo\\\/image\\\/\"},\"sameAs\":[\"https:\\\/\\\/x.com\\\/Chaire_Ecodef\",\"https:\\\/\\\/www.linkedin.com\\\/company\\\/chaire-ecodef-ihedn\\\/\"]},{\"@type\":\"Person\",\"@id\":\"https:\\\/\\\/ecodef-ihedn.fr\\\/#\\\/schema\\\/person\\\/1cdf22d028cebe278126a6e07a884d30\",\"name\":\"Bertrand Demandre\",\"image\":{\"@type\":\"ImageObject\",\"inLanguage\":\"en-GB\",\"@id\":\"https:\\\/\\\/secure.gravatar.com\\\/avatar\\\/d9c9746d6c900ab5b9c0f9b1fa3932e369da923da247d624b8f7ab4ba8a3c093?s=96&d=mm&r=g\",\"url\":\"https:\\\/\\\/secure.gravatar.com\\\/avatar\\\/d9c9746d6c900ab5b9c0f9b1fa3932e369da923da247d624b8f7ab4ba8a3c093?s=96&d=mm&r=g\",\"contentUrl\":\"https:\\\/\\\/secure.gravatar.com\\\/avatar\\\/d9c9746d6c900ab5b9c0f9b1fa3932e369da923da247d624b8f7ab4ba8a3c093?s=96&d=mm&r=g\",\"caption\":\"Bertrand Demandre\"},\"url\":\"https:\\\/\\\/ecodef-ihedn.fr\\\/en\\\/author\\\/bertrand\\\/\"}]}<\/script>\n<!-- \/ Yoast SEO plugin. -->","yoast_head_json":{"title":"2 d\u00e9cembre 2020 : Conf\u00e9rence annuelle de la Chaire \u00c9conomie de D\u00e9fense - IHEDN - Chaire \u00c9conomie de d\u00e9fense - IHEDN","description":"La Chaire Economie de d\u00e9fense - IHEDN organise sa conf\u00e9rence annuelle le 2 d\u00e9cembre 2020, en pr\u00e9sence de Florence Parly, ministre des Arm\u00e9es.","robots":{"index":"index","follow":"follow","max-snippet":"max-snippet:-1","max-image-preview":"max-image-preview:large","max-video-preview":"max-video-preview:-1"},"canonical":"https:\/\/ecodef-ihedn.fr\/en\/conference-annuelle-chaire-economie-defense\/","og_locale":"en_GB","og_type":"article","og_title":"2 d\u00e9cembre 2020 : Conf\u00e9rence annuelle de la Chaire \u00c9conomie de D\u00e9fense - IHEDN - Chaire \u00c9conomie de d\u00e9fense - IHEDN","og_description":"La Chaire Economie de d\u00e9fense - IHEDN organise sa conf\u00e9rence annuelle le 2 d\u00e9cembre 2020, en pr\u00e9sence de Florence Parly, ministre des Arm\u00e9es.","og_url":"https:\/\/ecodef-ihedn.fr\/en\/conference-annuelle-chaire-economie-defense\/","og_site_name":"Chaire \u00c9conomie de d\u00e9fense - IHEDN","article_published_time":"2020-11-10T12:52:50+00:00","article_modified_time":"2020-12-11T15:49:35+00:00","og_image":[{"width":2048,"height":1365,"url":"https:\/\/ecodef-ihedn.fr\/wp-content\/uploads\/2020\/04\/2019_sga023_r_9-2.jpg","type":"image\/jpeg"}],"author":"Bertrand Demandre","twitter_card":"summary_large_image","twitter_creator":"@Chaire_Ecodef","twitter_site":"@Chaire_Ecodef","twitter_misc":{"Written by":"Bertrand Demandre","Estimated reading time":"1 minute"},"schema":{"@context":"https:\/\/schema.org","@graph":[{"@type":"Article","@id":"https:\/\/ecodef-ihedn.fr\/conference-annuelle-chaire-economie-defense\/#article","isPartOf":{"@id":"https:\/\/ecodef-ihedn.fr\/conference-annuelle-chaire-economie-defense\/"},"author":{"name":"Bertrand Demandre","@id":"https:\/\/ecodef-ihedn.fr\/#\/schema\/person\/1cdf22d028cebe278126a6e07a884d30"},"headline":"2 d\u00e9cembre 2020 : Conf\u00e9rence annuelle de la Chaire \u00c9conomie de D\u00e9fense &#8211; IHEDN","datePublished":"2020-11-10T12:52:50+00:00","dateModified":"2020-12-11T15:49:35+00:00","mainEntityOfPage":{"@id":"https:\/\/ecodef-ihedn.fr\/conference-annuelle-chaire-economie-defense\/"},"wordCount":249,"commentCount":4,"publisher":{"@id":"https:\/\/ecodef-ihedn.fr\/#organization"},"image":{"@id":"https:\/\/ecodef-ihedn.fr\/conference-annuelle-chaire-economie-defense\/#primaryimage"},"thumbnailUrl":"https:\/\/ecodef-ihedn.fr\/wp-content\/uploads\/2020\/04\/2019_sga023_r_9-2.jpg","keywords":["BITD","chaire \u00e9conomie de d\u00e9fense","conf\u00e9rence","conf\u00e9rence annuelle","Ecole Militaire","Europe","Europe de la D\u00e9fense","Florence Parly","IHEDN","Minist\u00e8re des Arm\u00e9es","Ministre des Arm\u00e9es","politique industrielle"],"articleSection":["Activit\u00e9s","Activit\u00e9s : \u00e9v\u00e9nements port\u00e9s par la Chaire"],"inLanguage":"en-GB","potentialAction":[{"@type":"CommentAction","name":"Comment","target":["https:\/\/ecodef-ihedn.fr\/conference-annuelle-chaire-economie-defense\/#respond"]}]},{"@type":"WebPage","@id":"https:\/\/ecodef-ihedn.fr\/conference-annuelle-chaire-economie-defense\/","url":"https:\/\/ecodef-ihedn.fr\/conference-annuelle-chaire-economie-defense\/","name":"2 d\u00e9cembre 2020 : Conf\u00e9rence annuelle de la Chaire \u00c9conomie de D\u00e9fense - IHEDN - Chaire \u00c9conomie de d\u00e9fense - IHEDN","isPartOf":{"@id":"https:\/\/ecodef-ihedn.fr\/#website"},"primaryImageOfPage":{"@id":"https:\/\/ecodef-ihedn.fr\/conference-annuelle-chaire-economie-defense\/#primaryimage"},"image":{"@id":"https:\/\/ecodef-ihedn.fr\/conference-annuelle-chaire-economie-defense\/#primaryimage"},"thumbnailUrl":"https:\/\/ecodef-ihedn.fr\/wp-content\/uploads\/2020\/04\/2019_sga023_r_9-2.jpg","datePublished":"2020-11-10T12:52:50+00:00","dateModified":"2020-12-11T15:49:35+00:00","description":"La Chaire Economie de d\u00e9fense - IHEDN organise sa conf\u00e9rence annuelle le 2 d\u00e9cembre 2020, en pr\u00e9sence de Florence Parly, ministre des Arm\u00e9es.","breadcrumb":{"@id":"https:\/\/ecodef-ihedn.fr\/conference-annuelle-chaire-economie-defense\/#breadcrumb"},"inLanguage":"en-GB","potentialAction":[{"@type":"ReadAction","target":["https:\/\/ecodef-ihedn.fr\/conference-annuelle-chaire-economie-defense\/"]}]},{"@type":"ImageObject","inLanguage":"en-GB","@id":"https:\/\/ecodef-ihedn.fr\/conference-annuelle-chaire-economie-defense\/#primaryimage","url":"https:\/\/ecodef-ihedn.fr\/wp-content\/uploads\/2020\/04\/2019_sga023_r_9-2.jpg","contentUrl":"https:\/\/ecodef-ihedn.fr\/wp-content\/uploads\/2020\/04\/2019_sga023_r_9-2.jpg","width":2048,"height":1365,"caption":"Conf\u00e9rence annuelle de la Chaire \u00c9conomie de d\u00e9fense-IHEDN pr\u00e9vue pour le 2 d\u00e9cembre 2020, en pr\u00e9sence de Florence Parly, ministre des Arm\u00e9es."},{"@type":"BreadcrumbList","@id":"https:\/\/ecodef-ihedn.fr\/conference-annuelle-chaire-economie-defense\/#breadcrumb","itemListElement":[{"@type":"ListItem","position":1,"name":"Accueil","item":"https:\/\/ecodef-ihedn.fr\/"},{"@type":"ListItem","position":2,"name":"2 d\u00e9cembre 2020 : Conf\u00e9rence annuelle de la Chaire \u00c9conomie de D\u00e9fense &#8211; IHEDN"}]},{"@type":"WebSite","@id":"https:\/\/ecodef-ihedn.fr\/#website","url":"https:\/\/ecodef-ihedn.fr\/","name":"Chair in Defence Economics - IHEDN","description":"Produce &amp; support, federate &amp; disseminate, act as an interface","publisher":{"@id":"https:\/\/ecodef-ihedn.fr\/#organization"},"potentialAction":[{"@type":"SearchAction","target":{"@type":"EntryPoint","urlTemplate":"https:\/\/ecodef-ihedn.fr\/?s={search_term_string}"},"query-input":{"@type":"PropertyValueSpecification","valueRequired":true,"valueName":"search_term_string"}}],"inLanguage":"en-GB"},{"@type":"Organization","@id":"https:\/\/ecodef-ihedn.fr\/#organization","name":"Chair in Defence Economics - IHEDN","url":"https:\/\/ecodef-ihedn.fr\/","logo":{"@type":"ImageObject","inLanguage":"en-GB","@id":"https:\/\/ecodef-ihedn.fr\/#\/schema\/logo\/image\/","url":"https:\/\/ecodef-ihedn.fr\/wp-content\/uploads\/2020\/04\/logoEcodef9.jpg","contentUrl":"https:\/\/ecodef-ihedn.fr\/wp-content\/uploads\/2020\/04\/logoEcodef9.jpg","width":410,"height":212,"caption":"Chaire \u00c9conomie de d\u00e9fense - IHEDN"},"image":{"@id":"https:\/\/ecodef-ihedn.fr\/#\/schema\/logo\/image\/"},"sameAs":["https:\/\/x.com\/Chaire_Ecodef","https:\/\/www.linkedin.com\/company\/chaire-ecodef-ihedn\/"]},{"@type":"Person","@id":"https:\/\/ecodef-ihedn.fr\/#\/schema\/person\/1cdf22d028cebe278126a6e07a884d30","name":"Bertrand Demandre","image":{"@type":"ImageObject","inLanguage":"en-GB","@id":"https:\/\/secure.gravatar.com\/avatar\/d9c9746d6c900ab5b9c0f9b1fa3932e369da923da247d624b8f7ab4ba8a3c093?s=96&d=mm&r=g","url":"https:\/\/secure.gravatar.com\/avatar\/d9c9746d6c900ab5b9c0f9b1fa3932e369da923da247d624b8f7ab4ba8a3c093?s=96&d=mm&r=g","contentUrl":"https:\/\/secure.gravatar.com\/avatar\/d9c9746d6c900ab5b9c0f9b1fa3932e369da923da247d624b8f7ab4ba8a3c093?s=96&d=mm&r=g","caption":"Bertrand Demandre"},"url":"https:\/\/ecodef-ihedn.fr\/en\/author\/bertrand\/"}]}},"_links":{"self":[{"href":"https:\/\/ecodef-ihedn.fr\/en\/wp-json\/wp\/v2\/posts\/2373","targetHints":{"allow":["GET"]}}],"collection":[{"href":"https:\/\/ecodef-ihedn.fr\/en\/wp-json\/wp\/v2\/posts"}],"about":[{"href":"https:\/\/ecodef-ihedn.fr\/en\/wp-json\/wp\/v2\/types\/post"}],"author":[{"embeddable":true,"href":"https:\/\/ecodef-ihedn.fr\/en\/wp-json\/wp\/v2\/users\/2"}],"replies":[{"embeddable":true,"href":"https:\/\/ecodef-ihedn.fr\/en\/wp-json\/wp\/v2\/comments?post=2373"}],"version-history":[{"count":5,"href":"https:\/\/ecodef-ihedn.fr\/en\/wp-json\/wp\/v2\/posts\/2373\/revisions"}],"predecessor-version":[{"id":3905,"href":"https:\/\/ecodef-ihedn.fr\/en\/wp-json\/wp\/v2\/posts\/2373\/revisions\/3905"}],"wp:featuredmedia":[{"embeddable":true,"href":"https:\/\/ecodef-ihedn.fr\/en\/wp-json\/wp\/v2\/media\/1407"}],"wp:attachment":[{"href":"https:\/\/ecodef-ihedn.fr\/en\/wp-json\/wp\/v2\/media?parent=2373"}],"wp:term":[{"taxonomy":"category","embeddable":true,"href":"https:\/\/ecodef-ihedn.fr\/en\/wp-json\/wp\/v2\/categories?post=2373"},{"taxonomy":"post_tag","embeddable":true,"href":"https:\/\/ecodef-ihedn.fr\/en\/wp-json\/wp\/v2\/tags?post=2373"}],"curies":[{"name":"wp","href":"https:\/\/api.w.org\/{rel}","templated":true}]}}