{"id":2503,"date":"2020-11-20T12:38:01","date_gmt":"2020-11-20T12:38:01","guid":{"rendered":"https:\/\/ecodef-ihedn.fr\/?p=2503"},"modified":"2023-03-17T09:56:46","modified_gmt":"2023-03-17T09:56:46","slug":"participation-chaire-economie-defense-copda","status":"publish","type":"post","link":"https:\/\/ecodef-ihedn.fr\/en\/participation-chaire-economie-defense-copda\/","title":{"rendered":"Participation of Jean Belin, Josselin Droff and Julien Malizard in the CoPDA"},"content":{"rendered":"<figure class=\"wp-block-image size-large is-resized\"><img loading=\"lazy\" decoding=\"async\" class=\"wp-image-2504\" src=\"https:\/\/ecodef-ihedn.fr\/wp-content\/uploads\/2020\/11\/image-1-1024x613.png\" alt=\"La Chaire \u00c9conomie de d\u00e9fense - IHEDN a particip\u00e9 au CopDa, organis\u00e9 par la Chaire D\u00e9fense &amp; A\u00e9rospatial.\" width=\"1024\" height=\"613\" \/><\/figure>\r\n\r\n\r\n\r\n<p>The Chair spoke on Wednesday 18 November 2020 at the CoPDA (Cours de Perfectionnement D\u00e9fense et A\u00e9rospatial), organised online by <a href=\"https:\/\/www.sciencespobordeaux.fr\/fr\/l-institut\/notre-ecole\/les-chaires-d-enseignement-et-de-recherche-1\/chaire-defense-aerospatial.html\" target=\"_blank\" rel=\"noreferrer noopener\">the Defence &amp; Aerospace Chair<\/a>, led by General (2S) Laurent.<\/p>\r\n\r\n\r\n\r\n<p>The event provided an opportunity to present <a href=\"https:\/\/ecodef-ihedn.fr\/en\/economie-de-defense-problematiques-contemporaines-la-chaire-au-centre-du-numero-dete-de-la-rdn\/\" target=\"_blank\" rel=\"noreferrer noopener\">the work of the members of the Chair<\/a> to an audience of auditors representing manufacturers in the defence sector.<\/p>\r\n\r\n\r\n\r\n<p><strong>Jean Belin<\/strong>, Chairholder, presented a\u00a0<strong>overview of France's defence technological and industrial base (DTIB)<\/strong>\u00a0emphasising the methodological difficulties involved in<strong>\u00a0its definition and measurement<\/strong>. On the basis of its work, it also addressed the following issues\u00a0<strong>specific characteristics of defence companies<\/strong>\u00a0when compared with companies in the civilian sector. The problems of\u00a0<strong>financing defence companies<\/strong>\u00a0were also presented, with a view to\u00a0<strong>technological and financial change<\/strong> of the global economy.<\/p>\r\n\r\n\r\n\r\n<p><strong>Josselin Droff<\/strong>, a researcher at the Chair, presented the<strong>\u00a0the economic challenges of Maintaining Operational Readiness (MCO)<\/strong>\u00a0defence equipment. The presentation was based on the author's various works on the subject, including a discussion on the issue of\u00a0<strong>changes in equipment costs and availability.<\/strong> The main\u00a0<strong>drivers of costs<\/strong>\u00a0were presented, as well as<strong>\u00a0various levers for action<\/strong>\u00a0put in place by the government and industry in an attempt to reduce costs and\/or improve availability. By relying on<a href=\"https:\/\/ecodef-ihedn.fr\/en\/mco-4-0-nouvelles-technologies-et-maintien-en-condition-operationnelle\/\" target=\"_blank\" rel=\"noreferrer noopener\"> a recent study by the author<\/a>, the question of\u00a0<strong>technological revolution\u00a0<\/strong>in the MCO was presented (connected objects, 3D printing, augmented reality and virtual reality, robots and cobots).<br \/><strong><br \/>Julien Malizard<\/strong>, Deputy Chairholder, presented the issues at stake in the Chair.<strong>\u00a0the economic impact of defence activities<\/strong>, In this context, the focus is on the link between macroeconomic impact, regional impact and the technological impact on businesses. On the basis of <a href=\"https:\/\/ecodef-ihedn.fr\/en\/impact-economique-de-la-defense\/\" target=\"_blank\" rel=\"noreferrer noopener\">work carried out by the author<\/a> and economic literature over the last ten years, it appears that defence generates<strong>\u00a0positive economic spin-offs<\/strong>, but his\u00a0<strong>usefulness as an economic policy instrument is questionable<\/strong>.<\/p>","protected":false},"excerpt":{"rendered":"<p>La Chaire est intervenue ce mercredi 18 novembre 2020 lors du CoPDA (Cours de Perfectionnement D\u00e9fense et A\u00e9rospatial), organis\u00e9 en ligne par la Chaire D\u00e9fense &amp; A\u00e9rospatial, pilot\u00e9e par le g\u00e9n\u00e9ral (2S) Laurent. Cet \u00e9v\u00e9nement a \u00e9t\u00e9 l&rsquo;occasion de pr\u00e9senter les diff\u00e9rents travaux des membres de la Chaire aupr\u00e8s d&rsquo;un public d&rsquo;auditeurs repr\u00e9sentant les industriels [&hellip;]<\/p>\n","protected":false},"author":2,"featured_media":2504,"comment_status":"open","ping_status":"open","sticky":false,"template":"","format":"standard","meta":{"footnotes":""},"categories":[34,356],"tags":[262,162,334,141,335,93,212],"class_list":{"0":"post-2503","1":"post","2":"type-post","3":"status-publish","4":"format-standard","5":"has-post-thumbnail","7":"category-activites","8":"category-activites-participation-de-la-chaire-a-un-evenement","9":"tag-chaire-defense-et-aerospatial","10":"tag-chaire-economie-de-defense","11":"tag-copda","12":"tag-financement-de-la-defense","13":"tag-impact-economique","14":"tag-mco","15":"tag-presentation"},"yoast_head":"<!-- This site is optimized with the Yoast SEO plugin v27.4 - https:\/\/yoast.com\/product\/yoast-seo-wordpress\/ -->\n<title>Participation de Jean Belin, Josselin Droff et Julien Malizard au CoPDA - Chaire \u00c9conomie de d\u00e9fense - IHEDN<\/title>\n<meta name=\"description\" content=\"La Chaire \u00c9conomie de d\u00e9fense - IHEDN a pr\u00e9sent\u00e9 ses travaux \u00e0 l&#039;occasion du CopDa, organis\u00e9 par la Chaire D\u00e9fense &amp; A\u00e9rospatial.\" \/>\n<meta name=\"robots\" content=\"index, follow, max-snippet:-1, max-image-preview:large, max-video-preview:-1\" \/>\n<link rel=\"canonical\" href=\"https:\/\/ecodef-ihedn.fr\/en\/participation-chaire-economie-defense-copda\/\" \/>\n<meta property=\"og:locale\" content=\"en_GB\" \/>\n<meta property=\"og:type\" content=\"article\" \/>\n<meta property=\"og:title\" content=\"Participation de Jean Belin, Josselin Droff et Julien Malizard au CoPDA - Chaire \u00c9conomie de d\u00e9fense - IHEDN\" \/>\n<meta property=\"og:description\" content=\"La Chaire \u00c9conomie de d\u00e9fense - IHEDN a pr\u00e9sent\u00e9 ses travaux \u00e0 l&#039;occasion du CopDa, organis\u00e9 par la Chaire D\u00e9fense &amp; A\u00e9rospatial.\" \/>\n<meta property=\"og:url\" content=\"https:\/\/ecodef-ihedn.fr\/en\/participation-chaire-economie-defense-copda\/\" \/>\n<meta property=\"og:site_name\" content=\"Chaire \u00c9conomie de d\u00e9fense - IHEDN\" \/>\n<meta property=\"article:published_time\" content=\"2020-11-20T12:38:01+00:00\" \/>\n<meta property=\"article:modified_time\" content=\"2023-03-17T09:56:46+00:00\" \/>\n<meta property=\"og:image\" content=\"https:\/\/ecodef-ihedn.fr\/wp-content\/uploads\/2020\/11\/image-1-e1605818761244.png\" \/>\n\t<meta property=\"og:image:width\" content=\"2688\" \/>\n\t<meta property=\"og:image:height\" content=\"1483\" \/>\n\t<meta property=\"og:image:type\" content=\"image\/png\" \/>\n<meta name=\"author\" content=\"Bertrand Demandre\" \/>\n<meta name=\"twitter:card\" content=\"summary_large_image\" \/>\n<meta name=\"twitter:creator\" content=\"@Chaire_Ecodef\" \/>\n<meta name=\"twitter:site\" content=\"@Chaire_Ecodef\" \/>\n<meta name=\"twitter:label1\" content=\"Written by\" \/>\n\t<meta name=\"twitter:data1\" content=\"Bertrand Demandre\" \/>\n\t<meta name=\"twitter:label2\" content=\"Estimated reading time\" \/>\n\t<meta name=\"twitter:data2\" content=\"2 minutes\" \/>\n<script type=\"application\/ld+json\" class=\"yoast-schema-graph\">{\"@context\":\"https:\\\/\\\/schema.org\",\"@graph\":[{\"@type\":\"Article\",\"@id\":\"https:\\\/\\\/ecodef-ihedn.fr\\\/participation-chaire-economie-defense-copda\\\/#article\",\"isPartOf\":{\"@id\":\"https:\\\/\\\/ecodef-ihedn.fr\\\/participation-chaire-economie-defense-copda\\\/\"},\"author\":{\"name\":\"Bertrand Demandre\",\"@id\":\"https:\\\/\\\/ecodef-ihedn.fr\\\/#\\\/schema\\\/person\\\/1cdf22d028cebe278126a6e07a884d30\"},\"headline\":\"Participation de Jean Belin, Josselin Droff et Julien Malizard au CoPDA\",\"datePublished\":\"2020-11-20T12:38:01+00:00\",\"dateModified\":\"2023-03-17T09:56:46+00:00\",\"mainEntityOfPage\":{\"@id\":\"https:\\\/\\\/ecodef-ihedn.fr\\\/participation-chaire-economie-defense-copda\\\/\"},\"wordCount\":425,\"commentCount\":0,\"publisher\":{\"@id\":\"https:\\\/\\\/ecodef-ihedn.fr\\\/#organization\"},\"image\":{\"@id\":\"https:\\\/\\\/ecodef-ihedn.fr\\\/participation-chaire-economie-defense-copda\\\/#primaryimage\"},\"thumbnailUrl\":\"https:\\\/\\\/ecodef-ihedn.fr\\\/wp-content\\\/uploads\\\/2020\\\/11\\\/image-1-e1605818761244.png\",\"keywords\":[\"chaire d\u00e9fense et a\u00e9rospatial\",\"chaire \u00e9conomie de d\u00e9fense\",\"CoPDA\",\"financement de la d\u00e9fense\",\"Impact \u00e9conomique\",\"MCO\",\"Pr\u00e9sentation\"],\"articleSection\":[\"Activit\u00e9s\",\"Activit\u00e9s : participation de la Chaire \u00e0 un \u00e9v\u00e9nement\"],\"inLanguage\":\"en-GB\",\"potentialAction\":[{\"@type\":\"CommentAction\",\"name\":\"Comment\",\"target\":[\"https:\\\/\\\/ecodef-ihedn.fr\\\/participation-chaire-economie-defense-copda\\\/#respond\"]}]},{\"@type\":\"WebPage\",\"@id\":\"https:\\\/\\\/ecodef-ihedn.fr\\\/participation-chaire-economie-defense-copda\\\/\",\"url\":\"https:\\\/\\\/ecodef-ihedn.fr\\\/participation-chaire-economie-defense-copda\\\/\",\"name\":\"Participation de Jean Belin, Josselin Droff et Julien Malizard au CoPDA - Chaire \u00c9conomie de d\u00e9fense - IHEDN\",\"isPartOf\":{\"@id\":\"https:\\\/\\\/ecodef-ihedn.fr\\\/#website\"},\"primaryImageOfPage\":{\"@id\":\"https:\\\/\\\/ecodef-ihedn.fr\\\/participation-chaire-economie-defense-copda\\\/#primaryimage\"},\"image\":{\"@id\":\"https:\\\/\\\/ecodef-ihedn.fr\\\/participation-chaire-economie-defense-copda\\\/#primaryimage\"},\"thumbnailUrl\":\"https:\\\/\\\/ecodef-ihedn.fr\\\/wp-content\\\/uploads\\\/2020\\\/11\\\/image-1-e1605818761244.png\",\"datePublished\":\"2020-11-20T12:38:01+00:00\",\"dateModified\":\"2023-03-17T09:56:46+00:00\",\"description\":\"La Chaire \u00c9conomie de d\u00e9fense - IHEDN a pr\u00e9sent\u00e9 ses travaux \u00e0 l'occasion du CopDa, organis\u00e9 par la Chaire D\u00e9fense & A\u00e9rospatial.\",\"breadcrumb\":{\"@id\":\"https:\\\/\\\/ecodef-ihedn.fr\\\/participation-chaire-economie-defense-copda\\\/#breadcrumb\"},\"inLanguage\":\"en-GB\",\"potentialAction\":[{\"@type\":\"ReadAction\",\"target\":[\"https:\\\/\\\/ecodef-ihedn.fr\\\/participation-chaire-economie-defense-copda\\\/\"]}]},{\"@type\":\"ImageObject\",\"inLanguage\":\"en-GB\",\"@id\":\"https:\\\/\\\/ecodef-ihedn.fr\\\/participation-chaire-economie-defense-copda\\\/#primaryimage\",\"url\":\"https:\\\/\\\/ecodef-ihedn.fr\\\/wp-content\\\/uploads\\\/2020\\\/11\\\/image-1-e1605818761244.png\",\"contentUrl\":\"https:\\\/\\\/ecodef-ihedn.fr\\\/wp-content\\\/uploads\\\/2020\\\/11\\\/image-1-e1605818761244.png\",\"width\":2688,\"height\":1483},{\"@type\":\"BreadcrumbList\",\"@id\":\"https:\\\/\\\/ecodef-ihedn.fr\\\/participation-chaire-economie-defense-copda\\\/#breadcrumb\",\"itemListElement\":[{\"@type\":\"ListItem\",\"position\":1,\"name\":\"Accueil\",\"item\":\"https:\\\/\\\/ecodef-ihedn.fr\\\/\"},{\"@type\":\"ListItem\",\"position\":2,\"name\":\"Participation de Jean Belin, Josselin Droff et Julien Malizard au CoPDA\"}]},{\"@type\":\"WebSite\",\"@id\":\"https:\\\/\\\/ecodef-ihedn.fr\\\/#website\",\"url\":\"https:\\\/\\\/ecodef-ihedn.fr\\\/\",\"name\":\"Chaire \u00c9conomie de D\u00e9fense - IHEDN\",\"description\":\"Produire &amp; soutenir, f\u00e9d\u00e9rer &amp; diffuser, \u00eatre une interface\",\"publisher\":{\"@id\":\"https:\\\/\\\/ecodef-ihedn.fr\\\/#organization\"},\"potentialAction\":[{\"@type\":\"SearchAction\",\"target\":{\"@type\":\"EntryPoint\",\"urlTemplate\":\"https:\\\/\\\/ecodef-ihedn.fr\\\/?s={search_term_string}\"},\"query-input\":{\"@type\":\"PropertyValueSpecification\",\"valueRequired\":true,\"valueName\":\"search_term_string\"}}],\"inLanguage\":\"en-GB\"},{\"@type\":\"Organization\",\"@id\":\"https:\\\/\\\/ecodef-ihedn.fr\\\/#organization\",\"name\":\"Chaire \u00c9conomie de d\u00e9fense - IHEDN\",\"url\":\"https:\\\/\\\/ecodef-ihedn.fr\\\/\",\"logo\":{\"@type\":\"ImageObject\",\"inLanguage\":\"en-GB\",\"@id\":\"https:\\\/\\\/ecodef-ihedn.fr\\\/#\\\/schema\\\/logo\\\/image\\\/\",\"url\":\"https:\\\/\\\/ecodef-ihedn.fr\\\/wp-content\\\/uploads\\\/2020\\\/04\\\/logoEcodef9.jpg\",\"contentUrl\":\"https:\\\/\\\/ecodef-ihedn.fr\\\/wp-content\\\/uploads\\\/2020\\\/04\\\/logoEcodef9.jpg\",\"width\":410,\"height\":212,\"caption\":\"Chaire \u00c9conomie de d\u00e9fense - IHEDN\"},\"image\":{\"@id\":\"https:\\\/\\\/ecodef-ihedn.fr\\\/#\\\/schema\\\/logo\\\/image\\\/\"},\"sameAs\":[\"https:\\\/\\\/x.com\\\/Chaire_Ecodef\",\"https:\\\/\\\/www.linkedin.com\\\/company\\\/chaire-ecodef-ihedn\\\/\"]},{\"@type\":\"Person\",\"@id\":\"https:\\\/\\\/ecodef-ihedn.fr\\\/#\\\/schema\\\/person\\\/1cdf22d028cebe278126a6e07a884d30\",\"name\":\"Bertrand Demandre\",\"image\":{\"@type\":\"ImageObject\",\"inLanguage\":\"en-GB\",\"@id\":\"https:\\\/\\\/secure.gravatar.com\\\/avatar\\\/d9c9746d6c900ab5b9c0f9b1fa3932e369da923da247d624b8f7ab4ba8a3c093?s=96&d=mm&r=g\",\"url\":\"https:\\\/\\\/secure.gravatar.com\\\/avatar\\\/d9c9746d6c900ab5b9c0f9b1fa3932e369da923da247d624b8f7ab4ba8a3c093?s=96&d=mm&r=g\",\"contentUrl\":\"https:\\\/\\\/secure.gravatar.com\\\/avatar\\\/d9c9746d6c900ab5b9c0f9b1fa3932e369da923da247d624b8f7ab4ba8a3c093?s=96&d=mm&r=g\",\"caption\":\"Bertrand Demandre\"},\"url\":\"https:\\\/\\\/ecodef-ihedn.fr\\\/en\\\/author\\\/bertrand\\\/\"}]}<\/script>\n<!-- \/ Yoast SEO plugin. -->","yoast_head_json":{"title":"Participation de Jean Belin, Josselin Droff et Julien Malizard au CoPDA - Chaire \u00c9conomie de d\u00e9fense - IHEDN","description":"La Chaire \u00c9conomie de d\u00e9fense - IHEDN a pr\u00e9sent\u00e9 ses travaux \u00e0 l'occasion du CopDa, organis\u00e9 par la Chaire D\u00e9fense & A\u00e9rospatial.","robots":{"index":"index","follow":"follow","max-snippet":"max-snippet:-1","max-image-preview":"max-image-preview:large","max-video-preview":"max-video-preview:-1"},"canonical":"https:\/\/ecodef-ihedn.fr\/en\/participation-chaire-economie-defense-copda\/","og_locale":"en_GB","og_type":"article","og_title":"Participation de Jean Belin, Josselin Droff et Julien Malizard au CoPDA - Chaire \u00c9conomie de d\u00e9fense - IHEDN","og_description":"La Chaire \u00c9conomie de d\u00e9fense - IHEDN a pr\u00e9sent\u00e9 ses travaux \u00e0 l'occasion du CopDa, organis\u00e9 par la Chaire D\u00e9fense & A\u00e9rospatial.","og_url":"https:\/\/ecodef-ihedn.fr\/en\/participation-chaire-economie-defense-copda\/","og_site_name":"Chaire \u00c9conomie de d\u00e9fense - IHEDN","article_published_time":"2020-11-20T12:38:01+00:00","article_modified_time":"2023-03-17T09:56:46+00:00","og_image":[{"width":2688,"height":1483,"url":"https:\/\/ecodef-ihedn.fr\/wp-content\/uploads\/2020\/11\/image-1-e1605818761244.png","type":"image\/png"}],"author":"Bertrand Demandre","twitter_card":"summary_large_image","twitter_creator":"@Chaire_Ecodef","twitter_site":"@Chaire_Ecodef","twitter_misc":{"Written by":"Bertrand Demandre","Estimated reading time":"2 minutes"},"schema":{"@context":"https:\/\/schema.org","@graph":[{"@type":"Article","@id":"https:\/\/ecodef-ihedn.fr\/participation-chaire-economie-defense-copda\/#article","isPartOf":{"@id":"https:\/\/ecodef-ihedn.fr\/participation-chaire-economie-defense-copda\/"},"author":{"name":"Bertrand Demandre","@id":"https:\/\/ecodef-ihedn.fr\/#\/schema\/person\/1cdf22d028cebe278126a6e07a884d30"},"headline":"Participation de Jean Belin, Josselin Droff et Julien Malizard au CoPDA","datePublished":"2020-11-20T12:38:01+00:00","dateModified":"2023-03-17T09:56:46+00:00","mainEntityOfPage":{"@id":"https:\/\/ecodef-ihedn.fr\/participation-chaire-economie-defense-copda\/"},"wordCount":425,"commentCount":0,"publisher":{"@id":"https:\/\/ecodef-ihedn.fr\/#organization"},"image":{"@id":"https:\/\/ecodef-ihedn.fr\/participation-chaire-economie-defense-copda\/#primaryimage"},"thumbnailUrl":"https:\/\/ecodef-ihedn.fr\/wp-content\/uploads\/2020\/11\/image-1-e1605818761244.png","keywords":["chaire d\u00e9fense et a\u00e9rospatial","chaire \u00e9conomie de d\u00e9fense","CoPDA","financement de la d\u00e9fense","Impact \u00e9conomique","MCO","Pr\u00e9sentation"],"articleSection":["Activit\u00e9s","Activit\u00e9s : participation de la Chaire \u00e0 un \u00e9v\u00e9nement"],"inLanguage":"en-GB","potentialAction":[{"@type":"CommentAction","name":"Comment","target":["https:\/\/ecodef-ihedn.fr\/participation-chaire-economie-defense-copda\/#respond"]}]},{"@type":"WebPage","@id":"https:\/\/ecodef-ihedn.fr\/participation-chaire-economie-defense-copda\/","url":"https:\/\/ecodef-ihedn.fr\/participation-chaire-economie-defense-copda\/","name":"Participation de Jean Belin, Josselin Droff et Julien Malizard au CoPDA - Chaire \u00c9conomie de d\u00e9fense - IHEDN","isPartOf":{"@id":"https:\/\/ecodef-ihedn.fr\/#website"},"primaryImageOfPage":{"@id":"https:\/\/ecodef-ihedn.fr\/participation-chaire-economie-defense-copda\/#primaryimage"},"image":{"@id":"https:\/\/ecodef-ihedn.fr\/participation-chaire-economie-defense-copda\/#primaryimage"},"thumbnailUrl":"https:\/\/ecodef-ihedn.fr\/wp-content\/uploads\/2020\/11\/image-1-e1605818761244.png","datePublished":"2020-11-20T12:38:01+00:00","dateModified":"2023-03-17T09:56:46+00:00","description":"La Chaire \u00c9conomie de d\u00e9fense - IHEDN a pr\u00e9sent\u00e9 ses travaux \u00e0 l'occasion du CopDa, organis\u00e9 par la Chaire D\u00e9fense & A\u00e9rospatial.","breadcrumb":{"@id":"https:\/\/ecodef-ihedn.fr\/participation-chaire-economie-defense-copda\/#breadcrumb"},"inLanguage":"en-GB","potentialAction":[{"@type":"ReadAction","target":["https:\/\/ecodef-ihedn.fr\/participation-chaire-economie-defense-copda\/"]}]},{"@type":"ImageObject","inLanguage":"en-GB","@id":"https:\/\/ecodef-ihedn.fr\/participation-chaire-economie-defense-copda\/#primaryimage","url":"https:\/\/ecodef-ihedn.fr\/wp-content\/uploads\/2020\/11\/image-1-e1605818761244.png","contentUrl":"https:\/\/ecodef-ihedn.fr\/wp-content\/uploads\/2020\/11\/image-1-e1605818761244.png","width":2688,"height":1483},{"@type":"BreadcrumbList","@id":"https:\/\/ecodef-ihedn.fr\/participation-chaire-economie-defense-copda\/#breadcrumb","itemListElement":[{"@type":"ListItem","position":1,"name":"Accueil","item":"https:\/\/ecodef-ihedn.fr\/"},{"@type":"ListItem","position":2,"name":"Participation de Jean Belin, Josselin Droff et Julien Malizard au CoPDA"}]},{"@type":"WebSite","@id":"https:\/\/ecodef-ihedn.fr\/#website","url":"https:\/\/ecodef-ihedn.fr\/","name":"Chair in Defence Economics - IHEDN","description":"Produce &amp; support, federate &amp; disseminate, act as an interface","publisher":{"@id":"https:\/\/ecodef-ihedn.fr\/#organization"},"potentialAction":[{"@type":"SearchAction","target":{"@type":"EntryPoint","urlTemplate":"https:\/\/ecodef-ihedn.fr\/?s={search_term_string}"},"query-input":{"@type":"PropertyValueSpecification","valueRequired":true,"valueName":"search_term_string"}}],"inLanguage":"en-GB"},{"@type":"Organization","@id":"https:\/\/ecodef-ihedn.fr\/#organization","name":"Chair in Defence Economics - IHEDN","url":"https:\/\/ecodef-ihedn.fr\/","logo":{"@type":"ImageObject","inLanguage":"en-GB","@id":"https:\/\/ecodef-ihedn.fr\/#\/schema\/logo\/image\/","url":"https:\/\/ecodef-ihedn.fr\/wp-content\/uploads\/2020\/04\/logoEcodef9.jpg","contentUrl":"https:\/\/ecodef-ihedn.fr\/wp-content\/uploads\/2020\/04\/logoEcodef9.jpg","width":410,"height":212,"caption":"Chaire \u00c9conomie de d\u00e9fense - IHEDN"},"image":{"@id":"https:\/\/ecodef-ihedn.fr\/#\/schema\/logo\/image\/"},"sameAs":["https:\/\/x.com\/Chaire_Ecodef","https:\/\/www.linkedin.com\/company\/chaire-ecodef-ihedn\/"]},{"@type":"Person","@id":"https:\/\/ecodef-ihedn.fr\/#\/schema\/person\/1cdf22d028cebe278126a6e07a884d30","name":"Bertrand Demandre","image":{"@type":"ImageObject","inLanguage":"en-GB","@id":"https:\/\/secure.gravatar.com\/avatar\/d9c9746d6c900ab5b9c0f9b1fa3932e369da923da247d624b8f7ab4ba8a3c093?s=96&d=mm&r=g","url":"https:\/\/secure.gravatar.com\/avatar\/d9c9746d6c900ab5b9c0f9b1fa3932e369da923da247d624b8f7ab4ba8a3c093?s=96&d=mm&r=g","contentUrl":"https:\/\/secure.gravatar.com\/avatar\/d9c9746d6c900ab5b9c0f9b1fa3932e369da923da247d624b8f7ab4ba8a3c093?s=96&d=mm&r=g","caption":"Bertrand Demandre"},"url":"https:\/\/ecodef-ihedn.fr\/en\/author\/bertrand\/"}]}},"_links":{"self":[{"href":"https:\/\/ecodef-ihedn.fr\/en\/wp-json\/wp\/v2\/posts\/2503","targetHints":{"allow":["GET"]}}],"collection":[{"href":"https:\/\/ecodef-ihedn.fr\/en\/wp-json\/wp\/v2\/posts"}],"about":[{"href":"https:\/\/ecodef-ihedn.fr\/en\/wp-json\/wp\/v2\/types\/post"}],"author":[{"embeddable":true,"href":"https:\/\/ecodef-ihedn.fr\/en\/wp-json\/wp\/v2\/users\/2"}],"replies":[{"embeddable":true,"href":"https:\/\/ecodef-ihedn.fr\/en\/wp-json\/wp\/v2\/comments?post=2503"}],"version-history":[{"count":6,"href":"https:\/\/ecodef-ihedn.fr\/en\/wp-json\/wp\/v2\/posts\/2503\/revisions"}],"predecessor-version":[{"id":7645,"href":"https:\/\/ecodef-ihedn.fr\/en\/wp-json\/wp\/v2\/posts\/2503\/revisions\/7645"}],"wp:featuredmedia":[{"embeddable":true,"href":"https:\/\/ecodef-ihedn.fr\/en\/wp-json\/wp\/v2\/media\/2504"}],"wp:attachment":[{"href":"https:\/\/ecodef-ihedn.fr\/en\/wp-json\/wp\/v2\/media?parent=2503"}],"wp:term":[{"taxonomy":"category","embeddable":true,"href":"https:\/\/ecodef-ihedn.fr\/en\/wp-json\/wp\/v2\/categories?post=2503"},{"taxonomy":"post_tag","embeddable":true,"href":"https:\/\/ecodef-ihedn.fr\/en\/wp-json\/wp\/v2\/tags?post=2503"}],"curies":[{"name":"wp","href":"https:\/\/api.w.org\/{rel}","templated":true}]}}