{"id":2675,"date":"2020-12-17T15:55:00","date_gmt":"2020-12-17T15:55:00","guid":{"rendered":"https:\/\/ecodef-ihedn.fr\/?p=2675"},"modified":"2020-12-17T16:01:19","modified_gmt":"2020-12-17T16:01:19","slug":"retour-sur-la-conference-quelle-politique-industrielle-europeenne-de-defense-face-aux-defis-a-relever","status":"publish","type":"post","link":"https:\/\/ecodef-ihedn.fr\/en\/retour-sur-la-conference-quelle-politique-industrielle-europeenne-de-defense-face-aux-defis-a-relever\/","title":{"rendered":"A look back at the conference\/webinar on the challenges facing European defence industrial policy (2 December 2020 at the \u00c9cole Militaire)"},"content":{"rendered":"<figure class=\"wp-block-image size-large\"><img loading=\"lazy\" decoding=\"async\" width=\"1024\" height=\"714\" src=\"https:\/\/ecodef-ihedn.fr\/wp-content\/uploads\/2020\/12\/IMG_5746-2-1024x714.jpg\" alt=\"\" class=\"wp-image-2685\" srcset=\"https:\/\/ecodef-ihedn.fr\/wp-content\/uploads\/2020\/12\/IMG_5746-2-1024x714.jpg 1024w, https:\/\/ecodef-ihedn.fr\/wp-content\/uploads\/2020\/12\/IMG_5746-2-300x209.jpg 300w, https:\/\/ecodef-ihedn.fr\/wp-content\/uploads\/2020\/12\/IMG_5746-2-768x535.jpg 768w, https:\/\/ecodef-ihedn.fr\/wp-content\/uploads\/2020\/12\/IMG_5746-2-1536x1071.jpg 1536w, https:\/\/ecodef-ihedn.fr\/wp-content\/uploads\/2020\/12\/IMG_5746-2-2048x1428.jpg 2048w, https:\/\/ecodef-ihedn.fr\/wp-content\/uploads\/2020\/12\/IMG_5746-2-696x485.jpg 696w, https:\/\/ecodef-ihedn.fr\/wp-content\/uploads\/2020\/12\/IMG_5746-2-1392x970.jpg 1392w, https:\/\/ecodef-ihedn.fr\/wp-content\/uploads\/2020\/12\/IMG_5746-2-1068x745.jpg 1068w, https:\/\/ecodef-ihedn.fr\/wp-content\/uploads\/2020\/12\/IMG_5746-2-1920x1339.jpg 1920w, https:\/\/ecodef-ihedn.fr\/wp-content\/uploads\/2020\/12\/IMG_5746-2-602x420.jpg 602w, https:\/\/ecodef-ihedn.fr\/wp-content\/uploads\/2020\/12\/IMG_5746-2-1205x840.jpg 1205w, https:\/\/ecodef-ihedn.fr\/wp-content\/uploads\/2020\/12\/IMG_5746-2-100x70.jpg 100w, https:\/\/ecodef-ihedn.fr\/wp-content\/uploads\/2020\/12\/IMG_5746-2-200x140.jpg 200w\" sizes=\"auto, (max-width: 1024px) 100vw, 1024px\" \/><\/figure>\n\n\n\n<p>The annual conference of the Economics of Defence Chair - IHEDN, which took place on the afternoon of 2 December 2020 at the \u00c9cole Militaire (Foch amphitheatre) and in webinar format, brought together more than 400 participants to discuss the following theme <em>\u00abWhat kind of European defence industrial policy to meet the challenges ahead?\u00bb<\/em>.<\/p>\n\n\n\n<p>The Professor <strong>Christian de Boissieu<\/strong>, In his introduction, the Chairman of the Chair's Scientific Advisory Board gave a general presentation of industrial policy, followed by an outline of how this theme would be addressed from the perspective of the defence economy during the conference. He also reviewed the Chair's scientific achievements.<\/p>\n\n\n\n<p>Lieutenant General<strong> Patrick Destremau<\/strong>, The Director of IHEDN and Higher Military Education (EMS) then took the floor, stressing the need to work towards international cooperation and a strong Europe.<\/p>\n\n\n\n<figure class=\"wp-block-image size-large\"><img loading=\"lazy\" decoding=\"async\" width=\"1494\" height=\"996\" src=\"https:\/\/ecodef-ihedn.fr\/wp-content\/uploads\/2020\/12\/Conf_Ecodef1-edited.jpg\" alt=\"Conf\u00e9rence annuelle de la Chaire \u00c9conomie de D\u00e9fense - IHEDN sur le th\u00e8me &quot;Quelle politique industrielle europ\u00e9enne de d\u00e9fense face aux d\u00e9fis \u00e0 relever ?&quot; \" class=\"wp-image-2688\" srcset=\"https:\/\/ecodef-ihedn.fr\/wp-content\/uploads\/2020\/12\/Conf_Ecodef1-edited.jpg 1494w, https:\/\/ecodef-ihedn.fr\/wp-content\/uploads\/2020\/12\/Conf_Ecodef1-edited-300x200.jpg 300w, https:\/\/ecodef-ihedn.fr\/wp-content\/uploads\/2020\/12\/Conf_Ecodef1-edited-1024x683.jpg 1024w, https:\/\/ecodef-ihedn.fr\/wp-content\/uploads\/2020\/12\/Conf_Ecodef1-edited-768x512.jpg 768w, https:\/\/ecodef-ihedn.fr\/wp-content\/uploads\/2020\/12\/Conf_Ecodef1-edited-696x464.jpg 696w, https:\/\/ecodef-ihedn.fr\/wp-content\/uploads\/2020\/12\/Conf_Ecodef1-edited-1392x928.jpg 1392w, https:\/\/ecodef-ihedn.fr\/wp-content\/uploads\/2020\/12\/Conf_Ecodef1-edited-1068x712.jpg 1068w, https:\/\/ecodef-ihedn.fr\/wp-content\/uploads\/2020\/12\/Conf_Ecodef1-edited-630x420.jpg 630w, https:\/\/ecodef-ihedn.fr\/wp-content\/uploads\/2020\/12\/Conf_Ecodef1-edited-1260x840.jpg 1260w\" sizes=\"auto, (max-width: 1494px) 100vw, 1494px\" \/><\/figure>\n\n\n\n<p>The first round table, chaired by <strong>Jean Belin<\/strong>, the holder of the Chair, brought together the senator <strong>H\u00e9l\u00e8ne Conway-Mouret<\/strong> (Senate Committee on Foreign Affairs, Defence and Armed Forces), <strong>Thomas Gomart <\/strong>(IFRI), <strong>Camille Grand<\/strong> (NATO) and <strong>Antoine Bouvier<\/strong> (AIRBUS) on the theme of <em>\u00abWhy implement a European defence industrial policy?<\/em>\u00ab\u00a0.<\/p>\n\n\n\n<figure class=\"wp-block-image size-large\"><img loading=\"lazy\" decoding=\"async\" width=\"1494\" height=\"996\" src=\"https:\/\/ecodef-ihedn.fr\/wp-content\/uploads\/2020\/12\/Conf-ecodef2-edited.jpg\" alt=\"Conf\u00e9rence annuelle de la Chaire \u00c9conomie de D\u00e9fense - IHEDN sur le th\u00e8me &quot;Quelle politique industrielle europ\u00e9enne de d\u00e9fense face aux d\u00e9fis \u00e0 relever ?&quot; \" class=\"wp-image-2687\" srcset=\"https:\/\/ecodef-ihedn.fr\/wp-content\/uploads\/2020\/12\/Conf-ecodef2-edited.jpg 1494w, https:\/\/ecodef-ihedn.fr\/wp-content\/uploads\/2020\/12\/Conf-ecodef2-edited-300x200.jpg 300w, https:\/\/ecodef-ihedn.fr\/wp-content\/uploads\/2020\/12\/Conf-ecodef2-edited-1024x683.jpg 1024w, https:\/\/ecodef-ihedn.fr\/wp-content\/uploads\/2020\/12\/Conf-ecodef2-edited-768x512.jpg 768w, https:\/\/ecodef-ihedn.fr\/wp-content\/uploads\/2020\/12\/Conf-ecodef2-edited-696x464.jpg 696w, https:\/\/ecodef-ihedn.fr\/wp-content\/uploads\/2020\/12\/Conf-ecodef2-edited-1392x928.jpg 1392w, https:\/\/ecodef-ihedn.fr\/wp-content\/uploads\/2020\/12\/Conf-ecodef2-edited-1068x712.jpg 1068w, https:\/\/ecodef-ihedn.fr\/wp-content\/uploads\/2020\/12\/Conf-ecodef2-edited-630x420.jpg 630w, https:\/\/ecodef-ihedn.fr\/wp-content\/uploads\/2020\/12\/Conf-ecodef2-edited-1260x840.jpg 1260w\" sizes=\"auto, (max-width: 1494px) 100vw, 1494px\" \/><\/figure>\n\n\n\n<p><strong>Timo Pesonen<\/strong>, Director General for Defence Industry and Space at the European Commission, then gave a speech highlighting the European Defence Fund's support for European industrial cooperation.<\/p>\n\n\n\n<p>The second round table, chaired by <strong>Julien Malizard<\/strong>, deputy chairholder, with the participation of the\u2019<strong>IGA Fran\u00e7ois Mestre<\/strong> (DGA), <strong>St\u00e9phane Mayer<\/strong> (CIDEF), <strong>Philippe Duhamel<\/strong> (THALES), <strong>Herv\u00e9 Guillou<\/strong> (GICAN), and <strong>Kuldar V\u00e4\u00e4rsi<\/strong> (Milrem Robotics) focused on the theme of <em>\u00abWhat kind of European defence industrial policy is desirable and feasible?\u00bb<\/em>.<\/p>\n\n\n\n<figure class=\"wp-block-image size-large\"><img loading=\"lazy\" decoding=\"async\" width=\"1920\" height=\"1280\" src=\"https:\/\/ecodef-ihedn.fr\/wp-content\/uploads\/2020\/12\/Conf_Ecodef_3-edited.jpg\" alt=\"Conf\u00e9rence annuelle de la Chaire \u00c9conomie de D\u00e9fense - IHEDN sur le th\u00e8me &quot;Quelle politique industrielle europ\u00e9enne de d\u00e9fense face aux d\u00e9fis \u00e0 relever ?&quot; \" class=\"wp-image-2689\" srcset=\"https:\/\/ecodef-ihedn.fr\/wp-content\/uploads\/2020\/12\/Conf_Ecodef_3-edited.jpg 1920w, https:\/\/ecodef-ihedn.fr\/wp-content\/uploads\/2020\/12\/Conf_Ecodef_3-edited-300x200.jpg 300w, https:\/\/ecodef-ihedn.fr\/wp-content\/uploads\/2020\/12\/Conf_Ecodef_3-edited-1024x683.jpg 1024w, https:\/\/ecodef-ihedn.fr\/wp-content\/uploads\/2020\/12\/Conf_Ecodef_3-edited-768x512.jpg 768w, https:\/\/ecodef-ihedn.fr\/wp-content\/uploads\/2020\/12\/Conf_Ecodef_3-edited-1536x1024.jpg 1536w, https:\/\/ecodef-ihedn.fr\/wp-content\/uploads\/2020\/12\/Conf_Ecodef_3-edited-696x464.jpg 696w, https:\/\/ecodef-ihedn.fr\/wp-content\/uploads\/2020\/12\/Conf_Ecodef_3-edited-1392x928.jpg 1392w, https:\/\/ecodef-ihedn.fr\/wp-content\/uploads\/2020\/12\/Conf_Ecodef_3-edited-1068x712.jpg 1068w, https:\/\/ecodef-ihedn.fr\/wp-content\/uploads\/2020\/12\/Conf_Ecodef_3-edited-630x420.jpg 630w, https:\/\/ecodef-ihedn.fr\/wp-content\/uploads\/2020\/12\/Conf_Ecodef_3-edited-1260x840.jpg 1260w\" sizes=\"auto, (max-width: 1920px) 100vw, 1920px\" \/><\/figure>\n\n\n\n<p><strong>Florence Parly<\/strong>, The French Minister for the Armed Forces concluded this day of rich debates with a speech calling for work on European sovereignty in defence matters and its corollary, the need for an autonomous French and European defence industry. <\/p>\n\n\n\n<figure class=\"wp-block-image size-large\"><img loading=\"lazy\" decoding=\"async\" width=\"1471\" height=\"980\" src=\"https:\/\/ecodef-ihedn.fr\/wp-content\/uploads\/2020\/12\/Conf_Ecodef4-edited-2.jpg\" alt=\"Conf\u00e9rence annuelle de la Chaire \u00c9conomie de D\u00e9fense - IHEDN sur le th\u00e8me &quot;Quelle politique industrielle europ\u00e9enne de d\u00e9fense face aux d\u00e9fis \u00e0 relever ?&quot; \" class=\"wp-image-2695\" srcset=\"https:\/\/ecodef-ihedn.fr\/wp-content\/uploads\/2020\/12\/Conf_Ecodef4-edited-2.jpg 1471w, https:\/\/ecodef-ihedn.fr\/wp-content\/uploads\/2020\/12\/Conf_Ecodef4-edited-2-300x200.jpg 300w, https:\/\/ecodef-ihedn.fr\/wp-content\/uploads\/2020\/12\/Conf_Ecodef4-edited-2-1024x682.jpg 1024w, https:\/\/ecodef-ihedn.fr\/wp-content\/uploads\/2020\/12\/Conf_Ecodef4-edited-2-768x512.jpg 768w, https:\/\/ecodef-ihedn.fr\/wp-content\/uploads\/2020\/12\/Conf_Ecodef4-edited-2-696x464.jpg 696w, https:\/\/ecodef-ihedn.fr\/wp-content\/uploads\/2020\/12\/Conf_Ecodef4-edited-2-1392x927.jpg 1392w, https:\/\/ecodef-ihedn.fr\/wp-content\/uploads\/2020\/12\/Conf_Ecodef4-edited-2-1068x712.jpg 1068w, https:\/\/ecodef-ihedn.fr\/wp-content\/uploads\/2020\/12\/Conf_Ecodef4-edited-2-630x420.jpg 630w, https:\/\/ecodef-ihedn.fr\/wp-content\/uploads\/2020\/12\/Conf_Ecodef4-edited-2-1261x840.jpg 1261w\" sizes=\"auto, (max-width: 1471px) 100vw, 1471px\" \/><\/figure>\n\n\n\n<p>The minutes and video of the conference will soon be available online on the Chair's website and at <a href=\"https:\/\/www.youtube.com\/channel\/UC_dKcdKpWM-Cfk7gujhqXtA\" target=\"_blank\" rel=\"noreferrer noopener\">its YouTube page<\/a>.<\/p>\n\n\n\n<p class=\"has-text-align-center\">&gt;&gt; <a href=\"https:\/\/ecodef-ihedn.fr\/wp-content\/uploads\/2020\/11\/Plaquette_ECODEF_2020.pdf\" target=\"_blank\" rel=\"noreferrer noopener\">Download the Chair's presentation brochure<\/a> &lt;&lt;<\/p>\n\n\n\n<p class=\"has-text-align-center\">&gt;&gt; <a href=\"https:\/\/ecodef-ihedn.fr\/wp-content\/uploads\/2020\/11\/ECODEF-bilan-scientifique-2020.pdf\" target=\"_blank\" rel=\"noreferrer noopener\">Find out more about the Chair's 2020 scientific report<\/a> &lt;&lt;<\/p>","protected":false},"excerpt":{"rendered":"<p>La conf\u00e9rence annuelle de la Chaire \u00c9conomie de D\u00e9fense &#8211; IHEDN, qui s&rsquo;est d\u00e9roul\u00e9e le 2 d\u00e9cembre 2020 apr\u00e8s-midi \u00e0 l&rsquo;\u00c9cole militaire (amphith\u00e9\u00e2tre Foch) et en webinaire, a rassembl\u00e9 plus de 400 participants autour du th\u00e8me \u00ab\u00a0Quelle politique industrielle europ\u00e9enne de de d\u00e9fense face aux d\u00e9fis \u00e0 relever ?\u00a0\u00bb. Le Professeur Christian de Boissieu, Pr\u00e9sident [&hellip;]<\/p>\n","protected":false},"author":2,"featured_media":2684,"comment_status":"open","ping_status":"open","sticky":false,"template":"","format":"standard","meta":{"footnotes":""},"categories":[34,355],"tags":[162,41,163,375,178,156,288,183,347],"class_list":{"0":"post-2675","1":"post","2":"type-post","3":"status-publish","4":"format-standard","5":"has-post-thumbnail","7":"category-activites","8":"category-activites-evenements-portes-par-la-chaire","9":"tag-chaire-economie-de-defense","10":"tag-conference","11":"tag-conference-annuelle","12":"tag-defense-europeenne","13":"tag-europe","14":"tag-europe-de-la-defense","15":"tag-ministre-des-armees","16":"tag-politique-de-defense","17":"tag-politique-industrielle"},"yoast_head":"<!-- This site is optimized with the Yoast SEO plugin v27.4 - https:\/\/yoast.com\/product\/yoast-seo-wordpress\/ -->\n<title>Retour sur la conf\u00e9rence\/webinaire &quot;Quelle politique industrielle europ\u00e9enne de d\u00e9fense face aux d\u00e9fis \u00e0 relever ?&quot; (2 d\u00e9cembre 2020 \u00e0 l&#039;\u00c9cole militaire) - Chaire \u00c9conomie de d\u00e9fense - IHEDN<\/title>\n<meta name=\"description\" content=\"La Chaire \u00c9conomie de D\u00e9fense a organis\u00e9 le 2 d\u00e9cembre une conf\u00e9rence sur le th\u00e8me &quot;Quelle politique industrielle europ\u00e9enne de de d\u00e9fense face aux d\u00e9fis \u00e0 relever ?&quot;.\" \/>\n<meta name=\"robots\" content=\"index, follow, max-snippet:-1, max-image-preview:large, max-video-preview:-1\" \/>\n<link rel=\"canonical\" href=\"https:\/\/ecodef-ihedn.fr\/en\/retour-sur-la-conference-quelle-politique-industrielle-europeenne-de-defense-face-aux-defis-a-relever\/\" \/>\n<meta property=\"og:locale\" content=\"en_GB\" \/>\n<meta property=\"og:type\" content=\"article\" \/>\n<meta property=\"og:title\" content=\"Retour sur la conf\u00e9rence\/webinaire &quot;Quelle politique industrielle europ\u00e9enne de d\u00e9fense face aux d\u00e9fis \u00e0 relever ?&quot; (2 d\u00e9cembre 2020 \u00e0 l&#039;\u00c9cole militaire) - Chaire \u00c9conomie de d\u00e9fense - IHEDN\" \/>\n<meta property=\"og:description\" content=\"La Chaire \u00c9conomie de D\u00e9fense a organis\u00e9 le 2 d\u00e9cembre une conf\u00e9rence sur le th\u00e8me &quot;Quelle politique industrielle europ\u00e9enne de de d\u00e9fense face aux d\u00e9fis \u00e0 relever ?&quot;.\" \/>\n<meta property=\"og:url\" content=\"https:\/\/ecodef-ihedn.fr\/en\/retour-sur-la-conference-quelle-politique-industrielle-europeenne-de-defense-face-aux-defis-a-relever\/\" \/>\n<meta property=\"og:site_name\" content=\"Chaire \u00c9conomie de d\u00e9fense - IHEDN\" \/>\n<meta property=\"article:published_time\" content=\"2020-12-17T15:55:00+00:00\" \/>\n<meta property=\"article:modified_time\" content=\"2020-12-17T16:01:19+00:00\" \/>\n<meta property=\"og:image\" content=\"https:\/\/ecodef-ihedn.fr\/wp-content\/uploads\/2020\/12\/IMG_5746-1-scaled-e1608213549177.jpg\" \/>\n\t<meta property=\"og:image:width\" content=\"2438\" \/>\n\t<meta property=\"og:image:height\" content=\"1254\" \/>\n\t<meta property=\"og:image:type\" content=\"image\/jpeg\" \/>\n<meta name=\"author\" content=\"Bertrand Demandre\" \/>\n<meta name=\"twitter:card\" content=\"summary_large_image\" \/>\n<meta name=\"twitter:creator\" content=\"@Chaire_Ecodef\" \/>\n<meta name=\"twitter:site\" content=\"@Chaire_Ecodef\" \/>\n<meta name=\"twitter:label1\" content=\"Written by\" \/>\n\t<meta name=\"twitter:data1\" content=\"Bertrand Demandre\" \/>\n\t<meta name=\"twitter:label2\" content=\"Estimated reading time\" \/>\n\t<meta name=\"twitter:data2\" content=\"2 minutes\" \/>\n<script type=\"application\/ld+json\" class=\"yoast-schema-graph\">{\"@context\":\"https:\\\/\\\/schema.org\",\"@graph\":[{\"@type\":\"Article\",\"@id\":\"https:\\\/\\\/ecodef-ihedn.fr\\\/retour-sur-la-conference-quelle-politique-industrielle-europeenne-de-defense-face-aux-defis-a-relever\\\/#article\",\"isPartOf\":{\"@id\":\"https:\\\/\\\/ecodef-ihedn.fr\\\/retour-sur-la-conference-quelle-politique-industrielle-europeenne-de-defense-face-aux-defis-a-relever\\\/\"},\"author\":{\"name\":\"Bertrand Demandre\",\"@id\":\"https:\\\/\\\/ecodef-ihedn.fr\\\/#\\\/schema\\\/person\\\/1cdf22d028cebe278126a6e07a884d30\"},\"headline\":\"Retour sur la conf\u00e9rence\\\/webinaire \u00ab\u00a0Quelle politique industrielle europ\u00e9enne de d\u00e9fense face aux d\u00e9fis \u00e0 relever ?\u00a0\u00bb (2 d\u00e9cembre 2020 \u00e0 l&rsquo;\u00c9cole militaire)\",\"datePublished\":\"2020-12-17T15:55:00+00:00\",\"dateModified\":\"2020-12-17T16:01:19+00:00\",\"mainEntityOfPage\":{\"@id\":\"https:\\\/\\\/ecodef-ihedn.fr\\\/retour-sur-la-conference-quelle-politique-industrielle-europeenne-de-defense-face-aux-defis-a-relever\\\/\"},\"wordCount\":455,\"commentCount\":6,\"publisher\":{\"@id\":\"https:\\\/\\\/ecodef-ihedn.fr\\\/#organization\"},\"image\":{\"@id\":\"https:\\\/\\\/ecodef-ihedn.fr\\\/retour-sur-la-conference-quelle-politique-industrielle-europeenne-de-defense-face-aux-defis-a-relever\\\/#primaryimage\"},\"thumbnailUrl\":\"https:\\\/\\\/ecodef-ihedn.fr\\\/wp-content\\\/uploads\\\/2020\\\/12\\\/IMG_5746-1-scaled-e1608213549177.jpg\",\"keywords\":[\"chaire \u00e9conomie de d\u00e9fense\",\"conf\u00e9rence\",\"conf\u00e9rence annuelle\",\"d\u00e9fense europ\u00e9enne\",\"Europe\",\"Europe de la D\u00e9fense\",\"Ministre des Arm\u00e9es\",\"politique de d\u00e9fense\",\"politique industrielle\"],\"articleSection\":[\"Activit\u00e9s\",\"Activit\u00e9s : \u00e9v\u00e9nements port\u00e9s par la Chaire\"],\"inLanguage\":\"en-GB\",\"potentialAction\":[{\"@type\":\"CommentAction\",\"name\":\"Comment\",\"target\":[\"https:\\\/\\\/ecodef-ihedn.fr\\\/retour-sur-la-conference-quelle-politique-industrielle-europeenne-de-defense-face-aux-defis-a-relever\\\/#respond\"]}]},{\"@type\":\"WebPage\",\"@id\":\"https:\\\/\\\/ecodef-ihedn.fr\\\/retour-sur-la-conference-quelle-politique-industrielle-europeenne-de-defense-face-aux-defis-a-relever\\\/\",\"url\":\"https:\\\/\\\/ecodef-ihedn.fr\\\/retour-sur-la-conference-quelle-politique-industrielle-europeenne-de-defense-face-aux-defis-a-relever\\\/\",\"name\":\"Retour sur la conf\u00e9rence\\\/webinaire \\\"Quelle politique industrielle europ\u00e9enne de d\u00e9fense face aux d\u00e9fis \u00e0 relever ?\\\" (2 d\u00e9cembre 2020 \u00e0 l'\u00c9cole militaire) - Chaire \u00c9conomie de d\u00e9fense - IHEDN\",\"isPartOf\":{\"@id\":\"https:\\\/\\\/ecodef-ihedn.fr\\\/#website\"},\"primaryImageOfPage\":{\"@id\":\"https:\\\/\\\/ecodef-ihedn.fr\\\/retour-sur-la-conference-quelle-politique-industrielle-europeenne-de-defense-face-aux-defis-a-relever\\\/#primaryimage\"},\"image\":{\"@id\":\"https:\\\/\\\/ecodef-ihedn.fr\\\/retour-sur-la-conference-quelle-politique-industrielle-europeenne-de-defense-face-aux-defis-a-relever\\\/#primaryimage\"},\"thumbnailUrl\":\"https:\\\/\\\/ecodef-ihedn.fr\\\/wp-content\\\/uploads\\\/2020\\\/12\\\/IMG_5746-1-scaled-e1608213549177.jpg\",\"datePublished\":\"2020-12-17T15:55:00+00:00\",\"dateModified\":\"2020-12-17T16:01:19+00:00\",\"description\":\"La Chaire \u00c9conomie de D\u00e9fense a organis\u00e9 le 2 d\u00e9cembre une conf\u00e9rence sur le th\u00e8me \\\"Quelle politique industrielle europ\u00e9enne de de d\u00e9fense face aux d\u00e9fis \u00e0 relever ?\\\".\",\"breadcrumb\":{\"@id\":\"https:\\\/\\\/ecodef-ihedn.fr\\\/retour-sur-la-conference-quelle-politique-industrielle-europeenne-de-defense-face-aux-defis-a-relever\\\/#breadcrumb\"},\"inLanguage\":\"en-GB\",\"potentialAction\":[{\"@type\":\"ReadAction\",\"target\":[\"https:\\\/\\\/ecodef-ihedn.fr\\\/retour-sur-la-conference-quelle-politique-industrielle-europeenne-de-defense-face-aux-defis-a-relever\\\/\"]}]},{\"@type\":\"ImageObject\",\"inLanguage\":\"en-GB\",\"@id\":\"https:\\\/\\\/ecodef-ihedn.fr\\\/retour-sur-la-conference-quelle-politique-industrielle-europeenne-de-defense-face-aux-defis-a-relever\\\/#primaryimage\",\"url\":\"https:\\\/\\\/ecodef-ihedn.fr\\\/wp-content\\\/uploads\\\/2020\\\/12\\\/IMG_5746-1-scaled-e1608213549177.jpg\",\"contentUrl\":\"https:\\\/\\\/ecodef-ihedn.fr\\\/wp-content\\\/uploads\\\/2020\\\/12\\\/IMG_5746-1-scaled-e1608213549177.jpg\",\"width\":2438,\"height\":1254},{\"@type\":\"BreadcrumbList\",\"@id\":\"https:\\\/\\\/ecodef-ihedn.fr\\\/retour-sur-la-conference-quelle-politique-industrielle-europeenne-de-defense-face-aux-defis-a-relever\\\/#breadcrumb\",\"itemListElement\":[{\"@type\":\"ListItem\",\"position\":1,\"name\":\"Accueil\",\"item\":\"https:\\\/\\\/ecodef-ihedn.fr\\\/\"},{\"@type\":\"ListItem\",\"position\":2,\"name\":\"Retour sur la conf\u00e9rence\\\/webinaire &#8220;Quelle politique industrielle europ\u00e9enne de d\u00e9fense face aux d\u00e9fis \u00e0 relever ?&#8221; (2 d\u00e9cembre 2020 \u00e0 l&#8217;\u00c9cole militaire)\"}]},{\"@type\":\"WebSite\",\"@id\":\"https:\\\/\\\/ecodef-ihedn.fr\\\/#website\",\"url\":\"https:\\\/\\\/ecodef-ihedn.fr\\\/\",\"name\":\"Chaire \u00c9conomie de D\u00e9fense - IHEDN\",\"description\":\"Produire &amp; soutenir, f\u00e9d\u00e9rer &amp; diffuser, \u00eatre une interface\",\"publisher\":{\"@id\":\"https:\\\/\\\/ecodef-ihedn.fr\\\/#organization\"},\"potentialAction\":[{\"@type\":\"SearchAction\",\"target\":{\"@type\":\"EntryPoint\",\"urlTemplate\":\"https:\\\/\\\/ecodef-ihedn.fr\\\/?s={search_term_string}\"},\"query-input\":{\"@type\":\"PropertyValueSpecification\",\"valueRequired\":true,\"valueName\":\"search_term_string\"}}],\"inLanguage\":\"en-GB\"},{\"@type\":\"Organization\",\"@id\":\"https:\\\/\\\/ecodef-ihedn.fr\\\/#organization\",\"name\":\"Chaire \u00c9conomie de d\u00e9fense - IHEDN\",\"url\":\"https:\\\/\\\/ecodef-ihedn.fr\\\/\",\"logo\":{\"@type\":\"ImageObject\",\"inLanguage\":\"en-GB\",\"@id\":\"https:\\\/\\\/ecodef-ihedn.fr\\\/#\\\/schema\\\/logo\\\/image\\\/\",\"url\":\"https:\\\/\\\/ecodef-ihedn.fr\\\/wp-content\\\/uploads\\\/2020\\\/04\\\/logoEcodef9.jpg\",\"contentUrl\":\"https:\\\/\\\/ecodef-ihedn.fr\\\/wp-content\\\/uploads\\\/2020\\\/04\\\/logoEcodef9.jpg\",\"width\":410,\"height\":212,\"caption\":\"Chaire \u00c9conomie de d\u00e9fense - IHEDN\"},\"image\":{\"@id\":\"https:\\\/\\\/ecodef-ihedn.fr\\\/#\\\/schema\\\/logo\\\/image\\\/\"},\"sameAs\":[\"https:\\\/\\\/x.com\\\/Chaire_Ecodef\",\"https:\\\/\\\/www.linkedin.com\\\/company\\\/chaire-ecodef-ihedn\\\/\"]},{\"@type\":\"Person\",\"@id\":\"https:\\\/\\\/ecodef-ihedn.fr\\\/#\\\/schema\\\/person\\\/1cdf22d028cebe278126a6e07a884d30\",\"name\":\"Bertrand Demandre\",\"image\":{\"@type\":\"ImageObject\",\"inLanguage\":\"en-GB\",\"@id\":\"https:\\\/\\\/secure.gravatar.com\\\/avatar\\\/d9c9746d6c900ab5b9c0f9b1fa3932e369da923da247d624b8f7ab4ba8a3c093?s=96&d=mm&r=g\",\"url\":\"https:\\\/\\\/secure.gravatar.com\\\/avatar\\\/d9c9746d6c900ab5b9c0f9b1fa3932e369da923da247d624b8f7ab4ba8a3c093?s=96&d=mm&r=g\",\"contentUrl\":\"https:\\\/\\\/secure.gravatar.com\\\/avatar\\\/d9c9746d6c900ab5b9c0f9b1fa3932e369da923da247d624b8f7ab4ba8a3c093?s=96&d=mm&r=g\",\"caption\":\"Bertrand Demandre\"},\"url\":\"https:\\\/\\\/ecodef-ihedn.fr\\\/en\\\/author\\\/bertrand\\\/\"}]}<\/script>\n<!-- \/ Yoast SEO plugin. -->","yoast_head_json":{"title":"Retour sur la conf\u00e9rence\/webinaire \"Quelle politique industrielle europ\u00e9enne de d\u00e9fense face aux d\u00e9fis \u00e0 relever ?\" (2 d\u00e9cembre 2020 \u00e0 l'\u00c9cole militaire) - Chaire \u00c9conomie de d\u00e9fense - IHEDN","description":"La Chaire \u00c9conomie de D\u00e9fense a organis\u00e9 le 2 d\u00e9cembre une conf\u00e9rence sur le th\u00e8me \"Quelle politique industrielle europ\u00e9enne de de d\u00e9fense face aux d\u00e9fis \u00e0 relever ?\".","robots":{"index":"index","follow":"follow","max-snippet":"max-snippet:-1","max-image-preview":"max-image-preview:large","max-video-preview":"max-video-preview:-1"},"canonical":"https:\/\/ecodef-ihedn.fr\/en\/retour-sur-la-conference-quelle-politique-industrielle-europeenne-de-defense-face-aux-defis-a-relever\/","og_locale":"en_GB","og_type":"article","og_title":"Retour sur la conf\u00e9rence\/webinaire \"Quelle politique industrielle europ\u00e9enne de d\u00e9fense face aux d\u00e9fis \u00e0 relever ?\" (2 d\u00e9cembre 2020 \u00e0 l'\u00c9cole militaire) - Chaire \u00c9conomie de d\u00e9fense - IHEDN","og_description":"La Chaire \u00c9conomie de D\u00e9fense a organis\u00e9 le 2 d\u00e9cembre une conf\u00e9rence sur le th\u00e8me \"Quelle politique industrielle europ\u00e9enne de de d\u00e9fense face aux d\u00e9fis \u00e0 relever ?\".","og_url":"https:\/\/ecodef-ihedn.fr\/en\/retour-sur-la-conference-quelle-politique-industrielle-europeenne-de-defense-face-aux-defis-a-relever\/","og_site_name":"Chaire \u00c9conomie de d\u00e9fense - IHEDN","article_published_time":"2020-12-17T15:55:00+00:00","article_modified_time":"2020-12-17T16:01:19+00:00","og_image":[{"width":2438,"height":1254,"url":"https:\/\/ecodef-ihedn.fr\/wp-content\/uploads\/2020\/12\/IMG_5746-1-scaled-e1608213549177.jpg","type":"image\/jpeg"}],"author":"Bertrand Demandre","twitter_card":"summary_large_image","twitter_creator":"@Chaire_Ecodef","twitter_site":"@Chaire_Ecodef","twitter_misc":{"Written by":"Bertrand Demandre","Estimated reading time":"2 minutes"},"schema":{"@context":"https:\/\/schema.org","@graph":[{"@type":"Article","@id":"https:\/\/ecodef-ihedn.fr\/retour-sur-la-conference-quelle-politique-industrielle-europeenne-de-defense-face-aux-defis-a-relever\/#article","isPartOf":{"@id":"https:\/\/ecodef-ihedn.fr\/retour-sur-la-conference-quelle-politique-industrielle-europeenne-de-defense-face-aux-defis-a-relever\/"},"author":{"name":"Bertrand Demandre","@id":"https:\/\/ecodef-ihedn.fr\/#\/schema\/person\/1cdf22d028cebe278126a6e07a884d30"},"headline":"Retour sur la conf\u00e9rence\/webinaire \u00ab\u00a0Quelle politique industrielle europ\u00e9enne de d\u00e9fense face aux d\u00e9fis \u00e0 relever ?\u00a0\u00bb (2 d\u00e9cembre 2020 \u00e0 l&rsquo;\u00c9cole militaire)","datePublished":"2020-12-17T15:55:00+00:00","dateModified":"2020-12-17T16:01:19+00:00","mainEntityOfPage":{"@id":"https:\/\/ecodef-ihedn.fr\/retour-sur-la-conference-quelle-politique-industrielle-europeenne-de-defense-face-aux-defis-a-relever\/"},"wordCount":455,"commentCount":6,"publisher":{"@id":"https:\/\/ecodef-ihedn.fr\/#organization"},"image":{"@id":"https:\/\/ecodef-ihedn.fr\/retour-sur-la-conference-quelle-politique-industrielle-europeenne-de-defense-face-aux-defis-a-relever\/#primaryimage"},"thumbnailUrl":"https:\/\/ecodef-ihedn.fr\/wp-content\/uploads\/2020\/12\/IMG_5746-1-scaled-e1608213549177.jpg","keywords":["chaire \u00e9conomie de d\u00e9fense","conf\u00e9rence","conf\u00e9rence annuelle","d\u00e9fense europ\u00e9enne","Europe","Europe de la D\u00e9fense","Ministre des Arm\u00e9es","politique de d\u00e9fense","politique industrielle"],"articleSection":["Activit\u00e9s","Activit\u00e9s : \u00e9v\u00e9nements port\u00e9s par la Chaire"],"inLanguage":"en-GB","potentialAction":[{"@type":"CommentAction","name":"Comment","target":["https:\/\/ecodef-ihedn.fr\/retour-sur-la-conference-quelle-politique-industrielle-europeenne-de-defense-face-aux-defis-a-relever\/#respond"]}]},{"@type":"WebPage","@id":"https:\/\/ecodef-ihedn.fr\/retour-sur-la-conference-quelle-politique-industrielle-europeenne-de-defense-face-aux-defis-a-relever\/","url":"https:\/\/ecodef-ihedn.fr\/retour-sur-la-conference-quelle-politique-industrielle-europeenne-de-defense-face-aux-defis-a-relever\/","name":"Retour sur la conf\u00e9rence\/webinaire \"Quelle politique industrielle europ\u00e9enne de d\u00e9fense face aux d\u00e9fis \u00e0 relever ?\" (2 d\u00e9cembre 2020 \u00e0 l'\u00c9cole militaire) - Chaire \u00c9conomie de d\u00e9fense - IHEDN","isPartOf":{"@id":"https:\/\/ecodef-ihedn.fr\/#website"},"primaryImageOfPage":{"@id":"https:\/\/ecodef-ihedn.fr\/retour-sur-la-conference-quelle-politique-industrielle-europeenne-de-defense-face-aux-defis-a-relever\/#primaryimage"},"image":{"@id":"https:\/\/ecodef-ihedn.fr\/retour-sur-la-conference-quelle-politique-industrielle-europeenne-de-defense-face-aux-defis-a-relever\/#primaryimage"},"thumbnailUrl":"https:\/\/ecodef-ihedn.fr\/wp-content\/uploads\/2020\/12\/IMG_5746-1-scaled-e1608213549177.jpg","datePublished":"2020-12-17T15:55:00+00:00","dateModified":"2020-12-17T16:01:19+00:00","description":"La Chaire \u00c9conomie de D\u00e9fense a organis\u00e9 le 2 d\u00e9cembre une conf\u00e9rence sur le th\u00e8me \"Quelle politique industrielle europ\u00e9enne de de d\u00e9fense face aux d\u00e9fis \u00e0 relever ?\".","breadcrumb":{"@id":"https:\/\/ecodef-ihedn.fr\/retour-sur-la-conference-quelle-politique-industrielle-europeenne-de-defense-face-aux-defis-a-relever\/#breadcrumb"},"inLanguage":"en-GB","potentialAction":[{"@type":"ReadAction","target":["https:\/\/ecodef-ihedn.fr\/retour-sur-la-conference-quelle-politique-industrielle-europeenne-de-defense-face-aux-defis-a-relever\/"]}]},{"@type":"ImageObject","inLanguage":"en-GB","@id":"https:\/\/ecodef-ihedn.fr\/retour-sur-la-conference-quelle-politique-industrielle-europeenne-de-defense-face-aux-defis-a-relever\/#primaryimage","url":"https:\/\/ecodef-ihedn.fr\/wp-content\/uploads\/2020\/12\/IMG_5746-1-scaled-e1608213549177.jpg","contentUrl":"https:\/\/ecodef-ihedn.fr\/wp-content\/uploads\/2020\/12\/IMG_5746-1-scaled-e1608213549177.jpg","width":2438,"height":1254},{"@type":"BreadcrumbList","@id":"https:\/\/ecodef-ihedn.fr\/retour-sur-la-conference-quelle-politique-industrielle-europeenne-de-defense-face-aux-defis-a-relever\/#breadcrumb","itemListElement":[{"@type":"ListItem","position":1,"name":"Accueil","item":"https:\/\/ecodef-ihedn.fr\/"},{"@type":"ListItem","position":2,"name":"Retour sur la conf\u00e9rence\/webinaire &#8220;Quelle politique industrielle europ\u00e9enne de d\u00e9fense face aux d\u00e9fis \u00e0 relever ?&#8221; (2 d\u00e9cembre 2020 \u00e0 l&#8217;\u00c9cole militaire)"}]},{"@type":"WebSite","@id":"https:\/\/ecodef-ihedn.fr\/#website","url":"https:\/\/ecodef-ihedn.fr\/","name":"Chair in Defence Economics - IHEDN","description":"Produce &amp; support, federate &amp; disseminate, act as an interface","publisher":{"@id":"https:\/\/ecodef-ihedn.fr\/#organization"},"potentialAction":[{"@type":"SearchAction","target":{"@type":"EntryPoint","urlTemplate":"https:\/\/ecodef-ihedn.fr\/?s={search_term_string}"},"query-input":{"@type":"PropertyValueSpecification","valueRequired":true,"valueName":"search_term_string"}}],"inLanguage":"en-GB"},{"@type":"Organization","@id":"https:\/\/ecodef-ihedn.fr\/#organization","name":"Chair in Defence Economics - IHEDN","url":"https:\/\/ecodef-ihedn.fr\/","logo":{"@type":"ImageObject","inLanguage":"en-GB","@id":"https:\/\/ecodef-ihedn.fr\/#\/schema\/logo\/image\/","url":"https:\/\/ecodef-ihedn.fr\/wp-content\/uploads\/2020\/04\/logoEcodef9.jpg","contentUrl":"https:\/\/ecodef-ihedn.fr\/wp-content\/uploads\/2020\/04\/logoEcodef9.jpg","width":410,"height":212,"caption":"Chaire \u00c9conomie de d\u00e9fense - IHEDN"},"image":{"@id":"https:\/\/ecodef-ihedn.fr\/#\/schema\/logo\/image\/"},"sameAs":["https:\/\/x.com\/Chaire_Ecodef","https:\/\/www.linkedin.com\/company\/chaire-ecodef-ihedn\/"]},{"@type":"Person","@id":"https:\/\/ecodef-ihedn.fr\/#\/schema\/person\/1cdf22d028cebe278126a6e07a884d30","name":"Bertrand Demandre","image":{"@type":"ImageObject","inLanguage":"en-GB","@id":"https:\/\/secure.gravatar.com\/avatar\/d9c9746d6c900ab5b9c0f9b1fa3932e369da923da247d624b8f7ab4ba8a3c093?s=96&d=mm&r=g","url":"https:\/\/secure.gravatar.com\/avatar\/d9c9746d6c900ab5b9c0f9b1fa3932e369da923da247d624b8f7ab4ba8a3c093?s=96&d=mm&r=g","contentUrl":"https:\/\/secure.gravatar.com\/avatar\/d9c9746d6c900ab5b9c0f9b1fa3932e369da923da247d624b8f7ab4ba8a3c093?s=96&d=mm&r=g","caption":"Bertrand Demandre"},"url":"https:\/\/ecodef-ihedn.fr\/en\/author\/bertrand\/"}]}},"_links":{"self":[{"href":"https:\/\/ecodef-ihedn.fr\/en\/wp-json\/wp\/v2\/posts\/2675","targetHints":{"allow":["GET"]}}],"collection":[{"href":"https:\/\/ecodef-ihedn.fr\/en\/wp-json\/wp\/v2\/posts"}],"about":[{"href":"https:\/\/ecodef-ihedn.fr\/en\/wp-json\/wp\/v2\/types\/post"}],"author":[{"embeddable":true,"href":"https:\/\/ecodef-ihedn.fr\/en\/wp-json\/wp\/v2\/users\/2"}],"replies":[{"embeddable":true,"href":"https:\/\/ecodef-ihedn.fr\/en\/wp-json\/wp\/v2\/comments?post=2675"}],"version-history":[{"count":5,"href":"https:\/\/ecodef-ihedn.fr\/en\/wp-json\/wp\/v2\/posts\/2675\/revisions"}],"predecessor-version":[{"id":2707,"href":"https:\/\/ecodef-ihedn.fr\/en\/wp-json\/wp\/v2\/posts\/2675\/revisions\/2707"}],"wp:featuredmedia":[{"embeddable":true,"href":"https:\/\/ecodef-ihedn.fr\/en\/wp-json\/wp\/v2\/media\/2684"}],"wp:attachment":[{"href":"https:\/\/ecodef-ihedn.fr\/en\/wp-json\/wp\/v2\/media?parent=2675"}],"wp:term":[{"taxonomy":"category","embeddable":true,"href":"https:\/\/ecodef-ihedn.fr\/en\/wp-json\/wp\/v2\/categories?post=2675"},{"taxonomy":"post_tag","embeddable":true,"href":"https:\/\/ecodef-ihedn.fr\/en\/wp-json\/wp\/v2\/tags?post=2675"}],"curies":[{"name":"wp","href":"https:\/\/api.w.org\/{rel}","templated":true}]}}