{"id":2794,"date":"2020-12-29T10:51:00","date_gmt":"2020-12-29T10:51:00","guid":{"rendered":"https:\/\/ecodef-ihedn.fr\/?p=2794"},"modified":"2021-01-12T09:07:17","modified_gmt":"2021-01-12T09:07:17","slug":"tribune-dans-les-echos-quelle-politique-industrielle-pour-la-defense-europeenne-par-christian-de-boissieu","status":"publish","type":"post","link":"https:\/\/ecodef-ihedn.fr\/en\/tribune-dans-les-echos-quelle-politique-industrielle-pour-la-defense-europeenne-par-christian-de-boissieu\/","title":{"rendered":"Opinion column in Les Echos: \u00abWhat industrial policy for European defence? by Christian de Boissieu"},"content":{"rendered":"<p><strong>Christian de Boissieu, Chairman of the Scientific Advisory Board of the Chair in Defence Economics - IHEDN, has published an article <strong>on European defence industrial policy<\/strong><\/strong> <strong>in Les Echos<strong> from 29 December 2020<\/strong>. <\/strong><\/p>\n\n\n\n<figure class=\"wp-block-image size-large\"><img loading=\"lazy\" decoding=\"async\" width=\"612\" height=\"632\" src=\"https:\/\/ecodef-ihedn.fr\/wp-content\/uploads\/2021\/01\/politique-industrielle-europe-echos.png\" alt=\"\" class=\"wp-image-2796\" srcset=\"https:\/\/ecodef-ihedn.fr\/wp-content\/uploads\/2021\/01\/politique-industrielle-europe-echos.png 612w, https:\/\/ecodef-ihedn.fr\/wp-content\/uploads\/2021\/01\/politique-industrielle-europe-echos-291x300.png 291w, https:\/\/ecodef-ihedn.fr\/wp-content\/uploads\/2021\/01\/politique-industrielle-europe-echos-407x420.png 407w\" sizes=\"auto, (max-width: 612px) 100vw, 612px\" \/><\/figure>\n\n\n\n<p><em>The Covid-19 crisis demonstrates the importance of the objective of strategic autonomy for European countries. Controlling some of the most decisive industrial value chains is essential if Europeans are to control their future, particularly in defence,\" writes Christian de Boissieu.<\/em><\/p>\n\n\n\n<p>If the concept <strong>strategic autonomy<\/strong> was validated in the 2016 Global Strategy for the European Union's Foreign and Security Policy (EUFSP), it remains to define its contours together. This approach will benefit from the \u00abstrategic compass\u00bb process recently launched by the German Presidency of the EU, which will make it possible to define the EU's strategic priorities. <strong>the link between security issues and capability requirements<\/strong>. France has a clear role to play here, as the preparatory work on this compass will be completed under its Presidency in 2022.<\/p>\n\n\n\n<p>Once the direction has been established,\u00a0<strong>European countries will be able to realise the full potential of the European Defence Fund (EDF)<\/strong>\u00a0, which comes into force in 2021. For the first time on a large scale, the European Union will co-finance the research and development of armaments programmes. Admittedly, the Fedef budget is limited to \u20ac8 billion over seven years, but it will make it possible to meet the equipment needs identified jointly by the Member States, particularly in the context of \u00abpermanent structured cooperation\u00bb.<\/p>\n\n\n\n<p class=\"has-text-align-center\">>> <a href=\"https:\/\/www.lesechos.fr\/idees-debats\/cercle\/opinion-quelle-politique-industrielle-pour-la-defense-europeenne-1276907\" target=\"_blank\" rel=\"noreferrer noopener\">read the article<\/a> (subscribers only) &lt;&lt;<\/p>","protected":false},"excerpt":{"rendered":"<p>Christian de Boissieu, Pr\u00e9sident du Conseil scientifique de la Chaire \u00c9conomie de D\u00e9fense &#8211; IHEDN, a publi\u00e9 une tribune sur la politique industrielle de d\u00e9fense europ\u00e9enne dans les \u00c9chos du 29 d\u00e9cembre 2020. La crise du Covid-19 montre l&rsquo;importance de l&rsquo;objectif d&rsquo;autonomie strat\u00e9gique pour les pays europ\u00e9ens. Ma\u00eetriser certaines des plus d\u00e9cisives cha\u00eenes de valeur [&hellip;]<\/p>\n","protected":false},"author":2,"featured_media":1691,"comment_status":"open","ping_status":"open","sticky":false,"template":"","format":"standard","meta":{"footnotes":""},"categories":[34,358],"tags":[285,416,178,156,347],"class_list":{"0":"post-2794","1":"post","2":"type-post","3":"status-publish","4":"format-standard","5":"has-post-thumbnail","7":"category-activites","8":"category-medias","9":"tag-christian-de-boissieu","10":"tag-conseil-scientifique","11":"tag-europe","12":"tag-europe-de-la-defense","13":"tag-politique-industrielle"},"yoast_head":"<!-- This site is optimized with the Yoast SEO plugin v27.4 - https:\/\/yoast.com\/product\/yoast-seo-wordpress\/ -->\n<title>Tribune dans les \u00c9chos : &quot;Quelle politique industrielle pour la d\u00e9fense europ\u00e9enne ?&quot;, par Christian de Boissieu - Chaire \u00c9conomie de d\u00e9fense - IHEDN<\/title>\n<meta name=\"robots\" content=\"index, follow, max-snippet:-1, max-image-preview:large, max-video-preview:-1\" \/>\n<link rel=\"canonical\" href=\"https:\/\/ecodef-ihedn.fr\/en\/tribune-dans-les-echos-quelle-politique-industrielle-pour-la-defense-europeenne-par-christian-de-boissieu\/\" \/>\n<meta property=\"og:locale\" content=\"en_GB\" \/>\n<meta property=\"og:type\" content=\"article\" \/>\n<meta property=\"og:title\" content=\"Tribune dans les \u00c9chos : &quot;Quelle politique industrielle pour la d\u00e9fense europ\u00e9enne ?&quot;, par Christian de Boissieu - Chaire \u00c9conomie de d\u00e9fense - IHEDN\" \/>\n<meta property=\"og:description\" content=\"Christian de Boissieu, Pr\u00e9sident du Conseil scientifique de la Chaire \u00c9conomie de D\u00e9fense &#8211; IHEDN, a publi\u00e9 une tribune sur la politique industrielle de d\u00e9fense europ\u00e9enne dans les \u00c9chos du 29 d\u00e9cembre 2020. La crise du Covid-19 montre l&rsquo;importance de l&rsquo;objectif d&rsquo;autonomie strat\u00e9gique pour les pays europ\u00e9ens. Ma\u00eetriser certaines des plus d\u00e9cisives cha\u00eenes de valeur [&hellip;]\" \/>\n<meta property=\"og:url\" content=\"https:\/\/ecodef-ihedn.fr\/en\/tribune-dans-les-echos-quelle-politique-industrielle-pour-la-defense-europeenne-par-christian-de-boissieu\/\" \/>\n<meta property=\"og:site_name\" content=\"Chaire \u00c9conomie de d\u00e9fense - IHEDN\" \/>\n<meta property=\"article:published_time\" content=\"2020-12-29T10:51:00+00:00\" \/>\n<meta property=\"article:modified_time\" content=\"2021-01-12T09:07:17+00:00\" \/>\n<meta property=\"og:image\" content=\"https:\/\/ecodef-ihedn.fr\/wp-content\/uploads\/2016\/08\/logo-les-echos-fr.png\" \/>\n\t<meta property=\"og:image:width\" content=\"725\" \/>\n\t<meta property=\"og:image:height\" content=\"485\" \/>\n\t<meta property=\"og:image:type\" content=\"image\/png\" \/>\n<meta name=\"author\" content=\"Bertrand Demandre\" \/>\n<meta name=\"twitter:card\" content=\"summary_large_image\" \/>\n<meta name=\"twitter:creator\" content=\"@Chaire_Ecodef\" \/>\n<meta name=\"twitter:site\" content=\"@Chaire_Ecodef\" \/>\n<meta name=\"twitter:label1\" content=\"Written by\" \/>\n\t<meta name=\"twitter:data1\" content=\"Bertrand Demandre\" \/>\n\t<meta name=\"twitter:label2\" content=\"Estimated reading time\" \/>\n\t<meta name=\"twitter:data2\" content=\"1 minute\" \/>\n<script type=\"application\/ld+json\" class=\"yoast-schema-graph\">{\"@context\":\"https:\\\/\\\/schema.org\",\"@graph\":[{\"@type\":\"Article\",\"@id\":\"https:\\\/\\\/ecodef-ihedn.fr\\\/tribune-dans-les-echos-quelle-politique-industrielle-pour-la-defense-europeenne-par-christian-de-boissieu\\\/#article\",\"isPartOf\":{\"@id\":\"https:\\\/\\\/ecodef-ihedn.fr\\\/tribune-dans-les-echos-quelle-politique-industrielle-pour-la-defense-europeenne-par-christian-de-boissieu\\\/\"},\"author\":{\"name\":\"Bertrand Demandre\",\"@id\":\"https:\\\/\\\/ecodef-ihedn.fr\\\/#\\\/schema\\\/person\\\/1cdf22d028cebe278126a6e07a884d30\"},\"headline\":\"Tribune dans les \u00c9chos : \u00ab\u00a0Quelle politique industrielle pour la d\u00e9fense europ\u00e9enne ?\u00a0\u00bb, par Christian de Boissieu\",\"datePublished\":\"2020-12-29T10:51:00+00:00\",\"dateModified\":\"2021-01-12T09:07:17+00:00\",\"mainEntityOfPage\":{\"@id\":\"https:\\\/\\\/ecodef-ihedn.fr\\\/tribune-dans-les-echos-quelle-politique-industrielle-pour-la-defense-europeenne-par-christian-de-boissieu\\\/\"},\"wordCount\":313,\"commentCount\":0,\"publisher\":{\"@id\":\"https:\\\/\\\/ecodef-ihedn.fr\\\/#organization\"},\"image\":{\"@id\":\"https:\\\/\\\/ecodef-ihedn.fr\\\/tribune-dans-les-echos-quelle-politique-industrielle-pour-la-defense-europeenne-par-christian-de-boissieu\\\/#primaryimage\"},\"thumbnailUrl\":\"https:\\\/\\\/ecodef-ihedn.fr\\\/wp-content\\\/uploads\\\/2016\\\/08\\\/logo-les-echos-fr.png\",\"keywords\":[\"Christian de Boissieu\",\"Conseil scientifique\",\"Europe\",\"Europe de la D\u00e9fense\",\"politique industrielle\"],\"articleSection\":[\"Activit\u00e9s\",\"M\u00e9dias\"],\"inLanguage\":\"en-GB\",\"potentialAction\":[{\"@type\":\"CommentAction\",\"name\":\"Comment\",\"target\":[\"https:\\\/\\\/ecodef-ihedn.fr\\\/tribune-dans-les-echos-quelle-politique-industrielle-pour-la-defense-europeenne-par-christian-de-boissieu\\\/#respond\"]}]},{\"@type\":\"WebPage\",\"@id\":\"https:\\\/\\\/ecodef-ihedn.fr\\\/tribune-dans-les-echos-quelle-politique-industrielle-pour-la-defense-europeenne-par-christian-de-boissieu\\\/\",\"url\":\"https:\\\/\\\/ecodef-ihedn.fr\\\/tribune-dans-les-echos-quelle-politique-industrielle-pour-la-defense-europeenne-par-christian-de-boissieu\\\/\",\"name\":\"Tribune dans les \u00c9chos : \\\"Quelle politique industrielle pour la d\u00e9fense europ\u00e9enne ?\\\", par Christian de Boissieu - Chaire \u00c9conomie de d\u00e9fense - IHEDN\",\"isPartOf\":{\"@id\":\"https:\\\/\\\/ecodef-ihedn.fr\\\/#website\"},\"primaryImageOfPage\":{\"@id\":\"https:\\\/\\\/ecodef-ihedn.fr\\\/tribune-dans-les-echos-quelle-politique-industrielle-pour-la-defense-europeenne-par-christian-de-boissieu\\\/#primaryimage\"},\"image\":{\"@id\":\"https:\\\/\\\/ecodef-ihedn.fr\\\/tribune-dans-les-echos-quelle-politique-industrielle-pour-la-defense-europeenne-par-christian-de-boissieu\\\/#primaryimage\"},\"thumbnailUrl\":\"https:\\\/\\\/ecodef-ihedn.fr\\\/wp-content\\\/uploads\\\/2016\\\/08\\\/logo-les-echos-fr.png\",\"datePublished\":\"2020-12-29T10:51:00+00:00\",\"dateModified\":\"2021-01-12T09:07:17+00:00\",\"breadcrumb\":{\"@id\":\"https:\\\/\\\/ecodef-ihedn.fr\\\/tribune-dans-les-echos-quelle-politique-industrielle-pour-la-defense-europeenne-par-christian-de-boissieu\\\/#breadcrumb\"},\"inLanguage\":\"en-GB\",\"potentialAction\":[{\"@type\":\"ReadAction\",\"target\":[\"https:\\\/\\\/ecodef-ihedn.fr\\\/tribune-dans-les-echos-quelle-politique-industrielle-pour-la-defense-europeenne-par-christian-de-boissieu\\\/\"]}]},{\"@type\":\"ImageObject\",\"inLanguage\":\"en-GB\",\"@id\":\"https:\\\/\\\/ecodef-ihedn.fr\\\/tribune-dans-les-echos-quelle-politique-industrielle-pour-la-defense-europeenne-par-christian-de-boissieu\\\/#primaryimage\",\"url\":\"https:\\\/\\\/ecodef-ihedn.fr\\\/wp-content\\\/uploads\\\/2016\\\/08\\\/logo-les-echos-fr.png\",\"contentUrl\":\"https:\\\/\\\/ecodef-ihedn.fr\\\/wp-content\\\/uploads\\\/2016\\\/08\\\/logo-les-echos-fr.png\",\"width\":725,\"height\":485},{\"@type\":\"BreadcrumbList\",\"@id\":\"https:\\\/\\\/ecodef-ihedn.fr\\\/tribune-dans-les-echos-quelle-politique-industrielle-pour-la-defense-europeenne-par-christian-de-boissieu\\\/#breadcrumb\",\"itemListElement\":[{\"@type\":\"ListItem\",\"position\":1,\"name\":\"Accueil\",\"item\":\"https:\\\/\\\/ecodef-ihedn.fr\\\/\"},{\"@type\":\"ListItem\",\"position\":2,\"name\":\"Tribune dans les \u00c9chos : &#8220;Quelle politique industrielle pour la d\u00e9fense europ\u00e9enne ?&#8221;, par Christian de Boissieu\"}]},{\"@type\":\"WebSite\",\"@id\":\"https:\\\/\\\/ecodef-ihedn.fr\\\/#website\",\"url\":\"https:\\\/\\\/ecodef-ihedn.fr\\\/\",\"name\":\"Chaire \u00c9conomie de D\u00e9fense - IHEDN\",\"description\":\"Produire &amp; soutenir, f\u00e9d\u00e9rer &amp; diffuser, \u00eatre une interface\",\"publisher\":{\"@id\":\"https:\\\/\\\/ecodef-ihedn.fr\\\/#organization\"},\"potentialAction\":[{\"@type\":\"SearchAction\",\"target\":{\"@type\":\"EntryPoint\",\"urlTemplate\":\"https:\\\/\\\/ecodef-ihedn.fr\\\/?s={search_term_string}\"},\"query-input\":{\"@type\":\"PropertyValueSpecification\",\"valueRequired\":true,\"valueName\":\"search_term_string\"}}],\"inLanguage\":\"en-GB\"},{\"@type\":\"Organization\",\"@id\":\"https:\\\/\\\/ecodef-ihedn.fr\\\/#organization\",\"name\":\"Chaire \u00c9conomie de d\u00e9fense - IHEDN\",\"url\":\"https:\\\/\\\/ecodef-ihedn.fr\\\/\",\"logo\":{\"@type\":\"ImageObject\",\"inLanguage\":\"en-GB\",\"@id\":\"https:\\\/\\\/ecodef-ihedn.fr\\\/#\\\/schema\\\/logo\\\/image\\\/\",\"url\":\"https:\\\/\\\/ecodef-ihedn.fr\\\/wp-content\\\/uploads\\\/2020\\\/04\\\/logoEcodef9.jpg\",\"contentUrl\":\"https:\\\/\\\/ecodef-ihedn.fr\\\/wp-content\\\/uploads\\\/2020\\\/04\\\/logoEcodef9.jpg\",\"width\":410,\"height\":212,\"caption\":\"Chaire \u00c9conomie de d\u00e9fense - IHEDN\"},\"image\":{\"@id\":\"https:\\\/\\\/ecodef-ihedn.fr\\\/#\\\/schema\\\/logo\\\/image\\\/\"},\"sameAs\":[\"https:\\\/\\\/x.com\\\/Chaire_Ecodef\",\"https:\\\/\\\/www.linkedin.com\\\/company\\\/chaire-ecodef-ihedn\\\/\"]},{\"@type\":\"Person\",\"@id\":\"https:\\\/\\\/ecodef-ihedn.fr\\\/#\\\/schema\\\/person\\\/1cdf22d028cebe278126a6e07a884d30\",\"name\":\"Bertrand Demandre\",\"image\":{\"@type\":\"ImageObject\",\"inLanguage\":\"en-GB\",\"@id\":\"https:\\\/\\\/secure.gravatar.com\\\/avatar\\\/d9c9746d6c900ab5b9c0f9b1fa3932e369da923da247d624b8f7ab4ba8a3c093?s=96&d=mm&r=g\",\"url\":\"https:\\\/\\\/secure.gravatar.com\\\/avatar\\\/d9c9746d6c900ab5b9c0f9b1fa3932e369da923da247d624b8f7ab4ba8a3c093?s=96&d=mm&r=g\",\"contentUrl\":\"https:\\\/\\\/secure.gravatar.com\\\/avatar\\\/d9c9746d6c900ab5b9c0f9b1fa3932e369da923da247d624b8f7ab4ba8a3c093?s=96&d=mm&r=g\",\"caption\":\"Bertrand Demandre\"},\"url\":\"https:\\\/\\\/ecodef-ihedn.fr\\\/en\\\/author\\\/bertrand\\\/\"}]}<\/script>\n<!-- \/ Yoast SEO plugin. -->","yoast_head_json":{"title":"Tribune dans les \u00c9chos : \"Quelle politique industrielle pour la d\u00e9fense europ\u00e9enne ?\", par Christian de Boissieu - Chaire \u00c9conomie de d\u00e9fense - IHEDN","robots":{"index":"index","follow":"follow","max-snippet":"max-snippet:-1","max-image-preview":"max-image-preview:large","max-video-preview":"max-video-preview:-1"},"canonical":"https:\/\/ecodef-ihedn.fr\/en\/tribune-dans-les-echos-quelle-politique-industrielle-pour-la-defense-europeenne-par-christian-de-boissieu\/","og_locale":"en_GB","og_type":"article","og_title":"Tribune dans les \u00c9chos : \"Quelle politique industrielle pour la d\u00e9fense europ\u00e9enne ?\", par Christian de Boissieu - Chaire \u00c9conomie de d\u00e9fense - IHEDN","og_description":"Christian de Boissieu, Pr\u00e9sident du Conseil scientifique de la Chaire \u00c9conomie de D\u00e9fense &#8211; IHEDN, a publi\u00e9 une tribune sur la politique industrielle de d\u00e9fense europ\u00e9enne dans les \u00c9chos du 29 d\u00e9cembre 2020. La crise du Covid-19 montre l&rsquo;importance de l&rsquo;objectif d&rsquo;autonomie strat\u00e9gique pour les pays europ\u00e9ens. Ma\u00eetriser certaines des plus d\u00e9cisives cha\u00eenes de valeur [&hellip;]","og_url":"https:\/\/ecodef-ihedn.fr\/en\/tribune-dans-les-echos-quelle-politique-industrielle-pour-la-defense-europeenne-par-christian-de-boissieu\/","og_site_name":"Chaire \u00c9conomie de d\u00e9fense - IHEDN","article_published_time":"2020-12-29T10:51:00+00:00","article_modified_time":"2021-01-12T09:07:17+00:00","og_image":[{"width":725,"height":485,"url":"https:\/\/ecodef-ihedn.fr\/wp-content\/uploads\/2016\/08\/logo-les-echos-fr.png","type":"image\/png"}],"author":"Bertrand Demandre","twitter_card":"summary_large_image","twitter_creator":"@Chaire_Ecodef","twitter_site":"@Chaire_Ecodef","twitter_misc":{"Written by":"Bertrand Demandre","Estimated reading time":"1 minute"},"schema":{"@context":"https:\/\/schema.org","@graph":[{"@type":"Article","@id":"https:\/\/ecodef-ihedn.fr\/tribune-dans-les-echos-quelle-politique-industrielle-pour-la-defense-europeenne-par-christian-de-boissieu\/#article","isPartOf":{"@id":"https:\/\/ecodef-ihedn.fr\/tribune-dans-les-echos-quelle-politique-industrielle-pour-la-defense-europeenne-par-christian-de-boissieu\/"},"author":{"name":"Bertrand Demandre","@id":"https:\/\/ecodef-ihedn.fr\/#\/schema\/person\/1cdf22d028cebe278126a6e07a884d30"},"headline":"Tribune dans les \u00c9chos : \u00ab\u00a0Quelle politique industrielle pour la d\u00e9fense europ\u00e9enne ?\u00a0\u00bb, par Christian de Boissieu","datePublished":"2020-12-29T10:51:00+00:00","dateModified":"2021-01-12T09:07:17+00:00","mainEntityOfPage":{"@id":"https:\/\/ecodef-ihedn.fr\/tribune-dans-les-echos-quelle-politique-industrielle-pour-la-defense-europeenne-par-christian-de-boissieu\/"},"wordCount":313,"commentCount":0,"publisher":{"@id":"https:\/\/ecodef-ihedn.fr\/#organization"},"image":{"@id":"https:\/\/ecodef-ihedn.fr\/tribune-dans-les-echos-quelle-politique-industrielle-pour-la-defense-europeenne-par-christian-de-boissieu\/#primaryimage"},"thumbnailUrl":"https:\/\/ecodef-ihedn.fr\/wp-content\/uploads\/2016\/08\/logo-les-echos-fr.png","keywords":["Christian de Boissieu","Conseil scientifique","Europe","Europe de la D\u00e9fense","politique industrielle"],"articleSection":["Activit\u00e9s","M\u00e9dias"],"inLanguage":"en-GB","potentialAction":[{"@type":"CommentAction","name":"Comment","target":["https:\/\/ecodef-ihedn.fr\/tribune-dans-les-echos-quelle-politique-industrielle-pour-la-defense-europeenne-par-christian-de-boissieu\/#respond"]}]},{"@type":"WebPage","@id":"https:\/\/ecodef-ihedn.fr\/tribune-dans-les-echos-quelle-politique-industrielle-pour-la-defense-europeenne-par-christian-de-boissieu\/","url":"https:\/\/ecodef-ihedn.fr\/tribune-dans-les-echos-quelle-politique-industrielle-pour-la-defense-europeenne-par-christian-de-boissieu\/","name":"Tribune dans les \u00c9chos : \"Quelle politique industrielle pour la d\u00e9fense europ\u00e9enne ?\", par Christian de Boissieu - Chaire \u00c9conomie de d\u00e9fense - IHEDN","isPartOf":{"@id":"https:\/\/ecodef-ihedn.fr\/#website"},"primaryImageOfPage":{"@id":"https:\/\/ecodef-ihedn.fr\/tribune-dans-les-echos-quelle-politique-industrielle-pour-la-defense-europeenne-par-christian-de-boissieu\/#primaryimage"},"image":{"@id":"https:\/\/ecodef-ihedn.fr\/tribune-dans-les-echos-quelle-politique-industrielle-pour-la-defense-europeenne-par-christian-de-boissieu\/#primaryimage"},"thumbnailUrl":"https:\/\/ecodef-ihedn.fr\/wp-content\/uploads\/2016\/08\/logo-les-echos-fr.png","datePublished":"2020-12-29T10:51:00+00:00","dateModified":"2021-01-12T09:07:17+00:00","breadcrumb":{"@id":"https:\/\/ecodef-ihedn.fr\/tribune-dans-les-echos-quelle-politique-industrielle-pour-la-defense-europeenne-par-christian-de-boissieu\/#breadcrumb"},"inLanguage":"en-GB","potentialAction":[{"@type":"ReadAction","target":["https:\/\/ecodef-ihedn.fr\/tribune-dans-les-echos-quelle-politique-industrielle-pour-la-defense-europeenne-par-christian-de-boissieu\/"]}]},{"@type":"ImageObject","inLanguage":"en-GB","@id":"https:\/\/ecodef-ihedn.fr\/tribune-dans-les-echos-quelle-politique-industrielle-pour-la-defense-europeenne-par-christian-de-boissieu\/#primaryimage","url":"https:\/\/ecodef-ihedn.fr\/wp-content\/uploads\/2016\/08\/logo-les-echos-fr.png","contentUrl":"https:\/\/ecodef-ihedn.fr\/wp-content\/uploads\/2016\/08\/logo-les-echos-fr.png","width":725,"height":485},{"@type":"BreadcrumbList","@id":"https:\/\/ecodef-ihedn.fr\/tribune-dans-les-echos-quelle-politique-industrielle-pour-la-defense-europeenne-par-christian-de-boissieu\/#breadcrumb","itemListElement":[{"@type":"ListItem","position":1,"name":"Accueil","item":"https:\/\/ecodef-ihedn.fr\/"},{"@type":"ListItem","position":2,"name":"Tribune dans les \u00c9chos : &#8220;Quelle politique industrielle pour la d\u00e9fense europ\u00e9enne ?&#8221;, par Christian de Boissieu"}]},{"@type":"WebSite","@id":"https:\/\/ecodef-ihedn.fr\/#website","url":"https:\/\/ecodef-ihedn.fr\/","name":"Chair in Defence Economics - IHEDN","description":"Produce &amp; support, federate &amp; disseminate, act as an interface","publisher":{"@id":"https:\/\/ecodef-ihedn.fr\/#organization"},"potentialAction":[{"@type":"SearchAction","target":{"@type":"EntryPoint","urlTemplate":"https:\/\/ecodef-ihedn.fr\/?s={search_term_string}"},"query-input":{"@type":"PropertyValueSpecification","valueRequired":true,"valueName":"search_term_string"}}],"inLanguage":"en-GB"},{"@type":"Organization","@id":"https:\/\/ecodef-ihedn.fr\/#organization","name":"Chair in Defence Economics - IHEDN","url":"https:\/\/ecodef-ihedn.fr\/","logo":{"@type":"ImageObject","inLanguage":"en-GB","@id":"https:\/\/ecodef-ihedn.fr\/#\/schema\/logo\/image\/","url":"https:\/\/ecodef-ihedn.fr\/wp-content\/uploads\/2020\/04\/logoEcodef9.jpg","contentUrl":"https:\/\/ecodef-ihedn.fr\/wp-content\/uploads\/2020\/04\/logoEcodef9.jpg","width":410,"height":212,"caption":"Chaire \u00c9conomie de d\u00e9fense - IHEDN"},"image":{"@id":"https:\/\/ecodef-ihedn.fr\/#\/schema\/logo\/image\/"},"sameAs":["https:\/\/x.com\/Chaire_Ecodef","https:\/\/www.linkedin.com\/company\/chaire-ecodef-ihedn\/"]},{"@type":"Person","@id":"https:\/\/ecodef-ihedn.fr\/#\/schema\/person\/1cdf22d028cebe278126a6e07a884d30","name":"Bertrand Demandre","image":{"@type":"ImageObject","inLanguage":"en-GB","@id":"https:\/\/secure.gravatar.com\/avatar\/d9c9746d6c900ab5b9c0f9b1fa3932e369da923da247d624b8f7ab4ba8a3c093?s=96&d=mm&r=g","url":"https:\/\/secure.gravatar.com\/avatar\/d9c9746d6c900ab5b9c0f9b1fa3932e369da923da247d624b8f7ab4ba8a3c093?s=96&d=mm&r=g","contentUrl":"https:\/\/secure.gravatar.com\/avatar\/d9c9746d6c900ab5b9c0f9b1fa3932e369da923da247d624b8f7ab4ba8a3c093?s=96&d=mm&r=g","caption":"Bertrand Demandre"},"url":"https:\/\/ecodef-ihedn.fr\/en\/author\/bertrand\/"}]}},"_links":{"self":[{"href":"https:\/\/ecodef-ihedn.fr\/en\/wp-json\/wp\/v2\/posts\/2794","targetHints":{"allow":["GET"]}}],"collection":[{"href":"https:\/\/ecodef-ihedn.fr\/en\/wp-json\/wp\/v2\/posts"}],"about":[{"href":"https:\/\/ecodef-ihedn.fr\/en\/wp-json\/wp\/v2\/types\/post"}],"author":[{"embeddable":true,"href":"https:\/\/ecodef-ihedn.fr\/en\/wp-json\/wp\/v2\/users\/2"}],"replies":[{"embeddable":true,"href":"https:\/\/ecodef-ihedn.fr\/en\/wp-json\/wp\/v2\/comments?post=2794"}],"version-history":[{"count":5,"href":"https:\/\/ecodef-ihedn.fr\/en\/wp-json\/wp\/v2\/posts\/2794\/revisions"}],"predecessor-version":[{"id":2815,"href":"https:\/\/ecodef-ihedn.fr\/en\/wp-json\/wp\/v2\/posts\/2794\/revisions\/2815"}],"wp:featuredmedia":[{"embeddable":true,"href":"https:\/\/ecodef-ihedn.fr\/en\/wp-json\/wp\/v2\/media\/1691"}],"wp:attachment":[{"href":"https:\/\/ecodef-ihedn.fr\/en\/wp-json\/wp\/v2\/media?parent=2794"}],"wp:term":[{"taxonomy":"category","embeddable":true,"href":"https:\/\/ecodef-ihedn.fr\/en\/wp-json\/wp\/v2\/categories?post=2794"},{"taxonomy":"post_tag","embeddable":true,"href":"https:\/\/ecodef-ihedn.fr\/en\/wp-json\/wp\/v2\/tags?post=2794"}],"curies":[{"name":"wp","href":"https:\/\/api.w.org\/{rel}","templated":true}]}}