{"id":2862,"date":"2021-02-01T14:48:08","date_gmt":"2021-02-01T14:48:08","guid":{"rendered":"https:\/\/ecodef-ihedn.fr\/?p=2862"},"modified":"2021-06-17T09:36:51","modified_gmt":"2021-06-17T09:36:51","slug":"olivier-martin-entendez-vous-l-eco","status":"publish","type":"post","link":"https:\/\/ecodef-ihedn.fr\/en\/olivier-martin-entendez-vous-l-eco\/","title":{"rendered":"Olivier Martin's appearance on France Culture's \u00abEntendez-vous l'\u00e9co\u00bb programme"},"content":{"rendered":"<p><strong>Olivier Martin, Chairman of the Steering Committee of the Chair in Defence Economics - IHEDN, spoke on the \u00abEntendez-vous l'\u00e9co\u00bb programme on France Culture. <\/strong><\/p>\n\n\n\n<figure class=\"wp-block-image size-large\"><img loading=\"lazy\" decoding=\"async\" width=\"838\" height=\"838\" src=\"https:\/\/ecodef-ihedn.fr\/wp-content\/uploads\/2021\/02\/838_entendez_vous_l_eco.jpg\" alt=\"Olivier Martin, pr\u00e9sident du comit\u00e9 de pilotage de la Chaire \u00c9conomie de D\u00e9fense - IHEDN, est intervenu dans l'\u00e9mission &quot;Entendez-vous l'\u00e9co&quot; sur France Culture. \" class=\"wp-image-2864\" srcset=\"https:\/\/ecodef-ihedn.fr\/wp-content\/uploads\/2021\/02\/838_entendez_vous_l_eco.jpg 838w, https:\/\/ecodef-ihedn.fr\/wp-content\/uploads\/2021\/02\/838_entendez_vous_l_eco-300x300.jpg 300w, https:\/\/ecodef-ihedn.fr\/wp-content\/uploads\/2021\/02\/838_entendez_vous_l_eco-150x150.jpg 150w, https:\/\/ecodef-ihedn.fr\/wp-content\/uploads\/2021\/02\/838_entendez_vous_l_eco-768x768.jpg 768w, https:\/\/ecodef-ihedn.fr\/wp-content\/uploads\/2021\/02\/838_entendez_vous_l_eco-696x696.jpg 696w, https:\/\/ecodef-ihedn.fr\/wp-content\/uploads\/2021\/02\/838_entendez_vous_l_eco-420x420.jpg 420w\" sizes=\"auto, (max-width: 838px) 100vw, 838px\" \/><\/figure>\n\n\n\n<p>The \u00abEntendez-vous l'\u00e9co\u00bb programme, hosted by Tiphaine de Rocquigny on <em>France Culture<\/em>, invited <strong>Olivier Martin<\/strong>, Chairman of the Chair's Steering Committee, alongside <strong>Fanny Coulomb<\/strong>, a senior lecturer at Sciences Po Grenoble, and <strong>Lucie B\u00e9raud-Sudeau<\/strong>, Director of the Armaments and Military Expenditure research programme at the Stockholm International Peace Research Institute (SIPRI) in her episode of 29 January 2021. <\/p>\n\n\n\n<p>The speakers discussed, in particular, the export of defence equipment and its use in the defence industry.<a href=\"https:\/\/ecodef-ihedn.fr\/en\/le-monde-militaire-face-au-covid-19\/\" target=\"_blank\" rel=\"noreferrer noopener\"> impact on the french defence industry<\/a>.<\/p>\n\n\n\n<p class=\"has-text-align-center\"><a href=\"https:\/\/www.franceculture.fr\/emissions\/entendez-vous-leco\/entendez-vous-leco-emission-du-vendredi-29-janvier-2021\" target=\"_blank\" rel=\"noreferrer noopener\">&gt;&gt; Listen to the show &lt;&lt;<\/a><\/p>","protected":false},"excerpt":{"rendered":"<p>Olivier Martin, pr\u00e9sident du Comit\u00e9 de pilotage de la Chaire \u00c9conomie de D\u00e9fense &#8211; IHEDN, est intervenu dans l&rsquo;\u00e9mission \u00ab\u00a0Entendez-vous l&rsquo;\u00e9co\u00a0\u00bb sur France Culture. L&rsquo;\u00e9mission \u00ab\u00a0Entendez-vous l&rsquo;\u00e9co\u00a0\u00bb, anim\u00e9e par Tiphaine de Rocquigny sur France Culture, a invit\u00e9 Olivier Martin, pr\u00e9sident du Comit\u00e9 de pilotage de la Chaire, aux c\u00f4t\u00e9s de Fanny Coulomb, ma\u00eetre de conf\u00e9rences [&hellip;]<\/p>\n","protected":false},"author":2,"featured_media":2866,"comment_status":"open","ping_status":"open","sticky":false,"template":"","format":"standard","meta":{"footnotes":""},"categories":[34,358],"tags":[162,418,364,384,383,335,149,241,417],"class_list":{"0":"post-2862","1":"post","2":"type-post","3":"status-publish","4":"format-standard","5":"has-post-thumbnail","7":"category-activites","8":"category-medias","9":"tag-chaire-economie-de-defense","10":"tag-comite-de-pilotage","11":"tag-covid-19","12":"tag-crise-economique","13":"tag-crise-sanitaire","14":"tag-impact-economique","15":"tag-industrie-de-defense","16":"tag-intervention","17":"tag-olivier-martin"},"yoast_head":"<!-- This site is optimized with the Yoast SEO plugin v27.4 - https:\/\/yoast.com\/product\/yoast-seo-wordpress\/ -->\n<title>Intervention d&#039;Olivier Martin dans l&#039;\u00e9mission &quot;Entendez-vous l&#039;\u00e9co&quot; sur France Culture - Chaire \u00c9conomie de d\u00e9fense - IHEDN<\/title>\n<meta name=\"description\" content=\"Olivier Martin, pr\u00e9sident du comit\u00e9 de pilotage de la Chaire, est intervenu dans l&#039;\u00e9mission &quot;Entendez-vous l&#039;\u00e9co&quot; sur France Culture.\" \/>\n<meta name=\"robots\" content=\"index, follow, max-snippet:-1, max-image-preview:large, max-video-preview:-1\" \/>\n<link rel=\"canonical\" href=\"https:\/\/ecodef-ihedn.fr\/en\/olivier-martin-entendez-vous-l-eco\/\" \/>\n<meta property=\"og:locale\" content=\"en_GB\" \/>\n<meta property=\"og:type\" content=\"article\" \/>\n<meta property=\"og:title\" content=\"Intervention d&#039;Olivier Martin dans l&#039;\u00e9mission &quot;Entendez-vous l&#039;\u00e9co&quot; sur France Culture - Chaire \u00c9conomie de d\u00e9fense - IHEDN\" \/>\n<meta property=\"og:description\" content=\"Olivier Martin, pr\u00e9sident du comit\u00e9 de pilotage de la Chaire, est intervenu dans l&#039;\u00e9mission &quot;Entendez-vous l&#039;\u00e9co&quot; sur France Culture.\" \/>\n<meta property=\"og:url\" content=\"https:\/\/ecodef-ihedn.fr\/en\/olivier-martin-entendez-vous-l-eco\/\" \/>\n<meta property=\"og:site_name\" content=\"Chaire \u00c9conomie de d\u00e9fense - IHEDN\" \/>\n<meta property=\"article:published_time\" content=\"2021-02-01T14:48:08+00:00\" \/>\n<meta property=\"article:modified_time\" content=\"2021-06-17T09:36:51+00:00\" \/>\n<meta property=\"og:image\" content=\"https:\/\/ecodef-ihedn.fr\/wp-content\/uploads\/2021\/02\/838_entendez_vous_l_eco-1-e1612178221626.jpg\" \/>\n\t<meta property=\"og:image:width\" content=\"838\" \/>\n\t<meta property=\"og:image:height\" content=\"622\" \/>\n\t<meta property=\"og:image:type\" content=\"image\/jpeg\" \/>\n<meta name=\"author\" content=\"Bertrand Demandre\" \/>\n<meta name=\"twitter:card\" content=\"summary_large_image\" \/>\n<meta name=\"twitter:creator\" content=\"@Chaire_Ecodef\" \/>\n<meta name=\"twitter:site\" content=\"@Chaire_Ecodef\" \/>\n<meta name=\"twitter:label1\" content=\"Written by\" \/>\n\t<meta name=\"twitter:data1\" content=\"Bertrand Demandre\" \/>\n\t<meta name=\"twitter:label2\" content=\"Estimated reading time\" \/>\n\t<meta name=\"twitter:data2\" content=\"1 minute\" \/>\n<script type=\"application\/ld+json\" class=\"yoast-schema-graph\">{\"@context\":\"https:\\\/\\\/schema.org\",\"@graph\":[{\"@type\":\"Article\",\"@id\":\"https:\\\/\\\/ecodef-ihedn.fr\\\/olivier-martin-entendez-vous-l-eco\\\/#article\",\"isPartOf\":{\"@id\":\"https:\\\/\\\/ecodef-ihedn.fr\\\/olivier-martin-entendez-vous-l-eco\\\/\"},\"author\":{\"name\":\"Bertrand Demandre\",\"@id\":\"https:\\\/\\\/ecodef-ihedn.fr\\\/#\\\/schema\\\/person\\\/1cdf22d028cebe278126a6e07a884d30\"},\"headline\":\"Intervention d&rsquo;Olivier Martin dans l&rsquo;\u00e9mission \u00ab\u00a0Entendez-vous l&rsquo;\u00e9co\u00a0\u00bb sur France Culture\",\"datePublished\":\"2021-02-01T14:48:08+00:00\",\"dateModified\":\"2021-06-17T09:36:51+00:00\",\"mainEntityOfPage\":{\"@id\":\"https:\\\/\\\/ecodef-ihedn.fr\\\/olivier-martin-entendez-vous-l-eco\\\/\"},\"wordCount\":147,\"commentCount\":0,\"publisher\":{\"@id\":\"https:\\\/\\\/ecodef-ihedn.fr\\\/#organization\"},\"image\":{\"@id\":\"https:\\\/\\\/ecodef-ihedn.fr\\\/olivier-martin-entendez-vous-l-eco\\\/#primaryimage\"},\"thumbnailUrl\":\"https:\\\/\\\/ecodef-ihedn.fr\\\/wp-content\\\/uploads\\\/2021\\\/02\\\/838_entendez_vous_l_eco-1-e1612178221626.jpg\",\"keywords\":[\"chaire \u00e9conomie de d\u00e9fense\",\"comit\u00e9 de pilotage\",\"COVID-19\",\"crise \u00e9conomique\",\"crise sanitaire\",\"Impact \u00e9conomique\",\"industrie de d\u00e9fense\",\"Intervention\",\"Olivier Martin\"],\"articleSection\":[\"Activit\u00e9s\",\"M\u00e9dias\"],\"inLanguage\":\"en-GB\",\"potentialAction\":[{\"@type\":\"CommentAction\",\"name\":\"Comment\",\"target\":[\"https:\\\/\\\/ecodef-ihedn.fr\\\/olivier-martin-entendez-vous-l-eco\\\/#respond\"]}]},{\"@type\":\"WebPage\",\"@id\":\"https:\\\/\\\/ecodef-ihedn.fr\\\/olivier-martin-entendez-vous-l-eco\\\/\",\"url\":\"https:\\\/\\\/ecodef-ihedn.fr\\\/olivier-martin-entendez-vous-l-eco\\\/\",\"name\":\"Intervention d'Olivier Martin dans l'\u00e9mission \\\"Entendez-vous l'\u00e9co\\\" sur France Culture - Chaire \u00c9conomie de d\u00e9fense - IHEDN\",\"isPartOf\":{\"@id\":\"https:\\\/\\\/ecodef-ihedn.fr\\\/#website\"},\"primaryImageOfPage\":{\"@id\":\"https:\\\/\\\/ecodef-ihedn.fr\\\/olivier-martin-entendez-vous-l-eco\\\/#primaryimage\"},\"image\":{\"@id\":\"https:\\\/\\\/ecodef-ihedn.fr\\\/olivier-martin-entendez-vous-l-eco\\\/#primaryimage\"},\"thumbnailUrl\":\"https:\\\/\\\/ecodef-ihedn.fr\\\/wp-content\\\/uploads\\\/2021\\\/02\\\/838_entendez_vous_l_eco-1-e1612178221626.jpg\",\"datePublished\":\"2021-02-01T14:48:08+00:00\",\"dateModified\":\"2021-06-17T09:36:51+00:00\",\"description\":\"Olivier Martin, pr\u00e9sident du comit\u00e9 de pilotage de la Chaire, est intervenu dans l'\u00e9mission \\\"Entendez-vous l'\u00e9co\\\" sur France Culture.\",\"breadcrumb\":{\"@id\":\"https:\\\/\\\/ecodef-ihedn.fr\\\/olivier-martin-entendez-vous-l-eco\\\/#breadcrumb\"},\"inLanguage\":\"en-GB\",\"potentialAction\":[{\"@type\":\"ReadAction\",\"target\":[\"https:\\\/\\\/ecodef-ihedn.fr\\\/olivier-martin-entendez-vous-l-eco\\\/\"]}]},{\"@type\":\"ImageObject\",\"inLanguage\":\"en-GB\",\"@id\":\"https:\\\/\\\/ecodef-ihedn.fr\\\/olivier-martin-entendez-vous-l-eco\\\/#primaryimage\",\"url\":\"https:\\\/\\\/ecodef-ihedn.fr\\\/wp-content\\\/uploads\\\/2021\\\/02\\\/838_entendez_vous_l_eco-1-e1612178221626.jpg\",\"contentUrl\":\"https:\\\/\\\/ecodef-ihedn.fr\\\/wp-content\\\/uploads\\\/2021\\\/02\\\/838_entendez_vous_l_eco-1-e1612178221626.jpg\",\"width\":838,\"height\":622,\"caption\":\"Olivier Martin, pr\u00e9sident du comit\u00e9 de pilotage de la Chaire \u00c9conomie de D\u00e9fense - IHEDN, est intervenu dans l'\u00e9mission \\\"Entendez-vous l'\u00e9co\\\" sur France Culture.\"},{\"@type\":\"BreadcrumbList\",\"@id\":\"https:\\\/\\\/ecodef-ihedn.fr\\\/olivier-martin-entendez-vous-l-eco\\\/#breadcrumb\",\"itemListElement\":[{\"@type\":\"ListItem\",\"position\":1,\"name\":\"Accueil\",\"item\":\"https:\\\/\\\/ecodef-ihedn.fr\\\/\"},{\"@type\":\"ListItem\",\"position\":2,\"name\":\"Intervention d&#8217;Olivier Martin dans l&#8217;\u00e9mission &#8220;Entendez-vous l&#8217;\u00e9co&#8221; sur France Culture\"}]},{\"@type\":\"WebSite\",\"@id\":\"https:\\\/\\\/ecodef-ihedn.fr\\\/#website\",\"url\":\"https:\\\/\\\/ecodef-ihedn.fr\\\/\",\"name\":\"Chaire \u00c9conomie de D\u00e9fense - IHEDN\",\"description\":\"Produire &amp; soutenir, f\u00e9d\u00e9rer &amp; diffuser, \u00eatre une interface\",\"publisher\":{\"@id\":\"https:\\\/\\\/ecodef-ihedn.fr\\\/#organization\"},\"potentialAction\":[{\"@type\":\"SearchAction\",\"target\":{\"@type\":\"EntryPoint\",\"urlTemplate\":\"https:\\\/\\\/ecodef-ihedn.fr\\\/?s={search_term_string}\"},\"query-input\":{\"@type\":\"PropertyValueSpecification\",\"valueRequired\":true,\"valueName\":\"search_term_string\"}}],\"inLanguage\":\"en-GB\"},{\"@type\":\"Organization\",\"@id\":\"https:\\\/\\\/ecodef-ihedn.fr\\\/#organization\",\"name\":\"Chaire \u00c9conomie de d\u00e9fense - IHEDN\",\"url\":\"https:\\\/\\\/ecodef-ihedn.fr\\\/\",\"logo\":{\"@type\":\"ImageObject\",\"inLanguage\":\"en-GB\",\"@id\":\"https:\\\/\\\/ecodef-ihedn.fr\\\/#\\\/schema\\\/logo\\\/image\\\/\",\"url\":\"https:\\\/\\\/ecodef-ihedn.fr\\\/wp-content\\\/uploads\\\/2020\\\/04\\\/logoEcodef9.jpg\",\"contentUrl\":\"https:\\\/\\\/ecodef-ihedn.fr\\\/wp-content\\\/uploads\\\/2020\\\/04\\\/logoEcodef9.jpg\",\"width\":410,\"height\":212,\"caption\":\"Chaire \u00c9conomie de d\u00e9fense - IHEDN\"},\"image\":{\"@id\":\"https:\\\/\\\/ecodef-ihedn.fr\\\/#\\\/schema\\\/logo\\\/image\\\/\"},\"sameAs\":[\"https:\\\/\\\/x.com\\\/Chaire_Ecodef\",\"https:\\\/\\\/www.linkedin.com\\\/company\\\/chaire-ecodef-ihedn\\\/\"]},{\"@type\":\"Person\",\"@id\":\"https:\\\/\\\/ecodef-ihedn.fr\\\/#\\\/schema\\\/person\\\/1cdf22d028cebe278126a6e07a884d30\",\"name\":\"Bertrand Demandre\",\"image\":{\"@type\":\"ImageObject\",\"inLanguage\":\"en-GB\",\"@id\":\"https:\\\/\\\/secure.gravatar.com\\\/avatar\\\/d9c9746d6c900ab5b9c0f9b1fa3932e369da923da247d624b8f7ab4ba8a3c093?s=96&d=mm&r=g\",\"url\":\"https:\\\/\\\/secure.gravatar.com\\\/avatar\\\/d9c9746d6c900ab5b9c0f9b1fa3932e369da923da247d624b8f7ab4ba8a3c093?s=96&d=mm&r=g\",\"contentUrl\":\"https:\\\/\\\/secure.gravatar.com\\\/avatar\\\/d9c9746d6c900ab5b9c0f9b1fa3932e369da923da247d624b8f7ab4ba8a3c093?s=96&d=mm&r=g\",\"caption\":\"Bertrand Demandre\"},\"url\":\"https:\\\/\\\/ecodef-ihedn.fr\\\/en\\\/author\\\/bertrand\\\/\"}]}<\/script>\n<!-- \/ Yoast SEO plugin. -->","yoast_head_json":{"title":"Intervention d'Olivier Martin dans l'\u00e9mission \"Entendez-vous l'\u00e9co\" sur France Culture - Chaire \u00c9conomie de d\u00e9fense - IHEDN","description":"Olivier Martin, pr\u00e9sident du comit\u00e9 de pilotage de la Chaire, est intervenu dans l'\u00e9mission \"Entendez-vous l'\u00e9co\" sur France Culture.","robots":{"index":"index","follow":"follow","max-snippet":"max-snippet:-1","max-image-preview":"max-image-preview:large","max-video-preview":"max-video-preview:-1"},"canonical":"https:\/\/ecodef-ihedn.fr\/en\/olivier-martin-entendez-vous-l-eco\/","og_locale":"en_GB","og_type":"article","og_title":"Intervention d'Olivier Martin dans l'\u00e9mission \"Entendez-vous l'\u00e9co\" sur France Culture - Chaire \u00c9conomie de d\u00e9fense - IHEDN","og_description":"Olivier Martin, pr\u00e9sident du comit\u00e9 de pilotage de la Chaire, est intervenu dans l'\u00e9mission \"Entendez-vous l'\u00e9co\" sur France Culture.","og_url":"https:\/\/ecodef-ihedn.fr\/en\/olivier-martin-entendez-vous-l-eco\/","og_site_name":"Chaire \u00c9conomie de d\u00e9fense - IHEDN","article_published_time":"2021-02-01T14:48:08+00:00","article_modified_time":"2021-06-17T09:36:51+00:00","og_image":[{"width":838,"height":622,"url":"https:\/\/ecodef-ihedn.fr\/wp-content\/uploads\/2021\/02\/838_entendez_vous_l_eco-1-e1612178221626.jpg","type":"image\/jpeg"}],"author":"Bertrand Demandre","twitter_card":"summary_large_image","twitter_creator":"@Chaire_Ecodef","twitter_site":"@Chaire_Ecodef","twitter_misc":{"Written by":"Bertrand Demandre","Estimated reading time":"1 minute"},"schema":{"@context":"https:\/\/schema.org","@graph":[{"@type":"Article","@id":"https:\/\/ecodef-ihedn.fr\/olivier-martin-entendez-vous-l-eco\/#article","isPartOf":{"@id":"https:\/\/ecodef-ihedn.fr\/olivier-martin-entendez-vous-l-eco\/"},"author":{"name":"Bertrand Demandre","@id":"https:\/\/ecodef-ihedn.fr\/#\/schema\/person\/1cdf22d028cebe278126a6e07a884d30"},"headline":"Intervention d&rsquo;Olivier Martin dans l&rsquo;\u00e9mission \u00ab\u00a0Entendez-vous l&rsquo;\u00e9co\u00a0\u00bb sur France Culture","datePublished":"2021-02-01T14:48:08+00:00","dateModified":"2021-06-17T09:36:51+00:00","mainEntityOfPage":{"@id":"https:\/\/ecodef-ihedn.fr\/olivier-martin-entendez-vous-l-eco\/"},"wordCount":147,"commentCount":0,"publisher":{"@id":"https:\/\/ecodef-ihedn.fr\/#organization"},"image":{"@id":"https:\/\/ecodef-ihedn.fr\/olivier-martin-entendez-vous-l-eco\/#primaryimage"},"thumbnailUrl":"https:\/\/ecodef-ihedn.fr\/wp-content\/uploads\/2021\/02\/838_entendez_vous_l_eco-1-e1612178221626.jpg","keywords":["chaire \u00e9conomie de d\u00e9fense","comit\u00e9 de pilotage","COVID-19","crise \u00e9conomique","crise sanitaire","Impact \u00e9conomique","industrie de d\u00e9fense","Intervention","Olivier Martin"],"articleSection":["Activit\u00e9s","M\u00e9dias"],"inLanguage":"en-GB","potentialAction":[{"@type":"CommentAction","name":"Comment","target":["https:\/\/ecodef-ihedn.fr\/olivier-martin-entendez-vous-l-eco\/#respond"]}]},{"@type":"WebPage","@id":"https:\/\/ecodef-ihedn.fr\/olivier-martin-entendez-vous-l-eco\/","url":"https:\/\/ecodef-ihedn.fr\/olivier-martin-entendez-vous-l-eco\/","name":"Intervention d'Olivier Martin dans l'\u00e9mission \"Entendez-vous l'\u00e9co\" sur France Culture - Chaire \u00c9conomie de d\u00e9fense - IHEDN","isPartOf":{"@id":"https:\/\/ecodef-ihedn.fr\/#website"},"primaryImageOfPage":{"@id":"https:\/\/ecodef-ihedn.fr\/olivier-martin-entendez-vous-l-eco\/#primaryimage"},"image":{"@id":"https:\/\/ecodef-ihedn.fr\/olivier-martin-entendez-vous-l-eco\/#primaryimage"},"thumbnailUrl":"https:\/\/ecodef-ihedn.fr\/wp-content\/uploads\/2021\/02\/838_entendez_vous_l_eco-1-e1612178221626.jpg","datePublished":"2021-02-01T14:48:08+00:00","dateModified":"2021-06-17T09:36:51+00:00","description":"Olivier Martin, pr\u00e9sident du comit\u00e9 de pilotage de la Chaire, est intervenu dans l'\u00e9mission \"Entendez-vous l'\u00e9co\" sur France Culture.","breadcrumb":{"@id":"https:\/\/ecodef-ihedn.fr\/olivier-martin-entendez-vous-l-eco\/#breadcrumb"},"inLanguage":"en-GB","potentialAction":[{"@type":"ReadAction","target":["https:\/\/ecodef-ihedn.fr\/olivier-martin-entendez-vous-l-eco\/"]}]},{"@type":"ImageObject","inLanguage":"en-GB","@id":"https:\/\/ecodef-ihedn.fr\/olivier-martin-entendez-vous-l-eco\/#primaryimage","url":"https:\/\/ecodef-ihedn.fr\/wp-content\/uploads\/2021\/02\/838_entendez_vous_l_eco-1-e1612178221626.jpg","contentUrl":"https:\/\/ecodef-ihedn.fr\/wp-content\/uploads\/2021\/02\/838_entendez_vous_l_eco-1-e1612178221626.jpg","width":838,"height":622,"caption":"Olivier Martin, pr\u00e9sident du comit\u00e9 de pilotage de la Chaire \u00c9conomie de D\u00e9fense - IHEDN, est intervenu dans l'\u00e9mission \"Entendez-vous l'\u00e9co\" sur France Culture."},{"@type":"BreadcrumbList","@id":"https:\/\/ecodef-ihedn.fr\/olivier-martin-entendez-vous-l-eco\/#breadcrumb","itemListElement":[{"@type":"ListItem","position":1,"name":"Accueil","item":"https:\/\/ecodef-ihedn.fr\/"},{"@type":"ListItem","position":2,"name":"Intervention d&#8217;Olivier Martin dans l&#8217;\u00e9mission &#8220;Entendez-vous l&#8217;\u00e9co&#8221; sur France Culture"}]},{"@type":"WebSite","@id":"https:\/\/ecodef-ihedn.fr\/#website","url":"https:\/\/ecodef-ihedn.fr\/","name":"Chair in Defence Economics - IHEDN","description":"Produce &amp; support, federate &amp; disseminate, act as an interface","publisher":{"@id":"https:\/\/ecodef-ihedn.fr\/#organization"},"potentialAction":[{"@type":"SearchAction","target":{"@type":"EntryPoint","urlTemplate":"https:\/\/ecodef-ihedn.fr\/?s={search_term_string}"},"query-input":{"@type":"PropertyValueSpecification","valueRequired":true,"valueName":"search_term_string"}}],"inLanguage":"en-GB"},{"@type":"Organization","@id":"https:\/\/ecodef-ihedn.fr\/#organization","name":"Chair in Defence Economics - IHEDN","url":"https:\/\/ecodef-ihedn.fr\/","logo":{"@type":"ImageObject","inLanguage":"en-GB","@id":"https:\/\/ecodef-ihedn.fr\/#\/schema\/logo\/image\/","url":"https:\/\/ecodef-ihedn.fr\/wp-content\/uploads\/2020\/04\/logoEcodef9.jpg","contentUrl":"https:\/\/ecodef-ihedn.fr\/wp-content\/uploads\/2020\/04\/logoEcodef9.jpg","width":410,"height":212,"caption":"Chaire \u00c9conomie de d\u00e9fense - IHEDN"},"image":{"@id":"https:\/\/ecodef-ihedn.fr\/#\/schema\/logo\/image\/"},"sameAs":["https:\/\/x.com\/Chaire_Ecodef","https:\/\/www.linkedin.com\/company\/chaire-ecodef-ihedn\/"]},{"@type":"Person","@id":"https:\/\/ecodef-ihedn.fr\/#\/schema\/person\/1cdf22d028cebe278126a6e07a884d30","name":"Bertrand Demandre","image":{"@type":"ImageObject","inLanguage":"en-GB","@id":"https:\/\/secure.gravatar.com\/avatar\/d9c9746d6c900ab5b9c0f9b1fa3932e369da923da247d624b8f7ab4ba8a3c093?s=96&d=mm&r=g","url":"https:\/\/secure.gravatar.com\/avatar\/d9c9746d6c900ab5b9c0f9b1fa3932e369da923da247d624b8f7ab4ba8a3c093?s=96&d=mm&r=g","contentUrl":"https:\/\/secure.gravatar.com\/avatar\/d9c9746d6c900ab5b9c0f9b1fa3932e369da923da247d624b8f7ab4ba8a3c093?s=96&d=mm&r=g","caption":"Bertrand Demandre"},"url":"https:\/\/ecodef-ihedn.fr\/en\/author\/bertrand\/"}]}},"_links":{"self":[{"href":"https:\/\/ecodef-ihedn.fr\/en\/wp-json\/wp\/v2\/posts\/2862","targetHints":{"allow":["GET"]}}],"collection":[{"href":"https:\/\/ecodef-ihedn.fr\/en\/wp-json\/wp\/v2\/posts"}],"about":[{"href":"https:\/\/ecodef-ihedn.fr\/en\/wp-json\/wp\/v2\/types\/post"}],"author":[{"embeddable":true,"href":"https:\/\/ecodef-ihedn.fr\/en\/wp-json\/wp\/v2\/users\/2"}],"replies":[{"embeddable":true,"href":"https:\/\/ecodef-ihedn.fr\/en\/wp-json\/wp\/v2\/comments?post=2862"}],"version-history":[{"count":4,"href":"https:\/\/ecodef-ihedn.fr\/en\/wp-json\/wp\/v2\/posts\/2862\/revisions"}],"predecessor-version":[{"id":3511,"href":"https:\/\/ecodef-ihedn.fr\/en\/wp-json\/wp\/v2\/posts\/2862\/revisions\/3511"}],"wp:featuredmedia":[{"embeddable":true,"href":"https:\/\/ecodef-ihedn.fr\/en\/wp-json\/wp\/v2\/media\/2866"}],"wp:attachment":[{"href":"https:\/\/ecodef-ihedn.fr\/en\/wp-json\/wp\/v2\/media?parent=2862"}],"wp:term":[{"taxonomy":"category","embeddable":true,"href":"https:\/\/ecodef-ihedn.fr\/en\/wp-json\/wp\/v2\/categories?post=2862"},{"taxonomy":"post_tag","embeddable":true,"href":"https:\/\/ecodef-ihedn.fr\/en\/wp-json\/wp\/v2\/tags?post=2862"}],"curies":[{"name":"wp","href":"https:\/\/api.w.org\/{rel}","templated":true}]}}