{"id":2940,"date":"2021-02-17T15:07:39","date_gmt":"2021-02-17T15:07:39","guid":{"rendered":"https:\/\/ecodef-ihedn.fr\/?p=2940"},"modified":"2024-05-16T13:23:18","modified_gmt":"2024-05-16T13:23:18","slug":"podcast-irsem-julien-malizard","status":"publish","type":"post","link":"https:\/\/ecodef-ihedn.fr\/en\/podcast-irsem-julien-malizard\/","title":{"rendered":"\u00abDo French weapons bring peace to the world? Julien Malizard guest on IRSEM podcast"},"content":{"rendered":"<p><strong>Watch Julien Malizard, Deputy Chair of Defence Economics - IHEDN, in the Collimateur, IRSEM podcast, for the episode <a href=\"https:\/\/soundcloud.com\/le-collimateur\/tetes-chercheuses-9-les-armes-francaises-apportent-elles-la-paix-dans-le-monde\" target=\"_blank\" rel=\"noopener\">\u00abT\u00eates chercheuses #9: Do French weapons bring peace to the world?\u00bb<\/a>.<\/strong><\/p>\r\n\r\n\r\n\r\n<figure class=\"wp-block-image size-large\"><a href=\"http:\/\/https:\/\/soundcloud.com\/le-collimateur\/tetes-chercheuses-9-les-armes-francaises-apportent-elles-la-paix-dans-le-monde\" target=\"_blank\" rel=\"noopener\"><img loading=\"lazy\" decoding=\"async\" class=\"alignnone wp-image-2941\" src=\"https:\/\/ecodef-ihedn.fr\/wp-content\/uploads\/2021\/02\/EuA3n9pXUAIXMu_-1024x576.jpg\" alt=\"Retrouvez l\u2019intervention de Julien Malizard, titulaire adjoint de la Chaire \u00c9conomie de D\u00e9fense \u2013 IHEDN, dans le Collimateur, podcast de l'IRSEM, pour l'\u00e9pisode &quot;T\u00eates chercheuses #9 : Les armes fran\u00e7aises apportent-elles la paix dans le monde ?&quot;. \" width=\"1024\" height=\"576\" srcset=\"https:\/\/ecodef-ihedn.fr\/wp-content\/uploads\/2021\/02\/EuA3n9pXUAIXMu_-1024x576.jpg 1024w, https:\/\/ecodef-ihedn.fr\/wp-content\/uploads\/2021\/02\/EuA3n9pXUAIXMu_-300x169.jpg 300w, https:\/\/ecodef-ihedn.fr\/wp-content\/uploads\/2021\/02\/EuA3n9pXUAIXMu_-768x432.jpg 768w, https:\/\/ecodef-ihedn.fr\/wp-content\/uploads\/2021\/02\/EuA3n9pXUAIXMu_-696x392.jpg 696w, https:\/\/ecodef-ihedn.fr\/wp-content\/uploads\/2021\/02\/EuA3n9pXUAIXMu_-1068x601.jpg 1068w, https:\/\/ecodef-ihedn.fr\/wp-content\/uploads\/2021\/02\/EuA3n9pXUAIXMu_-747x420.jpg 747w, https:\/\/ecodef-ihedn.fr\/wp-content\/uploads\/2021\/02\/EuA3n9pXUAIXMu_.jpg 1200w\" sizes=\"auto, (max-width: 1024px) 100vw, 1024px\" \/><\/a><\/figure>\r\n\r\n\r\n\r\n<p>Presented by<strong> Alexandre Jubelin<\/strong>, <em>the Collimator<\/em>, IRSEM podcast, receives <strong>Julien Malizard<\/strong>, Deputy Chair, and <strong>C\u00e9cile Fauconnet<\/strong>, a researcher in defence economics at IRSEM. This episode, from the series <em>Search heads<\/em>, discusses their article <a href=\"https:\/\/ecodef-ihedn.fr\/en\/article-de-julien-malizard-dans-defence-and-peace-economics\/\" target=\"_blank\" rel=\"noreferrer noopener\">\u00abFrench Arms Exports and Intrastate Conflicts: An Empirical Investigation\u00bb.\u00bb<\/a>, co-written with <strong>Antoine Pietri<\/strong> and published in 2018 in <em>Defence and Peace Economics<\/em>.<\/p>\r\n\r\n\r\n\r\n<p>This article, based on a <a href=\"https:\/\/ecodef-ihedn.fr\/en\/numero-special-de-defence-and-peace-economics-coordonne-par-julien-malizard\/\" target=\"_blank\" rel=\"noreferrer noopener\">special issue coordinated by Julien Malizard<\/a>, was also presented at a <a href=\"https:\/\/ecodef-ihedn.fr\/en\/retour-sur-la-table-ronde-organisee-avec-le-cdem-le-23-janvier-2020\/\" target=\"_blank\" rel=\"noreferrer noopener\">round table organised by the Chair and the Centre de documentation de l'\u00c9cole militaire (CDEM)<\/a> in January 2020.  Its aim is to study the\u00a0<strong>consequences of french arms exports<\/strong>\u00a0<strong>on the intensity of civil conflicts in buyer countries<\/strong>.<\/p>\r\n<p style=\"text-align: center;\"><span class=\"td_btn td_btn_md td_default_btn\" style=\"color: #ffffff;\"><strong><a style=\"color: #ffffff;\" href=\"https:\/\/soundcloud.com\/le-collimateur\/tetes-chercheuses-9-les-armes-francaises-apportent-elles-la-paix-dans-le-monde\" target=\"_blank\" rel=\"noreferrer noopener\">listen to the podcast<\/a><\/strong><\/span><\/p>","protected":false},"excerpt":{"rendered":"<p>Retrouvez l\u2019intervention de Julien Malizard, titulaire adjoint de la Chaire \u00c9conomie de D\u00e9fense \u2013 IHEDN, dans le Collimateur, podcast de l&rsquo;IRSEM, pour l&rsquo;\u00e9pisode \u00ab\u00a0T\u00eates chercheuses #9 : Les armes fran\u00e7aises apportent-elles la paix dans le monde ?\u00a0\u00bb. Pr\u00e9sent\u00e9 par Alexandre Jubelin, le Collimateur, podcast de l&rsquo;IRSEM, re\u00e7oit Julien Malizard, titulaire adjoint de la Chaire, et [&hellip;]<\/p>\n","protected":false},"author":2,"featured_media":8447,"comment_status":"open","ping_status":"open","sticky":false,"template":"","format":"standard","meta":{"footnotes":""},"categories":[358],"tags":[57,420,118,191,47,405,366,196,86,228,361],"class_list":{"0":"post-2940","1":"post","2":"type-post","3":"status-publish","4":"format-standard","5":"has-post-thumbnail","7":"category-medias","8":"tag-armement","9":"tag-cecile-fauconnet","10":"tag-conflits","11":"tag-defence-and-peace-economics","12":"tag-economie-de-defense","13":"tag-economie-de-guerre","14":"tag-france","15":"tag-irsem","16":"tag-julien-malizard","17":"tag-paix","18":"tag-podcast"},"yoast_head":"<!-- This site is optimized with the Yoast SEO plugin v27.4 - https:\/\/yoast.com\/product\/yoast-seo-wordpress\/ -->\n<title>&quot;Les armes fran\u00e7aises apportent-elles la paix dans le monde ?&quot; : Julien Malizard invit\u00e9 du podcast de l&#039;IRSEM - Chaire \u00c9conomie de d\u00e9fense - IHEDN<\/title>\n<meta name=\"description\" content=\"Retrouvez l\u2019intervention de Julien Malizard dans le Collimateur, podcast de l&#039;IRSEM, pour l&#039;\u00e9pisode &quot;Les armes fran\u00e7aises apportent-elles la paix dans le monde ?&quot;.\" \/>\n<meta name=\"robots\" content=\"index, follow, max-snippet:-1, max-image-preview:large, max-video-preview:-1\" \/>\n<link rel=\"canonical\" href=\"https:\/\/ecodef-ihedn.fr\/en\/podcast-irsem-julien-malizard\/\" \/>\n<meta property=\"og:locale\" content=\"en_GB\" \/>\n<meta property=\"og:type\" content=\"article\" \/>\n<meta property=\"og:title\" content=\"&quot;Les armes fran\u00e7aises apportent-elles la paix dans le monde ?&quot; : Julien Malizard invit\u00e9 du podcast de l&#039;IRSEM - Chaire \u00c9conomie de d\u00e9fense - IHEDN\" \/>\n<meta property=\"og:description\" content=\"Retrouvez l\u2019intervention de Julien Malizard dans le Collimateur, podcast de l&#039;IRSEM, pour l&#039;\u00e9pisode &quot;Les armes fran\u00e7aises apportent-elles la paix dans le monde ?&quot;.\" \/>\n<meta property=\"og:url\" content=\"https:\/\/ecodef-ihedn.fr\/en\/podcast-irsem-julien-malizard\/\" \/>\n<meta property=\"og:site_name\" content=\"Chaire \u00c9conomie de d\u00e9fense - IHEDN\" \/>\n<meta property=\"article:published_time\" content=\"2021-02-17T15:07:39+00:00\" \/>\n<meta property=\"article:modified_time\" content=\"2024-05-16T13:23:18+00:00\" \/>\n<meta property=\"og:image\" content=\"https:\/\/ecodef-ihedn.fr\/wp-content\/uploads\/2020\/04\/logo-collimateur-IRSEM-1.png\" \/>\n\t<meta property=\"og:image:width\" content=\"750\" \/>\n\t<meta property=\"og:image:height\" content=\"482\" \/>\n\t<meta property=\"og:image:type\" content=\"image\/png\" \/>\n<meta name=\"author\" content=\"Bertrand Demandre\" \/>\n<meta name=\"twitter:card\" content=\"summary_large_image\" \/>\n<meta name=\"twitter:creator\" content=\"@Chaire_Ecodef\" \/>\n<meta name=\"twitter:site\" content=\"@Chaire_Ecodef\" \/>\n<meta name=\"twitter:label1\" content=\"Written by\" \/>\n\t<meta name=\"twitter:data1\" content=\"Bertrand Demandre\" \/>\n\t<meta name=\"twitter:label2\" content=\"Estimated reading time\" \/>\n\t<meta name=\"twitter:data2\" content=\"2 minutes\" \/>\n<script type=\"application\/ld+json\" class=\"yoast-schema-graph\">{\"@context\":\"https:\\\/\\\/schema.org\",\"@graph\":[{\"@type\":\"Article\",\"@id\":\"https:\\\/\\\/ecodef-ihedn.fr\\\/podcast-irsem-julien-malizard\\\/#article\",\"isPartOf\":{\"@id\":\"https:\\\/\\\/ecodef-ihedn.fr\\\/podcast-irsem-julien-malizard\\\/\"},\"author\":{\"name\":\"Bertrand Demandre\",\"@id\":\"https:\\\/\\\/ecodef-ihedn.fr\\\/#\\\/schema\\\/person\\\/1cdf22d028cebe278126a6e07a884d30\"},\"headline\":\"\u00ab\u00a0Les armes fran\u00e7aises apportent-elles la paix dans le monde ?\u00a0\u00bb : Julien Malizard invit\u00e9 du podcast de l&rsquo;IRSEM\",\"datePublished\":\"2021-02-17T15:07:39+00:00\",\"dateModified\":\"2024-05-16T13:23:18+00:00\",\"mainEntityOfPage\":{\"@id\":\"https:\\\/\\\/ecodef-ihedn.fr\\\/podcast-irsem-julien-malizard\\\/\"},\"wordCount\":190,\"commentCount\":0,\"publisher\":{\"@id\":\"https:\\\/\\\/ecodef-ihedn.fr\\\/#organization\"},\"image\":{\"@id\":\"https:\\\/\\\/ecodef-ihedn.fr\\\/podcast-irsem-julien-malizard\\\/#primaryimage\"},\"thumbnailUrl\":\"https:\\\/\\\/ecodef-ihedn.fr\\\/wp-content\\\/uploads\\\/2020\\\/04\\\/logo-collimateur-IRSEM-1.png\",\"keywords\":[\"armement\",\"C\u00e9cile Fauconnet\",\"Conflits\",\"Defence and Peace Economics\",\"\u00e9conomie de d\u00e9fense\",\"\u00e9conomie de guerre\",\"France\",\"IRSEM\",\"Julien Malizard\",\"Paix\",\"podcast\"],\"articleSection\":[\"M\u00e9dias\"],\"inLanguage\":\"en-GB\",\"potentialAction\":[{\"@type\":\"CommentAction\",\"name\":\"Comment\",\"target\":[\"https:\\\/\\\/ecodef-ihedn.fr\\\/podcast-irsem-julien-malizard\\\/#respond\"]}]},{\"@type\":\"WebPage\",\"@id\":\"https:\\\/\\\/ecodef-ihedn.fr\\\/podcast-irsem-julien-malizard\\\/\",\"url\":\"https:\\\/\\\/ecodef-ihedn.fr\\\/podcast-irsem-julien-malizard\\\/\",\"name\":\"\\\"Les armes fran\u00e7aises apportent-elles la paix dans le monde ?\\\" : Julien Malizard invit\u00e9 du podcast de l'IRSEM - Chaire \u00c9conomie de d\u00e9fense - IHEDN\",\"isPartOf\":{\"@id\":\"https:\\\/\\\/ecodef-ihedn.fr\\\/#website\"},\"primaryImageOfPage\":{\"@id\":\"https:\\\/\\\/ecodef-ihedn.fr\\\/podcast-irsem-julien-malizard\\\/#primaryimage\"},\"image\":{\"@id\":\"https:\\\/\\\/ecodef-ihedn.fr\\\/podcast-irsem-julien-malizard\\\/#primaryimage\"},\"thumbnailUrl\":\"https:\\\/\\\/ecodef-ihedn.fr\\\/wp-content\\\/uploads\\\/2020\\\/04\\\/logo-collimateur-IRSEM-1.png\",\"datePublished\":\"2021-02-17T15:07:39+00:00\",\"dateModified\":\"2024-05-16T13:23:18+00:00\",\"description\":\"Retrouvez l\u2019intervention de Julien Malizard dans le Collimateur, podcast de l'IRSEM, pour l'\u00e9pisode \\\"Les armes fran\u00e7aises apportent-elles la paix dans le monde ?\\\".\",\"breadcrumb\":{\"@id\":\"https:\\\/\\\/ecodef-ihedn.fr\\\/podcast-irsem-julien-malizard\\\/#breadcrumb\"},\"inLanguage\":\"en-GB\",\"potentialAction\":[{\"@type\":\"ReadAction\",\"target\":[\"https:\\\/\\\/ecodef-ihedn.fr\\\/podcast-irsem-julien-malizard\\\/\"]}]},{\"@type\":\"ImageObject\",\"inLanguage\":\"en-GB\",\"@id\":\"https:\\\/\\\/ecodef-ihedn.fr\\\/podcast-irsem-julien-malizard\\\/#primaryimage\",\"url\":\"https:\\\/\\\/ecodef-ihedn.fr\\\/wp-content\\\/uploads\\\/2020\\\/04\\\/logo-collimateur-IRSEM-1.png\",\"contentUrl\":\"https:\\\/\\\/ecodef-ihedn.fr\\\/wp-content\\\/uploads\\\/2020\\\/04\\\/logo-collimateur-IRSEM-1.png\",\"width\":750,\"height\":482},{\"@type\":\"BreadcrumbList\",\"@id\":\"https:\\\/\\\/ecodef-ihedn.fr\\\/podcast-irsem-julien-malizard\\\/#breadcrumb\",\"itemListElement\":[{\"@type\":\"ListItem\",\"position\":1,\"name\":\"Accueil\",\"item\":\"https:\\\/\\\/ecodef-ihedn.fr\\\/\"},{\"@type\":\"ListItem\",\"position\":2,\"name\":\"&#8220;Les armes fran\u00e7aises apportent-elles la paix dans le monde ?&#8221; : Julien Malizard invit\u00e9 du podcast de l&#8217;IRSEM\"}]},{\"@type\":\"WebSite\",\"@id\":\"https:\\\/\\\/ecodef-ihedn.fr\\\/#website\",\"url\":\"https:\\\/\\\/ecodef-ihedn.fr\\\/\",\"name\":\"Chaire \u00c9conomie de D\u00e9fense - IHEDN\",\"description\":\"Produire &amp; soutenir, f\u00e9d\u00e9rer &amp; diffuser, \u00eatre une interface\",\"publisher\":{\"@id\":\"https:\\\/\\\/ecodef-ihedn.fr\\\/#organization\"},\"potentialAction\":[{\"@type\":\"SearchAction\",\"target\":{\"@type\":\"EntryPoint\",\"urlTemplate\":\"https:\\\/\\\/ecodef-ihedn.fr\\\/?s={search_term_string}\"},\"query-input\":{\"@type\":\"PropertyValueSpecification\",\"valueRequired\":true,\"valueName\":\"search_term_string\"}}],\"inLanguage\":\"en-GB\"},{\"@type\":\"Organization\",\"@id\":\"https:\\\/\\\/ecodef-ihedn.fr\\\/#organization\",\"name\":\"Chaire \u00c9conomie de d\u00e9fense - IHEDN\",\"url\":\"https:\\\/\\\/ecodef-ihedn.fr\\\/\",\"logo\":{\"@type\":\"ImageObject\",\"inLanguage\":\"en-GB\",\"@id\":\"https:\\\/\\\/ecodef-ihedn.fr\\\/#\\\/schema\\\/logo\\\/image\\\/\",\"url\":\"https:\\\/\\\/ecodef-ihedn.fr\\\/wp-content\\\/uploads\\\/2020\\\/04\\\/logoEcodef9.jpg\",\"contentUrl\":\"https:\\\/\\\/ecodef-ihedn.fr\\\/wp-content\\\/uploads\\\/2020\\\/04\\\/logoEcodef9.jpg\",\"width\":410,\"height\":212,\"caption\":\"Chaire \u00c9conomie de d\u00e9fense - IHEDN\"},\"image\":{\"@id\":\"https:\\\/\\\/ecodef-ihedn.fr\\\/#\\\/schema\\\/logo\\\/image\\\/\"},\"sameAs\":[\"https:\\\/\\\/x.com\\\/Chaire_Ecodef\",\"https:\\\/\\\/www.linkedin.com\\\/company\\\/chaire-ecodef-ihedn\\\/\"]},{\"@type\":\"Person\",\"@id\":\"https:\\\/\\\/ecodef-ihedn.fr\\\/#\\\/schema\\\/person\\\/1cdf22d028cebe278126a6e07a884d30\",\"name\":\"Bertrand Demandre\",\"image\":{\"@type\":\"ImageObject\",\"inLanguage\":\"en-GB\",\"@id\":\"https:\\\/\\\/secure.gravatar.com\\\/avatar\\\/d9c9746d6c900ab5b9c0f9b1fa3932e369da923da247d624b8f7ab4ba8a3c093?s=96&d=mm&r=g\",\"url\":\"https:\\\/\\\/secure.gravatar.com\\\/avatar\\\/d9c9746d6c900ab5b9c0f9b1fa3932e369da923da247d624b8f7ab4ba8a3c093?s=96&d=mm&r=g\",\"contentUrl\":\"https:\\\/\\\/secure.gravatar.com\\\/avatar\\\/d9c9746d6c900ab5b9c0f9b1fa3932e369da923da247d624b8f7ab4ba8a3c093?s=96&d=mm&r=g\",\"caption\":\"Bertrand Demandre\"},\"url\":\"https:\\\/\\\/ecodef-ihedn.fr\\\/en\\\/author\\\/bertrand\\\/\"}]}<\/script>\n<!-- \/ Yoast SEO plugin. -->","yoast_head_json":{"title":"\"Les armes fran\u00e7aises apportent-elles la paix dans le monde ?\" : Julien Malizard invit\u00e9 du podcast de l'IRSEM - Chaire \u00c9conomie de d\u00e9fense - IHEDN","description":"Retrouvez l\u2019intervention de Julien Malizard dans le Collimateur, podcast de l'IRSEM, pour l'\u00e9pisode \"Les armes fran\u00e7aises apportent-elles la paix dans le monde ?\".","robots":{"index":"index","follow":"follow","max-snippet":"max-snippet:-1","max-image-preview":"max-image-preview:large","max-video-preview":"max-video-preview:-1"},"canonical":"https:\/\/ecodef-ihedn.fr\/en\/podcast-irsem-julien-malizard\/","og_locale":"en_GB","og_type":"article","og_title":"\"Les armes fran\u00e7aises apportent-elles la paix dans le monde ?\" : Julien Malizard invit\u00e9 du podcast de l'IRSEM - Chaire \u00c9conomie de d\u00e9fense - IHEDN","og_description":"Retrouvez l\u2019intervention de Julien Malizard dans le Collimateur, podcast de l'IRSEM, pour l'\u00e9pisode \"Les armes fran\u00e7aises apportent-elles la paix dans le monde ?\".","og_url":"https:\/\/ecodef-ihedn.fr\/en\/podcast-irsem-julien-malizard\/","og_site_name":"Chaire \u00c9conomie de d\u00e9fense - IHEDN","article_published_time":"2021-02-17T15:07:39+00:00","article_modified_time":"2024-05-16T13:23:18+00:00","og_image":[{"width":750,"height":482,"url":"https:\/\/ecodef-ihedn.fr\/wp-content\/uploads\/2020\/04\/logo-collimateur-IRSEM-1.png","type":"image\/png"}],"author":"Bertrand Demandre","twitter_card":"summary_large_image","twitter_creator":"@Chaire_Ecodef","twitter_site":"@Chaire_Ecodef","twitter_misc":{"Written by":"Bertrand Demandre","Estimated reading time":"2 minutes"},"schema":{"@context":"https:\/\/schema.org","@graph":[{"@type":"Article","@id":"https:\/\/ecodef-ihedn.fr\/podcast-irsem-julien-malizard\/#article","isPartOf":{"@id":"https:\/\/ecodef-ihedn.fr\/podcast-irsem-julien-malizard\/"},"author":{"name":"Bertrand Demandre","@id":"https:\/\/ecodef-ihedn.fr\/#\/schema\/person\/1cdf22d028cebe278126a6e07a884d30"},"headline":"\u00ab\u00a0Les armes fran\u00e7aises apportent-elles la paix dans le monde ?\u00a0\u00bb : Julien Malizard invit\u00e9 du podcast de l&rsquo;IRSEM","datePublished":"2021-02-17T15:07:39+00:00","dateModified":"2024-05-16T13:23:18+00:00","mainEntityOfPage":{"@id":"https:\/\/ecodef-ihedn.fr\/podcast-irsem-julien-malizard\/"},"wordCount":190,"commentCount":0,"publisher":{"@id":"https:\/\/ecodef-ihedn.fr\/#organization"},"image":{"@id":"https:\/\/ecodef-ihedn.fr\/podcast-irsem-julien-malizard\/#primaryimage"},"thumbnailUrl":"https:\/\/ecodef-ihedn.fr\/wp-content\/uploads\/2020\/04\/logo-collimateur-IRSEM-1.png","keywords":["armement","C\u00e9cile Fauconnet","Conflits","Defence and Peace Economics","\u00e9conomie de d\u00e9fense","\u00e9conomie de guerre","France","IRSEM","Julien Malizard","Paix","podcast"],"articleSection":["M\u00e9dias"],"inLanguage":"en-GB","potentialAction":[{"@type":"CommentAction","name":"Comment","target":["https:\/\/ecodef-ihedn.fr\/podcast-irsem-julien-malizard\/#respond"]}]},{"@type":"WebPage","@id":"https:\/\/ecodef-ihedn.fr\/podcast-irsem-julien-malizard\/","url":"https:\/\/ecodef-ihedn.fr\/podcast-irsem-julien-malizard\/","name":"\"Les armes fran\u00e7aises apportent-elles la paix dans le monde ?\" : Julien Malizard invit\u00e9 du podcast de l'IRSEM - Chaire \u00c9conomie de d\u00e9fense - IHEDN","isPartOf":{"@id":"https:\/\/ecodef-ihedn.fr\/#website"},"primaryImageOfPage":{"@id":"https:\/\/ecodef-ihedn.fr\/podcast-irsem-julien-malizard\/#primaryimage"},"image":{"@id":"https:\/\/ecodef-ihedn.fr\/podcast-irsem-julien-malizard\/#primaryimage"},"thumbnailUrl":"https:\/\/ecodef-ihedn.fr\/wp-content\/uploads\/2020\/04\/logo-collimateur-IRSEM-1.png","datePublished":"2021-02-17T15:07:39+00:00","dateModified":"2024-05-16T13:23:18+00:00","description":"Retrouvez l\u2019intervention de Julien Malizard dans le Collimateur, podcast de l'IRSEM, pour l'\u00e9pisode \"Les armes fran\u00e7aises apportent-elles la paix dans le monde ?\".","breadcrumb":{"@id":"https:\/\/ecodef-ihedn.fr\/podcast-irsem-julien-malizard\/#breadcrumb"},"inLanguage":"en-GB","potentialAction":[{"@type":"ReadAction","target":["https:\/\/ecodef-ihedn.fr\/podcast-irsem-julien-malizard\/"]}]},{"@type":"ImageObject","inLanguage":"en-GB","@id":"https:\/\/ecodef-ihedn.fr\/podcast-irsem-julien-malizard\/#primaryimage","url":"https:\/\/ecodef-ihedn.fr\/wp-content\/uploads\/2020\/04\/logo-collimateur-IRSEM-1.png","contentUrl":"https:\/\/ecodef-ihedn.fr\/wp-content\/uploads\/2020\/04\/logo-collimateur-IRSEM-1.png","width":750,"height":482},{"@type":"BreadcrumbList","@id":"https:\/\/ecodef-ihedn.fr\/podcast-irsem-julien-malizard\/#breadcrumb","itemListElement":[{"@type":"ListItem","position":1,"name":"Accueil","item":"https:\/\/ecodef-ihedn.fr\/"},{"@type":"ListItem","position":2,"name":"&#8220;Les armes fran\u00e7aises apportent-elles la paix dans le monde ?&#8221; : Julien Malizard invit\u00e9 du podcast de l&#8217;IRSEM"}]},{"@type":"WebSite","@id":"https:\/\/ecodef-ihedn.fr\/#website","url":"https:\/\/ecodef-ihedn.fr\/","name":"Chair in Defence Economics - IHEDN","description":"Produce &amp; support, federate &amp; disseminate, act as an interface","publisher":{"@id":"https:\/\/ecodef-ihedn.fr\/#organization"},"potentialAction":[{"@type":"SearchAction","target":{"@type":"EntryPoint","urlTemplate":"https:\/\/ecodef-ihedn.fr\/?s={search_term_string}"},"query-input":{"@type":"PropertyValueSpecification","valueRequired":true,"valueName":"search_term_string"}}],"inLanguage":"en-GB"},{"@type":"Organization","@id":"https:\/\/ecodef-ihedn.fr\/#organization","name":"Chair in Defence Economics - IHEDN","url":"https:\/\/ecodef-ihedn.fr\/","logo":{"@type":"ImageObject","inLanguage":"en-GB","@id":"https:\/\/ecodef-ihedn.fr\/#\/schema\/logo\/image\/","url":"https:\/\/ecodef-ihedn.fr\/wp-content\/uploads\/2020\/04\/logoEcodef9.jpg","contentUrl":"https:\/\/ecodef-ihedn.fr\/wp-content\/uploads\/2020\/04\/logoEcodef9.jpg","width":410,"height":212,"caption":"Chaire \u00c9conomie de d\u00e9fense - IHEDN"},"image":{"@id":"https:\/\/ecodef-ihedn.fr\/#\/schema\/logo\/image\/"},"sameAs":["https:\/\/x.com\/Chaire_Ecodef","https:\/\/www.linkedin.com\/company\/chaire-ecodef-ihedn\/"]},{"@type":"Person","@id":"https:\/\/ecodef-ihedn.fr\/#\/schema\/person\/1cdf22d028cebe278126a6e07a884d30","name":"Bertrand Demandre","image":{"@type":"ImageObject","inLanguage":"en-GB","@id":"https:\/\/secure.gravatar.com\/avatar\/d9c9746d6c900ab5b9c0f9b1fa3932e369da923da247d624b8f7ab4ba8a3c093?s=96&d=mm&r=g","url":"https:\/\/secure.gravatar.com\/avatar\/d9c9746d6c900ab5b9c0f9b1fa3932e369da923da247d624b8f7ab4ba8a3c093?s=96&d=mm&r=g","contentUrl":"https:\/\/secure.gravatar.com\/avatar\/d9c9746d6c900ab5b9c0f9b1fa3932e369da923da247d624b8f7ab4ba8a3c093?s=96&d=mm&r=g","caption":"Bertrand Demandre"},"url":"https:\/\/ecodef-ihedn.fr\/en\/author\/bertrand\/"}]}},"_links":{"self":[{"href":"https:\/\/ecodef-ihedn.fr\/en\/wp-json\/wp\/v2\/posts\/2940","targetHints":{"allow":["GET"]}}],"collection":[{"href":"https:\/\/ecodef-ihedn.fr\/en\/wp-json\/wp\/v2\/posts"}],"about":[{"href":"https:\/\/ecodef-ihedn.fr\/en\/wp-json\/wp\/v2\/types\/post"}],"author":[{"embeddable":true,"href":"https:\/\/ecodef-ihedn.fr\/en\/wp-json\/wp\/v2\/users\/2"}],"replies":[{"embeddable":true,"href":"https:\/\/ecodef-ihedn.fr\/en\/wp-json\/wp\/v2\/comments?post=2940"}],"version-history":[{"count":9,"href":"https:\/\/ecodef-ihedn.fr\/en\/wp-json\/wp\/v2\/posts\/2940\/revisions"}],"predecessor-version":[{"id":8458,"href":"https:\/\/ecodef-ihedn.fr\/en\/wp-json\/wp\/v2\/posts\/2940\/revisions\/8458"}],"wp:featuredmedia":[{"embeddable":true,"href":"https:\/\/ecodef-ihedn.fr\/en\/wp-json\/wp\/v2\/media\/8447"}],"wp:attachment":[{"href":"https:\/\/ecodef-ihedn.fr\/en\/wp-json\/wp\/v2\/media?parent=2940"}],"wp:term":[{"taxonomy":"category","embeddable":true,"href":"https:\/\/ecodef-ihedn.fr\/en\/wp-json\/wp\/v2\/categories?post=2940"},{"taxonomy":"post_tag","embeddable":true,"href":"https:\/\/ecodef-ihedn.fr\/en\/wp-json\/wp\/v2\/tags?post=2940"}],"curies":[{"name":"wp","href":"https:\/\/api.w.org\/{rel}","templated":true}]}}