{"id":2958,"date":"2021-02-22T10:57:49","date_gmt":"2021-02-22T10:57:49","guid":{"rendered":"https:\/\/ecodef-ihedn.fr\/?p=2958"},"modified":"2021-03-23T09:39:27","modified_gmt":"2021-03-23T09:39:27","slug":"replay-conference-annuelle-decembre-2020","status":"publish","type":"post","link":"https:\/\/ecodef-ihedn.fr\/en\/replay-conference-annuelle-decembre-2020\/","title":{"rendered":"[VID\u00c9O] Conf\u00e9rence annuelle \u00ab\u00a0Quelle politique industrielle europ\u00e9enne de d\u00e9fense face aux d\u00e9fis \u00e0 relever ?\u00a0\u00bb (2 d\u00e9cembre 2020 \u00e0 l\u2019\u00c9cole militaire)"},"content":{"rendered":"<p><strong>Read all about the debates on <a href=\"https:\/\/www.youtube.com\/channel\/UC_dKcdKpWM-Cfk7gujhqXtA\/featured\">the Chair's YouTube channel<\/a>. <\/strong><\/p>\n\n\n\n<figure class=\"wp-block-image size-large\"><img loading=\"lazy\" decoding=\"async\" width=\"1024\" height=\"683\" src=\"https:\/\/ecodef-ihedn.fr\/wp-content\/uploads\/2020\/12\/Conf_Ecodef1-edited-1024x683.jpg\" alt=\"Retrouvez l'int\u00e9gralit\u00e9 de la conf\u00e9rence annuelle du 2 d\u00e9cembre 2020 sur la cha\u00eene YouTube de la Chaire \u00c9conomie de D\u00e9fense - IHEDN. \" class=\"wp-image-2688\" srcset=\"https:\/\/ecodef-ihedn.fr\/wp-content\/uploads\/2020\/12\/Conf_Ecodef1-edited-1024x683.jpg 1024w, https:\/\/ecodef-ihedn.fr\/wp-content\/uploads\/2020\/12\/Conf_Ecodef1-edited-300x200.jpg 300w, https:\/\/ecodef-ihedn.fr\/wp-content\/uploads\/2020\/12\/Conf_Ecodef1-edited-768x512.jpg 768w, https:\/\/ecodef-ihedn.fr\/wp-content\/uploads\/2020\/12\/Conf_Ecodef1-edited-696x464.jpg 696w, https:\/\/ecodef-ihedn.fr\/wp-content\/uploads\/2020\/12\/Conf_Ecodef1-edited-1392x928.jpg 1392w, https:\/\/ecodef-ihedn.fr\/wp-content\/uploads\/2020\/12\/Conf_Ecodef1-edited-1068x712.jpg 1068w, https:\/\/ecodef-ihedn.fr\/wp-content\/uploads\/2020\/12\/Conf_Ecodef1-edited-630x420.jpg 630w, https:\/\/ecodef-ihedn.fr\/wp-content\/uploads\/2020\/12\/Conf_Ecodef1-edited-1260x840.jpg 1260w, https:\/\/ecodef-ihedn.fr\/wp-content\/uploads\/2020\/12\/Conf_Ecodef1-edited.jpg 1494w\" sizes=\"auto, (max-width: 1024px) 100vw, 1024px\" \/><\/figure>\n\n\n\n<p>La <strong>Chair in Defence Economics - IHEDN<\/strong> organised <strong>its annual conference on 2 December 2020<\/strong> afternoon at the \u00c9cole Militaire (Foch amphitheatre) and in webinars. More than <strong>400 participants<\/strong> around the theme\u00a0<em>\u201cWhat kind of European defence industrial policy to meet the challenges ahead?\u201d<\/em>.<\/p>\n\n\n\n<p><a href=\"https:\/\/ecodef-ihedn.fr\/en\/retour-sur-la-conference-quelle-politique-industrielle-europeenne-de-defense-face-aux-defis-a-relever\/\" target=\"_blank\" rel=\"noreferrer noopener\">The programme was structured around two round tables<\/a>, entitled \u00ab\u00a0<em>Why implement a European defence industrial policy?<\/em>\u00a0\u00bband\u00ab\u00a0<em>What kind of European defence industrial policy is desirable and feasible?<\/em>\u00ab\u00a0. <\/p>\n\n\n\n<p>The event closed with a speech by <strong>Florence Parly<\/strong>, Minister for the Armed Forces. <\/p>\n\n\n\n<p class=\"has-text-align-center\"><a href=\"https:\/\/www.youtube.com\/watch?v=Am0Vt1yRft0&amp;list=PLzMFMsSJpwt96VLXAjoUrdOsizTxK-D7o\" target=\"_blank\" rel=\"noreferrer noopener\"><strong>&gt;&gt; Watch or replay the conference &lt;&lt;<\/strong><\/a><\/p>","protected":false},"excerpt":{"rendered":"<p>Retrouvez l&rsquo;int\u00e9gralit\u00e9 des d\u00e9bats sur la cha\u00eene YouTube de la Chaire. La Chaire \u00c9conomie de D\u00e9fense \u2013 IHEDN a organis\u00e9 sa conf\u00e9rence annuelle le 2 d\u00e9cembre 2020 apr\u00e8s-midi \u00e0 l\u2019\u00c9cole militaire (amphith\u00e9\u00e2tre Foch) et en webinaire. Elle a rassembl\u00e9 plus de 400 participants autour du th\u00e8me\u00a0\u201cQuelle politique industrielle europ\u00e9enne de de d\u00e9fense face aux d\u00e9fis [&hellip;]<\/p>\n","protected":false},"author":2,"featured_media":2681,"comment_status":"open","ping_status":"open","sticky":false,"template":"","format":"standard","meta":{"footnotes":""},"categories":[34,355],"tags":[41,163,156,183,347,388],"class_list":{"0":"post-2958","1":"post","2":"type-post","3":"status-publish","4":"format-standard","5":"has-post-thumbnail","7":"category-activites","8":"category-activites-evenements-portes-par-la-chaire","9":"tag-conference","10":"tag-conference-annuelle","11":"tag-europe-de-la-defense","12":"tag-politique-de-defense","13":"tag-politique-industrielle","14":"tag-union-europeenne"},"yoast_head":"<!-- This site is optimized with the Yoast SEO plugin v27.4 - https:\/\/yoast.com\/product\/yoast-seo-wordpress\/ -->\n<title>[VID\u00c9O] Conf\u00e9rence annuelle &quot;Quelle politique industrielle europ\u00e9enne de d\u00e9fense face aux d\u00e9fis \u00e0 relever ?&quot; (2 d\u00e9cembre 2020 \u00e0 l\u2019\u00c9cole militaire) - Chaire \u00c9conomie de d\u00e9fense - IHEDN<\/title>\n<meta name=\"description\" content=\"Retrouvez l&#039;int\u00e9gralit\u00e9 de la conf\u00e9rence annuelle du 2 d\u00e9cembre 2020 sur la cha\u00eene YouTube de la Chaire \u00c9conomie de D\u00e9fense - IHEDN.\" \/>\n<meta name=\"robots\" content=\"index, follow, max-snippet:-1, max-image-preview:large, max-video-preview:-1\" \/>\n<link rel=\"canonical\" href=\"https:\/\/ecodef-ihedn.fr\/en\/replay-conference-annuelle-decembre-2020\/\" \/>\n<meta property=\"og:locale\" content=\"en_GB\" \/>\n<meta property=\"og:type\" content=\"article\" \/>\n<meta property=\"og:title\" content=\"[VID\u00c9O] Conf\u00e9rence annuelle &quot;Quelle politique industrielle europ\u00e9enne de d\u00e9fense face aux d\u00e9fis \u00e0 relever ?&quot; (2 d\u00e9cembre 2020 \u00e0 l\u2019\u00c9cole militaire) - Chaire \u00c9conomie de d\u00e9fense - IHEDN\" \/>\n<meta property=\"og:description\" content=\"Retrouvez l&#039;int\u00e9gralit\u00e9 de la conf\u00e9rence annuelle du 2 d\u00e9cembre 2020 sur la cha\u00eene YouTube de la Chaire \u00c9conomie de D\u00e9fense - IHEDN.\" \/>\n<meta property=\"og:url\" content=\"https:\/\/ecodef-ihedn.fr\/en\/replay-conference-annuelle-decembre-2020\/\" \/>\n<meta property=\"og:site_name\" content=\"Chaire \u00c9conomie de d\u00e9fense - IHEDN\" \/>\n<meta property=\"article:published_time\" content=\"2021-02-22T10:57:49+00:00\" \/>\n<meta property=\"article:modified_time\" content=\"2021-03-23T09:39:27+00:00\" \/>\n<meta property=\"og:image\" content=\"https:\/\/ecodef-ihedn.fr\/wp-content\/uploads\/2020\/12\/Conf_Ecodef_3.jpg\" \/>\n\t<meta property=\"og:image:width\" content=\"1920\" \/>\n\t<meta property=\"og:image:height\" content=\"1440\" \/>\n\t<meta property=\"og:image:type\" content=\"image\/jpeg\" \/>\n<meta name=\"author\" content=\"Bertrand Demandre\" \/>\n<meta name=\"twitter:card\" content=\"summary_large_image\" \/>\n<meta name=\"twitter:creator\" content=\"@Chaire_Ecodef\" \/>\n<meta name=\"twitter:site\" content=\"@Chaire_Ecodef\" \/>\n<meta name=\"twitter:label1\" content=\"Written by\" \/>\n\t<meta name=\"twitter:data1\" content=\"Bertrand Demandre\" \/>\n\t<meta name=\"twitter:label2\" content=\"Estimated reading time\" \/>\n\t<meta name=\"twitter:data2\" content=\"1 minute\" \/>\n<script type=\"application\/ld+json\" class=\"yoast-schema-graph\">{\"@context\":\"https:\\\/\\\/schema.org\",\"@graph\":[{\"@type\":\"Article\",\"@id\":\"https:\\\/\\\/ecodef-ihedn.fr\\\/replay-conference-annuelle-decembre-2020\\\/#article\",\"isPartOf\":{\"@id\":\"https:\\\/\\\/ecodef-ihedn.fr\\\/replay-conference-annuelle-decembre-2020\\\/\"},\"author\":{\"name\":\"Bertrand Demandre\",\"@id\":\"https:\\\/\\\/ecodef-ihedn.fr\\\/#\\\/schema\\\/person\\\/1cdf22d028cebe278126a6e07a884d30\"},\"headline\":\"[VID\u00c9O] Conf\u00e9rence annuelle \u00ab\u00a0Quelle politique industrielle europ\u00e9enne de d\u00e9fense face aux d\u00e9fis \u00e0 relever ?\u00a0\u00bb (2 d\u00e9cembre 2020 \u00e0 l\u2019\u00c9cole militaire)\",\"datePublished\":\"2021-02-22T10:57:49+00:00\",\"dateModified\":\"2021-03-23T09:39:27+00:00\",\"mainEntityOfPage\":{\"@id\":\"https:\\\/\\\/ecodef-ihedn.fr\\\/replay-conference-annuelle-decembre-2020\\\/\"},\"wordCount\":152,\"commentCount\":4,\"publisher\":{\"@id\":\"https:\\\/\\\/ecodef-ihedn.fr\\\/#organization\"},\"image\":{\"@id\":\"https:\\\/\\\/ecodef-ihedn.fr\\\/replay-conference-annuelle-decembre-2020\\\/#primaryimage\"},\"thumbnailUrl\":\"https:\\\/\\\/ecodef-ihedn.fr\\\/wp-content\\\/uploads\\\/2020\\\/12\\\/Conf_Ecodef_3.jpg\",\"keywords\":[\"conf\u00e9rence\",\"conf\u00e9rence annuelle\",\"Europe de la D\u00e9fense\",\"politique de d\u00e9fense\",\"politique industrielle\",\"Union europ\u00e9enne\"],\"articleSection\":[\"Activit\u00e9s\",\"Activit\u00e9s : \u00e9v\u00e9nements port\u00e9s par la Chaire\"],\"inLanguage\":\"en-GB\",\"potentialAction\":[{\"@type\":\"CommentAction\",\"name\":\"Comment\",\"target\":[\"https:\\\/\\\/ecodef-ihedn.fr\\\/replay-conference-annuelle-decembre-2020\\\/#respond\"]}]},{\"@type\":\"WebPage\",\"@id\":\"https:\\\/\\\/ecodef-ihedn.fr\\\/replay-conference-annuelle-decembre-2020\\\/\",\"url\":\"https:\\\/\\\/ecodef-ihedn.fr\\\/replay-conference-annuelle-decembre-2020\\\/\",\"name\":\"[VID\u00c9O] Conf\u00e9rence annuelle \\\"Quelle politique industrielle europ\u00e9enne de d\u00e9fense face aux d\u00e9fis \u00e0 relever ?\\\" (2 d\u00e9cembre 2020 \u00e0 l\u2019\u00c9cole militaire) - Chaire \u00c9conomie de d\u00e9fense - IHEDN\",\"isPartOf\":{\"@id\":\"https:\\\/\\\/ecodef-ihedn.fr\\\/#website\"},\"primaryImageOfPage\":{\"@id\":\"https:\\\/\\\/ecodef-ihedn.fr\\\/replay-conference-annuelle-decembre-2020\\\/#primaryimage\"},\"image\":{\"@id\":\"https:\\\/\\\/ecodef-ihedn.fr\\\/replay-conference-annuelle-decembre-2020\\\/#primaryimage\"},\"thumbnailUrl\":\"https:\\\/\\\/ecodef-ihedn.fr\\\/wp-content\\\/uploads\\\/2020\\\/12\\\/Conf_Ecodef_3.jpg\",\"datePublished\":\"2021-02-22T10:57:49+00:00\",\"dateModified\":\"2021-03-23T09:39:27+00:00\",\"description\":\"Retrouvez l'int\u00e9gralit\u00e9 de la conf\u00e9rence annuelle du 2 d\u00e9cembre 2020 sur la cha\u00eene YouTube de la Chaire \u00c9conomie de D\u00e9fense - IHEDN.\",\"breadcrumb\":{\"@id\":\"https:\\\/\\\/ecodef-ihedn.fr\\\/replay-conference-annuelle-decembre-2020\\\/#breadcrumb\"},\"inLanguage\":\"en-GB\",\"potentialAction\":[{\"@type\":\"ReadAction\",\"target\":[\"https:\\\/\\\/ecodef-ihedn.fr\\\/replay-conference-annuelle-decembre-2020\\\/\"]}]},{\"@type\":\"ImageObject\",\"inLanguage\":\"en-GB\",\"@id\":\"https:\\\/\\\/ecodef-ihedn.fr\\\/replay-conference-annuelle-decembre-2020\\\/#primaryimage\",\"url\":\"https:\\\/\\\/ecodef-ihedn.fr\\\/wp-content\\\/uploads\\\/2020\\\/12\\\/Conf_Ecodef_3.jpg\",\"contentUrl\":\"https:\\\/\\\/ecodef-ihedn.fr\\\/wp-content\\\/uploads\\\/2020\\\/12\\\/Conf_Ecodef_3.jpg\",\"width\":1920,\"height\":1440},{\"@type\":\"BreadcrumbList\",\"@id\":\"https:\\\/\\\/ecodef-ihedn.fr\\\/replay-conference-annuelle-decembre-2020\\\/#breadcrumb\",\"itemListElement\":[{\"@type\":\"ListItem\",\"position\":1,\"name\":\"Accueil\",\"item\":\"https:\\\/\\\/ecodef-ihedn.fr\\\/\"},{\"@type\":\"ListItem\",\"position\":2,\"name\":\"[VID\u00c9O] Conf\u00e9rence annuelle &#8220;Quelle politique industrielle europ\u00e9enne de d\u00e9fense face aux d\u00e9fis \u00e0 relever ?&#8221; (2 d\u00e9cembre 2020 \u00e0 l\u2019\u00c9cole militaire)\"}]},{\"@type\":\"WebSite\",\"@id\":\"https:\\\/\\\/ecodef-ihedn.fr\\\/#website\",\"url\":\"https:\\\/\\\/ecodef-ihedn.fr\\\/\",\"name\":\"Chaire \u00c9conomie de D\u00e9fense - IHEDN\",\"description\":\"Produire &amp; soutenir, f\u00e9d\u00e9rer &amp; diffuser, \u00eatre une interface\",\"publisher\":{\"@id\":\"https:\\\/\\\/ecodef-ihedn.fr\\\/#organization\"},\"potentialAction\":[{\"@type\":\"SearchAction\",\"target\":{\"@type\":\"EntryPoint\",\"urlTemplate\":\"https:\\\/\\\/ecodef-ihedn.fr\\\/?s={search_term_string}\"},\"query-input\":{\"@type\":\"PropertyValueSpecification\",\"valueRequired\":true,\"valueName\":\"search_term_string\"}}],\"inLanguage\":\"en-GB\"},{\"@type\":\"Organization\",\"@id\":\"https:\\\/\\\/ecodef-ihedn.fr\\\/#organization\",\"name\":\"Chaire \u00c9conomie de d\u00e9fense - IHEDN\",\"url\":\"https:\\\/\\\/ecodef-ihedn.fr\\\/\",\"logo\":{\"@type\":\"ImageObject\",\"inLanguage\":\"en-GB\",\"@id\":\"https:\\\/\\\/ecodef-ihedn.fr\\\/#\\\/schema\\\/logo\\\/image\\\/\",\"url\":\"https:\\\/\\\/ecodef-ihedn.fr\\\/wp-content\\\/uploads\\\/2020\\\/04\\\/logoEcodef9.jpg\",\"contentUrl\":\"https:\\\/\\\/ecodef-ihedn.fr\\\/wp-content\\\/uploads\\\/2020\\\/04\\\/logoEcodef9.jpg\",\"width\":410,\"height\":212,\"caption\":\"Chaire \u00c9conomie de d\u00e9fense - IHEDN\"},\"image\":{\"@id\":\"https:\\\/\\\/ecodef-ihedn.fr\\\/#\\\/schema\\\/logo\\\/image\\\/\"},\"sameAs\":[\"https:\\\/\\\/x.com\\\/Chaire_Ecodef\",\"https:\\\/\\\/www.linkedin.com\\\/company\\\/chaire-ecodef-ihedn\\\/\"]},{\"@type\":\"Person\",\"@id\":\"https:\\\/\\\/ecodef-ihedn.fr\\\/#\\\/schema\\\/person\\\/1cdf22d028cebe278126a6e07a884d30\",\"name\":\"Bertrand Demandre\",\"image\":{\"@type\":\"ImageObject\",\"inLanguage\":\"en-GB\",\"@id\":\"https:\\\/\\\/secure.gravatar.com\\\/avatar\\\/d9c9746d6c900ab5b9c0f9b1fa3932e369da923da247d624b8f7ab4ba8a3c093?s=96&d=mm&r=g\",\"url\":\"https:\\\/\\\/secure.gravatar.com\\\/avatar\\\/d9c9746d6c900ab5b9c0f9b1fa3932e369da923da247d624b8f7ab4ba8a3c093?s=96&d=mm&r=g\",\"contentUrl\":\"https:\\\/\\\/secure.gravatar.com\\\/avatar\\\/d9c9746d6c900ab5b9c0f9b1fa3932e369da923da247d624b8f7ab4ba8a3c093?s=96&d=mm&r=g\",\"caption\":\"Bertrand Demandre\"},\"url\":\"https:\\\/\\\/ecodef-ihedn.fr\\\/en\\\/author\\\/bertrand\\\/\"}]}<\/script>\n<!-- \/ Yoast SEO plugin. -->","yoast_head_json":{"title":"[VID\u00c9O] Conf\u00e9rence annuelle \"Quelle politique industrielle europ\u00e9enne de d\u00e9fense face aux d\u00e9fis \u00e0 relever ?\" (2 d\u00e9cembre 2020 \u00e0 l\u2019\u00c9cole militaire) - Chaire \u00c9conomie de d\u00e9fense - IHEDN","description":"Retrouvez l'int\u00e9gralit\u00e9 de la conf\u00e9rence annuelle du 2 d\u00e9cembre 2020 sur la cha\u00eene YouTube de la Chaire \u00c9conomie de D\u00e9fense - IHEDN.","robots":{"index":"index","follow":"follow","max-snippet":"max-snippet:-1","max-image-preview":"max-image-preview:large","max-video-preview":"max-video-preview:-1"},"canonical":"https:\/\/ecodef-ihedn.fr\/en\/replay-conference-annuelle-decembre-2020\/","og_locale":"en_GB","og_type":"article","og_title":"[VID\u00c9O] Conf\u00e9rence annuelle \"Quelle politique industrielle europ\u00e9enne de d\u00e9fense face aux d\u00e9fis \u00e0 relever ?\" (2 d\u00e9cembre 2020 \u00e0 l\u2019\u00c9cole militaire) - Chaire \u00c9conomie de d\u00e9fense - IHEDN","og_description":"Retrouvez l'int\u00e9gralit\u00e9 de la conf\u00e9rence annuelle du 2 d\u00e9cembre 2020 sur la cha\u00eene YouTube de la Chaire \u00c9conomie de D\u00e9fense - IHEDN.","og_url":"https:\/\/ecodef-ihedn.fr\/en\/replay-conference-annuelle-decembre-2020\/","og_site_name":"Chaire \u00c9conomie de d\u00e9fense - IHEDN","article_published_time":"2021-02-22T10:57:49+00:00","article_modified_time":"2021-03-23T09:39:27+00:00","og_image":[{"width":1920,"height":1440,"url":"https:\/\/ecodef-ihedn.fr\/wp-content\/uploads\/2020\/12\/Conf_Ecodef_3.jpg","type":"image\/jpeg"}],"author":"Bertrand Demandre","twitter_card":"summary_large_image","twitter_creator":"@Chaire_Ecodef","twitter_site":"@Chaire_Ecodef","twitter_misc":{"Written by":"Bertrand Demandre","Estimated reading time":"1 minute"},"schema":{"@context":"https:\/\/schema.org","@graph":[{"@type":"Article","@id":"https:\/\/ecodef-ihedn.fr\/replay-conference-annuelle-decembre-2020\/#article","isPartOf":{"@id":"https:\/\/ecodef-ihedn.fr\/replay-conference-annuelle-decembre-2020\/"},"author":{"name":"Bertrand Demandre","@id":"https:\/\/ecodef-ihedn.fr\/#\/schema\/person\/1cdf22d028cebe278126a6e07a884d30"},"headline":"[VID\u00c9O] Conf\u00e9rence annuelle \u00ab\u00a0Quelle politique industrielle europ\u00e9enne de d\u00e9fense face aux d\u00e9fis \u00e0 relever ?\u00a0\u00bb (2 d\u00e9cembre 2020 \u00e0 l\u2019\u00c9cole militaire)","datePublished":"2021-02-22T10:57:49+00:00","dateModified":"2021-03-23T09:39:27+00:00","mainEntityOfPage":{"@id":"https:\/\/ecodef-ihedn.fr\/replay-conference-annuelle-decembre-2020\/"},"wordCount":152,"commentCount":4,"publisher":{"@id":"https:\/\/ecodef-ihedn.fr\/#organization"},"image":{"@id":"https:\/\/ecodef-ihedn.fr\/replay-conference-annuelle-decembre-2020\/#primaryimage"},"thumbnailUrl":"https:\/\/ecodef-ihedn.fr\/wp-content\/uploads\/2020\/12\/Conf_Ecodef_3.jpg","keywords":["conf\u00e9rence","conf\u00e9rence annuelle","Europe de la D\u00e9fense","politique de d\u00e9fense","politique industrielle","Union europ\u00e9enne"],"articleSection":["Activit\u00e9s","Activit\u00e9s : \u00e9v\u00e9nements port\u00e9s par la Chaire"],"inLanguage":"en-GB","potentialAction":[{"@type":"CommentAction","name":"Comment","target":["https:\/\/ecodef-ihedn.fr\/replay-conference-annuelle-decembre-2020\/#respond"]}]},{"@type":"WebPage","@id":"https:\/\/ecodef-ihedn.fr\/replay-conference-annuelle-decembre-2020\/","url":"https:\/\/ecodef-ihedn.fr\/replay-conference-annuelle-decembre-2020\/","name":"[VID\u00c9O] Conf\u00e9rence annuelle \"Quelle politique industrielle europ\u00e9enne de d\u00e9fense face aux d\u00e9fis \u00e0 relever ?\" (2 d\u00e9cembre 2020 \u00e0 l\u2019\u00c9cole militaire) - Chaire \u00c9conomie de d\u00e9fense - IHEDN","isPartOf":{"@id":"https:\/\/ecodef-ihedn.fr\/#website"},"primaryImageOfPage":{"@id":"https:\/\/ecodef-ihedn.fr\/replay-conference-annuelle-decembre-2020\/#primaryimage"},"image":{"@id":"https:\/\/ecodef-ihedn.fr\/replay-conference-annuelle-decembre-2020\/#primaryimage"},"thumbnailUrl":"https:\/\/ecodef-ihedn.fr\/wp-content\/uploads\/2020\/12\/Conf_Ecodef_3.jpg","datePublished":"2021-02-22T10:57:49+00:00","dateModified":"2021-03-23T09:39:27+00:00","description":"Retrouvez l'int\u00e9gralit\u00e9 de la conf\u00e9rence annuelle du 2 d\u00e9cembre 2020 sur la cha\u00eene YouTube de la Chaire \u00c9conomie de D\u00e9fense - IHEDN.","breadcrumb":{"@id":"https:\/\/ecodef-ihedn.fr\/replay-conference-annuelle-decembre-2020\/#breadcrumb"},"inLanguage":"en-GB","potentialAction":[{"@type":"ReadAction","target":["https:\/\/ecodef-ihedn.fr\/replay-conference-annuelle-decembre-2020\/"]}]},{"@type":"ImageObject","inLanguage":"en-GB","@id":"https:\/\/ecodef-ihedn.fr\/replay-conference-annuelle-decembre-2020\/#primaryimage","url":"https:\/\/ecodef-ihedn.fr\/wp-content\/uploads\/2020\/12\/Conf_Ecodef_3.jpg","contentUrl":"https:\/\/ecodef-ihedn.fr\/wp-content\/uploads\/2020\/12\/Conf_Ecodef_3.jpg","width":1920,"height":1440},{"@type":"BreadcrumbList","@id":"https:\/\/ecodef-ihedn.fr\/replay-conference-annuelle-decembre-2020\/#breadcrumb","itemListElement":[{"@type":"ListItem","position":1,"name":"Accueil","item":"https:\/\/ecodef-ihedn.fr\/"},{"@type":"ListItem","position":2,"name":"[VID\u00c9O] Conf\u00e9rence annuelle &#8220;Quelle politique industrielle europ\u00e9enne de d\u00e9fense face aux d\u00e9fis \u00e0 relever ?&#8221; (2 d\u00e9cembre 2020 \u00e0 l\u2019\u00c9cole militaire)"}]},{"@type":"WebSite","@id":"https:\/\/ecodef-ihedn.fr\/#website","url":"https:\/\/ecodef-ihedn.fr\/","name":"Chair in Defence Economics - IHEDN","description":"Produce &amp; support, federate &amp; disseminate, act as an interface","publisher":{"@id":"https:\/\/ecodef-ihedn.fr\/#organization"},"potentialAction":[{"@type":"SearchAction","target":{"@type":"EntryPoint","urlTemplate":"https:\/\/ecodef-ihedn.fr\/?s={search_term_string}"},"query-input":{"@type":"PropertyValueSpecification","valueRequired":true,"valueName":"search_term_string"}}],"inLanguage":"en-GB"},{"@type":"Organization","@id":"https:\/\/ecodef-ihedn.fr\/#organization","name":"Chair in Defence Economics - IHEDN","url":"https:\/\/ecodef-ihedn.fr\/","logo":{"@type":"ImageObject","inLanguage":"en-GB","@id":"https:\/\/ecodef-ihedn.fr\/#\/schema\/logo\/image\/","url":"https:\/\/ecodef-ihedn.fr\/wp-content\/uploads\/2020\/04\/logoEcodef9.jpg","contentUrl":"https:\/\/ecodef-ihedn.fr\/wp-content\/uploads\/2020\/04\/logoEcodef9.jpg","width":410,"height":212,"caption":"Chaire \u00c9conomie de d\u00e9fense - IHEDN"},"image":{"@id":"https:\/\/ecodef-ihedn.fr\/#\/schema\/logo\/image\/"},"sameAs":["https:\/\/x.com\/Chaire_Ecodef","https:\/\/www.linkedin.com\/company\/chaire-ecodef-ihedn\/"]},{"@type":"Person","@id":"https:\/\/ecodef-ihedn.fr\/#\/schema\/person\/1cdf22d028cebe278126a6e07a884d30","name":"Bertrand Demandre","image":{"@type":"ImageObject","inLanguage":"en-GB","@id":"https:\/\/secure.gravatar.com\/avatar\/d9c9746d6c900ab5b9c0f9b1fa3932e369da923da247d624b8f7ab4ba8a3c093?s=96&d=mm&r=g","url":"https:\/\/secure.gravatar.com\/avatar\/d9c9746d6c900ab5b9c0f9b1fa3932e369da923da247d624b8f7ab4ba8a3c093?s=96&d=mm&r=g","contentUrl":"https:\/\/secure.gravatar.com\/avatar\/d9c9746d6c900ab5b9c0f9b1fa3932e369da923da247d624b8f7ab4ba8a3c093?s=96&d=mm&r=g","caption":"Bertrand Demandre"},"url":"https:\/\/ecodef-ihedn.fr\/en\/author\/bertrand\/"}]}},"_links":{"self":[{"href":"https:\/\/ecodef-ihedn.fr\/en\/wp-json\/wp\/v2\/posts\/2958","targetHints":{"allow":["GET"]}}],"collection":[{"href":"https:\/\/ecodef-ihedn.fr\/en\/wp-json\/wp\/v2\/posts"}],"about":[{"href":"https:\/\/ecodef-ihedn.fr\/en\/wp-json\/wp\/v2\/types\/post"}],"author":[{"embeddable":true,"href":"https:\/\/ecodef-ihedn.fr\/en\/wp-json\/wp\/v2\/users\/2"}],"replies":[{"embeddable":true,"href":"https:\/\/ecodef-ihedn.fr\/en\/wp-json\/wp\/v2\/comments?post=2958"}],"version-history":[{"count":5,"href":"https:\/\/ecodef-ihedn.fr\/en\/wp-json\/wp\/v2\/posts\/2958\/revisions"}],"predecessor-version":[{"id":3113,"href":"https:\/\/ecodef-ihedn.fr\/en\/wp-json\/wp\/v2\/posts\/2958\/revisions\/3113"}],"wp:featuredmedia":[{"embeddable":true,"href":"https:\/\/ecodef-ihedn.fr\/en\/wp-json\/wp\/v2\/media\/2681"}],"wp:attachment":[{"href":"https:\/\/ecodef-ihedn.fr\/en\/wp-json\/wp\/v2\/media?parent=2958"}],"wp:term":[{"taxonomy":"category","embeddable":true,"href":"https:\/\/ecodef-ihedn.fr\/en\/wp-json\/wp\/v2\/categories?post=2958"},{"taxonomy":"post_tag","embeddable":true,"href":"https:\/\/ecodef-ihedn.fr\/en\/wp-json\/wp\/v2\/tags?post=2958"}],"curies":[{"name":"wp","href":"https:\/\/api.w.org\/{rel}","templated":true}]}}