{"id":2966,"date":"2021-02-25T13:54:31","date_gmt":"2021-02-25T13:54:31","guid":{"rendered":"https:\/\/ecodef-ihedn.fr\/?p=2966"},"modified":"2021-05-19T12:43:25","modified_gmt":"2021-05-19T12:43:25","slug":"politique-industrielle-europeenne-de-defense-le-professeur-christian-de-boissieu-dans-la-revue-defense","status":"publish","type":"post","link":"https:\/\/ecodef-ihedn.fr\/en\/politique-industrielle-europeenne-de-defense-le-professeur-christian-de-boissieu-dans-la-revue-defense\/","title":{"rendered":"European defence industrial policy: Professor Christian de Boissieu in D\u00e9fense magazine"},"content":{"rendered":"<p><strong>Visit <strong>in the latest issue of D\u00e9fense, the bimonthly magazine of the\u2019<a href=\"https:\/\/www.union-ihedn.org\/a-propos-de-la-revue-defense\/\" target=\"_blank\" rel=\"noreferrer noopener\">Union-IHEDN<\/a><\/strong><\/strong>, <strong>the speech given on 2 December by Professor Christian de Boissieu as an introduction to the conference \u00abWhat European defence industrial policy to meet the challenges ahead\u00bb. <\/strong><\/p>\n\n\n\n<div class=\"wp-block-image\"><figure class=\"aligncenter size-medium\"><img loading=\"lazy\" decoding=\"async\" width=\"212\" height=\"300\" src=\"https:\/\/ecodef-ihedn.fr\/wp-content\/uploads\/2021\/02\/Defense-206-Couv-Compress-212x300.jpg\" alt=\"Les propos de Christian de Boissieu, pr\u00e9sident du Conseil scientifique de la Chaire, lors de la conf\u00e9rence &quot;Quelle politique industrielle europ\u00e9enne de d\u00e9fense ?&quot; ont \u00e9t\u00e9 repris dans le dernier num\u00e9ro de la revue D\u00e9fense de l'Union IHEDN. \" class=\"wp-image-2970\" srcset=\"https:\/\/ecodef-ihedn.fr\/wp-content\/uploads\/2021\/02\/Defense-206-Couv-Compress-212x300.jpg 212w, https:\/\/ecodef-ihedn.fr\/wp-content\/uploads\/2021\/02\/Defense-206-Couv-Compress-725x1024.jpg 725w, https:\/\/ecodef-ihedn.fr\/wp-content\/uploads\/2021\/02\/Defense-206-Couv-Compress-768x1085.jpg 768w, https:\/\/ecodef-ihedn.fr\/wp-content\/uploads\/2021\/02\/Defense-206-Couv-Compress-1087x1536.jpg 1087w, https:\/\/ecodef-ihedn.fr\/wp-content\/uploads\/2021\/02\/Defense-206-Couv-Compress-696x984.jpg 696w, https:\/\/ecodef-ihedn.fr\/wp-content\/uploads\/2021\/02\/Defense-206-Couv-Compress-1068x1509.jpg 1068w, https:\/\/ecodef-ihedn.fr\/wp-content\/uploads\/2021\/02\/Defense-206-Couv-Compress-297x420.jpg 297w, https:\/\/ecodef-ihedn.fr\/wp-content\/uploads\/2021\/02\/Defense-206-Couv-Compress-594x840.jpg 594w, https:\/\/ecodef-ihedn.fr\/wp-content\/uploads\/2021\/02\/Defense-206-Couv-Compress.jpg 1241w\" sizes=\"auto, (max-width: 212px) 100vw, 212px\" \/><figcaption><strong>\u00a9<\/strong> Defence (issue 206 - January - February - March 2021)<\/figcaption><\/figure><\/div>\n\n\n\n<p><strong>Christian de Boissieu<\/strong>, Chairman of the Chair's Scientific Advisory Board and Emeritus Professor of Economics at the University of Paris 1, opened the conference.<a href=\"https:\/\/ecodef-ihedn.fr\/en\/retour-sur-la-conference-quelle-politique-industrielle-europeenne-de-defense-face-aux-defis-a-relever\/\" target=\"_blank\" rel=\"noreferrer noopener\"> the Chair's annual conference on 2 December 2020<\/a> by taking stock of industrial policies and stressing the need to give priority to <strong>a European approach<\/strong> in the field of defence. <\/p>\n\n\n\n<p>His comments were featured in the latest issue of <em>Defence<\/em>, bimonthly magazine of the\u2019<a href=\"https:\/\/www.union-ihedn.org\/a-propos-de-la-revue-defense\/\" target=\"_blank\" rel=\"noreferrer noopener\">Union-IHEDN<\/a>. <\/p>\n\n\n\n<p class=\"has-text-align-center\"><a href=\"https:\/\/ecodef-ihedn.fr\/en\/replay-conference-annuelle-decembre-2020\/\" target=\"_blank\" rel=\"noreferrer noopener\"><strong>&gt;&gt; Watch or replay the conference &lt;&lt;<\/strong><\/a><\/p>\n\n\n\n<div class=\"wp-block-group\"><div class=\"wp-block-group__inner-container is-layout-flow wp-block-group-is-layout-flow\">\n<div class=\"wp-block-group\"><div class=\"wp-block-group__inner-container is-layout-flow wp-block-group-is-layout-flow\">\n<figure class=\"wp-block-image size-large is-resized\"><img loading=\"lazy\" decoding=\"async\" src=\"https:\/\/ecodef-ihedn.fr\/wp-content\/uploads\/2021\/02\/Defense-206-Ch_de_Boissieu-page-001-724x1024.jpg\" alt=\"Les propos de Christian de Boissieu, pr\u00e9sident du Conseil scientifique de la Chaire, lors de la conf\u00e9rence &quot;Quelle politique industrielle europ\u00e9enne de d\u00e9fense ?&quot; ont \u00e9t\u00e9 repris dans le dernier num\u00e9ro de la revue D\u00e9fense de l'Union IHEDN. \" class=\"wp-image-2971\" width=\"724\" height=\"1024\" srcset=\"https:\/\/ecodef-ihedn.fr\/wp-content\/uploads\/2021\/02\/Defense-206-Ch_de_Boissieu-page-001-724x1024.jpg 724w, https:\/\/ecodef-ihedn.fr\/wp-content\/uploads\/2021\/02\/Defense-206-Ch_de_Boissieu-page-001-212x300.jpg 212w, https:\/\/ecodef-ihedn.fr\/wp-content\/uploads\/2021\/02\/Defense-206-Ch_de_Boissieu-page-001-768x1086.jpg 768w, https:\/\/ecodef-ihedn.fr\/wp-content\/uploads\/2021\/02\/Defense-206-Ch_de_Boissieu-page-001-1086x1536.jpg 1086w, https:\/\/ecodef-ihedn.fr\/wp-content\/uploads\/2021\/02\/Defense-206-Ch_de_Boissieu-page-001-696x985.jpg 696w, https:\/\/ecodef-ihedn.fr\/wp-content\/uploads\/2021\/02\/Defense-206-Ch_de_Boissieu-page-001-1068x1511.jpg 1068w, https:\/\/ecodef-ihedn.fr\/wp-content\/uploads\/2021\/02\/Defense-206-Ch_de_Boissieu-page-001-297x420.jpg 297w, https:\/\/ecodef-ihedn.fr\/wp-content\/uploads\/2021\/02\/Defense-206-Ch_de_Boissieu-page-001-594x840.jpg 594w, https:\/\/ecodef-ihedn.fr\/wp-content\/uploads\/2021\/02\/Defense-206-Ch_de_Boissieu-page-001.jpg 1240w\" sizes=\"auto, (max-width: 724px) 100vw, 724px\" \/><figcaption><span class=\"has-inline-color has-black-color\"><strong>\u00a9<\/strong> Defence (issue 206 - January - February - March 2021)<\/span><\/figcaption><\/figure>\n\n\n\n<p><\/p>\n<\/div><\/div>\n\n\n\n<p><\/p>\n<\/div><\/div>\n\n\n\n<div class=\"wp-block-group\"><div class=\"wp-block-group__inner-container is-layout-flow wp-block-group-is-layout-flow\">\n<figure class=\"wp-block-image size-large\"><img loading=\"lazy\" decoding=\"async\" width=\"724\" height=\"1024\" src=\"https:\/\/ecodef-ihedn.fr\/wp-content\/uploads\/2021\/02\/Defense-206-Ch_de_Boissieu-page-002-724x1024.jpg\" alt=\"Les propos de Christian de Boissieu, pr\u00e9sident du Conseil scientifique de la Chaire, lors de la conf\u00e9rence &quot;Quelle politique industrielle europ\u00e9enne de d\u00e9fense ?&quot; ont \u00e9t\u00e9 repris dans le dernier num\u00e9ro de la revue D\u00e9fense de l'Union IHEDN. \" class=\"wp-image-2972\" srcset=\"https:\/\/ecodef-ihedn.fr\/wp-content\/uploads\/2021\/02\/Defense-206-Ch_de_Boissieu-page-002-724x1024.jpg 724w, https:\/\/ecodef-ihedn.fr\/wp-content\/uploads\/2021\/02\/Defense-206-Ch_de_Boissieu-page-002-212x300.jpg 212w, https:\/\/ecodef-ihedn.fr\/wp-content\/uploads\/2021\/02\/Defense-206-Ch_de_Boissieu-page-002-768x1086.jpg 768w, https:\/\/ecodef-ihedn.fr\/wp-content\/uploads\/2021\/02\/Defense-206-Ch_de_Boissieu-page-002-1086x1536.jpg 1086w, https:\/\/ecodef-ihedn.fr\/wp-content\/uploads\/2021\/02\/Defense-206-Ch_de_Boissieu-page-002-696x985.jpg 696w, https:\/\/ecodef-ihedn.fr\/wp-content\/uploads\/2021\/02\/Defense-206-Ch_de_Boissieu-page-002-1068x1511.jpg 1068w, https:\/\/ecodef-ihedn.fr\/wp-content\/uploads\/2021\/02\/Defense-206-Ch_de_Boissieu-page-002-297x420.jpg 297w, https:\/\/ecodef-ihedn.fr\/wp-content\/uploads\/2021\/02\/Defense-206-Ch_de_Boissieu-page-002-594x840.jpg 594w, https:\/\/ecodef-ihedn.fr\/wp-content\/uploads\/2021\/02\/Defense-206-Ch_de_Boissieu-page-002.jpg 1240w\" sizes=\"auto, (max-width: 724px) 100vw, 724px\" \/><figcaption><strong>\u00a9<\/strong> Defence (issue 206 - January - February - March 2021)<\/figcaption><\/figure>\n<\/div><\/div>\n\n\n\n<div class=\"wp-block-group\"><div class=\"wp-block-group__inner-container is-layout-flow wp-block-group-is-layout-flow\">\n<figure class=\"wp-block-image size-large\"><img loading=\"lazy\" decoding=\"async\" width=\"724\" height=\"1024\" src=\"https:\/\/ecodef-ihedn.fr\/wp-content\/uploads\/2021\/02\/Defense-206-Ch_de_Boissieu-page-003-724x1024.jpg\" alt=\"Les propos de Christian de Boissieu, pr\u00e9sident du Conseil scientifique de la Chaire, lors de la conf\u00e9rence &quot;Quelle politique industrielle europ\u00e9enne de d\u00e9fense ?&quot; ont \u00e9t\u00e9 repris dans le dernier num\u00e9ro de la revue D\u00e9fense de l'Union IHEDN. \" class=\"wp-image-2973\" srcset=\"https:\/\/ecodef-ihedn.fr\/wp-content\/uploads\/2021\/02\/Defense-206-Ch_de_Boissieu-page-003-724x1024.jpg 724w, https:\/\/ecodef-ihedn.fr\/wp-content\/uploads\/2021\/02\/Defense-206-Ch_de_Boissieu-page-003-212x300.jpg 212w, https:\/\/ecodef-ihedn.fr\/wp-content\/uploads\/2021\/02\/Defense-206-Ch_de_Boissieu-page-003-768x1086.jpg 768w, https:\/\/ecodef-ihedn.fr\/wp-content\/uploads\/2021\/02\/Defense-206-Ch_de_Boissieu-page-003-1086x1536.jpg 1086w, https:\/\/ecodef-ihedn.fr\/wp-content\/uploads\/2021\/02\/Defense-206-Ch_de_Boissieu-page-003-696x985.jpg 696w, https:\/\/ecodef-ihedn.fr\/wp-content\/uploads\/2021\/02\/Defense-206-Ch_de_Boissieu-page-003-1068x1511.jpg 1068w, https:\/\/ecodef-ihedn.fr\/wp-content\/uploads\/2021\/02\/Defense-206-Ch_de_Boissieu-page-003-297x420.jpg 297w, https:\/\/ecodef-ihedn.fr\/wp-content\/uploads\/2021\/02\/Defense-206-Ch_de_Boissieu-page-003-594x840.jpg 594w, https:\/\/ecodef-ihedn.fr\/wp-content\/uploads\/2021\/02\/Defense-206-Ch_de_Boissieu-page-003.jpg 1240w\" sizes=\"auto, (max-width: 724px) 100vw, 724px\" \/><figcaption><strong>\u00a9<\/strong> Defence (issue 206 - January - February - March 2021)<\/figcaption><\/figure>\n<\/div><\/div>\n\n\n\n<p><\/p>\n\n\n\n<p><\/p>","protected":false},"excerpt":{"rendered":"<p>Retrouvez dans le dernier num\u00e9ro de D\u00e9fense, revue bimestrielle de l&rsquo;Union-IHEDN, l&rsquo;allocution prononc\u00e9e le 2 d\u00e9cembre dernier par le professeur Christian de Boissieu, en introduction \u00e0 la conf\u00e9rence \u00ab\u00a0Quelle politique industrielle europ\u00e9enne de d\u00e9fense face aux d\u00e9fis \u00e0 relever ?\u00a0\u00bb. Christian de Boissieu, pr\u00e9sident du Conseil scientifique de la Chaire et professeur \u00e9m\u00e9rite d&rsquo;\u00e9conomie \u00e0 [&hellip;]<\/p>\n","protected":false},"author":2,"featured_media":3384,"comment_status":"open","ping_status":"open","sticky":false,"template":"","format":"standard","meta":{"footnotes":""},"categories":[34,358],"tags":[285,163,178,156,347,255],"class_list":{"0":"post-2966","1":"post","2":"type-post","3":"status-publish","4":"format-standard","5":"has-post-thumbnail","7":"category-activites","8":"category-medias","9":"tag-christian-de-boissieu","10":"tag-conference-annuelle","11":"tag-europe","12":"tag-europe-de-la-defense","13":"tag-politique-industrielle","14":"tag-union-de-lihedn"},"yoast_head":"<!-- This site is optimized with the Yoast SEO plugin v27.4 - https:\/\/yoast.com\/product\/yoast-seo-wordpress\/ -->\n<title>Politique industrielle europ\u00e9enne de d\u00e9fense : le professeur Christian de Boissieu dans la revue D\u00e9fense - Chaire \u00c9conomie de d\u00e9fense - IHEDN<\/title>\n<meta name=\"description\" content=\"Les propos de Christian de Boissieu, pr\u00e9sident du Conseil scientifique de la Chaire, lors de la conf\u00e9rence &quot;Quelle politique industrielle europ\u00e9enne de d\u00e9fense ?&quot; ont \u00e9t\u00e9 repris dans le dernier num\u00e9ro de la revue D\u00e9fense de l&#039;Union IHEDN.\" \/>\n<meta name=\"robots\" content=\"index, follow, max-snippet:-1, max-image-preview:large, max-video-preview:-1\" \/>\n<link rel=\"canonical\" href=\"https:\/\/ecodef-ihedn.fr\/en\/politique-industrielle-europeenne-de-defense-le-professeur-christian-de-boissieu-dans-la-revue-defense\/\" \/>\n<meta property=\"og:locale\" content=\"en_GB\" \/>\n<meta property=\"og:type\" content=\"article\" \/>\n<meta property=\"og:title\" content=\"Politique industrielle europ\u00e9enne de d\u00e9fense : le professeur Christian de Boissieu dans la revue D\u00e9fense - Chaire \u00c9conomie de d\u00e9fense - IHEDN\" \/>\n<meta property=\"og:description\" content=\"Les propos de Christian de Boissieu, pr\u00e9sident du Conseil scientifique de la Chaire, lors de la conf\u00e9rence &quot;Quelle politique industrielle europ\u00e9enne de d\u00e9fense ?&quot; ont \u00e9t\u00e9 repris dans le dernier num\u00e9ro de la revue D\u00e9fense de l&#039;Union IHEDN.\" \/>\n<meta property=\"og:url\" content=\"https:\/\/ecodef-ihedn.fr\/en\/politique-industrielle-europeenne-de-defense-le-professeur-christian-de-boissieu-dans-la-revue-defense\/\" \/>\n<meta property=\"og:site_name\" content=\"Chaire \u00c9conomie de d\u00e9fense - IHEDN\" \/>\n<meta property=\"article:published_time\" content=\"2021-02-25T13:54:31+00:00\" \/>\n<meta property=\"article:modified_time\" content=\"2021-05-19T12:43:25+00:00\" \/>\n<meta property=\"og:image\" content=\"https:\/\/ecodef-ihedn.fr\/wp-content\/uploads\/2021\/02\/Defense-206-couverture.jpg\" \/>\n\t<meta property=\"og:image:width\" content=\"1536\" \/>\n\t<meta property=\"og:image:height\" content=\"1024\" \/>\n\t<meta property=\"og:image:type\" content=\"image\/jpeg\" \/>\n<meta name=\"author\" content=\"Bertrand Demandre\" \/>\n<meta name=\"twitter:card\" content=\"summary_large_image\" \/>\n<meta name=\"twitter:creator\" content=\"@Chaire_Ecodef\" \/>\n<meta name=\"twitter:site\" content=\"@Chaire_Ecodef\" \/>\n<meta name=\"twitter:label1\" content=\"Written by\" \/>\n\t<meta name=\"twitter:data1\" content=\"Bertrand Demandre\" \/>\n\t<meta name=\"twitter:label2\" content=\"Estimated reading time\" \/>\n\t<meta name=\"twitter:data2\" content=\"2 minutes\" \/>\n<script type=\"application\/ld+json\" class=\"yoast-schema-graph\">{\"@context\":\"https:\\\/\\\/schema.org\",\"@graph\":[{\"@type\":\"Article\",\"@id\":\"https:\\\/\\\/ecodef-ihedn.fr\\\/politique-industrielle-europeenne-de-defense-le-professeur-christian-de-boissieu-dans-la-revue-defense\\\/#article\",\"isPartOf\":{\"@id\":\"https:\\\/\\\/ecodef-ihedn.fr\\\/politique-industrielle-europeenne-de-defense-le-professeur-christian-de-boissieu-dans-la-revue-defense\\\/\"},\"author\":{\"name\":\"Bertrand Demandre\",\"@id\":\"https:\\\/\\\/ecodef-ihedn.fr\\\/#\\\/schema\\\/person\\\/1cdf22d028cebe278126a6e07a884d30\"},\"headline\":\"Politique industrielle europ\u00e9enne de d\u00e9fense : le professeur Christian de Boissieu dans la revue D\u00e9fense\",\"datePublished\":\"2021-02-25T13:54:31+00:00\",\"dateModified\":\"2021-05-19T12:43:25+00:00\",\"mainEntityOfPage\":{\"@id\":\"https:\\\/\\\/ecodef-ihedn.fr\\\/politique-industrielle-europeenne-de-defense-le-professeur-christian-de-boissieu-dans-la-revue-defense\\\/\"},\"wordCount\":196,\"commentCount\":0,\"publisher\":{\"@id\":\"https:\\\/\\\/ecodef-ihedn.fr\\\/#organization\"},\"image\":{\"@id\":\"https:\\\/\\\/ecodef-ihedn.fr\\\/politique-industrielle-europeenne-de-defense-le-professeur-christian-de-boissieu-dans-la-revue-defense\\\/#primaryimage\"},\"thumbnailUrl\":\"https:\\\/\\\/ecodef-ihedn.fr\\\/wp-content\\\/uploads\\\/2021\\\/02\\\/Defense-206-couverture.jpg\",\"keywords\":[\"Christian de Boissieu\",\"conf\u00e9rence annuelle\",\"Europe\",\"Europe de la D\u00e9fense\",\"politique industrielle\",\"Union de l'IHEDN\"],\"articleSection\":[\"Activit\u00e9s\",\"M\u00e9dias\"],\"inLanguage\":\"en-GB\",\"potentialAction\":[{\"@type\":\"CommentAction\",\"name\":\"Comment\",\"target\":[\"https:\\\/\\\/ecodef-ihedn.fr\\\/politique-industrielle-europeenne-de-defense-le-professeur-christian-de-boissieu-dans-la-revue-defense\\\/#respond\"]}]},{\"@type\":\"WebPage\",\"@id\":\"https:\\\/\\\/ecodef-ihedn.fr\\\/politique-industrielle-europeenne-de-defense-le-professeur-christian-de-boissieu-dans-la-revue-defense\\\/\",\"url\":\"https:\\\/\\\/ecodef-ihedn.fr\\\/politique-industrielle-europeenne-de-defense-le-professeur-christian-de-boissieu-dans-la-revue-defense\\\/\",\"name\":\"Politique industrielle europ\u00e9enne de d\u00e9fense : le professeur Christian de Boissieu dans la revue D\u00e9fense - Chaire \u00c9conomie de d\u00e9fense - IHEDN\",\"isPartOf\":{\"@id\":\"https:\\\/\\\/ecodef-ihedn.fr\\\/#website\"},\"primaryImageOfPage\":{\"@id\":\"https:\\\/\\\/ecodef-ihedn.fr\\\/politique-industrielle-europeenne-de-defense-le-professeur-christian-de-boissieu-dans-la-revue-defense\\\/#primaryimage\"},\"image\":{\"@id\":\"https:\\\/\\\/ecodef-ihedn.fr\\\/politique-industrielle-europeenne-de-defense-le-professeur-christian-de-boissieu-dans-la-revue-defense\\\/#primaryimage\"},\"thumbnailUrl\":\"https:\\\/\\\/ecodef-ihedn.fr\\\/wp-content\\\/uploads\\\/2021\\\/02\\\/Defense-206-couverture.jpg\",\"datePublished\":\"2021-02-25T13:54:31+00:00\",\"dateModified\":\"2021-05-19T12:43:25+00:00\",\"description\":\"Les propos de Christian de Boissieu, pr\u00e9sident du Conseil scientifique de la Chaire, lors de la conf\u00e9rence \\\"Quelle politique industrielle europ\u00e9enne de d\u00e9fense ?\\\" ont \u00e9t\u00e9 repris dans le dernier num\u00e9ro de la revue D\u00e9fense de l'Union IHEDN.\",\"breadcrumb\":{\"@id\":\"https:\\\/\\\/ecodef-ihedn.fr\\\/politique-industrielle-europeenne-de-defense-le-professeur-christian-de-boissieu-dans-la-revue-defense\\\/#breadcrumb\"},\"inLanguage\":\"en-GB\",\"potentialAction\":[{\"@type\":\"ReadAction\",\"target\":[\"https:\\\/\\\/ecodef-ihedn.fr\\\/politique-industrielle-europeenne-de-defense-le-professeur-christian-de-boissieu-dans-la-revue-defense\\\/\"]}]},{\"@type\":\"ImageObject\",\"inLanguage\":\"en-GB\",\"@id\":\"https:\\\/\\\/ecodef-ihedn.fr\\\/politique-industrielle-europeenne-de-defense-le-professeur-christian-de-boissieu-dans-la-revue-defense\\\/#primaryimage\",\"url\":\"https:\\\/\\\/ecodef-ihedn.fr\\\/wp-content\\\/uploads\\\/2021\\\/02\\\/Defense-206-couverture.jpg\",\"contentUrl\":\"https:\\\/\\\/ecodef-ihedn.fr\\\/wp-content\\\/uploads\\\/2021\\\/02\\\/Defense-206-couverture.jpg\",\"width\":1536,\"height\":1024},{\"@type\":\"BreadcrumbList\",\"@id\":\"https:\\\/\\\/ecodef-ihedn.fr\\\/politique-industrielle-europeenne-de-defense-le-professeur-christian-de-boissieu-dans-la-revue-defense\\\/#breadcrumb\",\"itemListElement\":[{\"@type\":\"ListItem\",\"position\":1,\"name\":\"Accueil\",\"item\":\"https:\\\/\\\/ecodef-ihedn.fr\\\/\"},{\"@type\":\"ListItem\",\"position\":2,\"name\":\"Politique industrielle europ\u00e9enne de d\u00e9fense : le professeur Christian de Boissieu dans la revue D\u00e9fense\"}]},{\"@type\":\"WebSite\",\"@id\":\"https:\\\/\\\/ecodef-ihedn.fr\\\/#website\",\"url\":\"https:\\\/\\\/ecodef-ihedn.fr\\\/\",\"name\":\"Chaire \u00c9conomie de D\u00e9fense - IHEDN\",\"description\":\"Produire &amp; soutenir, f\u00e9d\u00e9rer &amp; diffuser, \u00eatre une interface\",\"publisher\":{\"@id\":\"https:\\\/\\\/ecodef-ihedn.fr\\\/#organization\"},\"potentialAction\":[{\"@type\":\"SearchAction\",\"target\":{\"@type\":\"EntryPoint\",\"urlTemplate\":\"https:\\\/\\\/ecodef-ihedn.fr\\\/?s={search_term_string}\"},\"query-input\":{\"@type\":\"PropertyValueSpecification\",\"valueRequired\":true,\"valueName\":\"search_term_string\"}}],\"inLanguage\":\"en-GB\"},{\"@type\":\"Organization\",\"@id\":\"https:\\\/\\\/ecodef-ihedn.fr\\\/#organization\",\"name\":\"Chaire \u00c9conomie de d\u00e9fense - IHEDN\",\"url\":\"https:\\\/\\\/ecodef-ihedn.fr\\\/\",\"logo\":{\"@type\":\"ImageObject\",\"inLanguage\":\"en-GB\",\"@id\":\"https:\\\/\\\/ecodef-ihedn.fr\\\/#\\\/schema\\\/logo\\\/image\\\/\",\"url\":\"https:\\\/\\\/ecodef-ihedn.fr\\\/wp-content\\\/uploads\\\/2020\\\/04\\\/logoEcodef9.jpg\",\"contentUrl\":\"https:\\\/\\\/ecodef-ihedn.fr\\\/wp-content\\\/uploads\\\/2020\\\/04\\\/logoEcodef9.jpg\",\"width\":410,\"height\":212,\"caption\":\"Chaire \u00c9conomie de d\u00e9fense - IHEDN\"},\"image\":{\"@id\":\"https:\\\/\\\/ecodef-ihedn.fr\\\/#\\\/schema\\\/logo\\\/image\\\/\"},\"sameAs\":[\"https:\\\/\\\/x.com\\\/Chaire_Ecodef\",\"https:\\\/\\\/www.linkedin.com\\\/company\\\/chaire-ecodef-ihedn\\\/\"]},{\"@type\":\"Person\",\"@id\":\"https:\\\/\\\/ecodef-ihedn.fr\\\/#\\\/schema\\\/person\\\/1cdf22d028cebe278126a6e07a884d30\",\"name\":\"Bertrand Demandre\",\"image\":{\"@type\":\"ImageObject\",\"inLanguage\":\"en-GB\",\"@id\":\"https:\\\/\\\/secure.gravatar.com\\\/avatar\\\/d9c9746d6c900ab5b9c0f9b1fa3932e369da923da247d624b8f7ab4ba8a3c093?s=96&d=mm&r=g\",\"url\":\"https:\\\/\\\/secure.gravatar.com\\\/avatar\\\/d9c9746d6c900ab5b9c0f9b1fa3932e369da923da247d624b8f7ab4ba8a3c093?s=96&d=mm&r=g\",\"contentUrl\":\"https:\\\/\\\/secure.gravatar.com\\\/avatar\\\/d9c9746d6c900ab5b9c0f9b1fa3932e369da923da247d624b8f7ab4ba8a3c093?s=96&d=mm&r=g\",\"caption\":\"Bertrand Demandre\"},\"url\":\"https:\\\/\\\/ecodef-ihedn.fr\\\/en\\\/author\\\/bertrand\\\/\"}]}<\/script>\n<!-- \/ Yoast SEO plugin. -->","yoast_head_json":{"title":"Politique industrielle europ\u00e9enne de d\u00e9fense : le professeur Christian de Boissieu dans la revue D\u00e9fense - Chaire \u00c9conomie de d\u00e9fense - IHEDN","description":"Les propos de Christian de Boissieu, pr\u00e9sident du Conseil scientifique de la Chaire, lors de la conf\u00e9rence \"Quelle politique industrielle europ\u00e9enne de d\u00e9fense ?\" ont \u00e9t\u00e9 repris dans le dernier num\u00e9ro de la revue D\u00e9fense de l'Union IHEDN.","robots":{"index":"index","follow":"follow","max-snippet":"max-snippet:-1","max-image-preview":"max-image-preview:large","max-video-preview":"max-video-preview:-1"},"canonical":"https:\/\/ecodef-ihedn.fr\/en\/politique-industrielle-europeenne-de-defense-le-professeur-christian-de-boissieu-dans-la-revue-defense\/","og_locale":"en_GB","og_type":"article","og_title":"Politique industrielle europ\u00e9enne de d\u00e9fense : le professeur Christian de Boissieu dans la revue D\u00e9fense - Chaire \u00c9conomie de d\u00e9fense - IHEDN","og_description":"Les propos de Christian de Boissieu, pr\u00e9sident du Conseil scientifique de la Chaire, lors de la conf\u00e9rence \"Quelle politique industrielle europ\u00e9enne de d\u00e9fense ?\" ont \u00e9t\u00e9 repris dans le dernier num\u00e9ro de la revue D\u00e9fense de l'Union IHEDN.","og_url":"https:\/\/ecodef-ihedn.fr\/en\/politique-industrielle-europeenne-de-defense-le-professeur-christian-de-boissieu-dans-la-revue-defense\/","og_site_name":"Chaire \u00c9conomie de d\u00e9fense - IHEDN","article_published_time":"2021-02-25T13:54:31+00:00","article_modified_time":"2021-05-19T12:43:25+00:00","og_image":[{"width":1536,"height":1024,"url":"https:\/\/ecodef-ihedn.fr\/wp-content\/uploads\/2021\/02\/Defense-206-couverture.jpg","type":"image\/jpeg"}],"author":"Bertrand Demandre","twitter_card":"summary_large_image","twitter_creator":"@Chaire_Ecodef","twitter_site":"@Chaire_Ecodef","twitter_misc":{"Written by":"Bertrand Demandre","Estimated reading time":"2 minutes"},"schema":{"@context":"https:\/\/schema.org","@graph":[{"@type":"Article","@id":"https:\/\/ecodef-ihedn.fr\/politique-industrielle-europeenne-de-defense-le-professeur-christian-de-boissieu-dans-la-revue-defense\/#article","isPartOf":{"@id":"https:\/\/ecodef-ihedn.fr\/politique-industrielle-europeenne-de-defense-le-professeur-christian-de-boissieu-dans-la-revue-defense\/"},"author":{"name":"Bertrand Demandre","@id":"https:\/\/ecodef-ihedn.fr\/#\/schema\/person\/1cdf22d028cebe278126a6e07a884d30"},"headline":"Politique industrielle europ\u00e9enne de d\u00e9fense : le professeur Christian de Boissieu dans la revue D\u00e9fense","datePublished":"2021-02-25T13:54:31+00:00","dateModified":"2021-05-19T12:43:25+00:00","mainEntityOfPage":{"@id":"https:\/\/ecodef-ihedn.fr\/politique-industrielle-europeenne-de-defense-le-professeur-christian-de-boissieu-dans-la-revue-defense\/"},"wordCount":196,"commentCount":0,"publisher":{"@id":"https:\/\/ecodef-ihedn.fr\/#organization"},"image":{"@id":"https:\/\/ecodef-ihedn.fr\/politique-industrielle-europeenne-de-defense-le-professeur-christian-de-boissieu-dans-la-revue-defense\/#primaryimage"},"thumbnailUrl":"https:\/\/ecodef-ihedn.fr\/wp-content\/uploads\/2021\/02\/Defense-206-couverture.jpg","keywords":["Christian de Boissieu","conf\u00e9rence annuelle","Europe","Europe de la D\u00e9fense","politique industrielle","Union de l'IHEDN"],"articleSection":["Activit\u00e9s","M\u00e9dias"],"inLanguage":"en-GB","potentialAction":[{"@type":"CommentAction","name":"Comment","target":["https:\/\/ecodef-ihedn.fr\/politique-industrielle-europeenne-de-defense-le-professeur-christian-de-boissieu-dans-la-revue-defense\/#respond"]}]},{"@type":"WebPage","@id":"https:\/\/ecodef-ihedn.fr\/politique-industrielle-europeenne-de-defense-le-professeur-christian-de-boissieu-dans-la-revue-defense\/","url":"https:\/\/ecodef-ihedn.fr\/politique-industrielle-europeenne-de-defense-le-professeur-christian-de-boissieu-dans-la-revue-defense\/","name":"Politique industrielle europ\u00e9enne de d\u00e9fense : le professeur Christian de Boissieu dans la revue D\u00e9fense - Chaire \u00c9conomie de d\u00e9fense - IHEDN","isPartOf":{"@id":"https:\/\/ecodef-ihedn.fr\/#website"},"primaryImageOfPage":{"@id":"https:\/\/ecodef-ihedn.fr\/politique-industrielle-europeenne-de-defense-le-professeur-christian-de-boissieu-dans-la-revue-defense\/#primaryimage"},"image":{"@id":"https:\/\/ecodef-ihedn.fr\/politique-industrielle-europeenne-de-defense-le-professeur-christian-de-boissieu-dans-la-revue-defense\/#primaryimage"},"thumbnailUrl":"https:\/\/ecodef-ihedn.fr\/wp-content\/uploads\/2021\/02\/Defense-206-couverture.jpg","datePublished":"2021-02-25T13:54:31+00:00","dateModified":"2021-05-19T12:43:25+00:00","description":"Les propos de Christian de Boissieu, pr\u00e9sident du Conseil scientifique de la Chaire, lors de la conf\u00e9rence \"Quelle politique industrielle europ\u00e9enne de d\u00e9fense ?\" ont \u00e9t\u00e9 repris dans le dernier num\u00e9ro de la revue D\u00e9fense de l'Union IHEDN.","breadcrumb":{"@id":"https:\/\/ecodef-ihedn.fr\/politique-industrielle-europeenne-de-defense-le-professeur-christian-de-boissieu-dans-la-revue-defense\/#breadcrumb"},"inLanguage":"en-GB","potentialAction":[{"@type":"ReadAction","target":["https:\/\/ecodef-ihedn.fr\/politique-industrielle-europeenne-de-defense-le-professeur-christian-de-boissieu-dans-la-revue-defense\/"]}]},{"@type":"ImageObject","inLanguage":"en-GB","@id":"https:\/\/ecodef-ihedn.fr\/politique-industrielle-europeenne-de-defense-le-professeur-christian-de-boissieu-dans-la-revue-defense\/#primaryimage","url":"https:\/\/ecodef-ihedn.fr\/wp-content\/uploads\/2021\/02\/Defense-206-couverture.jpg","contentUrl":"https:\/\/ecodef-ihedn.fr\/wp-content\/uploads\/2021\/02\/Defense-206-couverture.jpg","width":1536,"height":1024},{"@type":"BreadcrumbList","@id":"https:\/\/ecodef-ihedn.fr\/politique-industrielle-europeenne-de-defense-le-professeur-christian-de-boissieu-dans-la-revue-defense\/#breadcrumb","itemListElement":[{"@type":"ListItem","position":1,"name":"Accueil","item":"https:\/\/ecodef-ihedn.fr\/"},{"@type":"ListItem","position":2,"name":"Politique industrielle europ\u00e9enne de d\u00e9fense : le professeur Christian de Boissieu dans la revue D\u00e9fense"}]},{"@type":"WebSite","@id":"https:\/\/ecodef-ihedn.fr\/#website","url":"https:\/\/ecodef-ihedn.fr\/","name":"Chair in Defence Economics - IHEDN","description":"Produce &amp; support, federate &amp; disseminate, act as an interface","publisher":{"@id":"https:\/\/ecodef-ihedn.fr\/#organization"},"potentialAction":[{"@type":"SearchAction","target":{"@type":"EntryPoint","urlTemplate":"https:\/\/ecodef-ihedn.fr\/?s={search_term_string}"},"query-input":{"@type":"PropertyValueSpecification","valueRequired":true,"valueName":"search_term_string"}}],"inLanguage":"en-GB"},{"@type":"Organization","@id":"https:\/\/ecodef-ihedn.fr\/#organization","name":"Chair in Defence Economics - IHEDN","url":"https:\/\/ecodef-ihedn.fr\/","logo":{"@type":"ImageObject","inLanguage":"en-GB","@id":"https:\/\/ecodef-ihedn.fr\/#\/schema\/logo\/image\/","url":"https:\/\/ecodef-ihedn.fr\/wp-content\/uploads\/2020\/04\/logoEcodef9.jpg","contentUrl":"https:\/\/ecodef-ihedn.fr\/wp-content\/uploads\/2020\/04\/logoEcodef9.jpg","width":410,"height":212,"caption":"Chaire \u00c9conomie de d\u00e9fense - IHEDN"},"image":{"@id":"https:\/\/ecodef-ihedn.fr\/#\/schema\/logo\/image\/"},"sameAs":["https:\/\/x.com\/Chaire_Ecodef","https:\/\/www.linkedin.com\/company\/chaire-ecodef-ihedn\/"]},{"@type":"Person","@id":"https:\/\/ecodef-ihedn.fr\/#\/schema\/person\/1cdf22d028cebe278126a6e07a884d30","name":"Bertrand Demandre","image":{"@type":"ImageObject","inLanguage":"en-GB","@id":"https:\/\/secure.gravatar.com\/avatar\/d9c9746d6c900ab5b9c0f9b1fa3932e369da923da247d624b8f7ab4ba8a3c093?s=96&d=mm&r=g","url":"https:\/\/secure.gravatar.com\/avatar\/d9c9746d6c900ab5b9c0f9b1fa3932e369da923da247d624b8f7ab4ba8a3c093?s=96&d=mm&r=g","contentUrl":"https:\/\/secure.gravatar.com\/avatar\/d9c9746d6c900ab5b9c0f9b1fa3932e369da923da247d624b8f7ab4ba8a3c093?s=96&d=mm&r=g","caption":"Bertrand Demandre"},"url":"https:\/\/ecodef-ihedn.fr\/en\/author\/bertrand\/"}]}},"_links":{"self":[{"href":"https:\/\/ecodef-ihedn.fr\/en\/wp-json\/wp\/v2\/posts\/2966","targetHints":{"allow":["GET"]}}],"collection":[{"href":"https:\/\/ecodef-ihedn.fr\/en\/wp-json\/wp\/v2\/posts"}],"about":[{"href":"https:\/\/ecodef-ihedn.fr\/en\/wp-json\/wp\/v2\/types\/post"}],"author":[{"embeddable":true,"href":"https:\/\/ecodef-ihedn.fr\/en\/wp-json\/wp\/v2\/users\/2"}],"replies":[{"embeddable":true,"href":"https:\/\/ecodef-ihedn.fr\/en\/wp-json\/wp\/v2\/comments?post=2966"}],"version-history":[{"count":5,"href":"https:\/\/ecodef-ihedn.fr\/en\/wp-json\/wp\/v2\/posts\/2966\/revisions"}],"predecessor-version":[{"id":2984,"href":"https:\/\/ecodef-ihedn.fr\/en\/wp-json\/wp\/v2\/posts\/2966\/revisions\/2984"}],"wp:featuredmedia":[{"embeddable":true,"href":"https:\/\/ecodef-ihedn.fr\/en\/wp-json\/wp\/v2\/media\/3384"}],"wp:attachment":[{"href":"https:\/\/ecodef-ihedn.fr\/en\/wp-json\/wp\/v2\/media?parent=2966"}],"wp:term":[{"taxonomy":"category","embeddable":true,"href":"https:\/\/ecodef-ihedn.fr\/en\/wp-json\/wp\/v2\/categories?post=2966"},{"taxonomy":"post_tag","embeddable":true,"href":"https:\/\/ecodef-ihedn.fr\/en\/wp-json\/wp\/v2\/tags?post=2966"}],"curies":[{"name":"wp","href":"https:\/\/api.w.org\/{rel}","templated":true}]}}