{"id":3065,"date":"2021-03-16T11:10:51","date_gmt":"2021-03-16T11:10:51","guid":{"rendered":"https:\/\/ecodef-ihedn.fr\/?p=3065"},"modified":"2024-03-20T13:08:35","modified_gmt":"2024-03-20T13:08:35","slug":"economie-de-defense-et-bitd-intervention-de-josselin-droff-et-de-julien-malizard-cems-air-ecole-militaire","status":"publish","type":"post","link":"https:\/\/ecodef-ihedn.fr\/en\/economie-de-defense-et-bitd-intervention-de-josselin-droff-et-de-julien-malizard-cems-air-ecole-militaire\/","title":{"rendered":"Defence economy and DTIB: Speech by Josselin Droff and Julien Malizard, CEMS Air, \u00c9cole Militaire"},"content":{"rendered":"<p><strong>Researchers from the Chair of Defence Economics - IHEDN took part in the CEMS Air \u00abDefence Economics\u00bb round table. <\/strong><\/p>\r\n\r\n\r\n\r\n<div class=\"wp-block-image\">\r\n<figure class=\"aligncenter size-large\"><img loading=\"lazy\" decoding=\"async\" width=\"1024\" height=\"498\" class=\"wp-image-3068\" src=\"https:\/\/ecodef-ihedn.fr\/wp-content\/uploads\/2021\/03\/J_droff_12_03_21-1024x498.jpg\" alt=\"Les chercheurs de la Chaire \u00c9conomie de D\u00e9fense - IHEDN sont intervenus \u00e0 la table ronde &quot;\u00c9conomie de d\u00e9fense&quot; du CEMS Air. \" srcset=\"https:\/\/ecodef-ihedn.fr\/wp-content\/uploads\/2021\/03\/J_droff_12_03_21-1024x498.jpg 1024w, https:\/\/ecodef-ihedn.fr\/wp-content\/uploads\/2021\/03\/J_droff_12_03_21-300x146.jpg 300w, https:\/\/ecodef-ihedn.fr\/wp-content\/uploads\/2021\/03\/J_droff_12_03_21-768x373.jpg 768w, https:\/\/ecodef-ihedn.fr\/wp-content\/uploads\/2021\/03\/J_droff_12_03_21-1536x747.jpg 1536w, https:\/\/ecodef-ihedn.fr\/wp-content\/uploads\/2021\/03\/J_droff_12_03_21-2048x996.jpg 2048w, https:\/\/ecodef-ihedn.fr\/wp-content\/uploads\/2021\/03\/J_droff_12_03_21-696x338.jpg 696w, https:\/\/ecodef-ihedn.fr\/wp-content\/uploads\/2021\/03\/J_droff_12_03_21-1392x677.jpg 1392w, https:\/\/ecodef-ihedn.fr\/wp-content\/uploads\/2021\/03\/J_droff_12_03_21-1068x519.jpg 1068w, https:\/\/ecodef-ihedn.fr\/wp-content\/uploads\/2021\/03\/J_droff_12_03_21-1920x933.jpg 1920w, https:\/\/ecodef-ihedn.fr\/wp-content\/uploads\/2021\/03\/J_droff_12_03_21-864x420.jpg 864w, https:\/\/ecodef-ihedn.fr\/wp-content\/uploads\/2021\/03\/J_droff_12_03_21-1728x840.jpg 1728w\" sizes=\"auto, (max-width: 1024px) 100vw, 1024px\" \/><\/figure>\r\n<\/div>\r\n\r\n\r\n\r\n<p><strong><a href=\"https:\/\/www.linkedin.com\/in\/josselin-droff-43ab8a93\/\" target=\"_blank\" rel=\"noreferrer noopener\">Josselin Droff<\/a>,<\/strong> researcher at the Chair, and <strong><a href=\"https:\/\/www.linkedin.com\/in\/julienmalizard\/\" target=\"_blank\" rel=\"noreferrer noopener\">Julien Malizard<\/a><\/strong>, the Chair's deputy holder, spoke on Friday 12 March 2021 at the <a href=\"https:\/\/cesm.marine.defense.gouv.fr\" target=\"_blank\" rel=\"noreferrer noopener\">CESM<\/a> (Centre d'Etude Strat\u00e9gique de la Marine) <a href=\"https:\/\/ecodef-ihedn.fr\/en\/intervention-de-josselin-droff-et-de-julien-malizard-19-mars-2019-cems-air\/\" target=\"_blank\" rel=\"noreferrer noopener\">at a CEMS Air round table<\/a> (Centre d'Enseignement Militaire Sup\u00e9rieur) dedicated to the\u2019<strong>defence economics <\/strong>and the challenges of <strong>Defence Industrial and Technological Base<\/strong> (BITD).<\/p>\r\n\r\n\r\n\r\n<p>The researchers discussed <strong>economic impact and spin-offs<\/strong> linked to the existence of a DTIB. The issues at\u2019<strong>national and regional <\/strong>were discussed (income and job multipliers, long-term impact on innovation and the industrial fabric) as well as <strong>international issues<\/strong> through the theme of arms exports. The round table also discussed\u2019<strong>methodological elements<\/strong> on the construction of defence budgets, the measurement of jobs, available sources and the possibilities of international comparisons.<\/p>\r\n\r\n\r\n\r\n<div class=\"wp-block-image\">\r\n<figure class=\"aligncenter size-large is-resized\"><img loading=\"lazy\" decoding=\"async\" class=\"wp-image-3067\" src=\"https:\/\/ecodef-ihedn.fr\/wp-content\/uploads\/2021\/03\/j_malizard_12_03_21-1-scaled-e1615885452235-1024x734.jpg\" alt=\"\" width=\"768\" height=\"551\" srcset=\"https:\/\/ecodef-ihedn.fr\/wp-content\/uploads\/2021\/03\/j_malizard_12_03_21-1-scaled-e1615885452235-1024x734.jpg 1024w, https:\/\/ecodef-ihedn.fr\/wp-content\/uploads\/2021\/03\/j_malizard_12_03_21-1-scaled-e1615885452235-300x215.jpg 300w, https:\/\/ecodef-ihedn.fr\/wp-content\/uploads\/2021\/03\/j_malizard_12_03_21-1-scaled-e1615885452235-768x550.jpg 768w, https:\/\/ecodef-ihedn.fr\/wp-content\/uploads\/2021\/03\/j_malizard_12_03_21-1-scaled-e1615885452235-1536x1101.jpg 1536w, https:\/\/ecodef-ihedn.fr\/wp-content\/uploads\/2021\/03\/j_malizard_12_03_21-1-scaled-e1615885452235-696x499.jpg 696w, https:\/\/ecodef-ihedn.fr\/wp-content\/uploads\/2021\/03\/j_malizard_12_03_21-1-scaled-e1615885452235-1392x998.jpg 1392w, https:\/\/ecodef-ihedn.fr\/wp-content\/uploads\/2021\/03\/j_malizard_12_03_21-1-scaled-e1615885452235-1068x765.jpg 1068w, https:\/\/ecodef-ihedn.fr\/wp-content\/uploads\/2021\/03\/j_malizard_12_03_21-1-scaled-e1615885452235-586x420.jpg 586w, https:\/\/ecodef-ihedn.fr\/wp-content\/uploads\/2021\/03\/j_malizard_12_03_21-1-scaled-e1615885452235-1172x840.jpg 1172w, https:\/\/ecodef-ihedn.fr\/wp-content\/uploads\/2021\/03\/j_malizard_12_03_21-1-scaled-e1615885452235.jpg 1920w\" sizes=\"auto, (max-width: 768px) 100vw, 768px\" \/><\/figure>\r\n<\/div>\r\n\r\n\r\n\r\n<p>In order to enrich the discussion with the audience, the researchers of the Chair of Defence Economics - IHEDN were accompanied by the\u2019<strong>Admiral Herv\u00e9 de Bonnaventure<\/strong>, Defence Advisor to the CEO of MBDA and of <strong>Pascal Vimard<\/strong>, Director of Strategic Information at Thales.<\/p>","protected":false},"excerpt":{"rendered":"<p>Les chercheurs de la Chaire \u00c9conomie de D\u00e9fense &#8211; IHEDN sont intervenus \u00e0 la table ronde \u00ab\u00a0\u00c9conomie de d\u00e9fense\u00a0\u00bb du CEMS Air. Josselin Droff, chercheur \u00e0 la Chaire, et Julien Malizard, titulaire adjoint de la Chaire, sont intervenus le vendredi 12 mars 2021 au CESM (Centre d&rsquo;Etude Strat\u00e9gique de la Marine) lors d&rsquo;une table ronde [&hellip;]<\/p>\n","protected":false},"author":2,"featured_media":3070,"comment_status":"open","ping_status":"open","sticky":false,"template":"","format":"standard","meta":{"footnotes":""},"categories":[34,356],"tags":[211,421,279,47,366,335,202,86],"class_list":{"0":"post-3065","1":"post","2":"type-post","3":"status-publish","4":"format-standard","5":"has-post-thumbnail","7":"category-activites","8":"category-activites-participation-de-la-chaire-a-un-evenement","9":"tag-bitd","10":"tag-cems-air","11":"tag-cesm","12":"tag-economie-de-defense","13":"tag-france","14":"tag-impact-economique","15":"tag-josselin-droff","16":"tag-julien-malizard"},"yoast_head":"<!-- This site is optimized with the Yoast SEO plugin v27.4 - https:\/\/yoast.com\/product\/yoast-seo-wordpress\/ -->\n<title>\u00c9conomie de d\u00e9fense et BITD : Intervention de Josselin Droff et de Julien Malizard, CEMS Air, \u00c9cole militaire - Chaire \u00c9conomie de d\u00e9fense - IHEDN<\/title>\n<meta name=\"description\" content=\"Les chercheurs de la Chaire \u00c9conomie de D\u00e9fense - IHEDN sont intervenus \u00e0 la table ronde &quot;\u00c9conomie de d\u00e9fense&quot; du CEMS Air.\" \/>\n<meta name=\"robots\" content=\"index, follow, max-snippet:-1, max-image-preview:large, max-video-preview:-1\" \/>\n<link rel=\"canonical\" href=\"https:\/\/ecodef-ihedn.fr\/en\/economie-de-defense-et-bitd-intervention-de-josselin-droff-et-de-julien-malizard-cems-air-ecole-militaire\/\" \/>\n<meta property=\"og:locale\" content=\"en_GB\" \/>\n<meta property=\"og:type\" content=\"article\" \/>\n<meta property=\"og:title\" content=\"\u00c9conomie de d\u00e9fense et BITD : Intervention de Josselin Droff et de Julien Malizard, CEMS Air, \u00c9cole militaire - Chaire \u00c9conomie de d\u00e9fense - IHEDN\" \/>\n<meta property=\"og:description\" content=\"Les chercheurs de la Chaire \u00c9conomie de D\u00e9fense - IHEDN sont intervenus \u00e0 la table ronde &quot;\u00c9conomie de d\u00e9fense&quot; du CEMS Air.\" \/>\n<meta property=\"og:url\" content=\"https:\/\/ecodef-ihedn.fr\/en\/economie-de-defense-et-bitd-intervention-de-josselin-droff-et-de-julien-malizard-cems-air-ecole-militaire\/\" \/>\n<meta property=\"og:site_name\" content=\"Chaire \u00c9conomie de d\u00e9fense - IHEDN\" \/>\n<meta property=\"article:published_time\" content=\"2021-03-16T11:10:51+00:00\" \/>\n<meta property=\"article:modified_time\" content=\"2024-03-20T13:08:35+00:00\" \/>\n<meta property=\"og:image\" content=\"https:\/\/ecodef-ihedn.fr\/wp-content\/uploads\/2021\/03\/J_droff_12_03_21-1-scaled-e1615884523379.jpg\" \/>\n\t<meta property=\"og:image:width\" content=\"1785\" \/>\n\t<meta property=\"og:image:height\" content=\"1171\" \/>\n\t<meta property=\"og:image:type\" content=\"image\/jpeg\" \/>\n<meta name=\"author\" content=\"Bertrand Demandre\" \/>\n<meta name=\"twitter:card\" content=\"summary_large_image\" \/>\n<meta name=\"twitter:creator\" content=\"@Chaire_Ecodef\" \/>\n<meta name=\"twitter:site\" content=\"@Chaire_Ecodef\" \/>\n<meta name=\"twitter:label1\" content=\"Written by\" \/>\n\t<meta name=\"twitter:data1\" content=\"Bertrand Demandre\" \/>\n\t<meta name=\"twitter:label2\" content=\"Estimated reading time\" \/>\n\t<meta name=\"twitter:data2\" content=\"2 minutes\" \/>\n<script type=\"application\/ld+json\" class=\"yoast-schema-graph\">{\"@context\":\"https:\\\/\\\/schema.org\",\"@graph\":[{\"@type\":\"Article\",\"@id\":\"https:\\\/\\\/ecodef-ihedn.fr\\\/economie-de-defense-et-bitd-intervention-de-josselin-droff-et-de-julien-malizard-cems-air-ecole-militaire\\\/#article\",\"isPartOf\":{\"@id\":\"https:\\\/\\\/ecodef-ihedn.fr\\\/economie-de-defense-et-bitd-intervention-de-josselin-droff-et-de-julien-malizard-cems-air-ecole-militaire\\\/\"},\"author\":{\"name\":\"Bertrand Demandre\",\"@id\":\"https:\\\/\\\/ecodef-ihedn.fr\\\/#\\\/schema\\\/person\\\/1cdf22d028cebe278126a6e07a884d30\"},\"headline\":\"\u00c9conomie de d\u00e9fense et BITD : Intervention de Josselin Droff et de Julien Malizard, CEMS Air, \u00c9cole militaire\",\"datePublished\":\"2021-03-16T11:10:51+00:00\",\"dateModified\":\"2024-03-20T13:08:35+00:00\",\"mainEntityOfPage\":{\"@id\":\"https:\\\/\\\/ecodef-ihedn.fr\\\/economie-de-defense-et-bitd-intervention-de-josselin-droff-et-de-julien-malizard-cems-air-ecole-militaire\\\/\"},\"wordCount\":248,\"commentCount\":1,\"publisher\":{\"@id\":\"https:\\\/\\\/ecodef-ihedn.fr\\\/#organization\"},\"image\":{\"@id\":\"https:\\\/\\\/ecodef-ihedn.fr\\\/economie-de-defense-et-bitd-intervention-de-josselin-droff-et-de-julien-malizard-cems-air-ecole-militaire\\\/#primaryimage\"},\"thumbnailUrl\":\"https:\\\/\\\/ecodef-ihedn.fr\\\/wp-content\\\/uploads\\\/2021\\\/03\\\/J_droff_12_03_21-1-scaled-e1615884523379.jpg\",\"keywords\":[\"BITD\",\"CEMS Air\",\"CESM\",\"\u00e9conomie de d\u00e9fense\",\"France\",\"Impact \u00e9conomique\",\"Josselin Droff\",\"Julien Malizard\"],\"articleSection\":[\"Activit\u00e9s\",\"Activit\u00e9s : participation de la Chaire \u00e0 un \u00e9v\u00e9nement\"],\"inLanguage\":\"en-GB\",\"potentialAction\":[{\"@type\":\"CommentAction\",\"name\":\"Comment\",\"target\":[\"https:\\\/\\\/ecodef-ihedn.fr\\\/economie-de-defense-et-bitd-intervention-de-josselin-droff-et-de-julien-malizard-cems-air-ecole-militaire\\\/#respond\"]}]},{\"@type\":\"WebPage\",\"@id\":\"https:\\\/\\\/ecodef-ihedn.fr\\\/economie-de-defense-et-bitd-intervention-de-josselin-droff-et-de-julien-malizard-cems-air-ecole-militaire\\\/\",\"url\":\"https:\\\/\\\/ecodef-ihedn.fr\\\/economie-de-defense-et-bitd-intervention-de-josselin-droff-et-de-julien-malizard-cems-air-ecole-militaire\\\/\",\"name\":\"\u00c9conomie de d\u00e9fense et BITD : Intervention de Josselin Droff et de Julien Malizard, CEMS Air, \u00c9cole militaire - Chaire \u00c9conomie de d\u00e9fense - IHEDN\",\"isPartOf\":{\"@id\":\"https:\\\/\\\/ecodef-ihedn.fr\\\/#website\"},\"primaryImageOfPage\":{\"@id\":\"https:\\\/\\\/ecodef-ihedn.fr\\\/economie-de-defense-et-bitd-intervention-de-josselin-droff-et-de-julien-malizard-cems-air-ecole-militaire\\\/#primaryimage\"},\"image\":{\"@id\":\"https:\\\/\\\/ecodef-ihedn.fr\\\/economie-de-defense-et-bitd-intervention-de-josselin-droff-et-de-julien-malizard-cems-air-ecole-militaire\\\/#primaryimage\"},\"thumbnailUrl\":\"https:\\\/\\\/ecodef-ihedn.fr\\\/wp-content\\\/uploads\\\/2021\\\/03\\\/J_droff_12_03_21-1-scaled-e1615884523379.jpg\",\"datePublished\":\"2021-03-16T11:10:51+00:00\",\"dateModified\":\"2024-03-20T13:08:35+00:00\",\"description\":\"Les chercheurs de la Chaire \u00c9conomie de D\u00e9fense - IHEDN sont intervenus \u00e0 la table ronde \\\"\u00c9conomie de d\u00e9fense\\\" du CEMS Air.\",\"breadcrumb\":{\"@id\":\"https:\\\/\\\/ecodef-ihedn.fr\\\/economie-de-defense-et-bitd-intervention-de-josselin-droff-et-de-julien-malizard-cems-air-ecole-militaire\\\/#breadcrumb\"},\"inLanguage\":\"en-GB\",\"potentialAction\":[{\"@type\":\"ReadAction\",\"target\":[\"https:\\\/\\\/ecodef-ihedn.fr\\\/economie-de-defense-et-bitd-intervention-de-josselin-droff-et-de-julien-malizard-cems-air-ecole-militaire\\\/\"]}]},{\"@type\":\"ImageObject\",\"inLanguage\":\"en-GB\",\"@id\":\"https:\\\/\\\/ecodef-ihedn.fr\\\/economie-de-defense-et-bitd-intervention-de-josselin-droff-et-de-julien-malizard-cems-air-ecole-militaire\\\/#primaryimage\",\"url\":\"https:\\\/\\\/ecodef-ihedn.fr\\\/wp-content\\\/uploads\\\/2021\\\/03\\\/J_droff_12_03_21-1-scaled-e1615884523379.jpg\",\"contentUrl\":\"https:\\\/\\\/ecodef-ihedn.fr\\\/wp-content\\\/uploads\\\/2021\\\/03\\\/J_droff_12_03_21-1-scaled-e1615884523379.jpg\",\"width\":1785,\"height\":1171},{\"@type\":\"BreadcrumbList\",\"@id\":\"https:\\\/\\\/ecodef-ihedn.fr\\\/economie-de-defense-et-bitd-intervention-de-josselin-droff-et-de-julien-malizard-cems-air-ecole-militaire\\\/#breadcrumb\",\"itemListElement\":[{\"@type\":\"ListItem\",\"position\":1,\"name\":\"Accueil\",\"item\":\"https:\\\/\\\/ecodef-ihedn.fr\\\/\"},{\"@type\":\"ListItem\",\"position\":2,\"name\":\"\u00c9conomie de d\u00e9fense et BITD : Intervention de Josselin Droff et de Julien Malizard, CEMS Air, \u00c9cole militaire\"}]},{\"@type\":\"WebSite\",\"@id\":\"https:\\\/\\\/ecodef-ihedn.fr\\\/#website\",\"url\":\"https:\\\/\\\/ecodef-ihedn.fr\\\/\",\"name\":\"Chaire \u00c9conomie de D\u00e9fense - IHEDN\",\"description\":\"Produire &amp; soutenir, f\u00e9d\u00e9rer &amp; diffuser, \u00eatre une interface\",\"publisher\":{\"@id\":\"https:\\\/\\\/ecodef-ihedn.fr\\\/#organization\"},\"potentialAction\":[{\"@type\":\"SearchAction\",\"target\":{\"@type\":\"EntryPoint\",\"urlTemplate\":\"https:\\\/\\\/ecodef-ihedn.fr\\\/?s={search_term_string}\"},\"query-input\":{\"@type\":\"PropertyValueSpecification\",\"valueRequired\":true,\"valueName\":\"search_term_string\"}}],\"inLanguage\":\"en-GB\"},{\"@type\":\"Organization\",\"@id\":\"https:\\\/\\\/ecodef-ihedn.fr\\\/#organization\",\"name\":\"Chaire \u00c9conomie de d\u00e9fense - IHEDN\",\"url\":\"https:\\\/\\\/ecodef-ihedn.fr\\\/\",\"logo\":{\"@type\":\"ImageObject\",\"inLanguage\":\"en-GB\",\"@id\":\"https:\\\/\\\/ecodef-ihedn.fr\\\/#\\\/schema\\\/logo\\\/image\\\/\",\"url\":\"https:\\\/\\\/ecodef-ihedn.fr\\\/wp-content\\\/uploads\\\/2020\\\/04\\\/logoEcodef9.jpg\",\"contentUrl\":\"https:\\\/\\\/ecodef-ihedn.fr\\\/wp-content\\\/uploads\\\/2020\\\/04\\\/logoEcodef9.jpg\",\"width\":410,\"height\":212,\"caption\":\"Chaire \u00c9conomie de d\u00e9fense - IHEDN\"},\"image\":{\"@id\":\"https:\\\/\\\/ecodef-ihedn.fr\\\/#\\\/schema\\\/logo\\\/image\\\/\"},\"sameAs\":[\"https:\\\/\\\/x.com\\\/Chaire_Ecodef\",\"https:\\\/\\\/www.linkedin.com\\\/company\\\/chaire-ecodef-ihedn\\\/\"]},{\"@type\":\"Person\",\"@id\":\"https:\\\/\\\/ecodef-ihedn.fr\\\/#\\\/schema\\\/person\\\/1cdf22d028cebe278126a6e07a884d30\",\"name\":\"Bertrand Demandre\",\"image\":{\"@type\":\"ImageObject\",\"inLanguage\":\"en-GB\",\"@id\":\"https:\\\/\\\/secure.gravatar.com\\\/avatar\\\/d9c9746d6c900ab5b9c0f9b1fa3932e369da923da247d624b8f7ab4ba8a3c093?s=96&d=mm&r=g\",\"url\":\"https:\\\/\\\/secure.gravatar.com\\\/avatar\\\/d9c9746d6c900ab5b9c0f9b1fa3932e369da923da247d624b8f7ab4ba8a3c093?s=96&d=mm&r=g\",\"contentUrl\":\"https:\\\/\\\/secure.gravatar.com\\\/avatar\\\/d9c9746d6c900ab5b9c0f9b1fa3932e369da923da247d624b8f7ab4ba8a3c093?s=96&d=mm&r=g\",\"caption\":\"Bertrand Demandre\"},\"url\":\"https:\\\/\\\/ecodef-ihedn.fr\\\/en\\\/author\\\/bertrand\\\/\"}]}<\/script>\n<!-- \/ Yoast SEO plugin. -->","yoast_head_json":{"title":"\u00c9conomie de d\u00e9fense et BITD : Intervention de Josselin Droff et de Julien Malizard, CEMS Air, \u00c9cole militaire - Chaire \u00c9conomie de d\u00e9fense - IHEDN","description":"Les chercheurs de la Chaire \u00c9conomie de D\u00e9fense - IHEDN sont intervenus \u00e0 la table ronde \"\u00c9conomie de d\u00e9fense\" du CEMS Air.","robots":{"index":"index","follow":"follow","max-snippet":"max-snippet:-1","max-image-preview":"max-image-preview:large","max-video-preview":"max-video-preview:-1"},"canonical":"https:\/\/ecodef-ihedn.fr\/en\/economie-de-defense-et-bitd-intervention-de-josselin-droff-et-de-julien-malizard-cems-air-ecole-militaire\/","og_locale":"en_GB","og_type":"article","og_title":"\u00c9conomie de d\u00e9fense et BITD : Intervention de Josselin Droff et de Julien Malizard, CEMS Air, \u00c9cole militaire - Chaire \u00c9conomie de d\u00e9fense - IHEDN","og_description":"Les chercheurs de la Chaire \u00c9conomie de D\u00e9fense - IHEDN sont intervenus \u00e0 la table ronde \"\u00c9conomie de d\u00e9fense\" du CEMS Air.","og_url":"https:\/\/ecodef-ihedn.fr\/en\/economie-de-defense-et-bitd-intervention-de-josselin-droff-et-de-julien-malizard-cems-air-ecole-militaire\/","og_site_name":"Chaire \u00c9conomie de d\u00e9fense - IHEDN","article_published_time":"2021-03-16T11:10:51+00:00","article_modified_time":"2024-03-20T13:08:35+00:00","og_image":[{"width":1785,"height":1171,"url":"https:\/\/ecodef-ihedn.fr\/wp-content\/uploads\/2021\/03\/J_droff_12_03_21-1-scaled-e1615884523379.jpg","type":"image\/jpeg"}],"author":"Bertrand Demandre","twitter_card":"summary_large_image","twitter_creator":"@Chaire_Ecodef","twitter_site":"@Chaire_Ecodef","twitter_misc":{"Written by":"Bertrand Demandre","Estimated reading time":"2 minutes"},"schema":{"@context":"https:\/\/schema.org","@graph":[{"@type":"Article","@id":"https:\/\/ecodef-ihedn.fr\/economie-de-defense-et-bitd-intervention-de-josselin-droff-et-de-julien-malizard-cems-air-ecole-militaire\/#article","isPartOf":{"@id":"https:\/\/ecodef-ihedn.fr\/economie-de-defense-et-bitd-intervention-de-josselin-droff-et-de-julien-malizard-cems-air-ecole-militaire\/"},"author":{"name":"Bertrand Demandre","@id":"https:\/\/ecodef-ihedn.fr\/#\/schema\/person\/1cdf22d028cebe278126a6e07a884d30"},"headline":"\u00c9conomie de d\u00e9fense et BITD : Intervention de Josselin Droff et de Julien Malizard, CEMS Air, \u00c9cole militaire","datePublished":"2021-03-16T11:10:51+00:00","dateModified":"2024-03-20T13:08:35+00:00","mainEntityOfPage":{"@id":"https:\/\/ecodef-ihedn.fr\/economie-de-defense-et-bitd-intervention-de-josselin-droff-et-de-julien-malizard-cems-air-ecole-militaire\/"},"wordCount":248,"commentCount":1,"publisher":{"@id":"https:\/\/ecodef-ihedn.fr\/#organization"},"image":{"@id":"https:\/\/ecodef-ihedn.fr\/economie-de-defense-et-bitd-intervention-de-josselin-droff-et-de-julien-malizard-cems-air-ecole-militaire\/#primaryimage"},"thumbnailUrl":"https:\/\/ecodef-ihedn.fr\/wp-content\/uploads\/2021\/03\/J_droff_12_03_21-1-scaled-e1615884523379.jpg","keywords":["BITD","CEMS Air","CESM","\u00e9conomie de d\u00e9fense","France","Impact \u00e9conomique","Josselin Droff","Julien Malizard"],"articleSection":["Activit\u00e9s","Activit\u00e9s : participation de la Chaire \u00e0 un \u00e9v\u00e9nement"],"inLanguage":"en-GB","potentialAction":[{"@type":"CommentAction","name":"Comment","target":["https:\/\/ecodef-ihedn.fr\/economie-de-defense-et-bitd-intervention-de-josselin-droff-et-de-julien-malizard-cems-air-ecole-militaire\/#respond"]}]},{"@type":"WebPage","@id":"https:\/\/ecodef-ihedn.fr\/economie-de-defense-et-bitd-intervention-de-josselin-droff-et-de-julien-malizard-cems-air-ecole-militaire\/","url":"https:\/\/ecodef-ihedn.fr\/economie-de-defense-et-bitd-intervention-de-josselin-droff-et-de-julien-malizard-cems-air-ecole-militaire\/","name":"\u00c9conomie de d\u00e9fense et BITD : Intervention de Josselin Droff et de Julien Malizard, CEMS Air, \u00c9cole militaire - Chaire \u00c9conomie de d\u00e9fense - IHEDN","isPartOf":{"@id":"https:\/\/ecodef-ihedn.fr\/#website"},"primaryImageOfPage":{"@id":"https:\/\/ecodef-ihedn.fr\/economie-de-defense-et-bitd-intervention-de-josselin-droff-et-de-julien-malizard-cems-air-ecole-militaire\/#primaryimage"},"image":{"@id":"https:\/\/ecodef-ihedn.fr\/economie-de-defense-et-bitd-intervention-de-josselin-droff-et-de-julien-malizard-cems-air-ecole-militaire\/#primaryimage"},"thumbnailUrl":"https:\/\/ecodef-ihedn.fr\/wp-content\/uploads\/2021\/03\/J_droff_12_03_21-1-scaled-e1615884523379.jpg","datePublished":"2021-03-16T11:10:51+00:00","dateModified":"2024-03-20T13:08:35+00:00","description":"Les chercheurs de la Chaire \u00c9conomie de D\u00e9fense - IHEDN sont intervenus \u00e0 la table ronde \"\u00c9conomie de d\u00e9fense\" du CEMS Air.","breadcrumb":{"@id":"https:\/\/ecodef-ihedn.fr\/economie-de-defense-et-bitd-intervention-de-josselin-droff-et-de-julien-malizard-cems-air-ecole-militaire\/#breadcrumb"},"inLanguage":"en-GB","potentialAction":[{"@type":"ReadAction","target":["https:\/\/ecodef-ihedn.fr\/economie-de-defense-et-bitd-intervention-de-josselin-droff-et-de-julien-malizard-cems-air-ecole-militaire\/"]}]},{"@type":"ImageObject","inLanguage":"en-GB","@id":"https:\/\/ecodef-ihedn.fr\/economie-de-defense-et-bitd-intervention-de-josselin-droff-et-de-julien-malizard-cems-air-ecole-militaire\/#primaryimage","url":"https:\/\/ecodef-ihedn.fr\/wp-content\/uploads\/2021\/03\/J_droff_12_03_21-1-scaled-e1615884523379.jpg","contentUrl":"https:\/\/ecodef-ihedn.fr\/wp-content\/uploads\/2021\/03\/J_droff_12_03_21-1-scaled-e1615884523379.jpg","width":1785,"height":1171},{"@type":"BreadcrumbList","@id":"https:\/\/ecodef-ihedn.fr\/economie-de-defense-et-bitd-intervention-de-josselin-droff-et-de-julien-malizard-cems-air-ecole-militaire\/#breadcrumb","itemListElement":[{"@type":"ListItem","position":1,"name":"Accueil","item":"https:\/\/ecodef-ihedn.fr\/"},{"@type":"ListItem","position":2,"name":"\u00c9conomie de d\u00e9fense et BITD : Intervention de Josselin Droff et de Julien Malizard, CEMS Air, \u00c9cole militaire"}]},{"@type":"WebSite","@id":"https:\/\/ecodef-ihedn.fr\/#website","url":"https:\/\/ecodef-ihedn.fr\/","name":"Chair in Defence Economics - IHEDN","description":"Produce &amp; support, federate &amp; disseminate, act as an interface","publisher":{"@id":"https:\/\/ecodef-ihedn.fr\/#organization"},"potentialAction":[{"@type":"SearchAction","target":{"@type":"EntryPoint","urlTemplate":"https:\/\/ecodef-ihedn.fr\/?s={search_term_string}"},"query-input":{"@type":"PropertyValueSpecification","valueRequired":true,"valueName":"search_term_string"}}],"inLanguage":"en-GB"},{"@type":"Organization","@id":"https:\/\/ecodef-ihedn.fr\/#organization","name":"Chair in Defence Economics - IHEDN","url":"https:\/\/ecodef-ihedn.fr\/","logo":{"@type":"ImageObject","inLanguage":"en-GB","@id":"https:\/\/ecodef-ihedn.fr\/#\/schema\/logo\/image\/","url":"https:\/\/ecodef-ihedn.fr\/wp-content\/uploads\/2020\/04\/logoEcodef9.jpg","contentUrl":"https:\/\/ecodef-ihedn.fr\/wp-content\/uploads\/2020\/04\/logoEcodef9.jpg","width":410,"height":212,"caption":"Chaire \u00c9conomie de d\u00e9fense - IHEDN"},"image":{"@id":"https:\/\/ecodef-ihedn.fr\/#\/schema\/logo\/image\/"},"sameAs":["https:\/\/x.com\/Chaire_Ecodef","https:\/\/www.linkedin.com\/company\/chaire-ecodef-ihedn\/"]},{"@type":"Person","@id":"https:\/\/ecodef-ihedn.fr\/#\/schema\/person\/1cdf22d028cebe278126a6e07a884d30","name":"Bertrand Demandre","image":{"@type":"ImageObject","inLanguage":"en-GB","@id":"https:\/\/secure.gravatar.com\/avatar\/d9c9746d6c900ab5b9c0f9b1fa3932e369da923da247d624b8f7ab4ba8a3c093?s=96&d=mm&r=g","url":"https:\/\/secure.gravatar.com\/avatar\/d9c9746d6c900ab5b9c0f9b1fa3932e369da923da247d624b8f7ab4ba8a3c093?s=96&d=mm&r=g","contentUrl":"https:\/\/secure.gravatar.com\/avatar\/d9c9746d6c900ab5b9c0f9b1fa3932e369da923da247d624b8f7ab4ba8a3c093?s=96&d=mm&r=g","caption":"Bertrand Demandre"},"url":"https:\/\/ecodef-ihedn.fr\/en\/author\/bertrand\/"}]}},"_links":{"self":[{"href":"https:\/\/ecodef-ihedn.fr\/en\/wp-json\/wp\/v2\/posts\/3065","targetHints":{"allow":["GET"]}}],"collection":[{"href":"https:\/\/ecodef-ihedn.fr\/en\/wp-json\/wp\/v2\/posts"}],"about":[{"href":"https:\/\/ecodef-ihedn.fr\/en\/wp-json\/wp\/v2\/types\/post"}],"author":[{"embeddable":true,"href":"https:\/\/ecodef-ihedn.fr\/en\/wp-json\/wp\/v2\/users\/2"}],"replies":[{"embeddable":true,"href":"https:\/\/ecodef-ihedn.fr\/en\/wp-json\/wp\/v2\/comments?post=3065"}],"version-history":[{"count":6,"href":"https:\/\/ecodef-ihedn.fr\/en\/wp-json\/wp\/v2\/posts\/3065\/revisions"}],"predecessor-version":[{"id":8315,"href":"https:\/\/ecodef-ihedn.fr\/en\/wp-json\/wp\/v2\/posts\/3065\/revisions\/8315"}],"wp:featuredmedia":[{"embeddable":true,"href":"https:\/\/ecodef-ihedn.fr\/en\/wp-json\/wp\/v2\/media\/3070"}],"wp:attachment":[{"href":"https:\/\/ecodef-ihedn.fr\/en\/wp-json\/wp\/v2\/media?parent=3065"}],"wp:term":[{"taxonomy":"category","embeddable":true,"href":"https:\/\/ecodef-ihedn.fr\/en\/wp-json\/wp\/v2\/categories?post=3065"},{"taxonomy":"post_tag","embeddable":true,"href":"https:\/\/ecodef-ihedn.fr\/en\/wp-json\/wp\/v2\/tags?post=3065"}],"curies":[{"name":"wp","href":"https:\/\/api.w.org\/{rel}","templated":true}]}}