{"id":3093,"date":"2021-03-18T13:35:40","date_gmt":"2021-03-18T13:35:40","guid":{"rendered":"https:\/\/ecodef-ihedn.fr\/?p=3093"},"modified":"2021-05-19T12:43:54","modified_gmt":"2021-05-19T12:43:54","slug":"nomination-jean-belin-membre-du-jury-du-prix-deconomie-de-la-defense","status":"publish","type":"post","link":"https:\/\/ecodef-ihedn.fr\/en\/nomination-jean-belin-membre-du-jury-du-prix-deconomie-de-la-defense\/","title":{"rendered":"[NOMINATION] Jean Belin membre du jury du prix d&rsquo;\u00e9conomie de la d\u00e9fense"},"content":{"rendered":"<p><strong>Jean Belin, holder of the Chair of Defence Economics - IHEDN, has been appointed to the jury for the \u00abDefence Economics\u00bb prize.<\/strong><\/p>\n\n\n\n<div class=\"wp-block-image\"><figure class=\"aligncenter size-large\"><img loading=\"lazy\" decoding=\"async\" width=\"200\" height=\"250\" src=\"https:\/\/ecodef-ihedn.fr\/wp-content\/uploads\/2020\/04\/jean-belin-1.jpg\" alt=\"\" class=\"wp-image-1397\"\/><\/figure><\/div>\n\n\n\n<p>The Ministry of Defence has appointed <strong>Jean Belin<\/strong>, Chair,<strong> <\/strong><a href=\"https:\/\/www.legifrance.gouv.fr\/jorf\/id\/JORFTEXT000043247069\" target=\"_blank\" rel=\"noreferrer noopener\">to the jury for the defence economics prize<\/a>. <\/p>\n\n\n\n<p>Le <a href=\"https:\/\/www.defense.gouv.fr\/sga\/le-sga-en-action\/economie-et-statistiques\/evenements\/prix-economie\" target=\"_blank\" rel=\"noreferrer noopener\">defence economics prize<\/a> awards a prize each year to a thesis, a presentation of original scientific work or a postgraduate dissertation for its quality, originality and interest in the field of defence economics.<\/p>\n\n\n\n<p>In 2015, the prize was awarded to<strong>&nbsp;Josselin Droff<\/strong>, a researcher at the Chair, for his doctoral thesis in economics entitled : <a href=\"https:\/\/ecodef-ihedn.fr\/en\/prix-deconomie-de-la-defense-2015-these-de-josselin-droff-chercheur-du-reseau-de-la-chaire\/\" target=\"_blank\" rel=\"noreferrer noopener\">\u00abLe facteur spatial en \u00e9conomie de la d\u00e9fense : application au maintien en condition op\u00e9rationnelle des mat\u00e9riels de d\u00e9fense\u00bb (The space factor in defence economics: application to operational maintenance of defence equipment)\u00bb<\/a>, defended at the Universit\u00e9 de Bretagne Occidentale (UBO) in November 2013. In 2018, it was awarded to <strong>Fran\u00e7ois-Xavier Meunier<\/strong> for his thesis on \u00abDual technological innovation: an analysis in terms of influence and coherence\u00bb, <a href=\"https:\/\/ecodef-ihedn.fr\/en\/retour-sur-la-conference-recherche-innovation-et-defense-de-la-chaire-economie-de-defense\/\" target=\"_blank\" rel=\"noreferrer noopener\">at the close of the annual Research, Innovation and Defence conference<\/a> of the Chair.<\/p>\n\n\n\n<p><\/p>","protected":false},"excerpt":{"rendered":"<p>Le minist\u00e8re des Arm\u00e9es a nomm\u00e9 Jean Belin, titulaire de la Chaire,  au jury du prix d&rsquo;\u00e9conomie de la d\u00e9fense. <\/p>","protected":false},"author":2,"featured_media":3385,"comment_status":"open","ping_status":"open","sticky":false,"template":"","format":"standard","meta":{"footnotes":""},"categories":[34,360],"tags":[162,424,47,287,95,349,56,214,422,423],"class_list":{"0":"post-3093","1":"post","2":"type-post","3":"status-publish","4":"format-standard","5":"has-post-thumbnail","7":"category-activites","8":"category-actualites-du-reseau","9":"tag-chaire-economie-de-defense","10":"tag-doctorat","11":"tag-economie-de-defense","12":"tag-jean-belin","13":"tag-ministere-des-armees","14":"tag-nomination","15":"tag-prix-deconomie-de-la-defense","16":"tag-prix-de-these","17":"tag-soutien-a-la-recherche","18":"tag-travaux-scientifiques"},"yoast_head":"<!-- This site is optimized with the Yoast SEO plugin v27.4 - https:\/\/yoast.com\/product\/yoast-seo-wordpress\/ -->\n<title>[NOMINATION] Jean Belin membre du jury du prix d&#039;\u00e9conomie de la d\u00e9fense - Chaire \u00c9conomie de d\u00e9fense - IHEDN<\/title>\n<meta name=\"description\" content=\"Le minist\u00e8re des Arm\u00e9es a nomm\u00e9 Jean Belin, titulaire de la Chaire, au jury du prix d&#039;\u00e9conomie de la d\u00e9fense.\" \/>\n<meta name=\"robots\" content=\"index, follow, max-snippet:-1, max-image-preview:large, max-video-preview:-1\" \/>\n<link rel=\"canonical\" href=\"https:\/\/ecodef-ihedn.fr\/en\/nomination-jean-belin-membre-du-jury-du-prix-deconomie-de-la-defense\/\" \/>\n<meta property=\"og:locale\" content=\"en_GB\" \/>\n<meta property=\"og:type\" content=\"article\" \/>\n<meta property=\"og:title\" content=\"[NOMINATION] Jean Belin membre du jury du prix d&#039;\u00e9conomie de la d\u00e9fense - Chaire \u00c9conomie de d\u00e9fense - IHEDN\" \/>\n<meta property=\"og:description\" content=\"Le minist\u00e8re des Arm\u00e9es a nomm\u00e9 Jean Belin, titulaire de la Chaire, au jury du prix d&#039;\u00e9conomie de la d\u00e9fense.\" \/>\n<meta property=\"og:url\" content=\"https:\/\/ecodef-ihedn.fr\/en\/nomination-jean-belin-membre-du-jury-du-prix-deconomie-de-la-defense\/\" \/>\n<meta property=\"og:site_name\" content=\"Chaire \u00c9conomie de d\u00e9fense - IHEDN\" \/>\n<meta property=\"article:published_time\" content=\"2021-03-18T13:35:40+00:00\" \/>\n<meta property=\"article:modified_time\" content=\"2021-05-19T12:43:54+00:00\" \/>\n<meta property=\"og:image\" content=\"https:\/\/ecodef-ihedn.fr\/wp-content\/uploads\/2021\/03\/Jean-BELIN.jpg\" \/>\n\t<meta property=\"og:image:width\" content=\"675\" \/>\n\t<meta property=\"og:image:height\" content=\"450\" \/>\n\t<meta property=\"og:image:type\" content=\"image\/jpeg\" \/>\n<meta name=\"author\" content=\"Bertrand Demandre\" \/>\n<meta name=\"twitter:card\" content=\"summary_large_image\" \/>\n<meta name=\"twitter:creator\" content=\"@Chaire_Ecodef\" \/>\n<meta name=\"twitter:site\" content=\"@Chaire_Ecodef\" \/>\n<meta name=\"twitter:label1\" content=\"Written by\" \/>\n\t<meta name=\"twitter:data1\" content=\"Bertrand Demandre\" \/>\n\t<meta name=\"twitter:label2\" content=\"Estimated reading time\" \/>\n\t<meta name=\"twitter:data2\" content=\"1 minute\" \/>\n<script type=\"application\/ld+json\" class=\"yoast-schema-graph\">{\"@context\":\"https:\\\/\\\/schema.org\",\"@graph\":[{\"@type\":\"Article\",\"@id\":\"https:\\\/\\\/ecodef-ihedn.fr\\\/nomination-jean-belin-membre-du-jury-du-prix-deconomie-de-la-defense\\\/#article\",\"isPartOf\":{\"@id\":\"https:\\\/\\\/ecodef-ihedn.fr\\\/nomination-jean-belin-membre-du-jury-du-prix-deconomie-de-la-defense\\\/\"},\"author\":{\"name\":\"Bertrand Demandre\",\"@id\":\"https:\\\/\\\/ecodef-ihedn.fr\\\/#\\\/schema\\\/person\\\/1cdf22d028cebe278126a6e07a884d30\"},\"headline\":\"[NOMINATION] Jean Belin membre du jury du prix d&rsquo;\u00e9conomie de la d\u00e9fense\",\"datePublished\":\"2021-03-18T13:35:40+00:00\",\"dateModified\":\"2021-05-19T12:43:54+00:00\",\"mainEntityOfPage\":{\"@id\":\"https:\\\/\\\/ecodef-ihedn.fr\\\/nomination-jean-belin-membre-du-jury-du-prix-deconomie-de-la-defense\\\/\"},\"wordCount\":221,\"commentCount\":0,\"publisher\":{\"@id\":\"https:\\\/\\\/ecodef-ihedn.fr\\\/#organization\"},\"image\":{\"@id\":\"https:\\\/\\\/ecodef-ihedn.fr\\\/nomination-jean-belin-membre-du-jury-du-prix-deconomie-de-la-defense\\\/#primaryimage\"},\"thumbnailUrl\":\"https:\\\/\\\/ecodef-ihedn.fr\\\/wp-content\\\/uploads\\\/2021\\\/03\\\/Jean-BELIN.jpg\",\"keywords\":[\"chaire \u00e9conomie de d\u00e9fense\",\"doctorat\",\"\u00e9conomie de d\u00e9fense\",\"Jean Belin\",\"Minist\u00e8re des Arm\u00e9es\",\"nomination\",\"prix d'\u00e9conomie de la D\u00e9fense\",\"Prix de th\u00e8se\",\"soutien \u00e0 la recherche\",\"travaux scientifiques\"],\"articleSection\":[\"Activit\u00e9s\",\"Actualit\u00e9s du r\u00e9seau\"],\"inLanguage\":\"en-GB\",\"potentialAction\":[{\"@type\":\"CommentAction\",\"name\":\"Comment\",\"target\":[\"https:\\\/\\\/ecodef-ihedn.fr\\\/nomination-jean-belin-membre-du-jury-du-prix-deconomie-de-la-defense\\\/#respond\"]}]},{\"@type\":\"WebPage\",\"@id\":\"https:\\\/\\\/ecodef-ihedn.fr\\\/nomination-jean-belin-membre-du-jury-du-prix-deconomie-de-la-defense\\\/\",\"url\":\"https:\\\/\\\/ecodef-ihedn.fr\\\/nomination-jean-belin-membre-du-jury-du-prix-deconomie-de-la-defense\\\/\",\"name\":\"[NOMINATION] Jean Belin membre du jury du prix d'\u00e9conomie de la d\u00e9fense - Chaire \u00c9conomie de d\u00e9fense - IHEDN\",\"isPartOf\":{\"@id\":\"https:\\\/\\\/ecodef-ihedn.fr\\\/#website\"},\"primaryImageOfPage\":{\"@id\":\"https:\\\/\\\/ecodef-ihedn.fr\\\/nomination-jean-belin-membre-du-jury-du-prix-deconomie-de-la-defense\\\/#primaryimage\"},\"image\":{\"@id\":\"https:\\\/\\\/ecodef-ihedn.fr\\\/nomination-jean-belin-membre-du-jury-du-prix-deconomie-de-la-defense\\\/#primaryimage\"},\"thumbnailUrl\":\"https:\\\/\\\/ecodef-ihedn.fr\\\/wp-content\\\/uploads\\\/2021\\\/03\\\/Jean-BELIN.jpg\",\"datePublished\":\"2021-03-18T13:35:40+00:00\",\"dateModified\":\"2021-05-19T12:43:54+00:00\",\"description\":\"Le minist\u00e8re des Arm\u00e9es a nomm\u00e9 Jean Belin, titulaire de la Chaire, au jury du prix d'\u00e9conomie de la d\u00e9fense.\",\"breadcrumb\":{\"@id\":\"https:\\\/\\\/ecodef-ihedn.fr\\\/nomination-jean-belin-membre-du-jury-du-prix-deconomie-de-la-defense\\\/#breadcrumb\"},\"inLanguage\":\"en-GB\",\"potentialAction\":[{\"@type\":\"ReadAction\",\"target\":[\"https:\\\/\\\/ecodef-ihedn.fr\\\/nomination-jean-belin-membre-du-jury-du-prix-deconomie-de-la-defense\\\/\"]}]},{\"@type\":\"ImageObject\",\"inLanguage\":\"en-GB\",\"@id\":\"https:\\\/\\\/ecodef-ihedn.fr\\\/nomination-jean-belin-membre-du-jury-du-prix-deconomie-de-la-defense\\\/#primaryimage\",\"url\":\"https:\\\/\\\/ecodef-ihedn.fr\\\/wp-content\\\/uploads\\\/2021\\\/03\\\/Jean-BELIN.jpg\",\"contentUrl\":\"https:\\\/\\\/ecodef-ihedn.fr\\\/wp-content\\\/uploads\\\/2021\\\/03\\\/Jean-BELIN.jpg\",\"width\":675,\"height\":450},{\"@type\":\"BreadcrumbList\",\"@id\":\"https:\\\/\\\/ecodef-ihedn.fr\\\/nomination-jean-belin-membre-du-jury-du-prix-deconomie-de-la-defense\\\/#breadcrumb\",\"itemListElement\":[{\"@type\":\"ListItem\",\"position\":1,\"name\":\"Accueil\",\"item\":\"https:\\\/\\\/ecodef-ihedn.fr\\\/\"},{\"@type\":\"ListItem\",\"position\":2,\"name\":\"[NOMINATION] Jean Belin membre du jury du prix d&#8217;\u00e9conomie de la d\u00e9fense\"}]},{\"@type\":\"WebSite\",\"@id\":\"https:\\\/\\\/ecodef-ihedn.fr\\\/#website\",\"url\":\"https:\\\/\\\/ecodef-ihedn.fr\\\/\",\"name\":\"Chaire \u00c9conomie de D\u00e9fense - IHEDN\",\"description\":\"Produire &amp; soutenir, f\u00e9d\u00e9rer &amp; diffuser, \u00eatre une interface\",\"publisher\":{\"@id\":\"https:\\\/\\\/ecodef-ihedn.fr\\\/#organization\"},\"potentialAction\":[{\"@type\":\"SearchAction\",\"target\":{\"@type\":\"EntryPoint\",\"urlTemplate\":\"https:\\\/\\\/ecodef-ihedn.fr\\\/?s={search_term_string}\"},\"query-input\":{\"@type\":\"PropertyValueSpecification\",\"valueRequired\":true,\"valueName\":\"search_term_string\"}}],\"inLanguage\":\"en-GB\"},{\"@type\":\"Organization\",\"@id\":\"https:\\\/\\\/ecodef-ihedn.fr\\\/#organization\",\"name\":\"Chaire \u00c9conomie de d\u00e9fense - IHEDN\",\"url\":\"https:\\\/\\\/ecodef-ihedn.fr\\\/\",\"logo\":{\"@type\":\"ImageObject\",\"inLanguage\":\"en-GB\",\"@id\":\"https:\\\/\\\/ecodef-ihedn.fr\\\/#\\\/schema\\\/logo\\\/image\\\/\",\"url\":\"https:\\\/\\\/ecodef-ihedn.fr\\\/wp-content\\\/uploads\\\/2020\\\/04\\\/logoEcodef9.jpg\",\"contentUrl\":\"https:\\\/\\\/ecodef-ihedn.fr\\\/wp-content\\\/uploads\\\/2020\\\/04\\\/logoEcodef9.jpg\",\"width\":410,\"height\":212,\"caption\":\"Chaire \u00c9conomie de d\u00e9fense - IHEDN\"},\"image\":{\"@id\":\"https:\\\/\\\/ecodef-ihedn.fr\\\/#\\\/schema\\\/logo\\\/image\\\/\"},\"sameAs\":[\"https:\\\/\\\/x.com\\\/Chaire_Ecodef\",\"https:\\\/\\\/www.linkedin.com\\\/company\\\/chaire-ecodef-ihedn\\\/\"]},{\"@type\":\"Person\",\"@id\":\"https:\\\/\\\/ecodef-ihedn.fr\\\/#\\\/schema\\\/person\\\/1cdf22d028cebe278126a6e07a884d30\",\"name\":\"Bertrand Demandre\",\"image\":{\"@type\":\"ImageObject\",\"inLanguage\":\"en-GB\",\"@id\":\"https:\\\/\\\/secure.gravatar.com\\\/avatar\\\/d9c9746d6c900ab5b9c0f9b1fa3932e369da923da247d624b8f7ab4ba8a3c093?s=96&d=mm&r=g\",\"url\":\"https:\\\/\\\/secure.gravatar.com\\\/avatar\\\/d9c9746d6c900ab5b9c0f9b1fa3932e369da923da247d624b8f7ab4ba8a3c093?s=96&d=mm&r=g\",\"contentUrl\":\"https:\\\/\\\/secure.gravatar.com\\\/avatar\\\/d9c9746d6c900ab5b9c0f9b1fa3932e369da923da247d624b8f7ab4ba8a3c093?s=96&d=mm&r=g\",\"caption\":\"Bertrand Demandre\"},\"url\":\"https:\\\/\\\/ecodef-ihedn.fr\\\/en\\\/author\\\/bertrand\\\/\"}]}<\/script>\n<!-- \/ Yoast SEO plugin. -->","yoast_head_json":{"title":"[NOMINATION] Jean Belin membre du jury du prix d'\u00e9conomie de la d\u00e9fense - Chaire \u00c9conomie de d\u00e9fense - IHEDN","description":"Le minist\u00e8re des Arm\u00e9es a nomm\u00e9 Jean Belin, titulaire de la Chaire, au jury du prix d'\u00e9conomie de la d\u00e9fense.","robots":{"index":"index","follow":"follow","max-snippet":"max-snippet:-1","max-image-preview":"max-image-preview:large","max-video-preview":"max-video-preview:-1"},"canonical":"https:\/\/ecodef-ihedn.fr\/en\/nomination-jean-belin-membre-du-jury-du-prix-deconomie-de-la-defense\/","og_locale":"en_GB","og_type":"article","og_title":"[NOMINATION] Jean Belin membre du jury du prix d'\u00e9conomie de la d\u00e9fense - Chaire \u00c9conomie de d\u00e9fense - IHEDN","og_description":"Le minist\u00e8re des Arm\u00e9es a nomm\u00e9 Jean Belin, titulaire de la Chaire, au jury du prix d'\u00e9conomie de la d\u00e9fense.","og_url":"https:\/\/ecodef-ihedn.fr\/en\/nomination-jean-belin-membre-du-jury-du-prix-deconomie-de-la-defense\/","og_site_name":"Chaire \u00c9conomie de d\u00e9fense - IHEDN","article_published_time":"2021-03-18T13:35:40+00:00","article_modified_time":"2021-05-19T12:43:54+00:00","og_image":[{"width":675,"height":450,"url":"https:\/\/ecodef-ihedn.fr\/wp-content\/uploads\/2021\/03\/Jean-BELIN.jpg","type":"image\/jpeg"}],"author":"Bertrand Demandre","twitter_card":"summary_large_image","twitter_creator":"@Chaire_Ecodef","twitter_site":"@Chaire_Ecodef","twitter_misc":{"Written by":"Bertrand Demandre","Estimated reading time":"1 minute"},"schema":{"@context":"https:\/\/schema.org","@graph":[{"@type":"Article","@id":"https:\/\/ecodef-ihedn.fr\/nomination-jean-belin-membre-du-jury-du-prix-deconomie-de-la-defense\/#article","isPartOf":{"@id":"https:\/\/ecodef-ihedn.fr\/nomination-jean-belin-membre-du-jury-du-prix-deconomie-de-la-defense\/"},"author":{"name":"Bertrand Demandre","@id":"https:\/\/ecodef-ihedn.fr\/#\/schema\/person\/1cdf22d028cebe278126a6e07a884d30"},"headline":"[NOMINATION] Jean Belin membre du jury du prix d&rsquo;\u00e9conomie de la d\u00e9fense","datePublished":"2021-03-18T13:35:40+00:00","dateModified":"2021-05-19T12:43:54+00:00","mainEntityOfPage":{"@id":"https:\/\/ecodef-ihedn.fr\/nomination-jean-belin-membre-du-jury-du-prix-deconomie-de-la-defense\/"},"wordCount":221,"commentCount":0,"publisher":{"@id":"https:\/\/ecodef-ihedn.fr\/#organization"},"image":{"@id":"https:\/\/ecodef-ihedn.fr\/nomination-jean-belin-membre-du-jury-du-prix-deconomie-de-la-defense\/#primaryimage"},"thumbnailUrl":"https:\/\/ecodef-ihedn.fr\/wp-content\/uploads\/2021\/03\/Jean-BELIN.jpg","keywords":["chaire \u00e9conomie de d\u00e9fense","doctorat","\u00e9conomie de d\u00e9fense","Jean Belin","Minist\u00e8re des Arm\u00e9es","nomination","prix d'\u00e9conomie de la D\u00e9fense","Prix de th\u00e8se","soutien \u00e0 la recherche","travaux scientifiques"],"articleSection":["Activit\u00e9s","Actualit\u00e9s du r\u00e9seau"],"inLanguage":"en-GB","potentialAction":[{"@type":"CommentAction","name":"Comment","target":["https:\/\/ecodef-ihedn.fr\/nomination-jean-belin-membre-du-jury-du-prix-deconomie-de-la-defense\/#respond"]}]},{"@type":"WebPage","@id":"https:\/\/ecodef-ihedn.fr\/nomination-jean-belin-membre-du-jury-du-prix-deconomie-de-la-defense\/","url":"https:\/\/ecodef-ihedn.fr\/nomination-jean-belin-membre-du-jury-du-prix-deconomie-de-la-defense\/","name":"[NOMINATION] Jean Belin membre du jury du prix d'\u00e9conomie de la d\u00e9fense - Chaire \u00c9conomie de d\u00e9fense - IHEDN","isPartOf":{"@id":"https:\/\/ecodef-ihedn.fr\/#website"},"primaryImageOfPage":{"@id":"https:\/\/ecodef-ihedn.fr\/nomination-jean-belin-membre-du-jury-du-prix-deconomie-de-la-defense\/#primaryimage"},"image":{"@id":"https:\/\/ecodef-ihedn.fr\/nomination-jean-belin-membre-du-jury-du-prix-deconomie-de-la-defense\/#primaryimage"},"thumbnailUrl":"https:\/\/ecodef-ihedn.fr\/wp-content\/uploads\/2021\/03\/Jean-BELIN.jpg","datePublished":"2021-03-18T13:35:40+00:00","dateModified":"2021-05-19T12:43:54+00:00","description":"Le minist\u00e8re des Arm\u00e9es a nomm\u00e9 Jean Belin, titulaire de la Chaire, au jury du prix d'\u00e9conomie de la d\u00e9fense.","breadcrumb":{"@id":"https:\/\/ecodef-ihedn.fr\/nomination-jean-belin-membre-du-jury-du-prix-deconomie-de-la-defense\/#breadcrumb"},"inLanguage":"en-GB","potentialAction":[{"@type":"ReadAction","target":["https:\/\/ecodef-ihedn.fr\/nomination-jean-belin-membre-du-jury-du-prix-deconomie-de-la-defense\/"]}]},{"@type":"ImageObject","inLanguage":"en-GB","@id":"https:\/\/ecodef-ihedn.fr\/nomination-jean-belin-membre-du-jury-du-prix-deconomie-de-la-defense\/#primaryimage","url":"https:\/\/ecodef-ihedn.fr\/wp-content\/uploads\/2021\/03\/Jean-BELIN.jpg","contentUrl":"https:\/\/ecodef-ihedn.fr\/wp-content\/uploads\/2021\/03\/Jean-BELIN.jpg","width":675,"height":450},{"@type":"BreadcrumbList","@id":"https:\/\/ecodef-ihedn.fr\/nomination-jean-belin-membre-du-jury-du-prix-deconomie-de-la-defense\/#breadcrumb","itemListElement":[{"@type":"ListItem","position":1,"name":"Accueil","item":"https:\/\/ecodef-ihedn.fr\/"},{"@type":"ListItem","position":2,"name":"[NOMINATION] Jean Belin membre du jury du prix d&#8217;\u00e9conomie de la d\u00e9fense"}]},{"@type":"WebSite","@id":"https:\/\/ecodef-ihedn.fr\/#website","url":"https:\/\/ecodef-ihedn.fr\/","name":"Chair in Defence Economics - IHEDN","description":"Produce &amp; support, federate &amp; disseminate, act as an interface","publisher":{"@id":"https:\/\/ecodef-ihedn.fr\/#organization"},"potentialAction":[{"@type":"SearchAction","target":{"@type":"EntryPoint","urlTemplate":"https:\/\/ecodef-ihedn.fr\/?s={search_term_string}"},"query-input":{"@type":"PropertyValueSpecification","valueRequired":true,"valueName":"search_term_string"}}],"inLanguage":"en-GB"},{"@type":"Organization","@id":"https:\/\/ecodef-ihedn.fr\/#organization","name":"Chair in Defence Economics - IHEDN","url":"https:\/\/ecodef-ihedn.fr\/","logo":{"@type":"ImageObject","inLanguage":"en-GB","@id":"https:\/\/ecodef-ihedn.fr\/#\/schema\/logo\/image\/","url":"https:\/\/ecodef-ihedn.fr\/wp-content\/uploads\/2020\/04\/logoEcodef9.jpg","contentUrl":"https:\/\/ecodef-ihedn.fr\/wp-content\/uploads\/2020\/04\/logoEcodef9.jpg","width":410,"height":212,"caption":"Chaire \u00c9conomie de d\u00e9fense - IHEDN"},"image":{"@id":"https:\/\/ecodef-ihedn.fr\/#\/schema\/logo\/image\/"},"sameAs":["https:\/\/x.com\/Chaire_Ecodef","https:\/\/www.linkedin.com\/company\/chaire-ecodef-ihedn\/"]},{"@type":"Person","@id":"https:\/\/ecodef-ihedn.fr\/#\/schema\/person\/1cdf22d028cebe278126a6e07a884d30","name":"Bertrand Demandre","image":{"@type":"ImageObject","inLanguage":"en-GB","@id":"https:\/\/secure.gravatar.com\/avatar\/d9c9746d6c900ab5b9c0f9b1fa3932e369da923da247d624b8f7ab4ba8a3c093?s=96&d=mm&r=g","url":"https:\/\/secure.gravatar.com\/avatar\/d9c9746d6c900ab5b9c0f9b1fa3932e369da923da247d624b8f7ab4ba8a3c093?s=96&d=mm&r=g","contentUrl":"https:\/\/secure.gravatar.com\/avatar\/d9c9746d6c900ab5b9c0f9b1fa3932e369da923da247d624b8f7ab4ba8a3c093?s=96&d=mm&r=g","caption":"Bertrand Demandre"},"url":"https:\/\/ecodef-ihedn.fr\/en\/author\/bertrand\/"}]}},"_links":{"self":[{"href":"https:\/\/ecodef-ihedn.fr\/en\/wp-json\/wp\/v2\/posts\/3093","targetHints":{"allow":["GET"]}}],"collection":[{"href":"https:\/\/ecodef-ihedn.fr\/en\/wp-json\/wp\/v2\/posts"}],"about":[{"href":"https:\/\/ecodef-ihedn.fr\/en\/wp-json\/wp\/v2\/types\/post"}],"author":[{"embeddable":true,"href":"https:\/\/ecodef-ihedn.fr\/en\/wp-json\/wp\/v2\/users\/2"}],"replies":[{"embeddable":true,"href":"https:\/\/ecodef-ihedn.fr\/en\/wp-json\/wp\/v2\/comments?post=3093"}],"version-history":[{"count":5,"href":"https:\/\/ecodef-ihedn.fr\/en\/wp-json\/wp\/v2\/posts\/3093\/revisions"}],"predecessor-version":[{"id":3386,"href":"https:\/\/ecodef-ihedn.fr\/en\/wp-json\/wp\/v2\/posts\/3093\/revisions\/3386"}],"wp:featuredmedia":[{"embeddable":true,"href":"https:\/\/ecodef-ihedn.fr\/en\/wp-json\/wp\/v2\/media\/3385"}],"wp:attachment":[{"href":"https:\/\/ecodef-ihedn.fr\/en\/wp-json\/wp\/v2\/media?parent=3093"}],"wp:term":[{"taxonomy":"category","embeddable":true,"href":"https:\/\/ecodef-ihedn.fr\/en\/wp-json\/wp\/v2\/categories?post=3093"},{"taxonomy":"post_tag","embeddable":true,"href":"https:\/\/ecodef-ihedn.fr\/en\/wp-json\/wp\/v2\/tags?post=3093"}],"curies":[{"name":"wp","href":"https:\/\/api.w.org\/{rel}","templated":true}]}}