{"id":3293,"date":"2021-05-04T14:50:54","date_gmt":"2021-05-04T14:50:54","guid":{"rendered":"https:\/\/ecodef-ihedn.fr\/?p=3293"},"modified":"2021-05-19T12:37:22","modified_gmt":"2021-05-19T12:37:22","slug":"infographie-avions-de-combat-en-europe-publication-dun-article-de-josselin-droff-julien-malizard-et-laure-noel-dans-la-revue-historique-des-armees","status":"publish","type":"post","link":"https:\/\/ecodef-ihedn.fr\/en\/infographie-avions-de-combat-en-europe-publication-dun-article-de-josselin-droff-julien-malizard-et-laure-noel-dans-la-revue-historique-des-armees\/","title":{"rendered":"[INFOGRAPHIE] Avions de combat en Europe : Publication d&rsquo;un article de Josselin Droff, Julien Malizard et Laure No\u00ebl dans la Revue historique des Arm\u00e9es"},"content":{"rendered":"<p><\/p>\n\n\n\n<p><strong>Researchers from the Economics of Defence Chair - IHEDN have published <strong>in the latest issue of the Revue historique des Arm\u00e9es<\/strong><\/strong> <strong>an article on European states' preferences for fighter aircraft since the Cold War. <\/strong><\/p>\n\n\n\n<div class=\"wp-block-image\"><figure class=\"aligncenter size-large\"><img loading=\"lazy\" decoding=\"async\" width=\"283\" height=\"402\" src=\"https:\/\/ecodef-ihedn.fr\/wp-content\/uploads\/2021\/05\/Couv_301_last_BAT.jpg\" alt=\"Josselin Droff, Julien Malizard et Laure No\u00ebl ont publi\u00e9 un article intitul\u00e9 &quot;Les pr\u00e9f\u00e9rences des Etats en mati\u00e8re d'\u00e9quipements de d\u00e9fense : les avions de combat en Europe depuis la fin de la Guerre froide&quot;. \" class=\"wp-image-3325\" srcset=\"https:\/\/ecodef-ihedn.fr\/wp-content\/uploads\/2021\/05\/Couv_301_last_BAT.jpg 283w, https:\/\/ecodef-ihedn.fr\/wp-content\/uploads\/2021\/05\/Couv_301_last_BAT-211x300.jpg 211w\" sizes=\"auto, (max-width: 283px) 100vw, 283px\" \/><\/figure><\/div>\n\n\n\n<p><strong>Josselin Droff<\/strong>, Research Chair, <strong>Julien Malizard<\/strong>, Deputy Chairholder, and <strong>Laure No\u00ebl<\/strong>, The authors of an article entitled \u00abLes pr\u00e9f\u00e9rences des \u00c9tats en mati\u00e8re d'\u00e9quipements de d\u00e9fense : les avions de combat en Europe depuis la fin de la Guerre froide\u00bb (State preferences in defence equipment: fighter aircraft in Europe since the end of the Cold War).<\/p>\n\n\n\n<p>It was published in the latest issue of the <a href=\"https:\/\/www.servicehistorique.sga.defense.gouv.fr\/liste-rha\" target=\"_blank\" rel=\"noreferrer noopener\"><em>Revue historique des Arm\u00e9es<\/em><\/a> (2020\/301) devoted to air power since the Gulf War. <\/p>\n\n\n\n<p class=\"has-text-align-center\">&gt;&gt; <a href=\"https:\/\/www.servicehistorique.sga.defense.gouv.fr\/rha\/la-puissance-aerienne-depuis-la-guerre-du-golfe\" target=\"_blank\" rel=\"noreferrer noopener\">To obtain the magazine<\/a> &lt;&lt;<\/p>\n\n\n\n<p>A symbol of prestige and military power, the combat aircraft is also a market subject to both financial constraints and political and diplomatic uncertainties. This article sets out to understand how these markets are built and how they evolve. <strong>States' preferences for fighter aircraft in Europe, with reference to the period 1990-2019<\/strong>. Changes or continuities are quantified using indicators such as the<strong> fleet size<\/strong>, the<strong> fleet diversity<\/strong>, or the\u2019<strong>average age of fleets<\/strong>. The results of this article show that, despite\u2019<strong>a common downward trend in the number of combat aircraft<\/strong>, countries have implemented<strong> different strategies<\/strong> according to their industrial capacity and operational needs. A <strong>typology based on the calculation of an \u00abacquisition gradient\u00bb<\/strong> provides an opportunity to discuss future issues in the context of <a href=\"https:\/\/ecodef-ihedn.fr\/en\/lindustrie-de-defense-en-europe-la-cooperation-ou-le-declassement\/\" target=\"_blank\" rel=\"noreferrer noopener\">major programmes under development<\/a>.<\/p>\n\n\n\n<p>This <strong>computer graphics<\/strong> presents the main findings of the article : <\/p>\n\n\n\n<div class=\"wp-block-columns is-layout-flex wp-container-core-columns-is-layout-9d6595d7 wp-block-columns-is-layout-flex\">\n<div class=\"wp-block-column is-layout-flow wp-block-column-is-layout-flow\" style=\"flex-basis:100%\">\n<div class=\"wp-block-group\"><div class=\"wp-block-group__inner-container is-layout-flow wp-block-group-is-layout-flow\">\n<div class=\"wp-block-image\"><figure class=\"aligncenter size-full\"><img loading=\"lazy\" decoding=\"async\" width=\"800\" height=\"2000\" src=\"https:\/\/ecodef-ihedn.fr\/wp-content\/uploads\/2021\/05\/1-3.png\" alt=\"\" class=\"wp-image-3344\" srcset=\"https:\/\/ecodef-ihedn.fr\/wp-content\/uploads\/2021\/05\/1-3.png 800w, https:\/\/ecodef-ihedn.fr\/wp-content\/uploads\/2021\/05\/1-3-120x300.png 120w, https:\/\/ecodef-ihedn.fr\/wp-content\/uploads\/2021\/05\/1-3-410x1024.png 410w, https:\/\/ecodef-ihedn.fr\/wp-content\/uploads\/2021\/05\/1-3-768x1920.png 768w, https:\/\/ecodef-ihedn.fr\/wp-content\/uploads\/2021\/05\/1-3-614x1536.png 614w, https:\/\/ecodef-ihedn.fr\/wp-content\/uploads\/2021\/05\/1-3-696x1740.png 696w, https:\/\/ecodef-ihedn.fr\/wp-content\/uploads\/2021\/05\/1-3-168x420.png 168w, https:\/\/ecodef-ihedn.fr\/wp-content\/uploads\/2021\/05\/1-3-336x840.png 336w\" sizes=\"auto, (max-width: 800px) 100vw, 800px\" \/><\/figure><\/div>\n\n\n\n<div class=\"wp-block-image\"><figure class=\"aligncenter size-full\"><img loading=\"lazy\" decoding=\"async\" width=\"800\" height=\"2000\" src=\"https:\/\/ecodef-ihedn.fr\/wp-content\/uploads\/2021\/05\/2-3.png\" alt=\"\" class=\"wp-image-3345\" srcset=\"https:\/\/ecodef-ihedn.fr\/wp-content\/uploads\/2021\/05\/2-3.png 800w, https:\/\/ecodef-ihedn.fr\/wp-content\/uploads\/2021\/05\/2-3-120x300.png 120w, https:\/\/ecodef-ihedn.fr\/wp-content\/uploads\/2021\/05\/2-3-410x1024.png 410w, https:\/\/ecodef-ihedn.fr\/wp-content\/uploads\/2021\/05\/2-3-768x1920.png 768w, https:\/\/ecodef-ihedn.fr\/wp-content\/uploads\/2021\/05\/2-3-614x1536.png 614w, https:\/\/ecodef-ihedn.fr\/wp-content\/uploads\/2021\/05\/2-3-696x1740.png 696w, https:\/\/ecodef-ihedn.fr\/wp-content\/uploads\/2021\/05\/2-3-168x420.png 168w, https:\/\/ecodef-ihedn.fr\/wp-content\/uploads\/2021\/05\/2-3-336x840.png 336w\" sizes=\"auto, (max-width: 800px) 100vw, 800px\" \/><\/figure><\/div>\n\n\n\n<div class=\"wp-block-image\"><figure class=\"aligncenter size-full\"><img loading=\"lazy\" decoding=\"async\" width=\"800\" height=\"2000\" src=\"https:\/\/ecodef-ihedn.fr\/wp-content\/uploads\/2021\/05\/3-1.png\" alt=\"\" class=\"wp-image-3346\" srcset=\"https:\/\/ecodef-ihedn.fr\/wp-content\/uploads\/2021\/05\/3-1.png 800w, https:\/\/ecodef-ihedn.fr\/wp-content\/uploads\/2021\/05\/3-1-120x300.png 120w, https:\/\/ecodef-ihedn.fr\/wp-content\/uploads\/2021\/05\/3-1-410x1024.png 410w, https:\/\/ecodef-ihedn.fr\/wp-content\/uploads\/2021\/05\/3-1-768x1920.png 768w, https:\/\/ecodef-ihedn.fr\/wp-content\/uploads\/2021\/05\/3-1-614x1536.png 614w, https:\/\/ecodef-ihedn.fr\/wp-content\/uploads\/2021\/05\/3-1-696x1740.png 696w, https:\/\/ecodef-ihedn.fr\/wp-content\/uploads\/2021\/05\/3-1-168x420.png 168w, https:\/\/ecodef-ihedn.fr\/wp-content\/uploads\/2021\/05\/3-1-336x840.png 336w\" sizes=\"auto, (max-width: 800px) 100vw, 800px\" \/><\/figure><\/div>\n<\/div><\/div>\n\n\n\n<p><\/p>\n<\/div>\n<\/div>\n\n\n\n<p><\/p>","protected":false},"excerpt":{"rendered":"<p>Des chercheurs de la Chaire \u00c9conomie de D\u00e9fense &#8211; IHEDN ont publi\u00e9 dans le dernier num\u00e9ro de la Revue historique des Arm\u00e9es un article sur les pr\u00e9f\u00e9rences des \u00c9tats europ\u00e9ens en mati\u00e8re d&rsquo;avions de combat depuis la Guerre froide. Josselin Droff, Chercheur \u00e0 la Chaire, Julien Malizard, Titulaire adjoint de la Chaire, et Laure No\u00ebl, [&hellip;]<\/p>\n","protected":false},"author":2,"featured_media":3382,"comment_status":"open","ping_status":"open","sticky":false,"template":"","format":"standard","meta":{"footnotes":""},"categories":[350,415],"tags":[434,178,435,75,202,86,436,110,433],"class_list":{"0":"post-3293","1":"post","2":"type-post","3":"status-publish","4":"format-standard","5":"has-post-thumbnail","7":"category-publications","8":"category-thematique-5-integration-et-cooperation-de-defense-en-europe","9":"tag-avions-de-combat","10":"tag-europe","11":"tag-infographie","12":"tag-investissement","13":"tag-josselin-droff","14":"tag-julien-malizard","15":"tag-laure-noel","16":"tag-publications","17":"tag-revue-historique-des-armees"},"yoast_head":"<!-- This site is optimized with the Yoast SEO plugin v27.4 - https:\/\/yoast.com\/product\/yoast-seo-wordpress\/ -->\n<title>[INFOGRAPHIE] Avions de combat en Europe : Publication d&#039;un article de Josselin Droff, Julien Malizard et Laure No\u00ebl dans la Revue historique des Arm\u00e9es - Chaire \u00c9conomie de d\u00e9fense - IHEDN<\/title>\n<meta name=\"description\" content=\"Josselin Droff, Julien Malizard et Laure No\u00ebl ont publi\u00e9 un article intitul\u00e9 &quot;Les pr\u00e9f\u00e9rences des Etats en mati\u00e8re d&#039;\u00e9quipements de d\u00e9fense : les avions de combat en Europe depuis la fin de la Guerre froide&quot;.\" \/>\n<meta name=\"robots\" content=\"index, follow, max-snippet:-1, max-image-preview:large, max-video-preview:-1\" \/>\n<link rel=\"canonical\" href=\"https:\/\/ecodef-ihedn.fr\/en\/infographie-avions-de-combat-en-europe-publication-dun-article-de-josselin-droff-julien-malizard-et-laure-noel-dans-la-revue-historique-des-armees\/\" \/>\n<meta property=\"og:locale\" content=\"en_GB\" \/>\n<meta property=\"og:type\" content=\"article\" \/>\n<meta property=\"og:title\" content=\"[INFOGRAPHIE] Avions de combat en Europe : Publication d&#039;un article de Josselin Droff, Julien Malizard et Laure No\u00ebl dans la Revue historique des Arm\u00e9es - Chaire \u00c9conomie de d\u00e9fense - IHEDN\" \/>\n<meta property=\"og:description\" content=\"Josselin Droff, Julien Malizard et Laure No\u00ebl ont publi\u00e9 un article intitul\u00e9 &quot;Les pr\u00e9f\u00e9rences des Etats en mati\u00e8re d&#039;\u00e9quipements de d\u00e9fense : les avions de combat en Europe depuis la fin de la Guerre froide&quot;.\" \/>\n<meta property=\"og:url\" content=\"https:\/\/ecodef-ihedn.fr\/en\/infographie-avions-de-combat-en-europe-publication-dun-article-de-josselin-droff-julien-malizard-et-laure-noel-dans-la-revue-historique-des-armees\/\" \/>\n<meta property=\"og:site_name\" content=\"Chaire \u00c9conomie de d\u00e9fense - IHEDN\" \/>\n<meta property=\"article:published_time\" content=\"2021-05-04T14:50:54+00:00\" \/>\n<meta property=\"article:modified_time\" content=\"2021-05-19T12:37:22+00:00\" \/>\n<meta property=\"og:image\" content=\"https:\/\/ecodef-ihedn.fr\/wp-content\/uploads\/2021\/05\/RHA-couverture.jpg\" \/>\n\t<meta property=\"og:image:width\" content=\"597\" \/>\n\t<meta property=\"og:image:height\" content=\"398\" \/>\n\t<meta property=\"og:image:type\" content=\"image\/jpeg\" \/>\n<meta name=\"author\" content=\"Bertrand Demandre\" \/>\n<meta name=\"twitter:card\" content=\"summary_large_image\" \/>\n<meta name=\"twitter:creator\" content=\"@Chaire_Ecodef\" \/>\n<meta name=\"twitter:site\" content=\"@Chaire_Ecodef\" \/>\n<meta name=\"twitter:label1\" content=\"Written by\" \/>\n\t<meta name=\"twitter:data1\" content=\"Bertrand Demandre\" \/>\n\t<meta name=\"twitter:label2\" content=\"Estimated reading time\" \/>\n\t<meta name=\"twitter:data2\" content=\"2 minutes\" \/>\n<script type=\"application\/ld+json\" class=\"yoast-schema-graph\">{\"@context\":\"https:\\\/\\\/schema.org\",\"@graph\":[{\"@type\":\"Article\",\"@id\":\"https:\\\/\\\/ecodef-ihedn.fr\\\/infographie-avions-de-combat-en-europe-publication-dun-article-de-josselin-droff-julien-malizard-et-laure-noel-dans-la-revue-historique-des-armees\\\/#article\",\"isPartOf\":{\"@id\":\"https:\\\/\\\/ecodef-ihedn.fr\\\/infographie-avions-de-combat-en-europe-publication-dun-article-de-josselin-droff-julien-malizard-et-laure-noel-dans-la-revue-historique-des-armees\\\/\"},\"author\":{\"name\":\"Bertrand Demandre\",\"@id\":\"https:\\\/\\\/ecodef-ihedn.fr\\\/#\\\/schema\\\/person\\\/1cdf22d028cebe278126a6e07a884d30\"},\"headline\":\"[INFOGRAPHIE] Avions de combat en Europe : Publication d&rsquo;un article de Josselin Droff, Julien Malizard et Laure No\u00ebl dans la Revue historique des Arm\u00e9es\",\"datePublished\":\"2021-05-04T14:50:54+00:00\",\"dateModified\":\"2021-05-19T12:37:22+00:00\",\"mainEntityOfPage\":{\"@id\":\"https:\\\/\\\/ecodef-ihedn.fr\\\/infographie-avions-de-combat-en-europe-publication-dun-article-de-josselin-droff-julien-malizard-et-laure-noel-dans-la-revue-historique-des-armees\\\/\"},\"wordCount\":338,\"commentCount\":3,\"publisher\":{\"@id\":\"https:\\\/\\\/ecodef-ihedn.fr\\\/#organization\"},\"image\":{\"@id\":\"https:\\\/\\\/ecodef-ihedn.fr\\\/infographie-avions-de-combat-en-europe-publication-dun-article-de-josselin-droff-julien-malizard-et-laure-noel-dans-la-revue-historique-des-armees\\\/#primaryimage\"},\"thumbnailUrl\":\"https:\\\/\\\/ecodef-ihedn.fr\\\/wp-content\\\/uploads\\\/2021\\\/05\\\/RHA-couverture.jpg\",\"keywords\":[\"avions de combat\",\"Europe\",\"infographie\",\"investissement\",\"Josselin Droff\",\"Julien Malizard\",\"Laure No\u00ebl\",\"Publications\",\"revue historique des arm\u00e9es\"],\"articleSection\":[\"Publications\",\"Th\u00e9matique 5 : int\u00e9gration et coop\u00e9ration de d\u00e9fense en Europe\"],\"inLanguage\":\"en-GB\",\"potentialAction\":[{\"@type\":\"CommentAction\",\"name\":\"Comment\",\"target\":[\"https:\\\/\\\/ecodef-ihedn.fr\\\/infographie-avions-de-combat-en-europe-publication-dun-article-de-josselin-droff-julien-malizard-et-laure-noel-dans-la-revue-historique-des-armees\\\/#respond\"]}]},{\"@type\":\"WebPage\",\"@id\":\"https:\\\/\\\/ecodef-ihedn.fr\\\/infographie-avions-de-combat-en-europe-publication-dun-article-de-josselin-droff-julien-malizard-et-laure-noel-dans-la-revue-historique-des-armees\\\/\",\"url\":\"https:\\\/\\\/ecodef-ihedn.fr\\\/infographie-avions-de-combat-en-europe-publication-dun-article-de-josselin-droff-julien-malizard-et-laure-noel-dans-la-revue-historique-des-armees\\\/\",\"name\":\"[INFOGRAPHIE] Avions de combat en Europe : Publication d'un article de Josselin Droff, Julien Malizard et Laure No\u00ebl dans la Revue historique des Arm\u00e9es - Chaire \u00c9conomie de d\u00e9fense - IHEDN\",\"isPartOf\":{\"@id\":\"https:\\\/\\\/ecodef-ihedn.fr\\\/#website\"},\"primaryImageOfPage\":{\"@id\":\"https:\\\/\\\/ecodef-ihedn.fr\\\/infographie-avions-de-combat-en-europe-publication-dun-article-de-josselin-droff-julien-malizard-et-laure-noel-dans-la-revue-historique-des-armees\\\/#primaryimage\"},\"image\":{\"@id\":\"https:\\\/\\\/ecodef-ihedn.fr\\\/infographie-avions-de-combat-en-europe-publication-dun-article-de-josselin-droff-julien-malizard-et-laure-noel-dans-la-revue-historique-des-armees\\\/#primaryimage\"},\"thumbnailUrl\":\"https:\\\/\\\/ecodef-ihedn.fr\\\/wp-content\\\/uploads\\\/2021\\\/05\\\/RHA-couverture.jpg\",\"datePublished\":\"2021-05-04T14:50:54+00:00\",\"dateModified\":\"2021-05-19T12:37:22+00:00\",\"description\":\"Josselin Droff, Julien Malizard et Laure No\u00ebl ont publi\u00e9 un article intitul\u00e9 \\\"Les pr\u00e9f\u00e9rences des Etats en mati\u00e8re d'\u00e9quipements de d\u00e9fense : les avions de combat en Europe depuis la fin de la Guerre froide\\\".\",\"breadcrumb\":{\"@id\":\"https:\\\/\\\/ecodef-ihedn.fr\\\/infographie-avions-de-combat-en-europe-publication-dun-article-de-josselin-droff-julien-malizard-et-laure-noel-dans-la-revue-historique-des-armees\\\/#breadcrumb\"},\"inLanguage\":\"en-GB\",\"potentialAction\":[{\"@type\":\"ReadAction\",\"target\":[\"https:\\\/\\\/ecodef-ihedn.fr\\\/infographie-avions-de-combat-en-europe-publication-dun-article-de-josselin-droff-julien-malizard-et-laure-noel-dans-la-revue-historique-des-armees\\\/\"]}]},{\"@type\":\"ImageObject\",\"inLanguage\":\"en-GB\",\"@id\":\"https:\\\/\\\/ecodef-ihedn.fr\\\/infographie-avions-de-combat-en-europe-publication-dun-article-de-josselin-droff-julien-malizard-et-laure-noel-dans-la-revue-historique-des-armees\\\/#primaryimage\",\"url\":\"https:\\\/\\\/ecodef-ihedn.fr\\\/wp-content\\\/uploads\\\/2021\\\/05\\\/RHA-couverture.jpg\",\"contentUrl\":\"https:\\\/\\\/ecodef-ihedn.fr\\\/wp-content\\\/uploads\\\/2021\\\/05\\\/RHA-couverture.jpg\",\"width\":597,\"height\":398},{\"@type\":\"BreadcrumbList\",\"@id\":\"https:\\\/\\\/ecodef-ihedn.fr\\\/infographie-avions-de-combat-en-europe-publication-dun-article-de-josselin-droff-julien-malizard-et-laure-noel-dans-la-revue-historique-des-armees\\\/#breadcrumb\",\"itemListElement\":[{\"@type\":\"ListItem\",\"position\":1,\"name\":\"Accueil\",\"item\":\"https:\\\/\\\/ecodef-ihedn.fr\\\/\"},{\"@type\":\"ListItem\",\"position\":2,\"name\":\"[INFOGRAPHIE] Avions de combat en Europe : Publication d&#8217;un article de Josselin Droff, Julien Malizard et Laure No\u00ebl dans la Revue historique des Arm\u00e9es\"}]},{\"@type\":\"WebSite\",\"@id\":\"https:\\\/\\\/ecodef-ihedn.fr\\\/#website\",\"url\":\"https:\\\/\\\/ecodef-ihedn.fr\\\/\",\"name\":\"Chaire \u00c9conomie de D\u00e9fense - IHEDN\",\"description\":\"Produire &amp; soutenir, f\u00e9d\u00e9rer &amp; diffuser, \u00eatre une interface\",\"publisher\":{\"@id\":\"https:\\\/\\\/ecodef-ihedn.fr\\\/#organization\"},\"potentialAction\":[{\"@type\":\"SearchAction\",\"target\":{\"@type\":\"EntryPoint\",\"urlTemplate\":\"https:\\\/\\\/ecodef-ihedn.fr\\\/?s={search_term_string}\"},\"query-input\":{\"@type\":\"PropertyValueSpecification\",\"valueRequired\":true,\"valueName\":\"search_term_string\"}}],\"inLanguage\":\"en-GB\"},{\"@type\":\"Organization\",\"@id\":\"https:\\\/\\\/ecodef-ihedn.fr\\\/#organization\",\"name\":\"Chaire \u00c9conomie de d\u00e9fense - IHEDN\",\"url\":\"https:\\\/\\\/ecodef-ihedn.fr\\\/\",\"logo\":{\"@type\":\"ImageObject\",\"inLanguage\":\"en-GB\",\"@id\":\"https:\\\/\\\/ecodef-ihedn.fr\\\/#\\\/schema\\\/logo\\\/image\\\/\",\"url\":\"https:\\\/\\\/ecodef-ihedn.fr\\\/wp-content\\\/uploads\\\/2020\\\/04\\\/logoEcodef9.jpg\",\"contentUrl\":\"https:\\\/\\\/ecodef-ihedn.fr\\\/wp-content\\\/uploads\\\/2020\\\/04\\\/logoEcodef9.jpg\",\"width\":410,\"height\":212,\"caption\":\"Chaire \u00c9conomie de d\u00e9fense - IHEDN\"},\"image\":{\"@id\":\"https:\\\/\\\/ecodef-ihedn.fr\\\/#\\\/schema\\\/logo\\\/image\\\/\"},\"sameAs\":[\"https:\\\/\\\/x.com\\\/Chaire_Ecodef\",\"https:\\\/\\\/www.linkedin.com\\\/company\\\/chaire-ecodef-ihedn\\\/\"]},{\"@type\":\"Person\",\"@id\":\"https:\\\/\\\/ecodef-ihedn.fr\\\/#\\\/schema\\\/person\\\/1cdf22d028cebe278126a6e07a884d30\",\"name\":\"Bertrand Demandre\",\"image\":{\"@type\":\"ImageObject\",\"inLanguage\":\"en-GB\",\"@id\":\"https:\\\/\\\/secure.gravatar.com\\\/avatar\\\/d9c9746d6c900ab5b9c0f9b1fa3932e369da923da247d624b8f7ab4ba8a3c093?s=96&d=mm&r=g\",\"url\":\"https:\\\/\\\/secure.gravatar.com\\\/avatar\\\/d9c9746d6c900ab5b9c0f9b1fa3932e369da923da247d624b8f7ab4ba8a3c093?s=96&d=mm&r=g\",\"contentUrl\":\"https:\\\/\\\/secure.gravatar.com\\\/avatar\\\/d9c9746d6c900ab5b9c0f9b1fa3932e369da923da247d624b8f7ab4ba8a3c093?s=96&d=mm&r=g\",\"caption\":\"Bertrand Demandre\"},\"url\":\"https:\\\/\\\/ecodef-ihedn.fr\\\/en\\\/author\\\/bertrand\\\/\"}]}<\/script>\n<!-- \/ Yoast SEO plugin. -->","yoast_head_json":{"title":"[INFOGRAPHIE] Avions de combat en Europe : Publication d'un article de Josselin Droff, Julien Malizard et Laure No\u00ebl dans la Revue historique des Arm\u00e9es - Chaire \u00c9conomie de d\u00e9fense - IHEDN","description":"Josselin Droff, Julien Malizard et Laure No\u00ebl ont publi\u00e9 un article intitul\u00e9 \"Les pr\u00e9f\u00e9rences des Etats en mati\u00e8re d'\u00e9quipements de d\u00e9fense : les avions de combat en Europe depuis la fin de la Guerre froide\".","robots":{"index":"index","follow":"follow","max-snippet":"max-snippet:-1","max-image-preview":"max-image-preview:large","max-video-preview":"max-video-preview:-1"},"canonical":"https:\/\/ecodef-ihedn.fr\/en\/infographie-avions-de-combat-en-europe-publication-dun-article-de-josselin-droff-julien-malizard-et-laure-noel-dans-la-revue-historique-des-armees\/","og_locale":"en_GB","og_type":"article","og_title":"[INFOGRAPHIE] Avions de combat en Europe : Publication d'un article de Josselin Droff, Julien Malizard et Laure No\u00ebl dans la Revue historique des Arm\u00e9es - Chaire \u00c9conomie de d\u00e9fense - IHEDN","og_description":"Josselin Droff, Julien Malizard et Laure No\u00ebl ont publi\u00e9 un article intitul\u00e9 \"Les pr\u00e9f\u00e9rences des Etats en mati\u00e8re d'\u00e9quipements de d\u00e9fense : les avions de combat en Europe depuis la fin de la Guerre froide\".","og_url":"https:\/\/ecodef-ihedn.fr\/en\/infographie-avions-de-combat-en-europe-publication-dun-article-de-josselin-droff-julien-malizard-et-laure-noel-dans-la-revue-historique-des-armees\/","og_site_name":"Chaire \u00c9conomie de d\u00e9fense - IHEDN","article_published_time":"2021-05-04T14:50:54+00:00","article_modified_time":"2021-05-19T12:37:22+00:00","og_image":[{"width":597,"height":398,"url":"https:\/\/ecodef-ihedn.fr\/wp-content\/uploads\/2021\/05\/RHA-couverture.jpg","type":"image\/jpeg"}],"author":"Bertrand Demandre","twitter_card":"summary_large_image","twitter_creator":"@Chaire_Ecodef","twitter_site":"@Chaire_Ecodef","twitter_misc":{"Written by":"Bertrand Demandre","Estimated reading time":"2 minutes"},"schema":{"@context":"https:\/\/schema.org","@graph":[{"@type":"Article","@id":"https:\/\/ecodef-ihedn.fr\/infographie-avions-de-combat-en-europe-publication-dun-article-de-josselin-droff-julien-malizard-et-laure-noel-dans-la-revue-historique-des-armees\/#article","isPartOf":{"@id":"https:\/\/ecodef-ihedn.fr\/infographie-avions-de-combat-en-europe-publication-dun-article-de-josselin-droff-julien-malizard-et-laure-noel-dans-la-revue-historique-des-armees\/"},"author":{"name":"Bertrand Demandre","@id":"https:\/\/ecodef-ihedn.fr\/#\/schema\/person\/1cdf22d028cebe278126a6e07a884d30"},"headline":"[INFOGRAPHIE] Avions de combat en Europe : Publication d&rsquo;un article de Josselin Droff, Julien Malizard et Laure No\u00ebl dans la Revue historique des Arm\u00e9es","datePublished":"2021-05-04T14:50:54+00:00","dateModified":"2021-05-19T12:37:22+00:00","mainEntityOfPage":{"@id":"https:\/\/ecodef-ihedn.fr\/infographie-avions-de-combat-en-europe-publication-dun-article-de-josselin-droff-julien-malizard-et-laure-noel-dans-la-revue-historique-des-armees\/"},"wordCount":338,"commentCount":3,"publisher":{"@id":"https:\/\/ecodef-ihedn.fr\/#organization"},"image":{"@id":"https:\/\/ecodef-ihedn.fr\/infographie-avions-de-combat-en-europe-publication-dun-article-de-josselin-droff-julien-malizard-et-laure-noel-dans-la-revue-historique-des-armees\/#primaryimage"},"thumbnailUrl":"https:\/\/ecodef-ihedn.fr\/wp-content\/uploads\/2021\/05\/RHA-couverture.jpg","keywords":["avions de combat","Europe","infographie","investissement","Josselin Droff","Julien Malizard","Laure No\u00ebl","Publications","revue historique des arm\u00e9es"],"articleSection":["Publications","Th\u00e9matique 5 : int\u00e9gration et coop\u00e9ration de d\u00e9fense en Europe"],"inLanguage":"en-GB","potentialAction":[{"@type":"CommentAction","name":"Comment","target":["https:\/\/ecodef-ihedn.fr\/infographie-avions-de-combat-en-europe-publication-dun-article-de-josselin-droff-julien-malizard-et-laure-noel-dans-la-revue-historique-des-armees\/#respond"]}]},{"@type":"WebPage","@id":"https:\/\/ecodef-ihedn.fr\/infographie-avions-de-combat-en-europe-publication-dun-article-de-josselin-droff-julien-malizard-et-laure-noel-dans-la-revue-historique-des-armees\/","url":"https:\/\/ecodef-ihedn.fr\/infographie-avions-de-combat-en-europe-publication-dun-article-de-josselin-droff-julien-malizard-et-laure-noel-dans-la-revue-historique-des-armees\/","name":"[INFOGRAPHIE] Avions de combat en Europe : Publication d'un article de Josselin Droff, Julien Malizard et Laure No\u00ebl dans la Revue historique des Arm\u00e9es - Chaire \u00c9conomie de d\u00e9fense - IHEDN","isPartOf":{"@id":"https:\/\/ecodef-ihedn.fr\/#website"},"primaryImageOfPage":{"@id":"https:\/\/ecodef-ihedn.fr\/infographie-avions-de-combat-en-europe-publication-dun-article-de-josselin-droff-julien-malizard-et-laure-noel-dans-la-revue-historique-des-armees\/#primaryimage"},"image":{"@id":"https:\/\/ecodef-ihedn.fr\/infographie-avions-de-combat-en-europe-publication-dun-article-de-josselin-droff-julien-malizard-et-laure-noel-dans-la-revue-historique-des-armees\/#primaryimage"},"thumbnailUrl":"https:\/\/ecodef-ihedn.fr\/wp-content\/uploads\/2021\/05\/RHA-couverture.jpg","datePublished":"2021-05-04T14:50:54+00:00","dateModified":"2021-05-19T12:37:22+00:00","description":"Josselin Droff, Julien Malizard et Laure No\u00ebl ont publi\u00e9 un article intitul\u00e9 \"Les pr\u00e9f\u00e9rences des Etats en mati\u00e8re d'\u00e9quipements de d\u00e9fense : les avions de combat en Europe depuis la fin de la Guerre froide\".","breadcrumb":{"@id":"https:\/\/ecodef-ihedn.fr\/infographie-avions-de-combat-en-europe-publication-dun-article-de-josselin-droff-julien-malizard-et-laure-noel-dans-la-revue-historique-des-armees\/#breadcrumb"},"inLanguage":"en-GB","potentialAction":[{"@type":"ReadAction","target":["https:\/\/ecodef-ihedn.fr\/infographie-avions-de-combat-en-europe-publication-dun-article-de-josselin-droff-julien-malizard-et-laure-noel-dans-la-revue-historique-des-armees\/"]}]},{"@type":"ImageObject","inLanguage":"en-GB","@id":"https:\/\/ecodef-ihedn.fr\/infographie-avions-de-combat-en-europe-publication-dun-article-de-josselin-droff-julien-malizard-et-laure-noel-dans-la-revue-historique-des-armees\/#primaryimage","url":"https:\/\/ecodef-ihedn.fr\/wp-content\/uploads\/2021\/05\/RHA-couverture.jpg","contentUrl":"https:\/\/ecodef-ihedn.fr\/wp-content\/uploads\/2021\/05\/RHA-couverture.jpg","width":597,"height":398},{"@type":"BreadcrumbList","@id":"https:\/\/ecodef-ihedn.fr\/infographie-avions-de-combat-en-europe-publication-dun-article-de-josselin-droff-julien-malizard-et-laure-noel-dans-la-revue-historique-des-armees\/#breadcrumb","itemListElement":[{"@type":"ListItem","position":1,"name":"Accueil","item":"https:\/\/ecodef-ihedn.fr\/"},{"@type":"ListItem","position":2,"name":"[INFOGRAPHIE] Avions de combat en Europe : Publication d&#8217;un article de Josselin Droff, Julien Malizard et Laure No\u00ebl dans la Revue historique des Arm\u00e9es"}]},{"@type":"WebSite","@id":"https:\/\/ecodef-ihedn.fr\/#website","url":"https:\/\/ecodef-ihedn.fr\/","name":"Chair in Defence Economics - IHEDN","description":"Produce &amp; support, federate &amp; disseminate, act as an interface","publisher":{"@id":"https:\/\/ecodef-ihedn.fr\/#organization"},"potentialAction":[{"@type":"SearchAction","target":{"@type":"EntryPoint","urlTemplate":"https:\/\/ecodef-ihedn.fr\/?s={search_term_string}"},"query-input":{"@type":"PropertyValueSpecification","valueRequired":true,"valueName":"search_term_string"}}],"inLanguage":"en-GB"},{"@type":"Organization","@id":"https:\/\/ecodef-ihedn.fr\/#organization","name":"Chair in Defence Economics - IHEDN","url":"https:\/\/ecodef-ihedn.fr\/","logo":{"@type":"ImageObject","inLanguage":"en-GB","@id":"https:\/\/ecodef-ihedn.fr\/#\/schema\/logo\/image\/","url":"https:\/\/ecodef-ihedn.fr\/wp-content\/uploads\/2020\/04\/logoEcodef9.jpg","contentUrl":"https:\/\/ecodef-ihedn.fr\/wp-content\/uploads\/2020\/04\/logoEcodef9.jpg","width":410,"height":212,"caption":"Chaire \u00c9conomie de d\u00e9fense - IHEDN"},"image":{"@id":"https:\/\/ecodef-ihedn.fr\/#\/schema\/logo\/image\/"},"sameAs":["https:\/\/x.com\/Chaire_Ecodef","https:\/\/www.linkedin.com\/company\/chaire-ecodef-ihedn\/"]},{"@type":"Person","@id":"https:\/\/ecodef-ihedn.fr\/#\/schema\/person\/1cdf22d028cebe278126a6e07a884d30","name":"Bertrand Demandre","image":{"@type":"ImageObject","inLanguage":"en-GB","@id":"https:\/\/secure.gravatar.com\/avatar\/d9c9746d6c900ab5b9c0f9b1fa3932e369da923da247d624b8f7ab4ba8a3c093?s=96&d=mm&r=g","url":"https:\/\/secure.gravatar.com\/avatar\/d9c9746d6c900ab5b9c0f9b1fa3932e369da923da247d624b8f7ab4ba8a3c093?s=96&d=mm&r=g","contentUrl":"https:\/\/secure.gravatar.com\/avatar\/d9c9746d6c900ab5b9c0f9b1fa3932e369da923da247d624b8f7ab4ba8a3c093?s=96&d=mm&r=g","caption":"Bertrand Demandre"},"url":"https:\/\/ecodef-ihedn.fr\/en\/author\/bertrand\/"}]}},"_links":{"self":[{"href":"https:\/\/ecodef-ihedn.fr\/en\/wp-json\/wp\/v2\/posts\/3293","targetHints":{"allow":["GET"]}}],"collection":[{"href":"https:\/\/ecodef-ihedn.fr\/en\/wp-json\/wp\/v2\/posts"}],"about":[{"href":"https:\/\/ecodef-ihedn.fr\/en\/wp-json\/wp\/v2\/types\/post"}],"author":[{"embeddable":true,"href":"https:\/\/ecodef-ihedn.fr\/en\/wp-json\/wp\/v2\/users\/2"}],"replies":[{"embeddable":true,"href":"https:\/\/ecodef-ihedn.fr\/en\/wp-json\/wp\/v2\/comments?post=3293"}],"version-history":[{"count":5,"href":"https:\/\/ecodef-ihedn.fr\/en\/wp-json\/wp\/v2\/posts\/3293\/revisions"}],"predecessor-version":[{"id":3360,"href":"https:\/\/ecodef-ihedn.fr\/en\/wp-json\/wp\/v2\/posts\/3293\/revisions\/3360"}],"wp:featuredmedia":[{"embeddable":true,"href":"https:\/\/ecodef-ihedn.fr\/en\/wp-json\/wp\/v2\/media\/3382"}],"wp:attachment":[{"href":"https:\/\/ecodef-ihedn.fr\/en\/wp-json\/wp\/v2\/media?parent=3293"}],"wp:term":[{"taxonomy":"category","embeddable":true,"href":"https:\/\/ecodef-ihedn.fr\/en\/wp-json\/wp\/v2\/categories?post=3293"},{"taxonomy":"post_tag","embeddable":true,"href":"https:\/\/ecodef-ihedn.fr\/en\/wp-json\/wp\/v2\/tags?post=3293"}],"curies":[{"name":"wp","href":"https:\/\/api.w.org\/{rel}","templated":true}]}}