{"id":3499,"date":"2021-06-16T10:39:46","date_gmt":"2021-06-16T10:39:46","guid":{"rendered":"https:\/\/ecodef-ihedn.fr\/?p=3499"},"modified":"2021-06-16T10:41:53","modified_gmt":"2021-06-16T10:41:53","slug":"financement-des-armees-intervention-de-julien-malizard-au-colloque-les-lecons-militaires-de-la-guerre-du-golfe","status":"publish","type":"post","link":"https:\/\/ecodef-ihedn.fr\/en\/financement-des-armees-intervention-de-julien-malizard-au-colloque-les-lecons-militaires-de-la-guerre-du-golfe\/","title":{"rendered":"Financing the armed forces: Julien Malizard's contribution to the conference \u00abThe military lessons of the Gulf War\u00bb.\u00bb"},"content":{"rendered":"<p><strong>On Friday 18 June, Julien Malizard will be taking part in a conference entitled \u00abThe military lessons of the Gulf War\u00bb, organised by the Ministry of Defence's Service historique de la d\u00e9fense. Registration is now open.<\/strong><\/p>\n\n\n\n<div class=\"wp-block-image\"><figure class=\"aligncenter size-large\"><img loading=\"lazy\" decoding=\"async\" width=\"390\" height=\"552\" src=\"https:\/\/ecodef-ihedn.fr\/wp-content\/uploads\/2021\/06\/Affiche-7-juin-2021-V3.jpg\" alt=\"\" class=\"wp-image-3500\" srcset=\"https:\/\/ecodef-ihedn.fr\/wp-content\/uploads\/2021\/06\/Affiche-7-juin-2021-V3.jpg 390w, https:\/\/ecodef-ihedn.fr\/wp-content\/uploads\/2021\/06\/Affiche-7-juin-2021-V3-212x300.jpg 212w, https:\/\/ecodef-ihedn.fr\/wp-content\/uploads\/2021\/06\/Affiche-7-juin-2021-V3-297x420.jpg 297w\" sizes=\"auto, (max-width: 390px) 100vw, 390px\" \/><\/figure><\/div>\n\n\n\n<p><strong>Julien Malizard<\/strong>, Deputy Chair, will discuss <strong>this Friday 18 June, from 2.30pm to 4pm,<\/strong> the financing of armies in the aftermath of the Gulf War and the Cold War, as part of an online conference on <strong>\u00abThe military lessons of the Gulf War\u00bb<\/strong>. <\/p>\n\n\n\n<p id=\"block-094be715-d455-4669-98cd-84812163cdaf\">This conference is being organised at the Senate (Palais du Luxembourg) by the <strong>Service historique de la d\u00e9fense<\/strong> (SHD) in partnership with the Direction de l'enseignement militaire sup\u00e9rieur (DEMS), the \u00c9cole de Guerre (EDG), the Centre de doctrine et d'enseignement du commandement (CDEC), the Centre d'\u00e9tudes strat\u00e9giques a\u00e9rospatiales (CESA) and the Centre d'\u00e9tudes strat\u00e9giques de la Marine (CESM). It is under the patronage of General Fran\u00e7ois Lecointre, Chief of Staff of the French Armed Forces, and the patronage of Christian Cambon, Chairman of the Senate Foreign Affairs, Defence and Armed Forces Committee. <\/p>\n\n\n\n<p>Julien Malizard will talk about <strong><a href=\"https:\/\/ecodef-ihedn.fr\/en\/depenses-de-defense-et-de-securite-julien-malizard-j-f-guilhaudis\/\" target=\"_blank\" rel=\"noreferrer noopener\">defence budget issues<\/a> in France from 1991<\/strong>, These include the reversal of the Cold War trend, the strong prevalence of economic issues in budgetary decisions, and the fact that the peace dividend was more limited in France than in the United States and the United Kingdom.<\/p>\n\n\n\n<p class=\"has-text-align-center\"><strong><a href=\"https:\/\/docs.google.com\/forms\/d\/e\/1FAIpQLSdfOMb4qvq4ZPDm2DL3p4_YhkR9vMtP3NqaIT5b1FQfJepaLA\/viewform\" target=\"_blank\" rel=\"noreferrer noopener\">&gt;&gt; registrations &lt;&lt;<\/a><\/strong><\/p>\n\n\n\n<p class=\"has-text-align-center\"><strong><a href=\"https:\/\/www.servicehistorique.sga.defense.gouv.fr\/evenements\/les-lecons-militaires-de-la-guerre-du-golfe\" target=\"_blank\" rel=\"noreferrer noopener\">&gt;&gt; full programme &lt;&lt;<\/a><\/strong><\/p>","protected":false},"excerpt":{"rendered":"<p>Julien Malizard interviendra le vendredi 18 juin dans le colloque \u00ab\u00a0Les le\u00e7ons militaires de la guerre du Golfe\u00a0\u00bb organis\u00e9 par le\u00a0Service historique de la d\u00e9fense\u00a0du minist\u00e8re des Arm\u00e9es. Les inscriptions sont ouvertes. Julien Malizard, titulaire adjoint de la Chaire, discutera ce vendredi 18 juin, de 14 h 30 \u00e0 16 h, du financement des arm\u00e9es [&hellip;]<\/p>\n","protected":false},"author":2,"featured_media":3501,"comment_status":"open","ping_status":"open","sticky":false,"template":"","format":"standard","meta":{"footnotes":""},"categories":[34,356],"tags":[154,450,448,449,447,454,279,376,451,446,438,444,453,141,442,441,38,86,443,445,452],"class_list":{"0":"post-3499","1":"post","2":"type-post","3":"status-publish","4":"format-standard","5":"has-post-thumbnail","7":"category-activites","8":"category-activites-participation-de-la-chaire-a-un-evenement","9":"tag-budget","10":"tag-cdec","11":"tag-centre-detudes-strategiques-aerospatiales","12":"tag-centre-detudes-strategiques-de-la-marine","13":"tag-centre-de-doctrine-et-denseignement-du-commandement","14":"tag-cesa","15":"tag-cesm","16":"tag-colloque","17":"tag-dems","18":"tag-direction-de-lenseignement-militaire-superieur","19":"tag-ecodef","20":"tag-ecole-de-guerre","21":"tag-edg","22":"tag-financement-de-la-defense","23":"tag-financement-des-armees","24":"tag-guerre-du-golfe","25":"tag-ihedn","26":"tag-julien-malizard","27":"tag-senat","28":"tag-service-historique-de-la-defense","29":"tag-shd"},"yoast_head":"<!-- This site is optimized with the Yoast SEO plugin v27.4 - https:\/\/yoast.com\/product\/yoast-seo-wordpress\/ -->\n<title>Financement des arm\u00e9es : Intervention de Julien Malizard au colloque &quot;Les le\u00e7ons militaires de la guerre du Golfe&quot; - Chaire \u00c9conomie de d\u00e9fense - IHEDN<\/title>\n<meta name=\"robots\" content=\"index, follow, max-snippet:-1, max-image-preview:large, max-video-preview:-1\" \/>\n<link rel=\"canonical\" href=\"https:\/\/ecodef-ihedn.fr\/en\/financement-des-armees-intervention-de-julien-malizard-au-colloque-les-lecons-militaires-de-la-guerre-du-golfe\/\" \/>\n<meta property=\"og:locale\" content=\"en_GB\" \/>\n<meta property=\"og:type\" content=\"article\" \/>\n<meta property=\"og:title\" content=\"Financement des arm\u00e9es : Intervention de Julien Malizard au colloque &quot;Les le\u00e7ons militaires de la guerre du Golfe&quot; - Chaire \u00c9conomie de d\u00e9fense - IHEDN\" \/>\n<meta property=\"og:description\" content=\"Julien Malizard interviendra le vendredi 18 juin dans le colloque \u00ab\u00a0Les le\u00e7ons militaires de la guerre du Golfe\u00a0\u00bb organis\u00e9 par le\u00a0Service historique de la d\u00e9fense\u00a0du minist\u00e8re des Arm\u00e9es. Les inscriptions sont ouvertes. Julien Malizard, titulaire adjoint de la Chaire, discutera ce vendredi 18 juin, de 14 h 30 \u00e0 16 h, du financement des arm\u00e9es [&hellip;]\" \/>\n<meta property=\"og:url\" content=\"https:\/\/ecodef-ihedn.fr\/en\/financement-des-armees-intervention-de-julien-malizard-au-colloque-les-lecons-militaires-de-la-guerre-du-golfe\/\" \/>\n<meta property=\"og:site_name\" content=\"Chaire \u00c9conomie de d\u00e9fense - IHEDN\" \/>\n<meta property=\"article:published_time\" content=\"2021-06-16T10:39:46+00:00\" \/>\n<meta property=\"article:modified_time\" content=\"2021-06-16T10:41:53+00:00\" \/>\n<meta property=\"og:image\" content=\"https:\/\/ecodef-ihedn.fr\/wp-content\/uploads\/2021\/06\/Affiche_SHD.jpg\" \/>\n\t<meta property=\"og:image:width\" content=\"2000\" \/>\n\t<meta property=\"og:image:height\" content=\"1600\" \/>\n\t<meta property=\"og:image:type\" content=\"image\/jpeg\" \/>\n<meta name=\"author\" content=\"Bertrand Demandre\" \/>\n<meta name=\"twitter:card\" content=\"summary_large_image\" \/>\n<meta name=\"twitter:creator\" content=\"@Chaire_Ecodef\" \/>\n<meta name=\"twitter:site\" content=\"@Chaire_Ecodef\" \/>\n<meta name=\"twitter:label1\" content=\"Written by\" \/>\n\t<meta name=\"twitter:data1\" content=\"Bertrand Demandre\" \/>\n\t<meta name=\"twitter:label2\" content=\"Estimated reading time\" \/>\n\t<meta name=\"twitter:data2\" content=\"2 minutes\" \/>\n<script type=\"application\/ld+json\" class=\"yoast-schema-graph\">{\"@context\":\"https:\\\/\\\/schema.org\",\"@graph\":[{\"@type\":\"Article\",\"@id\":\"https:\\\/\\\/ecodef-ihedn.fr\\\/financement-des-armees-intervention-de-julien-malizard-au-colloque-les-lecons-militaires-de-la-guerre-du-golfe\\\/#article\",\"isPartOf\":{\"@id\":\"https:\\\/\\\/ecodef-ihedn.fr\\\/financement-des-armees-intervention-de-julien-malizard-au-colloque-les-lecons-militaires-de-la-guerre-du-golfe\\\/\"},\"author\":{\"name\":\"Bertrand Demandre\",\"@id\":\"https:\\\/\\\/ecodef-ihedn.fr\\\/#\\\/schema\\\/person\\\/1cdf22d028cebe278126a6e07a884d30\"},\"headline\":\"Financement des arm\u00e9es : Intervention de Julien Malizard au colloque \u00ab\u00a0Les le\u00e7ons militaires de la guerre du Golfe\u00a0\u00bb\",\"datePublished\":\"2021-06-16T10:39:46+00:00\",\"dateModified\":\"2021-06-16T10:41:53+00:00\",\"mainEntityOfPage\":{\"@id\":\"https:\\\/\\\/ecodef-ihedn.fr\\\/financement-des-armees-intervention-de-julien-malizard-au-colloque-les-lecons-militaires-de-la-guerre-du-golfe\\\/\"},\"wordCount\":303,\"commentCount\":0,\"publisher\":{\"@id\":\"https:\\\/\\\/ecodef-ihedn.fr\\\/#organization\"},\"image\":{\"@id\":\"https:\\\/\\\/ecodef-ihedn.fr\\\/financement-des-armees-intervention-de-julien-malizard-au-colloque-les-lecons-militaires-de-la-guerre-du-golfe\\\/#primaryimage\"},\"thumbnailUrl\":\"https:\\\/\\\/ecodef-ihedn.fr\\\/wp-content\\\/uploads\\\/2021\\\/06\\\/Affiche_SHD.jpg\",\"keywords\":[\"Budget\",\"CDEC\",\"Centre d\u2019\u00e9tudes strat\u00e9giques a\u00e9rospatiales\",\"Centre d\u2019\u00e9tudes strat\u00e9giques de la Marine\",\"Centre de doctrine et d\u2019enseignement du commandement\",\"CESA\",\"CESM\",\"colloque\",\"DEMS\",\"Direction de l\u2019enseignement militaire sup\u00e9rieur\",\"ecodef\",\"Ecole de guerre\",\"EDG\",\"financement de la d\u00e9fense\",\"financement des arm\u00e9es\",\"guerre du golfe\",\"IHEDN\",\"Julien Malizard\",\"S\u00e9nat\",\"Service historique de la d\u00e9fense\",\"SHD\"],\"articleSection\":[\"Activit\u00e9s\",\"Activit\u00e9s : participation de la Chaire \u00e0 un \u00e9v\u00e9nement\"],\"inLanguage\":\"en-GB\",\"potentialAction\":[{\"@type\":\"CommentAction\",\"name\":\"Comment\",\"target\":[\"https:\\\/\\\/ecodef-ihedn.fr\\\/financement-des-armees-intervention-de-julien-malizard-au-colloque-les-lecons-militaires-de-la-guerre-du-golfe\\\/#respond\"]}]},{\"@type\":\"WebPage\",\"@id\":\"https:\\\/\\\/ecodef-ihedn.fr\\\/financement-des-armees-intervention-de-julien-malizard-au-colloque-les-lecons-militaires-de-la-guerre-du-golfe\\\/\",\"url\":\"https:\\\/\\\/ecodef-ihedn.fr\\\/financement-des-armees-intervention-de-julien-malizard-au-colloque-les-lecons-militaires-de-la-guerre-du-golfe\\\/\",\"name\":\"Financement des arm\u00e9es : Intervention de Julien Malizard au colloque \\\"Les le\u00e7ons militaires de la guerre du Golfe\\\" - Chaire \u00c9conomie de d\u00e9fense - IHEDN\",\"isPartOf\":{\"@id\":\"https:\\\/\\\/ecodef-ihedn.fr\\\/#website\"},\"primaryImageOfPage\":{\"@id\":\"https:\\\/\\\/ecodef-ihedn.fr\\\/financement-des-armees-intervention-de-julien-malizard-au-colloque-les-lecons-militaires-de-la-guerre-du-golfe\\\/#primaryimage\"},\"image\":{\"@id\":\"https:\\\/\\\/ecodef-ihedn.fr\\\/financement-des-armees-intervention-de-julien-malizard-au-colloque-les-lecons-militaires-de-la-guerre-du-golfe\\\/#primaryimage\"},\"thumbnailUrl\":\"https:\\\/\\\/ecodef-ihedn.fr\\\/wp-content\\\/uploads\\\/2021\\\/06\\\/Affiche_SHD.jpg\",\"datePublished\":\"2021-06-16T10:39:46+00:00\",\"dateModified\":\"2021-06-16T10:41:53+00:00\",\"breadcrumb\":{\"@id\":\"https:\\\/\\\/ecodef-ihedn.fr\\\/financement-des-armees-intervention-de-julien-malizard-au-colloque-les-lecons-militaires-de-la-guerre-du-golfe\\\/#breadcrumb\"},\"inLanguage\":\"en-GB\",\"potentialAction\":[{\"@type\":\"ReadAction\",\"target\":[\"https:\\\/\\\/ecodef-ihedn.fr\\\/financement-des-armees-intervention-de-julien-malizard-au-colloque-les-lecons-militaires-de-la-guerre-du-golfe\\\/\"]}]},{\"@type\":\"ImageObject\",\"inLanguage\":\"en-GB\",\"@id\":\"https:\\\/\\\/ecodef-ihedn.fr\\\/financement-des-armees-intervention-de-julien-malizard-au-colloque-les-lecons-militaires-de-la-guerre-du-golfe\\\/#primaryimage\",\"url\":\"https:\\\/\\\/ecodef-ihedn.fr\\\/wp-content\\\/uploads\\\/2021\\\/06\\\/Affiche_SHD.jpg\",\"contentUrl\":\"https:\\\/\\\/ecodef-ihedn.fr\\\/wp-content\\\/uploads\\\/2021\\\/06\\\/Affiche_SHD.jpg\",\"width\":2000,\"height\":1600},{\"@type\":\"BreadcrumbList\",\"@id\":\"https:\\\/\\\/ecodef-ihedn.fr\\\/financement-des-armees-intervention-de-julien-malizard-au-colloque-les-lecons-militaires-de-la-guerre-du-golfe\\\/#breadcrumb\",\"itemListElement\":[{\"@type\":\"ListItem\",\"position\":1,\"name\":\"Accueil\",\"item\":\"https:\\\/\\\/ecodef-ihedn.fr\\\/\"},{\"@type\":\"ListItem\",\"position\":2,\"name\":\"Financement des arm\u00e9es : Intervention de Julien Malizard au colloque &#8220;Les le\u00e7ons militaires de la guerre du Golfe&#8221;\"}]},{\"@type\":\"WebSite\",\"@id\":\"https:\\\/\\\/ecodef-ihedn.fr\\\/#website\",\"url\":\"https:\\\/\\\/ecodef-ihedn.fr\\\/\",\"name\":\"Chaire \u00c9conomie de D\u00e9fense - IHEDN\",\"description\":\"Produire &amp; soutenir, f\u00e9d\u00e9rer &amp; diffuser, \u00eatre une interface\",\"publisher\":{\"@id\":\"https:\\\/\\\/ecodef-ihedn.fr\\\/#organization\"},\"potentialAction\":[{\"@type\":\"SearchAction\",\"target\":{\"@type\":\"EntryPoint\",\"urlTemplate\":\"https:\\\/\\\/ecodef-ihedn.fr\\\/?s={search_term_string}\"},\"query-input\":{\"@type\":\"PropertyValueSpecification\",\"valueRequired\":true,\"valueName\":\"search_term_string\"}}],\"inLanguage\":\"en-GB\"},{\"@type\":\"Organization\",\"@id\":\"https:\\\/\\\/ecodef-ihedn.fr\\\/#organization\",\"name\":\"Chaire \u00c9conomie de d\u00e9fense - IHEDN\",\"url\":\"https:\\\/\\\/ecodef-ihedn.fr\\\/\",\"logo\":{\"@type\":\"ImageObject\",\"inLanguage\":\"en-GB\",\"@id\":\"https:\\\/\\\/ecodef-ihedn.fr\\\/#\\\/schema\\\/logo\\\/image\\\/\",\"url\":\"https:\\\/\\\/ecodef-ihedn.fr\\\/wp-content\\\/uploads\\\/2020\\\/04\\\/logoEcodef9.jpg\",\"contentUrl\":\"https:\\\/\\\/ecodef-ihedn.fr\\\/wp-content\\\/uploads\\\/2020\\\/04\\\/logoEcodef9.jpg\",\"width\":410,\"height\":212,\"caption\":\"Chaire \u00c9conomie de d\u00e9fense - IHEDN\"},\"image\":{\"@id\":\"https:\\\/\\\/ecodef-ihedn.fr\\\/#\\\/schema\\\/logo\\\/image\\\/\"},\"sameAs\":[\"https:\\\/\\\/x.com\\\/Chaire_Ecodef\",\"https:\\\/\\\/www.linkedin.com\\\/company\\\/chaire-ecodef-ihedn\\\/\"]},{\"@type\":\"Person\",\"@id\":\"https:\\\/\\\/ecodef-ihedn.fr\\\/#\\\/schema\\\/person\\\/1cdf22d028cebe278126a6e07a884d30\",\"name\":\"Bertrand Demandre\",\"image\":{\"@type\":\"ImageObject\",\"inLanguage\":\"en-GB\",\"@id\":\"https:\\\/\\\/secure.gravatar.com\\\/avatar\\\/d9c9746d6c900ab5b9c0f9b1fa3932e369da923da247d624b8f7ab4ba8a3c093?s=96&d=mm&r=g\",\"url\":\"https:\\\/\\\/secure.gravatar.com\\\/avatar\\\/d9c9746d6c900ab5b9c0f9b1fa3932e369da923da247d624b8f7ab4ba8a3c093?s=96&d=mm&r=g\",\"contentUrl\":\"https:\\\/\\\/secure.gravatar.com\\\/avatar\\\/d9c9746d6c900ab5b9c0f9b1fa3932e369da923da247d624b8f7ab4ba8a3c093?s=96&d=mm&r=g\",\"caption\":\"Bertrand Demandre\"},\"url\":\"https:\\\/\\\/ecodef-ihedn.fr\\\/en\\\/author\\\/bertrand\\\/\"}]}<\/script>\n<!-- \/ Yoast SEO plugin. -->","yoast_head_json":{"title":"Financement des arm\u00e9es : Intervention de Julien Malizard au colloque \"Les le\u00e7ons militaires de la guerre du Golfe\" - Chaire \u00c9conomie de d\u00e9fense - IHEDN","robots":{"index":"index","follow":"follow","max-snippet":"max-snippet:-1","max-image-preview":"max-image-preview:large","max-video-preview":"max-video-preview:-1"},"canonical":"https:\/\/ecodef-ihedn.fr\/en\/financement-des-armees-intervention-de-julien-malizard-au-colloque-les-lecons-militaires-de-la-guerre-du-golfe\/","og_locale":"en_GB","og_type":"article","og_title":"Financement des arm\u00e9es : Intervention de Julien Malizard au colloque \"Les le\u00e7ons militaires de la guerre du Golfe\" - Chaire \u00c9conomie de d\u00e9fense - IHEDN","og_description":"Julien Malizard interviendra le vendredi 18 juin dans le colloque \u00ab\u00a0Les le\u00e7ons militaires de la guerre du Golfe\u00a0\u00bb organis\u00e9 par le\u00a0Service historique de la d\u00e9fense\u00a0du minist\u00e8re des Arm\u00e9es. Les inscriptions sont ouvertes. Julien Malizard, titulaire adjoint de la Chaire, discutera ce vendredi 18 juin, de 14 h 30 \u00e0 16 h, du financement des arm\u00e9es [&hellip;]","og_url":"https:\/\/ecodef-ihedn.fr\/en\/financement-des-armees-intervention-de-julien-malizard-au-colloque-les-lecons-militaires-de-la-guerre-du-golfe\/","og_site_name":"Chaire \u00c9conomie de d\u00e9fense - IHEDN","article_published_time":"2021-06-16T10:39:46+00:00","article_modified_time":"2021-06-16T10:41:53+00:00","og_image":[{"width":2000,"height":1600,"url":"https:\/\/ecodef-ihedn.fr\/wp-content\/uploads\/2021\/06\/Affiche_SHD.jpg","type":"image\/jpeg"}],"author":"Bertrand Demandre","twitter_card":"summary_large_image","twitter_creator":"@Chaire_Ecodef","twitter_site":"@Chaire_Ecodef","twitter_misc":{"Written by":"Bertrand Demandre","Estimated reading time":"2 minutes"},"schema":{"@context":"https:\/\/schema.org","@graph":[{"@type":"Article","@id":"https:\/\/ecodef-ihedn.fr\/financement-des-armees-intervention-de-julien-malizard-au-colloque-les-lecons-militaires-de-la-guerre-du-golfe\/#article","isPartOf":{"@id":"https:\/\/ecodef-ihedn.fr\/financement-des-armees-intervention-de-julien-malizard-au-colloque-les-lecons-militaires-de-la-guerre-du-golfe\/"},"author":{"name":"Bertrand Demandre","@id":"https:\/\/ecodef-ihedn.fr\/#\/schema\/person\/1cdf22d028cebe278126a6e07a884d30"},"headline":"Financement des arm\u00e9es : Intervention de Julien Malizard au colloque \u00ab\u00a0Les le\u00e7ons militaires de la guerre du Golfe\u00a0\u00bb","datePublished":"2021-06-16T10:39:46+00:00","dateModified":"2021-06-16T10:41:53+00:00","mainEntityOfPage":{"@id":"https:\/\/ecodef-ihedn.fr\/financement-des-armees-intervention-de-julien-malizard-au-colloque-les-lecons-militaires-de-la-guerre-du-golfe\/"},"wordCount":303,"commentCount":0,"publisher":{"@id":"https:\/\/ecodef-ihedn.fr\/#organization"},"image":{"@id":"https:\/\/ecodef-ihedn.fr\/financement-des-armees-intervention-de-julien-malizard-au-colloque-les-lecons-militaires-de-la-guerre-du-golfe\/#primaryimage"},"thumbnailUrl":"https:\/\/ecodef-ihedn.fr\/wp-content\/uploads\/2021\/06\/Affiche_SHD.jpg","keywords":["Budget","CDEC","Centre d\u2019\u00e9tudes strat\u00e9giques a\u00e9rospatiales","Centre d\u2019\u00e9tudes strat\u00e9giques de la Marine","Centre de doctrine et d\u2019enseignement du commandement","CESA","CESM","colloque","DEMS","Direction de l\u2019enseignement militaire sup\u00e9rieur","ecodef","Ecole de guerre","EDG","financement de la d\u00e9fense","financement des arm\u00e9es","guerre du golfe","IHEDN","Julien Malizard","S\u00e9nat","Service historique de la d\u00e9fense","SHD"],"articleSection":["Activit\u00e9s","Activit\u00e9s : participation de la Chaire \u00e0 un \u00e9v\u00e9nement"],"inLanguage":"en-GB","potentialAction":[{"@type":"CommentAction","name":"Comment","target":["https:\/\/ecodef-ihedn.fr\/financement-des-armees-intervention-de-julien-malizard-au-colloque-les-lecons-militaires-de-la-guerre-du-golfe\/#respond"]}]},{"@type":"WebPage","@id":"https:\/\/ecodef-ihedn.fr\/financement-des-armees-intervention-de-julien-malizard-au-colloque-les-lecons-militaires-de-la-guerre-du-golfe\/","url":"https:\/\/ecodef-ihedn.fr\/financement-des-armees-intervention-de-julien-malizard-au-colloque-les-lecons-militaires-de-la-guerre-du-golfe\/","name":"Financement des arm\u00e9es : Intervention de Julien Malizard au colloque \"Les le\u00e7ons militaires de la guerre du Golfe\" - Chaire \u00c9conomie de d\u00e9fense - IHEDN","isPartOf":{"@id":"https:\/\/ecodef-ihedn.fr\/#website"},"primaryImageOfPage":{"@id":"https:\/\/ecodef-ihedn.fr\/financement-des-armees-intervention-de-julien-malizard-au-colloque-les-lecons-militaires-de-la-guerre-du-golfe\/#primaryimage"},"image":{"@id":"https:\/\/ecodef-ihedn.fr\/financement-des-armees-intervention-de-julien-malizard-au-colloque-les-lecons-militaires-de-la-guerre-du-golfe\/#primaryimage"},"thumbnailUrl":"https:\/\/ecodef-ihedn.fr\/wp-content\/uploads\/2021\/06\/Affiche_SHD.jpg","datePublished":"2021-06-16T10:39:46+00:00","dateModified":"2021-06-16T10:41:53+00:00","breadcrumb":{"@id":"https:\/\/ecodef-ihedn.fr\/financement-des-armees-intervention-de-julien-malizard-au-colloque-les-lecons-militaires-de-la-guerre-du-golfe\/#breadcrumb"},"inLanguage":"en-GB","potentialAction":[{"@type":"ReadAction","target":["https:\/\/ecodef-ihedn.fr\/financement-des-armees-intervention-de-julien-malizard-au-colloque-les-lecons-militaires-de-la-guerre-du-golfe\/"]}]},{"@type":"ImageObject","inLanguage":"en-GB","@id":"https:\/\/ecodef-ihedn.fr\/financement-des-armees-intervention-de-julien-malizard-au-colloque-les-lecons-militaires-de-la-guerre-du-golfe\/#primaryimage","url":"https:\/\/ecodef-ihedn.fr\/wp-content\/uploads\/2021\/06\/Affiche_SHD.jpg","contentUrl":"https:\/\/ecodef-ihedn.fr\/wp-content\/uploads\/2021\/06\/Affiche_SHD.jpg","width":2000,"height":1600},{"@type":"BreadcrumbList","@id":"https:\/\/ecodef-ihedn.fr\/financement-des-armees-intervention-de-julien-malizard-au-colloque-les-lecons-militaires-de-la-guerre-du-golfe\/#breadcrumb","itemListElement":[{"@type":"ListItem","position":1,"name":"Accueil","item":"https:\/\/ecodef-ihedn.fr\/"},{"@type":"ListItem","position":2,"name":"Financement des arm\u00e9es : Intervention de Julien Malizard au colloque &#8220;Les le\u00e7ons militaires de la guerre du Golfe&#8221;"}]},{"@type":"WebSite","@id":"https:\/\/ecodef-ihedn.fr\/#website","url":"https:\/\/ecodef-ihedn.fr\/","name":"Chair in Defence Economics - IHEDN","description":"Produce &amp; support, federate &amp; disseminate, act as an interface","publisher":{"@id":"https:\/\/ecodef-ihedn.fr\/#organization"},"potentialAction":[{"@type":"SearchAction","target":{"@type":"EntryPoint","urlTemplate":"https:\/\/ecodef-ihedn.fr\/?s={search_term_string}"},"query-input":{"@type":"PropertyValueSpecification","valueRequired":true,"valueName":"search_term_string"}}],"inLanguage":"en-GB"},{"@type":"Organization","@id":"https:\/\/ecodef-ihedn.fr\/#organization","name":"Chair in Defence Economics - IHEDN","url":"https:\/\/ecodef-ihedn.fr\/","logo":{"@type":"ImageObject","inLanguage":"en-GB","@id":"https:\/\/ecodef-ihedn.fr\/#\/schema\/logo\/image\/","url":"https:\/\/ecodef-ihedn.fr\/wp-content\/uploads\/2020\/04\/logoEcodef9.jpg","contentUrl":"https:\/\/ecodef-ihedn.fr\/wp-content\/uploads\/2020\/04\/logoEcodef9.jpg","width":410,"height":212,"caption":"Chaire \u00c9conomie de d\u00e9fense - IHEDN"},"image":{"@id":"https:\/\/ecodef-ihedn.fr\/#\/schema\/logo\/image\/"},"sameAs":["https:\/\/x.com\/Chaire_Ecodef","https:\/\/www.linkedin.com\/company\/chaire-ecodef-ihedn\/"]},{"@type":"Person","@id":"https:\/\/ecodef-ihedn.fr\/#\/schema\/person\/1cdf22d028cebe278126a6e07a884d30","name":"Bertrand Demandre","image":{"@type":"ImageObject","inLanguage":"en-GB","@id":"https:\/\/secure.gravatar.com\/avatar\/d9c9746d6c900ab5b9c0f9b1fa3932e369da923da247d624b8f7ab4ba8a3c093?s=96&d=mm&r=g","url":"https:\/\/secure.gravatar.com\/avatar\/d9c9746d6c900ab5b9c0f9b1fa3932e369da923da247d624b8f7ab4ba8a3c093?s=96&d=mm&r=g","contentUrl":"https:\/\/secure.gravatar.com\/avatar\/d9c9746d6c900ab5b9c0f9b1fa3932e369da923da247d624b8f7ab4ba8a3c093?s=96&d=mm&r=g","caption":"Bertrand Demandre"},"url":"https:\/\/ecodef-ihedn.fr\/en\/author\/bertrand\/"}]}},"_links":{"self":[{"href":"https:\/\/ecodef-ihedn.fr\/en\/wp-json\/wp\/v2\/posts\/3499","targetHints":{"allow":["GET"]}}],"collection":[{"href":"https:\/\/ecodef-ihedn.fr\/en\/wp-json\/wp\/v2\/posts"}],"about":[{"href":"https:\/\/ecodef-ihedn.fr\/en\/wp-json\/wp\/v2\/types\/post"}],"author":[{"embeddable":true,"href":"https:\/\/ecodef-ihedn.fr\/en\/wp-json\/wp\/v2\/users\/2"}],"replies":[{"embeddable":true,"href":"https:\/\/ecodef-ihedn.fr\/en\/wp-json\/wp\/v2\/comments?post=3499"}],"version-history":[{"count":2,"href":"https:\/\/ecodef-ihedn.fr\/en\/wp-json\/wp\/v2\/posts\/3499\/revisions"}],"predecessor-version":[{"id":3506,"href":"https:\/\/ecodef-ihedn.fr\/en\/wp-json\/wp\/v2\/posts\/3499\/revisions\/3506"}],"wp:featuredmedia":[{"embeddable":true,"href":"https:\/\/ecodef-ihedn.fr\/en\/wp-json\/wp\/v2\/media\/3501"}],"wp:attachment":[{"href":"https:\/\/ecodef-ihedn.fr\/en\/wp-json\/wp\/v2\/media?parent=3499"}],"wp:term":[{"taxonomy":"category","embeddable":true,"href":"https:\/\/ecodef-ihedn.fr\/en\/wp-json\/wp\/v2\/categories?post=3499"},{"taxonomy":"post_tag","embeddable":true,"href":"https:\/\/ecodef-ihedn.fr\/en\/wp-json\/wp\/v2\/tags?post=3499"}],"curies":[{"name":"wp","href":"https:\/\/api.w.org\/{rel}","templated":true}]}}