{"id":3600,"date":"2021-07-09T10:49:04","date_gmt":"2021-07-09T10:49:04","guid":{"rendered":"https:\/\/ecodef-ihedn.fr\/?p=3600"},"modified":"2023-04-03T10:46:43","modified_gmt":"2023-04-03T10:46:43","slug":"video-webinaire-investissements-de-defense-quelle-contribution-face-aux-enjeux-economiques-actuels-les-entretiens-de-lecodef-7-juillet-2021","status":"publish","type":"post","link":"https:\/\/ecodef-ihedn.fr\/en\/video-webinaire-investissements-de-defense-quelle-contribution-face-aux-enjeux-economiques-actuels-les-entretiens-de-lecodef-7-juillet-2021\/","title":{"rendered":"[VID\u00c9O] webinaire \u00ab\u00a0Investissements de d\u00e9fense : quelle contribution face aux enjeux \u00e9conomiques actuels ?\u00a0\u00bb (Les entretiens de l&rsquo;ECODEF #1 \/ 7 juillet 2021)"},"content":{"rendered":"<p><strong>Watch all the Chair's videos on its website <a href=\"https:\/\/www.youtube.com\/channel\/UC_dKcdKpWM-Cfk7gujhqXtA\/featured\" target=\"_blank\" rel=\"noreferrer noopener\">YouTube channel<\/a>.<\/strong><\/p>\n\n\n\n<figure class=\"wp-block-image size-large\"><img loading=\"lazy\" decoding=\"async\" width=\"1024\" height=\"683\" src=\"https:\/\/ecodef-ihedn.fr\/wp-content\/uploads\/2021\/09\/image_2021-07-09_113936-1024x683.png\" alt=\"\" class=\"wp-image-3815\" srcset=\"https:\/\/ecodef-ihedn.fr\/wp-content\/uploads\/2021\/09\/image_2021-07-09_113936-1024x683.png 1024w, https:\/\/ecodef-ihedn.fr\/wp-content\/uploads\/2021\/09\/image_2021-07-09_113936-300x200.png 300w, https:\/\/ecodef-ihedn.fr\/wp-content\/uploads\/2021\/09\/image_2021-07-09_113936-768x512.png 768w, https:\/\/ecodef-ihedn.fr\/wp-content\/uploads\/2021\/09\/image_2021-07-09_113936-696x464.png 696w, https:\/\/ecodef-ihedn.fr\/wp-content\/uploads\/2021\/09\/image_2021-07-09_113936-1068x712.png 1068w, https:\/\/ecodef-ihedn.fr\/wp-content\/uploads\/2021\/09\/image_2021-07-09_113936-630x420.png 630w, https:\/\/ecodef-ihedn.fr\/wp-content\/uploads\/2021\/09\/image_2021-07-09_113936-1260x840.png 1260w, https:\/\/ecodef-ihedn.fr\/wp-content\/uploads\/2021\/09\/image_2021-07-09_113936.png 1350w\" sizes=\"auto, (max-width: 1024px) 100vw, 1024px\" \/><figcaption>Olivier Martin and Julien Malizard  <\/figcaption><\/figure>\n\n\n\n<p>In order to give its audiences a better understanding of the economic challenges of defence activities, the Chair offers<strong>&nbsp;\u00abThe ECODEF talks\u00bb<\/strong>, The Group is organising a series of webinars in which the results of its researchers' work are presented in the form of interviews.&nbsp;<\/p>\n\n\n\n<p>The first issue took place on <a href=\"https:\/\/ecodef-ihedn.fr\/en\/les-entretiens-de-lecodef-la-chaire-lance-sa-serie-de-webinaires-le-7-juillet-2021-avec-le-theme-de-linvestissement-de-defense\/\" target=\"_blank\" rel=\"noreferrer noopener\"><strong>Wednesday 7 July, 8.30am to 9.30am<\/strong><\/a> with the aim of answering the question :&nbsp;<\/p>\n\n\n\n<p>&nbsp;<strong><em>Defence investment: what contribution can it make to meet current economic challenges?<\/em><\/strong>&nbsp;<\/p>\n\n\n\n<p>Given the major economic challenges currently facing our country, such as restoring economic and industrial sovereignty and reducing budget and trade deficits, this webinar will help you to understand and appreciate <a href=\"https:\/\/ecodef-ihedn.fr\/en\/economie-de-defense-problematiques-contemporaines-retrouvez-les-contributions-de-julien-malizard-et-josselin-droff-dans-le-numero-dete-de-la-rdn\/\" target=\"_blank\" rel=\"noreferrer noopener\">the contribution of defence investment to meeting these challenges<\/a>.<\/p>\n\n\n\n<p><strong>Discussants:<\/strong><\/p>\n\n\n\n<ul class=\"wp-block-list\"><li>Julien Malizard (Deputy holder of the Economics of Defence Chair - IHEDN)<\/li><li>Olivier Martin (Chairman of the Steering Committee of the Defence Economics Chair - IHEDN)<\/li><\/ul>\n\n\n\n<div class=\"wp-block-buttons is-horizontal is-content-justification-center is-layout-flex wp-container-core-buttons-is-layout-499968f5 wp-block-buttons-is-layout-flex\">\n<div class=\"wp-block-button\"><a class=\"wp-block-button__link\" href=\"https:\/\/www.youtube.com\/watch?v=bA78ynFspfI\" target=\"_blank\" rel=\"noreferrer noopener\">Watch or replay the webinar<\/a><\/div>\n<\/div>\n\n\n\n<p><\/p>","protected":false},"excerpt":{"rendered":"<p>Retrouvez l\u2019int\u00e9gralit\u00e9 des vid\u00e9os de la Chaire sur sa cha\u00eene YouTube. Afin de permettre \u00e0 son public de mieux appr\u00e9hender les enjeux \u00e9conomiques des activit\u00e9s de d\u00e9fense, la Chaire propose&nbsp;\u00ab\u00a0Les entretiens de l&rsquo;ECODEF\u00a0\u00bb, une s\u00e9rie de webinaires au cours desquels les r\u00e9sultats des travaux de ses chercheurs sont pr\u00e9sent\u00e9s sous forme d&rsquo;entretiens.&nbsp; Le premier num\u00e9ro [&hellip;]<\/p>\n","protected":false},"author":2,"featured_media":3815,"comment_status":"open","ping_status":"open","sticky":false,"template":"","format":"standard","meta":{"footnotes":""},"categories":[34,355],"tags":[162,458,438,47,329,38,437,86,456,417,314,455],"class_list":{"0":"post-3600","1":"post","2":"type-post","3":"status-publish","4":"format-standard","5":"has-post-thumbnail","7":"category-activites","8":"category-activites-evenements-portes-par-la-chaire","9":"tag-chaire-economie-de-defense","10":"tag-eco","11":"tag-ecodef","12":"tag-economie-de-defense","13":"tag-enjeux-economiques","14":"tag-ihedn","15":"tag-investissements-de-defense","16":"tag-julien-malizard","17":"tag-les-entretiens-de-lecodef","18":"tag-olivier-martin","19":"tag-souverainete","20":"tag-webinaire"},"yoast_head":"<!-- This site is optimized with the Yoast SEO plugin v27.4 - https:\/\/yoast.com\/product\/yoast-seo-wordpress\/ -->\n<title>[VID\u00c9O] webinaire &quot;Investissements de d\u00e9fense : quelle contribution face aux enjeux \u00e9conomiques actuels ?&quot; (Les entretiens de l&#039;ECODEF #1 \/ 7 juillet 2021) - Chaire \u00c9conomie de d\u00e9fense - IHEDN<\/title>\n<meta name=\"robots\" content=\"index, follow, max-snippet:-1, max-image-preview:large, max-video-preview:-1\" \/>\n<link rel=\"canonical\" href=\"https:\/\/ecodef-ihedn.fr\/en\/video-webinaire-investissements-de-defense-quelle-contribution-face-aux-enjeux-economiques-actuels-les-entretiens-de-lecodef-7-juillet-2021\/\" \/>\n<meta property=\"og:locale\" content=\"en_GB\" \/>\n<meta property=\"og:type\" content=\"article\" \/>\n<meta property=\"og:title\" content=\"[VID\u00c9O] webinaire &quot;Investissements de d\u00e9fense : quelle contribution face aux enjeux \u00e9conomiques actuels ?&quot; (Les entretiens de l&#039;ECODEF #1 \/ 7 juillet 2021) - Chaire \u00c9conomie de d\u00e9fense - IHEDN\" \/>\n<meta property=\"og:description\" content=\"Retrouvez l\u2019int\u00e9gralit\u00e9 des vid\u00e9os de la Chaire sur sa cha\u00eene YouTube. Afin de permettre \u00e0 son public de mieux appr\u00e9hender les enjeux \u00e9conomiques des activit\u00e9s de d\u00e9fense, la Chaire propose&nbsp;\u00ab\u00a0Les entretiens de l&rsquo;ECODEF\u00a0\u00bb, une s\u00e9rie de webinaires au cours desquels les r\u00e9sultats des travaux de ses chercheurs sont pr\u00e9sent\u00e9s sous forme d&rsquo;entretiens.&nbsp; Le premier num\u00e9ro [&hellip;]\" \/>\n<meta property=\"og:url\" content=\"https:\/\/ecodef-ihedn.fr\/en\/video-webinaire-investissements-de-defense-quelle-contribution-face-aux-enjeux-economiques-actuels-les-entretiens-de-lecodef-7-juillet-2021\/\" \/>\n<meta property=\"og:site_name\" content=\"Chaire \u00c9conomie de d\u00e9fense - IHEDN\" \/>\n<meta property=\"article:published_time\" content=\"2021-07-09T10:49:04+00:00\" \/>\n<meta property=\"article:modified_time\" content=\"2023-04-03T10:46:43+00:00\" \/>\n<meta property=\"og:image\" content=\"https:\/\/ecodef-ihedn.fr\/wp-content\/uploads\/2021\/09\/image_2021-07-09_113936.png\" \/>\n\t<meta property=\"og:image:width\" content=\"1350\" \/>\n\t<meta property=\"og:image:height\" content=\"900\" \/>\n\t<meta property=\"og:image:type\" content=\"image\/png\" \/>\n<meta name=\"author\" content=\"Bertrand Demandre\" \/>\n<meta name=\"twitter:card\" content=\"summary_large_image\" \/>\n<meta name=\"twitter:creator\" content=\"@Chaire_Ecodef\" \/>\n<meta name=\"twitter:site\" content=\"@Chaire_Ecodef\" \/>\n<meta name=\"twitter:label1\" content=\"Written by\" \/>\n\t<meta name=\"twitter:data1\" content=\"Bertrand Demandre\" \/>\n\t<meta name=\"twitter:label2\" content=\"Estimated reading time\" \/>\n\t<meta name=\"twitter:data2\" content=\"2 minutes\" \/>\n<script type=\"application\/ld+json\" class=\"yoast-schema-graph\">{\"@context\":\"https:\\\/\\\/schema.org\",\"@graph\":[{\"@type\":\"Article\",\"@id\":\"https:\\\/\\\/ecodef-ihedn.fr\\\/video-webinaire-investissements-de-defense-quelle-contribution-face-aux-enjeux-economiques-actuels-les-entretiens-de-lecodef-7-juillet-2021\\\/#article\",\"isPartOf\":{\"@id\":\"https:\\\/\\\/ecodef-ihedn.fr\\\/video-webinaire-investissements-de-defense-quelle-contribution-face-aux-enjeux-economiques-actuels-les-entretiens-de-lecodef-7-juillet-2021\\\/\"},\"author\":{\"name\":\"Bertrand Demandre\",\"@id\":\"https:\\\/\\\/ecodef-ihedn.fr\\\/#\\\/schema\\\/person\\\/1cdf22d028cebe278126a6e07a884d30\"},\"headline\":\"[VID\u00c9O] webinaire \u00ab\u00a0Investissements de d\u00e9fense : quelle contribution face aux enjeux \u00e9conomiques actuels ?\u00a0\u00bb (Les entretiens de l&rsquo;ECODEF #1 \\\/ 7 juillet 2021)\",\"datePublished\":\"2021-07-09T10:49:04+00:00\",\"dateModified\":\"2023-04-03T10:46:43+00:00\",\"mainEntityOfPage\":{\"@id\":\"https:\\\/\\\/ecodef-ihedn.fr\\\/video-webinaire-investissements-de-defense-quelle-contribution-face-aux-enjeux-economiques-actuels-les-entretiens-de-lecodef-7-juillet-2021\\\/\"},\"wordCount\":217,\"commentCount\":5,\"publisher\":{\"@id\":\"https:\\\/\\\/ecodef-ihedn.fr\\\/#organization\"},\"image\":{\"@id\":\"https:\\\/\\\/ecodef-ihedn.fr\\\/video-webinaire-investissements-de-defense-quelle-contribution-face-aux-enjeux-economiques-actuels-les-entretiens-de-lecodef-7-juillet-2021\\\/#primaryimage\"},\"thumbnailUrl\":\"https:\\\/\\\/ecodef-ihedn.fr\\\/wp-content\\\/uploads\\\/2021\\\/09\\\/image_2021-07-09_113936.png\",\"keywords\":[\"chaire \u00e9conomie de d\u00e9fense\",\"eco\",\"ecodef\",\"\u00e9conomie de d\u00e9fense\",\"enjeux \u00e9conomiques\",\"IHEDN\",\"investissements de d\u00e9fense\",\"Julien Malizard\",\"les entretiens de l'ecodef\",\"Olivier Martin\",\"souverainet\u00e9\",\"webinaire\"],\"articleSection\":[\"Activit\u00e9s\",\"Activit\u00e9s : \u00e9v\u00e9nements port\u00e9s par la Chaire\"],\"inLanguage\":\"en-GB\",\"potentialAction\":[{\"@type\":\"CommentAction\",\"name\":\"Comment\",\"target\":[\"https:\\\/\\\/ecodef-ihedn.fr\\\/video-webinaire-investissements-de-defense-quelle-contribution-face-aux-enjeux-economiques-actuels-les-entretiens-de-lecodef-7-juillet-2021\\\/#respond\"]}]},{\"@type\":\"WebPage\",\"@id\":\"https:\\\/\\\/ecodef-ihedn.fr\\\/video-webinaire-investissements-de-defense-quelle-contribution-face-aux-enjeux-economiques-actuels-les-entretiens-de-lecodef-7-juillet-2021\\\/\",\"url\":\"https:\\\/\\\/ecodef-ihedn.fr\\\/video-webinaire-investissements-de-defense-quelle-contribution-face-aux-enjeux-economiques-actuels-les-entretiens-de-lecodef-7-juillet-2021\\\/\",\"name\":\"[VID\u00c9O] webinaire \\\"Investissements de d\u00e9fense : quelle contribution face aux enjeux \u00e9conomiques actuels ?\\\" (Les entretiens de l'ECODEF #1 \\\/ 7 juillet 2021) - Chaire \u00c9conomie de d\u00e9fense - IHEDN\",\"isPartOf\":{\"@id\":\"https:\\\/\\\/ecodef-ihedn.fr\\\/#website\"},\"primaryImageOfPage\":{\"@id\":\"https:\\\/\\\/ecodef-ihedn.fr\\\/video-webinaire-investissements-de-defense-quelle-contribution-face-aux-enjeux-economiques-actuels-les-entretiens-de-lecodef-7-juillet-2021\\\/#primaryimage\"},\"image\":{\"@id\":\"https:\\\/\\\/ecodef-ihedn.fr\\\/video-webinaire-investissements-de-defense-quelle-contribution-face-aux-enjeux-economiques-actuels-les-entretiens-de-lecodef-7-juillet-2021\\\/#primaryimage\"},\"thumbnailUrl\":\"https:\\\/\\\/ecodef-ihedn.fr\\\/wp-content\\\/uploads\\\/2021\\\/09\\\/image_2021-07-09_113936.png\",\"datePublished\":\"2021-07-09T10:49:04+00:00\",\"dateModified\":\"2023-04-03T10:46:43+00:00\",\"breadcrumb\":{\"@id\":\"https:\\\/\\\/ecodef-ihedn.fr\\\/video-webinaire-investissements-de-defense-quelle-contribution-face-aux-enjeux-economiques-actuels-les-entretiens-de-lecodef-7-juillet-2021\\\/#breadcrumb\"},\"inLanguage\":\"en-GB\",\"potentialAction\":[{\"@type\":\"ReadAction\",\"target\":[\"https:\\\/\\\/ecodef-ihedn.fr\\\/video-webinaire-investissements-de-defense-quelle-contribution-face-aux-enjeux-economiques-actuels-les-entretiens-de-lecodef-7-juillet-2021\\\/\"]}]},{\"@type\":\"ImageObject\",\"inLanguage\":\"en-GB\",\"@id\":\"https:\\\/\\\/ecodef-ihedn.fr\\\/video-webinaire-investissements-de-defense-quelle-contribution-face-aux-enjeux-economiques-actuels-les-entretiens-de-lecodef-7-juillet-2021\\\/#primaryimage\",\"url\":\"https:\\\/\\\/ecodef-ihedn.fr\\\/wp-content\\\/uploads\\\/2021\\\/09\\\/image_2021-07-09_113936.png\",\"contentUrl\":\"https:\\\/\\\/ecodef-ihedn.fr\\\/wp-content\\\/uploads\\\/2021\\\/09\\\/image_2021-07-09_113936.png\",\"width\":1350,\"height\":900},{\"@type\":\"BreadcrumbList\",\"@id\":\"https:\\\/\\\/ecodef-ihedn.fr\\\/video-webinaire-investissements-de-defense-quelle-contribution-face-aux-enjeux-economiques-actuels-les-entretiens-de-lecodef-7-juillet-2021\\\/#breadcrumb\",\"itemListElement\":[{\"@type\":\"ListItem\",\"position\":1,\"name\":\"Accueil\",\"item\":\"https:\\\/\\\/ecodef-ihedn.fr\\\/\"},{\"@type\":\"ListItem\",\"position\":2,\"name\":\"[VID\u00c9O] webinaire &#8220;Investissements de d\u00e9fense : quelle contribution face aux enjeux \u00e9conomiques actuels ?&#8221; (Les entretiens de l&#8217;ECODEF #1 \\\/ 7 juillet 2021)\"}]},{\"@type\":\"WebSite\",\"@id\":\"https:\\\/\\\/ecodef-ihedn.fr\\\/#website\",\"url\":\"https:\\\/\\\/ecodef-ihedn.fr\\\/\",\"name\":\"Chaire \u00c9conomie de D\u00e9fense - IHEDN\",\"description\":\"Produire &amp; soutenir, f\u00e9d\u00e9rer &amp; diffuser, \u00eatre une interface\",\"publisher\":{\"@id\":\"https:\\\/\\\/ecodef-ihedn.fr\\\/#organization\"},\"potentialAction\":[{\"@type\":\"SearchAction\",\"target\":{\"@type\":\"EntryPoint\",\"urlTemplate\":\"https:\\\/\\\/ecodef-ihedn.fr\\\/?s={search_term_string}\"},\"query-input\":{\"@type\":\"PropertyValueSpecification\",\"valueRequired\":true,\"valueName\":\"search_term_string\"}}],\"inLanguage\":\"en-GB\"},{\"@type\":\"Organization\",\"@id\":\"https:\\\/\\\/ecodef-ihedn.fr\\\/#organization\",\"name\":\"Chaire \u00c9conomie de d\u00e9fense - IHEDN\",\"url\":\"https:\\\/\\\/ecodef-ihedn.fr\\\/\",\"logo\":{\"@type\":\"ImageObject\",\"inLanguage\":\"en-GB\",\"@id\":\"https:\\\/\\\/ecodef-ihedn.fr\\\/#\\\/schema\\\/logo\\\/image\\\/\",\"url\":\"https:\\\/\\\/ecodef-ihedn.fr\\\/wp-content\\\/uploads\\\/2020\\\/04\\\/logoEcodef9.jpg\",\"contentUrl\":\"https:\\\/\\\/ecodef-ihedn.fr\\\/wp-content\\\/uploads\\\/2020\\\/04\\\/logoEcodef9.jpg\",\"width\":410,\"height\":212,\"caption\":\"Chaire \u00c9conomie de d\u00e9fense - IHEDN\"},\"image\":{\"@id\":\"https:\\\/\\\/ecodef-ihedn.fr\\\/#\\\/schema\\\/logo\\\/image\\\/\"},\"sameAs\":[\"https:\\\/\\\/x.com\\\/Chaire_Ecodef\",\"https:\\\/\\\/www.linkedin.com\\\/company\\\/chaire-ecodef-ihedn\\\/\"]},{\"@type\":\"Person\",\"@id\":\"https:\\\/\\\/ecodef-ihedn.fr\\\/#\\\/schema\\\/person\\\/1cdf22d028cebe278126a6e07a884d30\",\"name\":\"Bertrand Demandre\",\"image\":{\"@type\":\"ImageObject\",\"inLanguage\":\"en-GB\",\"@id\":\"https:\\\/\\\/secure.gravatar.com\\\/avatar\\\/d9c9746d6c900ab5b9c0f9b1fa3932e369da923da247d624b8f7ab4ba8a3c093?s=96&d=mm&r=g\",\"url\":\"https:\\\/\\\/secure.gravatar.com\\\/avatar\\\/d9c9746d6c900ab5b9c0f9b1fa3932e369da923da247d624b8f7ab4ba8a3c093?s=96&d=mm&r=g\",\"contentUrl\":\"https:\\\/\\\/secure.gravatar.com\\\/avatar\\\/d9c9746d6c900ab5b9c0f9b1fa3932e369da923da247d624b8f7ab4ba8a3c093?s=96&d=mm&r=g\",\"caption\":\"Bertrand Demandre\"},\"url\":\"https:\\\/\\\/ecodef-ihedn.fr\\\/en\\\/author\\\/bertrand\\\/\"}]}<\/script>\n<!-- \/ Yoast SEO plugin. -->","yoast_head_json":{"title":"[VID\u00c9O] webinaire \"Investissements de d\u00e9fense : quelle contribution face aux enjeux \u00e9conomiques actuels ?\" (Les entretiens de l'ECODEF #1 \/ 7 juillet 2021) - Chaire \u00c9conomie de d\u00e9fense - IHEDN","robots":{"index":"index","follow":"follow","max-snippet":"max-snippet:-1","max-image-preview":"max-image-preview:large","max-video-preview":"max-video-preview:-1"},"canonical":"https:\/\/ecodef-ihedn.fr\/en\/video-webinaire-investissements-de-defense-quelle-contribution-face-aux-enjeux-economiques-actuels-les-entretiens-de-lecodef-7-juillet-2021\/","og_locale":"en_GB","og_type":"article","og_title":"[VID\u00c9O] webinaire \"Investissements de d\u00e9fense : quelle contribution face aux enjeux \u00e9conomiques actuels ?\" (Les entretiens de l'ECODEF #1 \/ 7 juillet 2021) - Chaire \u00c9conomie de d\u00e9fense - IHEDN","og_description":"Retrouvez l\u2019int\u00e9gralit\u00e9 des vid\u00e9os de la Chaire sur sa cha\u00eene YouTube. Afin de permettre \u00e0 son public de mieux appr\u00e9hender les enjeux \u00e9conomiques des activit\u00e9s de d\u00e9fense, la Chaire propose&nbsp;\u00ab\u00a0Les entretiens de l&rsquo;ECODEF\u00a0\u00bb, une s\u00e9rie de webinaires au cours desquels les r\u00e9sultats des travaux de ses chercheurs sont pr\u00e9sent\u00e9s sous forme d&rsquo;entretiens.&nbsp; Le premier num\u00e9ro [&hellip;]","og_url":"https:\/\/ecodef-ihedn.fr\/en\/video-webinaire-investissements-de-defense-quelle-contribution-face-aux-enjeux-economiques-actuels-les-entretiens-de-lecodef-7-juillet-2021\/","og_site_name":"Chaire \u00c9conomie de d\u00e9fense - IHEDN","article_published_time":"2021-07-09T10:49:04+00:00","article_modified_time":"2023-04-03T10:46:43+00:00","og_image":[{"width":1350,"height":900,"url":"https:\/\/ecodef-ihedn.fr\/wp-content\/uploads\/2021\/09\/image_2021-07-09_113936.png","type":"image\/png"}],"author":"Bertrand Demandre","twitter_card":"summary_large_image","twitter_creator":"@Chaire_Ecodef","twitter_site":"@Chaire_Ecodef","twitter_misc":{"Written by":"Bertrand Demandre","Estimated reading time":"2 minutes"},"schema":{"@context":"https:\/\/schema.org","@graph":[{"@type":"Article","@id":"https:\/\/ecodef-ihedn.fr\/video-webinaire-investissements-de-defense-quelle-contribution-face-aux-enjeux-economiques-actuels-les-entretiens-de-lecodef-7-juillet-2021\/#article","isPartOf":{"@id":"https:\/\/ecodef-ihedn.fr\/video-webinaire-investissements-de-defense-quelle-contribution-face-aux-enjeux-economiques-actuels-les-entretiens-de-lecodef-7-juillet-2021\/"},"author":{"name":"Bertrand Demandre","@id":"https:\/\/ecodef-ihedn.fr\/#\/schema\/person\/1cdf22d028cebe278126a6e07a884d30"},"headline":"[VID\u00c9O] webinaire \u00ab\u00a0Investissements de d\u00e9fense : quelle contribution face aux enjeux \u00e9conomiques actuels ?\u00a0\u00bb (Les entretiens de l&rsquo;ECODEF #1 \/ 7 juillet 2021)","datePublished":"2021-07-09T10:49:04+00:00","dateModified":"2023-04-03T10:46:43+00:00","mainEntityOfPage":{"@id":"https:\/\/ecodef-ihedn.fr\/video-webinaire-investissements-de-defense-quelle-contribution-face-aux-enjeux-economiques-actuels-les-entretiens-de-lecodef-7-juillet-2021\/"},"wordCount":217,"commentCount":5,"publisher":{"@id":"https:\/\/ecodef-ihedn.fr\/#organization"},"image":{"@id":"https:\/\/ecodef-ihedn.fr\/video-webinaire-investissements-de-defense-quelle-contribution-face-aux-enjeux-economiques-actuels-les-entretiens-de-lecodef-7-juillet-2021\/#primaryimage"},"thumbnailUrl":"https:\/\/ecodef-ihedn.fr\/wp-content\/uploads\/2021\/09\/image_2021-07-09_113936.png","keywords":["chaire \u00e9conomie de d\u00e9fense","eco","ecodef","\u00e9conomie de d\u00e9fense","enjeux \u00e9conomiques","IHEDN","investissements de d\u00e9fense","Julien Malizard","les entretiens de l'ecodef","Olivier Martin","souverainet\u00e9","webinaire"],"articleSection":["Activit\u00e9s","Activit\u00e9s : \u00e9v\u00e9nements port\u00e9s par la Chaire"],"inLanguage":"en-GB","potentialAction":[{"@type":"CommentAction","name":"Comment","target":["https:\/\/ecodef-ihedn.fr\/video-webinaire-investissements-de-defense-quelle-contribution-face-aux-enjeux-economiques-actuels-les-entretiens-de-lecodef-7-juillet-2021\/#respond"]}]},{"@type":"WebPage","@id":"https:\/\/ecodef-ihedn.fr\/video-webinaire-investissements-de-defense-quelle-contribution-face-aux-enjeux-economiques-actuels-les-entretiens-de-lecodef-7-juillet-2021\/","url":"https:\/\/ecodef-ihedn.fr\/video-webinaire-investissements-de-defense-quelle-contribution-face-aux-enjeux-economiques-actuels-les-entretiens-de-lecodef-7-juillet-2021\/","name":"[VID\u00c9O] webinaire \"Investissements de d\u00e9fense : quelle contribution face aux enjeux \u00e9conomiques actuels ?\" (Les entretiens de l'ECODEF #1 \/ 7 juillet 2021) - Chaire \u00c9conomie de d\u00e9fense - IHEDN","isPartOf":{"@id":"https:\/\/ecodef-ihedn.fr\/#website"},"primaryImageOfPage":{"@id":"https:\/\/ecodef-ihedn.fr\/video-webinaire-investissements-de-defense-quelle-contribution-face-aux-enjeux-economiques-actuels-les-entretiens-de-lecodef-7-juillet-2021\/#primaryimage"},"image":{"@id":"https:\/\/ecodef-ihedn.fr\/video-webinaire-investissements-de-defense-quelle-contribution-face-aux-enjeux-economiques-actuels-les-entretiens-de-lecodef-7-juillet-2021\/#primaryimage"},"thumbnailUrl":"https:\/\/ecodef-ihedn.fr\/wp-content\/uploads\/2021\/09\/image_2021-07-09_113936.png","datePublished":"2021-07-09T10:49:04+00:00","dateModified":"2023-04-03T10:46:43+00:00","breadcrumb":{"@id":"https:\/\/ecodef-ihedn.fr\/video-webinaire-investissements-de-defense-quelle-contribution-face-aux-enjeux-economiques-actuels-les-entretiens-de-lecodef-7-juillet-2021\/#breadcrumb"},"inLanguage":"en-GB","potentialAction":[{"@type":"ReadAction","target":["https:\/\/ecodef-ihedn.fr\/video-webinaire-investissements-de-defense-quelle-contribution-face-aux-enjeux-economiques-actuels-les-entretiens-de-lecodef-7-juillet-2021\/"]}]},{"@type":"ImageObject","inLanguage":"en-GB","@id":"https:\/\/ecodef-ihedn.fr\/video-webinaire-investissements-de-defense-quelle-contribution-face-aux-enjeux-economiques-actuels-les-entretiens-de-lecodef-7-juillet-2021\/#primaryimage","url":"https:\/\/ecodef-ihedn.fr\/wp-content\/uploads\/2021\/09\/image_2021-07-09_113936.png","contentUrl":"https:\/\/ecodef-ihedn.fr\/wp-content\/uploads\/2021\/09\/image_2021-07-09_113936.png","width":1350,"height":900},{"@type":"BreadcrumbList","@id":"https:\/\/ecodef-ihedn.fr\/video-webinaire-investissements-de-defense-quelle-contribution-face-aux-enjeux-economiques-actuels-les-entretiens-de-lecodef-7-juillet-2021\/#breadcrumb","itemListElement":[{"@type":"ListItem","position":1,"name":"Accueil","item":"https:\/\/ecodef-ihedn.fr\/"},{"@type":"ListItem","position":2,"name":"[VID\u00c9O] webinaire &#8220;Investissements de d\u00e9fense : quelle contribution face aux enjeux \u00e9conomiques actuels ?&#8221; (Les entretiens de l&#8217;ECODEF #1 \/ 7 juillet 2021)"}]},{"@type":"WebSite","@id":"https:\/\/ecodef-ihedn.fr\/#website","url":"https:\/\/ecodef-ihedn.fr\/","name":"Chair in Defence Economics - IHEDN","description":"Produce &amp; support, federate &amp; disseminate, act as an interface","publisher":{"@id":"https:\/\/ecodef-ihedn.fr\/#organization"},"potentialAction":[{"@type":"SearchAction","target":{"@type":"EntryPoint","urlTemplate":"https:\/\/ecodef-ihedn.fr\/?s={search_term_string}"},"query-input":{"@type":"PropertyValueSpecification","valueRequired":true,"valueName":"search_term_string"}}],"inLanguage":"en-GB"},{"@type":"Organization","@id":"https:\/\/ecodef-ihedn.fr\/#organization","name":"Chair in Defence Economics - IHEDN","url":"https:\/\/ecodef-ihedn.fr\/","logo":{"@type":"ImageObject","inLanguage":"en-GB","@id":"https:\/\/ecodef-ihedn.fr\/#\/schema\/logo\/image\/","url":"https:\/\/ecodef-ihedn.fr\/wp-content\/uploads\/2020\/04\/logoEcodef9.jpg","contentUrl":"https:\/\/ecodef-ihedn.fr\/wp-content\/uploads\/2020\/04\/logoEcodef9.jpg","width":410,"height":212,"caption":"Chaire \u00c9conomie de d\u00e9fense - IHEDN"},"image":{"@id":"https:\/\/ecodef-ihedn.fr\/#\/schema\/logo\/image\/"},"sameAs":["https:\/\/x.com\/Chaire_Ecodef","https:\/\/www.linkedin.com\/company\/chaire-ecodef-ihedn\/"]},{"@type":"Person","@id":"https:\/\/ecodef-ihedn.fr\/#\/schema\/person\/1cdf22d028cebe278126a6e07a884d30","name":"Bertrand Demandre","image":{"@type":"ImageObject","inLanguage":"en-GB","@id":"https:\/\/secure.gravatar.com\/avatar\/d9c9746d6c900ab5b9c0f9b1fa3932e369da923da247d624b8f7ab4ba8a3c093?s=96&d=mm&r=g","url":"https:\/\/secure.gravatar.com\/avatar\/d9c9746d6c900ab5b9c0f9b1fa3932e369da923da247d624b8f7ab4ba8a3c093?s=96&d=mm&r=g","contentUrl":"https:\/\/secure.gravatar.com\/avatar\/d9c9746d6c900ab5b9c0f9b1fa3932e369da923da247d624b8f7ab4ba8a3c093?s=96&d=mm&r=g","caption":"Bertrand Demandre"},"url":"https:\/\/ecodef-ihedn.fr\/en\/author\/bertrand\/"}]}},"_links":{"self":[{"href":"https:\/\/ecodef-ihedn.fr\/en\/wp-json\/wp\/v2\/posts\/3600","targetHints":{"allow":["GET"]}}],"collection":[{"href":"https:\/\/ecodef-ihedn.fr\/en\/wp-json\/wp\/v2\/posts"}],"about":[{"href":"https:\/\/ecodef-ihedn.fr\/en\/wp-json\/wp\/v2\/types\/post"}],"author":[{"embeddable":true,"href":"https:\/\/ecodef-ihedn.fr\/en\/wp-json\/wp\/v2\/users\/2"}],"replies":[{"embeddable":true,"href":"https:\/\/ecodef-ihedn.fr\/en\/wp-json\/wp\/v2\/comments?post=3600"}],"version-history":[{"count":6,"href":"https:\/\/ecodef-ihedn.fr\/en\/wp-json\/wp\/v2\/posts\/3600\/revisions"}],"predecessor-version":[{"id":7809,"href":"https:\/\/ecodef-ihedn.fr\/en\/wp-json\/wp\/v2\/posts\/3600\/revisions\/7809"}],"wp:featuredmedia":[{"embeddable":true,"href":"https:\/\/ecodef-ihedn.fr\/en\/wp-json\/wp\/v2\/media\/3815"}],"wp:attachment":[{"href":"https:\/\/ecodef-ihedn.fr\/en\/wp-json\/wp\/v2\/media?parent=3600"}],"wp:term":[{"taxonomy":"category","embeddable":true,"href":"https:\/\/ecodef-ihedn.fr\/en\/wp-json\/wp\/v2\/categories?post=3600"},{"taxonomy":"post_tag","embeddable":true,"href":"https:\/\/ecodef-ihedn.fr\/en\/wp-json\/wp\/v2\/tags?post=3600"}],"curies":[{"name":"wp","href":"https:\/\/api.w.org\/{rel}","templated":true}]}}