{"id":3617,"date":"2021-07-15T14:21:59","date_gmt":"2021-07-15T14:21:59","guid":{"rendered":"https:\/\/ecodef-ihedn.fr\/?p=3617"},"modified":"2021-07-15T14:59:13","modified_gmt":"2021-07-15T14:59:13","slug":"participation-de-la-chaire-a-la-24eme-conference-internationale-economics-and-security-volos-grece","status":"publish","type":"post","link":"https:\/\/ecodef-ihedn.fr\/en\/participation-de-la-chaire-a-la-24eme-conference-internationale-economics-and-security-volos-grece\/","title":{"rendered":"Participation of the Chair in the 24th International Conference on Economics and Security (Volos, Greece)"},"content":{"rendered":"<p><strong>The Chair was represented at the 24<sup>th<\/sup> international conference <em>Economics and Security<\/em> which took place in Volos (Greece) on 8 and 9 July 2021.<\/strong><\/p>\n\n\n\n<figure class=\"wp-block-image size-large\"><img loading=\"lazy\" decoding=\"async\" width=\"1024\" height=\"774\" src=\"https:\/\/ecodef-ihedn.fr\/wp-content\/uploads\/2021\/07\/Volos-ICES-illustration-1024x774.png\" alt=\"\" class=\"wp-image-3620\" srcset=\"https:\/\/ecodef-ihedn.fr\/wp-content\/uploads\/2021\/07\/Volos-ICES-illustration-1024x774.png 1024w, https:\/\/ecodef-ihedn.fr\/wp-content\/uploads\/2021\/07\/Volos-ICES-illustration-300x227.png 300w, https:\/\/ecodef-ihedn.fr\/wp-content\/uploads\/2021\/07\/Volos-ICES-illustration-768x580.png 768w, https:\/\/ecodef-ihedn.fr\/wp-content\/uploads\/2021\/07\/Volos-ICES-illustration-696x526.png 696w, https:\/\/ecodef-ihedn.fr\/wp-content\/uploads\/2021\/07\/Volos-ICES-illustration-1068x807.png 1068w, https:\/\/ecodef-ihedn.fr\/wp-content\/uploads\/2021\/07\/Volos-ICES-illustration-556x420.png 556w, https:\/\/ecodef-ihedn.fr\/wp-content\/uploads\/2021\/07\/Volos-ICES-illustration-80x60.png 80w, https:\/\/ecodef-ihedn.fr\/wp-content\/uploads\/2021\/07\/Volos-ICES-illustration-160x120.png 160w, https:\/\/ecodef-ihedn.fr\/wp-content\/uploads\/2021\/07\/Volos-ICES-illustration.png 1089w\" sizes=\"auto, (max-width: 1024px) 100vw, 1024px\" \/><\/figure>\n\n\n\n<p>Organised by Christos Kollias (University of Thessaly), Paul Dunne (University of Cape Town) and Paschalis Arvanitidis (University of Thessaly) in Volos, Greece, <strong><a href=\"https:\/\/ergopolis.econ.uth.gr\/ices2021\/\" target=\"_blank\" rel=\"noreferrer noopener\">the 24<sup>th<\/sup> international conference <em>Economics and Security<\/em><\/a><\/strong> was the occasion for the presentation of some thirty papers and a high quality discussion between specialists from all over the world (United States, United Kingdom, France, Spain, Germany, Italy, Greece, Norway, Netherlands, China, etc.).<\/p>\n\n\n\n<p>For over 20 years, this annual international conference has provided an opportunity for economists and researchers from all over the world to present their work in the field of defence, security and peace economics.<\/p>\n\n\n\n<p>For several years now, researchers from the Chair have been taking part in this event, which provides an opportunity to cover different research themes in defence and security economics.<\/p>\n\n\n\n<ol class=\"wp-block-list\"><li><strong>Contribution from the Chair: the determinants of French arms exports<\/strong><\/li><\/ol>\n\n\n\n<p><strong>Jade Guiberteau<\/strong>, a research assistant at the Chair, presented an original piece of work (carried out in collaboration with <strong>Josselin Droff<\/strong>, a researcher at the Chair, and <strong>Julien Malizard<\/strong>, The aim of this project is to measure the determinants of France's arms exports between 1991 and 2019.<\/p>\n\n\n\n<ul class=\"wp-block-list\"><li>The study was carried out using a <strong>original database<\/strong> constructed by the Chair team. The analysis is based on the use of a national source to define French arms exports, i.e. various reports to Parliament on French exports, rather than the traditional SIPRI source.<\/li><li>Numerous results were presented on <strong>the determinants of France's export decisions and volumes<\/strong>. The traditional variables (distance or GDP per capita) have an expected effect on France's export decision and volume, i.e. negative and positive. Furthermore, France exports more easily and more to countries involved in an inter-state conflict. We also note that the effect of embargoes on the export decision is negative, particularly mandatory embargoes imposed by the United Nations.<\/li><\/ul>\n\n\n\n<p>Ultimately, the aim of this work is to highlight <strong>the existence of different conclusions depending on the source used to determine French arms exports<\/strong>.<\/p>\n\n\n\n<ol class=\"wp-block-list\" start=\"2\"><li><strong>Contribution from the Chair: State preferences for combat aircraft in Europe<\/strong><\/li><\/ol>\n\n\n\n<p>Josselin Droff presented a study, carried out in collaboration with Julien Malizard and Laure No\u00ebl, who is in charge of monitoring at the Chair, on national preferences.<strong> for fighter aircraft in Europe<\/strong>. This work is a continuation of a <a href=\"https:\/\/ecodef-ihedn.fr\/en\/infographie-avions-de-combat-en-europe-publication-dun-article-de-josselin-droff-julien-malizard-et-laure-noel-dans-la-revue-historique-des-armees\/\" target=\"_blank\" rel=\"noreferrer noopener\">published article<\/a> in spring 2021 by researchers in the Revue Historique des Arm\u00e9es.<\/p>\n\n\n\n<ul class=\"wp-block-list\"><li>How are they built and evolve<strong> State preferences for combat aircraft in Europe over the period 1990-2019<\/strong>.<\/li><li>A <strong>original database<\/strong> enables us to quantify changes or continuities through indicators such as fleet size, diversity and average age.<\/li><li>The econometric model aims to <strong>estimate the share allocated by each country to the origin of the equipment<\/strong> (national construction, European cooperation, American or Soviet) depending on the characteristics of the fleet, the economic conditions and the strategic environment.<\/li><li>The main results show that :<ul><li>\u00a0Younger devices are, on average, associated with a higher proportion of devices produced on a national or cooperative industrial basis.<\/li><\/ul><ul><li>The existence of a national defence technological and industrial base (DTIB) is associated with a higher proportion of aircraft produced on a national basis.<\/li><\/ul><ul><li>Learning effects and the weight of history remain major determinants. The number of years of membership of the European Union is associated with a higher proportion of aircraft produced in cooperation. Being a former member of the Warsaw Pact is associated with a higher proportion of aircraft of Russian origin.<\/li><\/ul><\/li><\/ul>\n\n\n\n<hr class=\"wp-block-separator\"\/>","protected":false},"excerpt":{"rendered":"<p>La Chaire \u00e9tait repr\u00e9sent\u00e9e \u00e0 la 24\u00e8me conf\u00e9rence internationale Economics and Security qui s\u2019est d\u00e9roul\u00e9e \u00e0 Volos (Gr\u00e8ce) les 8 et 9 juillet 2021. Organis\u00e9 par Christos Kollias (University of Thessaly), Paul Dunne (University of Cape Town) et Paschalis Arvanitidis (University of Thessaly) \u00e0 Volos, en Gr\u00e8ce, la 24\u00e8me conf\u00e9rence internationale Economics and Security a [&hellip;]<\/p>\n","protected":false},"author":2,"featured_media":3620,"comment_status":"open","ping_status":"open","sticky":false,"template":"","format":"standard","meta":{"footnotes":""},"categories":[34,356],"tags":[459,63,41,217,438,52,38,335,202,86],"class_list":{"0":"post-3617","1":"post","2":"type-post","3":"status-publish","4":"format-standard","5":"has-post-thumbnail","7":"category-activites","8":"category-activites-participation-de-la-chaire-a-un-evenement","9":"tag-24e-conference-internationale-economie-et-securite","10":"tag-annual-conference-on-economics-and-security","11":"tag-conference","12":"tag-conference-internationale-economie-et-securite","13":"tag-ecodef","14":"tag-exportations-darmes","15":"tag-ihedn","16":"tag-impact-economique","17":"tag-josselin-droff","18":"tag-julien-malizard"},"yoast_head":"<!-- This site is optimized with the Yoast SEO plugin v27.4 - https:\/\/yoast.com\/product\/yoast-seo-wordpress\/ -->\n<title>Participation de la Chaire \u00e0 la 24\u00e8me conf\u00e9rence internationale Economics and Security (Volos, Gr\u00e8ce) - Chaire \u00c9conomie de d\u00e9fense - IHEDN<\/title>\n<meta name=\"robots\" content=\"index, follow, max-snippet:-1, max-image-preview:large, max-video-preview:-1\" \/>\n<link rel=\"canonical\" href=\"https:\/\/ecodef-ihedn.fr\/en\/participation-de-la-chaire-a-la-24eme-conference-internationale-economics-and-security-volos-grece\/\" \/>\n<meta property=\"og:locale\" content=\"en_GB\" \/>\n<meta property=\"og:type\" content=\"article\" \/>\n<meta property=\"og:title\" content=\"Participation de la Chaire \u00e0 la 24\u00e8me conf\u00e9rence internationale Economics and Security (Volos, Gr\u00e8ce) - Chaire \u00c9conomie de d\u00e9fense - IHEDN\" \/>\n<meta property=\"og:description\" content=\"La Chaire \u00e9tait repr\u00e9sent\u00e9e \u00e0 la 24\u00e8me conf\u00e9rence internationale Economics and Security qui s\u2019est d\u00e9roul\u00e9e \u00e0 Volos (Gr\u00e8ce) les 8 et 9 juillet 2021. Organis\u00e9 par Christos Kollias (University of Thessaly), Paul Dunne (University of Cape Town) et Paschalis Arvanitidis (University of Thessaly) \u00e0 Volos, en Gr\u00e8ce, la 24\u00e8me conf\u00e9rence internationale Economics and Security a [&hellip;]\" \/>\n<meta property=\"og:url\" content=\"https:\/\/ecodef-ihedn.fr\/en\/participation-de-la-chaire-a-la-24eme-conference-internationale-economics-and-security-volos-grece\/\" \/>\n<meta property=\"og:site_name\" content=\"Chaire \u00c9conomie de d\u00e9fense - IHEDN\" \/>\n<meta property=\"article:published_time\" content=\"2021-07-15T14:21:59+00:00\" \/>\n<meta property=\"article:modified_time\" content=\"2021-07-15T14:59:13+00:00\" \/>\n<meta property=\"og:image\" content=\"https:\/\/ecodef-ihedn.fr\/wp-content\/uploads\/2021\/07\/Volos-ICES-illustration.png\" \/>\n\t<meta property=\"og:image:width\" content=\"1089\" \/>\n\t<meta property=\"og:image:height\" content=\"823\" \/>\n\t<meta property=\"og:image:type\" content=\"image\/png\" \/>\n<meta name=\"author\" content=\"Bertrand Demandre\" \/>\n<meta name=\"twitter:card\" content=\"summary_large_image\" \/>\n<meta name=\"twitter:creator\" content=\"@Chaire_Ecodef\" \/>\n<meta name=\"twitter:site\" content=\"@Chaire_Ecodef\" \/>\n<meta name=\"twitter:label1\" content=\"Written by\" \/>\n\t<meta name=\"twitter:data1\" content=\"Bertrand Demandre\" \/>\n\t<meta name=\"twitter:label2\" content=\"Estimated reading time\" \/>\n\t<meta name=\"twitter:data2\" content=\"3 minutes\" \/>\n<script type=\"application\/ld+json\" class=\"yoast-schema-graph\">{\"@context\":\"https:\\\/\\\/schema.org\",\"@graph\":[{\"@type\":\"Article\",\"@id\":\"https:\\\/\\\/ecodef-ihedn.fr\\\/participation-de-la-chaire-a-la-24eme-conference-internationale-economics-and-security-volos-grece\\\/#article\",\"isPartOf\":{\"@id\":\"https:\\\/\\\/ecodef-ihedn.fr\\\/participation-de-la-chaire-a-la-24eme-conference-internationale-economics-and-security-volos-grece\\\/\"},\"author\":{\"name\":\"Bertrand Demandre\",\"@id\":\"https:\\\/\\\/ecodef-ihedn.fr\\\/#\\\/schema\\\/person\\\/1cdf22d028cebe278126a6e07a884d30\"},\"headline\":\"Participation de la Chaire \u00e0 la 24\u00e8me conf\u00e9rence internationale Economics and Security (Volos, Gr\u00e8ce)\",\"datePublished\":\"2021-07-15T14:21:59+00:00\",\"dateModified\":\"2021-07-15T14:59:13+00:00\",\"mainEntityOfPage\":{\"@id\":\"https:\\\/\\\/ecodef-ihedn.fr\\\/participation-de-la-chaire-a-la-24eme-conference-internationale-economics-and-security-volos-grece\\\/\"},\"wordCount\":753,\"commentCount\":0,\"publisher\":{\"@id\":\"https:\\\/\\\/ecodef-ihedn.fr\\\/#organization\"},\"image\":{\"@id\":\"https:\\\/\\\/ecodef-ihedn.fr\\\/participation-de-la-chaire-a-la-24eme-conference-internationale-economics-and-security-volos-grece\\\/#primaryimage\"},\"thumbnailUrl\":\"https:\\\/\\\/ecodef-ihedn.fr\\\/wp-content\\\/uploads\\\/2021\\\/07\\\/Volos-ICES-illustration.png\",\"keywords\":[\"24e conf\u00e9rence internationale \u00e9conomie et s\u00e9curit\u00e9\",\"Annual Conference on Economics and Security\",\"conf\u00e9rence\",\"Conf\u00e9rence Internationale Economie et s\u00e9curit\u00e9\",\"ecodef\",\"exportations d'armes\",\"IHEDN\",\"Impact \u00e9conomique\",\"Josselin Droff\",\"Julien Malizard\"],\"articleSection\":[\"Activit\u00e9s\",\"Activit\u00e9s : participation de la Chaire \u00e0 un \u00e9v\u00e9nement\"],\"inLanguage\":\"en-GB\",\"potentialAction\":[{\"@type\":\"CommentAction\",\"name\":\"Comment\",\"target\":[\"https:\\\/\\\/ecodef-ihedn.fr\\\/participation-de-la-chaire-a-la-24eme-conference-internationale-economics-and-security-volos-grece\\\/#respond\"]}]},{\"@type\":\"WebPage\",\"@id\":\"https:\\\/\\\/ecodef-ihedn.fr\\\/participation-de-la-chaire-a-la-24eme-conference-internationale-economics-and-security-volos-grece\\\/\",\"url\":\"https:\\\/\\\/ecodef-ihedn.fr\\\/participation-de-la-chaire-a-la-24eme-conference-internationale-economics-and-security-volos-grece\\\/\",\"name\":\"Participation de la Chaire \u00e0 la 24\u00e8me conf\u00e9rence internationale Economics and Security (Volos, Gr\u00e8ce) - Chaire \u00c9conomie de d\u00e9fense - IHEDN\",\"isPartOf\":{\"@id\":\"https:\\\/\\\/ecodef-ihedn.fr\\\/#website\"},\"primaryImageOfPage\":{\"@id\":\"https:\\\/\\\/ecodef-ihedn.fr\\\/participation-de-la-chaire-a-la-24eme-conference-internationale-economics-and-security-volos-grece\\\/#primaryimage\"},\"image\":{\"@id\":\"https:\\\/\\\/ecodef-ihedn.fr\\\/participation-de-la-chaire-a-la-24eme-conference-internationale-economics-and-security-volos-grece\\\/#primaryimage\"},\"thumbnailUrl\":\"https:\\\/\\\/ecodef-ihedn.fr\\\/wp-content\\\/uploads\\\/2021\\\/07\\\/Volos-ICES-illustration.png\",\"datePublished\":\"2021-07-15T14:21:59+00:00\",\"dateModified\":\"2021-07-15T14:59:13+00:00\",\"breadcrumb\":{\"@id\":\"https:\\\/\\\/ecodef-ihedn.fr\\\/participation-de-la-chaire-a-la-24eme-conference-internationale-economics-and-security-volos-grece\\\/#breadcrumb\"},\"inLanguage\":\"en-GB\",\"potentialAction\":[{\"@type\":\"ReadAction\",\"target\":[\"https:\\\/\\\/ecodef-ihedn.fr\\\/participation-de-la-chaire-a-la-24eme-conference-internationale-economics-and-security-volos-grece\\\/\"]}]},{\"@type\":\"ImageObject\",\"inLanguage\":\"en-GB\",\"@id\":\"https:\\\/\\\/ecodef-ihedn.fr\\\/participation-de-la-chaire-a-la-24eme-conference-internationale-economics-and-security-volos-grece\\\/#primaryimage\",\"url\":\"https:\\\/\\\/ecodef-ihedn.fr\\\/wp-content\\\/uploads\\\/2021\\\/07\\\/Volos-ICES-illustration.png\",\"contentUrl\":\"https:\\\/\\\/ecodef-ihedn.fr\\\/wp-content\\\/uploads\\\/2021\\\/07\\\/Volos-ICES-illustration.png\",\"width\":1089,\"height\":823},{\"@type\":\"BreadcrumbList\",\"@id\":\"https:\\\/\\\/ecodef-ihedn.fr\\\/participation-de-la-chaire-a-la-24eme-conference-internationale-economics-and-security-volos-grece\\\/#breadcrumb\",\"itemListElement\":[{\"@type\":\"ListItem\",\"position\":1,\"name\":\"Accueil\",\"item\":\"https:\\\/\\\/ecodef-ihedn.fr\\\/\"},{\"@type\":\"ListItem\",\"position\":2,\"name\":\"Participation de la Chaire \u00e0 la 24\u00e8me conf\u00e9rence internationale Economics and Security (Volos, Gr\u00e8ce)\"}]},{\"@type\":\"WebSite\",\"@id\":\"https:\\\/\\\/ecodef-ihedn.fr\\\/#website\",\"url\":\"https:\\\/\\\/ecodef-ihedn.fr\\\/\",\"name\":\"Chaire \u00c9conomie de D\u00e9fense - IHEDN\",\"description\":\"Produire &amp; soutenir, f\u00e9d\u00e9rer &amp; diffuser, \u00eatre une interface\",\"publisher\":{\"@id\":\"https:\\\/\\\/ecodef-ihedn.fr\\\/#organization\"},\"potentialAction\":[{\"@type\":\"SearchAction\",\"target\":{\"@type\":\"EntryPoint\",\"urlTemplate\":\"https:\\\/\\\/ecodef-ihedn.fr\\\/?s={search_term_string}\"},\"query-input\":{\"@type\":\"PropertyValueSpecification\",\"valueRequired\":true,\"valueName\":\"search_term_string\"}}],\"inLanguage\":\"en-GB\"},{\"@type\":\"Organization\",\"@id\":\"https:\\\/\\\/ecodef-ihedn.fr\\\/#organization\",\"name\":\"Chaire \u00c9conomie de d\u00e9fense - IHEDN\",\"url\":\"https:\\\/\\\/ecodef-ihedn.fr\\\/\",\"logo\":{\"@type\":\"ImageObject\",\"inLanguage\":\"en-GB\",\"@id\":\"https:\\\/\\\/ecodef-ihedn.fr\\\/#\\\/schema\\\/logo\\\/image\\\/\",\"url\":\"https:\\\/\\\/ecodef-ihedn.fr\\\/wp-content\\\/uploads\\\/2020\\\/04\\\/logoEcodef9.jpg\",\"contentUrl\":\"https:\\\/\\\/ecodef-ihedn.fr\\\/wp-content\\\/uploads\\\/2020\\\/04\\\/logoEcodef9.jpg\",\"width\":410,\"height\":212,\"caption\":\"Chaire \u00c9conomie de d\u00e9fense - IHEDN\"},\"image\":{\"@id\":\"https:\\\/\\\/ecodef-ihedn.fr\\\/#\\\/schema\\\/logo\\\/image\\\/\"},\"sameAs\":[\"https:\\\/\\\/x.com\\\/Chaire_Ecodef\",\"https:\\\/\\\/www.linkedin.com\\\/company\\\/chaire-ecodef-ihedn\\\/\"]},{\"@type\":\"Person\",\"@id\":\"https:\\\/\\\/ecodef-ihedn.fr\\\/#\\\/schema\\\/person\\\/1cdf22d028cebe278126a6e07a884d30\",\"name\":\"Bertrand Demandre\",\"image\":{\"@type\":\"ImageObject\",\"inLanguage\":\"en-GB\",\"@id\":\"https:\\\/\\\/secure.gravatar.com\\\/avatar\\\/d9c9746d6c900ab5b9c0f9b1fa3932e369da923da247d624b8f7ab4ba8a3c093?s=96&d=mm&r=g\",\"url\":\"https:\\\/\\\/secure.gravatar.com\\\/avatar\\\/d9c9746d6c900ab5b9c0f9b1fa3932e369da923da247d624b8f7ab4ba8a3c093?s=96&d=mm&r=g\",\"contentUrl\":\"https:\\\/\\\/secure.gravatar.com\\\/avatar\\\/d9c9746d6c900ab5b9c0f9b1fa3932e369da923da247d624b8f7ab4ba8a3c093?s=96&d=mm&r=g\",\"caption\":\"Bertrand Demandre\"},\"url\":\"https:\\\/\\\/ecodef-ihedn.fr\\\/en\\\/author\\\/bertrand\\\/\"}]}<\/script>\n<!-- \/ Yoast SEO plugin. -->","yoast_head_json":{"title":"Participation de la Chaire \u00e0 la 24\u00e8me conf\u00e9rence internationale Economics and Security (Volos, Gr\u00e8ce) - Chaire \u00c9conomie de d\u00e9fense - IHEDN","robots":{"index":"index","follow":"follow","max-snippet":"max-snippet:-1","max-image-preview":"max-image-preview:large","max-video-preview":"max-video-preview:-1"},"canonical":"https:\/\/ecodef-ihedn.fr\/en\/participation-de-la-chaire-a-la-24eme-conference-internationale-economics-and-security-volos-grece\/","og_locale":"en_GB","og_type":"article","og_title":"Participation de la Chaire \u00e0 la 24\u00e8me conf\u00e9rence internationale Economics and Security (Volos, Gr\u00e8ce) - Chaire \u00c9conomie de d\u00e9fense - IHEDN","og_description":"La Chaire \u00e9tait repr\u00e9sent\u00e9e \u00e0 la 24\u00e8me conf\u00e9rence internationale Economics and Security qui s\u2019est d\u00e9roul\u00e9e \u00e0 Volos (Gr\u00e8ce) les 8 et 9 juillet 2021. Organis\u00e9 par Christos Kollias (University of Thessaly), Paul Dunne (University of Cape Town) et Paschalis Arvanitidis (University of Thessaly) \u00e0 Volos, en Gr\u00e8ce, la 24\u00e8me conf\u00e9rence internationale Economics and Security a [&hellip;]","og_url":"https:\/\/ecodef-ihedn.fr\/en\/participation-de-la-chaire-a-la-24eme-conference-internationale-economics-and-security-volos-grece\/","og_site_name":"Chaire \u00c9conomie de d\u00e9fense - IHEDN","article_published_time":"2021-07-15T14:21:59+00:00","article_modified_time":"2021-07-15T14:59:13+00:00","og_image":[{"width":1089,"height":823,"url":"https:\/\/ecodef-ihedn.fr\/wp-content\/uploads\/2021\/07\/Volos-ICES-illustration.png","type":"image\/png"}],"author":"Bertrand Demandre","twitter_card":"summary_large_image","twitter_creator":"@Chaire_Ecodef","twitter_site":"@Chaire_Ecodef","twitter_misc":{"Written by":"Bertrand Demandre","Estimated reading time":"3 minutes"},"schema":{"@context":"https:\/\/schema.org","@graph":[{"@type":"Article","@id":"https:\/\/ecodef-ihedn.fr\/participation-de-la-chaire-a-la-24eme-conference-internationale-economics-and-security-volos-grece\/#article","isPartOf":{"@id":"https:\/\/ecodef-ihedn.fr\/participation-de-la-chaire-a-la-24eme-conference-internationale-economics-and-security-volos-grece\/"},"author":{"name":"Bertrand Demandre","@id":"https:\/\/ecodef-ihedn.fr\/#\/schema\/person\/1cdf22d028cebe278126a6e07a884d30"},"headline":"Participation de la Chaire \u00e0 la 24\u00e8me conf\u00e9rence internationale Economics and Security (Volos, Gr\u00e8ce)","datePublished":"2021-07-15T14:21:59+00:00","dateModified":"2021-07-15T14:59:13+00:00","mainEntityOfPage":{"@id":"https:\/\/ecodef-ihedn.fr\/participation-de-la-chaire-a-la-24eme-conference-internationale-economics-and-security-volos-grece\/"},"wordCount":753,"commentCount":0,"publisher":{"@id":"https:\/\/ecodef-ihedn.fr\/#organization"},"image":{"@id":"https:\/\/ecodef-ihedn.fr\/participation-de-la-chaire-a-la-24eme-conference-internationale-economics-and-security-volos-grece\/#primaryimage"},"thumbnailUrl":"https:\/\/ecodef-ihedn.fr\/wp-content\/uploads\/2021\/07\/Volos-ICES-illustration.png","keywords":["24e conf\u00e9rence internationale \u00e9conomie et s\u00e9curit\u00e9","Annual Conference on Economics and Security","conf\u00e9rence","Conf\u00e9rence Internationale Economie et s\u00e9curit\u00e9","ecodef","exportations d'armes","IHEDN","Impact \u00e9conomique","Josselin Droff","Julien Malizard"],"articleSection":["Activit\u00e9s","Activit\u00e9s : participation de la Chaire \u00e0 un \u00e9v\u00e9nement"],"inLanguage":"en-GB","potentialAction":[{"@type":"CommentAction","name":"Comment","target":["https:\/\/ecodef-ihedn.fr\/participation-de-la-chaire-a-la-24eme-conference-internationale-economics-and-security-volos-grece\/#respond"]}]},{"@type":"WebPage","@id":"https:\/\/ecodef-ihedn.fr\/participation-de-la-chaire-a-la-24eme-conference-internationale-economics-and-security-volos-grece\/","url":"https:\/\/ecodef-ihedn.fr\/participation-de-la-chaire-a-la-24eme-conference-internationale-economics-and-security-volos-grece\/","name":"Participation de la Chaire \u00e0 la 24\u00e8me conf\u00e9rence internationale Economics and Security (Volos, Gr\u00e8ce) - Chaire \u00c9conomie de d\u00e9fense - IHEDN","isPartOf":{"@id":"https:\/\/ecodef-ihedn.fr\/#website"},"primaryImageOfPage":{"@id":"https:\/\/ecodef-ihedn.fr\/participation-de-la-chaire-a-la-24eme-conference-internationale-economics-and-security-volos-grece\/#primaryimage"},"image":{"@id":"https:\/\/ecodef-ihedn.fr\/participation-de-la-chaire-a-la-24eme-conference-internationale-economics-and-security-volos-grece\/#primaryimage"},"thumbnailUrl":"https:\/\/ecodef-ihedn.fr\/wp-content\/uploads\/2021\/07\/Volos-ICES-illustration.png","datePublished":"2021-07-15T14:21:59+00:00","dateModified":"2021-07-15T14:59:13+00:00","breadcrumb":{"@id":"https:\/\/ecodef-ihedn.fr\/participation-de-la-chaire-a-la-24eme-conference-internationale-economics-and-security-volos-grece\/#breadcrumb"},"inLanguage":"en-GB","potentialAction":[{"@type":"ReadAction","target":["https:\/\/ecodef-ihedn.fr\/participation-de-la-chaire-a-la-24eme-conference-internationale-economics-and-security-volos-grece\/"]}]},{"@type":"ImageObject","inLanguage":"en-GB","@id":"https:\/\/ecodef-ihedn.fr\/participation-de-la-chaire-a-la-24eme-conference-internationale-economics-and-security-volos-grece\/#primaryimage","url":"https:\/\/ecodef-ihedn.fr\/wp-content\/uploads\/2021\/07\/Volos-ICES-illustration.png","contentUrl":"https:\/\/ecodef-ihedn.fr\/wp-content\/uploads\/2021\/07\/Volos-ICES-illustration.png","width":1089,"height":823},{"@type":"BreadcrumbList","@id":"https:\/\/ecodef-ihedn.fr\/participation-de-la-chaire-a-la-24eme-conference-internationale-economics-and-security-volos-grece\/#breadcrumb","itemListElement":[{"@type":"ListItem","position":1,"name":"Accueil","item":"https:\/\/ecodef-ihedn.fr\/"},{"@type":"ListItem","position":2,"name":"Participation de la Chaire \u00e0 la 24\u00e8me conf\u00e9rence internationale Economics and Security (Volos, Gr\u00e8ce)"}]},{"@type":"WebSite","@id":"https:\/\/ecodef-ihedn.fr\/#website","url":"https:\/\/ecodef-ihedn.fr\/","name":"Chair in Defence Economics - IHEDN","description":"Produce &amp; support, federate &amp; disseminate, act as an interface","publisher":{"@id":"https:\/\/ecodef-ihedn.fr\/#organization"},"potentialAction":[{"@type":"SearchAction","target":{"@type":"EntryPoint","urlTemplate":"https:\/\/ecodef-ihedn.fr\/?s={search_term_string}"},"query-input":{"@type":"PropertyValueSpecification","valueRequired":true,"valueName":"search_term_string"}}],"inLanguage":"en-GB"},{"@type":"Organization","@id":"https:\/\/ecodef-ihedn.fr\/#organization","name":"Chair in Defence Economics - IHEDN","url":"https:\/\/ecodef-ihedn.fr\/","logo":{"@type":"ImageObject","inLanguage":"en-GB","@id":"https:\/\/ecodef-ihedn.fr\/#\/schema\/logo\/image\/","url":"https:\/\/ecodef-ihedn.fr\/wp-content\/uploads\/2020\/04\/logoEcodef9.jpg","contentUrl":"https:\/\/ecodef-ihedn.fr\/wp-content\/uploads\/2020\/04\/logoEcodef9.jpg","width":410,"height":212,"caption":"Chaire \u00c9conomie de d\u00e9fense - IHEDN"},"image":{"@id":"https:\/\/ecodef-ihedn.fr\/#\/schema\/logo\/image\/"},"sameAs":["https:\/\/x.com\/Chaire_Ecodef","https:\/\/www.linkedin.com\/company\/chaire-ecodef-ihedn\/"]},{"@type":"Person","@id":"https:\/\/ecodef-ihedn.fr\/#\/schema\/person\/1cdf22d028cebe278126a6e07a884d30","name":"Bertrand Demandre","image":{"@type":"ImageObject","inLanguage":"en-GB","@id":"https:\/\/secure.gravatar.com\/avatar\/d9c9746d6c900ab5b9c0f9b1fa3932e369da923da247d624b8f7ab4ba8a3c093?s=96&d=mm&r=g","url":"https:\/\/secure.gravatar.com\/avatar\/d9c9746d6c900ab5b9c0f9b1fa3932e369da923da247d624b8f7ab4ba8a3c093?s=96&d=mm&r=g","contentUrl":"https:\/\/secure.gravatar.com\/avatar\/d9c9746d6c900ab5b9c0f9b1fa3932e369da923da247d624b8f7ab4ba8a3c093?s=96&d=mm&r=g","caption":"Bertrand Demandre"},"url":"https:\/\/ecodef-ihedn.fr\/en\/author\/bertrand\/"}]}},"_links":{"self":[{"href":"https:\/\/ecodef-ihedn.fr\/en\/wp-json\/wp\/v2\/posts\/3617","targetHints":{"allow":["GET"]}}],"collection":[{"href":"https:\/\/ecodef-ihedn.fr\/en\/wp-json\/wp\/v2\/posts"}],"about":[{"href":"https:\/\/ecodef-ihedn.fr\/en\/wp-json\/wp\/v2\/types\/post"}],"author":[{"embeddable":true,"href":"https:\/\/ecodef-ihedn.fr\/en\/wp-json\/wp\/v2\/users\/2"}],"replies":[{"embeddable":true,"href":"https:\/\/ecodef-ihedn.fr\/en\/wp-json\/wp\/v2\/comments?post=3617"}],"version-history":[{"count":4,"href":"https:\/\/ecodef-ihedn.fr\/en\/wp-json\/wp\/v2\/posts\/3617\/revisions"}],"predecessor-version":[{"id":3634,"href":"https:\/\/ecodef-ihedn.fr\/en\/wp-json\/wp\/v2\/posts\/3617\/revisions\/3634"}],"wp:featuredmedia":[{"embeddable":true,"href":"https:\/\/ecodef-ihedn.fr\/en\/wp-json\/wp\/v2\/media\/3620"}],"wp:attachment":[{"href":"https:\/\/ecodef-ihedn.fr\/en\/wp-json\/wp\/v2\/media?parent=3617"}],"wp:term":[{"taxonomy":"category","embeddable":true,"href":"https:\/\/ecodef-ihedn.fr\/en\/wp-json\/wp\/v2\/categories?post=3617"},{"taxonomy":"post_tag","embeddable":true,"href":"https:\/\/ecodef-ihedn.fr\/en\/wp-json\/wp\/v2\/tags?post=3617"}],"curies":[{"name":"wp","href":"https:\/\/api.w.org\/{rel}","templated":true}]}}