{"id":3722,"date":"2021-09-07T10:14:01","date_gmt":"2021-09-07T10:14:01","guid":{"rendered":"https:\/\/ecodef-ihedn.fr\/?p=3722"},"modified":"2021-09-07T10:14:03","modified_gmt":"2021-09-07T10:14:03","slug":"publication-dun-chapitre-sur-letude-de-la-mise-a-lagenda-par-friederike-richter","status":"publish","type":"post","link":"https:\/\/ecodef-ihedn.fr\/en\/publication-dun-chapitre-sur-letude-de-la-mise-a-lagenda-par-friederike-richter\/","title":{"rendered":"Publication of a chapter on the study of scheduling by Friederike Richter"},"content":{"rendered":"<p><strong>Friederike Richter, Associate Researcher at the Defence Economics Chair - IHEDN, is co-author of a chapter in the book <em>Handbook of Public Administration<\/em>. <\/strong><\/p>\n\n\n\n<div class=\"wp-block-image\"><figure class=\"aligncenter size-medium\"><img loading=\"lazy\" decoding=\"async\" width=\"209\" height=\"300\" src=\"https:\/\/ecodef-ihedn.fr\/wp-content\/uploads\/2021\/09\/9781498750035-209x300.jpg\" alt=\"Friederike Richter, Chercheuse associ\u00e9e \u00e0 la Chaire \u00c9conomie de d\u00e9fense - IHEDN, est co-auteure d'un chapitre dans l'ouvrage Handbook of Public Administration. \" class=\"wp-image-3723\" srcset=\"https:\/\/ecodef-ihedn.fr\/wp-content\/uploads\/2021\/09\/9781498750035-209x300.jpg 209w, https:\/\/ecodef-ihedn.fr\/wp-content\/uploads\/2021\/09\/9781498750035-292x420.jpg 292w, https:\/\/ecodef-ihedn.fr\/wp-content\/uploads\/2021\/09\/9781498750035.jpg 350w\" sizes=\"auto, (max-width: 209px) 100vw, 209px\" \/><\/figure><\/div>\n\n\n\n<p><strong>Emiliano Grossman<\/strong> and <strong><a href=\"https:\/\/ecodef-ihedn.fr\/en\/les-cooperations-de-defense-en-europe-vers-plus-defficacite\/\" target=\"_blank\" rel=\"noreferrer noopener\">Friederike Richter<\/a><\/strong> are the authors of the chapter <em>\u00abAgenda-Setting in Comparative Perspective: Contrasting Policy-Making in France, the United Kingdom and the United States\u201d.\u201d <\/em>in the book <em>Handbook of Public Administration<\/em>, published by Barth Hildreth, Jerry Miller and Evert Lindquist at <a href=\"https:\/\/www.routledge.com\/Handbook-of-Public-Administration\/Hildreth-Miller-Lindquist\/p\/book\/9781498750035#:~:text=The%20Handbook%20of%20Public%20Administration,generation%20of%20public%20administration%20researchers.\" target=\"_blank\" rel=\"noreferrer noopener\">Routledge<\/a>. <\/p>\n\n\n\n<p>This chapter focuses on<strong> analysis of public policy, with a particular focus on the agenda-setting process<\/strong>. Agenda-setting studies are based on the principle that no objective fact constitutes a problem in itself, and that any public problem must therefore be constructed. For public policy to change, a (new) problem must therefore be recognised as such, including by decision-makers. But decision-makers' attention is limited and competition for it is fierce. Kingdon has proposed a very useful analytical framework for thinking about the conditions that enable an issue to reach the political agenda: feasibility, the acceptability of the issue in the political community, the costs of solving the problem, public support and the receptiveness of decision-makers.<\/p>\n\n\n\n<p>In this chapter, we analyse<strong> the development of public policy by examining the media and legislative processes in France, the United Kingdom and the United States<\/strong>. To do this, we are relying on data collected within the <em>Comparative Agendas Project<\/em> (CAP). This research programme, which was initiated by Baumgartner and Jones in the 1990s, developed an influential coding system to classify attention into thematic categories. This classification made it possible to <strong>study the dynamics of political agendas<\/strong>. Baumgartner and Jones thus demonstrated that public policy change tends to be characterised by punctuated equilibria: most policies are stable most of the time, and when they finally change, they tend to change radically. This research programme has now been extended to over 20 countries as part of the CAP, providing a unique opportunity to compare agenda-setting dynamics in different institutional contexts.<\/p>\n\n\n\n<p>To illustrate the possibilities of CAP data, this chapter looks at <strong>the role of the media in law-making in France, the United Kingdom and the United States<\/strong>. More specifically, we compare environmental issues with police and justice issues. In line with traditional media studies, we analyse <strong>the extent to which the media can influence agenda-setting and law-making<\/strong>. Empirical analysis shows that there is no clear pattern in the relationship between media coverage and lawmaking in the field of environmental policy. We see peaks of attention at different times, but they do not follow any clear rhythm. In relation to environmental issues, police and justice system issues show higher average levels of attention in all three countries, but - again - do not show a clear pattern. While attention has increased in France and the UK, correlations with the legislative agenda are temporary at best. Overall, <strong>Our empirical analysis confirms that the driving forces behind the media and lawmaking diverge and that their relationship, where it exists, is conditioned by factors other than those we have observed here.<\/strong><\/p>\n\n\n\n<p>This type of research offers the possibility of examining system-level dynamics and understanding the interaction between different subjects. The aim of this chapter was to illustrate some of the possibilities offered by CAP data, which have made it possible to renew the study of agenda setting.<\/p>\n\n\n\n<p class=\"has-text-align-center\"><strong><a href=\"https:\/\/www.routledge.com\/Handbook-of-Public-Administration\/Hildreth-Miller-Lindquist\/p\/book\/9781498750035#:~:text=The%20Handbook%20of%20Public%20Administration,generation%20of%20public%20administration%20researchers.\" target=\"_blank\" rel=\"noreferrer noopener\">&gt;&gt; to obtain the book &lt;&lt;<\/a><\/strong><\/p>\n\n\n\n<p><em>Emiliano Grossman and Friederike Richter (2021), \u201dAgenda-Setting in Comparative Perspective: Contrasting Policy-Making in France, the United Kingdom and the United States\" in Barth Hildreth, Jerry Miller and Evert Lindquist (eds.) Handbook of Public Administration, New York: Routledge, pp. 293-302.<\/em>.<\/p>","protected":false},"excerpt":{"rendered":"<p>Friederike Richter, Chercheuse associ\u00e9e \u00e0 la Chaire \u00c9conomie de d\u00e9fense &#8211; IHEDN, est co-auteure d&rsquo;un chapitre dans l&rsquo;ouvrage Handbook of Public Administration. Emiliano Grossman et Friederike Richter sont les auteurs du chapitre \u00ab\u00a0Agenda-Setting in Comparative Perspective: Contrasting Policy-Making in France, the United Kingdom and the United States\u201d dans l&rsquo;ouvrage Handbook of Public Administration, publi\u00e9 sous [&hellip;]<\/p>\n","protected":false},"author":2,"featured_media":3724,"comment_status":"open","ping_status":"open","sticky":false,"template":"","format":"standard","meta":{"footnotes":""},"categories":[350,415],"tags":[460,438,116,178,407,38,110,388],"class_list":{"0":"post-3722","1":"post","2":"type-post","3":"status-publish","4":"format-standard","5":"has-post-thumbnail","7":"category-publications","8":"category-thematique-5-integration-et-cooperation-de-defense-en-europe","9":"tag-agenda","10":"tag-ecodef","11":"tag-economie-de-la-defense","12":"tag-europe","13":"tag-friederike-richter","14":"tag-ihedn","15":"tag-publications","16":"tag-union-europeenne"},"yoast_head":"<!-- This site is optimized with the Yoast SEO plugin v27.4 - https:\/\/yoast.com\/product\/yoast-seo-wordpress\/ -->\n<title>Publication d&#039;un chapitre sur l&#039;\u00e9tude de la mise \u00e0 l&#039;agenda par Friederike Richter - Chaire \u00c9conomie de d\u00e9fense - IHEDN<\/title>\n<meta name=\"description\" content=\"Friederike Richter, Chercheuse associ\u00e9e \u00e0 la Chaire \u00c9conomie de d\u00e9fense - IHEDN, est co-auteure d&#039;un chapitre dans l&#039;ouvrage Handbook of Public Administration.\" \/>\n<meta name=\"robots\" content=\"index, follow, max-snippet:-1, max-image-preview:large, max-video-preview:-1\" \/>\n<link rel=\"canonical\" href=\"https:\/\/ecodef-ihedn.fr\/en\/publication-dun-chapitre-sur-letude-de-la-mise-a-lagenda-par-friederike-richter\/\" \/>\n<meta property=\"og:locale\" content=\"en_GB\" \/>\n<meta property=\"og:type\" content=\"article\" \/>\n<meta property=\"og:title\" content=\"Publication d&#039;un chapitre sur l&#039;\u00e9tude de la mise \u00e0 l&#039;agenda par Friederike Richter - Chaire \u00c9conomie de d\u00e9fense - IHEDN\" \/>\n<meta property=\"og:description\" content=\"Friederike Richter, Chercheuse associ\u00e9e \u00e0 la Chaire \u00c9conomie de d\u00e9fense - IHEDN, est co-auteure d&#039;un chapitre dans l&#039;ouvrage Handbook of Public Administration.\" \/>\n<meta property=\"og:url\" content=\"https:\/\/ecodef-ihedn.fr\/en\/publication-dun-chapitre-sur-letude-de-la-mise-a-lagenda-par-friederike-richter\/\" \/>\n<meta property=\"og:site_name\" content=\"Chaire \u00c9conomie de d\u00e9fense - IHEDN\" \/>\n<meta property=\"article:published_time\" content=\"2021-09-07T10:14:01+00:00\" \/>\n<meta property=\"article:modified_time\" content=\"2021-09-07T10:14:03+00:00\" \/>\n<meta property=\"og:image\" content=\"https:\/\/ecodef-ihedn.fr\/wp-content\/uploads\/2021\/09\/9781498750035-1-e1631008750857.jpg\" \/>\n\t<meta property=\"og:image:width\" content=\"349\" \/>\n\t<meta property=\"og:image:height\" content=\"262\" \/>\n\t<meta property=\"og:image:type\" content=\"image\/jpeg\" \/>\n<meta name=\"author\" content=\"Bertrand Demandre\" \/>\n<meta name=\"twitter:card\" content=\"summary_large_image\" \/>\n<meta name=\"twitter:creator\" content=\"@Chaire_Ecodef\" \/>\n<meta name=\"twitter:site\" content=\"@Chaire_Ecodef\" \/>\n<meta name=\"twitter:label1\" content=\"Written by\" \/>\n\t<meta name=\"twitter:data1\" content=\"Bertrand Demandre\" \/>\n\t<meta name=\"twitter:label2\" content=\"Estimated reading time\" \/>\n\t<meta name=\"twitter:data2\" content=\"3 minutes\" \/>\n<script type=\"application\/ld+json\" class=\"yoast-schema-graph\">{\"@context\":\"https:\\\/\\\/schema.org\",\"@graph\":[{\"@type\":\"Article\",\"@id\":\"https:\\\/\\\/ecodef-ihedn.fr\\\/publication-dun-chapitre-sur-letude-de-la-mise-a-lagenda-par-friederike-richter\\\/#article\",\"isPartOf\":{\"@id\":\"https:\\\/\\\/ecodef-ihedn.fr\\\/publication-dun-chapitre-sur-letude-de-la-mise-a-lagenda-par-friederike-richter\\\/\"},\"author\":{\"name\":\"Bertrand Demandre\",\"@id\":\"https:\\\/\\\/ecodef-ihedn.fr\\\/#\\\/schema\\\/person\\\/1cdf22d028cebe278126a6e07a884d30\"},\"headline\":\"Publication d&rsquo;un chapitre sur l&rsquo;\u00e9tude de la mise \u00e0 l&rsquo;agenda par Friederike Richter\",\"datePublished\":\"2021-09-07T10:14:01+00:00\",\"dateModified\":\"2021-09-07T10:14:03+00:00\",\"mainEntityOfPage\":{\"@id\":\"https:\\\/\\\/ecodef-ihedn.fr\\\/publication-dun-chapitre-sur-letude-de-la-mise-a-lagenda-par-friederike-richter\\\/\"},\"wordCount\":735,\"commentCount\":0,\"publisher\":{\"@id\":\"https:\\\/\\\/ecodef-ihedn.fr\\\/#organization\"},\"image\":{\"@id\":\"https:\\\/\\\/ecodef-ihedn.fr\\\/publication-dun-chapitre-sur-letude-de-la-mise-a-lagenda-par-friederike-richter\\\/#primaryimage\"},\"thumbnailUrl\":\"https:\\\/\\\/ecodef-ihedn.fr\\\/wp-content\\\/uploads\\\/2021\\\/09\\\/9781498750035-1-e1631008750857.jpg\",\"keywords\":[\"agenda\",\"ecodef\",\"Economie de la D\u00e9fense\",\"Europe\",\"Friederike Richter\",\"IHEDN\",\"Publications\",\"Union europ\u00e9enne\"],\"articleSection\":[\"Publications\",\"Th\u00e9matique 5 : int\u00e9gration et coop\u00e9ration de d\u00e9fense en Europe\"],\"inLanguage\":\"en-GB\",\"potentialAction\":[{\"@type\":\"CommentAction\",\"name\":\"Comment\",\"target\":[\"https:\\\/\\\/ecodef-ihedn.fr\\\/publication-dun-chapitre-sur-letude-de-la-mise-a-lagenda-par-friederike-richter\\\/#respond\"]}]},{\"@type\":\"WebPage\",\"@id\":\"https:\\\/\\\/ecodef-ihedn.fr\\\/publication-dun-chapitre-sur-letude-de-la-mise-a-lagenda-par-friederike-richter\\\/\",\"url\":\"https:\\\/\\\/ecodef-ihedn.fr\\\/publication-dun-chapitre-sur-letude-de-la-mise-a-lagenda-par-friederike-richter\\\/\",\"name\":\"Publication d'un chapitre sur l'\u00e9tude de la mise \u00e0 l'agenda par Friederike Richter - Chaire \u00c9conomie de d\u00e9fense - IHEDN\",\"isPartOf\":{\"@id\":\"https:\\\/\\\/ecodef-ihedn.fr\\\/#website\"},\"primaryImageOfPage\":{\"@id\":\"https:\\\/\\\/ecodef-ihedn.fr\\\/publication-dun-chapitre-sur-letude-de-la-mise-a-lagenda-par-friederike-richter\\\/#primaryimage\"},\"image\":{\"@id\":\"https:\\\/\\\/ecodef-ihedn.fr\\\/publication-dun-chapitre-sur-letude-de-la-mise-a-lagenda-par-friederike-richter\\\/#primaryimage\"},\"thumbnailUrl\":\"https:\\\/\\\/ecodef-ihedn.fr\\\/wp-content\\\/uploads\\\/2021\\\/09\\\/9781498750035-1-e1631008750857.jpg\",\"datePublished\":\"2021-09-07T10:14:01+00:00\",\"dateModified\":\"2021-09-07T10:14:03+00:00\",\"description\":\"Friederike Richter, Chercheuse associ\u00e9e \u00e0 la Chaire \u00c9conomie de d\u00e9fense - IHEDN, est co-auteure d'un chapitre dans l'ouvrage Handbook of Public Administration.\",\"breadcrumb\":{\"@id\":\"https:\\\/\\\/ecodef-ihedn.fr\\\/publication-dun-chapitre-sur-letude-de-la-mise-a-lagenda-par-friederike-richter\\\/#breadcrumb\"},\"inLanguage\":\"en-GB\",\"potentialAction\":[{\"@type\":\"ReadAction\",\"target\":[\"https:\\\/\\\/ecodef-ihedn.fr\\\/publication-dun-chapitre-sur-letude-de-la-mise-a-lagenda-par-friederike-richter\\\/\"]}]},{\"@type\":\"ImageObject\",\"inLanguage\":\"en-GB\",\"@id\":\"https:\\\/\\\/ecodef-ihedn.fr\\\/publication-dun-chapitre-sur-letude-de-la-mise-a-lagenda-par-friederike-richter\\\/#primaryimage\",\"url\":\"https:\\\/\\\/ecodef-ihedn.fr\\\/wp-content\\\/uploads\\\/2021\\\/09\\\/9781498750035-1-e1631008750857.jpg\",\"contentUrl\":\"https:\\\/\\\/ecodef-ihedn.fr\\\/wp-content\\\/uploads\\\/2021\\\/09\\\/9781498750035-1-e1631008750857.jpg\",\"width\":349,\"height\":262},{\"@type\":\"BreadcrumbList\",\"@id\":\"https:\\\/\\\/ecodef-ihedn.fr\\\/publication-dun-chapitre-sur-letude-de-la-mise-a-lagenda-par-friederike-richter\\\/#breadcrumb\",\"itemListElement\":[{\"@type\":\"ListItem\",\"position\":1,\"name\":\"Accueil\",\"item\":\"https:\\\/\\\/ecodef-ihedn.fr\\\/\"},{\"@type\":\"ListItem\",\"position\":2,\"name\":\"Publication d&#8217;un chapitre sur l&#8217;\u00e9tude de la mise \u00e0 l&#8217;agenda par Friederike Richter\"}]},{\"@type\":\"WebSite\",\"@id\":\"https:\\\/\\\/ecodef-ihedn.fr\\\/#website\",\"url\":\"https:\\\/\\\/ecodef-ihedn.fr\\\/\",\"name\":\"Chaire \u00c9conomie de D\u00e9fense - IHEDN\",\"description\":\"Produire &amp; soutenir, f\u00e9d\u00e9rer &amp; diffuser, \u00eatre une interface\",\"publisher\":{\"@id\":\"https:\\\/\\\/ecodef-ihedn.fr\\\/#organization\"},\"potentialAction\":[{\"@type\":\"SearchAction\",\"target\":{\"@type\":\"EntryPoint\",\"urlTemplate\":\"https:\\\/\\\/ecodef-ihedn.fr\\\/?s={search_term_string}\"},\"query-input\":{\"@type\":\"PropertyValueSpecification\",\"valueRequired\":true,\"valueName\":\"search_term_string\"}}],\"inLanguage\":\"en-GB\"},{\"@type\":\"Organization\",\"@id\":\"https:\\\/\\\/ecodef-ihedn.fr\\\/#organization\",\"name\":\"Chaire \u00c9conomie de d\u00e9fense - IHEDN\",\"url\":\"https:\\\/\\\/ecodef-ihedn.fr\\\/\",\"logo\":{\"@type\":\"ImageObject\",\"inLanguage\":\"en-GB\",\"@id\":\"https:\\\/\\\/ecodef-ihedn.fr\\\/#\\\/schema\\\/logo\\\/image\\\/\",\"url\":\"https:\\\/\\\/ecodef-ihedn.fr\\\/wp-content\\\/uploads\\\/2020\\\/04\\\/logoEcodef9.jpg\",\"contentUrl\":\"https:\\\/\\\/ecodef-ihedn.fr\\\/wp-content\\\/uploads\\\/2020\\\/04\\\/logoEcodef9.jpg\",\"width\":410,\"height\":212,\"caption\":\"Chaire \u00c9conomie de d\u00e9fense - IHEDN\"},\"image\":{\"@id\":\"https:\\\/\\\/ecodef-ihedn.fr\\\/#\\\/schema\\\/logo\\\/image\\\/\"},\"sameAs\":[\"https:\\\/\\\/x.com\\\/Chaire_Ecodef\",\"https:\\\/\\\/www.linkedin.com\\\/company\\\/chaire-ecodef-ihedn\\\/\"]},{\"@type\":\"Person\",\"@id\":\"https:\\\/\\\/ecodef-ihedn.fr\\\/#\\\/schema\\\/person\\\/1cdf22d028cebe278126a6e07a884d30\",\"name\":\"Bertrand Demandre\",\"image\":{\"@type\":\"ImageObject\",\"inLanguage\":\"en-GB\",\"@id\":\"https:\\\/\\\/secure.gravatar.com\\\/avatar\\\/d9c9746d6c900ab5b9c0f9b1fa3932e369da923da247d624b8f7ab4ba8a3c093?s=96&d=mm&r=g\",\"url\":\"https:\\\/\\\/secure.gravatar.com\\\/avatar\\\/d9c9746d6c900ab5b9c0f9b1fa3932e369da923da247d624b8f7ab4ba8a3c093?s=96&d=mm&r=g\",\"contentUrl\":\"https:\\\/\\\/secure.gravatar.com\\\/avatar\\\/d9c9746d6c900ab5b9c0f9b1fa3932e369da923da247d624b8f7ab4ba8a3c093?s=96&d=mm&r=g\",\"caption\":\"Bertrand Demandre\"},\"url\":\"https:\\\/\\\/ecodef-ihedn.fr\\\/en\\\/author\\\/bertrand\\\/\"}]}<\/script>\n<!-- \/ Yoast SEO plugin. -->","yoast_head_json":{"title":"Publication d'un chapitre sur l'\u00e9tude de la mise \u00e0 l'agenda par Friederike Richter - Chaire \u00c9conomie de d\u00e9fense - IHEDN","description":"Friederike Richter, Chercheuse associ\u00e9e \u00e0 la Chaire \u00c9conomie de d\u00e9fense - IHEDN, est co-auteure d'un chapitre dans l'ouvrage Handbook of Public Administration.","robots":{"index":"index","follow":"follow","max-snippet":"max-snippet:-1","max-image-preview":"max-image-preview:large","max-video-preview":"max-video-preview:-1"},"canonical":"https:\/\/ecodef-ihedn.fr\/en\/publication-dun-chapitre-sur-letude-de-la-mise-a-lagenda-par-friederike-richter\/","og_locale":"en_GB","og_type":"article","og_title":"Publication d'un chapitre sur l'\u00e9tude de la mise \u00e0 l'agenda par Friederike Richter - Chaire \u00c9conomie de d\u00e9fense - IHEDN","og_description":"Friederike Richter, Chercheuse associ\u00e9e \u00e0 la Chaire \u00c9conomie de d\u00e9fense - IHEDN, est co-auteure d'un chapitre dans l'ouvrage Handbook of Public Administration.","og_url":"https:\/\/ecodef-ihedn.fr\/en\/publication-dun-chapitre-sur-letude-de-la-mise-a-lagenda-par-friederike-richter\/","og_site_name":"Chaire \u00c9conomie de d\u00e9fense - IHEDN","article_published_time":"2021-09-07T10:14:01+00:00","article_modified_time":"2021-09-07T10:14:03+00:00","og_image":[{"width":349,"height":262,"url":"https:\/\/ecodef-ihedn.fr\/wp-content\/uploads\/2021\/09\/9781498750035-1-e1631008750857.jpg","type":"image\/jpeg"}],"author":"Bertrand Demandre","twitter_card":"summary_large_image","twitter_creator":"@Chaire_Ecodef","twitter_site":"@Chaire_Ecodef","twitter_misc":{"Written by":"Bertrand Demandre","Estimated reading time":"3 minutes"},"schema":{"@context":"https:\/\/schema.org","@graph":[{"@type":"Article","@id":"https:\/\/ecodef-ihedn.fr\/publication-dun-chapitre-sur-letude-de-la-mise-a-lagenda-par-friederike-richter\/#article","isPartOf":{"@id":"https:\/\/ecodef-ihedn.fr\/publication-dun-chapitre-sur-letude-de-la-mise-a-lagenda-par-friederike-richter\/"},"author":{"name":"Bertrand Demandre","@id":"https:\/\/ecodef-ihedn.fr\/#\/schema\/person\/1cdf22d028cebe278126a6e07a884d30"},"headline":"Publication d&rsquo;un chapitre sur l&rsquo;\u00e9tude de la mise \u00e0 l&rsquo;agenda par Friederike Richter","datePublished":"2021-09-07T10:14:01+00:00","dateModified":"2021-09-07T10:14:03+00:00","mainEntityOfPage":{"@id":"https:\/\/ecodef-ihedn.fr\/publication-dun-chapitre-sur-letude-de-la-mise-a-lagenda-par-friederike-richter\/"},"wordCount":735,"commentCount":0,"publisher":{"@id":"https:\/\/ecodef-ihedn.fr\/#organization"},"image":{"@id":"https:\/\/ecodef-ihedn.fr\/publication-dun-chapitre-sur-letude-de-la-mise-a-lagenda-par-friederike-richter\/#primaryimage"},"thumbnailUrl":"https:\/\/ecodef-ihedn.fr\/wp-content\/uploads\/2021\/09\/9781498750035-1-e1631008750857.jpg","keywords":["agenda","ecodef","Economie de la D\u00e9fense","Europe","Friederike Richter","IHEDN","Publications","Union europ\u00e9enne"],"articleSection":["Publications","Th\u00e9matique 5 : int\u00e9gration et coop\u00e9ration de d\u00e9fense en Europe"],"inLanguage":"en-GB","potentialAction":[{"@type":"CommentAction","name":"Comment","target":["https:\/\/ecodef-ihedn.fr\/publication-dun-chapitre-sur-letude-de-la-mise-a-lagenda-par-friederike-richter\/#respond"]}]},{"@type":"WebPage","@id":"https:\/\/ecodef-ihedn.fr\/publication-dun-chapitre-sur-letude-de-la-mise-a-lagenda-par-friederike-richter\/","url":"https:\/\/ecodef-ihedn.fr\/publication-dun-chapitre-sur-letude-de-la-mise-a-lagenda-par-friederike-richter\/","name":"Publication d'un chapitre sur l'\u00e9tude de la mise \u00e0 l'agenda par Friederike Richter - Chaire \u00c9conomie de d\u00e9fense - IHEDN","isPartOf":{"@id":"https:\/\/ecodef-ihedn.fr\/#website"},"primaryImageOfPage":{"@id":"https:\/\/ecodef-ihedn.fr\/publication-dun-chapitre-sur-letude-de-la-mise-a-lagenda-par-friederike-richter\/#primaryimage"},"image":{"@id":"https:\/\/ecodef-ihedn.fr\/publication-dun-chapitre-sur-letude-de-la-mise-a-lagenda-par-friederike-richter\/#primaryimage"},"thumbnailUrl":"https:\/\/ecodef-ihedn.fr\/wp-content\/uploads\/2021\/09\/9781498750035-1-e1631008750857.jpg","datePublished":"2021-09-07T10:14:01+00:00","dateModified":"2021-09-07T10:14:03+00:00","description":"Friederike Richter, Chercheuse associ\u00e9e \u00e0 la Chaire \u00c9conomie de d\u00e9fense - IHEDN, est co-auteure d'un chapitre dans l'ouvrage Handbook of Public Administration.","breadcrumb":{"@id":"https:\/\/ecodef-ihedn.fr\/publication-dun-chapitre-sur-letude-de-la-mise-a-lagenda-par-friederike-richter\/#breadcrumb"},"inLanguage":"en-GB","potentialAction":[{"@type":"ReadAction","target":["https:\/\/ecodef-ihedn.fr\/publication-dun-chapitre-sur-letude-de-la-mise-a-lagenda-par-friederike-richter\/"]}]},{"@type":"ImageObject","inLanguage":"en-GB","@id":"https:\/\/ecodef-ihedn.fr\/publication-dun-chapitre-sur-letude-de-la-mise-a-lagenda-par-friederike-richter\/#primaryimage","url":"https:\/\/ecodef-ihedn.fr\/wp-content\/uploads\/2021\/09\/9781498750035-1-e1631008750857.jpg","contentUrl":"https:\/\/ecodef-ihedn.fr\/wp-content\/uploads\/2021\/09\/9781498750035-1-e1631008750857.jpg","width":349,"height":262},{"@type":"BreadcrumbList","@id":"https:\/\/ecodef-ihedn.fr\/publication-dun-chapitre-sur-letude-de-la-mise-a-lagenda-par-friederike-richter\/#breadcrumb","itemListElement":[{"@type":"ListItem","position":1,"name":"Accueil","item":"https:\/\/ecodef-ihedn.fr\/"},{"@type":"ListItem","position":2,"name":"Publication d&#8217;un chapitre sur l&#8217;\u00e9tude de la mise \u00e0 l&#8217;agenda par Friederike Richter"}]},{"@type":"WebSite","@id":"https:\/\/ecodef-ihedn.fr\/#website","url":"https:\/\/ecodef-ihedn.fr\/","name":"Chair in Defence Economics - IHEDN","description":"Produce &amp; support, federate &amp; disseminate, act as an interface","publisher":{"@id":"https:\/\/ecodef-ihedn.fr\/#organization"},"potentialAction":[{"@type":"SearchAction","target":{"@type":"EntryPoint","urlTemplate":"https:\/\/ecodef-ihedn.fr\/?s={search_term_string}"},"query-input":{"@type":"PropertyValueSpecification","valueRequired":true,"valueName":"search_term_string"}}],"inLanguage":"en-GB"},{"@type":"Organization","@id":"https:\/\/ecodef-ihedn.fr\/#organization","name":"Chair in Defence Economics - IHEDN","url":"https:\/\/ecodef-ihedn.fr\/","logo":{"@type":"ImageObject","inLanguage":"en-GB","@id":"https:\/\/ecodef-ihedn.fr\/#\/schema\/logo\/image\/","url":"https:\/\/ecodef-ihedn.fr\/wp-content\/uploads\/2020\/04\/logoEcodef9.jpg","contentUrl":"https:\/\/ecodef-ihedn.fr\/wp-content\/uploads\/2020\/04\/logoEcodef9.jpg","width":410,"height":212,"caption":"Chaire \u00c9conomie de d\u00e9fense - IHEDN"},"image":{"@id":"https:\/\/ecodef-ihedn.fr\/#\/schema\/logo\/image\/"},"sameAs":["https:\/\/x.com\/Chaire_Ecodef","https:\/\/www.linkedin.com\/company\/chaire-ecodef-ihedn\/"]},{"@type":"Person","@id":"https:\/\/ecodef-ihedn.fr\/#\/schema\/person\/1cdf22d028cebe278126a6e07a884d30","name":"Bertrand Demandre","image":{"@type":"ImageObject","inLanguage":"en-GB","@id":"https:\/\/secure.gravatar.com\/avatar\/d9c9746d6c900ab5b9c0f9b1fa3932e369da923da247d624b8f7ab4ba8a3c093?s=96&d=mm&r=g","url":"https:\/\/secure.gravatar.com\/avatar\/d9c9746d6c900ab5b9c0f9b1fa3932e369da923da247d624b8f7ab4ba8a3c093?s=96&d=mm&r=g","contentUrl":"https:\/\/secure.gravatar.com\/avatar\/d9c9746d6c900ab5b9c0f9b1fa3932e369da923da247d624b8f7ab4ba8a3c093?s=96&d=mm&r=g","caption":"Bertrand Demandre"},"url":"https:\/\/ecodef-ihedn.fr\/en\/author\/bertrand\/"}]}},"_links":{"self":[{"href":"https:\/\/ecodef-ihedn.fr\/en\/wp-json\/wp\/v2\/posts\/3722","targetHints":{"allow":["GET"]}}],"collection":[{"href":"https:\/\/ecodef-ihedn.fr\/en\/wp-json\/wp\/v2\/posts"}],"about":[{"href":"https:\/\/ecodef-ihedn.fr\/en\/wp-json\/wp\/v2\/types\/post"}],"author":[{"embeddable":true,"href":"https:\/\/ecodef-ihedn.fr\/en\/wp-json\/wp\/v2\/users\/2"}],"replies":[{"embeddable":true,"href":"https:\/\/ecodef-ihedn.fr\/en\/wp-json\/wp\/v2\/comments?post=3722"}],"version-history":[{"count":3,"href":"https:\/\/ecodef-ihedn.fr\/en\/wp-json\/wp\/v2\/posts\/3722\/revisions"}],"predecessor-version":[{"id":3728,"href":"https:\/\/ecodef-ihedn.fr\/en\/wp-json\/wp\/v2\/posts\/3722\/revisions\/3728"}],"wp:featuredmedia":[{"embeddable":true,"href":"https:\/\/ecodef-ihedn.fr\/en\/wp-json\/wp\/v2\/media\/3724"}],"wp:attachment":[{"href":"https:\/\/ecodef-ihedn.fr\/en\/wp-json\/wp\/v2\/media?parent=3722"}],"wp:term":[{"taxonomy":"category","embeddable":true,"href":"https:\/\/ecodef-ihedn.fr\/en\/wp-json\/wp\/v2\/categories?post=3722"},{"taxonomy":"post_tag","embeddable":true,"href":"https:\/\/ecodef-ihedn.fr\/en\/wp-json\/wp\/v2\/tags?post=3722"}],"curies":[{"name":"wp","href":"https:\/\/api.w.org\/{rel}","templated":true}]}}