{"id":3852,"date":"2021-10-14T11:34:42","date_gmt":"2021-10-14T11:34:42","guid":{"rendered":"https:\/\/ecodef-ihedn.fr\/?p=3852"},"modified":"2023-04-03T10:46:23","modified_gmt":"2023-04-03T10:46:23","slug":"video-webinaire-le-financement-des-entreprises-de-defense-les-entretiens-de-lecodef-2-le-13-octobre-2021","status":"publish","type":"post","link":"https:\/\/ecodef-ihedn.fr\/en\/video-webinaire-le-financement-des-entreprises-de-defense-les-entretiens-de-lecodef-2-le-13-octobre-2021\/","title":{"rendered":"[VID\u00c9O] webinaire \u201cLe financement des entreprises de d\u00e9fense\u201d (Les entretiens de l\u2019ECODEF #2 \/ 13 octobre 2021)"},"content":{"rendered":"<p><strong>Watch all the Chair's videos on its website&nbsp;<a href=\"https:\/\/www.youtube.com\/channel\/UC_dKcdKpWM-Cfk7gujhqXtA\/featured\" target=\"_blank\" rel=\"noreferrer noopener\">YouTube channel<\/a>.<\/strong><\/p>\n\n\n<div class=\"wp-block-image\">\n<figure class=\"aligncenter size-large is-resized\"><img loading=\"lazy\" decoding=\"async\" src=\"https:\/\/ecodef-ihedn.fr\/wp-content\/uploads\/2021\/10\/Webinaire-Financement-illustration-1024x597.jpeg\" alt=\"\" class=\"wp-image-3853\" width=\"512\" height=\"299\" srcset=\"https:\/\/ecodef-ihedn.fr\/wp-content\/uploads\/2021\/10\/Webinaire-Financement-illustration-1024x597.jpeg 1024w, https:\/\/ecodef-ihedn.fr\/wp-content\/uploads\/2021\/10\/Webinaire-Financement-illustration-300x175.jpeg 300w, https:\/\/ecodef-ihedn.fr\/wp-content\/uploads\/2021\/10\/Webinaire-Financement-illustration-768x448.jpeg 768w, https:\/\/ecodef-ihedn.fr\/wp-content\/uploads\/2021\/10\/Webinaire-Financement-illustration-1536x895.jpeg 1536w, https:\/\/ecodef-ihedn.fr\/wp-content\/uploads\/2021\/10\/Webinaire-Financement-illustration-696x406.jpeg 696w, https:\/\/ecodef-ihedn.fr\/wp-content\/uploads\/2021\/10\/Webinaire-Financement-illustration-1392x811.jpeg 1392w, https:\/\/ecodef-ihedn.fr\/wp-content\/uploads\/2021\/10\/Webinaire-Financement-illustration-1068x623.jpeg 1068w, https:\/\/ecodef-ihedn.fr\/wp-content\/uploads\/2021\/10\/Webinaire-Financement-illustration-720x420.jpeg 720w, https:\/\/ecodef-ihedn.fr\/wp-content\/uploads\/2021\/10\/Webinaire-Financement-illustration-1441x840.jpeg 1441w, https:\/\/ecodef-ihedn.fr\/wp-content\/uploads\/2021\/10\/Webinaire-Financement-illustration.jpeg 1820w\" sizes=\"auto, (max-width: 512px) 100vw, 512px\" \/><\/figure>\n<\/div>\n\n\n<p>In order to give its audiences a better understanding of the economic challenges of defence activities, the Chair offers<strong>&nbsp;\u201cThe ECODEF talks\u201d<\/strong>, a <a href=\"https:\/\/ecodef-ihedn.fr\/en\/video-webinaire-investissements-de-defense-quelle-contribution-face-aux-enjeux-economiques-actuels-les-entretiens-de-lecodef-7-juillet-2021\/\" target=\"_blank\" rel=\"noreferrer noopener\">series of webinars<\/a> during which the results of its researchers' work are presented in the form of interviews.&nbsp;<\/p>\n\n\n\n<p> The second issue took place on&nbsp;<strong>Wednesday 13 October at 8.30am<\/strong>, at the Centre de documentation de l'\u00c9cole militaire, on the theme :<\/p>\n\n\n\n<h4 class=\"has-text-align-center wp-block-heading\"><strong><em>Financing defence companies<\/em><\/strong><\/h4>\n\n\n\n<p>Companies have to finance their production cycle, their investments and their research and innovation activities. A number of parliamentary reports have highlighted the growing financing difficulties faced by defence companies. This webinar will provide an opportunity to take stock of the Chair's work on this subject and to discuss the growing financing difficulties in this area.<\/p>\n\n\n\n<div class=\"wp-block-buttons is-horizontal is-content-justification-center is-layout-flex wp-container-core-buttons-is-layout-499968f5 wp-block-buttons-is-layout-flex\">\n<div class=\"wp-block-button\"><a class=\"wp-block-button__link\" href=\"https:\/\/youtu.be\/zEu20n3m15I\" target=\"_blank\" rel=\"noreferrer noopener\">Watch or replay the webinar<\/a><\/div>\n<\/div>\n\n\n\n<p><strong>Discussants:<\/strong><\/p>\n\n\n\n<ul class=\"wp-block-list\"><li><strong>Jean Belin<\/strong>&nbsp;(Holder of the Chair in Defence Economics - IHEDN)<\/li><li><strong>Victor Raffour<\/strong>&nbsp;(Head of Financing &amp; Strategy, ARQUUS)<\/li><\/ul>\n\n\n\n<p><strong>Moderator:<\/strong><\/p>\n\n\n\n<ul class=\"wp-block-list\"><li><strong>Olivier Martin<\/strong>&nbsp;(Chairman of the Steering Committee of the Defence Economics Chair - IHEDN)<\/li><\/ul>","protected":false},"excerpt":{"rendered":"<p>Retrouvez l\u2019int\u00e9gralit\u00e9 des vid\u00e9os de la Chaire sur sa&nbsp;cha\u00eene YouTube. Afin de permettre \u00e0 son public de mieux appr\u00e9hender les enjeux \u00e9conomiques des activit\u00e9s de d\u00e9fense, la Chaire propose&nbsp;\u201cLes entretiens de l\u2019ECODEF\u201d, une s\u00e9rie de webinaires au cours desquels les r\u00e9sultats des travaux de ses chercheurs sont pr\u00e9sent\u00e9s sous forme d\u2019entretiens.&nbsp; Le deuxi\u00e8me num\u00e9ro s&rsquo;est [&hellip;]<\/p>\n","protected":false},"author":2,"featured_media":3804,"comment_status":"open","ping_status":"open","sticky":false,"template":"","format":"standard","meta":{"footnotes":""},"categories":[34,355],"tags":[467,162,41,438,47,466,473,74,141,38,149,287,417,474,455],"class_list":{"0":"post-3852","1":"post","2":"type-post","3":"status-publish","4":"format-standard","5":"has-post-thumbnail","7":"category-activites","8":"category-activites-evenements-portes-par-la-chaire","9":"tag-arquus","10":"tag-chaire-economie-de-defense","11":"tag-conference","12":"tag-ecodef","13":"tag-economie-de-defense","14":"tag-entreprises-de-defense","15":"tag-entretiens-de-lecodef","16":"tag-financement","17":"tag-financement-de-la-defense","18":"tag-ihedn","19":"tag-industrie-de-defense","20":"tag-jean-belin","21":"tag-olivier-martin","22":"tag-victor-raffour","23":"tag-webinaire"},"yoast_head":"<!-- This site is optimized with the Yoast SEO plugin v27.4 - https:\/\/yoast.com\/product\/yoast-seo-wordpress\/ -->\n<title>[VID\u00c9O] webinaire \u201cLe financement des entreprises de d\u00e9fense\u201d (Les entretiens de l\u2019ECODEF #2 \/ 13 octobre 2021) - Chaire \u00c9conomie de d\u00e9fense - IHEDN<\/title>\n<meta name=\"description\" content=\"Afin de permettre \u00e0 son public de mieux appr\u00e9hender les enjeux \u00e9conomiques des activit\u00e9s de d\u00e9fense, la Chaire propose\u00a0\u201cLes entretiens de l\u2019ECODEF\u201d, une s\u00e9rie de webinaires au cours desquels les r\u00e9sultats des travaux de ses chercheurs sont pr\u00e9sent\u00e9s sous forme d\u2019entretiens.\u00a0\" \/>\n<meta name=\"robots\" content=\"index, follow, max-snippet:-1, max-image-preview:large, max-video-preview:-1\" \/>\n<link rel=\"canonical\" href=\"https:\/\/ecodef-ihedn.fr\/en\/video-webinaire-le-financement-des-entreprises-de-defense-les-entretiens-de-lecodef-2-le-13-octobre-2021\/\" \/>\n<meta property=\"og:locale\" content=\"en_GB\" \/>\n<meta property=\"og:type\" content=\"article\" \/>\n<meta property=\"og:title\" content=\"[VID\u00c9O] webinaire \u201cLe financement des entreprises de d\u00e9fense\u201d (Les entretiens de l\u2019ECODEF #2 \/ 13 octobre 2021) - Chaire \u00c9conomie de d\u00e9fense - IHEDN\" \/>\n<meta property=\"og:description\" content=\"Afin de permettre \u00e0 son public de mieux appr\u00e9hender les enjeux \u00e9conomiques des activit\u00e9s de d\u00e9fense, la Chaire propose\u00a0\u201cLes entretiens de l\u2019ECODEF\u201d, une s\u00e9rie de webinaires au cours desquels les r\u00e9sultats des travaux de ses chercheurs sont pr\u00e9sent\u00e9s sous forme d\u2019entretiens.\u00a0\" \/>\n<meta property=\"og:url\" content=\"https:\/\/ecodef-ihedn.fr\/en\/video-webinaire-le-financement-des-entreprises-de-defense-les-entretiens-de-lecodef-2-le-13-octobre-2021\/\" \/>\n<meta property=\"og:site_name\" content=\"Chaire \u00c9conomie de d\u00e9fense - IHEDN\" \/>\n<meta property=\"article:published_time\" content=\"2021-10-14T11:34:42+00:00\" \/>\n<meta property=\"article:modified_time\" content=\"2023-04-03T10:46:23+00:00\" \/>\n<meta property=\"og:image\" content=\"https:\/\/ecodef-ihedn.fr\/wp-content\/uploads\/2021\/09\/CHAIRE-ECODEF-Web-Couverture-scaled-e1632904951193.jpg\" \/>\n\t<meta property=\"og:image:width\" content=\"1766\" \/>\n\t<meta property=\"og:image:height\" content=\"1324\" \/>\n\t<meta property=\"og:image:type\" content=\"image\/jpeg\" \/>\n<meta name=\"author\" content=\"Bertrand Demandre\" \/>\n<meta name=\"twitter:card\" content=\"summary_large_image\" \/>\n<meta name=\"twitter:creator\" content=\"@Chaire_Ecodef\" \/>\n<meta name=\"twitter:site\" content=\"@Chaire_Ecodef\" \/>\n<meta name=\"twitter:label1\" content=\"Written by\" \/>\n\t<meta name=\"twitter:data1\" content=\"Bertrand Demandre\" \/>\n\t<meta name=\"twitter:label2\" content=\"Estimated reading time\" \/>\n\t<meta name=\"twitter:data2\" content=\"2 minutes\" \/>\n<script type=\"application\/ld+json\" class=\"yoast-schema-graph\">{\"@context\":\"https:\\\/\\\/schema.org\",\"@graph\":[{\"@type\":\"Article\",\"@id\":\"https:\\\/\\\/ecodef-ihedn.fr\\\/video-webinaire-le-financement-des-entreprises-de-defense-les-entretiens-de-lecodef-2-le-13-octobre-2021\\\/#article\",\"isPartOf\":{\"@id\":\"https:\\\/\\\/ecodef-ihedn.fr\\\/video-webinaire-le-financement-des-entreprises-de-defense-les-entretiens-de-lecodef-2-le-13-octobre-2021\\\/\"},\"author\":{\"name\":\"Bertrand Demandre\",\"@id\":\"https:\\\/\\\/ecodef-ihedn.fr\\\/#\\\/schema\\\/person\\\/1cdf22d028cebe278126a6e07a884d30\"},\"headline\":\"[VID\u00c9O] webinaire \u201cLe financement des entreprises de d\u00e9fense\u201d (Les entretiens de l\u2019ECODEF #2 \\\/ 13 octobre 2021)\",\"datePublished\":\"2021-10-14T11:34:42+00:00\",\"dateModified\":\"2023-04-03T10:46:23+00:00\",\"mainEntityOfPage\":{\"@id\":\"https:\\\/\\\/ecodef-ihedn.fr\\\/video-webinaire-le-financement-des-entreprises-de-defense-les-entretiens-de-lecodef-2-le-13-octobre-2021\\\/\"},\"wordCount\":227,\"commentCount\":2,\"publisher\":{\"@id\":\"https:\\\/\\\/ecodef-ihedn.fr\\\/#organization\"},\"image\":{\"@id\":\"https:\\\/\\\/ecodef-ihedn.fr\\\/video-webinaire-le-financement-des-entreprises-de-defense-les-entretiens-de-lecodef-2-le-13-octobre-2021\\\/#primaryimage\"},\"thumbnailUrl\":\"https:\\\/\\\/ecodef-ihedn.fr\\\/wp-content\\\/uploads\\\/2021\\\/09\\\/CHAIRE-ECODEF-Web-Couverture-scaled-e1632904951193.jpg\",\"keywords\":[\"Arquus\",\"chaire \u00e9conomie de d\u00e9fense\",\"conf\u00e9rence\",\"ecodef\",\"\u00e9conomie de d\u00e9fense\",\"entreprises de d\u00e9fense\",\"entretiens de l&#039;ecodef\",\"financement\",\"financement de la d\u00e9fense\",\"IHEDN\",\"industrie de d\u00e9fense\",\"Jean Belin\",\"Olivier Martin\",\"Victor Raffour\",\"webinaire\"],\"articleSection\":[\"Activit\u00e9s\",\"Activit\u00e9s : \u00e9v\u00e9nements port\u00e9s par la Chaire\"],\"inLanguage\":\"en-GB\",\"potentialAction\":[{\"@type\":\"CommentAction\",\"name\":\"Comment\",\"target\":[\"https:\\\/\\\/ecodef-ihedn.fr\\\/video-webinaire-le-financement-des-entreprises-de-defense-les-entretiens-de-lecodef-2-le-13-octobre-2021\\\/#respond\"]}]},{\"@type\":\"WebPage\",\"@id\":\"https:\\\/\\\/ecodef-ihedn.fr\\\/video-webinaire-le-financement-des-entreprises-de-defense-les-entretiens-de-lecodef-2-le-13-octobre-2021\\\/\",\"url\":\"https:\\\/\\\/ecodef-ihedn.fr\\\/video-webinaire-le-financement-des-entreprises-de-defense-les-entretiens-de-lecodef-2-le-13-octobre-2021\\\/\",\"name\":\"[VID\u00c9O] webinaire \u201cLe financement des entreprises de d\u00e9fense\u201d (Les entretiens de l\u2019ECODEF #2 \\\/ 13 octobre 2021) - Chaire \u00c9conomie de d\u00e9fense - IHEDN\",\"isPartOf\":{\"@id\":\"https:\\\/\\\/ecodef-ihedn.fr\\\/#website\"},\"primaryImageOfPage\":{\"@id\":\"https:\\\/\\\/ecodef-ihedn.fr\\\/video-webinaire-le-financement-des-entreprises-de-defense-les-entretiens-de-lecodef-2-le-13-octobre-2021\\\/#primaryimage\"},\"image\":{\"@id\":\"https:\\\/\\\/ecodef-ihedn.fr\\\/video-webinaire-le-financement-des-entreprises-de-defense-les-entretiens-de-lecodef-2-le-13-octobre-2021\\\/#primaryimage\"},\"thumbnailUrl\":\"https:\\\/\\\/ecodef-ihedn.fr\\\/wp-content\\\/uploads\\\/2021\\\/09\\\/CHAIRE-ECODEF-Web-Couverture-scaled-e1632904951193.jpg\",\"datePublished\":\"2021-10-14T11:34:42+00:00\",\"dateModified\":\"2023-04-03T10:46:23+00:00\",\"description\":\"Afin de permettre \u00e0 son public de mieux appr\u00e9hender les enjeux \u00e9conomiques des activit\u00e9s de d\u00e9fense, la Chaire propose\u00a0\u201cLes entretiens de l\u2019ECODEF\u201d, une s\u00e9rie de webinaires au cours desquels les r\u00e9sultats des travaux de ses chercheurs sont pr\u00e9sent\u00e9s sous forme d\u2019entretiens.\u00a0\",\"breadcrumb\":{\"@id\":\"https:\\\/\\\/ecodef-ihedn.fr\\\/video-webinaire-le-financement-des-entreprises-de-defense-les-entretiens-de-lecodef-2-le-13-octobre-2021\\\/#breadcrumb\"},\"inLanguage\":\"en-GB\",\"potentialAction\":[{\"@type\":\"ReadAction\",\"target\":[\"https:\\\/\\\/ecodef-ihedn.fr\\\/video-webinaire-le-financement-des-entreprises-de-defense-les-entretiens-de-lecodef-2-le-13-octobre-2021\\\/\"]}]},{\"@type\":\"ImageObject\",\"inLanguage\":\"en-GB\",\"@id\":\"https:\\\/\\\/ecodef-ihedn.fr\\\/video-webinaire-le-financement-des-entreprises-de-defense-les-entretiens-de-lecodef-2-le-13-octobre-2021\\\/#primaryimage\",\"url\":\"https:\\\/\\\/ecodef-ihedn.fr\\\/wp-content\\\/uploads\\\/2021\\\/09\\\/CHAIRE-ECODEF-Web-Couverture-scaled-e1632904951193.jpg\",\"contentUrl\":\"https:\\\/\\\/ecodef-ihedn.fr\\\/wp-content\\\/uploads\\\/2021\\\/09\\\/CHAIRE-ECODEF-Web-Couverture-scaled-e1632904951193.jpg\",\"width\":1766,\"height\":1324},{\"@type\":\"BreadcrumbList\",\"@id\":\"https:\\\/\\\/ecodef-ihedn.fr\\\/video-webinaire-le-financement-des-entreprises-de-defense-les-entretiens-de-lecodef-2-le-13-octobre-2021\\\/#breadcrumb\",\"itemListElement\":[{\"@type\":\"ListItem\",\"position\":1,\"name\":\"Accueil\",\"item\":\"https:\\\/\\\/ecodef-ihedn.fr\\\/\"},{\"@type\":\"ListItem\",\"position\":2,\"name\":\"[VID\u00c9O] webinaire \u201cLe financement des entreprises de d\u00e9fense\u201d (Les entretiens de l\u2019ECODEF #2 \\\/ 13 octobre 2021)\"}]},{\"@type\":\"WebSite\",\"@id\":\"https:\\\/\\\/ecodef-ihedn.fr\\\/#website\",\"url\":\"https:\\\/\\\/ecodef-ihedn.fr\\\/\",\"name\":\"Chaire \u00c9conomie de D\u00e9fense - IHEDN\",\"description\":\"Produire &amp; soutenir, f\u00e9d\u00e9rer &amp; diffuser, \u00eatre une interface\",\"publisher\":{\"@id\":\"https:\\\/\\\/ecodef-ihedn.fr\\\/#organization\"},\"potentialAction\":[{\"@type\":\"SearchAction\",\"target\":{\"@type\":\"EntryPoint\",\"urlTemplate\":\"https:\\\/\\\/ecodef-ihedn.fr\\\/?s={search_term_string}\"},\"query-input\":{\"@type\":\"PropertyValueSpecification\",\"valueRequired\":true,\"valueName\":\"search_term_string\"}}],\"inLanguage\":\"en-GB\"},{\"@type\":\"Organization\",\"@id\":\"https:\\\/\\\/ecodef-ihedn.fr\\\/#organization\",\"name\":\"Chaire \u00c9conomie de d\u00e9fense - IHEDN\",\"url\":\"https:\\\/\\\/ecodef-ihedn.fr\\\/\",\"logo\":{\"@type\":\"ImageObject\",\"inLanguage\":\"en-GB\",\"@id\":\"https:\\\/\\\/ecodef-ihedn.fr\\\/#\\\/schema\\\/logo\\\/image\\\/\",\"url\":\"https:\\\/\\\/ecodef-ihedn.fr\\\/wp-content\\\/uploads\\\/2020\\\/04\\\/logoEcodef9.jpg\",\"contentUrl\":\"https:\\\/\\\/ecodef-ihedn.fr\\\/wp-content\\\/uploads\\\/2020\\\/04\\\/logoEcodef9.jpg\",\"width\":410,\"height\":212,\"caption\":\"Chaire \u00c9conomie de d\u00e9fense - IHEDN\"},\"image\":{\"@id\":\"https:\\\/\\\/ecodef-ihedn.fr\\\/#\\\/schema\\\/logo\\\/image\\\/\"},\"sameAs\":[\"https:\\\/\\\/x.com\\\/Chaire_Ecodef\",\"https:\\\/\\\/www.linkedin.com\\\/company\\\/chaire-ecodef-ihedn\\\/\"]},{\"@type\":\"Person\",\"@id\":\"https:\\\/\\\/ecodef-ihedn.fr\\\/#\\\/schema\\\/person\\\/1cdf22d028cebe278126a6e07a884d30\",\"name\":\"Bertrand Demandre\",\"image\":{\"@type\":\"ImageObject\",\"inLanguage\":\"en-GB\",\"@id\":\"https:\\\/\\\/secure.gravatar.com\\\/avatar\\\/d9c9746d6c900ab5b9c0f9b1fa3932e369da923da247d624b8f7ab4ba8a3c093?s=96&d=mm&r=g\",\"url\":\"https:\\\/\\\/secure.gravatar.com\\\/avatar\\\/d9c9746d6c900ab5b9c0f9b1fa3932e369da923da247d624b8f7ab4ba8a3c093?s=96&d=mm&r=g\",\"contentUrl\":\"https:\\\/\\\/secure.gravatar.com\\\/avatar\\\/d9c9746d6c900ab5b9c0f9b1fa3932e369da923da247d624b8f7ab4ba8a3c093?s=96&d=mm&r=g\",\"caption\":\"Bertrand Demandre\"},\"url\":\"https:\\\/\\\/ecodef-ihedn.fr\\\/en\\\/author\\\/bertrand\\\/\"}]}<\/script>\n<!-- \/ Yoast SEO plugin. -->","yoast_head_json":{"title":"[VID\u00c9O] webinaire \u201cLe financement des entreprises de d\u00e9fense\u201d (Les entretiens de l\u2019ECODEF #2 \/ 13 octobre 2021) - Chaire \u00c9conomie de d\u00e9fense - IHEDN","description":"Afin de permettre \u00e0 son public de mieux appr\u00e9hender les enjeux \u00e9conomiques des activit\u00e9s de d\u00e9fense, la Chaire propose\u00a0\u201cLes entretiens de l\u2019ECODEF\u201d, une s\u00e9rie de webinaires au cours desquels les r\u00e9sultats des travaux de ses chercheurs sont pr\u00e9sent\u00e9s sous forme d\u2019entretiens.\u00a0","robots":{"index":"index","follow":"follow","max-snippet":"max-snippet:-1","max-image-preview":"max-image-preview:large","max-video-preview":"max-video-preview:-1"},"canonical":"https:\/\/ecodef-ihedn.fr\/en\/video-webinaire-le-financement-des-entreprises-de-defense-les-entretiens-de-lecodef-2-le-13-octobre-2021\/","og_locale":"en_GB","og_type":"article","og_title":"[VID\u00c9O] webinaire \u201cLe financement des entreprises de d\u00e9fense\u201d (Les entretiens de l\u2019ECODEF #2 \/ 13 octobre 2021) - Chaire \u00c9conomie de d\u00e9fense - IHEDN","og_description":"Afin de permettre \u00e0 son public de mieux appr\u00e9hender les enjeux \u00e9conomiques des activit\u00e9s de d\u00e9fense, la Chaire propose\u00a0\u201cLes entretiens de l\u2019ECODEF\u201d, une s\u00e9rie de webinaires au cours desquels les r\u00e9sultats des travaux de ses chercheurs sont pr\u00e9sent\u00e9s sous forme d\u2019entretiens.\u00a0","og_url":"https:\/\/ecodef-ihedn.fr\/en\/video-webinaire-le-financement-des-entreprises-de-defense-les-entretiens-de-lecodef-2-le-13-octobre-2021\/","og_site_name":"Chaire \u00c9conomie de d\u00e9fense - IHEDN","article_published_time":"2021-10-14T11:34:42+00:00","article_modified_time":"2023-04-03T10:46:23+00:00","og_image":[{"width":1766,"height":1324,"url":"https:\/\/ecodef-ihedn.fr\/wp-content\/uploads\/2021\/09\/CHAIRE-ECODEF-Web-Couverture-scaled-e1632904951193.jpg","type":"image\/jpeg"}],"author":"Bertrand Demandre","twitter_card":"summary_large_image","twitter_creator":"@Chaire_Ecodef","twitter_site":"@Chaire_Ecodef","twitter_misc":{"Written by":"Bertrand Demandre","Estimated reading time":"2 minutes"},"schema":{"@context":"https:\/\/schema.org","@graph":[{"@type":"Article","@id":"https:\/\/ecodef-ihedn.fr\/video-webinaire-le-financement-des-entreprises-de-defense-les-entretiens-de-lecodef-2-le-13-octobre-2021\/#article","isPartOf":{"@id":"https:\/\/ecodef-ihedn.fr\/video-webinaire-le-financement-des-entreprises-de-defense-les-entretiens-de-lecodef-2-le-13-octobre-2021\/"},"author":{"name":"Bertrand Demandre","@id":"https:\/\/ecodef-ihedn.fr\/#\/schema\/person\/1cdf22d028cebe278126a6e07a884d30"},"headline":"[VID\u00c9O] webinaire \u201cLe financement des entreprises de d\u00e9fense\u201d (Les entretiens de l\u2019ECODEF #2 \/ 13 octobre 2021)","datePublished":"2021-10-14T11:34:42+00:00","dateModified":"2023-04-03T10:46:23+00:00","mainEntityOfPage":{"@id":"https:\/\/ecodef-ihedn.fr\/video-webinaire-le-financement-des-entreprises-de-defense-les-entretiens-de-lecodef-2-le-13-octobre-2021\/"},"wordCount":227,"commentCount":2,"publisher":{"@id":"https:\/\/ecodef-ihedn.fr\/#organization"},"image":{"@id":"https:\/\/ecodef-ihedn.fr\/video-webinaire-le-financement-des-entreprises-de-defense-les-entretiens-de-lecodef-2-le-13-octobre-2021\/#primaryimage"},"thumbnailUrl":"https:\/\/ecodef-ihedn.fr\/wp-content\/uploads\/2021\/09\/CHAIRE-ECODEF-Web-Couverture-scaled-e1632904951193.jpg","keywords":["Arquus","chaire \u00e9conomie de d\u00e9fense","conf\u00e9rence","ecodef","\u00e9conomie de d\u00e9fense","entreprises de d\u00e9fense","entretiens de l&#039;ecodef","financement","financement de la d\u00e9fense","IHEDN","industrie de d\u00e9fense","Jean Belin","Olivier Martin","Victor Raffour","webinaire"],"articleSection":["Activit\u00e9s","Activit\u00e9s : \u00e9v\u00e9nements port\u00e9s par la Chaire"],"inLanguage":"en-GB","potentialAction":[{"@type":"CommentAction","name":"Comment","target":["https:\/\/ecodef-ihedn.fr\/video-webinaire-le-financement-des-entreprises-de-defense-les-entretiens-de-lecodef-2-le-13-octobre-2021\/#respond"]}]},{"@type":"WebPage","@id":"https:\/\/ecodef-ihedn.fr\/video-webinaire-le-financement-des-entreprises-de-defense-les-entretiens-de-lecodef-2-le-13-octobre-2021\/","url":"https:\/\/ecodef-ihedn.fr\/video-webinaire-le-financement-des-entreprises-de-defense-les-entretiens-de-lecodef-2-le-13-octobre-2021\/","name":"[VID\u00c9O] webinaire \u201cLe financement des entreprises de d\u00e9fense\u201d (Les entretiens de l\u2019ECODEF #2 \/ 13 octobre 2021) - Chaire \u00c9conomie de d\u00e9fense - IHEDN","isPartOf":{"@id":"https:\/\/ecodef-ihedn.fr\/#website"},"primaryImageOfPage":{"@id":"https:\/\/ecodef-ihedn.fr\/video-webinaire-le-financement-des-entreprises-de-defense-les-entretiens-de-lecodef-2-le-13-octobre-2021\/#primaryimage"},"image":{"@id":"https:\/\/ecodef-ihedn.fr\/video-webinaire-le-financement-des-entreprises-de-defense-les-entretiens-de-lecodef-2-le-13-octobre-2021\/#primaryimage"},"thumbnailUrl":"https:\/\/ecodef-ihedn.fr\/wp-content\/uploads\/2021\/09\/CHAIRE-ECODEF-Web-Couverture-scaled-e1632904951193.jpg","datePublished":"2021-10-14T11:34:42+00:00","dateModified":"2023-04-03T10:46:23+00:00","description":"Afin de permettre \u00e0 son public de mieux appr\u00e9hender les enjeux \u00e9conomiques des activit\u00e9s de d\u00e9fense, la Chaire propose\u00a0\u201cLes entretiens de l\u2019ECODEF\u201d, une s\u00e9rie de webinaires au cours desquels les r\u00e9sultats des travaux de ses chercheurs sont pr\u00e9sent\u00e9s sous forme d\u2019entretiens.\u00a0","breadcrumb":{"@id":"https:\/\/ecodef-ihedn.fr\/video-webinaire-le-financement-des-entreprises-de-defense-les-entretiens-de-lecodef-2-le-13-octobre-2021\/#breadcrumb"},"inLanguage":"en-GB","potentialAction":[{"@type":"ReadAction","target":["https:\/\/ecodef-ihedn.fr\/video-webinaire-le-financement-des-entreprises-de-defense-les-entretiens-de-lecodef-2-le-13-octobre-2021\/"]}]},{"@type":"ImageObject","inLanguage":"en-GB","@id":"https:\/\/ecodef-ihedn.fr\/video-webinaire-le-financement-des-entreprises-de-defense-les-entretiens-de-lecodef-2-le-13-octobre-2021\/#primaryimage","url":"https:\/\/ecodef-ihedn.fr\/wp-content\/uploads\/2021\/09\/CHAIRE-ECODEF-Web-Couverture-scaled-e1632904951193.jpg","contentUrl":"https:\/\/ecodef-ihedn.fr\/wp-content\/uploads\/2021\/09\/CHAIRE-ECODEF-Web-Couverture-scaled-e1632904951193.jpg","width":1766,"height":1324},{"@type":"BreadcrumbList","@id":"https:\/\/ecodef-ihedn.fr\/video-webinaire-le-financement-des-entreprises-de-defense-les-entretiens-de-lecodef-2-le-13-octobre-2021\/#breadcrumb","itemListElement":[{"@type":"ListItem","position":1,"name":"Accueil","item":"https:\/\/ecodef-ihedn.fr\/"},{"@type":"ListItem","position":2,"name":"[VID\u00c9O] webinaire \u201cLe financement des entreprises de d\u00e9fense\u201d (Les entretiens de l\u2019ECODEF #2 \/ 13 octobre 2021)"}]},{"@type":"WebSite","@id":"https:\/\/ecodef-ihedn.fr\/#website","url":"https:\/\/ecodef-ihedn.fr\/","name":"Chair in Defence Economics - IHEDN","description":"Produce &amp; support, federate &amp; disseminate, act as an interface","publisher":{"@id":"https:\/\/ecodef-ihedn.fr\/#organization"},"potentialAction":[{"@type":"SearchAction","target":{"@type":"EntryPoint","urlTemplate":"https:\/\/ecodef-ihedn.fr\/?s={search_term_string}"},"query-input":{"@type":"PropertyValueSpecification","valueRequired":true,"valueName":"search_term_string"}}],"inLanguage":"en-GB"},{"@type":"Organization","@id":"https:\/\/ecodef-ihedn.fr\/#organization","name":"Chair in Defence Economics - IHEDN","url":"https:\/\/ecodef-ihedn.fr\/","logo":{"@type":"ImageObject","inLanguage":"en-GB","@id":"https:\/\/ecodef-ihedn.fr\/#\/schema\/logo\/image\/","url":"https:\/\/ecodef-ihedn.fr\/wp-content\/uploads\/2020\/04\/logoEcodef9.jpg","contentUrl":"https:\/\/ecodef-ihedn.fr\/wp-content\/uploads\/2020\/04\/logoEcodef9.jpg","width":410,"height":212,"caption":"Chaire \u00c9conomie de d\u00e9fense - IHEDN"},"image":{"@id":"https:\/\/ecodef-ihedn.fr\/#\/schema\/logo\/image\/"},"sameAs":["https:\/\/x.com\/Chaire_Ecodef","https:\/\/www.linkedin.com\/company\/chaire-ecodef-ihedn\/"]},{"@type":"Person","@id":"https:\/\/ecodef-ihedn.fr\/#\/schema\/person\/1cdf22d028cebe278126a6e07a884d30","name":"Bertrand Demandre","image":{"@type":"ImageObject","inLanguage":"en-GB","@id":"https:\/\/secure.gravatar.com\/avatar\/d9c9746d6c900ab5b9c0f9b1fa3932e369da923da247d624b8f7ab4ba8a3c093?s=96&d=mm&r=g","url":"https:\/\/secure.gravatar.com\/avatar\/d9c9746d6c900ab5b9c0f9b1fa3932e369da923da247d624b8f7ab4ba8a3c093?s=96&d=mm&r=g","contentUrl":"https:\/\/secure.gravatar.com\/avatar\/d9c9746d6c900ab5b9c0f9b1fa3932e369da923da247d624b8f7ab4ba8a3c093?s=96&d=mm&r=g","caption":"Bertrand Demandre"},"url":"https:\/\/ecodef-ihedn.fr\/en\/author\/bertrand\/"}]}},"_links":{"self":[{"href":"https:\/\/ecodef-ihedn.fr\/en\/wp-json\/wp\/v2\/posts\/3852","targetHints":{"allow":["GET"]}}],"collection":[{"href":"https:\/\/ecodef-ihedn.fr\/en\/wp-json\/wp\/v2\/posts"}],"about":[{"href":"https:\/\/ecodef-ihedn.fr\/en\/wp-json\/wp\/v2\/types\/post"}],"author":[{"embeddable":true,"href":"https:\/\/ecodef-ihedn.fr\/en\/wp-json\/wp\/v2\/users\/2"}],"replies":[{"embeddable":true,"href":"https:\/\/ecodef-ihedn.fr\/en\/wp-json\/wp\/v2\/comments?post=3852"}],"version-history":[{"count":6,"href":"https:\/\/ecodef-ihedn.fr\/en\/wp-json\/wp\/v2\/posts\/3852\/revisions"}],"predecessor-version":[{"id":7808,"href":"https:\/\/ecodef-ihedn.fr\/en\/wp-json\/wp\/v2\/posts\/3852\/revisions\/7808"}],"wp:featuredmedia":[{"embeddable":true,"href":"https:\/\/ecodef-ihedn.fr\/en\/wp-json\/wp\/v2\/media\/3804"}],"wp:attachment":[{"href":"https:\/\/ecodef-ihedn.fr\/en\/wp-json\/wp\/v2\/media?parent=3852"}],"wp:term":[{"taxonomy":"category","embeddable":true,"href":"https:\/\/ecodef-ihedn.fr\/en\/wp-json\/wp\/v2\/categories?post=3852"},{"taxonomy":"post_tag","embeddable":true,"href":"https:\/\/ecodef-ihedn.fr\/en\/wp-json\/wp\/v2\/tags?post=3852"}],"curies":[{"name":"wp","href":"https:\/\/api.w.org\/{rel}","templated":true}]}}