{"id":3911,"date":"2021-10-29T13:41:00","date_gmt":"2021-10-29T13:41:00","guid":{"rendered":"https:\/\/ecodef-ihedn.fr\/?p=3911"},"modified":"2021-10-28T12:40:54","modified_gmt":"2021-10-28T12:40:54","slug":"cooperations-de-defense-publication-dune-etude-de-lirsem-par-friederike-richter","status":"publish","type":"post","link":"https:\/\/ecodef-ihedn.fr\/en\/cooperations-de-defense-publication-dune-etude-de-lirsem-par-friederike-richter\/","title":{"rendered":"Defence cooperation: Publication of an IRSEM study by Friederike Richter"},"content":{"rendered":"<p><strong>Friederike Richter, a researcher associated with the Chair, co-directed a study by the Institut de recherche strat\u00e9gique de l'\u00c9cole militaire (IRSEM) on defence cooperation. <\/strong><\/p>\n\n\n\n<div class=\"wp-block-image\"><figure class=\"aligncenter size-full\"><img loading=\"lazy\" decoding=\"async\" width=\"750\" height=\"482\" src=\"https:\/\/ecodef-ihedn.fr\/wp-content\/uploads\/2021\/10\/cr750482-q90-f75cf5.jpg\" alt=\"Friederike Richter, chercheuse associ\u00e9e \u00e0 la Chaire, a co-dirig\u00e9 une \u00e9tude de l'Institut de recherche strat\u00e9gique de l'\u00c9cole militaire (IRSEM) portant sur les coop\u00e9rations de d\u00e9fense. \" class=\"wp-image-3912\" srcset=\"https:\/\/ecodef-ihedn.fr\/wp-content\/uploads\/2021\/10\/cr750482-q90-f75cf5.jpg 750w, https:\/\/ecodef-ihedn.fr\/wp-content\/uploads\/2021\/10\/cr750482-q90-f75cf5-300x193.jpg 300w, https:\/\/ecodef-ihedn.fr\/wp-content\/uploads\/2021\/10\/cr750482-q90-f75cf5-696x447.jpg 696w, https:\/\/ecodef-ihedn.fr\/wp-content\/uploads\/2021\/10\/cr750482-q90-f75cf5-654x420.jpg 654w\" sizes=\"auto, (max-width: 750px) 100vw, 750px\" \/><\/figure><\/div>\n\n\n\n<p><strong>Camille Morel<\/strong> and <strong>Friederike Richter<\/strong> have co-led an IRSEM study entitled \u00abDefence cooperation in the 21st century\u00bb, which will be published in October 2021. <\/p>\n\n\n\n<p>This study focuses on different forms of defence cooperation in the 21st century and examines their legitimacy and effectiveness, while taking into account the different situations in which they operate. <a href=\"https:\/\/ecodef-ihedn.fr\/en\/les-cooperations-de-defense-en-europe-vers-plus-defficacite\/\" target=\"_blank\" rel=\"noreferrer noopener\">regional specificities<\/a> of the cases analysed. It proposes a typology of current forms of cooperation according to i) their level of cooperation (bi-, mini- or multilateral), ii) their objectives (specific or general), iii) their duration (transitory or permanent), iv) their field (linked to operational aspects or investments), and v) their framework (institutionalised or not). Given the variety of forms of cooperation, this study argues that it is necessary to examine their objectives: do states cooperate to ensure greater legitimacy or greater efficiency? Is it possible to combine the two? If so, what types and formats of cooperation should be favoured to achieve both effectiveness and legitimacy? <\/p>\n\n\n\n<div class=\"wp-block-buttons is-content-justification-center is-layout-flex wp-block-buttons-is-layout-flex\">\n<div class=\"wp-block-button\"><a class=\"wp-block-button__link\" href=\"https:\/\/www.irsem.fr\/media\/5-publications\/etude-irsem-86-defence-cooperation.pdf\" target=\"_blank\" rel=\"noreferrer noopener\">read the study<\/a><\/div>\n<\/div>\n\n\n\n<p><\/p>","protected":false},"excerpt":{"rendered":"<p>Friederike Richter, chercheuse associ\u00e9e \u00e0 la Chaire, a co-dirig\u00e9 une \u00e9tude de l&rsquo;Institut de recherche strat\u00e9gique de l&rsquo;\u00c9cole militaire (IRSEM) portant sur les coop\u00e9rations de d\u00e9fense. Camille Morel et Friederike Richter ont co-dirig\u00e9 une \u00e9tude de l&rsquo;IRSEM intitul\u00e9e \u00ab\u00a0Defence cooperation in the 21st century\u00a0\u00bb et publi\u00e9e en octobre 2021. Cette \u00e9tude se concentre sur diff\u00e9rents [&hellip;]<\/p>\n","protected":false},"author":2,"featured_media":3914,"comment_status":"open","ping_status":"open","sticky":false,"template":"","format":"standard","meta":{"footnotes":""},"categories":[350,415],"tags":[162,477,411,438,178,407,38,196,110],"class_list":{"0":"post-3911","1":"post","2":"type-post","3":"status-publish","4":"format-standard","5":"has-post-thumbnail","7":"category-publications","8":"category-thematique-5-integration-et-cooperation-de-defense-en-europe","9":"tag-chaire-economie-de-defense","10":"tag-chercheurs-associes","11":"tag-cooperation-de-defense","12":"tag-ecodef","13":"tag-europe","14":"tag-friederike-richter","15":"tag-ihedn","16":"tag-irsem","17":"tag-publications"},"yoast_head":"<!-- This site is optimized with the Yoast SEO plugin v27.4 - https:\/\/yoast.com\/product\/yoast-seo-wordpress\/ -->\n<title>Coop\u00e9rations de d\u00e9fense : Publication d&#039;une \u00e9tude de l&#039;IRSEM par Friederike Richter - Chaire \u00c9conomie de d\u00e9fense - IHEDN<\/title>\n<meta name=\"description\" content=\"Friederike Richter, chercheuse associ\u00e9e \u00e0 la Chaire, a co-dirig\u00e9 une \u00e9tude de l&#039;Institut de recherche strat\u00e9gique de l&#039;\u00c9cole militaire (IRSEM) portant sur les coop\u00e9rations de d\u00e9fense.\" \/>\n<meta name=\"robots\" content=\"index, follow, max-snippet:-1, max-image-preview:large, max-video-preview:-1\" \/>\n<link rel=\"canonical\" href=\"https:\/\/ecodef-ihedn.fr\/en\/cooperations-de-defense-publication-dune-etude-de-lirsem-par-friederike-richter\/\" \/>\n<meta property=\"og:locale\" content=\"en_GB\" \/>\n<meta property=\"og:type\" content=\"article\" \/>\n<meta property=\"og:title\" content=\"Coop\u00e9rations de d\u00e9fense : Publication d&#039;une \u00e9tude de l&#039;IRSEM par Friederike Richter - Chaire \u00c9conomie de d\u00e9fense - IHEDN\" \/>\n<meta property=\"og:description\" content=\"Friederike Richter, chercheuse associ\u00e9e \u00e0 la Chaire, a co-dirig\u00e9 une \u00e9tude de l&#039;Institut de recherche strat\u00e9gique de l&#039;\u00c9cole militaire (IRSEM) portant sur les coop\u00e9rations de d\u00e9fense.\" \/>\n<meta property=\"og:url\" content=\"https:\/\/ecodef-ihedn.fr\/en\/cooperations-de-defense-publication-dune-etude-de-lirsem-par-friederike-richter\/\" \/>\n<meta property=\"og:site_name\" content=\"Chaire \u00c9conomie de d\u00e9fense - IHEDN\" \/>\n<meta property=\"article:published_time\" content=\"2021-10-29T13:41:00+00:00\" \/>\n<meta property=\"og:image\" content=\"https:\/\/ecodef-ihedn.fr\/wp-content\/uploads\/2021\/10\/cr750482-q90-f75cf5_43.jpg\" \/>\n\t<meta property=\"og:image:width\" content=\"283\" \/>\n\t<meta property=\"og:image:height\" content=\"213\" \/>\n\t<meta property=\"og:image:type\" content=\"image\/jpeg\" \/>\n<meta name=\"author\" content=\"Bertrand Demandre\" \/>\n<meta name=\"twitter:card\" content=\"summary_large_image\" \/>\n<meta name=\"twitter:creator\" content=\"@Chaire_Ecodef\" \/>\n<meta name=\"twitter:site\" content=\"@Chaire_Ecodef\" \/>\n<meta name=\"twitter:label1\" content=\"Written by\" \/>\n\t<meta name=\"twitter:data1\" content=\"Bertrand Demandre\" \/>\n\t<meta name=\"twitter:label2\" content=\"Estimated reading time\" \/>\n\t<meta name=\"twitter:data2\" content=\"2 minutes\" \/>\n<script type=\"application\/ld+json\" class=\"yoast-schema-graph\">{\"@context\":\"https:\\\/\\\/schema.org\",\"@graph\":[{\"@type\":\"Article\",\"@id\":\"https:\\\/\\\/ecodef-ihedn.fr\\\/cooperations-de-defense-publication-dune-etude-de-lirsem-par-friederike-richter\\\/#article\",\"isPartOf\":{\"@id\":\"https:\\\/\\\/ecodef-ihedn.fr\\\/cooperations-de-defense-publication-dune-etude-de-lirsem-par-friederike-richter\\\/\"},\"author\":{\"name\":\"Bertrand Demandre\",\"@id\":\"https:\\\/\\\/ecodef-ihedn.fr\\\/#\\\/schema\\\/person\\\/1cdf22d028cebe278126a6e07a884d30\"},\"headline\":\"Coop\u00e9rations de d\u00e9fense : Publication d&rsquo;une \u00e9tude de l&rsquo;IRSEM par Friederike Richter\",\"datePublished\":\"2021-10-29T13:41:00+00:00\",\"mainEntityOfPage\":{\"@id\":\"https:\\\/\\\/ecodef-ihedn.fr\\\/cooperations-de-defense-publication-dune-etude-de-lirsem-par-friederike-richter\\\/\"},\"wordCount\":233,\"commentCount\":0,\"publisher\":{\"@id\":\"https:\\\/\\\/ecodef-ihedn.fr\\\/#organization\"},\"image\":{\"@id\":\"https:\\\/\\\/ecodef-ihedn.fr\\\/cooperations-de-defense-publication-dune-etude-de-lirsem-par-friederike-richter\\\/#primaryimage\"},\"thumbnailUrl\":\"https:\\\/\\\/ecodef-ihedn.fr\\\/wp-content\\\/uploads\\\/2021\\\/10\\\/cr750482-q90-f75cf5_43.jpg\",\"keywords\":[\"chaire \u00e9conomie de d\u00e9fense\",\"chercheurs associ\u00e9s\",\"coop\u00e9ration de d\u00e9fense\",\"ecodef\",\"Europe\",\"Friederike Richter\",\"IHEDN\",\"IRSEM\",\"Publications\"],\"articleSection\":[\"Publications\",\"Th\u00e9matique 5 : int\u00e9gration et coop\u00e9ration de d\u00e9fense en Europe\"],\"inLanguage\":\"en-GB\",\"potentialAction\":[{\"@type\":\"CommentAction\",\"name\":\"Comment\",\"target\":[\"https:\\\/\\\/ecodef-ihedn.fr\\\/cooperations-de-defense-publication-dune-etude-de-lirsem-par-friederike-richter\\\/#respond\"]}]},{\"@type\":\"WebPage\",\"@id\":\"https:\\\/\\\/ecodef-ihedn.fr\\\/cooperations-de-defense-publication-dune-etude-de-lirsem-par-friederike-richter\\\/\",\"url\":\"https:\\\/\\\/ecodef-ihedn.fr\\\/cooperations-de-defense-publication-dune-etude-de-lirsem-par-friederike-richter\\\/\",\"name\":\"Coop\u00e9rations de d\u00e9fense : Publication d'une \u00e9tude de l'IRSEM par Friederike Richter - Chaire \u00c9conomie de d\u00e9fense - IHEDN\",\"isPartOf\":{\"@id\":\"https:\\\/\\\/ecodef-ihedn.fr\\\/#website\"},\"primaryImageOfPage\":{\"@id\":\"https:\\\/\\\/ecodef-ihedn.fr\\\/cooperations-de-defense-publication-dune-etude-de-lirsem-par-friederike-richter\\\/#primaryimage\"},\"image\":{\"@id\":\"https:\\\/\\\/ecodef-ihedn.fr\\\/cooperations-de-defense-publication-dune-etude-de-lirsem-par-friederike-richter\\\/#primaryimage\"},\"thumbnailUrl\":\"https:\\\/\\\/ecodef-ihedn.fr\\\/wp-content\\\/uploads\\\/2021\\\/10\\\/cr750482-q90-f75cf5_43.jpg\",\"datePublished\":\"2021-10-29T13:41:00+00:00\",\"description\":\"Friederike Richter, chercheuse associ\u00e9e \u00e0 la Chaire, a co-dirig\u00e9 une \u00e9tude de l'Institut de recherche strat\u00e9gique de l'\u00c9cole militaire (IRSEM) portant sur les coop\u00e9rations de d\u00e9fense.\",\"breadcrumb\":{\"@id\":\"https:\\\/\\\/ecodef-ihedn.fr\\\/cooperations-de-defense-publication-dune-etude-de-lirsem-par-friederike-richter\\\/#breadcrumb\"},\"inLanguage\":\"en-GB\",\"potentialAction\":[{\"@type\":\"ReadAction\",\"target\":[\"https:\\\/\\\/ecodef-ihedn.fr\\\/cooperations-de-defense-publication-dune-etude-de-lirsem-par-friederike-richter\\\/\"]}]},{\"@type\":\"ImageObject\",\"inLanguage\":\"en-GB\",\"@id\":\"https:\\\/\\\/ecodef-ihedn.fr\\\/cooperations-de-defense-publication-dune-etude-de-lirsem-par-friederike-richter\\\/#primaryimage\",\"url\":\"https:\\\/\\\/ecodef-ihedn.fr\\\/wp-content\\\/uploads\\\/2021\\\/10\\\/cr750482-q90-f75cf5_43.jpg\",\"contentUrl\":\"https:\\\/\\\/ecodef-ihedn.fr\\\/wp-content\\\/uploads\\\/2021\\\/10\\\/cr750482-q90-f75cf5_43.jpg\",\"width\":283,\"height\":213},{\"@type\":\"BreadcrumbList\",\"@id\":\"https:\\\/\\\/ecodef-ihedn.fr\\\/cooperations-de-defense-publication-dune-etude-de-lirsem-par-friederike-richter\\\/#breadcrumb\",\"itemListElement\":[{\"@type\":\"ListItem\",\"position\":1,\"name\":\"Accueil\",\"item\":\"https:\\\/\\\/ecodef-ihedn.fr\\\/\"},{\"@type\":\"ListItem\",\"position\":2,\"name\":\"Coop\u00e9rations de d\u00e9fense : Publication d&#8217;une \u00e9tude de l&#8217;IRSEM par Friederike Richter\"}]},{\"@type\":\"WebSite\",\"@id\":\"https:\\\/\\\/ecodef-ihedn.fr\\\/#website\",\"url\":\"https:\\\/\\\/ecodef-ihedn.fr\\\/\",\"name\":\"Chaire \u00c9conomie de D\u00e9fense - IHEDN\",\"description\":\"Produire &amp; soutenir, f\u00e9d\u00e9rer &amp; diffuser, \u00eatre une interface\",\"publisher\":{\"@id\":\"https:\\\/\\\/ecodef-ihedn.fr\\\/#organization\"},\"potentialAction\":[{\"@type\":\"SearchAction\",\"target\":{\"@type\":\"EntryPoint\",\"urlTemplate\":\"https:\\\/\\\/ecodef-ihedn.fr\\\/?s={search_term_string}\"},\"query-input\":{\"@type\":\"PropertyValueSpecification\",\"valueRequired\":true,\"valueName\":\"search_term_string\"}}],\"inLanguage\":\"en-GB\"},{\"@type\":\"Organization\",\"@id\":\"https:\\\/\\\/ecodef-ihedn.fr\\\/#organization\",\"name\":\"Chaire \u00c9conomie de d\u00e9fense - IHEDN\",\"url\":\"https:\\\/\\\/ecodef-ihedn.fr\\\/\",\"logo\":{\"@type\":\"ImageObject\",\"inLanguage\":\"en-GB\",\"@id\":\"https:\\\/\\\/ecodef-ihedn.fr\\\/#\\\/schema\\\/logo\\\/image\\\/\",\"url\":\"https:\\\/\\\/ecodef-ihedn.fr\\\/wp-content\\\/uploads\\\/2020\\\/04\\\/logoEcodef9.jpg\",\"contentUrl\":\"https:\\\/\\\/ecodef-ihedn.fr\\\/wp-content\\\/uploads\\\/2020\\\/04\\\/logoEcodef9.jpg\",\"width\":410,\"height\":212,\"caption\":\"Chaire \u00c9conomie de d\u00e9fense - IHEDN\"},\"image\":{\"@id\":\"https:\\\/\\\/ecodef-ihedn.fr\\\/#\\\/schema\\\/logo\\\/image\\\/\"},\"sameAs\":[\"https:\\\/\\\/x.com\\\/Chaire_Ecodef\",\"https:\\\/\\\/www.linkedin.com\\\/company\\\/chaire-ecodef-ihedn\\\/\"]},{\"@type\":\"Person\",\"@id\":\"https:\\\/\\\/ecodef-ihedn.fr\\\/#\\\/schema\\\/person\\\/1cdf22d028cebe278126a6e07a884d30\",\"name\":\"Bertrand Demandre\",\"image\":{\"@type\":\"ImageObject\",\"inLanguage\":\"en-GB\",\"@id\":\"https:\\\/\\\/secure.gravatar.com\\\/avatar\\\/d9c9746d6c900ab5b9c0f9b1fa3932e369da923da247d624b8f7ab4ba8a3c093?s=96&d=mm&r=g\",\"url\":\"https:\\\/\\\/secure.gravatar.com\\\/avatar\\\/d9c9746d6c900ab5b9c0f9b1fa3932e369da923da247d624b8f7ab4ba8a3c093?s=96&d=mm&r=g\",\"contentUrl\":\"https:\\\/\\\/secure.gravatar.com\\\/avatar\\\/d9c9746d6c900ab5b9c0f9b1fa3932e369da923da247d624b8f7ab4ba8a3c093?s=96&d=mm&r=g\",\"caption\":\"Bertrand Demandre\"},\"url\":\"https:\\\/\\\/ecodef-ihedn.fr\\\/en\\\/author\\\/bertrand\\\/\"}]}<\/script>\n<!-- \/ Yoast SEO plugin. -->","yoast_head_json":{"title":"Coop\u00e9rations de d\u00e9fense : Publication d'une \u00e9tude de l'IRSEM par Friederike Richter - Chaire \u00c9conomie de d\u00e9fense - IHEDN","description":"Friederike Richter, chercheuse associ\u00e9e \u00e0 la Chaire, a co-dirig\u00e9 une \u00e9tude de l'Institut de recherche strat\u00e9gique de l'\u00c9cole militaire (IRSEM) portant sur les coop\u00e9rations de d\u00e9fense.","robots":{"index":"index","follow":"follow","max-snippet":"max-snippet:-1","max-image-preview":"max-image-preview:large","max-video-preview":"max-video-preview:-1"},"canonical":"https:\/\/ecodef-ihedn.fr\/en\/cooperations-de-defense-publication-dune-etude-de-lirsem-par-friederike-richter\/","og_locale":"en_GB","og_type":"article","og_title":"Coop\u00e9rations de d\u00e9fense : Publication d'une \u00e9tude de l'IRSEM par Friederike Richter - Chaire \u00c9conomie de d\u00e9fense - IHEDN","og_description":"Friederike Richter, chercheuse associ\u00e9e \u00e0 la Chaire, a co-dirig\u00e9 une \u00e9tude de l'Institut de recherche strat\u00e9gique de l'\u00c9cole militaire (IRSEM) portant sur les coop\u00e9rations de d\u00e9fense.","og_url":"https:\/\/ecodef-ihedn.fr\/en\/cooperations-de-defense-publication-dune-etude-de-lirsem-par-friederike-richter\/","og_site_name":"Chaire \u00c9conomie de d\u00e9fense - IHEDN","article_published_time":"2021-10-29T13:41:00+00:00","og_image":[{"width":283,"height":213,"url":"https:\/\/ecodef-ihedn.fr\/wp-content\/uploads\/2021\/10\/cr750482-q90-f75cf5_43.jpg","type":"image\/jpeg"}],"author":"Bertrand Demandre","twitter_card":"summary_large_image","twitter_creator":"@Chaire_Ecodef","twitter_site":"@Chaire_Ecodef","twitter_misc":{"Written by":"Bertrand Demandre","Estimated reading time":"2 minutes"},"schema":{"@context":"https:\/\/schema.org","@graph":[{"@type":"Article","@id":"https:\/\/ecodef-ihedn.fr\/cooperations-de-defense-publication-dune-etude-de-lirsem-par-friederike-richter\/#article","isPartOf":{"@id":"https:\/\/ecodef-ihedn.fr\/cooperations-de-defense-publication-dune-etude-de-lirsem-par-friederike-richter\/"},"author":{"name":"Bertrand Demandre","@id":"https:\/\/ecodef-ihedn.fr\/#\/schema\/person\/1cdf22d028cebe278126a6e07a884d30"},"headline":"Coop\u00e9rations de d\u00e9fense : Publication d&rsquo;une \u00e9tude de l&rsquo;IRSEM par Friederike Richter","datePublished":"2021-10-29T13:41:00+00:00","mainEntityOfPage":{"@id":"https:\/\/ecodef-ihedn.fr\/cooperations-de-defense-publication-dune-etude-de-lirsem-par-friederike-richter\/"},"wordCount":233,"commentCount":0,"publisher":{"@id":"https:\/\/ecodef-ihedn.fr\/#organization"},"image":{"@id":"https:\/\/ecodef-ihedn.fr\/cooperations-de-defense-publication-dune-etude-de-lirsem-par-friederike-richter\/#primaryimage"},"thumbnailUrl":"https:\/\/ecodef-ihedn.fr\/wp-content\/uploads\/2021\/10\/cr750482-q90-f75cf5_43.jpg","keywords":["chaire \u00e9conomie de d\u00e9fense","chercheurs associ\u00e9s","coop\u00e9ration de d\u00e9fense","ecodef","Europe","Friederike Richter","IHEDN","IRSEM","Publications"],"articleSection":["Publications","Th\u00e9matique 5 : int\u00e9gration et coop\u00e9ration de d\u00e9fense en Europe"],"inLanguage":"en-GB","potentialAction":[{"@type":"CommentAction","name":"Comment","target":["https:\/\/ecodef-ihedn.fr\/cooperations-de-defense-publication-dune-etude-de-lirsem-par-friederike-richter\/#respond"]}]},{"@type":"WebPage","@id":"https:\/\/ecodef-ihedn.fr\/cooperations-de-defense-publication-dune-etude-de-lirsem-par-friederike-richter\/","url":"https:\/\/ecodef-ihedn.fr\/cooperations-de-defense-publication-dune-etude-de-lirsem-par-friederike-richter\/","name":"Coop\u00e9rations de d\u00e9fense : Publication d'une \u00e9tude de l'IRSEM par Friederike Richter - Chaire \u00c9conomie de d\u00e9fense - IHEDN","isPartOf":{"@id":"https:\/\/ecodef-ihedn.fr\/#website"},"primaryImageOfPage":{"@id":"https:\/\/ecodef-ihedn.fr\/cooperations-de-defense-publication-dune-etude-de-lirsem-par-friederike-richter\/#primaryimage"},"image":{"@id":"https:\/\/ecodef-ihedn.fr\/cooperations-de-defense-publication-dune-etude-de-lirsem-par-friederike-richter\/#primaryimage"},"thumbnailUrl":"https:\/\/ecodef-ihedn.fr\/wp-content\/uploads\/2021\/10\/cr750482-q90-f75cf5_43.jpg","datePublished":"2021-10-29T13:41:00+00:00","description":"Friederike Richter, chercheuse associ\u00e9e \u00e0 la Chaire, a co-dirig\u00e9 une \u00e9tude de l'Institut de recherche strat\u00e9gique de l'\u00c9cole militaire (IRSEM) portant sur les coop\u00e9rations de d\u00e9fense.","breadcrumb":{"@id":"https:\/\/ecodef-ihedn.fr\/cooperations-de-defense-publication-dune-etude-de-lirsem-par-friederike-richter\/#breadcrumb"},"inLanguage":"en-GB","potentialAction":[{"@type":"ReadAction","target":["https:\/\/ecodef-ihedn.fr\/cooperations-de-defense-publication-dune-etude-de-lirsem-par-friederike-richter\/"]}]},{"@type":"ImageObject","inLanguage":"en-GB","@id":"https:\/\/ecodef-ihedn.fr\/cooperations-de-defense-publication-dune-etude-de-lirsem-par-friederike-richter\/#primaryimage","url":"https:\/\/ecodef-ihedn.fr\/wp-content\/uploads\/2021\/10\/cr750482-q90-f75cf5_43.jpg","contentUrl":"https:\/\/ecodef-ihedn.fr\/wp-content\/uploads\/2021\/10\/cr750482-q90-f75cf5_43.jpg","width":283,"height":213},{"@type":"BreadcrumbList","@id":"https:\/\/ecodef-ihedn.fr\/cooperations-de-defense-publication-dune-etude-de-lirsem-par-friederike-richter\/#breadcrumb","itemListElement":[{"@type":"ListItem","position":1,"name":"Accueil","item":"https:\/\/ecodef-ihedn.fr\/"},{"@type":"ListItem","position":2,"name":"Coop\u00e9rations de d\u00e9fense : Publication d&#8217;une \u00e9tude de l&#8217;IRSEM par Friederike Richter"}]},{"@type":"WebSite","@id":"https:\/\/ecodef-ihedn.fr\/#website","url":"https:\/\/ecodef-ihedn.fr\/","name":"Chair in Defence Economics - IHEDN","description":"Produce &amp; support, federate &amp; disseminate, act as an interface","publisher":{"@id":"https:\/\/ecodef-ihedn.fr\/#organization"},"potentialAction":[{"@type":"SearchAction","target":{"@type":"EntryPoint","urlTemplate":"https:\/\/ecodef-ihedn.fr\/?s={search_term_string}"},"query-input":{"@type":"PropertyValueSpecification","valueRequired":true,"valueName":"search_term_string"}}],"inLanguage":"en-GB"},{"@type":"Organization","@id":"https:\/\/ecodef-ihedn.fr\/#organization","name":"Chair in Defence Economics - IHEDN","url":"https:\/\/ecodef-ihedn.fr\/","logo":{"@type":"ImageObject","inLanguage":"en-GB","@id":"https:\/\/ecodef-ihedn.fr\/#\/schema\/logo\/image\/","url":"https:\/\/ecodef-ihedn.fr\/wp-content\/uploads\/2020\/04\/logoEcodef9.jpg","contentUrl":"https:\/\/ecodef-ihedn.fr\/wp-content\/uploads\/2020\/04\/logoEcodef9.jpg","width":410,"height":212,"caption":"Chaire \u00c9conomie de d\u00e9fense - IHEDN"},"image":{"@id":"https:\/\/ecodef-ihedn.fr\/#\/schema\/logo\/image\/"},"sameAs":["https:\/\/x.com\/Chaire_Ecodef","https:\/\/www.linkedin.com\/company\/chaire-ecodef-ihedn\/"]},{"@type":"Person","@id":"https:\/\/ecodef-ihedn.fr\/#\/schema\/person\/1cdf22d028cebe278126a6e07a884d30","name":"Bertrand Demandre","image":{"@type":"ImageObject","inLanguage":"en-GB","@id":"https:\/\/secure.gravatar.com\/avatar\/d9c9746d6c900ab5b9c0f9b1fa3932e369da923da247d624b8f7ab4ba8a3c093?s=96&d=mm&r=g","url":"https:\/\/secure.gravatar.com\/avatar\/d9c9746d6c900ab5b9c0f9b1fa3932e369da923da247d624b8f7ab4ba8a3c093?s=96&d=mm&r=g","contentUrl":"https:\/\/secure.gravatar.com\/avatar\/d9c9746d6c900ab5b9c0f9b1fa3932e369da923da247d624b8f7ab4ba8a3c093?s=96&d=mm&r=g","caption":"Bertrand Demandre"},"url":"https:\/\/ecodef-ihedn.fr\/en\/author\/bertrand\/"}]}},"_links":{"self":[{"href":"https:\/\/ecodef-ihedn.fr\/en\/wp-json\/wp\/v2\/posts\/3911","targetHints":{"allow":["GET"]}}],"collection":[{"href":"https:\/\/ecodef-ihedn.fr\/en\/wp-json\/wp\/v2\/posts"}],"about":[{"href":"https:\/\/ecodef-ihedn.fr\/en\/wp-json\/wp\/v2\/types\/post"}],"author":[{"embeddable":true,"href":"https:\/\/ecodef-ihedn.fr\/en\/wp-json\/wp\/v2\/users\/2"}],"replies":[{"embeddable":true,"href":"https:\/\/ecodef-ihedn.fr\/en\/wp-json\/wp\/v2\/comments?post=3911"}],"version-history":[{"count":1,"href":"https:\/\/ecodef-ihedn.fr\/en\/wp-json\/wp\/v2\/posts\/3911\/revisions"}],"predecessor-version":[{"id":3915,"href":"https:\/\/ecodef-ihedn.fr\/en\/wp-json\/wp\/v2\/posts\/3911\/revisions\/3915"}],"wp:featuredmedia":[{"embeddable":true,"href":"https:\/\/ecodef-ihedn.fr\/en\/wp-json\/wp\/v2\/media\/3914"}],"wp:attachment":[{"href":"https:\/\/ecodef-ihedn.fr\/en\/wp-json\/wp\/v2\/media?parent=3911"}],"wp:term":[{"taxonomy":"category","embeddable":true,"href":"https:\/\/ecodef-ihedn.fr\/en\/wp-json\/wp\/v2\/categories?post=3911"},{"taxonomy":"post_tag","embeddable":true,"href":"https:\/\/ecodef-ihedn.fr\/en\/wp-json\/wp\/v2\/tags?post=3911"}],"curies":[{"name":"wp","href":"https:\/\/api.w.org\/{rel}","templated":true}]}}