{"id":3919,"date":"2021-10-28T12:31:41","date_gmt":"2021-10-28T12:31:41","guid":{"rendered":"https:\/\/ecodef-ihedn.fr\/?p=3919"},"modified":"2021-10-28T12:54:39","modified_gmt":"2021-10-28T12:54:39","slug":"crise-des-sous-marins-article-de-julien-malizard-et-josselin-droff-dans-the-conversation","status":"publish","type":"post","link":"https:\/\/ecodef-ihedn.fr\/en\/crise-des-sous-marins-article-de-julien-malizard-et-josselin-droff-dans-the-conversation\/","title":{"rendered":"Submarine crisis: Article by Julien Malizard and Josselin Droff in The Conversation"},"content":{"rendered":"<p><strong>Julien Malizard, Deputy Chairholder, and Josselin Droff, researcher at the Chair, are the authors of an article entitled \u00abAustralian submarines: the French arms export model in question\u00bb, published in The Conversation. <\/strong><\/p>\n\n\n\n<div class=\"wp-block-image\"><figure class=\"aligncenter size-full\"><img loading=\"lazy\" decoding=\"async\" width=\"770\" height=\"495\" src=\"https:\/\/ecodef-ihedn.fr\/wp-content\/uploads\/2021\/10\/sous-marins-conversation.png\" alt=\"Julien Malizard, titulaire adjoint de la Chaire, et Josselin Droff, chercheur \u00e0 la Chaire, sont les auteurs d'un article intitul\u00e9 &quot;Sous-marins\u00a0australiens\u00a0: le\u00a0mod\u00e8le fran\u00e7ais d\u2019exportation d\u2019armes\u00a0en\u00a0question&quot; et publi\u00e9 dans The Conversation. \" class=\"wp-image-3921\" srcset=\"https:\/\/ecodef-ihedn.fr\/wp-content\/uploads\/2021\/10\/sous-marins-conversation.png 770w, https:\/\/ecodef-ihedn.fr\/wp-content\/uploads\/2021\/10\/sous-marins-conversation-300x193.png 300w, https:\/\/ecodef-ihedn.fr\/wp-content\/uploads\/2021\/10\/sous-marins-conversation-768x494.png 768w, https:\/\/ecodef-ihedn.fr\/wp-content\/uploads\/2021\/10\/sous-marins-conversation-696x447.png 696w, https:\/\/ecodef-ihedn.fr\/wp-content\/uploads\/2021\/10\/sous-marins-conversation-653x420.png 653w\" sizes=\"auto, (max-width: 770px) 100vw, 770px\" \/><\/figure><\/div>\n\n\n\n<p><strong>Julien Malizard<\/strong> and <strong>Josselin Droff<\/strong> publish an article in <em>The Conversation<\/em> on the issue of <a href=\"https:\/\/ecodef-ihedn.fr\/en\/crise-des-sous-marins-intervention-de-julien-malizard-sur-france-culture\/\" target=\"_blank\" rel=\"noreferrer noopener\">sale of Australian submarines cancelled<\/a> and the stakes associated with arms exports that this episode reveals.<\/p>\n\n\n\n<p>On 15 September 2021, Australia decided to <strong>abandon the acquisition of twelve French submarines<\/strong> Shortfin Barracuda, produced by Naval Group, in favour of cooperation with London and Washington (AUKUS agreement - Australia, United Kingdom, United States).<\/p>\n\n\n\n<p>To understand <strong>the reasons behind Australia's choice<\/strong>, the authors discuss the \u00abrationality\u00bb of Australian decision-making by looking at the <strong>the costs and benefits of options<\/strong> (buying French-designed submarines or buying American submarines). From a more general perspective, the authors question the reasons that lead certain players to <strong>choose French or American equipment<\/strong>. The two business models are then discussed.<\/p>\n\n\n\n<p>The Australian submarine affair involves <strong>dynamics subject to different timeframes<\/strong>&nbsp;On the one hand, international geopolitics is more governed by the short term, often requiring a high degree of reactivity. On the other hand, the defence industry is governed by planning and long term cycles. L\u2019<strong>accelerating the geopolitical agenda <\/strong>Australian clearly seems to have <strong>demand and supply out of sync<\/strong>. In this context, the French industrialist Naval Group and the French State are \u00abcollateral victims\u00bb of a <strong>Asia-Pacific arms race<\/strong> where China and the United States vie for global hegemony.<\/p>\n\n\n\n<p>From the French point of view, this case raises a number of issues: the sustainability of a<strong> defence business model<\/strong> <strong>dependent on exports<\/strong>, combined with a <strong>small domestic market <\/strong>compared to the United States and a <strong>army model<\/strong> based on <strong>high-tech equipment<\/strong>. But, as the example of the sale of frigates and Rafale aircraft to Greece underlines, France's brand image has not been tarnished, since over and above trade relations, an ambitious defence agreement has been signed. This shows that, like the United States, and despite the setback caused by Canberra's U-turn, France remains capable of <strong>building lasting partnerships<\/strong>.<\/p>\n\n\n\n<div class=\"wp-block-buttons is-content-justification-center is-layout-flex wp-block-buttons-is-layout-flex\">\n<div class=\"wp-block-button\"><a class=\"wp-block-button__link\" href=\"https:\/\/theconversation.com\/sous-marins-australiens-le-modele-francais-dexportation-darmes-en-question-170390\" target=\"_blank\" rel=\"noreferrer noopener\">read the full article<\/a><\/div>\n<\/div>\n\n\n\n<p><\/p>","protected":false},"excerpt":{"rendered":"<p>Julien Malizard, titulaire adjoint de la Chaire, et Josselin Droff, chercheur \u00e0 la Chaire, sont les auteurs d&rsquo;un article intitul\u00e9 \u00ab\u00a0Sous-marins&nbsp;australiens&nbsp;: le&nbsp;mod\u00e8le fran\u00e7ais d\u2019exportation d\u2019armes&nbsp;en&nbsp;question\u00a0\u00bb, publi\u00e9 dans The Conversation. Julien Malizard et Josselin Droff publient un article dans The Conversation sur la question de la vente annul\u00e9e des sous-marins australiens et les enjeux associ\u00e9s aux [&hellip;]<\/p>\n","protected":false},"author":2,"featured_media":3926,"comment_status":"open","ping_status":"open","sticky":false,"template":"","format":"standard","meta":{"footnotes":""},"categories":[350,351],"tags":[478,471,36,438,47,476,52,38,149,110,470],"class_list":{"0":"post-3919","1":"post","2":"type-post","3":"status-publish","4":"format-standard","5":"has-post-thumbnail","7":"category-publications","8":"category-thematique-1-connaissance-des-entreprises-de-defense","9":"tag-aukus","10":"tag-australie","11":"tag-defense","12":"tag-ecodef","13":"tag-economie-de-defense","14":"tag-exportations","15":"tag-exportations-darmes","16":"tag-ihedn","17":"tag-industrie-de-defense","18":"tag-publications","19":"tag-sous-marins"},"yoast_head":"<!-- This site is optimized with the Yoast SEO plugin v27.4 - https:\/\/yoast.com\/product\/yoast-seo-wordpress\/ -->\n<title>Crise des sous-marins : Article de Julien Malizard et Josselin Droff dans The Conversation - Chaire \u00c9conomie de d\u00e9fense - IHEDN<\/title>\n<meta name=\"description\" content=\"Julien Malizard et Josselin Droff publient un article dans The Conversation sur la question de la vente annul\u00e9e des sous-marins australiens et les enjeux associ\u00e9s aux exportations d\u2019armement que cet \u00e9pisode r\u00e9v\u00e8le.\" \/>\n<meta name=\"robots\" content=\"index, follow, max-snippet:-1, max-image-preview:large, max-video-preview:-1\" \/>\n<link rel=\"canonical\" href=\"https:\/\/ecodef-ihedn.fr\/en\/crise-des-sous-marins-article-de-julien-malizard-et-josselin-droff-dans-the-conversation\/\" \/>\n<meta property=\"og:locale\" content=\"en_GB\" \/>\n<meta property=\"og:type\" content=\"article\" \/>\n<meta property=\"og:title\" content=\"Crise des sous-marins : Article de Julien Malizard et Josselin Droff dans The Conversation - Chaire \u00c9conomie de d\u00e9fense - IHEDN\" \/>\n<meta property=\"og:description\" content=\"Julien Malizard et Josselin Droff publient un article dans The Conversation sur la question de la vente annul\u00e9e des sous-marins australiens et les enjeux associ\u00e9s aux exportations d\u2019armement que cet \u00e9pisode r\u00e9v\u00e8le.\" \/>\n<meta property=\"og:url\" content=\"https:\/\/ecodef-ihedn.fr\/en\/crise-des-sous-marins-article-de-julien-malizard-et-josselin-droff-dans-the-conversation\/\" \/>\n<meta property=\"og:site_name\" content=\"Chaire \u00c9conomie de d\u00e9fense - IHEDN\" \/>\n<meta property=\"article:published_time\" content=\"2021-10-28T12:31:41+00:00\" \/>\n<meta property=\"article:modified_time\" content=\"2021-10-28T12:54:39+00:00\" \/>\n<meta property=\"og:image\" content=\"https:\/\/ecodef-ihedn.fr\/wp-content\/uploads\/2021\/10\/2019_mcbg_087_a_001_005.jpg\" \/>\n\t<meta property=\"og:image:width\" content=\"911\" \/>\n\t<meta property=\"og:image:height\" content=\"683\" \/>\n\t<meta property=\"og:image:type\" content=\"image\/jpeg\" \/>\n<meta name=\"author\" content=\"Bertrand Demandre\" \/>\n<meta name=\"twitter:card\" content=\"summary_large_image\" \/>\n<meta name=\"twitter:creator\" content=\"@Chaire_Ecodef\" \/>\n<meta name=\"twitter:site\" content=\"@Chaire_Ecodef\" \/>\n<meta name=\"twitter:label1\" content=\"Written by\" \/>\n\t<meta name=\"twitter:data1\" content=\"Bertrand Demandre\" \/>\n\t<meta name=\"twitter:label2\" content=\"Estimated reading time\" \/>\n\t<meta name=\"twitter:data2\" content=\"2 minutes\" \/>\n<script type=\"application\/ld+json\" class=\"yoast-schema-graph\">{\"@context\":\"https:\\\/\\\/schema.org\",\"@graph\":[{\"@type\":\"Article\",\"@id\":\"https:\\\/\\\/ecodef-ihedn.fr\\\/crise-des-sous-marins-article-de-julien-malizard-et-josselin-droff-dans-the-conversation\\\/#article\",\"isPartOf\":{\"@id\":\"https:\\\/\\\/ecodef-ihedn.fr\\\/crise-des-sous-marins-article-de-julien-malizard-et-josselin-droff-dans-the-conversation\\\/\"},\"author\":{\"name\":\"Bertrand Demandre\",\"@id\":\"https:\\\/\\\/ecodef-ihedn.fr\\\/#\\\/schema\\\/person\\\/1cdf22d028cebe278126a6e07a884d30\"},\"headline\":\"Crise des sous-marins : Article de Julien Malizard et Josselin Droff dans The Conversation\",\"datePublished\":\"2021-10-28T12:31:41+00:00\",\"dateModified\":\"2021-10-28T12:54:39+00:00\",\"mainEntityOfPage\":{\"@id\":\"https:\\\/\\\/ecodef-ihedn.fr\\\/crise-des-sous-marins-article-de-julien-malizard-et-josselin-droff-dans-the-conversation\\\/\"},\"wordCount\":466,\"commentCount\":2,\"publisher\":{\"@id\":\"https:\\\/\\\/ecodef-ihedn.fr\\\/#organization\"},\"image\":{\"@id\":\"https:\\\/\\\/ecodef-ihedn.fr\\\/crise-des-sous-marins-article-de-julien-malizard-et-josselin-droff-dans-the-conversation\\\/#primaryimage\"},\"thumbnailUrl\":\"https:\\\/\\\/ecodef-ihedn.fr\\\/wp-content\\\/uploads\\\/2021\\\/10\\\/2019_mcbg_087_a_001_005.jpg\",\"keywords\":[\"AUKUS\",\"Australie\",\"D\u00e9fense\",\"ecodef\",\"\u00e9conomie de d\u00e9fense\",\"exportations\",\"exportations d'armes\",\"IHEDN\",\"industrie de d\u00e9fense\",\"Publications\",\"sous-marins\"],\"articleSection\":[\"Publications\",\"Th\u00e9matique 1 : connaissance des entreprises de d\u00e9fense\"],\"inLanguage\":\"en-GB\",\"potentialAction\":[{\"@type\":\"CommentAction\",\"name\":\"Comment\",\"target\":[\"https:\\\/\\\/ecodef-ihedn.fr\\\/crise-des-sous-marins-article-de-julien-malizard-et-josselin-droff-dans-the-conversation\\\/#respond\"]}]},{\"@type\":\"WebPage\",\"@id\":\"https:\\\/\\\/ecodef-ihedn.fr\\\/crise-des-sous-marins-article-de-julien-malizard-et-josselin-droff-dans-the-conversation\\\/\",\"url\":\"https:\\\/\\\/ecodef-ihedn.fr\\\/crise-des-sous-marins-article-de-julien-malizard-et-josselin-droff-dans-the-conversation\\\/\",\"name\":\"Crise des sous-marins : Article de Julien Malizard et Josselin Droff dans The Conversation - Chaire \u00c9conomie de d\u00e9fense - IHEDN\",\"isPartOf\":{\"@id\":\"https:\\\/\\\/ecodef-ihedn.fr\\\/#website\"},\"primaryImageOfPage\":{\"@id\":\"https:\\\/\\\/ecodef-ihedn.fr\\\/crise-des-sous-marins-article-de-julien-malizard-et-josselin-droff-dans-the-conversation\\\/#primaryimage\"},\"image\":{\"@id\":\"https:\\\/\\\/ecodef-ihedn.fr\\\/crise-des-sous-marins-article-de-julien-malizard-et-josselin-droff-dans-the-conversation\\\/#primaryimage\"},\"thumbnailUrl\":\"https:\\\/\\\/ecodef-ihedn.fr\\\/wp-content\\\/uploads\\\/2021\\\/10\\\/2019_mcbg_087_a_001_005.jpg\",\"datePublished\":\"2021-10-28T12:31:41+00:00\",\"dateModified\":\"2021-10-28T12:54:39+00:00\",\"description\":\"Julien Malizard et Josselin Droff publient un article dans The Conversation sur la question de la vente annul\u00e9e des sous-marins australiens et les enjeux associ\u00e9s aux exportations d\u2019armement que cet \u00e9pisode r\u00e9v\u00e8le.\",\"breadcrumb\":{\"@id\":\"https:\\\/\\\/ecodef-ihedn.fr\\\/crise-des-sous-marins-article-de-julien-malizard-et-josselin-droff-dans-the-conversation\\\/#breadcrumb\"},\"inLanguage\":\"en-GB\",\"potentialAction\":[{\"@type\":\"ReadAction\",\"target\":[\"https:\\\/\\\/ecodef-ihedn.fr\\\/crise-des-sous-marins-article-de-julien-malizard-et-josselin-droff-dans-the-conversation\\\/\"]}]},{\"@type\":\"ImageObject\",\"inLanguage\":\"en-GB\",\"@id\":\"https:\\\/\\\/ecodef-ihedn.fr\\\/crise-des-sous-marins-article-de-julien-malizard-et-josselin-droff-dans-the-conversation\\\/#primaryimage\",\"url\":\"https:\\\/\\\/ecodef-ihedn.fr\\\/wp-content\\\/uploads\\\/2021\\\/10\\\/2019_mcbg_087_a_001_005.jpg\",\"contentUrl\":\"https:\\\/\\\/ecodef-ihedn.fr\\\/wp-content\\\/uploads\\\/2021\\\/10\\\/2019_mcbg_087_a_001_005.jpg\",\"width\":911,\"height\":683,\"caption\":\"Cr\u00e9dit : Minist\u00e8re des Arm\u00e9es\"},{\"@type\":\"BreadcrumbList\",\"@id\":\"https:\\\/\\\/ecodef-ihedn.fr\\\/crise-des-sous-marins-article-de-julien-malizard-et-josselin-droff-dans-the-conversation\\\/#breadcrumb\",\"itemListElement\":[{\"@type\":\"ListItem\",\"position\":1,\"name\":\"Accueil\",\"item\":\"https:\\\/\\\/ecodef-ihedn.fr\\\/\"},{\"@type\":\"ListItem\",\"position\":2,\"name\":\"Crise des sous-marins : Article de Julien Malizard et Josselin Droff dans The Conversation\"}]},{\"@type\":\"WebSite\",\"@id\":\"https:\\\/\\\/ecodef-ihedn.fr\\\/#website\",\"url\":\"https:\\\/\\\/ecodef-ihedn.fr\\\/\",\"name\":\"Chaire \u00c9conomie de D\u00e9fense - IHEDN\",\"description\":\"Produire &amp; soutenir, f\u00e9d\u00e9rer &amp; diffuser, \u00eatre une interface\",\"publisher\":{\"@id\":\"https:\\\/\\\/ecodef-ihedn.fr\\\/#organization\"},\"potentialAction\":[{\"@type\":\"SearchAction\",\"target\":{\"@type\":\"EntryPoint\",\"urlTemplate\":\"https:\\\/\\\/ecodef-ihedn.fr\\\/?s={search_term_string}\"},\"query-input\":{\"@type\":\"PropertyValueSpecification\",\"valueRequired\":true,\"valueName\":\"search_term_string\"}}],\"inLanguage\":\"en-GB\"},{\"@type\":\"Organization\",\"@id\":\"https:\\\/\\\/ecodef-ihedn.fr\\\/#organization\",\"name\":\"Chaire \u00c9conomie de d\u00e9fense - IHEDN\",\"url\":\"https:\\\/\\\/ecodef-ihedn.fr\\\/\",\"logo\":{\"@type\":\"ImageObject\",\"inLanguage\":\"en-GB\",\"@id\":\"https:\\\/\\\/ecodef-ihedn.fr\\\/#\\\/schema\\\/logo\\\/image\\\/\",\"url\":\"https:\\\/\\\/ecodef-ihedn.fr\\\/wp-content\\\/uploads\\\/2020\\\/04\\\/logoEcodef9.jpg\",\"contentUrl\":\"https:\\\/\\\/ecodef-ihedn.fr\\\/wp-content\\\/uploads\\\/2020\\\/04\\\/logoEcodef9.jpg\",\"width\":410,\"height\":212,\"caption\":\"Chaire \u00c9conomie de d\u00e9fense - IHEDN\"},\"image\":{\"@id\":\"https:\\\/\\\/ecodef-ihedn.fr\\\/#\\\/schema\\\/logo\\\/image\\\/\"},\"sameAs\":[\"https:\\\/\\\/x.com\\\/Chaire_Ecodef\",\"https:\\\/\\\/www.linkedin.com\\\/company\\\/chaire-ecodef-ihedn\\\/\"]},{\"@type\":\"Person\",\"@id\":\"https:\\\/\\\/ecodef-ihedn.fr\\\/#\\\/schema\\\/person\\\/1cdf22d028cebe278126a6e07a884d30\",\"name\":\"Bertrand Demandre\",\"image\":{\"@type\":\"ImageObject\",\"inLanguage\":\"en-GB\",\"@id\":\"https:\\\/\\\/secure.gravatar.com\\\/avatar\\\/d9c9746d6c900ab5b9c0f9b1fa3932e369da923da247d624b8f7ab4ba8a3c093?s=96&d=mm&r=g\",\"url\":\"https:\\\/\\\/secure.gravatar.com\\\/avatar\\\/d9c9746d6c900ab5b9c0f9b1fa3932e369da923da247d624b8f7ab4ba8a3c093?s=96&d=mm&r=g\",\"contentUrl\":\"https:\\\/\\\/secure.gravatar.com\\\/avatar\\\/d9c9746d6c900ab5b9c0f9b1fa3932e369da923da247d624b8f7ab4ba8a3c093?s=96&d=mm&r=g\",\"caption\":\"Bertrand Demandre\"},\"url\":\"https:\\\/\\\/ecodef-ihedn.fr\\\/en\\\/author\\\/bertrand\\\/\"}]}<\/script>\n<!-- \/ Yoast SEO plugin. -->","yoast_head_json":{"title":"Crise des sous-marins : Article de Julien Malizard et Josselin Droff dans The Conversation - Chaire \u00c9conomie de d\u00e9fense - IHEDN","description":"Julien Malizard et Josselin Droff publient un article dans The Conversation sur la question de la vente annul\u00e9e des sous-marins australiens et les enjeux associ\u00e9s aux exportations d\u2019armement que cet \u00e9pisode r\u00e9v\u00e8le.","robots":{"index":"index","follow":"follow","max-snippet":"max-snippet:-1","max-image-preview":"max-image-preview:large","max-video-preview":"max-video-preview:-1"},"canonical":"https:\/\/ecodef-ihedn.fr\/en\/crise-des-sous-marins-article-de-julien-malizard-et-josselin-droff-dans-the-conversation\/","og_locale":"en_GB","og_type":"article","og_title":"Crise des sous-marins : Article de Julien Malizard et Josselin Droff dans The Conversation - Chaire \u00c9conomie de d\u00e9fense - IHEDN","og_description":"Julien Malizard et Josselin Droff publient un article dans The Conversation sur la question de la vente annul\u00e9e des sous-marins australiens et les enjeux associ\u00e9s aux exportations d\u2019armement que cet \u00e9pisode r\u00e9v\u00e8le.","og_url":"https:\/\/ecodef-ihedn.fr\/en\/crise-des-sous-marins-article-de-julien-malizard-et-josselin-droff-dans-the-conversation\/","og_site_name":"Chaire \u00c9conomie de d\u00e9fense - IHEDN","article_published_time":"2021-10-28T12:31:41+00:00","article_modified_time":"2021-10-28T12:54:39+00:00","og_image":[{"width":911,"height":683,"url":"https:\/\/ecodef-ihedn.fr\/wp-content\/uploads\/2021\/10\/2019_mcbg_087_a_001_005.jpg","type":"image\/jpeg"}],"author":"Bertrand Demandre","twitter_card":"summary_large_image","twitter_creator":"@Chaire_Ecodef","twitter_site":"@Chaire_Ecodef","twitter_misc":{"Written by":"Bertrand Demandre","Estimated reading time":"2 minutes"},"schema":{"@context":"https:\/\/schema.org","@graph":[{"@type":"Article","@id":"https:\/\/ecodef-ihedn.fr\/crise-des-sous-marins-article-de-julien-malizard-et-josselin-droff-dans-the-conversation\/#article","isPartOf":{"@id":"https:\/\/ecodef-ihedn.fr\/crise-des-sous-marins-article-de-julien-malizard-et-josselin-droff-dans-the-conversation\/"},"author":{"name":"Bertrand Demandre","@id":"https:\/\/ecodef-ihedn.fr\/#\/schema\/person\/1cdf22d028cebe278126a6e07a884d30"},"headline":"Crise des sous-marins : Article de Julien Malizard et Josselin Droff dans The Conversation","datePublished":"2021-10-28T12:31:41+00:00","dateModified":"2021-10-28T12:54:39+00:00","mainEntityOfPage":{"@id":"https:\/\/ecodef-ihedn.fr\/crise-des-sous-marins-article-de-julien-malizard-et-josselin-droff-dans-the-conversation\/"},"wordCount":466,"commentCount":2,"publisher":{"@id":"https:\/\/ecodef-ihedn.fr\/#organization"},"image":{"@id":"https:\/\/ecodef-ihedn.fr\/crise-des-sous-marins-article-de-julien-malizard-et-josselin-droff-dans-the-conversation\/#primaryimage"},"thumbnailUrl":"https:\/\/ecodef-ihedn.fr\/wp-content\/uploads\/2021\/10\/2019_mcbg_087_a_001_005.jpg","keywords":["AUKUS","Australie","D\u00e9fense","ecodef","\u00e9conomie de d\u00e9fense","exportations","exportations d'armes","IHEDN","industrie de d\u00e9fense","Publications","sous-marins"],"articleSection":["Publications","Th\u00e9matique 1 : connaissance des entreprises de d\u00e9fense"],"inLanguage":"en-GB","potentialAction":[{"@type":"CommentAction","name":"Comment","target":["https:\/\/ecodef-ihedn.fr\/crise-des-sous-marins-article-de-julien-malizard-et-josselin-droff-dans-the-conversation\/#respond"]}]},{"@type":"WebPage","@id":"https:\/\/ecodef-ihedn.fr\/crise-des-sous-marins-article-de-julien-malizard-et-josselin-droff-dans-the-conversation\/","url":"https:\/\/ecodef-ihedn.fr\/crise-des-sous-marins-article-de-julien-malizard-et-josselin-droff-dans-the-conversation\/","name":"Crise des sous-marins : Article de Julien Malizard et Josselin Droff dans The Conversation - Chaire \u00c9conomie de d\u00e9fense - IHEDN","isPartOf":{"@id":"https:\/\/ecodef-ihedn.fr\/#website"},"primaryImageOfPage":{"@id":"https:\/\/ecodef-ihedn.fr\/crise-des-sous-marins-article-de-julien-malizard-et-josselin-droff-dans-the-conversation\/#primaryimage"},"image":{"@id":"https:\/\/ecodef-ihedn.fr\/crise-des-sous-marins-article-de-julien-malizard-et-josselin-droff-dans-the-conversation\/#primaryimage"},"thumbnailUrl":"https:\/\/ecodef-ihedn.fr\/wp-content\/uploads\/2021\/10\/2019_mcbg_087_a_001_005.jpg","datePublished":"2021-10-28T12:31:41+00:00","dateModified":"2021-10-28T12:54:39+00:00","description":"Julien Malizard et Josselin Droff publient un article dans The Conversation sur la question de la vente annul\u00e9e des sous-marins australiens et les enjeux associ\u00e9s aux exportations d\u2019armement que cet \u00e9pisode r\u00e9v\u00e8le.","breadcrumb":{"@id":"https:\/\/ecodef-ihedn.fr\/crise-des-sous-marins-article-de-julien-malizard-et-josselin-droff-dans-the-conversation\/#breadcrumb"},"inLanguage":"en-GB","potentialAction":[{"@type":"ReadAction","target":["https:\/\/ecodef-ihedn.fr\/crise-des-sous-marins-article-de-julien-malizard-et-josselin-droff-dans-the-conversation\/"]}]},{"@type":"ImageObject","inLanguage":"en-GB","@id":"https:\/\/ecodef-ihedn.fr\/crise-des-sous-marins-article-de-julien-malizard-et-josselin-droff-dans-the-conversation\/#primaryimage","url":"https:\/\/ecodef-ihedn.fr\/wp-content\/uploads\/2021\/10\/2019_mcbg_087_a_001_005.jpg","contentUrl":"https:\/\/ecodef-ihedn.fr\/wp-content\/uploads\/2021\/10\/2019_mcbg_087_a_001_005.jpg","width":911,"height":683,"caption":"Cr\u00e9dit : Minist\u00e8re des Arm\u00e9es"},{"@type":"BreadcrumbList","@id":"https:\/\/ecodef-ihedn.fr\/crise-des-sous-marins-article-de-julien-malizard-et-josselin-droff-dans-the-conversation\/#breadcrumb","itemListElement":[{"@type":"ListItem","position":1,"name":"Accueil","item":"https:\/\/ecodef-ihedn.fr\/"},{"@type":"ListItem","position":2,"name":"Crise des sous-marins : Article de Julien Malizard et Josselin Droff dans The Conversation"}]},{"@type":"WebSite","@id":"https:\/\/ecodef-ihedn.fr\/#website","url":"https:\/\/ecodef-ihedn.fr\/","name":"Chair in Defence Economics - IHEDN","description":"Produce &amp; support, federate &amp; disseminate, act as an interface","publisher":{"@id":"https:\/\/ecodef-ihedn.fr\/#organization"},"potentialAction":[{"@type":"SearchAction","target":{"@type":"EntryPoint","urlTemplate":"https:\/\/ecodef-ihedn.fr\/?s={search_term_string}"},"query-input":{"@type":"PropertyValueSpecification","valueRequired":true,"valueName":"search_term_string"}}],"inLanguage":"en-GB"},{"@type":"Organization","@id":"https:\/\/ecodef-ihedn.fr\/#organization","name":"Chair in Defence Economics - IHEDN","url":"https:\/\/ecodef-ihedn.fr\/","logo":{"@type":"ImageObject","inLanguage":"en-GB","@id":"https:\/\/ecodef-ihedn.fr\/#\/schema\/logo\/image\/","url":"https:\/\/ecodef-ihedn.fr\/wp-content\/uploads\/2020\/04\/logoEcodef9.jpg","contentUrl":"https:\/\/ecodef-ihedn.fr\/wp-content\/uploads\/2020\/04\/logoEcodef9.jpg","width":410,"height":212,"caption":"Chaire \u00c9conomie de d\u00e9fense - IHEDN"},"image":{"@id":"https:\/\/ecodef-ihedn.fr\/#\/schema\/logo\/image\/"},"sameAs":["https:\/\/x.com\/Chaire_Ecodef","https:\/\/www.linkedin.com\/company\/chaire-ecodef-ihedn\/"]},{"@type":"Person","@id":"https:\/\/ecodef-ihedn.fr\/#\/schema\/person\/1cdf22d028cebe278126a6e07a884d30","name":"Bertrand Demandre","image":{"@type":"ImageObject","inLanguage":"en-GB","@id":"https:\/\/secure.gravatar.com\/avatar\/d9c9746d6c900ab5b9c0f9b1fa3932e369da923da247d624b8f7ab4ba8a3c093?s=96&d=mm&r=g","url":"https:\/\/secure.gravatar.com\/avatar\/d9c9746d6c900ab5b9c0f9b1fa3932e369da923da247d624b8f7ab4ba8a3c093?s=96&d=mm&r=g","contentUrl":"https:\/\/secure.gravatar.com\/avatar\/d9c9746d6c900ab5b9c0f9b1fa3932e369da923da247d624b8f7ab4ba8a3c093?s=96&d=mm&r=g","caption":"Bertrand Demandre"},"url":"https:\/\/ecodef-ihedn.fr\/en\/author\/bertrand\/"}]}},"_links":{"self":[{"href":"https:\/\/ecodef-ihedn.fr\/en\/wp-json\/wp\/v2\/posts\/3919","targetHints":{"allow":["GET"]}}],"collection":[{"href":"https:\/\/ecodef-ihedn.fr\/en\/wp-json\/wp\/v2\/posts"}],"about":[{"href":"https:\/\/ecodef-ihedn.fr\/en\/wp-json\/wp\/v2\/types\/post"}],"author":[{"embeddable":true,"href":"https:\/\/ecodef-ihedn.fr\/en\/wp-json\/wp\/v2\/users\/2"}],"replies":[{"embeddable":true,"href":"https:\/\/ecodef-ihedn.fr\/en\/wp-json\/wp\/v2\/comments?post=3919"}],"version-history":[{"count":4,"href":"https:\/\/ecodef-ihedn.fr\/en\/wp-json\/wp\/v2\/posts\/3919\/revisions"}],"predecessor-version":[{"id":3927,"href":"https:\/\/ecodef-ihedn.fr\/en\/wp-json\/wp\/v2\/posts\/3919\/revisions\/3927"}],"wp:featuredmedia":[{"embeddable":true,"href":"https:\/\/ecodef-ihedn.fr\/en\/wp-json\/wp\/v2\/media\/3926"}],"wp:attachment":[{"href":"https:\/\/ecodef-ihedn.fr\/en\/wp-json\/wp\/v2\/media?parent=3919"}],"wp:term":[{"taxonomy":"category","embeddable":true,"href":"https:\/\/ecodef-ihedn.fr\/en\/wp-json\/wp\/v2\/categories?post=3919"},{"taxonomy":"post_tag","embeddable":true,"href":"https:\/\/ecodef-ihedn.fr\/en\/wp-json\/wp\/v2\/tags?post=3919"}],"curies":[{"name":"wp","href":"https:\/\/api.w.org\/{rel}","templated":true}]}}