{"id":3935,"date":"2021-11-04T15:48:35","date_gmt":"2021-11-04T15:48:35","guid":{"rendered":"https:\/\/ecodef-ihedn.fr\/?p=3935"},"modified":"2023-04-03T10:45:58","modified_gmt":"2023-04-03T10:45:58","slug":"synthese-du-webinaire-investissements-de-defense-quelle-contribution-face-aux-enjeux-economiques-actuels-les-entretiens-de-lecodef-1-le-7-juillet-2021","status":"publish","type":"post","link":"https:\/\/ecodef-ihedn.fr\/en\/synthese-du-webinaire-investissements-de-defense-quelle-contribution-face-aux-enjeux-economiques-actuels-les-entretiens-de-lecodef-1-le-7-juillet-2021\/","title":{"rendered":"[SYNTH\u00c8SE] webinaire \u00ab\u00a0Investissements de d\u00e9fense : quelle contribution face aux enjeux \u00e9conomiques actuels ?\u00a0\u00bb (Les entretiens de l\u2019ECODEF #1 \/ le 7 juillet 2021)"},"content":{"rendered":"\n<p><strong>La Chaire vous propose une synth\u00e8se du premier num\u00e9ro de la s\u00e9rie de webinaires \u00ab\u00a0Les entretiens de l&rsquo;ECODEF\u00a0\u00bb, qui a trait\u00e9 du sujet des investissements de d\u00e9fense. <\/strong><\/p>\n\n\n\n<div class=\"wp-block-image\"><figure class=\"aligncenter size-medium\"><img loading=\"lazy\" decoding=\"async\" width=\"300\" height=\"200\" src=\"https:\/\/ecodef-ihedn.fr\/wp-content\/uploads\/2021\/09\/image_2021-07-09_113936-300x200.png\" alt=\"\" class=\"wp-image-3815\" srcset=\"https:\/\/ecodef-ihedn.fr\/wp-content\/uploads\/2021\/09\/image_2021-07-09_113936-300x200.png 300w, https:\/\/ecodef-ihedn.fr\/wp-content\/uploads\/2021\/09\/image_2021-07-09_113936-1024x683.png 1024w, https:\/\/ecodef-ihedn.fr\/wp-content\/uploads\/2021\/09\/image_2021-07-09_113936-768x512.png 768w, https:\/\/ecodef-ihedn.fr\/wp-content\/uploads\/2021\/09\/image_2021-07-09_113936-696x464.png 696w, https:\/\/ecodef-ihedn.fr\/wp-content\/uploads\/2021\/09\/image_2021-07-09_113936-1068x712.png 1068w, https:\/\/ecodef-ihedn.fr\/wp-content\/uploads\/2021\/09\/image_2021-07-09_113936-630x420.png 630w, https:\/\/ecodef-ihedn.fr\/wp-content\/uploads\/2021\/09\/image_2021-07-09_113936-1260x840.png 1260w, https:\/\/ecodef-ihedn.fr\/wp-content\/uploads\/2021\/09\/image_2021-07-09_113936.png 1350w\" sizes=\"auto, (max-width: 300px) 100vw, 300px\" \/><\/figure><\/div>\n\n\n\n<p>Afin de permettre \u00e0 son public de mieux appr\u00e9hender les enjeux \u00e9conomiques des activit\u00e9s de d\u00e9fense, la Chaire a organis\u00e9 le premier webinaire d\u2019une s\u00e9rie intitul\u00e9e <strong>\u00ab\u00a0Les entretiens de l\u2019ECODEF\u00a0\u00bb<\/strong>. Ces webinaires permettront de pr\u00e9senter les r\u00e9sultats des travaux des chercheurs en \u00e9conomie de d\u00e9fense sous forme d\u2019entretiens.<\/p>\n\n\n\n<p>Le premier num\u00e9ro intitul\u00e9 <a href=\"https:\/\/ecodef-ihedn.fr\/les-entretiens-de-lecodef-la-chaire-lance-sa-serie-de-webinaires-le-7-juillet-2021-avec-le-theme-de-linvestissement-de-defense\/\" target=\"_blank\" rel=\"noreferrer noopener\">\u00ab\u00a0Investissements de d\u00e9fense :&nbsp;Quelle contribution face aux enjeux \u00e9conomiques actuels ?\u00a0\u00bb<\/a> a eu lieu le mercredi 7 juillet, de 8h30 \u00e0 9h30. <strong>Olivier Martin<\/strong> (Pr\u00e9sident du Comit\u00e9 de pilotage de la Chaire \u00c9conomie de d\u00e9fense \u2013 IHEDN) a pos\u00e9 plusieurs questions \u00e0 <strong>Julien Malizard<\/strong> (Titulaire adjoint de la Chaire \u00c9conomie de d\u00e9fense \u2013 IHEDN).<\/p>\n\n\n\n<p>Le concept d\u2019autonomie strat\u00e9gique, singularit\u00e9 fran\u00e7aise en mati\u00e8re de politique de d\u00e9fense a une traduction \u00e9conomique (Fontanel et H\u00e9bert, 1997)&nbsp;: un budget de d\u00e9fense \u00e9lev\u00e9, une part consacr\u00e9e \u00e0 la R&amp;D et aux \u00e9quipements structurellement sup\u00e9rieure aux alli\u00e9s europ\u00e9ens et une industrie de d\u00e9fense con\u00e7ue dans un objectif d\u2019autonomie et de souverainet\u00e9.<\/p>\n\n\n\n<div class=\"wp-block-image\"><figure class=\"aligncenter size-full is-resized\"><img loading=\"lazy\" decoding=\"async\" src=\"https:\/\/ecodef-ihedn.fr\/wp-content\/uploads\/2021\/11\/image_2021-11-02_102438.png\" alt=\"\" class=\"wp-image-3936\" width=\"488\" height=\"286\" srcset=\"https:\/\/ecodef-ihedn.fr\/wp-content\/uploads\/2021\/11\/image_2021-11-02_102438.png 488w, https:\/\/ecodef-ihedn.fr\/wp-content\/uploads\/2021\/11\/image_2021-11-02_102438-300x176.png 300w\" sizes=\"auto, (max-width: 488px) 100vw, 488px\" \/><figcaption> <strong><em>Graphique 1&nbsp;: \u00c9volution du budget de d\u00e9fense (en millions de dollars constants), source&nbsp;: SIPRI<\/em><\/strong> <\/figcaption><\/figure><\/div>\n\n\n\n<p>En pratique, <strong>la place de l\u2019investissement de d\u00e9fense dans l\u2019\u00e9conomie fran\u00e7aise est majeure.<\/strong> Les d\u00e9penses de d\u00e9fense (\u00e9quipement et fonctionnement) avec pensions repr\u00e9sentent, en 2019, 44 milliards d\u2019euros soit 1,84% du PIB et les d\u00e9penses d\u2019\u00e9quipement (acquisition et R&amp;D) concentrent pr\u00e8s de 80% des investissements de l\u2019\u00c9tat. Ces investissements g\u00e9n\u00e8rent de l\u2019activit\u00e9 industrielle, des emplois (200&nbsp;000 directs et indirects en France dans la BITD, soit plus de 5% des emplois industriels en 2020), de la R&amp;D et contribuent \u00e0 am\u00e9liorer le solde de la balance commerciale (sur les 3 derni\u00e8res ann\u00e9es, 7 milliards d\u2019euros d\u2019exc\u00e9dent ont \u00e9t\u00e9 g\u00e9n\u00e9r\u00e9s par la d\u00e9fense).<\/p>\n\n\n\n<p>Partant de ce constat, l<strong>\u2019impact \u00e9conomique de la d\u00e9fense est consid\u00e9r\u00e9 comme positif <\/strong>en France selon les diff\u00e9rents travaux de la litt\u00e9rature \u00e9conomique<a href=\"#_ftn1\">[1]<\/a> puisque le multiplicateur de d\u00e9fense est estim\u00e9 comme sup\u00e9rieur \u00e0 1 (un euro investi g\u00e9n\u00e8re plus qu\u2019un euro de retomb\u00e9es \u00e9conomiques). C\u2019est une cons\u00e9quence de la place particuli\u00e8re que joue la d\u00e9fense dans les finances publiques. En effet, une explication de l\u2019effet positif sur l\u2019activit\u00e9 transite par la composition du budget de d\u00e9fense (Malizard, 2013). Les d\u00e9penses d\u2019\u00e9quipement exercent ainsi un effet positif sur l\u2019activit\u00e9 \u00e9conomique (PIB) par des effets de d\u00e9bordement technologique (Ruttan, 2006) et une am\u00e9lioration de la productivit\u00e9 du secteur priv\u00e9 (Goel et al. 2008) alors que l\u2019effet des d\u00e9penses de fonctionnement (essentiellement du salaire) sur l\u2019activit\u00e9 est non significatif. Ce r\u00e9sultat est globalement coh\u00e9rent avec ceux observ\u00e9s dans la litt\u00e9rature \u00e9conomique sur les multiplicateurs aux \u00c9tats-Unis ou ceux li\u00e9s aux investissements publics. En outre, les investissements de d\u00e9fense et les investissements priv\u00e9s (Malizard, 2015)&nbsp;sont compl\u00e9mentaires (absence d\u2019\u00e9viction). Moretti et al. (2021) montrent ainsi qu\u2019un accroissement de 10% des d\u00e9penses publiques de R&amp;D de d\u00e9fense entraine une hausse de 5 \u00e0 6% des d\u00e9penses priv\u00e9es de R&amp;D. Au niveau industriel, le multiplicateur estim\u00e9 de la fili\u00e8re missile<a href=\"#_ftn2\">[2]<\/a> est sup\u00e9rieur \u00e0 3, gr\u00e2ce aux efforts de R&amp;D autofinanc\u00e9s par la fili\u00e8re et \u00e0 la part importante de son activit\u00e9 \u00e0 l\u2019exportation.<\/p>\n\n\n\n<div class=\"wp-block-image\"><figure class=\"aligncenter size-full is-resized\"><img loading=\"lazy\" decoding=\"async\" src=\"https:\/\/ecodef-ihedn.fr\/wp-content\/uploads\/2021\/11\/Image2_Webinaire.png\" alt=\"\" class=\"wp-image-3937\" width=\"489\" height=\"249\" srcset=\"https:\/\/ecodef-ihedn.fr\/wp-content\/uploads\/2021\/11\/Image2_Webinaire.png 489w, https:\/\/ecodef-ihedn.fr\/wp-content\/uploads\/2021\/11\/Image2_Webinaire-300x153.png 300w\" sizes=\"auto, (max-width: 489px) 100vw, 489px\" \/><figcaption><strong>Graphique 2 : La contribution fiscale de la fili\u00e8re missile en France en 2019<\/strong><\/figcaption><\/figure><\/div>\n\n\n\n<p><strong>Plusieurs raisons expliquent l\u2019importance de la valeur du multiplicateur de d\u00e9fense<\/strong>. Tout d\u2019abord, le risque de \u00ab&nbsp;fuite&nbsp;\u00bb dans le circuit \u00e9conomique est limit\u00e9 car les processus de recherche et production sont consid\u00e9r\u00e9s comme davantage nationaux que le secteur civil : en moyenne, la commande publique irrigue \u00e0 80% des entreprises r\u00e9sidentes (Andrieu et al., 2021) et m\u00eame 95% dans le cas de MBDA. L\u2019externalisation de la R&amp;D est \u00e9galement plus faible dans le domaine de la d\u00e9fense que dans le secteur civil. Ensuite, les entreprises de la BITD jouent un r\u00f4le structurant dans le domaine industrie gr\u00e2ce \u00e0 leur r\u00f4le d\u2019int\u00e9grateur et leur capacit\u00e9 \u00e0 choisir les acteurs les plus pertinents pour faire \u00e9merger les innovations (Belin et al., 2019). Enfin, l\u2019impact macro\u00e9conomique peut transiter par des retomb\u00e9es technologiques puisque de nombreuses technologies de d\u00e9fense ont \u00e9t\u00e9 red\u00e9ploy\u00e9es dans la sph\u00e8re civile (Mazzucato, 2015) ou ont \u00e9t\u00e9 au c\u0153ur du processus de croissance apr\u00e8s la 2<sup>nde<\/sup> guerre mondiale (nucl\u00e9aire, micro-processeur, ordinateur, internet\u2026). Le graphique 3 illustre ce potentiel de retomb\u00e9es technologiques.<\/p>\n\n\n\n<div class=\"wp-block-image\"><figure class=\"aligncenter size-full\"><img loading=\"lazy\" decoding=\"async\" width=\"605\" height=\"318\" src=\"https:\/\/ecodef-ihedn.fr\/wp-content\/uploads\/2021\/11\/Image3_Webinaire.jpg\" alt=\"\" class=\"wp-image-3938\" srcset=\"https:\/\/ecodef-ihedn.fr\/wp-content\/uploads\/2021\/11\/Image3_Webinaire.jpg 605w, https:\/\/ecodef-ihedn.fr\/wp-content\/uploads\/2021\/11\/Image3_Webinaire-300x158.jpg 300w\" sizes=\"auto, (max-width: 605px) 100vw, 605px\" \/><figcaption> <strong><em>Graphique 3&nbsp;: &nbsp;&nbsp;&nbsp; Exemple de retomb\u00e9es technologiques issues d\u2019un smartphone (Mazzucato, 2015)<\/em><\/strong> <\/figcaption><\/figure><\/div>\n\n\n\n<p>Enfin, les <strong>exportations jouent une influence forte dans le potentiel \u00e9conomique fran\u00e7ais<em>.<\/em> <\/strong>Belin (2015) montre que les firmes de la BITD ont des taux de valeur ajout\u00e9e (42,7% contre 40%) et des taux d\u2019exportation (15% contre 10%) sup\u00e9rieurs \u00e0 celles des firmes civiles. En utilisant une d\u00e9finition large de la BITD, en particulier les entreprises duales, Moura et Oudot (2017) indiquent que 20% des exportations fran\u00e7aises sont li\u00e9es \u00e0 la d\u00e9fense, ce qui est coh\u00e9rent avec l\u2019avantage comparatif de la France dans le domaine a\u00e9ronautique. Au niveau des firmes, les exportations permettent de compl\u00e9ter les commandes nationales et donc garantir les comp\u00e9tences n\u00e9cessaires aux besoins des arm\u00e9es fran\u00e7aises mais \u00e9galement de financer des programmes de R&amp;D.<\/p>\n\n\n\n<p>La discussion entre Olivier Martin et Julien Malizard a \u00e9t\u00e9 suivie par <strong>une s\u00e9quence de questions \/<\/strong> <strong>r\u00e9ponses<\/strong> dont les principaux enseignements sont pr\u00e9sent\u00e9s ci-apr\u00e8s&nbsp;(certains \u00e9l\u00e9ments de r\u00e9ponse pr\u00e9sent\u00e9s ci-apr\u00e8s d\u00e9veloppent dans certains cas les r\u00e9ponses apport\u00e9es en s\u00e9ance) :<\/p>\n\n\n\n<ul class=\"wp-block-list\"><li><em>Un effet positif de la d\u00e9fense est la Paix et la s\u00e9curit\u00e9, le soutien au tissu industriel et \u00e0 la R&amp;D est un objectif pour assurer une forme de souverainet\u00e9 industrielle, la d\u00e9monstration que les d\u00e9penses de l\u2019\u00c9tat en mati\u00e8re de d\u00e9fense pourraient avoir un effet fiscal positif me laisse r\u00eaveur, pourquoi n\u2019est-ce pas le cas avec 15 milliards d\u2019acquisitions ?<\/em><\/li><\/ul>\n\n\n\n<p>On ne peut prendre en compte le volume total des acquisitions par la France car il est consid\u00e9r\u00e9 que la France devra toujours financer ces mat\u00e9riels de d\u00e9fense, soit principalement aupr\u00e8s de l\u2019industrie fran\u00e7aise si son existence est assur\u00e9e par le financement de la R&amp;D correspondante, soit aupr\u00e8s de fournisseurs \u00e9trangers en cas d\u2019absence de financement de cette m\u00eame R&amp;D (Martin, 2013).<\/p>\n\n\n\n<p><em>Q. Comment expliquez-vous la frilosit\u00e9 des banques \u00e0 financer et soutenir la BITD ?<\/em><\/p>\n\n\n\n<p><em>R. <\/em>Les raisons sont diverses. Sans entrer ici dans ce d\u00e9bat complexe qui fera l\u2019objet d\u2019un prochain webinaire, il convient de constater qu\u2019en raison notamment d\u2019\u00e9volutions soci\u00e9tales importantes, les \u00e9tablissements bancaires voient sans doute toujours les m\u00eames aspects positifs \u00e0 soutenir les activit\u00e9s de d\u00e9fense mais peuvent voir se renforcer ses aspects n\u00e9gatifs. Il est donc important que les acteurs impliqu\u00e9s sur ce sujet se rapprochent afin de mieux appr\u00e9cier les enjeux li\u00e9s aux op\u00e9rations industrielles de d\u00e9fense.<\/p>\n\n\n\n<p><em>Q. A quoi sont dues les bonnes performances \u00e9conomiques de la BITD (VA, exportations&#8230;) ? Est-ce l&rsquo;influence de la R&amp;D ?<\/em><\/p>\n\n\n\n<p>R. La litt\u00e9rature \u00e9conomique montre une relation sans \u00e9quivoque entre les performances des entreprises et leur capacit\u00e9 d\u2019innovation, souvent mesur\u00e9e par les d\u00e9penses de R&amp;D (le processus d\u2019innovation, \u00e9tant plus difficile \u00e0 appr\u00e9hender). L\u2019importance de la R&amp;D est cruciale d\u00e8s lors que la pression concurrentielle est forte. Deux \u00e9l\u00e9ments sp\u00e9cifiques \u00e0 la d\u00e9fense sont \u00e0 mentionner&nbsp;:<\/p>\n\n\n\n<ul class=\"wp-block-list\"><li>les acteurs de la d\u00e9fense concentrent une grande partie des moyens de l\u2019innovation en France (Belin et al., 2019 ou Moura et Oudot, 2017).<\/li><li>les entreprises de la BITD sont centrales dans le \u00ab&nbsp;syst\u00e8me national d\u2019innovation&nbsp;\u00bb car elles sont \u00e0 l\u2019intersection de multiples entit\u00e9s (sph\u00e8re priv\u00e9e, laboratoire public, universit\u00e9s etc.) et leur capacit\u00e9 \u00e0 capter l\u2019innovation est pr\u00e9serv\u00e9e par leur investissement en recherche fondamentale (Belin et al., 2019).<\/li><\/ul>\n\n\n\n<p>Plusieurs raisons peuvent expliquer les bonnes performances \u00e9conomiques de la BITD. On peut notamment citer&nbsp;:<\/p>\n\n\n\n<ul class=\"wp-block-list\"><li>la hausse des budgets de d\u00e9fense constat\u00e9e depuis plusieurs ann\u00e9es, et m\u00eame plus r\u00e9cemment en Europe.<\/li><li>une croissance du march\u00e9 export o\u00f9 la part de la France s\u2019est accrue depuis quelques ann\u00e9es.<\/li><li>mais \u00e9galement, un bon fonctionnement de l\u2019\u00e9cosyst\u00e8me D\u00e9fense o\u00f9 des processus solides permettent une bonne maitrise g\u00e9n\u00e9rale des programmes, un renforcement des relations entre les ma\u00eetres d\u2019\u0153uvre et sa base fournisseurs, encore r\u00e9cemment constat\u00e9 lors de la crise COVID, et une action efficace des services \u00e9tatiques au titre des exportations d\u2019armement. Bien entendu, des progr\u00e8s peuvent toujours \u00eatre effectu\u00e9s pour am\u00e9liorer la comp\u00e9titivit\u00e9 des entreprises mais le syst\u00e8me fran\u00e7ais permet de disposer d\u2019une gamme de produits de d\u00e9fense g\u00e9n\u00e9ralement performants et donc comp\u00e9titifs sur le march\u00e9 export, source majeure de croissance du chiffre d\u2019affaires et des r\u00e9sultats.<\/li><\/ul>\n\n\n\n<p>Les investissements en R&amp;D de l\u2019Etat, \u00e9ventuellement compl\u00e9t\u00e9s par celui des industriels, contribuent de fa\u00e7on essentielle \u00e0 ce succ\u00e8s, tant pour le d\u00e9veloppement et la maturit\u00e9 des futures technologies que pour le d\u00e9veloppement des futures offres produits des industriels.<\/p>\n\n\n\n<p><em>Q. Avez-vous une appr\u00e9ciation macro\u00e9conomique de la relation existante entre le chiffre d\u2019affaires g\u00e9n\u00e9r\u00e9 de l&rsquo;industrie de d\u00e9fense et le nombre d&#8217;emplois en d\u00e9pendant (en diff\u00e9renciant peut-\u00eatre production\/ing\u00e9nierie)&nbsp;?<\/em><\/p>\n\n\n\n<p>R. Nous ne connaissons pas d\u2019\u00e9tudes g\u00e9n\u00e9rales en la mati\u00e8re, la difficult\u00e9 principale \u00e9tant d\u2019identifier au sein du monde industriel les emplois relevant du domaine d\u00e9fense. Ces donn\u00e9es sont d\u2019ores et d\u00e9j\u00e0 difficiles \u00e0 d\u00e9terminer pour les industriels ayant des activit\u00e9s duales. S\u2019il semble plus facile de les d\u00e9terminer pour les <em>pure player<\/em> d\u00e9fense, la mesure du nombre d\u2019emplois dans leurs propres bases fournisseurs, qui repr\u00e9sente souvent une part importante, se heurte aux m\u00eames difficult\u00e9s.<\/p>\n\n\n\n<p>Nous pouvons n\u00e9anmoins citer une \u00e9tude men\u00e9e il y a plusieurs ann\u00e9es (2013) par MBDA sur les effectifs de la fili\u00e8re missile sur la base d\u2019une analyse fine de sa base fournisseurs de rang 1, voire m\u00eame dans certains cas de rang 2. Il en est alors ressorti que les activit\u00e9s de d\u00e9veloppement et de production correspondaient \u00e0 un CA moyen respectivement de 200 k\u20ac et 110 k\u20ac par salari\u00e9.<\/p>\n\n\n\n<p><em>Q. Quel est l&rsquo;impact de l&rsquo;industrie 4.0 sur l&rsquo;\u00e9volution des retomb\u00e9es \u00e9conomiques de l&rsquo;investissement de d\u00e9fense ?<\/em><\/p>\n\n\n\n<p>R. Les technologies de l\u2019industrie 4.0 regroupent l\u2019ensemble des pratiques associ\u00e9es \u00e0 la num\u00e9risation de la cha\u00eene de valeur sur l\u2019ensemble du cycle de vie du produit. Cela implique les technologies telles que le big data, l\u2019internet des objets, la fabrication additive ou la robotisation. Elles ont et vont avoir un impact majeur dans le processus de conception et de production des \u00e9quipements de d\u00e9fense (Droff et Rademacher, 2019). Cependant, \u00e0 ce jour, aucune \u00e9tude ne porte sp\u00e9cifiquement sur l\u2019impact des retomb\u00e9es des technologies associ\u00e9es \u00e0 l\u2019industrie 4.0. Dans le domaine civil, il semble qu\u2019aucune tendance majeure n\u2019\u00e9merge au niveau macro\u00e9conomique (Acemoglu et Restrepo, 2019).<\/p>\n\n\n\n<p><em>Q. Imaginez-vous un retour \u00e9conomique nettement moins bon pour les financements europ\u00e9ens (FED ?) compte tenu des partenariats impos\u00e9s, ou peut-on esp\u00e9rer un retour des autres ma\u00eetres d&rsquo;\u0153uvre europ\u00e9ens vers nos sous-traitants ?<\/em><\/p>\n\n\n\n<p>&nbsp;R. Le retour \u00e9conomique se mesure en g\u00e9n\u00e9ral en comparant l\u2019effort financier consenti par les clients et les industriels concern\u00e9s d\u2019une part, la valeur du produit des \u00e9tudes r\u00e9alis\u00e9es gr\u00e2ce \u00e0 ce financement d\u2019autre part. En ce qui concerne les le retour \u00e9conomique des financements FED, la r\u00e9ponse \u00e0 cette question est encore difficile \u00e0 donner. A titre de premiers \u00e9l\u00e9ments de r\u00e9ponse, on peut souligner les points suivants&nbsp;:<\/p>\n\n\n\n<ul class=\"wp-block-list\"><li>les \u00e9tudes r\u00e9alis\u00e9es en coop\u00e9ration \u00e9tant en g\u00e9n\u00e9ral moins \u00ab&nbsp;efficaces&nbsp;\u00bb que celles men\u00e9es dans un sch\u00e9ma classique Ma\u00eetre d\u2019\u0153uvre-Sous-traitant, le retour des \u00e9tudes FED sera automatiquement moins efficace si les pays participant \u00e0 cette \u00e9tude consid\u00e8rent ces financements FED comme un substitut et non comme un compl\u00e9ment aux financements domestiques.<\/li><li>Si les budgets FED abondent les budgets domestiques, leur retour \u00e9conomique d\u00e9pendra alors de trois crit\u00e8res qui font encore l\u2019objet de discussions \u00e0 ce jour&nbsp;: le montant de la part des co\u00fbts indirects des industriels non pris en charge par les \u00e9tudes FED, les r\u00e8gles de propri\u00e9t\u00e9 intellectuelle applicables au r\u00e9sultat de ces \u00e9tudes, les r\u00e8gles \u00e9ventuellement impos\u00e9es sur l\u2019utilisation de ces r\u00e9sultats \u00e0 l\u2019occasion d\u2019op\u00e9rations \u00e0 l\u2019exportation.<\/li><\/ul>\n\n\n\n<p>En revanche, dans le meilleur des cas, l\u2019utilisation par les participants de l\u2019ensemble des r\u00e9sultats des \u00e9tudes FED alors qu\u2019ils n\u2019auront financ\u00e9 qu\u2019une partie des co\u00fbts induits devrait conduire \u00e0 un retour \u00e9conomique positif.<\/p>\n\n\n\n<p>Enfin, si ces financements FED parvenaient \u00e0 conduire in fine \u00e0 la constitution de champions europ\u00e9ens capables de rivaliser sur le march\u00e9 mondial, leur r\u00e9sultat \u00e9conomique sera \u00e9videmment tr\u00e8s positif.<\/p>\n\n\n\n<p>Retrouvez l\u2019int\u00e9gralit\u00e9 du d\u00e9bat dans le replay du webinaire, disponible <a href=\"https:\/\/ecodef-ihedn.fr\/video-webinaire-investissements-de-defense-quelle-contribution-face-aux-enjeux-economiques-actuels-les-entretiens-de-lecodef-7-juillet-2021\/\" target=\"_blank\" rel=\"noreferrer noopener\">ici<\/a>.<\/p>\n\n\n\n<hr class=\"wp-block-separator\"\/>\n\n\n\n<p><a href=\"#_ftnref1\">[1]<\/a>&nbsp;&nbsp;&nbsp;&nbsp; \u00c9tude des chercheurs du Cercle des \u00e9conomistes (2017)&nbsp;: Le multiplicateur est \u00e9gal \u00e0 2 \u00e0 10 ans en France (i.e. pour 1 milliard de d\u00e9penses, il y a 2 milliards d\u2019activit\u00e9 \u00e9conomique suppl\u00e9mentaire dans 10 ans).<\/p>\n\n\n\n<p><a href=\"#_ftnref2\">[2]<\/a> &nbsp;&nbsp;&nbsp; Multiplicateur fiscal \u00e9gal au ratio entre les retomb\u00e9es fiscales directes ou indirectes de l\u2019activit\u00e9 de la fili\u00e8re missiles en France et le montant du financement \u00e9tatique en R&amp;D re\u00e7u par cette m\u00eame fili\u00e8re (Martin, 2013)<\/p>\n\n\n\n<p><\/p>\n\n\n\n<p><strong><u>Bibliographie&nbsp;:<\/u><\/strong><\/p>\n\n\n\n<p>Acemoglu D. et P. Restrepo (2019), Automation and new tasks&nbsp;: how technology displaces and reinstates labor, <em>Journal of Economic Perspectives, <\/em>33(2), 3-30<\/p>\n\n\n\n<p>Andrieu Y.-M., T. Aunay et S. Moura (2021), Les entreprises fournisseurs de la d\u00e9fense&nbsp;: 18 Mds \u20ac d\u2019achats en 2020 aux entreprises r\u00e9sidentes, EcoDef n\u00b0182<\/p>\n\n\n\n<p>Belin J. (2015), Les entreprises fran\u00e7aises de d\u00e9fense&nbsp;: caract\u00e9ristiques \u00e9conomiques et financi\u00e8res, <em>Revue D\u00e9fense Nationale, <\/em>780, 28-33<\/p>\n\n\n\n<p>Belin J., M. Guille, N. Lazaric et V. M\u00e9rindol (2019), Defense firms adapting to major changes in the R&amp;D funding system, <em>Defence and Peace Economics<\/em>, 30(2), 142-158<\/p>\n\n\n\n<p>Droff J. et B. Rademacher (2019), <em>MCO 4.0, le potentiel des technologies de l\u2019industrie 4.0 appliqu\u00e9es au maintien en condition op\u00e9rationnelle des \u00e9quipements de d\u00e9fense<\/em>, \u00c9tude de l\u2019IRSEM, 65<\/p>\n\n\n\n<p>Fontanel J. et J.-P. H\u00e9bert (1997), The end of the \u201cFrench grandeur policy\u201d, <em>Defence and Peace Economics<\/em>, 8(1), 37-55<\/p>\n\n\n\n<p>Goel R.K., J.E. Payne et R. Ram (2008), R&amp;D expenditures and US economic growth: A disaggregated approach, <em>Journal of Policy Modeling, <\/em>30, 237-250<\/p>\n\n\n\n<p>Moura S. et J.-M. Oudot (2017), Performances of the defense industrial base in France: the role of small and medium enterprises, <em>Defence and Peace Economics<\/em>, 28(6), 652-668<\/p>\n\n\n\n<p>Malizard J. (2013), Opportunity cost of defense: an evaluation in the case of France, <em>Defence and Peace Economics, <\/em>24(3), 247-259<\/p>\n\n\n\n<p>Malizard J. (2015), Does military expenditure crowd out private investment? A disaggregated perspective for the case of France, <em>Economic Modelling, <\/em>46, 44-52<\/p>\n\n\n\n<p>Malizard J. (2020), L\u2019impact \u00e9conomique de la d\u00e9fense&nbsp;: une approche globale, <em>Revue D\u00e9fense Nationale<\/em>, 832, 43-48<\/p>\n\n\n\n<p>Martin O. (2013), L\u2019efficacit\u00e9 \u00e9conomique de la d\u00e9pense de d\u00e9fense, <em>Revue D\u00e9fense Nationale<\/em>, 757, 35-40<\/p>\n\n\n\n<p>Mazzucato M. (2013), <em>The entrepreneurial State: debunking public vs. private sector myths<\/em>, Anthem Press<\/p>\n\n\n\n<p>Moretti E., C. Steinwender et J. Van Reenen (2021), The intellectual spoils of war? Defense R&amp;D, productivity and international spillovers, document de travail<\/p>\n\n\n\n<p>Ruttan V. (2006), <em>Is war necessary for growth?, <\/em>Oxford University Press<\/p>\n","protected":false},"excerpt":{"rendered":"<p>La Chaire vous propose une synth\u00e8se du premier num\u00e9ro de la s\u00e9rie de webinaires \u00ab\u00a0Les entretiens de l&rsquo;ECODEF\u00a0\u00bb, qui a trait\u00e9 du sujet des investissements de d\u00e9fense. Afin de permettre \u00e0 son public de mieux appr\u00e9hender les enjeux \u00e9conomiques des activit\u00e9s de d\u00e9fense, la Chaire a organis\u00e9 le premier webinaire d\u2019une s\u00e9rie intitul\u00e9e \u00ab\u00a0Les entretiens [&hellip;]<\/p>\n","protected":false},"author":2,"featured_media":3815,"comment_status":"open","ping_status":"open","sticky":false,"template":"","format":"standard","meta":{"footnotes":""},"categories":[34,355],"tags":[162,36,438,47,473,38,437,86,456,417,455],"class_list":{"0":"post-3935","1":"post","2":"type-post","3":"status-publish","4":"format-standard","5":"has-post-thumbnail","7":"category-activites","8":"category-activites-evenements-portes-par-la-chaire","9":"tag-chaire-economie-de-defense","10":"tag-defense","11":"tag-ecodef","12":"tag-economie-de-defense","13":"tag-entretiens-de-lecodef","14":"tag-ihedn","15":"tag-investissements-de-defense","16":"tag-julien-malizard","17":"tag-les-entretiens-de-lecodef","18":"tag-olivier-martin","19":"tag-webinaire"},"yoast_head":"<!-- This site is optimized with the Yoast SEO plugin v27.4 - https:\/\/yoast.com\/product\/yoast-seo-wordpress\/ -->\n<title>[SYNTH\u00c8SE] webinaire &quot;Investissements de d\u00e9fense : quelle contribution face aux enjeux \u00e9conomiques actuels ?&quot; (Les entretiens de l\u2019ECODEF #1 \/ le 7 juillet 2021) - Chaire \u00c9conomie de d\u00e9fense - IHEDN<\/title>\n<meta name=\"robots\" content=\"index, follow, max-snippet:-1, max-image-preview:large, max-video-preview:-1\" \/>\n<link rel=\"canonical\" href=\"https:\/\/ecodef-ihedn.fr\/en\/synthese-du-webinaire-investissements-de-defense-quelle-contribution-face-aux-enjeux-economiques-actuels-les-entretiens-de-lecodef-1-le-7-juillet-2021\/\" \/>\n<meta property=\"og:locale\" content=\"en_GB\" \/>\n<meta property=\"og:type\" content=\"article\" \/>\n<meta property=\"og:title\" content=\"[SYNTH\u00c8SE] webinaire &quot;Investissements de d\u00e9fense : quelle contribution face aux enjeux \u00e9conomiques actuels ?&quot; (Les entretiens de l\u2019ECODEF #1 \/ le 7 juillet 2021) - Chaire \u00c9conomie de d\u00e9fense - IHEDN\" \/>\n<meta property=\"og:description\" content=\"La Chaire vous propose une synth\u00e8se du premier num\u00e9ro de la s\u00e9rie de webinaires \u00ab\u00a0Les entretiens de l&rsquo;ECODEF\u00a0\u00bb, qui a trait\u00e9 du sujet des investissements de d\u00e9fense. Afin de permettre \u00e0 son public de mieux appr\u00e9hender les enjeux \u00e9conomiques des activit\u00e9s de d\u00e9fense, la Chaire a organis\u00e9 le premier webinaire d\u2019une s\u00e9rie intitul\u00e9e \u00ab\u00a0Les entretiens [&hellip;]\" \/>\n<meta property=\"og:url\" content=\"https:\/\/ecodef-ihedn.fr\/en\/synthese-du-webinaire-investissements-de-defense-quelle-contribution-face-aux-enjeux-economiques-actuels-les-entretiens-de-lecodef-1-le-7-juillet-2021\/\" \/>\n<meta property=\"og:site_name\" content=\"Chaire \u00c9conomie de d\u00e9fense - IHEDN\" \/>\n<meta property=\"article:published_time\" content=\"2021-11-04T15:48:35+00:00\" \/>\n<meta property=\"article:modified_time\" content=\"2023-04-03T10:45:58+00:00\" \/>\n<meta property=\"og:image\" content=\"https:\/\/ecodef-ihedn.fr\/wp-content\/uploads\/2021\/09\/image_2021-07-09_113936.png\" \/>\n\t<meta property=\"og:image:width\" content=\"1350\" \/>\n\t<meta property=\"og:image:height\" content=\"900\" \/>\n\t<meta property=\"og:image:type\" content=\"image\/png\" \/>\n<meta name=\"author\" content=\"Bertrand Demandre\" \/>\n<meta name=\"twitter:card\" content=\"summary_large_image\" \/>\n<meta name=\"twitter:creator\" content=\"@Chaire_Ecodef\" \/>\n<meta name=\"twitter:site\" content=\"@Chaire_Ecodef\" \/>\n<meta name=\"twitter:label1\" content=\"Written by\" \/>\n\t<meta name=\"twitter:data1\" content=\"Bertrand Demandre\" \/>\n\t<meta name=\"twitter:label2\" content=\"Estimated reading time\" \/>\n\t<meta name=\"twitter:data2\" content=\"12 minutes\" \/>\n<script type=\"application\/ld+json\" class=\"yoast-schema-graph\">{\"@context\":\"https:\\\/\\\/schema.org\",\"@graph\":[{\"@type\":\"Article\",\"@id\":\"https:\\\/\\\/ecodef-ihedn.fr\\\/synthese-du-webinaire-investissements-de-defense-quelle-contribution-face-aux-enjeux-economiques-actuels-les-entretiens-de-lecodef-1-le-7-juillet-2021\\\/#article\",\"isPartOf\":{\"@id\":\"https:\\\/\\\/ecodef-ihedn.fr\\\/synthese-du-webinaire-investissements-de-defense-quelle-contribution-face-aux-enjeux-economiques-actuels-les-entretiens-de-lecodef-1-le-7-juillet-2021\\\/\"},\"author\":{\"name\":\"Bertrand Demandre\",\"@id\":\"https:\\\/\\\/ecodef-ihedn.fr\\\/#\\\/schema\\\/person\\\/1cdf22d028cebe278126a6e07a884d30\"},\"headline\":\"[SYNTH\u00c8SE] webinaire \u00ab\u00a0Investissements de d\u00e9fense : quelle contribution face aux enjeux \u00e9conomiques actuels ?\u00a0\u00bb (Les entretiens de l\u2019ECODEF #1 \\\/ le 7 juillet 2021)\",\"datePublished\":\"2021-11-04T15:48:35+00:00\",\"dateModified\":\"2023-04-03T10:45:58+00:00\",\"mainEntityOfPage\":{\"@id\":\"https:\\\/\\\/ecodef-ihedn.fr\\\/synthese-du-webinaire-investissements-de-defense-quelle-contribution-face-aux-enjeux-economiques-actuels-les-entretiens-de-lecodef-1-le-7-juillet-2021\\\/\"},\"wordCount\":2758,\"commentCount\":0,\"publisher\":{\"@id\":\"https:\\\/\\\/ecodef-ihedn.fr\\\/#organization\"},\"image\":{\"@id\":\"https:\\\/\\\/ecodef-ihedn.fr\\\/synthese-du-webinaire-investissements-de-defense-quelle-contribution-face-aux-enjeux-economiques-actuels-les-entretiens-de-lecodef-1-le-7-juillet-2021\\\/#primaryimage\"},\"thumbnailUrl\":\"https:\\\/\\\/ecodef-ihedn.fr\\\/wp-content\\\/uploads\\\/2021\\\/09\\\/image_2021-07-09_113936.png\",\"keywords\":[\"chaire \u00e9conomie de d\u00e9fense\",\"D\u00e9fense\",\"ecodef\",\"\u00e9conomie de d\u00e9fense\",\"entretiens de l&#039;ecodef\",\"IHEDN\",\"investissements de d\u00e9fense\",\"Julien Malizard\",\"les entretiens de l'ecodef\",\"Olivier Martin\",\"webinaire\"],\"articleSection\":[\"Activit\u00e9s\",\"Activit\u00e9s : \u00e9v\u00e9nements port\u00e9s par la Chaire\"],\"inLanguage\":\"en-GB\",\"potentialAction\":[{\"@type\":\"CommentAction\",\"name\":\"Comment\",\"target\":[\"https:\\\/\\\/ecodef-ihedn.fr\\\/synthese-du-webinaire-investissements-de-defense-quelle-contribution-face-aux-enjeux-economiques-actuels-les-entretiens-de-lecodef-1-le-7-juillet-2021\\\/#respond\"]}]},{\"@type\":\"WebPage\",\"@id\":\"https:\\\/\\\/ecodef-ihedn.fr\\\/synthese-du-webinaire-investissements-de-defense-quelle-contribution-face-aux-enjeux-economiques-actuels-les-entretiens-de-lecodef-1-le-7-juillet-2021\\\/\",\"url\":\"https:\\\/\\\/ecodef-ihedn.fr\\\/synthese-du-webinaire-investissements-de-defense-quelle-contribution-face-aux-enjeux-economiques-actuels-les-entretiens-de-lecodef-1-le-7-juillet-2021\\\/\",\"name\":\"[SYNTH\u00c8SE] webinaire \\\"Investissements de d\u00e9fense : quelle contribution face aux enjeux \u00e9conomiques actuels ?\\\" (Les entretiens de l\u2019ECODEF #1 \\\/ le 7 juillet 2021) - Chaire \u00c9conomie de d\u00e9fense - IHEDN\",\"isPartOf\":{\"@id\":\"https:\\\/\\\/ecodef-ihedn.fr\\\/#website\"},\"primaryImageOfPage\":{\"@id\":\"https:\\\/\\\/ecodef-ihedn.fr\\\/synthese-du-webinaire-investissements-de-defense-quelle-contribution-face-aux-enjeux-economiques-actuels-les-entretiens-de-lecodef-1-le-7-juillet-2021\\\/#primaryimage\"},\"image\":{\"@id\":\"https:\\\/\\\/ecodef-ihedn.fr\\\/synthese-du-webinaire-investissements-de-defense-quelle-contribution-face-aux-enjeux-economiques-actuels-les-entretiens-de-lecodef-1-le-7-juillet-2021\\\/#primaryimage\"},\"thumbnailUrl\":\"https:\\\/\\\/ecodef-ihedn.fr\\\/wp-content\\\/uploads\\\/2021\\\/09\\\/image_2021-07-09_113936.png\",\"datePublished\":\"2021-11-04T15:48:35+00:00\",\"dateModified\":\"2023-04-03T10:45:58+00:00\",\"breadcrumb\":{\"@id\":\"https:\\\/\\\/ecodef-ihedn.fr\\\/synthese-du-webinaire-investissements-de-defense-quelle-contribution-face-aux-enjeux-economiques-actuels-les-entretiens-de-lecodef-1-le-7-juillet-2021\\\/#breadcrumb\"},\"inLanguage\":\"en-GB\",\"potentialAction\":[{\"@type\":\"ReadAction\",\"target\":[\"https:\\\/\\\/ecodef-ihedn.fr\\\/synthese-du-webinaire-investissements-de-defense-quelle-contribution-face-aux-enjeux-economiques-actuels-les-entretiens-de-lecodef-1-le-7-juillet-2021\\\/\"]}]},{\"@type\":\"ImageObject\",\"inLanguage\":\"en-GB\",\"@id\":\"https:\\\/\\\/ecodef-ihedn.fr\\\/synthese-du-webinaire-investissements-de-defense-quelle-contribution-face-aux-enjeux-economiques-actuels-les-entretiens-de-lecodef-1-le-7-juillet-2021\\\/#primaryimage\",\"url\":\"https:\\\/\\\/ecodef-ihedn.fr\\\/wp-content\\\/uploads\\\/2021\\\/09\\\/image_2021-07-09_113936.png\",\"contentUrl\":\"https:\\\/\\\/ecodef-ihedn.fr\\\/wp-content\\\/uploads\\\/2021\\\/09\\\/image_2021-07-09_113936.png\",\"width\":1350,\"height\":900},{\"@type\":\"BreadcrumbList\",\"@id\":\"https:\\\/\\\/ecodef-ihedn.fr\\\/synthese-du-webinaire-investissements-de-defense-quelle-contribution-face-aux-enjeux-economiques-actuels-les-entretiens-de-lecodef-1-le-7-juillet-2021\\\/#breadcrumb\",\"itemListElement\":[{\"@type\":\"ListItem\",\"position\":1,\"name\":\"Accueil\",\"item\":\"https:\\\/\\\/ecodef-ihedn.fr\\\/\"},{\"@type\":\"ListItem\",\"position\":2,\"name\":\"[SYNTH\u00c8SE] webinaire &#8220;Investissements de d\u00e9fense : quelle contribution face aux enjeux \u00e9conomiques actuels ?&#8221; (Les entretiens de l\u2019ECODEF #1 \\\/ le 7 juillet 2021)\"}]},{\"@type\":\"WebSite\",\"@id\":\"https:\\\/\\\/ecodef-ihedn.fr\\\/#website\",\"url\":\"https:\\\/\\\/ecodef-ihedn.fr\\\/\",\"name\":\"Chaire \u00c9conomie de D\u00e9fense - IHEDN\",\"description\":\"Produire &amp; soutenir, f\u00e9d\u00e9rer &amp; diffuser, \u00eatre une interface\",\"publisher\":{\"@id\":\"https:\\\/\\\/ecodef-ihedn.fr\\\/#organization\"},\"potentialAction\":[{\"@type\":\"SearchAction\",\"target\":{\"@type\":\"EntryPoint\",\"urlTemplate\":\"https:\\\/\\\/ecodef-ihedn.fr\\\/?s={search_term_string}\"},\"query-input\":{\"@type\":\"PropertyValueSpecification\",\"valueRequired\":true,\"valueName\":\"search_term_string\"}}],\"inLanguage\":\"en-GB\"},{\"@type\":\"Organization\",\"@id\":\"https:\\\/\\\/ecodef-ihedn.fr\\\/#organization\",\"name\":\"Chaire \u00c9conomie de d\u00e9fense - IHEDN\",\"url\":\"https:\\\/\\\/ecodef-ihedn.fr\\\/\",\"logo\":{\"@type\":\"ImageObject\",\"inLanguage\":\"en-GB\",\"@id\":\"https:\\\/\\\/ecodef-ihedn.fr\\\/#\\\/schema\\\/logo\\\/image\\\/\",\"url\":\"https:\\\/\\\/ecodef-ihedn.fr\\\/wp-content\\\/uploads\\\/2020\\\/04\\\/logoEcodef9.jpg\",\"contentUrl\":\"https:\\\/\\\/ecodef-ihedn.fr\\\/wp-content\\\/uploads\\\/2020\\\/04\\\/logoEcodef9.jpg\",\"width\":410,\"height\":212,\"caption\":\"Chaire \u00c9conomie de d\u00e9fense - IHEDN\"},\"image\":{\"@id\":\"https:\\\/\\\/ecodef-ihedn.fr\\\/#\\\/schema\\\/logo\\\/image\\\/\"},\"sameAs\":[\"https:\\\/\\\/x.com\\\/Chaire_Ecodef\",\"https:\\\/\\\/www.linkedin.com\\\/company\\\/chaire-ecodef-ihedn\\\/\"]},{\"@type\":\"Person\",\"@id\":\"https:\\\/\\\/ecodef-ihedn.fr\\\/#\\\/schema\\\/person\\\/1cdf22d028cebe278126a6e07a884d30\",\"name\":\"Bertrand Demandre\",\"image\":{\"@type\":\"ImageObject\",\"inLanguage\":\"en-GB\",\"@id\":\"https:\\\/\\\/secure.gravatar.com\\\/avatar\\\/d9c9746d6c900ab5b9c0f9b1fa3932e369da923da247d624b8f7ab4ba8a3c093?s=96&d=mm&r=g\",\"url\":\"https:\\\/\\\/secure.gravatar.com\\\/avatar\\\/d9c9746d6c900ab5b9c0f9b1fa3932e369da923da247d624b8f7ab4ba8a3c093?s=96&d=mm&r=g\",\"contentUrl\":\"https:\\\/\\\/secure.gravatar.com\\\/avatar\\\/d9c9746d6c900ab5b9c0f9b1fa3932e369da923da247d624b8f7ab4ba8a3c093?s=96&d=mm&r=g\",\"caption\":\"Bertrand Demandre\"},\"url\":\"https:\\\/\\\/ecodef-ihedn.fr\\\/en\\\/author\\\/bertrand\\\/\"}]}<\/script>\n<!-- \/ Yoast SEO plugin. -->","yoast_head_json":{"title":"[SYNTH\u00c8SE] webinaire \"Investissements de d\u00e9fense : quelle contribution face aux enjeux \u00e9conomiques actuels ?\" (Les entretiens de l\u2019ECODEF #1 \/ le 7 juillet 2021) - Chaire \u00c9conomie de d\u00e9fense - IHEDN","robots":{"index":"index","follow":"follow","max-snippet":"max-snippet:-1","max-image-preview":"max-image-preview:large","max-video-preview":"max-video-preview:-1"},"canonical":"https:\/\/ecodef-ihedn.fr\/en\/synthese-du-webinaire-investissements-de-defense-quelle-contribution-face-aux-enjeux-economiques-actuels-les-entretiens-de-lecodef-1-le-7-juillet-2021\/","og_locale":"en_GB","og_type":"article","og_title":"[SYNTH\u00c8SE] webinaire \"Investissements de d\u00e9fense : quelle contribution face aux enjeux \u00e9conomiques actuels ?\" (Les entretiens de l\u2019ECODEF #1 \/ le 7 juillet 2021) - Chaire \u00c9conomie de d\u00e9fense - IHEDN","og_description":"La Chaire vous propose une synth\u00e8se du premier num\u00e9ro de la s\u00e9rie de webinaires \u00ab\u00a0Les entretiens de l&rsquo;ECODEF\u00a0\u00bb, qui a trait\u00e9 du sujet des investissements de d\u00e9fense. Afin de permettre \u00e0 son public de mieux appr\u00e9hender les enjeux \u00e9conomiques des activit\u00e9s de d\u00e9fense, la Chaire a organis\u00e9 le premier webinaire d\u2019une s\u00e9rie intitul\u00e9e \u00ab\u00a0Les entretiens [&hellip;]","og_url":"https:\/\/ecodef-ihedn.fr\/en\/synthese-du-webinaire-investissements-de-defense-quelle-contribution-face-aux-enjeux-economiques-actuels-les-entretiens-de-lecodef-1-le-7-juillet-2021\/","og_site_name":"Chaire \u00c9conomie de d\u00e9fense - IHEDN","article_published_time":"2021-11-04T15:48:35+00:00","article_modified_time":"2023-04-03T10:45:58+00:00","og_image":[{"width":1350,"height":900,"url":"https:\/\/ecodef-ihedn.fr\/wp-content\/uploads\/2021\/09\/image_2021-07-09_113936.png","type":"image\/png"}],"author":"Bertrand Demandre","twitter_card":"summary_large_image","twitter_creator":"@Chaire_Ecodef","twitter_site":"@Chaire_Ecodef","twitter_misc":{"Written by":"Bertrand Demandre","Estimated reading time":"12 minutes"},"schema":{"@context":"https:\/\/schema.org","@graph":[{"@type":"Article","@id":"https:\/\/ecodef-ihedn.fr\/synthese-du-webinaire-investissements-de-defense-quelle-contribution-face-aux-enjeux-economiques-actuels-les-entretiens-de-lecodef-1-le-7-juillet-2021\/#article","isPartOf":{"@id":"https:\/\/ecodef-ihedn.fr\/synthese-du-webinaire-investissements-de-defense-quelle-contribution-face-aux-enjeux-economiques-actuels-les-entretiens-de-lecodef-1-le-7-juillet-2021\/"},"author":{"name":"Bertrand Demandre","@id":"https:\/\/ecodef-ihedn.fr\/#\/schema\/person\/1cdf22d028cebe278126a6e07a884d30"},"headline":"[SYNTH\u00c8SE] webinaire \u00ab\u00a0Investissements de d\u00e9fense : quelle contribution face aux enjeux \u00e9conomiques actuels ?\u00a0\u00bb (Les entretiens de l\u2019ECODEF #1 \/ le 7 juillet 2021)","datePublished":"2021-11-04T15:48:35+00:00","dateModified":"2023-04-03T10:45:58+00:00","mainEntityOfPage":{"@id":"https:\/\/ecodef-ihedn.fr\/synthese-du-webinaire-investissements-de-defense-quelle-contribution-face-aux-enjeux-economiques-actuels-les-entretiens-de-lecodef-1-le-7-juillet-2021\/"},"wordCount":2758,"commentCount":0,"publisher":{"@id":"https:\/\/ecodef-ihedn.fr\/#organization"},"image":{"@id":"https:\/\/ecodef-ihedn.fr\/synthese-du-webinaire-investissements-de-defense-quelle-contribution-face-aux-enjeux-economiques-actuels-les-entretiens-de-lecodef-1-le-7-juillet-2021\/#primaryimage"},"thumbnailUrl":"https:\/\/ecodef-ihedn.fr\/wp-content\/uploads\/2021\/09\/image_2021-07-09_113936.png","keywords":["chaire \u00e9conomie de d\u00e9fense","D\u00e9fense","ecodef","\u00e9conomie de d\u00e9fense","entretiens de l&#039;ecodef","IHEDN","investissements de d\u00e9fense","Julien Malizard","les entretiens de l'ecodef","Olivier Martin","webinaire"],"articleSection":["Activit\u00e9s","Activit\u00e9s : \u00e9v\u00e9nements port\u00e9s par la Chaire"],"inLanguage":"en-GB","potentialAction":[{"@type":"CommentAction","name":"Comment","target":["https:\/\/ecodef-ihedn.fr\/synthese-du-webinaire-investissements-de-defense-quelle-contribution-face-aux-enjeux-economiques-actuels-les-entretiens-de-lecodef-1-le-7-juillet-2021\/#respond"]}]},{"@type":"WebPage","@id":"https:\/\/ecodef-ihedn.fr\/synthese-du-webinaire-investissements-de-defense-quelle-contribution-face-aux-enjeux-economiques-actuels-les-entretiens-de-lecodef-1-le-7-juillet-2021\/","url":"https:\/\/ecodef-ihedn.fr\/synthese-du-webinaire-investissements-de-defense-quelle-contribution-face-aux-enjeux-economiques-actuels-les-entretiens-de-lecodef-1-le-7-juillet-2021\/","name":"[SYNTH\u00c8SE] webinaire \"Investissements de d\u00e9fense : quelle contribution face aux enjeux \u00e9conomiques actuels ?\" (Les entretiens de l\u2019ECODEF #1 \/ le 7 juillet 2021) - Chaire \u00c9conomie de d\u00e9fense - IHEDN","isPartOf":{"@id":"https:\/\/ecodef-ihedn.fr\/#website"},"primaryImageOfPage":{"@id":"https:\/\/ecodef-ihedn.fr\/synthese-du-webinaire-investissements-de-defense-quelle-contribution-face-aux-enjeux-economiques-actuels-les-entretiens-de-lecodef-1-le-7-juillet-2021\/#primaryimage"},"image":{"@id":"https:\/\/ecodef-ihedn.fr\/synthese-du-webinaire-investissements-de-defense-quelle-contribution-face-aux-enjeux-economiques-actuels-les-entretiens-de-lecodef-1-le-7-juillet-2021\/#primaryimage"},"thumbnailUrl":"https:\/\/ecodef-ihedn.fr\/wp-content\/uploads\/2021\/09\/image_2021-07-09_113936.png","datePublished":"2021-11-04T15:48:35+00:00","dateModified":"2023-04-03T10:45:58+00:00","breadcrumb":{"@id":"https:\/\/ecodef-ihedn.fr\/synthese-du-webinaire-investissements-de-defense-quelle-contribution-face-aux-enjeux-economiques-actuels-les-entretiens-de-lecodef-1-le-7-juillet-2021\/#breadcrumb"},"inLanguage":"en-GB","potentialAction":[{"@type":"ReadAction","target":["https:\/\/ecodef-ihedn.fr\/synthese-du-webinaire-investissements-de-defense-quelle-contribution-face-aux-enjeux-economiques-actuels-les-entretiens-de-lecodef-1-le-7-juillet-2021\/"]}]},{"@type":"ImageObject","inLanguage":"en-GB","@id":"https:\/\/ecodef-ihedn.fr\/synthese-du-webinaire-investissements-de-defense-quelle-contribution-face-aux-enjeux-economiques-actuels-les-entretiens-de-lecodef-1-le-7-juillet-2021\/#primaryimage","url":"https:\/\/ecodef-ihedn.fr\/wp-content\/uploads\/2021\/09\/image_2021-07-09_113936.png","contentUrl":"https:\/\/ecodef-ihedn.fr\/wp-content\/uploads\/2021\/09\/image_2021-07-09_113936.png","width":1350,"height":900},{"@type":"BreadcrumbList","@id":"https:\/\/ecodef-ihedn.fr\/synthese-du-webinaire-investissements-de-defense-quelle-contribution-face-aux-enjeux-economiques-actuels-les-entretiens-de-lecodef-1-le-7-juillet-2021\/#breadcrumb","itemListElement":[{"@type":"ListItem","position":1,"name":"Accueil","item":"https:\/\/ecodef-ihedn.fr\/"},{"@type":"ListItem","position":2,"name":"[SYNTH\u00c8SE] webinaire &#8220;Investissements de d\u00e9fense : quelle contribution face aux enjeux \u00e9conomiques actuels ?&#8221; (Les entretiens de l\u2019ECODEF #1 \/ le 7 juillet 2021)"}]},{"@type":"WebSite","@id":"https:\/\/ecodef-ihedn.fr\/#website","url":"https:\/\/ecodef-ihedn.fr\/","name":"Chair in Defence Economics - IHEDN","description":"Produce &amp; support, federate &amp; disseminate, act as an interface","publisher":{"@id":"https:\/\/ecodef-ihedn.fr\/#organization"},"potentialAction":[{"@type":"SearchAction","target":{"@type":"EntryPoint","urlTemplate":"https:\/\/ecodef-ihedn.fr\/?s={search_term_string}"},"query-input":{"@type":"PropertyValueSpecification","valueRequired":true,"valueName":"search_term_string"}}],"inLanguage":"en-GB"},{"@type":"Organization","@id":"https:\/\/ecodef-ihedn.fr\/#organization","name":"Chair in Defence Economics - IHEDN","url":"https:\/\/ecodef-ihedn.fr\/","logo":{"@type":"ImageObject","inLanguage":"en-GB","@id":"https:\/\/ecodef-ihedn.fr\/#\/schema\/logo\/image\/","url":"https:\/\/ecodef-ihedn.fr\/wp-content\/uploads\/2020\/04\/logoEcodef9.jpg","contentUrl":"https:\/\/ecodef-ihedn.fr\/wp-content\/uploads\/2020\/04\/logoEcodef9.jpg","width":410,"height":212,"caption":"Chaire \u00c9conomie de d\u00e9fense - IHEDN"},"image":{"@id":"https:\/\/ecodef-ihedn.fr\/#\/schema\/logo\/image\/"},"sameAs":["https:\/\/x.com\/Chaire_Ecodef","https:\/\/www.linkedin.com\/company\/chaire-ecodef-ihedn\/"]},{"@type":"Person","@id":"https:\/\/ecodef-ihedn.fr\/#\/schema\/person\/1cdf22d028cebe278126a6e07a884d30","name":"Bertrand Demandre","image":{"@type":"ImageObject","inLanguage":"en-GB","@id":"https:\/\/secure.gravatar.com\/avatar\/d9c9746d6c900ab5b9c0f9b1fa3932e369da923da247d624b8f7ab4ba8a3c093?s=96&d=mm&r=g","url":"https:\/\/secure.gravatar.com\/avatar\/d9c9746d6c900ab5b9c0f9b1fa3932e369da923da247d624b8f7ab4ba8a3c093?s=96&d=mm&r=g","contentUrl":"https:\/\/secure.gravatar.com\/avatar\/d9c9746d6c900ab5b9c0f9b1fa3932e369da923da247d624b8f7ab4ba8a3c093?s=96&d=mm&r=g","caption":"Bertrand Demandre"},"url":"https:\/\/ecodef-ihedn.fr\/en\/author\/bertrand\/"}]}},"_links":{"self":[{"href":"https:\/\/ecodef-ihedn.fr\/en\/wp-json\/wp\/v2\/posts\/3935","targetHints":{"allow":["GET"]}}],"collection":[{"href":"https:\/\/ecodef-ihedn.fr\/en\/wp-json\/wp\/v2\/posts"}],"about":[{"href":"https:\/\/ecodef-ihedn.fr\/en\/wp-json\/wp\/v2\/types\/post"}],"author":[{"embeddable":true,"href":"https:\/\/ecodef-ihedn.fr\/en\/wp-json\/wp\/v2\/users\/2"}],"replies":[{"embeddable":true,"href":"https:\/\/ecodef-ihedn.fr\/en\/wp-json\/wp\/v2\/comments?post=3935"}],"version-history":[{"count":6,"href":"https:\/\/ecodef-ihedn.fr\/en\/wp-json\/wp\/v2\/posts\/3935\/revisions"}],"predecessor-version":[{"id":7807,"href":"https:\/\/ecodef-ihedn.fr\/en\/wp-json\/wp\/v2\/posts\/3935\/revisions\/7807"}],"wp:featuredmedia":[{"embeddable":true,"href":"https:\/\/ecodef-ihedn.fr\/en\/wp-json\/wp\/v2\/media\/3815"}],"wp:attachment":[{"href":"https:\/\/ecodef-ihedn.fr\/en\/wp-json\/wp\/v2\/media?parent=3935"}],"wp:term":[{"taxonomy":"category","embeddable":true,"href":"https:\/\/ecodef-ihedn.fr\/en\/wp-json\/wp\/v2\/categories?post=3935"},{"taxonomy":"post_tag","embeddable":true,"href":"https:\/\/ecodef-ihedn.fr\/en\/wp-json\/wp\/v2\/tags?post=3935"}],"curies":[{"name":"wp","href":"https:\/\/api.w.org\/{rel}","templated":true}]}}