{"id":3948,"date":"2021-11-03T21:43:58","date_gmt":"2021-11-03T21:43:58","guid":{"rendered":"https:\/\/ecodef-ihedn.fr\/?p=3948"},"modified":"2021-11-03T21:46:46","modified_gmt":"2021-11-03T21:46:46","slug":"intervention-de-julien-malizard-au-colloque-exportations-darmement-et-droit-public-le-18-novembre-2021","status":"publish","type":"post","link":"https:\/\/ecodef-ihedn.fr\/en\/intervention-de-julien-malizard-au-colloque-exportations-darmement-et-droit-public-le-18-novembre-2021\/","title":{"rendered":"Speech by Julien Malizard at the \u00abArms exports and public law\u00bb conference on 18 November 2021"},"content":{"rendered":"<p><strong>Julien Malizard, Deputy Chairholder, will be taking part in a conference organised by the Centre de Th\u00e9orie et Analyse du Droit (CTAD) at the University of Paris Nanterre on 18 November. <\/strong><\/p>\n\n\n\n<div class=\"wp-block-image\"><figure class=\"aligncenter size-medium\"><img decoding=\"async\" src=\"https:\/\/ecodef-ihedn.fr\/wp-content\/uploads\/2021\/11\/armements2-212x300.jpg\" alt=\"Julien Malizard interviendra sur le th\u00e8me &quot;Enjeux \u00e9conomiques et budg\u00e9taires des exportations d\u2019armes&quot; lors du colloque &quot;Exportations d'armes et droit public&quot;, organis\u00e9 le jeudi 18 novembre, de 8h30 \u00e0 18h, par le CRAD de l'Universit\u00e9 Paris Nanterre. \" class=\"wp-image-3949\"\/><\/figure><\/div>\n\n\n\n<p><strong>Julien Malizard <\/strong>will be speaking on the theme of\u00ab\u00a0<em>The economic and budgetary stakes of <a href=\"https:\/\/ecodef-ihedn.fr\/en\/crise-des-sous-marins-article-de-julien-malizard-et-josselin-droff-dans-the-conversation\/\" target=\"_blank\" rel=\"noreferrer noopener\">arms exports<\/a><\/em>\u00a0\u00bbThe conference, entitled \u00abArms exports and public law\u00bb, organised by CTAD at the University of Paris Nanterre, will take place on Thursday 18 November from 8.30am to 6pm. <\/p>\n\n\n\n<p>This event will take place in the Conference Room of the Continuing Education Building at the University of Paris Nanterre. It will also be possible to attend remotely, via the Zoom platform. <\/p>\n\n\n\n<div class=\"wp-block-buttons is-content-justification-center is-layout-flex wp-block-buttons-is-layout-flex\">\n<div class=\"wp-block-button\"><a class=\"wp-block-button__link\" href=\"https:\/\/docs.google.com\/forms\/d\/e\/1FAIpQLSd9TLCmqeixvAPMFE-1Q_M2-4aRXxoJIkL7IbxkBoYQY56Eyw\/viewform\" target=\"_blank\" rel=\"noreferrer noopener\">Sign up<\/a><\/div>\n<\/div>\n\n\n\n<div class=\"wp-block-buttons is-content-justification-center is-layout-flex wp-block-buttons-is-layout-flex\">\n<div class=\"wp-block-button\"><a class=\"wp-block-button__link\" href=\"https:\/\/univ-droit.fr\/actualites-de-la-recherche\/manifestations\/39160-exportations-d-armement-et-droit-public\" target=\"_blank\" rel=\"noreferrer noopener\">See the full programme<\/a><\/div>\n<\/div>","protected":false},"excerpt":{"rendered":"<p>Julien Malizard, titulaire adjoint de la Chaire, participe \u00e0 un colloque organis\u00e9 par le Centre de Th\u00e9orie et Analyse du Droit (CTAD) de l&rsquo;Universit\u00e9 de Paris Nanterre le 18 novembre. Julien Malizard interviendra sur le th\u00e8me \u00ab\u00a0Enjeux \u00e9conomiques et budg\u00e9taires des exportations d\u2019armes\u00a0\u00bb lors du colloque \u00ab\u00a0Exportations d&rsquo;armes et droit public\u00a0\u00bb, organis\u00e9 par le CTAD [&hellip;]<\/p>\n","protected":false},"author":2,"featured_media":3949,"comment_status":"open","ping_status":"open","sticky":false,"template":"","format":"standard","meta":{"footnotes":""},"categories":[34,356],"tags":[154,162,376,36,47,329,52,479,38,149,86],"class_list":{"0":"post-3948","1":"post","2":"type-post","3":"status-publish","4":"format-standard","5":"has-post-thumbnail","7":"category-activites","8":"category-activites-participation-de-la-chaire-a-un-evenement","9":"tag-budget","10":"tag-chaire-economie-de-defense","11":"tag-colloque","12":"tag-defense","13":"tag-economie-de-defense","14":"tag-enjeux-economiques","15":"tag-exportations-darmes","16":"tag-exportations-darmement","17":"tag-ihedn","18":"tag-industrie-de-defense","19":"tag-julien-malizard"},"yoast_head":"<!-- This site is optimized with the Yoast SEO plugin v27.4 - https:\/\/yoast.com\/product\/yoast-seo-wordpress\/ -->\n<title>Intervention de Julien Malizard au Colloque &quot;Exportations d&#039;armement et droit public&quot; le 18 novembre 2021 - Chaire \u00c9conomie de d\u00e9fense - IHEDN<\/title>\n<meta name=\"description\" content=\"Julien Malizard interviendra sur le th\u00e8me &quot;Enjeux \u00e9conomiques et budg\u00e9taires des exportations d\u2019armes&quot; lors du colloque &quot;Exportations d&#039;armes et droit public&quot;, organis\u00e9 le jeudi 18 novembre, de 8h30 \u00e0 18h, par le CRAD de l&#039;Universit\u00e9 Paris Nanterre.\" \/>\n<meta name=\"robots\" content=\"index, follow, max-snippet:-1, max-image-preview:large, max-video-preview:-1\" \/>\n<link rel=\"canonical\" href=\"https:\/\/ecodef-ihedn.fr\/en\/intervention-de-julien-malizard-au-colloque-exportations-darmement-et-droit-public-le-18-novembre-2021\/\" \/>\n<meta property=\"og:locale\" content=\"en_GB\" \/>\n<meta property=\"og:type\" content=\"article\" \/>\n<meta property=\"og:title\" content=\"Intervention de Julien Malizard au Colloque &quot;Exportations d&#039;armement et droit public&quot; le 18 novembre 2021 - Chaire \u00c9conomie de d\u00e9fense - IHEDN\" \/>\n<meta property=\"og:description\" content=\"Julien Malizard interviendra sur le th\u00e8me &quot;Enjeux \u00e9conomiques et budg\u00e9taires des exportations d\u2019armes&quot; lors du colloque &quot;Exportations d&#039;armes et droit public&quot;, organis\u00e9 le jeudi 18 novembre, de 8h30 \u00e0 18h, par le CRAD de l&#039;Universit\u00e9 Paris Nanterre.\" \/>\n<meta property=\"og:url\" content=\"https:\/\/ecodef-ihedn.fr\/en\/intervention-de-julien-malizard-au-colloque-exportations-darmement-et-droit-public-le-18-novembre-2021\/\" \/>\n<meta property=\"og:site_name\" content=\"Chaire \u00c9conomie de d\u00e9fense - IHEDN\" \/>\n<meta property=\"article:published_time\" content=\"2021-11-03T21:43:58+00:00\" \/>\n<meta property=\"article:modified_time\" content=\"2021-11-03T21:46:46+00:00\" \/>\n<meta property=\"og:image\" content=\"https:\/\/ecodef-ihedn.fr\/wp-content\/uploads\/2021\/11\/armements2-e1635954008573.jpg\" \/>\n\t<meta property=\"og:image:width\" content=\"634\" \/>\n\t<meta property=\"og:image:height\" content=\"477\" \/>\n\t<meta property=\"og:image:type\" content=\"image\/jpeg\" \/>\n<meta name=\"author\" content=\"Bertrand Demandre\" \/>\n<meta name=\"twitter:card\" content=\"summary_large_image\" \/>\n<meta name=\"twitter:creator\" content=\"@Chaire_Ecodef\" \/>\n<meta name=\"twitter:site\" content=\"@Chaire_Ecodef\" \/>\n<meta name=\"twitter:label1\" content=\"Written by\" \/>\n\t<meta name=\"twitter:data1\" content=\"Bertrand Demandre\" \/>\n\t<meta name=\"twitter:label2\" content=\"Estimated reading time\" \/>\n\t<meta name=\"twitter:data2\" content=\"1 minute\" \/>\n<script type=\"application\/ld+json\" class=\"yoast-schema-graph\">{\"@context\":\"https:\\\/\\\/schema.org\",\"@graph\":[{\"@type\":\"Article\",\"@id\":\"https:\\\/\\\/ecodef-ihedn.fr\\\/intervention-de-julien-malizard-au-colloque-exportations-darmement-et-droit-public-le-18-novembre-2021\\\/#article\",\"isPartOf\":{\"@id\":\"https:\\\/\\\/ecodef-ihedn.fr\\\/intervention-de-julien-malizard-au-colloque-exportations-darmement-et-droit-public-le-18-novembre-2021\\\/\"},\"author\":{\"name\":\"Bertrand Demandre\",\"@id\":\"https:\\\/\\\/ecodef-ihedn.fr\\\/#\\\/schema\\\/person\\\/1cdf22d028cebe278126a6e07a884d30\"},\"headline\":\"Intervention de Julien Malizard au Colloque \u00ab\u00a0Exportations d&rsquo;armement et droit public\u00a0\u00bb le 18 novembre 2021\",\"datePublished\":\"2021-11-03T21:43:58+00:00\",\"dateModified\":\"2021-11-03T21:46:46+00:00\",\"mainEntityOfPage\":{\"@id\":\"https:\\\/\\\/ecodef-ihedn.fr\\\/intervention-de-julien-malizard-au-colloque-exportations-darmement-et-droit-public-le-18-novembre-2021\\\/\"},\"wordCount\":124,\"commentCount\":0,\"publisher\":{\"@id\":\"https:\\\/\\\/ecodef-ihedn.fr\\\/#organization\"},\"image\":{\"@id\":\"https:\\\/\\\/ecodef-ihedn.fr\\\/intervention-de-julien-malizard-au-colloque-exportations-darmement-et-droit-public-le-18-novembre-2021\\\/#primaryimage\"},\"thumbnailUrl\":\"https:\\\/\\\/ecodef-ihedn.fr\\\/wp-content\\\/uploads\\\/2021\\\/11\\\/armements2-e1635954008573.jpg\",\"keywords\":[\"Budget\",\"chaire \u00e9conomie de d\u00e9fense\",\"colloque\",\"D\u00e9fense\",\"\u00e9conomie de d\u00e9fense\",\"enjeux \u00e9conomiques\",\"exportations d'armes\",\"exportations d&#039;armement\",\"IHEDN\",\"industrie de d\u00e9fense\",\"Julien Malizard\"],\"articleSection\":[\"Activit\u00e9s\",\"Activit\u00e9s : participation de la Chaire \u00e0 un \u00e9v\u00e9nement\"],\"inLanguage\":\"en-GB\",\"potentialAction\":[{\"@type\":\"CommentAction\",\"name\":\"Comment\",\"target\":[\"https:\\\/\\\/ecodef-ihedn.fr\\\/intervention-de-julien-malizard-au-colloque-exportations-darmement-et-droit-public-le-18-novembre-2021\\\/#respond\"]}]},{\"@type\":\"WebPage\",\"@id\":\"https:\\\/\\\/ecodef-ihedn.fr\\\/intervention-de-julien-malizard-au-colloque-exportations-darmement-et-droit-public-le-18-novembre-2021\\\/\",\"url\":\"https:\\\/\\\/ecodef-ihedn.fr\\\/intervention-de-julien-malizard-au-colloque-exportations-darmement-et-droit-public-le-18-novembre-2021\\\/\",\"name\":\"Intervention de Julien Malizard au Colloque \\\"Exportations d'armement et droit public\\\" le 18 novembre 2021 - Chaire \u00c9conomie de d\u00e9fense - IHEDN\",\"isPartOf\":{\"@id\":\"https:\\\/\\\/ecodef-ihedn.fr\\\/#website\"},\"primaryImageOfPage\":{\"@id\":\"https:\\\/\\\/ecodef-ihedn.fr\\\/intervention-de-julien-malizard-au-colloque-exportations-darmement-et-droit-public-le-18-novembre-2021\\\/#primaryimage\"},\"image\":{\"@id\":\"https:\\\/\\\/ecodef-ihedn.fr\\\/intervention-de-julien-malizard-au-colloque-exportations-darmement-et-droit-public-le-18-novembre-2021\\\/#primaryimage\"},\"thumbnailUrl\":\"https:\\\/\\\/ecodef-ihedn.fr\\\/wp-content\\\/uploads\\\/2021\\\/11\\\/armements2-e1635954008573.jpg\",\"datePublished\":\"2021-11-03T21:43:58+00:00\",\"dateModified\":\"2021-11-03T21:46:46+00:00\",\"description\":\"Julien Malizard interviendra sur le th\u00e8me \\\"Enjeux \u00e9conomiques et budg\u00e9taires des exportations d\u2019armes\\\" lors du colloque \\\"Exportations d'armes et droit public\\\", organis\u00e9 le jeudi 18 novembre, de 8h30 \u00e0 18h, par le CRAD de l'Universit\u00e9 Paris Nanterre.\",\"breadcrumb\":{\"@id\":\"https:\\\/\\\/ecodef-ihedn.fr\\\/intervention-de-julien-malizard-au-colloque-exportations-darmement-et-droit-public-le-18-novembre-2021\\\/#breadcrumb\"},\"inLanguage\":\"en-GB\",\"potentialAction\":[{\"@type\":\"ReadAction\",\"target\":[\"https:\\\/\\\/ecodef-ihedn.fr\\\/intervention-de-julien-malizard-au-colloque-exportations-darmement-et-droit-public-le-18-novembre-2021\\\/\"]}]},{\"@type\":\"ImageObject\",\"inLanguage\":\"en-GB\",\"@id\":\"https:\\\/\\\/ecodef-ihedn.fr\\\/intervention-de-julien-malizard-au-colloque-exportations-darmement-et-droit-public-le-18-novembre-2021\\\/#primaryimage\",\"url\":\"https:\\\/\\\/ecodef-ihedn.fr\\\/wp-content\\\/uploads\\\/2021\\\/11\\\/armements2-e1635954008573.jpg\",\"contentUrl\":\"https:\\\/\\\/ecodef-ihedn.fr\\\/wp-content\\\/uploads\\\/2021\\\/11\\\/armements2-e1635954008573.jpg\",\"width\":634,\"height\":477},{\"@type\":\"BreadcrumbList\",\"@id\":\"https:\\\/\\\/ecodef-ihedn.fr\\\/intervention-de-julien-malizard-au-colloque-exportations-darmement-et-droit-public-le-18-novembre-2021\\\/#breadcrumb\",\"itemListElement\":[{\"@type\":\"ListItem\",\"position\":1,\"name\":\"Accueil\",\"item\":\"https:\\\/\\\/ecodef-ihedn.fr\\\/\"},{\"@type\":\"ListItem\",\"position\":2,\"name\":\"Intervention de Julien Malizard au Colloque &#8220;Exportations d&#8217;armement et droit public&#8221; le 18 novembre 2021\"}]},{\"@type\":\"WebSite\",\"@id\":\"https:\\\/\\\/ecodef-ihedn.fr\\\/#website\",\"url\":\"https:\\\/\\\/ecodef-ihedn.fr\\\/\",\"name\":\"Chaire \u00c9conomie de D\u00e9fense - IHEDN\",\"description\":\"Produire &amp; soutenir, f\u00e9d\u00e9rer &amp; diffuser, \u00eatre une interface\",\"publisher\":{\"@id\":\"https:\\\/\\\/ecodef-ihedn.fr\\\/#organization\"},\"potentialAction\":[{\"@type\":\"SearchAction\",\"target\":{\"@type\":\"EntryPoint\",\"urlTemplate\":\"https:\\\/\\\/ecodef-ihedn.fr\\\/?s={search_term_string}\"},\"query-input\":{\"@type\":\"PropertyValueSpecification\",\"valueRequired\":true,\"valueName\":\"search_term_string\"}}],\"inLanguage\":\"en-GB\"},{\"@type\":\"Organization\",\"@id\":\"https:\\\/\\\/ecodef-ihedn.fr\\\/#organization\",\"name\":\"Chaire \u00c9conomie de d\u00e9fense - IHEDN\",\"url\":\"https:\\\/\\\/ecodef-ihedn.fr\\\/\",\"logo\":{\"@type\":\"ImageObject\",\"inLanguage\":\"en-GB\",\"@id\":\"https:\\\/\\\/ecodef-ihedn.fr\\\/#\\\/schema\\\/logo\\\/image\\\/\",\"url\":\"https:\\\/\\\/ecodef-ihedn.fr\\\/wp-content\\\/uploads\\\/2020\\\/04\\\/logoEcodef9.jpg\",\"contentUrl\":\"https:\\\/\\\/ecodef-ihedn.fr\\\/wp-content\\\/uploads\\\/2020\\\/04\\\/logoEcodef9.jpg\",\"width\":410,\"height\":212,\"caption\":\"Chaire \u00c9conomie de d\u00e9fense - IHEDN\"},\"image\":{\"@id\":\"https:\\\/\\\/ecodef-ihedn.fr\\\/#\\\/schema\\\/logo\\\/image\\\/\"},\"sameAs\":[\"https:\\\/\\\/x.com\\\/Chaire_Ecodef\",\"https:\\\/\\\/www.linkedin.com\\\/company\\\/chaire-ecodef-ihedn\\\/\"]},{\"@type\":\"Person\",\"@id\":\"https:\\\/\\\/ecodef-ihedn.fr\\\/#\\\/schema\\\/person\\\/1cdf22d028cebe278126a6e07a884d30\",\"name\":\"Bertrand Demandre\",\"image\":{\"@type\":\"ImageObject\",\"inLanguage\":\"en-GB\",\"@id\":\"https:\\\/\\\/secure.gravatar.com\\\/avatar\\\/d9c9746d6c900ab5b9c0f9b1fa3932e369da923da247d624b8f7ab4ba8a3c093?s=96&d=mm&r=g\",\"url\":\"https:\\\/\\\/secure.gravatar.com\\\/avatar\\\/d9c9746d6c900ab5b9c0f9b1fa3932e369da923da247d624b8f7ab4ba8a3c093?s=96&d=mm&r=g\",\"contentUrl\":\"https:\\\/\\\/secure.gravatar.com\\\/avatar\\\/d9c9746d6c900ab5b9c0f9b1fa3932e369da923da247d624b8f7ab4ba8a3c093?s=96&d=mm&r=g\",\"caption\":\"Bertrand Demandre\"},\"url\":\"https:\\\/\\\/ecodef-ihedn.fr\\\/en\\\/author\\\/bertrand\\\/\"}]}<\/script>\n<!-- \/ Yoast SEO plugin. -->","yoast_head_json":{"title":"Intervention de Julien Malizard au Colloque \"Exportations d'armement et droit public\" le 18 novembre 2021 - Chaire \u00c9conomie de d\u00e9fense - IHEDN","description":"Julien Malizard interviendra sur le th\u00e8me \"Enjeux \u00e9conomiques et budg\u00e9taires des exportations d\u2019armes\" lors du colloque \"Exportations d'armes et droit public\", organis\u00e9 le jeudi 18 novembre, de 8h30 \u00e0 18h, par le CRAD de l'Universit\u00e9 Paris Nanterre.","robots":{"index":"index","follow":"follow","max-snippet":"max-snippet:-1","max-image-preview":"max-image-preview:large","max-video-preview":"max-video-preview:-1"},"canonical":"https:\/\/ecodef-ihedn.fr\/en\/intervention-de-julien-malizard-au-colloque-exportations-darmement-et-droit-public-le-18-novembre-2021\/","og_locale":"en_GB","og_type":"article","og_title":"Intervention de Julien Malizard au Colloque \"Exportations d'armement et droit public\" le 18 novembre 2021 - Chaire \u00c9conomie de d\u00e9fense - IHEDN","og_description":"Julien Malizard interviendra sur le th\u00e8me \"Enjeux \u00e9conomiques et budg\u00e9taires des exportations d\u2019armes\" lors du colloque \"Exportations d'armes et droit public\", organis\u00e9 le jeudi 18 novembre, de 8h30 \u00e0 18h, par le CRAD de l'Universit\u00e9 Paris Nanterre.","og_url":"https:\/\/ecodef-ihedn.fr\/en\/intervention-de-julien-malizard-au-colloque-exportations-darmement-et-droit-public-le-18-novembre-2021\/","og_site_name":"Chaire \u00c9conomie de d\u00e9fense - IHEDN","article_published_time":"2021-11-03T21:43:58+00:00","article_modified_time":"2021-11-03T21:46:46+00:00","og_image":[{"width":634,"height":477,"url":"https:\/\/ecodef-ihedn.fr\/wp-content\/uploads\/2021\/11\/armements2-e1635954008573.jpg","type":"image\/jpeg"}],"author":"Bertrand Demandre","twitter_card":"summary_large_image","twitter_creator":"@Chaire_Ecodef","twitter_site":"@Chaire_Ecodef","twitter_misc":{"Written by":"Bertrand Demandre","Estimated reading time":"1 minute"},"schema":{"@context":"https:\/\/schema.org","@graph":[{"@type":"Article","@id":"https:\/\/ecodef-ihedn.fr\/intervention-de-julien-malizard-au-colloque-exportations-darmement-et-droit-public-le-18-novembre-2021\/#article","isPartOf":{"@id":"https:\/\/ecodef-ihedn.fr\/intervention-de-julien-malizard-au-colloque-exportations-darmement-et-droit-public-le-18-novembre-2021\/"},"author":{"name":"Bertrand Demandre","@id":"https:\/\/ecodef-ihedn.fr\/#\/schema\/person\/1cdf22d028cebe278126a6e07a884d30"},"headline":"Intervention de Julien Malizard au Colloque \u00ab\u00a0Exportations d&rsquo;armement et droit public\u00a0\u00bb le 18 novembre 2021","datePublished":"2021-11-03T21:43:58+00:00","dateModified":"2021-11-03T21:46:46+00:00","mainEntityOfPage":{"@id":"https:\/\/ecodef-ihedn.fr\/intervention-de-julien-malizard-au-colloque-exportations-darmement-et-droit-public-le-18-novembre-2021\/"},"wordCount":124,"commentCount":0,"publisher":{"@id":"https:\/\/ecodef-ihedn.fr\/#organization"},"image":{"@id":"https:\/\/ecodef-ihedn.fr\/intervention-de-julien-malizard-au-colloque-exportations-darmement-et-droit-public-le-18-novembre-2021\/#primaryimage"},"thumbnailUrl":"https:\/\/ecodef-ihedn.fr\/wp-content\/uploads\/2021\/11\/armements2-e1635954008573.jpg","keywords":["Budget","chaire \u00e9conomie de d\u00e9fense","colloque","D\u00e9fense","\u00e9conomie de d\u00e9fense","enjeux \u00e9conomiques","exportations d'armes","exportations d&#039;armement","IHEDN","industrie de d\u00e9fense","Julien Malizard"],"articleSection":["Activit\u00e9s","Activit\u00e9s : participation de la Chaire \u00e0 un \u00e9v\u00e9nement"],"inLanguage":"en-GB","potentialAction":[{"@type":"CommentAction","name":"Comment","target":["https:\/\/ecodef-ihedn.fr\/intervention-de-julien-malizard-au-colloque-exportations-darmement-et-droit-public-le-18-novembre-2021\/#respond"]}]},{"@type":"WebPage","@id":"https:\/\/ecodef-ihedn.fr\/intervention-de-julien-malizard-au-colloque-exportations-darmement-et-droit-public-le-18-novembre-2021\/","url":"https:\/\/ecodef-ihedn.fr\/intervention-de-julien-malizard-au-colloque-exportations-darmement-et-droit-public-le-18-novembre-2021\/","name":"Intervention de Julien Malizard au Colloque \"Exportations d'armement et droit public\" le 18 novembre 2021 - Chaire \u00c9conomie de d\u00e9fense - IHEDN","isPartOf":{"@id":"https:\/\/ecodef-ihedn.fr\/#website"},"primaryImageOfPage":{"@id":"https:\/\/ecodef-ihedn.fr\/intervention-de-julien-malizard-au-colloque-exportations-darmement-et-droit-public-le-18-novembre-2021\/#primaryimage"},"image":{"@id":"https:\/\/ecodef-ihedn.fr\/intervention-de-julien-malizard-au-colloque-exportations-darmement-et-droit-public-le-18-novembre-2021\/#primaryimage"},"thumbnailUrl":"https:\/\/ecodef-ihedn.fr\/wp-content\/uploads\/2021\/11\/armements2-e1635954008573.jpg","datePublished":"2021-11-03T21:43:58+00:00","dateModified":"2021-11-03T21:46:46+00:00","description":"Julien Malizard interviendra sur le th\u00e8me \"Enjeux \u00e9conomiques et budg\u00e9taires des exportations d\u2019armes\" lors du colloque \"Exportations d'armes et droit public\", organis\u00e9 le jeudi 18 novembre, de 8h30 \u00e0 18h, par le CRAD de l'Universit\u00e9 Paris Nanterre.","breadcrumb":{"@id":"https:\/\/ecodef-ihedn.fr\/intervention-de-julien-malizard-au-colloque-exportations-darmement-et-droit-public-le-18-novembre-2021\/#breadcrumb"},"inLanguage":"en-GB","potentialAction":[{"@type":"ReadAction","target":["https:\/\/ecodef-ihedn.fr\/intervention-de-julien-malizard-au-colloque-exportations-darmement-et-droit-public-le-18-novembre-2021\/"]}]},{"@type":"ImageObject","inLanguage":"en-GB","@id":"https:\/\/ecodef-ihedn.fr\/intervention-de-julien-malizard-au-colloque-exportations-darmement-et-droit-public-le-18-novembre-2021\/#primaryimage","url":"https:\/\/ecodef-ihedn.fr\/wp-content\/uploads\/2021\/11\/armements2-e1635954008573.jpg","contentUrl":"https:\/\/ecodef-ihedn.fr\/wp-content\/uploads\/2021\/11\/armements2-e1635954008573.jpg","width":634,"height":477},{"@type":"BreadcrumbList","@id":"https:\/\/ecodef-ihedn.fr\/intervention-de-julien-malizard-au-colloque-exportations-darmement-et-droit-public-le-18-novembre-2021\/#breadcrumb","itemListElement":[{"@type":"ListItem","position":1,"name":"Accueil","item":"https:\/\/ecodef-ihedn.fr\/"},{"@type":"ListItem","position":2,"name":"Intervention de Julien Malizard au Colloque &#8220;Exportations d&#8217;armement et droit public&#8221; le 18 novembre 2021"}]},{"@type":"WebSite","@id":"https:\/\/ecodef-ihedn.fr\/#website","url":"https:\/\/ecodef-ihedn.fr\/","name":"Chair in Defence Economics - IHEDN","description":"Produce &amp; support, federate &amp; disseminate, act as an interface","publisher":{"@id":"https:\/\/ecodef-ihedn.fr\/#organization"},"potentialAction":[{"@type":"SearchAction","target":{"@type":"EntryPoint","urlTemplate":"https:\/\/ecodef-ihedn.fr\/?s={search_term_string}"},"query-input":{"@type":"PropertyValueSpecification","valueRequired":true,"valueName":"search_term_string"}}],"inLanguage":"en-GB"},{"@type":"Organization","@id":"https:\/\/ecodef-ihedn.fr\/#organization","name":"Chair in Defence Economics - IHEDN","url":"https:\/\/ecodef-ihedn.fr\/","logo":{"@type":"ImageObject","inLanguage":"en-GB","@id":"https:\/\/ecodef-ihedn.fr\/#\/schema\/logo\/image\/","url":"https:\/\/ecodef-ihedn.fr\/wp-content\/uploads\/2020\/04\/logoEcodef9.jpg","contentUrl":"https:\/\/ecodef-ihedn.fr\/wp-content\/uploads\/2020\/04\/logoEcodef9.jpg","width":410,"height":212,"caption":"Chaire \u00c9conomie de d\u00e9fense - IHEDN"},"image":{"@id":"https:\/\/ecodef-ihedn.fr\/#\/schema\/logo\/image\/"},"sameAs":["https:\/\/x.com\/Chaire_Ecodef","https:\/\/www.linkedin.com\/company\/chaire-ecodef-ihedn\/"]},{"@type":"Person","@id":"https:\/\/ecodef-ihedn.fr\/#\/schema\/person\/1cdf22d028cebe278126a6e07a884d30","name":"Bertrand Demandre","image":{"@type":"ImageObject","inLanguage":"en-GB","@id":"https:\/\/secure.gravatar.com\/avatar\/d9c9746d6c900ab5b9c0f9b1fa3932e369da923da247d624b8f7ab4ba8a3c093?s=96&d=mm&r=g","url":"https:\/\/secure.gravatar.com\/avatar\/d9c9746d6c900ab5b9c0f9b1fa3932e369da923da247d624b8f7ab4ba8a3c093?s=96&d=mm&r=g","contentUrl":"https:\/\/secure.gravatar.com\/avatar\/d9c9746d6c900ab5b9c0f9b1fa3932e369da923da247d624b8f7ab4ba8a3c093?s=96&d=mm&r=g","caption":"Bertrand Demandre"},"url":"https:\/\/ecodef-ihedn.fr\/en\/author\/bertrand\/"}]}},"_links":{"self":[{"href":"https:\/\/ecodef-ihedn.fr\/en\/wp-json\/wp\/v2\/posts\/3948","targetHints":{"allow":["GET"]}}],"collection":[{"href":"https:\/\/ecodef-ihedn.fr\/en\/wp-json\/wp\/v2\/posts"}],"about":[{"href":"https:\/\/ecodef-ihedn.fr\/en\/wp-json\/wp\/v2\/types\/post"}],"author":[{"embeddable":true,"href":"https:\/\/ecodef-ihedn.fr\/en\/wp-json\/wp\/v2\/users\/2"}],"replies":[{"embeddable":true,"href":"https:\/\/ecodef-ihedn.fr\/en\/wp-json\/wp\/v2\/comments?post=3948"}],"version-history":[{"count":3,"href":"https:\/\/ecodef-ihedn.fr\/en\/wp-json\/wp\/v2\/posts\/3948\/revisions"}],"predecessor-version":[{"id":3954,"href":"https:\/\/ecodef-ihedn.fr\/en\/wp-json\/wp\/v2\/posts\/3948\/revisions\/3954"}],"wp:featuredmedia":[{"embeddable":true,"href":"https:\/\/ecodef-ihedn.fr\/en\/wp-json\/wp\/v2\/media\/3949"}],"wp:attachment":[{"href":"https:\/\/ecodef-ihedn.fr\/en\/wp-json\/wp\/v2\/media?parent=3948"}],"wp:term":[{"taxonomy":"category","embeddable":true,"href":"https:\/\/ecodef-ihedn.fr\/en\/wp-json\/wp\/v2\/categories?post=3948"},{"taxonomy":"post_tag","embeddable":true,"href":"https:\/\/ecodef-ihedn.fr\/en\/wp-json\/wp\/v2\/tags?post=3948"}],"curies":[{"name":"wp","href":"https:\/\/api.w.org\/{rel}","templated":true}]}}