{"id":3957,"date":"2021-11-08T10:41:17","date_gmt":"2021-11-08T10:41:17","guid":{"rendered":"https:\/\/ecodef-ihedn.fr\/?p=3957"},"modified":"2021-11-22T15:33:14","modified_gmt":"2021-11-22T15:33:14","slug":"etude-sur-les-emplois-et-competences-de-la-filiere-defense-en-bretagne","status":"publish","type":"post","link":"https:\/\/ecodef-ihedn.fr\/en\/etude-sur-les-emplois-et-competences-de-la-filiere-defense-en-bretagne\/","title":{"rendered":"Study on jobs and skills in the defence industry in Brittany"},"content":{"rendered":"<p><strong>Josselin Droff, a researcher at the Chair in Defence Economics at the IHEDN, took part in a study carried out by the <a href=\"https:\/\/www.bretagne.cci.fr\/\" target=\"_blank\" rel=\"noreferrer noopener\">CCI Bretagne<\/a> on jobs and skills in the defence industry in Brittany.<\/strong><\/p>\n\n\n\n<div class=\"wp-block-image\"><figure class=\"aligncenter size-medium\"><img decoding=\"async\" src=\"https:\/\/ecodef-ihedn.fr\/wp-content\/uploads\/2021\/11\/etude-cci-bretagne-218x300.png\" alt=\"\" class=\"wp-image-3958\"\/><\/figure><\/div>\n\n\n\n<p>In 2021, in Brittany, the sector will represent more than<strong> 27,000 jobs in nearly 400 companies<\/strong>. It is characterised by the breadth of its activities: naval, land, aeronautical, space and cyber security.&nbsp;<\/p>\n\n\n\n<p>Subject to <strong>changes in their environment<\/strong> (technological innovation, regulatory pressure, increasing cyber attacks, etc.) and <strong>in their market<\/strong> (opening up to foreign competition, difficulties in accessing the market, exports and duality encouraged, etc.). <strong>Breton defence companies<\/strong>, Whether they are prime contractors or suppliers, these companies are seeking to adapt and define new requirements in terms of the quality of their products and services. <strong>human resources<\/strong>. They also have expectations of the <strong>training landscape<\/strong> to respond.<\/p>\n\n\n\n<p>The study provides <strong>to shed light on needs and developments<\/strong> in <strong><a href=\"https:\/\/ecodef-ihedn.fr\/en\/economie-de-defense-et-bitd-intervention-de-josselin-droff-et-de-julien-malizard-cems-air-ecole-militaire\/\" target=\"_blank\" rel=\"noreferrer noopener\">jobs and training<\/a><\/strong> Breton defence companies. More than 130 players (companies, training establishments, clusters) have contributed to the emergence of a <strong>shared diagnosis<\/strong> on <strong>human resources issues<\/strong> and <strong>recommendations and concrete courses of action<\/strong> to support the development of <strong>jobs in the defence industry<\/strong>. <\/p>\n\n\n\n<div class=\"wp-block-buttons is-content-justification-center is-layout-flex wp-block-buttons-is-layout-flex\">\n<div class=\"wp-block-button\"><a class=\"wp-block-button__link\" href=\"https:\/\/ille-et-vilaine.cci.fr\/economie-et-territoires\/etudes-thematiques\/les-emplois-et-competences-de-la-filiere-defense-en-bretagne\" target=\"_blank\" rel=\"noreferrer noopener\">Find out more about\u2019<strong>study in its entirety<\/strong> <\/a><\/div>\n<\/div>","protected":false},"excerpt":{"rendered":"<p>Josselin Droff, chercheur \u00e0 la Chaire \u00c9conomie de d\u00e9fense &#8211; IHEDN, a particip\u00e9 \u00e0 une \u00e9tude r\u00e9alis\u00e9e par la CCI Bretagne sur les emplois et comp\u00e9tences de la fili\u00e8re d\u00e9fense en Bretagne. En 2021, en Bretagne, la fili\u00e8re repr\u00e9sente plus de 27&nbsp;000 emplois r\u00e9partis dans pr\u00e8s de 400&nbsp;entreprises. Elle se caract\u00e9rise par l\u2019\u00e9tendue de ses [&hellip;]<\/p>\n","protected":false},"author":2,"featured_media":3958,"comment_status":"open","ping_status":"open","sticky":false,"template":"","format":"standard","meta":{"footnotes":""},"categories":[350,352],"tags":[211,162,47,481,38,202,110,480],"class_list":{"0":"post-3957","1":"post","2":"type-post","3":"status-publish","4":"format-standard","5":"has-post-thumbnail","7":"category-publications","8":"category-thematique-2-determinants-et-impacts-de-la-depense-de-defense","9":"tag-bitd","10":"tag-chaire-economie-de-defense","11":"tag-economie-de-defense","12":"tag-emplois-defense","13":"tag-ihedn","14":"tag-josselin-droff","15":"tag-publications","16":"tag-ressources-humaines"},"yoast_head":"<!-- This site is optimized with the Yoast SEO plugin v27.4 - https:\/\/yoast.com\/product\/yoast-seo-wordpress\/ -->\n<title>\u00c9tude sur les emplois et comp\u00e9tences de la fili\u00e8re d\u00e9fense en Bretagne - Chaire \u00c9conomie de d\u00e9fense - IHEDN<\/title>\n<meta name=\"robots\" content=\"index, follow, max-snippet:-1, max-image-preview:large, max-video-preview:-1\" \/>\n<link rel=\"canonical\" href=\"https:\/\/ecodef-ihedn.fr\/en\/etude-sur-les-emplois-et-competences-de-la-filiere-defense-en-bretagne\/\" \/>\n<meta property=\"og:locale\" content=\"en_GB\" \/>\n<meta property=\"og:type\" content=\"article\" \/>\n<meta property=\"og:title\" content=\"\u00c9tude sur les emplois et comp\u00e9tences de la fili\u00e8re d\u00e9fense en Bretagne - Chaire \u00c9conomie de d\u00e9fense - IHEDN\" \/>\n<meta property=\"og:description\" content=\"Josselin Droff, chercheur \u00e0 la Chaire \u00c9conomie de d\u00e9fense &#8211; IHEDN, a particip\u00e9 \u00e0 une \u00e9tude r\u00e9alis\u00e9e par la CCI Bretagne sur les emplois et comp\u00e9tences de la fili\u00e8re d\u00e9fense en Bretagne. En 2021, en Bretagne, la fili\u00e8re repr\u00e9sente plus de 27&nbsp;000 emplois r\u00e9partis dans pr\u00e8s de 400&nbsp;entreprises. Elle se caract\u00e9rise par l\u2019\u00e9tendue de ses [&hellip;]\" \/>\n<meta property=\"og:url\" content=\"https:\/\/ecodef-ihedn.fr\/en\/etude-sur-les-emplois-et-competences-de-la-filiere-defense-en-bretagne\/\" \/>\n<meta property=\"og:site_name\" content=\"Chaire \u00c9conomie de d\u00e9fense - IHEDN\" \/>\n<meta property=\"article:published_time\" content=\"2021-11-08T10:41:17+00:00\" \/>\n<meta property=\"article:modified_time\" content=\"2021-11-22T15:33:14+00:00\" \/>\n<meta property=\"og:image\" content=\"https:\/\/ecodef-ihedn.fr\/wp-content\/uploads\/2021\/11\/etude-cci-bretagne-e1636035141904.png\" \/>\n\t<meta property=\"og:image:width\" content=\"583\" \/>\n\t<meta property=\"og:image:height\" content=\"439\" \/>\n\t<meta property=\"og:image:type\" content=\"image\/png\" \/>\n<meta name=\"author\" content=\"Bertrand Demandre\" \/>\n<meta name=\"twitter:card\" content=\"summary_large_image\" \/>\n<meta name=\"twitter:creator\" content=\"@Chaire_Ecodef\" \/>\n<meta name=\"twitter:site\" content=\"@Chaire_Ecodef\" \/>\n<meta name=\"twitter:label1\" content=\"Written by\" \/>\n\t<meta name=\"twitter:data1\" content=\"Bertrand Demandre\" \/>\n\t<meta name=\"twitter:label2\" content=\"Estimated reading time\" \/>\n\t<meta name=\"twitter:data2\" content=\"2 minutes\" \/>\n<script type=\"application\/ld+json\" class=\"yoast-schema-graph\">{\"@context\":\"https:\\\/\\\/schema.org\",\"@graph\":[{\"@type\":\"Article\",\"@id\":\"https:\\\/\\\/ecodef-ihedn.fr\\\/etude-sur-les-emplois-et-competences-de-la-filiere-defense-en-bretagne\\\/#article\",\"isPartOf\":{\"@id\":\"https:\\\/\\\/ecodef-ihedn.fr\\\/etude-sur-les-emplois-et-competences-de-la-filiere-defense-en-bretagne\\\/\"},\"author\":{\"name\":\"Bertrand Demandre\",\"@id\":\"https:\\\/\\\/ecodef-ihedn.fr\\\/#\\\/schema\\\/person\\\/1cdf22d028cebe278126a6e07a884d30\"},\"headline\":\"\u00c9tude sur les emplois et comp\u00e9tences de la fili\u00e8re d\u00e9fense en Bretagne\",\"datePublished\":\"2021-11-08T10:41:17+00:00\",\"dateModified\":\"2021-11-22T15:33:14+00:00\",\"mainEntityOfPage\":{\"@id\":\"https:\\\/\\\/ecodef-ihedn.fr\\\/etude-sur-les-emplois-et-competences-de-la-filiere-defense-en-bretagne\\\/\"},\"wordCount\":253,\"commentCount\":0,\"publisher\":{\"@id\":\"https:\\\/\\\/ecodef-ihedn.fr\\\/#organization\"},\"image\":{\"@id\":\"https:\\\/\\\/ecodef-ihedn.fr\\\/etude-sur-les-emplois-et-competences-de-la-filiere-defense-en-bretagne\\\/#primaryimage\"},\"thumbnailUrl\":\"https:\\\/\\\/ecodef-ihedn.fr\\\/wp-content\\\/uploads\\\/2021\\\/11\\\/etude-cci-bretagne-e1636035141904.png\",\"keywords\":[\"BITD\",\"chaire \u00e9conomie de d\u00e9fense\",\"\u00e9conomie de d\u00e9fense\",\"emplois d\u00e9fense\",\"IHEDN\",\"Josselin Droff\",\"Publications\",\"ressources humaines\"],\"articleSection\":[\"Publications\",\"Th\u00e9matique 2 : d\u00e9terminants et impacts de la d\u00e9pense de d\u00e9fense\"],\"inLanguage\":\"en-GB\",\"potentialAction\":[{\"@type\":\"CommentAction\",\"name\":\"Comment\",\"target\":[\"https:\\\/\\\/ecodef-ihedn.fr\\\/etude-sur-les-emplois-et-competences-de-la-filiere-defense-en-bretagne\\\/#respond\"]}]},{\"@type\":\"WebPage\",\"@id\":\"https:\\\/\\\/ecodef-ihedn.fr\\\/etude-sur-les-emplois-et-competences-de-la-filiere-defense-en-bretagne\\\/\",\"url\":\"https:\\\/\\\/ecodef-ihedn.fr\\\/etude-sur-les-emplois-et-competences-de-la-filiere-defense-en-bretagne\\\/\",\"name\":\"\u00c9tude sur les emplois et comp\u00e9tences de la fili\u00e8re d\u00e9fense en Bretagne - Chaire \u00c9conomie de d\u00e9fense - IHEDN\",\"isPartOf\":{\"@id\":\"https:\\\/\\\/ecodef-ihedn.fr\\\/#website\"},\"primaryImageOfPage\":{\"@id\":\"https:\\\/\\\/ecodef-ihedn.fr\\\/etude-sur-les-emplois-et-competences-de-la-filiere-defense-en-bretagne\\\/#primaryimage\"},\"image\":{\"@id\":\"https:\\\/\\\/ecodef-ihedn.fr\\\/etude-sur-les-emplois-et-competences-de-la-filiere-defense-en-bretagne\\\/#primaryimage\"},\"thumbnailUrl\":\"https:\\\/\\\/ecodef-ihedn.fr\\\/wp-content\\\/uploads\\\/2021\\\/11\\\/etude-cci-bretagne-e1636035141904.png\",\"datePublished\":\"2021-11-08T10:41:17+00:00\",\"dateModified\":\"2021-11-22T15:33:14+00:00\",\"breadcrumb\":{\"@id\":\"https:\\\/\\\/ecodef-ihedn.fr\\\/etude-sur-les-emplois-et-competences-de-la-filiere-defense-en-bretagne\\\/#breadcrumb\"},\"inLanguage\":\"en-GB\",\"potentialAction\":[{\"@type\":\"ReadAction\",\"target\":[\"https:\\\/\\\/ecodef-ihedn.fr\\\/etude-sur-les-emplois-et-competences-de-la-filiere-defense-en-bretagne\\\/\"]}]},{\"@type\":\"ImageObject\",\"inLanguage\":\"en-GB\",\"@id\":\"https:\\\/\\\/ecodef-ihedn.fr\\\/etude-sur-les-emplois-et-competences-de-la-filiere-defense-en-bretagne\\\/#primaryimage\",\"url\":\"https:\\\/\\\/ecodef-ihedn.fr\\\/wp-content\\\/uploads\\\/2021\\\/11\\\/etude-cci-bretagne-e1636035141904.png\",\"contentUrl\":\"https:\\\/\\\/ecodef-ihedn.fr\\\/wp-content\\\/uploads\\\/2021\\\/11\\\/etude-cci-bretagne-e1636035141904.png\",\"width\":583,\"height\":439},{\"@type\":\"BreadcrumbList\",\"@id\":\"https:\\\/\\\/ecodef-ihedn.fr\\\/etude-sur-les-emplois-et-competences-de-la-filiere-defense-en-bretagne\\\/#breadcrumb\",\"itemListElement\":[{\"@type\":\"ListItem\",\"position\":1,\"name\":\"Accueil\",\"item\":\"https:\\\/\\\/ecodef-ihedn.fr\\\/\"},{\"@type\":\"ListItem\",\"position\":2,\"name\":\"\u00c9tude sur les emplois et comp\u00e9tences de la fili\u00e8re d\u00e9fense en Bretagne\"}]},{\"@type\":\"WebSite\",\"@id\":\"https:\\\/\\\/ecodef-ihedn.fr\\\/#website\",\"url\":\"https:\\\/\\\/ecodef-ihedn.fr\\\/\",\"name\":\"Chaire \u00c9conomie de D\u00e9fense - IHEDN\",\"description\":\"Produire &amp; soutenir, f\u00e9d\u00e9rer &amp; diffuser, \u00eatre une interface\",\"publisher\":{\"@id\":\"https:\\\/\\\/ecodef-ihedn.fr\\\/#organization\"},\"potentialAction\":[{\"@type\":\"SearchAction\",\"target\":{\"@type\":\"EntryPoint\",\"urlTemplate\":\"https:\\\/\\\/ecodef-ihedn.fr\\\/?s={search_term_string}\"},\"query-input\":{\"@type\":\"PropertyValueSpecification\",\"valueRequired\":true,\"valueName\":\"search_term_string\"}}],\"inLanguage\":\"en-GB\"},{\"@type\":\"Organization\",\"@id\":\"https:\\\/\\\/ecodef-ihedn.fr\\\/#organization\",\"name\":\"Chaire \u00c9conomie de d\u00e9fense - IHEDN\",\"url\":\"https:\\\/\\\/ecodef-ihedn.fr\\\/\",\"logo\":{\"@type\":\"ImageObject\",\"inLanguage\":\"en-GB\",\"@id\":\"https:\\\/\\\/ecodef-ihedn.fr\\\/#\\\/schema\\\/logo\\\/image\\\/\",\"url\":\"https:\\\/\\\/ecodef-ihedn.fr\\\/wp-content\\\/uploads\\\/2020\\\/04\\\/logoEcodef9.jpg\",\"contentUrl\":\"https:\\\/\\\/ecodef-ihedn.fr\\\/wp-content\\\/uploads\\\/2020\\\/04\\\/logoEcodef9.jpg\",\"width\":410,\"height\":212,\"caption\":\"Chaire \u00c9conomie de d\u00e9fense - IHEDN\"},\"image\":{\"@id\":\"https:\\\/\\\/ecodef-ihedn.fr\\\/#\\\/schema\\\/logo\\\/image\\\/\"},\"sameAs\":[\"https:\\\/\\\/x.com\\\/Chaire_Ecodef\",\"https:\\\/\\\/www.linkedin.com\\\/company\\\/chaire-ecodef-ihedn\\\/\"]},{\"@type\":\"Person\",\"@id\":\"https:\\\/\\\/ecodef-ihedn.fr\\\/#\\\/schema\\\/person\\\/1cdf22d028cebe278126a6e07a884d30\",\"name\":\"Bertrand Demandre\",\"image\":{\"@type\":\"ImageObject\",\"inLanguage\":\"en-GB\",\"@id\":\"https:\\\/\\\/secure.gravatar.com\\\/avatar\\\/d9c9746d6c900ab5b9c0f9b1fa3932e369da923da247d624b8f7ab4ba8a3c093?s=96&d=mm&r=g\",\"url\":\"https:\\\/\\\/secure.gravatar.com\\\/avatar\\\/d9c9746d6c900ab5b9c0f9b1fa3932e369da923da247d624b8f7ab4ba8a3c093?s=96&d=mm&r=g\",\"contentUrl\":\"https:\\\/\\\/secure.gravatar.com\\\/avatar\\\/d9c9746d6c900ab5b9c0f9b1fa3932e369da923da247d624b8f7ab4ba8a3c093?s=96&d=mm&r=g\",\"caption\":\"Bertrand Demandre\"},\"url\":\"https:\\\/\\\/ecodef-ihedn.fr\\\/en\\\/author\\\/bertrand\\\/\"}]}<\/script>\n<!-- \/ Yoast SEO plugin. -->","yoast_head_json":{"title":"\u00c9tude sur les emplois et comp\u00e9tences de la fili\u00e8re d\u00e9fense en Bretagne - Chaire \u00c9conomie de d\u00e9fense - IHEDN","robots":{"index":"index","follow":"follow","max-snippet":"max-snippet:-1","max-image-preview":"max-image-preview:large","max-video-preview":"max-video-preview:-1"},"canonical":"https:\/\/ecodef-ihedn.fr\/en\/etude-sur-les-emplois-et-competences-de-la-filiere-defense-en-bretagne\/","og_locale":"en_GB","og_type":"article","og_title":"\u00c9tude sur les emplois et comp\u00e9tences de la fili\u00e8re d\u00e9fense en Bretagne - Chaire \u00c9conomie de d\u00e9fense - IHEDN","og_description":"Josselin Droff, chercheur \u00e0 la Chaire \u00c9conomie de d\u00e9fense &#8211; IHEDN, a particip\u00e9 \u00e0 une \u00e9tude r\u00e9alis\u00e9e par la CCI Bretagne sur les emplois et comp\u00e9tences de la fili\u00e8re d\u00e9fense en Bretagne. En 2021, en Bretagne, la fili\u00e8re repr\u00e9sente plus de 27&nbsp;000 emplois r\u00e9partis dans pr\u00e8s de 400&nbsp;entreprises. Elle se caract\u00e9rise par l\u2019\u00e9tendue de ses [&hellip;]","og_url":"https:\/\/ecodef-ihedn.fr\/en\/etude-sur-les-emplois-et-competences-de-la-filiere-defense-en-bretagne\/","og_site_name":"Chaire \u00c9conomie de d\u00e9fense - IHEDN","article_published_time":"2021-11-08T10:41:17+00:00","article_modified_time":"2021-11-22T15:33:14+00:00","og_image":[{"width":583,"height":439,"url":"https:\/\/ecodef-ihedn.fr\/wp-content\/uploads\/2021\/11\/etude-cci-bretagne-e1636035141904.png","type":"image\/png"}],"author":"Bertrand Demandre","twitter_card":"summary_large_image","twitter_creator":"@Chaire_Ecodef","twitter_site":"@Chaire_Ecodef","twitter_misc":{"Written by":"Bertrand Demandre","Estimated reading time":"2 minutes"},"schema":{"@context":"https:\/\/schema.org","@graph":[{"@type":"Article","@id":"https:\/\/ecodef-ihedn.fr\/etude-sur-les-emplois-et-competences-de-la-filiere-defense-en-bretagne\/#article","isPartOf":{"@id":"https:\/\/ecodef-ihedn.fr\/etude-sur-les-emplois-et-competences-de-la-filiere-defense-en-bretagne\/"},"author":{"name":"Bertrand Demandre","@id":"https:\/\/ecodef-ihedn.fr\/#\/schema\/person\/1cdf22d028cebe278126a6e07a884d30"},"headline":"\u00c9tude sur les emplois et comp\u00e9tences de la fili\u00e8re d\u00e9fense en Bretagne","datePublished":"2021-11-08T10:41:17+00:00","dateModified":"2021-11-22T15:33:14+00:00","mainEntityOfPage":{"@id":"https:\/\/ecodef-ihedn.fr\/etude-sur-les-emplois-et-competences-de-la-filiere-defense-en-bretagne\/"},"wordCount":253,"commentCount":0,"publisher":{"@id":"https:\/\/ecodef-ihedn.fr\/#organization"},"image":{"@id":"https:\/\/ecodef-ihedn.fr\/etude-sur-les-emplois-et-competences-de-la-filiere-defense-en-bretagne\/#primaryimage"},"thumbnailUrl":"https:\/\/ecodef-ihedn.fr\/wp-content\/uploads\/2021\/11\/etude-cci-bretagne-e1636035141904.png","keywords":["BITD","chaire \u00e9conomie de d\u00e9fense","\u00e9conomie de d\u00e9fense","emplois d\u00e9fense","IHEDN","Josselin Droff","Publications","ressources humaines"],"articleSection":["Publications","Th\u00e9matique 2 : d\u00e9terminants et impacts de la d\u00e9pense de d\u00e9fense"],"inLanguage":"en-GB","potentialAction":[{"@type":"CommentAction","name":"Comment","target":["https:\/\/ecodef-ihedn.fr\/etude-sur-les-emplois-et-competences-de-la-filiere-defense-en-bretagne\/#respond"]}]},{"@type":"WebPage","@id":"https:\/\/ecodef-ihedn.fr\/etude-sur-les-emplois-et-competences-de-la-filiere-defense-en-bretagne\/","url":"https:\/\/ecodef-ihedn.fr\/etude-sur-les-emplois-et-competences-de-la-filiere-defense-en-bretagne\/","name":"\u00c9tude sur les emplois et comp\u00e9tences de la fili\u00e8re d\u00e9fense en Bretagne - Chaire \u00c9conomie de d\u00e9fense - IHEDN","isPartOf":{"@id":"https:\/\/ecodef-ihedn.fr\/#website"},"primaryImageOfPage":{"@id":"https:\/\/ecodef-ihedn.fr\/etude-sur-les-emplois-et-competences-de-la-filiere-defense-en-bretagne\/#primaryimage"},"image":{"@id":"https:\/\/ecodef-ihedn.fr\/etude-sur-les-emplois-et-competences-de-la-filiere-defense-en-bretagne\/#primaryimage"},"thumbnailUrl":"https:\/\/ecodef-ihedn.fr\/wp-content\/uploads\/2021\/11\/etude-cci-bretagne-e1636035141904.png","datePublished":"2021-11-08T10:41:17+00:00","dateModified":"2021-11-22T15:33:14+00:00","breadcrumb":{"@id":"https:\/\/ecodef-ihedn.fr\/etude-sur-les-emplois-et-competences-de-la-filiere-defense-en-bretagne\/#breadcrumb"},"inLanguage":"en-GB","potentialAction":[{"@type":"ReadAction","target":["https:\/\/ecodef-ihedn.fr\/etude-sur-les-emplois-et-competences-de-la-filiere-defense-en-bretagne\/"]}]},{"@type":"ImageObject","inLanguage":"en-GB","@id":"https:\/\/ecodef-ihedn.fr\/etude-sur-les-emplois-et-competences-de-la-filiere-defense-en-bretagne\/#primaryimage","url":"https:\/\/ecodef-ihedn.fr\/wp-content\/uploads\/2021\/11\/etude-cci-bretagne-e1636035141904.png","contentUrl":"https:\/\/ecodef-ihedn.fr\/wp-content\/uploads\/2021\/11\/etude-cci-bretagne-e1636035141904.png","width":583,"height":439},{"@type":"BreadcrumbList","@id":"https:\/\/ecodef-ihedn.fr\/etude-sur-les-emplois-et-competences-de-la-filiere-defense-en-bretagne\/#breadcrumb","itemListElement":[{"@type":"ListItem","position":1,"name":"Accueil","item":"https:\/\/ecodef-ihedn.fr\/"},{"@type":"ListItem","position":2,"name":"\u00c9tude sur les emplois et comp\u00e9tences de la fili\u00e8re d\u00e9fense en Bretagne"}]},{"@type":"WebSite","@id":"https:\/\/ecodef-ihedn.fr\/#website","url":"https:\/\/ecodef-ihedn.fr\/","name":"Chair in Defence Economics - IHEDN","description":"Produce &amp; support, federate &amp; disseminate, act as an interface","publisher":{"@id":"https:\/\/ecodef-ihedn.fr\/#organization"},"potentialAction":[{"@type":"SearchAction","target":{"@type":"EntryPoint","urlTemplate":"https:\/\/ecodef-ihedn.fr\/?s={search_term_string}"},"query-input":{"@type":"PropertyValueSpecification","valueRequired":true,"valueName":"search_term_string"}}],"inLanguage":"en-GB"},{"@type":"Organization","@id":"https:\/\/ecodef-ihedn.fr\/#organization","name":"Chair in Defence Economics - IHEDN","url":"https:\/\/ecodef-ihedn.fr\/","logo":{"@type":"ImageObject","inLanguage":"en-GB","@id":"https:\/\/ecodef-ihedn.fr\/#\/schema\/logo\/image\/","url":"https:\/\/ecodef-ihedn.fr\/wp-content\/uploads\/2020\/04\/logoEcodef9.jpg","contentUrl":"https:\/\/ecodef-ihedn.fr\/wp-content\/uploads\/2020\/04\/logoEcodef9.jpg","width":410,"height":212,"caption":"Chaire \u00c9conomie de d\u00e9fense - IHEDN"},"image":{"@id":"https:\/\/ecodef-ihedn.fr\/#\/schema\/logo\/image\/"},"sameAs":["https:\/\/x.com\/Chaire_Ecodef","https:\/\/www.linkedin.com\/company\/chaire-ecodef-ihedn\/"]},{"@type":"Person","@id":"https:\/\/ecodef-ihedn.fr\/#\/schema\/person\/1cdf22d028cebe278126a6e07a884d30","name":"Bertrand Demandre","image":{"@type":"ImageObject","inLanguage":"en-GB","@id":"https:\/\/secure.gravatar.com\/avatar\/d9c9746d6c900ab5b9c0f9b1fa3932e369da923da247d624b8f7ab4ba8a3c093?s=96&d=mm&r=g","url":"https:\/\/secure.gravatar.com\/avatar\/d9c9746d6c900ab5b9c0f9b1fa3932e369da923da247d624b8f7ab4ba8a3c093?s=96&d=mm&r=g","contentUrl":"https:\/\/secure.gravatar.com\/avatar\/d9c9746d6c900ab5b9c0f9b1fa3932e369da923da247d624b8f7ab4ba8a3c093?s=96&d=mm&r=g","caption":"Bertrand Demandre"},"url":"https:\/\/ecodef-ihedn.fr\/en\/author\/bertrand\/"}]}},"_links":{"self":[{"href":"https:\/\/ecodef-ihedn.fr\/en\/wp-json\/wp\/v2\/posts\/3957","targetHints":{"allow":["GET"]}}],"collection":[{"href":"https:\/\/ecodef-ihedn.fr\/en\/wp-json\/wp\/v2\/posts"}],"about":[{"href":"https:\/\/ecodef-ihedn.fr\/en\/wp-json\/wp\/v2\/types\/post"}],"author":[{"embeddable":true,"href":"https:\/\/ecodef-ihedn.fr\/en\/wp-json\/wp\/v2\/users\/2"}],"replies":[{"embeddable":true,"href":"https:\/\/ecodef-ihedn.fr\/en\/wp-json\/wp\/v2\/comments?post=3957"}],"version-history":[{"count":4,"href":"https:\/\/ecodef-ihedn.fr\/en\/wp-json\/wp\/v2\/posts\/3957\/revisions"}],"predecessor-version":[{"id":4045,"href":"https:\/\/ecodef-ihedn.fr\/en\/wp-json\/wp\/v2\/posts\/3957\/revisions\/4045"}],"wp:featuredmedia":[{"embeddable":true,"href":"https:\/\/ecodef-ihedn.fr\/en\/wp-json\/wp\/v2\/media\/3958"}],"wp:attachment":[{"href":"https:\/\/ecodef-ihedn.fr\/en\/wp-json\/wp\/v2\/media?parent=3957"}],"wp:term":[{"taxonomy":"category","embeddable":true,"href":"https:\/\/ecodef-ihedn.fr\/en\/wp-json\/wp\/v2\/categories?post=3957"},{"taxonomy":"post_tag","embeddable":true,"href":"https:\/\/ecodef-ihedn.fr\/en\/wp-json\/wp\/v2\/tags?post=3957"}],"curies":[{"name":"wp","href":"https:\/\/api.w.org\/{rel}","templated":true}]}}