{"id":3991,"date":"2021-11-16T08:33:52","date_gmt":"2021-11-16T08:33:52","guid":{"rendered":"https:\/\/ecodef-ihedn.fr\/?p=3991"},"modified":"2022-04-22T08:59:38","modified_gmt":"2022-04-22T08:59:38","slug":"economie-des-conflits-parution-de-louvrage-la-conflictualite-armee-sous-la-direction-de-jean-belin","status":"publish","type":"post","link":"https:\/\/ecodef-ihedn.fr\/en\/economie-des-conflits-parution-de-louvrage-la-conflictualite-armee-sous-la-direction-de-jean-belin\/","title":{"rendered":"\u00c9conomie des conflits: publication of the book \u00abLa conflictualit\u00e9 arm\u00e9e\u00bb, edited by Jean Belin"},"content":{"rendered":"<p><\/p>\n\n\n\n<div class=\"wp-block-image\"><figure class=\"aligncenter size-full is-resized\"><img loading=\"lazy\" decoding=\"async\" src=\"https:\/\/ecodef-ihedn.fr\/wp-content\/uploads\/2021\/11\/unnamed.jpg\" alt=\"L'ouvrage intitul\u00e9 La conflictualit\u00e9 arm\u00e9e a \u00e9t\u00e9 r\u00e9alis\u00e9 sous la direction scientifique de Jean Belin, titulaire de la Chaire, S\u00e9bastien-Yves Laurent (professeur de science politique) et Anne-Marie Tournepiche (professeur de droit public) de l\u2019Universit\u00e9 de Bordeaux. Il est paru le 28 octobre dernier aux \u00e9ditions A. Pedone. \" class=\"wp-image-3993\" width=\"165\" height=\"256\"\/><\/figure><\/div>\n\n\n\n<p><strong>Jean Belin, holder of the Chair, co-edited a book on armed conflict.<\/strong><\/p>\n\n\n\n<p>The book entitled <em>Armed conflict<\/em> was carried out under the scientific direction of <a href=\"https:\/\/ecodef-ihedn.fr\/en\/equipe\/\"><strong>Jean Belin<\/strong>, holder of the Chair<\/a>, <strong>S\u00e9bastien-Yves Laurent<\/strong> (professor of political science) and <strong>Anne-Marie Tournepiche<\/strong> (professor of public law) at the University of Bordeaux. It was published on 28 October by Editions A. Pedone. <\/p>\n\n\n\n<p>Since the second half of the XX<sup>th<\/sup>&nbsp;century of <strong>major developments<\/strong> The challenges we face are many and far-reaching: a considerable decline in traditional armed conflicts between two states, the development of conflicts between states and non-state armed groups, often terrorists, and investment by states in new defence technologies that open up new areas of conflict.<\/p>\n\n\n\n<p>The contributors to this book have endeavoured to answer some of the fundamental questions raised by current developments in armed conflict. They come from a variety of backgrounds and disciplines, and take a scientific look at the contours of this notion of conflictuality (definitions) through a number of applied analyses (civil wars, the role of the UN), without sidestepping certain particularly salient issues (such as access to natural resources or cyberspace).<\/p>\n\n\n\n<p>The main original feature of this book is that it presents a <strong>interdisciplinary analysis<\/strong> of armed conflict, combining legal approaches,&nbsp;<strong>economic<\/strong>, This innovative approach is likely to be of interest to all those involved (students, teachers, practitioners, etc.).<\/p>\n\n\n\n<div class=\"wp-block-buttons is-horizontal is-content-justification-center is-layout-flex wp-container-core-buttons-is-layout-499968f5 wp-block-buttons-is-layout-flex\">\n<div class=\"wp-block-button\"><a class=\"wp-block-button__link\" href=\"http:\/\/pedone.info\/livre\/la-conflictualite-armee\/\" target=\"_blank\" rel=\"noreferrer noopener\">Find out more<\/a><\/div>\n<\/div>","protected":false},"excerpt":{"rendered":"<p>Jean Belin, titulaire de la Chaire, a co-dirig\u00e9 un ouvrage sur la conflictualit\u00e9 arm\u00e9e. L&rsquo;ouvrage intitul\u00e9 La conflictualit\u00e9 arm\u00e9e a \u00e9t\u00e9 r\u00e9alis\u00e9 sous la direction scientifique de Jean Belin, titulaire de la Chaire, S\u00e9bastien-Yves Laurent (professeur de science politique) et Anne-Marie Tournepiche (professeur de droit public) de l\u2019Universit\u00e9 de Bordeaux. Il est paru le 28 [&hellip;]<\/p>\n","protected":false},"author":2,"featured_media":3993,"comment_status":"open","ping_status":"open","sticky":false,"template":"","format":"standard","meta":{"footnotes":""},"categories":[350,352],"tags":[41,482,36,438,47,426,38,287,484,110],"class_list":{"0":"post-3991","1":"post","2":"type-post","3":"status-publish","4":"format-standard","5":"has-post-thumbnail","7":"category-publications","8":"category-thematique-2-determinants-et-impacts-de-la-depense-de-defense","9":"tag-conference","10":"tag-conflictualite-armee","11":"tag-defense","12":"tag-ecodef","13":"tag-economie-de-defense","14":"tag-economie-des-conflits","15":"tag-ihedn","16":"tag-jean-belin","17":"tag-ouvrage","18":"tag-publications"},"yoast_head":"<!-- This site is optimized with the Yoast SEO plugin v27.4 - https:\/\/yoast.com\/product\/yoast-seo-wordpress\/ -->\n<title>\u00c9conomie des conflits : parution de l&#039;ouvrage &quot;La conflictualit\u00e9 arm\u00e9e&quot; sous la direction de Jean Belin - Chaire \u00c9conomie de d\u00e9fense - IHEDN<\/title>\n<meta name=\"description\" content=\"L&#039;ouvrage intitul\u00e9 La conflictualit\u00e9 arm\u00e9e a \u00e9t\u00e9 r\u00e9alis\u00e9 sous la direction scientifique de Jean Belin, titulaire de la Chaire, S\u00e9bastien-Yves Laurent (professeur de science politique) et Anne-Marie Tournepiche (professeur de droit public) de l\u2019Universit\u00e9 de Bordeaux. Il est paru le 28 octobre dernier aux \u00e9ditions A. Pedone.\" \/>\n<meta name=\"robots\" content=\"index, follow, max-snippet:-1, max-image-preview:large, max-video-preview:-1\" \/>\n<link rel=\"canonical\" href=\"https:\/\/ecodef-ihedn.fr\/en\/economie-des-conflits-parution-de-louvrage-la-conflictualite-armee-sous-la-direction-de-jean-belin\/\" \/>\n<meta property=\"og:locale\" content=\"en_GB\" \/>\n<meta property=\"og:type\" content=\"article\" \/>\n<meta property=\"og:title\" content=\"\u00c9conomie des conflits : parution de l&#039;ouvrage &quot;La conflictualit\u00e9 arm\u00e9e&quot; sous la direction de Jean Belin - Chaire \u00c9conomie de d\u00e9fense - IHEDN\" \/>\n<meta property=\"og:description\" content=\"L&#039;ouvrage intitul\u00e9 La conflictualit\u00e9 arm\u00e9e a \u00e9t\u00e9 r\u00e9alis\u00e9 sous la direction scientifique de Jean Belin, titulaire de la Chaire, S\u00e9bastien-Yves Laurent (professeur de science politique) et Anne-Marie Tournepiche (professeur de droit public) de l\u2019Universit\u00e9 de Bordeaux. Il est paru le 28 octobre dernier aux \u00e9ditions A. Pedone.\" \/>\n<meta property=\"og:url\" content=\"https:\/\/ecodef-ihedn.fr\/en\/economie-des-conflits-parution-de-louvrage-la-conflictualite-armee-sous-la-direction-de-jean-belin\/\" \/>\n<meta property=\"og:site_name\" content=\"Chaire \u00c9conomie de d\u00e9fense - IHEDN\" \/>\n<meta property=\"article:published_time\" content=\"2021-11-16T08:33:52+00:00\" \/>\n<meta property=\"article:modified_time\" content=\"2022-04-22T08:59:38+00:00\" \/>\n<meta property=\"og:image\" content=\"https:\/\/ecodef-ihedn.fr\/wp-content\/uploads\/2021\/11\/unnamed-e1636972862535.jpg\" \/>\n\t<meta property=\"og:image:width\" content=\"234\" \/>\n\t<meta property=\"og:image:height\" content=\"175\" \/>\n\t<meta property=\"og:image:type\" content=\"image\/jpeg\" \/>\n<meta name=\"author\" content=\"Bertrand Demandre\" \/>\n<meta name=\"twitter:card\" content=\"summary_large_image\" \/>\n<meta name=\"twitter:creator\" content=\"@Chaire_Ecodef\" \/>\n<meta name=\"twitter:site\" content=\"@Chaire_Ecodef\" \/>\n<meta name=\"twitter:label1\" content=\"Written by\" \/>\n\t<meta name=\"twitter:data1\" content=\"Bertrand Demandre\" \/>\n\t<meta name=\"twitter:label2\" content=\"Estimated reading time\" \/>\n\t<meta name=\"twitter:data2\" content=\"2 minutes\" \/>\n<script type=\"application\/ld+json\" class=\"yoast-schema-graph\">{\"@context\":\"https:\\\/\\\/schema.org\",\"@graph\":[{\"@type\":\"Article\",\"@id\":\"https:\\\/\\\/ecodef-ihedn.fr\\\/economie-des-conflits-parution-de-louvrage-la-conflictualite-armee-sous-la-direction-de-jean-belin\\\/#article\",\"isPartOf\":{\"@id\":\"https:\\\/\\\/ecodef-ihedn.fr\\\/economie-des-conflits-parution-de-louvrage-la-conflictualite-armee-sous-la-direction-de-jean-belin\\\/\"},\"author\":{\"name\":\"Bertrand Demandre\",\"@id\":\"https:\\\/\\\/ecodef-ihedn.fr\\\/#\\\/schema\\\/person\\\/1cdf22d028cebe278126a6e07a884d30\"},\"headline\":\"\u00c9conomie des conflits : parution de l&rsquo;ouvrage \u00ab\u00a0La conflictualit\u00e9 arm\u00e9e\u00a0\u00bb sous la direction de Jean Belin\",\"datePublished\":\"2021-11-16T08:33:52+00:00\",\"dateModified\":\"2022-04-22T08:59:38+00:00\",\"mainEntityOfPage\":{\"@id\":\"https:\\\/\\\/ecodef-ihedn.fr\\\/economie-des-conflits-parution-de-louvrage-la-conflictualite-armee-sous-la-direction-de-jean-belin\\\/\"},\"wordCount\":288,\"commentCount\":0,\"publisher\":{\"@id\":\"https:\\\/\\\/ecodef-ihedn.fr\\\/#organization\"},\"image\":{\"@id\":\"https:\\\/\\\/ecodef-ihedn.fr\\\/economie-des-conflits-parution-de-louvrage-la-conflictualite-armee-sous-la-direction-de-jean-belin\\\/#primaryimage\"},\"thumbnailUrl\":\"https:\\\/\\\/ecodef-ihedn.fr\\\/wp-content\\\/uploads\\\/2021\\\/11\\\/unnamed-e1636972862535.jpg\",\"keywords\":[\"conf\u00e9rence\",\"conflictualit\u00e9 arm\u00e9e\",\"D\u00e9fense\",\"ecodef\",\"\u00e9conomie de d\u00e9fense\",\"\u00e9conomie des conflits\",\"IHEDN\",\"Jean Belin\",\"ouvrage\",\"Publications\"],\"articleSection\":[\"Publications\",\"Th\u00e9matique 2 : d\u00e9terminants et impacts de la d\u00e9pense de d\u00e9fense\"],\"inLanguage\":\"en-GB\",\"potentialAction\":[{\"@type\":\"CommentAction\",\"name\":\"Comment\",\"target\":[\"https:\\\/\\\/ecodef-ihedn.fr\\\/economie-des-conflits-parution-de-louvrage-la-conflictualite-armee-sous-la-direction-de-jean-belin\\\/#respond\"]}]},{\"@type\":\"WebPage\",\"@id\":\"https:\\\/\\\/ecodef-ihedn.fr\\\/economie-des-conflits-parution-de-louvrage-la-conflictualite-armee-sous-la-direction-de-jean-belin\\\/\",\"url\":\"https:\\\/\\\/ecodef-ihedn.fr\\\/economie-des-conflits-parution-de-louvrage-la-conflictualite-armee-sous-la-direction-de-jean-belin\\\/\",\"name\":\"\u00c9conomie des conflits : parution de l'ouvrage \\\"La conflictualit\u00e9 arm\u00e9e\\\" sous la direction de Jean Belin - Chaire \u00c9conomie de d\u00e9fense - IHEDN\",\"isPartOf\":{\"@id\":\"https:\\\/\\\/ecodef-ihedn.fr\\\/#website\"},\"primaryImageOfPage\":{\"@id\":\"https:\\\/\\\/ecodef-ihedn.fr\\\/economie-des-conflits-parution-de-louvrage-la-conflictualite-armee-sous-la-direction-de-jean-belin\\\/#primaryimage\"},\"image\":{\"@id\":\"https:\\\/\\\/ecodef-ihedn.fr\\\/economie-des-conflits-parution-de-louvrage-la-conflictualite-armee-sous-la-direction-de-jean-belin\\\/#primaryimage\"},\"thumbnailUrl\":\"https:\\\/\\\/ecodef-ihedn.fr\\\/wp-content\\\/uploads\\\/2021\\\/11\\\/unnamed-e1636972862535.jpg\",\"datePublished\":\"2021-11-16T08:33:52+00:00\",\"dateModified\":\"2022-04-22T08:59:38+00:00\",\"description\":\"L'ouvrage intitul\u00e9 La conflictualit\u00e9 arm\u00e9e a \u00e9t\u00e9 r\u00e9alis\u00e9 sous la direction scientifique de Jean Belin, titulaire de la Chaire, S\u00e9bastien-Yves Laurent (professeur de science politique) et Anne-Marie Tournepiche (professeur de droit public) de l\u2019Universit\u00e9 de Bordeaux. Il est paru le 28 octobre dernier aux \u00e9ditions A. Pedone.\",\"breadcrumb\":{\"@id\":\"https:\\\/\\\/ecodef-ihedn.fr\\\/economie-des-conflits-parution-de-louvrage-la-conflictualite-armee-sous-la-direction-de-jean-belin\\\/#breadcrumb\"},\"inLanguage\":\"en-GB\",\"potentialAction\":[{\"@type\":\"ReadAction\",\"target\":[\"https:\\\/\\\/ecodef-ihedn.fr\\\/economie-des-conflits-parution-de-louvrage-la-conflictualite-armee-sous-la-direction-de-jean-belin\\\/\"]}]},{\"@type\":\"ImageObject\",\"inLanguage\":\"en-GB\",\"@id\":\"https:\\\/\\\/ecodef-ihedn.fr\\\/economie-des-conflits-parution-de-louvrage-la-conflictualite-armee-sous-la-direction-de-jean-belin\\\/#primaryimage\",\"url\":\"https:\\\/\\\/ecodef-ihedn.fr\\\/wp-content\\\/uploads\\\/2021\\\/11\\\/unnamed-e1636972862535.jpg\",\"contentUrl\":\"https:\\\/\\\/ecodef-ihedn.fr\\\/wp-content\\\/uploads\\\/2021\\\/11\\\/unnamed-e1636972862535.jpg\",\"width\":234,\"height\":175},{\"@type\":\"BreadcrumbList\",\"@id\":\"https:\\\/\\\/ecodef-ihedn.fr\\\/economie-des-conflits-parution-de-louvrage-la-conflictualite-armee-sous-la-direction-de-jean-belin\\\/#breadcrumb\",\"itemListElement\":[{\"@type\":\"ListItem\",\"position\":1,\"name\":\"Accueil\",\"item\":\"https:\\\/\\\/ecodef-ihedn.fr\\\/\"},{\"@type\":\"ListItem\",\"position\":2,\"name\":\"\u00c9conomie des conflits : parution de l&#8217;ouvrage &#8220;La conflictualit\u00e9 arm\u00e9e&#8221; sous la direction de Jean Belin\"}]},{\"@type\":\"WebSite\",\"@id\":\"https:\\\/\\\/ecodef-ihedn.fr\\\/#website\",\"url\":\"https:\\\/\\\/ecodef-ihedn.fr\\\/\",\"name\":\"Chaire \u00c9conomie de D\u00e9fense - IHEDN\",\"description\":\"Produire &amp; soutenir, f\u00e9d\u00e9rer &amp; diffuser, \u00eatre une interface\",\"publisher\":{\"@id\":\"https:\\\/\\\/ecodef-ihedn.fr\\\/#organization\"},\"potentialAction\":[{\"@type\":\"SearchAction\",\"target\":{\"@type\":\"EntryPoint\",\"urlTemplate\":\"https:\\\/\\\/ecodef-ihedn.fr\\\/?s={search_term_string}\"},\"query-input\":{\"@type\":\"PropertyValueSpecification\",\"valueRequired\":true,\"valueName\":\"search_term_string\"}}],\"inLanguage\":\"en-GB\"},{\"@type\":\"Organization\",\"@id\":\"https:\\\/\\\/ecodef-ihedn.fr\\\/#organization\",\"name\":\"Chaire \u00c9conomie de d\u00e9fense - IHEDN\",\"url\":\"https:\\\/\\\/ecodef-ihedn.fr\\\/\",\"logo\":{\"@type\":\"ImageObject\",\"inLanguage\":\"en-GB\",\"@id\":\"https:\\\/\\\/ecodef-ihedn.fr\\\/#\\\/schema\\\/logo\\\/image\\\/\",\"url\":\"https:\\\/\\\/ecodef-ihedn.fr\\\/wp-content\\\/uploads\\\/2020\\\/04\\\/logoEcodef9.jpg\",\"contentUrl\":\"https:\\\/\\\/ecodef-ihedn.fr\\\/wp-content\\\/uploads\\\/2020\\\/04\\\/logoEcodef9.jpg\",\"width\":410,\"height\":212,\"caption\":\"Chaire \u00c9conomie de d\u00e9fense - IHEDN\"},\"image\":{\"@id\":\"https:\\\/\\\/ecodef-ihedn.fr\\\/#\\\/schema\\\/logo\\\/image\\\/\"},\"sameAs\":[\"https:\\\/\\\/x.com\\\/Chaire_Ecodef\",\"https:\\\/\\\/www.linkedin.com\\\/company\\\/chaire-ecodef-ihedn\\\/\"]},{\"@type\":\"Person\",\"@id\":\"https:\\\/\\\/ecodef-ihedn.fr\\\/#\\\/schema\\\/person\\\/1cdf22d028cebe278126a6e07a884d30\",\"name\":\"Bertrand Demandre\",\"image\":{\"@type\":\"ImageObject\",\"inLanguage\":\"en-GB\",\"@id\":\"https:\\\/\\\/secure.gravatar.com\\\/avatar\\\/d9c9746d6c900ab5b9c0f9b1fa3932e369da923da247d624b8f7ab4ba8a3c093?s=96&d=mm&r=g\",\"url\":\"https:\\\/\\\/secure.gravatar.com\\\/avatar\\\/d9c9746d6c900ab5b9c0f9b1fa3932e369da923da247d624b8f7ab4ba8a3c093?s=96&d=mm&r=g\",\"contentUrl\":\"https:\\\/\\\/secure.gravatar.com\\\/avatar\\\/d9c9746d6c900ab5b9c0f9b1fa3932e369da923da247d624b8f7ab4ba8a3c093?s=96&d=mm&r=g\",\"caption\":\"Bertrand Demandre\"},\"url\":\"https:\\\/\\\/ecodef-ihedn.fr\\\/en\\\/author\\\/bertrand\\\/\"}]}<\/script>\n<!-- \/ Yoast SEO plugin. -->","yoast_head_json":{"title":"\u00c9conomie des conflits : parution de l'ouvrage \"La conflictualit\u00e9 arm\u00e9e\" sous la direction de Jean Belin - Chaire \u00c9conomie de d\u00e9fense - IHEDN","description":"L'ouvrage intitul\u00e9 La conflictualit\u00e9 arm\u00e9e a \u00e9t\u00e9 r\u00e9alis\u00e9 sous la direction scientifique de Jean Belin, titulaire de la Chaire, S\u00e9bastien-Yves Laurent (professeur de science politique) et Anne-Marie Tournepiche (professeur de droit public) de l\u2019Universit\u00e9 de Bordeaux. Il est paru le 28 octobre dernier aux \u00e9ditions A. Pedone.","robots":{"index":"index","follow":"follow","max-snippet":"max-snippet:-1","max-image-preview":"max-image-preview:large","max-video-preview":"max-video-preview:-1"},"canonical":"https:\/\/ecodef-ihedn.fr\/en\/economie-des-conflits-parution-de-louvrage-la-conflictualite-armee-sous-la-direction-de-jean-belin\/","og_locale":"en_GB","og_type":"article","og_title":"\u00c9conomie des conflits : parution de l'ouvrage \"La conflictualit\u00e9 arm\u00e9e\" sous la direction de Jean Belin - Chaire \u00c9conomie de d\u00e9fense - IHEDN","og_description":"L'ouvrage intitul\u00e9 La conflictualit\u00e9 arm\u00e9e a \u00e9t\u00e9 r\u00e9alis\u00e9 sous la direction scientifique de Jean Belin, titulaire de la Chaire, S\u00e9bastien-Yves Laurent (professeur de science politique) et Anne-Marie Tournepiche (professeur de droit public) de l\u2019Universit\u00e9 de Bordeaux. Il est paru le 28 octobre dernier aux \u00e9ditions A. Pedone.","og_url":"https:\/\/ecodef-ihedn.fr\/en\/economie-des-conflits-parution-de-louvrage-la-conflictualite-armee-sous-la-direction-de-jean-belin\/","og_site_name":"Chaire \u00c9conomie de d\u00e9fense - IHEDN","article_published_time":"2021-11-16T08:33:52+00:00","article_modified_time":"2022-04-22T08:59:38+00:00","og_image":[{"width":234,"height":175,"url":"https:\/\/ecodef-ihedn.fr\/wp-content\/uploads\/2021\/11\/unnamed-e1636972862535.jpg","type":"image\/jpeg"}],"author":"Bertrand Demandre","twitter_card":"summary_large_image","twitter_creator":"@Chaire_Ecodef","twitter_site":"@Chaire_Ecodef","twitter_misc":{"Written by":"Bertrand Demandre","Estimated reading time":"2 minutes"},"schema":{"@context":"https:\/\/schema.org","@graph":[{"@type":"Article","@id":"https:\/\/ecodef-ihedn.fr\/economie-des-conflits-parution-de-louvrage-la-conflictualite-armee-sous-la-direction-de-jean-belin\/#article","isPartOf":{"@id":"https:\/\/ecodef-ihedn.fr\/economie-des-conflits-parution-de-louvrage-la-conflictualite-armee-sous-la-direction-de-jean-belin\/"},"author":{"name":"Bertrand Demandre","@id":"https:\/\/ecodef-ihedn.fr\/#\/schema\/person\/1cdf22d028cebe278126a6e07a884d30"},"headline":"\u00c9conomie des conflits : parution de l&rsquo;ouvrage \u00ab\u00a0La conflictualit\u00e9 arm\u00e9e\u00a0\u00bb sous la direction de Jean Belin","datePublished":"2021-11-16T08:33:52+00:00","dateModified":"2022-04-22T08:59:38+00:00","mainEntityOfPage":{"@id":"https:\/\/ecodef-ihedn.fr\/economie-des-conflits-parution-de-louvrage-la-conflictualite-armee-sous-la-direction-de-jean-belin\/"},"wordCount":288,"commentCount":0,"publisher":{"@id":"https:\/\/ecodef-ihedn.fr\/#organization"},"image":{"@id":"https:\/\/ecodef-ihedn.fr\/economie-des-conflits-parution-de-louvrage-la-conflictualite-armee-sous-la-direction-de-jean-belin\/#primaryimage"},"thumbnailUrl":"https:\/\/ecodef-ihedn.fr\/wp-content\/uploads\/2021\/11\/unnamed-e1636972862535.jpg","keywords":["conf\u00e9rence","conflictualit\u00e9 arm\u00e9e","D\u00e9fense","ecodef","\u00e9conomie de d\u00e9fense","\u00e9conomie des conflits","IHEDN","Jean Belin","ouvrage","Publications"],"articleSection":["Publications","Th\u00e9matique 2 : d\u00e9terminants et impacts de la d\u00e9pense de d\u00e9fense"],"inLanguage":"en-GB","potentialAction":[{"@type":"CommentAction","name":"Comment","target":["https:\/\/ecodef-ihedn.fr\/economie-des-conflits-parution-de-louvrage-la-conflictualite-armee-sous-la-direction-de-jean-belin\/#respond"]}]},{"@type":"WebPage","@id":"https:\/\/ecodef-ihedn.fr\/economie-des-conflits-parution-de-louvrage-la-conflictualite-armee-sous-la-direction-de-jean-belin\/","url":"https:\/\/ecodef-ihedn.fr\/economie-des-conflits-parution-de-louvrage-la-conflictualite-armee-sous-la-direction-de-jean-belin\/","name":"\u00c9conomie des conflits : parution de l'ouvrage \"La conflictualit\u00e9 arm\u00e9e\" sous la direction de Jean Belin - Chaire \u00c9conomie de d\u00e9fense - IHEDN","isPartOf":{"@id":"https:\/\/ecodef-ihedn.fr\/#website"},"primaryImageOfPage":{"@id":"https:\/\/ecodef-ihedn.fr\/economie-des-conflits-parution-de-louvrage-la-conflictualite-armee-sous-la-direction-de-jean-belin\/#primaryimage"},"image":{"@id":"https:\/\/ecodef-ihedn.fr\/economie-des-conflits-parution-de-louvrage-la-conflictualite-armee-sous-la-direction-de-jean-belin\/#primaryimage"},"thumbnailUrl":"https:\/\/ecodef-ihedn.fr\/wp-content\/uploads\/2021\/11\/unnamed-e1636972862535.jpg","datePublished":"2021-11-16T08:33:52+00:00","dateModified":"2022-04-22T08:59:38+00:00","description":"L'ouvrage intitul\u00e9 La conflictualit\u00e9 arm\u00e9e a \u00e9t\u00e9 r\u00e9alis\u00e9 sous la direction scientifique de Jean Belin, titulaire de la Chaire, S\u00e9bastien-Yves Laurent (professeur de science politique) et Anne-Marie Tournepiche (professeur de droit public) de l\u2019Universit\u00e9 de Bordeaux. Il est paru le 28 octobre dernier aux \u00e9ditions A. Pedone.","breadcrumb":{"@id":"https:\/\/ecodef-ihedn.fr\/economie-des-conflits-parution-de-louvrage-la-conflictualite-armee-sous-la-direction-de-jean-belin\/#breadcrumb"},"inLanguage":"en-GB","potentialAction":[{"@type":"ReadAction","target":["https:\/\/ecodef-ihedn.fr\/economie-des-conflits-parution-de-louvrage-la-conflictualite-armee-sous-la-direction-de-jean-belin\/"]}]},{"@type":"ImageObject","inLanguage":"en-GB","@id":"https:\/\/ecodef-ihedn.fr\/economie-des-conflits-parution-de-louvrage-la-conflictualite-armee-sous-la-direction-de-jean-belin\/#primaryimage","url":"https:\/\/ecodef-ihedn.fr\/wp-content\/uploads\/2021\/11\/unnamed-e1636972862535.jpg","contentUrl":"https:\/\/ecodef-ihedn.fr\/wp-content\/uploads\/2021\/11\/unnamed-e1636972862535.jpg","width":234,"height":175},{"@type":"BreadcrumbList","@id":"https:\/\/ecodef-ihedn.fr\/economie-des-conflits-parution-de-louvrage-la-conflictualite-armee-sous-la-direction-de-jean-belin\/#breadcrumb","itemListElement":[{"@type":"ListItem","position":1,"name":"Accueil","item":"https:\/\/ecodef-ihedn.fr\/"},{"@type":"ListItem","position":2,"name":"\u00c9conomie des conflits : parution de l&#8217;ouvrage &#8220;La conflictualit\u00e9 arm\u00e9e&#8221; sous la direction de Jean Belin"}]},{"@type":"WebSite","@id":"https:\/\/ecodef-ihedn.fr\/#website","url":"https:\/\/ecodef-ihedn.fr\/","name":"Chair in Defence Economics - IHEDN","description":"Produce &amp; support, federate &amp; disseminate, act as an interface","publisher":{"@id":"https:\/\/ecodef-ihedn.fr\/#organization"},"potentialAction":[{"@type":"SearchAction","target":{"@type":"EntryPoint","urlTemplate":"https:\/\/ecodef-ihedn.fr\/?s={search_term_string}"},"query-input":{"@type":"PropertyValueSpecification","valueRequired":true,"valueName":"search_term_string"}}],"inLanguage":"en-GB"},{"@type":"Organization","@id":"https:\/\/ecodef-ihedn.fr\/#organization","name":"Chair in Defence Economics - IHEDN","url":"https:\/\/ecodef-ihedn.fr\/","logo":{"@type":"ImageObject","inLanguage":"en-GB","@id":"https:\/\/ecodef-ihedn.fr\/#\/schema\/logo\/image\/","url":"https:\/\/ecodef-ihedn.fr\/wp-content\/uploads\/2020\/04\/logoEcodef9.jpg","contentUrl":"https:\/\/ecodef-ihedn.fr\/wp-content\/uploads\/2020\/04\/logoEcodef9.jpg","width":410,"height":212,"caption":"Chaire \u00c9conomie de d\u00e9fense - IHEDN"},"image":{"@id":"https:\/\/ecodef-ihedn.fr\/#\/schema\/logo\/image\/"},"sameAs":["https:\/\/x.com\/Chaire_Ecodef","https:\/\/www.linkedin.com\/company\/chaire-ecodef-ihedn\/"]},{"@type":"Person","@id":"https:\/\/ecodef-ihedn.fr\/#\/schema\/person\/1cdf22d028cebe278126a6e07a884d30","name":"Bertrand Demandre","image":{"@type":"ImageObject","inLanguage":"en-GB","@id":"https:\/\/secure.gravatar.com\/avatar\/d9c9746d6c900ab5b9c0f9b1fa3932e369da923da247d624b8f7ab4ba8a3c093?s=96&d=mm&r=g","url":"https:\/\/secure.gravatar.com\/avatar\/d9c9746d6c900ab5b9c0f9b1fa3932e369da923da247d624b8f7ab4ba8a3c093?s=96&d=mm&r=g","contentUrl":"https:\/\/secure.gravatar.com\/avatar\/d9c9746d6c900ab5b9c0f9b1fa3932e369da923da247d624b8f7ab4ba8a3c093?s=96&d=mm&r=g","caption":"Bertrand Demandre"},"url":"https:\/\/ecodef-ihedn.fr\/en\/author\/bertrand\/"}]}},"_links":{"self":[{"href":"https:\/\/ecodef-ihedn.fr\/en\/wp-json\/wp\/v2\/posts\/3991","targetHints":{"allow":["GET"]}}],"collection":[{"href":"https:\/\/ecodef-ihedn.fr\/en\/wp-json\/wp\/v2\/posts"}],"about":[{"href":"https:\/\/ecodef-ihedn.fr\/en\/wp-json\/wp\/v2\/types\/post"}],"author":[{"embeddable":true,"href":"https:\/\/ecodef-ihedn.fr\/en\/wp-json\/wp\/v2\/users\/2"}],"replies":[{"embeddable":true,"href":"https:\/\/ecodef-ihedn.fr\/en\/wp-json\/wp\/v2\/comments?post=3991"}],"version-history":[{"count":4,"href":"https:\/\/ecodef-ihedn.fr\/en\/wp-json\/wp\/v2\/posts\/3991\/revisions"}],"predecessor-version":[{"id":4641,"href":"https:\/\/ecodef-ihedn.fr\/en\/wp-json\/wp\/v2\/posts\/3991\/revisions\/4641"}],"wp:featuredmedia":[{"embeddable":true,"href":"https:\/\/ecodef-ihedn.fr\/en\/wp-json\/wp\/v2\/media\/3993"}],"wp:attachment":[{"href":"https:\/\/ecodef-ihedn.fr\/en\/wp-json\/wp\/v2\/media?parent=3991"}],"wp:term":[{"taxonomy":"category","embeddable":true,"href":"https:\/\/ecodef-ihedn.fr\/en\/wp-json\/wp\/v2\/categories?post=3991"},{"taxonomy":"post_tag","embeddable":true,"href":"https:\/\/ecodef-ihedn.fr\/en\/wp-json\/wp\/v2\/tags?post=3991"}],"curies":[{"name":"wp","href":"https:\/\/api.w.org\/{rel}","templated":true}]}}