{"id":4021,"date":"2021-11-16T14:00:00","date_gmt":"2021-11-16T14:00:00","guid":{"rendered":"https:\/\/ecodef-ihedn.fr\/?p=4021"},"modified":"2023-04-03T10:45:19","modified_gmt":"2023-04-03T10:45:19","slug":"synthese-du-webinaire-le-financement-des-entreprises-de-defense-les-entretiens-de-lecodef-2-le-13-octobre-2021","status":"publish","type":"post","link":"https:\/\/ecodef-ihedn.fr\/en\/synthese-du-webinaire-le-financement-des-entreprises-de-defense-les-entretiens-de-lecodef-2-le-13-octobre-2021\/","title":{"rendered":"[SYNTH\u00c8SE] webinaire \u00ab\u00a0Le financement des entreprises de d\u00e9fense\u00a0\u00bb (Les entretiens de l\u2019ECODEF #2 \/ le 13 octobre 2021)"},"content":{"rendered":"\n<p><strong>La Chaire vous propose une synth\u00e8se du deuxi\u00e8me num\u00e9ro de la s\u00e9rie de webinaires \u201cLes entretiens de l\u2019ECODEF\u201d, qui a eu pour th\u00e8me le financement des entreprises de d\u00e9fense. <\/strong><\/p>\n\n\n<div class=\"wp-block-image\">\n<figure class=\"aligncenter size-large is-resized\"><img loading=\"lazy\" decoding=\"async\" src=\"https:\/\/ecodef-ihedn.fr\/wp-content\/uploads\/2021\/10\/Webinaire-Financement-illustration-1024x597.jpeg\" alt=\"\" class=\"wp-image-3853\" width=\"512\" height=\"299\" srcset=\"https:\/\/ecodef-ihedn.fr\/wp-content\/uploads\/2021\/10\/Webinaire-Financement-illustration-1024x597.jpeg 1024w, https:\/\/ecodef-ihedn.fr\/wp-content\/uploads\/2021\/10\/Webinaire-Financement-illustration-300x175.jpeg 300w, https:\/\/ecodef-ihedn.fr\/wp-content\/uploads\/2021\/10\/Webinaire-Financement-illustration-768x448.jpeg 768w, https:\/\/ecodef-ihedn.fr\/wp-content\/uploads\/2021\/10\/Webinaire-Financement-illustration-1536x895.jpeg 1536w, https:\/\/ecodef-ihedn.fr\/wp-content\/uploads\/2021\/10\/Webinaire-Financement-illustration-696x406.jpeg 696w, https:\/\/ecodef-ihedn.fr\/wp-content\/uploads\/2021\/10\/Webinaire-Financement-illustration-1392x811.jpeg 1392w, https:\/\/ecodef-ihedn.fr\/wp-content\/uploads\/2021\/10\/Webinaire-Financement-illustration-1068x623.jpeg 1068w, https:\/\/ecodef-ihedn.fr\/wp-content\/uploads\/2021\/10\/Webinaire-Financement-illustration-720x420.jpeg 720w, https:\/\/ecodef-ihedn.fr\/wp-content\/uploads\/2021\/10\/Webinaire-Financement-illustration-1441x840.jpeg 1441w, https:\/\/ecodef-ihedn.fr\/wp-content\/uploads\/2021\/10\/Webinaire-Financement-illustration.jpeg 1820w\" sizes=\"auto, (max-width: 512px) 100vw, 512px\" \/><\/figure>\n<\/div>\n\n\n<p>Afin de permettre \u00e0 son public de mieux appr\u00e9hender les enjeux \u00e9conomiques des activit\u00e9s de d\u00e9fense, la Chaire organise r\u00e9guli\u00e8rement des webinaires&nbsp;: <a href=\"https:\/\/ecodef-ihedn.fr\/video-webinaire-investissements-de-defense-quelle-contribution-face-aux-enjeux-economiques-actuels-les-entretiens-de-lecodef-7-juillet-2021\/\" target=\"_blank\" rel=\"noreferrer noopener\">\u00ab\u00a0Les entretiens de l\u2019ECODEF\u00a0\u00bb<\/a>. Ces webinaires permettent de pr\u00e9senter sous forme d\u2019entretien les r\u00e9sultats des travaux de la Chaire ainsi qu\u2019un t\u00e9moignage d\u2019un \u00ab\u00a0praticien\u00a0\u00bb reconnu sur le th\u00e8me trait\u00e9.<\/p>\n\n\n\n<p>Cette pr\u00e9sente note synth\u00e9tise les principaux enseignements du deuxi\u00e8me num\u00e9ro intitul\u00e9&nbsp;<a href=\"https:\/\/ecodef-ihedn.fr\/les-entretiens-de-lecodef-la-chaire-lance-sa-serie-de-webinaires-le-7-juillet-2021-avec-le-theme-de-linvestissement-de-defense\/\" target=\"_blank\" rel=\"noreferrer noopener\">\u00ab\u00a0Le financement des entreprises de d\u00e9fense\u00a0\u00bb<\/a>,&nbsp;qui a eu lieu le mercredi 13 octobre, de 8h30 \u00e0 9h30, ainsi que les r\u00e9ponses fournies aux questions les plus pertinentes adress\u00e9es lors de ce webinaire.&nbsp;Anim\u00e9 par <strong>Olivier Martin<\/strong>&nbsp;(Pr\u00e9sident du Comit\u00e9 de pilotage de la Chaire \u00c9conomie de d\u00e9fense \u2013 IHEDN), ce num\u00e9ro a re\u00e7u <strong>Jean Belin<\/strong> (Titulaire de la Chaire \u00c9conomie de d\u00e9fense &#8211; IHEDN) et <strong>Victor Raffour <\/strong>(<a href=\"https:\/\/www.arquus-defense.com\/fr\" target=\"_blank\" rel=\"noreferrer noopener\">Arquus<\/a>)<strong>.<\/strong><\/p>\n\n\n\n<p>Les entreprises doivent financer leurs investissements, leurs activit\u00e9s d\u2019innovation et de R&amp;D, ainsi que leur cycle de production. Plusieurs rapports parlementaires ont mis en avant des difficult\u00e9s de financement croissantes pour les entreprises de d\u00e9fense. Ce webinaire permet de faire un bilan des travaux de la Chaire sur ce sujet et de discuter des difficult\u00e9s croissantes de financement dans ce domaine.<\/p>\n\n\n\n<p><strong>Q.&nbsp;: &nbsp; Quels sont les r\u00e9sultats actuels de la recherche \u00e9conomique en ce qui concerne le financement des entreprises et des entreprises de d\u00e9fense&nbsp;?<\/strong><\/p>\n\n\n\n<p><strong>JB&nbsp;:&nbsp; La litt\u00e9rature \u00e9conomique <\/strong>sur le financement des entreprises s\u2019est fortement d\u00e9velopp\u00e9e ces derni\u00e8res ann\u00e9es et <strong>a permis de faire ressortir plusieurs r\u00e9sultats<\/strong>&nbsp;int\u00e9ressants :<\/p>\n\n\n\n<p>De fa\u00e7on g\u00e9n\u00e9rale, le co\u00fbt et l\u2019acc\u00e8s aux financements d\u00e9pend des caract\u00e9ristiques du secteur, de l\u2019entreprise et du projet. Certaines entreprises peuvent \u00eatre contraintes financi\u00e8rement, c\u2019est-\u00e0-dire qu\u2019elles ne re\u00e7oivent pas le financement voulu ou \u00e0 des conditions tr\u00e8s contraignantes. Ainsi, certaines entreprises (PME, entreprises jeunes, innovantes ou intensives en R&amp;D) ou certaines activit\u00e9s (R&amp;D, exportations) sont plus fortement affect\u00e9es par ces contraintes financi\u00e8res, pouvant alors entra\u00eener des cons\u00e9quences importantes sur les choix effectu\u00e9s par les entreprises et leur performance.<\/p>\n\n\n\n<p><strong>Dans la d\u00e9fense<\/strong>, nous avons assist\u00e9 \u00e0 un changement des modes de financement depuis la fin des ann\u00e9es 80. <strong>Le recours au financement priv\u00e9 dans le secteur de la d\u00e9fense s&rsquo;est d\u00e9velopp\u00e9 et l\u2019influence des march\u00e9s financiers s\u2019est intensifi\u00e9e <\/strong>(Belin, Malizard et Masson 2019)<a href=\"#_ftn1\">[1]<\/a><strong>.<\/strong> On peut par exemple citer la privatisation en 1998 de Thomson-CSF, (aujourd\u2019hui Thales). En 1998, l\u2019Etat d\u00e9tenait apr\u00e8s la privatisation 42,9% du capital. Cette part est maintenant de 25,68%. De m\u00eame SAFRAN est cr\u00e9\u00e9 en 2005 avec le rapprochement de SAGEM et SNECMA (privatis\u00e9 en juin 2004). L\u2019\u00c9tat est toujours le premier actionnaire mais ne d\u00e9tient plus aujourd\u2019hui que 11,2% du capital.<\/p>\n\n\n\n<p><strong>Nous avons \u00e9galement montr\u00e9 que l\u2019activit\u00e9 d\u00e9fense g\u00e9n\u00e8re des besoins de financement importants pour les entreprises avec <\/strong><strong>des investissements en R&amp;D cons\u00e9quents<a href=\"#_ftn2\"><strong>[2]<\/strong><\/a>, un personnel plus qualifi\u00e9 (notamment des chercheurs)<a href=\"#_ftn3\"><strong>[3]<\/strong><\/a> et un cycle de production souvent plus long<a href=\"#_ftn4\"><strong>[4]<\/strong><\/a>.<\/strong><\/p>\n\n\n\n<p>&#8211;&nbsp;&nbsp; L\u2019activit\u00e9 d\u00e9fense peut \u00eatre plus difficile \u00e0 financer en raison <strong>des caract\u00e9ristiques particuli\u00e8res en termes de risque et rentabilit\u00e9<\/strong>. Ainsi, les projets de R&amp;D am\u00e9liorent la performance<a href=\"#_ftn5\">[5]<\/a> des entreprises mais sont plus difficiles \u00e0 financer \u00e0 cause de leurs caract\u00e9ristiques marqu\u00e9es en termes de risque<a href=\"#_ftn6\">[6]<\/a> et de dur\u00e9e. &nbsp; &nbsp;<\/p>\n\n\n\n<p><strong>&#8211;&nbsp;&nbsp; <\/strong>Le financement par le march\u00e9 financier a favoris\u00e9 le d\u00e9veloppement des <strong>financements \u00e9trangers en Europe<\/strong>. A partir d\u2019une analyse statistique des liens capitalistiques des grandes entreprises de d\u00e9fense europ\u00e9ennes et am\u00e9ricaines (Belin, Masson, Fawaz 2018), nous avons ainsi montr\u00e9 que le lien national, au niveau des actionnaires, est fort pour la Su\u00e8de (84,1%), l\u2019Espagne (78,2%) et la France (<strong>63,4%<\/strong>) mais plus r\u00e9duit pour l\u2019Allemagne (<strong>45,5%<\/strong>) et l\u2019Italie (<strong>38,4%<\/strong>) et particuli\u00e8rement faible pour le Royaume-Uni (<strong>9,7%<\/strong>)<a href=\"#_ftn7\">[7]<\/a>.<\/p>\n\n\n\n<p>&nbsp;&nbsp;&nbsp;&nbsp; D\u2019autre part, nous constatons une forte asym\u00e9trie entre l\u2019Europe et les USA au niveau du capital des entreprises de d\u00e9fense&nbsp;: pr\u00e9sence directe plus importante d\u2019entreprises am\u00e9ricaines (GD, Sikorsky, Raytheon &#8230;) ou de fonds d\u2019investissement am\u00e9ricains<a href=\"#_ftn8\">[8]<\/a> au sein du capital d\u2019entreprises de d\u00e9fense europ\u00e9ennes. Ainsi, \u00e0 partir des donn\u00e9es disponibles, nous avons montr\u00e9 que l\u2019actionnariat am\u00e9ricain figure en deuxi\u00e8me place en Espagne (7,5%), en Italie (5,9%), au Royaume-Uni (5%) et en France (4%). En Allemagne, il se situe en troisi\u00e8me position derri\u00e8re l\u2019actionnariat national et britannique. A contrario, les entreprises de d\u00e9fense am\u00e9ricaines de notre panel comptent une pr\u00e9sence tr\u00e8s faible d\u2019actionnaires ressortissants des \u00c9tats europ\u00e9ens \u00e9tudi\u00e9s (entre 0,1 et 2%). La situation est clairement asym\u00e9trique.<\/p>\n\n\n\n<p><strong>Q.&nbsp;: &nbsp; En tant qu\u2019op\u00e9rationnel du secteur, pouvez-vous nous rappeler la nature des besoins de financement des entreprises de d\u00e9fense ?<\/strong><\/p>\n\n\n\n<p><strong>VR&nbsp;: <\/strong>Qu\u2019elle soit petite ou grande, publique, priv\u00e9e, multinationale ou coop\u00e9rative, start\u2011up ou agissant dans un secteur traditionnel, une entreprise est comme tous les projets : elle doit \u00eatre financ\u00e9e. Les financements et la strat\u00e9gie de l\u2019entreprise sont li\u00e9s car en fonction des besoins et de la strat\u00e9gie d\u00e9finie les m\u00e9thodes de financement doivent \u00eatre adapt\u00e9es.<\/p>\n\n\n\n<p>L\u2019ensemble des besoins peut se caract\u00e9riser en 2 grandes familles :<\/p>\n\n\n\n<ul class=\"wp-block-list\"><li><strong>Les besoins li\u00e9s au cycle d\u2019exploitation<\/strong> (le besoin en fonds de roulement). Il faut ici financer l\u2019activit\u00e9 normale de l\u2019entreprise, de l\u2019achat de marchandises ou mati\u00e8res premi\u00e8res, et les diff\u00e9r\u00e9s de r\u00e8glements du client (en particulier pour l\u2019export). C\u2019est en g\u00e9n\u00e9ral un cycle court et r\u00e9gulier mais pas dans le secteur de la d\u00e9fense.<\/li><li>L<strong>es besoins li\u00e9s au cycle des Investissements<\/strong>. Il faut ici financer l\u2019acquisition d\u2019un bien mat\u00e9riel (machine, v\u00e9hicule\u2026), immat\u00e9riel (innovation, brevet, logiciel\u2026) ou financier (participation\u2026) dans le but d\u2019en retirer un profit futur.<\/li><\/ul>\n\n\n\n<p>Dans le secteur de la d\u00e9fense, il y a un fort risque de ne pas en tirer de profit futur, et le retour sur investissement peut se faire dans 10, 20 voire 30 ans. De plus, face aux difficult\u00e9s de financement, des outils du financement du cycle d\u2019exploitation sont tr\u00e8s souvent utilis\u00e9s pour financer de fait des cycles d\u2019investissements, ce qui pose des probl\u00e8mes sp\u00e9cifiques pour les TPE \/PME souvent sous-capitalis\u00e9es.<\/p>\n\n\n\n<p><strong>Q.&nbsp;: &nbsp; Quels sont les diff\u00e9rents modes de financement pour les entreprises de d\u00e9fense&nbsp;?<\/strong><\/p>\n\n\n\n<p><strong>JB&nbsp;:&nbsp; <\/strong>Comme l\u2019a rappel\u00e9 Victor, une entreprise, civile ou d\u00e9fense, peut utiliser plusieurs sources de financement&nbsp;: l\u2019autofinancement d\u00e9gag\u00e9e par son activit\u00e9, le recours aux financements ext\u00e9rieurs priv\u00e9s (par dettes CT, LT ou capitaux propres) et le financement public.<\/p>\n\n\n\n<p>En raison des caract\u00e9ristiques du march\u00e9 et des entreprises, les entreprises de d\u00e9fense ont moins souvent recours aux financements ext\u00e9rieurs priv\u00e9s que les entreprises civiles. <strong>Elles ont ainsi une structure financi\u00e8re sp\u00e9cifique avec des apporteurs de capitaux structurellement moins pr\u00e9sents<a href=\"#_ftn9\"><strong>[9]<\/strong><\/a>. <\/strong>Les entreprises de d\u00e9fense ont alors recours davantage \u00e0 l\u2019autofinancement ou aux financements publics<a href=\"#_ftn10\">[10]<\/a>.&nbsp;<\/p>\n\n\n\n<p><strong>L\u2019autofinancement<\/strong> d\u00e9pend directement de l\u2019activit\u00e9 et des performances des entreprises sur le territoire national mais aussi \u00e0 l\u2019exportation. Olivier Martin pr\u00e9cise que <strong>le niveau d\u2019autofinancement dans la d\u00e9fense est tr\u00e8s li\u00e9 \u00e0 l\u2019activit\u00e9 export<\/strong>, tant au niveau des marges qu\u2019elle peut procurer que des perspectives de march\u00e9s additionnels. Ainsi, plus le besoin national se rapprochera du besoin export, plus l\u2019industriel peut \u00eatre enclin \u00e0 autofinancer une partie des frais de son d\u00e9veloppement.<\/p>\n\n\n\n<p>Les entreprises de d\u00e9fense ont \u00e9galement recours aux <strong>financements publics nationaux ou europ\u00e9ens<\/strong>. L\u2019AID finance les entreprises de d\u00e9fense via des Projets de Technologies de D\u00e9fense (anciennement programmes d\u2019\u00e9tudes amont), des financements Rapid ou Astrid ou plus r\u00e9cemment via la cr\u00e9ation du Fonds Innovation D\u00e9fense<a href=\"#_ftn11\">[11]<\/a>. Au niveau europ\u00e9en, le lancement du Fonds europ\u00e9en de la d\u00e9fense (FED) permettra le financement de l&rsquo;UE en faveur de projets collaboratifs de recherche et de d\u00e9veloppement dans le domaine de la d\u00e9fense. Malgr\u00e9 les difficult\u00e9s li\u00e9es \u00e0 sa concr\u00e9tisation, le FED a \u00e9t\u00e9 finalement approuv\u00e9 \u00e0 hauteur de 7,9 milliards d\u2019euros sur la p\u00e9riode 2021-2027. Olivier Martin souligne qu\u2019il s\u2019agit d\u2019une somme finalement importante dont nous n\u2019en avons pas toujours conscience&nbsp;: en effet, les statistiques produites par l\u2019Agence Europ\u00e9enne de D\u00e9fense, m\u00eame si elles ont des limites m\u00e9thodologiques, montrent que le financement annuel du Fonds Europ\u00e9en de D\u00e9fense repr\u00e9sente environ 10% des budgets de R&amp;D d\u00e9fense tels qu\u2019enregistr\u00e9s par l\u2019AED<a href=\"#_ftn12\">[12]<\/a>.<\/p>\n\n\n\n<p><strong>Q.&nbsp;: &nbsp; Les budgets de la d\u00e9fense sont depuis quelques ann\u00e9es en hausse en France et en Europe. Or, on parle de plus en plus de difficult\u00e9s en mati\u00e8re de financement dans la d\u00e9fense. Quels sont donc aujourd\u2019hui les principaux risques qui p\u00e8sent dans ce domaine ?<\/strong><\/p>\n\n\n\n<p><strong>VR&nbsp;: <\/strong>Les industriels du secteur de la d\u00e9fense font aujourd\u2019hui le constat d\u2019une forte contraction des financements des banques fran\u00e7aises vers l\u2019industrie de d\u00e9fense, en particulier les PME\/ETI, pour des raisons de risque d\u2019image, d\u2019over compliance, de nouvelles normes (taxonomie), mais \u00e9galement pour des raisons propres \u00e0 la BITD avec un probl\u00e8me de sous-capitalisation des entreprises du secteur (notamment les PME) mais \u00e9galement une demande de fait de mise en conformit\u00e9 des PME avec de nouvelles normes, auxquelles elles ne sont pas r\u00e9ellement soumises (ex.&nbsp;: SAPIN 2).<\/p>\n\n\n\n<p>Le dialogue est en cours pour trouver des solutions qui permettront aux banques et \u00e0 la BITD de trouver les bonnes solutions. La mission \u00ab\u00a0flash\u00a0\u00bb sur le financement de l\u2019industrie de d\u00e9fense a ainsi fait des propositions tr\u00e8s pertinentes telles que&nbsp;:<\/p>\n\n\n\n<ul class=\"wp-block-list\"><li>la transparence du c\u00f4t\u00e9 des \u00e9tablissements bancaires qui devraient ainsi donner les raisons de leurs refus de financement et conforter dans la gestion des informations sensibles transmises.<\/li><li>les d\u00e9lais de d\u00e9cision \u00e0 r\u00e9duire car, dans des march\u00e9s tr\u00e8s concurrentiels \u00e0 l\u2019export, les modalit\u00e9s financi\u00e8res ne doivent pas bloquer les offres.<\/li><li>la confiance entre les acteurs, les industriels de la d\u00e9fense \u00e9tant des entreprises responsables, \u00e9galement expos\u00e9s au risque d\u2019image et respectant les accords internationaux, les normes europ\u00e9ennes et les lois nationales.<\/li><\/ul>\n\n\n\n<p><strong><br><\/strong><\/p>\n\n\n\n<p><strong><u>Questions \/ R\u00e9ponses des participants aux webinaires<\/u><\/strong><\/p>\n\n\n\n<p><strong><em>Q.&nbsp;: &nbsp; Pensez-vous que les banques fran\u00e7aises ont conscience de ces difficult\u00e9s pour financer les entreprises de d\u00e9fense&nbsp;?<\/em><\/strong><\/p>\n\n\n\n<p><strong>VR&nbsp;: <\/strong>Il n\u2019y a pas de statistique sur les refus et ils sont souvent non document\u00e9s mais il faut trouver des solutions. Des financements sont refus\u00e9s pour des risques d\u2019image mais il faut faire comprendre \u00e0 nos financeurs que nous aussi supportons ce risque d\u2019image et que nous le prenons en compte dans nos d\u00e9cisions. Il faut donc que les industriels communiquent davantage sur leurs pratiques.<\/p>\n\n\n\n<p><strong><em>Q.&nbsp;: &nbsp; O\u00f9 en est-on de la taxonomie au niveau europ\u00e9en&nbsp;?<\/em><\/strong><\/p>\n\n\n\n<p><strong>R.&nbsp;:&nbsp;&nbsp; <\/strong>C\u2019est une question toujours en discussion \u00e0 Bruxelles. L\u2019Europe doit prendre en compte l\u2019importance du besoin de s\u00e9curit\u00e9 et de l\u2019industrie de d\u00e9fense associ\u00e9e. Ce serait finalement tr\u00e8s paradoxal de de voir l\u2019UE financer la d\u00e9fense via le FED et mettre en place des r\u00e8gles contraires via la taxonomie.<\/p>\n\n\n\n<p><strong><em>Q.&nbsp;: &nbsp; Les assurances ont-elles la m\u00eame aversion que les banques&nbsp;?<\/em><\/strong><\/p>\n\n\n\n<p><strong>VR&nbsp;: <\/strong>Aujourd\u2019hui nous avons un fort soutien \u00e0 l\u2019exportation de BPI et beaucoup d\u2019assureurs, principalement anglo-saxons, accompagnent r\u00e9guli\u00e8rement l\u2019industrie de d\u00e9fense. Ces assureurs ne posent pas plus de probl\u00e8mes qu\u2019auparavant.<\/p>\n\n\n\n<p><strong><em>Q.&nbsp;: &nbsp; On ne parle jamais des financements des start-ups&nbsp;?<\/em><\/strong><\/p>\n\n\n\n<p><strong>VR&nbsp;: <\/strong>Le probl\u00e8me de financement des start-ups se retrouve \u00e9galement dans le civil. Il n\u2019y avait presque pas de financement des start-up dans les ann\u00e9es 2000. Il y a eu un d\u00e9veloppement r\u00e9cemment des financements \u00e0 destination de ces entreprises mais il manque toujours des volumes de financement qui sont beaucoup plus faibles qu\u2019aux Etats-Unis. Il nous manque aussi des business Angels qui am\u00e8nent des financements mais aussi une connaissance du secteur. Le financement par la dette ou par le secteur bancaire n\u2019est pas tr\u00e8s adapt\u00e9 (des entreprises jeunes, petites ayant peu de garantie et avec beaucoup d\u2019investissements immat\u00e9riels). Ces entreprises vont surtout se financer par capitaux propres (actions). Nous avons en France des financements disponibles pour les premi\u00e8res \u00e9tapes du d\u00e9veloppement de ces entreprises mais il manque des financements pour les derni\u00e8res \u00e9tapes qui aboutissent \u00e0 la mise sur le march\u00e9 du produit. A titre d\u2019illustration, sur les 16 startup qui ont lev\u00e9 plus de 100 millions d\u2019euros cette ann\u00e9e, une seule avait un chef de file des investisseurs qui \u00e9tait fran\u00e7ais. Ce sont principalement les fonds \u00e9trangers qui pilotent ces success-story.<\/p>\n\n\n\n<p><strong><em>Q.&nbsp;: &nbsp; Le fait d\u2019avoir un actionnariat \u00e9tranger, notamment am\u00e9ricain en Europe, n\u2019introduit-il pas un risque de \u00ab\u00a0vassalit\u00e9\u00a0\u00bb vis-\u00e0-vis des EU&nbsp;?<\/em><\/strong><\/p>\n\n\n\n<p><strong>JB&nbsp;:&nbsp; <\/strong>Le financier a des droits, l\u2019actionnaire est ainsi propri\u00e9taire, il a droit aux informations et \u00e0 participer \u00e0 la prise de d\u00e9cision. N\u00e9anmoins, dans le cas de la d\u00e9fense, il existe un cadre juridique sp\u00e9cifique pouvant pr\u00e9venir ce risque&nbsp;: la propri\u00e9t\u00e9 et le contr\u00f4le ne sont ici pas \u00e9quivalents.<\/p>\n\n\n\n<p><strong><em>Q.&nbsp;: &nbsp; La d\u00e9fense \u00e9marge-t-elle au plan 2030 pr\u00e9sent\u00e9 par le Pr\u00e9sident de la R\u00e9publique&nbsp;?<\/em><\/strong><\/p>\n\n\n\n<p><strong>JB&nbsp;:&nbsp; <\/strong>Pas directement, mais le plan Relance 2030 concerne un ensemble de technologies qui auront certainement des retomb\u00e9es dans le secteur d\u00e9fense (a\u00e9ronautique, nucl\u00e9aire\u2026). Ainsi,<strong> <\/strong>concernant le domaine terrestre, les innovations li\u00e9es \u00e0 la transition \u00e9nerg\u00e9tique nous int\u00e9ressent et nous participons \u00e0 ces recherches.<\/p>\n\n\n\n<p><strong><em>Q.&nbsp;: &nbsp; Les technologies duales sont-elles en majorit\u00e9 financ\u00e9es par la d\u00e9fense&nbsp;?<\/em><\/strong><\/p>\n\n\n\n<p><strong>JB&nbsp;:&nbsp; <\/strong>Aujourd\u2019hui, il y a beaucoup plus d\u2019argent en dehors du secteur de la d\u00e9fense que dans le secteur d\u00e9fense et chacun apporte son domaine d\u2019expertise (par exemple la d\u00e9fense apporte souvent la robustesse, la gestion des obsolescences\u2026).<\/p>\n\n\n\n<p>La recherche civile est devenue importante et les entreprises de d\u00e9fense se sont repositionn\u00e9es. Elles sont pr\u00e9sentes aux deux extr\u00e9mit\u00e9s du processus de recherche (recherche fondamentale dans les domaines non couverts par le secteur civil et d\u00e9veloppement de nouveaux produits).<\/p>\n\n\n\n<p><strong><em>Q.&nbsp;: &nbsp; Vu la taille des consortiums au niveau europ\u00e9en et le remboursement aux co\u00fbts \u00e9ligibles, les financements du FED seront-ils efficaces&nbsp;?<\/em><\/strong><\/p>\n\n\n\n<p><strong>VR&nbsp;: <\/strong>Dans le civil au niveau europ\u00e9en, la pratique de larges consortiums existe d\u00e9j\u00e0. Il y a un arbitrage \u00e0 avoir entre les b\u00e9n\u00e9fices de la collaboration, qui augmente la probabilit\u00e9 d\u2019innover et ses d\u00e9savantages, en termes de coordination et d\u2019efficacit\u00e9. Chez Arquus, nous croyons beaucoup aux consortiums et aux partenariats, nous n\u2019avons plus les moyens de financer et de d\u00e9velopper seul certains produits. Maintenant, sur les remboursements, nous avons effectivement une crainte qu\u2019une partie des co\u00fbts ne soit pas rembours\u00e9e. Il y a aussi un arbitrage \u00e0 avoir sur ce financement public car il peut poser des probl\u00e8mes de propri\u00e9t\u00e9 intellectuelle.<\/p>\n\n\n\n<p><strong>OM&nbsp;: <\/strong>Les consortiums sont utiles et n\u00e9cessaires pour le succ\u00e8s du FED, mais il faut \u00e9viter que les r\u00e8gles de financement conduisent&nbsp; \u00e0 un saupoudrage \u00e9quilibr\u00e9 entre de nombreux industriels au d\u00e9triment des objectifs majeurs de d\u00e9veloppement de nouvelles capacit\u00e9s op\u00e9rationnelles performantes r\u00e9pondant aux besoins de l\u2019UE et de cr\u00e9ation de &nbsp;champions europ\u00e9ens dans le domaine de la d\u00e9fense. Il faut donc trouver un \u00e9quilibre subtil entre ces objectifs pour permettre une coop\u00e9ration efficace dans l\u2019int\u00e9r\u00eat de l\u2019Europe.<\/p>\n\n\n\n<p><strong><em>Q.&nbsp;: &nbsp; Concernant les dispositifs de financement mis en place par l\u2019AID, est-on capable de dresser un bilan de leurs effets sur le secteur&nbsp;?<\/em><\/strong><\/p>\n\n\n\n<p><strong>JB&nbsp;:&nbsp; <\/strong>Il n\u2019y a pas encore d\u2019\u00e9tude sp\u00e9cifique sur l\u2019AID mais des \u00e9tudes plus anciennes sur les financements du minist\u00e8re des Arm\u00e9es montrent que les financements publics ont des effets positifs sur la probabilit\u00e9 \u00e0 innover ou sur le montant des d\u00e9penses de R&amp;D<\/p>\n\n\n\n<p><strong>VR&nbsp;: <\/strong>La plupart des technologies chez Arquus ont b\u00e9n\u00e9fici\u00e9 de financements Rapid ou Astrid. Ils nous permettent d\u2019acc\u00e9l\u00e9rer notre innovation.<\/p>\n\n\n\n<div class=\"wp-block-buttons is-layout-flex wp-block-buttons-is-layout-flex\">\n<div class=\"wp-block-button aligncenter\"><a class=\"wp-block-button__link\" href=\"https:\/\/ecodef-ihedn.fr\/chaire-ecodef-ihedn-synthese-du-webinaire-financement-des-entreprises-de-defense\/\" target=\"_blank\" rel=\"noreferrer noopener\">t\u00e9l\u00e9charger la synth\u00e8se<\/a><\/div>\n<\/div>\n\n\n\n<div style=\"height:20px\" aria-hidden=\"true\" class=\"wp-block-spacer\"><\/div>\n\n\n\n<div class=\"wp-block-buttons is-layout-flex wp-block-buttons-is-layout-flex\">\n<div class=\"wp-block-button aligncenter\"><a class=\"wp-block-button__link\" href=\"https:\/\/ecodef-ihedn.fr\/video-webinaire-le-financement-des-entreprises-de-defense-les-entretiens-de-lecodef-2-le-13-octobre-2021\/\" target=\"_blank\" rel=\"noreferrer noopener\">voir ou revoir le webinaire<\/a><\/div>\n<\/div>\n\n\n\n<hr class=\"wp-block-separator has-css-opacity\"\/>\n\n\n\n<p><a href=\"#_ftnref1\">[1]<\/a> &nbsp;&nbsp;&nbsp; Jusque l\u00e0, le syst\u00e8me fran\u00e7ais de production d\u2019armement se caract\u00e9risait, selon Jean-Paul H\u00e9bert (1995), par un \u00ab\u00a0mode de r\u00e9gulation administr\u00e9e\u00a0\u00bb, fond\u00e9 sur la pr\u00e9\u00e9minence du r\u00f4le de l\u2019Etat (\u00e0 la fois producteur et acheteur). \u00c0 partir des ann\u00e9es 1990, le statut de soci\u00e9t\u00e9 de droit priv\u00e9 devient la r\u00e8gle, celui d\u2019entit\u00e9 publique l\u2019exception (le CEA par exemple). L\u2019ensemble des acteurs industriels historiques (Thomson CSF, Alcatel, Sagem, DCN, GIAT, Snecma, A\u00e9rospatiale, Matra, Dassault Aviation et SNPE) seront travers\u00e9s \u00e0 des degr\u00e9s divers par ces logiques de privatisation et\/ou de rapprochement structurel.<\/p>\n\n\n\n<p><a href=\"#_ftnref2\">[2]<\/a> &nbsp;&nbsp;&nbsp; Les entreprises de d\u00e9fense identifi\u00e9es ont ainsi une activit\u00e9 de R&amp;D soutenue. Elles repr\u00e9sentent 2 % du total des entreprises fran\u00e7aises effectuant de la R&amp;D et r\u00e9alisent 29 % de la d\u00e9pense interne de R&amp;D des entreprises fran\u00e7aises et emploient 28 % des chercheurs (cf. Belin et al. 2018).<\/p>\n\n\n\n<p><a href=\"#_ftnref3\">[3]<\/a> &nbsp;&nbsp;&nbsp; L\u2019analyse des charges de personnel des entreprises montre que les entreprises de d\u00e9fense ont des charges de personnel sup\u00e9rieures \u00e0 celles des autres entreprises (37,1 % du chiffre d\u2019affaires vs 33,2 %). Cette diff\u00e9rence est notamment due \u00e0 des diff\u00e9rences dans la structure du personnel (c\u2019est-\u00e0-dire plus de cadres et de chercheurs dans le secteur de la d\u00e9fense).<\/p>\n\n\n\n<p><a href=\"#_ftnref4\">[4]<\/a> &nbsp;&nbsp;&nbsp; En plus des investissements ou des salaires, les entreprises doivent couvrir le besoin financier provenant des d\u00e9calages entre les paiements re\u00e7us de leurs clients et ceux effectu\u00e9s \u00e0 leurs fournisseurs. Des d\u00e9lais de paiement plus longs de certains clients peuvent avoir des r\u00e9percussions importantes sur la cha\u00eene de production.<\/p>\n\n\n\n<p><a href=\"#_ftnref5\">[5]<\/a> &nbsp;&nbsp;&nbsp; Concernant le lien entre la R&amp;D d\u00e9fense et les performances, nous pouvons citer une \u00e9tude de MIT&nbsp; qui montre que l\u2019augmentation de la R&amp;D de d\u00e9fense (d\u2019un peu plus de 50%) aux Etats-Unis entre 2001 et 2004 s&rsquo;est traduite par une augmentation d&rsquo;environ 1,8 % de la PTF (productivit\u00e9 totale des facteurs de production) du pays.<\/p>\n\n\n\n<p><a href=\"#_ftnref6\">[6]<\/a> &nbsp;&nbsp;&nbsp; Le contr\u00f4le total des Etats sur le march\u00e9 de d\u00e9fense renforce consid\u00e9rablement le risque de cette activit\u00e9, vu d\u2019investisseurs financiers.<\/p>\n\n\n\n<p><a href=\"#_ftnref7\">[7]<\/a> &nbsp;&nbsp;&nbsp; Au RU, la totalit\u00e9 des entreprises de d\u00e9fense \u00e9tudi\u00e9es est cot\u00e9e en bourse et une partie tr\u00e8s importante est au flottant (83,5%). Dans ce contexte, le lien national identifiable (hors flottant) appara\u00eet tr\u00e8s r\u00e9duit (9,7%).<\/p>\n\n\n\n<p><a href=\"#_ftnref8\">[8]<\/a> &nbsp;&nbsp;&nbsp; Les fonds d\u2019investissement am\u00e9ricains sont pr\u00e9sents dans l\u2019ensemble des entreprises britanniques de notre panel et sont \u00e9galement pr\u00e9sents chez Airbus Group, l\u2019italien Leonardo, les fran\u00e7ais Thales et Safran, l\u2019allemand Rheinmetall et l\u2019espagnol Indra Sistemas. Citons parmi les fonds am\u00e9ricains les plus actifs Capital Group Co, Blackrock Inc, Franklin Resources Inc, Vanguard Group Inc, State Street Corp, Ameriprise Financial Inc, Capital group International et JP Morgan.<\/p>\n\n\n\n<p><a href=\"#_ftnref9\">[9]<\/a> &nbsp;&nbsp;&nbsp; Les entreprises de d\u00e9fense ont d\u2019ailleurs une dette financi\u00e8re nettement plus faible que celle des entreprises non-d\u00e9fense (9,5 % du bilan vs 15,8 % voir Belin 2015).<\/p>\n\n\n\n<p><a href=\"#_ftnref10\">[10]<\/a> &nbsp; Le ratio de capacit\u00e9 d\u2019autofinancement des entreprises de d\u00e9fense se r\u00e9v\u00e8le plus \u00e9lev\u00e9 que celui des entreprises non-d\u00e9fense (4,8 % vs 4,1 %). Les pouvoirs publics en raison du caract\u00e8re strat\u00e9gique de ces entreprises, de la sp\u00e9cificit\u00e9 de cette activit\u00e9 ou de la structuration historique de cette industrie interviennent \u00e9galement dans le financement des entreprises de d\u00e9fense en plus de la commande publique. Cette intervention se retrouve sous forme de subventions, de cr\u00e9dits d\u2019imp\u00f4t \u00e0 la recherche ou de financements publics.<\/p>\n\n\n\n<p><a href=\"#_ftnref11\">[11]<\/a> &nbsp; Ce fonds sera op\u00e9r\u00e9 par BPI France. Le FID prendra des participations dans des entreprises innovantes en phase de croissance, start-ups, petites et moyennes entreprises (PME) et entreprises de taille interm\u00e9diaire (ETI) d\u00e9veloppant des technologies duales et transverses int\u00e9ressant le monde de la d\u00e9fense. Le minist\u00e8re des Arm\u00e9es va participer \u00e0 hauteur de 200 millions d\u2019euros. Le FID pourra par ailleurs atteindre 400 millions d\u2019euros en comptant sur la contribution d\u2019autres investisseurs (industriels). Il s\u2019\u00e9tend sur une p\u00e9riode de six ans.<\/p>\n\n\n\n<p><a href=\"#_ftnref12\">[12]<\/a> &nbsp; Ce taux est en fait plus faible car une part importante de la R&amp;D de d\u00e9fense de certains pays (Italie, Espagne &#8230;) est de fait financ\u00e9e par d\u2019autres d\u00e9partements minist\u00e9riels.<\/p>\n\n\n\n<p><\/p>\n","protected":false},"excerpt":{"rendered":"<p>La Chaire vous propose une synth\u00e8se du deuxi\u00e8me num\u00e9ro de la s\u00e9rie de webinaires \u201cLes entretiens de l\u2019ECODEF\u201d, qui a eu pour th\u00e8me le financement des entreprises de d\u00e9fense. Afin de permettre \u00e0 son public de mieux appr\u00e9hender les enjeux \u00e9conomiques des activit\u00e9s de d\u00e9fense, la Chaire organise r\u00e9guli\u00e8rement des webinaires&nbsp;: \u00ab\u00a0Les entretiens de l\u2019ECODEF\u00a0\u00bb. [&hellip;]<\/p>\n","protected":false},"author":2,"featured_media":3804,"comment_status":"open","ping_status":"open","sticky":false,"template":"","format":"standard","meta":{"footnotes":""},"categories":[34,355],"tags":[162,41,438,47,466,473,74,141,38,287,456,417,455],"class_list":{"0":"post-4021","1":"post","2":"type-post","3":"status-publish","4":"format-standard","5":"has-post-thumbnail","7":"category-activites","8":"category-activites-evenements-portes-par-la-chaire","9":"tag-chaire-economie-de-defense","10":"tag-conference","11":"tag-ecodef","12":"tag-economie-de-defense","13":"tag-entreprises-de-defense","14":"tag-entretiens-de-lecodef","15":"tag-financement","16":"tag-financement-de-la-defense","17":"tag-ihedn","18":"tag-jean-belin","19":"tag-les-entretiens-de-lecodef","20":"tag-olivier-martin","21":"tag-webinaire"},"yoast_head":"<!-- This site is optimized with the Yoast SEO plugin v27.4 - https:\/\/yoast.com\/product\/yoast-seo-wordpress\/ -->\n<title>[SYNTH\u00c8SE] webinaire &quot;Le financement des entreprises de d\u00e9fense&quot; (Les entretiens de l\u2019ECODEF #2 \/ le 13 octobre 2021) - Chaire \u00c9conomie de d\u00e9fense - IHEDN<\/title>\n<meta name=\"robots\" content=\"index, follow, max-snippet:-1, max-image-preview:large, max-video-preview:-1\" \/>\n<link rel=\"canonical\" href=\"https:\/\/ecodef-ihedn.fr\/en\/synthese-du-webinaire-le-financement-des-entreprises-de-defense-les-entretiens-de-lecodef-2-le-13-octobre-2021\/\" \/>\n<meta property=\"og:locale\" content=\"en_GB\" \/>\n<meta property=\"og:type\" content=\"article\" \/>\n<meta property=\"og:title\" content=\"[SYNTH\u00c8SE] webinaire &quot;Le financement des entreprises de d\u00e9fense&quot; (Les entretiens de l\u2019ECODEF #2 \/ le 13 octobre 2021) - Chaire \u00c9conomie de d\u00e9fense - IHEDN\" \/>\n<meta property=\"og:description\" content=\"La Chaire vous propose une synth\u00e8se du deuxi\u00e8me num\u00e9ro de la s\u00e9rie de webinaires \u201cLes entretiens de l\u2019ECODEF\u201d, qui a eu pour th\u00e8me le financement des entreprises de d\u00e9fense. Afin de permettre \u00e0 son public de mieux appr\u00e9hender les enjeux \u00e9conomiques des activit\u00e9s de d\u00e9fense, la Chaire organise r\u00e9guli\u00e8rement des webinaires&nbsp;: \u00ab\u00a0Les entretiens de l\u2019ECODEF\u00a0\u00bb. [&hellip;]\" \/>\n<meta property=\"og:url\" content=\"https:\/\/ecodef-ihedn.fr\/en\/synthese-du-webinaire-le-financement-des-entreprises-de-defense-les-entretiens-de-lecodef-2-le-13-octobre-2021\/\" \/>\n<meta property=\"og:site_name\" content=\"Chaire \u00c9conomie de d\u00e9fense - IHEDN\" \/>\n<meta property=\"article:published_time\" content=\"2021-11-16T14:00:00+00:00\" \/>\n<meta property=\"article:modified_time\" content=\"2023-04-03T10:45:19+00:00\" \/>\n<meta property=\"og:image\" content=\"https:\/\/ecodef-ihedn.fr\/wp-content\/uploads\/2021\/09\/CHAIRE-ECODEF-Web-Couverture-scaled-e1632904951193.jpg\" \/>\n\t<meta property=\"og:image:width\" content=\"1766\" \/>\n\t<meta property=\"og:image:height\" content=\"1324\" \/>\n\t<meta property=\"og:image:type\" content=\"image\/jpeg\" \/>\n<meta name=\"author\" content=\"Bertrand Demandre\" \/>\n<meta name=\"twitter:card\" content=\"summary_large_image\" \/>\n<meta name=\"twitter:creator\" content=\"@Chaire_Ecodef\" \/>\n<meta name=\"twitter:site\" content=\"@Chaire_Ecodef\" \/>\n<meta name=\"twitter:label1\" content=\"Written by\" \/>\n\t<meta name=\"twitter:data1\" content=\"Bertrand Demandre\" \/>\n\t<meta name=\"twitter:label2\" content=\"Estimated reading time\" \/>\n\t<meta name=\"twitter:data2\" content=\"17 minutes\" \/>\n<script type=\"application\/ld+json\" class=\"yoast-schema-graph\">{\"@context\":\"https:\\\/\\\/schema.org\",\"@graph\":[{\"@type\":\"Article\",\"@id\":\"https:\\\/\\\/ecodef-ihedn.fr\\\/synthese-du-webinaire-le-financement-des-entreprises-de-defense-les-entretiens-de-lecodef-2-le-13-octobre-2021\\\/#article\",\"isPartOf\":{\"@id\":\"https:\\\/\\\/ecodef-ihedn.fr\\\/synthese-du-webinaire-le-financement-des-entreprises-de-defense-les-entretiens-de-lecodef-2-le-13-octobre-2021\\\/\"},\"author\":{\"name\":\"Bertrand Demandre\",\"@id\":\"https:\\\/\\\/ecodef-ihedn.fr\\\/#\\\/schema\\\/person\\\/1cdf22d028cebe278126a6e07a884d30\"},\"headline\":\"[SYNTH\u00c8SE] webinaire \u00ab\u00a0Le financement des entreprises de d\u00e9fense\u00a0\u00bb (Les entretiens de l\u2019ECODEF #2 \\\/ le 13 octobre 2021)\",\"datePublished\":\"2021-11-16T14:00:00+00:00\",\"dateModified\":\"2023-04-03T10:45:19+00:00\",\"mainEntityOfPage\":{\"@id\":\"https:\\\/\\\/ecodef-ihedn.fr\\\/synthese-du-webinaire-le-financement-des-entreprises-de-defense-les-entretiens-de-lecodef-2-le-13-octobre-2021\\\/\"},\"wordCount\":3669,\"commentCount\":1,\"publisher\":{\"@id\":\"https:\\\/\\\/ecodef-ihedn.fr\\\/#organization\"},\"image\":{\"@id\":\"https:\\\/\\\/ecodef-ihedn.fr\\\/synthese-du-webinaire-le-financement-des-entreprises-de-defense-les-entretiens-de-lecodef-2-le-13-octobre-2021\\\/#primaryimage\"},\"thumbnailUrl\":\"https:\\\/\\\/ecodef-ihedn.fr\\\/wp-content\\\/uploads\\\/2021\\\/09\\\/CHAIRE-ECODEF-Web-Couverture-scaled-e1632904951193.jpg\",\"keywords\":[\"chaire \u00e9conomie de d\u00e9fense\",\"conf\u00e9rence\",\"ecodef\",\"\u00e9conomie de d\u00e9fense\",\"entreprises de d\u00e9fense\",\"entretiens de l&#039;ecodef\",\"financement\",\"financement de la d\u00e9fense\",\"IHEDN\",\"Jean Belin\",\"les entretiens de l'ecodef\",\"Olivier Martin\",\"webinaire\"],\"articleSection\":[\"Activit\u00e9s\",\"Activit\u00e9s : \u00e9v\u00e9nements port\u00e9s par la Chaire\"],\"inLanguage\":\"en-GB\",\"potentialAction\":[{\"@type\":\"CommentAction\",\"name\":\"Comment\",\"target\":[\"https:\\\/\\\/ecodef-ihedn.fr\\\/synthese-du-webinaire-le-financement-des-entreprises-de-defense-les-entretiens-de-lecodef-2-le-13-octobre-2021\\\/#respond\"]}]},{\"@type\":\"WebPage\",\"@id\":\"https:\\\/\\\/ecodef-ihedn.fr\\\/synthese-du-webinaire-le-financement-des-entreprises-de-defense-les-entretiens-de-lecodef-2-le-13-octobre-2021\\\/\",\"url\":\"https:\\\/\\\/ecodef-ihedn.fr\\\/synthese-du-webinaire-le-financement-des-entreprises-de-defense-les-entretiens-de-lecodef-2-le-13-octobre-2021\\\/\",\"name\":\"[SYNTH\u00c8SE] webinaire \\\"Le financement des entreprises de d\u00e9fense\\\" (Les entretiens de l\u2019ECODEF #2 \\\/ le 13 octobre 2021) - Chaire \u00c9conomie de d\u00e9fense - IHEDN\",\"isPartOf\":{\"@id\":\"https:\\\/\\\/ecodef-ihedn.fr\\\/#website\"},\"primaryImageOfPage\":{\"@id\":\"https:\\\/\\\/ecodef-ihedn.fr\\\/synthese-du-webinaire-le-financement-des-entreprises-de-defense-les-entretiens-de-lecodef-2-le-13-octobre-2021\\\/#primaryimage\"},\"image\":{\"@id\":\"https:\\\/\\\/ecodef-ihedn.fr\\\/synthese-du-webinaire-le-financement-des-entreprises-de-defense-les-entretiens-de-lecodef-2-le-13-octobre-2021\\\/#primaryimage\"},\"thumbnailUrl\":\"https:\\\/\\\/ecodef-ihedn.fr\\\/wp-content\\\/uploads\\\/2021\\\/09\\\/CHAIRE-ECODEF-Web-Couverture-scaled-e1632904951193.jpg\",\"datePublished\":\"2021-11-16T14:00:00+00:00\",\"dateModified\":\"2023-04-03T10:45:19+00:00\",\"breadcrumb\":{\"@id\":\"https:\\\/\\\/ecodef-ihedn.fr\\\/synthese-du-webinaire-le-financement-des-entreprises-de-defense-les-entretiens-de-lecodef-2-le-13-octobre-2021\\\/#breadcrumb\"},\"inLanguage\":\"en-GB\",\"potentialAction\":[{\"@type\":\"ReadAction\",\"target\":[\"https:\\\/\\\/ecodef-ihedn.fr\\\/synthese-du-webinaire-le-financement-des-entreprises-de-defense-les-entretiens-de-lecodef-2-le-13-octobre-2021\\\/\"]}]},{\"@type\":\"ImageObject\",\"inLanguage\":\"en-GB\",\"@id\":\"https:\\\/\\\/ecodef-ihedn.fr\\\/synthese-du-webinaire-le-financement-des-entreprises-de-defense-les-entretiens-de-lecodef-2-le-13-octobre-2021\\\/#primaryimage\",\"url\":\"https:\\\/\\\/ecodef-ihedn.fr\\\/wp-content\\\/uploads\\\/2021\\\/09\\\/CHAIRE-ECODEF-Web-Couverture-scaled-e1632904951193.jpg\",\"contentUrl\":\"https:\\\/\\\/ecodef-ihedn.fr\\\/wp-content\\\/uploads\\\/2021\\\/09\\\/CHAIRE-ECODEF-Web-Couverture-scaled-e1632904951193.jpg\",\"width\":1766,\"height\":1324},{\"@type\":\"BreadcrumbList\",\"@id\":\"https:\\\/\\\/ecodef-ihedn.fr\\\/synthese-du-webinaire-le-financement-des-entreprises-de-defense-les-entretiens-de-lecodef-2-le-13-octobre-2021\\\/#breadcrumb\",\"itemListElement\":[{\"@type\":\"ListItem\",\"position\":1,\"name\":\"Accueil\",\"item\":\"https:\\\/\\\/ecodef-ihedn.fr\\\/\"},{\"@type\":\"ListItem\",\"position\":2,\"name\":\"[SYNTH\u00c8SE] webinaire &#8220;Le financement des entreprises de d\u00e9fense&#8221; (Les entretiens de l\u2019ECODEF #2 \\\/ le 13 octobre 2021)\"}]},{\"@type\":\"WebSite\",\"@id\":\"https:\\\/\\\/ecodef-ihedn.fr\\\/#website\",\"url\":\"https:\\\/\\\/ecodef-ihedn.fr\\\/\",\"name\":\"Chaire \u00c9conomie de D\u00e9fense - IHEDN\",\"description\":\"Produire &amp; soutenir, f\u00e9d\u00e9rer &amp; diffuser, \u00eatre une interface\",\"publisher\":{\"@id\":\"https:\\\/\\\/ecodef-ihedn.fr\\\/#organization\"},\"potentialAction\":[{\"@type\":\"SearchAction\",\"target\":{\"@type\":\"EntryPoint\",\"urlTemplate\":\"https:\\\/\\\/ecodef-ihedn.fr\\\/?s={search_term_string}\"},\"query-input\":{\"@type\":\"PropertyValueSpecification\",\"valueRequired\":true,\"valueName\":\"search_term_string\"}}],\"inLanguage\":\"en-GB\"},{\"@type\":\"Organization\",\"@id\":\"https:\\\/\\\/ecodef-ihedn.fr\\\/#organization\",\"name\":\"Chaire \u00c9conomie de d\u00e9fense - IHEDN\",\"url\":\"https:\\\/\\\/ecodef-ihedn.fr\\\/\",\"logo\":{\"@type\":\"ImageObject\",\"inLanguage\":\"en-GB\",\"@id\":\"https:\\\/\\\/ecodef-ihedn.fr\\\/#\\\/schema\\\/logo\\\/image\\\/\",\"url\":\"https:\\\/\\\/ecodef-ihedn.fr\\\/wp-content\\\/uploads\\\/2020\\\/04\\\/logoEcodef9.jpg\",\"contentUrl\":\"https:\\\/\\\/ecodef-ihedn.fr\\\/wp-content\\\/uploads\\\/2020\\\/04\\\/logoEcodef9.jpg\",\"width\":410,\"height\":212,\"caption\":\"Chaire \u00c9conomie de d\u00e9fense - IHEDN\"},\"image\":{\"@id\":\"https:\\\/\\\/ecodef-ihedn.fr\\\/#\\\/schema\\\/logo\\\/image\\\/\"},\"sameAs\":[\"https:\\\/\\\/x.com\\\/Chaire_Ecodef\",\"https:\\\/\\\/www.linkedin.com\\\/company\\\/chaire-ecodef-ihedn\\\/\"]},{\"@type\":\"Person\",\"@id\":\"https:\\\/\\\/ecodef-ihedn.fr\\\/#\\\/schema\\\/person\\\/1cdf22d028cebe278126a6e07a884d30\",\"name\":\"Bertrand Demandre\",\"image\":{\"@type\":\"ImageObject\",\"inLanguage\":\"en-GB\",\"@id\":\"https:\\\/\\\/secure.gravatar.com\\\/avatar\\\/d9c9746d6c900ab5b9c0f9b1fa3932e369da923da247d624b8f7ab4ba8a3c093?s=96&d=mm&r=g\",\"url\":\"https:\\\/\\\/secure.gravatar.com\\\/avatar\\\/d9c9746d6c900ab5b9c0f9b1fa3932e369da923da247d624b8f7ab4ba8a3c093?s=96&d=mm&r=g\",\"contentUrl\":\"https:\\\/\\\/secure.gravatar.com\\\/avatar\\\/d9c9746d6c900ab5b9c0f9b1fa3932e369da923da247d624b8f7ab4ba8a3c093?s=96&d=mm&r=g\",\"caption\":\"Bertrand Demandre\"},\"url\":\"https:\\\/\\\/ecodef-ihedn.fr\\\/en\\\/author\\\/bertrand\\\/\"}]}<\/script>\n<!-- \/ Yoast SEO plugin. -->","yoast_head_json":{"title":"[SYNTH\u00c8SE] webinaire \"Le financement des entreprises de d\u00e9fense\" (Les entretiens de l\u2019ECODEF #2 \/ le 13 octobre 2021) - Chaire \u00c9conomie de d\u00e9fense - IHEDN","robots":{"index":"index","follow":"follow","max-snippet":"max-snippet:-1","max-image-preview":"max-image-preview:large","max-video-preview":"max-video-preview:-1"},"canonical":"https:\/\/ecodef-ihedn.fr\/en\/synthese-du-webinaire-le-financement-des-entreprises-de-defense-les-entretiens-de-lecodef-2-le-13-octobre-2021\/","og_locale":"en_GB","og_type":"article","og_title":"[SYNTH\u00c8SE] webinaire \"Le financement des entreprises de d\u00e9fense\" (Les entretiens de l\u2019ECODEF #2 \/ le 13 octobre 2021) - Chaire \u00c9conomie de d\u00e9fense - IHEDN","og_description":"La Chaire vous propose une synth\u00e8se du deuxi\u00e8me num\u00e9ro de la s\u00e9rie de webinaires \u201cLes entretiens de l\u2019ECODEF\u201d, qui a eu pour th\u00e8me le financement des entreprises de d\u00e9fense. Afin de permettre \u00e0 son public de mieux appr\u00e9hender les enjeux \u00e9conomiques des activit\u00e9s de d\u00e9fense, la Chaire organise r\u00e9guli\u00e8rement des webinaires&nbsp;: \u00ab\u00a0Les entretiens de l\u2019ECODEF\u00a0\u00bb. [&hellip;]","og_url":"https:\/\/ecodef-ihedn.fr\/en\/synthese-du-webinaire-le-financement-des-entreprises-de-defense-les-entretiens-de-lecodef-2-le-13-octobre-2021\/","og_site_name":"Chaire \u00c9conomie de d\u00e9fense - IHEDN","article_published_time":"2021-11-16T14:00:00+00:00","article_modified_time":"2023-04-03T10:45:19+00:00","og_image":[{"width":1766,"height":1324,"url":"https:\/\/ecodef-ihedn.fr\/wp-content\/uploads\/2021\/09\/CHAIRE-ECODEF-Web-Couverture-scaled-e1632904951193.jpg","type":"image\/jpeg"}],"author":"Bertrand Demandre","twitter_card":"summary_large_image","twitter_creator":"@Chaire_Ecodef","twitter_site":"@Chaire_Ecodef","twitter_misc":{"Written by":"Bertrand Demandre","Estimated reading time":"17 minutes"},"schema":{"@context":"https:\/\/schema.org","@graph":[{"@type":"Article","@id":"https:\/\/ecodef-ihedn.fr\/synthese-du-webinaire-le-financement-des-entreprises-de-defense-les-entretiens-de-lecodef-2-le-13-octobre-2021\/#article","isPartOf":{"@id":"https:\/\/ecodef-ihedn.fr\/synthese-du-webinaire-le-financement-des-entreprises-de-defense-les-entretiens-de-lecodef-2-le-13-octobre-2021\/"},"author":{"name":"Bertrand Demandre","@id":"https:\/\/ecodef-ihedn.fr\/#\/schema\/person\/1cdf22d028cebe278126a6e07a884d30"},"headline":"[SYNTH\u00c8SE] webinaire \u00ab\u00a0Le financement des entreprises de d\u00e9fense\u00a0\u00bb (Les entretiens de l\u2019ECODEF #2 \/ le 13 octobre 2021)","datePublished":"2021-11-16T14:00:00+00:00","dateModified":"2023-04-03T10:45:19+00:00","mainEntityOfPage":{"@id":"https:\/\/ecodef-ihedn.fr\/synthese-du-webinaire-le-financement-des-entreprises-de-defense-les-entretiens-de-lecodef-2-le-13-octobre-2021\/"},"wordCount":3669,"commentCount":1,"publisher":{"@id":"https:\/\/ecodef-ihedn.fr\/#organization"},"image":{"@id":"https:\/\/ecodef-ihedn.fr\/synthese-du-webinaire-le-financement-des-entreprises-de-defense-les-entretiens-de-lecodef-2-le-13-octobre-2021\/#primaryimage"},"thumbnailUrl":"https:\/\/ecodef-ihedn.fr\/wp-content\/uploads\/2021\/09\/CHAIRE-ECODEF-Web-Couverture-scaled-e1632904951193.jpg","keywords":["chaire \u00e9conomie de d\u00e9fense","conf\u00e9rence","ecodef","\u00e9conomie de d\u00e9fense","entreprises de d\u00e9fense","entretiens de l&#039;ecodef","financement","financement de la d\u00e9fense","IHEDN","Jean Belin","les entretiens de l'ecodef","Olivier Martin","webinaire"],"articleSection":["Activit\u00e9s","Activit\u00e9s : \u00e9v\u00e9nements port\u00e9s par la Chaire"],"inLanguage":"en-GB","potentialAction":[{"@type":"CommentAction","name":"Comment","target":["https:\/\/ecodef-ihedn.fr\/synthese-du-webinaire-le-financement-des-entreprises-de-defense-les-entretiens-de-lecodef-2-le-13-octobre-2021\/#respond"]}]},{"@type":"WebPage","@id":"https:\/\/ecodef-ihedn.fr\/synthese-du-webinaire-le-financement-des-entreprises-de-defense-les-entretiens-de-lecodef-2-le-13-octobre-2021\/","url":"https:\/\/ecodef-ihedn.fr\/synthese-du-webinaire-le-financement-des-entreprises-de-defense-les-entretiens-de-lecodef-2-le-13-octobre-2021\/","name":"[SYNTH\u00c8SE] webinaire \"Le financement des entreprises de d\u00e9fense\" (Les entretiens de l\u2019ECODEF #2 \/ le 13 octobre 2021) - Chaire \u00c9conomie de d\u00e9fense - IHEDN","isPartOf":{"@id":"https:\/\/ecodef-ihedn.fr\/#website"},"primaryImageOfPage":{"@id":"https:\/\/ecodef-ihedn.fr\/synthese-du-webinaire-le-financement-des-entreprises-de-defense-les-entretiens-de-lecodef-2-le-13-octobre-2021\/#primaryimage"},"image":{"@id":"https:\/\/ecodef-ihedn.fr\/synthese-du-webinaire-le-financement-des-entreprises-de-defense-les-entretiens-de-lecodef-2-le-13-octobre-2021\/#primaryimage"},"thumbnailUrl":"https:\/\/ecodef-ihedn.fr\/wp-content\/uploads\/2021\/09\/CHAIRE-ECODEF-Web-Couverture-scaled-e1632904951193.jpg","datePublished":"2021-11-16T14:00:00+00:00","dateModified":"2023-04-03T10:45:19+00:00","breadcrumb":{"@id":"https:\/\/ecodef-ihedn.fr\/synthese-du-webinaire-le-financement-des-entreprises-de-defense-les-entretiens-de-lecodef-2-le-13-octobre-2021\/#breadcrumb"},"inLanguage":"en-GB","potentialAction":[{"@type":"ReadAction","target":["https:\/\/ecodef-ihedn.fr\/synthese-du-webinaire-le-financement-des-entreprises-de-defense-les-entretiens-de-lecodef-2-le-13-octobre-2021\/"]}]},{"@type":"ImageObject","inLanguage":"en-GB","@id":"https:\/\/ecodef-ihedn.fr\/synthese-du-webinaire-le-financement-des-entreprises-de-defense-les-entretiens-de-lecodef-2-le-13-octobre-2021\/#primaryimage","url":"https:\/\/ecodef-ihedn.fr\/wp-content\/uploads\/2021\/09\/CHAIRE-ECODEF-Web-Couverture-scaled-e1632904951193.jpg","contentUrl":"https:\/\/ecodef-ihedn.fr\/wp-content\/uploads\/2021\/09\/CHAIRE-ECODEF-Web-Couverture-scaled-e1632904951193.jpg","width":1766,"height":1324},{"@type":"BreadcrumbList","@id":"https:\/\/ecodef-ihedn.fr\/synthese-du-webinaire-le-financement-des-entreprises-de-defense-les-entretiens-de-lecodef-2-le-13-octobre-2021\/#breadcrumb","itemListElement":[{"@type":"ListItem","position":1,"name":"Accueil","item":"https:\/\/ecodef-ihedn.fr\/"},{"@type":"ListItem","position":2,"name":"[SYNTH\u00c8SE] webinaire &#8220;Le financement des entreprises de d\u00e9fense&#8221; (Les entretiens de l\u2019ECODEF #2 \/ le 13 octobre 2021)"}]},{"@type":"WebSite","@id":"https:\/\/ecodef-ihedn.fr\/#website","url":"https:\/\/ecodef-ihedn.fr\/","name":"Chair in Defence Economics - IHEDN","description":"Produce &amp; support, federate &amp; disseminate, act as an interface","publisher":{"@id":"https:\/\/ecodef-ihedn.fr\/#organization"},"potentialAction":[{"@type":"SearchAction","target":{"@type":"EntryPoint","urlTemplate":"https:\/\/ecodef-ihedn.fr\/?s={search_term_string}"},"query-input":{"@type":"PropertyValueSpecification","valueRequired":true,"valueName":"search_term_string"}}],"inLanguage":"en-GB"},{"@type":"Organization","@id":"https:\/\/ecodef-ihedn.fr\/#organization","name":"Chair in Defence Economics - IHEDN","url":"https:\/\/ecodef-ihedn.fr\/","logo":{"@type":"ImageObject","inLanguage":"en-GB","@id":"https:\/\/ecodef-ihedn.fr\/#\/schema\/logo\/image\/","url":"https:\/\/ecodef-ihedn.fr\/wp-content\/uploads\/2020\/04\/logoEcodef9.jpg","contentUrl":"https:\/\/ecodef-ihedn.fr\/wp-content\/uploads\/2020\/04\/logoEcodef9.jpg","width":410,"height":212,"caption":"Chaire \u00c9conomie de d\u00e9fense - IHEDN"},"image":{"@id":"https:\/\/ecodef-ihedn.fr\/#\/schema\/logo\/image\/"},"sameAs":["https:\/\/x.com\/Chaire_Ecodef","https:\/\/www.linkedin.com\/company\/chaire-ecodef-ihedn\/"]},{"@type":"Person","@id":"https:\/\/ecodef-ihedn.fr\/#\/schema\/person\/1cdf22d028cebe278126a6e07a884d30","name":"Bertrand Demandre","image":{"@type":"ImageObject","inLanguage":"en-GB","@id":"https:\/\/secure.gravatar.com\/avatar\/d9c9746d6c900ab5b9c0f9b1fa3932e369da923da247d624b8f7ab4ba8a3c093?s=96&d=mm&r=g","url":"https:\/\/secure.gravatar.com\/avatar\/d9c9746d6c900ab5b9c0f9b1fa3932e369da923da247d624b8f7ab4ba8a3c093?s=96&d=mm&r=g","contentUrl":"https:\/\/secure.gravatar.com\/avatar\/d9c9746d6c900ab5b9c0f9b1fa3932e369da923da247d624b8f7ab4ba8a3c093?s=96&d=mm&r=g","caption":"Bertrand Demandre"},"url":"https:\/\/ecodef-ihedn.fr\/en\/author\/bertrand\/"}]}},"_links":{"self":[{"href":"https:\/\/ecodef-ihedn.fr\/en\/wp-json\/wp\/v2\/posts\/4021","targetHints":{"allow":["GET"]}}],"collection":[{"href":"https:\/\/ecodef-ihedn.fr\/en\/wp-json\/wp\/v2\/posts"}],"about":[{"href":"https:\/\/ecodef-ihedn.fr\/en\/wp-json\/wp\/v2\/types\/post"}],"author":[{"embeddable":true,"href":"https:\/\/ecodef-ihedn.fr\/en\/wp-json\/wp\/v2\/users\/2"}],"replies":[{"embeddable":true,"href":"https:\/\/ecodef-ihedn.fr\/en\/wp-json\/wp\/v2\/comments?post=4021"}],"version-history":[{"count":8,"href":"https:\/\/ecodef-ihedn.fr\/en\/wp-json\/wp\/v2\/posts\/4021\/revisions"}],"predecessor-version":[{"id":7806,"href":"https:\/\/ecodef-ihedn.fr\/en\/wp-json\/wp\/v2\/posts\/4021\/revisions\/7806"}],"wp:featuredmedia":[{"embeddable":true,"href":"https:\/\/ecodef-ihedn.fr\/en\/wp-json\/wp\/v2\/media\/3804"}],"wp:attachment":[{"href":"https:\/\/ecodef-ihedn.fr\/en\/wp-json\/wp\/v2\/media?parent=4021"}],"wp:term":[{"taxonomy":"category","embeddable":true,"href":"https:\/\/ecodef-ihedn.fr\/en\/wp-json\/wp\/v2\/categories?post=4021"},{"taxonomy":"post_tag","embeddable":true,"href":"https:\/\/ecodef-ihedn.fr\/en\/wp-json\/wp\/v2\/tags?post=4021"}],"curies":[{"name":"wp","href":"https:\/\/api.w.org\/{rel}","templated":true}]}}