{"id":4077,"date":"2021-12-02T15:03:57","date_gmt":"2021-12-02T15:03:57","guid":{"rendered":"https:\/\/ecodef-ihedn.fr\/?p=4077"},"modified":"2022-03-29T18:48:24","modified_gmt":"2022-03-29T18:48:24","slug":"video-de-lintervention-de-julien-malizard-au-colloque-exportations-darmement-et-droit-public-le-18-novembre-2021","status":"publish","type":"post","link":"https:\/\/ecodef-ihedn.fr\/en\/video-de-lintervention-de-julien-malizard-au-colloque-exportations-darmement-et-droit-public-le-18-novembre-2021\/","title":{"rendered":"Video of Julien Malizard's speech at the \u201cArms exports and public law\u201d conference on 18 November 2021"},"content":{"rendered":"<p><strong>Julien Malizard, Deputy Chairholder, took part in a conference organised by the Centre de Th\u00e9orie et Analyse du Droit (CTAD) at the University of Paris Nanterre on 18 November.<\/strong><\/p>\n\n\n\n<div class=\"wp-block-image\"><figure class=\"aligncenter size-large is-resized\"><img loading=\"lazy\" decoding=\"async\" src=\"https:\/\/ecodef-ihedn.fr\/wp-content\/uploads\/2021\/12\/CTAD_Image-1024x606.png\" alt=\"\" class=\"wp-image-4078\" width=\"512\" height=\"303\" srcset=\"https:\/\/ecodef-ihedn.fr\/wp-content\/uploads\/2021\/12\/CTAD_Image-1024x606.png 1024w, https:\/\/ecodef-ihedn.fr\/wp-content\/uploads\/2021\/12\/CTAD_Image-300x177.png 300w, https:\/\/ecodef-ihedn.fr\/wp-content\/uploads\/2021\/12\/CTAD_Image-768x454.png 768w, https:\/\/ecodef-ihedn.fr\/wp-content\/uploads\/2021\/12\/CTAD_Image-696x412.png 696w, https:\/\/ecodef-ihedn.fr\/wp-content\/uploads\/2021\/12\/CTAD_Image-1392x823.png 1392w, https:\/\/ecodef-ihedn.fr\/wp-content\/uploads\/2021\/12\/CTAD_Image-1068x632.png 1068w, https:\/\/ecodef-ihedn.fr\/wp-content\/uploads\/2021\/12\/CTAD_Image-710x420.png 710w, https:\/\/ecodef-ihedn.fr\/wp-content\/uploads\/2021\/12\/CTAD_Image.png 1410w\" sizes=\"auto, (max-width: 512px) 100vw, 512px\" \/><\/figure><\/div>\n\n\n\n<p><strong>Julien Malizard&nbsp;<\/strong>spoke on 18 November on the theme of \u201c<em>The economic and budgetary stakes of&nbsp;<a href=\"https:\/\/ecodef-ihedn.fr\/en\/crise-des-sous-marins-article-de-julien-malizard-et-josselin-droff-dans-the-conversation\/\" target=\"_blank\" rel=\"noreferrer noopener\">arms exports<\/a><\/em>\u201dThe conference, entitled \u201cArms exports and public law\u201d, was organised by CTAD at the University of Paris Nanterre. The discussions at this meeting were recorded and <a href=\"https:\/\/ctad.cnrs.fr\/2021\/11\/18\/colloque-exportations-darmes\/\" target=\"_blank\" rel=\"noreferrer noopener\">online<\/a> by the organisers. <\/p>\n\n\n\n<p>This presentation took place as part of the \u00abWhy export? panel, chaired by <strong>Thomas Hochmann<\/strong> (Professor of Public Law - CTAD) : <\/p>\n\n\n\n<ul class=\"wp-block-list\"><li>STRATEGIC STUDIES AND INTERDISCIPLINARITY: TOOLS FOR STUDYING ARMS EXPORTS IN SUPPORT OF LEGAL SCIENCES.&nbsp;<em><strong>Thibault Delamare<\/strong> (Post-doc at IRSEM, doctor of public law from Aix-Marseille University)<\/em><\/li><li>REALISM AND ETHICS IN ARMS EXPORTS.&nbsp;<em>Maxence <strong>Christelle <\/strong>(Lecturer in public law at the University of Picardie Jules Verne - CURAPP UMR 7319)<\/em><\/li><li>THE ECONOMIC AND BUDGETARY IMPLICATIONS OF ARMS EXPORTS.&nbsp;<em><strong>Julien Malizard<\/strong> (Doctor of Economics, Deputy Chair of Defence Economics - IHEDN)<\/em><\/li><li>INDUSTRIAL AND INSTITUTIONAL ISSUES SURROUNDING ARMS EXPORTS.&nbsp;<em><strong>Renaud Bellais<\/strong> (Doctor of Economics, Institutional Advisor to the Executive Chairman of MBDA Systems)<\/em><\/li><\/ul>\n\n\n\n<p>Watch Julien Malizard's speech in the video of this panel (from 1:05). <\/p>\n\n\n\n<div class=\"wp-block-buttons is-horizontal is-content-justification-center is-layout-flex wp-container-core-buttons-is-layout-499968f5 wp-block-buttons-is-layout-flex\">\n<div class=\"wp-block-button\"><a class=\"wp-block-button__link\" href=\"https:\/\/ctad.cnrs.fr\/2021\/11\/18\/colloque-exportations-darmes\/\" target=\"_blank\" rel=\"noreferrer noopener\">watch the speech<\/a><\/div>\n<\/div>\n\n\n\n<p><\/p>","protected":false},"excerpt":{"rendered":"<p>Julien Malizard, titulaire adjoint de la Chaire, a particip\u00e9 \u00e0 un colloque organis\u00e9 par le Centre de Th\u00e9orie et Analyse du Droit (CTAD) de l\u2019Universit\u00e9 Paris Nanterre, le 18 novembre. Julien Malizard&nbsp;est intervenu le 18 novembre sur le th\u00e8me \u201cEnjeux \u00e9conomiques et budg\u00e9taires des&nbsp;exportations d\u2019armes\u201d lors du colloque \u201cExportations d\u2019armes et droit public\u201d, organis\u00e9 par [&hellip;]<\/p>\n","protected":false},"author":2,"featured_media":3949,"comment_status":"open","ping_status":"open","sticky":false,"template":"","format":"standard","meta":{"footnotes":""},"categories":[34,356],"tags":[154,376,41,490,36,438,47,329,52,479,38,86,491],"class_list":{"0":"post-4077","1":"post","2":"type-post","3":"status-publish","4":"format-standard","5":"has-post-thumbnail","7":"category-activites","8":"category-activites-participation-de-la-chaire-a-un-evenement","9":"tag-budget","10":"tag-colloque","11":"tag-conference","12":"tag-ctad","13":"tag-defense","14":"tag-ecodef","15":"tag-economie-de-defense","16":"tag-enjeux-economiques","17":"tag-exportations-darmes","18":"tag-exportations-darmement","19":"tag-ihedn","20":"tag-julien-malizard","21":"tag-universite-paris-nanterre"},"yoast_head":"<!-- This site is optimized with the Yoast SEO plugin v27.4 - https:\/\/yoast.com\/product\/yoast-seo-wordpress\/ -->\n<title>Vid\u00e9o de l&#039;intervention de Julien Malizard au Colloque \u201cExportations d\u2019armement et droit public\u201d, le 18 novembre 2021 - Chaire \u00c9conomie de d\u00e9fense - IHEDN<\/title>\n<meta name=\"robots\" content=\"index, follow, max-snippet:-1, max-image-preview:large, max-video-preview:-1\" \/>\n<link rel=\"canonical\" href=\"https:\/\/ecodef-ihedn.fr\/en\/video-de-lintervention-de-julien-malizard-au-colloque-exportations-darmement-et-droit-public-le-18-novembre-2021\/\" \/>\n<meta property=\"og:locale\" content=\"en_GB\" \/>\n<meta property=\"og:type\" content=\"article\" \/>\n<meta property=\"og:title\" content=\"Vid\u00e9o de l&#039;intervention de Julien Malizard au Colloque \u201cExportations d\u2019armement et droit public\u201d, le 18 novembre 2021 - Chaire \u00c9conomie de d\u00e9fense - IHEDN\" \/>\n<meta property=\"og:description\" content=\"Julien Malizard, titulaire adjoint de la Chaire, a particip\u00e9 \u00e0 un colloque organis\u00e9 par le Centre de Th\u00e9orie et Analyse du Droit (CTAD) de l\u2019Universit\u00e9 Paris Nanterre, le 18 novembre. Julien Malizard&nbsp;est intervenu le 18 novembre sur le th\u00e8me \u201cEnjeux \u00e9conomiques et budg\u00e9taires des&nbsp;exportations d\u2019armes\u201d lors du colloque \u201cExportations d\u2019armes et droit public\u201d, organis\u00e9 par [&hellip;]\" \/>\n<meta property=\"og:url\" content=\"https:\/\/ecodef-ihedn.fr\/en\/video-de-lintervention-de-julien-malizard-au-colloque-exportations-darmement-et-droit-public-le-18-novembre-2021\/\" \/>\n<meta property=\"og:site_name\" content=\"Chaire \u00c9conomie de d\u00e9fense - IHEDN\" \/>\n<meta property=\"article:published_time\" content=\"2021-12-02T15:03:57+00:00\" \/>\n<meta property=\"article:modified_time\" content=\"2022-03-29T18:48:24+00:00\" \/>\n<meta property=\"og:image\" content=\"https:\/\/ecodef-ihedn.fr\/wp-content\/uploads\/2021\/11\/armements2-e1635954008573.jpg\" \/>\n\t<meta property=\"og:image:width\" content=\"634\" \/>\n\t<meta property=\"og:image:height\" content=\"477\" \/>\n\t<meta property=\"og:image:type\" content=\"image\/jpeg\" \/>\n<meta name=\"author\" content=\"Bertrand Demandre\" \/>\n<meta name=\"twitter:card\" content=\"summary_large_image\" \/>\n<meta name=\"twitter:creator\" content=\"@Chaire_Ecodef\" \/>\n<meta name=\"twitter:site\" content=\"@Chaire_Ecodef\" \/>\n<meta name=\"twitter:label1\" content=\"Written by\" \/>\n\t<meta name=\"twitter:data1\" content=\"Bertrand Demandre\" \/>\n\t<meta name=\"twitter:label2\" content=\"Estimated reading time\" \/>\n\t<meta name=\"twitter:data2\" content=\"2 minutes\" \/>\n<script type=\"application\/ld+json\" class=\"yoast-schema-graph\">{\"@context\":\"https:\\\/\\\/schema.org\",\"@graph\":[{\"@type\":\"Article\",\"@id\":\"https:\\\/\\\/ecodef-ihedn.fr\\\/video-de-lintervention-de-julien-malizard-au-colloque-exportations-darmement-et-droit-public-le-18-novembre-2021\\\/#article\",\"isPartOf\":{\"@id\":\"https:\\\/\\\/ecodef-ihedn.fr\\\/video-de-lintervention-de-julien-malizard-au-colloque-exportations-darmement-et-droit-public-le-18-novembre-2021\\\/\"},\"author\":{\"name\":\"Bertrand Demandre\",\"@id\":\"https:\\\/\\\/ecodef-ihedn.fr\\\/#\\\/schema\\\/person\\\/1cdf22d028cebe278126a6e07a884d30\"},\"headline\":\"Vid\u00e9o de l&rsquo;intervention de Julien Malizard au Colloque \u201cExportations d\u2019armement et droit public\u201d, le 18 novembre 2021\",\"datePublished\":\"2021-12-02T15:03:57+00:00\",\"dateModified\":\"2022-03-29T18:48:24+00:00\",\"mainEntityOfPage\":{\"@id\":\"https:\\\/\\\/ecodef-ihedn.fr\\\/video-de-lintervention-de-julien-malizard-au-colloque-exportations-darmement-et-droit-public-le-18-novembre-2021\\\/\"},\"wordCount\":254,\"commentCount\":0,\"publisher\":{\"@id\":\"https:\\\/\\\/ecodef-ihedn.fr\\\/#organization\"},\"image\":{\"@id\":\"https:\\\/\\\/ecodef-ihedn.fr\\\/video-de-lintervention-de-julien-malizard-au-colloque-exportations-darmement-et-droit-public-le-18-novembre-2021\\\/#primaryimage\"},\"thumbnailUrl\":\"https:\\\/\\\/ecodef-ihedn.fr\\\/wp-content\\\/uploads\\\/2021\\\/11\\\/armements2-e1635954008573.jpg\",\"keywords\":[\"Budget\",\"colloque\",\"conf\u00e9rence\",\"CTAD\",\"D\u00e9fense\",\"ecodef\",\"\u00e9conomie de d\u00e9fense\",\"enjeux \u00e9conomiques\",\"exportations d'armes\",\"exportations d&#039;armement\",\"IHEDN\",\"Julien Malizard\",\"Universit\u00e9 Paris Nanterre\"],\"articleSection\":[\"Activit\u00e9s\",\"Activit\u00e9s : participation de la Chaire \u00e0 un \u00e9v\u00e9nement\"],\"inLanguage\":\"en-GB\",\"potentialAction\":[{\"@type\":\"CommentAction\",\"name\":\"Comment\",\"target\":[\"https:\\\/\\\/ecodef-ihedn.fr\\\/video-de-lintervention-de-julien-malizard-au-colloque-exportations-darmement-et-droit-public-le-18-novembre-2021\\\/#respond\"]}]},{\"@type\":\"WebPage\",\"@id\":\"https:\\\/\\\/ecodef-ihedn.fr\\\/video-de-lintervention-de-julien-malizard-au-colloque-exportations-darmement-et-droit-public-le-18-novembre-2021\\\/\",\"url\":\"https:\\\/\\\/ecodef-ihedn.fr\\\/video-de-lintervention-de-julien-malizard-au-colloque-exportations-darmement-et-droit-public-le-18-novembre-2021\\\/\",\"name\":\"Vid\u00e9o de l'intervention de Julien Malizard au Colloque \u201cExportations d\u2019armement et droit public\u201d, le 18 novembre 2021 - Chaire \u00c9conomie de d\u00e9fense - IHEDN\",\"isPartOf\":{\"@id\":\"https:\\\/\\\/ecodef-ihedn.fr\\\/#website\"},\"primaryImageOfPage\":{\"@id\":\"https:\\\/\\\/ecodef-ihedn.fr\\\/video-de-lintervention-de-julien-malizard-au-colloque-exportations-darmement-et-droit-public-le-18-novembre-2021\\\/#primaryimage\"},\"image\":{\"@id\":\"https:\\\/\\\/ecodef-ihedn.fr\\\/video-de-lintervention-de-julien-malizard-au-colloque-exportations-darmement-et-droit-public-le-18-novembre-2021\\\/#primaryimage\"},\"thumbnailUrl\":\"https:\\\/\\\/ecodef-ihedn.fr\\\/wp-content\\\/uploads\\\/2021\\\/11\\\/armements2-e1635954008573.jpg\",\"datePublished\":\"2021-12-02T15:03:57+00:00\",\"dateModified\":\"2022-03-29T18:48:24+00:00\",\"breadcrumb\":{\"@id\":\"https:\\\/\\\/ecodef-ihedn.fr\\\/video-de-lintervention-de-julien-malizard-au-colloque-exportations-darmement-et-droit-public-le-18-novembre-2021\\\/#breadcrumb\"},\"inLanguage\":\"en-GB\",\"potentialAction\":[{\"@type\":\"ReadAction\",\"target\":[\"https:\\\/\\\/ecodef-ihedn.fr\\\/video-de-lintervention-de-julien-malizard-au-colloque-exportations-darmement-et-droit-public-le-18-novembre-2021\\\/\"]}]},{\"@type\":\"ImageObject\",\"inLanguage\":\"en-GB\",\"@id\":\"https:\\\/\\\/ecodef-ihedn.fr\\\/video-de-lintervention-de-julien-malizard-au-colloque-exportations-darmement-et-droit-public-le-18-novembre-2021\\\/#primaryimage\",\"url\":\"https:\\\/\\\/ecodef-ihedn.fr\\\/wp-content\\\/uploads\\\/2021\\\/11\\\/armements2-e1635954008573.jpg\",\"contentUrl\":\"https:\\\/\\\/ecodef-ihedn.fr\\\/wp-content\\\/uploads\\\/2021\\\/11\\\/armements2-e1635954008573.jpg\",\"width\":634,\"height\":477},{\"@type\":\"BreadcrumbList\",\"@id\":\"https:\\\/\\\/ecodef-ihedn.fr\\\/video-de-lintervention-de-julien-malizard-au-colloque-exportations-darmement-et-droit-public-le-18-novembre-2021\\\/#breadcrumb\",\"itemListElement\":[{\"@type\":\"ListItem\",\"position\":1,\"name\":\"Accueil\",\"item\":\"https:\\\/\\\/ecodef-ihedn.fr\\\/\"},{\"@type\":\"ListItem\",\"position\":2,\"name\":\"Vid\u00e9o de l&#8217;intervention de Julien Malizard au Colloque \u201cExportations d\u2019armement et droit public\u201d, le 18 novembre 2021\"}]},{\"@type\":\"WebSite\",\"@id\":\"https:\\\/\\\/ecodef-ihedn.fr\\\/#website\",\"url\":\"https:\\\/\\\/ecodef-ihedn.fr\\\/\",\"name\":\"Chaire \u00c9conomie de D\u00e9fense - IHEDN\",\"description\":\"Produire &amp; soutenir, f\u00e9d\u00e9rer &amp; diffuser, \u00eatre une interface\",\"publisher\":{\"@id\":\"https:\\\/\\\/ecodef-ihedn.fr\\\/#organization\"},\"potentialAction\":[{\"@type\":\"SearchAction\",\"target\":{\"@type\":\"EntryPoint\",\"urlTemplate\":\"https:\\\/\\\/ecodef-ihedn.fr\\\/?s={search_term_string}\"},\"query-input\":{\"@type\":\"PropertyValueSpecification\",\"valueRequired\":true,\"valueName\":\"search_term_string\"}}],\"inLanguage\":\"en-GB\"},{\"@type\":\"Organization\",\"@id\":\"https:\\\/\\\/ecodef-ihedn.fr\\\/#organization\",\"name\":\"Chaire \u00c9conomie de d\u00e9fense - IHEDN\",\"url\":\"https:\\\/\\\/ecodef-ihedn.fr\\\/\",\"logo\":{\"@type\":\"ImageObject\",\"inLanguage\":\"en-GB\",\"@id\":\"https:\\\/\\\/ecodef-ihedn.fr\\\/#\\\/schema\\\/logo\\\/image\\\/\",\"url\":\"https:\\\/\\\/ecodef-ihedn.fr\\\/wp-content\\\/uploads\\\/2020\\\/04\\\/logoEcodef9.jpg\",\"contentUrl\":\"https:\\\/\\\/ecodef-ihedn.fr\\\/wp-content\\\/uploads\\\/2020\\\/04\\\/logoEcodef9.jpg\",\"width\":410,\"height\":212,\"caption\":\"Chaire \u00c9conomie de d\u00e9fense - IHEDN\"},\"image\":{\"@id\":\"https:\\\/\\\/ecodef-ihedn.fr\\\/#\\\/schema\\\/logo\\\/image\\\/\"},\"sameAs\":[\"https:\\\/\\\/x.com\\\/Chaire_Ecodef\",\"https:\\\/\\\/www.linkedin.com\\\/company\\\/chaire-ecodef-ihedn\\\/\"]},{\"@type\":\"Person\",\"@id\":\"https:\\\/\\\/ecodef-ihedn.fr\\\/#\\\/schema\\\/person\\\/1cdf22d028cebe278126a6e07a884d30\",\"name\":\"Bertrand Demandre\",\"image\":{\"@type\":\"ImageObject\",\"inLanguage\":\"en-GB\",\"@id\":\"https:\\\/\\\/secure.gravatar.com\\\/avatar\\\/d9c9746d6c900ab5b9c0f9b1fa3932e369da923da247d624b8f7ab4ba8a3c093?s=96&d=mm&r=g\",\"url\":\"https:\\\/\\\/secure.gravatar.com\\\/avatar\\\/d9c9746d6c900ab5b9c0f9b1fa3932e369da923da247d624b8f7ab4ba8a3c093?s=96&d=mm&r=g\",\"contentUrl\":\"https:\\\/\\\/secure.gravatar.com\\\/avatar\\\/d9c9746d6c900ab5b9c0f9b1fa3932e369da923da247d624b8f7ab4ba8a3c093?s=96&d=mm&r=g\",\"caption\":\"Bertrand Demandre\"},\"url\":\"https:\\\/\\\/ecodef-ihedn.fr\\\/en\\\/author\\\/bertrand\\\/\"}]}<\/script>\n<!-- \/ Yoast SEO plugin. -->","yoast_head_json":{"title":"Vid\u00e9o de l'intervention de Julien Malizard au Colloque \u201cExportations d\u2019armement et droit public\u201d, le 18 novembre 2021 - Chaire \u00c9conomie de d\u00e9fense - IHEDN","robots":{"index":"index","follow":"follow","max-snippet":"max-snippet:-1","max-image-preview":"max-image-preview:large","max-video-preview":"max-video-preview:-1"},"canonical":"https:\/\/ecodef-ihedn.fr\/en\/video-de-lintervention-de-julien-malizard-au-colloque-exportations-darmement-et-droit-public-le-18-novembre-2021\/","og_locale":"en_GB","og_type":"article","og_title":"Vid\u00e9o de l'intervention de Julien Malizard au Colloque \u201cExportations d\u2019armement et droit public\u201d, le 18 novembre 2021 - Chaire \u00c9conomie de d\u00e9fense - IHEDN","og_description":"Julien Malizard, titulaire adjoint de la Chaire, a particip\u00e9 \u00e0 un colloque organis\u00e9 par le Centre de Th\u00e9orie et Analyse du Droit (CTAD) de l\u2019Universit\u00e9 Paris Nanterre, le 18 novembre. Julien Malizard&nbsp;est intervenu le 18 novembre sur le th\u00e8me \u201cEnjeux \u00e9conomiques et budg\u00e9taires des&nbsp;exportations d\u2019armes\u201d lors du colloque \u201cExportations d\u2019armes et droit public\u201d, organis\u00e9 par [&hellip;]","og_url":"https:\/\/ecodef-ihedn.fr\/en\/video-de-lintervention-de-julien-malizard-au-colloque-exportations-darmement-et-droit-public-le-18-novembre-2021\/","og_site_name":"Chaire \u00c9conomie de d\u00e9fense - IHEDN","article_published_time":"2021-12-02T15:03:57+00:00","article_modified_time":"2022-03-29T18:48:24+00:00","og_image":[{"width":634,"height":477,"url":"https:\/\/ecodef-ihedn.fr\/wp-content\/uploads\/2021\/11\/armements2-e1635954008573.jpg","type":"image\/jpeg"}],"author":"Bertrand Demandre","twitter_card":"summary_large_image","twitter_creator":"@Chaire_Ecodef","twitter_site":"@Chaire_Ecodef","twitter_misc":{"Written by":"Bertrand Demandre","Estimated reading time":"2 minutes"},"schema":{"@context":"https:\/\/schema.org","@graph":[{"@type":"Article","@id":"https:\/\/ecodef-ihedn.fr\/video-de-lintervention-de-julien-malizard-au-colloque-exportations-darmement-et-droit-public-le-18-novembre-2021\/#article","isPartOf":{"@id":"https:\/\/ecodef-ihedn.fr\/video-de-lintervention-de-julien-malizard-au-colloque-exportations-darmement-et-droit-public-le-18-novembre-2021\/"},"author":{"name":"Bertrand Demandre","@id":"https:\/\/ecodef-ihedn.fr\/#\/schema\/person\/1cdf22d028cebe278126a6e07a884d30"},"headline":"Vid\u00e9o de l&rsquo;intervention de Julien Malizard au Colloque \u201cExportations d\u2019armement et droit public\u201d, le 18 novembre 2021","datePublished":"2021-12-02T15:03:57+00:00","dateModified":"2022-03-29T18:48:24+00:00","mainEntityOfPage":{"@id":"https:\/\/ecodef-ihedn.fr\/video-de-lintervention-de-julien-malizard-au-colloque-exportations-darmement-et-droit-public-le-18-novembre-2021\/"},"wordCount":254,"commentCount":0,"publisher":{"@id":"https:\/\/ecodef-ihedn.fr\/#organization"},"image":{"@id":"https:\/\/ecodef-ihedn.fr\/video-de-lintervention-de-julien-malizard-au-colloque-exportations-darmement-et-droit-public-le-18-novembre-2021\/#primaryimage"},"thumbnailUrl":"https:\/\/ecodef-ihedn.fr\/wp-content\/uploads\/2021\/11\/armements2-e1635954008573.jpg","keywords":["Budget","colloque","conf\u00e9rence","CTAD","D\u00e9fense","ecodef","\u00e9conomie de d\u00e9fense","enjeux \u00e9conomiques","exportations d'armes","exportations d&#039;armement","IHEDN","Julien Malizard","Universit\u00e9 Paris Nanterre"],"articleSection":["Activit\u00e9s","Activit\u00e9s : participation de la Chaire \u00e0 un \u00e9v\u00e9nement"],"inLanguage":"en-GB","potentialAction":[{"@type":"CommentAction","name":"Comment","target":["https:\/\/ecodef-ihedn.fr\/video-de-lintervention-de-julien-malizard-au-colloque-exportations-darmement-et-droit-public-le-18-novembre-2021\/#respond"]}]},{"@type":"WebPage","@id":"https:\/\/ecodef-ihedn.fr\/video-de-lintervention-de-julien-malizard-au-colloque-exportations-darmement-et-droit-public-le-18-novembre-2021\/","url":"https:\/\/ecodef-ihedn.fr\/video-de-lintervention-de-julien-malizard-au-colloque-exportations-darmement-et-droit-public-le-18-novembre-2021\/","name":"Vid\u00e9o de l'intervention de Julien Malizard au Colloque \u201cExportations d\u2019armement et droit public\u201d, le 18 novembre 2021 - Chaire \u00c9conomie de d\u00e9fense - IHEDN","isPartOf":{"@id":"https:\/\/ecodef-ihedn.fr\/#website"},"primaryImageOfPage":{"@id":"https:\/\/ecodef-ihedn.fr\/video-de-lintervention-de-julien-malizard-au-colloque-exportations-darmement-et-droit-public-le-18-novembre-2021\/#primaryimage"},"image":{"@id":"https:\/\/ecodef-ihedn.fr\/video-de-lintervention-de-julien-malizard-au-colloque-exportations-darmement-et-droit-public-le-18-novembre-2021\/#primaryimage"},"thumbnailUrl":"https:\/\/ecodef-ihedn.fr\/wp-content\/uploads\/2021\/11\/armements2-e1635954008573.jpg","datePublished":"2021-12-02T15:03:57+00:00","dateModified":"2022-03-29T18:48:24+00:00","breadcrumb":{"@id":"https:\/\/ecodef-ihedn.fr\/video-de-lintervention-de-julien-malizard-au-colloque-exportations-darmement-et-droit-public-le-18-novembre-2021\/#breadcrumb"},"inLanguage":"en-GB","potentialAction":[{"@type":"ReadAction","target":["https:\/\/ecodef-ihedn.fr\/video-de-lintervention-de-julien-malizard-au-colloque-exportations-darmement-et-droit-public-le-18-novembre-2021\/"]}]},{"@type":"ImageObject","inLanguage":"en-GB","@id":"https:\/\/ecodef-ihedn.fr\/video-de-lintervention-de-julien-malizard-au-colloque-exportations-darmement-et-droit-public-le-18-novembre-2021\/#primaryimage","url":"https:\/\/ecodef-ihedn.fr\/wp-content\/uploads\/2021\/11\/armements2-e1635954008573.jpg","contentUrl":"https:\/\/ecodef-ihedn.fr\/wp-content\/uploads\/2021\/11\/armements2-e1635954008573.jpg","width":634,"height":477},{"@type":"BreadcrumbList","@id":"https:\/\/ecodef-ihedn.fr\/video-de-lintervention-de-julien-malizard-au-colloque-exportations-darmement-et-droit-public-le-18-novembre-2021\/#breadcrumb","itemListElement":[{"@type":"ListItem","position":1,"name":"Accueil","item":"https:\/\/ecodef-ihedn.fr\/"},{"@type":"ListItem","position":2,"name":"Vid\u00e9o de l&#8217;intervention de Julien Malizard au Colloque \u201cExportations d\u2019armement et droit public\u201d, le 18 novembre 2021"}]},{"@type":"WebSite","@id":"https:\/\/ecodef-ihedn.fr\/#website","url":"https:\/\/ecodef-ihedn.fr\/","name":"Chair in Defence Economics - IHEDN","description":"Produce &amp; support, federate &amp; disseminate, act as an interface","publisher":{"@id":"https:\/\/ecodef-ihedn.fr\/#organization"},"potentialAction":[{"@type":"SearchAction","target":{"@type":"EntryPoint","urlTemplate":"https:\/\/ecodef-ihedn.fr\/?s={search_term_string}"},"query-input":{"@type":"PropertyValueSpecification","valueRequired":true,"valueName":"search_term_string"}}],"inLanguage":"en-GB"},{"@type":"Organization","@id":"https:\/\/ecodef-ihedn.fr\/#organization","name":"Chair in Defence Economics - IHEDN","url":"https:\/\/ecodef-ihedn.fr\/","logo":{"@type":"ImageObject","inLanguage":"en-GB","@id":"https:\/\/ecodef-ihedn.fr\/#\/schema\/logo\/image\/","url":"https:\/\/ecodef-ihedn.fr\/wp-content\/uploads\/2020\/04\/logoEcodef9.jpg","contentUrl":"https:\/\/ecodef-ihedn.fr\/wp-content\/uploads\/2020\/04\/logoEcodef9.jpg","width":410,"height":212,"caption":"Chaire \u00c9conomie de d\u00e9fense - IHEDN"},"image":{"@id":"https:\/\/ecodef-ihedn.fr\/#\/schema\/logo\/image\/"},"sameAs":["https:\/\/x.com\/Chaire_Ecodef","https:\/\/www.linkedin.com\/company\/chaire-ecodef-ihedn\/"]},{"@type":"Person","@id":"https:\/\/ecodef-ihedn.fr\/#\/schema\/person\/1cdf22d028cebe278126a6e07a884d30","name":"Bertrand Demandre","image":{"@type":"ImageObject","inLanguage":"en-GB","@id":"https:\/\/secure.gravatar.com\/avatar\/d9c9746d6c900ab5b9c0f9b1fa3932e369da923da247d624b8f7ab4ba8a3c093?s=96&d=mm&r=g","url":"https:\/\/secure.gravatar.com\/avatar\/d9c9746d6c900ab5b9c0f9b1fa3932e369da923da247d624b8f7ab4ba8a3c093?s=96&d=mm&r=g","contentUrl":"https:\/\/secure.gravatar.com\/avatar\/d9c9746d6c900ab5b9c0f9b1fa3932e369da923da247d624b8f7ab4ba8a3c093?s=96&d=mm&r=g","caption":"Bertrand Demandre"},"url":"https:\/\/ecodef-ihedn.fr\/en\/author\/bertrand\/"}]}},"_links":{"self":[{"href":"https:\/\/ecodef-ihedn.fr\/en\/wp-json\/wp\/v2\/posts\/4077","targetHints":{"allow":["GET"]}}],"collection":[{"href":"https:\/\/ecodef-ihedn.fr\/en\/wp-json\/wp\/v2\/posts"}],"about":[{"href":"https:\/\/ecodef-ihedn.fr\/en\/wp-json\/wp\/v2\/types\/post"}],"author":[{"embeddable":true,"href":"https:\/\/ecodef-ihedn.fr\/en\/wp-json\/wp\/v2\/users\/2"}],"replies":[{"embeddable":true,"href":"https:\/\/ecodef-ihedn.fr\/en\/wp-json\/wp\/v2\/comments?post=4077"}],"version-history":[{"count":5,"href":"https:\/\/ecodef-ihedn.fr\/en\/wp-json\/wp\/v2\/posts\/4077\/revisions"}],"predecessor-version":[{"id":4558,"href":"https:\/\/ecodef-ihedn.fr\/en\/wp-json\/wp\/v2\/posts\/4077\/revisions\/4558"}],"wp:featuredmedia":[{"embeddable":true,"href":"https:\/\/ecodef-ihedn.fr\/en\/wp-json\/wp\/v2\/media\/3949"}],"wp:attachment":[{"href":"https:\/\/ecodef-ihedn.fr\/en\/wp-json\/wp\/v2\/media?parent=4077"}],"wp:term":[{"taxonomy":"category","embeddable":true,"href":"https:\/\/ecodef-ihedn.fr\/en\/wp-json\/wp\/v2\/categories?post=4077"},{"taxonomy":"post_tag","embeddable":true,"href":"https:\/\/ecodef-ihedn.fr\/en\/wp-json\/wp\/v2\/tags?post=4077"}],"curies":[{"name":"wp","href":"https:\/\/api.w.org\/{rel}","templated":true}]}}