{"id":4081,"date":"2021-11-29T16:16:00","date_gmt":"2021-11-29T16:16:00","guid":{"rendered":"https:\/\/ecodef-ihedn.fr\/?p=4081"},"modified":"2022-10-20T09:06:15","modified_gmt":"2022-10-20T09:06:15","slug":"participation-de-jean-belin-josselin-droff-et-julien-malizard-au-copda-le-17-novembre-2021","status":"publish","type":"post","link":"https:\/\/ecodef-ihedn.fr\/en\/participation-de-jean-belin-josselin-droff-et-julien-malizard-au-copda-le-17-novembre-2021\/","title":{"rendered":"Jean Belin, Josselin Droff and Julien Malizard to attend the CoPDA on 17 November 2021"},"content":{"rendered":"<p><strong>The Economics of Defence - IHEDN team spoke on Wednesday 17 November at the Defence and Aerospace Advanced Training Course (CoPDA).<\/strong><\/p>\n\n\n<div class=\"wp-block-image\">\n<figure class=\"aligncenter size-large\"><img loading=\"lazy\" decoding=\"async\" width=\"1024\" height=\"731\" src=\"https:\/\/ecodef-ihedn.fr\/wp-content\/uploads\/2022\/10\/COPDA_JD-1024x731.jpg\" alt=\"\" class=\"wp-image-6803\" srcset=\"https:\/\/ecodef-ihedn.fr\/wp-content\/uploads\/2022\/10\/COPDA_JD-1024x731.jpg 1024w, https:\/\/ecodef-ihedn.fr\/wp-content\/uploads\/2022\/10\/COPDA_JD-300x214.jpg 300w, https:\/\/ecodef-ihedn.fr\/wp-content\/uploads\/2022\/10\/COPDA_JD-768x549.jpg 768w, https:\/\/ecodef-ihedn.fr\/wp-content\/uploads\/2022\/10\/COPDA_JD-1536x1097.jpg 1536w, https:\/\/ecodef-ihedn.fr\/wp-content\/uploads\/2022\/10\/COPDA_JD-2048x1463.jpg 2048w, https:\/\/ecodef-ihedn.fr\/wp-content\/uploads\/2022\/10\/COPDA_JD-696x497.jpg 696w, https:\/\/ecodef-ihedn.fr\/wp-content\/uploads\/2022\/10\/COPDA_JD-1392x994.jpg 1392w, https:\/\/ecodef-ihedn.fr\/wp-content\/uploads\/2022\/10\/COPDA_JD-1068x763.jpg 1068w, https:\/\/ecodef-ihedn.fr\/wp-content\/uploads\/2022\/10\/COPDA_JD-1920x1371.jpg 1920w, https:\/\/ecodef-ihedn.fr\/wp-content\/uploads\/2022\/10\/COPDA_JD-588x420.jpg 588w, https:\/\/ecodef-ihedn.fr\/wp-content\/uploads\/2022\/10\/COPDA_JD-1176x840.jpg 1176w, https:\/\/ecodef-ihedn.fr\/wp-content\/uploads\/2022\/10\/COPDA_JD-100x70.jpg 100w\" sizes=\"auto, (max-width: 1024px) 100vw, 1024px\" \/><\/figure>\n<\/div>\n\n\n<p><strong>Jean Belin<\/strong>, holder of the Chiare, <strong>Julien Malizard<\/strong>, deputy holder, and <strong>Josselin Droff<\/strong>, a researcher, took part in the CoPDA, organised in Massy (Safran University) by the\u00a0<a href=\"https:\/\/www.sciencespobordeaux.fr\/fr\/l-institut\/notre-ecole\/les-chaires-d-enseignement-et-de-recherche-1\/chaire-defense-aerospatial.html\" target=\"_blank\" rel=\"noreferrer noopener\">Defence &amp; Aerospace Chair<\/a>, led by the<strong> General (2S) Laurent.<\/strong><\/p>\n\n\n\n<p>The event provided an opportunity to present the work of the Chair's members to an audience including industrialists from the defence sector.<\/p>\n\n\n\n<p>After outlining the links between the defence economy and the economy of conflict, Jean Belin presented <strong>an overview of the French DTIB<\/strong> highlighting the methodological difficulties involved in defining and measuring it. On the basis of his work, he also addressed the specific characteristics of defence companies when compared with companies in the civilian sector. The <a href=\"https:\/\/ecodef-ihedn.fr\/en\/synthese-du-webinaire-le-financement-des-entreprises-de-defense-les-entretiens-de-lecodef-2-le-13-octobre-2021\/\" target=\"_blank\" rel=\"noreferrer noopener\">financing issues for defence companies<\/a> were also presented, in <strong>the technological and financial transformation of the global economy.<\/strong><\/p>\n\n\n\n<p>Josselin Droff presented the Chair's work on <strong>acquisition policies<\/strong> States, through <a href=\"https:\/\/ecodef-ihedn.fr\/en\/infographie-avions-de-combat-en-europe-publication-dun-article-de-josselin-droff-julien-malizard-et-laure-noel-dans-la-revue-historique-des-armees\/\" target=\"_blank\" rel=\"noreferrer noopener\">the case of fighter aircraft in Europe since the end of the Cold War<\/a>. A symbol of prestige and military power, the combat aircraft is also a market subject to both financial constraints and political and diplomatic uncertainties. The issues surrounding the renewal of combat aircraft provided an opportunity to address the questions of\u2019<strong>strategic autonomy<\/strong>, of <strong>preserving industrial skills<\/strong> within the DTIB as well as the <a href=\"https:\/\/ecodef-ihedn.fr\/en\/lindustrie-de-defense-en-europe-la-cooperation-ou-le-declassement\/\" target=\"_blank\" rel=\"noreferrer noopener\">cooperation programmes in Europe<\/a>.<\/p>\n\n\n\n<p>Julien Malizard presented <strong>issues relating to\u2019<a href=\"https:\/\/ecodef-ihedn.fr\/en\/julien-malizard-annuaire-droit-de-la-securite-et-de-la-defense\/\" target=\"_blank\" rel=\"noreferrer noopener\">economic impact<\/a> defence activities<\/strong>, In this context, the focus is on the link between macroeconomic impact, regional impact and the technological impact on businesses. On the basis of <a href=\"https:\/\/ecodef-ihedn.fr\/en\/thematiques\/depense-de-defense\/\" target=\"_blank\" rel=\"noreferrer noopener\">works <\/a>conducted by the author over the last ten years and the economic literature, it appears that defence generates positive economic spin-offs, but that its usefulness as an instrument of economic policy is questionable.<\/p>","protected":false},"excerpt":{"rendered":"<p>L&rsquo;\u00e9quipe de la Chaire \u00c9conomie de d\u00e9fense &#8211; IHEDN est intervenue le mercredi 17 novembre lors du Cours de Perfectionnement D\u00e9fense et A\u00e9rospatial (CoPDA) Jean Belin, titulaire de la Chiare, Julien Malizard, titulaire adjoint, et Josselin Droff, chercheur, ont particip\u00e9 au CoPDA, organis\u00e9 \u00e0 Massy (Safran University) par la\u00a0Chaire D\u00e9fense &amp; A\u00e9rospatial, pilot\u00e9e par le [&hellip;]<\/p>\n","protected":false},"author":2,"featured_media":6803,"comment_status":"open","ping_status":"open","sticky":false,"template":"","format":"standard","meta":{"footnotes":""},"categories":[34,356],"tags":[488,262,162,411,410,334,36,438,47,74,492,38,335,287,202,86],"class_list":{"0":"post-4081","1":"post","2":"type-post","3":"status-publish","4":"format-standard","5":"has-post-thumbnail","7":"category-activites","8":"category-activites-participation-de-la-chaire-a-un-evenement","9":"tag-acquisitions","10":"tag-chaire-defense-et-aerospatial","11":"tag-chaire-economie-de-defense","12":"tag-cooperation-de-defense","13":"tag-cooperation-europeenne","14":"tag-copda","15":"tag-defense","16":"tag-ecodef","17":"tag-economie-de-defense","18":"tag-financement","19":"tag-financement-des-entreprises-de-defense","20":"tag-ihedn","21":"tag-impact-economique","22":"tag-jean-belin","23":"tag-josselin-droff","24":"tag-julien-malizard"},"yoast_head":"<!-- This site is optimized with the Yoast SEO plugin v27.4 - https:\/\/yoast.com\/product\/yoast-seo-wordpress\/ -->\n<title>Participation de Jean Belin, Josselin Droff et Julien Malizard au CoPDA le 17 novembre 2021 - Chaire \u00c9conomie de d\u00e9fense - IHEDN<\/title>\n<meta name=\"robots\" content=\"index, follow, max-snippet:-1, max-image-preview:large, max-video-preview:-1\" \/>\n<link rel=\"canonical\" href=\"https:\/\/ecodef-ihedn.fr\/en\/participation-de-jean-belin-josselin-droff-et-julien-malizard-au-copda-le-17-novembre-2021\/\" \/>\n<meta property=\"og:locale\" content=\"en_GB\" \/>\n<meta property=\"og:type\" content=\"article\" \/>\n<meta property=\"og:title\" content=\"Participation de Jean Belin, Josselin Droff et Julien Malizard au CoPDA le 17 novembre 2021 - Chaire \u00c9conomie de d\u00e9fense - IHEDN\" \/>\n<meta property=\"og:description\" content=\"L&rsquo;\u00e9quipe de la Chaire \u00c9conomie de d\u00e9fense &#8211; IHEDN est intervenue le mercredi 17 novembre lors du Cours de Perfectionnement D\u00e9fense et A\u00e9rospatial (CoPDA) Jean Belin, titulaire de la Chiare, Julien Malizard, titulaire adjoint, et Josselin Droff, chercheur, ont particip\u00e9 au CoPDA, organis\u00e9 \u00e0 Massy (Safran University) par la\u00a0Chaire D\u00e9fense &amp; A\u00e9rospatial, pilot\u00e9e par le [&hellip;]\" \/>\n<meta property=\"og:url\" content=\"https:\/\/ecodef-ihedn.fr\/en\/participation-de-jean-belin-josselin-droff-et-julien-malizard-au-copda-le-17-novembre-2021\/\" \/>\n<meta property=\"og:site_name\" content=\"Chaire \u00c9conomie de d\u00e9fense - IHEDN\" \/>\n<meta property=\"article:published_time\" content=\"2021-11-29T16:16:00+00:00\" \/>\n<meta property=\"article:modified_time\" content=\"2022-10-20T09:06:15+00:00\" \/>\n<meta property=\"og:image\" content=\"https:\/\/ecodef-ihedn.fr\/wp-content\/uploads\/2022\/10\/COPDA_JD-scaled.jpg\" \/>\n\t<meta property=\"og:image:width\" content=\"2560\" \/>\n\t<meta property=\"og:image:height\" content=\"1829\" \/>\n\t<meta property=\"og:image:type\" content=\"image\/jpeg\" \/>\n<meta name=\"author\" content=\"Bertrand Demandre\" \/>\n<meta name=\"twitter:card\" content=\"summary_large_image\" \/>\n<meta name=\"twitter:creator\" content=\"@Chaire_Ecodef\" \/>\n<meta name=\"twitter:site\" content=\"@Chaire_Ecodef\" \/>\n<meta name=\"twitter:label1\" content=\"Written by\" \/>\n\t<meta name=\"twitter:data1\" content=\"Bertrand Demandre\" \/>\n\t<meta name=\"twitter:label2\" content=\"Estimated reading time\" \/>\n\t<meta name=\"twitter:data2\" content=\"2 minutes\" \/>\n<script type=\"application\/ld+json\" class=\"yoast-schema-graph\">{\"@context\":\"https:\\\/\\\/schema.org\",\"@graph\":[{\"@type\":\"Article\",\"@id\":\"https:\\\/\\\/ecodef-ihedn.fr\\\/participation-de-jean-belin-josselin-droff-et-julien-malizard-au-copda-le-17-novembre-2021\\\/#article\",\"isPartOf\":{\"@id\":\"https:\\\/\\\/ecodef-ihedn.fr\\\/participation-de-jean-belin-josselin-droff-et-julien-malizard-au-copda-le-17-novembre-2021\\\/\"},\"author\":{\"name\":\"Bertrand Demandre\",\"@id\":\"https:\\\/\\\/ecodef-ihedn.fr\\\/#\\\/schema\\\/person\\\/1cdf22d028cebe278126a6e07a884d30\"},\"headline\":\"Participation de Jean Belin, Josselin Droff et Julien Malizard au CoPDA le 17 novembre 2021\",\"datePublished\":\"2021-11-29T16:16:00+00:00\",\"dateModified\":\"2022-10-20T09:06:15+00:00\",\"mainEntityOfPage\":{\"@id\":\"https:\\\/\\\/ecodef-ihedn.fr\\\/participation-de-jean-belin-josselin-droff-et-julien-malizard-au-copda-le-17-novembre-2021\\\/\"},\"wordCount\":403,\"commentCount\":1,\"publisher\":{\"@id\":\"https:\\\/\\\/ecodef-ihedn.fr\\\/#organization\"},\"image\":{\"@id\":\"https:\\\/\\\/ecodef-ihedn.fr\\\/participation-de-jean-belin-josselin-droff-et-julien-malizard-au-copda-le-17-novembre-2021\\\/#primaryimage\"},\"thumbnailUrl\":\"https:\\\/\\\/ecodef-ihedn.fr\\\/wp-content\\\/uploads\\\/2022\\\/10\\\/COPDA_JD-scaled.jpg\",\"keywords\":[\"acquisitions\",\"chaire d\u00e9fense et a\u00e9rospatial\",\"chaire \u00e9conomie de d\u00e9fense\",\"coop\u00e9ration de d\u00e9fense\",\"coop\u00e9ration europ\u00e9enne\",\"CoPDA\",\"D\u00e9fense\",\"ecodef\",\"\u00e9conomie de d\u00e9fense\",\"financement\",\"financement des entreprises de d\u00e9fense\",\"IHEDN\",\"Impact \u00e9conomique\",\"Jean Belin\",\"Josselin Droff\",\"Julien Malizard\"],\"articleSection\":[\"Activit\u00e9s\",\"Activit\u00e9s : participation de la Chaire \u00e0 un \u00e9v\u00e9nement\"],\"inLanguage\":\"en-GB\",\"potentialAction\":[{\"@type\":\"CommentAction\",\"name\":\"Comment\",\"target\":[\"https:\\\/\\\/ecodef-ihedn.fr\\\/participation-de-jean-belin-josselin-droff-et-julien-malizard-au-copda-le-17-novembre-2021\\\/#respond\"]}]},{\"@type\":\"WebPage\",\"@id\":\"https:\\\/\\\/ecodef-ihedn.fr\\\/participation-de-jean-belin-josselin-droff-et-julien-malizard-au-copda-le-17-novembre-2021\\\/\",\"url\":\"https:\\\/\\\/ecodef-ihedn.fr\\\/participation-de-jean-belin-josselin-droff-et-julien-malizard-au-copda-le-17-novembre-2021\\\/\",\"name\":\"Participation de Jean Belin, Josselin Droff et Julien Malizard au CoPDA le 17 novembre 2021 - Chaire \u00c9conomie de d\u00e9fense - IHEDN\",\"isPartOf\":{\"@id\":\"https:\\\/\\\/ecodef-ihedn.fr\\\/#website\"},\"primaryImageOfPage\":{\"@id\":\"https:\\\/\\\/ecodef-ihedn.fr\\\/participation-de-jean-belin-josselin-droff-et-julien-malizard-au-copda-le-17-novembre-2021\\\/#primaryimage\"},\"image\":{\"@id\":\"https:\\\/\\\/ecodef-ihedn.fr\\\/participation-de-jean-belin-josselin-droff-et-julien-malizard-au-copda-le-17-novembre-2021\\\/#primaryimage\"},\"thumbnailUrl\":\"https:\\\/\\\/ecodef-ihedn.fr\\\/wp-content\\\/uploads\\\/2022\\\/10\\\/COPDA_JD-scaled.jpg\",\"datePublished\":\"2021-11-29T16:16:00+00:00\",\"dateModified\":\"2022-10-20T09:06:15+00:00\",\"breadcrumb\":{\"@id\":\"https:\\\/\\\/ecodef-ihedn.fr\\\/participation-de-jean-belin-josselin-droff-et-julien-malizard-au-copda-le-17-novembre-2021\\\/#breadcrumb\"},\"inLanguage\":\"en-GB\",\"potentialAction\":[{\"@type\":\"ReadAction\",\"target\":[\"https:\\\/\\\/ecodef-ihedn.fr\\\/participation-de-jean-belin-josselin-droff-et-julien-malizard-au-copda-le-17-novembre-2021\\\/\"]}]},{\"@type\":\"ImageObject\",\"inLanguage\":\"en-GB\",\"@id\":\"https:\\\/\\\/ecodef-ihedn.fr\\\/participation-de-jean-belin-josselin-droff-et-julien-malizard-au-copda-le-17-novembre-2021\\\/#primaryimage\",\"url\":\"https:\\\/\\\/ecodef-ihedn.fr\\\/wp-content\\\/uploads\\\/2022\\\/10\\\/COPDA_JD-scaled.jpg\",\"contentUrl\":\"https:\\\/\\\/ecodef-ihedn.fr\\\/wp-content\\\/uploads\\\/2022\\\/10\\\/COPDA_JD-scaled.jpg\",\"width\":2560,\"height\":1829},{\"@type\":\"BreadcrumbList\",\"@id\":\"https:\\\/\\\/ecodef-ihedn.fr\\\/participation-de-jean-belin-josselin-droff-et-julien-malizard-au-copda-le-17-novembre-2021\\\/#breadcrumb\",\"itemListElement\":[{\"@type\":\"ListItem\",\"position\":1,\"name\":\"Accueil\",\"item\":\"https:\\\/\\\/ecodef-ihedn.fr\\\/\"},{\"@type\":\"ListItem\",\"position\":2,\"name\":\"Participation de Jean Belin, Josselin Droff et Julien Malizard au CoPDA le 17 novembre 2021\"}]},{\"@type\":\"WebSite\",\"@id\":\"https:\\\/\\\/ecodef-ihedn.fr\\\/#website\",\"url\":\"https:\\\/\\\/ecodef-ihedn.fr\\\/\",\"name\":\"Chaire \u00c9conomie de D\u00e9fense - IHEDN\",\"description\":\"Produire &amp; soutenir, f\u00e9d\u00e9rer &amp; diffuser, \u00eatre une interface\",\"publisher\":{\"@id\":\"https:\\\/\\\/ecodef-ihedn.fr\\\/#organization\"},\"potentialAction\":[{\"@type\":\"SearchAction\",\"target\":{\"@type\":\"EntryPoint\",\"urlTemplate\":\"https:\\\/\\\/ecodef-ihedn.fr\\\/?s={search_term_string}\"},\"query-input\":{\"@type\":\"PropertyValueSpecification\",\"valueRequired\":true,\"valueName\":\"search_term_string\"}}],\"inLanguage\":\"en-GB\"},{\"@type\":\"Organization\",\"@id\":\"https:\\\/\\\/ecodef-ihedn.fr\\\/#organization\",\"name\":\"Chaire \u00c9conomie de d\u00e9fense - IHEDN\",\"url\":\"https:\\\/\\\/ecodef-ihedn.fr\\\/\",\"logo\":{\"@type\":\"ImageObject\",\"inLanguage\":\"en-GB\",\"@id\":\"https:\\\/\\\/ecodef-ihedn.fr\\\/#\\\/schema\\\/logo\\\/image\\\/\",\"url\":\"https:\\\/\\\/ecodef-ihedn.fr\\\/wp-content\\\/uploads\\\/2020\\\/04\\\/logoEcodef9.jpg\",\"contentUrl\":\"https:\\\/\\\/ecodef-ihedn.fr\\\/wp-content\\\/uploads\\\/2020\\\/04\\\/logoEcodef9.jpg\",\"width\":410,\"height\":212,\"caption\":\"Chaire \u00c9conomie de d\u00e9fense - IHEDN\"},\"image\":{\"@id\":\"https:\\\/\\\/ecodef-ihedn.fr\\\/#\\\/schema\\\/logo\\\/image\\\/\"},\"sameAs\":[\"https:\\\/\\\/x.com\\\/Chaire_Ecodef\",\"https:\\\/\\\/www.linkedin.com\\\/company\\\/chaire-ecodef-ihedn\\\/\"]},{\"@type\":\"Person\",\"@id\":\"https:\\\/\\\/ecodef-ihedn.fr\\\/#\\\/schema\\\/person\\\/1cdf22d028cebe278126a6e07a884d30\",\"name\":\"Bertrand Demandre\",\"image\":{\"@type\":\"ImageObject\",\"inLanguage\":\"en-GB\",\"@id\":\"https:\\\/\\\/secure.gravatar.com\\\/avatar\\\/d9c9746d6c900ab5b9c0f9b1fa3932e369da923da247d624b8f7ab4ba8a3c093?s=96&d=mm&r=g\",\"url\":\"https:\\\/\\\/secure.gravatar.com\\\/avatar\\\/d9c9746d6c900ab5b9c0f9b1fa3932e369da923da247d624b8f7ab4ba8a3c093?s=96&d=mm&r=g\",\"contentUrl\":\"https:\\\/\\\/secure.gravatar.com\\\/avatar\\\/d9c9746d6c900ab5b9c0f9b1fa3932e369da923da247d624b8f7ab4ba8a3c093?s=96&d=mm&r=g\",\"caption\":\"Bertrand Demandre\"},\"url\":\"https:\\\/\\\/ecodef-ihedn.fr\\\/en\\\/author\\\/bertrand\\\/\"}]}<\/script>\n<!-- \/ Yoast SEO plugin. -->","yoast_head_json":{"title":"Participation de Jean Belin, Josselin Droff et Julien Malizard au CoPDA le 17 novembre 2021 - Chaire \u00c9conomie de d\u00e9fense - IHEDN","robots":{"index":"index","follow":"follow","max-snippet":"max-snippet:-1","max-image-preview":"max-image-preview:large","max-video-preview":"max-video-preview:-1"},"canonical":"https:\/\/ecodef-ihedn.fr\/en\/participation-de-jean-belin-josselin-droff-et-julien-malizard-au-copda-le-17-novembre-2021\/","og_locale":"en_GB","og_type":"article","og_title":"Participation de Jean Belin, Josselin Droff et Julien Malizard au CoPDA le 17 novembre 2021 - Chaire \u00c9conomie de d\u00e9fense - IHEDN","og_description":"L&rsquo;\u00e9quipe de la Chaire \u00c9conomie de d\u00e9fense &#8211; IHEDN est intervenue le mercredi 17 novembre lors du Cours de Perfectionnement D\u00e9fense et A\u00e9rospatial (CoPDA) Jean Belin, titulaire de la Chiare, Julien Malizard, titulaire adjoint, et Josselin Droff, chercheur, ont particip\u00e9 au CoPDA, organis\u00e9 \u00e0 Massy (Safran University) par la\u00a0Chaire D\u00e9fense &amp; A\u00e9rospatial, pilot\u00e9e par le [&hellip;]","og_url":"https:\/\/ecodef-ihedn.fr\/en\/participation-de-jean-belin-josselin-droff-et-julien-malizard-au-copda-le-17-novembre-2021\/","og_site_name":"Chaire \u00c9conomie de d\u00e9fense - IHEDN","article_published_time":"2021-11-29T16:16:00+00:00","article_modified_time":"2022-10-20T09:06:15+00:00","og_image":[{"width":2560,"height":1829,"url":"https:\/\/ecodef-ihedn.fr\/wp-content\/uploads\/2022\/10\/COPDA_JD-scaled.jpg","type":"image\/jpeg"}],"author":"Bertrand Demandre","twitter_card":"summary_large_image","twitter_creator":"@Chaire_Ecodef","twitter_site":"@Chaire_Ecodef","twitter_misc":{"Written by":"Bertrand Demandre","Estimated reading time":"2 minutes"},"schema":{"@context":"https:\/\/schema.org","@graph":[{"@type":"Article","@id":"https:\/\/ecodef-ihedn.fr\/participation-de-jean-belin-josselin-droff-et-julien-malizard-au-copda-le-17-novembre-2021\/#article","isPartOf":{"@id":"https:\/\/ecodef-ihedn.fr\/participation-de-jean-belin-josselin-droff-et-julien-malizard-au-copda-le-17-novembre-2021\/"},"author":{"name":"Bertrand Demandre","@id":"https:\/\/ecodef-ihedn.fr\/#\/schema\/person\/1cdf22d028cebe278126a6e07a884d30"},"headline":"Participation de Jean Belin, Josselin Droff et Julien Malizard au CoPDA le 17 novembre 2021","datePublished":"2021-11-29T16:16:00+00:00","dateModified":"2022-10-20T09:06:15+00:00","mainEntityOfPage":{"@id":"https:\/\/ecodef-ihedn.fr\/participation-de-jean-belin-josselin-droff-et-julien-malizard-au-copda-le-17-novembre-2021\/"},"wordCount":403,"commentCount":1,"publisher":{"@id":"https:\/\/ecodef-ihedn.fr\/#organization"},"image":{"@id":"https:\/\/ecodef-ihedn.fr\/participation-de-jean-belin-josselin-droff-et-julien-malizard-au-copda-le-17-novembre-2021\/#primaryimage"},"thumbnailUrl":"https:\/\/ecodef-ihedn.fr\/wp-content\/uploads\/2022\/10\/COPDA_JD-scaled.jpg","keywords":["acquisitions","chaire d\u00e9fense et a\u00e9rospatial","chaire \u00e9conomie de d\u00e9fense","coop\u00e9ration de d\u00e9fense","coop\u00e9ration europ\u00e9enne","CoPDA","D\u00e9fense","ecodef","\u00e9conomie de d\u00e9fense","financement","financement des entreprises de d\u00e9fense","IHEDN","Impact \u00e9conomique","Jean Belin","Josselin Droff","Julien Malizard"],"articleSection":["Activit\u00e9s","Activit\u00e9s : participation de la Chaire \u00e0 un \u00e9v\u00e9nement"],"inLanguage":"en-GB","potentialAction":[{"@type":"CommentAction","name":"Comment","target":["https:\/\/ecodef-ihedn.fr\/participation-de-jean-belin-josselin-droff-et-julien-malizard-au-copda-le-17-novembre-2021\/#respond"]}]},{"@type":"WebPage","@id":"https:\/\/ecodef-ihedn.fr\/participation-de-jean-belin-josselin-droff-et-julien-malizard-au-copda-le-17-novembre-2021\/","url":"https:\/\/ecodef-ihedn.fr\/participation-de-jean-belin-josselin-droff-et-julien-malizard-au-copda-le-17-novembre-2021\/","name":"Participation de Jean Belin, Josselin Droff et Julien Malizard au CoPDA le 17 novembre 2021 - Chaire \u00c9conomie de d\u00e9fense - IHEDN","isPartOf":{"@id":"https:\/\/ecodef-ihedn.fr\/#website"},"primaryImageOfPage":{"@id":"https:\/\/ecodef-ihedn.fr\/participation-de-jean-belin-josselin-droff-et-julien-malizard-au-copda-le-17-novembre-2021\/#primaryimage"},"image":{"@id":"https:\/\/ecodef-ihedn.fr\/participation-de-jean-belin-josselin-droff-et-julien-malizard-au-copda-le-17-novembre-2021\/#primaryimage"},"thumbnailUrl":"https:\/\/ecodef-ihedn.fr\/wp-content\/uploads\/2022\/10\/COPDA_JD-scaled.jpg","datePublished":"2021-11-29T16:16:00+00:00","dateModified":"2022-10-20T09:06:15+00:00","breadcrumb":{"@id":"https:\/\/ecodef-ihedn.fr\/participation-de-jean-belin-josselin-droff-et-julien-malizard-au-copda-le-17-novembre-2021\/#breadcrumb"},"inLanguage":"en-GB","potentialAction":[{"@type":"ReadAction","target":["https:\/\/ecodef-ihedn.fr\/participation-de-jean-belin-josselin-droff-et-julien-malizard-au-copda-le-17-novembre-2021\/"]}]},{"@type":"ImageObject","inLanguage":"en-GB","@id":"https:\/\/ecodef-ihedn.fr\/participation-de-jean-belin-josselin-droff-et-julien-malizard-au-copda-le-17-novembre-2021\/#primaryimage","url":"https:\/\/ecodef-ihedn.fr\/wp-content\/uploads\/2022\/10\/COPDA_JD-scaled.jpg","contentUrl":"https:\/\/ecodef-ihedn.fr\/wp-content\/uploads\/2022\/10\/COPDA_JD-scaled.jpg","width":2560,"height":1829},{"@type":"BreadcrumbList","@id":"https:\/\/ecodef-ihedn.fr\/participation-de-jean-belin-josselin-droff-et-julien-malizard-au-copda-le-17-novembre-2021\/#breadcrumb","itemListElement":[{"@type":"ListItem","position":1,"name":"Accueil","item":"https:\/\/ecodef-ihedn.fr\/"},{"@type":"ListItem","position":2,"name":"Participation de Jean Belin, Josselin Droff et Julien Malizard au CoPDA le 17 novembre 2021"}]},{"@type":"WebSite","@id":"https:\/\/ecodef-ihedn.fr\/#website","url":"https:\/\/ecodef-ihedn.fr\/","name":"Chair in Defence Economics - IHEDN","description":"Produce &amp; support, federate &amp; disseminate, act as an interface","publisher":{"@id":"https:\/\/ecodef-ihedn.fr\/#organization"},"potentialAction":[{"@type":"SearchAction","target":{"@type":"EntryPoint","urlTemplate":"https:\/\/ecodef-ihedn.fr\/?s={search_term_string}"},"query-input":{"@type":"PropertyValueSpecification","valueRequired":true,"valueName":"search_term_string"}}],"inLanguage":"en-GB"},{"@type":"Organization","@id":"https:\/\/ecodef-ihedn.fr\/#organization","name":"Chair in Defence Economics - IHEDN","url":"https:\/\/ecodef-ihedn.fr\/","logo":{"@type":"ImageObject","inLanguage":"en-GB","@id":"https:\/\/ecodef-ihedn.fr\/#\/schema\/logo\/image\/","url":"https:\/\/ecodef-ihedn.fr\/wp-content\/uploads\/2020\/04\/logoEcodef9.jpg","contentUrl":"https:\/\/ecodef-ihedn.fr\/wp-content\/uploads\/2020\/04\/logoEcodef9.jpg","width":410,"height":212,"caption":"Chaire \u00c9conomie de d\u00e9fense - IHEDN"},"image":{"@id":"https:\/\/ecodef-ihedn.fr\/#\/schema\/logo\/image\/"},"sameAs":["https:\/\/x.com\/Chaire_Ecodef","https:\/\/www.linkedin.com\/company\/chaire-ecodef-ihedn\/"]},{"@type":"Person","@id":"https:\/\/ecodef-ihedn.fr\/#\/schema\/person\/1cdf22d028cebe278126a6e07a884d30","name":"Bertrand Demandre","image":{"@type":"ImageObject","inLanguage":"en-GB","@id":"https:\/\/secure.gravatar.com\/avatar\/d9c9746d6c900ab5b9c0f9b1fa3932e369da923da247d624b8f7ab4ba8a3c093?s=96&d=mm&r=g","url":"https:\/\/secure.gravatar.com\/avatar\/d9c9746d6c900ab5b9c0f9b1fa3932e369da923da247d624b8f7ab4ba8a3c093?s=96&d=mm&r=g","contentUrl":"https:\/\/secure.gravatar.com\/avatar\/d9c9746d6c900ab5b9c0f9b1fa3932e369da923da247d624b8f7ab4ba8a3c093?s=96&d=mm&r=g","caption":"Bertrand Demandre"},"url":"https:\/\/ecodef-ihedn.fr\/en\/author\/bertrand\/"}]}},"_links":{"self":[{"href":"https:\/\/ecodef-ihedn.fr\/en\/wp-json\/wp\/v2\/posts\/4081","targetHints":{"allow":["GET"]}}],"collection":[{"href":"https:\/\/ecodef-ihedn.fr\/en\/wp-json\/wp\/v2\/posts"}],"about":[{"href":"https:\/\/ecodef-ihedn.fr\/en\/wp-json\/wp\/v2\/types\/post"}],"author":[{"embeddable":true,"href":"https:\/\/ecodef-ihedn.fr\/en\/wp-json\/wp\/v2\/users\/2"}],"replies":[{"embeddable":true,"href":"https:\/\/ecodef-ihedn.fr\/en\/wp-json\/wp\/v2\/comments?post=4081"}],"version-history":[{"count":8,"href":"https:\/\/ecodef-ihedn.fr\/en\/wp-json\/wp\/v2\/posts\/4081\/revisions"}],"predecessor-version":[{"id":6806,"href":"https:\/\/ecodef-ihedn.fr\/en\/wp-json\/wp\/v2\/posts\/4081\/revisions\/6806"}],"wp:featuredmedia":[{"embeddable":true,"href":"https:\/\/ecodef-ihedn.fr\/en\/wp-json\/wp\/v2\/media\/6803"}],"wp:attachment":[{"href":"https:\/\/ecodef-ihedn.fr\/en\/wp-json\/wp\/v2\/media?parent=4081"}],"wp:term":[{"taxonomy":"category","embeddable":true,"href":"https:\/\/ecodef-ihedn.fr\/en\/wp-json\/wp\/v2\/categories?post=4081"},{"taxonomy":"post_tag","embeddable":true,"href":"https:\/\/ecodef-ihedn.fr\/en\/wp-json\/wp\/v2\/tags?post=4081"}],"curies":[{"name":"wp","href":"https:\/\/api.w.org\/{rel}","templated":true}]}}