{"id":4115,"date":"2021-11-25T16:24:00","date_gmt":"2021-11-25T16:24:00","guid":{"rendered":"https:\/\/ecodef-ihedn.fr\/?p=4115"},"modified":"2022-03-30T06:58:43","modified_gmt":"2022-03-30T06:58:43","slug":"intervention-de-julien-malizard-sur-les-enjeux-des-exportations-francaises-darmement-au-moyen-orient","status":"publish","type":"post","link":"https:\/\/ecodef-ihedn.fr\/en\/intervention-de-julien-malizard-sur-les-enjeux-des-exportations-francaises-darmement-au-moyen-orient\/","title":{"rendered":"Speech by Julien Malizard on the challenges facing French arms exports to the Middle East"},"content":{"rendered":"<p><strong>Julien Malizard, Deputy Chair, spoke on the subject of French arms exports to the Middle East at a conference organised by the Jeunes IHEDN. <\/strong><\/p>\n\n\n\n<div class=\"wp-block-image\"><figure class=\"aligncenter size-medium\"><img loading=\"lazy\" decoding=\"async\" width=\"300\" height=\"225\" src=\"https:\/\/ecodef-ihedn.fr\/wp-content\/uploads\/2021\/12\/IMG_5413-300x225.jpg\" alt=\"\" class=\"wp-image-4117\" srcset=\"https:\/\/ecodef-ihedn.fr\/wp-content\/uploads\/2021\/12\/IMG_5413-300x225.jpg 300w, https:\/\/ecodef-ihedn.fr\/wp-content\/uploads\/2021\/12\/IMG_5413-1024x768.jpg 1024w, https:\/\/ecodef-ihedn.fr\/wp-content\/uploads\/2021\/12\/IMG_5413-768x576.jpg 768w, https:\/\/ecodef-ihedn.fr\/wp-content\/uploads\/2021\/12\/IMG_5413-1536x1152.jpg 1536w, https:\/\/ecodef-ihedn.fr\/wp-content\/uploads\/2021\/12\/IMG_5413-2048x1535.jpg 2048w, https:\/\/ecodef-ihedn.fr\/wp-content\/uploads\/2021\/12\/IMG_5413-696x522.jpg 696w, https:\/\/ecodef-ihedn.fr\/wp-content\/uploads\/2021\/12\/IMG_5413-1392x1044.jpg 1392w, https:\/\/ecodef-ihedn.fr\/wp-content\/uploads\/2021\/12\/IMG_5413-1068x801.jpg 1068w, https:\/\/ecodef-ihedn.fr\/wp-content\/uploads\/2021\/12\/IMG_5413-1920x1439.jpg 1920w, https:\/\/ecodef-ihedn.fr\/wp-content\/uploads\/2021\/12\/IMG_5413-560x420.jpg 560w, https:\/\/ecodef-ihedn.fr\/wp-content\/uploads\/2021\/12\/IMG_5413-1120x840.jpg 1120w, https:\/\/ecodef-ihedn.fr\/wp-content\/uploads\/2021\/12\/IMG_5413-80x60.jpg 80w, https:\/\/ecodef-ihedn.fr\/wp-content\/uploads\/2021\/12\/IMG_5413-160x120.jpg 160w, https:\/\/ecodef-ihedn.fr\/wp-content\/uploads\/2021\/12\/IMG_5413-265x198.jpg 265w, https:\/\/ecodef-ihedn.fr\/wp-content\/uploads\/2021\/12\/IMG_5413-530x396.jpg 530w\" sizes=\"auto, (max-width: 300px) 100vw, 300px\" \/><\/figure><\/div>\n\n\n\n<p><strong>Julien Malizard<\/strong> took part in a conference organised on 22 November at the \u00c9cole Militaire (Paris) by the <a href=\"https:\/\/www.jeunes-ihedn.org\" target=\"_blank\" rel=\"noreferrer noopener\">Young IHEDN<\/a>. Led by the Middle East &amp; Arab World and Defence Industry committees, the event focused on French arms sales in the Middle East. <\/p>\n\n\n\n<p>This conference also gave the floor to lieutenant-colonel <strong>C\u00e9dric Berthome<\/strong>, Head of the North PMO Office at the French Ministry of Defence's Directorate General for Armaments (DGA), as well as <strong>Fran\u00e7ois Mattens<\/strong>, Director of Public Affairs and Innovation at GICAT. <\/p>\n\n\n\n<p>During his speech, Julien Malizard presented the <a href=\"https:\/\/ecodef-ihedn.fr\/en\/participation-de-jean-belin-josselin-droff-et-julien-malizard-au-copda-le-17-novembre-2021\/\" target=\"_blank\" rel=\"noreferrer noopener\">specific features of the defence industry<\/a>, and in particular <strong>the economic model of the french defence industry<\/strong>, The Defence Technological and Industrial Base (DTIB) is complete and of a high standard. <strong>pillar of strategic autonomy<\/strong>. Nevertheless, as the domestic market is too small to support the entire DTIB, it is necessary to export and thus protect French defence companies. This export policy, which is controlled by the executive, represents not only an economic issue, but also a strategic one, as it enables the creation and development of <strong>alliances and partnerships<\/strong> in an increasingly competitive market. <\/p>\n\n\n\n<p><\/p>\n\n\n\n<p>France's defence export policy will be the central theme of the Chair's annual conference on 15 December at the \u00c9cole Militaire. To find out more, click here <a href=\"https:\/\/ecodef-ihedn.fr\/en\/15-decembre-2021-conference-annuelle-de-la-chaire-economie-de-defense-ihedn\/\" target=\"_blank\" rel=\"noreferrer noopener\">here<\/a>. <\/p>\n\n\n\n<p><\/p>","protected":false},"excerpt":{"rendered":"<p>Julien Malizard, titulaire adjoint de la Chaire, est intervenu sur le th\u00e8me des exportations fran\u00e7aises d&rsquo;armement au Moyen-Orient \u00e0 l&rsquo;occasion d&rsquo;une conf\u00e9rence organis\u00e9e par les Jeunes IHEDN. Julien Malizard a particip\u00e9 \u00e0 une conf\u00e9rence organis\u00e9e le 22 novembre \u00e0 l&rsquo;\u00c9cole militaire (Paris) par les Jeunes IHEDN. Pilot\u00e9 par les comit\u00e9s Moyen-Orient &amp; Monde Arabe et [&hellip;]<\/p>\n","protected":false},"author":2,"featured_media":4117,"comment_status":"open","ping_status":"open","sticky":false,"template":"","format":"standard","meta":{"footnotes":""},"categories":[34,356],"tags":[211,162,41,36,47,476,52,479,38,149,330,86,494,493],"class_list":{"0":"post-4115","1":"post","2":"type-post","3":"status-publish","4":"format-standard","5":"has-post-thumbnail","7":"category-activites","8":"category-activites-participation-de-la-chaire-a-un-evenement","9":"tag-bitd","10":"tag-chaire-economie-de-defense","11":"tag-conference","12":"tag-defense","13":"tag-economie-de-defense","14":"tag-exportations","15":"tag-exportations-darmes","16":"tag-exportations-darmement","17":"tag-ihedn","18":"tag-industrie-de-defense","19":"tag-jeunes-ihedn","20":"tag-julien-malizard","21":"tag-moyen-orient","22":"tag-vente-darmes"},"yoast_head":"<!-- This site is optimized with the Yoast SEO plugin v27.4 - https:\/\/yoast.com\/product\/yoast-seo-wordpress\/ -->\n<title>Intervention de Julien Malizard sur les enjeux des exportations fran\u00e7aises d&#039;armement au Moyen-Orient - Chaire \u00c9conomie de d\u00e9fense - IHEDN<\/title>\n<meta name=\"robots\" content=\"index, follow, max-snippet:-1, max-image-preview:large, max-video-preview:-1\" \/>\n<link rel=\"canonical\" href=\"https:\/\/ecodef-ihedn.fr\/en\/intervention-de-julien-malizard-sur-les-enjeux-des-exportations-francaises-darmement-au-moyen-orient\/\" \/>\n<meta property=\"og:locale\" content=\"en_GB\" \/>\n<meta property=\"og:type\" content=\"article\" \/>\n<meta property=\"og:title\" content=\"Intervention de Julien Malizard sur les enjeux des exportations fran\u00e7aises d&#039;armement au Moyen-Orient - Chaire \u00c9conomie de d\u00e9fense - IHEDN\" \/>\n<meta property=\"og:description\" content=\"Julien Malizard, titulaire adjoint de la Chaire, est intervenu sur le th\u00e8me des exportations fran\u00e7aises d&rsquo;armement au Moyen-Orient \u00e0 l&rsquo;occasion d&rsquo;une conf\u00e9rence organis\u00e9e par les Jeunes IHEDN. Julien Malizard a particip\u00e9 \u00e0 une conf\u00e9rence organis\u00e9e le 22 novembre \u00e0 l&rsquo;\u00c9cole militaire (Paris) par les Jeunes IHEDN. Pilot\u00e9 par les comit\u00e9s Moyen-Orient &amp; Monde Arabe et [&hellip;]\" \/>\n<meta property=\"og:url\" content=\"https:\/\/ecodef-ihedn.fr\/en\/intervention-de-julien-malizard-sur-les-enjeux-des-exportations-francaises-darmement-au-moyen-orient\/\" \/>\n<meta property=\"og:site_name\" content=\"Chaire \u00c9conomie de d\u00e9fense - IHEDN\" \/>\n<meta property=\"article:published_time\" content=\"2021-11-25T16:24:00+00:00\" \/>\n<meta property=\"article:modified_time\" content=\"2022-03-30T06:58:43+00:00\" \/>\n<meta property=\"og:image\" content=\"https:\/\/ecodef-ihedn.fr\/wp-content\/uploads\/2021\/12\/IMG_5413.jpg\" \/>\n\t<meta property=\"og:image:width\" content=\"2545\" \/>\n\t<meta property=\"og:image:height\" content=\"1908\" \/>\n\t<meta property=\"og:image:type\" content=\"image\/jpeg\" \/>\n<meta name=\"author\" content=\"Bertrand Demandre\" \/>\n<meta name=\"twitter:card\" content=\"summary_large_image\" \/>\n<meta name=\"twitter:creator\" content=\"@Chaire_Ecodef\" \/>\n<meta name=\"twitter:site\" content=\"@Chaire_Ecodef\" \/>\n<meta name=\"twitter:label1\" content=\"Written by\" \/>\n\t<meta name=\"twitter:data1\" content=\"Bertrand Demandre\" \/>\n\t<meta name=\"twitter:label2\" content=\"Estimated reading time\" \/>\n\t<meta name=\"twitter:data2\" content=\"2 minutes\" \/>\n<script type=\"application\/ld+json\" class=\"yoast-schema-graph\">{\"@context\":\"https:\\\/\\\/schema.org\",\"@graph\":[{\"@type\":\"Article\",\"@id\":\"https:\\\/\\\/ecodef-ihedn.fr\\\/intervention-de-julien-malizard-sur-les-enjeux-des-exportations-francaises-darmement-au-moyen-orient\\\/#article\",\"isPartOf\":{\"@id\":\"https:\\\/\\\/ecodef-ihedn.fr\\\/intervention-de-julien-malizard-sur-les-enjeux-des-exportations-francaises-darmement-au-moyen-orient\\\/\"},\"author\":{\"name\":\"Bertrand Demandre\",\"@id\":\"https:\\\/\\\/ecodef-ihedn.fr\\\/#\\\/schema\\\/person\\\/1cdf22d028cebe278126a6e07a884d30\"},\"headline\":\"Intervention de Julien Malizard sur les enjeux des exportations fran\u00e7aises d&rsquo;armement au Moyen-Orient\",\"datePublished\":\"2021-11-25T16:24:00+00:00\",\"dateModified\":\"2022-03-30T06:58:43+00:00\",\"mainEntityOfPage\":{\"@id\":\"https:\\\/\\\/ecodef-ihedn.fr\\\/intervention-de-julien-malizard-sur-les-enjeux-des-exportations-francaises-darmement-au-moyen-orient\\\/\"},\"wordCount\":319,\"commentCount\":0,\"publisher\":{\"@id\":\"https:\\\/\\\/ecodef-ihedn.fr\\\/#organization\"},\"image\":{\"@id\":\"https:\\\/\\\/ecodef-ihedn.fr\\\/intervention-de-julien-malizard-sur-les-enjeux-des-exportations-francaises-darmement-au-moyen-orient\\\/#primaryimage\"},\"thumbnailUrl\":\"https:\\\/\\\/ecodef-ihedn.fr\\\/wp-content\\\/uploads\\\/2021\\\/12\\\/IMG_5413.jpg\",\"keywords\":[\"BITD\",\"chaire \u00e9conomie de d\u00e9fense\",\"conf\u00e9rence\",\"D\u00e9fense\",\"\u00e9conomie de d\u00e9fense\",\"exportations\",\"exportations d'armes\",\"exportations d&#039;armement\",\"IHEDN\",\"industrie de d\u00e9fense\",\"Jeunes IHEDN\",\"Julien Malizard\",\"moyen-orient\",\"vente d&#039;armes\"],\"articleSection\":[\"Activit\u00e9s\",\"Activit\u00e9s : participation de la Chaire \u00e0 un \u00e9v\u00e9nement\"],\"inLanguage\":\"en-GB\",\"potentialAction\":[{\"@type\":\"CommentAction\",\"name\":\"Comment\",\"target\":[\"https:\\\/\\\/ecodef-ihedn.fr\\\/intervention-de-julien-malizard-sur-les-enjeux-des-exportations-francaises-darmement-au-moyen-orient\\\/#respond\"]}]},{\"@type\":\"WebPage\",\"@id\":\"https:\\\/\\\/ecodef-ihedn.fr\\\/intervention-de-julien-malizard-sur-les-enjeux-des-exportations-francaises-darmement-au-moyen-orient\\\/\",\"url\":\"https:\\\/\\\/ecodef-ihedn.fr\\\/intervention-de-julien-malizard-sur-les-enjeux-des-exportations-francaises-darmement-au-moyen-orient\\\/\",\"name\":\"Intervention de Julien Malizard sur les enjeux des exportations fran\u00e7aises d'armement au Moyen-Orient - Chaire \u00c9conomie de d\u00e9fense - IHEDN\",\"isPartOf\":{\"@id\":\"https:\\\/\\\/ecodef-ihedn.fr\\\/#website\"},\"primaryImageOfPage\":{\"@id\":\"https:\\\/\\\/ecodef-ihedn.fr\\\/intervention-de-julien-malizard-sur-les-enjeux-des-exportations-francaises-darmement-au-moyen-orient\\\/#primaryimage\"},\"image\":{\"@id\":\"https:\\\/\\\/ecodef-ihedn.fr\\\/intervention-de-julien-malizard-sur-les-enjeux-des-exportations-francaises-darmement-au-moyen-orient\\\/#primaryimage\"},\"thumbnailUrl\":\"https:\\\/\\\/ecodef-ihedn.fr\\\/wp-content\\\/uploads\\\/2021\\\/12\\\/IMG_5413.jpg\",\"datePublished\":\"2021-11-25T16:24:00+00:00\",\"dateModified\":\"2022-03-30T06:58:43+00:00\",\"breadcrumb\":{\"@id\":\"https:\\\/\\\/ecodef-ihedn.fr\\\/intervention-de-julien-malizard-sur-les-enjeux-des-exportations-francaises-darmement-au-moyen-orient\\\/#breadcrumb\"},\"inLanguage\":\"en-GB\",\"potentialAction\":[{\"@type\":\"ReadAction\",\"target\":[\"https:\\\/\\\/ecodef-ihedn.fr\\\/intervention-de-julien-malizard-sur-les-enjeux-des-exportations-francaises-darmement-au-moyen-orient\\\/\"]}]},{\"@type\":\"ImageObject\",\"inLanguage\":\"en-GB\",\"@id\":\"https:\\\/\\\/ecodef-ihedn.fr\\\/intervention-de-julien-malizard-sur-les-enjeux-des-exportations-francaises-darmement-au-moyen-orient\\\/#primaryimage\",\"url\":\"https:\\\/\\\/ecodef-ihedn.fr\\\/wp-content\\\/uploads\\\/2021\\\/12\\\/IMG_5413.jpg\",\"contentUrl\":\"https:\\\/\\\/ecodef-ihedn.fr\\\/wp-content\\\/uploads\\\/2021\\\/12\\\/IMG_5413.jpg\",\"width\":2545,\"height\":1908},{\"@type\":\"BreadcrumbList\",\"@id\":\"https:\\\/\\\/ecodef-ihedn.fr\\\/intervention-de-julien-malizard-sur-les-enjeux-des-exportations-francaises-darmement-au-moyen-orient\\\/#breadcrumb\",\"itemListElement\":[{\"@type\":\"ListItem\",\"position\":1,\"name\":\"Accueil\",\"item\":\"https:\\\/\\\/ecodef-ihedn.fr\\\/\"},{\"@type\":\"ListItem\",\"position\":2,\"name\":\"Intervention de Julien Malizard sur les enjeux des exportations fran\u00e7aises d&#8217;armement au Moyen-Orient\"}]},{\"@type\":\"WebSite\",\"@id\":\"https:\\\/\\\/ecodef-ihedn.fr\\\/#website\",\"url\":\"https:\\\/\\\/ecodef-ihedn.fr\\\/\",\"name\":\"Chaire \u00c9conomie de D\u00e9fense - IHEDN\",\"description\":\"Produire &amp; soutenir, f\u00e9d\u00e9rer &amp; diffuser, \u00eatre une interface\",\"publisher\":{\"@id\":\"https:\\\/\\\/ecodef-ihedn.fr\\\/#organization\"},\"potentialAction\":[{\"@type\":\"SearchAction\",\"target\":{\"@type\":\"EntryPoint\",\"urlTemplate\":\"https:\\\/\\\/ecodef-ihedn.fr\\\/?s={search_term_string}\"},\"query-input\":{\"@type\":\"PropertyValueSpecification\",\"valueRequired\":true,\"valueName\":\"search_term_string\"}}],\"inLanguage\":\"en-GB\"},{\"@type\":\"Organization\",\"@id\":\"https:\\\/\\\/ecodef-ihedn.fr\\\/#organization\",\"name\":\"Chaire \u00c9conomie de d\u00e9fense - IHEDN\",\"url\":\"https:\\\/\\\/ecodef-ihedn.fr\\\/\",\"logo\":{\"@type\":\"ImageObject\",\"inLanguage\":\"en-GB\",\"@id\":\"https:\\\/\\\/ecodef-ihedn.fr\\\/#\\\/schema\\\/logo\\\/image\\\/\",\"url\":\"https:\\\/\\\/ecodef-ihedn.fr\\\/wp-content\\\/uploads\\\/2020\\\/04\\\/logoEcodef9.jpg\",\"contentUrl\":\"https:\\\/\\\/ecodef-ihedn.fr\\\/wp-content\\\/uploads\\\/2020\\\/04\\\/logoEcodef9.jpg\",\"width\":410,\"height\":212,\"caption\":\"Chaire \u00c9conomie de d\u00e9fense - IHEDN\"},\"image\":{\"@id\":\"https:\\\/\\\/ecodef-ihedn.fr\\\/#\\\/schema\\\/logo\\\/image\\\/\"},\"sameAs\":[\"https:\\\/\\\/x.com\\\/Chaire_Ecodef\",\"https:\\\/\\\/www.linkedin.com\\\/company\\\/chaire-ecodef-ihedn\\\/\"]},{\"@type\":\"Person\",\"@id\":\"https:\\\/\\\/ecodef-ihedn.fr\\\/#\\\/schema\\\/person\\\/1cdf22d028cebe278126a6e07a884d30\",\"name\":\"Bertrand Demandre\",\"image\":{\"@type\":\"ImageObject\",\"inLanguage\":\"en-GB\",\"@id\":\"https:\\\/\\\/secure.gravatar.com\\\/avatar\\\/d9c9746d6c900ab5b9c0f9b1fa3932e369da923da247d624b8f7ab4ba8a3c093?s=96&d=mm&r=g\",\"url\":\"https:\\\/\\\/secure.gravatar.com\\\/avatar\\\/d9c9746d6c900ab5b9c0f9b1fa3932e369da923da247d624b8f7ab4ba8a3c093?s=96&d=mm&r=g\",\"contentUrl\":\"https:\\\/\\\/secure.gravatar.com\\\/avatar\\\/d9c9746d6c900ab5b9c0f9b1fa3932e369da923da247d624b8f7ab4ba8a3c093?s=96&d=mm&r=g\",\"caption\":\"Bertrand Demandre\"},\"url\":\"https:\\\/\\\/ecodef-ihedn.fr\\\/en\\\/author\\\/bertrand\\\/\"}]}<\/script>\n<!-- \/ Yoast SEO plugin. -->","yoast_head_json":{"title":"Intervention de Julien Malizard sur les enjeux des exportations fran\u00e7aises d'armement au Moyen-Orient - Chaire \u00c9conomie de d\u00e9fense - IHEDN","robots":{"index":"index","follow":"follow","max-snippet":"max-snippet:-1","max-image-preview":"max-image-preview:large","max-video-preview":"max-video-preview:-1"},"canonical":"https:\/\/ecodef-ihedn.fr\/en\/intervention-de-julien-malizard-sur-les-enjeux-des-exportations-francaises-darmement-au-moyen-orient\/","og_locale":"en_GB","og_type":"article","og_title":"Intervention de Julien Malizard sur les enjeux des exportations fran\u00e7aises d'armement au Moyen-Orient - Chaire \u00c9conomie de d\u00e9fense - IHEDN","og_description":"Julien Malizard, titulaire adjoint de la Chaire, est intervenu sur le th\u00e8me des exportations fran\u00e7aises d&rsquo;armement au Moyen-Orient \u00e0 l&rsquo;occasion d&rsquo;une conf\u00e9rence organis\u00e9e par les Jeunes IHEDN. Julien Malizard a particip\u00e9 \u00e0 une conf\u00e9rence organis\u00e9e le 22 novembre \u00e0 l&rsquo;\u00c9cole militaire (Paris) par les Jeunes IHEDN. Pilot\u00e9 par les comit\u00e9s Moyen-Orient &amp; Monde Arabe et [&hellip;]","og_url":"https:\/\/ecodef-ihedn.fr\/en\/intervention-de-julien-malizard-sur-les-enjeux-des-exportations-francaises-darmement-au-moyen-orient\/","og_site_name":"Chaire \u00c9conomie de d\u00e9fense - IHEDN","article_published_time":"2021-11-25T16:24:00+00:00","article_modified_time":"2022-03-30T06:58:43+00:00","og_image":[{"width":2545,"height":1908,"url":"https:\/\/ecodef-ihedn.fr\/wp-content\/uploads\/2021\/12\/IMG_5413.jpg","type":"image\/jpeg"}],"author":"Bertrand Demandre","twitter_card":"summary_large_image","twitter_creator":"@Chaire_Ecodef","twitter_site":"@Chaire_Ecodef","twitter_misc":{"Written by":"Bertrand Demandre","Estimated reading time":"2 minutes"},"schema":{"@context":"https:\/\/schema.org","@graph":[{"@type":"Article","@id":"https:\/\/ecodef-ihedn.fr\/intervention-de-julien-malizard-sur-les-enjeux-des-exportations-francaises-darmement-au-moyen-orient\/#article","isPartOf":{"@id":"https:\/\/ecodef-ihedn.fr\/intervention-de-julien-malizard-sur-les-enjeux-des-exportations-francaises-darmement-au-moyen-orient\/"},"author":{"name":"Bertrand Demandre","@id":"https:\/\/ecodef-ihedn.fr\/#\/schema\/person\/1cdf22d028cebe278126a6e07a884d30"},"headline":"Intervention de Julien Malizard sur les enjeux des exportations fran\u00e7aises d&rsquo;armement au Moyen-Orient","datePublished":"2021-11-25T16:24:00+00:00","dateModified":"2022-03-30T06:58:43+00:00","mainEntityOfPage":{"@id":"https:\/\/ecodef-ihedn.fr\/intervention-de-julien-malizard-sur-les-enjeux-des-exportations-francaises-darmement-au-moyen-orient\/"},"wordCount":319,"commentCount":0,"publisher":{"@id":"https:\/\/ecodef-ihedn.fr\/#organization"},"image":{"@id":"https:\/\/ecodef-ihedn.fr\/intervention-de-julien-malizard-sur-les-enjeux-des-exportations-francaises-darmement-au-moyen-orient\/#primaryimage"},"thumbnailUrl":"https:\/\/ecodef-ihedn.fr\/wp-content\/uploads\/2021\/12\/IMG_5413.jpg","keywords":["BITD","chaire \u00e9conomie de d\u00e9fense","conf\u00e9rence","D\u00e9fense","\u00e9conomie de d\u00e9fense","exportations","exportations d'armes","exportations d&#039;armement","IHEDN","industrie de d\u00e9fense","Jeunes IHEDN","Julien Malizard","moyen-orient","vente d&#039;armes"],"articleSection":["Activit\u00e9s","Activit\u00e9s : participation de la Chaire \u00e0 un \u00e9v\u00e9nement"],"inLanguage":"en-GB","potentialAction":[{"@type":"CommentAction","name":"Comment","target":["https:\/\/ecodef-ihedn.fr\/intervention-de-julien-malizard-sur-les-enjeux-des-exportations-francaises-darmement-au-moyen-orient\/#respond"]}]},{"@type":"WebPage","@id":"https:\/\/ecodef-ihedn.fr\/intervention-de-julien-malizard-sur-les-enjeux-des-exportations-francaises-darmement-au-moyen-orient\/","url":"https:\/\/ecodef-ihedn.fr\/intervention-de-julien-malizard-sur-les-enjeux-des-exportations-francaises-darmement-au-moyen-orient\/","name":"Intervention de Julien Malizard sur les enjeux des exportations fran\u00e7aises d'armement au Moyen-Orient - Chaire \u00c9conomie de d\u00e9fense - IHEDN","isPartOf":{"@id":"https:\/\/ecodef-ihedn.fr\/#website"},"primaryImageOfPage":{"@id":"https:\/\/ecodef-ihedn.fr\/intervention-de-julien-malizard-sur-les-enjeux-des-exportations-francaises-darmement-au-moyen-orient\/#primaryimage"},"image":{"@id":"https:\/\/ecodef-ihedn.fr\/intervention-de-julien-malizard-sur-les-enjeux-des-exportations-francaises-darmement-au-moyen-orient\/#primaryimage"},"thumbnailUrl":"https:\/\/ecodef-ihedn.fr\/wp-content\/uploads\/2021\/12\/IMG_5413.jpg","datePublished":"2021-11-25T16:24:00+00:00","dateModified":"2022-03-30T06:58:43+00:00","breadcrumb":{"@id":"https:\/\/ecodef-ihedn.fr\/intervention-de-julien-malizard-sur-les-enjeux-des-exportations-francaises-darmement-au-moyen-orient\/#breadcrumb"},"inLanguage":"en-GB","potentialAction":[{"@type":"ReadAction","target":["https:\/\/ecodef-ihedn.fr\/intervention-de-julien-malizard-sur-les-enjeux-des-exportations-francaises-darmement-au-moyen-orient\/"]}]},{"@type":"ImageObject","inLanguage":"en-GB","@id":"https:\/\/ecodef-ihedn.fr\/intervention-de-julien-malizard-sur-les-enjeux-des-exportations-francaises-darmement-au-moyen-orient\/#primaryimage","url":"https:\/\/ecodef-ihedn.fr\/wp-content\/uploads\/2021\/12\/IMG_5413.jpg","contentUrl":"https:\/\/ecodef-ihedn.fr\/wp-content\/uploads\/2021\/12\/IMG_5413.jpg","width":2545,"height":1908},{"@type":"BreadcrumbList","@id":"https:\/\/ecodef-ihedn.fr\/intervention-de-julien-malizard-sur-les-enjeux-des-exportations-francaises-darmement-au-moyen-orient\/#breadcrumb","itemListElement":[{"@type":"ListItem","position":1,"name":"Accueil","item":"https:\/\/ecodef-ihedn.fr\/"},{"@type":"ListItem","position":2,"name":"Intervention de Julien Malizard sur les enjeux des exportations fran\u00e7aises d&#8217;armement au Moyen-Orient"}]},{"@type":"WebSite","@id":"https:\/\/ecodef-ihedn.fr\/#website","url":"https:\/\/ecodef-ihedn.fr\/","name":"Chair in Defence Economics - IHEDN","description":"Produce &amp; support, federate &amp; disseminate, act as an interface","publisher":{"@id":"https:\/\/ecodef-ihedn.fr\/#organization"},"potentialAction":[{"@type":"SearchAction","target":{"@type":"EntryPoint","urlTemplate":"https:\/\/ecodef-ihedn.fr\/?s={search_term_string}"},"query-input":{"@type":"PropertyValueSpecification","valueRequired":true,"valueName":"search_term_string"}}],"inLanguage":"en-GB"},{"@type":"Organization","@id":"https:\/\/ecodef-ihedn.fr\/#organization","name":"Chair in Defence Economics - IHEDN","url":"https:\/\/ecodef-ihedn.fr\/","logo":{"@type":"ImageObject","inLanguage":"en-GB","@id":"https:\/\/ecodef-ihedn.fr\/#\/schema\/logo\/image\/","url":"https:\/\/ecodef-ihedn.fr\/wp-content\/uploads\/2020\/04\/logoEcodef9.jpg","contentUrl":"https:\/\/ecodef-ihedn.fr\/wp-content\/uploads\/2020\/04\/logoEcodef9.jpg","width":410,"height":212,"caption":"Chaire \u00c9conomie de d\u00e9fense - IHEDN"},"image":{"@id":"https:\/\/ecodef-ihedn.fr\/#\/schema\/logo\/image\/"},"sameAs":["https:\/\/x.com\/Chaire_Ecodef","https:\/\/www.linkedin.com\/company\/chaire-ecodef-ihedn\/"]},{"@type":"Person","@id":"https:\/\/ecodef-ihedn.fr\/#\/schema\/person\/1cdf22d028cebe278126a6e07a884d30","name":"Bertrand Demandre","image":{"@type":"ImageObject","inLanguage":"en-GB","@id":"https:\/\/secure.gravatar.com\/avatar\/d9c9746d6c900ab5b9c0f9b1fa3932e369da923da247d624b8f7ab4ba8a3c093?s=96&d=mm&r=g","url":"https:\/\/secure.gravatar.com\/avatar\/d9c9746d6c900ab5b9c0f9b1fa3932e369da923da247d624b8f7ab4ba8a3c093?s=96&d=mm&r=g","contentUrl":"https:\/\/secure.gravatar.com\/avatar\/d9c9746d6c900ab5b9c0f9b1fa3932e369da923da247d624b8f7ab4ba8a3c093?s=96&d=mm&r=g","caption":"Bertrand Demandre"},"url":"https:\/\/ecodef-ihedn.fr\/en\/author\/bertrand\/"}]}},"_links":{"self":[{"href":"https:\/\/ecodef-ihedn.fr\/en\/wp-json\/wp\/v2\/posts\/4115","targetHints":{"allow":["GET"]}}],"collection":[{"href":"https:\/\/ecodef-ihedn.fr\/en\/wp-json\/wp\/v2\/posts"}],"about":[{"href":"https:\/\/ecodef-ihedn.fr\/en\/wp-json\/wp\/v2\/types\/post"}],"author":[{"embeddable":true,"href":"https:\/\/ecodef-ihedn.fr\/en\/wp-json\/wp\/v2\/users\/2"}],"replies":[{"embeddable":true,"href":"https:\/\/ecodef-ihedn.fr\/en\/wp-json\/wp\/v2\/comments?post=4115"}],"version-history":[{"count":5,"href":"https:\/\/ecodef-ihedn.fr\/en\/wp-json\/wp\/v2\/posts\/4115\/revisions"}],"predecessor-version":[{"id":4559,"href":"https:\/\/ecodef-ihedn.fr\/en\/wp-json\/wp\/v2\/posts\/4115\/revisions\/4559"}],"wp:featuredmedia":[{"embeddable":true,"href":"https:\/\/ecodef-ihedn.fr\/en\/wp-json\/wp\/v2\/media\/4117"}],"wp:attachment":[{"href":"https:\/\/ecodef-ihedn.fr\/en\/wp-json\/wp\/v2\/media?parent=4115"}],"wp:term":[{"taxonomy":"category","embeddable":true,"href":"https:\/\/ecodef-ihedn.fr\/en\/wp-json\/wp\/v2\/categories?post=4115"},{"taxonomy":"post_tag","embeddable":true,"href":"https:\/\/ecodef-ihedn.fr\/en\/wp-json\/wp\/v2\/tags?post=4115"}],"curies":[{"name":"wp","href":"https:\/\/api.w.org\/{rel}","templated":true}]}}