{"id":4162,"date":"2021-12-17T08:54:37","date_gmt":"2021-12-17T08:54:37","guid":{"rendered":"https:\/\/ecodef-ihedn.fr\/?p=4162"},"modified":"2021-12-17T08:55:39","modified_gmt":"2021-12-17T08:55:39","slug":"les-echos-les-exportations-darmement-quelles-retombees-par-christian-de-boissieu-et-olivier-martin","status":"publish","type":"post","link":"https:\/\/ecodef-ihedn.fr\/en\/les-echos-les-exportations-darmement-quelles-retombees-par-christian-de-boissieu-et-olivier-martin\/","title":{"rendered":"Les Echos: \u00abLes exportations d'armement : quelles retomb\u00e9es ?\u00bb, by Christian de Boissieu and Olivier Martin"},"content":{"rendered":"<p><strong>Christian de Boissieu, Chairman of the Chair's Scientific Advisory Board, and Olivier Martin, Chairman of the Chair's Steering Committee, published an opinion piece on arms exports in Les \u00c9chos on 15 December 2021, in conjunction with the <a href=\"https:\/\/ecodef-ihedn.fr\/en\/15-decembre-2021-conference-annuelle-de-la-chaire-economie-de-defense-ihedn\/\" target=\"_blank\" rel=\"noreferrer noopener\">annual conference<\/a> of the Chair, devoted to France's defence export policy.<\/strong><\/p>\n\n\n\n<figure class=\"wp-block-image size-full\"><img loading=\"lazy\" decoding=\"async\" width=\"625\" height=\"470\" src=\"https:\/\/ecodef-ihedn.fr\/wp-content\/uploads\/2021\/12\/echos_2021.png\" alt=\"\" class=\"wp-image-4163\" srcset=\"https:\/\/ecodef-ihedn.fr\/wp-content\/uploads\/2021\/12\/echos_2021.png 625w, https:\/\/ecodef-ihedn.fr\/wp-content\/uploads\/2021\/12\/echos_2021-300x226.png 300w, https:\/\/ecodef-ihedn.fr\/wp-content\/uploads\/2021\/12\/echos_2021-559x420.png 559w, https:\/\/ecodef-ihedn.fr\/wp-content\/uploads\/2021\/12\/echos_2021-80x60.png 80w, https:\/\/ecodef-ihedn.fr\/wp-content\/uploads\/2021\/12\/echos_2021-160x120.png 160w, https:\/\/ecodef-ihedn.fr\/wp-content\/uploads\/2021\/12\/echos_2021-265x198.png 265w\" sizes=\"auto, (max-width: 625px) 100vw, 625px\" \/><\/figure>\n\n\n\n<p><em>The defence sector and related exports are a real economic lung for a country like France. In terms of employment, research and development, as well as on a strictly industrial level,\" emphasises Christian de Boissieu.<\/em><\/p>\n\n\n\n<p>La <a href=\"https:\/\/ecodef-ihedn.fr\/en\/crise-des-sous-marins-article-de-julien-malizard-et-josselin-droff-dans-the-conversation\/\" target=\"_blank\" rel=\"noreferrer noopener\">australian decision to cancel order for french submarines<\/a>\u00a0highlighted the<strong>he role of defence exports in relations between states<\/strong>. Contrary to popular belief, defence exports are not essentially an economic act; they are first and foremost a political decision committing the parties to a long-term relationship. <em>as a minimum<\/em> the lifespan of exported equipment.<\/p>\n\n\n\n<div class=\"wp-block-buttons is-content-justification-center is-layout-flex wp-block-buttons-is-layout-flex\">\n<div class=\"wp-block-button\"><a class=\"wp-block-button__link\" href=\"https:\/\/www.lesechos.fr\/idees-debats\/cercle\/opinion-les-exportations-darmement-quelles-retombees-1372650\" target=\"_blank\" rel=\"noreferrer noopener\">read the full article (subscribers only)<\/a><\/div>\n<\/div>\n\n\n\n<p><\/p>","protected":false},"excerpt":{"rendered":"<p>Christian de Boissieu, pr\u00e9sident du Conseil scientifique de la Chaire, et Olivier Martin, pr\u00e9sident du Comit\u00e9 de pilotage de la Chaire, ont publi\u00e9 un article d&rsquo;opinion sur les exportations d&rsquo;armement dans les \u00c9chos\u00a0du 15 d\u00e9cembre 2021, en marge de la conf\u00e9rence annuelle de la Chaire, consacr\u00e9e \u00e0 la politique d&rsquo;exportation de d\u00e9fense de la France. [&hellip;]<\/p>\n","protected":false},"author":2,"featured_media":4163,"comment_status":"open","ping_status":"open","sticky":false,"template":"","format":"standard","meta":{"footnotes":""},"categories":[34,358],"tags":[162,285,41,163,495,47,476,52,479,38,468,417,496],"class_list":{"0":"post-4162","1":"post","2":"type-post","3":"status-publish","4":"format-standard","5":"has-post-thumbnail","7":"category-activites","8":"category-medias","9":"tag-chaire-economie-de-defense","10":"tag-christian-de-boissieu","11":"tag-conference","12":"tag-conference-annuelle","13":"tag-echos","14":"tag-economie-de-defense","15":"tag-exportations","16":"tag-exportations-darmes","17":"tag-exportations-darmement","18":"tag-ihedn","19":"tag-medias","20":"tag-olivier-martin","21":"tag-relations-entre-etats"},"yoast_head":"<!-- This site is optimized with the Yoast SEO plugin v27.4 - https:\/\/yoast.com\/product\/yoast-seo-wordpress\/ -->\n<title>Les \u00c9chos : &quot;Les exportations d&#039;armement : quelles retomb\u00e9es ?&quot;, par Christian de Boissieu et Olivier Martin - Chaire \u00c9conomie de d\u00e9fense - IHEDN<\/title>\n<meta name=\"robots\" content=\"index, follow, max-snippet:-1, max-image-preview:large, max-video-preview:-1\" \/>\n<link rel=\"canonical\" href=\"https:\/\/ecodef-ihedn.fr\/en\/les-echos-les-exportations-darmement-quelles-retombees-par-christian-de-boissieu-et-olivier-martin\/\" \/>\n<meta property=\"og:locale\" content=\"en_GB\" \/>\n<meta property=\"og:type\" content=\"article\" \/>\n<meta property=\"og:title\" content=\"Les \u00c9chos : &quot;Les exportations d&#039;armement : quelles retomb\u00e9es ?&quot;, par Christian de Boissieu et Olivier Martin - Chaire \u00c9conomie de d\u00e9fense - IHEDN\" \/>\n<meta property=\"og:description\" content=\"Christian de Boissieu, pr\u00e9sident du Conseil scientifique de la Chaire, et Olivier Martin, pr\u00e9sident du Comit\u00e9 de pilotage de la Chaire, ont publi\u00e9 un article d&rsquo;opinion sur les exportations d&rsquo;armement dans les \u00c9chos\u00a0du 15 d\u00e9cembre 2021, en marge de la conf\u00e9rence annuelle de la Chaire, consacr\u00e9e \u00e0 la politique d&rsquo;exportation de d\u00e9fense de la France. [&hellip;]\" \/>\n<meta property=\"og:url\" content=\"https:\/\/ecodef-ihedn.fr\/en\/les-echos-les-exportations-darmement-quelles-retombees-par-christian-de-boissieu-et-olivier-martin\/\" \/>\n<meta property=\"og:site_name\" content=\"Chaire \u00c9conomie de d\u00e9fense - IHEDN\" \/>\n<meta property=\"article:published_time\" content=\"2021-12-17T08:54:37+00:00\" \/>\n<meta property=\"article:modified_time\" content=\"2021-12-17T08:55:39+00:00\" \/>\n<meta property=\"og:image\" content=\"https:\/\/ecodef-ihedn.fr\/wp-content\/uploads\/2021\/12\/echos_2021.png\" \/>\n\t<meta property=\"og:image:width\" content=\"625\" \/>\n\t<meta property=\"og:image:height\" content=\"470\" \/>\n\t<meta property=\"og:image:type\" content=\"image\/png\" \/>\n<meta name=\"author\" content=\"Bertrand Demandre\" \/>\n<meta name=\"twitter:card\" content=\"summary_large_image\" \/>\n<meta name=\"twitter:creator\" content=\"@Chaire_Ecodef\" \/>\n<meta name=\"twitter:site\" content=\"@Chaire_Ecodef\" \/>\n<meta name=\"twitter:label1\" content=\"Written by\" \/>\n\t<meta name=\"twitter:data1\" content=\"Bertrand Demandre\" \/>\n\t<meta name=\"twitter:label2\" content=\"Estimated reading time\" \/>\n\t<meta name=\"twitter:data2\" content=\"2 minutes\" \/>\n<script type=\"application\/ld+json\" class=\"yoast-schema-graph\">{\"@context\":\"https:\\\/\\\/schema.org\",\"@graph\":[{\"@type\":\"Article\",\"@id\":\"https:\\\/\\\/ecodef-ihedn.fr\\\/les-echos-les-exportations-darmement-quelles-retombees-par-christian-de-boissieu-et-olivier-martin\\\/#article\",\"isPartOf\":{\"@id\":\"https:\\\/\\\/ecodef-ihedn.fr\\\/les-echos-les-exportations-darmement-quelles-retombees-par-christian-de-boissieu-et-olivier-martin\\\/\"},\"author\":{\"name\":\"Bertrand Demandre\",\"@id\":\"https:\\\/\\\/ecodef-ihedn.fr\\\/#\\\/schema\\\/person\\\/1cdf22d028cebe278126a6e07a884d30\"},\"headline\":\"Les \u00c9chos : \u00ab\u00a0Les exportations d&rsquo;armement : quelles retomb\u00e9es ?\u00a0\u00bb, par Christian de Boissieu et Olivier Martin\",\"datePublished\":\"2021-12-17T08:54:37+00:00\",\"dateModified\":\"2021-12-17T08:55:39+00:00\",\"mainEntityOfPage\":{\"@id\":\"https:\\\/\\\/ecodef-ihedn.fr\\\/les-echos-les-exportations-darmement-quelles-retombees-par-christian-de-boissieu-et-olivier-martin\\\/\"},\"wordCount\":221,\"commentCount\":0,\"publisher\":{\"@id\":\"https:\\\/\\\/ecodef-ihedn.fr\\\/#organization\"},\"image\":{\"@id\":\"https:\\\/\\\/ecodef-ihedn.fr\\\/les-echos-les-exportations-darmement-quelles-retombees-par-christian-de-boissieu-et-olivier-martin\\\/#primaryimage\"},\"thumbnailUrl\":\"https:\\\/\\\/ecodef-ihedn.fr\\\/wp-content\\\/uploads\\\/2021\\\/12\\\/echos_2021.png\",\"keywords\":[\"chaire \u00e9conomie de d\u00e9fense\",\"Christian de Boissieu\",\"conf\u00e9rence\",\"conf\u00e9rence annuelle\",\"\u00e9chos\",\"\u00e9conomie de d\u00e9fense\",\"exportations\",\"exportations d'armes\",\"exportations d&#039;armement\",\"IHEDN\",\"m\u00e9dias\",\"Olivier Martin\",\"relations entre \u00c9tats\"],\"articleSection\":[\"Activit\u00e9s\",\"M\u00e9dias\"],\"inLanguage\":\"en-GB\",\"potentialAction\":[{\"@type\":\"CommentAction\",\"name\":\"Comment\",\"target\":[\"https:\\\/\\\/ecodef-ihedn.fr\\\/les-echos-les-exportations-darmement-quelles-retombees-par-christian-de-boissieu-et-olivier-martin\\\/#respond\"]}]},{\"@type\":\"WebPage\",\"@id\":\"https:\\\/\\\/ecodef-ihedn.fr\\\/les-echos-les-exportations-darmement-quelles-retombees-par-christian-de-boissieu-et-olivier-martin\\\/\",\"url\":\"https:\\\/\\\/ecodef-ihedn.fr\\\/les-echos-les-exportations-darmement-quelles-retombees-par-christian-de-boissieu-et-olivier-martin\\\/\",\"name\":\"Les \u00c9chos : \\\"Les exportations d'armement : quelles retomb\u00e9es ?\\\", par Christian de Boissieu et Olivier Martin - Chaire \u00c9conomie de d\u00e9fense - IHEDN\",\"isPartOf\":{\"@id\":\"https:\\\/\\\/ecodef-ihedn.fr\\\/#website\"},\"primaryImageOfPage\":{\"@id\":\"https:\\\/\\\/ecodef-ihedn.fr\\\/les-echos-les-exportations-darmement-quelles-retombees-par-christian-de-boissieu-et-olivier-martin\\\/#primaryimage\"},\"image\":{\"@id\":\"https:\\\/\\\/ecodef-ihedn.fr\\\/les-echos-les-exportations-darmement-quelles-retombees-par-christian-de-boissieu-et-olivier-martin\\\/#primaryimage\"},\"thumbnailUrl\":\"https:\\\/\\\/ecodef-ihedn.fr\\\/wp-content\\\/uploads\\\/2021\\\/12\\\/echos_2021.png\",\"datePublished\":\"2021-12-17T08:54:37+00:00\",\"dateModified\":\"2021-12-17T08:55:39+00:00\",\"breadcrumb\":{\"@id\":\"https:\\\/\\\/ecodef-ihedn.fr\\\/les-echos-les-exportations-darmement-quelles-retombees-par-christian-de-boissieu-et-olivier-martin\\\/#breadcrumb\"},\"inLanguage\":\"en-GB\",\"potentialAction\":[{\"@type\":\"ReadAction\",\"target\":[\"https:\\\/\\\/ecodef-ihedn.fr\\\/les-echos-les-exportations-darmement-quelles-retombees-par-christian-de-boissieu-et-olivier-martin\\\/\"]}]},{\"@type\":\"ImageObject\",\"inLanguage\":\"en-GB\",\"@id\":\"https:\\\/\\\/ecodef-ihedn.fr\\\/les-echos-les-exportations-darmement-quelles-retombees-par-christian-de-boissieu-et-olivier-martin\\\/#primaryimage\",\"url\":\"https:\\\/\\\/ecodef-ihedn.fr\\\/wp-content\\\/uploads\\\/2021\\\/12\\\/echos_2021.png\",\"contentUrl\":\"https:\\\/\\\/ecodef-ihedn.fr\\\/wp-content\\\/uploads\\\/2021\\\/12\\\/echos_2021.png\",\"width\":625,\"height\":470},{\"@type\":\"BreadcrumbList\",\"@id\":\"https:\\\/\\\/ecodef-ihedn.fr\\\/les-echos-les-exportations-darmement-quelles-retombees-par-christian-de-boissieu-et-olivier-martin\\\/#breadcrumb\",\"itemListElement\":[{\"@type\":\"ListItem\",\"position\":1,\"name\":\"Accueil\",\"item\":\"https:\\\/\\\/ecodef-ihedn.fr\\\/\"},{\"@type\":\"ListItem\",\"position\":2,\"name\":\"Les \u00c9chos : &#8220;Les exportations d&#8217;armement : quelles retomb\u00e9es ?&#8221;, par Christian de Boissieu et Olivier Martin\"}]},{\"@type\":\"WebSite\",\"@id\":\"https:\\\/\\\/ecodef-ihedn.fr\\\/#website\",\"url\":\"https:\\\/\\\/ecodef-ihedn.fr\\\/\",\"name\":\"Chaire \u00c9conomie de D\u00e9fense - IHEDN\",\"description\":\"Produire &amp; soutenir, f\u00e9d\u00e9rer &amp; diffuser, \u00eatre une interface\",\"publisher\":{\"@id\":\"https:\\\/\\\/ecodef-ihedn.fr\\\/#organization\"},\"potentialAction\":[{\"@type\":\"SearchAction\",\"target\":{\"@type\":\"EntryPoint\",\"urlTemplate\":\"https:\\\/\\\/ecodef-ihedn.fr\\\/?s={search_term_string}\"},\"query-input\":{\"@type\":\"PropertyValueSpecification\",\"valueRequired\":true,\"valueName\":\"search_term_string\"}}],\"inLanguage\":\"en-GB\"},{\"@type\":\"Organization\",\"@id\":\"https:\\\/\\\/ecodef-ihedn.fr\\\/#organization\",\"name\":\"Chaire \u00c9conomie de d\u00e9fense - IHEDN\",\"url\":\"https:\\\/\\\/ecodef-ihedn.fr\\\/\",\"logo\":{\"@type\":\"ImageObject\",\"inLanguage\":\"en-GB\",\"@id\":\"https:\\\/\\\/ecodef-ihedn.fr\\\/#\\\/schema\\\/logo\\\/image\\\/\",\"url\":\"https:\\\/\\\/ecodef-ihedn.fr\\\/wp-content\\\/uploads\\\/2020\\\/04\\\/logoEcodef9.jpg\",\"contentUrl\":\"https:\\\/\\\/ecodef-ihedn.fr\\\/wp-content\\\/uploads\\\/2020\\\/04\\\/logoEcodef9.jpg\",\"width\":410,\"height\":212,\"caption\":\"Chaire \u00c9conomie de d\u00e9fense - IHEDN\"},\"image\":{\"@id\":\"https:\\\/\\\/ecodef-ihedn.fr\\\/#\\\/schema\\\/logo\\\/image\\\/\"},\"sameAs\":[\"https:\\\/\\\/x.com\\\/Chaire_Ecodef\",\"https:\\\/\\\/www.linkedin.com\\\/company\\\/chaire-ecodef-ihedn\\\/\"]},{\"@type\":\"Person\",\"@id\":\"https:\\\/\\\/ecodef-ihedn.fr\\\/#\\\/schema\\\/person\\\/1cdf22d028cebe278126a6e07a884d30\",\"name\":\"Bertrand Demandre\",\"image\":{\"@type\":\"ImageObject\",\"inLanguage\":\"en-GB\",\"@id\":\"https:\\\/\\\/secure.gravatar.com\\\/avatar\\\/d9c9746d6c900ab5b9c0f9b1fa3932e369da923da247d624b8f7ab4ba8a3c093?s=96&d=mm&r=g\",\"url\":\"https:\\\/\\\/secure.gravatar.com\\\/avatar\\\/d9c9746d6c900ab5b9c0f9b1fa3932e369da923da247d624b8f7ab4ba8a3c093?s=96&d=mm&r=g\",\"contentUrl\":\"https:\\\/\\\/secure.gravatar.com\\\/avatar\\\/d9c9746d6c900ab5b9c0f9b1fa3932e369da923da247d624b8f7ab4ba8a3c093?s=96&d=mm&r=g\",\"caption\":\"Bertrand Demandre\"},\"url\":\"https:\\\/\\\/ecodef-ihedn.fr\\\/en\\\/author\\\/bertrand\\\/\"}]}<\/script>\n<!-- \/ Yoast SEO plugin. -->","yoast_head_json":{"title":"Les \u00c9chos : \"Les exportations d'armement : quelles retomb\u00e9es ?\", par Christian de Boissieu et Olivier Martin - Chaire \u00c9conomie de d\u00e9fense - IHEDN","robots":{"index":"index","follow":"follow","max-snippet":"max-snippet:-1","max-image-preview":"max-image-preview:large","max-video-preview":"max-video-preview:-1"},"canonical":"https:\/\/ecodef-ihedn.fr\/en\/les-echos-les-exportations-darmement-quelles-retombees-par-christian-de-boissieu-et-olivier-martin\/","og_locale":"en_GB","og_type":"article","og_title":"Les \u00c9chos : \"Les exportations d'armement : quelles retomb\u00e9es ?\", par Christian de Boissieu et Olivier Martin - Chaire \u00c9conomie de d\u00e9fense - IHEDN","og_description":"Christian de Boissieu, pr\u00e9sident du Conseil scientifique de la Chaire, et Olivier Martin, pr\u00e9sident du Comit\u00e9 de pilotage de la Chaire, ont publi\u00e9 un article d&rsquo;opinion sur les exportations d&rsquo;armement dans les \u00c9chos\u00a0du 15 d\u00e9cembre 2021, en marge de la conf\u00e9rence annuelle de la Chaire, consacr\u00e9e \u00e0 la politique d&rsquo;exportation de d\u00e9fense de la France. [&hellip;]","og_url":"https:\/\/ecodef-ihedn.fr\/en\/les-echos-les-exportations-darmement-quelles-retombees-par-christian-de-boissieu-et-olivier-martin\/","og_site_name":"Chaire \u00c9conomie de d\u00e9fense - IHEDN","article_published_time":"2021-12-17T08:54:37+00:00","article_modified_time":"2021-12-17T08:55:39+00:00","og_image":[{"width":625,"height":470,"url":"https:\/\/ecodef-ihedn.fr\/wp-content\/uploads\/2021\/12\/echos_2021.png","type":"image\/png"}],"author":"Bertrand Demandre","twitter_card":"summary_large_image","twitter_creator":"@Chaire_Ecodef","twitter_site":"@Chaire_Ecodef","twitter_misc":{"Written by":"Bertrand Demandre","Estimated reading time":"2 minutes"},"schema":{"@context":"https:\/\/schema.org","@graph":[{"@type":"Article","@id":"https:\/\/ecodef-ihedn.fr\/les-echos-les-exportations-darmement-quelles-retombees-par-christian-de-boissieu-et-olivier-martin\/#article","isPartOf":{"@id":"https:\/\/ecodef-ihedn.fr\/les-echos-les-exportations-darmement-quelles-retombees-par-christian-de-boissieu-et-olivier-martin\/"},"author":{"name":"Bertrand Demandre","@id":"https:\/\/ecodef-ihedn.fr\/#\/schema\/person\/1cdf22d028cebe278126a6e07a884d30"},"headline":"Les \u00c9chos : \u00ab\u00a0Les exportations d&rsquo;armement : quelles retomb\u00e9es ?\u00a0\u00bb, par Christian de Boissieu et Olivier Martin","datePublished":"2021-12-17T08:54:37+00:00","dateModified":"2021-12-17T08:55:39+00:00","mainEntityOfPage":{"@id":"https:\/\/ecodef-ihedn.fr\/les-echos-les-exportations-darmement-quelles-retombees-par-christian-de-boissieu-et-olivier-martin\/"},"wordCount":221,"commentCount":0,"publisher":{"@id":"https:\/\/ecodef-ihedn.fr\/#organization"},"image":{"@id":"https:\/\/ecodef-ihedn.fr\/les-echos-les-exportations-darmement-quelles-retombees-par-christian-de-boissieu-et-olivier-martin\/#primaryimage"},"thumbnailUrl":"https:\/\/ecodef-ihedn.fr\/wp-content\/uploads\/2021\/12\/echos_2021.png","keywords":["chaire \u00e9conomie de d\u00e9fense","Christian de Boissieu","conf\u00e9rence","conf\u00e9rence annuelle","\u00e9chos","\u00e9conomie de d\u00e9fense","exportations","exportations d'armes","exportations d&#039;armement","IHEDN","m\u00e9dias","Olivier Martin","relations entre \u00c9tats"],"articleSection":["Activit\u00e9s","M\u00e9dias"],"inLanguage":"en-GB","potentialAction":[{"@type":"CommentAction","name":"Comment","target":["https:\/\/ecodef-ihedn.fr\/les-echos-les-exportations-darmement-quelles-retombees-par-christian-de-boissieu-et-olivier-martin\/#respond"]}]},{"@type":"WebPage","@id":"https:\/\/ecodef-ihedn.fr\/les-echos-les-exportations-darmement-quelles-retombees-par-christian-de-boissieu-et-olivier-martin\/","url":"https:\/\/ecodef-ihedn.fr\/les-echos-les-exportations-darmement-quelles-retombees-par-christian-de-boissieu-et-olivier-martin\/","name":"Les \u00c9chos : \"Les exportations d'armement : quelles retomb\u00e9es ?\", par Christian de Boissieu et Olivier Martin - Chaire \u00c9conomie de d\u00e9fense - IHEDN","isPartOf":{"@id":"https:\/\/ecodef-ihedn.fr\/#website"},"primaryImageOfPage":{"@id":"https:\/\/ecodef-ihedn.fr\/les-echos-les-exportations-darmement-quelles-retombees-par-christian-de-boissieu-et-olivier-martin\/#primaryimage"},"image":{"@id":"https:\/\/ecodef-ihedn.fr\/les-echos-les-exportations-darmement-quelles-retombees-par-christian-de-boissieu-et-olivier-martin\/#primaryimage"},"thumbnailUrl":"https:\/\/ecodef-ihedn.fr\/wp-content\/uploads\/2021\/12\/echos_2021.png","datePublished":"2021-12-17T08:54:37+00:00","dateModified":"2021-12-17T08:55:39+00:00","breadcrumb":{"@id":"https:\/\/ecodef-ihedn.fr\/les-echos-les-exportations-darmement-quelles-retombees-par-christian-de-boissieu-et-olivier-martin\/#breadcrumb"},"inLanguage":"en-GB","potentialAction":[{"@type":"ReadAction","target":["https:\/\/ecodef-ihedn.fr\/les-echos-les-exportations-darmement-quelles-retombees-par-christian-de-boissieu-et-olivier-martin\/"]}]},{"@type":"ImageObject","inLanguage":"en-GB","@id":"https:\/\/ecodef-ihedn.fr\/les-echos-les-exportations-darmement-quelles-retombees-par-christian-de-boissieu-et-olivier-martin\/#primaryimage","url":"https:\/\/ecodef-ihedn.fr\/wp-content\/uploads\/2021\/12\/echos_2021.png","contentUrl":"https:\/\/ecodef-ihedn.fr\/wp-content\/uploads\/2021\/12\/echos_2021.png","width":625,"height":470},{"@type":"BreadcrumbList","@id":"https:\/\/ecodef-ihedn.fr\/les-echos-les-exportations-darmement-quelles-retombees-par-christian-de-boissieu-et-olivier-martin\/#breadcrumb","itemListElement":[{"@type":"ListItem","position":1,"name":"Accueil","item":"https:\/\/ecodef-ihedn.fr\/"},{"@type":"ListItem","position":2,"name":"Les \u00c9chos : &#8220;Les exportations d&#8217;armement : quelles retomb\u00e9es ?&#8221;, par Christian de Boissieu et Olivier Martin"}]},{"@type":"WebSite","@id":"https:\/\/ecodef-ihedn.fr\/#website","url":"https:\/\/ecodef-ihedn.fr\/","name":"Chair in Defence Economics - IHEDN","description":"Produce &amp; support, federate &amp; disseminate, act as an interface","publisher":{"@id":"https:\/\/ecodef-ihedn.fr\/#organization"},"potentialAction":[{"@type":"SearchAction","target":{"@type":"EntryPoint","urlTemplate":"https:\/\/ecodef-ihedn.fr\/?s={search_term_string}"},"query-input":{"@type":"PropertyValueSpecification","valueRequired":true,"valueName":"search_term_string"}}],"inLanguage":"en-GB"},{"@type":"Organization","@id":"https:\/\/ecodef-ihedn.fr\/#organization","name":"Chair in Defence Economics - IHEDN","url":"https:\/\/ecodef-ihedn.fr\/","logo":{"@type":"ImageObject","inLanguage":"en-GB","@id":"https:\/\/ecodef-ihedn.fr\/#\/schema\/logo\/image\/","url":"https:\/\/ecodef-ihedn.fr\/wp-content\/uploads\/2020\/04\/logoEcodef9.jpg","contentUrl":"https:\/\/ecodef-ihedn.fr\/wp-content\/uploads\/2020\/04\/logoEcodef9.jpg","width":410,"height":212,"caption":"Chaire \u00c9conomie de d\u00e9fense - IHEDN"},"image":{"@id":"https:\/\/ecodef-ihedn.fr\/#\/schema\/logo\/image\/"},"sameAs":["https:\/\/x.com\/Chaire_Ecodef","https:\/\/www.linkedin.com\/company\/chaire-ecodef-ihedn\/"]},{"@type":"Person","@id":"https:\/\/ecodef-ihedn.fr\/#\/schema\/person\/1cdf22d028cebe278126a6e07a884d30","name":"Bertrand Demandre","image":{"@type":"ImageObject","inLanguage":"en-GB","@id":"https:\/\/secure.gravatar.com\/avatar\/d9c9746d6c900ab5b9c0f9b1fa3932e369da923da247d624b8f7ab4ba8a3c093?s=96&d=mm&r=g","url":"https:\/\/secure.gravatar.com\/avatar\/d9c9746d6c900ab5b9c0f9b1fa3932e369da923da247d624b8f7ab4ba8a3c093?s=96&d=mm&r=g","contentUrl":"https:\/\/secure.gravatar.com\/avatar\/d9c9746d6c900ab5b9c0f9b1fa3932e369da923da247d624b8f7ab4ba8a3c093?s=96&d=mm&r=g","caption":"Bertrand Demandre"},"url":"https:\/\/ecodef-ihedn.fr\/en\/author\/bertrand\/"}]}},"_links":{"self":[{"href":"https:\/\/ecodef-ihedn.fr\/en\/wp-json\/wp\/v2\/posts\/4162","targetHints":{"allow":["GET"]}}],"collection":[{"href":"https:\/\/ecodef-ihedn.fr\/en\/wp-json\/wp\/v2\/posts"}],"about":[{"href":"https:\/\/ecodef-ihedn.fr\/en\/wp-json\/wp\/v2\/types\/post"}],"author":[{"embeddable":true,"href":"https:\/\/ecodef-ihedn.fr\/en\/wp-json\/wp\/v2\/users\/2"}],"replies":[{"embeddable":true,"href":"https:\/\/ecodef-ihedn.fr\/en\/wp-json\/wp\/v2\/comments?post=4162"}],"version-history":[{"count":3,"href":"https:\/\/ecodef-ihedn.fr\/en\/wp-json\/wp\/v2\/posts\/4162\/revisions"}],"predecessor-version":[{"id":4170,"href":"https:\/\/ecodef-ihedn.fr\/en\/wp-json\/wp\/v2\/posts\/4162\/revisions\/4170"}],"wp:featuredmedia":[{"embeddable":true,"href":"https:\/\/ecodef-ihedn.fr\/en\/wp-json\/wp\/v2\/media\/4163"}],"wp:attachment":[{"href":"https:\/\/ecodef-ihedn.fr\/en\/wp-json\/wp\/v2\/media?parent=4162"}],"wp:term":[{"taxonomy":"category","embeddable":true,"href":"https:\/\/ecodef-ihedn.fr\/en\/wp-json\/wp\/v2\/categories?post=4162"},{"taxonomy":"post_tag","embeddable":true,"href":"https:\/\/ecodef-ihedn.fr\/en\/wp-json\/wp\/v2\/tags?post=4162"}],"curies":[{"name":"wp","href":"https:\/\/api.w.org\/{rel}","templated":true}]}}