{"id":4178,"date":"2021-12-20T16:01:13","date_gmt":"2021-12-20T16:01:13","guid":{"rendered":"https:\/\/ecodef-ihedn.fr\/?p=4178"},"modified":"2022-06-21T14:47:52","modified_gmt":"2022-06-21T14:47:52","slug":"video-conference-annuelle-quelle-politique-dexportation-de-defense-pour-la-france-15-decembre-2021-a-lecole-militaire","status":"publish","type":"post","link":"https:\/\/ecodef-ihedn.fr\/en\/video-conference-annuelle-quelle-politique-dexportation-de-defense-pour-la-france-15-decembre-2021-a-lecole-militaire\/","title":{"rendered":"[VID\u00c9O] Conf\u00e9rence annuelle \u201cQuelle politique d&rsquo;exportation de d\u00e9fense pour la France ?\u201d (\u00c9cole militaire \/ 15 d\u00e9cembre 2021)"},"content":{"rendered":"<p><strong>Read all about the debates on&nbsp;<a href=\"https:\/\/www.youtube.com\/watch?v=1dltUTcXr9Q&amp;list=PLzMFMsSJpwt_Wo0Ti9fP1AHV2-OhXHNmK\" target=\"_blank\" rel=\"noreferrer noopener\">the Chair's YouTube channel<\/a>.<\/strong><\/p>\n\n\n<div class=\"wp-block-image\">\n<figure class=\"aligncenter size-large is-resized\"><img loading=\"lazy\" decoding=\"async\" src=\"https:\/\/ecodef-ihedn.fr\/wp-content\/uploads\/2021\/12\/101-conference-ihedn-sb20211215474-light-1024x683.jpg\" alt=\"\" class=\"wp-image-4181\" width=\"512\" height=\"342\" srcset=\"https:\/\/ecodef-ihedn.fr\/wp-content\/uploads\/2021\/12\/101-conference-ihedn-sb20211215474-light-1024x683.jpg 1024w, https:\/\/ecodef-ihedn.fr\/wp-content\/uploads\/2021\/12\/101-conference-ihedn-sb20211215474-light-300x200.jpg 300w, https:\/\/ecodef-ihedn.fr\/wp-content\/uploads\/2021\/12\/101-conference-ihedn-sb20211215474-light-768x512.jpg 768w, https:\/\/ecodef-ihedn.fr\/wp-content\/uploads\/2021\/12\/101-conference-ihedn-sb20211215474-light-696x464.jpg 696w, https:\/\/ecodef-ihedn.fr\/wp-content\/uploads\/2021\/12\/101-conference-ihedn-sb20211215474-light-1392x928.jpg 1392w, https:\/\/ecodef-ihedn.fr\/wp-content\/uploads\/2021\/12\/101-conference-ihedn-sb20211215474-light-1068x712.jpg 1068w, https:\/\/ecodef-ihedn.fr\/wp-content\/uploads\/2021\/12\/101-conference-ihedn-sb20211215474-light-630x420.jpg 630w, https:\/\/ecodef-ihedn.fr\/wp-content\/uploads\/2021\/12\/101-conference-ihedn-sb20211215474-light-1260x840.jpg 1260w, https:\/\/ecodef-ihedn.fr\/wp-content\/uploads\/2021\/12\/101-conference-ihedn-sb20211215474-light.jpg 1500w\" sizes=\"auto, (max-width: 512px) 100vw, 512px\" \/><\/figure>\n<\/div>\n\n\n<p>La&nbsp;<strong>Chair in Defence Economics - IHEDN<\/strong>&nbsp;organised&nbsp;<strong>its 2021 annual conference on 15 December<\/strong>&nbsp;afternoon, at the \u00c9cole Militaire (Foch amphitheatre) and online. It brought together <strong>almost 500 participants <\/strong>around the theme&nbsp;<em>\u201cWhat kind of defence export policy for France?\u201d<\/em>.<\/p>\n\n\n\n<p>The programme focused on <a href=\"https:\/\/ecodef-ihedn.fr\/en\/15-decembre-2021-conference-annuelle-de-la-chaire-economie-de-defense-ihedn\/\">two round tables<\/a>, These included contributions from high-level speakers (researchers, government and industry): \u00ab\u00a0<strong>What role do defence exports play in France's sovereignty?<\/strong>\u00a0\u00bband\u00ab\u00a0<strong>What model for defence exports in today's changing environment?<\/strong>\u00a0\u00bb .<\/p>\n\n\n\n<p><strong>Mrs Fran\u00e7oise Dumas<\/strong>, Chairwoman of the National Assembly's Committee on National Defence and the Armed Forces, brought the day's proceedings to a close. <\/p>\n\n\n\n<div class=\"wp-block-buttons is-horizontal is-content-justification-center is-layout-flex wp-container-core-buttons-is-layout-499968f5 wp-block-buttons-is-layout-flex\">\n<div class=\"wp-block-button\"><a class=\"wp-block-button__link\" href=\"https:\/\/www.youtube.com\/playlist?list=PLzMFMsSJpwt_Wo0Ti9fP1AHV2-OhXHNmK\" target=\"_blank\" rel=\"noreferrer noopener\">see or re-watch the conference <\/a><\/div>\n<\/div>\n\n\n\n<p>The Chair organised its <a href=\"https:\/\/ecodef-ihedn.fr\/en\/conference-annuelle-chaire-economie-defense\/\" target=\"_blank\" rel=\"noreferrer noopener\">2020 annual conference <\/a>on the subject of defence industrial policy in Europe. <a href=\"https:\/\/www.youtube.com\/watch?v=Am0Vt1yRft0&amp;list=PLzMFMsSJpwt96VLXAjoUrdOsizTxK-D7o\" target=\"_blank\" rel=\"noreferrer noopener\">This conference<\/a> and previous ones are also available on the <a href=\"https:\/\/www.youtube.com\/channel\/UC_dKcdKpWM-Cfk7gujhqXtA\/featured\" target=\"_blank\" rel=\"noreferrer noopener\">YouTube channel of the Chair<\/a>. <\/p>","protected":false},"excerpt":{"rendered":"<p>Retrouvez l\u2019int\u00e9gralit\u00e9 des d\u00e9bats sur&nbsp;la cha\u00eene YouTube de la Chaire. La&nbsp;Chaire \u00c9conomie de D\u00e9fense \u2013 IHEDN&nbsp;a organis\u00e9&nbsp;sa conf\u00e9rence annuelle 2021 le 15 d\u00e9cembre&nbsp;apr\u00e8s-midi, \u00e0 l\u2019\u00c9cole militaire (amphith\u00e9\u00e2tre Foch) et en ligne. Elle a rassembl\u00e9 pr\u00e8s de 500 participants autour du th\u00e8me&nbsp;\u201cQuelle politique d&rsquo;exportation de d\u00e9fense pour la France ?\u201d. Le programme s\u2019est articul\u00e9 autour de [&hellip;]<\/p>\n","protected":false},"author":2,"featured_media":4181,"comment_status":"open","ping_status":"open","sticky":false,"template":"","format":"standard","meta":{"footnotes":""},"categories":[34,355],"tags":[162,41,163,36,47,499,38,149,498,497],"class_list":{"0":"post-4178","1":"post","2":"type-post","3":"status-publish","4":"format-standard","5":"has-post-thumbnail","7":"category-activites","8":"category-activites-evenements-portes-par-la-chaire","9":"tag-chaire-economie-de-defense","10":"tag-conference","11":"tag-conference-annuelle","12":"tag-defense","13":"tag-economie-de-defense","14":"tag-exportations-darmes-2","15":"tag-ihedn","16":"tag-industrie-de-defense","17":"tag-replay","18":"tag-video"},"yoast_head":"<!-- This site is optimized with the Yoast SEO plugin v27.4 - https:\/\/yoast.com\/product\/yoast-seo-wordpress\/ -->\n<title>[VID\u00c9O] Conf\u00e9rence annuelle \u201cQuelle politique d&#039;exportation de d\u00e9fense pour la France ?\u201d (\u00c9cole militaire \/ 15 d\u00e9cembre 2021) - Chaire \u00c9conomie de d\u00e9fense - IHEDN<\/title>\n<meta name=\"robots\" content=\"index, follow, max-snippet:-1, max-image-preview:large, max-video-preview:-1\" \/>\n<link rel=\"canonical\" href=\"https:\/\/ecodef-ihedn.fr\/en\/video-conference-annuelle-quelle-politique-dexportation-de-defense-pour-la-france-15-decembre-2021-a-lecole-militaire\/\" \/>\n<meta property=\"og:locale\" content=\"en_GB\" \/>\n<meta property=\"og:type\" content=\"article\" \/>\n<meta property=\"og:title\" content=\"[VID\u00c9O] Conf\u00e9rence annuelle \u201cQuelle politique d&#039;exportation de d\u00e9fense pour la France ?\u201d (\u00c9cole militaire \/ 15 d\u00e9cembre 2021) - Chaire \u00c9conomie de d\u00e9fense - IHEDN\" \/>\n<meta property=\"og:description\" content=\"Retrouvez l\u2019int\u00e9gralit\u00e9 des d\u00e9bats sur&nbsp;la cha\u00eene YouTube de la Chaire. La&nbsp;Chaire \u00c9conomie de D\u00e9fense \u2013 IHEDN&nbsp;a organis\u00e9&nbsp;sa conf\u00e9rence annuelle 2021 le 15 d\u00e9cembre&nbsp;apr\u00e8s-midi, \u00e0 l\u2019\u00c9cole militaire (amphith\u00e9\u00e2tre Foch) et en ligne. Elle a rassembl\u00e9 pr\u00e8s de 500 participants autour du th\u00e8me&nbsp;\u201cQuelle politique d&rsquo;exportation de d\u00e9fense pour la France ?\u201d. Le programme s\u2019est articul\u00e9 autour de [&hellip;]\" \/>\n<meta property=\"og:url\" content=\"https:\/\/ecodef-ihedn.fr\/en\/video-conference-annuelle-quelle-politique-dexportation-de-defense-pour-la-france-15-decembre-2021-a-lecole-militaire\/\" \/>\n<meta property=\"og:site_name\" content=\"Chaire \u00c9conomie de d\u00e9fense - IHEDN\" \/>\n<meta property=\"article:published_time\" content=\"2021-12-20T16:01:13+00:00\" \/>\n<meta property=\"article:modified_time\" content=\"2022-06-21T14:47:52+00:00\" \/>\n<meta property=\"og:image\" content=\"https:\/\/ecodef-ihedn.fr\/wp-content\/uploads\/2021\/12\/101-conference-ihedn-sb20211215474-light.jpg\" \/>\n\t<meta property=\"og:image:width\" content=\"1500\" \/>\n\t<meta property=\"og:image:height\" content=\"1000\" \/>\n\t<meta property=\"og:image:type\" content=\"image\/jpeg\" \/>\n<meta name=\"author\" content=\"Bertrand Demandre\" \/>\n<meta name=\"twitter:card\" content=\"summary_large_image\" \/>\n<meta name=\"twitter:creator\" content=\"@Chaire_Ecodef\" \/>\n<meta name=\"twitter:site\" content=\"@Chaire_Ecodef\" \/>\n<meta name=\"twitter:label1\" content=\"Written by\" \/>\n\t<meta name=\"twitter:data1\" content=\"Bertrand Demandre\" \/>\n\t<meta name=\"twitter:label2\" content=\"Estimated reading time\" \/>\n\t<meta name=\"twitter:data2\" content=\"2 minutes\" \/>\n<script type=\"application\/ld+json\" class=\"yoast-schema-graph\">{\"@context\":\"https:\\\/\\\/schema.org\",\"@graph\":[{\"@type\":\"Article\",\"@id\":\"https:\\\/\\\/ecodef-ihedn.fr\\\/video-conference-annuelle-quelle-politique-dexportation-de-defense-pour-la-france-15-decembre-2021-a-lecole-militaire\\\/#article\",\"isPartOf\":{\"@id\":\"https:\\\/\\\/ecodef-ihedn.fr\\\/video-conference-annuelle-quelle-politique-dexportation-de-defense-pour-la-france-15-decembre-2021-a-lecole-militaire\\\/\"},\"author\":{\"name\":\"Bertrand Demandre\",\"@id\":\"https:\\\/\\\/ecodef-ihedn.fr\\\/#\\\/schema\\\/person\\\/1cdf22d028cebe278126a6e07a884d30\"},\"headline\":\"[VID\u00c9O] Conf\u00e9rence annuelle \u201cQuelle politique d&rsquo;exportation de d\u00e9fense pour la France ?\u201d (\u00c9cole militaire \\\/ 15 d\u00e9cembre 2021)\",\"datePublished\":\"2021-12-20T16:01:13+00:00\",\"dateModified\":\"2022-06-21T14:47:52+00:00\",\"mainEntityOfPage\":{\"@id\":\"https:\\\/\\\/ecodef-ihedn.fr\\\/video-conference-annuelle-quelle-politique-dexportation-de-defense-pour-la-france-15-decembre-2021-a-lecole-militaire\\\/\"},\"wordCount\":220,\"commentCount\":1,\"publisher\":{\"@id\":\"https:\\\/\\\/ecodef-ihedn.fr\\\/#organization\"},\"image\":{\"@id\":\"https:\\\/\\\/ecodef-ihedn.fr\\\/video-conference-annuelle-quelle-politique-dexportation-de-defense-pour-la-france-15-decembre-2021-a-lecole-militaire\\\/#primaryimage\"},\"thumbnailUrl\":\"https:\\\/\\\/ecodef-ihedn.fr\\\/wp-content\\\/uploads\\\/2021\\\/12\\\/101-conference-ihedn-sb20211215474-light.jpg\",\"keywords\":[\"chaire \u00e9conomie de d\u00e9fense\",\"conf\u00e9rence\",\"conf\u00e9rence annuelle\",\"D\u00e9fense\",\"\u00e9conomie de d\u00e9fense\",\"exportations d&#039;armes\",\"IHEDN\",\"industrie de d\u00e9fense\",\"replay\",\"vid\u00e9o\"],\"articleSection\":[\"Activit\u00e9s\",\"Activit\u00e9s : \u00e9v\u00e9nements port\u00e9s par la Chaire\"],\"inLanguage\":\"en-GB\",\"potentialAction\":[{\"@type\":\"CommentAction\",\"name\":\"Comment\",\"target\":[\"https:\\\/\\\/ecodef-ihedn.fr\\\/video-conference-annuelle-quelle-politique-dexportation-de-defense-pour-la-france-15-decembre-2021-a-lecole-militaire\\\/#respond\"]}]},{\"@type\":\"WebPage\",\"@id\":\"https:\\\/\\\/ecodef-ihedn.fr\\\/video-conference-annuelle-quelle-politique-dexportation-de-defense-pour-la-france-15-decembre-2021-a-lecole-militaire\\\/\",\"url\":\"https:\\\/\\\/ecodef-ihedn.fr\\\/video-conference-annuelle-quelle-politique-dexportation-de-defense-pour-la-france-15-decembre-2021-a-lecole-militaire\\\/\",\"name\":\"[VID\u00c9O] Conf\u00e9rence annuelle \u201cQuelle politique d'exportation de d\u00e9fense pour la France ?\u201d (\u00c9cole militaire \\\/ 15 d\u00e9cembre 2021) - Chaire \u00c9conomie de d\u00e9fense - IHEDN\",\"isPartOf\":{\"@id\":\"https:\\\/\\\/ecodef-ihedn.fr\\\/#website\"},\"primaryImageOfPage\":{\"@id\":\"https:\\\/\\\/ecodef-ihedn.fr\\\/video-conference-annuelle-quelle-politique-dexportation-de-defense-pour-la-france-15-decembre-2021-a-lecole-militaire\\\/#primaryimage\"},\"image\":{\"@id\":\"https:\\\/\\\/ecodef-ihedn.fr\\\/video-conference-annuelle-quelle-politique-dexportation-de-defense-pour-la-france-15-decembre-2021-a-lecole-militaire\\\/#primaryimage\"},\"thumbnailUrl\":\"https:\\\/\\\/ecodef-ihedn.fr\\\/wp-content\\\/uploads\\\/2021\\\/12\\\/101-conference-ihedn-sb20211215474-light.jpg\",\"datePublished\":\"2021-12-20T16:01:13+00:00\",\"dateModified\":\"2022-06-21T14:47:52+00:00\",\"breadcrumb\":{\"@id\":\"https:\\\/\\\/ecodef-ihedn.fr\\\/video-conference-annuelle-quelle-politique-dexportation-de-defense-pour-la-france-15-decembre-2021-a-lecole-militaire\\\/#breadcrumb\"},\"inLanguage\":\"en-GB\",\"potentialAction\":[{\"@type\":\"ReadAction\",\"target\":[\"https:\\\/\\\/ecodef-ihedn.fr\\\/video-conference-annuelle-quelle-politique-dexportation-de-defense-pour-la-france-15-decembre-2021-a-lecole-militaire\\\/\"]}]},{\"@type\":\"ImageObject\",\"inLanguage\":\"en-GB\",\"@id\":\"https:\\\/\\\/ecodef-ihedn.fr\\\/video-conference-annuelle-quelle-politique-dexportation-de-defense-pour-la-france-15-decembre-2021-a-lecole-militaire\\\/#primaryimage\",\"url\":\"https:\\\/\\\/ecodef-ihedn.fr\\\/wp-content\\\/uploads\\\/2021\\\/12\\\/101-conference-ihedn-sb20211215474-light.jpg\",\"contentUrl\":\"https:\\\/\\\/ecodef-ihedn.fr\\\/wp-content\\\/uploads\\\/2021\\\/12\\\/101-conference-ihedn-sb20211215474-light.jpg\",\"width\":1500,\"height\":1000},{\"@type\":\"BreadcrumbList\",\"@id\":\"https:\\\/\\\/ecodef-ihedn.fr\\\/video-conference-annuelle-quelle-politique-dexportation-de-defense-pour-la-france-15-decembre-2021-a-lecole-militaire\\\/#breadcrumb\",\"itemListElement\":[{\"@type\":\"ListItem\",\"position\":1,\"name\":\"Accueil\",\"item\":\"https:\\\/\\\/ecodef-ihedn.fr\\\/\"},{\"@type\":\"ListItem\",\"position\":2,\"name\":\"[VID\u00c9O] Conf\u00e9rence annuelle \u201cQuelle politique d&#8217;exportation de d\u00e9fense pour la France ?\u201d (\u00c9cole militaire \\\/ 15 d\u00e9cembre 2021)\"}]},{\"@type\":\"WebSite\",\"@id\":\"https:\\\/\\\/ecodef-ihedn.fr\\\/#website\",\"url\":\"https:\\\/\\\/ecodef-ihedn.fr\\\/\",\"name\":\"Chaire \u00c9conomie de D\u00e9fense - IHEDN\",\"description\":\"Produire &amp; soutenir, f\u00e9d\u00e9rer &amp; diffuser, \u00eatre une interface\",\"publisher\":{\"@id\":\"https:\\\/\\\/ecodef-ihedn.fr\\\/#organization\"},\"potentialAction\":[{\"@type\":\"SearchAction\",\"target\":{\"@type\":\"EntryPoint\",\"urlTemplate\":\"https:\\\/\\\/ecodef-ihedn.fr\\\/?s={search_term_string}\"},\"query-input\":{\"@type\":\"PropertyValueSpecification\",\"valueRequired\":true,\"valueName\":\"search_term_string\"}}],\"inLanguage\":\"en-GB\"},{\"@type\":\"Organization\",\"@id\":\"https:\\\/\\\/ecodef-ihedn.fr\\\/#organization\",\"name\":\"Chaire \u00c9conomie de d\u00e9fense - IHEDN\",\"url\":\"https:\\\/\\\/ecodef-ihedn.fr\\\/\",\"logo\":{\"@type\":\"ImageObject\",\"inLanguage\":\"en-GB\",\"@id\":\"https:\\\/\\\/ecodef-ihedn.fr\\\/#\\\/schema\\\/logo\\\/image\\\/\",\"url\":\"https:\\\/\\\/ecodef-ihedn.fr\\\/wp-content\\\/uploads\\\/2020\\\/04\\\/logoEcodef9.jpg\",\"contentUrl\":\"https:\\\/\\\/ecodef-ihedn.fr\\\/wp-content\\\/uploads\\\/2020\\\/04\\\/logoEcodef9.jpg\",\"width\":410,\"height\":212,\"caption\":\"Chaire \u00c9conomie de d\u00e9fense - IHEDN\"},\"image\":{\"@id\":\"https:\\\/\\\/ecodef-ihedn.fr\\\/#\\\/schema\\\/logo\\\/image\\\/\"},\"sameAs\":[\"https:\\\/\\\/x.com\\\/Chaire_Ecodef\",\"https:\\\/\\\/www.linkedin.com\\\/company\\\/chaire-ecodef-ihedn\\\/\"]},{\"@type\":\"Person\",\"@id\":\"https:\\\/\\\/ecodef-ihedn.fr\\\/#\\\/schema\\\/person\\\/1cdf22d028cebe278126a6e07a884d30\",\"name\":\"Bertrand Demandre\",\"image\":{\"@type\":\"ImageObject\",\"inLanguage\":\"en-GB\",\"@id\":\"https:\\\/\\\/secure.gravatar.com\\\/avatar\\\/d9c9746d6c900ab5b9c0f9b1fa3932e369da923da247d624b8f7ab4ba8a3c093?s=96&d=mm&r=g\",\"url\":\"https:\\\/\\\/secure.gravatar.com\\\/avatar\\\/d9c9746d6c900ab5b9c0f9b1fa3932e369da923da247d624b8f7ab4ba8a3c093?s=96&d=mm&r=g\",\"contentUrl\":\"https:\\\/\\\/secure.gravatar.com\\\/avatar\\\/d9c9746d6c900ab5b9c0f9b1fa3932e369da923da247d624b8f7ab4ba8a3c093?s=96&d=mm&r=g\",\"caption\":\"Bertrand Demandre\"},\"url\":\"https:\\\/\\\/ecodef-ihedn.fr\\\/en\\\/author\\\/bertrand\\\/\"}]}<\/script>\n<!-- \/ Yoast SEO plugin. -->","yoast_head_json":{"title":"[VID\u00c9O] Conf\u00e9rence annuelle \u201cQuelle politique d'exportation de d\u00e9fense pour la France ?\u201d (\u00c9cole militaire \/ 15 d\u00e9cembre 2021) - Chaire \u00c9conomie de d\u00e9fense - IHEDN","robots":{"index":"index","follow":"follow","max-snippet":"max-snippet:-1","max-image-preview":"max-image-preview:large","max-video-preview":"max-video-preview:-1"},"canonical":"https:\/\/ecodef-ihedn.fr\/en\/video-conference-annuelle-quelle-politique-dexportation-de-defense-pour-la-france-15-decembre-2021-a-lecole-militaire\/","og_locale":"en_GB","og_type":"article","og_title":"[VID\u00c9O] Conf\u00e9rence annuelle \u201cQuelle politique d'exportation de d\u00e9fense pour la France ?\u201d (\u00c9cole militaire \/ 15 d\u00e9cembre 2021) - Chaire \u00c9conomie de d\u00e9fense - IHEDN","og_description":"Retrouvez l\u2019int\u00e9gralit\u00e9 des d\u00e9bats sur&nbsp;la cha\u00eene YouTube de la Chaire. La&nbsp;Chaire \u00c9conomie de D\u00e9fense \u2013 IHEDN&nbsp;a organis\u00e9&nbsp;sa conf\u00e9rence annuelle 2021 le 15 d\u00e9cembre&nbsp;apr\u00e8s-midi, \u00e0 l\u2019\u00c9cole militaire (amphith\u00e9\u00e2tre Foch) et en ligne. Elle a rassembl\u00e9 pr\u00e8s de 500 participants autour du th\u00e8me&nbsp;\u201cQuelle politique d&rsquo;exportation de d\u00e9fense pour la France ?\u201d. Le programme s\u2019est articul\u00e9 autour de [&hellip;]","og_url":"https:\/\/ecodef-ihedn.fr\/en\/video-conference-annuelle-quelle-politique-dexportation-de-defense-pour-la-france-15-decembre-2021-a-lecole-militaire\/","og_site_name":"Chaire \u00c9conomie de d\u00e9fense - IHEDN","article_published_time":"2021-12-20T16:01:13+00:00","article_modified_time":"2022-06-21T14:47:52+00:00","og_image":[{"width":1500,"height":1000,"url":"https:\/\/ecodef-ihedn.fr\/wp-content\/uploads\/2021\/12\/101-conference-ihedn-sb20211215474-light.jpg","type":"image\/jpeg"}],"author":"Bertrand Demandre","twitter_card":"summary_large_image","twitter_creator":"@Chaire_Ecodef","twitter_site":"@Chaire_Ecodef","twitter_misc":{"Written by":"Bertrand Demandre","Estimated reading time":"2 minutes"},"schema":{"@context":"https:\/\/schema.org","@graph":[{"@type":"Article","@id":"https:\/\/ecodef-ihedn.fr\/video-conference-annuelle-quelle-politique-dexportation-de-defense-pour-la-france-15-decembre-2021-a-lecole-militaire\/#article","isPartOf":{"@id":"https:\/\/ecodef-ihedn.fr\/video-conference-annuelle-quelle-politique-dexportation-de-defense-pour-la-france-15-decembre-2021-a-lecole-militaire\/"},"author":{"name":"Bertrand Demandre","@id":"https:\/\/ecodef-ihedn.fr\/#\/schema\/person\/1cdf22d028cebe278126a6e07a884d30"},"headline":"[VID\u00c9O] Conf\u00e9rence annuelle \u201cQuelle politique d&rsquo;exportation de d\u00e9fense pour la France ?\u201d (\u00c9cole militaire \/ 15 d\u00e9cembre 2021)","datePublished":"2021-12-20T16:01:13+00:00","dateModified":"2022-06-21T14:47:52+00:00","mainEntityOfPage":{"@id":"https:\/\/ecodef-ihedn.fr\/video-conference-annuelle-quelle-politique-dexportation-de-defense-pour-la-france-15-decembre-2021-a-lecole-militaire\/"},"wordCount":220,"commentCount":1,"publisher":{"@id":"https:\/\/ecodef-ihedn.fr\/#organization"},"image":{"@id":"https:\/\/ecodef-ihedn.fr\/video-conference-annuelle-quelle-politique-dexportation-de-defense-pour-la-france-15-decembre-2021-a-lecole-militaire\/#primaryimage"},"thumbnailUrl":"https:\/\/ecodef-ihedn.fr\/wp-content\/uploads\/2021\/12\/101-conference-ihedn-sb20211215474-light.jpg","keywords":["chaire \u00e9conomie de d\u00e9fense","conf\u00e9rence","conf\u00e9rence annuelle","D\u00e9fense","\u00e9conomie de d\u00e9fense","exportations d&#039;armes","IHEDN","industrie de d\u00e9fense","replay","vid\u00e9o"],"articleSection":["Activit\u00e9s","Activit\u00e9s : \u00e9v\u00e9nements port\u00e9s par la Chaire"],"inLanguage":"en-GB","potentialAction":[{"@type":"CommentAction","name":"Comment","target":["https:\/\/ecodef-ihedn.fr\/video-conference-annuelle-quelle-politique-dexportation-de-defense-pour-la-france-15-decembre-2021-a-lecole-militaire\/#respond"]}]},{"@type":"WebPage","@id":"https:\/\/ecodef-ihedn.fr\/video-conference-annuelle-quelle-politique-dexportation-de-defense-pour-la-france-15-decembre-2021-a-lecole-militaire\/","url":"https:\/\/ecodef-ihedn.fr\/video-conference-annuelle-quelle-politique-dexportation-de-defense-pour-la-france-15-decembre-2021-a-lecole-militaire\/","name":"[VID\u00c9O] Conf\u00e9rence annuelle \u201cQuelle politique d'exportation de d\u00e9fense pour la France ?\u201d (\u00c9cole militaire \/ 15 d\u00e9cembre 2021) - Chaire \u00c9conomie de d\u00e9fense - IHEDN","isPartOf":{"@id":"https:\/\/ecodef-ihedn.fr\/#website"},"primaryImageOfPage":{"@id":"https:\/\/ecodef-ihedn.fr\/video-conference-annuelle-quelle-politique-dexportation-de-defense-pour-la-france-15-decembre-2021-a-lecole-militaire\/#primaryimage"},"image":{"@id":"https:\/\/ecodef-ihedn.fr\/video-conference-annuelle-quelle-politique-dexportation-de-defense-pour-la-france-15-decembre-2021-a-lecole-militaire\/#primaryimage"},"thumbnailUrl":"https:\/\/ecodef-ihedn.fr\/wp-content\/uploads\/2021\/12\/101-conference-ihedn-sb20211215474-light.jpg","datePublished":"2021-12-20T16:01:13+00:00","dateModified":"2022-06-21T14:47:52+00:00","breadcrumb":{"@id":"https:\/\/ecodef-ihedn.fr\/video-conference-annuelle-quelle-politique-dexportation-de-defense-pour-la-france-15-decembre-2021-a-lecole-militaire\/#breadcrumb"},"inLanguage":"en-GB","potentialAction":[{"@type":"ReadAction","target":["https:\/\/ecodef-ihedn.fr\/video-conference-annuelle-quelle-politique-dexportation-de-defense-pour-la-france-15-decembre-2021-a-lecole-militaire\/"]}]},{"@type":"ImageObject","inLanguage":"en-GB","@id":"https:\/\/ecodef-ihedn.fr\/video-conference-annuelle-quelle-politique-dexportation-de-defense-pour-la-france-15-decembre-2021-a-lecole-militaire\/#primaryimage","url":"https:\/\/ecodef-ihedn.fr\/wp-content\/uploads\/2021\/12\/101-conference-ihedn-sb20211215474-light.jpg","contentUrl":"https:\/\/ecodef-ihedn.fr\/wp-content\/uploads\/2021\/12\/101-conference-ihedn-sb20211215474-light.jpg","width":1500,"height":1000},{"@type":"BreadcrumbList","@id":"https:\/\/ecodef-ihedn.fr\/video-conference-annuelle-quelle-politique-dexportation-de-defense-pour-la-france-15-decembre-2021-a-lecole-militaire\/#breadcrumb","itemListElement":[{"@type":"ListItem","position":1,"name":"Accueil","item":"https:\/\/ecodef-ihedn.fr\/"},{"@type":"ListItem","position":2,"name":"[VID\u00c9O] Conf\u00e9rence annuelle \u201cQuelle politique d&#8217;exportation de d\u00e9fense pour la France ?\u201d (\u00c9cole militaire \/ 15 d\u00e9cembre 2021)"}]},{"@type":"WebSite","@id":"https:\/\/ecodef-ihedn.fr\/#website","url":"https:\/\/ecodef-ihedn.fr\/","name":"Chair in Defence Economics - IHEDN","description":"Produce &amp; support, federate &amp; disseminate, act as an interface","publisher":{"@id":"https:\/\/ecodef-ihedn.fr\/#organization"},"potentialAction":[{"@type":"SearchAction","target":{"@type":"EntryPoint","urlTemplate":"https:\/\/ecodef-ihedn.fr\/?s={search_term_string}"},"query-input":{"@type":"PropertyValueSpecification","valueRequired":true,"valueName":"search_term_string"}}],"inLanguage":"en-GB"},{"@type":"Organization","@id":"https:\/\/ecodef-ihedn.fr\/#organization","name":"Chair in Defence Economics - IHEDN","url":"https:\/\/ecodef-ihedn.fr\/","logo":{"@type":"ImageObject","inLanguage":"en-GB","@id":"https:\/\/ecodef-ihedn.fr\/#\/schema\/logo\/image\/","url":"https:\/\/ecodef-ihedn.fr\/wp-content\/uploads\/2020\/04\/logoEcodef9.jpg","contentUrl":"https:\/\/ecodef-ihedn.fr\/wp-content\/uploads\/2020\/04\/logoEcodef9.jpg","width":410,"height":212,"caption":"Chaire \u00c9conomie de d\u00e9fense - IHEDN"},"image":{"@id":"https:\/\/ecodef-ihedn.fr\/#\/schema\/logo\/image\/"},"sameAs":["https:\/\/x.com\/Chaire_Ecodef","https:\/\/www.linkedin.com\/company\/chaire-ecodef-ihedn\/"]},{"@type":"Person","@id":"https:\/\/ecodef-ihedn.fr\/#\/schema\/person\/1cdf22d028cebe278126a6e07a884d30","name":"Bertrand Demandre","image":{"@type":"ImageObject","inLanguage":"en-GB","@id":"https:\/\/secure.gravatar.com\/avatar\/d9c9746d6c900ab5b9c0f9b1fa3932e369da923da247d624b8f7ab4ba8a3c093?s=96&d=mm&r=g","url":"https:\/\/secure.gravatar.com\/avatar\/d9c9746d6c900ab5b9c0f9b1fa3932e369da923da247d624b8f7ab4ba8a3c093?s=96&d=mm&r=g","contentUrl":"https:\/\/secure.gravatar.com\/avatar\/d9c9746d6c900ab5b9c0f9b1fa3932e369da923da247d624b8f7ab4ba8a3c093?s=96&d=mm&r=g","caption":"Bertrand Demandre"},"url":"https:\/\/ecodef-ihedn.fr\/en\/author\/bertrand\/"}]}},"_links":{"self":[{"href":"https:\/\/ecodef-ihedn.fr\/en\/wp-json\/wp\/v2\/posts\/4178","targetHints":{"allow":["GET"]}}],"collection":[{"href":"https:\/\/ecodef-ihedn.fr\/en\/wp-json\/wp\/v2\/posts"}],"about":[{"href":"https:\/\/ecodef-ihedn.fr\/en\/wp-json\/wp\/v2\/types\/post"}],"author":[{"embeddable":true,"href":"https:\/\/ecodef-ihedn.fr\/en\/wp-json\/wp\/v2\/users\/2"}],"replies":[{"embeddable":true,"href":"https:\/\/ecodef-ihedn.fr\/en\/wp-json\/wp\/v2\/comments?post=4178"}],"version-history":[{"count":5,"href":"https:\/\/ecodef-ihedn.fr\/en\/wp-json\/wp\/v2\/posts\/4178\/revisions"}],"predecessor-version":[{"id":5320,"href":"https:\/\/ecodef-ihedn.fr\/en\/wp-json\/wp\/v2\/posts\/4178\/revisions\/5320"}],"wp:featuredmedia":[{"embeddable":true,"href":"https:\/\/ecodef-ihedn.fr\/en\/wp-json\/wp\/v2\/media\/4181"}],"wp:attachment":[{"href":"https:\/\/ecodef-ihedn.fr\/en\/wp-json\/wp\/v2\/media?parent=4178"}],"wp:term":[{"taxonomy":"category","embeddable":true,"href":"https:\/\/ecodef-ihedn.fr\/en\/wp-json\/wp\/v2\/categories?post=4178"},{"taxonomy":"post_tag","embeddable":true,"href":"https:\/\/ecodef-ihedn.fr\/en\/wp-json\/wp\/v2\/tags?post=4178"}],"curies":[{"name":"wp","href":"https:\/\/api.w.org\/{rel}","templated":true}]}}