{"id":4297,"date":"2022-02-01T11:57:42","date_gmt":"2022-02-01T11:57:42","guid":{"rendered":"https:\/\/ecodef-ihedn.fr\/?p=4297"},"modified":"2022-04-22T09:03:43","modified_gmt":"2022-04-22T09:03:43","slug":"mort-pour-la-france-publication-dun-article-de-friederike-richter","status":"publish","type":"post","link":"https:\/\/ecodef-ihedn.fr\/en\/mort-pour-la-france-publication-dun-article-de-friederike-richter\/","title":{"rendered":"Died for France: publication of an article by Friederike Richter"},"content":{"rendered":"<p><strong>Friederike Richter, associate researcher at the Chair, has published <strong>in the magazine <a href=\"https:\/\/www.cairn.info\/revue-gouvernement-et-action-publique.htm\"><em>Government and public action<\/em><\/a><\/strong><\/strong> <strong>an article co-authored with Camille Collin.<\/strong><\/p>\n\n\n\n<div class=\"wp-block-image\"><figure class=\"aligncenter size-full\"><img loading=\"lazy\" decoding=\"async\" width=\"204\" height=\"313\" src=\"https:\/\/ecodef-ihedn.fr\/wp-content\/uploads\/2022\/02\/GAP_213_L204.jpg\" alt=\"\" class=\"wp-image-4301\" srcset=\"https:\/\/ecodef-ihedn.fr\/wp-content\/uploads\/2022\/02\/GAP_213_L204.jpg 204w, https:\/\/ecodef-ihedn.fr\/wp-content\/uploads\/2022\/02\/GAP_213_L204-196x300.jpg 196w\" sizes=\"auto, (max-width: 204px) 100vw, 204px\" \/><\/figure><\/div>\n\n\n\n<p><strong>Friederike Richter,<a href=\"https:\/\/ecodef-ihedn.fr\/en\/equipe\/\" target=\"_blank\" rel=\"noreferrer noopener\"> researcher associated with the Chair<\/a><\/strong>, co-authored an article entitled \u00abMort pour la France\u00ab: La prise en charge du corps du guerrier depuis 1914\u2033, published in issue 2021\/3 (vol. 10) of the journal <em>Government and public action<\/em> (pages 71 to 93). <\/p>\n\n\n\n<p>This article analyses the changes in the <strong>the role of the State in caring for the bodies of soldiers <\/strong>\u00abwho died for France\u00bb. More specifically, it gives rise to the examination of the <strong>change in public action<\/strong> These include the systematisation of repatriation, the adaptation of burial arrangements and the individualised celebration of soldiers. The case of those who died for France thus appears to be imbued with the principles that guide public policy on all \u00abhuman remains\u00bb, whether civilian or military. The researchers emphasise, however, that human remains must be understood as an integral part of the transformation of state action, because they bear witness to the violence of conflict and require the state to come to terms with it.<\/p>\n\n\n\n<div class=\"wp-block-buttons is-content-justification-center is-layout-flex wp-container-core-buttons-is-layout-16018d1d wp-block-buttons-is-layout-flex\">\n<div class=\"wp-block-button\"><a class=\"wp-block-button__link\" href=\"https:\/\/www.cairn.info\/revue-gouvernement-et-action-publique-2021-3-page-71.htm\" target=\"_blank\" rel=\"noreferrer noopener\">read the full article<\/a><\/div>\n<\/div>\n\n\n\n<p><\/p>","protected":false},"excerpt":{"rendered":"<p>Friederike Richter, chercheuse associ\u00e9e \u00e0 la Chaire, a publi\u00e9 dans la revue Gouvernement et action publique un article co-\u00e9crit avec Camille Collin. Friederike Richter, chercheuse associ\u00e9e \u00e0 la Chaire, a co-\u00e9crit un article intitul\u00e9 \u00ab\u00a0\u00ab Mort pour la France\u00a0\u00bb\u00a0: La prise en charge du corps du guerrier depuis 1914&Prime;, publi\u00e9 dans le num\u00e9ro 2021\/3 (vol. [&hellip;]<\/p>\n","protected":false},"author":2,"featured_media":4303,"comment_status":"open","ping_status":"open","sticky":false,"template":"","format":"standard","meta":{"footnotes":""},"categories":[350,352],"tags":[185,510,162,47,366,407,508,38,511,110,509],"class_list":{"0":"post-4297","1":"post","2":"type-post","3":"status-publish","4":"format-standard","5":"has-post-thumbnail","7":"category-publications","8":"category-thematique-2-determinants-et-impacts-de-la-depense-de-defense","9":"tag-armee","10":"tag-camille-collin","11":"tag-chaire-economie-de-defense","12":"tag-economie-de-defense","13":"tag-france","14":"tag-friederike-richter","15":"tag-gouvernement-et-action-publique","16":"tag-ihedn","17":"tag-mort-pour-la-france","18":"tag-publications","19":"tag-sciences-po"},"yoast_head":"<!-- This site is optimized with the Yoast SEO plugin v27.4 - https:\/\/yoast.com\/product\/yoast-seo-wordpress\/ -->\n<title>Mort pour la France : publication d\u2019un article de Friederike Richter - Chaire \u00c9conomie de d\u00e9fense - IHEDN<\/title>\n<meta name=\"robots\" content=\"index, follow, max-snippet:-1, max-image-preview:large, max-video-preview:-1\" \/>\n<link rel=\"canonical\" href=\"https:\/\/ecodef-ihedn.fr\/en\/mort-pour-la-france-publication-dun-article-de-friederike-richter\/\" \/>\n<meta property=\"og:locale\" content=\"en_GB\" \/>\n<meta property=\"og:type\" content=\"article\" \/>\n<meta property=\"og:title\" content=\"Mort pour la France : publication d\u2019un article de Friederike Richter - Chaire \u00c9conomie de d\u00e9fense - IHEDN\" \/>\n<meta property=\"og:description\" content=\"Friederike Richter, chercheuse associ\u00e9e \u00e0 la Chaire, a publi\u00e9 dans la revue Gouvernement et action publique un article co-\u00e9crit avec Camille Collin. Friederike Richter, chercheuse associ\u00e9e \u00e0 la Chaire, a co-\u00e9crit un article intitul\u00e9 \u00ab\u00a0\u00ab Mort pour la France\u00a0\u00bb\u00a0: La prise en charge du corps du guerrier depuis 1914&Prime;, publi\u00e9 dans le num\u00e9ro 2021\/3 (vol. [&hellip;]\" \/>\n<meta property=\"og:url\" content=\"https:\/\/ecodef-ihedn.fr\/en\/mort-pour-la-france-publication-dun-article-de-friederike-richter\/\" \/>\n<meta property=\"og:site_name\" content=\"Chaire \u00c9conomie de d\u00e9fense - IHEDN\" \/>\n<meta property=\"article:published_time\" content=\"2022-02-01T11:57:42+00:00\" \/>\n<meta property=\"article:modified_time\" content=\"2022-04-22T09:03:43+00:00\" \/>\n<meta property=\"og:image\" content=\"https:\/\/ecodef-ihedn.fr\/wp-content\/uploads\/2022\/02\/11237296156_bf3b276f25_c.jpg\" \/>\n\t<meta property=\"og:image:width\" content=\"799\" \/>\n\t<meta property=\"og:image:height\" content=\"304\" \/>\n\t<meta property=\"og:image:type\" content=\"image\/jpeg\" \/>\n<meta name=\"author\" content=\"Bertrand Demandre\" \/>\n<meta name=\"twitter:card\" content=\"summary_large_image\" \/>\n<meta name=\"twitter:creator\" content=\"@Chaire_Ecodef\" \/>\n<meta name=\"twitter:site\" content=\"@Chaire_Ecodef\" \/>\n<meta name=\"twitter:label1\" content=\"Written by\" \/>\n\t<meta name=\"twitter:data1\" content=\"Bertrand Demandre\" \/>\n\t<meta name=\"twitter:label2\" content=\"Estimated reading time\" \/>\n\t<meta name=\"twitter:data2\" content=\"2 minutes\" \/>\n<script type=\"application\/ld+json\" class=\"yoast-schema-graph\">{\"@context\":\"https:\\\/\\\/schema.org\",\"@graph\":[{\"@type\":\"Article\",\"@id\":\"https:\\\/\\\/ecodef-ihedn.fr\\\/mort-pour-la-france-publication-dun-article-de-friederike-richter\\\/#article\",\"isPartOf\":{\"@id\":\"https:\\\/\\\/ecodef-ihedn.fr\\\/mort-pour-la-france-publication-dun-article-de-friederike-richter\\\/\"},\"author\":{\"name\":\"Bertrand Demandre\",\"@id\":\"https:\\\/\\\/ecodef-ihedn.fr\\\/#\\\/schema\\\/person\\\/1cdf22d028cebe278126a6e07a884d30\"},\"headline\":\"Mort pour la France : publication d\u2019un article de Friederike Richter\",\"datePublished\":\"2022-02-01T11:57:42+00:00\",\"dateModified\":\"2022-04-22T09:03:43+00:00\",\"mainEntityOfPage\":{\"@id\":\"https:\\\/\\\/ecodef-ihedn.fr\\\/mort-pour-la-france-publication-dun-article-de-friederike-richter\\\/\"},\"wordCount\":220,\"commentCount\":0,\"publisher\":{\"@id\":\"https:\\\/\\\/ecodef-ihedn.fr\\\/#organization\"},\"image\":{\"@id\":\"https:\\\/\\\/ecodef-ihedn.fr\\\/mort-pour-la-france-publication-dun-article-de-friederike-richter\\\/#primaryimage\"},\"thumbnailUrl\":\"https:\\\/\\\/ecodef-ihedn.fr\\\/wp-content\\\/uploads\\\/2022\\\/02\\\/11237296156_bf3b276f25_c.jpg\",\"keywords\":[\"arm\u00e9e\",\"camille collin\",\"chaire \u00e9conomie de d\u00e9fense\",\"\u00e9conomie de d\u00e9fense\",\"France\",\"Friederike Richter\",\"gouvernement et action publique\",\"IHEDN\",\"mort pour la France\",\"Publications\",\"sciences po\"],\"articleSection\":[\"Publications\",\"Th\u00e9matique 2 : d\u00e9terminants et impacts de la d\u00e9pense de d\u00e9fense\"],\"inLanguage\":\"en-GB\",\"potentialAction\":[{\"@type\":\"CommentAction\",\"name\":\"Comment\",\"target\":[\"https:\\\/\\\/ecodef-ihedn.fr\\\/mort-pour-la-france-publication-dun-article-de-friederike-richter\\\/#respond\"]}]},{\"@type\":\"WebPage\",\"@id\":\"https:\\\/\\\/ecodef-ihedn.fr\\\/mort-pour-la-france-publication-dun-article-de-friederike-richter\\\/\",\"url\":\"https:\\\/\\\/ecodef-ihedn.fr\\\/mort-pour-la-france-publication-dun-article-de-friederike-richter\\\/\",\"name\":\"Mort pour la France : publication d\u2019un article de Friederike Richter - Chaire \u00c9conomie de d\u00e9fense - IHEDN\",\"isPartOf\":{\"@id\":\"https:\\\/\\\/ecodef-ihedn.fr\\\/#website\"},\"primaryImageOfPage\":{\"@id\":\"https:\\\/\\\/ecodef-ihedn.fr\\\/mort-pour-la-france-publication-dun-article-de-friederike-richter\\\/#primaryimage\"},\"image\":{\"@id\":\"https:\\\/\\\/ecodef-ihedn.fr\\\/mort-pour-la-france-publication-dun-article-de-friederike-richter\\\/#primaryimage\"},\"thumbnailUrl\":\"https:\\\/\\\/ecodef-ihedn.fr\\\/wp-content\\\/uploads\\\/2022\\\/02\\\/11237296156_bf3b276f25_c.jpg\",\"datePublished\":\"2022-02-01T11:57:42+00:00\",\"dateModified\":\"2022-04-22T09:03:43+00:00\",\"breadcrumb\":{\"@id\":\"https:\\\/\\\/ecodef-ihedn.fr\\\/mort-pour-la-france-publication-dun-article-de-friederike-richter\\\/#breadcrumb\"},\"inLanguage\":\"en-GB\",\"potentialAction\":[{\"@type\":\"ReadAction\",\"target\":[\"https:\\\/\\\/ecodef-ihedn.fr\\\/mort-pour-la-france-publication-dun-article-de-friederike-richter\\\/\"]}]},{\"@type\":\"ImageObject\",\"inLanguage\":\"en-GB\",\"@id\":\"https:\\\/\\\/ecodef-ihedn.fr\\\/mort-pour-la-france-publication-dun-article-de-friederike-richter\\\/#primaryimage\",\"url\":\"https:\\\/\\\/ecodef-ihedn.fr\\\/wp-content\\\/uploads\\\/2022\\\/02\\\/11237296156_bf3b276f25_c.jpg\",\"contentUrl\":\"https:\\\/\\\/ecodef-ihedn.fr\\\/wp-content\\\/uploads\\\/2022\\\/02\\\/11237296156_bf3b276f25_c.jpg\",\"width\":799,\"height\":304},{\"@type\":\"BreadcrumbList\",\"@id\":\"https:\\\/\\\/ecodef-ihedn.fr\\\/mort-pour-la-france-publication-dun-article-de-friederike-richter\\\/#breadcrumb\",\"itemListElement\":[{\"@type\":\"ListItem\",\"position\":1,\"name\":\"Accueil\",\"item\":\"https:\\\/\\\/ecodef-ihedn.fr\\\/\"},{\"@type\":\"ListItem\",\"position\":2,\"name\":\"Mort pour la France : publication d\u2019un article de Friederike Richter\"}]},{\"@type\":\"WebSite\",\"@id\":\"https:\\\/\\\/ecodef-ihedn.fr\\\/#website\",\"url\":\"https:\\\/\\\/ecodef-ihedn.fr\\\/\",\"name\":\"Chaire \u00c9conomie de D\u00e9fense - IHEDN\",\"description\":\"Produire &amp; soutenir, f\u00e9d\u00e9rer &amp; diffuser, \u00eatre une interface\",\"publisher\":{\"@id\":\"https:\\\/\\\/ecodef-ihedn.fr\\\/#organization\"},\"potentialAction\":[{\"@type\":\"SearchAction\",\"target\":{\"@type\":\"EntryPoint\",\"urlTemplate\":\"https:\\\/\\\/ecodef-ihedn.fr\\\/?s={search_term_string}\"},\"query-input\":{\"@type\":\"PropertyValueSpecification\",\"valueRequired\":true,\"valueName\":\"search_term_string\"}}],\"inLanguage\":\"en-GB\"},{\"@type\":\"Organization\",\"@id\":\"https:\\\/\\\/ecodef-ihedn.fr\\\/#organization\",\"name\":\"Chaire \u00c9conomie de d\u00e9fense - IHEDN\",\"url\":\"https:\\\/\\\/ecodef-ihedn.fr\\\/\",\"logo\":{\"@type\":\"ImageObject\",\"inLanguage\":\"en-GB\",\"@id\":\"https:\\\/\\\/ecodef-ihedn.fr\\\/#\\\/schema\\\/logo\\\/image\\\/\",\"url\":\"https:\\\/\\\/ecodef-ihedn.fr\\\/wp-content\\\/uploads\\\/2020\\\/04\\\/logoEcodef9.jpg\",\"contentUrl\":\"https:\\\/\\\/ecodef-ihedn.fr\\\/wp-content\\\/uploads\\\/2020\\\/04\\\/logoEcodef9.jpg\",\"width\":410,\"height\":212,\"caption\":\"Chaire \u00c9conomie de d\u00e9fense - IHEDN\"},\"image\":{\"@id\":\"https:\\\/\\\/ecodef-ihedn.fr\\\/#\\\/schema\\\/logo\\\/image\\\/\"},\"sameAs\":[\"https:\\\/\\\/x.com\\\/Chaire_Ecodef\",\"https:\\\/\\\/www.linkedin.com\\\/company\\\/chaire-ecodef-ihedn\\\/\"]},{\"@type\":\"Person\",\"@id\":\"https:\\\/\\\/ecodef-ihedn.fr\\\/#\\\/schema\\\/person\\\/1cdf22d028cebe278126a6e07a884d30\",\"name\":\"Bertrand Demandre\",\"image\":{\"@type\":\"ImageObject\",\"inLanguage\":\"en-GB\",\"@id\":\"https:\\\/\\\/secure.gravatar.com\\\/avatar\\\/d9c9746d6c900ab5b9c0f9b1fa3932e369da923da247d624b8f7ab4ba8a3c093?s=96&d=mm&r=g\",\"url\":\"https:\\\/\\\/secure.gravatar.com\\\/avatar\\\/d9c9746d6c900ab5b9c0f9b1fa3932e369da923da247d624b8f7ab4ba8a3c093?s=96&d=mm&r=g\",\"contentUrl\":\"https:\\\/\\\/secure.gravatar.com\\\/avatar\\\/d9c9746d6c900ab5b9c0f9b1fa3932e369da923da247d624b8f7ab4ba8a3c093?s=96&d=mm&r=g\",\"caption\":\"Bertrand Demandre\"},\"url\":\"https:\\\/\\\/ecodef-ihedn.fr\\\/en\\\/author\\\/bertrand\\\/\"}]}<\/script>\n<!-- \/ Yoast SEO plugin. -->","yoast_head_json":{"title":"Mort pour la France : publication d\u2019un article de Friederike Richter - Chaire \u00c9conomie de d\u00e9fense - IHEDN","robots":{"index":"index","follow":"follow","max-snippet":"max-snippet:-1","max-image-preview":"max-image-preview:large","max-video-preview":"max-video-preview:-1"},"canonical":"https:\/\/ecodef-ihedn.fr\/en\/mort-pour-la-france-publication-dun-article-de-friederike-richter\/","og_locale":"en_GB","og_type":"article","og_title":"Mort pour la France : publication d\u2019un article de Friederike Richter - Chaire \u00c9conomie de d\u00e9fense - IHEDN","og_description":"Friederike Richter, chercheuse associ\u00e9e \u00e0 la Chaire, a publi\u00e9 dans la revue Gouvernement et action publique un article co-\u00e9crit avec Camille Collin. Friederike Richter, chercheuse associ\u00e9e \u00e0 la Chaire, a co-\u00e9crit un article intitul\u00e9 \u00ab\u00a0\u00ab Mort pour la France\u00a0\u00bb\u00a0: La prise en charge du corps du guerrier depuis 1914&Prime;, publi\u00e9 dans le num\u00e9ro 2021\/3 (vol. [&hellip;]","og_url":"https:\/\/ecodef-ihedn.fr\/en\/mort-pour-la-france-publication-dun-article-de-friederike-richter\/","og_site_name":"Chaire \u00c9conomie de d\u00e9fense - IHEDN","article_published_time":"2022-02-01T11:57:42+00:00","article_modified_time":"2022-04-22T09:03:43+00:00","og_image":[{"width":799,"height":304,"url":"https:\/\/ecodef-ihedn.fr\/wp-content\/uploads\/2022\/02\/11237296156_bf3b276f25_c.jpg","type":"image\/jpeg"}],"author":"Bertrand Demandre","twitter_card":"summary_large_image","twitter_creator":"@Chaire_Ecodef","twitter_site":"@Chaire_Ecodef","twitter_misc":{"Written by":"Bertrand Demandre","Estimated reading time":"2 minutes"},"schema":{"@context":"https:\/\/schema.org","@graph":[{"@type":"Article","@id":"https:\/\/ecodef-ihedn.fr\/mort-pour-la-france-publication-dun-article-de-friederike-richter\/#article","isPartOf":{"@id":"https:\/\/ecodef-ihedn.fr\/mort-pour-la-france-publication-dun-article-de-friederike-richter\/"},"author":{"name":"Bertrand Demandre","@id":"https:\/\/ecodef-ihedn.fr\/#\/schema\/person\/1cdf22d028cebe278126a6e07a884d30"},"headline":"Mort pour la France : publication d\u2019un article de Friederike Richter","datePublished":"2022-02-01T11:57:42+00:00","dateModified":"2022-04-22T09:03:43+00:00","mainEntityOfPage":{"@id":"https:\/\/ecodef-ihedn.fr\/mort-pour-la-france-publication-dun-article-de-friederike-richter\/"},"wordCount":220,"commentCount":0,"publisher":{"@id":"https:\/\/ecodef-ihedn.fr\/#organization"},"image":{"@id":"https:\/\/ecodef-ihedn.fr\/mort-pour-la-france-publication-dun-article-de-friederike-richter\/#primaryimage"},"thumbnailUrl":"https:\/\/ecodef-ihedn.fr\/wp-content\/uploads\/2022\/02\/11237296156_bf3b276f25_c.jpg","keywords":["arm\u00e9e","camille collin","chaire \u00e9conomie de d\u00e9fense","\u00e9conomie de d\u00e9fense","France","Friederike Richter","gouvernement et action publique","IHEDN","mort pour la France","Publications","sciences po"],"articleSection":["Publications","Th\u00e9matique 2 : d\u00e9terminants et impacts de la d\u00e9pense de d\u00e9fense"],"inLanguage":"en-GB","potentialAction":[{"@type":"CommentAction","name":"Comment","target":["https:\/\/ecodef-ihedn.fr\/mort-pour-la-france-publication-dun-article-de-friederike-richter\/#respond"]}]},{"@type":"WebPage","@id":"https:\/\/ecodef-ihedn.fr\/mort-pour-la-france-publication-dun-article-de-friederike-richter\/","url":"https:\/\/ecodef-ihedn.fr\/mort-pour-la-france-publication-dun-article-de-friederike-richter\/","name":"Mort pour la France : publication d\u2019un article de Friederike Richter - Chaire \u00c9conomie de d\u00e9fense - IHEDN","isPartOf":{"@id":"https:\/\/ecodef-ihedn.fr\/#website"},"primaryImageOfPage":{"@id":"https:\/\/ecodef-ihedn.fr\/mort-pour-la-france-publication-dun-article-de-friederike-richter\/#primaryimage"},"image":{"@id":"https:\/\/ecodef-ihedn.fr\/mort-pour-la-france-publication-dun-article-de-friederike-richter\/#primaryimage"},"thumbnailUrl":"https:\/\/ecodef-ihedn.fr\/wp-content\/uploads\/2022\/02\/11237296156_bf3b276f25_c.jpg","datePublished":"2022-02-01T11:57:42+00:00","dateModified":"2022-04-22T09:03:43+00:00","breadcrumb":{"@id":"https:\/\/ecodef-ihedn.fr\/mort-pour-la-france-publication-dun-article-de-friederike-richter\/#breadcrumb"},"inLanguage":"en-GB","potentialAction":[{"@type":"ReadAction","target":["https:\/\/ecodef-ihedn.fr\/mort-pour-la-france-publication-dun-article-de-friederike-richter\/"]}]},{"@type":"ImageObject","inLanguage":"en-GB","@id":"https:\/\/ecodef-ihedn.fr\/mort-pour-la-france-publication-dun-article-de-friederike-richter\/#primaryimage","url":"https:\/\/ecodef-ihedn.fr\/wp-content\/uploads\/2022\/02\/11237296156_bf3b276f25_c.jpg","contentUrl":"https:\/\/ecodef-ihedn.fr\/wp-content\/uploads\/2022\/02\/11237296156_bf3b276f25_c.jpg","width":799,"height":304},{"@type":"BreadcrumbList","@id":"https:\/\/ecodef-ihedn.fr\/mort-pour-la-france-publication-dun-article-de-friederike-richter\/#breadcrumb","itemListElement":[{"@type":"ListItem","position":1,"name":"Accueil","item":"https:\/\/ecodef-ihedn.fr\/"},{"@type":"ListItem","position":2,"name":"Mort pour la France : publication d\u2019un article de Friederike Richter"}]},{"@type":"WebSite","@id":"https:\/\/ecodef-ihedn.fr\/#website","url":"https:\/\/ecodef-ihedn.fr\/","name":"Chair in Defence Economics - IHEDN","description":"Produce &amp; support, federate &amp; disseminate, act as an interface","publisher":{"@id":"https:\/\/ecodef-ihedn.fr\/#organization"},"potentialAction":[{"@type":"SearchAction","target":{"@type":"EntryPoint","urlTemplate":"https:\/\/ecodef-ihedn.fr\/?s={search_term_string}"},"query-input":{"@type":"PropertyValueSpecification","valueRequired":true,"valueName":"search_term_string"}}],"inLanguage":"en-GB"},{"@type":"Organization","@id":"https:\/\/ecodef-ihedn.fr\/#organization","name":"Chair in Defence Economics - IHEDN","url":"https:\/\/ecodef-ihedn.fr\/","logo":{"@type":"ImageObject","inLanguage":"en-GB","@id":"https:\/\/ecodef-ihedn.fr\/#\/schema\/logo\/image\/","url":"https:\/\/ecodef-ihedn.fr\/wp-content\/uploads\/2020\/04\/logoEcodef9.jpg","contentUrl":"https:\/\/ecodef-ihedn.fr\/wp-content\/uploads\/2020\/04\/logoEcodef9.jpg","width":410,"height":212,"caption":"Chaire \u00c9conomie de d\u00e9fense - IHEDN"},"image":{"@id":"https:\/\/ecodef-ihedn.fr\/#\/schema\/logo\/image\/"},"sameAs":["https:\/\/x.com\/Chaire_Ecodef","https:\/\/www.linkedin.com\/company\/chaire-ecodef-ihedn\/"]},{"@type":"Person","@id":"https:\/\/ecodef-ihedn.fr\/#\/schema\/person\/1cdf22d028cebe278126a6e07a884d30","name":"Bertrand Demandre","image":{"@type":"ImageObject","inLanguage":"en-GB","@id":"https:\/\/secure.gravatar.com\/avatar\/d9c9746d6c900ab5b9c0f9b1fa3932e369da923da247d624b8f7ab4ba8a3c093?s=96&d=mm&r=g","url":"https:\/\/secure.gravatar.com\/avatar\/d9c9746d6c900ab5b9c0f9b1fa3932e369da923da247d624b8f7ab4ba8a3c093?s=96&d=mm&r=g","contentUrl":"https:\/\/secure.gravatar.com\/avatar\/d9c9746d6c900ab5b9c0f9b1fa3932e369da923da247d624b8f7ab4ba8a3c093?s=96&d=mm&r=g","caption":"Bertrand Demandre"},"url":"https:\/\/ecodef-ihedn.fr\/en\/author\/bertrand\/"}]}},"_links":{"self":[{"href":"https:\/\/ecodef-ihedn.fr\/en\/wp-json\/wp\/v2\/posts\/4297","targetHints":{"allow":["GET"]}}],"collection":[{"href":"https:\/\/ecodef-ihedn.fr\/en\/wp-json\/wp\/v2\/posts"}],"about":[{"href":"https:\/\/ecodef-ihedn.fr\/en\/wp-json\/wp\/v2\/types\/post"}],"author":[{"embeddable":true,"href":"https:\/\/ecodef-ihedn.fr\/en\/wp-json\/wp\/v2\/users\/2"}],"replies":[{"embeddable":true,"href":"https:\/\/ecodef-ihedn.fr\/en\/wp-json\/wp\/v2\/comments?post=4297"}],"version-history":[{"count":5,"href":"https:\/\/ecodef-ihedn.fr\/en\/wp-json\/wp\/v2\/posts\/4297\/revisions"}],"predecessor-version":[{"id":4643,"href":"https:\/\/ecodef-ihedn.fr\/en\/wp-json\/wp\/v2\/posts\/4297\/revisions\/4643"}],"wp:featuredmedia":[{"embeddable":true,"href":"https:\/\/ecodef-ihedn.fr\/en\/wp-json\/wp\/v2\/media\/4303"}],"wp:attachment":[{"href":"https:\/\/ecodef-ihedn.fr\/en\/wp-json\/wp\/v2\/media?parent=4297"}],"wp:term":[{"taxonomy":"category","embeddable":true,"href":"https:\/\/ecodef-ihedn.fr\/en\/wp-json\/wp\/v2\/categories?post=4297"},{"taxonomy":"post_tag","embeddable":true,"href":"https:\/\/ecodef-ihedn.fr\/en\/wp-json\/wp\/v2\/tags?post=4297"}],"curies":[{"name":"wp","href":"https:\/\/api.w.org\/{rel}","templated":true}]}}