{"id":4318,"date":"2022-02-04T10:30:00","date_gmt":"2022-02-04T10:30:00","guid":{"rendered":"https:\/\/ecodef-ihedn.fr\/?p=4318"},"modified":"2022-02-04T13:09:43","modified_gmt":"2022-02-04T13:09:43","slug":"intervention-de-jean-belin-a-la-225e-session-en-region-de-lihedn-nouvelle-aquitaine","status":"publish","type":"post","link":"https:\/\/ecodef-ihedn.fr\/en\/intervention-de-jean-belin-a-la-225e-session-en-region-de-lihedn-nouvelle-aquitaine\/","title":{"rendered":"Lecture by Jean Belin at the 225th regional session of the IHEDN (Nouvelle-Aquitaine)"},"content":{"rendered":"<p><strong><strong>Jean Belin presented the challenges facing the DTIB to the 225 delegates.<sup>e<\/sup> IHEDN regional session<\/strong> (Nouvelle-Aquitaine), this <strong>Friday 4 February<\/strong>r in Limoges.<\/strong><\/p>\n\n\n\n<div class=\"wp-block-image\"><figure class=\"aligncenter size-large\"><img loading=\"lazy\" decoding=\"async\" width=\"1024\" height=\"768\" src=\"https:\/\/ecodef-ihedn.fr\/wp-content\/uploads\/2022\/02\/20220201-\u00a9IHEDN-225e-session-en-region-Nouvelle-aquitaine-001-1024x768.jpg\" alt=\"\" class=\"wp-image-4319\" srcset=\"https:\/\/ecodef-ihedn.fr\/wp-content\/uploads\/2022\/02\/20220201-\u00a9IHEDN-225e-session-en-region-Nouvelle-aquitaine-001-1024x768.jpg 1024w, https:\/\/ecodef-ihedn.fr\/wp-content\/uploads\/2022\/02\/20220201-\u00a9IHEDN-225e-session-en-region-Nouvelle-aquitaine-001-300x225.jpg 300w, https:\/\/ecodef-ihedn.fr\/wp-content\/uploads\/2022\/02\/20220201-\u00a9IHEDN-225e-session-en-region-Nouvelle-aquitaine-001-768x576.jpg 768w, https:\/\/ecodef-ihedn.fr\/wp-content\/uploads\/2022\/02\/20220201-\u00a9IHEDN-225e-session-en-region-Nouvelle-aquitaine-001-696x522.jpg 696w, https:\/\/ecodef-ihedn.fr\/wp-content\/uploads\/2022\/02\/20220201-\u00a9IHEDN-225e-session-en-region-Nouvelle-aquitaine-001-1392x1044.jpg 1392w, https:\/\/ecodef-ihedn.fr\/wp-content\/uploads\/2022\/02\/20220201-\u00a9IHEDN-225e-session-en-region-Nouvelle-aquitaine-001-1068x801.jpg 1068w, https:\/\/ecodef-ihedn.fr\/wp-content\/uploads\/2022\/02\/20220201-\u00a9IHEDN-225e-session-en-region-Nouvelle-aquitaine-001-560x420.jpg 560w, https:\/\/ecodef-ihedn.fr\/wp-content\/uploads\/2022\/02\/20220201-\u00a9IHEDN-225e-session-en-region-Nouvelle-aquitaine-001-1120x840.jpg 1120w, https:\/\/ecodef-ihedn.fr\/wp-content\/uploads\/2022\/02\/20220201-\u00a9IHEDN-225e-session-en-region-Nouvelle-aquitaine-001-80x60.jpg 80w, https:\/\/ecodef-ihedn.fr\/wp-content\/uploads\/2022\/02\/20220201-\u00a9IHEDN-225e-session-en-region-Nouvelle-aquitaine-001-160x120.jpg 160w, https:\/\/ecodef-ihedn.fr\/wp-content\/uploads\/2022\/02\/20220201-\u00a9IHEDN-225e-session-en-region-Nouvelle-aquitaine-001-265x198.jpg 265w, https:\/\/ecodef-ihedn.fr\/wp-content\/uploads\/2022\/02\/20220201-\u00a9IHEDN-225e-session-en-region-Nouvelle-aquitaine-001.jpg 1453w\" sizes=\"auto, (max-width: 1024px) 100vw, 1024px\" \/><figcaption>IHEDN<\/figcaption><\/figure><\/div>\n\n\n\n<p><strong>Jean Belin<\/strong>, Chair, gave a presentation to the audience of <strong>the 225th regional session of the IHEDN (Nouvelle-Aquitaine)<\/strong> an overview of the French DTIB (Defence Technological and Industrial Base), highlighting the methodological difficulties involved in defining and measuring it.<\/p>\n\n\n\n<p>Drawing on the work carried out by the Chair, he highlighted the specific characteristics of defence companies, the changing environments they face and their adaptation strategies.<\/p>\n\n\n\n<p>Visit <a href=\"https:\/\/ecodef-ihedn.fr\/en\/thematiques\/entreprises-de-defense\/\" target=\"_blank\" rel=\"noreferrer noopener\">here<\/a> all the Chair's work related to the DTIB.<\/p>\n\n\n\n<p><em>The 48 participants in this session are managers from a wide range of backgrounds, from the public and private sectors, military and civilian. They will engage in high-level strategic thinking, with a regional dimension, based in 4 towns in the Nouvelle-Aquitaine region: La Rochelle, Limoges, Brive-la-Gaillarde and Bordeaux.<\/em><\/p>\n\n\n\n<p><em>For 4 weeks, listeners to <a href=\"https:\/\/ihedn.fr\/formation\/sessions-en-regions\/\" target=\"_blank\" rel=\"noreferrer noopener\">IHEDN regional sessions<\/a> benefit from the academic triptych specific to IHEDN: high-level lectures, visits to military, civilian and industrial sites, and committee work.<\/em><\/p>","protected":false},"excerpt":{"rendered":"<p>Jean Belin&nbsp;a pr\u00e9sent\u00e9 les enjeux de la BITD aux auditeurs de la 225e session en r\u00e9gion de l\u2019IHEDN (Nouvelle-Aquitaine), ce vendredi 4 f\u00e9vrier \u00e0 Limoges. Jean Belin, titulaire de la Chaire, a pr\u00e9sent\u00e9 aux auditeurs de la 225e session en r\u00e9gion de l&rsquo;IHEDN (Nouvelle-Aquitaine) un panorama de la BITD (Base Industrielle et Technologique de D\u00e9fense) [&hellip;]<\/p>\n","protected":false},"author":2,"featured_media":4319,"comment_status":"open","ping_status":"open","sticky":false,"template":"","format":"standard","meta":{"footnotes":""},"categories":[34,356],"tags":[514,211,162,47,466,38,149,287,513,512],"class_list":{"0":"post-4318","1":"post","2":"type-post","3":"status-publish","4":"format-standard","5":"has-post-thumbnail","7":"category-activites","8":"category-activites-participation-de-la-chaire-a-un-evenement","9":"tag-auditeurs","10":"tag-bitd","11":"tag-chaire-economie-de-defense","12":"tag-economie-de-defense","13":"tag-entreprises-de-defense","14":"tag-ihedn","15":"tag-industrie-de-defense","16":"tag-jean-belin","17":"tag-nouvelle-aquitaine","18":"tag-session-en-region"},"yoast_head":"<!-- This site is optimized with the Yoast SEO plugin v27.4 - https:\/\/yoast.com\/product\/yoast-seo-wordpress\/ -->\n<title>Conf\u00e9rence de Jean Belin pour la 225e session en r\u00e9gion de l\u2019IHEDN (Nouvelle-Aquitaine) - Chaire \u00c9conomie de d\u00e9fense - IHEDN<\/title>\n<meta name=\"robots\" content=\"index, follow, max-snippet:-1, max-image-preview:large, max-video-preview:-1\" \/>\n<link rel=\"canonical\" href=\"https:\/\/ecodef-ihedn.fr\/en\/intervention-de-jean-belin-a-la-225e-session-en-region-de-lihedn-nouvelle-aquitaine\/\" \/>\n<meta property=\"og:locale\" content=\"en_GB\" \/>\n<meta property=\"og:type\" content=\"article\" \/>\n<meta property=\"og:title\" content=\"Conf\u00e9rence de Jean Belin pour la 225e session en r\u00e9gion de l\u2019IHEDN (Nouvelle-Aquitaine) - Chaire \u00c9conomie de d\u00e9fense - IHEDN\" \/>\n<meta property=\"og:description\" content=\"Jean Belin&nbsp;a pr\u00e9sent\u00e9 les enjeux de la BITD aux auditeurs de la 225e session en r\u00e9gion de l\u2019IHEDN (Nouvelle-Aquitaine), ce vendredi 4 f\u00e9vrier \u00e0 Limoges. Jean Belin, titulaire de la Chaire, a pr\u00e9sent\u00e9 aux auditeurs de la 225e session en r\u00e9gion de l&rsquo;IHEDN (Nouvelle-Aquitaine) un panorama de la BITD (Base Industrielle et Technologique de D\u00e9fense) [&hellip;]\" \/>\n<meta property=\"og:url\" content=\"https:\/\/ecodef-ihedn.fr\/en\/intervention-de-jean-belin-a-la-225e-session-en-region-de-lihedn-nouvelle-aquitaine\/\" \/>\n<meta property=\"og:site_name\" content=\"Chaire \u00c9conomie de d\u00e9fense - IHEDN\" \/>\n<meta property=\"article:published_time\" content=\"2022-02-04T10:30:00+00:00\" \/>\n<meta property=\"article:modified_time\" content=\"2022-02-04T13:09:43+00:00\" \/>\n<meta property=\"og:image\" content=\"https:\/\/ecodef-ihedn.fr\/wp-content\/uploads\/2022\/02\/20220201-\u00a9IHEDN-225e-session-en-region-Nouvelle-aquitaine-001.jpg\" \/>\n\t<meta property=\"og:image:width\" content=\"1453\" \/>\n\t<meta property=\"og:image:height\" content=\"1090\" \/>\n\t<meta property=\"og:image:type\" content=\"image\/jpeg\" \/>\n<meta name=\"author\" content=\"Bertrand Demandre\" \/>\n<meta name=\"twitter:card\" content=\"summary_large_image\" \/>\n<meta name=\"twitter:creator\" content=\"@Chaire_Ecodef\" \/>\n<meta name=\"twitter:site\" content=\"@Chaire_Ecodef\" \/>\n<meta name=\"twitter:label1\" content=\"Written by\" \/>\n\t<meta name=\"twitter:data1\" content=\"Bertrand Demandre\" \/>\n\t<meta name=\"twitter:label2\" content=\"Estimated reading time\" \/>\n\t<meta name=\"twitter:data2\" content=\"2 minutes\" \/>\n<script type=\"application\/ld+json\" class=\"yoast-schema-graph\">{\"@context\":\"https:\\\/\\\/schema.org\",\"@graph\":[{\"@type\":\"Article\",\"@id\":\"https:\\\/\\\/ecodef-ihedn.fr\\\/intervention-de-jean-belin-a-la-225e-session-en-region-de-lihedn-nouvelle-aquitaine\\\/#article\",\"isPartOf\":{\"@id\":\"https:\\\/\\\/ecodef-ihedn.fr\\\/intervention-de-jean-belin-a-la-225e-session-en-region-de-lihedn-nouvelle-aquitaine\\\/\"},\"author\":{\"name\":\"Bertrand Demandre\",\"@id\":\"https:\\\/\\\/ecodef-ihedn.fr\\\/#\\\/schema\\\/person\\\/1cdf22d028cebe278126a6e07a884d30\"},\"headline\":\"Conf\u00e9rence de Jean Belin pour la 225e session en r\u00e9gion de l\u2019IHEDN (Nouvelle-Aquitaine)\",\"datePublished\":\"2022-02-04T10:30:00+00:00\",\"dateModified\":\"2022-02-04T13:09:43+00:00\",\"mainEntityOfPage\":{\"@id\":\"https:\\\/\\\/ecodef-ihedn.fr\\\/intervention-de-jean-belin-a-la-225e-session-en-region-de-lihedn-nouvelle-aquitaine\\\/\"},\"wordCount\":246,\"commentCount\":0,\"publisher\":{\"@id\":\"https:\\\/\\\/ecodef-ihedn.fr\\\/#organization\"},\"image\":{\"@id\":\"https:\\\/\\\/ecodef-ihedn.fr\\\/intervention-de-jean-belin-a-la-225e-session-en-region-de-lihedn-nouvelle-aquitaine\\\/#primaryimage\"},\"thumbnailUrl\":\"https:\\\/\\\/ecodef-ihedn.fr\\\/wp-content\\\/uploads\\\/2022\\\/02\\\/20220201-\u00a9IHEDN-225e-session-en-region-Nouvelle-aquitaine-001.jpg\",\"keywords\":[\"auditeurs\",\"BITD\",\"chaire \u00e9conomie de d\u00e9fense\",\"\u00e9conomie de d\u00e9fense\",\"entreprises de d\u00e9fense\",\"IHEDN\",\"industrie de d\u00e9fense\",\"Jean Belin\",\"Nouvelle-Aquitaine\",\"session en r\u00e9gion\"],\"articleSection\":[\"Activit\u00e9s\",\"Activit\u00e9s : participation de la Chaire \u00e0 un \u00e9v\u00e9nement\"],\"inLanguage\":\"en-GB\",\"potentialAction\":[{\"@type\":\"CommentAction\",\"name\":\"Comment\",\"target\":[\"https:\\\/\\\/ecodef-ihedn.fr\\\/intervention-de-jean-belin-a-la-225e-session-en-region-de-lihedn-nouvelle-aquitaine\\\/#respond\"]}]},{\"@type\":\"WebPage\",\"@id\":\"https:\\\/\\\/ecodef-ihedn.fr\\\/intervention-de-jean-belin-a-la-225e-session-en-region-de-lihedn-nouvelle-aquitaine\\\/\",\"url\":\"https:\\\/\\\/ecodef-ihedn.fr\\\/intervention-de-jean-belin-a-la-225e-session-en-region-de-lihedn-nouvelle-aquitaine\\\/\",\"name\":\"Conf\u00e9rence de Jean Belin pour la 225e session en r\u00e9gion de l\u2019IHEDN (Nouvelle-Aquitaine) - Chaire \u00c9conomie de d\u00e9fense - IHEDN\",\"isPartOf\":{\"@id\":\"https:\\\/\\\/ecodef-ihedn.fr\\\/#website\"},\"primaryImageOfPage\":{\"@id\":\"https:\\\/\\\/ecodef-ihedn.fr\\\/intervention-de-jean-belin-a-la-225e-session-en-region-de-lihedn-nouvelle-aquitaine\\\/#primaryimage\"},\"image\":{\"@id\":\"https:\\\/\\\/ecodef-ihedn.fr\\\/intervention-de-jean-belin-a-la-225e-session-en-region-de-lihedn-nouvelle-aquitaine\\\/#primaryimage\"},\"thumbnailUrl\":\"https:\\\/\\\/ecodef-ihedn.fr\\\/wp-content\\\/uploads\\\/2022\\\/02\\\/20220201-\u00a9IHEDN-225e-session-en-region-Nouvelle-aquitaine-001.jpg\",\"datePublished\":\"2022-02-04T10:30:00+00:00\",\"dateModified\":\"2022-02-04T13:09:43+00:00\",\"breadcrumb\":{\"@id\":\"https:\\\/\\\/ecodef-ihedn.fr\\\/intervention-de-jean-belin-a-la-225e-session-en-region-de-lihedn-nouvelle-aquitaine\\\/#breadcrumb\"},\"inLanguage\":\"en-GB\",\"potentialAction\":[{\"@type\":\"ReadAction\",\"target\":[\"https:\\\/\\\/ecodef-ihedn.fr\\\/intervention-de-jean-belin-a-la-225e-session-en-region-de-lihedn-nouvelle-aquitaine\\\/\"]}]},{\"@type\":\"ImageObject\",\"inLanguage\":\"en-GB\",\"@id\":\"https:\\\/\\\/ecodef-ihedn.fr\\\/intervention-de-jean-belin-a-la-225e-session-en-region-de-lihedn-nouvelle-aquitaine\\\/#primaryimage\",\"url\":\"https:\\\/\\\/ecodef-ihedn.fr\\\/wp-content\\\/uploads\\\/2022\\\/02\\\/20220201-\u00a9IHEDN-225e-session-en-region-Nouvelle-aquitaine-001.jpg\",\"contentUrl\":\"https:\\\/\\\/ecodef-ihedn.fr\\\/wp-content\\\/uploads\\\/2022\\\/02\\\/20220201-\u00a9IHEDN-225e-session-en-region-Nouvelle-aquitaine-001.jpg\",\"width\":1453,\"height\":1090},{\"@type\":\"BreadcrumbList\",\"@id\":\"https:\\\/\\\/ecodef-ihedn.fr\\\/intervention-de-jean-belin-a-la-225e-session-en-region-de-lihedn-nouvelle-aquitaine\\\/#breadcrumb\",\"itemListElement\":[{\"@type\":\"ListItem\",\"position\":1,\"name\":\"Accueil\",\"item\":\"https:\\\/\\\/ecodef-ihedn.fr\\\/\"},{\"@type\":\"ListItem\",\"position\":2,\"name\":\"Conf\u00e9rence de Jean Belin pour la 225e session en r\u00e9gion de l\u2019IHEDN (Nouvelle-Aquitaine)\"}]},{\"@type\":\"WebSite\",\"@id\":\"https:\\\/\\\/ecodef-ihedn.fr\\\/#website\",\"url\":\"https:\\\/\\\/ecodef-ihedn.fr\\\/\",\"name\":\"Chaire \u00c9conomie de D\u00e9fense - IHEDN\",\"description\":\"Produire &amp; soutenir, f\u00e9d\u00e9rer &amp; diffuser, \u00eatre une interface\",\"publisher\":{\"@id\":\"https:\\\/\\\/ecodef-ihedn.fr\\\/#organization\"},\"potentialAction\":[{\"@type\":\"SearchAction\",\"target\":{\"@type\":\"EntryPoint\",\"urlTemplate\":\"https:\\\/\\\/ecodef-ihedn.fr\\\/?s={search_term_string}\"},\"query-input\":{\"@type\":\"PropertyValueSpecification\",\"valueRequired\":true,\"valueName\":\"search_term_string\"}}],\"inLanguage\":\"en-GB\"},{\"@type\":\"Organization\",\"@id\":\"https:\\\/\\\/ecodef-ihedn.fr\\\/#organization\",\"name\":\"Chaire \u00c9conomie de d\u00e9fense - IHEDN\",\"url\":\"https:\\\/\\\/ecodef-ihedn.fr\\\/\",\"logo\":{\"@type\":\"ImageObject\",\"inLanguage\":\"en-GB\",\"@id\":\"https:\\\/\\\/ecodef-ihedn.fr\\\/#\\\/schema\\\/logo\\\/image\\\/\",\"url\":\"https:\\\/\\\/ecodef-ihedn.fr\\\/wp-content\\\/uploads\\\/2020\\\/04\\\/logoEcodef9.jpg\",\"contentUrl\":\"https:\\\/\\\/ecodef-ihedn.fr\\\/wp-content\\\/uploads\\\/2020\\\/04\\\/logoEcodef9.jpg\",\"width\":410,\"height\":212,\"caption\":\"Chaire \u00c9conomie de d\u00e9fense - IHEDN\"},\"image\":{\"@id\":\"https:\\\/\\\/ecodef-ihedn.fr\\\/#\\\/schema\\\/logo\\\/image\\\/\"},\"sameAs\":[\"https:\\\/\\\/x.com\\\/Chaire_Ecodef\",\"https:\\\/\\\/www.linkedin.com\\\/company\\\/chaire-ecodef-ihedn\\\/\"]},{\"@type\":\"Person\",\"@id\":\"https:\\\/\\\/ecodef-ihedn.fr\\\/#\\\/schema\\\/person\\\/1cdf22d028cebe278126a6e07a884d30\",\"name\":\"Bertrand Demandre\",\"image\":{\"@type\":\"ImageObject\",\"inLanguage\":\"en-GB\",\"@id\":\"https:\\\/\\\/secure.gravatar.com\\\/avatar\\\/d9c9746d6c900ab5b9c0f9b1fa3932e369da923da247d624b8f7ab4ba8a3c093?s=96&d=mm&r=g\",\"url\":\"https:\\\/\\\/secure.gravatar.com\\\/avatar\\\/d9c9746d6c900ab5b9c0f9b1fa3932e369da923da247d624b8f7ab4ba8a3c093?s=96&d=mm&r=g\",\"contentUrl\":\"https:\\\/\\\/secure.gravatar.com\\\/avatar\\\/d9c9746d6c900ab5b9c0f9b1fa3932e369da923da247d624b8f7ab4ba8a3c093?s=96&d=mm&r=g\",\"caption\":\"Bertrand Demandre\"},\"url\":\"https:\\\/\\\/ecodef-ihedn.fr\\\/en\\\/author\\\/bertrand\\\/\"}]}<\/script>\n<!-- \/ Yoast SEO plugin. -->","yoast_head_json":{"title":"Conf\u00e9rence de Jean Belin pour la 225e session en r\u00e9gion de l\u2019IHEDN (Nouvelle-Aquitaine) - Chaire \u00c9conomie de d\u00e9fense - IHEDN","robots":{"index":"index","follow":"follow","max-snippet":"max-snippet:-1","max-image-preview":"max-image-preview:large","max-video-preview":"max-video-preview:-1"},"canonical":"https:\/\/ecodef-ihedn.fr\/en\/intervention-de-jean-belin-a-la-225e-session-en-region-de-lihedn-nouvelle-aquitaine\/","og_locale":"en_GB","og_type":"article","og_title":"Conf\u00e9rence de Jean Belin pour la 225e session en r\u00e9gion de l\u2019IHEDN (Nouvelle-Aquitaine) - Chaire \u00c9conomie de d\u00e9fense - IHEDN","og_description":"Jean Belin&nbsp;a pr\u00e9sent\u00e9 les enjeux de la BITD aux auditeurs de la 225e session en r\u00e9gion de l\u2019IHEDN (Nouvelle-Aquitaine), ce vendredi 4 f\u00e9vrier \u00e0 Limoges. Jean Belin, titulaire de la Chaire, a pr\u00e9sent\u00e9 aux auditeurs de la 225e session en r\u00e9gion de l&rsquo;IHEDN (Nouvelle-Aquitaine) un panorama de la BITD (Base Industrielle et Technologique de D\u00e9fense) [&hellip;]","og_url":"https:\/\/ecodef-ihedn.fr\/en\/intervention-de-jean-belin-a-la-225e-session-en-region-de-lihedn-nouvelle-aquitaine\/","og_site_name":"Chaire \u00c9conomie de d\u00e9fense - IHEDN","article_published_time":"2022-02-04T10:30:00+00:00","article_modified_time":"2022-02-04T13:09:43+00:00","og_image":[{"width":1453,"height":1090,"url":"https:\/\/ecodef-ihedn.fr\/wp-content\/uploads\/2022\/02\/20220201-\u00a9IHEDN-225e-session-en-region-Nouvelle-aquitaine-001.jpg","type":"image\/jpeg"}],"author":"Bertrand Demandre","twitter_card":"summary_large_image","twitter_creator":"@Chaire_Ecodef","twitter_site":"@Chaire_Ecodef","twitter_misc":{"Written by":"Bertrand Demandre","Estimated reading time":"2 minutes"},"schema":{"@context":"https:\/\/schema.org","@graph":[{"@type":"Article","@id":"https:\/\/ecodef-ihedn.fr\/intervention-de-jean-belin-a-la-225e-session-en-region-de-lihedn-nouvelle-aquitaine\/#article","isPartOf":{"@id":"https:\/\/ecodef-ihedn.fr\/intervention-de-jean-belin-a-la-225e-session-en-region-de-lihedn-nouvelle-aquitaine\/"},"author":{"name":"Bertrand Demandre","@id":"https:\/\/ecodef-ihedn.fr\/#\/schema\/person\/1cdf22d028cebe278126a6e07a884d30"},"headline":"Conf\u00e9rence de Jean Belin pour la 225e session en r\u00e9gion de l\u2019IHEDN (Nouvelle-Aquitaine)","datePublished":"2022-02-04T10:30:00+00:00","dateModified":"2022-02-04T13:09:43+00:00","mainEntityOfPage":{"@id":"https:\/\/ecodef-ihedn.fr\/intervention-de-jean-belin-a-la-225e-session-en-region-de-lihedn-nouvelle-aquitaine\/"},"wordCount":246,"commentCount":0,"publisher":{"@id":"https:\/\/ecodef-ihedn.fr\/#organization"},"image":{"@id":"https:\/\/ecodef-ihedn.fr\/intervention-de-jean-belin-a-la-225e-session-en-region-de-lihedn-nouvelle-aquitaine\/#primaryimage"},"thumbnailUrl":"https:\/\/ecodef-ihedn.fr\/wp-content\/uploads\/2022\/02\/20220201-\u00a9IHEDN-225e-session-en-region-Nouvelle-aquitaine-001.jpg","keywords":["auditeurs","BITD","chaire \u00e9conomie de d\u00e9fense","\u00e9conomie de d\u00e9fense","entreprises de d\u00e9fense","IHEDN","industrie de d\u00e9fense","Jean Belin","Nouvelle-Aquitaine","session en r\u00e9gion"],"articleSection":["Activit\u00e9s","Activit\u00e9s : participation de la Chaire \u00e0 un \u00e9v\u00e9nement"],"inLanguage":"en-GB","potentialAction":[{"@type":"CommentAction","name":"Comment","target":["https:\/\/ecodef-ihedn.fr\/intervention-de-jean-belin-a-la-225e-session-en-region-de-lihedn-nouvelle-aquitaine\/#respond"]}]},{"@type":"WebPage","@id":"https:\/\/ecodef-ihedn.fr\/intervention-de-jean-belin-a-la-225e-session-en-region-de-lihedn-nouvelle-aquitaine\/","url":"https:\/\/ecodef-ihedn.fr\/intervention-de-jean-belin-a-la-225e-session-en-region-de-lihedn-nouvelle-aquitaine\/","name":"Conf\u00e9rence de Jean Belin pour la 225e session en r\u00e9gion de l\u2019IHEDN (Nouvelle-Aquitaine) - Chaire \u00c9conomie de d\u00e9fense - IHEDN","isPartOf":{"@id":"https:\/\/ecodef-ihedn.fr\/#website"},"primaryImageOfPage":{"@id":"https:\/\/ecodef-ihedn.fr\/intervention-de-jean-belin-a-la-225e-session-en-region-de-lihedn-nouvelle-aquitaine\/#primaryimage"},"image":{"@id":"https:\/\/ecodef-ihedn.fr\/intervention-de-jean-belin-a-la-225e-session-en-region-de-lihedn-nouvelle-aquitaine\/#primaryimage"},"thumbnailUrl":"https:\/\/ecodef-ihedn.fr\/wp-content\/uploads\/2022\/02\/20220201-\u00a9IHEDN-225e-session-en-region-Nouvelle-aquitaine-001.jpg","datePublished":"2022-02-04T10:30:00+00:00","dateModified":"2022-02-04T13:09:43+00:00","breadcrumb":{"@id":"https:\/\/ecodef-ihedn.fr\/intervention-de-jean-belin-a-la-225e-session-en-region-de-lihedn-nouvelle-aquitaine\/#breadcrumb"},"inLanguage":"en-GB","potentialAction":[{"@type":"ReadAction","target":["https:\/\/ecodef-ihedn.fr\/intervention-de-jean-belin-a-la-225e-session-en-region-de-lihedn-nouvelle-aquitaine\/"]}]},{"@type":"ImageObject","inLanguage":"en-GB","@id":"https:\/\/ecodef-ihedn.fr\/intervention-de-jean-belin-a-la-225e-session-en-region-de-lihedn-nouvelle-aquitaine\/#primaryimage","url":"https:\/\/ecodef-ihedn.fr\/wp-content\/uploads\/2022\/02\/20220201-\u00a9IHEDN-225e-session-en-region-Nouvelle-aquitaine-001.jpg","contentUrl":"https:\/\/ecodef-ihedn.fr\/wp-content\/uploads\/2022\/02\/20220201-\u00a9IHEDN-225e-session-en-region-Nouvelle-aquitaine-001.jpg","width":1453,"height":1090},{"@type":"BreadcrumbList","@id":"https:\/\/ecodef-ihedn.fr\/intervention-de-jean-belin-a-la-225e-session-en-region-de-lihedn-nouvelle-aquitaine\/#breadcrumb","itemListElement":[{"@type":"ListItem","position":1,"name":"Accueil","item":"https:\/\/ecodef-ihedn.fr\/"},{"@type":"ListItem","position":2,"name":"Conf\u00e9rence de Jean Belin pour la 225e session en r\u00e9gion de l\u2019IHEDN (Nouvelle-Aquitaine)"}]},{"@type":"WebSite","@id":"https:\/\/ecodef-ihedn.fr\/#website","url":"https:\/\/ecodef-ihedn.fr\/","name":"Chair in Defence Economics - IHEDN","description":"Produce &amp; support, federate &amp; disseminate, act as an interface","publisher":{"@id":"https:\/\/ecodef-ihedn.fr\/#organization"},"potentialAction":[{"@type":"SearchAction","target":{"@type":"EntryPoint","urlTemplate":"https:\/\/ecodef-ihedn.fr\/?s={search_term_string}"},"query-input":{"@type":"PropertyValueSpecification","valueRequired":true,"valueName":"search_term_string"}}],"inLanguage":"en-GB"},{"@type":"Organization","@id":"https:\/\/ecodef-ihedn.fr\/#organization","name":"Chair in Defence Economics - IHEDN","url":"https:\/\/ecodef-ihedn.fr\/","logo":{"@type":"ImageObject","inLanguage":"en-GB","@id":"https:\/\/ecodef-ihedn.fr\/#\/schema\/logo\/image\/","url":"https:\/\/ecodef-ihedn.fr\/wp-content\/uploads\/2020\/04\/logoEcodef9.jpg","contentUrl":"https:\/\/ecodef-ihedn.fr\/wp-content\/uploads\/2020\/04\/logoEcodef9.jpg","width":410,"height":212,"caption":"Chaire \u00c9conomie de d\u00e9fense - IHEDN"},"image":{"@id":"https:\/\/ecodef-ihedn.fr\/#\/schema\/logo\/image\/"},"sameAs":["https:\/\/x.com\/Chaire_Ecodef","https:\/\/www.linkedin.com\/company\/chaire-ecodef-ihedn\/"]},{"@type":"Person","@id":"https:\/\/ecodef-ihedn.fr\/#\/schema\/person\/1cdf22d028cebe278126a6e07a884d30","name":"Bertrand Demandre","image":{"@type":"ImageObject","inLanguage":"en-GB","@id":"https:\/\/secure.gravatar.com\/avatar\/d9c9746d6c900ab5b9c0f9b1fa3932e369da923da247d624b8f7ab4ba8a3c093?s=96&d=mm&r=g","url":"https:\/\/secure.gravatar.com\/avatar\/d9c9746d6c900ab5b9c0f9b1fa3932e369da923da247d624b8f7ab4ba8a3c093?s=96&d=mm&r=g","contentUrl":"https:\/\/secure.gravatar.com\/avatar\/d9c9746d6c900ab5b9c0f9b1fa3932e369da923da247d624b8f7ab4ba8a3c093?s=96&d=mm&r=g","caption":"Bertrand Demandre"},"url":"https:\/\/ecodef-ihedn.fr\/en\/author\/bertrand\/"}]}},"_links":{"self":[{"href":"https:\/\/ecodef-ihedn.fr\/en\/wp-json\/wp\/v2\/posts\/4318","targetHints":{"allow":["GET"]}}],"collection":[{"href":"https:\/\/ecodef-ihedn.fr\/en\/wp-json\/wp\/v2\/posts"}],"about":[{"href":"https:\/\/ecodef-ihedn.fr\/en\/wp-json\/wp\/v2\/types\/post"}],"author":[{"embeddable":true,"href":"https:\/\/ecodef-ihedn.fr\/en\/wp-json\/wp\/v2\/users\/2"}],"replies":[{"embeddable":true,"href":"https:\/\/ecodef-ihedn.fr\/en\/wp-json\/wp\/v2\/comments?post=4318"}],"version-history":[{"count":5,"href":"https:\/\/ecodef-ihedn.fr\/en\/wp-json\/wp\/v2\/posts\/4318\/revisions"}],"predecessor-version":[{"id":4332,"href":"https:\/\/ecodef-ihedn.fr\/en\/wp-json\/wp\/v2\/posts\/4318\/revisions\/4332"}],"wp:featuredmedia":[{"embeddable":true,"href":"https:\/\/ecodef-ihedn.fr\/en\/wp-json\/wp\/v2\/media\/4319"}],"wp:attachment":[{"href":"https:\/\/ecodef-ihedn.fr\/en\/wp-json\/wp\/v2\/media?parent=4318"}],"wp:term":[{"taxonomy":"category","embeddable":true,"href":"https:\/\/ecodef-ihedn.fr\/en\/wp-json\/wp\/v2\/categories?post=4318"},{"taxonomy":"post_tag","embeddable":true,"href":"https:\/\/ecodef-ihedn.fr\/en\/wp-json\/wp\/v2\/tags?post=4318"}],"curies":[{"name":"wp","href":"https:\/\/api.w.org\/{rel}","templated":true}]}}