{"id":4349,"date":"2022-02-10T16:36:18","date_gmt":"2022-02-10T16:36:18","guid":{"rendered":"https:\/\/ecodef-ihedn.fr\/?p=4349"},"modified":"2023-04-03T10:43:15","modified_gmt":"2023-04-03T10:43:15","slug":"video-webinaire-exportations-darmement-les-enjeux-de-leur-mesure-les-entretiens-de-lecodef-3-le-9-fevrier-2022","status":"publish","type":"post","link":"https:\/\/ecodef-ihedn.fr\/en\/video-webinaire-exportations-darmement-les-enjeux-de-leur-mesure-les-entretiens-de-lecodef-3-le-9-fevrier-2022\/","title":{"rendered":"[VID\u00c9O] webinaire \u201cExportations d\u2019armement : les enjeux de leur mesure\u201d (Les entretiens de l\u2019ECODEF #3 \/ 9 f\u00e9vrier 2022)"},"content":{"rendered":"<p><strong>Watch all the Chair's videos on its website&nbsp;<a href=\"https:\/\/www.youtube.com\/channel\/UC_dKcdKpWM-Cfk7gujhqXtA\/featured\" target=\"_blank\" rel=\"noreferrer noopener\">YouTube channel<\/a>.<\/strong><\/p>\n\n\n<div class=\"wp-block-image\">\n<figure class=\"aligncenter size-large is-resized\"><img loading=\"lazy\" decoding=\"async\" src=\"https:\/\/ecodef-ihedn.fr\/wp-content\/uploads\/2022\/02\/webinaire-09-02-2022-1024x768.png\" alt=\"\" class=\"wp-image-4350\" width=\"512\" height=\"384\" srcset=\"https:\/\/ecodef-ihedn.fr\/wp-content\/uploads\/2022\/02\/webinaire-09-02-2022-1024x768.png 1024w, https:\/\/ecodef-ihedn.fr\/wp-content\/uploads\/2022\/02\/webinaire-09-02-2022-300x225.png 300w, https:\/\/ecodef-ihedn.fr\/wp-content\/uploads\/2022\/02\/webinaire-09-02-2022-768x576.png 768w, https:\/\/ecodef-ihedn.fr\/wp-content\/uploads\/2022\/02\/webinaire-09-02-2022-696x522.png 696w, https:\/\/ecodef-ihedn.fr\/wp-content\/uploads\/2022\/02\/webinaire-09-02-2022-1068x801.png 1068w, https:\/\/ecodef-ihedn.fr\/wp-content\/uploads\/2022\/02\/webinaire-09-02-2022-560x420.png 560w, https:\/\/ecodef-ihedn.fr\/wp-content\/uploads\/2022\/02\/webinaire-09-02-2022-1120x840.png 1120w, https:\/\/ecodef-ihedn.fr\/wp-content\/uploads\/2022\/02\/webinaire-09-02-2022-80x60.png 80w, https:\/\/ecodef-ihedn.fr\/wp-content\/uploads\/2022\/02\/webinaire-09-02-2022-160x120.png 160w, https:\/\/ecodef-ihedn.fr\/wp-content\/uploads\/2022\/02\/webinaire-09-02-2022-265x198.png 265w, https:\/\/ecodef-ihedn.fr\/wp-content\/uploads\/2022\/02\/webinaire-09-02-2022-530x396.png 530w, https:\/\/ecodef-ihedn.fr\/wp-content\/uploads\/2022\/02\/webinaire-09-02-2022.png 1235w\" sizes=\"auto, (max-width: 512px) 100vw, 512px\" \/><\/figure>\n<\/div>\n\n\n<p>To raise awareness of the economic stakes involved in defence activities, the&nbsp;<strong>Chair in Defence Economics - IHEDN<\/strong>&nbsp;offers you&nbsp;<strong>\u201cThe ECODEF talks\u201d<\/strong>. This series of webinars highlights the results of the Chair's work, presented in the form of interviews.<\/p>\n\n\n\n<p>Le <a href=\"https:\/\/ecodef-ihedn.fr\/en\/les-entretiens-de-lecodef-3-webinaire-sur-le-theme-des-enjeux-de-la-mesure-des-exportations-darmement-le-mercredi-9-fevrier-a-8h30\/\" target=\"_blank\" rel=\"noreferrer noopener\">third issue<\/a> took place on&nbsp;<strong>Wednesday 9 February at 8.30am<\/strong>, at <a href=\"https:\/\/www.dems.defense.gouv.fr\/cdem\/\" target=\"_blank\" rel=\"noreferrer noopener\">Military School Documentation Centre (CDEM)<\/a>, on the theme :<\/p>\n\n\n\n<h4 class=\"has-text-align-center wp-block-heading\" id=\"exportations-d-armement-les-enjeux-de-leur-mesure\"><strong><em>Arms exports: the challenges of measuring them<\/em><\/strong><\/h4>\n\n\n\n<div class=\"wp-block-buttons is-content-justification-center is-layout-flex wp-container-core-buttons-is-layout-16018d1d wp-block-buttons-is-layout-flex\">\n<div class=\"wp-block-button\"><a class=\"wp-block-button__link\" href=\"https:\/\/youtu.be\/1i4mV7bH81s\" target=\"_blank\" rel=\"noreferrer noopener\">Watch or replay the webinar<\/a><\/div>\n<\/div>\n\n\n\n<p><strong>Discussants:<\/strong><\/p>\n\n\n\n<p><strong>Renaud Bellais<\/strong>&nbsp;(Institutional advisor to the CEO of MBDA, associate researcher at ENSTA Bretagne and Grenoble Alpes University)<br><strong>Julien Malizard<\/strong>&nbsp;(Deputy holder of the Chair in Defence Economics - IHEDN)<\/p>\n\n\n\n<p><strong>Moderator:<\/strong><\/p>\n\n\n\n<p><strong>Olivier Martin<\/strong>&nbsp;(Chairman of the Steering Committee of the Defence Economics Chair - IHEDN)<\/p>\n\n\n\n<p><\/p>","protected":false},"excerpt":{"rendered":"<p>Retrouvez l\u2019int\u00e9gralit\u00e9 des vid\u00e9os de la Chaire sur sa&nbsp;cha\u00eene YouTube. Afin de mieux faire conna\u00eetre les enjeux \u00e9conomiques des activit\u00e9s de d\u00e9fense, la&nbsp;Chaire \u00c9conomie de d\u00e9fense \u2013 IHEDN&nbsp;vous propose&nbsp;\u201cLes entretiens de l\u2019ECODEF\u201d. Cette s\u00e9rie de webinaires met en lumi\u00e8re les r\u00e9sultats des travaux de la Chaire, pr\u00e9sent\u00e9s sous forme d\u2019entretiens. Le troisi\u00e8me num\u00e9ro s\u2019est d\u00e9roul\u00e9 [&hellip;]<\/p>\n","protected":false},"author":2,"featured_media":4350,"comment_status":"open","ping_status":"open","sticky":false,"template":"","format":"standard","meta":{"footnotes":""},"categories":[34,355],"tags":[337,47,476,479,38,149,86,456,515,417,506,455],"class_list":{"0":"post-4349","1":"post","2":"type-post","3":"status-publish","4":"format-standard","5":"has-post-thumbnail","7":"category-activites","8":"category-activites-evenements-portes-par-la-chaire","9":"tag-cdem","10":"tag-economie-de-defense","11":"tag-exportations","12":"tag-exportations-darmement","13":"tag-ihedn","14":"tag-industrie-de-defense","15":"tag-julien-malizard","16":"tag-les-entretiens-de-lecodef","17":"tag-mesure","18":"tag-olivier-martin","19":"tag-renaud-bellais","20":"tag-webinaire"},"yoast_head":"<!-- This site is optimized with the Yoast SEO plugin v27.4 - https:\/\/yoast.com\/product\/yoast-seo-wordpress\/ -->\n<title>[VID\u00c9O] webinaire \u201cExportations d\u2019armement : les enjeux de leur mesure\u201d (Les entretiens de l\u2019ECODEF #3 \/ 9 f\u00e9vrier 2022) - Chaire \u00c9conomie de d\u00e9fense - IHEDN<\/title>\n<meta name=\"robots\" content=\"index, follow, max-snippet:-1, max-image-preview:large, max-video-preview:-1\" \/>\n<link rel=\"canonical\" href=\"https:\/\/ecodef-ihedn.fr\/en\/video-webinaire-exportations-darmement-les-enjeux-de-leur-mesure-les-entretiens-de-lecodef-3-le-9-fevrier-2022\/\" \/>\n<meta property=\"og:locale\" content=\"en_GB\" \/>\n<meta property=\"og:type\" content=\"article\" \/>\n<meta property=\"og:title\" content=\"[VID\u00c9O] webinaire \u201cExportations d\u2019armement : les enjeux de leur mesure\u201d (Les entretiens de l\u2019ECODEF #3 \/ 9 f\u00e9vrier 2022) - Chaire \u00c9conomie de d\u00e9fense - IHEDN\" \/>\n<meta property=\"og:description\" content=\"Retrouvez l\u2019int\u00e9gralit\u00e9 des vid\u00e9os de la Chaire sur sa&nbsp;cha\u00eene YouTube. Afin de mieux faire conna\u00eetre les enjeux \u00e9conomiques des activit\u00e9s de d\u00e9fense, la&nbsp;Chaire \u00c9conomie de d\u00e9fense \u2013 IHEDN&nbsp;vous propose&nbsp;\u201cLes entretiens de l\u2019ECODEF\u201d. Cette s\u00e9rie de webinaires met en lumi\u00e8re les r\u00e9sultats des travaux de la Chaire, pr\u00e9sent\u00e9s sous forme d\u2019entretiens. Le troisi\u00e8me num\u00e9ro s\u2019est d\u00e9roul\u00e9 [&hellip;]\" \/>\n<meta property=\"og:url\" content=\"https:\/\/ecodef-ihedn.fr\/en\/video-webinaire-exportations-darmement-les-enjeux-de-leur-mesure-les-entretiens-de-lecodef-3-le-9-fevrier-2022\/\" \/>\n<meta property=\"og:site_name\" content=\"Chaire \u00c9conomie de d\u00e9fense - IHEDN\" \/>\n<meta property=\"article:published_time\" content=\"2022-02-10T16:36:18+00:00\" \/>\n<meta property=\"article:modified_time\" content=\"2023-04-03T10:43:15+00:00\" \/>\n<meta property=\"og:image\" content=\"https:\/\/ecodef-ihedn.fr\/wp-content\/uploads\/2022\/02\/webinaire-09-02-2022.png\" \/>\n\t<meta property=\"og:image:width\" content=\"1235\" \/>\n\t<meta property=\"og:image:height\" content=\"926\" \/>\n\t<meta property=\"og:image:type\" content=\"image\/png\" \/>\n<meta name=\"author\" content=\"Bertrand Demandre\" \/>\n<meta name=\"twitter:card\" content=\"summary_large_image\" \/>\n<meta name=\"twitter:creator\" content=\"@Chaire_Ecodef\" \/>\n<meta name=\"twitter:site\" content=\"@Chaire_Ecodef\" \/>\n<meta name=\"twitter:label1\" content=\"Written by\" \/>\n\t<meta name=\"twitter:data1\" content=\"Bertrand Demandre\" \/>\n\t<meta name=\"twitter:label2\" content=\"Estimated reading time\" \/>\n\t<meta name=\"twitter:data2\" content=\"1 minute\" \/>\n<script type=\"application\/ld+json\" class=\"yoast-schema-graph\">{\"@context\":\"https:\\\/\\\/schema.org\",\"@graph\":[{\"@type\":\"Article\",\"@id\":\"https:\\\/\\\/ecodef-ihedn.fr\\\/video-webinaire-exportations-darmement-les-enjeux-de-leur-mesure-les-entretiens-de-lecodef-3-le-9-fevrier-2022\\\/#article\",\"isPartOf\":{\"@id\":\"https:\\\/\\\/ecodef-ihedn.fr\\\/video-webinaire-exportations-darmement-les-enjeux-de-leur-mesure-les-entretiens-de-lecodef-3-le-9-fevrier-2022\\\/\"},\"author\":{\"name\":\"Bertrand Demandre\",\"@id\":\"https:\\\/\\\/ecodef-ihedn.fr\\\/#\\\/schema\\\/person\\\/1cdf22d028cebe278126a6e07a884d30\"},\"headline\":\"[VID\u00c9O] webinaire \u201cExportations d\u2019armement : les enjeux de leur mesure\u201d (Les entretiens de l\u2019ECODEF #3 \\\/ 9 f\u00e9vrier 2022)\",\"datePublished\":\"2022-02-10T16:36:18+00:00\",\"dateModified\":\"2023-04-03T10:43:15+00:00\",\"mainEntityOfPage\":{\"@id\":\"https:\\\/\\\/ecodef-ihedn.fr\\\/video-webinaire-exportations-darmement-les-enjeux-de-leur-mesure-les-entretiens-de-lecodef-3-le-9-fevrier-2022\\\/\"},\"wordCount\":182,\"commentCount\":1,\"publisher\":{\"@id\":\"https:\\\/\\\/ecodef-ihedn.fr\\\/#organization\"},\"image\":{\"@id\":\"https:\\\/\\\/ecodef-ihedn.fr\\\/video-webinaire-exportations-darmement-les-enjeux-de-leur-mesure-les-entretiens-de-lecodef-3-le-9-fevrier-2022\\\/#primaryimage\"},\"thumbnailUrl\":\"https:\\\/\\\/ecodef-ihedn.fr\\\/wp-content\\\/uploads\\\/2022\\\/02\\\/webinaire-09-02-2022.png\",\"keywords\":[\"CDEM\",\"\u00e9conomie de d\u00e9fense\",\"exportations\",\"exportations d&#039;armement\",\"IHEDN\",\"industrie de d\u00e9fense\",\"Julien Malizard\",\"les entretiens de l'ecodef\",\"mesure\",\"Olivier Martin\",\"renaud bellais\",\"webinaire\"],\"articleSection\":[\"Activit\u00e9s\",\"Activit\u00e9s : \u00e9v\u00e9nements port\u00e9s par la Chaire\"],\"inLanguage\":\"en-GB\",\"potentialAction\":[{\"@type\":\"CommentAction\",\"name\":\"Comment\",\"target\":[\"https:\\\/\\\/ecodef-ihedn.fr\\\/video-webinaire-exportations-darmement-les-enjeux-de-leur-mesure-les-entretiens-de-lecodef-3-le-9-fevrier-2022\\\/#respond\"]}]},{\"@type\":\"WebPage\",\"@id\":\"https:\\\/\\\/ecodef-ihedn.fr\\\/video-webinaire-exportations-darmement-les-enjeux-de-leur-mesure-les-entretiens-de-lecodef-3-le-9-fevrier-2022\\\/\",\"url\":\"https:\\\/\\\/ecodef-ihedn.fr\\\/video-webinaire-exportations-darmement-les-enjeux-de-leur-mesure-les-entretiens-de-lecodef-3-le-9-fevrier-2022\\\/\",\"name\":\"[VID\u00c9O] webinaire \u201cExportations d\u2019armement : les enjeux de leur mesure\u201d (Les entretiens de l\u2019ECODEF #3 \\\/ 9 f\u00e9vrier 2022) - Chaire \u00c9conomie de d\u00e9fense - IHEDN\",\"isPartOf\":{\"@id\":\"https:\\\/\\\/ecodef-ihedn.fr\\\/#website\"},\"primaryImageOfPage\":{\"@id\":\"https:\\\/\\\/ecodef-ihedn.fr\\\/video-webinaire-exportations-darmement-les-enjeux-de-leur-mesure-les-entretiens-de-lecodef-3-le-9-fevrier-2022\\\/#primaryimage\"},\"image\":{\"@id\":\"https:\\\/\\\/ecodef-ihedn.fr\\\/video-webinaire-exportations-darmement-les-enjeux-de-leur-mesure-les-entretiens-de-lecodef-3-le-9-fevrier-2022\\\/#primaryimage\"},\"thumbnailUrl\":\"https:\\\/\\\/ecodef-ihedn.fr\\\/wp-content\\\/uploads\\\/2022\\\/02\\\/webinaire-09-02-2022.png\",\"datePublished\":\"2022-02-10T16:36:18+00:00\",\"dateModified\":\"2023-04-03T10:43:15+00:00\",\"breadcrumb\":{\"@id\":\"https:\\\/\\\/ecodef-ihedn.fr\\\/video-webinaire-exportations-darmement-les-enjeux-de-leur-mesure-les-entretiens-de-lecodef-3-le-9-fevrier-2022\\\/#breadcrumb\"},\"inLanguage\":\"en-GB\",\"potentialAction\":[{\"@type\":\"ReadAction\",\"target\":[\"https:\\\/\\\/ecodef-ihedn.fr\\\/video-webinaire-exportations-darmement-les-enjeux-de-leur-mesure-les-entretiens-de-lecodef-3-le-9-fevrier-2022\\\/\"]}]},{\"@type\":\"ImageObject\",\"inLanguage\":\"en-GB\",\"@id\":\"https:\\\/\\\/ecodef-ihedn.fr\\\/video-webinaire-exportations-darmement-les-enjeux-de-leur-mesure-les-entretiens-de-lecodef-3-le-9-fevrier-2022\\\/#primaryimage\",\"url\":\"https:\\\/\\\/ecodef-ihedn.fr\\\/wp-content\\\/uploads\\\/2022\\\/02\\\/webinaire-09-02-2022.png\",\"contentUrl\":\"https:\\\/\\\/ecodef-ihedn.fr\\\/wp-content\\\/uploads\\\/2022\\\/02\\\/webinaire-09-02-2022.png\",\"width\":1235,\"height\":926},{\"@type\":\"BreadcrumbList\",\"@id\":\"https:\\\/\\\/ecodef-ihedn.fr\\\/video-webinaire-exportations-darmement-les-enjeux-de-leur-mesure-les-entretiens-de-lecodef-3-le-9-fevrier-2022\\\/#breadcrumb\",\"itemListElement\":[{\"@type\":\"ListItem\",\"position\":1,\"name\":\"Accueil\",\"item\":\"https:\\\/\\\/ecodef-ihedn.fr\\\/\"},{\"@type\":\"ListItem\",\"position\":2,\"name\":\"[VID\u00c9O] webinaire \u201cExportations d\u2019armement : les enjeux de leur mesure\u201d (Les entretiens de l\u2019ECODEF #3 \\\/ 9 f\u00e9vrier 2022)\"}]},{\"@type\":\"WebSite\",\"@id\":\"https:\\\/\\\/ecodef-ihedn.fr\\\/#website\",\"url\":\"https:\\\/\\\/ecodef-ihedn.fr\\\/\",\"name\":\"Chaire \u00c9conomie de D\u00e9fense - IHEDN\",\"description\":\"Produire &amp; soutenir, f\u00e9d\u00e9rer &amp; diffuser, \u00eatre une interface\",\"publisher\":{\"@id\":\"https:\\\/\\\/ecodef-ihedn.fr\\\/#organization\"},\"potentialAction\":[{\"@type\":\"SearchAction\",\"target\":{\"@type\":\"EntryPoint\",\"urlTemplate\":\"https:\\\/\\\/ecodef-ihedn.fr\\\/?s={search_term_string}\"},\"query-input\":{\"@type\":\"PropertyValueSpecification\",\"valueRequired\":true,\"valueName\":\"search_term_string\"}}],\"inLanguage\":\"en-GB\"},{\"@type\":\"Organization\",\"@id\":\"https:\\\/\\\/ecodef-ihedn.fr\\\/#organization\",\"name\":\"Chaire \u00c9conomie de d\u00e9fense - IHEDN\",\"url\":\"https:\\\/\\\/ecodef-ihedn.fr\\\/\",\"logo\":{\"@type\":\"ImageObject\",\"inLanguage\":\"en-GB\",\"@id\":\"https:\\\/\\\/ecodef-ihedn.fr\\\/#\\\/schema\\\/logo\\\/image\\\/\",\"url\":\"https:\\\/\\\/ecodef-ihedn.fr\\\/wp-content\\\/uploads\\\/2020\\\/04\\\/logoEcodef9.jpg\",\"contentUrl\":\"https:\\\/\\\/ecodef-ihedn.fr\\\/wp-content\\\/uploads\\\/2020\\\/04\\\/logoEcodef9.jpg\",\"width\":410,\"height\":212,\"caption\":\"Chaire \u00c9conomie de d\u00e9fense - IHEDN\"},\"image\":{\"@id\":\"https:\\\/\\\/ecodef-ihedn.fr\\\/#\\\/schema\\\/logo\\\/image\\\/\"},\"sameAs\":[\"https:\\\/\\\/x.com\\\/Chaire_Ecodef\",\"https:\\\/\\\/www.linkedin.com\\\/company\\\/chaire-ecodef-ihedn\\\/\"]},{\"@type\":\"Person\",\"@id\":\"https:\\\/\\\/ecodef-ihedn.fr\\\/#\\\/schema\\\/person\\\/1cdf22d028cebe278126a6e07a884d30\",\"name\":\"Bertrand Demandre\",\"image\":{\"@type\":\"ImageObject\",\"inLanguage\":\"en-GB\",\"@id\":\"https:\\\/\\\/secure.gravatar.com\\\/avatar\\\/d9c9746d6c900ab5b9c0f9b1fa3932e369da923da247d624b8f7ab4ba8a3c093?s=96&d=mm&r=g\",\"url\":\"https:\\\/\\\/secure.gravatar.com\\\/avatar\\\/d9c9746d6c900ab5b9c0f9b1fa3932e369da923da247d624b8f7ab4ba8a3c093?s=96&d=mm&r=g\",\"contentUrl\":\"https:\\\/\\\/secure.gravatar.com\\\/avatar\\\/d9c9746d6c900ab5b9c0f9b1fa3932e369da923da247d624b8f7ab4ba8a3c093?s=96&d=mm&r=g\",\"caption\":\"Bertrand Demandre\"},\"url\":\"https:\\\/\\\/ecodef-ihedn.fr\\\/en\\\/author\\\/bertrand\\\/\"}]}<\/script>\n<!-- \/ Yoast SEO plugin. -->","yoast_head_json":{"title":"[VID\u00c9O] webinaire \u201cExportations d\u2019armement : les enjeux de leur mesure\u201d (Les entretiens de l\u2019ECODEF #3 \/ 9 f\u00e9vrier 2022) - Chaire \u00c9conomie de d\u00e9fense - IHEDN","robots":{"index":"index","follow":"follow","max-snippet":"max-snippet:-1","max-image-preview":"max-image-preview:large","max-video-preview":"max-video-preview:-1"},"canonical":"https:\/\/ecodef-ihedn.fr\/en\/video-webinaire-exportations-darmement-les-enjeux-de-leur-mesure-les-entretiens-de-lecodef-3-le-9-fevrier-2022\/","og_locale":"en_GB","og_type":"article","og_title":"[VID\u00c9O] webinaire \u201cExportations d\u2019armement : les enjeux de leur mesure\u201d (Les entretiens de l\u2019ECODEF #3 \/ 9 f\u00e9vrier 2022) - Chaire \u00c9conomie de d\u00e9fense - IHEDN","og_description":"Retrouvez l\u2019int\u00e9gralit\u00e9 des vid\u00e9os de la Chaire sur sa&nbsp;cha\u00eene YouTube. Afin de mieux faire conna\u00eetre les enjeux \u00e9conomiques des activit\u00e9s de d\u00e9fense, la&nbsp;Chaire \u00c9conomie de d\u00e9fense \u2013 IHEDN&nbsp;vous propose&nbsp;\u201cLes entretiens de l\u2019ECODEF\u201d. Cette s\u00e9rie de webinaires met en lumi\u00e8re les r\u00e9sultats des travaux de la Chaire, pr\u00e9sent\u00e9s sous forme d\u2019entretiens. Le troisi\u00e8me num\u00e9ro s\u2019est d\u00e9roul\u00e9 [&hellip;]","og_url":"https:\/\/ecodef-ihedn.fr\/en\/video-webinaire-exportations-darmement-les-enjeux-de-leur-mesure-les-entretiens-de-lecodef-3-le-9-fevrier-2022\/","og_site_name":"Chaire \u00c9conomie de d\u00e9fense - IHEDN","article_published_time":"2022-02-10T16:36:18+00:00","article_modified_time":"2023-04-03T10:43:15+00:00","og_image":[{"width":1235,"height":926,"url":"https:\/\/ecodef-ihedn.fr\/wp-content\/uploads\/2022\/02\/webinaire-09-02-2022.png","type":"image\/png"}],"author":"Bertrand Demandre","twitter_card":"summary_large_image","twitter_creator":"@Chaire_Ecodef","twitter_site":"@Chaire_Ecodef","twitter_misc":{"Written by":"Bertrand Demandre","Estimated reading time":"1 minute"},"schema":{"@context":"https:\/\/schema.org","@graph":[{"@type":"Article","@id":"https:\/\/ecodef-ihedn.fr\/video-webinaire-exportations-darmement-les-enjeux-de-leur-mesure-les-entretiens-de-lecodef-3-le-9-fevrier-2022\/#article","isPartOf":{"@id":"https:\/\/ecodef-ihedn.fr\/video-webinaire-exportations-darmement-les-enjeux-de-leur-mesure-les-entretiens-de-lecodef-3-le-9-fevrier-2022\/"},"author":{"name":"Bertrand Demandre","@id":"https:\/\/ecodef-ihedn.fr\/#\/schema\/person\/1cdf22d028cebe278126a6e07a884d30"},"headline":"[VID\u00c9O] webinaire \u201cExportations d\u2019armement : les enjeux de leur mesure\u201d (Les entretiens de l\u2019ECODEF #3 \/ 9 f\u00e9vrier 2022)","datePublished":"2022-02-10T16:36:18+00:00","dateModified":"2023-04-03T10:43:15+00:00","mainEntityOfPage":{"@id":"https:\/\/ecodef-ihedn.fr\/video-webinaire-exportations-darmement-les-enjeux-de-leur-mesure-les-entretiens-de-lecodef-3-le-9-fevrier-2022\/"},"wordCount":182,"commentCount":1,"publisher":{"@id":"https:\/\/ecodef-ihedn.fr\/#organization"},"image":{"@id":"https:\/\/ecodef-ihedn.fr\/video-webinaire-exportations-darmement-les-enjeux-de-leur-mesure-les-entretiens-de-lecodef-3-le-9-fevrier-2022\/#primaryimage"},"thumbnailUrl":"https:\/\/ecodef-ihedn.fr\/wp-content\/uploads\/2022\/02\/webinaire-09-02-2022.png","keywords":["CDEM","\u00e9conomie de d\u00e9fense","exportations","exportations d&#039;armement","IHEDN","industrie de d\u00e9fense","Julien Malizard","les entretiens de l'ecodef","mesure","Olivier Martin","renaud bellais","webinaire"],"articleSection":["Activit\u00e9s","Activit\u00e9s : \u00e9v\u00e9nements port\u00e9s par la Chaire"],"inLanguage":"en-GB","potentialAction":[{"@type":"CommentAction","name":"Comment","target":["https:\/\/ecodef-ihedn.fr\/video-webinaire-exportations-darmement-les-enjeux-de-leur-mesure-les-entretiens-de-lecodef-3-le-9-fevrier-2022\/#respond"]}]},{"@type":"WebPage","@id":"https:\/\/ecodef-ihedn.fr\/video-webinaire-exportations-darmement-les-enjeux-de-leur-mesure-les-entretiens-de-lecodef-3-le-9-fevrier-2022\/","url":"https:\/\/ecodef-ihedn.fr\/video-webinaire-exportations-darmement-les-enjeux-de-leur-mesure-les-entretiens-de-lecodef-3-le-9-fevrier-2022\/","name":"[VID\u00c9O] webinaire \u201cExportations d\u2019armement : les enjeux de leur mesure\u201d (Les entretiens de l\u2019ECODEF #3 \/ 9 f\u00e9vrier 2022) - Chaire \u00c9conomie de d\u00e9fense - IHEDN","isPartOf":{"@id":"https:\/\/ecodef-ihedn.fr\/#website"},"primaryImageOfPage":{"@id":"https:\/\/ecodef-ihedn.fr\/video-webinaire-exportations-darmement-les-enjeux-de-leur-mesure-les-entretiens-de-lecodef-3-le-9-fevrier-2022\/#primaryimage"},"image":{"@id":"https:\/\/ecodef-ihedn.fr\/video-webinaire-exportations-darmement-les-enjeux-de-leur-mesure-les-entretiens-de-lecodef-3-le-9-fevrier-2022\/#primaryimage"},"thumbnailUrl":"https:\/\/ecodef-ihedn.fr\/wp-content\/uploads\/2022\/02\/webinaire-09-02-2022.png","datePublished":"2022-02-10T16:36:18+00:00","dateModified":"2023-04-03T10:43:15+00:00","breadcrumb":{"@id":"https:\/\/ecodef-ihedn.fr\/video-webinaire-exportations-darmement-les-enjeux-de-leur-mesure-les-entretiens-de-lecodef-3-le-9-fevrier-2022\/#breadcrumb"},"inLanguage":"en-GB","potentialAction":[{"@type":"ReadAction","target":["https:\/\/ecodef-ihedn.fr\/video-webinaire-exportations-darmement-les-enjeux-de-leur-mesure-les-entretiens-de-lecodef-3-le-9-fevrier-2022\/"]}]},{"@type":"ImageObject","inLanguage":"en-GB","@id":"https:\/\/ecodef-ihedn.fr\/video-webinaire-exportations-darmement-les-enjeux-de-leur-mesure-les-entretiens-de-lecodef-3-le-9-fevrier-2022\/#primaryimage","url":"https:\/\/ecodef-ihedn.fr\/wp-content\/uploads\/2022\/02\/webinaire-09-02-2022.png","contentUrl":"https:\/\/ecodef-ihedn.fr\/wp-content\/uploads\/2022\/02\/webinaire-09-02-2022.png","width":1235,"height":926},{"@type":"BreadcrumbList","@id":"https:\/\/ecodef-ihedn.fr\/video-webinaire-exportations-darmement-les-enjeux-de-leur-mesure-les-entretiens-de-lecodef-3-le-9-fevrier-2022\/#breadcrumb","itemListElement":[{"@type":"ListItem","position":1,"name":"Accueil","item":"https:\/\/ecodef-ihedn.fr\/"},{"@type":"ListItem","position":2,"name":"[VID\u00c9O] webinaire \u201cExportations d\u2019armement : les enjeux de leur mesure\u201d (Les entretiens de l\u2019ECODEF #3 \/ 9 f\u00e9vrier 2022)"}]},{"@type":"WebSite","@id":"https:\/\/ecodef-ihedn.fr\/#website","url":"https:\/\/ecodef-ihedn.fr\/","name":"Chair in Defence Economics - IHEDN","description":"Produce &amp; support, federate &amp; disseminate, act as an interface","publisher":{"@id":"https:\/\/ecodef-ihedn.fr\/#organization"},"potentialAction":[{"@type":"SearchAction","target":{"@type":"EntryPoint","urlTemplate":"https:\/\/ecodef-ihedn.fr\/?s={search_term_string}"},"query-input":{"@type":"PropertyValueSpecification","valueRequired":true,"valueName":"search_term_string"}}],"inLanguage":"en-GB"},{"@type":"Organization","@id":"https:\/\/ecodef-ihedn.fr\/#organization","name":"Chair in Defence Economics - IHEDN","url":"https:\/\/ecodef-ihedn.fr\/","logo":{"@type":"ImageObject","inLanguage":"en-GB","@id":"https:\/\/ecodef-ihedn.fr\/#\/schema\/logo\/image\/","url":"https:\/\/ecodef-ihedn.fr\/wp-content\/uploads\/2020\/04\/logoEcodef9.jpg","contentUrl":"https:\/\/ecodef-ihedn.fr\/wp-content\/uploads\/2020\/04\/logoEcodef9.jpg","width":410,"height":212,"caption":"Chaire \u00c9conomie de d\u00e9fense - IHEDN"},"image":{"@id":"https:\/\/ecodef-ihedn.fr\/#\/schema\/logo\/image\/"},"sameAs":["https:\/\/x.com\/Chaire_Ecodef","https:\/\/www.linkedin.com\/company\/chaire-ecodef-ihedn\/"]},{"@type":"Person","@id":"https:\/\/ecodef-ihedn.fr\/#\/schema\/person\/1cdf22d028cebe278126a6e07a884d30","name":"Bertrand Demandre","image":{"@type":"ImageObject","inLanguage":"en-GB","@id":"https:\/\/secure.gravatar.com\/avatar\/d9c9746d6c900ab5b9c0f9b1fa3932e369da923da247d624b8f7ab4ba8a3c093?s=96&d=mm&r=g","url":"https:\/\/secure.gravatar.com\/avatar\/d9c9746d6c900ab5b9c0f9b1fa3932e369da923da247d624b8f7ab4ba8a3c093?s=96&d=mm&r=g","contentUrl":"https:\/\/secure.gravatar.com\/avatar\/d9c9746d6c900ab5b9c0f9b1fa3932e369da923da247d624b8f7ab4ba8a3c093?s=96&d=mm&r=g","caption":"Bertrand Demandre"},"url":"https:\/\/ecodef-ihedn.fr\/en\/author\/bertrand\/"}]}},"_links":{"self":[{"href":"https:\/\/ecodef-ihedn.fr\/en\/wp-json\/wp\/v2\/posts\/4349","targetHints":{"allow":["GET"]}}],"collection":[{"href":"https:\/\/ecodef-ihedn.fr\/en\/wp-json\/wp\/v2\/posts"}],"about":[{"href":"https:\/\/ecodef-ihedn.fr\/en\/wp-json\/wp\/v2\/types\/post"}],"author":[{"embeddable":true,"href":"https:\/\/ecodef-ihedn.fr\/en\/wp-json\/wp\/v2\/users\/2"}],"replies":[{"embeddable":true,"href":"https:\/\/ecodef-ihedn.fr\/en\/wp-json\/wp\/v2\/comments?post=4349"}],"version-history":[{"count":6,"href":"https:\/\/ecodef-ihedn.fr\/en\/wp-json\/wp\/v2\/posts\/4349\/revisions"}],"predecessor-version":[{"id":7804,"href":"https:\/\/ecodef-ihedn.fr\/en\/wp-json\/wp\/v2\/posts\/4349\/revisions\/7804"}],"wp:featuredmedia":[{"embeddable":true,"href":"https:\/\/ecodef-ihedn.fr\/en\/wp-json\/wp\/v2\/media\/4350"}],"wp:attachment":[{"href":"https:\/\/ecodef-ihedn.fr\/en\/wp-json\/wp\/v2\/media?parent=4349"}],"wp:term":[{"taxonomy":"category","embeddable":true,"href":"https:\/\/ecodef-ihedn.fr\/en\/wp-json\/wp\/v2\/categories?post=4349"},{"taxonomy":"post_tag","embeddable":true,"href":"https:\/\/ecodef-ihedn.fr\/en\/wp-json\/wp\/v2\/tags?post=4349"}],"curies":[{"name":"wp","href":"https:\/\/api.w.org\/{rel}","templated":true}]}}