{"id":4366,"date":"2022-02-16T10:39:48","date_gmt":"2022-02-16T10:39:48","guid":{"rendered":"https:\/\/ecodef-ihedn.fr\/?p=4366"},"modified":"2022-03-31T12:20:47","modified_gmt":"2022-03-31T12:20:47","slug":"vente-de-rafale-a-lindonesie-julien-malizard-dans-marianne","status":"publish","type":"post","link":"https:\/\/ecodef-ihedn.fr\/en\/vente-de-rafale-a-lindonesie-julien-malizard-dans-marianne\/","title":{"rendered":"Sale of Rafales to Indonesia: Julien Malizard speaks out in Marianne"},"content":{"rendered":"<p><strong>Julien Malizard, deputy holder of the Chair, was asked by the weekly magazine <em>Marianne <\/em>to comment on the signature <strong>by Indonesia<\/strong><\/strong> <strong>an order for 42 Rafale fighter jets. <\/strong><\/p>\n\n\n\n<div class=\"wp-block-image\"><figure class=\"aligncenter size-full is-resized\"><img loading=\"lazy\" decoding=\"async\" src=\"https:\/\/ecodef-ihedn.fr\/wp-content\/uploads\/2022\/02\/rafale-f3-r.jpg\" alt=\"\" class=\"wp-image-4367\" width=\"512\" height=\"342\" srcset=\"https:\/\/ecodef-ihedn.fr\/wp-content\/uploads\/2022\/02\/rafale-f3-r.jpg 1024w, https:\/\/ecodef-ihedn.fr\/wp-content\/uploads\/2022\/02\/rafale-f3-r-300x200.jpg 300w, https:\/\/ecodef-ihedn.fr\/wp-content\/uploads\/2022\/02\/rafale-f3-r-768x512.jpg 768w, https:\/\/ecodef-ihedn.fr\/wp-content\/uploads\/2022\/02\/rafale-f3-r-696x464.jpg 696w, https:\/\/ecodef-ihedn.fr\/wp-content\/uploads\/2022\/02\/rafale-f3-r-630x420.jpg 630w\" sizes=\"auto, (max-width: 512px) 100vw, 512px\" \/><\/figure><\/div>\n\n\n\n<p>A new success for the Dassault Rafale: Florence Parly, the French Minister for the Armed Forces, announced on Thursday 10 February that the <strong>Indonesia orders 42 combat aircraft<\/strong>.<\/p>\n\n\n\n<p>The Indonesian government also announced its intention to acquire two Scorpene submarines from Naval Group, a few months after the <a href=\"https:\/\/ecodef-ihedn.fr\/en\/crise-des-sous-marins-intervention-de-julien-malizard-sur-france-culture\/\" target=\"_blank\" rel=\"noreferrer noopener\">termination of the australian contract<\/a>. <\/p>\n\n\n\n<p><strong>Julien Malizard<\/strong>, the Chair's deputy holder, has been approached by <em>Marianne <\/em>to comment on the signing of this new contract, which is part of an upward trend in this region of the world with <em>\u00aba figure which has doubled for the period 2011-2020 to reach \u20ac3.438 billion\u00bb.\u00bb<\/em>.<\/p>\n\n\n\n<p>He explains Indonesia's decision to turn to French equipment by its strategic positioning in a tense geopolitical context. <\/p>\n\n\n\n<div class=\"wp-block-buttons is-content-justification-center is-layout-flex wp-container-core-buttons-is-layout-16018d1d wp-block-buttons-is-layout-flex\">\n<div class=\"wp-block-button\"><a class=\"wp-block-button__link\" href=\"https:\/\/www.marianne.net\/monde\/asie\/vente-de-rafale-a-lindonesie-leldorado-asiatique-de-la-vente-darmes\" target=\"_blank\" rel=\"noreferrer noopener\">read the full article<\/a><\/div>\n<\/div>\n\n\n\n<p><\/p>","protected":false},"excerpt":{"rendered":"<p>Julien Malizard, titulaire adjoint de la Chaire, a \u00e9t\u00e9 sollicit\u00e9 par l&rsquo;hebdomadaire Marianne pour commenter la signature par l&rsquo;Indon\u00e9sie d&rsquo;une commande de 42 avions de combat Rafale. Nouveau succ\u00e8s pour le Rafale de Dassault : Florence Parly, ministre des Arm\u00e9es, a annonc\u00e9 jeudi 10 f\u00e9vrier la commande par l&rsquo;Indon\u00e9sie de 42 avions de combat. Le [&hellip;]<\/p>\n","protected":false},"author":2,"featured_media":4367,"comment_status":"open","ping_status":"open","sticky":false,"template":"","format":"standard","meta":{"footnotes":""},"categories":[34,358],"tags":[472,520,47,476,52,479,518,86,522,468,519,523],"class_list":{"0":"post-4366","1":"post","2":"type-post","3":"status-publish","4":"format-standard","5":"has-post-thumbnail","7":"category-activites","8":"category-medias","9":"tag-contrat-darmement","10":"tag-dassault","11":"tag-economie-de-defense","12":"tag-exportations","13":"tag-exportations-darmes","14":"tag-exportations-darmement","15":"tag-indonesie","16":"tag-julien-malizard","17":"tag-marianne","18":"tag-medias","19":"tag-rafale","20":"tag-scorpene"},"yoast_head":"<!-- This site is optimized with the Yoast SEO plugin v27.4 - https:\/\/yoast.com\/product\/yoast-seo-wordpress\/ -->\n<title>Vente de Rafale \u00e0 l&#039;Indon\u00e9sie : Julien Malizard s&#039;exprime dans Marianne - Chaire \u00c9conomie de d\u00e9fense - IHEDN<\/title>\n<meta name=\"description\" content=\"Nouveau succ\u00e8s pour le Rafale de Dassault : Florence Parly, ministre des Arm\u00e9es, a annonc\u00e9 jeudi 10 f\u00e9vrier la commande de 42 avions de combat par l&#039;Indon\u00e9sie. Le gouvernement indon\u00e9sien a \u00e9galement annonc\u00e9 son intention de se procurer deux sous-marins Scorp\u00e8ne de Naval Group, quelques mois apr\u00e8s la rupture du contrat australien.\" \/>\n<meta name=\"robots\" content=\"index, follow, max-snippet:-1, max-image-preview:large, max-video-preview:-1\" \/>\n<link rel=\"canonical\" href=\"https:\/\/ecodef-ihedn.fr\/en\/vente-de-rafale-a-lindonesie-julien-malizard-dans-marianne\/\" \/>\n<meta property=\"og:locale\" content=\"en_GB\" \/>\n<meta property=\"og:type\" content=\"article\" \/>\n<meta property=\"og:title\" content=\"Vente de Rafale \u00e0 l&#039;Indon\u00e9sie : Julien Malizard s&#039;exprime dans Marianne - Chaire \u00c9conomie de d\u00e9fense - IHEDN\" \/>\n<meta property=\"og:description\" content=\"Nouveau succ\u00e8s pour le Rafale de Dassault : Florence Parly, ministre des Arm\u00e9es, a annonc\u00e9 jeudi 10 f\u00e9vrier la commande de 42 avions de combat par l&#039;Indon\u00e9sie. Le gouvernement indon\u00e9sien a \u00e9galement annonc\u00e9 son intention de se procurer deux sous-marins Scorp\u00e8ne de Naval Group, quelques mois apr\u00e8s la rupture du contrat australien.\" \/>\n<meta property=\"og:url\" content=\"https:\/\/ecodef-ihedn.fr\/en\/vente-de-rafale-a-lindonesie-julien-malizard-dans-marianne\/\" \/>\n<meta property=\"og:site_name\" content=\"Chaire \u00c9conomie de d\u00e9fense - IHEDN\" \/>\n<meta property=\"article:published_time\" content=\"2022-02-16T10:39:48+00:00\" \/>\n<meta property=\"article:modified_time\" content=\"2022-03-31T12:20:47+00:00\" \/>\n<meta property=\"og:image\" content=\"https:\/\/ecodef-ihedn.fr\/wp-content\/uploads\/2022\/02\/rafale-f3-r.jpg\" \/>\n\t<meta property=\"og:image:width\" content=\"1024\" \/>\n\t<meta property=\"og:image:height\" content=\"683\" \/>\n\t<meta property=\"og:image:type\" content=\"image\/jpeg\" \/>\n<meta name=\"author\" content=\"Bertrand Demandre\" \/>\n<meta name=\"twitter:card\" content=\"summary_large_image\" \/>\n<meta name=\"twitter:creator\" content=\"@Chaire_Ecodef\" \/>\n<meta name=\"twitter:site\" content=\"@Chaire_Ecodef\" \/>\n<meta name=\"twitter:label1\" content=\"Written by\" \/>\n\t<meta name=\"twitter:data1\" content=\"Bertrand Demandre\" \/>\n\t<meta name=\"twitter:label2\" content=\"Estimated reading time\" \/>\n\t<meta name=\"twitter:data2\" content=\"1 minute\" \/>\n<script type=\"application\/ld+json\" class=\"yoast-schema-graph\">{\"@context\":\"https:\\\/\\\/schema.org\",\"@graph\":[{\"@type\":\"Article\",\"@id\":\"https:\\\/\\\/ecodef-ihedn.fr\\\/vente-de-rafale-a-lindonesie-julien-malizard-dans-marianne\\\/#article\",\"isPartOf\":{\"@id\":\"https:\\\/\\\/ecodef-ihedn.fr\\\/vente-de-rafale-a-lindonesie-julien-malizard-dans-marianne\\\/\"},\"author\":{\"name\":\"Bertrand Demandre\",\"@id\":\"https:\\\/\\\/ecodef-ihedn.fr\\\/#\\\/schema\\\/person\\\/1cdf22d028cebe278126a6e07a884d30\"},\"headline\":\"Vente de Rafale \u00e0 l&rsquo;Indon\u00e9sie : Julien Malizard s&rsquo;exprime dans Marianne\",\"datePublished\":\"2022-02-16T10:39:48+00:00\",\"dateModified\":\"2022-03-31T12:20:47+00:00\",\"mainEntityOfPage\":{\"@id\":\"https:\\\/\\\/ecodef-ihedn.fr\\\/vente-de-rafale-a-lindonesie-julien-malizard-dans-marianne\\\/\"},\"wordCount\":191,\"commentCount\":0,\"publisher\":{\"@id\":\"https:\\\/\\\/ecodef-ihedn.fr\\\/#organization\"},\"image\":{\"@id\":\"https:\\\/\\\/ecodef-ihedn.fr\\\/vente-de-rafale-a-lindonesie-julien-malizard-dans-marianne\\\/#primaryimage\"},\"thumbnailUrl\":\"https:\\\/\\\/ecodef-ihedn.fr\\\/wp-content\\\/uploads\\\/2022\\\/02\\\/rafale-f3-r.jpg\",\"keywords\":[\"contrat d&#039;armement\",\"dassault\",\"\u00e9conomie de d\u00e9fense\",\"exportations\",\"exportations d'armes\",\"exportations d&#039;armement\",\"indon\u00e9sie\",\"Julien Malizard\",\"marianne\",\"m\u00e9dias\",\"rafale\",\"scorp\u00e8ne\"],\"articleSection\":[\"Activit\u00e9s\",\"M\u00e9dias\"],\"inLanguage\":\"en-GB\",\"potentialAction\":[{\"@type\":\"CommentAction\",\"name\":\"Comment\",\"target\":[\"https:\\\/\\\/ecodef-ihedn.fr\\\/vente-de-rafale-a-lindonesie-julien-malizard-dans-marianne\\\/#respond\"]}]},{\"@type\":\"WebPage\",\"@id\":\"https:\\\/\\\/ecodef-ihedn.fr\\\/vente-de-rafale-a-lindonesie-julien-malizard-dans-marianne\\\/\",\"url\":\"https:\\\/\\\/ecodef-ihedn.fr\\\/vente-de-rafale-a-lindonesie-julien-malizard-dans-marianne\\\/\",\"name\":\"Vente de Rafale \u00e0 l'Indon\u00e9sie : Julien Malizard s'exprime dans Marianne - Chaire \u00c9conomie de d\u00e9fense - IHEDN\",\"isPartOf\":{\"@id\":\"https:\\\/\\\/ecodef-ihedn.fr\\\/#website\"},\"primaryImageOfPage\":{\"@id\":\"https:\\\/\\\/ecodef-ihedn.fr\\\/vente-de-rafale-a-lindonesie-julien-malizard-dans-marianne\\\/#primaryimage\"},\"image\":{\"@id\":\"https:\\\/\\\/ecodef-ihedn.fr\\\/vente-de-rafale-a-lindonesie-julien-malizard-dans-marianne\\\/#primaryimage\"},\"thumbnailUrl\":\"https:\\\/\\\/ecodef-ihedn.fr\\\/wp-content\\\/uploads\\\/2022\\\/02\\\/rafale-f3-r.jpg\",\"datePublished\":\"2022-02-16T10:39:48+00:00\",\"dateModified\":\"2022-03-31T12:20:47+00:00\",\"description\":\"Nouveau succ\u00e8s pour le Rafale de Dassault : Florence Parly, ministre des Arm\u00e9es, a annonc\u00e9 jeudi 10 f\u00e9vrier la commande de 42 avions de combat par l'Indon\u00e9sie. Le gouvernement indon\u00e9sien a \u00e9galement annonc\u00e9 son intention de se procurer deux sous-marins Scorp\u00e8ne de Naval Group, quelques mois apr\u00e8s la rupture du contrat australien.\",\"breadcrumb\":{\"@id\":\"https:\\\/\\\/ecodef-ihedn.fr\\\/vente-de-rafale-a-lindonesie-julien-malizard-dans-marianne\\\/#breadcrumb\"},\"inLanguage\":\"en-GB\",\"potentialAction\":[{\"@type\":\"ReadAction\",\"target\":[\"https:\\\/\\\/ecodef-ihedn.fr\\\/vente-de-rafale-a-lindonesie-julien-malizard-dans-marianne\\\/\"]}]},{\"@type\":\"ImageObject\",\"inLanguage\":\"en-GB\",\"@id\":\"https:\\\/\\\/ecodef-ihedn.fr\\\/vente-de-rafale-a-lindonesie-julien-malizard-dans-marianne\\\/#primaryimage\",\"url\":\"https:\\\/\\\/ecodef-ihedn.fr\\\/wp-content\\\/uploads\\\/2022\\\/02\\\/rafale-f3-r.jpg\",\"contentUrl\":\"https:\\\/\\\/ecodef-ihedn.fr\\\/wp-content\\\/uploads\\\/2022\\\/02\\\/rafale-f3-r.jpg\",\"width\":1024,\"height\":683},{\"@type\":\"BreadcrumbList\",\"@id\":\"https:\\\/\\\/ecodef-ihedn.fr\\\/vente-de-rafale-a-lindonesie-julien-malizard-dans-marianne\\\/#breadcrumb\",\"itemListElement\":[{\"@type\":\"ListItem\",\"position\":1,\"name\":\"Accueil\",\"item\":\"https:\\\/\\\/ecodef-ihedn.fr\\\/\"},{\"@type\":\"ListItem\",\"position\":2,\"name\":\"Vente de Rafale \u00e0 l&#8217;Indon\u00e9sie : Julien Malizard s&#8217;exprime dans Marianne\"}]},{\"@type\":\"WebSite\",\"@id\":\"https:\\\/\\\/ecodef-ihedn.fr\\\/#website\",\"url\":\"https:\\\/\\\/ecodef-ihedn.fr\\\/\",\"name\":\"Chaire \u00c9conomie de D\u00e9fense - IHEDN\",\"description\":\"Produire &amp; soutenir, f\u00e9d\u00e9rer &amp; diffuser, \u00eatre une interface\",\"publisher\":{\"@id\":\"https:\\\/\\\/ecodef-ihedn.fr\\\/#organization\"},\"potentialAction\":[{\"@type\":\"SearchAction\",\"target\":{\"@type\":\"EntryPoint\",\"urlTemplate\":\"https:\\\/\\\/ecodef-ihedn.fr\\\/?s={search_term_string}\"},\"query-input\":{\"@type\":\"PropertyValueSpecification\",\"valueRequired\":true,\"valueName\":\"search_term_string\"}}],\"inLanguage\":\"en-GB\"},{\"@type\":\"Organization\",\"@id\":\"https:\\\/\\\/ecodef-ihedn.fr\\\/#organization\",\"name\":\"Chaire \u00c9conomie de d\u00e9fense - IHEDN\",\"url\":\"https:\\\/\\\/ecodef-ihedn.fr\\\/\",\"logo\":{\"@type\":\"ImageObject\",\"inLanguage\":\"en-GB\",\"@id\":\"https:\\\/\\\/ecodef-ihedn.fr\\\/#\\\/schema\\\/logo\\\/image\\\/\",\"url\":\"https:\\\/\\\/ecodef-ihedn.fr\\\/wp-content\\\/uploads\\\/2020\\\/04\\\/logoEcodef9.jpg\",\"contentUrl\":\"https:\\\/\\\/ecodef-ihedn.fr\\\/wp-content\\\/uploads\\\/2020\\\/04\\\/logoEcodef9.jpg\",\"width\":410,\"height\":212,\"caption\":\"Chaire \u00c9conomie de d\u00e9fense - IHEDN\"},\"image\":{\"@id\":\"https:\\\/\\\/ecodef-ihedn.fr\\\/#\\\/schema\\\/logo\\\/image\\\/\"},\"sameAs\":[\"https:\\\/\\\/x.com\\\/Chaire_Ecodef\",\"https:\\\/\\\/www.linkedin.com\\\/company\\\/chaire-ecodef-ihedn\\\/\"]},{\"@type\":\"Person\",\"@id\":\"https:\\\/\\\/ecodef-ihedn.fr\\\/#\\\/schema\\\/person\\\/1cdf22d028cebe278126a6e07a884d30\",\"name\":\"Bertrand Demandre\",\"image\":{\"@type\":\"ImageObject\",\"inLanguage\":\"en-GB\",\"@id\":\"https:\\\/\\\/secure.gravatar.com\\\/avatar\\\/d9c9746d6c900ab5b9c0f9b1fa3932e369da923da247d624b8f7ab4ba8a3c093?s=96&d=mm&r=g\",\"url\":\"https:\\\/\\\/secure.gravatar.com\\\/avatar\\\/d9c9746d6c900ab5b9c0f9b1fa3932e369da923da247d624b8f7ab4ba8a3c093?s=96&d=mm&r=g\",\"contentUrl\":\"https:\\\/\\\/secure.gravatar.com\\\/avatar\\\/d9c9746d6c900ab5b9c0f9b1fa3932e369da923da247d624b8f7ab4ba8a3c093?s=96&d=mm&r=g\",\"caption\":\"Bertrand Demandre\"},\"url\":\"https:\\\/\\\/ecodef-ihedn.fr\\\/en\\\/author\\\/bertrand\\\/\"}]}<\/script>\n<!-- \/ Yoast SEO plugin. -->","yoast_head_json":{"title":"Vente de Rafale \u00e0 l'Indon\u00e9sie : Julien Malizard s'exprime dans Marianne - Chaire \u00c9conomie de d\u00e9fense - IHEDN","description":"Nouveau succ\u00e8s pour le Rafale de Dassault : Florence Parly, ministre des Arm\u00e9es, a annonc\u00e9 jeudi 10 f\u00e9vrier la commande de 42 avions de combat par l'Indon\u00e9sie. Le gouvernement indon\u00e9sien a \u00e9galement annonc\u00e9 son intention de se procurer deux sous-marins Scorp\u00e8ne de Naval Group, quelques mois apr\u00e8s la rupture du contrat australien.","robots":{"index":"index","follow":"follow","max-snippet":"max-snippet:-1","max-image-preview":"max-image-preview:large","max-video-preview":"max-video-preview:-1"},"canonical":"https:\/\/ecodef-ihedn.fr\/en\/vente-de-rafale-a-lindonesie-julien-malizard-dans-marianne\/","og_locale":"en_GB","og_type":"article","og_title":"Vente de Rafale \u00e0 l'Indon\u00e9sie : Julien Malizard s'exprime dans Marianne - Chaire \u00c9conomie de d\u00e9fense - IHEDN","og_description":"Nouveau succ\u00e8s pour le Rafale de Dassault : Florence Parly, ministre des Arm\u00e9es, a annonc\u00e9 jeudi 10 f\u00e9vrier la commande de 42 avions de combat par l'Indon\u00e9sie. Le gouvernement indon\u00e9sien a \u00e9galement annonc\u00e9 son intention de se procurer deux sous-marins Scorp\u00e8ne de Naval Group, quelques mois apr\u00e8s la rupture du contrat australien.","og_url":"https:\/\/ecodef-ihedn.fr\/en\/vente-de-rafale-a-lindonesie-julien-malizard-dans-marianne\/","og_site_name":"Chaire \u00c9conomie de d\u00e9fense - IHEDN","article_published_time":"2022-02-16T10:39:48+00:00","article_modified_time":"2022-03-31T12:20:47+00:00","og_image":[{"width":1024,"height":683,"url":"https:\/\/ecodef-ihedn.fr\/wp-content\/uploads\/2022\/02\/rafale-f3-r.jpg","type":"image\/jpeg"}],"author":"Bertrand Demandre","twitter_card":"summary_large_image","twitter_creator":"@Chaire_Ecodef","twitter_site":"@Chaire_Ecodef","twitter_misc":{"Written by":"Bertrand Demandre","Estimated reading time":"1 minute"},"schema":{"@context":"https:\/\/schema.org","@graph":[{"@type":"Article","@id":"https:\/\/ecodef-ihedn.fr\/vente-de-rafale-a-lindonesie-julien-malizard-dans-marianne\/#article","isPartOf":{"@id":"https:\/\/ecodef-ihedn.fr\/vente-de-rafale-a-lindonesie-julien-malizard-dans-marianne\/"},"author":{"name":"Bertrand Demandre","@id":"https:\/\/ecodef-ihedn.fr\/#\/schema\/person\/1cdf22d028cebe278126a6e07a884d30"},"headline":"Vente de Rafale \u00e0 l&rsquo;Indon\u00e9sie : Julien Malizard s&rsquo;exprime dans Marianne","datePublished":"2022-02-16T10:39:48+00:00","dateModified":"2022-03-31T12:20:47+00:00","mainEntityOfPage":{"@id":"https:\/\/ecodef-ihedn.fr\/vente-de-rafale-a-lindonesie-julien-malizard-dans-marianne\/"},"wordCount":191,"commentCount":0,"publisher":{"@id":"https:\/\/ecodef-ihedn.fr\/#organization"},"image":{"@id":"https:\/\/ecodef-ihedn.fr\/vente-de-rafale-a-lindonesie-julien-malizard-dans-marianne\/#primaryimage"},"thumbnailUrl":"https:\/\/ecodef-ihedn.fr\/wp-content\/uploads\/2022\/02\/rafale-f3-r.jpg","keywords":["contrat d&#039;armement","dassault","\u00e9conomie de d\u00e9fense","exportations","exportations d'armes","exportations d&#039;armement","indon\u00e9sie","Julien Malizard","marianne","m\u00e9dias","rafale","scorp\u00e8ne"],"articleSection":["Activit\u00e9s","M\u00e9dias"],"inLanguage":"en-GB","potentialAction":[{"@type":"CommentAction","name":"Comment","target":["https:\/\/ecodef-ihedn.fr\/vente-de-rafale-a-lindonesie-julien-malizard-dans-marianne\/#respond"]}]},{"@type":"WebPage","@id":"https:\/\/ecodef-ihedn.fr\/vente-de-rafale-a-lindonesie-julien-malizard-dans-marianne\/","url":"https:\/\/ecodef-ihedn.fr\/vente-de-rafale-a-lindonesie-julien-malizard-dans-marianne\/","name":"Vente de Rafale \u00e0 l'Indon\u00e9sie : Julien Malizard s'exprime dans Marianne - Chaire \u00c9conomie de d\u00e9fense - IHEDN","isPartOf":{"@id":"https:\/\/ecodef-ihedn.fr\/#website"},"primaryImageOfPage":{"@id":"https:\/\/ecodef-ihedn.fr\/vente-de-rafale-a-lindonesie-julien-malizard-dans-marianne\/#primaryimage"},"image":{"@id":"https:\/\/ecodef-ihedn.fr\/vente-de-rafale-a-lindonesie-julien-malizard-dans-marianne\/#primaryimage"},"thumbnailUrl":"https:\/\/ecodef-ihedn.fr\/wp-content\/uploads\/2022\/02\/rafale-f3-r.jpg","datePublished":"2022-02-16T10:39:48+00:00","dateModified":"2022-03-31T12:20:47+00:00","description":"Nouveau succ\u00e8s pour le Rafale de Dassault : Florence Parly, ministre des Arm\u00e9es, a annonc\u00e9 jeudi 10 f\u00e9vrier la commande de 42 avions de combat par l'Indon\u00e9sie. Le gouvernement indon\u00e9sien a \u00e9galement annonc\u00e9 son intention de se procurer deux sous-marins Scorp\u00e8ne de Naval Group, quelques mois apr\u00e8s la rupture du contrat australien.","breadcrumb":{"@id":"https:\/\/ecodef-ihedn.fr\/vente-de-rafale-a-lindonesie-julien-malizard-dans-marianne\/#breadcrumb"},"inLanguage":"en-GB","potentialAction":[{"@type":"ReadAction","target":["https:\/\/ecodef-ihedn.fr\/vente-de-rafale-a-lindonesie-julien-malizard-dans-marianne\/"]}]},{"@type":"ImageObject","inLanguage":"en-GB","@id":"https:\/\/ecodef-ihedn.fr\/vente-de-rafale-a-lindonesie-julien-malizard-dans-marianne\/#primaryimage","url":"https:\/\/ecodef-ihedn.fr\/wp-content\/uploads\/2022\/02\/rafale-f3-r.jpg","contentUrl":"https:\/\/ecodef-ihedn.fr\/wp-content\/uploads\/2022\/02\/rafale-f3-r.jpg","width":1024,"height":683},{"@type":"BreadcrumbList","@id":"https:\/\/ecodef-ihedn.fr\/vente-de-rafale-a-lindonesie-julien-malizard-dans-marianne\/#breadcrumb","itemListElement":[{"@type":"ListItem","position":1,"name":"Accueil","item":"https:\/\/ecodef-ihedn.fr\/"},{"@type":"ListItem","position":2,"name":"Vente de Rafale \u00e0 l&#8217;Indon\u00e9sie : Julien Malizard s&#8217;exprime dans Marianne"}]},{"@type":"WebSite","@id":"https:\/\/ecodef-ihedn.fr\/#website","url":"https:\/\/ecodef-ihedn.fr\/","name":"Chair in Defence Economics - IHEDN","description":"Produce &amp; support, federate &amp; disseminate, act as an interface","publisher":{"@id":"https:\/\/ecodef-ihedn.fr\/#organization"},"potentialAction":[{"@type":"SearchAction","target":{"@type":"EntryPoint","urlTemplate":"https:\/\/ecodef-ihedn.fr\/?s={search_term_string}"},"query-input":{"@type":"PropertyValueSpecification","valueRequired":true,"valueName":"search_term_string"}}],"inLanguage":"en-GB"},{"@type":"Organization","@id":"https:\/\/ecodef-ihedn.fr\/#organization","name":"Chair in Defence Economics - IHEDN","url":"https:\/\/ecodef-ihedn.fr\/","logo":{"@type":"ImageObject","inLanguage":"en-GB","@id":"https:\/\/ecodef-ihedn.fr\/#\/schema\/logo\/image\/","url":"https:\/\/ecodef-ihedn.fr\/wp-content\/uploads\/2020\/04\/logoEcodef9.jpg","contentUrl":"https:\/\/ecodef-ihedn.fr\/wp-content\/uploads\/2020\/04\/logoEcodef9.jpg","width":410,"height":212,"caption":"Chaire \u00c9conomie de d\u00e9fense - IHEDN"},"image":{"@id":"https:\/\/ecodef-ihedn.fr\/#\/schema\/logo\/image\/"},"sameAs":["https:\/\/x.com\/Chaire_Ecodef","https:\/\/www.linkedin.com\/company\/chaire-ecodef-ihedn\/"]},{"@type":"Person","@id":"https:\/\/ecodef-ihedn.fr\/#\/schema\/person\/1cdf22d028cebe278126a6e07a884d30","name":"Bertrand Demandre","image":{"@type":"ImageObject","inLanguage":"en-GB","@id":"https:\/\/secure.gravatar.com\/avatar\/d9c9746d6c900ab5b9c0f9b1fa3932e369da923da247d624b8f7ab4ba8a3c093?s=96&d=mm&r=g","url":"https:\/\/secure.gravatar.com\/avatar\/d9c9746d6c900ab5b9c0f9b1fa3932e369da923da247d624b8f7ab4ba8a3c093?s=96&d=mm&r=g","contentUrl":"https:\/\/secure.gravatar.com\/avatar\/d9c9746d6c900ab5b9c0f9b1fa3932e369da923da247d624b8f7ab4ba8a3c093?s=96&d=mm&r=g","caption":"Bertrand Demandre"},"url":"https:\/\/ecodef-ihedn.fr\/en\/author\/bertrand\/"}]}},"_links":{"self":[{"href":"https:\/\/ecodef-ihedn.fr\/en\/wp-json\/wp\/v2\/posts\/4366","targetHints":{"allow":["GET"]}}],"collection":[{"href":"https:\/\/ecodef-ihedn.fr\/en\/wp-json\/wp\/v2\/posts"}],"about":[{"href":"https:\/\/ecodef-ihedn.fr\/en\/wp-json\/wp\/v2\/types\/post"}],"author":[{"embeddable":true,"href":"https:\/\/ecodef-ihedn.fr\/en\/wp-json\/wp\/v2\/users\/2"}],"replies":[{"embeddable":true,"href":"https:\/\/ecodef-ihedn.fr\/en\/wp-json\/wp\/v2\/comments?post=4366"}],"version-history":[{"count":5,"href":"https:\/\/ecodef-ihedn.fr\/en\/wp-json\/wp\/v2\/posts\/4366\/revisions"}],"predecessor-version":[{"id":4580,"href":"https:\/\/ecodef-ihedn.fr\/en\/wp-json\/wp\/v2\/posts\/4366\/revisions\/4580"}],"wp:featuredmedia":[{"embeddable":true,"href":"https:\/\/ecodef-ihedn.fr\/en\/wp-json\/wp\/v2\/media\/4367"}],"wp:attachment":[{"href":"https:\/\/ecodef-ihedn.fr\/en\/wp-json\/wp\/v2\/media?parent=4366"}],"wp:term":[{"taxonomy":"category","embeddable":true,"href":"https:\/\/ecodef-ihedn.fr\/en\/wp-json\/wp\/v2\/categories?post=4366"},{"taxonomy":"post_tag","embeddable":true,"href":"https:\/\/ecodef-ihedn.fr\/en\/wp-json\/wp\/v2\/tags?post=4366"}],"curies":[{"name":"wp","href":"https:\/\/api.w.org\/{rel}","templated":true}]}}