{"id":4383,"date":"2022-02-22T08:02:10","date_gmt":"2022-02-22T08:02:10","guid":{"rendered":"https:\/\/ecodef-ihedn.fr\/?p=4383"},"modified":"2022-03-30T07:32:56","modified_gmt":"2022-03-30T07:32:56","slug":"hausse-des-depenses-militaires-julien-malizard-sexprime-dans-le-magazine-pour-leco","status":"publish","type":"post","link":"https:\/\/ecodef-ihedn.fr\/en\/hausse-des-depenses-militaires-julien-malizard-sexprime-dans-le-magazine-pour-leco\/","title":{"rendered":"Increase in military spending: Julien Malizard speaks out in the magazine Pour l'\u00c9co"},"content":{"rendered":"<p><strong>Julien Malizard, deputy holder of the Chair, answered questions from the magazine<em> For Eco<\/em> on the global rise in military spending. <\/strong><\/p>\n\n\n\n<div class=\"wp-block-image\"><figure class=\"aligncenter size-large is-resized\"><img loading=\"lazy\" decoding=\"async\" src=\"https:\/\/ecodef-ihedn.fr\/wp-content\/uploads\/2022\/02\/pour-leco-1024x538.png\" alt=\"\" class=\"wp-image-4384\" width=\"512\" height=\"269\"\/><\/figure><\/div>\n\n\n\n<p>Against a backdrop of heightened geopolitical tensions, <a href=\"https:\/\/ecodef-ihedn.fr\/en\/les-exportations-darmes-francaises-en-chiffres-par-josselin-droff-et-julien-malizard\/\" target=\"_blank\" rel=\"noreferrer noopener\">military spending<\/a> have reached record levels in recent years.<\/p>\n\n\n\n<p><strong>Julien Malizard<\/strong>, deputy holder of the Chair, explains to the magazine <em>For Eco<\/em> the <strong>dynamics of military spending<\/strong> and <strong>the composition of defence budgets<\/strong>. <\/p>\n\n\n\n<p>For 2020, the magazine quotes SIPRI as forecasting an increase of 5.1 % in military spending in Africa, 4 % in Europe, 3.9 % in the Americas and 2.5 % in Asia\/Oceania compared with the previous year.<\/p>\n\n\n\n<p>A general increase, which can be explained primarily by <a href=\"https:\/\/ecodef-ihedn.fr\/en\/determinants-des-depenses-de-defense-publication-dun-article-de-josselin-droff-et-julien-malizard-dans-la-revue-defence-and-peace-economics\/\" target=\"_blank\" rel=\"noreferrer noopener\">strategic reasons<\/a>.<\/p>\n\n\n\n<div class=\"wp-block-buttons is-content-justification-center is-layout-flex wp-container-core-buttons-is-layout-16018d1d wp-block-buttons-is-layout-flex\">\n<div class=\"wp-block-button\"><a class=\"wp-block-button__link\" href=\"https:\/\/www.pourleco.com\/monde\/ukraine-tensions-geopolitiques-depenses-militaires\" target=\"_blank\" rel=\"noreferrer noopener\">Read the full article (paying)<\/a><\/div>\n<\/div>\n\n\n\n<p><\/p>","protected":false},"excerpt":{"rendered":"<p>Julien Malizard, titulaire adjoint de la Chaire, a r\u00e9pondu aux questions du magazine Pour l&rsquo;\u00c9co \u00e0 propos de la hausse mondiale des d\u00e9penses militaires. Dans un contexte de tensions g\u00e9opolitiques accrues, les d\u00e9penses militaires ont atteint des niveaux record ces derni\u00e8res ann\u00e9es. Julien Malizard, titulaire adjoint de la Chaire, d\u00e9crypte pour le magazine Pour l&rsquo;\u00c9co [&hellip;]<\/p>\n","protected":false},"author":2,"featured_media":4384,"comment_status":"open","ping_status":"open","sticky":false,"template":"","format":"standard","meta":{"footnotes":""},"categories":[34,358],"tags":[524,162,58,487,47,38,86,468,526,525],"class_list":{"0":"post-4383","1":"post","2":"type-post","3":"status-publish","4":"format-standard","5":"has-post-thumbnail","7":"category-activites","8":"category-medias","9":"tag-budget-de-defense","10":"tag-chaire-economie-de-defense","11":"tag-depenses-militaires","12":"tag-determinants-de-la-depense","13":"tag-economie-de-defense","14":"tag-ihedn","15":"tag-julien-malizard","16":"tag-medias","17":"tag-pour-leco","18":"tag-sipri"},"yoast_head":"<!-- This site is optimized with the Yoast SEO plugin v27.4 - https:\/\/yoast.com\/product\/yoast-seo-wordpress\/ -->\n<title>Hausse des d\u00e9penses militaires : Julien Malizard s&#039;exprime dans le magazine Pour l&#039;\u00c9co - Chaire \u00c9conomie de d\u00e9fense - IHEDN<\/title>\n<meta name=\"robots\" content=\"index, follow, max-snippet:-1, max-image-preview:large, max-video-preview:-1\" \/>\n<link rel=\"canonical\" href=\"https:\/\/ecodef-ihedn.fr\/en\/hausse-des-depenses-militaires-julien-malizard-sexprime-dans-le-magazine-pour-leco\/\" \/>\n<meta property=\"og:locale\" content=\"en_GB\" \/>\n<meta property=\"og:type\" content=\"article\" \/>\n<meta property=\"og:title\" content=\"Hausse des d\u00e9penses militaires : Julien Malizard s&#039;exprime dans le magazine Pour l&#039;\u00c9co - Chaire \u00c9conomie de d\u00e9fense - IHEDN\" \/>\n<meta property=\"og:description\" content=\"Julien Malizard, titulaire adjoint de la Chaire, a r\u00e9pondu aux questions du magazine Pour l&rsquo;\u00c9co \u00e0 propos de la hausse mondiale des d\u00e9penses militaires. Dans un contexte de tensions g\u00e9opolitiques accrues, les d\u00e9penses militaires ont atteint des niveaux record ces derni\u00e8res ann\u00e9es. Julien Malizard, titulaire adjoint de la Chaire, d\u00e9crypte pour le magazine Pour l&rsquo;\u00c9co [&hellip;]\" \/>\n<meta property=\"og:url\" content=\"https:\/\/ecodef-ihedn.fr\/en\/hausse-des-depenses-militaires-julien-malizard-sexprime-dans-le-magazine-pour-leco\/\" \/>\n<meta property=\"og:site_name\" content=\"Chaire \u00c9conomie de d\u00e9fense - IHEDN\" \/>\n<meta property=\"article:published_time\" content=\"2022-02-22T08:02:10+00:00\" \/>\n<meta property=\"article:modified_time\" content=\"2022-03-30T07:32:56+00:00\" \/>\n<meta property=\"og:image\" content=\"https:\/\/ecodef-ihedn.fr\/wp-content\/uploads\/2022\/02\/pour-leco-e1645458960667.png\" \/>\n\t<meta property=\"og:image:width\" content=\"840\" \/>\n\t<meta property=\"og:image:height\" content=\"630\" \/>\n\t<meta property=\"og:image:type\" content=\"image\/png\" \/>\n<meta name=\"author\" content=\"Bertrand Demandre\" \/>\n<meta name=\"twitter:card\" content=\"summary_large_image\" \/>\n<meta name=\"twitter:creator\" content=\"@Chaire_Ecodef\" \/>\n<meta name=\"twitter:site\" content=\"@Chaire_Ecodef\" \/>\n<meta name=\"twitter:label1\" content=\"Written by\" \/>\n\t<meta name=\"twitter:data1\" content=\"Bertrand Demandre\" \/>\n\t<meta name=\"twitter:label2\" content=\"Estimated reading time\" \/>\n\t<meta name=\"twitter:data2\" content=\"1 minute\" \/>\n<script type=\"application\/ld+json\" class=\"yoast-schema-graph\">{\"@context\":\"https:\\\/\\\/schema.org\",\"@graph\":[{\"@type\":\"Article\",\"@id\":\"https:\\\/\\\/ecodef-ihedn.fr\\\/hausse-des-depenses-militaires-julien-malizard-sexprime-dans-le-magazine-pour-leco\\\/#article\",\"isPartOf\":{\"@id\":\"https:\\\/\\\/ecodef-ihedn.fr\\\/hausse-des-depenses-militaires-julien-malizard-sexprime-dans-le-magazine-pour-leco\\\/\"},\"author\":{\"name\":\"Bertrand Demandre\",\"@id\":\"https:\\\/\\\/ecodef-ihedn.fr\\\/#\\\/schema\\\/person\\\/1cdf22d028cebe278126a6e07a884d30\"},\"headline\":\"Hausse des d\u00e9penses militaires : Julien Malizard s&rsquo;exprime dans le magazine Pour l&rsquo;\u00c9co\",\"datePublished\":\"2022-02-22T08:02:10+00:00\",\"dateModified\":\"2022-03-30T07:32:56+00:00\",\"mainEntityOfPage\":{\"@id\":\"https:\\\/\\\/ecodef-ihedn.fr\\\/hausse-des-depenses-militaires-julien-malizard-sexprime-dans-le-magazine-pour-leco\\\/\"},\"wordCount\":156,\"commentCount\":0,\"publisher\":{\"@id\":\"https:\\\/\\\/ecodef-ihedn.fr\\\/#organization\"},\"image\":{\"@id\":\"https:\\\/\\\/ecodef-ihedn.fr\\\/hausse-des-depenses-militaires-julien-malizard-sexprime-dans-le-magazine-pour-leco\\\/#primaryimage\"},\"thumbnailUrl\":\"https:\\\/\\\/ecodef-ihedn.fr\\\/wp-content\\\/uploads\\\/2022\\\/02\\\/pour-leco-e1645458960667.png\",\"keywords\":[\"budget de d\u00e9fense\",\"chaire \u00e9conomie de d\u00e9fense\",\"d\u00e9penses militaires\",\"d\u00e9terminants de la d\u00e9pense\",\"\u00e9conomie de d\u00e9fense\",\"IHEDN\",\"Julien Malizard\",\"m\u00e9dias\",\"Pour l&#039;\u00c9co\",\"SIPRI\"],\"articleSection\":[\"Activit\u00e9s\",\"M\u00e9dias\"],\"inLanguage\":\"en-GB\",\"potentialAction\":[{\"@type\":\"CommentAction\",\"name\":\"Comment\",\"target\":[\"https:\\\/\\\/ecodef-ihedn.fr\\\/hausse-des-depenses-militaires-julien-malizard-sexprime-dans-le-magazine-pour-leco\\\/#respond\"]}]},{\"@type\":\"WebPage\",\"@id\":\"https:\\\/\\\/ecodef-ihedn.fr\\\/hausse-des-depenses-militaires-julien-malizard-sexprime-dans-le-magazine-pour-leco\\\/\",\"url\":\"https:\\\/\\\/ecodef-ihedn.fr\\\/hausse-des-depenses-militaires-julien-malizard-sexprime-dans-le-magazine-pour-leco\\\/\",\"name\":\"Hausse des d\u00e9penses militaires : Julien Malizard s'exprime dans le magazine Pour l'\u00c9co - Chaire \u00c9conomie de d\u00e9fense - IHEDN\",\"isPartOf\":{\"@id\":\"https:\\\/\\\/ecodef-ihedn.fr\\\/#website\"},\"primaryImageOfPage\":{\"@id\":\"https:\\\/\\\/ecodef-ihedn.fr\\\/hausse-des-depenses-militaires-julien-malizard-sexprime-dans-le-magazine-pour-leco\\\/#primaryimage\"},\"image\":{\"@id\":\"https:\\\/\\\/ecodef-ihedn.fr\\\/hausse-des-depenses-militaires-julien-malizard-sexprime-dans-le-magazine-pour-leco\\\/#primaryimage\"},\"thumbnailUrl\":\"https:\\\/\\\/ecodef-ihedn.fr\\\/wp-content\\\/uploads\\\/2022\\\/02\\\/pour-leco-e1645458960667.png\",\"datePublished\":\"2022-02-22T08:02:10+00:00\",\"dateModified\":\"2022-03-30T07:32:56+00:00\",\"breadcrumb\":{\"@id\":\"https:\\\/\\\/ecodef-ihedn.fr\\\/hausse-des-depenses-militaires-julien-malizard-sexprime-dans-le-magazine-pour-leco\\\/#breadcrumb\"},\"inLanguage\":\"en-GB\",\"potentialAction\":[{\"@type\":\"ReadAction\",\"target\":[\"https:\\\/\\\/ecodef-ihedn.fr\\\/hausse-des-depenses-militaires-julien-malizard-sexprime-dans-le-magazine-pour-leco\\\/\"]}]},{\"@type\":\"ImageObject\",\"inLanguage\":\"en-GB\",\"@id\":\"https:\\\/\\\/ecodef-ihedn.fr\\\/hausse-des-depenses-militaires-julien-malizard-sexprime-dans-le-magazine-pour-leco\\\/#primaryimage\",\"url\":\"https:\\\/\\\/ecodef-ihedn.fr\\\/wp-content\\\/uploads\\\/2022\\\/02\\\/pour-leco-e1645458960667.png\",\"contentUrl\":\"https:\\\/\\\/ecodef-ihedn.fr\\\/wp-content\\\/uploads\\\/2022\\\/02\\\/pour-leco-e1645458960667.png\",\"width\":840,\"height\":630},{\"@type\":\"BreadcrumbList\",\"@id\":\"https:\\\/\\\/ecodef-ihedn.fr\\\/hausse-des-depenses-militaires-julien-malizard-sexprime-dans-le-magazine-pour-leco\\\/#breadcrumb\",\"itemListElement\":[{\"@type\":\"ListItem\",\"position\":1,\"name\":\"Accueil\",\"item\":\"https:\\\/\\\/ecodef-ihedn.fr\\\/\"},{\"@type\":\"ListItem\",\"position\":2,\"name\":\"Hausse des d\u00e9penses militaires : Julien Malizard s&#8217;exprime dans le magazine Pour l&#8217;\u00c9co\"}]},{\"@type\":\"WebSite\",\"@id\":\"https:\\\/\\\/ecodef-ihedn.fr\\\/#website\",\"url\":\"https:\\\/\\\/ecodef-ihedn.fr\\\/\",\"name\":\"Chaire \u00c9conomie de D\u00e9fense - IHEDN\",\"description\":\"Produire &amp; soutenir, f\u00e9d\u00e9rer &amp; diffuser, \u00eatre une interface\",\"publisher\":{\"@id\":\"https:\\\/\\\/ecodef-ihedn.fr\\\/#organization\"},\"potentialAction\":[{\"@type\":\"SearchAction\",\"target\":{\"@type\":\"EntryPoint\",\"urlTemplate\":\"https:\\\/\\\/ecodef-ihedn.fr\\\/?s={search_term_string}\"},\"query-input\":{\"@type\":\"PropertyValueSpecification\",\"valueRequired\":true,\"valueName\":\"search_term_string\"}}],\"inLanguage\":\"en-GB\"},{\"@type\":\"Organization\",\"@id\":\"https:\\\/\\\/ecodef-ihedn.fr\\\/#organization\",\"name\":\"Chaire \u00c9conomie de d\u00e9fense - IHEDN\",\"url\":\"https:\\\/\\\/ecodef-ihedn.fr\\\/\",\"logo\":{\"@type\":\"ImageObject\",\"inLanguage\":\"en-GB\",\"@id\":\"https:\\\/\\\/ecodef-ihedn.fr\\\/#\\\/schema\\\/logo\\\/image\\\/\",\"url\":\"https:\\\/\\\/ecodef-ihedn.fr\\\/wp-content\\\/uploads\\\/2020\\\/04\\\/logoEcodef9.jpg\",\"contentUrl\":\"https:\\\/\\\/ecodef-ihedn.fr\\\/wp-content\\\/uploads\\\/2020\\\/04\\\/logoEcodef9.jpg\",\"width\":410,\"height\":212,\"caption\":\"Chaire \u00c9conomie de d\u00e9fense - IHEDN\"},\"image\":{\"@id\":\"https:\\\/\\\/ecodef-ihedn.fr\\\/#\\\/schema\\\/logo\\\/image\\\/\"},\"sameAs\":[\"https:\\\/\\\/x.com\\\/Chaire_Ecodef\",\"https:\\\/\\\/www.linkedin.com\\\/company\\\/chaire-ecodef-ihedn\\\/\"]},{\"@type\":\"Person\",\"@id\":\"https:\\\/\\\/ecodef-ihedn.fr\\\/#\\\/schema\\\/person\\\/1cdf22d028cebe278126a6e07a884d30\",\"name\":\"Bertrand Demandre\",\"image\":{\"@type\":\"ImageObject\",\"inLanguage\":\"en-GB\",\"@id\":\"https:\\\/\\\/secure.gravatar.com\\\/avatar\\\/d9c9746d6c900ab5b9c0f9b1fa3932e369da923da247d624b8f7ab4ba8a3c093?s=96&d=mm&r=g\",\"url\":\"https:\\\/\\\/secure.gravatar.com\\\/avatar\\\/d9c9746d6c900ab5b9c0f9b1fa3932e369da923da247d624b8f7ab4ba8a3c093?s=96&d=mm&r=g\",\"contentUrl\":\"https:\\\/\\\/secure.gravatar.com\\\/avatar\\\/d9c9746d6c900ab5b9c0f9b1fa3932e369da923da247d624b8f7ab4ba8a3c093?s=96&d=mm&r=g\",\"caption\":\"Bertrand Demandre\"},\"url\":\"https:\\\/\\\/ecodef-ihedn.fr\\\/en\\\/author\\\/bertrand\\\/\"}]}<\/script>\n<!-- \/ Yoast SEO plugin. -->","yoast_head_json":{"title":"Hausse des d\u00e9penses militaires : Julien Malizard s'exprime dans le magazine Pour l'\u00c9co - Chaire \u00c9conomie de d\u00e9fense - IHEDN","robots":{"index":"index","follow":"follow","max-snippet":"max-snippet:-1","max-image-preview":"max-image-preview:large","max-video-preview":"max-video-preview:-1"},"canonical":"https:\/\/ecodef-ihedn.fr\/en\/hausse-des-depenses-militaires-julien-malizard-sexprime-dans-le-magazine-pour-leco\/","og_locale":"en_GB","og_type":"article","og_title":"Hausse des d\u00e9penses militaires : Julien Malizard s'exprime dans le magazine Pour l'\u00c9co - Chaire \u00c9conomie de d\u00e9fense - IHEDN","og_description":"Julien Malizard, titulaire adjoint de la Chaire, a r\u00e9pondu aux questions du magazine Pour l&rsquo;\u00c9co \u00e0 propos de la hausse mondiale des d\u00e9penses militaires. Dans un contexte de tensions g\u00e9opolitiques accrues, les d\u00e9penses militaires ont atteint des niveaux record ces derni\u00e8res ann\u00e9es. Julien Malizard, titulaire adjoint de la Chaire, d\u00e9crypte pour le magazine Pour l&rsquo;\u00c9co [&hellip;]","og_url":"https:\/\/ecodef-ihedn.fr\/en\/hausse-des-depenses-militaires-julien-malizard-sexprime-dans-le-magazine-pour-leco\/","og_site_name":"Chaire \u00c9conomie de d\u00e9fense - IHEDN","article_published_time":"2022-02-22T08:02:10+00:00","article_modified_time":"2022-03-30T07:32:56+00:00","og_image":[{"width":840,"height":630,"url":"https:\/\/ecodef-ihedn.fr\/wp-content\/uploads\/2022\/02\/pour-leco-e1645458960667.png","type":"image\/png"}],"author":"Bertrand Demandre","twitter_card":"summary_large_image","twitter_creator":"@Chaire_Ecodef","twitter_site":"@Chaire_Ecodef","twitter_misc":{"Written by":"Bertrand Demandre","Estimated reading time":"1 minute"},"schema":{"@context":"https:\/\/schema.org","@graph":[{"@type":"Article","@id":"https:\/\/ecodef-ihedn.fr\/hausse-des-depenses-militaires-julien-malizard-sexprime-dans-le-magazine-pour-leco\/#article","isPartOf":{"@id":"https:\/\/ecodef-ihedn.fr\/hausse-des-depenses-militaires-julien-malizard-sexprime-dans-le-magazine-pour-leco\/"},"author":{"name":"Bertrand Demandre","@id":"https:\/\/ecodef-ihedn.fr\/#\/schema\/person\/1cdf22d028cebe278126a6e07a884d30"},"headline":"Hausse des d\u00e9penses militaires : Julien Malizard s&rsquo;exprime dans le magazine Pour l&rsquo;\u00c9co","datePublished":"2022-02-22T08:02:10+00:00","dateModified":"2022-03-30T07:32:56+00:00","mainEntityOfPage":{"@id":"https:\/\/ecodef-ihedn.fr\/hausse-des-depenses-militaires-julien-malizard-sexprime-dans-le-magazine-pour-leco\/"},"wordCount":156,"commentCount":0,"publisher":{"@id":"https:\/\/ecodef-ihedn.fr\/#organization"},"image":{"@id":"https:\/\/ecodef-ihedn.fr\/hausse-des-depenses-militaires-julien-malizard-sexprime-dans-le-magazine-pour-leco\/#primaryimage"},"thumbnailUrl":"https:\/\/ecodef-ihedn.fr\/wp-content\/uploads\/2022\/02\/pour-leco-e1645458960667.png","keywords":["budget de d\u00e9fense","chaire \u00e9conomie de d\u00e9fense","d\u00e9penses militaires","d\u00e9terminants de la d\u00e9pense","\u00e9conomie de d\u00e9fense","IHEDN","Julien Malizard","m\u00e9dias","Pour l&#039;\u00c9co","SIPRI"],"articleSection":["Activit\u00e9s","M\u00e9dias"],"inLanguage":"en-GB","potentialAction":[{"@type":"CommentAction","name":"Comment","target":["https:\/\/ecodef-ihedn.fr\/hausse-des-depenses-militaires-julien-malizard-sexprime-dans-le-magazine-pour-leco\/#respond"]}]},{"@type":"WebPage","@id":"https:\/\/ecodef-ihedn.fr\/hausse-des-depenses-militaires-julien-malizard-sexprime-dans-le-magazine-pour-leco\/","url":"https:\/\/ecodef-ihedn.fr\/hausse-des-depenses-militaires-julien-malizard-sexprime-dans-le-magazine-pour-leco\/","name":"Hausse des d\u00e9penses militaires : Julien Malizard s'exprime dans le magazine Pour l'\u00c9co - Chaire \u00c9conomie de d\u00e9fense - IHEDN","isPartOf":{"@id":"https:\/\/ecodef-ihedn.fr\/#website"},"primaryImageOfPage":{"@id":"https:\/\/ecodef-ihedn.fr\/hausse-des-depenses-militaires-julien-malizard-sexprime-dans-le-magazine-pour-leco\/#primaryimage"},"image":{"@id":"https:\/\/ecodef-ihedn.fr\/hausse-des-depenses-militaires-julien-malizard-sexprime-dans-le-magazine-pour-leco\/#primaryimage"},"thumbnailUrl":"https:\/\/ecodef-ihedn.fr\/wp-content\/uploads\/2022\/02\/pour-leco-e1645458960667.png","datePublished":"2022-02-22T08:02:10+00:00","dateModified":"2022-03-30T07:32:56+00:00","breadcrumb":{"@id":"https:\/\/ecodef-ihedn.fr\/hausse-des-depenses-militaires-julien-malizard-sexprime-dans-le-magazine-pour-leco\/#breadcrumb"},"inLanguage":"en-GB","potentialAction":[{"@type":"ReadAction","target":["https:\/\/ecodef-ihedn.fr\/hausse-des-depenses-militaires-julien-malizard-sexprime-dans-le-magazine-pour-leco\/"]}]},{"@type":"ImageObject","inLanguage":"en-GB","@id":"https:\/\/ecodef-ihedn.fr\/hausse-des-depenses-militaires-julien-malizard-sexprime-dans-le-magazine-pour-leco\/#primaryimage","url":"https:\/\/ecodef-ihedn.fr\/wp-content\/uploads\/2022\/02\/pour-leco-e1645458960667.png","contentUrl":"https:\/\/ecodef-ihedn.fr\/wp-content\/uploads\/2022\/02\/pour-leco-e1645458960667.png","width":840,"height":630},{"@type":"BreadcrumbList","@id":"https:\/\/ecodef-ihedn.fr\/hausse-des-depenses-militaires-julien-malizard-sexprime-dans-le-magazine-pour-leco\/#breadcrumb","itemListElement":[{"@type":"ListItem","position":1,"name":"Accueil","item":"https:\/\/ecodef-ihedn.fr\/"},{"@type":"ListItem","position":2,"name":"Hausse des d\u00e9penses militaires : Julien Malizard s&#8217;exprime dans le magazine Pour l&#8217;\u00c9co"}]},{"@type":"WebSite","@id":"https:\/\/ecodef-ihedn.fr\/#website","url":"https:\/\/ecodef-ihedn.fr\/","name":"Chair in Defence Economics - IHEDN","description":"Produce &amp; support, federate &amp; disseminate, act as an interface","publisher":{"@id":"https:\/\/ecodef-ihedn.fr\/#organization"},"potentialAction":[{"@type":"SearchAction","target":{"@type":"EntryPoint","urlTemplate":"https:\/\/ecodef-ihedn.fr\/?s={search_term_string}"},"query-input":{"@type":"PropertyValueSpecification","valueRequired":true,"valueName":"search_term_string"}}],"inLanguage":"en-GB"},{"@type":"Organization","@id":"https:\/\/ecodef-ihedn.fr\/#organization","name":"Chair in Defence Economics - IHEDN","url":"https:\/\/ecodef-ihedn.fr\/","logo":{"@type":"ImageObject","inLanguage":"en-GB","@id":"https:\/\/ecodef-ihedn.fr\/#\/schema\/logo\/image\/","url":"https:\/\/ecodef-ihedn.fr\/wp-content\/uploads\/2020\/04\/logoEcodef9.jpg","contentUrl":"https:\/\/ecodef-ihedn.fr\/wp-content\/uploads\/2020\/04\/logoEcodef9.jpg","width":410,"height":212,"caption":"Chaire \u00c9conomie de d\u00e9fense - IHEDN"},"image":{"@id":"https:\/\/ecodef-ihedn.fr\/#\/schema\/logo\/image\/"},"sameAs":["https:\/\/x.com\/Chaire_Ecodef","https:\/\/www.linkedin.com\/company\/chaire-ecodef-ihedn\/"]},{"@type":"Person","@id":"https:\/\/ecodef-ihedn.fr\/#\/schema\/person\/1cdf22d028cebe278126a6e07a884d30","name":"Bertrand Demandre","image":{"@type":"ImageObject","inLanguage":"en-GB","@id":"https:\/\/secure.gravatar.com\/avatar\/d9c9746d6c900ab5b9c0f9b1fa3932e369da923da247d624b8f7ab4ba8a3c093?s=96&d=mm&r=g","url":"https:\/\/secure.gravatar.com\/avatar\/d9c9746d6c900ab5b9c0f9b1fa3932e369da923da247d624b8f7ab4ba8a3c093?s=96&d=mm&r=g","contentUrl":"https:\/\/secure.gravatar.com\/avatar\/d9c9746d6c900ab5b9c0f9b1fa3932e369da923da247d624b8f7ab4ba8a3c093?s=96&d=mm&r=g","caption":"Bertrand Demandre"},"url":"https:\/\/ecodef-ihedn.fr\/en\/author\/bertrand\/"}]}},"_links":{"self":[{"href":"https:\/\/ecodef-ihedn.fr\/en\/wp-json\/wp\/v2\/posts\/4383","targetHints":{"allow":["GET"]}}],"collection":[{"href":"https:\/\/ecodef-ihedn.fr\/en\/wp-json\/wp\/v2\/posts"}],"about":[{"href":"https:\/\/ecodef-ihedn.fr\/en\/wp-json\/wp\/v2\/types\/post"}],"author":[{"embeddable":true,"href":"https:\/\/ecodef-ihedn.fr\/en\/wp-json\/wp\/v2\/users\/2"}],"replies":[{"embeddable":true,"href":"https:\/\/ecodef-ihedn.fr\/en\/wp-json\/wp\/v2\/comments?post=4383"}],"version-history":[{"count":4,"href":"https:\/\/ecodef-ihedn.fr\/en\/wp-json\/wp\/v2\/posts\/4383\/revisions"}],"predecessor-version":[{"id":4562,"href":"https:\/\/ecodef-ihedn.fr\/en\/wp-json\/wp\/v2\/posts\/4383\/revisions\/4562"}],"wp:featuredmedia":[{"embeddable":true,"href":"https:\/\/ecodef-ihedn.fr\/en\/wp-json\/wp\/v2\/media\/4384"}],"wp:attachment":[{"href":"https:\/\/ecodef-ihedn.fr\/en\/wp-json\/wp\/v2\/media?parent=4383"}],"wp:term":[{"taxonomy":"category","embeddable":true,"href":"https:\/\/ecodef-ihedn.fr\/en\/wp-json\/wp\/v2\/categories?post=4383"},{"taxonomy":"post_tag","embeddable":true,"href":"https:\/\/ecodef-ihedn.fr\/en\/wp-json\/wp\/v2\/tags?post=4383"}],"curies":[{"name":"wp","href":"https:\/\/api.w.org\/{rel}","templated":true}]}}