{"id":4457,"date":"2022-03-10T09:37:39","date_gmt":"2022-03-10T09:37:39","guid":{"rendered":"https:\/\/ecodef-ihedn.fr\/?p=4457"},"modified":"2024-03-20T13:07:59","modified_gmt":"2024-03-20T13:07:59","slug":"intervention-de-josselin-droff-et-de-julien-malizard-au-cems-air-9-mars","status":"publish","type":"post","link":"https:\/\/ecodef-ihedn.fr\/en\/intervention-de-josselin-droff-et-de-julien-malizard-au-cems-air-9-mars\/","title":{"rendered":"Speech by Josselin Droff and Julien Malizard at CEMS Air (9 March 2022)"},"content":{"rendered":"<p>Josselin Droff and Julien Malizard, researchers at the Chair, took part on Wednesday 9 March in a round table discussion on the defence economy and the challenges facing the French Defence Technological and Industrial Base (DTIB), organised by the CEMS Air (Centre d'enseignement militaire sup\u00e9rieur de l'arm\u00e9e Air) at the \u00c9cole militaire .<\/p>\r\n\r\n\r\n\r\n<div class=\"wp-block-image\">\r\n<figure class=\"aligncenter size-large is-resized\"><img loading=\"lazy\" decoding=\"async\" class=\"wp-image-4458\" src=\"https:\/\/ecodef-ihedn.fr\/wp-content\/uploads\/2022\/03\/cems_air_photo_09-03-2022-1024x632.jpeg\" alt=\"\" width=\"591\" height=\"365\" srcset=\"https:\/\/ecodef-ihedn.fr\/wp-content\/uploads\/2022\/03\/cems_air_photo_09-03-2022-1024x632.jpeg 1024w, https:\/\/ecodef-ihedn.fr\/wp-content\/uploads\/2022\/03\/cems_air_photo_09-03-2022-300x185.jpeg 300w, https:\/\/ecodef-ihedn.fr\/wp-content\/uploads\/2022\/03\/cems_air_photo_09-03-2022-768x474.jpeg 768w, https:\/\/ecodef-ihedn.fr\/wp-content\/uploads\/2022\/03\/cems_air_photo_09-03-2022-1536x948.jpeg 1536w, https:\/\/ecodef-ihedn.fr\/wp-content\/uploads\/2022\/03\/cems_air_photo_09-03-2022-2048x1264.jpeg 2048w, https:\/\/ecodef-ihedn.fr\/wp-content\/uploads\/2022\/03\/cems_air_photo_09-03-2022-696x429.jpeg 696w, https:\/\/ecodef-ihedn.fr\/wp-content\/uploads\/2022\/03\/cems_air_photo_09-03-2022-1392x859.jpeg 1392w, https:\/\/ecodef-ihedn.fr\/wp-content\/uploads\/2022\/03\/cems_air_photo_09-03-2022-1068x659.jpeg 1068w, https:\/\/ecodef-ihedn.fr\/wp-content\/uploads\/2022\/03\/cems_air_photo_09-03-2022-1920x1185.jpeg 1920w, https:\/\/ecodef-ihedn.fr\/wp-content\/uploads\/2022\/03\/cems_air_photo_09-03-2022-681x420.jpeg 681w, https:\/\/ecodef-ihedn.fr\/wp-content\/uploads\/2022\/03\/cems_air_photo_09-03-2022-1362x840.jpeg 1362w, https:\/\/ecodef-ihedn.fr\/wp-content\/uploads\/2022\/03\/cems_air_photo_09-03-2022-356x220.jpeg 356w, https:\/\/ecodef-ihedn.fr\/wp-content\/uploads\/2022\/03\/cems_air_photo_09-03-2022-712x440.jpeg 712w\" sizes=\"auto, (max-width: 591px) 100vw, 591px\" \/>\r\n<figcaption>CEMS Air Round Table \/ 09 March 2022<\/figcaption>\r\n<\/figure>\r\n<\/div>\r\n\r\n\r\n\r\n<p>They discussed <strong>economic impact and spin-offs<\/strong> linked to the existence of a DTIB.<\/p>\r\n\r\n\r\n\r\n<p>From <strong>methodological elements<\/strong> concerning the construction of defence budgets, the measurement of jobs, available sources and the possibilities of international comparisons were discussed with the auditors.<\/p>\r\n\r\n\r\n\r\n<p>The issues at\u2019<strong>national and regional <\/strong>were discussed (calculation and value of income and employment multipliers, long-term impact on innovation and the industrial fabric, the ability of a country to preserve sovereign skills in defence), as well as <strong>international issues<\/strong> through the theme of arms exports and international industrial cooperation.<\/p>\r\n\r\n\r\n\r\n<p>To enrich the exchange with listeners, <strong>Josselin Droff<\/strong> and <strong>Julien Malizard<\/strong> were accompanied by the\u2019<strong>admiral Xavier Pa\u00eftard<\/strong>, Defence Strategy Advisor at Airbus, and <strong>Thierry Poignant<\/strong>, Director of International Strategic Foresight at Thales.<\/p>","protected":false},"excerpt":{"rendered":"<p>Josselin Droff et Julien Malizard, Chercheurs \u00e0 la Chaire, ont particip\u00e9 ce mercredi 9 mars \u00e0 une table ronde consacr\u00e9e \u00e0 l\u2019\u00e9conomie de d\u00e9fense et aux enjeux de la Base industrielle et technologique de d\u00e9fense (BITD) fran\u00e7aise, organis\u00e9e par le CEMS Air (Centre d&rsquo;enseignement militaire sup\u00e9rieur de l\u2019arm\u00e9e Air) \u00e0 l&rsquo;\u00c9cole militaire . Leur propos [&hellip;]<\/p>\n","protected":false},"author":2,"featured_media":4458,"comment_status":"open","ping_status":"open","sticky":false,"template":"","format":"standard","meta":{"footnotes":""},"categories":[34,356],"tags":[210,211,421,162,41,47,38,202,86,531,530],"class_list":{"0":"post-4457","1":"post","2":"type-post","3":"status-publish","4":"format-standard","5":"has-post-thumbnail","7":"category-activites","8":"category-activites-participation-de-la-chaire-a-un-evenement","9":"tag-base-industrielle-et-technologique-de-defense","10":"tag-bitd","11":"tag-cems-air","12":"tag-chaire-economie-de-defense","13":"tag-conference","14":"tag-economie-de-defense","15":"tag-ihedn","16":"tag-josselin-droff","17":"tag-julien-malizard","18":"tag-thierry-poignant","19":"tag-xavier-paitard"},"yoast_head":"<!-- This site is optimized with the Yoast SEO plugin v27.4 - https:\/\/yoast.com\/product\/yoast-seo-wordpress\/ -->\n<title>Intervention de Josselin Droff et de Julien Malizard au CEMS Air (9 mars 2022) - Chaire \u00c9conomie de d\u00e9fense - IHEDN<\/title>\n<meta name=\"robots\" content=\"index, follow, max-snippet:-1, max-image-preview:large, max-video-preview:-1\" \/>\n<link rel=\"canonical\" href=\"https:\/\/ecodef-ihedn.fr\/en\/intervention-de-josselin-droff-et-de-julien-malizard-au-cems-air-9-mars\/\" \/>\n<meta property=\"og:locale\" content=\"en_GB\" \/>\n<meta property=\"og:type\" content=\"article\" \/>\n<meta property=\"og:title\" content=\"Intervention de Josselin Droff et de Julien Malizard au CEMS Air (9 mars 2022) - Chaire \u00c9conomie de d\u00e9fense - IHEDN\" \/>\n<meta property=\"og:description\" content=\"Josselin Droff et Julien Malizard, Chercheurs \u00e0 la Chaire, ont particip\u00e9 ce mercredi 9 mars \u00e0 une table ronde consacr\u00e9e \u00e0 l\u2019\u00e9conomie de d\u00e9fense et aux enjeux de la Base industrielle et technologique de d\u00e9fense (BITD) fran\u00e7aise, organis\u00e9e par le CEMS Air (Centre d&rsquo;enseignement militaire sup\u00e9rieur de l\u2019arm\u00e9e Air) \u00e0 l&rsquo;\u00c9cole militaire . Leur propos [&hellip;]\" \/>\n<meta property=\"og:url\" content=\"https:\/\/ecodef-ihedn.fr\/en\/intervention-de-josselin-droff-et-de-julien-malizard-au-cems-air-9-mars\/\" \/>\n<meta property=\"og:site_name\" content=\"Chaire \u00c9conomie de d\u00e9fense - IHEDN\" \/>\n<meta property=\"article:published_time\" content=\"2022-03-10T09:37:39+00:00\" \/>\n<meta property=\"article:modified_time\" content=\"2024-03-20T13:07:59+00:00\" \/>\n<meta property=\"og:image\" content=\"https:\/\/ecodef-ihedn.fr\/wp-content\/uploads\/2022\/03\/cems_air_photo_09-03-2022-scaled.jpeg\" \/>\n\t<meta property=\"og:image:width\" content=\"2560\" \/>\n\t<meta property=\"og:image:height\" content=\"1579\" \/>\n\t<meta property=\"og:image:type\" content=\"image\/jpeg\" \/>\n<meta name=\"author\" content=\"Bertrand Demandre\" \/>\n<meta name=\"twitter:card\" content=\"summary_large_image\" \/>\n<meta name=\"twitter:creator\" content=\"@Chaire_Ecodef\" \/>\n<meta name=\"twitter:site\" content=\"@Chaire_Ecodef\" \/>\n<meta name=\"twitter:label1\" content=\"Written by\" \/>\n\t<meta name=\"twitter:data1\" content=\"Bertrand Demandre\" \/>\n\t<meta name=\"twitter:label2\" content=\"Estimated reading time\" \/>\n\t<meta name=\"twitter:data2\" content=\"2 minutes\" \/>\n<script type=\"application\/ld+json\" class=\"yoast-schema-graph\">{\"@context\":\"https:\\\/\\\/schema.org\",\"@graph\":[{\"@type\":\"Article\",\"@id\":\"https:\\\/\\\/ecodef-ihedn.fr\\\/intervention-de-josselin-droff-et-de-julien-malizard-au-cems-air-9-mars\\\/#article\",\"isPartOf\":{\"@id\":\"https:\\\/\\\/ecodef-ihedn.fr\\\/intervention-de-josselin-droff-et-de-julien-malizard-au-cems-air-9-mars\\\/\"},\"author\":{\"name\":\"Bertrand Demandre\",\"@id\":\"https:\\\/\\\/ecodef-ihedn.fr\\\/#\\\/schema\\\/person\\\/1cdf22d028cebe278126a6e07a884d30\"},\"headline\":\"Intervention de Josselin Droff et de Julien Malizard au CEMS Air (9 mars 2022)\",\"datePublished\":\"2022-03-10T09:37:39+00:00\",\"dateModified\":\"2024-03-20T13:07:59+00:00\",\"mainEntityOfPage\":{\"@id\":\"https:\\\/\\\/ecodef-ihedn.fr\\\/intervention-de-josselin-droff-et-de-julien-malizard-au-cems-air-9-mars\\\/\"},\"wordCount\":239,\"commentCount\":0,\"publisher\":{\"@id\":\"https:\\\/\\\/ecodef-ihedn.fr\\\/#organization\"},\"image\":{\"@id\":\"https:\\\/\\\/ecodef-ihedn.fr\\\/intervention-de-josselin-droff-et-de-julien-malizard-au-cems-air-9-mars\\\/#primaryimage\"},\"thumbnailUrl\":\"https:\\\/\\\/ecodef-ihedn.fr\\\/wp-content\\\/uploads\\\/2022\\\/03\\\/cems_air_photo_09-03-2022-scaled.jpeg\",\"keywords\":[\"Base Industrielle et Technologique de D\u00e9fense\",\"BITD\",\"CEMS Air\",\"chaire \u00e9conomie de d\u00e9fense\",\"conf\u00e9rence\",\"\u00e9conomie de d\u00e9fense\",\"IHEDN\",\"Josselin Droff\",\"Julien Malizard\",\"Thierry Poignant\",\"Xavier Pa\u00eftard\"],\"articleSection\":[\"Activit\u00e9s\",\"Activit\u00e9s : participation de la Chaire \u00e0 un \u00e9v\u00e9nement\"],\"inLanguage\":\"en-GB\",\"potentialAction\":[{\"@type\":\"CommentAction\",\"name\":\"Comment\",\"target\":[\"https:\\\/\\\/ecodef-ihedn.fr\\\/intervention-de-josselin-droff-et-de-julien-malizard-au-cems-air-9-mars\\\/#respond\"]}]},{\"@type\":\"WebPage\",\"@id\":\"https:\\\/\\\/ecodef-ihedn.fr\\\/intervention-de-josselin-droff-et-de-julien-malizard-au-cems-air-9-mars\\\/\",\"url\":\"https:\\\/\\\/ecodef-ihedn.fr\\\/intervention-de-josselin-droff-et-de-julien-malizard-au-cems-air-9-mars\\\/\",\"name\":\"Intervention de Josselin Droff et de Julien Malizard au CEMS Air (9 mars 2022) - Chaire \u00c9conomie de d\u00e9fense - IHEDN\",\"isPartOf\":{\"@id\":\"https:\\\/\\\/ecodef-ihedn.fr\\\/#website\"},\"primaryImageOfPage\":{\"@id\":\"https:\\\/\\\/ecodef-ihedn.fr\\\/intervention-de-josselin-droff-et-de-julien-malizard-au-cems-air-9-mars\\\/#primaryimage\"},\"image\":{\"@id\":\"https:\\\/\\\/ecodef-ihedn.fr\\\/intervention-de-josselin-droff-et-de-julien-malizard-au-cems-air-9-mars\\\/#primaryimage\"},\"thumbnailUrl\":\"https:\\\/\\\/ecodef-ihedn.fr\\\/wp-content\\\/uploads\\\/2022\\\/03\\\/cems_air_photo_09-03-2022-scaled.jpeg\",\"datePublished\":\"2022-03-10T09:37:39+00:00\",\"dateModified\":\"2024-03-20T13:07:59+00:00\",\"breadcrumb\":{\"@id\":\"https:\\\/\\\/ecodef-ihedn.fr\\\/intervention-de-josselin-droff-et-de-julien-malizard-au-cems-air-9-mars\\\/#breadcrumb\"},\"inLanguage\":\"en-GB\",\"potentialAction\":[{\"@type\":\"ReadAction\",\"target\":[\"https:\\\/\\\/ecodef-ihedn.fr\\\/intervention-de-josselin-droff-et-de-julien-malizard-au-cems-air-9-mars\\\/\"]}]},{\"@type\":\"ImageObject\",\"inLanguage\":\"en-GB\",\"@id\":\"https:\\\/\\\/ecodef-ihedn.fr\\\/intervention-de-josselin-droff-et-de-julien-malizard-au-cems-air-9-mars\\\/#primaryimage\",\"url\":\"https:\\\/\\\/ecodef-ihedn.fr\\\/wp-content\\\/uploads\\\/2022\\\/03\\\/cems_air_photo_09-03-2022-scaled.jpeg\",\"contentUrl\":\"https:\\\/\\\/ecodef-ihedn.fr\\\/wp-content\\\/uploads\\\/2022\\\/03\\\/cems_air_photo_09-03-2022-scaled.jpeg\",\"width\":2560,\"height\":1579,\"caption\":\"Julien Malizard et Josselin Droff au CEMS Air (09 mars 2022)\"},{\"@type\":\"BreadcrumbList\",\"@id\":\"https:\\\/\\\/ecodef-ihedn.fr\\\/intervention-de-josselin-droff-et-de-julien-malizard-au-cems-air-9-mars\\\/#breadcrumb\",\"itemListElement\":[{\"@type\":\"ListItem\",\"position\":1,\"name\":\"Accueil\",\"item\":\"https:\\\/\\\/ecodef-ihedn.fr\\\/\"},{\"@type\":\"ListItem\",\"position\":2,\"name\":\"Intervention de Josselin Droff et de Julien Malizard au CEMS Air (9 mars 2022)\"}]},{\"@type\":\"WebSite\",\"@id\":\"https:\\\/\\\/ecodef-ihedn.fr\\\/#website\",\"url\":\"https:\\\/\\\/ecodef-ihedn.fr\\\/\",\"name\":\"Chaire \u00c9conomie de D\u00e9fense - IHEDN\",\"description\":\"Produire &amp; soutenir, f\u00e9d\u00e9rer &amp; diffuser, \u00eatre une interface\",\"publisher\":{\"@id\":\"https:\\\/\\\/ecodef-ihedn.fr\\\/#organization\"},\"potentialAction\":[{\"@type\":\"SearchAction\",\"target\":{\"@type\":\"EntryPoint\",\"urlTemplate\":\"https:\\\/\\\/ecodef-ihedn.fr\\\/?s={search_term_string}\"},\"query-input\":{\"@type\":\"PropertyValueSpecification\",\"valueRequired\":true,\"valueName\":\"search_term_string\"}}],\"inLanguage\":\"en-GB\"},{\"@type\":\"Organization\",\"@id\":\"https:\\\/\\\/ecodef-ihedn.fr\\\/#organization\",\"name\":\"Chaire \u00c9conomie de d\u00e9fense - IHEDN\",\"url\":\"https:\\\/\\\/ecodef-ihedn.fr\\\/\",\"logo\":{\"@type\":\"ImageObject\",\"inLanguage\":\"en-GB\",\"@id\":\"https:\\\/\\\/ecodef-ihedn.fr\\\/#\\\/schema\\\/logo\\\/image\\\/\",\"url\":\"https:\\\/\\\/ecodef-ihedn.fr\\\/wp-content\\\/uploads\\\/2020\\\/04\\\/logoEcodef9.jpg\",\"contentUrl\":\"https:\\\/\\\/ecodef-ihedn.fr\\\/wp-content\\\/uploads\\\/2020\\\/04\\\/logoEcodef9.jpg\",\"width\":410,\"height\":212,\"caption\":\"Chaire \u00c9conomie de d\u00e9fense - IHEDN\"},\"image\":{\"@id\":\"https:\\\/\\\/ecodef-ihedn.fr\\\/#\\\/schema\\\/logo\\\/image\\\/\"},\"sameAs\":[\"https:\\\/\\\/x.com\\\/Chaire_Ecodef\",\"https:\\\/\\\/www.linkedin.com\\\/company\\\/chaire-ecodef-ihedn\\\/\"]},{\"@type\":\"Person\",\"@id\":\"https:\\\/\\\/ecodef-ihedn.fr\\\/#\\\/schema\\\/person\\\/1cdf22d028cebe278126a6e07a884d30\",\"name\":\"Bertrand Demandre\",\"image\":{\"@type\":\"ImageObject\",\"inLanguage\":\"en-GB\",\"@id\":\"https:\\\/\\\/secure.gravatar.com\\\/avatar\\\/d9c9746d6c900ab5b9c0f9b1fa3932e369da923da247d624b8f7ab4ba8a3c093?s=96&d=mm&r=g\",\"url\":\"https:\\\/\\\/secure.gravatar.com\\\/avatar\\\/d9c9746d6c900ab5b9c0f9b1fa3932e369da923da247d624b8f7ab4ba8a3c093?s=96&d=mm&r=g\",\"contentUrl\":\"https:\\\/\\\/secure.gravatar.com\\\/avatar\\\/d9c9746d6c900ab5b9c0f9b1fa3932e369da923da247d624b8f7ab4ba8a3c093?s=96&d=mm&r=g\",\"caption\":\"Bertrand Demandre\"},\"url\":\"https:\\\/\\\/ecodef-ihedn.fr\\\/en\\\/author\\\/bertrand\\\/\"}]}<\/script>\n<!-- \/ Yoast SEO plugin. -->","yoast_head_json":{"title":"Intervention de Josselin Droff et de Julien Malizard au CEMS Air (9 mars 2022) - Chaire \u00c9conomie de d\u00e9fense - IHEDN","robots":{"index":"index","follow":"follow","max-snippet":"max-snippet:-1","max-image-preview":"max-image-preview:large","max-video-preview":"max-video-preview:-1"},"canonical":"https:\/\/ecodef-ihedn.fr\/en\/intervention-de-josselin-droff-et-de-julien-malizard-au-cems-air-9-mars\/","og_locale":"en_GB","og_type":"article","og_title":"Intervention de Josselin Droff et de Julien Malizard au CEMS Air (9 mars 2022) - Chaire \u00c9conomie de d\u00e9fense - IHEDN","og_description":"Josselin Droff et Julien Malizard, Chercheurs \u00e0 la Chaire, ont particip\u00e9 ce mercredi 9 mars \u00e0 une table ronde consacr\u00e9e \u00e0 l\u2019\u00e9conomie de d\u00e9fense et aux enjeux de la Base industrielle et technologique de d\u00e9fense (BITD) fran\u00e7aise, organis\u00e9e par le CEMS Air (Centre d&rsquo;enseignement militaire sup\u00e9rieur de l\u2019arm\u00e9e Air) \u00e0 l&rsquo;\u00c9cole militaire . Leur propos [&hellip;]","og_url":"https:\/\/ecodef-ihedn.fr\/en\/intervention-de-josselin-droff-et-de-julien-malizard-au-cems-air-9-mars\/","og_site_name":"Chaire \u00c9conomie de d\u00e9fense - IHEDN","article_published_time":"2022-03-10T09:37:39+00:00","article_modified_time":"2024-03-20T13:07:59+00:00","og_image":[{"width":2560,"height":1579,"url":"https:\/\/ecodef-ihedn.fr\/wp-content\/uploads\/2022\/03\/cems_air_photo_09-03-2022-scaled.jpeg","type":"image\/jpeg"}],"author":"Bertrand Demandre","twitter_card":"summary_large_image","twitter_creator":"@Chaire_Ecodef","twitter_site":"@Chaire_Ecodef","twitter_misc":{"Written by":"Bertrand Demandre","Estimated reading time":"2 minutes"},"schema":{"@context":"https:\/\/schema.org","@graph":[{"@type":"Article","@id":"https:\/\/ecodef-ihedn.fr\/intervention-de-josselin-droff-et-de-julien-malizard-au-cems-air-9-mars\/#article","isPartOf":{"@id":"https:\/\/ecodef-ihedn.fr\/intervention-de-josselin-droff-et-de-julien-malizard-au-cems-air-9-mars\/"},"author":{"name":"Bertrand Demandre","@id":"https:\/\/ecodef-ihedn.fr\/#\/schema\/person\/1cdf22d028cebe278126a6e07a884d30"},"headline":"Intervention de Josselin Droff et de Julien Malizard au CEMS Air (9 mars 2022)","datePublished":"2022-03-10T09:37:39+00:00","dateModified":"2024-03-20T13:07:59+00:00","mainEntityOfPage":{"@id":"https:\/\/ecodef-ihedn.fr\/intervention-de-josselin-droff-et-de-julien-malizard-au-cems-air-9-mars\/"},"wordCount":239,"commentCount":0,"publisher":{"@id":"https:\/\/ecodef-ihedn.fr\/#organization"},"image":{"@id":"https:\/\/ecodef-ihedn.fr\/intervention-de-josselin-droff-et-de-julien-malizard-au-cems-air-9-mars\/#primaryimage"},"thumbnailUrl":"https:\/\/ecodef-ihedn.fr\/wp-content\/uploads\/2022\/03\/cems_air_photo_09-03-2022-scaled.jpeg","keywords":["Base Industrielle et Technologique de D\u00e9fense","BITD","CEMS Air","chaire \u00e9conomie de d\u00e9fense","conf\u00e9rence","\u00e9conomie de d\u00e9fense","IHEDN","Josselin Droff","Julien Malizard","Thierry Poignant","Xavier Pa\u00eftard"],"articleSection":["Activit\u00e9s","Activit\u00e9s : participation de la Chaire \u00e0 un \u00e9v\u00e9nement"],"inLanguage":"en-GB","potentialAction":[{"@type":"CommentAction","name":"Comment","target":["https:\/\/ecodef-ihedn.fr\/intervention-de-josselin-droff-et-de-julien-malizard-au-cems-air-9-mars\/#respond"]}]},{"@type":"WebPage","@id":"https:\/\/ecodef-ihedn.fr\/intervention-de-josselin-droff-et-de-julien-malizard-au-cems-air-9-mars\/","url":"https:\/\/ecodef-ihedn.fr\/intervention-de-josselin-droff-et-de-julien-malizard-au-cems-air-9-mars\/","name":"Intervention de Josselin Droff et de Julien Malizard au CEMS Air (9 mars 2022) - Chaire \u00c9conomie de d\u00e9fense - IHEDN","isPartOf":{"@id":"https:\/\/ecodef-ihedn.fr\/#website"},"primaryImageOfPage":{"@id":"https:\/\/ecodef-ihedn.fr\/intervention-de-josselin-droff-et-de-julien-malizard-au-cems-air-9-mars\/#primaryimage"},"image":{"@id":"https:\/\/ecodef-ihedn.fr\/intervention-de-josselin-droff-et-de-julien-malizard-au-cems-air-9-mars\/#primaryimage"},"thumbnailUrl":"https:\/\/ecodef-ihedn.fr\/wp-content\/uploads\/2022\/03\/cems_air_photo_09-03-2022-scaled.jpeg","datePublished":"2022-03-10T09:37:39+00:00","dateModified":"2024-03-20T13:07:59+00:00","breadcrumb":{"@id":"https:\/\/ecodef-ihedn.fr\/intervention-de-josselin-droff-et-de-julien-malizard-au-cems-air-9-mars\/#breadcrumb"},"inLanguage":"en-GB","potentialAction":[{"@type":"ReadAction","target":["https:\/\/ecodef-ihedn.fr\/intervention-de-josselin-droff-et-de-julien-malizard-au-cems-air-9-mars\/"]}]},{"@type":"ImageObject","inLanguage":"en-GB","@id":"https:\/\/ecodef-ihedn.fr\/intervention-de-josselin-droff-et-de-julien-malizard-au-cems-air-9-mars\/#primaryimage","url":"https:\/\/ecodef-ihedn.fr\/wp-content\/uploads\/2022\/03\/cems_air_photo_09-03-2022-scaled.jpeg","contentUrl":"https:\/\/ecodef-ihedn.fr\/wp-content\/uploads\/2022\/03\/cems_air_photo_09-03-2022-scaled.jpeg","width":2560,"height":1579,"caption":"Julien Malizard et Josselin Droff au CEMS Air (09 mars 2022)"},{"@type":"BreadcrumbList","@id":"https:\/\/ecodef-ihedn.fr\/intervention-de-josselin-droff-et-de-julien-malizard-au-cems-air-9-mars\/#breadcrumb","itemListElement":[{"@type":"ListItem","position":1,"name":"Accueil","item":"https:\/\/ecodef-ihedn.fr\/"},{"@type":"ListItem","position":2,"name":"Intervention de Josselin Droff et de Julien Malizard au CEMS Air (9 mars 2022)"}]},{"@type":"WebSite","@id":"https:\/\/ecodef-ihedn.fr\/#website","url":"https:\/\/ecodef-ihedn.fr\/","name":"Chair in Defence Economics - IHEDN","description":"Produce &amp; support, federate &amp; disseminate, act as an interface","publisher":{"@id":"https:\/\/ecodef-ihedn.fr\/#organization"},"potentialAction":[{"@type":"SearchAction","target":{"@type":"EntryPoint","urlTemplate":"https:\/\/ecodef-ihedn.fr\/?s={search_term_string}"},"query-input":{"@type":"PropertyValueSpecification","valueRequired":true,"valueName":"search_term_string"}}],"inLanguage":"en-GB"},{"@type":"Organization","@id":"https:\/\/ecodef-ihedn.fr\/#organization","name":"Chair in Defence Economics - IHEDN","url":"https:\/\/ecodef-ihedn.fr\/","logo":{"@type":"ImageObject","inLanguage":"en-GB","@id":"https:\/\/ecodef-ihedn.fr\/#\/schema\/logo\/image\/","url":"https:\/\/ecodef-ihedn.fr\/wp-content\/uploads\/2020\/04\/logoEcodef9.jpg","contentUrl":"https:\/\/ecodef-ihedn.fr\/wp-content\/uploads\/2020\/04\/logoEcodef9.jpg","width":410,"height":212,"caption":"Chaire \u00c9conomie de d\u00e9fense - IHEDN"},"image":{"@id":"https:\/\/ecodef-ihedn.fr\/#\/schema\/logo\/image\/"},"sameAs":["https:\/\/x.com\/Chaire_Ecodef","https:\/\/www.linkedin.com\/company\/chaire-ecodef-ihedn\/"]},{"@type":"Person","@id":"https:\/\/ecodef-ihedn.fr\/#\/schema\/person\/1cdf22d028cebe278126a6e07a884d30","name":"Bertrand Demandre","image":{"@type":"ImageObject","inLanguage":"en-GB","@id":"https:\/\/secure.gravatar.com\/avatar\/d9c9746d6c900ab5b9c0f9b1fa3932e369da923da247d624b8f7ab4ba8a3c093?s=96&d=mm&r=g","url":"https:\/\/secure.gravatar.com\/avatar\/d9c9746d6c900ab5b9c0f9b1fa3932e369da923da247d624b8f7ab4ba8a3c093?s=96&d=mm&r=g","contentUrl":"https:\/\/secure.gravatar.com\/avatar\/d9c9746d6c900ab5b9c0f9b1fa3932e369da923da247d624b8f7ab4ba8a3c093?s=96&d=mm&r=g","caption":"Bertrand Demandre"},"url":"https:\/\/ecodef-ihedn.fr\/en\/author\/bertrand\/"}]}},"_links":{"self":[{"href":"https:\/\/ecodef-ihedn.fr\/en\/wp-json\/wp\/v2\/posts\/4457","targetHints":{"allow":["GET"]}}],"collection":[{"href":"https:\/\/ecodef-ihedn.fr\/en\/wp-json\/wp\/v2\/posts"}],"about":[{"href":"https:\/\/ecodef-ihedn.fr\/en\/wp-json\/wp\/v2\/types\/post"}],"author":[{"embeddable":true,"href":"https:\/\/ecodef-ihedn.fr\/en\/wp-json\/wp\/v2\/users\/2"}],"replies":[{"embeddable":true,"href":"https:\/\/ecodef-ihedn.fr\/en\/wp-json\/wp\/v2\/comments?post=4457"}],"version-history":[{"count":5,"href":"https:\/\/ecodef-ihedn.fr\/en\/wp-json\/wp\/v2\/posts\/4457\/revisions"}],"predecessor-version":[{"id":8314,"href":"https:\/\/ecodef-ihedn.fr\/en\/wp-json\/wp\/v2\/posts\/4457\/revisions\/8314"}],"wp:featuredmedia":[{"embeddable":true,"href":"https:\/\/ecodef-ihedn.fr\/en\/wp-json\/wp\/v2\/media\/4458"}],"wp:attachment":[{"href":"https:\/\/ecodef-ihedn.fr\/en\/wp-json\/wp\/v2\/media?parent=4457"}],"wp:term":[{"taxonomy":"category","embeddable":true,"href":"https:\/\/ecodef-ihedn.fr\/en\/wp-json\/wp\/v2\/categories?post=4457"},{"taxonomy":"post_tag","embeddable":true,"href":"https:\/\/ecodef-ihedn.fr\/en\/wp-json\/wp\/v2\/tags?post=4457"}],"curies":[{"name":"wp","href":"https:\/\/api.w.org\/{rel}","templated":true}]}}